{"id":1909,"date":"2018-06-13T07:00:00","date_gmt":"2018-06-13T10:00:00","guid":{"rendered":"https:\/\/mhcalculos.com.br\/noticias\/2018\/06\/13\/tst-advogados-aprovados-em-concurso-publico-da-cef-tem-reconhecido-direito-a-posse\/"},"modified":"2021-07-28T14:34:42","modified_gmt":"2021-07-28T17:34:42","slug":"tst-advogados-aprovados-em-concurso-publico-da-cef-tem-reconhecido-direito-a-posse","status":"publish","type":"post","link":"https:\/\/mhcalculos.com.br\/noticias\/area\/trabalhista\/tst-advogados-aprovados-em-concurso-publico-da-cef-tem-reconhecido-direito-a-posse.html","title":{"rendered":"TST: Advogados aprovados em concurso p\u00fablico da CEF t\u00eam reconhecido direito a posse"},"content":{"rendered":"<p><br \/>\n  <\/p>\n<p >Quatro aprovados em concurso p\u00fablico para cadastro de reserva no cargo de advogado j\u00fanior da Caixa Econ\u00f4mica Federal (CEF) tiveram seu direito \u00e0 nomea\u00e7\u00e3o reconhecido pela S\u00e9tima Turma do Tribunal Superior do Trabalho. A decis\u00e3o leva em conta que, no prazo de validade do concurso, a CEF contratou terceiros para o exerc\u00edcio das fun\u00e7\u00f5es.<\/p>\n<p >Os advogados propuseram a\u00e7\u00e3o trabalhista afirmando que a CEF estava terceirizando os servi\u00e7os de advocacia em detrimento da contrata\u00e7\u00e3o dos candidatos aprovados no concurso.<\/p>\n<p >A CEF, em sua defesa, sustentou a legalidade das contrata\u00e7\u00f5es, argumentando que o concurso se destinava \u00e0 forma\u00e7\u00e3o de cadastro de reserva. Nestas circunst\u00e2ncias, a convoca\u00e7\u00e3o dos candidatos aprovados se d\u00e1 conforme as necessidades da empresa e a disponibilidade das vagas. Tamb\u00e9m negou que tivesse havido preteri\u00e7\u00e3o dos candidatos, alegando que foram contratados escrit\u00f3rios e advocacia, e n\u00e3o advogados pessoas f\u00edsicas.<\/p>\n<p >O Tribunal Regional do Trabalho da 12\u00aa regi\u00e3o (SC), reformando senten\u00e7a do ju\u00edzo da 5\u00aa Vara do Trabalho de Florian\u00f3polis (SC), entendeu que a contrata\u00e7\u00e3o de escrit\u00f3rio de advocacia n\u00e3o poderia ser confundida com a exist\u00eancia de vagas nos quadros da institui\u00e7\u00e3o banc\u00e1ria. Segundo o TRT, por se tratar de empresa p\u00fablica federal, qualquer aumento no efetivo da CEF estaria atrelado \u00e0 pr\u00e9via aprova\u00e7\u00e3o or\u00e7ament\u00e1ria pelo Minist\u00e9rio do Or\u00e7amento, Planejamento e Gest\u00e3o. Assim, n\u00e3o existiriam as vagas pretendidas pelos advogados.<\/p>\n<p >O relator, ministro Cl\u00e1udio Brand\u00e3o, observou ser incontroverso o fato de que a CEF, ap\u00f3s a realiza\u00e7\u00e3o do concurso e dentro do prazo de validade do certame, contratou terceirizados para a presta\u00e7\u00e3o de servi\u00e7os advocat\u00edcios. Dessa forma, entendeu que a mera expectativa de direito gerado com a aprova\u00e7\u00e3o para o cadastro de reserva se transformou em direito subjetivo, diante da ilegalidade das contrata\u00e7\u00f5es.<\/p>\n<p >Para o relator, a decis\u00e3o do TRT est\u00e1 em discord\u00e2ncia com a jurisprud\u00eancia do Supremo Tribunal Federal (STF), do Superior Tribunal de Justi\u00e7a (STJ) e do pr\u00f3prio TST que garante o direito l\u00edquido e certo \u00e0 nomea\u00e7\u00e3o para os candidatos aprovados em concurso p\u00fablico cujas vagas foram ocupadas de forma prec\u00e1ria por terceirizados.<\/p>\n<p >A decis\u00e3o foi un\u00e2nime.<\/p>\n<p >(DA\/CF)<\/p>\n<p >Processo:&nbsp;<a href=\"http:\/\/aplicacao4.tst.jus.br\/consultaProcessual\/resumoForm.do?consulta=1&amp;numeroInt=128781&amp;anoInt=2015\">RR-634-76.2013.5.12.0035<\/a><\/p>\n<p> O TST possui oito Turmas, cada uma composta por tr\u00eas ministros, com a atribui\u00e7\u00e3o de analisar recursos de revista, agravos, agravos de instrumento, agravos regimentais e recursos ordin\u00e1rios em a\u00e7\u00e3o cautelar. Das decis\u00f5es das Turmas, a parte ainda pode, em alguns casos, recorrer \u00e0 Subse\u00e7\u00e3o I Especializada em Diss\u00eddios Individuais (SBDI-1). <strong>Esta mat\u00e9ria tem car\u00e1ter informativo, sem cunho oficial.<br \/> Permitida a reprodu\u00e7\u00e3o mediante cita\u00e7\u00e3o da fonte.<br \/> Secretaria de Comunica\u00e7\u00e3o Social<br \/> Tribunal Superior do Trabalho<br \/> Tel. (61) 3043-4907<br \/> <a href=\"mailto:secom@tst.jus.br\">secom@tst.jus.br<\/a><\/strong>       <\/br><br \/>\n<br \/><i>Com informa\u00e7\u00f5es da assessoria de imprensa do TST.<\/i><br \/>\n<br \/><a href=\"http:\/\/www.tst.jus.br\/web\/guest\/noticias?p_p_id=89Dk&#038;p_p_lifecycle=0&#038;refererPlid=10730&#038;_89Dk_struts_action=%2Fjournal_content%2Fview&#038;_89Dk_groupId=10157&#038;_89Dk_articleId=24597880\">Fonte<\/a><br \/>\n<br \/><\/p>\n","protected":false},"excerpt":{"rendered":"<p>Quatro aprovados em concurso p\u00fablico para cadastro de reserva no cargo de advogado j\u00fanior da Caixa Econ\u00f4mica Federal (CEF) tiveram seu direito \u00e0 nomea\u00e7\u00e3o reconhecido pela S\u00e9tima Turma do Tribunal Superior do Trabalho. A decis\u00e3o leva em conta que, no prazo de validade do concurso, a CEF contratou terceiros para o exerc\u00edcio das fun\u00e7\u00f5es. Os [&hellip;]<\/p>\n","protected":false},"author":3063,"featured_media":1910,"comment_status":"open","ping_status":"open","sticky":false,"template":"","format":"standard","meta":{"footnotes":""},"categories":[3,21],"tags":[33,216,9,12,217,215],"class_list":{"0":"post-1909","1":"post","2":"type-post","3":"status-publish","4":"format-standard","5":"has-post-thumbnail","7":"category-trabalhista","8":"category-tst","9":"tag-calculos-trabalhistas","10":"tag-direito-trabalhista","11":"tag-pericia","12":"tag-perito","13":"tag-trabalho","14":"tag-tst"},"yoast_head":"<!-- This site is optimized with the Yoast SEO plugin v27.2 - https:\/\/yoast.com\/product\/yoast-seo-wordpress\/ -->\n<title>TST: Advogados aprovados em concurso p\u00fablico da CEF t\u00eam reconhecido direito a posse | Portal de Not\u00edcias<\/title>\n<meta name=\"robots\" content=\"index, follow, max-snippet:-1, max-image-preview:large, max-video-preview:-1\" \/>\n<link rel=\"canonical\" href=\"https:\/\/mhcalculos.com.br\/noticias\/area\/trabalhista\/tst-advogados-aprovados-em-concurso-publico-da-cef-tem-reconhecido-direito-a-posse.html\" \/>\n<meta property=\"og:locale\" content=\"pt_BR\" \/>\n<meta property=\"og:type\" content=\"article\" \/>\n<meta property=\"og:title\" content=\"TST: Advogados aprovados em concurso p\u00fablico da CEF t\u00eam reconhecido direito a posse | Portal de Not\u00edcias\" \/>\n<meta property=\"og:description\" content=\"Quatro aprovados em concurso p\u00fablico para cadastro de reserva no cargo de advogado j\u00fanior da Caixa Econ\u00f4mica Federal (CEF) tiveram seu direito \u00e0 nomea\u00e7\u00e3o reconhecido pela S\u00e9tima Turma do Tribunal Superior do Trabalho. A decis\u00e3o leva em conta que, no prazo de validade do concurso, a CEF contratou terceiros para o exerc\u00edcio das fun\u00e7\u00f5es. Os [&hellip;]\" \/>\n<meta property=\"og:url\" content=\"https:\/\/mhcalculos.com.br\/noticias\/area\/trabalhista\/tst-advogados-aprovados-em-concurso-publico-da-cef-tem-reconhecido-direito-a-posse.html\" \/>\n<meta property=\"og:site_name\" content=\"Portal de Not\u00edcias\" \/>\n<meta property=\"article:published_time\" content=\"2018-06-13T10:00:00+00:00\" \/>\n<meta property=\"article:modified_time\" content=\"2021-07-28T17:34:42+00:00\" \/>\n<meta property=\"og:image\" content=\"https:\/\/mhcalculos.com.br\/noticias\/wp-content\/uploads\/sites\/2\/2018\/06\/judiciario-0017.jpg\" \/>\n\t<meta property=\"og:image:width\" content=\"2000\" \/>\n\t<meta property=\"og:image:height\" content=\"800\" \/>\n\t<meta property=\"og:image:type\" content=\"image\/jpeg\" \/>\n<meta name=\"author\" content=\"Equipe MH\" \/>\n<meta name=\"twitter:card\" content=\"summary_large_image\" \/>\n<meta name=\"twitter:label1\" content=\"Escrito por\" \/>\n\t<meta name=\"twitter:data1\" content=\"Equipe MH\" \/>\n\t<meta name=\"twitter:label2\" content=\"Est. tempo de leitura\" \/>\n\t<meta name=\"twitter:data2\" content=\"3 minutos\" \/>\n<script type=\"application\/ld+json\" class=\"yoast-schema-graph\">{\"@context\":\"https:\/\/schema.org\",\"@graph\":[{\"@type\":\"Article\",\"@id\":\"https:\/\/mhcalculos.com.br\/noticias\/area\/trabalhista\/tst-advogados-aprovados-em-concurso-publico-da-cef-tem-reconhecido-direito-a-posse.html#article\",\"isPartOf\":{\"@id\":\"https:\/\/mhcalculos.com.br\/noticias\/area\/trabalhista\/tst-advogados-aprovados-em-concurso-publico-da-cef-tem-reconhecido-direito-a-posse.html\"},\"author\":{\"name\":\"Equipe MH\",\"@id\":\"https:\/\/mhcalculos.com.br\/noticias\/#\/schema\/person\/88d1c34bf72dc779ea14a5a6b8e0ae8d\"},\"headline\":\"TST: Advogados aprovados em concurso p\u00fablico da CEF t\u00eam reconhecido direito a posse\",\"datePublished\":\"2018-06-13T10:00:00+00:00\",\"dateModified\":\"2021-07-28T17:34:42+00:00\",\"mainEntityOfPage\":{\"@id\":\"https:\/\/mhcalculos.com.br\/noticias\/area\/trabalhista\/tst-advogados-aprovados-em-concurso-publico-da-cef-tem-reconhecido-direito-a-posse.html\"},\"wordCount\":516,\"commentCount\":0,\"image\":{\"@id\":\"https:\/\/mhcalculos.com.br\/noticias\/area\/trabalhista\/tst-advogados-aprovados-em-concurso-publico-da-cef-tem-reconhecido-direito-a-posse.html#primaryimage\"},\"thumbnailUrl\":\"https:\/\/mhcalculos.com.br\/noticias\/wp-content\/uploads\/sites\/2\/2018\/06\/judiciario-0017.jpg\",\"keywords\":[\"c\u00e1lculos trabalhistas\",\"direito trabalhista\",\"per\u00edcia\",\"perito\",\"trabalho\",\"TST\"],\"articleSection\":[\"Direito Trabalhista\",\"TST\"],\"inLanguage\":\"pt-BR\",\"potentialAction\":[{\"@type\":\"CommentAction\",\"name\":\"Comment\",\"target\":[\"https:\/\/mhcalculos.com.br\/noticias\/area\/trabalhista\/tst-advogados-aprovados-em-concurso-publico-da-cef-tem-reconhecido-direito-a-posse.html#respond\"]}]},{\"@type\":\"WebPage\",\"@id\":\"https:\/\/mhcalculos.com.br\/noticias\/area\/trabalhista\/tst-advogados-aprovados-em-concurso-publico-da-cef-tem-reconhecido-direito-a-posse.html\",\"url\":\"https:\/\/mhcalculos.com.br\/noticias\/area\/trabalhista\/tst-advogados-aprovados-em-concurso-publico-da-cef-tem-reconhecido-direito-a-posse.html\",\"name\":\"TST: Advogados aprovados em concurso p\u00fablico da CEF t\u00eam reconhecido direito a posse | Portal de Not\u00edcias\",\"isPartOf\":{\"@id\":\"https:\/\/mhcalculos.com.br\/noticias\/#website\"},\"primaryImageOfPage\":{\"@id\":\"https:\/\/mhcalculos.com.br\/noticias\/area\/trabalhista\/tst-advogados-aprovados-em-concurso-publico-da-cef-tem-reconhecido-direito-a-posse.html#primaryimage\"},\"image\":{\"@id\":\"https:\/\/mhcalculos.com.br\/noticias\/area\/trabalhista\/tst-advogados-aprovados-em-concurso-publico-da-cef-tem-reconhecido-direito-a-posse.html#primaryimage\"},\"thumbnailUrl\":\"https:\/\/mhcalculos.com.br\/noticias\/wp-content\/uploads\/sites\/2\/2018\/06\/judiciario-0017.jpg\",\"datePublished\":\"2018-06-13T10:00:00+00:00\",\"dateModified\":\"2021-07-28T17:34:42+00:00\",\"author\":{\"@id\":\"https:\/\/mhcalculos.com.br\/noticias\/#\/schema\/person\/88d1c34bf72dc779ea14a5a6b8e0ae8d\"},\"breadcrumb\":{\"@id\":\"https:\/\/mhcalculos.com.br\/noticias\/area\/trabalhista\/tst-advogados-aprovados-em-concurso-publico-da-cef-tem-reconhecido-direito-a-posse.html#breadcrumb\"},\"inLanguage\":\"pt-BR\",\"potentialAction\":[{\"@type\":\"ReadAction\",\"target\":[\"https:\/\/mhcalculos.com.br\/noticias\/area\/trabalhista\/tst-advogados-aprovados-em-concurso-publico-da-cef-tem-reconhecido-direito-a-posse.html\"]}]},{\"@type\":\"ImageObject\",\"inLanguage\":\"pt-BR\",\"@id\":\"https:\/\/mhcalculos.com.br\/noticias\/area\/trabalhista\/tst-advogados-aprovados-em-concurso-publico-da-cef-tem-reconhecido-direito-a-posse.html#primaryimage\",\"url\":\"https:\/\/mhcalculos.com.br\/noticias\/wp-content\/uploads\/sites\/2\/2018\/06\/judiciario-0017.jpg\",\"contentUrl\":\"https:\/\/mhcalculos.com.br\/noticias\/wp-content\/uploads\/sites\/2\/2018\/06\/judiciario-0017.jpg\",\"width\":2000,\"height\":800},{\"@type\":\"BreadcrumbList\",\"@id\":\"https:\/\/mhcalculos.com.br\/noticias\/area\/trabalhista\/tst-advogados-aprovados-em-concurso-publico-da-cef-tem-reconhecido-direito-a-posse.html#breadcrumb\",\"itemListElement\":[{\"@type\":\"ListItem\",\"position\":1,\"name\":\"In\u00edcio\",\"item\":\"https:\/\/mhcalculos.com.br\/noticias\/\"},{\"@type\":\"ListItem\",\"position\":2,\"name\":\"TST: Advogados aprovados em concurso p\u00fablico da CEF t\u00eam reconhecido direito a posse\"}]},{\"@type\":\"WebSite\",\"@id\":\"https:\/\/mhcalculos.com.br\/noticias\/#website\",\"url\":\"https:\/\/mhcalculos.com.br\/noticias\/\",\"name\":\"Portal de Not\u00edcias\",\"description\":\"Not\u00edcias e Jurisprud\u00eancia\",\"potentialAction\":[{\"@type\":\"SearchAction\",\"target\":{\"@type\":\"EntryPoint\",\"urlTemplate\":\"https:\/\/mhcalculos.com.br\/noticias\/?s={search_term_string}\"},\"query-input\":{\"@type\":\"PropertyValueSpecification\",\"valueRequired\":true,\"valueName\":\"search_term_string\"}}],\"inLanguage\":\"pt-BR\"},{\"@type\":\"Person\",\"@id\":\"https:\/\/mhcalculos.com.br\/noticias\/#\/schema\/person\/88d1c34bf72dc779ea14a5a6b8e0ae8d\",\"name\":\"Equipe MH\",\"image\":{\"@type\":\"ImageObject\",\"inLanguage\":\"pt-BR\",\"@id\":\"https:\/\/secure.gravatar.com\/avatar\/de1c686c2ecc9c5a3f327e3431d819eb39f8f05d4e1045f5a1caad6daaba987f?s=96&d=mm&r=g\",\"url\":\"https:\/\/secure.gravatar.com\/avatar\/de1c686c2ecc9c5a3f327e3431d819eb39f8f05d4e1045f5a1caad6daaba987f?s=96&d=mm&r=g\",\"contentUrl\":\"https:\/\/secure.gravatar.com\/avatar\/de1c686c2ecc9c5a3f327e3431d819eb39f8f05d4e1045f5a1caad6daaba987f?s=96&d=mm&r=g\",\"caption\":\"Equipe MH\"}}]}<\/script>\n<!-- \/ Yoast SEO plugin. -->","yoast_head_json":{"title":"TST: Advogados aprovados em concurso p\u00fablico da CEF t\u00eam reconhecido direito a posse | Portal de Not\u00edcias","robots":{"index":"index","follow":"follow","max-snippet":"max-snippet:-1","max-image-preview":"max-image-preview:large","max-video-preview":"max-video-preview:-1"},"canonical":"https:\/\/mhcalculos.com.br\/noticias\/area\/trabalhista\/tst-advogados-aprovados-em-concurso-publico-da-cef-tem-reconhecido-direito-a-posse.html","og_locale":"pt_BR","og_type":"article","og_title":"TST: Advogados aprovados em concurso p\u00fablico da CEF t\u00eam reconhecido direito a posse | Portal de Not\u00edcias","og_description":"Quatro aprovados em concurso p\u00fablico para cadastro de reserva no cargo de advogado j\u00fanior da Caixa Econ\u00f4mica Federal (CEF) tiveram seu direito \u00e0 nomea\u00e7\u00e3o reconhecido pela S\u00e9tima Turma do Tribunal Superior do Trabalho. A decis\u00e3o leva em conta que, no prazo de validade do concurso, a CEF contratou terceiros para o exerc\u00edcio das fun\u00e7\u00f5es. Os [&hellip;]","og_url":"https:\/\/mhcalculos.com.br\/noticias\/area\/trabalhista\/tst-advogados-aprovados-em-concurso-publico-da-cef-tem-reconhecido-direito-a-posse.html","og_site_name":"Portal de Not\u00edcias","article_published_time":"2018-06-13T10:00:00+00:00","article_modified_time":"2021-07-28T17:34:42+00:00","og_image":[{"width":2000,"height":800,"url":"https:\/\/mhcalculos.com.br\/noticias\/wp-content\/uploads\/sites\/2\/2018\/06\/judiciario-0017.jpg","type":"image\/jpeg"}],"author":"Equipe MH","twitter_card":"summary_large_image","twitter_misc":{"Escrito por":"Equipe MH","Est. tempo de leitura":"3 minutos"},"schema":{"@context":"https:\/\/schema.org","@graph":[{"@type":"Article","@id":"https:\/\/mhcalculos.com.br\/noticias\/area\/trabalhista\/tst-advogados-aprovados-em-concurso-publico-da-cef-tem-reconhecido-direito-a-posse.html#article","isPartOf":{"@id":"https:\/\/mhcalculos.com.br\/noticias\/area\/trabalhista\/tst-advogados-aprovados-em-concurso-publico-da-cef-tem-reconhecido-direito-a-posse.html"},"author":{"name":"Equipe MH","@id":"https:\/\/mhcalculos.com.br\/noticias\/#\/schema\/person\/88d1c34bf72dc779ea14a5a6b8e0ae8d"},"headline":"TST: Advogados aprovados em concurso p\u00fablico da CEF t\u00eam reconhecido direito a posse","datePublished":"2018-06-13T10:00:00+00:00","dateModified":"2021-07-28T17:34:42+00:00","mainEntityOfPage":{"@id":"https:\/\/mhcalculos.com.br\/noticias\/area\/trabalhista\/tst-advogados-aprovados-em-concurso-publico-da-cef-tem-reconhecido-direito-a-posse.html"},"wordCount":516,"commentCount":0,"image":{"@id":"https:\/\/mhcalculos.com.br\/noticias\/area\/trabalhista\/tst-advogados-aprovados-em-concurso-publico-da-cef-tem-reconhecido-direito-a-posse.html#primaryimage"},"thumbnailUrl":"https:\/\/mhcalculos.com.br\/noticias\/wp-content\/uploads\/sites\/2\/2018\/06\/judiciario-0017.jpg","keywords":["c\u00e1lculos trabalhistas","direito trabalhista","per\u00edcia","perito","trabalho","TST"],"articleSection":["Direito Trabalhista","TST"],"inLanguage":"pt-BR","potentialAction":[{"@type":"CommentAction","name":"Comment","target":["https:\/\/mhcalculos.com.br\/noticias\/area\/trabalhista\/tst-advogados-aprovados-em-concurso-publico-da-cef-tem-reconhecido-direito-a-posse.html#respond"]}]},{"@type":"WebPage","@id":"https:\/\/mhcalculos.com.br\/noticias\/area\/trabalhista\/tst-advogados-aprovados-em-concurso-publico-da-cef-tem-reconhecido-direito-a-posse.html","url":"https:\/\/mhcalculos.com.br\/noticias\/area\/trabalhista\/tst-advogados-aprovados-em-concurso-publico-da-cef-tem-reconhecido-direito-a-posse.html","name":"TST: Advogados aprovados em concurso p\u00fablico da CEF t\u00eam reconhecido direito a posse | Portal de Not\u00edcias","isPartOf":{"@id":"https:\/\/mhcalculos.com.br\/noticias\/#website"},"primaryImageOfPage":{"@id":"https:\/\/mhcalculos.com.br\/noticias\/area\/trabalhista\/tst-advogados-aprovados-em-concurso-publico-da-cef-tem-reconhecido-direito-a-posse.html#primaryimage"},"image":{"@id":"https:\/\/mhcalculos.com.br\/noticias\/area\/trabalhista\/tst-advogados-aprovados-em-concurso-publico-da-cef-tem-reconhecido-direito-a-posse.html#primaryimage"},"thumbnailUrl":"https:\/\/mhcalculos.com.br\/noticias\/wp-content\/uploads\/sites\/2\/2018\/06\/judiciario-0017.jpg","datePublished":"2018-06-13T10:00:00+00:00","dateModified":"2021-07-28T17:34:42+00:00","author":{"@id":"https:\/\/mhcalculos.com.br\/noticias\/#\/schema\/person\/88d1c34bf72dc779ea14a5a6b8e0ae8d"},"breadcrumb":{"@id":"https:\/\/mhcalculos.com.br\/noticias\/area\/trabalhista\/tst-advogados-aprovados-em-concurso-publico-da-cef-tem-reconhecido-direito-a-posse.html#breadcrumb"},"inLanguage":"pt-BR","potentialAction":[{"@type":"ReadAction","target":["https:\/\/mhcalculos.com.br\/noticias\/area\/trabalhista\/tst-advogados-aprovados-em-concurso-publico-da-cef-tem-reconhecido-direito-a-posse.html"]}]},{"@type":"ImageObject","inLanguage":"pt-BR","@id":"https:\/\/mhcalculos.com.br\/noticias\/area\/trabalhista\/tst-advogados-aprovados-em-concurso-publico-da-cef-tem-reconhecido-direito-a-posse.html#primaryimage","url":"https:\/\/mhcalculos.com.br\/noticias\/wp-content\/uploads\/sites\/2\/2018\/06\/judiciario-0017.jpg","contentUrl":"https:\/\/mhcalculos.com.br\/noticias\/wp-content\/uploads\/sites\/2\/2018\/06\/judiciario-0017.jpg","width":2000,"height":800},{"@type":"BreadcrumbList","@id":"https:\/\/mhcalculos.com.br\/noticias\/area\/trabalhista\/tst-advogados-aprovados-em-concurso-publico-da-cef-tem-reconhecido-direito-a-posse.html#breadcrumb","itemListElement":[{"@type":"ListItem","position":1,"name":"In\u00edcio","item":"https:\/\/mhcalculos.com.br\/noticias\/"},{"@type":"ListItem","position":2,"name":"TST: Advogados aprovados em concurso p\u00fablico da CEF t\u00eam reconhecido direito a posse"}]},{"@type":"WebSite","@id":"https:\/\/mhcalculos.com.br\/noticias\/#website","url":"https:\/\/mhcalculos.com.br\/noticias\/","name":"Portal de Not\u00edcias","description":"Not\u00edcias e Jurisprud\u00eancia","potentialAction":[{"@type":"SearchAction","target":{"@type":"EntryPoint","urlTemplate":"https:\/\/mhcalculos.com.br\/noticias\/?s={search_term_string}"},"query-input":{"@type":"PropertyValueSpecification","valueRequired":true,"valueName":"search_term_string"}}],"inLanguage":"pt-BR"},{"@type":"Person","@id":"https:\/\/mhcalculos.com.br\/noticias\/#\/schema\/person\/88d1c34bf72dc779ea14a5a6b8e0ae8d","name":"Equipe MH","image":{"@type":"ImageObject","inLanguage":"pt-BR","@id":"https:\/\/secure.gravatar.com\/avatar\/de1c686c2ecc9c5a3f327e3431d819eb39f8f05d4e1045f5a1caad6daaba987f?s=96&d=mm&r=g","url":"https:\/\/secure.gravatar.com\/avatar\/de1c686c2ecc9c5a3f327e3431d819eb39f8f05d4e1045f5a1caad6daaba987f?s=96&d=mm&r=g","contentUrl":"https:\/\/secure.gravatar.com\/avatar\/de1c686c2ecc9c5a3f327e3431d819eb39f8f05d4e1045f5a1caad6daaba987f?s=96&d=mm&r=g","caption":"Equipe MH"}}]}},"_links":{"self":[{"href":"https:\/\/mhcalculos.com.br\/noticias\/wp-json\/wp\/v2\/posts\/1909","targetHints":{"allow":["GET"]}}],"collection":[{"href":"https:\/\/mhcalculos.com.br\/noticias\/wp-json\/wp\/v2\/posts"}],"about":[{"href":"https:\/\/mhcalculos.com.br\/noticias\/wp-json\/wp\/v2\/types\/post"}],"author":[{"embeddable":true,"href":"https:\/\/mhcalculos.com.br\/noticias\/wp-json\/wp\/v2\/users\/3063"}],"replies":[{"embeddable":true,"href":"https:\/\/mhcalculos.com.br\/noticias\/wp-json\/wp\/v2\/comments?post=1909"}],"version-history":[{"count":1,"href":"https:\/\/mhcalculos.com.br\/noticias\/wp-json\/wp\/v2\/posts\/1909\/revisions"}],"predecessor-version":[{"id":10405,"href":"https:\/\/mhcalculos.com.br\/noticias\/wp-json\/wp\/v2\/posts\/1909\/revisions\/10405"}],"wp:featuredmedia":[{"embeddable":true,"href":"https:\/\/mhcalculos.com.br\/noticias\/wp-json\/wp\/v2\/media\/1910"}],"wp:attachment":[{"href":"https:\/\/mhcalculos.com.br\/noticias\/wp-json\/wp\/v2\/media?parent=1909"}],"wp:term":[{"taxonomy":"category","embeddable":true,"href":"https:\/\/mhcalculos.com.br\/noticias\/wp-json\/wp\/v2\/categories?post=1909"},{"taxonomy":"post_tag","embeddable":true,"href":"https:\/\/mhcalculos.com.br\/noticias\/wp-json\/wp\/v2\/tags?post=1909"}],"curies":[{"name":"wp","href":"https:\/\/api.w.org\/{rel}","templated":true}]}}