{"id":1841,"date":"2018-06-10T18:07:00","date_gmt":"2018-06-10T21:07:00","guid":{"rendered":"https:\/\/mhcalculos.com.br\/noticias\/2018\/06\/10\/tribunal-tribunal-julga-nesta-segunda-feira-11-dissidios-coletivos-de-quatro-estatais\/"},"modified":"2021-07-28T14:34:44","modified_gmt":"2021-07-28T17:34:44","slug":"tst-tribunal-julga-nesta-segunda-feira-11-dissidios-coletivos-de-quatro-estatais","status":"publish","type":"post","link":"https:\/\/mhcalculos.com.br\/noticias\/area\/trabalhista\/tst-tribunal-julga-nesta-segunda-feira-11-dissidios-coletivos-de-quatro-estatais.html","title":{"rendered":"TST: Tribunal julga nesta segunda-feira (11) diss\u00eddios coletivos de quatro estatais"},"content":{"rendered":"<p><br \/>\n  <\/p>\n<p >A Se\u00e7\u00e3o Especializada em Diss\u00eddios Coletivos (SC) do Tribunal Superior do Trabalho dever\u00e1 definir, nesta segunda-feira (11), os \u00edndices de reajuste aplic\u00e1veis a empregados de quatro estatais: a Companhia Brasileira de Trens Urbanos (CBTU), a VALEC Engenharia, Constru\u00e7\u00f5es e Ferrovias S.A., a Empresa Brasileira de Pesquisa Agropecu\u00e1ria (Embrapa) e a Companhia de Desenvolvimento dos Vales do S\u00e3o Francisco e do Parna\u00edba (Codevasf). A sess\u00e3o de julgamento se inicia \u00e0s 14h, com transmiss\u00e3o ao vivo pelo Portal do TST e pelo canal do TST no YouTube.<\/p>\n<p >Os reajustes dizem respeito \u00e0 data-base de 2017, que, para as quatro categorias, \u00e9 1\u00ba de maio. Durante o ano passado, a Vice-Presid\u00eancia do TST empenhou-se na busca de uma solu\u00e7\u00e3o conciliada com os sindicatos, com a dire\u00e7\u00e3o das empresas e com \u00f3rg\u00e3os governamentais, especialmente a Secretaria de Coordena\u00e7\u00e3o e Governan\u00e7a das Empresas Estatais (SEST) e o Minist\u00e9rio do Planejamento, Or\u00e7amento e Gest\u00e3o (MPOG).<\/p>\n<p >Como resultado dessa interlocu\u00e7\u00e3o, foram firmados acordos que garantiram a manuten\u00e7\u00e3o das cl\u00e1usulas sociais, que abrangem aux\u00edlios diversos e benef\u00edcios espec\u00edficos. No entanto, n\u00e3o houve consenso em rela\u00e7\u00e3o \u00e0s cl\u00e1usulas econ\u00f4micas, ficando a decis\u00e3o sobre o reajuste salarial para julgamento da SDC.<\/p>\n<p ><strong>Di\u00e1logo<\/strong><\/p>\n<p >As negocia\u00e7\u00f5es com as quatro estatais e seus empregados prosseguem no TST, agora envolvendo a data-base vencida em 1\u00ba\/5\/2018. Em abril, o vice-presidente do TST, ministro Renato de Lacerda Paiva, reuniu-se com o ministro do Planejamento, Esteves Colnago, e com os diretores da SEST, \u00f3rg\u00e3o respons\u00e1vel por autorizar a celebra\u00e7\u00e3o de acordos coletivos pelas estatais. Para o ministro, o di\u00e1logo entre os \u00f3rg\u00e3os colabora para a solu\u00e7\u00e3o de conflitos coletivos que envolvem as estatais da Uni\u00e3o e pode evitar greves que afetam toda a sociedade.<\/p>\n<p >(CF\/Secom\/TST)<\/p>\n<p >Leia mais:<\/p>\n<p>20\/9\/2017 &#8211; <a href=\"http:\/\/www.tst.jus.br\/noticias\/-\/asset_publisher\/89Dk\/content\/ferroviarios-metroviarios-e-cbtu-homologam-acordo-no-tst-que-mantem-clausulas-sociais?inheritRedirect=false\" target=\"_blank\" rel=\"noopener\">Ferrovi\u00e1rios, metrovi\u00e1rios e CBTU homologam acordo no TST que mant\u00e9m cl\u00e1usulas sociais<\/a><\/p>\n<p>5\/12\/2017 &#8211; <a href=\"http:\/\/www.tst.jus.br\/noticias\/-\/asset_publisher\/89Dk\/content\/id\/24487427\" target=\"_blank\" rel=\"noopener\">Valec firma com ferrovi\u00e1rios acordo coletivo proposto pela Vice-Presid\u00eancia do TST<\/a><\/p>\n<p>18\/12\/2017 &#8211; <a href=\"http:\/\/www.tst.jus.br\/noticias\/-\/asset_publisher\/89Dk\/content\/codevasf-e-empregados-assinam-acordo-coletivo-sobre-clausulas-sociais?inheritRedirect=false\" target=\"_blank\" rel=\"noopener\">Codevasf e empregados assinam acordo coletivo sobre cl\u00e1usulas sociais<\/a><\/p>\n<p>19\/12\/2017 &#8211; <a href=\"http:\/\/www.tst.jus.br\/noticias\/-\/asset_publisher\/89Dk\/content\/id\/24495284\" target=\"_blank\" rel=\"noopener\">Ministro Emmanoel Pereira homologa acordo coletivo entre Embrapa e Sinpaf<\/a><\/p>\n<p>19\/4\/2018 &#8211;&nbsp;<a href=\"http:\/\/www.tst.jus.br\/noticias\/-\/asset_publisher\/89Dk\/content\/vice-presidente-do-tst-recebe-ministro-do-planejamento-para-tratar-de-negociacoes-coletivas\/pop_up?refererPlid=10730&amp;_101_INSTANCE_89Dk_viewMode=print&amp;_101_INSTANCE_89Dk_languageId=pt_BR\" target=\"_blank\" rel=\"noopener\">Vice-presidente do TST recebe ministro do Planejamento para tratar de negocia\u00e7\u00f5es coletivas<\/a><\/p>\n<p>&nbsp;<\/p>\n<p>       <\/br><br \/>\n<br \/><i>Com informa\u00e7\u00f5es da assessoria de imprensa do TST.<\/i><br \/>\n<br \/><a href=\"http:\/\/www.tst.jus.br\/web\/guest\/noticias?p_p_id=89Dk&#038;p_p_lifecycle=0&#038;refererPlid=10730&#038;_89Dk_struts_action=%2Fjournal_content%2Fview&#038;_89Dk_groupId=10157&#038;_89Dk_articleId=24595846\">Fonte<\/a><br \/>\n<br \/><\/p>\n","protected":false},"excerpt":{"rendered":"<p>A Se\u00e7\u00e3o Especializada em Diss\u00eddios Coletivos (SC) do Tribunal Superior do Trabalho dever\u00e1 definir, nesta segunda-feira (11), os \u00edndices de reajuste aplic\u00e1veis a empregados de quatro estatais: a Companhia Brasileira de Trens Urbanos (CBTU), a VALEC Engenharia, Constru\u00e7\u00f5es e Ferrovias S.A., a Empresa Brasileira de Pesquisa Agropecu\u00e1ria (Embrapa) e a Companhia de Desenvolvimento dos Vales [&hellip;]<\/p>\n","protected":false},"author":3063,"featured_media":1550,"comment_status":"open","ping_status":"open","sticky":false,"template":"","format":"standard","meta":{"footnotes":""},"categories":[3,21],"tags":[33,216,9,12,217,215],"class_list":{"0":"post-1841","1":"post","2":"type-post","3":"status-publish","4":"format-standard","5":"has-post-thumbnail","7":"category-trabalhista","8":"category-tst","9":"tag-calculos-trabalhistas","10":"tag-direito-trabalhista","11":"tag-pericia","12":"tag-perito","13":"tag-trabalho","14":"tag-tst"},"yoast_head":"<!-- This site is optimized with the Yoast SEO plugin v27.2 - https:\/\/yoast.com\/product\/yoast-seo-wordpress\/ -->\n<title>TST: Tribunal julga nesta segunda-feira (11) diss\u00eddios coletivos de quatro estatais | Portal de Not\u00edcias<\/title>\n<meta name=\"robots\" content=\"index, follow, max-snippet:-1, max-image-preview:large, max-video-preview:-1\" \/>\n<link rel=\"canonical\" href=\"https:\/\/mhcalculos.com.br\/noticias\/area\/trabalhista\/tst-tribunal-julga-nesta-segunda-feira-11-dissidios-coletivos-de-quatro-estatais.html\" \/>\n<meta property=\"og:locale\" content=\"pt_BR\" \/>\n<meta property=\"og:type\" content=\"article\" \/>\n<meta property=\"og:title\" content=\"TST: Tribunal julga nesta segunda-feira (11) diss\u00eddios coletivos de quatro estatais | Portal de Not\u00edcias\" \/>\n<meta property=\"og:description\" content=\"A Se\u00e7\u00e3o Especializada em Diss\u00eddios Coletivos (SC) do Tribunal Superior do Trabalho dever\u00e1 definir, nesta segunda-feira (11), os \u00edndices de reajuste aplic\u00e1veis a empregados de quatro estatais: a Companhia Brasileira de Trens Urbanos (CBTU), a VALEC Engenharia, Constru\u00e7\u00f5es e Ferrovias S.A., a Empresa Brasileira de Pesquisa Agropecu\u00e1ria (Embrapa) e a Companhia de Desenvolvimento dos Vales [&hellip;]\" \/>\n<meta property=\"og:url\" content=\"https:\/\/mhcalculos.com.br\/noticias\/area\/trabalhista\/tst-tribunal-julga-nesta-segunda-feira-11-dissidios-coletivos-de-quatro-estatais.html\" \/>\n<meta property=\"og:site_name\" content=\"Portal de Not\u00edcias\" \/>\n<meta property=\"article:published_time\" content=\"2018-06-10T21:07:00+00:00\" \/>\n<meta property=\"article:modified_time\" content=\"2021-07-28T17:34:44+00:00\" \/>\n<meta property=\"og:image\" content=\"https:\/\/mhcalculos.com.br\/noticias\/wp-content\/uploads\/sites\/2\/2018\/05\/judiciario-0028.jpg\" \/>\n\t<meta property=\"og:image:width\" content=\"2000\" \/>\n\t<meta property=\"og:image:height\" content=\"800\" \/>\n\t<meta property=\"og:image:type\" content=\"image\/jpeg\" \/>\n<meta name=\"author\" content=\"Equipe MH\" \/>\n<meta name=\"twitter:card\" content=\"summary_large_image\" \/>\n<meta name=\"twitter:label1\" content=\"Escrito por\" \/>\n\t<meta name=\"twitter:data1\" content=\"Equipe MH\" \/>\n\t<meta name=\"twitter:label2\" content=\"Est. tempo de leitura\" \/>\n\t<meta name=\"twitter:data2\" content=\"2 minutos\" \/>\n<script type=\"application\/ld+json\" class=\"yoast-schema-graph\">{\"@context\":\"https:\/\/schema.org\",\"@graph\":[{\"@type\":\"Article\",\"@id\":\"https:\/\/mhcalculos.com.br\/noticias\/area\/trabalhista\/tst-tribunal-julga-nesta-segunda-feira-11-dissidios-coletivos-de-quatro-estatais.html#article\",\"isPartOf\":{\"@id\":\"https:\/\/mhcalculos.com.br\/noticias\/area\/trabalhista\/tst-tribunal-julga-nesta-segunda-feira-11-dissidios-coletivos-de-quatro-estatais.html\"},\"author\":{\"name\":\"Equipe MH\",\"@id\":\"https:\/\/mhcalculos.com.br\/noticias\/#\/schema\/person\/88d1c34bf72dc779ea14a5a6b8e0ae8d\"},\"headline\":\"TST: Tribunal julga nesta segunda-feira (11) diss\u00eddios coletivos de quatro estatais\",\"datePublished\":\"2018-06-10T21:07:00+00:00\",\"dateModified\":\"2021-07-28T17:34:44+00:00\",\"mainEntityOfPage\":{\"@id\":\"https:\/\/mhcalculos.com.br\/noticias\/area\/trabalhista\/tst-tribunal-julga-nesta-segunda-feira-11-dissidios-coletivos-de-quatro-estatais.html\"},\"wordCount\":407,\"commentCount\":0,\"image\":{\"@id\":\"https:\/\/mhcalculos.com.br\/noticias\/area\/trabalhista\/tst-tribunal-julga-nesta-segunda-feira-11-dissidios-coletivos-de-quatro-estatais.html#primaryimage\"},\"thumbnailUrl\":\"https:\/\/mhcalculos.com.br\/noticias\/wp-content\/uploads\/sites\/2\/2018\/05\/judiciario-0028.jpg\",\"keywords\":[\"c\u00e1lculos trabalhistas\",\"direito trabalhista\",\"per\u00edcia\",\"perito\",\"trabalho\",\"TST\"],\"articleSection\":[\"Direito Trabalhista\",\"TST\"],\"inLanguage\":\"pt-BR\",\"potentialAction\":[{\"@type\":\"CommentAction\",\"name\":\"Comment\",\"target\":[\"https:\/\/mhcalculos.com.br\/noticias\/area\/trabalhista\/tst-tribunal-julga-nesta-segunda-feira-11-dissidios-coletivos-de-quatro-estatais.html#respond\"]}]},{\"@type\":\"WebPage\",\"@id\":\"https:\/\/mhcalculos.com.br\/noticias\/area\/trabalhista\/tst-tribunal-julga-nesta-segunda-feira-11-dissidios-coletivos-de-quatro-estatais.html\",\"url\":\"https:\/\/mhcalculos.com.br\/noticias\/area\/trabalhista\/tst-tribunal-julga-nesta-segunda-feira-11-dissidios-coletivos-de-quatro-estatais.html\",\"name\":\"TST: Tribunal julga nesta segunda-feira (11) diss\u00eddios coletivos de quatro estatais | Portal de Not\u00edcias\",\"isPartOf\":{\"@id\":\"https:\/\/mhcalculos.com.br\/noticias\/#website\"},\"primaryImageOfPage\":{\"@id\":\"https:\/\/mhcalculos.com.br\/noticias\/area\/trabalhista\/tst-tribunal-julga-nesta-segunda-feira-11-dissidios-coletivos-de-quatro-estatais.html#primaryimage\"},\"image\":{\"@id\":\"https:\/\/mhcalculos.com.br\/noticias\/area\/trabalhista\/tst-tribunal-julga-nesta-segunda-feira-11-dissidios-coletivos-de-quatro-estatais.html#primaryimage\"},\"thumbnailUrl\":\"https:\/\/mhcalculos.com.br\/noticias\/wp-content\/uploads\/sites\/2\/2018\/05\/judiciario-0028.jpg\",\"datePublished\":\"2018-06-10T21:07:00+00:00\",\"dateModified\":\"2021-07-28T17:34:44+00:00\",\"author\":{\"@id\":\"https:\/\/mhcalculos.com.br\/noticias\/#\/schema\/person\/88d1c34bf72dc779ea14a5a6b8e0ae8d\"},\"breadcrumb\":{\"@id\":\"https:\/\/mhcalculos.com.br\/noticias\/area\/trabalhista\/tst-tribunal-julga-nesta-segunda-feira-11-dissidios-coletivos-de-quatro-estatais.html#breadcrumb\"},\"inLanguage\":\"pt-BR\",\"potentialAction\":[{\"@type\":\"ReadAction\",\"target\":[\"https:\/\/mhcalculos.com.br\/noticias\/area\/trabalhista\/tst-tribunal-julga-nesta-segunda-feira-11-dissidios-coletivos-de-quatro-estatais.html\"]}]},{\"@type\":\"ImageObject\",\"inLanguage\":\"pt-BR\",\"@id\":\"https:\/\/mhcalculos.com.br\/noticias\/area\/trabalhista\/tst-tribunal-julga-nesta-segunda-feira-11-dissidios-coletivos-de-quatro-estatais.html#primaryimage\",\"url\":\"https:\/\/mhcalculos.com.br\/noticias\/wp-content\/uploads\/sites\/2\/2018\/05\/judiciario-0028.jpg\",\"contentUrl\":\"https:\/\/mhcalculos.com.br\/noticias\/wp-content\/uploads\/sites\/2\/2018\/05\/judiciario-0028.jpg\",\"width\":2000,\"height\":800},{\"@type\":\"BreadcrumbList\",\"@id\":\"https:\/\/mhcalculos.com.br\/noticias\/area\/trabalhista\/tst-tribunal-julga-nesta-segunda-feira-11-dissidios-coletivos-de-quatro-estatais.html#breadcrumb\",\"itemListElement\":[{\"@type\":\"ListItem\",\"position\":1,\"name\":\"In\u00edcio\",\"item\":\"https:\/\/mhcalculos.com.br\/noticias\/\"},{\"@type\":\"ListItem\",\"position\":2,\"name\":\"TST: Tribunal julga nesta segunda-feira (11) diss\u00eddios coletivos de quatro estatais\"}]},{\"@type\":\"WebSite\",\"@id\":\"https:\/\/mhcalculos.com.br\/noticias\/#website\",\"url\":\"https:\/\/mhcalculos.com.br\/noticias\/\",\"name\":\"Portal de Not\u00edcias\",\"description\":\"Not\u00edcias e Jurisprud\u00eancia\",\"potentialAction\":[{\"@type\":\"SearchAction\",\"target\":{\"@type\":\"EntryPoint\",\"urlTemplate\":\"https:\/\/mhcalculos.com.br\/noticias\/?s={search_term_string}\"},\"query-input\":{\"@type\":\"PropertyValueSpecification\",\"valueRequired\":true,\"valueName\":\"search_term_string\"}}],\"inLanguage\":\"pt-BR\"},{\"@type\":\"Person\",\"@id\":\"https:\/\/mhcalculos.com.br\/noticias\/#\/schema\/person\/88d1c34bf72dc779ea14a5a6b8e0ae8d\",\"name\":\"Equipe MH\",\"image\":{\"@type\":\"ImageObject\",\"inLanguage\":\"pt-BR\",\"@id\":\"https:\/\/secure.gravatar.com\/avatar\/de1c686c2ecc9c5a3f327e3431d819eb39f8f05d4e1045f5a1caad6daaba987f?s=96&d=mm&r=g\",\"url\":\"https:\/\/secure.gravatar.com\/avatar\/de1c686c2ecc9c5a3f327e3431d819eb39f8f05d4e1045f5a1caad6daaba987f?s=96&d=mm&r=g\",\"contentUrl\":\"https:\/\/secure.gravatar.com\/avatar\/de1c686c2ecc9c5a3f327e3431d819eb39f8f05d4e1045f5a1caad6daaba987f?s=96&d=mm&r=g\",\"caption\":\"Equipe MH\"}}]}<\/script>\n<!-- \/ Yoast SEO plugin. -->","yoast_head_json":{"title":"TST: Tribunal julga nesta segunda-feira (11) diss\u00eddios coletivos de quatro estatais | Portal de Not\u00edcias","robots":{"index":"index","follow":"follow","max-snippet":"max-snippet:-1","max-image-preview":"max-image-preview:large","max-video-preview":"max-video-preview:-1"},"canonical":"https:\/\/mhcalculos.com.br\/noticias\/area\/trabalhista\/tst-tribunal-julga-nesta-segunda-feira-11-dissidios-coletivos-de-quatro-estatais.html","og_locale":"pt_BR","og_type":"article","og_title":"TST: Tribunal julga nesta segunda-feira (11) diss\u00eddios coletivos de quatro estatais | Portal de Not\u00edcias","og_description":"A Se\u00e7\u00e3o Especializada em Diss\u00eddios Coletivos (SC) do Tribunal Superior do Trabalho dever\u00e1 definir, nesta segunda-feira (11), os \u00edndices de reajuste aplic\u00e1veis a empregados de quatro estatais: a Companhia Brasileira de Trens Urbanos (CBTU), a VALEC Engenharia, Constru\u00e7\u00f5es e Ferrovias S.A., a Empresa Brasileira de Pesquisa Agropecu\u00e1ria (Embrapa) e a Companhia de Desenvolvimento dos Vales [&hellip;]","og_url":"https:\/\/mhcalculos.com.br\/noticias\/area\/trabalhista\/tst-tribunal-julga-nesta-segunda-feira-11-dissidios-coletivos-de-quatro-estatais.html","og_site_name":"Portal de Not\u00edcias","article_published_time":"2018-06-10T21:07:00+00:00","article_modified_time":"2021-07-28T17:34:44+00:00","og_image":[{"width":2000,"height":800,"url":"https:\/\/mhcalculos.com.br\/noticias\/wp-content\/uploads\/sites\/2\/2018\/05\/judiciario-0028.jpg","type":"image\/jpeg"}],"author":"Equipe MH","twitter_card":"summary_large_image","twitter_misc":{"Escrito por":"Equipe MH","Est. tempo de leitura":"2 minutos"},"schema":{"@context":"https:\/\/schema.org","@graph":[{"@type":"Article","@id":"https:\/\/mhcalculos.com.br\/noticias\/area\/trabalhista\/tst-tribunal-julga-nesta-segunda-feira-11-dissidios-coletivos-de-quatro-estatais.html#article","isPartOf":{"@id":"https:\/\/mhcalculos.com.br\/noticias\/area\/trabalhista\/tst-tribunal-julga-nesta-segunda-feira-11-dissidios-coletivos-de-quatro-estatais.html"},"author":{"name":"Equipe MH","@id":"https:\/\/mhcalculos.com.br\/noticias\/#\/schema\/person\/88d1c34bf72dc779ea14a5a6b8e0ae8d"},"headline":"TST: Tribunal julga nesta segunda-feira (11) diss\u00eddios coletivos de quatro estatais","datePublished":"2018-06-10T21:07:00+00:00","dateModified":"2021-07-28T17:34:44+00:00","mainEntityOfPage":{"@id":"https:\/\/mhcalculos.com.br\/noticias\/area\/trabalhista\/tst-tribunal-julga-nesta-segunda-feira-11-dissidios-coletivos-de-quatro-estatais.html"},"wordCount":407,"commentCount":0,"image":{"@id":"https:\/\/mhcalculos.com.br\/noticias\/area\/trabalhista\/tst-tribunal-julga-nesta-segunda-feira-11-dissidios-coletivos-de-quatro-estatais.html#primaryimage"},"thumbnailUrl":"https:\/\/mhcalculos.com.br\/noticias\/wp-content\/uploads\/sites\/2\/2018\/05\/judiciario-0028.jpg","keywords":["c\u00e1lculos trabalhistas","direito trabalhista","per\u00edcia","perito","trabalho","TST"],"articleSection":["Direito Trabalhista","TST"],"inLanguage":"pt-BR","potentialAction":[{"@type":"CommentAction","name":"Comment","target":["https:\/\/mhcalculos.com.br\/noticias\/area\/trabalhista\/tst-tribunal-julga-nesta-segunda-feira-11-dissidios-coletivos-de-quatro-estatais.html#respond"]}]},{"@type":"WebPage","@id":"https:\/\/mhcalculos.com.br\/noticias\/area\/trabalhista\/tst-tribunal-julga-nesta-segunda-feira-11-dissidios-coletivos-de-quatro-estatais.html","url":"https:\/\/mhcalculos.com.br\/noticias\/area\/trabalhista\/tst-tribunal-julga-nesta-segunda-feira-11-dissidios-coletivos-de-quatro-estatais.html","name":"TST: Tribunal julga nesta segunda-feira (11) diss\u00eddios coletivos de quatro estatais | Portal de Not\u00edcias","isPartOf":{"@id":"https:\/\/mhcalculos.com.br\/noticias\/#website"},"primaryImageOfPage":{"@id":"https:\/\/mhcalculos.com.br\/noticias\/area\/trabalhista\/tst-tribunal-julga-nesta-segunda-feira-11-dissidios-coletivos-de-quatro-estatais.html#primaryimage"},"image":{"@id":"https:\/\/mhcalculos.com.br\/noticias\/area\/trabalhista\/tst-tribunal-julga-nesta-segunda-feira-11-dissidios-coletivos-de-quatro-estatais.html#primaryimage"},"thumbnailUrl":"https:\/\/mhcalculos.com.br\/noticias\/wp-content\/uploads\/sites\/2\/2018\/05\/judiciario-0028.jpg","datePublished":"2018-06-10T21:07:00+00:00","dateModified":"2021-07-28T17:34:44+00:00","author":{"@id":"https:\/\/mhcalculos.com.br\/noticias\/#\/schema\/person\/88d1c34bf72dc779ea14a5a6b8e0ae8d"},"breadcrumb":{"@id":"https:\/\/mhcalculos.com.br\/noticias\/area\/trabalhista\/tst-tribunal-julga-nesta-segunda-feira-11-dissidios-coletivos-de-quatro-estatais.html#breadcrumb"},"inLanguage":"pt-BR","potentialAction":[{"@type":"ReadAction","target":["https:\/\/mhcalculos.com.br\/noticias\/area\/trabalhista\/tst-tribunal-julga-nesta-segunda-feira-11-dissidios-coletivos-de-quatro-estatais.html"]}]},{"@type":"ImageObject","inLanguage":"pt-BR","@id":"https:\/\/mhcalculos.com.br\/noticias\/area\/trabalhista\/tst-tribunal-julga-nesta-segunda-feira-11-dissidios-coletivos-de-quatro-estatais.html#primaryimage","url":"https:\/\/mhcalculos.com.br\/noticias\/wp-content\/uploads\/sites\/2\/2018\/05\/judiciario-0028.jpg","contentUrl":"https:\/\/mhcalculos.com.br\/noticias\/wp-content\/uploads\/sites\/2\/2018\/05\/judiciario-0028.jpg","width":2000,"height":800},{"@type":"BreadcrumbList","@id":"https:\/\/mhcalculos.com.br\/noticias\/area\/trabalhista\/tst-tribunal-julga-nesta-segunda-feira-11-dissidios-coletivos-de-quatro-estatais.html#breadcrumb","itemListElement":[{"@type":"ListItem","position":1,"name":"In\u00edcio","item":"https:\/\/mhcalculos.com.br\/noticias\/"},{"@type":"ListItem","position":2,"name":"TST: Tribunal julga nesta segunda-feira (11) diss\u00eddios coletivos de quatro estatais"}]},{"@type":"WebSite","@id":"https:\/\/mhcalculos.com.br\/noticias\/#website","url":"https:\/\/mhcalculos.com.br\/noticias\/","name":"Portal de Not\u00edcias","description":"Not\u00edcias e Jurisprud\u00eancia","potentialAction":[{"@type":"SearchAction","target":{"@type":"EntryPoint","urlTemplate":"https:\/\/mhcalculos.com.br\/noticias\/?s={search_term_string}"},"query-input":{"@type":"PropertyValueSpecification","valueRequired":true,"valueName":"search_term_string"}}],"inLanguage":"pt-BR"},{"@type":"Person","@id":"https:\/\/mhcalculos.com.br\/noticias\/#\/schema\/person\/88d1c34bf72dc779ea14a5a6b8e0ae8d","name":"Equipe MH","image":{"@type":"ImageObject","inLanguage":"pt-BR","@id":"https:\/\/secure.gravatar.com\/avatar\/de1c686c2ecc9c5a3f327e3431d819eb39f8f05d4e1045f5a1caad6daaba987f?s=96&d=mm&r=g","url":"https:\/\/secure.gravatar.com\/avatar\/de1c686c2ecc9c5a3f327e3431d819eb39f8f05d4e1045f5a1caad6daaba987f?s=96&d=mm&r=g","contentUrl":"https:\/\/secure.gravatar.com\/avatar\/de1c686c2ecc9c5a3f327e3431d819eb39f8f05d4e1045f5a1caad6daaba987f?s=96&d=mm&r=g","caption":"Equipe MH"}}]}},"_links":{"self":[{"href":"https:\/\/mhcalculos.com.br\/noticias\/wp-json\/wp\/v2\/posts\/1841","targetHints":{"allow":["GET"]}}],"collection":[{"href":"https:\/\/mhcalculos.com.br\/noticias\/wp-json\/wp\/v2\/posts"}],"about":[{"href":"https:\/\/mhcalculos.com.br\/noticias\/wp-json\/wp\/v2\/types\/post"}],"author":[{"embeddable":true,"href":"https:\/\/mhcalculos.com.br\/noticias\/wp-json\/wp\/v2\/users\/3063"}],"replies":[{"embeddable":true,"href":"https:\/\/mhcalculos.com.br\/noticias\/wp-json\/wp\/v2\/comments?post=1841"}],"version-history":[{"count":2,"href":"https:\/\/mhcalculos.com.br\/noticias\/wp-json\/wp\/v2\/posts\/1841\/revisions"}],"predecessor-version":[{"id":10412,"href":"https:\/\/mhcalculos.com.br\/noticias\/wp-json\/wp\/v2\/posts\/1841\/revisions\/10412"}],"wp:featuredmedia":[{"embeddable":true,"href":"https:\/\/mhcalculos.com.br\/noticias\/wp-json\/wp\/v2\/media\/1550"}],"wp:attachment":[{"href":"https:\/\/mhcalculos.com.br\/noticias\/wp-json\/wp\/v2\/media?parent=1841"}],"wp:term":[{"taxonomy":"category","embeddable":true,"href":"https:\/\/mhcalculos.com.br\/noticias\/wp-json\/wp\/v2\/categories?post=1841"},{"taxonomy":"post_tag","embeddable":true,"href":"https:\/\/mhcalculos.com.br\/noticias\/wp-json\/wp\/v2\/tags?post=1841"}],"curies":[{"name":"wp","href":"https:\/\/api.w.org\/{rel}","templated":true}]}}