{"id":1836,"date":"2018-06-09T12:29:00","date_gmt":"2018-06-09T15:29:00","guid":{"rendered":"https:\/\/mhcalculos.com.br\/noticias\/2018\/06\/09\/tribunal-trabalhadores-do-setor-eletrico-devem-manter-75-do-efetivo-durante-greve\/"},"modified":"2021-07-28T14:34:44","modified_gmt":"2021-07-28T17:34:44","slug":"tst-trabalhadores-do-setor-eletrico-devem-manter-75-do-efetivo-durante-greve","status":"publish","type":"post","link":"https:\/\/mhcalculos.com.br\/noticias\/area\/trabalhista\/tst-trabalhadores-do-setor-eletrico-devem-manter-75-do-efetivo-durante-greve.html","title":{"rendered":"TST: Trabalhadores do setor el\u00e9trico devem manter 75% do efetivo durante greve"},"content":{"rendered":"<p><br \/>\n  <\/p>\n<p >O ministro do Tribunal Superior do Trabalho Mauricio Godinho Delgado determinou, neste s\u00e1bado (9), que sejam mantidos em servi\u00e7o 75% dos empregados de cada uma das empresas componentes do Sistema Eletrobras durante greve anunciada para a pr\u00f3xima semana. O percentual deve ser observado em proporcionalidade \u00e0s fun\u00e7\u00f5es dos trabalhadores a partir da primeira hora de segunda-feira (11\/6) e durante todo o per\u00edodo da paralisa\u00e7\u00e3o. A multa di\u00e1ria por descumprimento da determina\u00e7\u00e3o ser\u00e1 de R$ 100 mil por entidade sindical.<\/p>\n<p >A decis\u00e3o resulta do fato de se tratar de greve em servi\u00e7o e atividade essenciais, em que essas exig\u00eancias s\u00e3o obrigat\u00f3rias. O ministro \u00e9 relator do diss\u00eddio coletivo de greve instaurado, na sexta-feira (8), pelas empresas componentes do Sistema Eletrobras Centrais El\u00e9tricas Brasileiras S. A. em face da Federa\u00e7\u00e3o Nacional dos Urbanit\u00e1rios e de outras entidades sindicais, que anunciaram paralisa\u00e7\u00e3o de 72 horas a partir de segunda-feira (11) .<\/p>\n<p >Argumentando que o movimento paredista tem car\u00e1ter pol\u00edtico, as empresas solicitaram que a greve fosse considerada abusiva, que fosse determinada a manuten\u00e7\u00e3o de 100% dos trabalhadores e dos servi\u00e7os, que fosse ordenado que os trabalhadores se abstivessem de iniciar novas paralisa\u00e7\u00f5es e que fosse imposta multa di\u00e1ria de R$ 1 milh\u00e3o em caso de descumprimento de decis\u00e3o liminar por entidade sindical.<\/p>\n<p >Ap\u00f3s analisar a peti\u00e7\u00e3o apresentada, o ministro Mauricio Godinho Delgado indeferiu pedido de declara\u00e7\u00e3o de abusividade da greve sob o enfoque dos interesses defendidos pela categoria profissional. Tamb\u00e9m negou pedido de tutela para que movimentos semelhantes se renovem no setor.<\/p>\n<p >Para o ministro relator, a an\u00e1lise de suposta abusividade da greve ocorrer\u00e1 no curso do processo, ap\u00f3s o regular exerc\u00edcio do direito ao contradit\u00f3rio e o conhecimento mais aprofundado dos fatos que envolvem o conflito. No entanto, ele disse na decis\u00e3o n\u00e3o vislumbrar abusividade. Para ele, sob o aspecto formal, foram atendidos os requisitos que devem ser cumpridos antes da deflagra\u00e7\u00e3o de movimento grevista.<\/p>\n<p >\u201cExtrai-se da documenta\u00e7\u00e3o juntada pelas requerentes que a categoria profissional tem observado as diretrizes da Lei de Greve para a deflagra\u00e7\u00e3o do movimento paredista, como a convoca\u00e7\u00e3o dos trabalhadores mediante edital e a comunica\u00e7\u00e3o pr\u00e9via da paralisa\u00e7\u00e3o com anteced\u00eancia m\u00ednima de 72 horas\u201d, assinala. O ministro acrescentou que informa\u00e7\u00f5es contidas nos of\u00edcios de comunica\u00e7\u00e3o de greve deixam claro o interesse da categoria profissional na manuten\u00e7\u00e3o da opera\u00e7\u00e3o dos servi\u00e7os essenciais durante a paralisa\u00e7\u00e3o.<\/p>\n<p >Sobre a alega\u00e7\u00e3o de que a paralisa\u00e7\u00e3o det\u00e9m vi\u00e9s pol\u00edtico, o ministro considerou que h\u00e1 a presen\u00e7a de importantes interesses profissionais no contexto da greve, porque interessa ao trabalhador, particularmente ao empregado, preservar a empresa, os postos de trabalho e as condi\u00e7\u00f5es profissionais e contratuais. Para o relator, a defesa desses interesses \u00e9 uma conduta e um pleito que t\u00eam sentido econ\u00f4mico-profissional relevante.<\/p>\n<p >\u201cDesponta dos autos tratar-se de movimento que veicula, com muito maior nitidez, interesses econ\u00f4micos, sociais e profissionais dos trabalhadores, intrinsecamente ligados com as condi\u00e7\u00f5es de trabalho e com clara influ\u00eancia na rela\u00e7\u00e3o contratual trabalhista\u201d, concluiu.<\/p>\n<p >(PR\/Secom-TST\/GMMGD)<\/p>\n<p >Processo: 1000418-66.2018.5.00.0000<\/p>\n<p> <strong>Esta mat\u00e9ria tem car\u00e1ter informativo, sem cunho oficial.<br \/> Permitida a reprodu\u00e7\u00e3o mediante cita\u00e7\u00e3o da fonte.<br \/> Secretaria de Comunica\u00e7\u00e3o Social<br \/> Tribunal Superior do Trabalho<br \/> Tel. (61) 3043-4907<br \/> <a href=\"mailto:secom@tst.jus.br\">secom@tst.jus.br<\/a><\/strong> <\/p>\n<p> &nbsp;<\/p>\n<p>       <\/br><br \/>\n<br \/><i>Com informa\u00e7\u00f5es da assessoria de imprensa do TST.<\/i><br \/>\n<br \/><a href=\"http:\/\/www.tst.jus.br\/web\/guest\/noticias?p_p_id=89Dk&#038;p_p_lifecycle=0&#038;refererPlid=10730&#038;_89Dk_struts_action=%2Fjournal_content%2Fview&#038;_89Dk_groupId=10157&#038;_89Dk_articleId=24595579\">Fonte<\/a><br \/>\n<br \/><\/p>\n","protected":false},"excerpt":{"rendered":"<p>O ministro do Tribunal Superior do Trabalho Mauricio Godinho Delgado determinou, neste s\u00e1bado (9), que sejam mantidos em servi\u00e7o 75% dos empregados de cada uma das empresas componentes do Sistema Eletrobras durante greve anunciada para a pr\u00f3xima semana. O percentual deve ser observado em proporcionalidade \u00e0s fun\u00e7\u00f5es dos trabalhadores a partir da primeira hora de [&hellip;]<\/p>\n","protected":false},"author":3063,"featured_media":1521,"comment_status":"open","ping_status":"open","sticky":false,"template":"","format":"standard","meta":{"footnotes":""},"categories":[3,21],"tags":[33,216,9,12,217,215],"class_list":{"0":"post-1836","1":"post","2":"type-post","3":"status-publish","4":"format-standard","5":"has-post-thumbnail","7":"category-trabalhista","8":"category-tst","9":"tag-calculos-trabalhistas","10":"tag-direito-trabalhista","11":"tag-pericia","12":"tag-perito","13":"tag-trabalho","14":"tag-tst"},"yoast_head":"<!-- This site is optimized with the Yoast SEO plugin v27.2 - https:\/\/yoast.com\/product\/yoast-seo-wordpress\/ -->\n<title>TST: Trabalhadores do setor el\u00e9trico devem manter 75% do efetivo durante greve | Portal de Not\u00edcias<\/title>\n<meta name=\"robots\" content=\"index, follow, max-snippet:-1, max-image-preview:large, max-video-preview:-1\" \/>\n<link rel=\"canonical\" href=\"https:\/\/mhcalculos.com.br\/noticias\/area\/trabalhista\/tst-trabalhadores-do-setor-eletrico-devem-manter-75-do-efetivo-durante-greve.html\" \/>\n<meta property=\"og:locale\" content=\"pt_BR\" \/>\n<meta property=\"og:type\" content=\"article\" \/>\n<meta property=\"og:title\" content=\"TST: Trabalhadores do setor el\u00e9trico devem manter 75% do efetivo durante greve | Portal de Not\u00edcias\" \/>\n<meta property=\"og:description\" content=\"O ministro do Tribunal Superior do Trabalho Mauricio Godinho Delgado determinou, neste s\u00e1bado (9), que sejam mantidos em servi\u00e7o 75% dos empregados de cada uma das empresas componentes do Sistema Eletrobras durante greve anunciada para a pr\u00f3xima semana. O percentual deve ser observado em proporcionalidade \u00e0s fun\u00e7\u00f5es dos trabalhadores a partir da primeira hora de [&hellip;]\" \/>\n<meta property=\"og:url\" content=\"https:\/\/mhcalculos.com.br\/noticias\/area\/trabalhista\/tst-trabalhadores-do-setor-eletrico-devem-manter-75-do-efetivo-durante-greve.html\" \/>\n<meta property=\"og:site_name\" content=\"Portal de Not\u00edcias\" \/>\n<meta property=\"article:published_time\" content=\"2018-06-09T15:29:00+00:00\" \/>\n<meta property=\"article:modified_time\" content=\"2021-07-28T17:34:44+00:00\" \/>\n<meta property=\"og:image\" content=\"https:\/\/mhcalculos.com.br\/noticias\/wp-content\/uploads\/sites\/2\/2018\/05\/trabalhista-0001.jpg\" \/>\n\t<meta property=\"og:image:width\" content=\"2000\" \/>\n\t<meta property=\"og:image:height\" content=\"800\" \/>\n\t<meta property=\"og:image:type\" content=\"image\/jpeg\" \/>\n<meta name=\"author\" content=\"Equipe MH\" \/>\n<meta name=\"twitter:card\" content=\"summary_large_image\" \/>\n<meta name=\"twitter:label1\" content=\"Escrito por\" \/>\n\t<meta name=\"twitter:data1\" content=\"Equipe MH\" \/>\n\t<meta name=\"twitter:label2\" content=\"Est. tempo de leitura\" \/>\n\t<meta name=\"twitter:data2\" content=\"3 minutos\" \/>\n<script type=\"application\/ld+json\" class=\"yoast-schema-graph\">{\"@context\":\"https:\/\/schema.org\",\"@graph\":[{\"@type\":\"Article\",\"@id\":\"https:\/\/mhcalculos.com.br\/noticias\/area\/trabalhista\/tst-trabalhadores-do-setor-eletrico-devem-manter-75-do-efetivo-durante-greve.html#article\",\"isPartOf\":{\"@id\":\"https:\/\/mhcalculos.com.br\/noticias\/area\/trabalhista\/tst-trabalhadores-do-setor-eletrico-devem-manter-75-do-efetivo-durante-greve.html\"},\"author\":{\"name\":\"Equipe MH\",\"@id\":\"https:\/\/mhcalculos.com.br\/noticias\/#\/schema\/person\/88d1c34bf72dc779ea14a5a6b8e0ae8d\"},\"headline\":\"TST: Trabalhadores do setor el\u00e9trico devem manter 75% do efetivo durante greve\",\"datePublished\":\"2018-06-09T15:29:00+00:00\",\"dateModified\":\"2021-07-28T17:34:44+00:00\",\"mainEntityOfPage\":{\"@id\":\"https:\/\/mhcalculos.com.br\/noticias\/area\/trabalhista\/tst-trabalhadores-do-setor-eletrico-devem-manter-75-do-efetivo-durante-greve.html\"},\"wordCount\":600,\"commentCount\":0,\"image\":{\"@id\":\"https:\/\/mhcalculos.com.br\/noticias\/area\/trabalhista\/tst-trabalhadores-do-setor-eletrico-devem-manter-75-do-efetivo-durante-greve.html#primaryimage\"},\"thumbnailUrl\":\"https:\/\/mhcalculos.com.br\/noticias\/wp-content\/uploads\/sites\/2\/2018\/05\/trabalhista-0001.jpg\",\"keywords\":[\"c\u00e1lculos trabalhistas\",\"direito trabalhista\",\"per\u00edcia\",\"perito\",\"trabalho\",\"TST\"],\"articleSection\":[\"Direito Trabalhista\",\"TST\"],\"inLanguage\":\"pt-BR\",\"potentialAction\":[{\"@type\":\"CommentAction\",\"name\":\"Comment\",\"target\":[\"https:\/\/mhcalculos.com.br\/noticias\/area\/trabalhista\/tst-trabalhadores-do-setor-eletrico-devem-manter-75-do-efetivo-durante-greve.html#respond\"]}]},{\"@type\":\"WebPage\",\"@id\":\"https:\/\/mhcalculos.com.br\/noticias\/area\/trabalhista\/tst-trabalhadores-do-setor-eletrico-devem-manter-75-do-efetivo-durante-greve.html\",\"url\":\"https:\/\/mhcalculos.com.br\/noticias\/area\/trabalhista\/tst-trabalhadores-do-setor-eletrico-devem-manter-75-do-efetivo-durante-greve.html\",\"name\":\"TST: Trabalhadores do setor el\u00e9trico devem manter 75% do efetivo durante greve | Portal de Not\u00edcias\",\"isPartOf\":{\"@id\":\"https:\/\/mhcalculos.com.br\/noticias\/#website\"},\"primaryImageOfPage\":{\"@id\":\"https:\/\/mhcalculos.com.br\/noticias\/area\/trabalhista\/tst-trabalhadores-do-setor-eletrico-devem-manter-75-do-efetivo-durante-greve.html#primaryimage\"},\"image\":{\"@id\":\"https:\/\/mhcalculos.com.br\/noticias\/area\/trabalhista\/tst-trabalhadores-do-setor-eletrico-devem-manter-75-do-efetivo-durante-greve.html#primaryimage\"},\"thumbnailUrl\":\"https:\/\/mhcalculos.com.br\/noticias\/wp-content\/uploads\/sites\/2\/2018\/05\/trabalhista-0001.jpg\",\"datePublished\":\"2018-06-09T15:29:00+00:00\",\"dateModified\":\"2021-07-28T17:34:44+00:00\",\"author\":{\"@id\":\"https:\/\/mhcalculos.com.br\/noticias\/#\/schema\/person\/88d1c34bf72dc779ea14a5a6b8e0ae8d\"},\"breadcrumb\":{\"@id\":\"https:\/\/mhcalculos.com.br\/noticias\/area\/trabalhista\/tst-trabalhadores-do-setor-eletrico-devem-manter-75-do-efetivo-durante-greve.html#breadcrumb\"},\"inLanguage\":\"pt-BR\",\"potentialAction\":[{\"@type\":\"ReadAction\",\"target\":[\"https:\/\/mhcalculos.com.br\/noticias\/area\/trabalhista\/tst-trabalhadores-do-setor-eletrico-devem-manter-75-do-efetivo-durante-greve.html\"]}]},{\"@type\":\"ImageObject\",\"inLanguage\":\"pt-BR\",\"@id\":\"https:\/\/mhcalculos.com.br\/noticias\/area\/trabalhista\/tst-trabalhadores-do-setor-eletrico-devem-manter-75-do-efetivo-durante-greve.html#primaryimage\",\"url\":\"https:\/\/mhcalculos.com.br\/noticias\/wp-content\/uploads\/sites\/2\/2018\/05\/trabalhista-0001.jpg\",\"contentUrl\":\"https:\/\/mhcalculos.com.br\/noticias\/wp-content\/uploads\/sites\/2\/2018\/05\/trabalhista-0001.jpg\",\"width\":2000,\"height\":800},{\"@type\":\"BreadcrumbList\",\"@id\":\"https:\/\/mhcalculos.com.br\/noticias\/area\/trabalhista\/tst-trabalhadores-do-setor-eletrico-devem-manter-75-do-efetivo-durante-greve.html#breadcrumb\",\"itemListElement\":[{\"@type\":\"ListItem\",\"position\":1,\"name\":\"In\u00edcio\",\"item\":\"https:\/\/mhcalculos.com.br\/noticias\/\"},{\"@type\":\"ListItem\",\"position\":2,\"name\":\"TST: Trabalhadores do setor el\u00e9trico devem manter 75% do efetivo durante greve\"}]},{\"@type\":\"WebSite\",\"@id\":\"https:\/\/mhcalculos.com.br\/noticias\/#website\",\"url\":\"https:\/\/mhcalculos.com.br\/noticias\/\",\"name\":\"Portal de Not\u00edcias\",\"description\":\"Not\u00edcias e Jurisprud\u00eancia\",\"potentialAction\":[{\"@type\":\"SearchAction\",\"target\":{\"@type\":\"EntryPoint\",\"urlTemplate\":\"https:\/\/mhcalculos.com.br\/noticias\/?s={search_term_string}\"},\"query-input\":{\"@type\":\"PropertyValueSpecification\",\"valueRequired\":true,\"valueName\":\"search_term_string\"}}],\"inLanguage\":\"pt-BR\"},{\"@type\":\"Person\",\"@id\":\"https:\/\/mhcalculos.com.br\/noticias\/#\/schema\/person\/88d1c34bf72dc779ea14a5a6b8e0ae8d\",\"name\":\"Equipe MH\",\"image\":{\"@type\":\"ImageObject\",\"inLanguage\":\"pt-BR\",\"@id\":\"https:\/\/secure.gravatar.com\/avatar\/de1c686c2ecc9c5a3f327e3431d819eb39f8f05d4e1045f5a1caad6daaba987f?s=96&d=mm&r=g\",\"url\":\"https:\/\/secure.gravatar.com\/avatar\/de1c686c2ecc9c5a3f327e3431d819eb39f8f05d4e1045f5a1caad6daaba987f?s=96&d=mm&r=g\",\"contentUrl\":\"https:\/\/secure.gravatar.com\/avatar\/de1c686c2ecc9c5a3f327e3431d819eb39f8f05d4e1045f5a1caad6daaba987f?s=96&d=mm&r=g\",\"caption\":\"Equipe MH\"}}]}<\/script>\n<!-- \/ Yoast SEO plugin. -->","yoast_head_json":{"title":"TST: Trabalhadores do setor el\u00e9trico devem manter 75% do efetivo durante greve | Portal de Not\u00edcias","robots":{"index":"index","follow":"follow","max-snippet":"max-snippet:-1","max-image-preview":"max-image-preview:large","max-video-preview":"max-video-preview:-1"},"canonical":"https:\/\/mhcalculos.com.br\/noticias\/area\/trabalhista\/tst-trabalhadores-do-setor-eletrico-devem-manter-75-do-efetivo-durante-greve.html","og_locale":"pt_BR","og_type":"article","og_title":"TST: Trabalhadores do setor el\u00e9trico devem manter 75% do efetivo durante greve | Portal de Not\u00edcias","og_description":"O ministro do Tribunal Superior do Trabalho Mauricio Godinho Delgado determinou, neste s\u00e1bado (9), que sejam mantidos em servi\u00e7o 75% dos empregados de cada uma das empresas componentes do Sistema Eletrobras durante greve anunciada para a pr\u00f3xima semana. O percentual deve ser observado em proporcionalidade \u00e0s fun\u00e7\u00f5es dos trabalhadores a partir da primeira hora de [&hellip;]","og_url":"https:\/\/mhcalculos.com.br\/noticias\/area\/trabalhista\/tst-trabalhadores-do-setor-eletrico-devem-manter-75-do-efetivo-durante-greve.html","og_site_name":"Portal de Not\u00edcias","article_published_time":"2018-06-09T15:29:00+00:00","article_modified_time":"2021-07-28T17:34:44+00:00","og_image":[{"width":2000,"height":800,"url":"https:\/\/mhcalculos.com.br\/noticias\/wp-content\/uploads\/sites\/2\/2018\/05\/trabalhista-0001.jpg","type":"image\/jpeg"}],"author":"Equipe MH","twitter_card":"summary_large_image","twitter_misc":{"Escrito por":"Equipe MH","Est. tempo de leitura":"3 minutos"},"schema":{"@context":"https:\/\/schema.org","@graph":[{"@type":"Article","@id":"https:\/\/mhcalculos.com.br\/noticias\/area\/trabalhista\/tst-trabalhadores-do-setor-eletrico-devem-manter-75-do-efetivo-durante-greve.html#article","isPartOf":{"@id":"https:\/\/mhcalculos.com.br\/noticias\/area\/trabalhista\/tst-trabalhadores-do-setor-eletrico-devem-manter-75-do-efetivo-durante-greve.html"},"author":{"name":"Equipe MH","@id":"https:\/\/mhcalculos.com.br\/noticias\/#\/schema\/person\/88d1c34bf72dc779ea14a5a6b8e0ae8d"},"headline":"TST: Trabalhadores do setor el\u00e9trico devem manter 75% do efetivo durante greve","datePublished":"2018-06-09T15:29:00+00:00","dateModified":"2021-07-28T17:34:44+00:00","mainEntityOfPage":{"@id":"https:\/\/mhcalculos.com.br\/noticias\/area\/trabalhista\/tst-trabalhadores-do-setor-eletrico-devem-manter-75-do-efetivo-durante-greve.html"},"wordCount":600,"commentCount":0,"image":{"@id":"https:\/\/mhcalculos.com.br\/noticias\/area\/trabalhista\/tst-trabalhadores-do-setor-eletrico-devem-manter-75-do-efetivo-durante-greve.html#primaryimage"},"thumbnailUrl":"https:\/\/mhcalculos.com.br\/noticias\/wp-content\/uploads\/sites\/2\/2018\/05\/trabalhista-0001.jpg","keywords":["c\u00e1lculos trabalhistas","direito trabalhista","per\u00edcia","perito","trabalho","TST"],"articleSection":["Direito Trabalhista","TST"],"inLanguage":"pt-BR","potentialAction":[{"@type":"CommentAction","name":"Comment","target":["https:\/\/mhcalculos.com.br\/noticias\/area\/trabalhista\/tst-trabalhadores-do-setor-eletrico-devem-manter-75-do-efetivo-durante-greve.html#respond"]}]},{"@type":"WebPage","@id":"https:\/\/mhcalculos.com.br\/noticias\/area\/trabalhista\/tst-trabalhadores-do-setor-eletrico-devem-manter-75-do-efetivo-durante-greve.html","url":"https:\/\/mhcalculos.com.br\/noticias\/area\/trabalhista\/tst-trabalhadores-do-setor-eletrico-devem-manter-75-do-efetivo-durante-greve.html","name":"TST: Trabalhadores do setor el\u00e9trico devem manter 75% do efetivo durante greve | Portal de Not\u00edcias","isPartOf":{"@id":"https:\/\/mhcalculos.com.br\/noticias\/#website"},"primaryImageOfPage":{"@id":"https:\/\/mhcalculos.com.br\/noticias\/area\/trabalhista\/tst-trabalhadores-do-setor-eletrico-devem-manter-75-do-efetivo-durante-greve.html#primaryimage"},"image":{"@id":"https:\/\/mhcalculos.com.br\/noticias\/area\/trabalhista\/tst-trabalhadores-do-setor-eletrico-devem-manter-75-do-efetivo-durante-greve.html#primaryimage"},"thumbnailUrl":"https:\/\/mhcalculos.com.br\/noticias\/wp-content\/uploads\/sites\/2\/2018\/05\/trabalhista-0001.jpg","datePublished":"2018-06-09T15:29:00+00:00","dateModified":"2021-07-28T17:34:44+00:00","author":{"@id":"https:\/\/mhcalculos.com.br\/noticias\/#\/schema\/person\/88d1c34bf72dc779ea14a5a6b8e0ae8d"},"breadcrumb":{"@id":"https:\/\/mhcalculos.com.br\/noticias\/area\/trabalhista\/tst-trabalhadores-do-setor-eletrico-devem-manter-75-do-efetivo-durante-greve.html#breadcrumb"},"inLanguage":"pt-BR","potentialAction":[{"@type":"ReadAction","target":["https:\/\/mhcalculos.com.br\/noticias\/area\/trabalhista\/tst-trabalhadores-do-setor-eletrico-devem-manter-75-do-efetivo-durante-greve.html"]}]},{"@type":"ImageObject","inLanguage":"pt-BR","@id":"https:\/\/mhcalculos.com.br\/noticias\/area\/trabalhista\/tst-trabalhadores-do-setor-eletrico-devem-manter-75-do-efetivo-durante-greve.html#primaryimage","url":"https:\/\/mhcalculos.com.br\/noticias\/wp-content\/uploads\/sites\/2\/2018\/05\/trabalhista-0001.jpg","contentUrl":"https:\/\/mhcalculos.com.br\/noticias\/wp-content\/uploads\/sites\/2\/2018\/05\/trabalhista-0001.jpg","width":2000,"height":800},{"@type":"BreadcrumbList","@id":"https:\/\/mhcalculos.com.br\/noticias\/area\/trabalhista\/tst-trabalhadores-do-setor-eletrico-devem-manter-75-do-efetivo-durante-greve.html#breadcrumb","itemListElement":[{"@type":"ListItem","position":1,"name":"In\u00edcio","item":"https:\/\/mhcalculos.com.br\/noticias\/"},{"@type":"ListItem","position":2,"name":"TST: Trabalhadores do setor el\u00e9trico devem manter 75% do efetivo durante greve"}]},{"@type":"WebSite","@id":"https:\/\/mhcalculos.com.br\/noticias\/#website","url":"https:\/\/mhcalculos.com.br\/noticias\/","name":"Portal de Not\u00edcias","description":"Not\u00edcias e Jurisprud\u00eancia","potentialAction":[{"@type":"SearchAction","target":{"@type":"EntryPoint","urlTemplate":"https:\/\/mhcalculos.com.br\/noticias\/?s={search_term_string}"},"query-input":{"@type":"PropertyValueSpecification","valueRequired":true,"valueName":"search_term_string"}}],"inLanguage":"pt-BR"},{"@type":"Person","@id":"https:\/\/mhcalculos.com.br\/noticias\/#\/schema\/person\/88d1c34bf72dc779ea14a5a6b8e0ae8d","name":"Equipe MH","image":{"@type":"ImageObject","inLanguage":"pt-BR","@id":"https:\/\/secure.gravatar.com\/avatar\/de1c686c2ecc9c5a3f327e3431d819eb39f8f05d4e1045f5a1caad6daaba987f?s=96&d=mm&r=g","url":"https:\/\/secure.gravatar.com\/avatar\/de1c686c2ecc9c5a3f327e3431d819eb39f8f05d4e1045f5a1caad6daaba987f?s=96&d=mm&r=g","contentUrl":"https:\/\/secure.gravatar.com\/avatar\/de1c686c2ecc9c5a3f327e3431d819eb39f8f05d4e1045f5a1caad6daaba987f?s=96&d=mm&r=g","caption":"Equipe MH"}}]}},"_links":{"self":[{"href":"https:\/\/mhcalculos.com.br\/noticias\/wp-json\/wp\/v2\/posts\/1836","targetHints":{"allow":["GET"]}}],"collection":[{"href":"https:\/\/mhcalculos.com.br\/noticias\/wp-json\/wp\/v2\/posts"}],"about":[{"href":"https:\/\/mhcalculos.com.br\/noticias\/wp-json\/wp\/v2\/types\/post"}],"author":[{"embeddable":true,"href":"https:\/\/mhcalculos.com.br\/noticias\/wp-json\/wp\/v2\/users\/3063"}],"replies":[{"embeddable":true,"href":"https:\/\/mhcalculos.com.br\/noticias\/wp-json\/wp\/v2\/comments?post=1836"}],"version-history":[{"count":1,"href":"https:\/\/mhcalculos.com.br\/noticias\/wp-json\/wp\/v2\/posts\/1836\/revisions"}],"predecessor-version":[{"id":1851,"href":"https:\/\/mhcalculos.com.br\/noticias\/wp-json\/wp\/v2\/posts\/1836\/revisions\/1851"}],"wp:featuredmedia":[{"embeddable":true,"href":"https:\/\/mhcalculos.com.br\/noticias\/wp-json\/wp\/v2\/media\/1521"}],"wp:attachment":[{"href":"https:\/\/mhcalculos.com.br\/noticias\/wp-json\/wp\/v2\/media?parent=1836"}],"wp:term":[{"taxonomy":"category","embeddable":true,"href":"https:\/\/mhcalculos.com.br\/noticias\/wp-json\/wp\/v2\/categories?post=1836"},{"taxonomy":"post_tag","embeddable":true,"href":"https:\/\/mhcalculos.com.br\/noticias\/wp-json\/wp\/v2\/tags?post=1836"}],"curies":[{"name":"wp","href":"https:\/\/api.w.org\/{rel}","templated":true}]}}