{"id":1824,"date":"2018-06-08T17:30:00","date_gmt":"2018-06-08T20:30:00","guid":{"rendered":"https:\/\/mhcalculos.com.br\/noticias\/2018\/06\/08\/tribunal-casa-da-moeda-e-sindicato-vao-assinar-acordo-coletivo-no-tribunal-na-quarta-feira-13\/"},"modified":"2021-07-28T14:34:44","modified_gmt":"2021-07-28T17:34:44","slug":"tst-casa-da-moeda-e-sindicato-vao-assinar-acordo-coletivo-no-tribunal-na-quarta-feira-13","status":"publish","type":"post","link":"https:\/\/mhcalculos.com.br\/noticias\/area\/trabalhista\/tst-casa-da-moeda-e-sindicato-vao-assinar-acordo-coletivo-no-tribunal-na-quarta-feira-13.html","title":{"rendered":"TST: Casa da Moeda e sindicato v\u00e3o assinar acordo coletivo no Tribunal na quarta-feira (13)"},"content":{"rendered":"<p><br \/>\n  <\/p>\n<p >O vice-presidente do Tribunal Superior do Trabalho, ministro Renato de Lacerda Paiva, designou para a pr\u00f3xima quarta-feira (13), \u00e0s 14h, audi\u00eancia para a homologa\u00e7\u00e3o de acordo coletivo de trabalho entre a Casa da Moeda do Brasil e o Sindicato Nacional dos Trabalhadores na Ind\u00fastria Moedeira (SNM). O acordo decorre de procedimento de media\u00e7\u00e3o e concilia\u00e7\u00e3o pr\u00e9-processual no TST e contempla as cl\u00e1usulas econ\u00f4micas de 2017 e 2018, al\u00e9m das cl\u00e1usulas sociais deste ano.<\/p>\n<p >O documento prev\u00ea reajuste de 3,51% sobre sal\u00e1rios e benef\u00edcios, retroativo a janeiro de 2018, para todos os empregados que mantinham rela\u00e7\u00e3o de emprego com a Casa da Moeda em 1\u00ba\/1\/2018, data-base da categoria. Haver\u00e1 aumento no aux\u00edlio-alimenta\u00e7\u00e3o no valor de R$ 36, tamb\u00e9m retroativo a&nbsp;janeiro. O acordo ainda traz abono indenizat\u00f3rio de R$ 1 mil para quem era empregado da entidade no primeiro dia do atual ano.<\/p>\n<p >Essas normas resultaram de proposta do ministro Renato Paiva, constru\u00edda em diversas reuni\u00f5es com a empresa p\u00fablica e os representantes do sindicato. De acordo com o vice-presidente, procurou-se recompor os sal\u00e1rios por meio do reajuste retroativo a janeiro de 2018. Quanto ao ano de 2017, al\u00e9m da retroatividade ampla do aux\u00edlio-alimenta\u00e7\u00e3o e parcial do reajuste do sal\u00e1rio, h\u00e1 o abono, cujo efeito \u00e9 compensat\u00f3rio.<\/p>\n<p ><strong>Cl\u00e1usulas sociais<\/strong><\/p>\n<p >O ministro Renato Paiva entende que, no atual cen\u00e1rio de infla\u00e7\u00e3o baixa, o elemento mais importante da negocia\u00e7\u00e3o coletiva n\u00e3o costuma ser a cl\u00e1usula econ\u00f4mica ou o \u00edndice de reajuste, mas as cl\u00e1usulas sociais.<\/p>\n<p >Nesse sentido, o acordo prestes a ser assinado mant\u00e9m praticamente todos os itens de natureza social do instrumento coletivo de 2017. No entanto, h\u00e1 ressalva quanto \u00e0 idade para utiliza\u00e7\u00e3o da creche interna, exclus\u00e3o da cl\u00e1usula sobre parcelamento de f\u00e9rias, amplia\u00e7\u00e3o da licen\u00e7a-paternidade e nova cl\u00e1usula de custeio sindical na forma do acordo no processo PMPP 1000191-76.2018.5.00.0000 (caso Vale S\/A x Sindicato dos Ferrovi\u00e1rios do Maranh\u00e3o, Par\u00e1 e Tocantins).<\/p>\n<p >(GS\/CF)<\/p>\n<p >Processo: PMPP-1000054-94.2018.2.00.0000<\/p>\n<p>       <\/br><br \/>\n<br \/><i>Com informa\u00e7\u00f5es da assessoria de imprensa do TST.<\/i><br \/>\n<br \/><a href=\"http:\/\/www.tst.jus.br\/web\/guest\/noticias?p_p_id=89Dk&#038;p_p_lifecycle=0&#038;refererPlid=10730&#038;_89Dk_struts_action=%2Fjournal_content%2Fview&#038;_89Dk_groupId=10157&#038;_89Dk_articleId=24595384\">Fonte<\/a><br \/>\n<br \/><\/p>\n","protected":false},"excerpt":{"rendered":"<p>O vice-presidente do Tribunal Superior do Trabalho, ministro Renato de Lacerda Paiva, designou para a pr\u00f3xima quarta-feira (13), \u00e0s 14h, audi\u00eancia para a homologa\u00e7\u00e3o de acordo coletivo de trabalho entre a Casa da Moeda do Brasil e o Sindicato Nacional dos Trabalhadores na Ind\u00fastria Moedeira (SNM). O acordo decorre de procedimento de media\u00e7\u00e3o e concilia\u00e7\u00e3o [&hellip;]<\/p>\n","protected":false},"author":3063,"featured_media":1825,"comment_status":"open","ping_status":"open","sticky":false,"template":"","format":"standard","meta":{"footnotes":""},"categories":[3,21],"tags":[33,216,9,12,217,215],"class_list":{"0":"post-1824","1":"post","2":"type-post","3":"status-publish","4":"format-standard","5":"has-post-thumbnail","7":"category-trabalhista","8":"category-tst","9":"tag-calculos-trabalhistas","10":"tag-direito-trabalhista","11":"tag-pericia","12":"tag-perito","13":"tag-trabalho","14":"tag-tst"},"yoast_head":"<!-- This site is optimized with the Yoast SEO plugin v27.2 - https:\/\/yoast.com\/product\/yoast-seo-wordpress\/ -->\n<title>TST: Casa da Moeda e sindicato v\u00e3o assinar acordo coletivo no Tribunal na quarta-feira (13) | Portal de Not\u00edcias<\/title>\n<meta name=\"robots\" content=\"index, follow, max-snippet:-1, max-image-preview:large, max-video-preview:-1\" \/>\n<link rel=\"canonical\" href=\"https:\/\/mhcalculos.com.br\/noticias\/area\/trabalhista\/tst-casa-da-moeda-e-sindicato-vao-assinar-acordo-coletivo-no-tribunal-na-quarta-feira-13.html\" \/>\n<meta property=\"og:locale\" content=\"pt_BR\" \/>\n<meta property=\"og:type\" content=\"article\" \/>\n<meta property=\"og:title\" content=\"TST: Casa da Moeda e sindicato v\u00e3o assinar acordo coletivo no Tribunal na quarta-feira (13) | Portal de Not\u00edcias\" \/>\n<meta property=\"og:description\" content=\"O vice-presidente do Tribunal Superior do Trabalho, ministro Renato de Lacerda Paiva, designou para a pr\u00f3xima quarta-feira (13), \u00e0s 14h, audi\u00eancia para a homologa\u00e7\u00e3o de acordo coletivo de trabalho entre a Casa da Moeda do Brasil e o Sindicato Nacional dos Trabalhadores na Ind\u00fastria Moedeira (SNM). O acordo decorre de procedimento de media\u00e7\u00e3o e concilia\u00e7\u00e3o [&hellip;]\" \/>\n<meta property=\"og:url\" content=\"https:\/\/mhcalculos.com.br\/noticias\/area\/trabalhista\/tst-casa-da-moeda-e-sindicato-vao-assinar-acordo-coletivo-no-tribunal-na-quarta-feira-13.html\" \/>\n<meta property=\"og:site_name\" content=\"Portal de Not\u00edcias\" \/>\n<meta property=\"article:published_time\" content=\"2018-06-08T20:30:00+00:00\" \/>\n<meta property=\"article:modified_time\" content=\"2021-07-28T17:34:44+00:00\" \/>\n<meta property=\"og:image\" content=\"https:\/\/mhcalculos.com.br\/noticias\/wp-content\/uploads\/sites\/2\/2018\/06\/judiciario-0037.jpg\" \/>\n\t<meta property=\"og:image:width\" content=\"2000\" \/>\n\t<meta property=\"og:image:height\" content=\"800\" \/>\n\t<meta property=\"og:image:type\" content=\"image\/jpeg\" \/>\n<meta name=\"author\" content=\"Equipe MH\" \/>\n<meta name=\"twitter:card\" content=\"summary_large_image\" \/>\n<meta name=\"twitter:label1\" content=\"Escrito por\" \/>\n\t<meta name=\"twitter:data1\" content=\"Equipe MH\" \/>\n\t<meta name=\"twitter:label2\" content=\"Est. tempo de leitura\" \/>\n\t<meta name=\"twitter:data2\" content=\"2 minutos\" \/>\n<script type=\"application\/ld+json\" class=\"yoast-schema-graph\">{\"@context\":\"https:\/\/schema.org\",\"@graph\":[{\"@type\":\"Article\",\"@id\":\"https:\/\/mhcalculos.com.br\/noticias\/area\/trabalhista\/tst-casa-da-moeda-e-sindicato-vao-assinar-acordo-coletivo-no-tribunal-na-quarta-feira-13.html#article\",\"isPartOf\":{\"@id\":\"https:\/\/mhcalculos.com.br\/noticias\/area\/trabalhista\/tst-casa-da-moeda-e-sindicato-vao-assinar-acordo-coletivo-no-tribunal-na-quarta-feira-13.html\"},\"author\":{\"name\":\"Equipe MH\",\"@id\":\"https:\/\/mhcalculos.com.br\/noticias\/#\/schema\/person\/88d1c34bf72dc779ea14a5a6b8e0ae8d\"},\"headline\":\"TST: Casa da Moeda e sindicato v\u00e3o assinar acordo coletivo no Tribunal na quarta-feira (13)\",\"datePublished\":\"2018-06-08T20:30:00+00:00\",\"dateModified\":\"2021-07-28T17:34:44+00:00\",\"mainEntityOfPage\":{\"@id\":\"https:\/\/mhcalculos.com.br\/noticias\/area\/trabalhista\/tst-casa-da-moeda-e-sindicato-vao-assinar-acordo-coletivo-no-tribunal-na-quarta-feira-13.html\"},\"wordCount\":377,\"commentCount\":0,\"image\":{\"@id\":\"https:\/\/mhcalculos.com.br\/noticias\/area\/trabalhista\/tst-casa-da-moeda-e-sindicato-vao-assinar-acordo-coletivo-no-tribunal-na-quarta-feira-13.html#primaryimage\"},\"thumbnailUrl\":\"https:\/\/mhcalculos.com.br\/noticias\/wp-content\/uploads\/sites\/2\/2018\/06\/judiciario-0037.jpg\",\"keywords\":[\"c\u00e1lculos trabalhistas\",\"direito trabalhista\",\"per\u00edcia\",\"perito\",\"trabalho\",\"TST\"],\"articleSection\":[\"Direito Trabalhista\",\"TST\"],\"inLanguage\":\"pt-BR\",\"potentialAction\":[{\"@type\":\"CommentAction\",\"name\":\"Comment\",\"target\":[\"https:\/\/mhcalculos.com.br\/noticias\/area\/trabalhista\/tst-casa-da-moeda-e-sindicato-vao-assinar-acordo-coletivo-no-tribunal-na-quarta-feira-13.html#respond\"]}]},{\"@type\":\"WebPage\",\"@id\":\"https:\/\/mhcalculos.com.br\/noticias\/area\/trabalhista\/tst-casa-da-moeda-e-sindicato-vao-assinar-acordo-coletivo-no-tribunal-na-quarta-feira-13.html\",\"url\":\"https:\/\/mhcalculos.com.br\/noticias\/area\/trabalhista\/tst-casa-da-moeda-e-sindicato-vao-assinar-acordo-coletivo-no-tribunal-na-quarta-feira-13.html\",\"name\":\"TST: Casa da Moeda e sindicato v\u00e3o assinar acordo coletivo no Tribunal na quarta-feira (13) | Portal de Not\u00edcias\",\"isPartOf\":{\"@id\":\"https:\/\/mhcalculos.com.br\/noticias\/#website\"},\"primaryImageOfPage\":{\"@id\":\"https:\/\/mhcalculos.com.br\/noticias\/area\/trabalhista\/tst-casa-da-moeda-e-sindicato-vao-assinar-acordo-coletivo-no-tribunal-na-quarta-feira-13.html#primaryimage\"},\"image\":{\"@id\":\"https:\/\/mhcalculos.com.br\/noticias\/area\/trabalhista\/tst-casa-da-moeda-e-sindicato-vao-assinar-acordo-coletivo-no-tribunal-na-quarta-feira-13.html#primaryimage\"},\"thumbnailUrl\":\"https:\/\/mhcalculos.com.br\/noticias\/wp-content\/uploads\/sites\/2\/2018\/06\/judiciario-0037.jpg\",\"datePublished\":\"2018-06-08T20:30:00+00:00\",\"dateModified\":\"2021-07-28T17:34:44+00:00\",\"author\":{\"@id\":\"https:\/\/mhcalculos.com.br\/noticias\/#\/schema\/person\/88d1c34bf72dc779ea14a5a6b8e0ae8d\"},\"breadcrumb\":{\"@id\":\"https:\/\/mhcalculos.com.br\/noticias\/area\/trabalhista\/tst-casa-da-moeda-e-sindicato-vao-assinar-acordo-coletivo-no-tribunal-na-quarta-feira-13.html#breadcrumb\"},\"inLanguage\":\"pt-BR\",\"potentialAction\":[{\"@type\":\"ReadAction\",\"target\":[\"https:\/\/mhcalculos.com.br\/noticias\/area\/trabalhista\/tst-casa-da-moeda-e-sindicato-vao-assinar-acordo-coletivo-no-tribunal-na-quarta-feira-13.html\"]}]},{\"@type\":\"ImageObject\",\"inLanguage\":\"pt-BR\",\"@id\":\"https:\/\/mhcalculos.com.br\/noticias\/area\/trabalhista\/tst-casa-da-moeda-e-sindicato-vao-assinar-acordo-coletivo-no-tribunal-na-quarta-feira-13.html#primaryimage\",\"url\":\"https:\/\/mhcalculos.com.br\/noticias\/wp-content\/uploads\/sites\/2\/2018\/06\/judiciario-0037.jpg\",\"contentUrl\":\"https:\/\/mhcalculos.com.br\/noticias\/wp-content\/uploads\/sites\/2\/2018\/06\/judiciario-0037.jpg\",\"width\":2000,\"height\":800},{\"@type\":\"BreadcrumbList\",\"@id\":\"https:\/\/mhcalculos.com.br\/noticias\/area\/trabalhista\/tst-casa-da-moeda-e-sindicato-vao-assinar-acordo-coletivo-no-tribunal-na-quarta-feira-13.html#breadcrumb\",\"itemListElement\":[{\"@type\":\"ListItem\",\"position\":1,\"name\":\"In\u00edcio\",\"item\":\"https:\/\/mhcalculos.com.br\/noticias\/\"},{\"@type\":\"ListItem\",\"position\":2,\"name\":\"TST: Casa da Moeda e sindicato v\u00e3o assinar acordo coletivo no Tribunal na quarta-feira (13)\"}]},{\"@type\":\"WebSite\",\"@id\":\"https:\/\/mhcalculos.com.br\/noticias\/#website\",\"url\":\"https:\/\/mhcalculos.com.br\/noticias\/\",\"name\":\"Portal de Not\u00edcias\",\"description\":\"Not\u00edcias e Jurisprud\u00eancia\",\"potentialAction\":[{\"@type\":\"SearchAction\",\"target\":{\"@type\":\"EntryPoint\",\"urlTemplate\":\"https:\/\/mhcalculos.com.br\/noticias\/?s={search_term_string}\"},\"query-input\":{\"@type\":\"PropertyValueSpecification\",\"valueRequired\":true,\"valueName\":\"search_term_string\"}}],\"inLanguage\":\"pt-BR\"},{\"@type\":\"Person\",\"@id\":\"https:\/\/mhcalculos.com.br\/noticias\/#\/schema\/person\/88d1c34bf72dc779ea14a5a6b8e0ae8d\",\"name\":\"Equipe MH\",\"image\":{\"@type\":\"ImageObject\",\"inLanguage\":\"pt-BR\",\"@id\":\"https:\/\/secure.gravatar.com\/avatar\/de1c686c2ecc9c5a3f327e3431d819eb39f8f05d4e1045f5a1caad6daaba987f?s=96&d=mm&r=g\",\"url\":\"https:\/\/secure.gravatar.com\/avatar\/de1c686c2ecc9c5a3f327e3431d819eb39f8f05d4e1045f5a1caad6daaba987f?s=96&d=mm&r=g\",\"contentUrl\":\"https:\/\/secure.gravatar.com\/avatar\/de1c686c2ecc9c5a3f327e3431d819eb39f8f05d4e1045f5a1caad6daaba987f?s=96&d=mm&r=g\",\"caption\":\"Equipe MH\"}}]}<\/script>\n<!-- \/ Yoast SEO plugin. -->","yoast_head_json":{"title":"TST: Casa da Moeda e sindicato v\u00e3o assinar acordo coletivo no Tribunal na quarta-feira (13) | Portal de Not\u00edcias","robots":{"index":"index","follow":"follow","max-snippet":"max-snippet:-1","max-image-preview":"max-image-preview:large","max-video-preview":"max-video-preview:-1"},"canonical":"https:\/\/mhcalculos.com.br\/noticias\/area\/trabalhista\/tst-casa-da-moeda-e-sindicato-vao-assinar-acordo-coletivo-no-tribunal-na-quarta-feira-13.html","og_locale":"pt_BR","og_type":"article","og_title":"TST: Casa da Moeda e sindicato v\u00e3o assinar acordo coletivo no Tribunal na quarta-feira (13) | Portal de Not\u00edcias","og_description":"O vice-presidente do Tribunal Superior do Trabalho, ministro Renato de Lacerda Paiva, designou para a pr\u00f3xima quarta-feira (13), \u00e0s 14h, audi\u00eancia para a homologa\u00e7\u00e3o de acordo coletivo de trabalho entre a Casa da Moeda do Brasil e o Sindicato Nacional dos Trabalhadores na Ind\u00fastria Moedeira (SNM). O acordo decorre de procedimento de media\u00e7\u00e3o e concilia\u00e7\u00e3o [&hellip;]","og_url":"https:\/\/mhcalculos.com.br\/noticias\/area\/trabalhista\/tst-casa-da-moeda-e-sindicato-vao-assinar-acordo-coletivo-no-tribunal-na-quarta-feira-13.html","og_site_name":"Portal de Not\u00edcias","article_published_time":"2018-06-08T20:30:00+00:00","article_modified_time":"2021-07-28T17:34:44+00:00","og_image":[{"width":2000,"height":800,"url":"https:\/\/mhcalculos.com.br\/noticias\/wp-content\/uploads\/sites\/2\/2018\/06\/judiciario-0037.jpg","type":"image\/jpeg"}],"author":"Equipe MH","twitter_card":"summary_large_image","twitter_misc":{"Escrito por":"Equipe MH","Est. tempo de leitura":"2 minutos"},"schema":{"@context":"https:\/\/schema.org","@graph":[{"@type":"Article","@id":"https:\/\/mhcalculos.com.br\/noticias\/area\/trabalhista\/tst-casa-da-moeda-e-sindicato-vao-assinar-acordo-coletivo-no-tribunal-na-quarta-feira-13.html#article","isPartOf":{"@id":"https:\/\/mhcalculos.com.br\/noticias\/area\/trabalhista\/tst-casa-da-moeda-e-sindicato-vao-assinar-acordo-coletivo-no-tribunal-na-quarta-feira-13.html"},"author":{"name":"Equipe MH","@id":"https:\/\/mhcalculos.com.br\/noticias\/#\/schema\/person\/88d1c34bf72dc779ea14a5a6b8e0ae8d"},"headline":"TST: Casa da Moeda e sindicato v\u00e3o assinar acordo coletivo no Tribunal na quarta-feira (13)","datePublished":"2018-06-08T20:30:00+00:00","dateModified":"2021-07-28T17:34:44+00:00","mainEntityOfPage":{"@id":"https:\/\/mhcalculos.com.br\/noticias\/area\/trabalhista\/tst-casa-da-moeda-e-sindicato-vao-assinar-acordo-coletivo-no-tribunal-na-quarta-feira-13.html"},"wordCount":377,"commentCount":0,"image":{"@id":"https:\/\/mhcalculos.com.br\/noticias\/area\/trabalhista\/tst-casa-da-moeda-e-sindicato-vao-assinar-acordo-coletivo-no-tribunal-na-quarta-feira-13.html#primaryimage"},"thumbnailUrl":"https:\/\/mhcalculos.com.br\/noticias\/wp-content\/uploads\/sites\/2\/2018\/06\/judiciario-0037.jpg","keywords":["c\u00e1lculos trabalhistas","direito trabalhista","per\u00edcia","perito","trabalho","TST"],"articleSection":["Direito Trabalhista","TST"],"inLanguage":"pt-BR","potentialAction":[{"@type":"CommentAction","name":"Comment","target":["https:\/\/mhcalculos.com.br\/noticias\/area\/trabalhista\/tst-casa-da-moeda-e-sindicato-vao-assinar-acordo-coletivo-no-tribunal-na-quarta-feira-13.html#respond"]}]},{"@type":"WebPage","@id":"https:\/\/mhcalculos.com.br\/noticias\/area\/trabalhista\/tst-casa-da-moeda-e-sindicato-vao-assinar-acordo-coletivo-no-tribunal-na-quarta-feira-13.html","url":"https:\/\/mhcalculos.com.br\/noticias\/area\/trabalhista\/tst-casa-da-moeda-e-sindicato-vao-assinar-acordo-coletivo-no-tribunal-na-quarta-feira-13.html","name":"TST: Casa da Moeda e sindicato v\u00e3o assinar acordo coletivo no Tribunal na quarta-feira (13) | Portal de Not\u00edcias","isPartOf":{"@id":"https:\/\/mhcalculos.com.br\/noticias\/#website"},"primaryImageOfPage":{"@id":"https:\/\/mhcalculos.com.br\/noticias\/area\/trabalhista\/tst-casa-da-moeda-e-sindicato-vao-assinar-acordo-coletivo-no-tribunal-na-quarta-feira-13.html#primaryimage"},"image":{"@id":"https:\/\/mhcalculos.com.br\/noticias\/area\/trabalhista\/tst-casa-da-moeda-e-sindicato-vao-assinar-acordo-coletivo-no-tribunal-na-quarta-feira-13.html#primaryimage"},"thumbnailUrl":"https:\/\/mhcalculos.com.br\/noticias\/wp-content\/uploads\/sites\/2\/2018\/06\/judiciario-0037.jpg","datePublished":"2018-06-08T20:30:00+00:00","dateModified":"2021-07-28T17:34:44+00:00","author":{"@id":"https:\/\/mhcalculos.com.br\/noticias\/#\/schema\/person\/88d1c34bf72dc779ea14a5a6b8e0ae8d"},"breadcrumb":{"@id":"https:\/\/mhcalculos.com.br\/noticias\/area\/trabalhista\/tst-casa-da-moeda-e-sindicato-vao-assinar-acordo-coletivo-no-tribunal-na-quarta-feira-13.html#breadcrumb"},"inLanguage":"pt-BR","potentialAction":[{"@type":"ReadAction","target":["https:\/\/mhcalculos.com.br\/noticias\/area\/trabalhista\/tst-casa-da-moeda-e-sindicato-vao-assinar-acordo-coletivo-no-tribunal-na-quarta-feira-13.html"]}]},{"@type":"ImageObject","inLanguage":"pt-BR","@id":"https:\/\/mhcalculos.com.br\/noticias\/area\/trabalhista\/tst-casa-da-moeda-e-sindicato-vao-assinar-acordo-coletivo-no-tribunal-na-quarta-feira-13.html#primaryimage","url":"https:\/\/mhcalculos.com.br\/noticias\/wp-content\/uploads\/sites\/2\/2018\/06\/judiciario-0037.jpg","contentUrl":"https:\/\/mhcalculos.com.br\/noticias\/wp-content\/uploads\/sites\/2\/2018\/06\/judiciario-0037.jpg","width":2000,"height":800},{"@type":"BreadcrumbList","@id":"https:\/\/mhcalculos.com.br\/noticias\/area\/trabalhista\/tst-casa-da-moeda-e-sindicato-vao-assinar-acordo-coletivo-no-tribunal-na-quarta-feira-13.html#breadcrumb","itemListElement":[{"@type":"ListItem","position":1,"name":"In\u00edcio","item":"https:\/\/mhcalculos.com.br\/noticias\/"},{"@type":"ListItem","position":2,"name":"TST: Casa da Moeda e sindicato v\u00e3o assinar acordo coletivo no Tribunal na quarta-feira (13)"}]},{"@type":"WebSite","@id":"https:\/\/mhcalculos.com.br\/noticias\/#website","url":"https:\/\/mhcalculos.com.br\/noticias\/","name":"Portal de Not\u00edcias","description":"Not\u00edcias e Jurisprud\u00eancia","potentialAction":[{"@type":"SearchAction","target":{"@type":"EntryPoint","urlTemplate":"https:\/\/mhcalculos.com.br\/noticias\/?s={search_term_string}"},"query-input":{"@type":"PropertyValueSpecification","valueRequired":true,"valueName":"search_term_string"}}],"inLanguage":"pt-BR"},{"@type":"Person","@id":"https:\/\/mhcalculos.com.br\/noticias\/#\/schema\/person\/88d1c34bf72dc779ea14a5a6b8e0ae8d","name":"Equipe MH","image":{"@type":"ImageObject","inLanguage":"pt-BR","@id":"https:\/\/secure.gravatar.com\/avatar\/de1c686c2ecc9c5a3f327e3431d819eb39f8f05d4e1045f5a1caad6daaba987f?s=96&d=mm&r=g","url":"https:\/\/secure.gravatar.com\/avatar\/de1c686c2ecc9c5a3f327e3431d819eb39f8f05d4e1045f5a1caad6daaba987f?s=96&d=mm&r=g","contentUrl":"https:\/\/secure.gravatar.com\/avatar\/de1c686c2ecc9c5a3f327e3431d819eb39f8f05d4e1045f5a1caad6daaba987f?s=96&d=mm&r=g","caption":"Equipe MH"}}]}},"_links":{"self":[{"href":"https:\/\/mhcalculos.com.br\/noticias\/wp-json\/wp\/v2\/posts\/1824","targetHints":{"allow":["GET"]}}],"collection":[{"href":"https:\/\/mhcalculos.com.br\/noticias\/wp-json\/wp\/v2\/posts"}],"about":[{"href":"https:\/\/mhcalculos.com.br\/noticias\/wp-json\/wp\/v2\/types\/post"}],"author":[{"embeddable":true,"href":"https:\/\/mhcalculos.com.br\/noticias\/wp-json\/wp\/v2\/users\/3063"}],"replies":[{"embeddable":true,"href":"https:\/\/mhcalculos.com.br\/noticias\/wp-json\/wp\/v2\/comments?post=1824"}],"version-history":[{"count":1,"href":"https:\/\/mhcalculos.com.br\/noticias\/wp-json\/wp\/v2\/posts\/1824\/revisions"}],"predecessor-version":[{"id":1853,"href":"https:\/\/mhcalculos.com.br\/noticias\/wp-json\/wp\/v2\/posts\/1824\/revisions\/1853"}],"wp:featuredmedia":[{"embeddable":true,"href":"https:\/\/mhcalculos.com.br\/noticias\/wp-json\/wp\/v2\/media\/1825"}],"wp:attachment":[{"href":"https:\/\/mhcalculos.com.br\/noticias\/wp-json\/wp\/v2\/media?parent=1824"}],"wp:term":[{"taxonomy":"category","embeddable":true,"href":"https:\/\/mhcalculos.com.br\/noticias\/wp-json\/wp\/v2\/categories?post=1824"},{"taxonomy":"post_tag","embeddable":true,"href":"https:\/\/mhcalculos.com.br\/noticias\/wp-json\/wp\/v2\/tags?post=1824"}],"curies":[{"name":"wp","href":"https:\/\/api.w.org\/{rel}","templated":true}]}}