{"id":1818,"date":"2018-06-08T15:40:00","date_gmt":"2018-06-08T18:40:00","guid":{"rendered":"https:\/\/mhcalculos.com.br\/noticias\/2018\/06\/08\/tribunal-programa-conciliando-destaca-resultados-da-semana-nacional-da-conciliacao-trabalhista\/"},"modified":"2021-07-28T14:34:45","modified_gmt":"2021-07-28T17:34:45","slug":"tst-programa-conciliando-destaca-resultados-da-semana-nacional-da-conciliacao-trabalhista","status":"publish","type":"post","link":"https:\/\/mhcalculos.com.br\/noticias\/area\/trabalhista\/tst-programa-conciliando-destaca-resultados-da-semana-nacional-da-conciliacao-trabalhista.html","title":{"rendered":"TST: Programa Conciliando destaca resultados da Semana Nacional da Concilia\u00e7\u00e3o Trabalhista"},"content":{"rendered":"<p><br \/>\n<br \/> <audio controls=\"\" id=\"demo\" preload=\"none\" src=\"http:\/\/www.tst.jus.br\/documents\/10157\/24590586\/PGM+66+-+CONCILIANDO+-+COMPLETO.mp3\/cfedeae0-3d36-e0f3-ab31-577f17ec1e6f\">&nbsp;<\/audio> &nbsp;&nbsp;&nbsp;&nbsp;&nbsp;&nbsp;&nbsp;&nbsp; &nbsp;&nbsp;&nbsp;&nbsp;&nbsp;&nbsp;&nbsp;&nbsp; &nbsp;&nbsp;&nbsp;&nbsp;&nbsp;&nbsp; <a href=\"http:\/\/www.tst.jus.br\/documents\/10157\/24590586\/PGM+66+-+CONCILIANDO+-+COMPLETO.mp3\/cfedeae0-3d36-e0f3-ab31-577f17ec1e6f\"> Baixe o \u00e1udio <\/a>  <button>Reproduzir o \u00e1udio<\/button>&nbsp;&nbsp;<button>Pausar o \u00e1udio<\/button>&nbsp;&nbsp;<button>Aumentar o volume<\/button>&nbsp;&nbsp;<button>Diminuir o volume<\/button> &nbsp; <\/p>\n<p>(Sex, 08 Jun 2018 15:40:00)<\/p>\n<p>O programa Conciliando desta semana apresentou os resultados da quarta edi\u00e7\u00e3o da Semana Nacional da Concilia\u00e7\u00e3o Trabalhista. O evento arrecadou cerca de R$ 875 milh\u00f5es em acordos firmados em todo o Brasil. O valor superou os R$ 749 milh\u00f5es alcan\u00e7ados na edi\u00e7\u00e3o do ano passado. O quadro \u201cGiro de Not\u00edcias\u201d detalhou o trabalho realizado em v\u00e1rios Tribunais Regionais do Trabalho durante a semana, com boletins do TRT da 18\u00aa Regi\u00e3o, com jurisdi\u00e7\u00e3o no Goi\u00e1s, TRT da 21\u00aa Regi\u00e3o, com jurisdi\u00e7\u00e3o no Rio Grande do Norte, e TRT da 3\u00aa Regi\u00e3o, com jurisdi\u00e7\u00e3o em Minas Gerais.<\/p>\n<p>Um acordo de R$ 48 milh\u00f5es homologado no TRT da 15\u00aa Regi\u00e3o, com jurisdi\u00e7\u00e3o em Campinas (SP) e regi\u00e3o, tamb\u00e9m foi destaque no \u201cGiro\u201d. A concilia\u00e7\u00e3o encerrou 2,8 mil processos trabalhistas do Grupo Virgulino de Oliveira de A\u00e7\u00facar e \u00c1lcool. O conglomerado pagar\u00e1 R$ 40 milh\u00f5es em 40 parcelas para quitar processos em fase de liquida\u00e7\u00e3o e execu\u00e7\u00e3o. Para as demandas em fase de conhecimento, a d\u00edvida ser\u00e1 paga em 29 parcelas de R$ 300 mil, totalizando R$ 8 milh\u00f5es.<\/p>\n<p>O TRT da 10\u00aa Regi\u00e3o, com jurisdi\u00e7\u00e3o no Distrito Federal e Tocantins, tamb\u00e9m foi not\u00edcia no \u201cGiro\u201d. O Tribunal homologou 20 acordos envolvendo a Associa\u00e7\u00e3o de Mulheres de Presidente Figueiredo (AM) e empreiteiras contratadas para construir moradias populares. Os acordos totalizaram R$ 452 mil e beneficiar\u00e3o cerca de 40 trabalhadores.<\/p>\n<p>Ainda no primeiro bloco, o programa divulgou mais uma grande concilia\u00e7\u00e3o realizada durante a Semana. A 4\u00aa Vara do Trabalho de Teresina (PI) intermediou acordo de R$ 3 milh\u00f5es entre o Banco do Brasil e o Sindicato dos Empregados em Estabelecimentos Banc\u00e1rios e Financeiros. O banco se comprometeu a recolher o repasse dos valores referentes \u00e0s parcelas de FGTS, INSS, Imposto de Renda e honor\u00e1rios advocat\u00edcios de sucumb\u00eancia.<\/p>\n<p>No segundo bloco, o quadro de entrevistas contou com o presidente do Sindicato dos Trabalhadores em Empresas Ferrovi\u00e1rias do Maranh\u00e3o, Par\u00e1 e Tocantins, L\u00facio Azevedo, al\u00e9m do advogado da Vale, Rafael Grucci. Durante o bate-papo, eles falaram sobre a experi\u00eancia de participar da media\u00e7\u00e3o conduzida pela Vice-Presid\u00eancia do Tribunal Superior do Trabalho (TST) envolvendo o entidade sindical e a empresa.<\/p>\n<p>O programa &#8220;Conciliando&#8221; \u00e9 uma produ\u00e7\u00e3o da Comiss\u00e3o Nacional de Promo\u00e7\u00e3o \u00e0 Concilia\u00e7\u00e3o, ligada \u00e0 Vice-Presid\u00eancia do CSJT, em parceria com a R\u00e1dio TST. O programa vai ao ar todas as sextas-feiras, \u00e0s 16h30, na R\u00e1dio Justi\u00e7a (104.7 FM), com reprise aos s\u00e1bados e aos domingos, \u00e0s 9h30.<\/p>\n<p>Apresenta\u00e7\u00e3o: Rafael Silva<\/p>\n<p>Coment\u00e1rios: Juiz do Trabalho Rog\u00e9rio Neiva<\/p>\n<p>Edi\u00e7\u00e3o: Bruno Lima<\/p>\n<p>Coordena\u00e7\u00e3o e Trabalhos T\u00e9cnicos: R\u00e1dio TST<\/p>\n<p>Contato: comunica@csjt.jus.br<\/p>\n<p>   O programa Conciliando vai ao ar na R\u00e1dio Justi\u00e7a todas as&nbsp;sextas-feiras, \u00e0s 15h30, com reprises aos s\u00e1bados e domigos, \u00e0s 09h30. O programa tamb\u00e9m pode ser acessado pelo site <a href=\"http:\/\/www.csjt.jus.br\/programa-conciliando\">www.csjt.jus.br\/programa-conciliando<\/a> &nbsp; Conciliando&nbsp; R\u00e1dio Justi\u00e7a &#8211; Bras\u00edlia \u2013 104,7 FM    Esta mat\u00e9ria tem car\u00e1ter informativo, sem cunho oficial. Permitida a reprodu\u00e7\u00e3o mediante cita\u00e7\u00e3o da fonte. Coordenadoria de R\u00e1dio e TV Tribunal Superior do Trabalho Tel. (61) 3043-4264 crtv@tst.jus.br<br \/>\n<br \/><i>Com informa\u00e7\u00f5es da assessoria de imprensa do TST.<\/i><br \/>\n<br \/><a href=\"http:\/\/www.tst.jus.br\/web\/guest\/noticias?p_p_id=89Dk&#038;p_p_lifecycle=0&#038;refererPlid=10730&#038;_89Dk_struts_action=%2Fjournal_content%2Fview&#038;_89Dk_groupId=10157&#038;_89Dk_articleId=24595556\">Fonte<\/a><br \/>\n<br \/><\/p>\n","protected":false},"excerpt":{"rendered":"<p>&nbsp; &nbsp;&nbsp;&nbsp;&nbsp;&nbsp;&nbsp;&nbsp;&nbsp; &nbsp;&nbsp;&nbsp;&nbsp;&nbsp;&nbsp;&nbsp;&nbsp; &nbsp;&nbsp;&nbsp;&nbsp;&nbsp;&nbsp; Baixe o \u00e1udio Reproduzir o \u00e1udio&nbsp;&nbsp;Pausar o \u00e1udio&nbsp;&nbsp;Aumentar o volume&nbsp;&nbsp;Diminuir o volume &nbsp; (Sex, 08 Jun 2018 15:40:00) O programa Conciliando desta semana apresentou os resultados da quarta edi\u00e7\u00e3o da Semana Nacional da Concilia\u00e7\u00e3o Trabalhista. O evento arrecadou cerca de R$ 875 milh\u00f5es em acordos firmados em todo o Brasil. O [&hellip;]<\/p>\n","protected":false},"author":3063,"featured_media":1819,"comment_status":"open","ping_status":"open","sticky":false,"template":"","format":"standard","meta":{"footnotes":""},"categories":[3,21],"tags":[33,216,9,12,217,215],"class_list":{"0":"post-1818","1":"post","2":"type-post","3":"status-publish","4":"format-standard","5":"has-post-thumbnail","7":"category-trabalhista","8":"category-tst","9":"tag-calculos-trabalhistas","10":"tag-direito-trabalhista","11":"tag-pericia","12":"tag-perito","13":"tag-trabalho","14":"tag-tst"},"yoast_head":"<!-- This site is optimized with the Yoast SEO plugin v27.2 - https:\/\/yoast.com\/product\/yoast-seo-wordpress\/ -->\n<title>TST: Programa Conciliando destaca resultados da Semana Nacional da Concilia\u00e7\u00e3o Trabalhista | Portal de Not\u00edcias<\/title>\n<meta name=\"robots\" content=\"index, follow, max-snippet:-1, max-image-preview:large, max-video-preview:-1\" \/>\n<link rel=\"canonical\" href=\"https:\/\/mhcalculos.com.br\/noticias\/area\/trabalhista\/tst-programa-conciliando-destaca-resultados-da-semana-nacional-da-conciliacao-trabalhista.html\" \/>\n<meta property=\"og:locale\" content=\"pt_BR\" \/>\n<meta property=\"og:type\" content=\"article\" \/>\n<meta property=\"og:title\" content=\"TST: Programa Conciliando destaca resultados da Semana Nacional da Concilia\u00e7\u00e3o Trabalhista | Portal de Not\u00edcias\" \/>\n<meta property=\"og:description\" content=\"&nbsp; &nbsp;&nbsp;&nbsp;&nbsp;&nbsp;&nbsp;&nbsp;&nbsp; &nbsp;&nbsp;&nbsp;&nbsp;&nbsp;&nbsp;&nbsp;&nbsp; &nbsp;&nbsp;&nbsp;&nbsp;&nbsp;&nbsp; Baixe o \u00e1udio Reproduzir o \u00e1udio&nbsp;&nbsp;Pausar o \u00e1udio&nbsp;&nbsp;Aumentar o volume&nbsp;&nbsp;Diminuir o volume &nbsp; (Sex, 08 Jun 2018 15:40:00) O programa Conciliando desta semana apresentou os resultados da quarta edi\u00e7\u00e3o da Semana Nacional da Concilia\u00e7\u00e3o Trabalhista. O evento arrecadou cerca de R$ 875 milh\u00f5es em acordos firmados em todo o Brasil. O [&hellip;]\" \/>\n<meta property=\"og:url\" content=\"https:\/\/mhcalculos.com.br\/noticias\/area\/trabalhista\/tst-programa-conciliando-destaca-resultados-da-semana-nacional-da-conciliacao-trabalhista.html\" \/>\n<meta property=\"og:site_name\" content=\"Portal de Not\u00edcias\" \/>\n<meta property=\"article:published_time\" content=\"2018-06-08T18:40:00+00:00\" \/>\n<meta property=\"article:modified_time\" content=\"2021-07-28T17:34:45+00:00\" \/>\n<meta property=\"og:image\" content=\"https:\/\/mhcalculos.com.br\/noticias\/wp-content\/uploads\/sites\/2\/2018\/06\/judiciario-0039.jpg\" \/>\n\t<meta property=\"og:image:width\" content=\"2000\" \/>\n\t<meta property=\"og:image:height\" content=\"800\" \/>\n\t<meta property=\"og:image:type\" content=\"image\/jpeg\" \/>\n<meta name=\"author\" content=\"Equipe MH\" \/>\n<meta name=\"twitter:card\" content=\"summary_large_image\" \/>\n<meta name=\"twitter:label1\" content=\"Escrito por\" \/>\n\t<meta name=\"twitter:data1\" content=\"Equipe MH\" \/>\n\t<meta name=\"twitter:label2\" content=\"Est. tempo de leitura\" \/>\n\t<meta name=\"twitter:data2\" content=\"3 minutos\" \/>\n<script type=\"application\/ld+json\" class=\"yoast-schema-graph\">{\"@context\":\"https:\/\/schema.org\",\"@graph\":[{\"@type\":\"Article\",\"@id\":\"https:\/\/mhcalculos.com.br\/noticias\/area\/trabalhista\/tst-programa-conciliando-destaca-resultados-da-semana-nacional-da-conciliacao-trabalhista.html#article\",\"isPartOf\":{\"@id\":\"https:\/\/mhcalculos.com.br\/noticias\/area\/trabalhista\/tst-programa-conciliando-destaca-resultados-da-semana-nacional-da-conciliacao-trabalhista.html\"},\"author\":{\"name\":\"Equipe MH\",\"@id\":\"https:\/\/mhcalculos.com.br\/noticias\/#\/schema\/person\/88d1c34bf72dc779ea14a5a6b8e0ae8d\"},\"headline\":\"TST: Programa Conciliando destaca resultados da Semana Nacional da Concilia\u00e7\u00e3o Trabalhista\",\"datePublished\":\"2018-06-08T18:40:00+00:00\",\"dateModified\":\"2021-07-28T17:34:45+00:00\",\"mainEntityOfPage\":{\"@id\":\"https:\/\/mhcalculos.com.br\/noticias\/area\/trabalhista\/tst-programa-conciliando-destaca-resultados-da-semana-nacional-da-conciliacao-trabalhista.html\"},\"wordCount\":620,\"commentCount\":0,\"image\":{\"@id\":\"https:\/\/mhcalculos.com.br\/noticias\/area\/trabalhista\/tst-programa-conciliando-destaca-resultados-da-semana-nacional-da-conciliacao-trabalhista.html#primaryimage\"},\"thumbnailUrl\":\"https:\/\/mhcalculos.com.br\/noticias\/wp-content\/uploads\/sites\/2\/2018\/06\/judiciario-0039.jpg\",\"keywords\":[\"c\u00e1lculos trabalhistas\",\"direito trabalhista\",\"per\u00edcia\",\"perito\",\"trabalho\",\"TST\"],\"articleSection\":[\"Direito Trabalhista\",\"TST\"],\"inLanguage\":\"pt-BR\",\"potentialAction\":[{\"@type\":\"CommentAction\",\"name\":\"Comment\",\"target\":[\"https:\/\/mhcalculos.com.br\/noticias\/area\/trabalhista\/tst-programa-conciliando-destaca-resultados-da-semana-nacional-da-conciliacao-trabalhista.html#respond\"]}]},{\"@type\":\"WebPage\",\"@id\":\"https:\/\/mhcalculos.com.br\/noticias\/area\/trabalhista\/tst-programa-conciliando-destaca-resultados-da-semana-nacional-da-conciliacao-trabalhista.html\",\"url\":\"https:\/\/mhcalculos.com.br\/noticias\/area\/trabalhista\/tst-programa-conciliando-destaca-resultados-da-semana-nacional-da-conciliacao-trabalhista.html\",\"name\":\"TST: Programa Conciliando destaca resultados da Semana Nacional da Concilia\u00e7\u00e3o Trabalhista | Portal de Not\u00edcias\",\"isPartOf\":{\"@id\":\"https:\/\/mhcalculos.com.br\/noticias\/#website\"},\"primaryImageOfPage\":{\"@id\":\"https:\/\/mhcalculos.com.br\/noticias\/area\/trabalhista\/tst-programa-conciliando-destaca-resultados-da-semana-nacional-da-conciliacao-trabalhista.html#primaryimage\"},\"image\":{\"@id\":\"https:\/\/mhcalculos.com.br\/noticias\/area\/trabalhista\/tst-programa-conciliando-destaca-resultados-da-semana-nacional-da-conciliacao-trabalhista.html#primaryimage\"},\"thumbnailUrl\":\"https:\/\/mhcalculos.com.br\/noticias\/wp-content\/uploads\/sites\/2\/2018\/06\/judiciario-0039.jpg\",\"datePublished\":\"2018-06-08T18:40:00+00:00\",\"dateModified\":\"2021-07-28T17:34:45+00:00\",\"author\":{\"@id\":\"https:\/\/mhcalculos.com.br\/noticias\/#\/schema\/person\/88d1c34bf72dc779ea14a5a6b8e0ae8d\"},\"breadcrumb\":{\"@id\":\"https:\/\/mhcalculos.com.br\/noticias\/area\/trabalhista\/tst-programa-conciliando-destaca-resultados-da-semana-nacional-da-conciliacao-trabalhista.html#breadcrumb\"},\"inLanguage\":\"pt-BR\",\"potentialAction\":[{\"@type\":\"ReadAction\",\"target\":[\"https:\/\/mhcalculos.com.br\/noticias\/area\/trabalhista\/tst-programa-conciliando-destaca-resultados-da-semana-nacional-da-conciliacao-trabalhista.html\"]}]},{\"@type\":\"ImageObject\",\"inLanguage\":\"pt-BR\",\"@id\":\"https:\/\/mhcalculos.com.br\/noticias\/area\/trabalhista\/tst-programa-conciliando-destaca-resultados-da-semana-nacional-da-conciliacao-trabalhista.html#primaryimage\",\"url\":\"https:\/\/mhcalculos.com.br\/noticias\/wp-content\/uploads\/sites\/2\/2018\/06\/judiciario-0039.jpg\",\"contentUrl\":\"https:\/\/mhcalculos.com.br\/noticias\/wp-content\/uploads\/sites\/2\/2018\/06\/judiciario-0039.jpg\",\"width\":2000,\"height\":800},{\"@type\":\"BreadcrumbList\",\"@id\":\"https:\/\/mhcalculos.com.br\/noticias\/area\/trabalhista\/tst-programa-conciliando-destaca-resultados-da-semana-nacional-da-conciliacao-trabalhista.html#breadcrumb\",\"itemListElement\":[{\"@type\":\"ListItem\",\"position\":1,\"name\":\"In\u00edcio\",\"item\":\"https:\/\/mhcalculos.com.br\/noticias\/\"},{\"@type\":\"ListItem\",\"position\":2,\"name\":\"TST: Programa Conciliando destaca resultados da Semana Nacional da Concilia\u00e7\u00e3o Trabalhista\"}]},{\"@type\":\"WebSite\",\"@id\":\"https:\/\/mhcalculos.com.br\/noticias\/#website\",\"url\":\"https:\/\/mhcalculos.com.br\/noticias\/\",\"name\":\"Portal de Not\u00edcias\",\"description\":\"Not\u00edcias e Jurisprud\u00eancia\",\"potentialAction\":[{\"@type\":\"SearchAction\",\"target\":{\"@type\":\"EntryPoint\",\"urlTemplate\":\"https:\/\/mhcalculos.com.br\/noticias\/?s={search_term_string}\"},\"query-input\":{\"@type\":\"PropertyValueSpecification\",\"valueRequired\":true,\"valueName\":\"search_term_string\"}}],\"inLanguage\":\"pt-BR\"},{\"@type\":\"Person\",\"@id\":\"https:\/\/mhcalculos.com.br\/noticias\/#\/schema\/person\/88d1c34bf72dc779ea14a5a6b8e0ae8d\",\"name\":\"Equipe MH\",\"image\":{\"@type\":\"ImageObject\",\"inLanguage\":\"pt-BR\",\"@id\":\"https:\/\/secure.gravatar.com\/avatar\/de1c686c2ecc9c5a3f327e3431d819eb39f8f05d4e1045f5a1caad6daaba987f?s=96&d=mm&r=g\",\"url\":\"https:\/\/secure.gravatar.com\/avatar\/de1c686c2ecc9c5a3f327e3431d819eb39f8f05d4e1045f5a1caad6daaba987f?s=96&d=mm&r=g\",\"contentUrl\":\"https:\/\/secure.gravatar.com\/avatar\/de1c686c2ecc9c5a3f327e3431d819eb39f8f05d4e1045f5a1caad6daaba987f?s=96&d=mm&r=g\",\"caption\":\"Equipe MH\"}}]}<\/script>\n<!-- \/ Yoast SEO plugin. -->","yoast_head_json":{"title":"TST: Programa Conciliando destaca resultados da Semana Nacional da Concilia\u00e7\u00e3o Trabalhista | Portal de Not\u00edcias","robots":{"index":"index","follow":"follow","max-snippet":"max-snippet:-1","max-image-preview":"max-image-preview:large","max-video-preview":"max-video-preview:-1"},"canonical":"https:\/\/mhcalculos.com.br\/noticias\/area\/trabalhista\/tst-programa-conciliando-destaca-resultados-da-semana-nacional-da-conciliacao-trabalhista.html","og_locale":"pt_BR","og_type":"article","og_title":"TST: Programa Conciliando destaca resultados da Semana Nacional da Concilia\u00e7\u00e3o Trabalhista | Portal de Not\u00edcias","og_description":"&nbsp; &nbsp;&nbsp;&nbsp;&nbsp;&nbsp;&nbsp;&nbsp;&nbsp; &nbsp;&nbsp;&nbsp;&nbsp;&nbsp;&nbsp;&nbsp;&nbsp; &nbsp;&nbsp;&nbsp;&nbsp;&nbsp;&nbsp; Baixe o \u00e1udio Reproduzir o \u00e1udio&nbsp;&nbsp;Pausar o \u00e1udio&nbsp;&nbsp;Aumentar o volume&nbsp;&nbsp;Diminuir o volume &nbsp; (Sex, 08 Jun 2018 15:40:00) O programa Conciliando desta semana apresentou os resultados da quarta edi\u00e7\u00e3o da Semana Nacional da Concilia\u00e7\u00e3o Trabalhista. O evento arrecadou cerca de R$ 875 milh\u00f5es em acordos firmados em todo o Brasil. O [&hellip;]","og_url":"https:\/\/mhcalculos.com.br\/noticias\/area\/trabalhista\/tst-programa-conciliando-destaca-resultados-da-semana-nacional-da-conciliacao-trabalhista.html","og_site_name":"Portal de Not\u00edcias","article_published_time":"2018-06-08T18:40:00+00:00","article_modified_time":"2021-07-28T17:34:45+00:00","og_image":[{"width":2000,"height":800,"url":"https:\/\/mhcalculos.com.br\/noticias\/wp-content\/uploads\/sites\/2\/2018\/06\/judiciario-0039.jpg","type":"image\/jpeg"}],"author":"Equipe MH","twitter_card":"summary_large_image","twitter_misc":{"Escrito por":"Equipe MH","Est. tempo de leitura":"3 minutos"},"schema":{"@context":"https:\/\/schema.org","@graph":[{"@type":"Article","@id":"https:\/\/mhcalculos.com.br\/noticias\/area\/trabalhista\/tst-programa-conciliando-destaca-resultados-da-semana-nacional-da-conciliacao-trabalhista.html#article","isPartOf":{"@id":"https:\/\/mhcalculos.com.br\/noticias\/area\/trabalhista\/tst-programa-conciliando-destaca-resultados-da-semana-nacional-da-conciliacao-trabalhista.html"},"author":{"name":"Equipe MH","@id":"https:\/\/mhcalculos.com.br\/noticias\/#\/schema\/person\/88d1c34bf72dc779ea14a5a6b8e0ae8d"},"headline":"TST: Programa Conciliando destaca resultados da Semana Nacional da Concilia\u00e7\u00e3o Trabalhista","datePublished":"2018-06-08T18:40:00+00:00","dateModified":"2021-07-28T17:34:45+00:00","mainEntityOfPage":{"@id":"https:\/\/mhcalculos.com.br\/noticias\/area\/trabalhista\/tst-programa-conciliando-destaca-resultados-da-semana-nacional-da-conciliacao-trabalhista.html"},"wordCount":620,"commentCount":0,"image":{"@id":"https:\/\/mhcalculos.com.br\/noticias\/area\/trabalhista\/tst-programa-conciliando-destaca-resultados-da-semana-nacional-da-conciliacao-trabalhista.html#primaryimage"},"thumbnailUrl":"https:\/\/mhcalculos.com.br\/noticias\/wp-content\/uploads\/sites\/2\/2018\/06\/judiciario-0039.jpg","keywords":["c\u00e1lculos trabalhistas","direito trabalhista","per\u00edcia","perito","trabalho","TST"],"articleSection":["Direito Trabalhista","TST"],"inLanguage":"pt-BR","potentialAction":[{"@type":"CommentAction","name":"Comment","target":["https:\/\/mhcalculos.com.br\/noticias\/area\/trabalhista\/tst-programa-conciliando-destaca-resultados-da-semana-nacional-da-conciliacao-trabalhista.html#respond"]}]},{"@type":"WebPage","@id":"https:\/\/mhcalculos.com.br\/noticias\/area\/trabalhista\/tst-programa-conciliando-destaca-resultados-da-semana-nacional-da-conciliacao-trabalhista.html","url":"https:\/\/mhcalculos.com.br\/noticias\/area\/trabalhista\/tst-programa-conciliando-destaca-resultados-da-semana-nacional-da-conciliacao-trabalhista.html","name":"TST: Programa Conciliando destaca resultados da Semana Nacional da Concilia\u00e7\u00e3o Trabalhista | Portal de Not\u00edcias","isPartOf":{"@id":"https:\/\/mhcalculos.com.br\/noticias\/#website"},"primaryImageOfPage":{"@id":"https:\/\/mhcalculos.com.br\/noticias\/area\/trabalhista\/tst-programa-conciliando-destaca-resultados-da-semana-nacional-da-conciliacao-trabalhista.html#primaryimage"},"image":{"@id":"https:\/\/mhcalculos.com.br\/noticias\/area\/trabalhista\/tst-programa-conciliando-destaca-resultados-da-semana-nacional-da-conciliacao-trabalhista.html#primaryimage"},"thumbnailUrl":"https:\/\/mhcalculos.com.br\/noticias\/wp-content\/uploads\/sites\/2\/2018\/06\/judiciario-0039.jpg","datePublished":"2018-06-08T18:40:00+00:00","dateModified":"2021-07-28T17:34:45+00:00","author":{"@id":"https:\/\/mhcalculos.com.br\/noticias\/#\/schema\/person\/88d1c34bf72dc779ea14a5a6b8e0ae8d"},"breadcrumb":{"@id":"https:\/\/mhcalculos.com.br\/noticias\/area\/trabalhista\/tst-programa-conciliando-destaca-resultados-da-semana-nacional-da-conciliacao-trabalhista.html#breadcrumb"},"inLanguage":"pt-BR","potentialAction":[{"@type":"ReadAction","target":["https:\/\/mhcalculos.com.br\/noticias\/area\/trabalhista\/tst-programa-conciliando-destaca-resultados-da-semana-nacional-da-conciliacao-trabalhista.html"]}]},{"@type":"ImageObject","inLanguage":"pt-BR","@id":"https:\/\/mhcalculos.com.br\/noticias\/area\/trabalhista\/tst-programa-conciliando-destaca-resultados-da-semana-nacional-da-conciliacao-trabalhista.html#primaryimage","url":"https:\/\/mhcalculos.com.br\/noticias\/wp-content\/uploads\/sites\/2\/2018\/06\/judiciario-0039.jpg","contentUrl":"https:\/\/mhcalculos.com.br\/noticias\/wp-content\/uploads\/sites\/2\/2018\/06\/judiciario-0039.jpg","width":2000,"height":800},{"@type":"BreadcrumbList","@id":"https:\/\/mhcalculos.com.br\/noticias\/area\/trabalhista\/tst-programa-conciliando-destaca-resultados-da-semana-nacional-da-conciliacao-trabalhista.html#breadcrumb","itemListElement":[{"@type":"ListItem","position":1,"name":"In\u00edcio","item":"https:\/\/mhcalculos.com.br\/noticias\/"},{"@type":"ListItem","position":2,"name":"TST: Programa Conciliando destaca resultados da Semana Nacional da Concilia\u00e7\u00e3o Trabalhista"}]},{"@type":"WebSite","@id":"https:\/\/mhcalculos.com.br\/noticias\/#website","url":"https:\/\/mhcalculos.com.br\/noticias\/","name":"Portal de Not\u00edcias","description":"Not\u00edcias e Jurisprud\u00eancia","potentialAction":[{"@type":"SearchAction","target":{"@type":"EntryPoint","urlTemplate":"https:\/\/mhcalculos.com.br\/noticias\/?s={search_term_string}"},"query-input":{"@type":"PropertyValueSpecification","valueRequired":true,"valueName":"search_term_string"}}],"inLanguage":"pt-BR"},{"@type":"Person","@id":"https:\/\/mhcalculos.com.br\/noticias\/#\/schema\/person\/88d1c34bf72dc779ea14a5a6b8e0ae8d","name":"Equipe MH","image":{"@type":"ImageObject","inLanguage":"pt-BR","@id":"https:\/\/secure.gravatar.com\/avatar\/de1c686c2ecc9c5a3f327e3431d819eb39f8f05d4e1045f5a1caad6daaba987f?s=96&d=mm&r=g","url":"https:\/\/secure.gravatar.com\/avatar\/de1c686c2ecc9c5a3f327e3431d819eb39f8f05d4e1045f5a1caad6daaba987f?s=96&d=mm&r=g","contentUrl":"https:\/\/secure.gravatar.com\/avatar\/de1c686c2ecc9c5a3f327e3431d819eb39f8f05d4e1045f5a1caad6daaba987f?s=96&d=mm&r=g","caption":"Equipe MH"}}]}},"_links":{"self":[{"href":"https:\/\/mhcalculos.com.br\/noticias\/wp-json\/wp\/v2\/posts\/1818","targetHints":{"allow":["GET"]}}],"collection":[{"href":"https:\/\/mhcalculos.com.br\/noticias\/wp-json\/wp\/v2\/posts"}],"about":[{"href":"https:\/\/mhcalculos.com.br\/noticias\/wp-json\/wp\/v2\/types\/post"}],"author":[{"embeddable":true,"href":"https:\/\/mhcalculos.com.br\/noticias\/wp-json\/wp\/v2\/users\/3063"}],"replies":[{"embeddable":true,"href":"https:\/\/mhcalculos.com.br\/noticias\/wp-json\/wp\/v2\/comments?post=1818"}],"version-history":[{"count":1,"href":"https:\/\/mhcalculos.com.br\/noticias\/wp-json\/wp\/v2\/posts\/1818\/revisions"}],"predecessor-version":[{"id":1854,"href":"https:\/\/mhcalculos.com.br\/noticias\/wp-json\/wp\/v2\/posts\/1818\/revisions\/1854"}],"wp:featuredmedia":[{"embeddable":true,"href":"https:\/\/mhcalculos.com.br\/noticias\/wp-json\/wp\/v2\/media\/1819"}],"wp:attachment":[{"href":"https:\/\/mhcalculos.com.br\/noticias\/wp-json\/wp\/v2\/media?parent=1818"}],"wp:term":[{"taxonomy":"category","embeddable":true,"href":"https:\/\/mhcalculos.com.br\/noticias\/wp-json\/wp\/v2\/categories?post=1818"},{"taxonomy":"post_tag","embeddable":true,"href":"https:\/\/mhcalculos.com.br\/noticias\/wp-json\/wp\/v2\/tags?post=1818"}],"curies":[{"name":"wp","href":"https:\/\/api.w.org\/{rel}","templated":true}]}}