{"id":1669,"date":"2018-06-06T07:10:00","date_gmt":"2018-06-06T10:10:00","guid":{"rendered":"https:\/\/mhcalculos.com.br\/noticias\/2018\/06\/06\/tst-julgamento-de-recurso-e-anulado-por-falta-de-publicacao-do-processo-em-pauta\/"},"modified":"2021-07-28T14:34:47","modified_gmt":"2021-07-28T17:34:47","slug":"tst-julgamento-de-recurso-e-anulado-por-falta-de-publicacao-do-processo-em-pauta","status":"publish","type":"post","link":"https:\/\/mhcalculos.com.br\/noticias\/area\/trabalhista\/tst-julgamento-de-recurso-e-anulado-por-falta-de-publicacao-do-processo-em-pauta.html","title":{"rendered":"TST: Julgamento de recurso \u00e9 anulado por falta de publica\u00e7\u00e3o do processo em pauta"},"content":{"rendered":"<p><br \/>\n  <\/p>\n<p >A Segunda Turma do Tribunal Superior do Trabalho anulou o julgamento do recurso ordin\u00e1rio de um t\u00e9cnico em inform\u00e1tica porque o n\u00famero do processo n\u00e3o constava da pauta da sess\u00e3o em que foi julgado. Conforme a Turma, houve cerceamento de defesa do empregado porque seu advogado n\u00e3o estava presente \u00e0 sess\u00e3o e n\u00e3o teve possibilidade de fazer sustenta\u00e7\u00e3o oral.<\/p>\n<p >Em reclama\u00e7\u00e3o trabalhista ajuizada contra a Empresa de Tecnologia e Informa\u00e7\u00f5es da Previd\u00eancia Social (Dataprev), o t\u00e9cnico de inform\u00e1tica teve parte de seus pedidos julgada improcedente pelo ju\u00edzo de primeiro grau. Seu recurso ordin\u00e1rio contra a senten\u00e7a foi considerado intempestivo pelo Tribunal Regional do Trabalho da 10\u00aa Regi\u00e3o (DF\/TO). Diante dessa decis\u00e3o, ele op\u00f4s embargos de declara\u00e7\u00e3o, com pedido de efeito modificativo. Na sess\u00e3o de julgamento, o TRT deu provimento aos embargos e, dando o efeito modificativo desejado, na sequ\u00eancia julgou o m\u00e9rito do recurso ordin\u00e1rio.<\/p>\n<p >O Regimento Interno do TRT da 10\u00aa Regi\u00e3o estabelece que os embargos de declara\u00e7\u00e3o independem de publica\u00e7\u00e3o e de inclus\u00e3o em pauta e que, em seu julgamento, n\u00e3o h\u00e1 sustenta\u00e7\u00e3o oral. A fim de imprimir celeridade aos procedimentos, o Tribunal Regional afirmou que tem como praxe, nessas circunst\u00e2ncias, julgar o m\u00e9rito do recurso imediatamente. Segundo a decis\u00e3o, n\u00e3o houve cerceamento de defesa porque, na sess\u00e3o em que o recurso ordin\u00e1rio foi julgado intempestivo, o advogado do empregado j\u00e1 havia feito a sustenta\u00e7\u00e3o oral.<\/p>\n<p >Ao examinar o recurso de revista do t\u00e9cnico ao TST, a relatora, ministra Maria Helena Mallmann, assinalou que o novo <a href=\"http:\/\/www.planalto.gov.br\/ccivil_03\/_ato2015-2018\/2015\/lei\/l13105.htm\">CPC<\/a>, a fim de evitar situa\u00e7\u00f5es como essa, determina expressamente (artigo 1.024, par\u00e1grafo 1\u00ba) que, quando os embargos de declara\u00e7\u00e3o n\u00e3o forem julgados na sess\u00e3o imediatamente posterior \u00e0 sua oposi\u00e7\u00e3o, haja sua autom\u00e1tica inclus\u00e3o em pauta de julgamento. &#8220;Como o empregado desconhecia o fato de que seu processo havia sido inclu\u00eddo para julgamento dos embargos e, em seguida, do recurso ordin\u00e1rio, n\u00e3o teve como apresentar a sustenta\u00e7\u00e3o oral&#8221;, observou.<\/p>\n<p >Por unanimidade, a Turma deu provimento ao recurso para determinar o retorno dos autos ao Tribunal Regional para a realiza\u00e7\u00e3o de novo julgamento do recurso ordin\u00e1rio, com pr\u00e9via publica\u00e7\u00e3o da pauta e ci\u00eancia das partes.<\/p>\n<p >(LT\/CF)<\/p>\n<p >Processo: <a href=\"http:\/\/aplicacao4.tst.jus.br\/consultaProcessual\/consultaTstNumUnica.do?conscsjt=&amp;numeroTst=1170&amp;digitoTst=73&amp;anoTst=2014&amp;orgaoTst=5&amp;tribunalTst=10&amp;varaTst=0014&amp;consulta=Consultarr\">ARR-1170-73.2014.5.10.0014<\/a><\/p>\n<p> O TST possui oito Turmas, cada uma composta por tr\u00eas ministros, com a atribui\u00e7\u00e3o de analisar recursos de revista, agravos, agravos de instrumento, agravos regimentais e recursos ordin\u00e1rios em a\u00e7\u00e3o cautelar. Das decis\u00f5es das Turmas, a parte ainda pode, em alguns casos, recorrer \u00e0 Subse\u00e7\u00e3o I Especializada em Diss\u00eddios Individuais (SBDI-1). <strong>Esta mat\u00e9ria tem car\u00e1ter informativo, sem cunho oficial.<br \/> Permitida a reprodu\u00e7\u00e3o mediante cita\u00e7\u00e3o da fonte.<br \/> Secretaria de Comunica\u00e7\u00e3o Social<br \/> Tribunal Superior do Trabalho<br \/> Tel. (61) 3043-4907<br \/> <a href=\"mailto:secom@tst.jus.br\">secom@tst.jus.br<\/a><\/strong>       <\/br><br \/>\n<br \/><i>Com informa\u00e7\u00f5es da assessoria de imprensa do TST.<\/i><br \/>\n<br \/><a href=\"http:\/\/www.tst.jus.br\/web\/guest\/noticias?p_p_id=89Dk&#038;p_p_lifecycle=0&#038;refererPlid=10730&#038;_89Dk_struts_action=%2Fjournal_content%2Fview&#038;_89Dk_groupId=10157&#038;_89Dk_articleId=24592780\">Fonte<\/a><br \/>\n<br \/><\/p>\n","protected":false},"excerpt":{"rendered":"<p>A Segunda Turma do Tribunal Superior do Trabalho anulou o julgamento do recurso ordin\u00e1rio de um t\u00e9cnico em inform\u00e1tica porque o n\u00famero do processo n\u00e3o constava da pauta da sess\u00e3o em que foi julgado. Conforme a Turma, houve cerceamento de defesa do empregado porque seu advogado n\u00e3o estava presente \u00e0 sess\u00e3o e n\u00e3o teve possibilidade [&hellip;]<\/p>\n","protected":false},"author":3063,"featured_media":1670,"comment_status":"open","ping_status":"open","sticky":false,"template":"","format":"standard","meta":{"footnotes":""},"categories":[3,21],"tags":[33,216,9,12,217,215],"class_list":{"0":"post-1669","1":"post","2":"type-post","3":"status-publish","4":"format-standard","5":"has-post-thumbnail","7":"category-trabalhista","8":"category-tst","9":"tag-calculos-trabalhistas","10":"tag-direito-trabalhista","11":"tag-pericia","12":"tag-perito","13":"tag-trabalho","14":"tag-tst"},"yoast_head":"<!-- This site is optimized with the Yoast SEO plugin v27.2 - https:\/\/yoast.com\/product\/yoast-seo-wordpress\/ -->\n<title>TST: Julgamento de recurso \u00e9 anulado por falta de publica\u00e7\u00e3o do processo em pauta | Portal de Not\u00edcias<\/title>\n<meta name=\"robots\" content=\"index, follow, max-snippet:-1, max-image-preview:large, max-video-preview:-1\" \/>\n<link rel=\"canonical\" href=\"https:\/\/mhcalculos.com.br\/noticias\/area\/trabalhista\/tst-julgamento-de-recurso-e-anulado-por-falta-de-publicacao-do-processo-em-pauta.html\" \/>\n<meta property=\"og:locale\" content=\"pt_BR\" \/>\n<meta property=\"og:type\" content=\"article\" \/>\n<meta property=\"og:title\" content=\"TST: Julgamento de recurso \u00e9 anulado por falta de publica\u00e7\u00e3o do processo em pauta | Portal de Not\u00edcias\" \/>\n<meta property=\"og:description\" content=\"A Segunda Turma do Tribunal Superior do Trabalho anulou o julgamento do recurso ordin\u00e1rio de um t\u00e9cnico em inform\u00e1tica porque o n\u00famero do processo n\u00e3o constava da pauta da sess\u00e3o em que foi julgado. Conforme a Turma, houve cerceamento de defesa do empregado porque seu advogado n\u00e3o estava presente \u00e0 sess\u00e3o e n\u00e3o teve possibilidade [&hellip;]\" \/>\n<meta property=\"og:url\" content=\"https:\/\/mhcalculos.com.br\/noticias\/area\/trabalhista\/tst-julgamento-de-recurso-e-anulado-por-falta-de-publicacao-do-processo-em-pauta.html\" \/>\n<meta property=\"og:site_name\" content=\"Portal de Not\u00edcias\" \/>\n<meta property=\"article:published_time\" content=\"2018-06-06T10:10:00+00:00\" \/>\n<meta property=\"article:modified_time\" content=\"2021-07-28T17:34:47+00:00\" \/>\n<meta property=\"og:image\" content=\"https:\/\/mhcalculos.com.br\/noticias\/wp-content\/uploads\/sites\/2\/2018\/06\/judiciario-0016.jpg\" \/>\n\t<meta property=\"og:image:width\" content=\"2000\" \/>\n\t<meta property=\"og:image:height\" content=\"800\" \/>\n\t<meta property=\"og:image:type\" content=\"image\/jpeg\" \/>\n<meta name=\"author\" content=\"Equipe MH\" \/>\n<meta name=\"twitter:card\" content=\"summary_large_image\" \/>\n<meta name=\"twitter:label1\" content=\"Escrito por\" \/>\n\t<meta name=\"twitter:data1\" content=\"Equipe MH\" \/>\n\t<meta name=\"twitter:label2\" content=\"Est. tempo de leitura\" \/>\n\t<meta name=\"twitter:data2\" content=\"3 minutos\" \/>\n<script type=\"application\/ld+json\" class=\"yoast-schema-graph\">{\"@context\":\"https:\/\/schema.org\",\"@graph\":[{\"@type\":\"Article\",\"@id\":\"https:\/\/mhcalculos.com.br\/noticias\/area\/trabalhista\/tst-julgamento-de-recurso-e-anulado-por-falta-de-publicacao-do-processo-em-pauta.html#article\",\"isPartOf\":{\"@id\":\"https:\/\/mhcalculos.com.br\/noticias\/area\/trabalhista\/tst-julgamento-de-recurso-e-anulado-por-falta-de-publicacao-do-processo-em-pauta.html\"},\"author\":{\"name\":\"Equipe MH\",\"@id\":\"https:\/\/mhcalculos.com.br\/noticias\/#\/schema\/person\/88d1c34bf72dc779ea14a5a6b8e0ae8d\"},\"headline\":\"TST: Julgamento de recurso \u00e9 anulado por falta de publica\u00e7\u00e3o do processo em pauta\",\"datePublished\":\"2018-06-06T10:10:00+00:00\",\"dateModified\":\"2021-07-28T17:34:47+00:00\",\"mainEntityOfPage\":{\"@id\":\"https:\/\/mhcalculos.com.br\/noticias\/area\/trabalhista\/tst-julgamento-de-recurso-e-anulado-por-falta-de-publicacao-do-processo-em-pauta.html\"},\"wordCount\":526,\"commentCount\":0,\"image\":{\"@id\":\"https:\/\/mhcalculos.com.br\/noticias\/area\/trabalhista\/tst-julgamento-de-recurso-e-anulado-por-falta-de-publicacao-do-processo-em-pauta.html#primaryimage\"},\"thumbnailUrl\":\"https:\/\/mhcalculos.com.br\/noticias\/wp-content\/uploads\/sites\/2\/2018\/06\/judiciario-0016.jpg\",\"keywords\":[\"c\u00e1lculos trabalhistas\",\"direito trabalhista\",\"per\u00edcia\",\"perito\",\"trabalho\",\"TST\"],\"articleSection\":[\"Direito Trabalhista\",\"TST\"],\"inLanguage\":\"pt-BR\",\"potentialAction\":[{\"@type\":\"CommentAction\",\"name\":\"Comment\",\"target\":[\"https:\/\/mhcalculos.com.br\/noticias\/area\/trabalhista\/tst-julgamento-de-recurso-e-anulado-por-falta-de-publicacao-do-processo-em-pauta.html#respond\"]}]},{\"@type\":\"WebPage\",\"@id\":\"https:\/\/mhcalculos.com.br\/noticias\/area\/trabalhista\/tst-julgamento-de-recurso-e-anulado-por-falta-de-publicacao-do-processo-em-pauta.html\",\"url\":\"https:\/\/mhcalculos.com.br\/noticias\/area\/trabalhista\/tst-julgamento-de-recurso-e-anulado-por-falta-de-publicacao-do-processo-em-pauta.html\",\"name\":\"TST: Julgamento de recurso \u00e9 anulado por falta de publica\u00e7\u00e3o do processo em pauta | Portal de Not\u00edcias\",\"isPartOf\":{\"@id\":\"https:\/\/mhcalculos.com.br\/noticias\/#website\"},\"primaryImageOfPage\":{\"@id\":\"https:\/\/mhcalculos.com.br\/noticias\/area\/trabalhista\/tst-julgamento-de-recurso-e-anulado-por-falta-de-publicacao-do-processo-em-pauta.html#primaryimage\"},\"image\":{\"@id\":\"https:\/\/mhcalculos.com.br\/noticias\/area\/trabalhista\/tst-julgamento-de-recurso-e-anulado-por-falta-de-publicacao-do-processo-em-pauta.html#primaryimage\"},\"thumbnailUrl\":\"https:\/\/mhcalculos.com.br\/noticias\/wp-content\/uploads\/sites\/2\/2018\/06\/judiciario-0016.jpg\",\"datePublished\":\"2018-06-06T10:10:00+00:00\",\"dateModified\":\"2021-07-28T17:34:47+00:00\",\"author\":{\"@id\":\"https:\/\/mhcalculos.com.br\/noticias\/#\/schema\/person\/88d1c34bf72dc779ea14a5a6b8e0ae8d\"},\"breadcrumb\":{\"@id\":\"https:\/\/mhcalculos.com.br\/noticias\/area\/trabalhista\/tst-julgamento-de-recurso-e-anulado-por-falta-de-publicacao-do-processo-em-pauta.html#breadcrumb\"},\"inLanguage\":\"pt-BR\",\"potentialAction\":[{\"@type\":\"ReadAction\",\"target\":[\"https:\/\/mhcalculos.com.br\/noticias\/area\/trabalhista\/tst-julgamento-de-recurso-e-anulado-por-falta-de-publicacao-do-processo-em-pauta.html\"]}]},{\"@type\":\"ImageObject\",\"inLanguage\":\"pt-BR\",\"@id\":\"https:\/\/mhcalculos.com.br\/noticias\/area\/trabalhista\/tst-julgamento-de-recurso-e-anulado-por-falta-de-publicacao-do-processo-em-pauta.html#primaryimage\",\"url\":\"https:\/\/mhcalculos.com.br\/noticias\/wp-content\/uploads\/sites\/2\/2018\/06\/judiciario-0016.jpg\",\"contentUrl\":\"https:\/\/mhcalculos.com.br\/noticias\/wp-content\/uploads\/sites\/2\/2018\/06\/judiciario-0016.jpg\",\"width\":2000,\"height\":800},{\"@type\":\"BreadcrumbList\",\"@id\":\"https:\/\/mhcalculos.com.br\/noticias\/area\/trabalhista\/tst-julgamento-de-recurso-e-anulado-por-falta-de-publicacao-do-processo-em-pauta.html#breadcrumb\",\"itemListElement\":[{\"@type\":\"ListItem\",\"position\":1,\"name\":\"In\u00edcio\",\"item\":\"https:\/\/mhcalculos.com.br\/noticias\/\"},{\"@type\":\"ListItem\",\"position\":2,\"name\":\"TST: Julgamento de recurso \u00e9 anulado por falta de publica\u00e7\u00e3o do processo em pauta\"}]},{\"@type\":\"WebSite\",\"@id\":\"https:\/\/mhcalculos.com.br\/noticias\/#website\",\"url\":\"https:\/\/mhcalculos.com.br\/noticias\/\",\"name\":\"Portal de Not\u00edcias\",\"description\":\"Not\u00edcias e Jurisprud\u00eancia\",\"potentialAction\":[{\"@type\":\"SearchAction\",\"target\":{\"@type\":\"EntryPoint\",\"urlTemplate\":\"https:\/\/mhcalculos.com.br\/noticias\/?s={search_term_string}\"},\"query-input\":{\"@type\":\"PropertyValueSpecification\",\"valueRequired\":true,\"valueName\":\"search_term_string\"}}],\"inLanguage\":\"pt-BR\"},{\"@type\":\"Person\",\"@id\":\"https:\/\/mhcalculos.com.br\/noticias\/#\/schema\/person\/88d1c34bf72dc779ea14a5a6b8e0ae8d\",\"name\":\"Equipe MH\",\"image\":{\"@type\":\"ImageObject\",\"inLanguage\":\"pt-BR\",\"@id\":\"https:\/\/secure.gravatar.com\/avatar\/de1c686c2ecc9c5a3f327e3431d819eb39f8f05d4e1045f5a1caad6daaba987f?s=96&d=mm&r=g\",\"url\":\"https:\/\/secure.gravatar.com\/avatar\/de1c686c2ecc9c5a3f327e3431d819eb39f8f05d4e1045f5a1caad6daaba987f?s=96&d=mm&r=g\",\"contentUrl\":\"https:\/\/secure.gravatar.com\/avatar\/de1c686c2ecc9c5a3f327e3431d819eb39f8f05d4e1045f5a1caad6daaba987f?s=96&d=mm&r=g\",\"caption\":\"Equipe MH\"}}]}<\/script>\n<!-- \/ Yoast SEO plugin. -->","yoast_head_json":{"title":"TST: Julgamento de recurso \u00e9 anulado por falta de publica\u00e7\u00e3o do processo em pauta | Portal de Not\u00edcias","robots":{"index":"index","follow":"follow","max-snippet":"max-snippet:-1","max-image-preview":"max-image-preview:large","max-video-preview":"max-video-preview:-1"},"canonical":"https:\/\/mhcalculos.com.br\/noticias\/area\/trabalhista\/tst-julgamento-de-recurso-e-anulado-por-falta-de-publicacao-do-processo-em-pauta.html","og_locale":"pt_BR","og_type":"article","og_title":"TST: Julgamento de recurso \u00e9 anulado por falta de publica\u00e7\u00e3o do processo em pauta | Portal de Not\u00edcias","og_description":"A Segunda Turma do Tribunal Superior do Trabalho anulou o julgamento do recurso ordin\u00e1rio de um t\u00e9cnico em inform\u00e1tica porque o n\u00famero do processo n\u00e3o constava da pauta da sess\u00e3o em que foi julgado. Conforme a Turma, houve cerceamento de defesa do empregado porque seu advogado n\u00e3o estava presente \u00e0 sess\u00e3o e n\u00e3o teve possibilidade [&hellip;]","og_url":"https:\/\/mhcalculos.com.br\/noticias\/area\/trabalhista\/tst-julgamento-de-recurso-e-anulado-por-falta-de-publicacao-do-processo-em-pauta.html","og_site_name":"Portal de Not\u00edcias","article_published_time":"2018-06-06T10:10:00+00:00","article_modified_time":"2021-07-28T17:34:47+00:00","og_image":[{"width":2000,"height":800,"url":"https:\/\/mhcalculos.com.br\/noticias\/wp-content\/uploads\/sites\/2\/2018\/06\/judiciario-0016.jpg","type":"image\/jpeg"}],"author":"Equipe MH","twitter_card":"summary_large_image","twitter_misc":{"Escrito por":"Equipe MH","Est. tempo de leitura":"3 minutos"},"schema":{"@context":"https:\/\/schema.org","@graph":[{"@type":"Article","@id":"https:\/\/mhcalculos.com.br\/noticias\/area\/trabalhista\/tst-julgamento-de-recurso-e-anulado-por-falta-de-publicacao-do-processo-em-pauta.html#article","isPartOf":{"@id":"https:\/\/mhcalculos.com.br\/noticias\/area\/trabalhista\/tst-julgamento-de-recurso-e-anulado-por-falta-de-publicacao-do-processo-em-pauta.html"},"author":{"name":"Equipe MH","@id":"https:\/\/mhcalculos.com.br\/noticias\/#\/schema\/person\/88d1c34bf72dc779ea14a5a6b8e0ae8d"},"headline":"TST: Julgamento de recurso \u00e9 anulado por falta de publica\u00e7\u00e3o do processo em pauta","datePublished":"2018-06-06T10:10:00+00:00","dateModified":"2021-07-28T17:34:47+00:00","mainEntityOfPage":{"@id":"https:\/\/mhcalculos.com.br\/noticias\/area\/trabalhista\/tst-julgamento-de-recurso-e-anulado-por-falta-de-publicacao-do-processo-em-pauta.html"},"wordCount":526,"commentCount":0,"image":{"@id":"https:\/\/mhcalculos.com.br\/noticias\/area\/trabalhista\/tst-julgamento-de-recurso-e-anulado-por-falta-de-publicacao-do-processo-em-pauta.html#primaryimage"},"thumbnailUrl":"https:\/\/mhcalculos.com.br\/noticias\/wp-content\/uploads\/sites\/2\/2018\/06\/judiciario-0016.jpg","keywords":["c\u00e1lculos trabalhistas","direito trabalhista","per\u00edcia","perito","trabalho","TST"],"articleSection":["Direito Trabalhista","TST"],"inLanguage":"pt-BR","potentialAction":[{"@type":"CommentAction","name":"Comment","target":["https:\/\/mhcalculos.com.br\/noticias\/area\/trabalhista\/tst-julgamento-de-recurso-e-anulado-por-falta-de-publicacao-do-processo-em-pauta.html#respond"]}]},{"@type":"WebPage","@id":"https:\/\/mhcalculos.com.br\/noticias\/area\/trabalhista\/tst-julgamento-de-recurso-e-anulado-por-falta-de-publicacao-do-processo-em-pauta.html","url":"https:\/\/mhcalculos.com.br\/noticias\/area\/trabalhista\/tst-julgamento-de-recurso-e-anulado-por-falta-de-publicacao-do-processo-em-pauta.html","name":"TST: Julgamento de recurso \u00e9 anulado por falta de publica\u00e7\u00e3o do processo em pauta | Portal de Not\u00edcias","isPartOf":{"@id":"https:\/\/mhcalculos.com.br\/noticias\/#website"},"primaryImageOfPage":{"@id":"https:\/\/mhcalculos.com.br\/noticias\/area\/trabalhista\/tst-julgamento-de-recurso-e-anulado-por-falta-de-publicacao-do-processo-em-pauta.html#primaryimage"},"image":{"@id":"https:\/\/mhcalculos.com.br\/noticias\/area\/trabalhista\/tst-julgamento-de-recurso-e-anulado-por-falta-de-publicacao-do-processo-em-pauta.html#primaryimage"},"thumbnailUrl":"https:\/\/mhcalculos.com.br\/noticias\/wp-content\/uploads\/sites\/2\/2018\/06\/judiciario-0016.jpg","datePublished":"2018-06-06T10:10:00+00:00","dateModified":"2021-07-28T17:34:47+00:00","author":{"@id":"https:\/\/mhcalculos.com.br\/noticias\/#\/schema\/person\/88d1c34bf72dc779ea14a5a6b8e0ae8d"},"breadcrumb":{"@id":"https:\/\/mhcalculos.com.br\/noticias\/area\/trabalhista\/tst-julgamento-de-recurso-e-anulado-por-falta-de-publicacao-do-processo-em-pauta.html#breadcrumb"},"inLanguage":"pt-BR","potentialAction":[{"@type":"ReadAction","target":["https:\/\/mhcalculos.com.br\/noticias\/area\/trabalhista\/tst-julgamento-de-recurso-e-anulado-por-falta-de-publicacao-do-processo-em-pauta.html"]}]},{"@type":"ImageObject","inLanguage":"pt-BR","@id":"https:\/\/mhcalculos.com.br\/noticias\/area\/trabalhista\/tst-julgamento-de-recurso-e-anulado-por-falta-de-publicacao-do-processo-em-pauta.html#primaryimage","url":"https:\/\/mhcalculos.com.br\/noticias\/wp-content\/uploads\/sites\/2\/2018\/06\/judiciario-0016.jpg","contentUrl":"https:\/\/mhcalculos.com.br\/noticias\/wp-content\/uploads\/sites\/2\/2018\/06\/judiciario-0016.jpg","width":2000,"height":800},{"@type":"BreadcrumbList","@id":"https:\/\/mhcalculos.com.br\/noticias\/area\/trabalhista\/tst-julgamento-de-recurso-e-anulado-por-falta-de-publicacao-do-processo-em-pauta.html#breadcrumb","itemListElement":[{"@type":"ListItem","position":1,"name":"In\u00edcio","item":"https:\/\/mhcalculos.com.br\/noticias\/"},{"@type":"ListItem","position":2,"name":"TST: Julgamento de recurso \u00e9 anulado por falta de publica\u00e7\u00e3o do processo em pauta"}]},{"@type":"WebSite","@id":"https:\/\/mhcalculos.com.br\/noticias\/#website","url":"https:\/\/mhcalculos.com.br\/noticias\/","name":"Portal de Not\u00edcias","description":"Not\u00edcias e Jurisprud\u00eancia","potentialAction":[{"@type":"SearchAction","target":{"@type":"EntryPoint","urlTemplate":"https:\/\/mhcalculos.com.br\/noticias\/?s={search_term_string}"},"query-input":{"@type":"PropertyValueSpecification","valueRequired":true,"valueName":"search_term_string"}}],"inLanguage":"pt-BR"},{"@type":"Person","@id":"https:\/\/mhcalculos.com.br\/noticias\/#\/schema\/person\/88d1c34bf72dc779ea14a5a6b8e0ae8d","name":"Equipe MH","image":{"@type":"ImageObject","inLanguage":"pt-BR","@id":"https:\/\/secure.gravatar.com\/avatar\/de1c686c2ecc9c5a3f327e3431d819eb39f8f05d4e1045f5a1caad6daaba987f?s=96&d=mm&r=g","url":"https:\/\/secure.gravatar.com\/avatar\/de1c686c2ecc9c5a3f327e3431d819eb39f8f05d4e1045f5a1caad6daaba987f?s=96&d=mm&r=g","contentUrl":"https:\/\/secure.gravatar.com\/avatar\/de1c686c2ecc9c5a3f327e3431d819eb39f8f05d4e1045f5a1caad6daaba987f?s=96&d=mm&r=g","caption":"Equipe MH"}}]}},"_links":{"self":[{"href":"https:\/\/mhcalculos.com.br\/noticias\/wp-json\/wp\/v2\/posts\/1669","targetHints":{"allow":["GET"]}}],"collection":[{"href":"https:\/\/mhcalculos.com.br\/noticias\/wp-json\/wp\/v2\/posts"}],"about":[{"href":"https:\/\/mhcalculos.com.br\/noticias\/wp-json\/wp\/v2\/types\/post"}],"author":[{"embeddable":true,"href":"https:\/\/mhcalculos.com.br\/noticias\/wp-json\/wp\/v2\/users\/3063"}],"replies":[{"embeddable":true,"href":"https:\/\/mhcalculos.com.br\/noticias\/wp-json\/wp\/v2\/comments?post=1669"}],"version-history":[{"count":1,"href":"https:\/\/mhcalculos.com.br\/noticias\/wp-json\/wp\/v2\/posts\/1669\/revisions"}],"predecessor-version":[{"id":10418,"href":"https:\/\/mhcalculos.com.br\/noticias\/wp-json\/wp\/v2\/posts\/1669\/revisions\/10418"}],"wp:featuredmedia":[{"embeddable":true,"href":"https:\/\/mhcalculos.com.br\/noticias\/wp-json\/wp\/v2\/media\/1670"}],"wp:attachment":[{"href":"https:\/\/mhcalculos.com.br\/noticias\/wp-json\/wp\/v2\/media?parent=1669"}],"wp:term":[{"taxonomy":"category","embeddable":true,"href":"https:\/\/mhcalculos.com.br\/noticias\/wp-json\/wp\/v2\/categories?post=1669"},{"taxonomy":"post_tag","embeddable":true,"href":"https:\/\/mhcalculos.com.br\/noticias\/wp-json\/wp\/v2\/tags?post=1669"}],"curies":[{"name":"wp","href":"https:\/\/api.w.org\/{rel}","templated":true}]}}