{"id":1660,"date":"2018-06-06T07:00:00","date_gmt":"2018-06-06T10:00:00","guid":{"rendered":"https:\/\/mhcalculos.com.br\/noticias\/2018\/06\/06\/tst-tribunalrestabelece-reintegracao-de-empregado-demitido-no-periodo-pre-aposentadoria\/"},"modified":"2021-07-28T14:34:47","modified_gmt":"2021-07-28T17:34:47","slug":"tst-tribunal-restabelece-reintegracao-de-empregado-demitido-no-periodo-pre-aposentadoria","status":"publish","type":"post","link":"https:\/\/mhcalculos.com.br\/noticias\/area\/trabalhista\/tst-tribunal-restabelece-reintegracao-de-empregado-demitido-no-periodo-pre-aposentadoria.html","title":{"rendered":"TST: Tribunal restabelece reintegra\u00e7\u00e3o de empregado demitido no per\u00edodo pr\u00e9-aposentadoria"},"content":{"rendered":"<p><br \/>\n  <\/p>\n<p >A Subse\u00e7\u00e3o II Especializada em Diss\u00eddios Individuais (SDI-2) do Tribunal Superior do Trabalho restabeleceu liminar concedida pelo ju\u00edzo da Vara do Trabalho de S\u00e3o Roque (SP) que havia determinado a reintegra\u00e7\u00e3o imediata de um empregado demitido a menos de tr\u00eas anos da aposentadoria. Para a SDI-2, a situa\u00e7\u00e3o do empregado pode ser&nbsp; enquadrada em norma coletiva que prev\u00ea estabilidade no emprego.&nbsp;<\/p>\n<p >A decis\u00e3o, que volta a surtir efeito agora, havia sido revogada pelo Tribunal Regional do Trabalho da 15\u00aa Regi\u00e3o (Campinas-SP), ao julgar mandado de seguran\u00e7a impetrado pela Companhia Brasileira de Alum\u00ednio. O TRT n\u00e3o constatou os requisitos para a antecipa\u00e7\u00e3o da tutela, uma vez que o empregado n\u00e3o comprovou perante o empregador o tempo de servi\u00e7o que garantiria o direito \u00e0 estabilidade no prazo previsto no acordo coletivo. Ainda conforme o Tribunal Regional, a norma coletiva cont\u00e9m disposi\u00e7\u00e3o expressa de que o empregado deve comunicar formalmente \u00e0 empresa que se encontra dentro do per\u00edodo estabilit\u00e1rio pr\u00e9-aposentadoria.<\/p>\n<p >Ao apreciar o recurso do empregado, o relator, ministro Emmanoel Pereira, assinalou que a jurisprud\u00eancia do TST considera n\u00e3o haver direito l\u00edquido e certo do empregador contra decis\u00e3o que, em antecipa\u00e7\u00e3o de tutela, determina a reintegra\u00e7\u00e3o com base na plausibilidade da alega\u00e7\u00e3o do pedido, como no caso do detentor de estabilidade provis\u00f3ria prevista em lei e norma coletiva. Ele considerou ainda os efeitos prejudiciais da demora da decis\u00e3o sobre a manuten\u00e7\u00e3o do emprego, com base em diversos princ\u00edpios protetivos do direito do trabalho (continuidade da rela\u00e7\u00e3o de emprego, prote\u00e7\u00e3o ao trabalho, dignidade da pessoa humana, valores sociais do trabalho e da livre iniciativa). \u201cSendo incontroversa a situa\u00e7\u00e3o do empregado de poder ser enquadrado em norma coletiva com previs\u00e3o de estabilidade no emprego, mostra-se mais consent\u00e2nea com a ordem jur\u00eddica a manuten\u00e7\u00e3o da decis\u00e3o que determina a imediata reintegra\u00e7\u00e3o do empregado\u201d, concluiu.<\/p>\n<p >Por maioria, a SDI-2 deu provimento ao recurso ordin\u00e1rio para restabelecer a senten\u00e7a. Ficaram vencidos os ministros Renato de Lacerda Paiva, Douglas Alencar Rodrigues e Alexandre Luiz Ramos.<\/p>\n<p >(GL\/CF)<\/p>\n<p >Processo: <a href=\"http:\/\/aplicacao4.tst.jus.br\/consultaProcessual\/resumoForm.do?consulta=1&amp;numeroInt=286231&amp;anoInt=2017\">RO-5151-12.2017.5.15.0000<\/a><\/p>\n<p> O TST possui oito Turmas, cada uma composta por tr\u00eas ministros, com a atribui\u00e7\u00e3o de analisar recursos de revista, agravos, agravos de instrumento, agravos regimentais e recursos ordin\u00e1rios em a\u00e7\u00e3o cautelar. Das decis\u00f5es das Turmas, a parte ainda pode, em alguns casos, recorrer \u00e0 Subse\u00e7\u00e3o I Especializada em Diss\u00eddios Individuais (SBDI-1). <strong>Esta mat\u00e9ria tem car\u00e1ter informativo, sem cunho oficial.<br \/> Permitida a reprodu\u00e7\u00e3o mediante cita\u00e7\u00e3o da fonte.<br \/> Secretaria de Comunica\u00e7\u00e3o Social<br \/> Tribunal Superior do Trabalho<br \/> Tel. (61) 3043-4907<br \/> <a href=\"mailto:secom@tst.jus.br\" >secom@tst.jus.br<\/a><\/strong>       <\/br><br \/>\n<br \/><i>Com informa\u00e7\u00f5es da assessoria de imprensa do TST.<\/i><br \/>\n<br \/><a href=\"http:\/\/www.tst.jus.br\/web\/guest\/noticias?p_p_id=89Dk&#038;p_p_lifecycle=0&#038;refererPlid=10730&#038;_89Dk_struts_action=%2Fjournal_content%2Fview&#038;_89Dk_groupId=10157&#038;_89Dk_articleId=24592767\">Fonte<\/a><br \/>\n<br \/><\/p>\n","protected":false},"excerpt":{"rendered":"<p>A Subse\u00e7\u00e3o II Especializada em Diss\u00eddios Individuais (SDI-2) do Tribunal Superior do Trabalho restabeleceu liminar concedida pelo ju\u00edzo da Vara do Trabalho de S\u00e3o Roque (SP) que havia determinado a reintegra\u00e7\u00e3o imediata de um empregado demitido a menos de tr\u00eas anos da aposentadoria. Para a SDI-2, a situa\u00e7\u00e3o do empregado pode ser&nbsp; enquadrada em norma [&hellip;]<\/p>\n","protected":false},"author":3063,"featured_media":1561,"comment_status":"open","ping_status":"open","sticky":false,"template":"","format":"standard","meta":{"footnotes":""},"categories":[3,21],"tags":[33,216,9,12,217,215],"class_list":{"0":"post-1660","1":"post","2":"type-post","3":"status-publish","4":"format-standard","5":"has-post-thumbnail","7":"category-trabalhista","8":"category-tst","9":"tag-calculos-trabalhistas","10":"tag-direito-trabalhista","11":"tag-pericia","12":"tag-perito","13":"tag-trabalho","14":"tag-tst"},"yoast_head":"<!-- This site is optimized with the Yoast SEO plugin v27.2 - https:\/\/yoast.com\/product\/yoast-seo-wordpress\/ -->\n<title>TST: Tribunal restabelece reintegra\u00e7\u00e3o de empregado demitido no per\u00edodo pr\u00e9-aposentadoria | Portal de Not\u00edcias<\/title>\n<meta name=\"robots\" content=\"index, follow, max-snippet:-1, max-image-preview:large, max-video-preview:-1\" \/>\n<link rel=\"canonical\" href=\"https:\/\/mhcalculos.com.br\/noticias\/area\/trabalhista\/tst-tribunal-restabelece-reintegracao-de-empregado-demitido-no-periodo-pre-aposentadoria.html\" \/>\n<meta property=\"og:locale\" content=\"pt_BR\" \/>\n<meta property=\"og:type\" content=\"article\" \/>\n<meta property=\"og:title\" content=\"TST: Tribunal restabelece reintegra\u00e7\u00e3o de empregado demitido no per\u00edodo pr\u00e9-aposentadoria | Portal de Not\u00edcias\" \/>\n<meta property=\"og:description\" content=\"A Subse\u00e7\u00e3o II Especializada em Diss\u00eddios Individuais (SDI-2) do Tribunal Superior do Trabalho restabeleceu liminar concedida pelo ju\u00edzo da Vara do Trabalho de S\u00e3o Roque (SP) que havia determinado a reintegra\u00e7\u00e3o imediata de um empregado demitido a menos de tr\u00eas anos da aposentadoria. Para a SDI-2, a situa\u00e7\u00e3o do empregado pode ser&nbsp; enquadrada em norma [&hellip;]\" \/>\n<meta property=\"og:url\" content=\"https:\/\/mhcalculos.com.br\/noticias\/area\/trabalhista\/tst-tribunal-restabelece-reintegracao-de-empregado-demitido-no-periodo-pre-aposentadoria.html\" \/>\n<meta property=\"og:site_name\" content=\"Portal de Not\u00edcias\" \/>\n<meta property=\"article:published_time\" content=\"2018-06-06T10:00:00+00:00\" \/>\n<meta property=\"article:modified_time\" content=\"2021-07-28T17:34:47+00:00\" \/>\n<meta property=\"og:image\" content=\"https:\/\/mhcalculos.com.br\/noticias\/wp-content\/uploads\/sites\/2\/2018\/05\/judiciario-0031.jpg\" \/>\n\t<meta property=\"og:image:width\" content=\"2000\" \/>\n\t<meta property=\"og:image:height\" content=\"800\" \/>\n\t<meta property=\"og:image:type\" content=\"image\/jpeg\" \/>\n<meta name=\"author\" content=\"Equipe MH\" \/>\n<meta name=\"twitter:card\" content=\"summary_large_image\" \/>\n<meta name=\"twitter:label1\" content=\"Escrito por\" \/>\n\t<meta name=\"twitter:data1\" content=\"Equipe MH\" \/>\n\t<meta name=\"twitter:label2\" content=\"Est. tempo de leitura\" \/>\n\t<meta name=\"twitter:data2\" content=\"2 minutos\" \/>\n<script type=\"application\/ld+json\" class=\"yoast-schema-graph\">{\"@context\":\"https:\/\/schema.org\",\"@graph\":[{\"@type\":\"Article\",\"@id\":\"https:\/\/mhcalculos.com.br\/noticias\/area\/trabalhista\/tst-tribunal-restabelece-reintegracao-de-empregado-demitido-no-periodo-pre-aposentadoria.html#article\",\"isPartOf\":{\"@id\":\"https:\/\/mhcalculos.com.br\/noticias\/area\/trabalhista\/tst-tribunal-restabelece-reintegracao-de-empregado-demitido-no-periodo-pre-aposentadoria.html\"},\"author\":{\"name\":\"Equipe MH\",\"@id\":\"https:\/\/mhcalculos.com.br\/noticias\/#\/schema\/person\/88d1c34bf72dc779ea14a5a6b8e0ae8d\"},\"headline\":\"TST: Tribunal restabelece reintegra\u00e7\u00e3o de empregado demitido no per\u00edodo pr\u00e9-aposentadoria\",\"datePublished\":\"2018-06-06T10:00:00+00:00\",\"dateModified\":\"2021-07-28T17:34:47+00:00\",\"mainEntityOfPage\":{\"@id\":\"https:\/\/mhcalculos.com.br\/noticias\/area\/trabalhista\/tst-tribunal-restabelece-reintegracao-de-empregado-demitido-no-periodo-pre-aposentadoria.html\"},\"wordCount\":488,\"commentCount\":0,\"image\":{\"@id\":\"https:\/\/mhcalculos.com.br\/noticias\/area\/trabalhista\/tst-tribunal-restabelece-reintegracao-de-empregado-demitido-no-periodo-pre-aposentadoria.html#primaryimage\"},\"thumbnailUrl\":\"https:\/\/mhcalculos.com.br\/noticias\/wp-content\/uploads\/sites\/2\/2018\/05\/judiciario-0031.jpg\",\"keywords\":[\"c\u00e1lculos trabalhistas\",\"direito trabalhista\",\"per\u00edcia\",\"perito\",\"trabalho\",\"TST\"],\"articleSection\":[\"Direito Trabalhista\",\"TST\"],\"inLanguage\":\"pt-BR\",\"potentialAction\":[{\"@type\":\"CommentAction\",\"name\":\"Comment\",\"target\":[\"https:\/\/mhcalculos.com.br\/noticias\/area\/trabalhista\/tst-tribunal-restabelece-reintegracao-de-empregado-demitido-no-periodo-pre-aposentadoria.html#respond\"]}]},{\"@type\":\"WebPage\",\"@id\":\"https:\/\/mhcalculos.com.br\/noticias\/area\/trabalhista\/tst-tribunal-restabelece-reintegracao-de-empregado-demitido-no-periodo-pre-aposentadoria.html\",\"url\":\"https:\/\/mhcalculos.com.br\/noticias\/area\/trabalhista\/tst-tribunal-restabelece-reintegracao-de-empregado-demitido-no-periodo-pre-aposentadoria.html\",\"name\":\"TST: Tribunal restabelece reintegra\u00e7\u00e3o de empregado demitido no per\u00edodo pr\u00e9-aposentadoria | Portal de Not\u00edcias\",\"isPartOf\":{\"@id\":\"https:\/\/mhcalculos.com.br\/noticias\/#website\"},\"primaryImageOfPage\":{\"@id\":\"https:\/\/mhcalculos.com.br\/noticias\/area\/trabalhista\/tst-tribunal-restabelece-reintegracao-de-empregado-demitido-no-periodo-pre-aposentadoria.html#primaryimage\"},\"image\":{\"@id\":\"https:\/\/mhcalculos.com.br\/noticias\/area\/trabalhista\/tst-tribunal-restabelece-reintegracao-de-empregado-demitido-no-periodo-pre-aposentadoria.html#primaryimage\"},\"thumbnailUrl\":\"https:\/\/mhcalculos.com.br\/noticias\/wp-content\/uploads\/sites\/2\/2018\/05\/judiciario-0031.jpg\",\"datePublished\":\"2018-06-06T10:00:00+00:00\",\"dateModified\":\"2021-07-28T17:34:47+00:00\",\"author\":{\"@id\":\"https:\/\/mhcalculos.com.br\/noticias\/#\/schema\/person\/88d1c34bf72dc779ea14a5a6b8e0ae8d\"},\"breadcrumb\":{\"@id\":\"https:\/\/mhcalculos.com.br\/noticias\/area\/trabalhista\/tst-tribunal-restabelece-reintegracao-de-empregado-demitido-no-periodo-pre-aposentadoria.html#breadcrumb\"},\"inLanguage\":\"pt-BR\",\"potentialAction\":[{\"@type\":\"ReadAction\",\"target\":[\"https:\/\/mhcalculos.com.br\/noticias\/area\/trabalhista\/tst-tribunal-restabelece-reintegracao-de-empregado-demitido-no-periodo-pre-aposentadoria.html\"]}]},{\"@type\":\"ImageObject\",\"inLanguage\":\"pt-BR\",\"@id\":\"https:\/\/mhcalculos.com.br\/noticias\/area\/trabalhista\/tst-tribunal-restabelece-reintegracao-de-empregado-demitido-no-periodo-pre-aposentadoria.html#primaryimage\",\"url\":\"https:\/\/mhcalculos.com.br\/noticias\/wp-content\/uploads\/sites\/2\/2018\/05\/judiciario-0031.jpg\",\"contentUrl\":\"https:\/\/mhcalculos.com.br\/noticias\/wp-content\/uploads\/sites\/2\/2018\/05\/judiciario-0031.jpg\",\"width\":2000,\"height\":800},{\"@type\":\"BreadcrumbList\",\"@id\":\"https:\/\/mhcalculos.com.br\/noticias\/area\/trabalhista\/tst-tribunal-restabelece-reintegracao-de-empregado-demitido-no-periodo-pre-aposentadoria.html#breadcrumb\",\"itemListElement\":[{\"@type\":\"ListItem\",\"position\":1,\"name\":\"In\u00edcio\",\"item\":\"https:\/\/mhcalculos.com.br\/noticias\/\"},{\"@type\":\"ListItem\",\"position\":2,\"name\":\"TST: Tribunal restabelece reintegra\u00e7\u00e3o de empregado demitido no per\u00edodo pr\u00e9-aposentadoria\"}]},{\"@type\":\"WebSite\",\"@id\":\"https:\/\/mhcalculos.com.br\/noticias\/#website\",\"url\":\"https:\/\/mhcalculos.com.br\/noticias\/\",\"name\":\"Portal de Not\u00edcias\",\"description\":\"Not\u00edcias e Jurisprud\u00eancia\",\"potentialAction\":[{\"@type\":\"SearchAction\",\"target\":{\"@type\":\"EntryPoint\",\"urlTemplate\":\"https:\/\/mhcalculos.com.br\/noticias\/?s={search_term_string}\"},\"query-input\":{\"@type\":\"PropertyValueSpecification\",\"valueRequired\":true,\"valueName\":\"search_term_string\"}}],\"inLanguage\":\"pt-BR\"},{\"@type\":\"Person\",\"@id\":\"https:\/\/mhcalculos.com.br\/noticias\/#\/schema\/person\/88d1c34bf72dc779ea14a5a6b8e0ae8d\",\"name\":\"Equipe MH\",\"image\":{\"@type\":\"ImageObject\",\"inLanguage\":\"pt-BR\",\"@id\":\"https:\/\/secure.gravatar.com\/avatar\/de1c686c2ecc9c5a3f327e3431d819eb39f8f05d4e1045f5a1caad6daaba987f?s=96&d=mm&r=g\",\"url\":\"https:\/\/secure.gravatar.com\/avatar\/de1c686c2ecc9c5a3f327e3431d819eb39f8f05d4e1045f5a1caad6daaba987f?s=96&d=mm&r=g\",\"contentUrl\":\"https:\/\/secure.gravatar.com\/avatar\/de1c686c2ecc9c5a3f327e3431d819eb39f8f05d4e1045f5a1caad6daaba987f?s=96&d=mm&r=g\",\"caption\":\"Equipe MH\"}}]}<\/script>\n<!-- \/ Yoast SEO plugin. -->","yoast_head_json":{"title":"TST: Tribunal restabelece reintegra\u00e7\u00e3o de empregado demitido no per\u00edodo pr\u00e9-aposentadoria | Portal de Not\u00edcias","robots":{"index":"index","follow":"follow","max-snippet":"max-snippet:-1","max-image-preview":"max-image-preview:large","max-video-preview":"max-video-preview:-1"},"canonical":"https:\/\/mhcalculos.com.br\/noticias\/area\/trabalhista\/tst-tribunal-restabelece-reintegracao-de-empregado-demitido-no-periodo-pre-aposentadoria.html","og_locale":"pt_BR","og_type":"article","og_title":"TST: Tribunal restabelece reintegra\u00e7\u00e3o de empregado demitido no per\u00edodo pr\u00e9-aposentadoria | Portal de Not\u00edcias","og_description":"A Subse\u00e7\u00e3o II Especializada em Diss\u00eddios Individuais (SDI-2) do Tribunal Superior do Trabalho restabeleceu liminar concedida pelo ju\u00edzo da Vara do Trabalho de S\u00e3o Roque (SP) que havia determinado a reintegra\u00e7\u00e3o imediata de um empregado demitido a menos de tr\u00eas anos da aposentadoria. Para a SDI-2, a situa\u00e7\u00e3o do empregado pode ser&nbsp; enquadrada em norma [&hellip;]","og_url":"https:\/\/mhcalculos.com.br\/noticias\/area\/trabalhista\/tst-tribunal-restabelece-reintegracao-de-empregado-demitido-no-periodo-pre-aposentadoria.html","og_site_name":"Portal de Not\u00edcias","article_published_time":"2018-06-06T10:00:00+00:00","article_modified_time":"2021-07-28T17:34:47+00:00","og_image":[{"width":2000,"height":800,"url":"https:\/\/mhcalculos.com.br\/noticias\/wp-content\/uploads\/sites\/2\/2018\/05\/judiciario-0031.jpg","type":"image\/jpeg"}],"author":"Equipe MH","twitter_card":"summary_large_image","twitter_misc":{"Escrito por":"Equipe MH","Est. tempo de leitura":"2 minutos"},"schema":{"@context":"https:\/\/schema.org","@graph":[{"@type":"Article","@id":"https:\/\/mhcalculos.com.br\/noticias\/area\/trabalhista\/tst-tribunal-restabelece-reintegracao-de-empregado-demitido-no-periodo-pre-aposentadoria.html#article","isPartOf":{"@id":"https:\/\/mhcalculos.com.br\/noticias\/area\/trabalhista\/tst-tribunal-restabelece-reintegracao-de-empregado-demitido-no-periodo-pre-aposentadoria.html"},"author":{"name":"Equipe MH","@id":"https:\/\/mhcalculos.com.br\/noticias\/#\/schema\/person\/88d1c34bf72dc779ea14a5a6b8e0ae8d"},"headline":"TST: Tribunal restabelece reintegra\u00e7\u00e3o de empregado demitido no per\u00edodo pr\u00e9-aposentadoria","datePublished":"2018-06-06T10:00:00+00:00","dateModified":"2021-07-28T17:34:47+00:00","mainEntityOfPage":{"@id":"https:\/\/mhcalculos.com.br\/noticias\/area\/trabalhista\/tst-tribunal-restabelece-reintegracao-de-empregado-demitido-no-periodo-pre-aposentadoria.html"},"wordCount":488,"commentCount":0,"image":{"@id":"https:\/\/mhcalculos.com.br\/noticias\/area\/trabalhista\/tst-tribunal-restabelece-reintegracao-de-empregado-demitido-no-periodo-pre-aposentadoria.html#primaryimage"},"thumbnailUrl":"https:\/\/mhcalculos.com.br\/noticias\/wp-content\/uploads\/sites\/2\/2018\/05\/judiciario-0031.jpg","keywords":["c\u00e1lculos trabalhistas","direito trabalhista","per\u00edcia","perito","trabalho","TST"],"articleSection":["Direito Trabalhista","TST"],"inLanguage":"pt-BR","potentialAction":[{"@type":"CommentAction","name":"Comment","target":["https:\/\/mhcalculos.com.br\/noticias\/area\/trabalhista\/tst-tribunal-restabelece-reintegracao-de-empregado-demitido-no-periodo-pre-aposentadoria.html#respond"]}]},{"@type":"WebPage","@id":"https:\/\/mhcalculos.com.br\/noticias\/area\/trabalhista\/tst-tribunal-restabelece-reintegracao-de-empregado-demitido-no-periodo-pre-aposentadoria.html","url":"https:\/\/mhcalculos.com.br\/noticias\/area\/trabalhista\/tst-tribunal-restabelece-reintegracao-de-empregado-demitido-no-periodo-pre-aposentadoria.html","name":"TST: Tribunal restabelece reintegra\u00e7\u00e3o de empregado demitido no per\u00edodo pr\u00e9-aposentadoria | Portal de Not\u00edcias","isPartOf":{"@id":"https:\/\/mhcalculos.com.br\/noticias\/#website"},"primaryImageOfPage":{"@id":"https:\/\/mhcalculos.com.br\/noticias\/area\/trabalhista\/tst-tribunal-restabelece-reintegracao-de-empregado-demitido-no-periodo-pre-aposentadoria.html#primaryimage"},"image":{"@id":"https:\/\/mhcalculos.com.br\/noticias\/area\/trabalhista\/tst-tribunal-restabelece-reintegracao-de-empregado-demitido-no-periodo-pre-aposentadoria.html#primaryimage"},"thumbnailUrl":"https:\/\/mhcalculos.com.br\/noticias\/wp-content\/uploads\/sites\/2\/2018\/05\/judiciario-0031.jpg","datePublished":"2018-06-06T10:00:00+00:00","dateModified":"2021-07-28T17:34:47+00:00","author":{"@id":"https:\/\/mhcalculos.com.br\/noticias\/#\/schema\/person\/88d1c34bf72dc779ea14a5a6b8e0ae8d"},"breadcrumb":{"@id":"https:\/\/mhcalculos.com.br\/noticias\/area\/trabalhista\/tst-tribunal-restabelece-reintegracao-de-empregado-demitido-no-periodo-pre-aposentadoria.html#breadcrumb"},"inLanguage":"pt-BR","potentialAction":[{"@type":"ReadAction","target":["https:\/\/mhcalculos.com.br\/noticias\/area\/trabalhista\/tst-tribunal-restabelece-reintegracao-de-empregado-demitido-no-periodo-pre-aposentadoria.html"]}]},{"@type":"ImageObject","inLanguage":"pt-BR","@id":"https:\/\/mhcalculos.com.br\/noticias\/area\/trabalhista\/tst-tribunal-restabelece-reintegracao-de-empregado-demitido-no-periodo-pre-aposentadoria.html#primaryimage","url":"https:\/\/mhcalculos.com.br\/noticias\/wp-content\/uploads\/sites\/2\/2018\/05\/judiciario-0031.jpg","contentUrl":"https:\/\/mhcalculos.com.br\/noticias\/wp-content\/uploads\/sites\/2\/2018\/05\/judiciario-0031.jpg","width":2000,"height":800},{"@type":"BreadcrumbList","@id":"https:\/\/mhcalculos.com.br\/noticias\/area\/trabalhista\/tst-tribunal-restabelece-reintegracao-de-empregado-demitido-no-periodo-pre-aposentadoria.html#breadcrumb","itemListElement":[{"@type":"ListItem","position":1,"name":"In\u00edcio","item":"https:\/\/mhcalculos.com.br\/noticias\/"},{"@type":"ListItem","position":2,"name":"TST: Tribunal restabelece reintegra\u00e7\u00e3o de empregado demitido no per\u00edodo pr\u00e9-aposentadoria"}]},{"@type":"WebSite","@id":"https:\/\/mhcalculos.com.br\/noticias\/#website","url":"https:\/\/mhcalculos.com.br\/noticias\/","name":"Portal de Not\u00edcias","description":"Not\u00edcias e Jurisprud\u00eancia","potentialAction":[{"@type":"SearchAction","target":{"@type":"EntryPoint","urlTemplate":"https:\/\/mhcalculos.com.br\/noticias\/?s={search_term_string}"},"query-input":{"@type":"PropertyValueSpecification","valueRequired":true,"valueName":"search_term_string"}}],"inLanguage":"pt-BR"},{"@type":"Person","@id":"https:\/\/mhcalculos.com.br\/noticias\/#\/schema\/person\/88d1c34bf72dc779ea14a5a6b8e0ae8d","name":"Equipe MH","image":{"@type":"ImageObject","inLanguage":"pt-BR","@id":"https:\/\/secure.gravatar.com\/avatar\/de1c686c2ecc9c5a3f327e3431d819eb39f8f05d4e1045f5a1caad6daaba987f?s=96&d=mm&r=g","url":"https:\/\/secure.gravatar.com\/avatar\/de1c686c2ecc9c5a3f327e3431d819eb39f8f05d4e1045f5a1caad6daaba987f?s=96&d=mm&r=g","contentUrl":"https:\/\/secure.gravatar.com\/avatar\/de1c686c2ecc9c5a3f327e3431d819eb39f8f05d4e1045f5a1caad6daaba987f?s=96&d=mm&r=g","caption":"Equipe MH"}}]}},"_links":{"self":[{"href":"https:\/\/mhcalculos.com.br\/noticias\/wp-json\/wp\/v2\/posts\/1660","targetHints":{"allow":["GET"]}}],"collection":[{"href":"https:\/\/mhcalculos.com.br\/noticias\/wp-json\/wp\/v2\/posts"}],"about":[{"href":"https:\/\/mhcalculos.com.br\/noticias\/wp-json\/wp\/v2\/types\/post"}],"author":[{"embeddable":true,"href":"https:\/\/mhcalculos.com.br\/noticias\/wp-json\/wp\/v2\/users\/3063"}],"replies":[{"embeddable":true,"href":"https:\/\/mhcalculos.com.br\/noticias\/wp-json\/wp\/v2\/comments?post=1660"}],"version-history":[{"count":1,"href":"https:\/\/mhcalculos.com.br\/noticias\/wp-json\/wp\/v2\/posts\/1660\/revisions"}],"predecessor-version":[{"id":1742,"href":"https:\/\/mhcalculos.com.br\/noticias\/wp-json\/wp\/v2\/posts\/1660\/revisions\/1742"}],"wp:featuredmedia":[{"embeddable":true,"href":"https:\/\/mhcalculos.com.br\/noticias\/wp-json\/wp\/v2\/media\/1561"}],"wp:attachment":[{"href":"https:\/\/mhcalculos.com.br\/noticias\/wp-json\/wp\/v2\/media?parent=1660"}],"wp:term":[{"taxonomy":"category","embeddable":true,"href":"https:\/\/mhcalculos.com.br\/noticias\/wp-json\/wp\/v2\/categories?post=1660"},{"taxonomy":"post_tag","embeddable":true,"href":"https:\/\/mhcalculos.com.br\/noticias\/wp-json\/wp\/v2\/tags?post=1660"}],"curies":[{"name":"wp","href":"https:\/\/api.w.org\/{rel}","templated":true}]}}