{"id":1644,"date":"2018-06-05T21:10:00","date_gmt":"2018-06-06T00:10:00","guid":{"rendered":"https:\/\/mhcalculos.com.br\/noticias\/2018\/06\/05\/tst-presidentes-do-tribunale-do-tse-firmam-acordo-para-aperfeicoamento-de-sistemas-de-gestao-de-pessoas\/"},"modified":"2021-07-28T14:34:48","modified_gmt":"2021-07-28T17:34:48","slug":"tst-presidentes-do-tribunal-e-do-tse-firmam-acordo-para-aperfeicoamento-de-sistemas-de-gestao-de-pessoas","status":"publish","type":"post","link":"https:\/\/mhcalculos.com.br\/noticias\/area\/trabalhista\/tst-presidentes-do-tribunal-e-do-tse-firmam-acordo-para-aperfeicoamento-de-sistemas-de-gestao-de-pessoas.html","title":{"rendered":"TST: Presidentes do Tribunal e do TSE firmam acordo para aperfei\u00e7oamento de sistemas de gest\u00e3o de pessoas"},"content":{"rendered":"<p><br \/>\n<br \/>   <a href=\"http:\/\/www.tst.jus.br\/image\/journal\/article?img_id=24592761&amp;t=1528244464225\" target=\"_blank\" rel=\"noopener\">   <\/a>  <\/p>\n<p >O Tribunal Superior do Trabalho e o Conselho Superior da Justi\u00e7a do Trabalho (CSJT) firmaram com o Tribunal Superior Eleitoral (TSE) acordo de coopera\u00e7\u00e3o t\u00e9cnica visando ao aprimoramento dos sistemas de gest\u00e3o de pessoas da Justi\u00e7a do Trabalho e da Justi\u00e7a Eleitoral. O documento foi assinado nesta ter\u00e7a-feira (5), na sede do TSE, pelo presidente do TST e do CSJT, ministro Brito Pereira, e pelo presidente do TSE, ministro Luiz Fux.<\/p>\n<p >O acordo estabelece a\u00e7\u00f5es conjuntas destinadas ao aprimoramento do Sistema de Gest\u00e3o de Recursos Humanos (SGRH) do TSE e do Sistema Integrado de Gest\u00e3o de Pessoas da Justi\u00e7a do Trabalho (SIGEP-JT\/CSJT), envolvendo a cess\u00e3o de uso (c\u00f3digos-fontes, estrutura de dados e documenta\u00e7\u00e3o) e a transfer\u00eancia de tecnologia entre os dois ramos do Judici\u00e1rio. O TSE ceder\u00e1 seu sistema ao CSJT, que fica autorizado a repass\u00e1-lo aos demais \u00f3rg\u00e3os da Justi\u00e7a do Trabalho. As obriga\u00e7\u00f5es do CSJT incluem o fornecimento ao TSE das altera\u00e7\u00f5es (corre\u00e7\u00f5es ou evolu\u00e7\u00f5es) e da documenta\u00e7\u00e3o de projetos auxiliares ou novos m\u00f3dulos de seu sistema, para an\u00e1lise da viabilidade do seu aproveitamento pela Justi\u00e7a Eleitoral. Os dois \u00f3rg\u00e3os tamb\u00e9m se comprometem a capacitar, se necess\u00e1rio, t\u00e9cnicos da \u00e1rea de tecnologia da informa\u00e7\u00e3o.<\/p>\n<p ><strong>Ordem do M\u00e9rito<\/strong><\/p>\n<p ><img decoding=\"async\" alt=\"\" data-src=\"http:\/\/www.tst.jus.br\/documents\/10157\/2374827\/OMJT+Fux.jpg\/5e96d23e-a9e4-ae6c-2716-0f34b105c8ad?t=1528243971374\" src=\"data:image\/svg+xml;base64,PHN2ZyB3aWR0aD0iMSIgaGVpZ2h0PSIxIiB4bWxucz0iaHR0cDovL3d3dy53My5vcmcvMjAwMC9zdmciPjwvc3ZnPg==\" class=\"lazyload\" \/>O presidente do TST aproveitou a visita ao TSE para entregar oficialmente ao ministro Luiz Fux a comenda da Ordem do M\u00e9rito Judici\u00e1rio do Trabalho.<\/p>\n<p >O presidente do TSE, agraciado com a Ordem em 2016, no grau Gr\u00e3-Cruz, manifestou seu apre\u00e7o pela Justi\u00e7a do Trabalho e por seu papel na promo\u00e7\u00e3o do equil\u00edbrio social.<\/p>\n<p >&nbsp;<\/p>\n<p >(Secom\/TST. Fotos: Giovanna Bembom)<\/p>\n<p>       <\/br><br \/>\n<br \/><i>Com informa\u00e7\u00f5es da assessoria de imprensa do TST.<\/i><br \/>\n<br \/><a href=\"http:\/\/www.tst.jus.br\/web\/guest\/noticias?p_p_id=89Dk&#038;p_p_lifecycle=0&#038;refererPlid=10730&#038;_89Dk_struts_action=%2Fjournal_content%2Fview&#038;_89Dk_groupId=10157&#038;_89Dk_articleId=24592738\">Fonte<\/a><br \/>\n<br \/><\/p>\n","protected":false},"excerpt":{"rendered":"<p>O Tribunal Superior do Trabalho e o Conselho Superior da Justi\u00e7a do Trabalho (CSJT) firmaram com o Tribunal Superior Eleitoral (TSE) acordo de coopera\u00e7\u00e3o t\u00e9cnica visando ao aprimoramento dos sistemas de gest\u00e3o de pessoas da Justi\u00e7a do Trabalho e da Justi\u00e7a Eleitoral. O documento foi assinado nesta ter\u00e7a-feira (5), na sede do TSE, pelo presidente [&hellip;]<\/p>\n","protected":false},"author":3063,"featured_media":1357,"comment_status":"open","ping_status":"open","sticky":false,"template":"","format":"standard","meta":{"footnotes":""},"categories":[3,21],"tags":[33,216,9,12,217,215],"class_list":{"0":"post-1644","1":"post","2":"type-post","3":"status-publish","4":"format-standard","5":"has-post-thumbnail","7":"category-trabalhista","8":"category-tst","9":"tag-calculos-trabalhistas","10":"tag-direito-trabalhista","11":"tag-pericia","12":"tag-perito","13":"tag-trabalho","14":"tag-tst"},"yoast_head":"<!-- This site is optimized with the Yoast SEO plugin v27.2 - https:\/\/yoast.com\/product\/yoast-seo-wordpress\/ -->\n<title>TST: Presidentes do Tribunal e do TSE firmam acordo para aperfei\u00e7oamento de sistemas de gest\u00e3o de pessoas | Portal de Not\u00edcias<\/title>\n<meta name=\"robots\" content=\"index, follow, max-snippet:-1, max-image-preview:large, max-video-preview:-1\" \/>\n<link rel=\"canonical\" href=\"https:\/\/mhcalculos.com.br\/noticias\/area\/trabalhista\/tst-presidentes-do-tribunal-e-do-tse-firmam-acordo-para-aperfeicoamento-de-sistemas-de-gestao-de-pessoas.html\" \/>\n<meta property=\"og:locale\" content=\"pt_BR\" \/>\n<meta property=\"og:type\" content=\"article\" \/>\n<meta property=\"og:title\" content=\"TST: Presidentes do Tribunal e do TSE firmam acordo para aperfei\u00e7oamento de sistemas de gest\u00e3o de pessoas | Portal de Not\u00edcias\" \/>\n<meta property=\"og:description\" content=\"O Tribunal Superior do Trabalho e o Conselho Superior da Justi\u00e7a do Trabalho (CSJT) firmaram com o Tribunal Superior Eleitoral (TSE) acordo de coopera\u00e7\u00e3o t\u00e9cnica visando ao aprimoramento dos sistemas de gest\u00e3o de pessoas da Justi\u00e7a do Trabalho e da Justi\u00e7a Eleitoral. O documento foi assinado nesta ter\u00e7a-feira (5), na sede do TSE, pelo presidente [&hellip;]\" \/>\n<meta property=\"og:url\" content=\"https:\/\/mhcalculos.com.br\/noticias\/area\/trabalhista\/tst-presidentes-do-tribunal-e-do-tse-firmam-acordo-para-aperfeicoamento-de-sistemas-de-gestao-de-pessoas.html\" \/>\n<meta property=\"og:site_name\" content=\"Portal de Not\u00edcias\" \/>\n<meta property=\"article:published_time\" content=\"2018-06-06T00:10:00+00:00\" \/>\n<meta property=\"article:modified_time\" content=\"2021-07-28T17:34:48+00:00\" \/>\n<meta property=\"og:image\" content=\"https:\/\/mhcalculos.com.br\/noticias\/wp-content\/uploads\/sites\/2\/2018\/05\/trabalhista-0029.jpg\" \/>\n\t<meta property=\"og:image:width\" content=\"2000\" \/>\n\t<meta property=\"og:image:height\" content=\"800\" \/>\n\t<meta property=\"og:image:type\" content=\"image\/jpeg\" \/>\n<meta name=\"author\" content=\"Equipe MH\" \/>\n<meta name=\"twitter:card\" content=\"summary_large_image\" \/>\n<meta name=\"twitter:label1\" content=\"Escrito por\" \/>\n\t<meta name=\"twitter:data1\" content=\"Equipe MH\" \/>\n\t<meta name=\"twitter:label2\" content=\"Est. tempo de leitura\" \/>\n\t<meta name=\"twitter:data2\" content=\"2 minutos\" \/>\n<script type=\"application\/ld+json\" class=\"yoast-schema-graph\">{\"@context\":\"https:\/\/schema.org\",\"@graph\":[{\"@type\":\"Article\",\"@id\":\"https:\/\/mhcalculos.com.br\/noticias\/area\/trabalhista\/tst-presidentes-do-tribunal-e-do-tse-firmam-acordo-para-aperfeicoamento-de-sistemas-de-gestao-de-pessoas.html#article\",\"isPartOf\":{\"@id\":\"https:\/\/mhcalculos.com.br\/noticias\/area\/trabalhista\/tst-presidentes-do-tribunal-e-do-tse-firmam-acordo-para-aperfeicoamento-de-sistemas-de-gestao-de-pessoas.html\"},\"author\":{\"name\":\"Equipe MH\",\"@id\":\"https:\/\/mhcalculos.com.br\/noticias\/#\/schema\/person\/88d1c34bf72dc779ea14a5a6b8e0ae8d\"},\"headline\":\"TST: Presidentes do Tribunal e do TSE firmam acordo para aperfei\u00e7oamento de sistemas de gest\u00e3o de pessoas\",\"datePublished\":\"2018-06-06T00:10:00+00:00\",\"dateModified\":\"2021-07-28T17:34:48+00:00\",\"mainEntityOfPage\":{\"@id\":\"https:\/\/mhcalculos.com.br\/noticias\/area\/trabalhista\/tst-presidentes-do-tribunal-e-do-tse-firmam-acordo-para-aperfeicoamento-de-sistemas-de-gestao-de-pessoas.html\"},\"wordCount\":329,\"commentCount\":0,\"image\":{\"@id\":\"https:\/\/mhcalculos.com.br\/noticias\/area\/trabalhista\/tst-presidentes-do-tribunal-e-do-tse-firmam-acordo-para-aperfeicoamento-de-sistemas-de-gestao-de-pessoas.html#primaryimage\"},\"thumbnailUrl\":\"https:\/\/mhcalculos.com.br\/noticias\/wp-content\/uploads\/sites\/2\/2018\/05\/trabalhista-0029.jpg\",\"keywords\":[\"c\u00e1lculos trabalhistas\",\"direito trabalhista\",\"per\u00edcia\",\"perito\",\"trabalho\",\"TST\"],\"articleSection\":[\"Direito Trabalhista\",\"TST\"],\"inLanguage\":\"pt-BR\",\"potentialAction\":[{\"@type\":\"CommentAction\",\"name\":\"Comment\",\"target\":[\"https:\/\/mhcalculos.com.br\/noticias\/area\/trabalhista\/tst-presidentes-do-tribunal-e-do-tse-firmam-acordo-para-aperfeicoamento-de-sistemas-de-gestao-de-pessoas.html#respond\"]}]},{\"@type\":\"WebPage\",\"@id\":\"https:\/\/mhcalculos.com.br\/noticias\/area\/trabalhista\/tst-presidentes-do-tribunal-e-do-tse-firmam-acordo-para-aperfeicoamento-de-sistemas-de-gestao-de-pessoas.html\",\"url\":\"https:\/\/mhcalculos.com.br\/noticias\/area\/trabalhista\/tst-presidentes-do-tribunal-e-do-tse-firmam-acordo-para-aperfeicoamento-de-sistemas-de-gestao-de-pessoas.html\",\"name\":\"TST: Presidentes do Tribunal e do TSE firmam acordo para aperfei\u00e7oamento de sistemas de gest\u00e3o de pessoas | Portal de Not\u00edcias\",\"isPartOf\":{\"@id\":\"https:\/\/mhcalculos.com.br\/noticias\/#website\"},\"primaryImageOfPage\":{\"@id\":\"https:\/\/mhcalculos.com.br\/noticias\/area\/trabalhista\/tst-presidentes-do-tribunal-e-do-tse-firmam-acordo-para-aperfeicoamento-de-sistemas-de-gestao-de-pessoas.html#primaryimage\"},\"image\":{\"@id\":\"https:\/\/mhcalculos.com.br\/noticias\/area\/trabalhista\/tst-presidentes-do-tribunal-e-do-tse-firmam-acordo-para-aperfeicoamento-de-sistemas-de-gestao-de-pessoas.html#primaryimage\"},\"thumbnailUrl\":\"https:\/\/mhcalculos.com.br\/noticias\/wp-content\/uploads\/sites\/2\/2018\/05\/trabalhista-0029.jpg\",\"datePublished\":\"2018-06-06T00:10:00+00:00\",\"dateModified\":\"2021-07-28T17:34:48+00:00\",\"author\":{\"@id\":\"https:\/\/mhcalculos.com.br\/noticias\/#\/schema\/person\/88d1c34bf72dc779ea14a5a6b8e0ae8d\"},\"breadcrumb\":{\"@id\":\"https:\/\/mhcalculos.com.br\/noticias\/area\/trabalhista\/tst-presidentes-do-tribunal-e-do-tse-firmam-acordo-para-aperfeicoamento-de-sistemas-de-gestao-de-pessoas.html#breadcrumb\"},\"inLanguage\":\"pt-BR\",\"potentialAction\":[{\"@type\":\"ReadAction\",\"target\":[\"https:\/\/mhcalculos.com.br\/noticias\/area\/trabalhista\/tst-presidentes-do-tribunal-e-do-tse-firmam-acordo-para-aperfeicoamento-de-sistemas-de-gestao-de-pessoas.html\"]}]},{\"@type\":\"ImageObject\",\"inLanguage\":\"pt-BR\",\"@id\":\"https:\/\/mhcalculos.com.br\/noticias\/area\/trabalhista\/tst-presidentes-do-tribunal-e-do-tse-firmam-acordo-para-aperfeicoamento-de-sistemas-de-gestao-de-pessoas.html#primaryimage\",\"url\":\"https:\/\/mhcalculos.com.br\/noticias\/wp-content\/uploads\/sites\/2\/2018\/05\/trabalhista-0029.jpg\",\"contentUrl\":\"https:\/\/mhcalculos.com.br\/noticias\/wp-content\/uploads\/sites\/2\/2018\/05\/trabalhista-0029.jpg\",\"width\":2000,\"height\":800},{\"@type\":\"BreadcrumbList\",\"@id\":\"https:\/\/mhcalculos.com.br\/noticias\/area\/trabalhista\/tst-presidentes-do-tribunal-e-do-tse-firmam-acordo-para-aperfeicoamento-de-sistemas-de-gestao-de-pessoas.html#breadcrumb\",\"itemListElement\":[{\"@type\":\"ListItem\",\"position\":1,\"name\":\"In\u00edcio\",\"item\":\"https:\/\/mhcalculos.com.br\/noticias\/\"},{\"@type\":\"ListItem\",\"position\":2,\"name\":\"TST: Presidentes do Tribunal e do TSE firmam acordo para aperfei\u00e7oamento de sistemas de gest\u00e3o de pessoas\"}]},{\"@type\":\"WebSite\",\"@id\":\"https:\/\/mhcalculos.com.br\/noticias\/#website\",\"url\":\"https:\/\/mhcalculos.com.br\/noticias\/\",\"name\":\"Portal de Not\u00edcias\",\"description\":\"Not\u00edcias e Jurisprud\u00eancia\",\"potentialAction\":[{\"@type\":\"SearchAction\",\"target\":{\"@type\":\"EntryPoint\",\"urlTemplate\":\"https:\/\/mhcalculos.com.br\/noticias\/?s={search_term_string}\"},\"query-input\":{\"@type\":\"PropertyValueSpecification\",\"valueRequired\":true,\"valueName\":\"search_term_string\"}}],\"inLanguage\":\"pt-BR\"},{\"@type\":\"Person\",\"@id\":\"https:\/\/mhcalculos.com.br\/noticias\/#\/schema\/person\/88d1c34bf72dc779ea14a5a6b8e0ae8d\",\"name\":\"Equipe MH\",\"image\":{\"@type\":\"ImageObject\",\"inLanguage\":\"pt-BR\",\"@id\":\"https:\/\/secure.gravatar.com\/avatar\/de1c686c2ecc9c5a3f327e3431d819eb39f8f05d4e1045f5a1caad6daaba987f?s=96&d=mm&r=g\",\"url\":\"https:\/\/secure.gravatar.com\/avatar\/de1c686c2ecc9c5a3f327e3431d819eb39f8f05d4e1045f5a1caad6daaba987f?s=96&d=mm&r=g\",\"contentUrl\":\"https:\/\/secure.gravatar.com\/avatar\/de1c686c2ecc9c5a3f327e3431d819eb39f8f05d4e1045f5a1caad6daaba987f?s=96&d=mm&r=g\",\"caption\":\"Equipe MH\"}}]}<\/script>\n<!-- \/ Yoast SEO plugin. -->","yoast_head_json":{"title":"TST: Presidentes do Tribunal e do TSE firmam acordo para aperfei\u00e7oamento de sistemas de gest\u00e3o de pessoas | Portal de Not\u00edcias","robots":{"index":"index","follow":"follow","max-snippet":"max-snippet:-1","max-image-preview":"max-image-preview:large","max-video-preview":"max-video-preview:-1"},"canonical":"https:\/\/mhcalculos.com.br\/noticias\/area\/trabalhista\/tst-presidentes-do-tribunal-e-do-tse-firmam-acordo-para-aperfeicoamento-de-sistemas-de-gestao-de-pessoas.html","og_locale":"pt_BR","og_type":"article","og_title":"TST: Presidentes do Tribunal e do TSE firmam acordo para aperfei\u00e7oamento de sistemas de gest\u00e3o de pessoas | Portal de Not\u00edcias","og_description":"O Tribunal Superior do Trabalho e o Conselho Superior da Justi\u00e7a do Trabalho (CSJT) firmaram com o Tribunal Superior Eleitoral (TSE) acordo de coopera\u00e7\u00e3o t\u00e9cnica visando ao aprimoramento dos sistemas de gest\u00e3o de pessoas da Justi\u00e7a do Trabalho e da Justi\u00e7a Eleitoral. O documento foi assinado nesta ter\u00e7a-feira (5), na sede do TSE, pelo presidente [&hellip;]","og_url":"https:\/\/mhcalculos.com.br\/noticias\/area\/trabalhista\/tst-presidentes-do-tribunal-e-do-tse-firmam-acordo-para-aperfeicoamento-de-sistemas-de-gestao-de-pessoas.html","og_site_name":"Portal de Not\u00edcias","article_published_time":"2018-06-06T00:10:00+00:00","article_modified_time":"2021-07-28T17:34:48+00:00","og_image":[{"width":2000,"height":800,"url":"https:\/\/mhcalculos.com.br\/noticias\/wp-content\/uploads\/sites\/2\/2018\/05\/trabalhista-0029.jpg","type":"image\/jpeg"}],"author":"Equipe MH","twitter_card":"summary_large_image","twitter_misc":{"Escrito por":"Equipe MH","Est. tempo de leitura":"2 minutos"},"schema":{"@context":"https:\/\/schema.org","@graph":[{"@type":"Article","@id":"https:\/\/mhcalculos.com.br\/noticias\/area\/trabalhista\/tst-presidentes-do-tribunal-e-do-tse-firmam-acordo-para-aperfeicoamento-de-sistemas-de-gestao-de-pessoas.html#article","isPartOf":{"@id":"https:\/\/mhcalculos.com.br\/noticias\/area\/trabalhista\/tst-presidentes-do-tribunal-e-do-tse-firmam-acordo-para-aperfeicoamento-de-sistemas-de-gestao-de-pessoas.html"},"author":{"name":"Equipe MH","@id":"https:\/\/mhcalculos.com.br\/noticias\/#\/schema\/person\/88d1c34bf72dc779ea14a5a6b8e0ae8d"},"headline":"TST: Presidentes do Tribunal e do TSE firmam acordo para aperfei\u00e7oamento de sistemas de gest\u00e3o de pessoas","datePublished":"2018-06-06T00:10:00+00:00","dateModified":"2021-07-28T17:34:48+00:00","mainEntityOfPage":{"@id":"https:\/\/mhcalculos.com.br\/noticias\/area\/trabalhista\/tst-presidentes-do-tribunal-e-do-tse-firmam-acordo-para-aperfeicoamento-de-sistemas-de-gestao-de-pessoas.html"},"wordCount":329,"commentCount":0,"image":{"@id":"https:\/\/mhcalculos.com.br\/noticias\/area\/trabalhista\/tst-presidentes-do-tribunal-e-do-tse-firmam-acordo-para-aperfeicoamento-de-sistemas-de-gestao-de-pessoas.html#primaryimage"},"thumbnailUrl":"https:\/\/mhcalculos.com.br\/noticias\/wp-content\/uploads\/sites\/2\/2018\/05\/trabalhista-0029.jpg","keywords":["c\u00e1lculos trabalhistas","direito trabalhista","per\u00edcia","perito","trabalho","TST"],"articleSection":["Direito Trabalhista","TST"],"inLanguage":"pt-BR","potentialAction":[{"@type":"CommentAction","name":"Comment","target":["https:\/\/mhcalculos.com.br\/noticias\/area\/trabalhista\/tst-presidentes-do-tribunal-e-do-tse-firmam-acordo-para-aperfeicoamento-de-sistemas-de-gestao-de-pessoas.html#respond"]}]},{"@type":"WebPage","@id":"https:\/\/mhcalculos.com.br\/noticias\/area\/trabalhista\/tst-presidentes-do-tribunal-e-do-tse-firmam-acordo-para-aperfeicoamento-de-sistemas-de-gestao-de-pessoas.html","url":"https:\/\/mhcalculos.com.br\/noticias\/area\/trabalhista\/tst-presidentes-do-tribunal-e-do-tse-firmam-acordo-para-aperfeicoamento-de-sistemas-de-gestao-de-pessoas.html","name":"TST: Presidentes do Tribunal e do TSE firmam acordo para aperfei\u00e7oamento de sistemas de gest\u00e3o de pessoas | Portal de Not\u00edcias","isPartOf":{"@id":"https:\/\/mhcalculos.com.br\/noticias\/#website"},"primaryImageOfPage":{"@id":"https:\/\/mhcalculos.com.br\/noticias\/area\/trabalhista\/tst-presidentes-do-tribunal-e-do-tse-firmam-acordo-para-aperfeicoamento-de-sistemas-de-gestao-de-pessoas.html#primaryimage"},"image":{"@id":"https:\/\/mhcalculos.com.br\/noticias\/area\/trabalhista\/tst-presidentes-do-tribunal-e-do-tse-firmam-acordo-para-aperfeicoamento-de-sistemas-de-gestao-de-pessoas.html#primaryimage"},"thumbnailUrl":"https:\/\/mhcalculos.com.br\/noticias\/wp-content\/uploads\/sites\/2\/2018\/05\/trabalhista-0029.jpg","datePublished":"2018-06-06T00:10:00+00:00","dateModified":"2021-07-28T17:34:48+00:00","author":{"@id":"https:\/\/mhcalculos.com.br\/noticias\/#\/schema\/person\/88d1c34bf72dc779ea14a5a6b8e0ae8d"},"breadcrumb":{"@id":"https:\/\/mhcalculos.com.br\/noticias\/area\/trabalhista\/tst-presidentes-do-tribunal-e-do-tse-firmam-acordo-para-aperfeicoamento-de-sistemas-de-gestao-de-pessoas.html#breadcrumb"},"inLanguage":"pt-BR","potentialAction":[{"@type":"ReadAction","target":["https:\/\/mhcalculos.com.br\/noticias\/area\/trabalhista\/tst-presidentes-do-tribunal-e-do-tse-firmam-acordo-para-aperfeicoamento-de-sistemas-de-gestao-de-pessoas.html"]}]},{"@type":"ImageObject","inLanguage":"pt-BR","@id":"https:\/\/mhcalculos.com.br\/noticias\/area\/trabalhista\/tst-presidentes-do-tribunal-e-do-tse-firmam-acordo-para-aperfeicoamento-de-sistemas-de-gestao-de-pessoas.html#primaryimage","url":"https:\/\/mhcalculos.com.br\/noticias\/wp-content\/uploads\/sites\/2\/2018\/05\/trabalhista-0029.jpg","contentUrl":"https:\/\/mhcalculos.com.br\/noticias\/wp-content\/uploads\/sites\/2\/2018\/05\/trabalhista-0029.jpg","width":2000,"height":800},{"@type":"BreadcrumbList","@id":"https:\/\/mhcalculos.com.br\/noticias\/area\/trabalhista\/tst-presidentes-do-tribunal-e-do-tse-firmam-acordo-para-aperfeicoamento-de-sistemas-de-gestao-de-pessoas.html#breadcrumb","itemListElement":[{"@type":"ListItem","position":1,"name":"In\u00edcio","item":"https:\/\/mhcalculos.com.br\/noticias\/"},{"@type":"ListItem","position":2,"name":"TST: Presidentes do Tribunal e do TSE firmam acordo para aperfei\u00e7oamento de sistemas de gest\u00e3o de pessoas"}]},{"@type":"WebSite","@id":"https:\/\/mhcalculos.com.br\/noticias\/#website","url":"https:\/\/mhcalculos.com.br\/noticias\/","name":"Portal de Not\u00edcias","description":"Not\u00edcias e Jurisprud\u00eancia","potentialAction":[{"@type":"SearchAction","target":{"@type":"EntryPoint","urlTemplate":"https:\/\/mhcalculos.com.br\/noticias\/?s={search_term_string}"},"query-input":{"@type":"PropertyValueSpecification","valueRequired":true,"valueName":"search_term_string"}}],"inLanguage":"pt-BR"},{"@type":"Person","@id":"https:\/\/mhcalculos.com.br\/noticias\/#\/schema\/person\/88d1c34bf72dc779ea14a5a6b8e0ae8d","name":"Equipe MH","image":{"@type":"ImageObject","inLanguage":"pt-BR","@id":"https:\/\/secure.gravatar.com\/avatar\/de1c686c2ecc9c5a3f327e3431d819eb39f8f05d4e1045f5a1caad6daaba987f?s=96&d=mm&r=g","url":"https:\/\/secure.gravatar.com\/avatar\/de1c686c2ecc9c5a3f327e3431d819eb39f8f05d4e1045f5a1caad6daaba987f?s=96&d=mm&r=g","contentUrl":"https:\/\/secure.gravatar.com\/avatar\/de1c686c2ecc9c5a3f327e3431d819eb39f8f05d4e1045f5a1caad6daaba987f?s=96&d=mm&r=g","caption":"Equipe MH"}}]}},"_links":{"self":[{"href":"https:\/\/mhcalculos.com.br\/noticias\/wp-json\/wp\/v2\/posts\/1644","targetHints":{"allow":["GET"]}}],"collection":[{"href":"https:\/\/mhcalculos.com.br\/noticias\/wp-json\/wp\/v2\/posts"}],"about":[{"href":"https:\/\/mhcalculos.com.br\/noticias\/wp-json\/wp\/v2\/types\/post"}],"author":[{"embeddable":true,"href":"https:\/\/mhcalculos.com.br\/noticias\/wp-json\/wp\/v2\/users\/3063"}],"replies":[{"embeddable":true,"href":"https:\/\/mhcalculos.com.br\/noticias\/wp-json\/wp\/v2\/comments?post=1644"}],"version-history":[{"count":2,"href":"https:\/\/mhcalculos.com.br\/noticias\/wp-json\/wp\/v2\/posts\/1644\/revisions"}],"predecessor-version":[{"id":10420,"href":"https:\/\/mhcalculos.com.br\/noticias\/wp-json\/wp\/v2\/posts\/1644\/revisions\/10420"}],"wp:featuredmedia":[{"embeddable":true,"href":"https:\/\/mhcalculos.com.br\/noticias\/wp-json\/wp\/v2\/media\/1357"}],"wp:attachment":[{"href":"https:\/\/mhcalculos.com.br\/noticias\/wp-json\/wp\/v2\/media?parent=1644"}],"wp:term":[{"taxonomy":"category","embeddable":true,"href":"https:\/\/mhcalculos.com.br\/noticias\/wp-json\/wp\/v2\/categories?post=1644"},{"taxonomy":"post_tag","embeddable":true,"href":"https:\/\/mhcalculos.com.br\/noticias\/wp-json\/wp\/v2\/tags?post=1644"}],"curies":[{"name":"wp","href":"https:\/\/api.w.org\/{rel}","templated":true}]}}