{"id":1608,"date":"2018-06-05T11:18:31","date_gmt":"2018-06-05T11:18:31","guid":{"rendered":"https:\/\/mhcalculos.com.br\/noticias\/2018\/06\/05\/fundacao-telefonica-e-escola-29-de-marco-voluntarios-de-7-paises-juntos-por-uma-causa\/"},"modified":"2021-07-28T14:34:49","modified_gmt":"2021-07-28T17:34:49","slug":"fundacao-telefonica-e-escola-29-de-marco-voluntarios-de-7-paises-juntos-por-uma-causa","status":"publish","type":"post","link":"https:\/\/mhcalculos.com.br\/noticias\/cidadania\/fundacao-telefonica-e-escola-29-de-marco-voluntarios-de-7-paises-juntos-por-uma-causa.html","title":{"rendered":"Funda\u00e7\u00e3o Telef\u00f4nica e Escola 29 de Mar\u00e7o: volunt\u00e1rios de 7 pa\u00edses juntos por uma causa"},"content":{"rendered":"<p> <br \/>\n<\/p>\n<p>A <strong><a href=\"http:\/\/fundacaotelefonica.org.br\/\">Funda\u00e7\u00e3o Telef\u00f4nica Vivo<\/a><\/strong> desenvolveu o <strong>Vacaciones Solidarias Internacionales<\/strong>, um projeto dentro do programa de voluntariado no qual os colaboradores podem se inscrever para dedicar 15 dias de suas f\u00e9rias ao trabalho volunt\u00e1rio em institui\u00e7\u00f5es e projetos sociais. Em 2017 a ASID foi parceira no desenvolvimento do projeto, que ocorreu de 31 de julho a 11 de agosto na <a href=\"https:\/\/escola29demarco.org\/\"><strong>Escola 29 de Mar\u00e7o<\/strong><\/a>, em Curitiba. O objetivo da edi\u00e7\u00e3o foi desenvolver algumas \u00e1reas de gest\u00e3o e atividades pedag\u00f3gicas da escola, as quais surgiram como demanda da dire\u00e7\u00e3o e dos funcion\u00e1rios.<\/p>\n<\/p>\n<p>O projeto mobilizou <strong>16 volunt\u00e1rios de 7 pa\u00edses<\/strong> (Argentina, Brasil, Col\u00f4mbia, Espanha, It\u00e1lia, Peru e Venezuela), <strong>47 funcion\u00e1rios da Escola 29 de Mar\u00e7o, 13 funcion\u00e1rios da ASID, 107 alunos com defici\u00eancia m\u00faltipla, al\u00e9m de 3 membros da Funda\u00e7\u00e3o Telef\u00f4nica.<\/strong> O trabalho abordou diversos assuntos e foi organizado em tr\u00eas etapas. Na primeira, houve a contextualiza\u00e7\u00e3o do grupo sobre o terceiro setor no Brasil e os desdobramentos desse cen\u00e1rio junto \u00e0 pessoa com defici\u00eancia; na segunda parte, foi realizada uma oficina de <em>Design Thinking<\/em> com atividades pr\u00e1ticas voltadas \u00e0 melhoria da Escola 29 de Mar\u00e7o; e, na \u00faltima, momentos de integra\u00e7\u00e3o com alunos e funcion\u00e1rios, visando gerar empatia e estreitar os la\u00e7os entre esses p\u00fablicos.<\/p>\n<p><a href=\"https:\/\/conteudo.asidbrasil.org.br\/ebookinvestimentodeimpacto\"><\/a><\/p>\n<p>Durante o per\u00edodo em que ocorreu a execu\u00e7\u00e3o de algumas ideias de melhoria para a institui\u00e7\u00e3o, o grupo de volunt\u00e1rios se dividiu em <strong>3 frentes de trabalho:<\/strong> rotina, tecnologia e capta\u00e7\u00e3o. A primeira frente, que deveria desenvolver projetos que respondessem \u00e0 pergunta <strong>\u201cComo fazer a rotina dos alunos da 29 de mar\u00e7o mais feliz?\u201d<\/strong>, organizou o \u201cDia da beleza\u201d para os alunos e instalou caixas de som nos \u00f4nibus escolares, dentre outras atividades. A equipe da tecnologia trabalhou a pergunta <strong>\u201cComo utilizar a tecnologia como a das telas digitais para otimizar o desempenho da organiza\u00e7\u00e3o?\u201d<\/strong> e focou em desenvolver as redes sociais e o site da escola, al\u00e9m da capacita\u00e7\u00e3o dos professores para utiliza\u00e7\u00e3o das telas digitais. O terceiro grupo, da capta\u00e7\u00e3o, realizou uma reforma no bazar, onde a organiza\u00e7\u00e3o gera recursos livres atrav\u00e9s da venda de roupas doadas, e elaborou alguns materiais institucionais, como banner e plaquinhas de sinaliza\u00e7\u00e3o.<\/p>\n<ul>\n<li><strong>2 parcerias realizadas: <a href=\"https:\/\/www.institutoembelleze.com\/portal\/\">Instituto Embelleze<\/a> e Funda\u00e7\u00e3o Atl\u00e9tico Paranaense;<\/strong><\/li>\n<li><strong>1 espa\u00e7o completamente renovado e 5 itens doados;<\/strong><\/li>\n<li><strong>Comunica\u00e7\u00e3o institucional renovada;<\/strong><\/li>\n<li><strong>2,5 horas de capacita\u00e7\u00e3o em marketing digital para os profissionais da escola;<\/strong><\/li>\n<li><strong>1.280 horas de trabalho volunt\u00e1rio;<\/strong><\/li>\n<li><strong>107 alunos, 47 profissionais e 16 volunt\u00e1rios impactados.<\/strong><\/li>\n<\/ul>\n<p>A satisfa\u00e7\u00e3o dos p\u00fablicos, de volunt\u00e1rios a alunos, demonstrou a import\u00e2ncia e o impacto que as atividades tiveram na vida de cada participante. O potencial para transformar cada vez mais realidades atrav\u00e9s do programa Vacaciones Solidarias Internacionales \u00e9 imenso. Um projeto transformador, que s\u00f3 quem faz parte consegue realmente saber o impacto que traz. S\u00e3o esses trabalhos que nos fazem chegar cada vez mais perto da constru\u00e7\u00e3o de uma sociedade inclusiva.<\/p>\n<blockquote>\n<p>\u201cQuando pensamos em estar com eles, achamos que eles precisam de ajuda. Mas isso n\u00e3o \u00e9 verdade. Somos n\u00f3s que precisamos de ajuda.\u201d Marco Costa, T\u00e9cnico em MPLS E-End<\/p>\n<\/blockquote>\n<p>Clique aqui e acesse mais hist\u00f3rias de impacto da ASID, acesse gratuitamente nosso e-book Investimento de Impacto:<a href=\"https:\/\/conteudo.asidbrasil.org.br\/ebookinvestimentodeimpacto\"><img decoding=\"async\" class=\"aligncenter size-full wp-image-15835 lazyload\" data-src=\"https:\/\/asidbrasil.org.br\/wp-content\/uploads\/2018\/05\/E-book-560x130-2.png\" alt=\"\" width=\"560\" height=\"130\" src=\"data:image\/svg+xml;base64,PHN2ZyB3aWR0aD0iMSIgaGVpZ2h0PSIxIiB4bWxucz0iaHR0cDovL3d3dy53My5vcmcvMjAwMC9zdmciPjwvc3ZnPg==\" style=\"--smush-placeholder-width: 560px; --smush-placeholder-aspect-ratio: 560\/130;\" \/><\/a><\/p>\n<p><i>Visite o site <a href=\"https:\/\/asidbrasil.org.br\/\">asidbrasil.org.br<\/a> e conhe\u00e7a mais sobre a ASID Brasil.<\/i><br \/>\n<br \/><a href=\"https:\/\/asidbrasil.org.br\/fundacao-telefonica-e-escola-29-de-marco-voluntarios-de-7-paises-juntos-por-uma-causa\/\">Fonte<\/a><br \/>\n<br \/><\/p>\n","protected":false},"excerpt":{"rendered":"<p>A Funda\u00e7\u00e3o Telef\u00f4nica Vivo desenvolveu o Vacaciones Solidarias Internacionales, um projeto dentro do programa de voluntariado no qual os colaboradores podem se inscrever para dedicar 15 dias de suas f\u00e9rias ao trabalho volunt\u00e1rio em institui\u00e7\u00f5es e projetos sociais. Em 2017 a ASID foi parceira no desenvolvimento do projeto, que ocorreu de 31 de julho a [&hellip;]<\/p>\n","protected":false},"author":3063,"featured_media":1530,"comment_status":"open","ping_status":"open","sticky":false,"template":"","format":"standard","meta":{"footnotes":""},"categories":[113],"tags":[158,157,163,162,164,161,160,159],"class_list":{"0":"post-1608","1":"post","2":"type-post","3":"status-publish","4":"format-standard","5":"has-post-thumbnail","7":"category-cidadania","8":"tag-asid","9":"tag-cidadania","10":"tag-desenvolvimento-institucional","11":"tag-diversidade","12":"tag-impacto-social","13":"tag-inclusao","14":"tag-voluntariado","15":"tag-voluntario"},"yoast_head":"<!-- This site is optimized with the Yoast SEO plugin v27.2 - https:\/\/yoast.com\/product\/yoast-seo-wordpress\/ -->\n<title>Funda\u00e7\u00e3o Telef\u00f4nica e Escola 29 de Mar\u00e7o: volunt\u00e1rios de 7 pa\u00edses juntos por uma causa | Portal de Not\u00edcias<\/title>\n<meta name=\"robots\" content=\"index, follow, max-snippet:-1, max-image-preview:large, max-video-preview:-1\" \/>\n<link rel=\"canonical\" href=\"https:\/\/mhcalculos.com.br\/noticias\/cidadania\/fundacao-telefonica-e-escola-29-de-marco-voluntarios-de-7-paises-juntos-por-uma-causa.html\" \/>\n<meta property=\"og:locale\" content=\"pt_BR\" \/>\n<meta property=\"og:type\" content=\"article\" \/>\n<meta property=\"og:title\" content=\"Funda\u00e7\u00e3o Telef\u00f4nica e Escola 29 de Mar\u00e7o: volunt\u00e1rios de 7 pa\u00edses juntos por uma causa | Portal de Not\u00edcias\" \/>\n<meta property=\"og:description\" content=\"A Funda\u00e7\u00e3o Telef\u00f4nica Vivo desenvolveu o Vacaciones Solidarias Internacionales, um projeto dentro do programa de voluntariado no qual os colaboradores podem se inscrever para dedicar 15 dias de suas f\u00e9rias ao trabalho volunt\u00e1rio em institui\u00e7\u00f5es e projetos sociais. Em 2017 a ASID foi parceira no desenvolvimento do projeto, que ocorreu de 31 de julho a [&hellip;]\" \/>\n<meta property=\"og:url\" content=\"https:\/\/mhcalculos.com.br\/noticias\/cidadania\/fundacao-telefonica-e-escola-29-de-marco-voluntarios-de-7-paises-juntos-por-uma-causa.html\" \/>\n<meta property=\"og:site_name\" content=\"Portal de Not\u00edcias\" \/>\n<meta property=\"article:published_time\" content=\"2018-06-05T11:18:31+00:00\" \/>\n<meta property=\"article:modified_time\" content=\"2021-07-28T17:34:49+00:00\" \/>\n<meta property=\"og:image\" content=\"https:\/\/mhcalculos.com.br\/noticias\/wp-content\/uploads\/sites\/2\/2018\/05\/logo@2x.png\" \/>\n\t<meta property=\"og:image:width\" content=\"198\" \/>\n\t<meta property=\"og:image:height\" content=\"44\" \/>\n\t<meta property=\"og:image:type\" content=\"image\/png\" \/>\n<meta name=\"author\" content=\"Equipe MH\" \/>\n<meta name=\"twitter:card\" content=\"summary_large_image\" \/>\n<meta name=\"twitter:label1\" content=\"Escrito por\" \/>\n\t<meta name=\"twitter:data1\" content=\"Equipe MH\" \/>\n\t<meta name=\"twitter:label2\" content=\"Est. tempo de leitura\" \/>\n\t<meta name=\"twitter:data2\" content=\"3 minutos\" \/>\n<script type=\"application\/ld+json\" class=\"yoast-schema-graph\">{\"@context\":\"https:\/\/schema.org\",\"@graph\":[{\"@type\":\"Article\",\"@id\":\"https:\/\/mhcalculos.com.br\/noticias\/cidadania\/fundacao-telefonica-e-escola-29-de-marco-voluntarios-de-7-paises-juntos-por-uma-causa.html#article\",\"isPartOf\":{\"@id\":\"https:\/\/mhcalculos.com.br\/noticias\/cidadania\/fundacao-telefonica-e-escola-29-de-marco-voluntarios-de-7-paises-juntos-por-uma-causa.html\"},\"author\":{\"name\":\"Equipe MH\",\"@id\":\"https:\/\/mhcalculos.com.br\/noticias\/#\/schema\/person\/88d1c34bf72dc779ea14a5a6b8e0ae8d\"},\"headline\":\"Funda\u00e7\u00e3o Telef\u00f4nica e Escola 29 de Mar\u00e7o: volunt\u00e1rios de 7 pa\u00edses juntos por uma causa\",\"datePublished\":\"2018-06-05T11:18:31+00:00\",\"dateModified\":\"2021-07-28T17:34:49+00:00\",\"mainEntityOfPage\":{\"@id\":\"https:\/\/mhcalculos.com.br\/noticias\/cidadania\/fundacao-telefonica-e-escola-29-de-marco-voluntarios-de-7-paises-juntos-por-uma-causa.html\"},\"wordCount\":588,\"commentCount\":0,\"image\":{\"@id\":\"https:\/\/mhcalculos.com.br\/noticias\/cidadania\/fundacao-telefonica-e-escola-29-de-marco-voluntarios-de-7-paises-juntos-por-uma-causa.html#primaryimage\"},\"thumbnailUrl\":\"https:\/\/mhcalculos.com.br\/noticias\/wp-content\/uploads\/sites\/2\/2018\/05\/logo@2x.png\",\"keywords\":[\"asid\",\"cidadania\",\"desenvolvimento institucional\",\"diversidade\",\"impacto social\",\"inclus\u00e3o\",\"voluntariado\",\"volunt\u00e1rio\"],\"articleSection\":[\"Cidadania\"],\"inLanguage\":\"pt-BR\",\"potentialAction\":[{\"@type\":\"CommentAction\",\"name\":\"Comment\",\"target\":[\"https:\/\/mhcalculos.com.br\/noticias\/cidadania\/fundacao-telefonica-e-escola-29-de-marco-voluntarios-de-7-paises-juntos-por-uma-causa.html#respond\"]}]},{\"@type\":\"WebPage\",\"@id\":\"https:\/\/mhcalculos.com.br\/noticias\/cidadania\/fundacao-telefonica-e-escola-29-de-marco-voluntarios-de-7-paises-juntos-por-uma-causa.html\",\"url\":\"https:\/\/mhcalculos.com.br\/noticias\/cidadania\/fundacao-telefonica-e-escola-29-de-marco-voluntarios-de-7-paises-juntos-por-uma-causa.html\",\"name\":\"Funda\u00e7\u00e3o Telef\u00f4nica e Escola 29 de Mar\u00e7o: volunt\u00e1rios de 7 pa\u00edses juntos por uma causa | Portal de Not\u00edcias\",\"isPartOf\":{\"@id\":\"https:\/\/mhcalculos.com.br\/noticias\/#website\"},\"primaryImageOfPage\":{\"@id\":\"https:\/\/mhcalculos.com.br\/noticias\/cidadania\/fundacao-telefonica-e-escola-29-de-marco-voluntarios-de-7-paises-juntos-por-uma-causa.html#primaryimage\"},\"image\":{\"@id\":\"https:\/\/mhcalculos.com.br\/noticias\/cidadania\/fundacao-telefonica-e-escola-29-de-marco-voluntarios-de-7-paises-juntos-por-uma-causa.html#primaryimage\"},\"thumbnailUrl\":\"https:\/\/mhcalculos.com.br\/noticias\/wp-content\/uploads\/sites\/2\/2018\/05\/logo@2x.png\",\"datePublished\":\"2018-06-05T11:18:31+00:00\",\"dateModified\":\"2021-07-28T17:34:49+00:00\",\"author\":{\"@id\":\"https:\/\/mhcalculos.com.br\/noticias\/#\/schema\/person\/88d1c34bf72dc779ea14a5a6b8e0ae8d\"},\"breadcrumb\":{\"@id\":\"https:\/\/mhcalculos.com.br\/noticias\/cidadania\/fundacao-telefonica-e-escola-29-de-marco-voluntarios-de-7-paises-juntos-por-uma-causa.html#breadcrumb\"},\"inLanguage\":\"pt-BR\",\"potentialAction\":[{\"@type\":\"ReadAction\",\"target\":[\"https:\/\/mhcalculos.com.br\/noticias\/cidadania\/fundacao-telefonica-e-escola-29-de-marco-voluntarios-de-7-paises-juntos-por-uma-causa.html\"]}]},{\"@type\":\"ImageObject\",\"inLanguage\":\"pt-BR\",\"@id\":\"https:\/\/mhcalculos.com.br\/noticias\/cidadania\/fundacao-telefonica-e-escola-29-de-marco-voluntarios-de-7-paises-juntos-por-uma-causa.html#primaryimage\",\"url\":\"https:\/\/mhcalculos.com.br\/noticias\/wp-content\/uploads\/sites\/2\/2018\/05\/logo@2x.png\",\"contentUrl\":\"https:\/\/mhcalculos.com.br\/noticias\/wp-content\/uploads\/sites\/2\/2018\/05\/logo@2x.png\",\"width\":198,\"height\":44},{\"@type\":\"BreadcrumbList\",\"@id\":\"https:\/\/mhcalculos.com.br\/noticias\/cidadania\/fundacao-telefonica-e-escola-29-de-marco-voluntarios-de-7-paises-juntos-por-uma-causa.html#breadcrumb\",\"itemListElement\":[{\"@type\":\"ListItem\",\"position\":1,\"name\":\"In\u00edcio\",\"item\":\"https:\/\/mhcalculos.com.br\/noticias\/\"},{\"@type\":\"ListItem\",\"position\":2,\"name\":\"Funda\u00e7\u00e3o Telef\u00f4nica e Escola 29 de Mar\u00e7o: volunt\u00e1rios de 7 pa\u00edses juntos por uma causa\"}]},{\"@type\":\"WebSite\",\"@id\":\"https:\/\/mhcalculos.com.br\/noticias\/#website\",\"url\":\"https:\/\/mhcalculos.com.br\/noticias\/\",\"name\":\"Portal de Not\u00edcias\",\"description\":\"Not\u00edcias e Jurisprud\u00eancia\",\"potentialAction\":[{\"@type\":\"SearchAction\",\"target\":{\"@type\":\"EntryPoint\",\"urlTemplate\":\"https:\/\/mhcalculos.com.br\/noticias\/?s={search_term_string}\"},\"query-input\":{\"@type\":\"PropertyValueSpecification\",\"valueRequired\":true,\"valueName\":\"search_term_string\"}}],\"inLanguage\":\"pt-BR\"},{\"@type\":\"Person\",\"@id\":\"https:\/\/mhcalculos.com.br\/noticias\/#\/schema\/person\/88d1c34bf72dc779ea14a5a6b8e0ae8d\",\"name\":\"Equipe MH\",\"image\":{\"@type\":\"ImageObject\",\"inLanguage\":\"pt-BR\",\"@id\":\"https:\/\/secure.gravatar.com\/avatar\/de1c686c2ecc9c5a3f327e3431d819eb39f8f05d4e1045f5a1caad6daaba987f?s=96&d=mm&r=g\",\"url\":\"https:\/\/secure.gravatar.com\/avatar\/de1c686c2ecc9c5a3f327e3431d819eb39f8f05d4e1045f5a1caad6daaba987f?s=96&d=mm&r=g\",\"contentUrl\":\"https:\/\/secure.gravatar.com\/avatar\/de1c686c2ecc9c5a3f327e3431d819eb39f8f05d4e1045f5a1caad6daaba987f?s=96&d=mm&r=g\",\"caption\":\"Equipe MH\"}}]}<\/script>\n<!-- \/ Yoast SEO plugin. -->","yoast_head_json":{"title":"Funda\u00e7\u00e3o Telef\u00f4nica e Escola 29 de Mar\u00e7o: volunt\u00e1rios de 7 pa\u00edses juntos por uma causa | Portal de Not\u00edcias","robots":{"index":"index","follow":"follow","max-snippet":"max-snippet:-1","max-image-preview":"max-image-preview:large","max-video-preview":"max-video-preview:-1"},"canonical":"https:\/\/mhcalculos.com.br\/noticias\/cidadania\/fundacao-telefonica-e-escola-29-de-marco-voluntarios-de-7-paises-juntos-por-uma-causa.html","og_locale":"pt_BR","og_type":"article","og_title":"Funda\u00e7\u00e3o Telef\u00f4nica e Escola 29 de Mar\u00e7o: volunt\u00e1rios de 7 pa\u00edses juntos por uma causa | Portal de Not\u00edcias","og_description":"A Funda\u00e7\u00e3o Telef\u00f4nica Vivo desenvolveu o Vacaciones Solidarias Internacionales, um projeto dentro do programa de voluntariado no qual os colaboradores podem se inscrever para dedicar 15 dias de suas f\u00e9rias ao trabalho volunt\u00e1rio em institui\u00e7\u00f5es e projetos sociais. Em 2017 a ASID foi parceira no desenvolvimento do projeto, que ocorreu de 31 de julho a [&hellip;]","og_url":"https:\/\/mhcalculos.com.br\/noticias\/cidadania\/fundacao-telefonica-e-escola-29-de-marco-voluntarios-de-7-paises-juntos-por-uma-causa.html","og_site_name":"Portal de Not\u00edcias","article_published_time":"2018-06-05T11:18:31+00:00","article_modified_time":"2021-07-28T17:34:49+00:00","og_image":[{"width":198,"height":44,"url":"https:\/\/mhcalculos.com.br\/noticias\/wp-content\/uploads\/sites\/2\/2018\/05\/logo@2x.png","type":"image\/png"}],"author":"Equipe MH","twitter_card":"summary_large_image","twitter_misc":{"Escrito por":"Equipe MH","Est. tempo de leitura":"3 minutos"},"schema":{"@context":"https:\/\/schema.org","@graph":[{"@type":"Article","@id":"https:\/\/mhcalculos.com.br\/noticias\/cidadania\/fundacao-telefonica-e-escola-29-de-marco-voluntarios-de-7-paises-juntos-por-uma-causa.html#article","isPartOf":{"@id":"https:\/\/mhcalculos.com.br\/noticias\/cidadania\/fundacao-telefonica-e-escola-29-de-marco-voluntarios-de-7-paises-juntos-por-uma-causa.html"},"author":{"name":"Equipe MH","@id":"https:\/\/mhcalculos.com.br\/noticias\/#\/schema\/person\/88d1c34bf72dc779ea14a5a6b8e0ae8d"},"headline":"Funda\u00e7\u00e3o Telef\u00f4nica e Escola 29 de Mar\u00e7o: volunt\u00e1rios de 7 pa\u00edses juntos por uma causa","datePublished":"2018-06-05T11:18:31+00:00","dateModified":"2021-07-28T17:34:49+00:00","mainEntityOfPage":{"@id":"https:\/\/mhcalculos.com.br\/noticias\/cidadania\/fundacao-telefonica-e-escola-29-de-marco-voluntarios-de-7-paises-juntos-por-uma-causa.html"},"wordCount":588,"commentCount":0,"image":{"@id":"https:\/\/mhcalculos.com.br\/noticias\/cidadania\/fundacao-telefonica-e-escola-29-de-marco-voluntarios-de-7-paises-juntos-por-uma-causa.html#primaryimage"},"thumbnailUrl":"https:\/\/mhcalculos.com.br\/noticias\/wp-content\/uploads\/sites\/2\/2018\/05\/logo@2x.png","keywords":["asid","cidadania","desenvolvimento institucional","diversidade","impacto social","inclus\u00e3o","voluntariado","volunt\u00e1rio"],"articleSection":["Cidadania"],"inLanguage":"pt-BR","potentialAction":[{"@type":"CommentAction","name":"Comment","target":["https:\/\/mhcalculos.com.br\/noticias\/cidadania\/fundacao-telefonica-e-escola-29-de-marco-voluntarios-de-7-paises-juntos-por-uma-causa.html#respond"]}]},{"@type":"WebPage","@id":"https:\/\/mhcalculos.com.br\/noticias\/cidadania\/fundacao-telefonica-e-escola-29-de-marco-voluntarios-de-7-paises-juntos-por-uma-causa.html","url":"https:\/\/mhcalculos.com.br\/noticias\/cidadania\/fundacao-telefonica-e-escola-29-de-marco-voluntarios-de-7-paises-juntos-por-uma-causa.html","name":"Funda\u00e7\u00e3o Telef\u00f4nica e Escola 29 de Mar\u00e7o: volunt\u00e1rios de 7 pa\u00edses juntos por uma causa | Portal de Not\u00edcias","isPartOf":{"@id":"https:\/\/mhcalculos.com.br\/noticias\/#website"},"primaryImageOfPage":{"@id":"https:\/\/mhcalculos.com.br\/noticias\/cidadania\/fundacao-telefonica-e-escola-29-de-marco-voluntarios-de-7-paises-juntos-por-uma-causa.html#primaryimage"},"image":{"@id":"https:\/\/mhcalculos.com.br\/noticias\/cidadania\/fundacao-telefonica-e-escola-29-de-marco-voluntarios-de-7-paises-juntos-por-uma-causa.html#primaryimage"},"thumbnailUrl":"https:\/\/mhcalculos.com.br\/noticias\/wp-content\/uploads\/sites\/2\/2018\/05\/logo@2x.png","datePublished":"2018-06-05T11:18:31+00:00","dateModified":"2021-07-28T17:34:49+00:00","author":{"@id":"https:\/\/mhcalculos.com.br\/noticias\/#\/schema\/person\/88d1c34bf72dc779ea14a5a6b8e0ae8d"},"breadcrumb":{"@id":"https:\/\/mhcalculos.com.br\/noticias\/cidadania\/fundacao-telefonica-e-escola-29-de-marco-voluntarios-de-7-paises-juntos-por-uma-causa.html#breadcrumb"},"inLanguage":"pt-BR","potentialAction":[{"@type":"ReadAction","target":["https:\/\/mhcalculos.com.br\/noticias\/cidadania\/fundacao-telefonica-e-escola-29-de-marco-voluntarios-de-7-paises-juntos-por-uma-causa.html"]}]},{"@type":"ImageObject","inLanguage":"pt-BR","@id":"https:\/\/mhcalculos.com.br\/noticias\/cidadania\/fundacao-telefonica-e-escola-29-de-marco-voluntarios-de-7-paises-juntos-por-uma-causa.html#primaryimage","url":"https:\/\/mhcalculos.com.br\/noticias\/wp-content\/uploads\/sites\/2\/2018\/05\/logo@2x.png","contentUrl":"https:\/\/mhcalculos.com.br\/noticias\/wp-content\/uploads\/sites\/2\/2018\/05\/logo@2x.png","width":198,"height":44},{"@type":"BreadcrumbList","@id":"https:\/\/mhcalculos.com.br\/noticias\/cidadania\/fundacao-telefonica-e-escola-29-de-marco-voluntarios-de-7-paises-juntos-por-uma-causa.html#breadcrumb","itemListElement":[{"@type":"ListItem","position":1,"name":"In\u00edcio","item":"https:\/\/mhcalculos.com.br\/noticias\/"},{"@type":"ListItem","position":2,"name":"Funda\u00e7\u00e3o Telef\u00f4nica e Escola 29 de Mar\u00e7o: volunt\u00e1rios de 7 pa\u00edses juntos por uma causa"}]},{"@type":"WebSite","@id":"https:\/\/mhcalculos.com.br\/noticias\/#website","url":"https:\/\/mhcalculos.com.br\/noticias\/","name":"Portal de Not\u00edcias","description":"Not\u00edcias e Jurisprud\u00eancia","potentialAction":[{"@type":"SearchAction","target":{"@type":"EntryPoint","urlTemplate":"https:\/\/mhcalculos.com.br\/noticias\/?s={search_term_string}"},"query-input":{"@type":"PropertyValueSpecification","valueRequired":true,"valueName":"search_term_string"}}],"inLanguage":"pt-BR"},{"@type":"Person","@id":"https:\/\/mhcalculos.com.br\/noticias\/#\/schema\/person\/88d1c34bf72dc779ea14a5a6b8e0ae8d","name":"Equipe MH","image":{"@type":"ImageObject","inLanguage":"pt-BR","@id":"https:\/\/secure.gravatar.com\/avatar\/de1c686c2ecc9c5a3f327e3431d819eb39f8f05d4e1045f5a1caad6daaba987f?s=96&d=mm&r=g","url":"https:\/\/secure.gravatar.com\/avatar\/de1c686c2ecc9c5a3f327e3431d819eb39f8f05d4e1045f5a1caad6daaba987f?s=96&d=mm&r=g","contentUrl":"https:\/\/secure.gravatar.com\/avatar\/de1c686c2ecc9c5a3f327e3431d819eb39f8f05d4e1045f5a1caad6daaba987f?s=96&d=mm&r=g","caption":"Equipe MH"}}]}},"_links":{"self":[{"href":"https:\/\/mhcalculos.com.br\/noticias\/wp-json\/wp\/v2\/posts\/1608","targetHints":{"allow":["GET"]}}],"collection":[{"href":"https:\/\/mhcalculos.com.br\/noticias\/wp-json\/wp\/v2\/posts"}],"about":[{"href":"https:\/\/mhcalculos.com.br\/noticias\/wp-json\/wp\/v2\/types\/post"}],"author":[{"embeddable":true,"href":"https:\/\/mhcalculos.com.br\/noticias\/wp-json\/wp\/v2\/users\/3063"}],"replies":[{"embeddable":true,"href":"https:\/\/mhcalculos.com.br\/noticias\/wp-json\/wp\/v2\/comments?post=1608"}],"version-history":[{"count":1,"href":"https:\/\/mhcalculos.com.br\/noticias\/wp-json\/wp\/v2\/posts\/1608\/revisions"}],"predecessor-version":[{"id":10424,"href":"https:\/\/mhcalculos.com.br\/noticias\/wp-json\/wp\/v2\/posts\/1608\/revisions\/10424"}],"wp:featuredmedia":[{"embeddable":true,"href":"https:\/\/mhcalculos.com.br\/noticias\/wp-json\/wp\/v2\/media\/1530"}],"wp:attachment":[{"href":"https:\/\/mhcalculos.com.br\/noticias\/wp-json\/wp\/v2\/media?parent=1608"}],"wp:term":[{"taxonomy":"category","embeddable":true,"href":"https:\/\/mhcalculos.com.br\/noticias\/wp-json\/wp\/v2\/categories?post=1608"},{"taxonomy":"post_tag","embeddable":true,"href":"https:\/\/mhcalculos.com.br\/noticias\/wp-json\/wp\/v2\/tags?post=1608"}],"curies":[{"name":"wp","href":"https:\/\/api.w.org\/{rel}","templated":true}]}}