{"id":1567,"date":"2018-05-30T12:28:45","date_gmt":"2018-05-30T12:28:45","guid":{"rendered":"http:\/\/mhcalculos.com.br\/noticias\/2018\/05\/30\/quais-sao-os-beneficios-da-inclusao-nas-equipes\/"},"modified":"2021-07-28T14:34:52","modified_gmt":"2021-07-28T17:34:52","slug":"quais-sao-os-beneficios-da-inclusao-nas-equipes","status":"publish","type":"post","link":"https:\/\/mhcalculos.com.br\/noticias\/cidadania\/quais-sao-os-beneficios-da-inclusao-nas-equipes.html","title":{"rendered":"Quais s\u00e3o os benef\u00edcios da inclus\u00e3o nas equipes?"},"content":{"rendered":"<p> <br \/>\n<\/p>\n<p>S\u00e3o in\u00fameros os benef\u00edcios da inclus\u00e3o para a sociedade e para a empresa que inclui. Em uma equipe diversificada, a criatividade e o potencial de solu\u00e7\u00e3o tendem a se tornar bem maiores, j\u00e1 que as caracter\u00edsticas diferentes do perfil de cada um faz com que a forma de pensar e o caminho utilizado para resolver desafios sejam distintos. Uma pesquisa da <strong>McKinsey &amp; Company<\/strong> confirma essa hip\u00f3tese e constata que o emprego de pessoas com defici\u00eancia intelectual impacta positivamente a sa\u00fade e o ambiente organizacional, pois desenvolve habilidades de resolu\u00e7\u00e3o de conflitos por parte dos l\u00edderes e aumenta a motiva\u00e7\u00e3o dos colaboradores. Al\u00e9m disso, o estudo afirma que o impacto se estende a outros \u00e2mbitos da empresa, como lideran\u00e7a, clima, coordena\u00e7\u00e3o, controle e satisfa\u00e7\u00e3o do cliente.<\/p>\n<p><strong><a href=\"https:\/\/conteudo.asidbrasil.org.br\/ebookculturadeinclusaonasempresas\"><\/a><\/strong><\/p>\n<p>Na <strong>Pelissari<\/strong>, empresa parceira da <strong>ASID<\/strong>, o processo de recep\u00e7\u00e3o e integra\u00e7\u00e3o dos novos funcion\u00e1rios foi muito satisfat\u00f3rio, uma vez que os demais se mostraram presentes e dispostos a auxiliar os jovens no que fosse necess\u00e1rio. Os meninos, por sua vez, tiveram o acompanhamento de uma terapeuta ocupacional nas primeiras semanas de trabalho, a qual destacou a iniciativa e a tomada de decis\u00e3o apresentadas por eles, al\u00e9m da independ\u00eancia em todo o processo de trabalho.<\/p>\n<blockquote>\n<p>Estou achando legal e estou me virando sozinho, cuidando das m\u00e1quinas, limpando os copos, l\u00e1 embaixo \u00e9 mais agitado. Estou gostando, j\u00e1 conhe\u00e7o todo mundo l\u00e1, se eu pudesse eu falaria: muito obrigado pela aten\u00e7\u00e3o e o carinho.<br \/>\n<strong>Guilherme, colaborador da Pelissari<\/strong><\/p>\n<\/blockquote>\n<blockquote>\n<p>A Pelissari est\u00e1 me recebendo muito bem, muitos elogios, n\u00e3o posso reclamar. Primeira empresa, n\u00e3o tenho o que falar, eles me tratam muito bem l\u00e1 dentro, as pessoas, o chefe, cada pessoa que me colocou l\u00e1 dentro, foi \u00f3timo, primeiro emprego, estava precisando dessa oportunidade para embalar.<br \/>\n<strong>Alisson, colaborador da Pelissari<\/strong><\/p>\n<\/blockquote>\n<blockquote>\n<p>O apoio da ASID foi essencial para que este trabalho de inclus\u00e3o fosse realizado com muito cuidado e tranquilidade. Os trabalhos mais intensivos foram com os Gestores que receberam os colaboradores. Foram v\u00e1rias reuni\u00f5es at\u00e9 a ida do Gestor \u00e0 Escola Primavera, para conhec\u00ea-los. O projeto foi um sucesso e a entrada dos meninos aqui na Pelissari foi comemorada e cercada de muito carinho e aten\u00e7\u00e3o! Eles foram bem acompanhadas pela escola\/ASID nos seus primeiros 3 meses at\u00e9 percebermos que estavam 100% integrados.<br \/>\n<strong>Ana Rocha, Gerente de Recursos Humanos na Pelissari<\/strong><\/p>\n<\/blockquote>\n<blockquote>\n<p>Receber o Alisson e o Guilherme na Pelissari foi um aprendizado. Percebemos o quanto eles realmente poderiam nos ajudar nas suas atividades e tamb\u00e9m nos ensinar. Eles demonstram capacidade para trabalhar, disciplina, bom humor e o mais gratificante para mim foi perceber neles o prazer em servir. N\u00e3o servem apenas caf\u00e9s, bolachas, bebidas\u2026 eles entregam muito mais do que isso, colocam amor no que fazem. \u00c9 um prazer t\u00ea-los conosco!<br \/>\n<strong>Vanessa Pelissari, Diretora de Recursos Humanos<\/strong><\/p>\n<\/blockquote>\n<p><a href=\"https:\/\/conteudo.asidbrasil.org.br\/ebookculturadeinclusaonasempresas\">Fa\u00e7a download gratuito do nosso e-book sobre Cultura de Inclus\u00e3o nas Empresas:<img decoding=\"async\" class=\"aligncenter wp-image-15835 size-full lazyload\" data-src=\"https:\/\/asidbrasil.org.br\/wp-content\/uploads\/2018\/05\/E-book-560x130-2.png\" alt=\"\" width=\"560\" height=\"130\" src=\"data:image\/svg+xml;base64,PHN2ZyB3aWR0aD0iMSIgaGVpZ2h0PSIxIiB4bWxucz0iaHR0cDovL3d3dy53My5vcmcvMjAwMC9zdmciPjwvc3ZnPg==\" style=\"--smush-placeholder-width: 560px; --smush-placeholder-aspect-ratio: 560\/130;\" \/><\/a><a href=\"https:\/\/conteudo.asidbrasil.org.br\/ebookculturadeinclusaonasempresas\"><\/a><\/p>\n<p>O post <a rel=\"nofollow\" href=\"https:\/\/asidbrasil.org.br\/quais-sao-os-beneficios-da-inclusao-nas-equipes\/\">Quais s\u00e3o os benef\u00edcios da inclus\u00e3o nas equipes?<\/a> apareceu primeiro em <a rel=\"nofollow\" href=\"https:\/\/asidbrasil.org.br\">ASID Brasil<\/a>.<\/p>\n<p><i>Visite o site <a href=\"https:\/\/asidbrasil.org.br\/\">asidbrasil.org.br<\/a> e conhe\u00e7a mais sobre a ASID Brasil.<\/i><br \/>\n<br \/><a href=\"https:\/\/asidbrasil.org.br\/quais-sao-os-beneficios-da-inclusao-nas-equipes\/\">Fonte<\/a><br \/>\n<br \/><\/p>\n","protected":false},"excerpt":{"rendered":"<p>S\u00e3o in\u00fameros os benef\u00edcios da inclus\u00e3o para a sociedade e para a empresa que inclui. Em uma equipe diversificada, a criatividade e o potencial de solu\u00e7\u00e3o tendem a se tornar bem maiores, j\u00e1 que as caracter\u00edsticas diferentes do perfil de cada um faz com que a forma de pensar e o caminho utilizado para resolver [&hellip;]<\/p>\n","protected":false},"author":3063,"featured_media":1568,"comment_status":"open","ping_status":"open","sticky":false,"template":"","format":"standard","meta":{"footnotes":""},"categories":[113],"tags":[158,157,163,162,164,161,160,159],"class_list":{"0":"post-1567","1":"post","2":"type-post","3":"status-publish","4":"format-standard","5":"has-post-thumbnail","7":"category-cidadania","8":"tag-asid","9":"tag-cidadania","10":"tag-desenvolvimento-institucional","11":"tag-diversidade","12":"tag-impacto-social","13":"tag-inclusao","14":"tag-voluntariado","15":"tag-voluntario"},"yoast_head":"<!-- This site is optimized with the Yoast SEO plugin v27.2 - https:\/\/yoast.com\/product\/yoast-seo-wordpress\/ -->\n<title>Quais s\u00e3o os benef\u00edcios da inclus\u00e3o nas equipes? | Portal de Not\u00edcias<\/title>\n<meta name=\"robots\" content=\"index, follow, max-snippet:-1, max-image-preview:large, max-video-preview:-1\" \/>\n<link rel=\"canonical\" href=\"https:\/\/mhcalculos.com.br\/noticias\/cidadania\/quais-sao-os-beneficios-da-inclusao-nas-equipes.html\" \/>\n<meta property=\"og:locale\" content=\"pt_BR\" \/>\n<meta property=\"og:type\" content=\"article\" \/>\n<meta property=\"og:title\" content=\"Quais s\u00e3o os benef\u00edcios da inclus\u00e3o nas equipes? | Portal de Not\u00edcias\" \/>\n<meta property=\"og:description\" content=\"S\u00e3o in\u00fameros os benef\u00edcios da inclus\u00e3o para a sociedade e para a empresa que inclui. Em uma equipe diversificada, a criatividade e o potencial de solu\u00e7\u00e3o tendem a se tornar bem maiores, j\u00e1 que as caracter\u00edsticas diferentes do perfil de cada um faz com que a forma de pensar e o caminho utilizado para resolver [&hellip;]\" \/>\n<meta property=\"og:url\" content=\"https:\/\/mhcalculos.com.br\/noticias\/cidadania\/quais-sao-os-beneficios-da-inclusao-nas-equipes.html\" \/>\n<meta property=\"og:site_name\" content=\"Portal de Not\u00edcias\" \/>\n<meta property=\"article:published_time\" content=\"2018-05-30T12:28:45+00:00\" \/>\n<meta property=\"article:modified_time\" content=\"2021-07-28T17:34:52+00:00\" \/>\n<meta property=\"og:image\" content=\"https:\/\/mhcalculos.com.br\/noticias\/wp-content\/uploads\/sites\/2\/2018\/05\/27209449829_ba50ebd000_b.jpg\" \/>\n\t<meta property=\"og:image:width\" content=\"1000\" \/>\n\t<meta property=\"og:image:height\" content=\"667\" \/>\n\t<meta property=\"og:image:type\" content=\"image\/jpeg\" \/>\n<meta name=\"author\" content=\"Equipe MH\" \/>\n<meta name=\"twitter:card\" content=\"summary_large_image\" \/>\n<meta name=\"twitter:label1\" content=\"Escrito por\" \/>\n\t<meta name=\"twitter:data1\" content=\"Equipe MH\" \/>\n\t<meta name=\"twitter:label2\" content=\"Est. tempo de leitura\" \/>\n\t<meta name=\"twitter:data2\" content=\"3 minutos\" \/>\n<script type=\"application\/ld+json\" class=\"yoast-schema-graph\">{\"@context\":\"https:\/\/schema.org\",\"@graph\":[{\"@type\":\"Article\",\"@id\":\"https:\/\/mhcalculos.com.br\/noticias\/cidadania\/quais-sao-os-beneficios-da-inclusao-nas-equipes.html#article\",\"isPartOf\":{\"@id\":\"https:\/\/mhcalculos.com.br\/noticias\/cidadania\/quais-sao-os-beneficios-da-inclusao-nas-equipes.html\"},\"author\":{\"name\":\"Equipe MH\",\"@id\":\"https:\/\/mhcalculos.com.br\/noticias\/#\/schema\/person\/88d1c34bf72dc779ea14a5a6b8e0ae8d\"},\"headline\":\"Quais s\u00e3o os benef\u00edcios da inclus\u00e3o nas equipes?\",\"datePublished\":\"2018-05-30T12:28:45+00:00\",\"dateModified\":\"2021-07-28T17:34:52+00:00\",\"mainEntityOfPage\":{\"@id\":\"https:\/\/mhcalculos.com.br\/noticias\/cidadania\/quais-sao-os-beneficios-da-inclusao-nas-equipes.html\"},\"wordCount\":555,\"commentCount\":0,\"image\":{\"@id\":\"https:\/\/mhcalculos.com.br\/noticias\/cidadania\/quais-sao-os-beneficios-da-inclusao-nas-equipes.html#primaryimage\"},\"thumbnailUrl\":\"https:\/\/mhcalculos.com.br\/noticias\/wp-content\/uploads\/sites\/2\/2018\/05\/27209449829_ba50ebd000_b.jpg\",\"keywords\":[\"asid\",\"cidadania\",\"desenvolvimento institucional\",\"diversidade\",\"impacto social\",\"inclus\u00e3o\",\"voluntariado\",\"volunt\u00e1rio\"],\"articleSection\":[\"Cidadania\"],\"inLanguage\":\"pt-BR\",\"potentialAction\":[{\"@type\":\"CommentAction\",\"name\":\"Comment\",\"target\":[\"https:\/\/mhcalculos.com.br\/noticias\/cidadania\/quais-sao-os-beneficios-da-inclusao-nas-equipes.html#respond\"]}]},{\"@type\":\"WebPage\",\"@id\":\"https:\/\/mhcalculos.com.br\/noticias\/cidadania\/quais-sao-os-beneficios-da-inclusao-nas-equipes.html\",\"url\":\"https:\/\/mhcalculos.com.br\/noticias\/cidadania\/quais-sao-os-beneficios-da-inclusao-nas-equipes.html\",\"name\":\"Quais s\u00e3o os benef\u00edcios da inclus\u00e3o nas equipes? | Portal de Not\u00edcias\",\"isPartOf\":{\"@id\":\"https:\/\/mhcalculos.com.br\/noticias\/#website\"},\"primaryImageOfPage\":{\"@id\":\"https:\/\/mhcalculos.com.br\/noticias\/cidadania\/quais-sao-os-beneficios-da-inclusao-nas-equipes.html#primaryimage\"},\"image\":{\"@id\":\"https:\/\/mhcalculos.com.br\/noticias\/cidadania\/quais-sao-os-beneficios-da-inclusao-nas-equipes.html#primaryimage\"},\"thumbnailUrl\":\"https:\/\/mhcalculos.com.br\/noticias\/wp-content\/uploads\/sites\/2\/2018\/05\/27209449829_ba50ebd000_b.jpg\",\"datePublished\":\"2018-05-30T12:28:45+00:00\",\"dateModified\":\"2021-07-28T17:34:52+00:00\",\"author\":{\"@id\":\"https:\/\/mhcalculos.com.br\/noticias\/#\/schema\/person\/88d1c34bf72dc779ea14a5a6b8e0ae8d\"},\"breadcrumb\":{\"@id\":\"https:\/\/mhcalculos.com.br\/noticias\/cidadania\/quais-sao-os-beneficios-da-inclusao-nas-equipes.html#breadcrumb\"},\"inLanguage\":\"pt-BR\",\"potentialAction\":[{\"@type\":\"ReadAction\",\"target\":[\"https:\/\/mhcalculos.com.br\/noticias\/cidadania\/quais-sao-os-beneficios-da-inclusao-nas-equipes.html\"]}]},{\"@type\":\"ImageObject\",\"inLanguage\":\"pt-BR\",\"@id\":\"https:\/\/mhcalculos.com.br\/noticias\/cidadania\/quais-sao-os-beneficios-da-inclusao-nas-equipes.html#primaryimage\",\"url\":\"https:\/\/mhcalculos.com.br\/noticias\/wp-content\/uploads\/sites\/2\/2018\/05\/27209449829_ba50ebd000_b.jpg\",\"contentUrl\":\"https:\/\/mhcalculos.com.br\/noticias\/wp-content\/uploads\/sites\/2\/2018\/05\/27209449829_ba50ebd000_b.jpg\",\"width\":1000,\"height\":667},{\"@type\":\"BreadcrumbList\",\"@id\":\"https:\/\/mhcalculos.com.br\/noticias\/cidadania\/quais-sao-os-beneficios-da-inclusao-nas-equipes.html#breadcrumb\",\"itemListElement\":[{\"@type\":\"ListItem\",\"position\":1,\"name\":\"In\u00edcio\",\"item\":\"https:\/\/mhcalculos.com.br\/noticias\/\"},{\"@type\":\"ListItem\",\"position\":2,\"name\":\"Quais s\u00e3o os benef\u00edcios da inclus\u00e3o nas equipes?\"}]},{\"@type\":\"WebSite\",\"@id\":\"https:\/\/mhcalculos.com.br\/noticias\/#website\",\"url\":\"https:\/\/mhcalculos.com.br\/noticias\/\",\"name\":\"Portal de Not\u00edcias\",\"description\":\"Not\u00edcias e Jurisprud\u00eancia\",\"potentialAction\":[{\"@type\":\"SearchAction\",\"target\":{\"@type\":\"EntryPoint\",\"urlTemplate\":\"https:\/\/mhcalculos.com.br\/noticias\/?s={search_term_string}\"},\"query-input\":{\"@type\":\"PropertyValueSpecification\",\"valueRequired\":true,\"valueName\":\"search_term_string\"}}],\"inLanguage\":\"pt-BR\"},{\"@type\":\"Person\",\"@id\":\"https:\/\/mhcalculos.com.br\/noticias\/#\/schema\/person\/88d1c34bf72dc779ea14a5a6b8e0ae8d\",\"name\":\"Equipe MH\",\"image\":{\"@type\":\"ImageObject\",\"inLanguage\":\"pt-BR\",\"@id\":\"https:\/\/secure.gravatar.com\/avatar\/de1c686c2ecc9c5a3f327e3431d819eb39f8f05d4e1045f5a1caad6daaba987f?s=96&d=mm&r=g\",\"url\":\"https:\/\/secure.gravatar.com\/avatar\/de1c686c2ecc9c5a3f327e3431d819eb39f8f05d4e1045f5a1caad6daaba987f?s=96&d=mm&r=g\",\"contentUrl\":\"https:\/\/secure.gravatar.com\/avatar\/de1c686c2ecc9c5a3f327e3431d819eb39f8f05d4e1045f5a1caad6daaba987f?s=96&d=mm&r=g\",\"caption\":\"Equipe MH\"}}]}<\/script>\n<!-- \/ Yoast SEO plugin. -->","yoast_head_json":{"title":"Quais s\u00e3o os benef\u00edcios da inclus\u00e3o nas equipes? | Portal de Not\u00edcias","robots":{"index":"index","follow":"follow","max-snippet":"max-snippet:-1","max-image-preview":"max-image-preview:large","max-video-preview":"max-video-preview:-1"},"canonical":"https:\/\/mhcalculos.com.br\/noticias\/cidadania\/quais-sao-os-beneficios-da-inclusao-nas-equipes.html","og_locale":"pt_BR","og_type":"article","og_title":"Quais s\u00e3o os benef\u00edcios da inclus\u00e3o nas equipes? | Portal de Not\u00edcias","og_description":"S\u00e3o in\u00fameros os benef\u00edcios da inclus\u00e3o para a sociedade e para a empresa que inclui. Em uma equipe diversificada, a criatividade e o potencial de solu\u00e7\u00e3o tendem a se tornar bem maiores, j\u00e1 que as caracter\u00edsticas diferentes do perfil de cada um faz com que a forma de pensar e o caminho utilizado para resolver [&hellip;]","og_url":"https:\/\/mhcalculos.com.br\/noticias\/cidadania\/quais-sao-os-beneficios-da-inclusao-nas-equipes.html","og_site_name":"Portal de Not\u00edcias","article_published_time":"2018-05-30T12:28:45+00:00","article_modified_time":"2021-07-28T17:34:52+00:00","og_image":[{"width":1000,"height":667,"url":"https:\/\/mhcalculos.com.br\/noticias\/wp-content\/uploads\/sites\/2\/2018\/05\/27209449829_ba50ebd000_b.jpg","type":"image\/jpeg"}],"author":"Equipe MH","twitter_card":"summary_large_image","twitter_misc":{"Escrito por":"Equipe MH","Est. tempo de leitura":"3 minutos"},"schema":{"@context":"https:\/\/schema.org","@graph":[{"@type":"Article","@id":"https:\/\/mhcalculos.com.br\/noticias\/cidadania\/quais-sao-os-beneficios-da-inclusao-nas-equipes.html#article","isPartOf":{"@id":"https:\/\/mhcalculos.com.br\/noticias\/cidadania\/quais-sao-os-beneficios-da-inclusao-nas-equipes.html"},"author":{"name":"Equipe MH","@id":"https:\/\/mhcalculos.com.br\/noticias\/#\/schema\/person\/88d1c34bf72dc779ea14a5a6b8e0ae8d"},"headline":"Quais s\u00e3o os benef\u00edcios da inclus\u00e3o nas equipes?","datePublished":"2018-05-30T12:28:45+00:00","dateModified":"2021-07-28T17:34:52+00:00","mainEntityOfPage":{"@id":"https:\/\/mhcalculos.com.br\/noticias\/cidadania\/quais-sao-os-beneficios-da-inclusao-nas-equipes.html"},"wordCount":555,"commentCount":0,"image":{"@id":"https:\/\/mhcalculos.com.br\/noticias\/cidadania\/quais-sao-os-beneficios-da-inclusao-nas-equipes.html#primaryimage"},"thumbnailUrl":"https:\/\/mhcalculos.com.br\/noticias\/wp-content\/uploads\/sites\/2\/2018\/05\/27209449829_ba50ebd000_b.jpg","keywords":["asid","cidadania","desenvolvimento institucional","diversidade","impacto social","inclus\u00e3o","voluntariado","volunt\u00e1rio"],"articleSection":["Cidadania"],"inLanguage":"pt-BR","potentialAction":[{"@type":"CommentAction","name":"Comment","target":["https:\/\/mhcalculos.com.br\/noticias\/cidadania\/quais-sao-os-beneficios-da-inclusao-nas-equipes.html#respond"]}]},{"@type":"WebPage","@id":"https:\/\/mhcalculos.com.br\/noticias\/cidadania\/quais-sao-os-beneficios-da-inclusao-nas-equipes.html","url":"https:\/\/mhcalculos.com.br\/noticias\/cidadania\/quais-sao-os-beneficios-da-inclusao-nas-equipes.html","name":"Quais s\u00e3o os benef\u00edcios da inclus\u00e3o nas equipes? | Portal de Not\u00edcias","isPartOf":{"@id":"https:\/\/mhcalculos.com.br\/noticias\/#website"},"primaryImageOfPage":{"@id":"https:\/\/mhcalculos.com.br\/noticias\/cidadania\/quais-sao-os-beneficios-da-inclusao-nas-equipes.html#primaryimage"},"image":{"@id":"https:\/\/mhcalculos.com.br\/noticias\/cidadania\/quais-sao-os-beneficios-da-inclusao-nas-equipes.html#primaryimage"},"thumbnailUrl":"https:\/\/mhcalculos.com.br\/noticias\/wp-content\/uploads\/sites\/2\/2018\/05\/27209449829_ba50ebd000_b.jpg","datePublished":"2018-05-30T12:28:45+00:00","dateModified":"2021-07-28T17:34:52+00:00","author":{"@id":"https:\/\/mhcalculos.com.br\/noticias\/#\/schema\/person\/88d1c34bf72dc779ea14a5a6b8e0ae8d"},"breadcrumb":{"@id":"https:\/\/mhcalculos.com.br\/noticias\/cidadania\/quais-sao-os-beneficios-da-inclusao-nas-equipes.html#breadcrumb"},"inLanguage":"pt-BR","potentialAction":[{"@type":"ReadAction","target":["https:\/\/mhcalculos.com.br\/noticias\/cidadania\/quais-sao-os-beneficios-da-inclusao-nas-equipes.html"]}]},{"@type":"ImageObject","inLanguage":"pt-BR","@id":"https:\/\/mhcalculos.com.br\/noticias\/cidadania\/quais-sao-os-beneficios-da-inclusao-nas-equipes.html#primaryimage","url":"https:\/\/mhcalculos.com.br\/noticias\/wp-content\/uploads\/sites\/2\/2018\/05\/27209449829_ba50ebd000_b.jpg","contentUrl":"https:\/\/mhcalculos.com.br\/noticias\/wp-content\/uploads\/sites\/2\/2018\/05\/27209449829_ba50ebd000_b.jpg","width":1000,"height":667},{"@type":"BreadcrumbList","@id":"https:\/\/mhcalculos.com.br\/noticias\/cidadania\/quais-sao-os-beneficios-da-inclusao-nas-equipes.html#breadcrumb","itemListElement":[{"@type":"ListItem","position":1,"name":"In\u00edcio","item":"https:\/\/mhcalculos.com.br\/noticias\/"},{"@type":"ListItem","position":2,"name":"Quais s\u00e3o os benef\u00edcios da inclus\u00e3o nas equipes?"}]},{"@type":"WebSite","@id":"https:\/\/mhcalculos.com.br\/noticias\/#website","url":"https:\/\/mhcalculos.com.br\/noticias\/","name":"Portal de Not\u00edcias","description":"Not\u00edcias e Jurisprud\u00eancia","potentialAction":[{"@type":"SearchAction","target":{"@type":"EntryPoint","urlTemplate":"https:\/\/mhcalculos.com.br\/noticias\/?s={search_term_string}"},"query-input":{"@type":"PropertyValueSpecification","valueRequired":true,"valueName":"search_term_string"}}],"inLanguage":"pt-BR"},{"@type":"Person","@id":"https:\/\/mhcalculos.com.br\/noticias\/#\/schema\/person\/88d1c34bf72dc779ea14a5a6b8e0ae8d","name":"Equipe MH","image":{"@type":"ImageObject","inLanguage":"pt-BR","@id":"https:\/\/secure.gravatar.com\/avatar\/de1c686c2ecc9c5a3f327e3431d819eb39f8f05d4e1045f5a1caad6daaba987f?s=96&d=mm&r=g","url":"https:\/\/secure.gravatar.com\/avatar\/de1c686c2ecc9c5a3f327e3431d819eb39f8f05d4e1045f5a1caad6daaba987f?s=96&d=mm&r=g","contentUrl":"https:\/\/secure.gravatar.com\/avatar\/de1c686c2ecc9c5a3f327e3431d819eb39f8f05d4e1045f5a1caad6daaba987f?s=96&d=mm&r=g","caption":"Equipe MH"}}]}},"_links":{"self":[{"href":"https:\/\/mhcalculos.com.br\/noticias\/wp-json\/wp\/v2\/posts\/1567","targetHints":{"allow":["GET"]}}],"collection":[{"href":"https:\/\/mhcalculos.com.br\/noticias\/wp-json\/wp\/v2\/posts"}],"about":[{"href":"https:\/\/mhcalculos.com.br\/noticias\/wp-json\/wp\/v2\/types\/post"}],"author":[{"embeddable":true,"href":"https:\/\/mhcalculos.com.br\/noticias\/wp-json\/wp\/v2\/users\/3063"}],"replies":[{"embeddable":true,"href":"https:\/\/mhcalculos.com.br\/noticias\/wp-json\/wp\/v2\/comments?post=1567"}],"version-history":[{"count":1,"href":"https:\/\/mhcalculos.com.br\/noticias\/wp-json\/wp\/v2\/posts\/1567\/revisions"}],"predecessor-version":[{"id":10443,"href":"https:\/\/mhcalculos.com.br\/noticias\/wp-json\/wp\/v2\/posts\/1567\/revisions\/10443"}],"wp:featuredmedia":[{"embeddable":true,"href":"https:\/\/mhcalculos.com.br\/noticias\/wp-json\/wp\/v2\/media\/1568"}],"wp:attachment":[{"href":"https:\/\/mhcalculos.com.br\/noticias\/wp-json\/wp\/v2\/media?parent=1567"}],"wp:term":[{"taxonomy":"category","embeddable":true,"href":"https:\/\/mhcalculos.com.br\/noticias\/wp-json\/wp\/v2\/categories?post=1567"},{"taxonomy":"post_tag","embeddable":true,"href":"https:\/\/mhcalculos.com.br\/noticias\/wp-json\/wp\/v2\/tags?post=1567"}],"curies":[{"name":"wp","href":"https:\/\/api.w.org\/{rel}","templated":true}]}}