{"id":1522,"date":"2018-05-21T07:42:34","date_gmt":"2018-05-21T07:42:34","guid":{"rendered":"http:\/\/mhcalculos.ddns.net\/noticias\/2018\/05\/21\/conheca-4-cases-de-impacto-social-em-sao-paulo\/"},"modified":"2021-07-28T14:34:56","modified_gmt":"2021-07-28T17:34:56","slug":"conheca-4-cases-de-impacto-social-em-sao-paulo","status":"publish","type":"post","link":"https:\/\/mhcalculos.com.br\/noticias\/cidadania\/conheca-4-cases-de-impacto-social-em-sao-paulo.html","title":{"rendered":"Conhe\u00e7a 4 cases de impacto social em S\u00e3o Paulo"},"content":{"rendered":"<p> <br \/>\n<\/p>\n<p><span style=\"font-weight: 400\">Com a<span style=\"color: #000080\"> <strong><a href=\"https:\/\/asidbrasil.org.br\/asid-utiliza-investimento-de-impacto-para-expandir-sua-atuacao-para-sao-paulo\/\">expans\u00e3o<\/a><\/strong><\/span>, a ASID iniciou os projetos em S\u00e3o Paulo com a proposta da <\/span><span style=\"color: #000080\"><a href=\"https:\/\/www.gs1br.org\/\"><b>GS1 Brasil &#8211; Associa\u00e7\u00e3o Brasileira de Automa\u00e7\u00e3o<\/b><\/a><\/span><span style=\"font-weight: 400\">, a qual entrou em contato buscando uma organiza\u00e7\u00e3o parceira que desenvolvesse a gest\u00e3o da Nova Projeto, uma institui\u00e7\u00e3o que recebe seu apoio.<\/span><\/p>\n<div id=\"attachment_5595\" style=\"width: 536px\" class=\"wp-caption aligncenter\"><a href=\"https:\/\/asidbrasil.org.br\/wp-content\/uploads\/2018\/05\/Mentoria-Nova-Projeto.png\"><\/a><\/p>\n<p class=\"wp-caption-text\">Mentoria GS1 Brasil e Nova Projeto<\/p>\n<\/div>\n<p><span style=\"font-weight: 400\">A <\/span><span style=\"color: #000080\"><a href=\"http:\/\/novaprojeto.com.br\/\"><b>Nova Projeto<\/b><\/a><\/span><span style=\"font-weight: 400\"> trabalha com a inclus\u00e3o de pessoas com defici\u00eancia intelectual no mercado de trabalho, capacitando e estabelecendo parcerias com empresas para a contrata\u00e7\u00e3o desses alunos. O projeto teve dura\u00e7\u00e3o de 4 meses e foi desenvolvido a partir de um diagn\u00f3stico da institui\u00e7\u00e3o, mentorias de volunt\u00e1rios, capacita\u00e7\u00f5es e acompanhamentos da ASID. Ao final da proposta, o resultado atingido foi de <\/span><strong>43% de crescimento na gest\u00e3o da Nova Projeto<\/strong>!<\/p>\n<p>&nbsp;<\/p>\n<p><span style=\"font-weight: 400\">Al\u00e9m disso, tivemos outros projetos frutos de parcerias incr\u00edveis ao longo desses 11 meses. Confira alguns deles<\/span><span style=\"font-weight: 400\">:<\/span><\/p>\n<h4><b>ADEFAV<\/b><\/h4>\n<div id=\"attachment_5606\" style=\"width: 538px\" class=\"wp-caption aligncenter\"><a href=\"https:\/\/asidbrasil.org.br\/wp-content\/uploads\/2018\/05\/40190820580_93a14bbccf_b.jpg\"><img decoding=\"async\" class=\"wp-image-5606 lazyload\" data-src=\"https:\/\/asidbrasil.org.br\/wp-content\/uploads\/2018\/05\/40190820580_93a14bbccf_b-1024x654.jpg\" alt=\"Volunt\u00e1rios da Chubb com alunos da ADEFAV\" width=\"528\" height=\"337\" src=\"data:image\/svg+xml;base64,PHN2ZyB3aWR0aD0iMSIgaGVpZ2h0PSIxIiB4bWxucz0iaHR0cDovL3d3dy53My5vcmcvMjAwMC9zdmciPjwvc3ZnPg==\" style=\"--smush-placeholder-width: 528px; --smush-placeholder-aspect-ratio: 528\/337;\" \/><\/a><\/p>\n<p class=\"wp-caption-text\">Volunt\u00e1rios da Chubb com alunos da ADEFAV<\/p>\n<\/div>\n<p><span style=\"font-weight: 400\">O Centro de Recursos em <\/span><span style=\"font-weight: 400\">Defici\u00eancia M\u00faltipla, Surdocegueira e Defici\u00eancia Visual, a <\/span><span style=\"color: #000080\"><a href=\"http:\/\/www.adefav.org.br\/\"><b>ADEFAV<\/b><\/a><\/span><span style=\"font-weight: 400\">, presta atendimento para 70 crian\u00e7as com surdocegueira e defici\u00eancias m\u00faltiplas. Devido a um problema na gest\u00e3o da institui\u00e7\u00e3o, a ASID passou a atuar para melhorar o cen\u00e1rio de crise. Realizamos um intenso trabalho de assessoria administrativa, de maneira a organizar a casa, trabalhando fortemente a lideran\u00e7a dos coordenadores. <\/span><\/p>\n<p><span style=\"font-weight: 400\">Ap\u00f3s 4 meses visitando a organiza\u00e7\u00e3o todas as segundas-feiras, a ADEFAV conseguiu se reestabelecer em rela\u00e7\u00e3o \u00e0 sua governan\u00e7a, e assim, em conjunto com a ASID, pode voltar a olhar para a gest\u00e3o, trabalhando principalmente na reorganiza\u00e7\u00e3o dos setores, e motiva\u00e7\u00e3o dos colaboradores.<\/span><\/p>\n<p>&nbsp;<\/p>\n<h4><b>AAEB e PwC<\/b><\/h4>\n<div id=\"attachment_5607\" style=\"width: 540px\" class=\"wp-caption aligncenter\"><a href=\"https:\/\/asidbrasil.org.br\/wp-content\/uploads\/2018\/05\/27172068797_483fbfd218_b.jpg\"><img decoding=\"async\" class=\"wp-image-5607 lazyload\" data-src=\"https:\/\/asidbrasil.org.br\/wp-content\/uploads\/2018\/05\/27172068797_483fbfd218_b-1024x663.jpg\" alt=\"Mentoria PwC e AAEB\" width=\"530\" height=\"343\" src=\"data:image\/svg+xml;base64,PHN2ZyB3aWR0aD0iMSIgaGVpZ2h0PSIxIiB4bWxucz0iaHR0cDovL3d3dy53My5vcmcvMjAwMC9zdmciPjwvc3ZnPg==\" style=\"--smush-placeholder-width: 530px; --smush-placeholder-aspect-ratio: 530\/343;\" \/><\/a><\/p>\n<p class=\"wp-caption-text\">Volunt\u00e1ria PwC e gestora AAEB em Mentoria<\/p>\n<\/div>\n<p><span style=\"font-weight: 400\">A <\/span><span style=\"color: #000080\"><a href=\"http:\/\/www.aaeb.org.br\/\"><b>Associa\u00e7\u00e3o de Amigos dos Excepcionais do Brooklin<\/b><\/a><\/span> <span style=\"font-weight: 400\">\u00e9 uma das \u00fanicas institui\u00e7\u00f5es de S\u00e3o Paulo que atende pessoas com defici\u00eancia intelectual severa, vindas de todas as regi\u00f5es da cidade. Logo em seguida ao in\u00edcio da parceria com a institui\u00e7\u00e3o, a <\/span><span style=\"color: #000080\"><a href=\"https:\/\/www.pwc.com.br\/\"><b>PwC<\/b><\/a><\/span><span style=\"font-weight: 400\"> contratou a ASID para a execu\u00e7\u00e3o de um projeto de Mentoria. Assim que o diagn\u00f3stico foi apresentado, os volunt\u00e1rios da empresa entraram em a\u00e7\u00e3o para executar os progressos de gest\u00e3o previstos.<\/span><\/p>\n<p><span style=\"font-weight: 400\">Foram 14 encontros que contemplavam \u00e1reas de Finan\u00e7as, Capta\u00e7\u00e3o de Recursos, Recursos Humanos e Lideran\u00e7a, al\u00e9m de uma viv\u00eancia dentro da organiza\u00e7\u00e3o. Ap\u00f3s o final do projeto a ASID mensurou os resultados obtidos em 6 meses e a organiza\u00e7\u00e3o alcan\u00e7ou o <strong>crescimento de 16% na gest\u00e3o<\/strong>!<\/span><\/p>\n<p>&nbsp;<\/p>\n<h4><b>APABB e SAP<\/b><\/h4>\n<div id=\"attachment_5608\" style=\"width: 540px\" class=\"wp-caption aligncenter\"><a href=\"https:\/\/asidbrasil.org.br\/wp-content\/uploads\/2018\/05\/26953998399_5005f00f4a_k.jpg\"><img decoding=\"async\" class=\"wp-image-5608 lazyload\" data-src=\"https:\/\/asidbrasil.org.br\/wp-content\/uploads\/2018\/05\/26953998399_5005f00f4a_k-1024x683.jpg\" alt=\"Jogos do Bem APABB e SAP\" width=\"530\" height=\"353\" src=\"data:image\/svg+xml;base64,PHN2ZyB3aWR0aD0iMSIgaGVpZ2h0PSIxIiB4bWxucz0iaHR0cDovL3d3dy53My5vcmcvMjAwMC9zdmciPjwvc3ZnPg==\" style=\"--smush-placeholder-width: 530px; --smush-placeholder-aspect-ratio: 530\/353;\" \/><\/a><\/p>\n<p class=\"wp-caption-text\">Jogos do Bem SAP e APABB<\/p>\n<\/div>\n<p><span style=\"font-weight: 400\">No final de 2017, a <\/span><span style=\"color: #000080\"><a href=\"https:\/\/www.sap.com\/brazil\/index.html\"><b>SAP<\/b><\/a> <\/span><span style=\"font-weight: 400\">realizou um programa de voluntariado na<\/span><span style=\"color: #000080\"> <a href=\"https:\/\/www.apabb.org.br\/\"><b>APABB<\/b><\/a><\/span><span style=\"font-weight: 400\">, organiza\u00e7\u00e3o que atua na \u00e1rea de esporte, lazer e servi\u00e7o social, visando a inclus\u00e3o social e o empoderamento das fam\u00edlias e PcD. Os volunt\u00e1rios da empresa praticaram esportes como nata\u00e7\u00e3o, bocha e atletismo junto com os atletas da institui\u00e7\u00e3o. <\/span><\/p>\n<p><span style=\"font-weight: 400\">A institui\u00e7\u00e3o participa anualmente das competi\u00e7\u00f5es promovidas pelas Olimp\u00edadas Especiais Brasil. O dia foi considerado muito especial, pois alguns alunos e tamb\u00e9m volunt\u00e1rios superaram expectativas e quebraram suas pr\u00f3prias barreiras.<\/span><\/p>\n<p><span style=\"font-weight: 400\">A felicidade em receber pessoas diferentes foi tamanha que foi transmitida para o desempenho no esporte, da mesma forma que todos os volunt\u00e1rios sa\u00edram transformados, pois puderam entender o grande potencial das pessoas com defici\u00eancia e a possibilidade de supera\u00e7\u00e3o das mesmas.<\/span><\/p>\n<p>&nbsp;<\/p>\n<p>Quer saber mais sobre investimento de impacto e as hist\u00f3rias inspiradoras que a ASID construiu em S\u00e3o Paulo? Baixe o <span style=\"color: #000080\"><a href=\"https:\/\/conteudo.asidbrasil.org.br\/ebookinvestimentodeimpacto\">e-book completo sobre investimento de impacto<\/a><\/span>!<\/p>\n<p><a target=\"_blank\" href=\"https:\/\/conteudo.asidbrasil.org.br\/ebookinvestimentodeimpacto\" rel=\"noopener\"><img decoding=\"async\" class=\"aligncenter wp-image-5603 lazyload\" data-src=\"https:\/\/asidbrasil.org.br\/wp-content\/uploads\/2018\/05\/E-book-300x69.png\" alt=\"E-book Investimento de Impacto\" width=\"341\" height=\"90\" src=\"data:image\/svg+xml;base64,PHN2ZyB3aWR0aD0iMSIgaGVpZ2h0PSIxIiB4bWxucz0iaHR0cDovL3d3dy53My5vcmcvMjAwMC9zdmciPjwvc3ZnPg==\" style=\"--smush-placeholder-width: 341px; --smush-placeholder-aspect-ratio: 341\/90;\" \/><\/a><\/p>\n<p>O post <a rel=\"nofollow\" href=\"https:\/\/asidbrasil.org.br\/conheca-4-cases-de-impacto-social-em-sao-paulo\/\">Conhe\u00e7a 4 cases de impacto social em S\u00e3o Paulo<\/a> apareceu primeiro em <a rel=\"nofollow\" href=\"https:\/\/asidbrasil.org.br\">ASID Brasil<\/a>.<\/p>\n<p><i>Visite o site <a href=\"https:\/\/asidbrasil.org.br\/\">asidbrasil.org.br<\/a> e conhe\u00e7a mais sobre a ASID Brasil.<\/i><br \/>\n<br \/><a href=\"https:\/\/asidbrasil.org.br\/conheca-4-cases-de-impacto-social-em-sao-paulo\/\">Fonte<\/a><br \/>\n<br \/><\/p>\n","protected":false},"excerpt":{"rendered":"<p>Com a expans\u00e3o, a ASID iniciou os projetos em S\u00e3o Paulo com a proposta da GS1 Brasil &#8211; Associa\u00e7\u00e3o Brasileira de Automa\u00e7\u00e3o, a qual entrou em contato buscando uma organiza\u00e7\u00e3o parceira que desenvolvesse a gest\u00e3o da Nova Projeto, uma institui\u00e7\u00e3o que recebe seu apoio. Mentoria GS1 Brasil e Nova Projeto A Nova Projeto trabalha com [&hellip;]<\/p>\n","protected":false},"author":3063,"featured_media":1523,"comment_status":"open","ping_status":"open","sticky":false,"template":"","format":"standard","meta":{"footnotes":""},"categories":[113],"tags":[158,157,163,162,164,161,160,159],"class_list":{"0":"post-1522","1":"post","2":"type-post","3":"status-publish","4":"format-standard","5":"has-post-thumbnail","7":"category-cidadania","8":"tag-asid","9":"tag-cidadania","10":"tag-desenvolvimento-institucional","11":"tag-diversidade","12":"tag-impacto-social","13":"tag-inclusao","14":"tag-voluntariado","15":"tag-voluntario"},"yoast_head":"<!-- This site is optimized with the Yoast SEO plugin v27.2 - https:\/\/yoast.com\/product\/yoast-seo-wordpress\/ -->\n<title>Conhe\u00e7a 4 cases de impacto social em S\u00e3o Paulo | Portal de Not\u00edcias<\/title>\n<meta name=\"robots\" content=\"index, follow, max-snippet:-1, max-image-preview:large, max-video-preview:-1\" \/>\n<link rel=\"canonical\" href=\"https:\/\/mhcalculos.com.br\/noticias\/cidadania\/conheca-4-cases-de-impacto-social-em-sao-paulo.html\" \/>\n<meta property=\"og:locale\" content=\"pt_BR\" \/>\n<meta property=\"og:type\" content=\"article\" \/>\n<meta property=\"og:title\" content=\"Conhe\u00e7a 4 cases de impacto social em S\u00e3o Paulo | Portal de Not\u00edcias\" \/>\n<meta property=\"og:description\" content=\"Com a expans\u00e3o, a ASID iniciou os projetos em S\u00e3o Paulo com a proposta da GS1 Brasil &#8211; Associa\u00e7\u00e3o Brasileira de Automa\u00e7\u00e3o, a qual entrou em contato buscando uma organiza\u00e7\u00e3o parceira que desenvolvesse a gest\u00e3o da Nova Projeto, uma institui\u00e7\u00e3o que recebe seu apoio. Mentoria GS1 Brasil e Nova Projeto A Nova Projeto trabalha com [&hellip;]\" \/>\n<meta property=\"og:url\" content=\"https:\/\/mhcalculos.com.br\/noticias\/cidadania\/conheca-4-cases-de-impacto-social-em-sao-paulo.html\" \/>\n<meta property=\"og:site_name\" content=\"Portal de Not\u00edcias\" \/>\n<meta property=\"article:published_time\" content=\"2018-05-21T07:42:34+00:00\" \/>\n<meta property=\"article:modified_time\" content=\"2021-07-28T17:34:56+00:00\" \/>\n<meta property=\"og:image\" content=\"https:\/\/mhcalculos.com.br\/noticias\/wp-content\/uploads\/sites\/2\/2018\/05\/26953998399_5005f00f4a_k.jpg\" \/>\n\t<meta property=\"og:image:width\" content=\"2048\" \/>\n\t<meta property=\"og:image:height\" content=\"1365\" \/>\n\t<meta property=\"og:image:type\" content=\"image\/jpeg\" \/>\n<meta name=\"author\" content=\"Equipe MH\" \/>\n<meta name=\"twitter:card\" content=\"summary_large_image\" \/>\n<meta name=\"twitter:label1\" content=\"Escrito por\" \/>\n\t<meta name=\"twitter:data1\" content=\"Equipe MH\" \/>\n\t<meta name=\"twitter:label2\" content=\"Est. tempo de leitura\" \/>\n\t<meta name=\"twitter:data2\" content=\"3 minutos\" \/>\n<script type=\"application\/ld+json\" class=\"yoast-schema-graph\">{\"@context\":\"https:\/\/schema.org\",\"@graph\":[{\"@type\":\"Article\",\"@id\":\"https:\/\/mhcalculos.com.br\/noticias\/cidadania\/conheca-4-cases-de-impacto-social-em-sao-paulo.html#article\",\"isPartOf\":{\"@id\":\"https:\/\/mhcalculos.com.br\/noticias\/cidadania\/conheca-4-cases-de-impacto-social-em-sao-paulo.html\"},\"author\":{\"name\":\"Equipe MH\",\"@id\":\"https:\/\/mhcalculos.com.br\/noticias\/#\/schema\/person\/88d1c34bf72dc779ea14a5a6b8e0ae8d\"},\"headline\":\"Conhe\u00e7a 4 cases de impacto social em S\u00e3o Paulo\",\"datePublished\":\"2018-05-21T07:42:34+00:00\",\"dateModified\":\"2021-07-28T17:34:56+00:00\",\"mainEntityOfPage\":{\"@id\":\"https:\/\/mhcalculos.com.br\/noticias\/cidadania\/conheca-4-cases-de-impacto-social-em-sao-paulo.html\"},\"wordCount\":650,\"commentCount\":0,\"image\":{\"@id\":\"https:\/\/mhcalculos.com.br\/noticias\/cidadania\/conheca-4-cases-de-impacto-social-em-sao-paulo.html#primaryimage\"},\"thumbnailUrl\":\"https:\/\/mhcalculos.com.br\/noticias\/wp-content\/uploads\/sites\/2\/2018\/05\/26953998399_5005f00f4a_k.jpg\",\"keywords\":[\"asid\",\"cidadania\",\"desenvolvimento institucional\",\"diversidade\",\"impacto social\",\"inclus\u00e3o\",\"voluntariado\",\"volunt\u00e1rio\"],\"articleSection\":[\"Cidadania\"],\"inLanguage\":\"pt-BR\",\"potentialAction\":[{\"@type\":\"CommentAction\",\"name\":\"Comment\",\"target\":[\"https:\/\/mhcalculos.com.br\/noticias\/cidadania\/conheca-4-cases-de-impacto-social-em-sao-paulo.html#respond\"]}]},{\"@type\":\"WebPage\",\"@id\":\"https:\/\/mhcalculos.com.br\/noticias\/cidadania\/conheca-4-cases-de-impacto-social-em-sao-paulo.html\",\"url\":\"https:\/\/mhcalculos.com.br\/noticias\/cidadania\/conheca-4-cases-de-impacto-social-em-sao-paulo.html\",\"name\":\"Conhe\u00e7a 4 cases de impacto social em S\u00e3o Paulo | Portal de Not\u00edcias\",\"isPartOf\":{\"@id\":\"https:\/\/mhcalculos.com.br\/noticias\/#website\"},\"primaryImageOfPage\":{\"@id\":\"https:\/\/mhcalculos.com.br\/noticias\/cidadania\/conheca-4-cases-de-impacto-social-em-sao-paulo.html#primaryimage\"},\"image\":{\"@id\":\"https:\/\/mhcalculos.com.br\/noticias\/cidadania\/conheca-4-cases-de-impacto-social-em-sao-paulo.html#primaryimage\"},\"thumbnailUrl\":\"https:\/\/mhcalculos.com.br\/noticias\/wp-content\/uploads\/sites\/2\/2018\/05\/26953998399_5005f00f4a_k.jpg\",\"datePublished\":\"2018-05-21T07:42:34+00:00\",\"dateModified\":\"2021-07-28T17:34:56+00:00\",\"author\":{\"@id\":\"https:\/\/mhcalculos.com.br\/noticias\/#\/schema\/person\/88d1c34bf72dc779ea14a5a6b8e0ae8d\"},\"breadcrumb\":{\"@id\":\"https:\/\/mhcalculos.com.br\/noticias\/cidadania\/conheca-4-cases-de-impacto-social-em-sao-paulo.html#breadcrumb\"},\"inLanguage\":\"pt-BR\",\"potentialAction\":[{\"@type\":\"ReadAction\",\"target\":[\"https:\/\/mhcalculos.com.br\/noticias\/cidadania\/conheca-4-cases-de-impacto-social-em-sao-paulo.html\"]}]},{\"@type\":\"ImageObject\",\"inLanguage\":\"pt-BR\",\"@id\":\"https:\/\/mhcalculos.com.br\/noticias\/cidadania\/conheca-4-cases-de-impacto-social-em-sao-paulo.html#primaryimage\",\"url\":\"https:\/\/mhcalculos.com.br\/noticias\/wp-content\/uploads\/sites\/2\/2018\/05\/26953998399_5005f00f4a_k.jpg\",\"contentUrl\":\"https:\/\/mhcalculos.com.br\/noticias\/wp-content\/uploads\/sites\/2\/2018\/05\/26953998399_5005f00f4a_k.jpg\",\"width\":2048,\"height\":1365},{\"@type\":\"BreadcrumbList\",\"@id\":\"https:\/\/mhcalculos.com.br\/noticias\/cidadania\/conheca-4-cases-de-impacto-social-em-sao-paulo.html#breadcrumb\",\"itemListElement\":[{\"@type\":\"ListItem\",\"position\":1,\"name\":\"In\u00edcio\",\"item\":\"https:\/\/mhcalculos.com.br\/noticias\/\"},{\"@type\":\"ListItem\",\"position\":2,\"name\":\"Conhe\u00e7a 4 cases de impacto social em S\u00e3o Paulo\"}]},{\"@type\":\"WebSite\",\"@id\":\"https:\/\/mhcalculos.com.br\/noticias\/#website\",\"url\":\"https:\/\/mhcalculos.com.br\/noticias\/\",\"name\":\"Portal de Not\u00edcias\",\"description\":\"Not\u00edcias e Jurisprud\u00eancia\",\"potentialAction\":[{\"@type\":\"SearchAction\",\"target\":{\"@type\":\"EntryPoint\",\"urlTemplate\":\"https:\/\/mhcalculos.com.br\/noticias\/?s={search_term_string}\"},\"query-input\":{\"@type\":\"PropertyValueSpecification\",\"valueRequired\":true,\"valueName\":\"search_term_string\"}}],\"inLanguage\":\"pt-BR\"},{\"@type\":\"Person\",\"@id\":\"https:\/\/mhcalculos.com.br\/noticias\/#\/schema\/person\/88d1c34bf72dc779ea14a5a6b8e0ae8d\",\"name\":\"Equipe MH\",\"image\":{\"@type\":\"ImageObject\",\"inLanguage\":\"pt-BR\",\"@id\":\"https:\/\/secure.gravatar.com\/avatar\/de1c686c2ecc9c5a3f327e3431d819eb39f8f05d4e1045f5a1caad6daaba987f?s=96&d=mm&r=g\",\"url\":\"https:\/\/secure.gravatar.com\/avatar\/de1c686c2ecc9c5a3f327e3431d819eb39f8f05d4e1045f5a1caad6daaba987f?s=96&d=mm&r=g\",\"contentUrl\":\"https:\/\/secure.gravatar.com\/avatar\/de1c686c2ecc9c5a3f327e3431d819eb39f8f05d4e1045f5a1caad6daaba987f?s=96&d=mm&r=g\",\"caption\":\"Equipe MH\"}}]}<\/script>\n<!-- \/ Yoast SEO plugin. -->","yoast_head_json":{"title":"Conhe\u00e7a 4 cases de impacto social em S\u00e3o Paulo | Portal de Not\u00edcias","robots":{"index":"index","follow":"follow","max-snippet":"max-snippet:-1","max-image-preview":"max-image-preview:large","max-video-preview":"max-video-preview:-1"},"canonical":"https:\/\/mhcalculos.com.br\/noticias\/cidadania\/conheca-4-cases-de-impacto-social-em-sao-paulo.html","og_locale":"pt_BR","og_type":"article","og_title":"Conhe\u00e7a 4 cases de impacto social em S\u00e3o Paulo | Portal de Not\u00edcias","og_description":"Com a expans\u00e3o, a ASID iniciou os projetos em S\u00e3o Paulo com a proposta da GS1 Brasil &#8211; Associa\u00e7\u00e3o Brasileira de Automa\u00e7\u00e3o, a qual entrou em contato buscando uma organiza\u00e7\u00e3o parceira que desenvolvesse a gest\u00e3o da Nova Projeto, uma institui\u00e7\u00e3o que recebe seu apoio. Mentoria GS1 Brasil e Nova Projeto A Nova Projeto trabalha com [&hellip;]","og_url":"https:\/\/mhcalculos.com.br\/noticias\/cidadania\/conheca-4-cases-de-impacto-social-em-sao-paulo.html","og_site_name":"Portal de Not\u00edcias","article_published_time":"2018-05-21T07:42:34+00:00","article_modified_time":"2021-07-28T17:34:56+00:00","og_image":[{"width":2048,"height":1365,"url":"https:\/\/mhcalculos.com.br\/noticias\/wp-content\/uploads\/sites\/2\/2018\/05\/26953998399_5005f00f4a_k.jpg","type":"image\/jpeg"}],"author":"Equipe MH","twitter_card":"summary_large_image","twitter_misc":{"Escrito por":"Equipe MH","Est. tempo de leitura":"3 minutos"},"schema":{"@context":"https:\/\/schema.org","@graph":[{"@type":"Article","@id":"https:\/\/mhcalculos.com.br\/noticias\/cidadania\/conheca-4-cases-de-impacto-social-em-sao-paulo.html#article","isPartOf":{"@id":"https:\/\/mhcalculos.com.br\/noticias\/cidadania\/conheca-4-cases-de-impacto-social-em-sao-paulo.html"},"author":{"name":"Equipe MH","@id":"https:\/\/mhcalculos.com.br\/noticias\/#\/schema\/person\/88d1c34bf72dc779ea14a5a6b8e0ae8d"},"headline":"Conhe\u00e7a 4 cases de impacto social em S\u00e3o Paulo","datePublished":"2018-05-21T07:42:34+00:00","dateModified":"2021-07-28T17:34:56+00:00","mainEntityOfPage":{"@id":"https:\/\/mhcalculos.com.br\/noticias\/cidadania\/conheca-4-cases-de-impacto-social-em-sao-paulo.html"},"wordCount":650,"commentCount":0,"image":{"@id":"https:\/\/mhcalculos.com.br\/noticias\/cidadania\/conheca-4-cases-de-impacto-social-em-sao-paulo.html#primaryimage"},"thumbnailUrl":"https:\/\/mhcalculos.com.br\/noticias\/wp-content\/uploads\/sites\/2\/2018\/05\/26953998399_5005f00f4a_k.jpg","keywords":["asid","cidadania","desenvolvimento institucional","diversidade","impacto social","inclus\u00e3o","voluntariado","volunt\u00e1rio"],"articleSection":["Cidadania"],"inLanguage":"pt-BR","potentialAction":[{"@type":"CommentAction","name":"Comment","target":["https:\/\/mhcalculos.com.br\/noticias\/cidadania\/conheca-4-cases-de-impacto-social-em-sao-paulo.html#respond"]}]},{"@type":"WebPage","@id":"https:\/\/mhcalculos.com.br\/noticias\/cidadania\/conheca-4-cases-de-impacto-social-em-sao-paulo.html","url":"https:\/\/mhcalculos.com.br\/noticias\/cidadania\/conheca-4-cases-de-impacto-social-em-sao-paulo.html","name":"Conhe\u00e7a 4 cases de impacto social em S\u00e3o Paulo | Portal de Not\u00edcias","isPartOf":{"@id":"https:\/\/mhcalculos.com.br\/noticias\/#website"},"primaryImageOfPage":{"@id":"https:\/\/mhcalculos.com.br\/noticias\/cidadania\/conheca-4-cases-de-impacto-social-em-sao-paulo.html#primaryimage"},"image":{"@id":"https:\/\/mhcalculos.com.br\/noticias\/cidadania\/conheca-4-cases-de-impacto-social-em-sao-paulo.html#primaryimage"},"thumbnailUrl":"https:\/\/mhcalculos.com.br\/noticias\/wp-content\/uploads\/sites\/2\/2018\/05\/26953998399_5005f00f4a_k.jpg","datePublished":"2018-05-21T07:42:34+00:00","dateModified":"2021-07-28T17:34:56+00:00","author":{"@id":"https:\/\/mhcalculos.com.br\/noticias\/#\/schema\/person\/88d1c34bf72dc779ea14a5a6b8e0ae8d"},"breadcrumb":{"@id":"https:\/\/mhcalculos.com.br\/noticias\/cidadania\/conheca-4-cases-de-impacto-social-em-sao-paulo.html#breadcrumb"},"inLanguage":"pt-BR","potentialAction":[{"@type":"ReadAction","target":["https:\/\/mhcalculos.com.br\/noticias\/cidadania\/conheca-4-cases-de-impacto-social-em-sao-paulo.html"]}]},{"@type":"ImageObject","inLanguage":"pt-BR","@id":"https:\/\/mhcalculos.com.br\/noticias\/cidadania\/conheca-4-cases-de-impacto-social-em-sao-paulo.html#primaryimage","url":"https:\/\/mhcalculos.com.br\/noticias\/wp-content\/uploads\/sites\/2\/2018\/05\/26953998399_5005f00f4a_k.jpg","contentUrl":"https:\/\/mhcalculos.com.br\/noticias\/wp-content\/uploads\/sites\/2\/2018\/05\/26953998399_5005f00f4a_k.jpg","width":2048,"height":1365},{"@type":"BreadcrumbList","@id":"https:\/\/mhcalculos.com.br\/noticias\/cidadania\/conheca-4-cases-de-impacto-social-em-sao-paulo.html#breadcrumb","itemListElement":[{"@type":"ListItem","position":1,"name":"In\u00edcio","item":"https:\/\/mhcalculos.com.br\/noticias\/"},{"@type":"ListItem","position":2,"name":"Conhe\u00e7a 4 cases de impacto social em S\u00e3o Paulo"}]},{"@type":"WebSite","@id":"https:\/\/mhcalculos.com.br\/noticias\/#website","url":"https:\/\/mhcalculos.com.br\/noticias\/","name":"Portal de Not\u00edcias","description":"Not\u00edcias e Jurisprud\u00eancia","potentialAction":[{"@type":"SearchAction","target":{"@type":"EntryPoint","urlTemplate":"https:\/\/mhcalculos.com.br\/noticias\/?s={search_term_string}"},"query-input":{"@type":"PropertyValueSpecification","valueRequired":true,"valueName":"search_term_string"}}],"inLanguage":"pt-BR"},{"@type":"Person","@id":"https:\/\/mhcalculos.com.br\/noticias\/#\/schema\/person\/88d1c34bf72dc779ea14a5a6b8e0ae8d","name":"Equipe MH","image":{"@type":"ImageObject","inLanguage":"pt-BR","@id":"https:\/\/secure.gravatar.com\/avatar\/de1c686c2ecc9c5a3f327e3431d819eb39f8f05d4e1045f5a1caad6daaba987f?s=96&d=mm&r=g","url":"https:\/\/secure.gravatar.com\/avatar\/de1c686c2ecc9c5a3f327e3431d819eb39f8f05d4e1045f5a1caad6daaba987f?s=96&d=mm&r=g","contentUrl":"https:\/\/secure.gravatar.com\/avatar\/de1c686c2ecc9c5a3f327e3431d819eb39f8f05d4e1045f5a1caad6daaba987f?s=96&d=mm&r=g","caption":"Equipe MH"}}]}},"_links":{"self":[{"href":"https:\/\/mhcalculos.com.br\/noticias\/wp-json\/wp\/v2\/posts\/1522","targetHints":{"allow":["GET"]}}],"collection":[{"href":"https:\/\/mhcalculos.com.br\/noticias\/wp-json\/wp\/v2\/posts"}],"about":[{"href":"https:\/\/mhcalculos.com.br\/noticias\/wp-json\/wp\/v2\/types\/post"}],"author":[{"embeddable":true,"href":"https:\/\/mhcalculos.com.br\/noticias\/wp-json\/wp\/v2\/users\/3063"}],"replies":[{"embeddable":true,"href":"https:\/\/mhcalculos.com.br\/noticias\/wp-json\/wp\/v2\/comments?post=1522"}],"version-history":[{"count":1,"href":"https:\/\/mhcalculos.com.br\/noticias\/wp-json\/wp\/v2\/posts\/1522\/revisions"}],"predecessor-version":[{"id":10460,"href":"https:\/\/mhcalculos.com.br\/noticias\/wp-json\/wp\/v2\/posts\/1522\/revisions\/10460"}],"wp:featuredmedia":[{"embeddable":true,"href":"https:\/\/mhcalculos.com.br\/noticias\/wp-json\/wp\/v2\/media\/1523"}],"wp:attachment":[{"href":"https:\/\/mhcalculos.com.br\/noticias\/wp-json\/wp\/v2\/media?parent=1522"}],"wp:term":[{"taxonomy":"category","embeddable":true,"href":"https:\/\/mhcalculos.com.br\/noticias\/wp-json\/wp\/v2\/categories?post=1522"},{"taxonomy":"post_tag","embeddable":true,"href":"https:\/\/mhcalculos.com.br\/noticias\/wp-json\/wp\/v2\/tags?post=1522"}],"curies":[{"name":"wp","href":"https:\/\/api.w.org\/{rel}","templated":true}]}}