{"id":1460,"date":"2018-05-14T14:54:10","date_gmt":"2018-05-14T14:54:10","guid":{"rendered":"http:\/\/mhcalculos.ddns.net\/noticias\/2018\/05\/18\/asid-brasil-e-unimed-parana-juntos-pelas-pessoas-com-deficiencia\/"},"modified":"2021-07-28T14:34:59","modified_gmt":"2021-07-28T17:34:59","slug":"asid-brasil-e-unimed-parana-juntos-pelas-pessoas-com-deficiencia","status":"publish","type":"post","link":"https:\/\/mhcalculos.com.br\/noticias\/cidadania\/asid-brasil-e-unimed-parana-juntos-pelas-pessoas-com-deficiencia.html","title":{"rendered":"ASID Brasil e Unimed Paran\u00e1 juntos pelas pessoas com defici\u00eancia"},"content":{"rendered":"<p> <br \/>\n<\/p>\n<p><span style=\"font-weight: 400\">Acreditamos no poder de transforma\u00e7\u00e3o do voluntariado e a <strong><a href=\"http:\/\/asidbrasil.org.br\/\">ASID Brasil<\/a><\/strong> juntamente com a <a href=\"http:\/\/bit.ly\/edital-unimedpr\"><strong>Unimed Paran\u00e1<\/strong><\/a> tem uma oportunidade para institui\u00e7\u00f5es da Rede em Curitiba e Regi\u00e3o Metropolitana. A Unimed Paran\u00e1 por meio do seu Programa de integra\u00e7\u00e3o disponibilizar\u00e1 horas de voluntariado para seus colaboradores atuarem em a\u00e7\u00f5es sociais e queremos realizar atividades relacionadas a necessidades da sua institui\u00e7\u00e3o.<\/span><\/p>\n<p><b>Objetivo do Projeto<\/b><\/p>\n<ul>\n<li style=\"font-weight: 400\"><span style=\"font-weight: 400\">Gerar uma transforma\u00e7\u00e3o r\u00e1pida em que os volunt\u00e1rios apoiem no desenvolvimento da organiza\u00e7\u00e3o, da fam\u00edlia\u00a0e\/ou dos alunos.<\/span><\/li>\n<li style=\"font-weight: 400\"><span style=\"font-weight: 400\">Realizar uma mobiliza\u00e7\u00e3o volunt\u00e1ria da Unimed em prol das institui\u00e7\u00f5es da Rede ASID.<\/span><\/li>\n<\/ul>\n<p><b>Informa\u00e7\u00f5es e Regras do Edital<\/b><\/p>\n<ol>\n<li style=\"font-weight: 400\"><span style=\"font-weight: 400\">O per\u00edodo das a\u00e7\u00f5es volunt\u00e1rias ser\u00e1 dos dias 21 a 25 de maio. <\/span><\/li>\n<li style=\"font-weight: 400\"><span style=\"font-weight: 400\">Cada frente de trabalho pode mobilizar at\u00e9 no m\u00e1ximo 20 volunt\u00e1rios <\/span><\/li>\n<li style=\"font-weight: 400\"><span style=\"font-weight: 400\">O hor\u00e1rio das atividades deve ser entre as 8:00 e 17:00 e a dura\u00e7\u00e3o da atividade n\u00e3o deve ultrapassar 3 horas.<\/span><\/li>\n<li style=\"font-weight: 400\"><span style=\"font-weight: 400\">Listamos abaixo uma lista de poss\u00edveis atividades que poderiam ser realizadas:<\/span>\n<ul>\n<li style=\"font-weight: 400\"><span style=\"font-weight: 400\">Organiza\u00e7\u00e3o de bazar<\/span><\/li>\n<li style=\"font-weight: 400\"><span style=\"font-weight: 400\">Manuten\u00e7\u00e3o de horta<\/span><\/li>\n<li style=\"font-weight: 400\"><span style=\"font-weight: 400\">Recrea\u00e7\u00e3o com os alunos<\/span><\/li>\n<li style=\"font-weight: 400\"><span style=\"font-weight: 400\">Jogos esportivos com os alunos<\/span><\/li>\n<li style=\"font-weight: 400\"><span style=\"font-weight: 400\">Roda de viol\u00e3o\/m\u00fasica para os alunos<\/span><\/li>\n<li style=\"font-weight: 400\"><span style=\"font-weight: 400\">Workshop de higiene pessoal para alunos e\/ou fam\u00edlias<\/span><\/li>\n<li style=\"font-weight: 400\"><span style=\"font-weight: 400\">Workshop de cuidados com a sa\u00fade<\/span><\/li>\n<\/ul>\n<\/li>\n<li style=\"font-weight: 400\"><span style=\"font-weight: 400\">As atividades do item 5 s\u00e3o dicas e sugest\u00f5es, por\u00e9m \u00e9 aberto para outras frentes de trabalho contanto que estejam de acordo com as regras dos itens 1 a 5.<\/span>\n<ul>\n<li style=\"font-weight: 400\"><strong>N\u00e3o ser\u00e3o aceitas frentes de trabalho relacionadas ao Programa Nota Paran\u00e1.<\/strong><\/li>\n<\/ul>\n<\/li>\n<li style=\"font-weight: 400\"><span style=\"font-weight: 400\">A institui\u00e7\u00e3o poder\u00e1 inscrever mais de uma frente de trabalho e para mais de um dia. Mas cada atividade deve estar de acordo com as regras dos itens 1 a 5.<\/span><\/li>\n<li style=\"font-weight: 400\"><span style=\"font-weight: 400\">A institui\u00e7\u00e3o ser\u00e1 respons\u00e1vel por organizar a atividade e orientar os volunt\u00e1rios durante a a\u00e7\u00e3o. A ASID Brasil passar\u00e1 para a institui\u00e7\u00e3o algumas orienta\u00e7\u00f5es gerais semanas antes da a\u00e7\u00e3o.<\/span><\/li>\n<li style=\"font-weight: 400\"><span style=\"font-weight: 400\">A institui\u00e7\u00e3o deve detalhar as a\u00e7\u00f5es de acordo com as seguintes informa\u00e7\u00f5es<\/span>\n<ul>\n<li style=\"font-weight: 400\"><span style=\"font-weight: 400\">Nome da frente de trabalho<\/span><\/li>\n<li style=\"font-weight: 400\"><span style=\"font-weight: 400\">Descri\u00e7\u00e3o da atividade<\/span><\/li>\n<li style=\"font-weight: 400\"><span style=\"font-weight: 400\">Dia(s) de realiza\u00e7\u00e3o das atividades?<\/span><\/li>\n<li style=\"font-weight: 400\"><span style=\"font-weight: 400\">Que horas iniciaria a(s) a\u00e7\u00e3o(\u00f5es)?<\/span><\/li>\n<li style=\"font-weight: 400\"><span style=\"font-weight: 400\">Qual a dura\u00e7\u00e3o, em horas<\/span><\/li>\n<li style=\"font-weight: 400\"><span style=\"font-weight: 400\">N\u00famero de volunt\u00e1rios que podem ser envolvidos<\/span><\/li>\n<li style=\"font-weight: 400\"><span style=\"font-weight: 400\">Quem ser\u00e1 impactado diretamente, na institui\u00e7\u00e3o, nos profissionais, alunos e familiares<\/span><\/li>\n<li style=\"font-weight: 400\"><span style=\"font-weight: 400\">O volunt\u00e1rio precisa de alguma forma\u00e7\u00e3o ou habilidade espec\u00edfica para executar a atividade? Se sim qual?<\/span><\/li>\n<li style=\"font-weight: 400\"><span style=\"font-weight: 400\">Recursos\/ insumos necess\u00e1rios para a realiza\u00e7\u00e3o da atividade<\/span><\/li>\n<li style=\"font-weight: 400\"><span style=\"font-weight: 400\">A institui\u00e7\u00e3o disp\u00f5es desses recursos e insumos?<\/span><\/li>\n<\/ul>\n<\/li>\n<li style=\"font-weight: 400\"><span style=\"font-weight: 400\">Ao se candidatar para esse edital a ASID, juntamente com a <strong>Unimed PR<\/strong> avaliar\u00e3o as atividades e validar\u00e3o a viabilidade das frentes apresentada pela institui\u00e7\u00e3o. A devolutiva das institui\u00e7\u00f5es participantes e atividades realizadas ser\u00e1 feita no dia 11\/05 por e-mail.<\/span><\/li>\n<\/ol>\n<p><b>Para participar desse projeto<a href=\"https:\/\/asidbrasil.org.br\/wp-content\/uploads\/2018\/03\/botao.jpg\"><br \/>\n<\/a><\/b><\/p>\n<ol>\n<li style=\"font-weight: 400\"><span style=\"font-weight: 400\">A institui\u00e7\u00e3o interessada deve se inscrever no formul\u00e1rio pelo link (<a href=\"http:\/\/bit.ly\/edital-unimedpr\">http:\/\/bit.ly\/edital-unimedpr<\/a>) colocando dados institucionais e as frentes de a\u00e7\u00e3o volunt\u00e1ria que a institui\u00e7\u00e3o est\u00e1 interessada em trabalhar.<\/span><\/li>\n<li style=\"font-weight: 400\"><span style=\"font-weight: 400\">O prazo de inscri\u00e7\u00e3o \u00e9 at\u00e9 o <strong>dia 7\/05 at\u00e9 as 23h59<\/strong>.<\/span><\/li>\n<li style=\"font-weight: 400\"><span style=\"font-weight: 400\">O resultado do edital ser\u00e1 divulgado at\u00e9 o dia<strong> 11\/05<\/strong> por e-mail.<\/span><\/li>\n<li style=\"font-weight: 400\"><strong>Somente institui\u00e7\u00f5es da Rede ASID de Curitiba e RMC podem se candidatar.<\/strong><\/li>\n<\/ol>\n<p><a href=\"http:\/\/bit.ly\/edital-unimedpr\"><\/a><\/p>\n<p>O post <a rel=\"nofollow\" href=\"https:\/\/asidbrasil.org.br\/asid-brasil-e-unimed-parana-juntos-pelas-pessoas-com-deficiencia\/\">ASID Brasil e Unimed Paran\u00e1 juntos pelas pessoas com defici\u00eancia<\/a> apareceu primeiro em <a rel=\"nofollow\" href=\"https:\/\/asidbrasil.org.br\">ASID Brasil<\/a>.<\/p>\n<p><i>Visite o site <a href=\"https:\/\/asidbrasil.org.br\/\">asidbrasil.org.br<\/a> e conhe\u00e7a mais sobre a ASID Brasil.<\/i><br \/>\n<br \/><a href=\"https:\/\/asidbrasil.org.br\/asid-brasil-e-unimed-parana-juntos-pelas-pessoas-com-deficiencia\/\">Fonte<\/a><br \/>\n<br \/><\/p>\n","protected":false},"excerpt":{"rendered":"<p>Acreditamos no poder de transforma\u00e7\u00e3o do voluntariado e a ASID Brasil juntamente com a Unimed Paran\u00e1 tem uma oportunidade para institui\u00e7\u00f5es da Rede em Curitiba e Regi\u00e3o Metropolitana. A Unimed Paran\u00e1 por meio do seu Programa de integra\u00e7\u00e3o disponibilizar\u00e1 horas de voluntariado para seus colaboradores atuarem em a\u00e7\u00f5es sociais e queremos realizar atividades relacionadas a [&hellip;]<\/p>\n","protected":false},"author":3063,"featured_media":970,"comment_status":"open","ping_status":"open","sticky":false,"template":"","format":"standard","meta":{"footnotes":""},"categories":[113],"tags":[158,157,163,162,164,161,160,159],"class_list":{"0":"post-1460","1":"post","2":"type-post","3":"status-publish","4":"format-standard","5":"has-post-thumbnail","7":"category-cidadania","8":"tag-asid","9":"tag-cidadania","10":"tag-desenvolvimento-institucional","11":"tag-diversidade","12":"tag-impacto-social","13":"tag-inclusao","14":"tag-voluntariado","15":"tag-voluntario"},"yoast_head":"<!-- This site is optimized with the Yoast SEO plugin v27.2 - https:\/\/yoast.com\/product\/yoast-seo-wordpress\/ -->\n<title>ASID Brasil e Unimed Paran\u00e1 juntos pelas pessoas com defici\u00eancia | Portal de Not\u00edcias<\/title>\n<meta name=\"robots\" content=\"index, follow, max-snippet:-1, max-image-preview:large, max-video-preview:-1\" \/>\n<link rel=\"canonical\" href=\"https:\/\/mhcalculos.com.br\/noticias\/cidadania\/asid-brasil-e-unimed-parana-juntos-pelas-pessoas-com-deficiencia.html\" \/>\n<meta property=\"og:locale\" content=\"pt_BR\" \/>\n<meta property=\"og:type\" content=\"article\" \/>\n<meta property=\"og:title\" content=\"ASID Brasil e Unimed Paran\u00e1 juntos pelas pessoas com defici\u00eancia | Portal de Not\u00edcias\" \/>\n<meta property=\"og:description\" content=\"Acreditamos no poder de transforma\u00e7\u00e3o do voluntariado e a ASID Brasil juntamente com a Unimed Paran\u00e1 tem uma oportunidade para institui\u00e7\u00f5es da Rede em Curitiba e Regi\u00e3o Metropolitana. A Unimed Paran\u00e1 por meio do seu Programa de integra\u00e7\u00e3o disponibilizar\u00e1 horas de voluntariado para seus colaboradores atuarem em a\u00e7\u00f5es sociais e queremos realizar atividades relacionadas a [&hellip;]\" \/>\n<meta property=\"og:url\" content=\"https:\/\/mhcalculos.com.br\/noticias\/cidadania\/asid-brasil-e-unimed-parana-juntos-pelas-pessoas-com-deficiencia.html\" \/>\n<meta property=\"og:site_name\" content=\"Portal de Not\u00edcias\" \/>\n<meta property=\"article:published_time\" content=\"2018-05-14T14:54:10+00:00\" \/>\n<meta property=\"article:modified_time\" content=\"2021-07-28T17:34:59+00:00\" \/>\n<meta property=\"og:image\" content=\"https:\/\/mhcalculos.com.br\/noticias\/wp-content\/uploads\/sites\/2\/2018\/05\/UNIMED-Blog1-1024x576.png\" \/>\n\t<meta property=\"og:image:width\" content=\"1024\" \/>\n\t<meta property=\"og:image:height\" content=\"576\" \/>\n\t<meta property=\"og:image:type\" content=\"image\/png\" \/>\n<meta name=\"author\" content=\"Equipe MH\" \/>\n<meta name=\"twitter:card\" content=\"summary_large_image\" \/>\n<meta name=\"twitter:label1\" content=\"Escrito por\" \/>\n\t<meta name=\"twitter:data1\" content=\"Equipe MH\" \/>\n\t<meta name=\"twitter:label2\" content=\"Est. tempo de leitura\" \/>\n\t<meta name=\"twitter:data2\" content=\"3 minutos\" \/>\n<script type=\"application\/ld+json\" class=\"yoast-schema-graph\">{\"@context\":\"https:\/\/schema.org\",\"@graph\":[{\"@type\":\"Article\",\"@id\":\"https:\/\/mhcalculos.com.br\/noticias\/cidadania\/asid-brasil-e-unimed-parana-juntos-pelas-pessoas-com-deficiencia.html#article\",\"isPartOf\":{\"@id\":\"https:\/\/mhcalculos.com.br\/noticias\/cidadania\/asid-brasil-e-unimed-parana-juntos-pelas-pessoas-com-deficiencia.html\"},\"author\":{\"name\":\"Equipe MH\",\"@id\":\"https:\/\/mhcalculos.com.br\/noticias\/#\/schema\/person\/88d1c34bf72dc779ea14a5a6b8e0ae8d\"},\"headline\":\"ASID Brasil e Unimed Paran\u00e1 juntos pelas pessoas com defici\u00eancia\",\"datePublished\":\"2018-05-14T14:54:10+00:00\",\"dateModified\":\"2021-07-28T17:34:59+00:00\",\"mainEntityOfPage\":{\"@id\":\"https:\/\/mhcalculos.com.br\/noticias\/cidadania\/asid-brasil-e-unimed-parana-juntos-pelas-pessoas-com-deficiencia.html\"},\"wordCount\":592,\"commentCount\":0,\"image\":{\"@id\":\"https:\/\/mhcalculos.com.br\/noticias\/cidadania\/asid-brasil-e-unimed-parana-juntos-pelas-pessoas-com-deficiencia.html#primaryimage\"},\"thumbnailUrl\":\"https:\/\/mhcalculos.com.br\/noticias\/wp-content\/uploads\/sites\/2\/2018\/05\/UNIMED-Blog1.png\",\"keywords\":[\"asid\",\"cidadania\",\"desenvolvimento institucional\",\"diversidade\",\"impacto social\",\"inclus\u00e3o\",\"voluntariado\",\"volunt\u00e1rio\"],\"articleSection\":[\"Cidadania\"],\"inLanguage\":\"pt-BR\",\"potentialAction\":[{\"@type\":\"CommentAction\",\"name\":\"Comment\",\"target\":[\"https:\/\/mhcalculos.com.br\/noticias\/cidadania\/asid-brasil-e-unimed-parana-juntos-pelas-pessoas-com-deficiencia.html#respond\"]}]},{\"@type\":\"WebPage\",\"@id\":\"https:\/\/mhcalculos.com.br\/noticias\/cidadania\/asid-brasil-e-unimed-parana-juntos-pelas-pessoas-com-deficiencia.html\",\"url\":\"https:\/\/mhcalculos.com.br\/noticias\/cidadania\/asid-brasil-e-unimed-parana-juntos-pelas-pessoas-com-deficiencia.html\",\"name\":\"ASID Brasil e Unimed Paran\u00e1 juntos pelas pessoas com defici\u00eancia | Portal de Not\u00edcias\",\"isPartOf\":{\"@id\":\"https:\/\/mhcalculos.com.br\/noticias\/#website\"},\"primaryImageOfPage\":{\"@id\":\"https:\/\/mhcalculos.com.br\/noticias\/cidadania\/asid-brasil-e-unimed-parana-juntos-pelas-pessoas-com-deficiencia.html#primaryimage\"},\"image\":{\"@id\":\"https:\/\/mhcalculos.com.br\/noticias\/cidadania\/asid-brasil-e-unimed-parana-juntos-pelas-pessoas-com-deficiencia.html#primaryimage\"},\"thumbnailUrl\":\"https:\/\/mhcalculos.com.br\/noticias\/wp-content\/uploads\/sites\/2\/2018\/05\/UNIMED-Blog1.png\",\"datePublished\":\"2018-05-14T14:54:10+00:00\",\"dateModified\":\"2021-07-28T17:34:59+00:00\",\"author\":{\"@id\":\"https:\/\/mhcalculos.com.br\/noticias\/#\/schema\/person\/88d1c34bf72dc779ea14a5a6b8e0ae8d\"},\"breadcrumb\":{\"@id\":\"https:\/\/mhcalculos.com.br\/noticias\/cidadania\/asid-brasil-e-unimed-parana-juntos-pelas-pessoas-com-deficiencia.html#breadcrumb\"},\"inLanguage\":\"pt-BR\",\"potentialAction\":[{\"@type\":\"ReadAction\",\"target\":[\"https:\/\/mhcalculos.com.br\/noticias\/cidadania\/asid-brasil-e-unimed-parana-juntos-pelas-pessoas-com-deficiencia.html\"]}]},{\"@type\":\"ImageObject\",\"inLanguage\":\"pt-BR\",\"@id\":\"https:\/\/mhcalculos.com.br\/noticias\/cidadania\/asid-brasil-e-unimed-parana-juntos-pelas-pessoas-com-deficiencia.html#primaryimage\",\"url\":\"https:\/\/mhcalculos.com.br\/noticias\/wp-content\/uploads\/sites\/2\/2018\/05\/UNIMED-Blog1.png\",\"contentUrl\":\"https:\/\/mhcalculos.com.br\/noticias\/wp-content\/uploads\/sites\/2\/2018\/05\/UNIMED-Blog1.png\",\"width\":1920,\"height\":1080},{\"@type\":\"BreadcrumbList\",\"@id\":\"https:\/\/mhcalculos.com.br\/noticias\/cidadania\/asid-brasil-e-unimed-parana-juntos-pelas-pessoas-com-deficiencia.html#breadcrumb\",\"itemListElement\":[{\"@type\":\"ListItem\",\"position\":1,\"name\":\"In\u00edcio\",\"item\":\"https:\/\/mhcalculos.com.br\/noticias\/\"},{\"@type\":\"ListItem\",\"position\":2,\"name\":\"ASID Brasil e Unimed Paran\u00e1 juntos pelas pessoas com defici\u00eancia\"}]},{\"@type\":\"WebSite\",\"@id\":\"https:\/\/mhcalculos.com.br\/noticias\/#website\",\"url\":\"https:\/\/mhcalculos.com.br\/noticias\/\",\"name\":\"Portal de Not\u00edcias\",\"description\":\"Not\u00edcias e Jurisprud\u00eancia\",\"potentialAction\":[{\"@type\":\"SearchAction\",\"target\":{\"@type\":\"EntryPoint\",\"urlTemplate\":\"https:\/\/mhcalculos.com.br\/noticias\/?s={search_term_string}\"},\"query-input\":{\"@type\":\"PropertyValueSpecification\",\"valueRequired\":true,\"valueName\":\"search_term_string\"}}],\"inLanguage\":\"pt-BR\"},{\"@type\":\"Person\",\"@id\":\"https:\/\/mhcalculos.com.br\/noticias\/#\/schema\/person\/88d1c34bf72dc779ea14a5a6b8e0ae8d\",\"name\":\"Equipe MH\",\"image\":{\"@type\":\"ImageObject\",\"inLanguage\":\"pt-BR\",\"@id\":\"https:\/\/secure.gravatar.com\/avatar\/de1c686c2ecc9c5a3f327e3431d819eb39f8f05d4e1045f5a1caad6daaba987f?s=96&d=mm&r=g\",\"url\":\"https:\/\/secure.gravatar.com\/avatar\/de1c686c2ecc9c5a3f327e3431d819eb39f8f05d4e1045f5a1caad6daaba987f?s=96&d=mm&r=g\",\"contentUrl\":\"https:\/\/secure.gravatar.com\/avatar\/de1c686c2ecc9c5a3f327e3431d819eb39f8f05d4e1045f5a1caad6daaba987f?s=96&d=mm&r=g\",\"caption\":\"Equipe MH\"}}]}<\/script>\n<!-- \/ Yoast SEO plugin. -->","yoast_head_json":{"title":"ASID Brasil e Unimed Paran\u00e1 juntos pelas pessoas com defici\u00eancia | Portal de Not\u00edcias","robots":{"index":"index","follow":"follow","max-snippet":"max-snippet:-1","max-image-preview":"max-image-preview:large","max-video-preview":"max-video-preview:-1"},"canonical":"https:\/\/mhcalculos.com.br\/noticias\/cidadania\/asid-brasil-e-unimed-parana-juntos-pelas-pessoas-com-deficiencia.html","og_locale":"pt_BR","og_type":"article","og_title":"ASID Brasil e Unimed Paran\u00e1 juntos pelas pessoas com defici\u00eancia | Portal de Not\u00edcias","og_description":"Acreditamos no poder de transforma\u00e7\u00e3o do voluntariado e a ASID Brasil juntamente com a Unimed Paran\u00e1 tem uma oportunidade para institui\u00e7\u00f5es da Rede em Curitiba e Regi\u00e3o Metropolitana. A Unimed Paran\u00e1 por meio do seu Programa de integra\u00e7\u00e3o disponibilizar\u00e1 horas de voluntariado para seus colaboradores atuarem em a\u00e7\u00f5es sociais e queremos realizar atividades relacionadas a [&hellip;]","og_url":"https:\/\/mhcalculos.com.br\/noticias\/cidadania\/asid-brasil-e-unimed-parana-juntos-pelas-pessoas-com-deficiencia.html","og_site_name":"Portal de Not\u00edcias","article_published_time":"2018-05-14T14:54:10+00:00","article_modified_time":"2021-07-28T17:34:59+00:00","og_image":[{"width":1024,"height":576,"url":"https:\/\/mhcalculos.com.br\/noticias\/wp-content\/uploads\/sites\/2\/2018\/05\/UNIMED-Blog1-1024x576.png","type":"image\/png"}],"author":"Equipe MH","twitter_card":"summary_large_image","twitter_misc":{"Escrito por":"Equipe MH","Est. tempo de leitura":"3 minutos"},"schema":{"@context":"https:\/\/schema.org","@graph":[{"@type":"Article","@id":"https:\/\/mhcalculos.com.br\/noticias\/cidadania\/asid-brasil-e-unimed-parana-juntos-pelas-pessoas-com-deficiencia.html#article","isPartOf":{"@id":"https:\/\/mhcalculos.com.br\/noticias\/cidadania\/asid-brasil-e-unimed-parana-juntos-pelas-pessoas-com-deficiencia.html"},"author":{"name":"Equipe MH","@id":"https:\/\/mhcalculos.com.br\/noticias\/#\/schema\/person\/88d1c34bf72dc779ea14a5a6b8e0ae8d"},"headline":"ASID Brasil e Unimed Paran\u00e1 juntos pelas pessoas com defici\u00eancia","datePublished":"2018-05-14T14:54:10+00:00","dateModified":"2021-07-28T17:34:59+00:00","mainEntityOfPage":{"@id":"https:\/\/mhcalculos.com.br\/noticias\/cidadania\/asid-brasil-e-unimed-parana-juntos-pelas-pessoas-com-deficiencia.html"},"wordCount":592,"commentCount":0,"image":{"@id":"https:\/\/mhcalculos.com.br\/noticias\/cidadania\/asid-brasil-e-unimed-parana-juntos-pelas-pessoas-com-deficiencia.html#primaryimage"},"thumbnailUrl":"https:\/\/mhcalculos.com.br\/noticias\/wp-content\/uploads\/sites\/2\/2018\/05\/UNIMED-Blog1.png","keywords":["asid","cidadania","desenvolvimento institucional","diversidade","impacto social","inclus\u00e3o","voluntariado","volunt\u00e1rio"],"articleSection":["Cidadania"],"inLanguage":"pt-BR","potentialAction":[{"@type":"CommentAction","name":"Comment","target":["https:\/\/mhcalculos.com.br\/noticias\/cidadania\/asid-brasil-e-unimed-parana-juntos-pelas-pessoas-com-deficiencia.html#respond"]}]},{"@type":"WebPage","@id":"https:\/\/mhcalculos.com.br\/noticias\/cidadania\/asid-brasil-e-unimed-parana-juntos-pelas-pessoas-com-deficiencia.html","url":"https:\/\/mhcalculos.com.br\/noticias\/cidadania\/asid-brasil-e-unimed-parana-juntos-pelas-pessoas-com-deficiencia.html","name":"ASID Brasil e Unimed Paran\u00e1 juntos pelas pessoas com defici\u00eancia | Portal de Not\u00edcias","isPartOf":{"@id":"https:\/\/mhcalculos.com.br\/noticias\/#website"},"primaryImageOfPage":{"@id":"https:\/\/mhcalculos.com.br\/noticias\/cidadania\/asid-brasil-e-unimed-parana-juntos-pelas-pessoas-com-deficiencia.html#primaryimage"},"image":{"@id":"https:\/\/mhcalculos.com.br\/noticias\/cidadania\/asid-brasil-e-unimed-parana-juntos-pelas-pessoas-com-deficiencia.html#primaryimage"},"thumbnailUrl":"https:\/\/mhcalculos.com.br\/noticias\/wp-content\/uploads\/sites\/2\/2018\/05\/UNIMED-Blog1.png","datePublished":"2018-05-14T14:54:10+00:00","dateModified":"2021-07-28T17:34:59+00:00","author":{"@id":"https:\/\/mhcalculos.com.br\/noticias\/#\/schema\/person\/88d1c34bf72dc779ea14a5a6b8e0ae8d"},"breadcrumb":{"@id":"https:\/\/mhcalculos.com.br\/noticias\/cidadania\/asid-brasil-e-unimed-parana-juntos-pelas-pessoas-com-deficiencia.html#breadcrumb"},"inLanguage":"pt-BR","potentialAction":[{"@type":"ReadAction","target":["https:\/\/mhcalculos.com.br\/noticias\/cidadania\/asid-brasil-e-unimed-parana-juntos-pelas-pessoas-com-deficiencia.html"]}]},{"@type":"ImageObject","inLanguage":"pt-BR","@id":"https:\/\/mhcalculos.com.br\/noticias\/cidadania\/asid-brasil-e-unimed-parana-juntos-pelas-pessoas-com-deficiencia.html#primaryimage","url":"https:\/\/mhcalculos.com.br\/noticias\/wp-content\/uploads\/sites\/2\/2018\/05\/UNIMED-Blog1.png","contentUrl":"https:\/\/mhcalculos.com.br\/noticias\/wp-content\/uploads\/sites\/2\/2018\/05\/UNIMED-Blog1.png","width":1920,"height":1080},{"@type":"BreadcrumbList","@id":"https:\/\/mhcalculos.com.br\/noticias\/cidadania\/asid-brasil-e-unimed-parana-juntos-pelas-pessoas-com-deficiencia.html#breadcrumb","itemListElement":[{"@type":"ListItem","position":1,"name":"In\u00edcio","item":"https:\/\/mhcalculos.com.br\/noticias\/"},{"@type":"ListItem","position":2,"name":"ASID Brasil e Unimed Paran\u00e1 juntos pelas pessoas com defici\u00eancia"}]},{"@type":"WebSite","@id":"https:\/\/mhcalculos.com.br\/noticias\/#website","url":"https:\/\/mhcalculos.com.br\/noticias\/","name":"Portal de Not\u00edcias","description":"Not\u00edcias e Jurisprud\u00eancia","potentialAction":[{"@type":"SearchAction","target":{"@type":"EntryPoint","urlTemplate":"https:\/\/mhcalculos.com.br\/noticias\/?s={search_term_string}"},"query-input":{"@type":"PropertyValueSpecification","valueRequired":true,"valueName":"search_term_string"}}],"inLanguage":"pt-BR"},{"@type":"Person","@id":"https:\/\/mhcalculos.com.br\/noticias\/#\/schema\/person\/88d1c34bf72dc779ea14a5a6b8e0ae8d","name":"Equipe MH","image":{"@type":"ImageObject","inLanguage":"pt-BR","@id":"https:\/\/secure.gravatar.com\/avatar\/de1c686c2ecc9c5a3f327e3431d819eb39f8f05d4e1045f5a1caad6daaba987f?s=96&d=mm&r=g","url":"https:\/\/secure.gravatar.com\/avatar\/de1c686c2ecc9c5a3f327e3431d819eb39f8f05d4e1045f5a1caad6daaba987f?s=96&d=mm&r=g","contentUrl":"https:\/\/secure.gravatar.com\/avatar\/de1c686c2ecc9c5a3f327e3431d819eb39f8f05d4e1045f5a1caad6daaba987f?s=96&d=mm&r=g","caption":"Equipe MH"}}]}},"_links":{"self":[{"href":"https:\/\/mhcalculos.com.br\/noticias\/wp-json\/wp\/v2\/posts\/1460","targetHints":{"allow":["GET"]}}],"collection":[{"href":"https:\/\/mhcalculos.com.br\/noticias\/wp-json\/wp\/v2\/posts"}],"about":[{"href":"https:\/\/mhcalculos.com.br\/noticias\/wp-json\/wp\/v2\/types\/post"}],"author":[{"embeddable":true,"href":"https:\/\/mhcalculos.com.br\/noticias\/wp-json\/wp\/v2\/users\/3063"}],"replies":[{"embeddable":true,"href":"https:\/\/mhcalculos.com.br\/noticias\/wp-json\/wp\/v2\/comments?post=1460"}],"version-history":[{"count":1,"href":"https:\/\/mhcalculos.com.br\/noticias\/wp-json\/wp\/v2\/posts\/1460\/revisions"}],"predecessor-version":[{"id":1470,"href":"https:\/\/mhcalculos.com.br\/noticias\/wp-json\/wp\/v2\/posts\/1460\/revisions\/1470"}],"wp:featuredmedia":[{"embeddable":true,"href":"https:\/\/mhcalculos.com.br\/noticias\/wp-json\/wp\/v2\/media\/970"}],"wp:attachment":[{"href":"https:\/\/mhcalculos.com.br\/noticias\/wp-json\/wp\/v2\/media?parent=1460"}],"wp:term":[{"taxonomy":"category","embeddable":true,"href":"https:\/\/mhcalculos.com.br\/noticias\/wp-json\/wp\/v2\/categories?post=1460"},{"taxonomy":"post_tag","embeddable":true,"href":"https:\/\/mhcalculos.com.br\/noticias\/wp-json\/wp\/v2\/tags?post=1460"}],"curies":[{"name":"wp","href":"https:\/\/api.w.org\/{rel}","templated":true}]}}