{"id":1457,"date":"2018-05-11T14:53:19","date_gmt":"2018-05-11T14:53:19","guid":{"rendered":"http:\/\/mhcalculos.ddns.net\/noticias\/2018\/05\/18\/dicas-para-trabalhar-a-inclusao-de-verdade\/"},"modified":"2021-07-28T14:35:01","modified_gmt":"2021-07-28T17:35:01","slug":"dicas-para-trabalhar-a-inclusao-de-verdade","status":"publish","type":"post","link":"https:\/\/mhcalculos.com.br\/noticias\/cidadania\/dicas-para-trabalhar-a-inclusao-de-verdade.html","title":{"rendered":"Dicas para trabalhar a inclus\u00e3o de verdade!"},"content":{"rendered":"<p> <br \/>\n<\/p>\n<p><span style=\"font-weight: 400\">Antes de iniciar o processo de <\/span><span style=\"font-weight: 400\">contrata\u00e7\u00e3o de pessoas com defici\u00eancia<\/span><span style=\"font-weight: 400\">, o ideal \u00e9 que voc\u00ea fa\u00e7a um diagn\u00f3stico interno para verificar <\/span><b>o quanto a sua empresa est\u00e1 pronta para receber novos colaboradores.<\/b><span style=\"font-weight: 400\"> Geralmente, esse diagn\u00f3stico fornece pistas importantes sobre os grupos que precisam ser sensibilizados e sobre as adapta\u00e7\u00f5es necess\u00e1rias no ambiente e nas pol\u00edticas organizacionais.<\/span><\/p>\n<p><span style=\"font-weight: 400\">Tente elaborar um roteiro de perguntas que guie o processo de diagn\u00f3stico. Algumas sugest\u00f5es s\u00e3o:<\/span><\/p>\n<ul>\n<li style=\"font-weight: 400\"><span style=\"font-weight: 400\">A minha equipe est\u00e1 preparada para trabalhar com uma pessoa com defici\u00eancia?<\/span><\/li>\n<li style=\"font-weight: 400\"><span style=\"font-weight: 400\">Quais tipos de defici\u00eancia se adequariam melhor \u00e0s atividades que desenvolvemos na nossa \u00e1rea?<\/span><\/li>\n<li style=\"font-weight: 400\"><span style=\"font-weight: 400\">Os colaboradores conhecem os diferentes tipos de defici\u00eancia?<\/span><\/li>\n<li style=\"font-weight: 400\">A empresa possui uma estrutura f\u00edsica adaptada e <a href=\"http:\/\/blog.handtalk.me\/empresas-tecnologia-assistiva\/?utm_source=Materiais&amp;utm_medium=Ebook_ASID\"><span style=\"font-weight: 400\">tecnologias assistivas adequadas<\/span><\/a><span style=\"font-weight: 400\"> para o desenvolvimento do trabalho das PCDs?<\/span><\/li>\n<\/ul>\n<p><span style=\"font-weight: 400\">Al\u00e9m disso, pensando especificamente no processo de Atra\u00e7\u00e3o e Sele\u00e7\u00e3o de talentos com defici\u00eancia, algumas perguntas adicionais s\u00e3o important\u00edssimas:<\/span><\/p>\n<ul>\n<li style=\"font-weight: 400\"><span style=\"font-weight: 400\">As atribui\u00e7\u00f5es da vaga est\u00e3o bem definidas?<\/span><\/li>\n<li style=\"font-weight: 400\"><span style=\"font-weight: 400\">Conhe\u00e7o os tipos de defici\u00eancia que se enquadram no perfil da vaga?<\/span><\/li>\n<li style=\"font-weight: 400\"><span style=\"font-weight: 400\">Quais institui\u00e7\u00f5es podem me ajudar a encontrar bons candidatos?<\/span><\/li>\n<li style=\"font-weight: 400\"><span style=\"font-weight: 400\">Onde devo divulgar a vaga e buscar curr\u00edculos de PcDs?<\/span><\/li>\n<li style=\"font-weight: 400\"><span style=\"font-weight: 400\">Existe um plano de reten\u00e7\u00e3o para esses colaboradores?<\/span><\/li>\n<\/ul>\n<p><span style=\"font-weight: 400\">\u00c9 sempre indicado procurar uma organiza\u00e7\u00e3o que possa te dar suporte no processo e criar uma estrat\u00e9gia para trabalhar em cima das respostas dessas perguntas. A ASID faz justamente isso, e pode ser um grande apoio na hora de organizar todo esse conte\u00fado!<\/span><\/p>\n<p><span style=\"font-weight: 400\">Se voc\u00ea olhou para todas as perguntas da primeira dica e pensou \u201cCaramba, \u00e9 muita coisa!\u201d, voc\u00ea n\u00e3o est\u00e1 totalmente errado! Infelizmente, o tema da acessibilidade n\u00e3o \u00e9 t\u00e3o discutido quanto deveria, de forma que <\/span><b>\u00e9 sempre necess\u00e1rio buscar novas informa\u00e7\u00f5es para aprender mais sobre o assunto.<\/b><\/p>\n<p><span style=\"font-weight: 400\">A boa not\u00edcia \u00e9 que existem \u00f3timas fontes de informa\u00e7\u00e3o! Tanto o <\/span><a href=\"http:\/\/blog.handtalk.me\/?utm_source=Materiais&amp;utm_medium=Ebook_ASID\"><span style=\"font-weight: 400\">Blog do Hugo<\/span><\/a><span style=\"font-weight: 400\"> quanto o <\/span><a href=\"http:\/\/asidbrasil.org.br\/blog\/\"><span style=\"font-weight: 400\">Blog da ASID<\/span><\/a><span style=\"font-weight: 400\"> est\u00e3o recheados de conte\u00fado e materiais educativos sobre outros aspectos da inclus\u00e3o. O <\/span><a href=\"http:\/\/www.acesseportal.com.br\/\"><span style=\"font-weight: 400\">Portal Acesse<\/span><\/a><span style=\"font-weight: 400\"> \u00e9 outra boa op\u00e7\u00e3o: l\u00e1 voc\u00ea encontra not\u00edcias e colunas sobre os mais variados temas ligados \u00e0 acessibilidade!<\/span><\/p>\n<p><span style=\"font-weight: 400\">Apesar disso, existe uma fonte que \u00e9 frequentemente esquecida e que supera todas as outras: <\/span><b>as pr\u00f3prias pessoas com defici\u00eancia!<\/b><span style=\"font-weight: 400\"> Quem melhor para explicar as dificuldades e conquistas do que quem as vive? <\/span><\/p>\n<p><span style=\"font-weight: 400\">N\u00e3o tenha medo de perguntar! Isso aproxima as pessoas e mostra que voc\u00ea realmente est\u00e1 interessado e procurando fazer a diferen\u00e7a <\/span><span style=\"font-weight: 400\"><\/span><\/p>\n<p>&#8212;<\/p>\n<p>Esse conte\u00fado foi co-criado com a <strong>Hand Talk<\/strong>, quer saber sobre eles? <a href=\"https:\/\/handtalk.me\/\">Acesse o site aqui.<\/a><\/p>\n<p>O post <a rel=\"nofollow\" href=\"https:\/\/asidbrasil.org.br\/dicas-para-trabalhar-a-inclusao-de-verdade\/\">Dicas para trabalhar a inclus\u00e3o de verdade!<\/a> apareceu primeiro em <a rel=\"nofollow\" href=\"https:\/\/asidbrasil.org.br\">ASID Brasil<\/a>.<\/p>\n<p><i>Visite o site <a href=\"https:\/\/asidbrasil.org.br\/\">asidbrasil.org.br<\/a> e conhe\u00e7a mais sobre a ASID Brasil.<\/i><br \/>\n<br \/><a href=\"https:\/\/asidbrasil.org.br\/dicas-para-trabalhar-a-inclusao-de-verdade\/\">Fonte<\/a><br \/>\n<br \/><\/p>\n","protected":false},"excerpt":{"rendered":"<p>Antes de iniciar o processo de contrata\u00e7\u00e3o de pessoas com defici\u00eancia, o ideal \u00e9 que voc\u00ea fa\u00e7a um diagn\u00f3stico interno para verificar o quanto a sua empresa est\u00e1 pronta para receber novos colaboradores. Geralmente, esse diagn\u00f3stico fornece pistas importantes sobre os grupos que precisam ser sensibilizados e sobre as adapta\u00e7\u00f5es necess\u00e1rias no ambiente e nas [&hellip;]<\/p>\n","protected":false},"author":3063,"featured_media":907,"comment_status":"open","ping_status":"open","sticky":false,"template":"","format":"standard","meta":{"footnotes":""},"categories":[113],"tags":[158,157,163,162,164,161,160,159],"class_list":{"0":"post-1457","1":"post","2":"type-post","3":"status-publish","4":"format-standard","5":"has-post-thumbnail","7":"category-cidadania","8":"tag-asid","9":"tag-cidadania","10":"tag-desenvolvimento-institucional","11":"tag-diversidade","12":"tag-impacto-social","13":"tag-inclusao","14":"tag-voluntariado","15":"tag-voluntario"},"yoast_head":"<!-- This site is optimized with the Yoast SEO plugin v27.2 - https:\/\/yoast.com\/product\/yoast-seo-wordpress\/ -->\n<title>Dicas para trabalhar a inclus\u00e3o de verdade! | Portal de Not\u00edcias<\/title>\n<meta name=\"robots\" content=\"index, follow, max-snippet:-1, max-image-preview:large, max-video-preview:-1\" \/>\n<link rel=\"canonical\" href=\"https:\/\/mhcalculos.com.br\/noticias\/cidadania\/dicas-para-trabalhar-a-inclusao-de-verdade.html\" \/>\n<meta property=\"og:locale\" content=\"pt_BR\" \/>\n<meta property=\"og:type\" content=\"article\" \/>\n<meta property=\"og:title\" content=\"Dicas para trabalhar a inclus\u00e3o de verdade! | Portal de Not\u00edcias\" \/>\n<meta property=\"og:description\" content=\"Antes de iniciar o processo de contrata\u00e7\u00e3o de pessoas com defici\u00eancia, o ideal \u00e9 que voc\u00ea fa\u00e7a um diagn\u00f3stico interno para verificar o quanto a sua empresa est\u00e1 pronta para receber novos colaboradores. Geralmente, esse diagn\u00f3stico fornece pistas importantes sobre os grupos que precisam ser sensibilizados e sobre as adapta\u00e7\u00f5es necess\u00e1rias no ambiente e nas [&hellip;]\" \/>\n<meta property=\"og:url\" content=\"https:\/\/mhcalculos.com.br\/noticias\/cidadania\/dicas-para-trabalhar-a-inclusao-de-verdade.html\" \/>\n<meta property=\"og:site_name\" content=\"Portal de Not\u00edcias\" \/>\n<meta property=\"article:published_time\" content=\"2018-05-11T14:53:19+00:00\" \/>\n<meta property=\"article:modified_time\" content=\"2021-07-28T17:35:01+00:00\" \/>\n<meta property=\"og:image\" content=\"https:\/\/mhcalculos.com.br\/noticias\/wp-content\/uploads\/sites\/2\/2018\/05\/iStock_000019638144Medium1.jpg\" \/>\n\t<meta property=\"og:image:width\" content=\"1920\" \/>\n\t<meta property=\"og:image:height\" content=\"1142\" \/>\n\t<meta property=\"og:image:type\" content=\"image\/jpeg\" \/>\n<meta name=\"author\" content=\"Equipe MH\" \/>\n<meta name=\"twitter:card\" content=\"summary_large_image\" \/>\n<meta name=\"twitter:label1\" content=\"Escrito por\" \/>\n\t<meta name=\"twitter:data1\" content=\"Equipe MH\" \/>\n\t<meta name=\"twitter:label2\" content=\"Est. tempo de leitura\" \/>\n\t<meta name=\"twitter:data2\" content=\"2 minutos\" \/>\n<script type=\"application\/ld+json\" class=\"yoast-schema-graph\">{\"@context\":\"https:\/\/schema.org\",\"@graph\":[{\"@type\":\"Article\",\"@id\":\"https:\/\/mhcalculos.com.br\/noticias\/cidadania\/dicas-para-trabalhar-a-inclusao-de-verdade.html#article\",\"isPartOf\":{\"@id\":\"https:\/\/mhcalculos.com.br\/noticias\/cidadania\/dicas-para-trabalhar-a-inclusao-de-verdade.html\"},\"author\":{\"name\":\"Equipe MH\",\"@id\":\"https:\/\/mhcalculos.com.br\/noticias\/#\/schema\/person\/88d1c34bf72dc779ea14a5a6b8e0ae8d\"},\"headline\":\"Dicas para trabalhar a inclus\u00e3o de verdade!\",\"datePublished\":\"2018-05-11T14:53:19+00:00\",\"dateModified\":\"2021-07-28T17:35:01+00:00\",\"mainEntityOfPage\":{\"@id\":\"https:\/\/mhcalculos.com.br\/noticias\/cidadania\/dicas-para-trabalhar-a-inclusao-de-verdade.html\"},\"wordCount\":481,\"commentCount\":0,\"image\":{\"@id\":\"https:\/\/mhcalculos.com.br\/noticias\/cidadania\/dicas-para-trabalhar-a-inclusao-de-verdade.html#primaryimage\"},\"thumbnailUrl\":\"https:\/\/mhcalculos.com.br\/noticias\/wp-content\/uploads\/sites\/2\/2018\/05\/iStock_000019638144Medium1.jpg\",\"keywords\":[\"asid\",\"cidadania\",\"desenvolvimento institucional\",\"diversidade\",\"impacto social\",\"inclus\u00e3o\",\"voluntariado\",\"volunt\u00e1rio\"],\"articleSection\":[\"Cidadania\"],\"inLanguage\":\"pt-BR\",\"potentialAction\":[{\"@type\":\"CommentAction\",\"name\":\"Comment\",\"target\":[\"https:\/\/mhcalculos.com.br\/noticias\/cidadania\/dicas-para-trabalhar-a-inclusao-de-verdade.html#respond\"]}]},{\"@type\":\"WebPage\",\"@id\":\"https:\/\/mhcalculos.com.br\/noticias\/cidadania\/dicas-para-trabalhar-a-inclusao-de-verdade.html\",\"url\":\"https:\/\/mhcalculos.com.br\/noticias\/cidadania\/dicas-para-trabalhar-a-inclusao-de-verdade.html\",\"name\":\"Dicas para trabalhar a inclus\u00e3o de verdade! | Portal de Not\u00edcias\",\"isPartOf\":{\"@id\":\"https:\/\/mhcalculos.com.br\/noticias\/#website\"},\"primaryImageOfPage\":{\"@id\":\"https:\/\/mhcalculos.com.br\/noticias\/cidadania\/dicas-para-trabalhar-a-inclusao-de-verdade.html#primaryimage\"},\"image\":{\"@id\":\"https:\/\/mhcalculos.com.br\/noticias\/cidadania\/dicas-para-trabalhar-a-inclusao-de-verdade.html#primaryimage\"},\"thumbnailUrl\":\"https:\/\/mhcalculos.com.br\/noticias\/wp-content\/uploads\/sites\/2\/2018\/05\/iStock_000019638144Medium1.jpg\",\"datePublished\":\"2018-05-11T14:53:19+00:00\",\"dateModified\":\"2021-07-28T17:35:01+00:00\",\"author\":{\"@id\":\"https:\/\/mhcalculos.com.br\/noticias\/#\/schema\/person\/88d1c34bf72dc779ea14a5a6b8e0ae8d\"},\"breadcrumb\":{\"@id\":\"https:\/\/mhcalculos.com.br\/noticias\/cidadania\/dicas-para-trabalhar-a-inclusao-de-verdade.html#breadcrumb\"},\"inLanguage\":\"pt-BR\",\"potentialAction\":[{\"@type\":\"ReadAction\",\"target\":[\"https:\/\/mhcalculos.com.br\/noticias\/cidadania\/dicas-para-trabalhar-a-inclusao-de-verdade.html\"]}]},{\"@type\":\"ImageObject\",\"inLanguage\":\"pt-BR\",\"@id\":\"https:\/\/mhcalculos.com.br\/noticias\/cidadania\/dicas-para-trabalhar-a-inclusao-de-verdade.html#primaryimage\",\"url\":\"https:\/\/mhcalculos.com.br\/noticias\/wp-content\/uploads\/sites\/2\/2018\/05\/iStock_000019638144Medium1.jpg\",\"contentUrl\":\"https:\/\/mhcalculos.com.br\/noticias\/wp-content\/uploads\/sites\/2\/2018\/05\/iStock_000019638144Medium1.jpg\",\"width\":1920,\"height\":1142},{\"@type\":\"BreadcrumbList\",\"@id\":\"https:\/\/mhcalculos.com.br\/noticias\/cidadania\/dicas-para-trabalhar-a-inclusao-de-verdade.html#breadcrumb\",\"itemListElement\":[{\"@type\":\"ListItem\",\"position\":1,\"name\":\"In\u00edcio\",\"item\":\"https:\/\/mhcalculos.com.br\/noticias\/\"},{\"@type\":\"ListItem\",\"position\":2,\"name\":\"Dicas para trabalhar a inclus\u00e3o de verdade!\"}]},{\"@type\":\"WebSite\",\"@id\":\"https:\/\/mhcalculos.com.br\/noticias\/#website\",\"url\":\"https:\/\/mhcalculos.com.br\/noticias\/\",\"name\":\"Portal de Not\u00edcias\",\"description\":\"Not\u00edcias e Jurisprud\u00eancia\",\"potentialAction\":[{\"@type\":\"SearchAction\",\"target\":{\"@type\":\"EntryPoint\",\"urlTemplate\":\"https:\/\/mhcalculos.com.br\/noticias\/?s={search_term_string}\"},\"query-input\":{\"@type\":\"PropertyValueSpecification\",\"valueRequired\":true,\"valueName\":\"search_term_string\"}}],\"inLanguage\":\"pt-BR\"},{\"@type\":\"Person\",\"@id\":\"https:\/\/mhcalculos.com.br\/noticias\/#\/schema\/person\/88d1c34bf72dc779ea14a5a6b8e0ae8d\",\"name\":\"Equipe MH\",\"image\":{\"@type\":\"ImageObject\",\"inLanguage\":\"pt-BR\",\"@id\":\"https:\/\/secure.gravatar.com\/avatar\/de1c686c2ecc9c5a3f327e3431d819eb39f8f05d4e1045f5a1caad6daaba987f?s=96&d=mm&r=g\",\"url\":\"https:\/\/secure.gravatar.com\/avatar\/de1c686c2ecc9c5a3f327e3431d819eb39f8f05d4e1045f5a1caad6daaba987f?s=96&d=mm&r=g\",\"contentUrl\":\"https:\/\/secure.gravatar.com\/avatar\/de1c686c2ecc9c5a3f327e3431d819eb39f8f05d4e1045f5a1caad6daaba987f?s=96&d=mm&r=g\",\"caption\":\"Equipe MH\"}}]}<\/script>\n<!-- \/ Yoast SEO plugin. -->","yoast_head_json":{"title":"Dicas para trabalhar a inclus\u00e3o de verdade! | Portal de Not\u00edcias","robots":{"index":"index","follow":"follow","max-snippet":"max-snippet:-1","max-image-preview":"max-image-preview:large","max-video-preview":"max-video-preview:-1"},"canonical":"https:\/\/mhcalculos.com.br\/noticias\/cidadania\/dicas-para-trabalhar-a-inclusao-de-verdade.html","og_locale":"pt_BR","og_type":"article","og_title":"Dicas para trabalhar a inclus\u00e3o de verdade! | Portal de Not\u00edcias","og_description":"Antes de iniciar o processo de contrata\u00e7\u00e3o de pessoas com defici\u00eancia, o ideal \u00e9 que voc\u00ea fa\u00e7a um diagn\u00f3stico interno para verificar o quanto a sua empresa est\u00e1 pronta para receber novos colaboradores. Geralmente, esse diagn\u00f3stico fornece pistas importantes sobre os grupos que precisam ser sensibilizados e sobre as adapta\u00e7\u00f5es necess\u00e1rias no ambiente e nas [&hellip;]","og_url":"https:\/\/mhcalculos.com.br\/noticias\/cidadania\/dicas-para-trabalhar-a-inclusao-de-verdade.html","og_site_name":"Portal de Not\u00edcias","article_published_time":"2018-05-11T14:53:19+00:00","article_modified_time":"2021-07-28T17:35:01+00:00","og_image":[{"width":1920,"height":1142,"url":"https:\/\/mhcalculos.com.br\/noticias\/wp-content\/uploads\/sites\/2\/2018\/05\/iStock_000019638144Medium1.jpg","type":"image\/jpeg"}],"author":"Equipe MH","twitter_card":"summary_large_image","twitter_misc":{"Escrito por":"Equipe MH","Est. tempo de leitura":"2 minutos"},"schema":{"@context":"https:\/\/schema.org","@graph":[{"@type":"Article","@id":"https:\/\/mhcalculos.com.br\/noticias\/cidadania\/dicas-para-trabalhar-a-inclusao-de-verdade.html#article","isPartOf":{"@id":"https:\/\/mhcalculos.com.br\/noticias\/cidadania\/dicas-para-trabalhar-a-inclusao-de-verdade.html"},"author":{"name":"Equipe MH","@id":"https:\/\/mhcalculos.com.br\/noticias\/#\/schema\/person\/88d1c34bf72dc779ea14a5a6b8e0ae8d"},"headline":"Dicas para trabalhar a inclus\u00e3o de verdade!","datePublished":"2018-05-11T14:53:19+00:00","dateModified":"2021-07-28T17:35:01+00:00","mainEntityOfPage":{"@id":"https:\/\/mhcalculos.com.br\/noticias\/cidadania\/dicas-para-trabalhar-a-inclusao-de-verdade.html"},"wordCount":481,"commentCount":0,"image":{"@id":"https:\/\/mhcalculos.com.br\/noticias\/cidadania\/dicas-para-trabalhar-a-inclusao-de-verdade.html#primaryimage"},"thumbnailUrl":"https:\/\/mhcalculos.com.br\/noticias\/wp-content\/uploads\/sites\/2\/2018\/05\/iStock_000019638144Medium1.jpg","keywords":["asid","cidadania","desenvolvimento institucional","diversidade","impacto social","inclus\u00e3o","voluntariado","volunt\u00e1rio"],"articleSection":["Cidadania"],"inLanguage":"pt-BR","potentialAction":[{"@type":"CommentAction","name":"Comment","target":["https:\/\/mhcalculos.com.br\/noticias\/cidadania\/dicas-para-trabalhar-a-inclusao-de-verdade.html#respond"]}]},{"@type":"WebPage","@id":"https:\/\/mhcalculos.com.br\/noticias\/cidadania\/dicas-para-trabalhar-a-inclusao-de-verdade.html","url":"https:\/\/mhcalculos.com.br\/noticias\/cidadania\/dicas-para-trabalhar-a-inclusao-de-verdade.html","name":"Dicas para trabalhar a inclus\u00e3o de verdade! | Portal de Not\u00edcias","isPartOf":{"@id":"https:\/\/mhcalculos.com.br\/noticias\/#website"},"primaryImageOfPage":{"@id":"https:\/\/mhcalculos.com.br\/noticias\/cidadania\/dicas-para-trabalhar-a-inclusao-de-verdade.html#primaryimage"},"image":{"@id":"https:\/\/mhcalculos.com.br\/noticias\/cidadania\/dicas-para-trabalhar-a-inclusao-de-verdade.html#primaryimage"},"thumbnailUrl":"https:\/\/mhcalculos.com.br\/noticias\/wp-content\/uploads\/sites\/2\/2018\/05\/iStock_000019638144Medium1.jpg","datePublished":"2018-05-11T14:53:19+00:00","dateModified":"2021-07-28T17:35:01+00:00","author":{"@id":"https:\/\/mhcalculos.com.br\/noticias\/#\/schema\/person\/88d1c34bf72dc779ea14a5a6b8e0ae8d"},"breadcrumb":{"@id":"https:\/\/mhcalculos.com.br\/noticias\/cidadania\/dicas-para-trabalhar-a-inclusao-de-verdade.html#breadcrumb"},"inLanguage":"pt-BR","potentialAction":[{"@type":"ReadAction","target":["https:\/\/mhcalculos.com.br\/noticias\/cidadania\/dicas-para-trabalhar-a-inclusao-de-verdade.html"]}]},{"@type":"ImageObject","inLanguage":"pt-BR","@id":"https:\/\/mhcalculos.com.br\/noticias\/cidadania\/dicas-para-trabalhar-a-inclusao-de-verdade.html#primaryimage","url":"https:\/\/mhcalculos.com.br\/noticias\/wp-content\/uploads\/sites\/2\/2018\/05\/iStock_000019638144Medium1.jpg","contentUrl":"https:\/\/mhcalculos.com.br\/noticias\/wp-content\/uploads\/sites\/2\/2018\/05\/iStock_000019638144Medium1.jpg","width":1920,"height":1142},{"@type":"BreadcrumbList","@id":"https:\/\/mhcalculos.com.br\/noticias\/cidadania\/dicas-para-trabalhar-a-inclusao-de-verdade.html#breadcrumb","itemListElement":[{"@type":"ListItem","position":1,"name":"In\u00edcio","item":"https:\/\/mhcalculos.com.br\/noticias\/"},{"@type":"ListItem","position":2,"name":"Dicas para trabalhar a inclus\u00e3o de verdade!"}]},{"@type":"WebSite","@id":"https:\/\/mhcalculos.com.br\/noticias\/#website","url":"https:\/\/mhcalculos.com.br\/noticias\/","name":"Portal de Not\u00edcias","description":"Not\u00edcias e Jurisprud\u00eancia","potentialAction":[{"@type":"SearchAction","target":{"@type":"EntryPoint","urlTemplate":"https:\/\/mhcalculos.com.br\/noticias\/?s={search_term_string}"},"query-input":{"@type":"PropertyValueSpecification","valueRequired":true,"valueName":"search_term_string"}}],"inLanguage":"pt-BR"},{"@type":"Person","@id":"https:\/\/mhcalculos.com.br\/noticias\/#\/schema\/person\/88d1c34bf72dc779ea14a5a6b8e0ae8d","name":"Equipe MH","image":{"@type":"ImageObject","inLanguage":"pt-BR","@id":"https:\/\/secure.gravatar.com\/avatar\/de1c686c2ecc9c5a3f327e3431d819eb39f8f05d4e1045f5a1caad6daaba987f?s=96&d=mm&r=g","url":"https:\/\/secure.gravatar.com\/avatar\/de1c686c2ecc9c5a3f327e3431d819eb39f8f05d4e1045f5a1caad6daaba987f?s=96&d=mm&r=g","contentUrl":"https:\/\/secure.gravatar.com\/avatar\/de1c686c2ecc9c5a3f327e3431d819eb39f8f05d4e1045f5a1caad6daaba987f?s=96&d=mm&r=g","caption":"Equipe MH"}}]}},"_links":{"self":[{"href":"https:\/\/mhcalculos.com.br\/noticias\/wp-json\/wp\/v2\/posts\/1457","targetHints":{"allow":["GET"]}}],"collection":[{"href":"https:\/\/mhcalculos.com.br\/noticias\/wp-json\/wp\/v2\/posts"}],"about":[{"href":"https:\/\/mhcalculos.com.br\/noticias\/wp-json\/wp\/v2\/types\/post"}],"author":[{"embeddable":true,"href":"https:\/\/mhcalculos.com.br\/noticias\/wp-json\/wp\/v2\/users\/3063"}],"replies":[{"embeddable":true,"href":"https:\/\/mhcalculos.com.br\/noticias\/wp-json\/wp\/v2\/comments?post=1457"}],"version-history":[{"count":1,"href":"https:\/\/mhcalculos.com.br\/noticias\/wp-json\/wp\/v2\/posts\/1457\/revisions"}],"predecessor-version":[{"id":1467,"href":"https:\/\/mhcalculos.com.br\/noticias\/wp-json\/wp\/v2\/posts\/1457\/revisions\/1467"}],"wp:featuredmedia":[{"embeddable":true,"href":"https:\/\/mhcalculos.com.br\/noticias\/wp-json\/wp\/v2\/media\/907"}],"wp:attachment":[{"href":"https:\/\/mhcalculos.com.br\/noticias\/wp-json\/wp\/v2\/media?parent=1457"}],"wp:term":[{"taxonomy":"category","embeddable":true,"href":"https:\/\/mhcalculos.com.br\/noticias\/wp-json\/wp\/v2\/categories?post=1457"},{"taxonomy":"post_tag","embeddable":true,"href":"https:\/\/mhcalculos.com.br\/noticias\/wp-json\/wp\/v2\/tags?post=1457"}],"curies":[{"name":"wp","href":"https:\/\/api.w.org\/{rel}","templated":true}]}}