{"id":1437,"date":"2018-05-13T14:34:11","date_gmt":"2018-05-13T14:34:11","guid":{"rendered":"http:\/\/mhcalculos.ddns.net\/noticias\/2018\/05\/18\/calculos-previdenciarios-calculo-de-revisao-pela-tese-revisao-da-vida-inteira\/"},"modified":"2021-07-28T14:35:00","modified_gmt":"2021-07-28T17:35:00","slug":"calculos-previdenciarios-calculo-de-revisao-pela-tese-revisao-da-vida-inteira","status":"publish","type":"post","link":"https:\/\/mhcalculos.com.br\/noticias\/inegavel-logica\/calculos-previdenciarios-calculo-de-revisao-pela-tese-revisao-da-vida-inteira.html","title":{"rendered":"C\u00e1lculos previdenci\u00e1rios: C\u00e1lculo de Revis\u00e3o pela tese \u201cREVIS\u00c3O DA VIDA INTEIRA\u201d"},"content":{"rendered":"<p> <br \/>\n<\/p>\n<p><img decoding=\"async\" class=\"aligncenter  wp-image-639 lazyload\" data-src=\"https:\/\/mhcalculos.com.br\/inegavel-logica\/wp-content\/uploads\/sites\/4\/2017\/07\/toda-vida.png\" alt=\"\" width=\"438\" height=\"289\" src=\"data:image\/svg+xml;base64,PHN2ZyB3aWR0aD0iMSIgaGVpZ2h0PSIxIiB4bWxucz0iaHR0cDovL3d3dy53My5vcmcvMjAwMC9zdmciPjwvc3ZnPg==\" style=\"--smush-placeholder-width: 438px; --smush-placeholder-aspect-ratio: 438\/289;\" \/><\/p>\n<p>Tudo bem todo mundo? espero que sim&#8230;<\/p>\n<p>Hoje quero falar sobre um c\u00e1lculo que temos feito com certa frequ\u00eancia aqui no escrit\u00f3rio, trata-se de uma revis\u00e3o previdenci\u00e1ria (INSS) considerando todas as contribui\u00e7\u00f5es da jornada laboral do contribuinte, desde o seu in\u00edcio. Em termos de c\u00e1lculo que \u00e9 a parte que me compete, cabe destacar que as aposentadorias atuais s\u00e3o regidas pela lei 9876\/99 e conforme texto legal s\u00e3o consideradas as contribui\u00e7\u00f5es a partir de 07\/1994 at\u00e9 a data anterior a DIB (data de in\u00edcio do benef\u00edcio) mesmo que a pessoa que esteja se aposentando tenha come\u00e7ado a contribuir em 08\/1977 por exemplo, ou seja, todas essas contribui\u00e7\u00f5es pret\u00e9ritas s\u00e3o exclu\u00eddas do c\u00e1lculo do valor da RMI (renda mensal inicial).<\/p>\n<p>Acontece que em diversos casos as<span id=\"more-637\"><\/span> maiores contribui\u00e7\u00f5es em termos de valor foram anteriores a 07\/1994 e por n\u00e3o considerar todas as contribui\u00e7\u00f5es a aposentadoria da pessoa tem um redu\u00e7\u00e3o dr\u00e1stica, j\u00e1 que a partir de 1994 a contribui\u00e7\u00e3o dela \u00e9 em menor patamar do que anterior a 07\/1994. Veja o seguinte exemplo&#8230; suponha que at\u00e9 06\/1994 a pessoa trabalhava em algum banco e sempre contribu\u00eda ao INSS pelo teto m\u00e1ximo e por um motivo qualquer essa pessoa foi demitida e n\u00e3o conseguiu uma realoca\u00e7\u00e3o funcional adequada ao seu n\u00edvel banc\u00e1rio e trabalho at\u00e9 06\/2015 recebendo um sal\u00e1rio m\u00ednimo. Quando seu benef\u00edcio de aposentadoria for calculado ela vai receber provavelmente um sal\u00e1rio m\u00ednimo ou quem sabe um pouquinho mais em fun\u00e7\u00e3o das atualiza\u00e7\u00f5es monet\u00e1rias (INPC). Percebe quando danoso pode ser essa metodologia atual de aposentadoria? Se levasse em considera\u00e7\u00e3o o per\u00edodo todo, com certeza essa pessoa estaria muito melhor aposentada hoje.<\/p>\n<p>Mas para n\u00f3s peritos, n\u00e3o importa a mat\u00e9ria, cumprimos ordem e trazemos ordenamento matem\u00e1tico as mat\u00e9rias de direito, isso quer dizer que n\u00e3o cabe ao perito discutir a mat\u00e9ria e sim calcul\u00e1-la, se vai ter proced\u00eancia ou n\u00e3o \u00e9 trabalho do advogado junto aos tribunais pelo pa\u00eds. Temos sim que entender bem o que est\u00e1 sendo pedido para apurarmos o valor mais preciso considerando as leis e todo regimento que reveste a mat\u00e9ria de c\u00e1lculos previdenci\u00e1rios. Saber qual o \u00edndice atualizar as diferen\u00e7as, qual o percentual de juros, a partir de quando ele come\u00e7a, quais os \u00edndices de reajuste no benef\u00edcio que eu uso, como calcular a minha RMI agora com todo o per\u00edodo e assim por diante. S\u00e3o in\u00fameras perguntas a serem respondidas atrav\u00e9s do nosso conhecimento e expertise.<\/p>\n<p>Se voc\u00ea j\u00e1 est\u00e1 alinhado com algumas quest\u00f5es de c\u00e1lculos previdenci\u00e1rios, principalmente como se calculam os benef\u00edcios (tempo de contribui\u00e7\u00e3o, idade, invalidez, aux\u00edlio doen\u00e7a, entre outros) pela Lei 9876\/99 n\u00e3o h\u00e1 nenhuma altera\u00e7\u00e3o brusca de c\u00e1lculo, a diferen\u00e7a \u00e9 que agora quando estivemos calculando o sal\u00e1rio de benef\u00edcio vamos ter que considerar as 80% maiores contribui\u00e7\u00f5es atualizadas de &#8220;TODO&#8221; o per\u00edodo contributivo para depois aplicar o fator previdenci\u00e1rio (se tiver), bem como o coeficiente de aposentadoria em fun\u00e7\u00e3o do tempo de contribui\u00e7\u00e3o total. Depois de c\u00e1lculo da a nova RMI, a\u00ed partimos para as diferen\u00e7as m\u00eas a m\u00eas da data da DIB at\u00e9 a data do c\u00e1lculo, prestando sempre aten\u00e7\u00e3o da data da prescri\u00e7\u00e3o que geralmente costuma ser quinquenal (cinco anos do ajuizamento da demanda ou da data do c\u00e1lculo caso seja inicial).<\/p>\n<p>Que tal? Bacana n\u00e3o ?!? E essa tese est\u00e1 tendo uma repercuss\u00e3o bem grande pelo pa\u00eds, ent\u00e3o melhor nos prepararmos. Se voc\u00ea pouco conhece a \u00e1rea de c\u00e1lculos previdenci\u00e1rios e deseja se aprofundar e tornar-se um especialista em c\u00e1lculos previdenci\u00e1rios, em breve vamos lan\u00e7ar na plataforma ESCOLA DE C\u00c1LCULOS os cursos previdenci\u00e1rios, buscando o conhecimento e o aprendizado de forma integral, sem segredos&#8230; atrav\u00e9s de uma metodologia inovadora, desafiador e imersiva&#8230;seja um EXCELENTE PERITO!<\/p>\n<p>Grande abra\u00e7o a todos e \u00f3timo dia,<br \/>\nMarlos Henrique<\/p>\n<p>&nbsp;<\/p>\n<p> <img decoding=\"async\" src=\"https:\/\/mhcalculos.com.br\/inegavel-logica\/?feed-stats-post-id=637\" width=\"1\" height=\"1\" \/><\/p>\n<p>O post <a rel=\"nofollow\" href=\"https:\/\/mhcalculos.com.br\/inegavel-logica\/calculos-previdenciarios-calculo-de-revisao-pela-tese-revisao-da-vida-inteira\/\">C\u00e1lculos previdenci\u00e1rios: C\u00e1lculo de Revis\u00e3o pela tese &#8220;REVIS\u00c3O DA VIDA INTEIRA&#8221;<\/a> apareceu primeiro em <a rel=\"nofollow\" href=\"https:\/\/mhcalculos.com.br\/inegavel-logica\">Ineg\u00e1vel L\u00f3gica dos C\u00e1lculos Judiciais<\/a>.<\/p>\n<p><i>Acesse o blog <a href=\"https:\/\/mhcalculos.com.br\/inegavel-logica\/\">Ineg\u00e1vel L\u00f3gica<\/a> para conhecer mais conte\u00fados sobre c\u00e1lculos judiciais.<\/i><br \/>\n<br \/><a href=\"https:\/\/mhcalculos.com.br\/inegavel-logica\/calculos-previdenciarios-calculo-de-revisao-pela-tese-revisao-da-vida-inteira\/\">Fonte<\/a><br \/>\n<br \/><\/p>\n","protected":false},"excerpt":{"rendered":"<p>Tudo bem todo mundo? espero que sim&#8230; Hoje quero falar sobre um c\u00e1lculo que temos feito com certa frequ\u00eancia aqui no escrit\u00f3rio, trata-se de uma revis\u00e3o previdenci\u00e1ria (INSS) considerando todas as contribui\u00e7\u00f5es da jornada laboral do contribuinte, desde o seu in\u00edcio. Em termos de c\u00e1lculo que \u00e9 a parte que me compete, cabe destacar que [&hellip;]<\/p>\n","protected":false},"author":3063,"featured_media":1438,"comment_status":"open","ping_status":"open","sticky":false,"template":"","format":"standard","meta":{"footnotes":""},"categories":[114],"tags":[190,32,57,71,165,59,191,58,60,192,193],"class_list":{"0":"post-1437","1":"post","2":"type-post","3":"status-publish","4":"format-standard","5":"has-post-thumbnail","7":"category-inegavel-logica","8":"tag-calculo-previdenciario","9":"tag-calculos-judiciais","10":"tag-curso-de-calculos","11":"tag-escola-de-calculos","12":"tag-inegavel-logica","13":"tag-marlos-henrique","14":"tag-mh","15":"tag-mh-calculos","16":"tag-pericia-judicial","17":"tag-revisao-inss","18":"tag-revisao-vida-toda"},"yoast_head":"<!-- This site is optimized with the Yoast SEO plugin v27.2 - https:\/\/yoast.com\/product\/yoast-seo-wordpress\/ -->\n<title>C\u00e1lculos previdenci\u00e1rios: C\u00e1lculo de Revis\u00e3o pela tese \u201cREVIS\u00c3O DA VIDA INTEIRA\u201d | Portal de Not\u00edcias<\/title>\n<meta name=\"robots\" content=\"index, follow, max-snippet:-1, max-image-preview:large, max-video-preview:-1\" \/>\n<link rel=\"canonical\" href=\"https:\/\/mhcalculos.com.br\/noticias\/inegavel-logica\/calculos-previdenciarios-calculo-de-revisao-pela-tese-revisao-da-vida-inteira.html\" \/>\n<meta property=\"og:locale\" content=\"pt_BR\" \/>\n<meta property=\"og:type\" content=\"article\" \/>\n<meta property=\"og:title\" content=\"C\u00e1lculos previdenci\u00e1rios: C\u00e1lculo de Revis\u00e3o pela tese \u201cREVIS\u00c3O DA VIDA INTEIRA\u201d | Portal de Not\u00edcias\" \/>\n<meta property=\"og:description\" content=\"Tudo bem todo mundo? espero que sim&#8230; Hoje quero falar sobre um c\u00e1lculo que temos feito com certa frequ\u00eancia aqui no escrit\u00f3rio, trata-se de uma revis\u00e3o previdenci\u00e1ria (INSS) considerando todas as contribui\u00e7\u00f5es da jornada laboral do contribuinte, desde o seu in\u00edcio. Em termos de c\u00e1lculo que \u00e9 a parte que me compete, cabe destacar que [&hellip;]\" \/>\n<meta property=\"og:url\" content=\"https:\/\/mhcalculos.com.br\/noticias\/inegavel-logica\/calculos-previdenciarios-calculo-de-revisao-pela-tese-revisao-da-vida-inteira.html\" \/>\n<meta property=\"og:site_name\" content=\"Portal de Not\u00edcias\" \/>\n<meta property=\"article:published_time\" content=\"2018-05-13T14:34:11+00:00\" \/>\n<meta property=\"article:modified_time\" content=\"2021-07-28T17:35:00+00:00\" \/>\n<meta property=\"og:image\" content=\"https:\/\/mhcalculos.com.br\/noticias\/wp-content\/uploads\/sites\/2\/2018\/05\/inegavel-logica-0004.jpg\" \/>\n\t<meta property=\"og:image:width\" content=\"2000\" \/>\n\t<meta property=\"og:image:height\" content=\"800\" \/>\n\t<meta property=\"og:image:type\" content=\"image\/jpeg\" \/>\n<meta name=\"author\" content=\"Equipe MH\" \/>\n<meta name=\"twitter:card\" content=\"summary_large_image\" \/>\n<meta name=\"twitter:label1\" content=\"Escrito por\" \/>\n\t<meta name=\"twitter:data1\" content=\"Equipe MH\" \/>\n\t<meta name=\"twitter:label2\" content=\"Est. tempo de leitura\" \/>\n\t<meta name=\"twitter:data2\" content=\"4 minutos\" \/>\n<script type=\"application\/ld+json\" class=\"yoast-schema-graph\">{\"@context\":\"https:\/\/schema.org\",\"@graph\":[{\"@type\":\"Article\",\"@id\":\"https:\/\/mhcalculos.com.br\/noticias\/inegavel-logica\/calculos-previdenciarios-calculo-de-revisao-pela-tese-revisao-da-vida-inteira.html#article\",\"isPartOf\":{\"@id\":\"https:\/\/mhcalculos.com.br\/noticias\/inegavel-logica\/calculos-previdenciarios-calculo-de-revisao-pela-tese-revisao-da-vida-inteira.html\"},\"author\":{\"name\":\"Equipe MH\",\"@id\":\"https:\/\/mhcalculos.com.br\/noticias\/#\/schema\/person\/88d1c34bf72dc779ea14a5a6b8e0ae8d\"},\"headline\":\"C\u00e1lculos previdenci\u00e1rios: C\u00e1lculo de Revis\u00e3o pela tese \u201cREVIS\u00c3O DA VIDA INTEIRA\u201d\",\"datePublished\":\"2018-05-13T14:34:11+00:00\",\"dateModified\":\"2021-07-28T17:35:00+00:00\",\"mainEntityOfPage\":{\"@id\":\"https:\/\/mhcalculos.com.br\/noticias\/inegavel-logica\/calculos-previdenciarios-calculo-de-revisao-pela-tese-revisao-da-vida-inteira.html\"},\"wordCount\":768,\"commentCount\":0,\"image\":{\"@id\":\"https:\/\/mhcalculos.com.br\/noticias\/inegavel-logica\/calculos-previdenciarios-calculo-de-revisao-pela-tese-revisao-da-vida-inteira.html#primaryimage\"},\"thumbnailUrl\":\"https:\/\/mhcalculos.com.br\/noticias\/wp-content\/uploads\/sites\/2\/2018\/05\/inegavel-logica-0004.jpg\",\"keywords\":[\"c\u00e1lculo previdenci\u00e1rio\",\"c\u00e1lculos judiciais\",\"curso de c\u00e1lculos\",\"escola de c\u00e1lculos\",\"ineg\u00e1vel l\u00f3gica\",\"marlos henrique\",\"mh\",\"mh c\u00e1lculos\",\"per\u00edcia judicial\",\"revis\u00e3o inss\",\"revis\u00e3o vida toda\"],\"articleSection\":[\"Ineg\u00e1vel L\u00f3gica\"],\"inLanguage\":\"pt-BR\",\"potentialAction\":[{\"@type\":\"CommentAction\",\"name\":\"Comment\",\"target\":[\"https:\/\/mhcalculos.com.br\/noticias\/inegavel-logica\/calculos-previdenciarios-calculo-de-revisao-pela-tese-revisao-da-vida-inteira.html#respond\"]}]},{\"@type\":\"WebPage\",\"@id\":\"https:\/\/mhcalculos.com.br\/noticias\/inegavel-logica\/calculos-previdenciarios-calculo-de-revisao-pela-tese-revisao-da-vida-inteira.html\",\"url\":\"https:\/\/mhcalculos.com.br\/noticias\/inegavel-logica\/calculos-previdenciarios-calculo-de-revisao-pela-tese-revisao-da-vida-inteira.html\",\"name\":\"C\u00e1lculos previdenci\u00e1rios: C\u00e1lculo de Revis\u00e3o pela tese \u201cREVIS\u00c3O DA VIDA INTEIRA\u201d | Portal de Not\u00edcias\",\"isPartOf\":{\"@id\":\"https:\/\/mhcalculos.com.br\/noticias\/#website\"},\"primaryImageOfPage\":{\"@id\":\"https:\/\/mhcalculos.com.br\/noticias\/inegavel-logica\/calculos-previdenciarios-calculo-de-revisao-pela-tese-revisao-da-vida-inteira.html#primaryimage\"},\"image\":{\"@id\":\"https:\/\/mhcalculos.com.br\/noticias\/inegavel-logica\/calculos-previdenciarios-calculo-de-revisao-pela-tese-revisao-da-vida-inteira.html#primaryimage\"},\"thumbnailUrl\":\"https:\/\/mhcalculos.com.br\/noticias\/wp-content\/uploads\/sites\/2\/2018\/05\/inegavel-logica-0004.jpg\",\"datePublished\":\"2018-05-13T14:34:11+00:00\",\"dateModified\":\"2021-07-28T17:35:00+00:00\",\"author\":{\"@id\":\"https:\/\/mhcalculos.com.br\/noticias\/#\/schema\/person\/88d1c34bf72dc779ea14a5a6b8e0ae8d\"},\"breadcrumb\":{\"@id\":\"https:\/\/mhcalculos.com.br\/noticias\/inegavel-logica\/calculos-previdenciarios-calculo-de-revisao-pela-tese-revisao-da-vida-inteira.html#breadcrumb\"},\"inLanguage\":\"pt-BR\",\"potentialAction\":[{\"@type\":\"ReadAction\",\"target\":[\"https:\/\/mhcalculos.com.br\/noticias\/inegavel-logica\/calculos-previdenciarios-calculo-de-revisao-pela-tese-revisao-da-vida-inteira.html\"]}]},{\"@type\":\"ImageObject\",\"inLanguage\":\"pt-BR\",\"@id\":\"https:\/\/mhcalculos.com.br\/noticias\/inegavel-logica\/calculos-previdenciarios-calculo-de-revisao-pela-tese-revisao-da-vida-inteira.html#primaryimage\",\"url\":\"https:\/\/mhcalculos.com.br\/noticias\/wp-content\/uploads\/sites\/2\/2018\/05\/inegavel-logica-0004.jpg\",\"contentUrl\":\"https:\/\/mhcalculos.com.br\/noticias\/wp-content\/uploads\/sites\/2\/2018\/05\/inegavel-logica-0004.jpg\",\"width\":2000,\"height\":800},{\"@type\":\"BreadcrumbList\",\"@id\":\"https:\/\/mhcalculos.com.br\/noticias\/inegavel-logica\/calculos-previdenciarios-calculo-de-revisao-pela-tese-revisao-da-vida-inteira.html#breadcrumb\",\"itemListElement\":[{\"@type\":\"ListItem\",\"position\":1,\"name\":\"In\u00edcio\",\"item\":\"https:\/\/mhcalculos.com.br\/noticias\/\"},{\"@type\":\"ListItem\",\"position\":2,\"name\":\"C\u00e1lculos previdenci\u00e1rios: C\u00e1lculo de Revis\u00e3o pela tese \u201cREVIS\u00c3O DA VIDA INTEIRA\u201d\"}]},{\"@type\":\"WebSite\",\"@id\":\"https:\/\/mhcalculos.com.br\/noticias\/#website\",\"url\":\"https:\/\/mhcalculos.com.br\/noticias\/\",\"name\":\"Portal de Not\u00edcias\",\"description\":\"Not\u00edcias e Jurisprud\u00eancia\",\"potentialAction\":[{\"@type\":\"SearchAction\",\"target\":{\"@type\":\"EntryPoint\",\"urlTemplate\":\"https:\/\/mhcalculos.com.br\/noticias\/?s={search_term_string}\"},\"query-input\":{\"@type\":\"PropertyValueSpecification\",\"valueRequired\":true,\"valueName\":\"search_term_string\"}}],\"inLanguage\":\"pt-BR\"},{\"@type\":\"Person\",\"@id\":\"https:\/\/mhcalculos.com.br\/noticias\/#\/schema\/person\/88d1c34bf72dc779ea14a5a6b8e0ae8d\",\"name\":\"Equipe MH\",\"image\":{\"@type\":\"ImageObject\",\"inLanguage\":\"pt-BR\",\"@id\":\"https:\/\/secure.gravatar.com\/avatar\/de1c686c2ecc9c5a3f327e3431d819eb39f8f05d4e1045f5a1caad6daaba987f?s=96&d=mm&r=g\",\"url\":\"https:\/\/secure.gravatar.com\/avatar\/de1c686c2ecc9c5a3f327e3431d819eb39f8f05d4e1045f5a1caad6daaba987f?s=96&d=mm&r=g\",\"contentUrl\":\"https:\/\/secure.gravatar.com\/avatar\/de1c686c2ecc9c5a3f327e3431d819eb39f8f05d4e1045f5a1caad6daaba987f?s=96&d=mm&r=g\",\"caption\":\"Equipe MH\"}}]}<\/script>\n<!-- \/ Yoast SEO plugin. -->","yoast_head_json":{"title":"C\u00e1lculos previdenci\u00e1rios: C\u00e1lculo de Revis\u00e3o pela tese \u201cREVIS\u00c3O DA VIDA INTEIRA\u201d | Portal de Not\u00edcias","robots":{"index":"index","follow":"follow","max-snippet":"max-snippet:-1","max-image-preview":"max-image-preview:large","max-video-preview":"max-video-preview:-1"},"canonical":"https:\/\/mhcalculos.com.br\/noticias\/inegavel-logica\/calculos-previdenciarios-calculo-de-revisao-pela-tese-revisao-da-vida-inteira.html","og_locale":"pt_BR","og_type":"article","og_title":"C\u00e1lculos previdenci\u00e1rios: C\u00e1lculo de Revis\u00e3o pela tese \u201cREVIS\u00c3O DA VIDA INTEIRA\u201d | Portal de Not\u00edcias","og_description":"Tudo bem todo mundo? espero que sim&#8230; Hoje quero falar sobre um c\u00e1lculo que temos feito com certa frequ\u00eancia aqui no escrit\u00f3rio, trata-se de uma revis\u00e3o previdenci\u00e1ria (INSS) considerando todas as contribui\u00e7\u00f5es da jornada laboral do contribuinte, desde o seu in\u00edcio. Em termos de c\u00e1lculo que \u00e9 a parte que me compete, cabe destacar que [&hellip;]","og_url":"https:\/\/mhcalculos.com.br\/noticias\/inegavel-logica\/calculos-previdenciarios-calculo-de-revisao-pela-tese-revisao-da-vida-inteira.html","og_site_name":"Portal de Not\u00edcias","article_published_time":"2018-05-13T14:34:11+00:00","article_modified_time":"2021-07-28T17:35:00+00:00","og_image":[{"width":2000,"height":800,"url":"https:\/\/mhcalculos.com.br\/noticias\/wp-content\/uploads\/sites\/2\/2018\/05\/inegavel-logica-0004.jpg","type":"image\/jpeg"}],"author":"Equipe MH","twitter_card":"summary_large_image","twitter_misc":{"Escrito por":"Equipe MH","Est. tempo de leitura":"4 minutos"},"schema":{"@context":"https:\/\/schema.org","@graph":[{"@type":"Article","@id":"https:\/\/mhcalculos.com.br\/noticias\/inegavel-logica\/calculos-previdenciarios-calculo-de-revisao-pela-tese-revisao-da-vida-inteira.html#article","isPartOf":{"@id":"https:\/\/mhcalculos.com.br\/noticias\/inegavel-logica\/calculos-previdenciarios-calculo-de-revisao-pela-tese-revisao-da-vida-inteira.html"},"author":{"name":"Equipe MH","@id":"https:\/\/mhcalculos.com.br\/noticias\/#\/schema\/person\/88d1c34bf72dc779ea14a5a6b8e0ae8d"},"headline":"C\u00e1lculos previdenci\u00e1rios: C\u00e1lculo de Revis\u00e3o pela tese \u201cREVIS\u00c3O DA VIDA INTEIRA\u201d","datePublished":"2018-05-13T14:34:11+00:00","dateModified":"2021-07-28T17:35:00+00:00","mainEntityOfPage":{"@id":"https:\/\/mhcalculos.com.br\/noticias\/inegavel-logica\/calculos-previdenciarios-calculo-de-revisao-pela-tese-revisao-da-vida-inteira.html"},"wordCount":768,"commentCount":0,"image":{"@id":"https:\/\/mhcalculos.com.br\/noticias\/inegavel-logica\/calculos-previdenciarios-calculo-de-revisao-pela-tese-revisao-da-vida-inteira.html#primaryimage"},"thumbnailUrl":"https:\/\/mhcalculos.com.br\/noticias\/wp-content\/uploads\/sites\/2\/2018\/05\/inegavel-logica-0004.jpg","keywords":["c\u00e1lculo previdenci\u00e1rio","c\u00e1lculos judiciais","curso de c\u00e1lculos","escola de c\u00e1lculos","ineg\u00e1vel l\u00f3gica","marlos henrique","mh","mh c\u00e1lculos","per\u00edcia judicial","revis\u00e3o inss","revis\u00e3o vida toda"],"articleSection":["Ineg\u00e1vel L\u00f3gica"],"inLanguage":"pt-BR","potentialAction":[{"@type":"CommentAction","name":"Comment","target":["https:\/\/mhcalculos.com.br\/noticias\/inegavel-logica\/calculos-previdenciarios-calculo-de-revisao-pela-tese-revisao-da-vida-inteira.html#respond"]}]},{"@type":"WebPage","@id":"https:\/\/mhcalculos.com.br\/noticias\/inegavel-logica\/calculos-previdenciarios-calculo-de-revisao-pela-tese-revisao-da-vida-inteira.html","url":"https:\/\/mhcalculos.com.br\/noticias\/inegavel-logica\/calculos-previdenciarios-calculo-de-revisao-pela-tese-revisao-da-vida-inteira.html","name":"C\u00e1lculos previdenci\u00e1rios: C\u00e1lculo de Revis\u00e3o pela tese \u201cREVIS\u00c3O DA VIDA INTEIRA\u201d | Portal de Not\u00edcias","isPartOf":{"@id":"https:\/\/mhcalculos.com.br\/noticias\/#website"},"primaryImageOfPage":{"@id":"https:\/\/mhcalculos.com.br\/noticias\/inegavel-logica\/calculos-previdenciarios-calculo-de-revisao-pela-tese-revisao-da-vida-inteira.html#primaryimage"},"image":{"@id":"https:\/\/mhcalculos.com.br\/noticias\/inegavel-logica\/calculos-previdenciarios-calculo-de-revisao-pela-tese-revisao-da-vida-inteira.html#primaryimage"},"thumbnailUrl":"https:\/\/mhcalculos.com.br\/noticias\/wp-content\/uploads\/sites\/2\/2018\/05\/inegavel-logica-0004.jpg","datePublished":"2018-05-13T14:34:11+00:00","dateModified":"2021-07-28T17:35:00+00:00","author":{"@id":"https:\/\/mhcalculos.com.br\/noticias\/#\/schema\/person\/88d1c34bf72dc779ea14a5a6b8e0ae8d"},"breadcrumb":{"@id":"https:\/\/mhcalculos.com.br\/noticias\/inegavel-logica\/calculos-previdenciarios-calculo-de-revisao-pela-tese-revisao-da-vida-inteira.html#breadcrumb"},"inLanguage":"pt-BR","potentialAction":[{"@type":"ReadAction","target":["https:\/\/mhcalculos.com.br\/noticias\/inegavel-logica\/calculos-previdenciarios-calculo-de-revisao-pela-tese-revisao-da-vida-inteira.html"]}]},{"@type":"ImageObject","inLanguage":"pt-BR","@id":"https:\/\/mhcalculos.com.br\/noticias\/inegavel-logica\/calculos-previdenciarios-calculo-de-revisao-pela-tese-revisao-da-vida-inteira.html#primaryimage","url":"https:\/\/mhcalculos.com.br\/noticias\/wp-content\/uploads\/sites\/2\/2018\/05\/inegavel-logica-0004.jpg","contentUrl":"https:\/\/mhcalculos.com.br\/noticias\/wp-content\/uploads\/sites\/2\/2018\/05\/inegavel-logica-0004.jpg","width":2000,"height":800},{"@type":"BreadcrumbList","@id":"https:\/\/mhcalculos.com.br\/noticias\/inegavel-logica\/calculos-previdenciarios-calculo-de-revisao-pela-tese-revisao-da-vida-inteira.html#breadcrumb","itemListElement":[{"@type":"ListItem","position":1,"name":"In\u00edcio","item":"https:\/\/mhcalculos.com.br\/noticias\/"},{"@type":"ListItem","position":2,"name":"C\u00e1lculos previdenci\u00e1rios: C\u00e1lculo de Revis\u00e3o pela tese \u201cREVIS\u00c3O DA VIDA INTEIRA\u201d"}]},{"@type":"WebSite","@id":"https:\/\/mhcalculos.com.br\/noticias\/#website","url":"https:\/\/mhcalculos.com.br\/noticias\/","name":"Portal de Not\u00edcias","description":"Not\u00edcias e Jurisprud\u00eancia","potentialAction":[{"@type":"SearchAction","target":{"@type":"EntryPoint","urlTemplate":"https:\/\/mhcalculos.com.br\/noticias\/?s={search_term_string}"},"query-input":{"@type":"PropertyValueSpecification","valueRequired":true,"valueName":"search_term_string"}}],"inLanguage":"pt-BR"},{"@type":"Person","@id":"https:\/\/mhcalculos.com.br\/noticias\/#\/schema\/person\/88d1c34bf72dc779ea14a5a6b8e0ae8d","name":"Equipe MH","image":{"@type":"ImageObject","inLanguage":"pt-BR","@id":"https:\/\/secure.gravatar.com\/avatar\/de1c686c2ecc9c5a3f327e3431d819eb39f8f05d4e1045f5a1caad6daaba987f?s=96&d=mm&r=g","url":"https:\/\/secure.gravatar.com\/avatar\/de1c686c2ecc9c5a3f327e3431d819eb39f8f05d4e1045f5a1caad6daaba987f?s=96&d=mm&r=g","contentUrl":"https:\/\/secure.gravatar.com\/avatar\/de1c686c2ecc9c5a3f327e3431d819eb39f8f05d4e1045f5a1caad6daaba987f?s=96&d=mm&r=g","caption":"Equipe MH"}}]}},"_links":{"self":[{"href":"https:\/\/mhcalculos.com.br\/noticias\/wp-json\/wp\/v2\/posts\/1437","targetHints":{"allow":["GET"]}}],"collection":[{"href":"https:\/\/mhcalculos.com.br\/noticias\/wp-json\/wp\/v2\/posts"}],"about":[{"href":"https:\/\/mhcalculos.com.br\/noticias\/wp-json\/wp\/v2\/types\/post"}],"author":[{"embeddable":true,"href":"https:\/\/mhcalculos.com.br\/noticias\/wp-json\/wp\/v2\/users\/3063"}],"replies":[{"embeddable":true,"href":"https:\/\/mhcalculos.com.br\/noticias\/wp-json\/wp\/v2\/comments?post=1437"}],"version-history":[{"count":3,"href":"https:\/\/mhcalculos.com.br\/noticias\/wp-json\/wp\/v2\/posts\/1437\/revisions"}],"predecessor-version":[{"id":2500,"href":"https:\/\/mhcalculos.com.br\/noticias\/wp-json\/wp\/v2\/posts\/1437\/revisions\/2500"}],"wp:featuredmedia":[{"embeddable":true,"href":"https:\/\/mhcalculos.com.br\/noticias\/wp-json\/wp\/v2\/media\/1438"}],"wp:attachment":[{"href":"https:\/\/mhcalculos.com.br\/noticias\/wp-json\/wp\/v2\/media?parent=1437"}],"wp:term":[{"taxonomy":"category","embeddable":true,"href":"https:\/\/mhcalculos.com.br\/noticias\/wp-json\/wp\/v2\/categories?post=1437"},{"taxonomy":"post_tag","embeddable":true,"href":"https:\/\/mhcalculos.com.br\/noticias\/wp-json\/wp\/v2\/tags?post=1437"}],"curies":[{"name":"wp","href":"https:\/\/api.w.org\/{rel}","templated":true}]}}