{"id":1411,"date":"2018-05-17T13:54:44","date_gmt":"2018-05-17T13:54:44","guid":{"rendered":"http:\/\/mhcalculos.ddns.net\/noticias\/?p=1411"},"modified":"2021-07-28T14:34:57","modified_gmt":"2021-07-28T17:34:57","slug":"mh-calculos-divulga-acordo-de-parceira-com-instituto-dos-advogados-de-santa-catarina","status":"publish","type":"post","link":"https:\/\/mhcalculos.com.br\/noticias\/colunas\/mh-calculos-divulga-acordo-de-parceira-com-instituto-dos-advogados-de-santa-catarina.html","title":{"rendered":"MH C\u00e1lculos divulga acordo de parceira com Instituto dos Advogados de Santa Catarina"},"content":{"rendered":"<p>A MH C\u00e1lculos, empresa consolidada no mercado de c\u00e1lculos judiciais, respons\u00e1vel pelos projetos Escola de C\u00e1lculos, Calculadora MH e blog Ineg\u00e1vel L\u00f3gica dos C\u00e1lculos Judiciais, firma acordo de parceria com o Instituto dos Advogados de Santa Catarina (IASC).<\/p>\n<p>A partir do m\u00eas de outubro o espa\u00e7o de not\u00edcias divulgar\u00e1 conte\u00fados, not\u00edcias, artigos e colunas, dos profissionais associados ao IASC. A parceria busca democratizar conte\u00fados relevantes para os profissionais do direito e pessoas com interesse no universo jur\u00eddico.<\/p>\n<p>Acompanhem nosso canal de not\u00edcias e n\u00e3o percam as novidades!<\/p>\n<p><img decoding=\"async\" class=\"alignnone size-full wp-image-1412 lazyload\" data-src=\"http:\/\/mhcalculos.ddns.net\/noticias\/wp-content\/uploads\/sites\/2\/2018\/05\/parceria-iasc-mh-calculos.png\" alt=\"\" width=\"599\" height=\"449\" data-srcset=\"https:\/\/mhcalculos.com.br\/noticias\/wp-content\/uploads\/sites\/2\/2018\/05\/parceria-iasc-mh-calculos.png 599w, https:\/\/mhcalculos.com.br\/noticias\/wp-content\/uploads\/sites\/2\/2018\/05\/parceria-iasc-mh-calculos-300x225.png 300w, https:\/\/mhcalculos.com.br\/noticias\/wp-content\/uploads\/sites\/2\/2018\/05\/parceria-iasc-mh-calculos-80x60.png 80w, https:\/\/mhcalculos.com.br\/noticias\/wp-content\/uploads\/sites\/2\/2018\/05\/parceria-iasc-mh-calculos-265x198.png 265w, https:\/\/mhcalculos.com.br\/noticias\/wp-content\/uploads\/sites\/2\/2018\/05\/parceria-iasc-mh-calculos-560x420.png 560w\" data-sizes=\"(max-width: 599px) 100vw, 599px\" src=\"data:image\/svg+xml;base64,PHN2ZyB3aWR0aD0iMSIgaGVpZ2h0PSIxIiB4bWxucz0iaHR0cDovL3d3dy53My5vcmcvMjAwMC9zdmciPjwvc3ZnPg==\" style=\"--smush-placeholder-width: 599px; --smush-placeholder-aspect-ratio: 599\/449;\" \/><\/p>\n<p>O INSTITUTO DOS ADVOGADOS DE SANTA CATARINA, fundado em 01 de novembro de 1931, sob a lideran\u00e7a do advogado Edmundo Acc\u00e1cio Moreira, \u00e9 a primeira e mais antiga associa\u00e7\u00e3o de advogados do Estado.<\/p>\n<p>O Instituto dos Advogados foi respons\u00e1vel pela cria\u00e7\u00e3o da Seccional Catarinense da Ordem dos Advogados do Brasil (OAB\/SC). O Instituto empenha-se na constru\u00e7\u00e3o de um Brasil livre e democr\u00e1tico, trabalhando para o aperfei\u00e7oamento da Sociedade, usando suas prerrogativas regimentais e o comprometimento estatut\u00e1rio de seus membros na busca da efetividade da ordem \u00e9tico-social e democr\u00e1tica; atuante na defesa da Rep\u00fablica, do Estado democr\u00e1tico de Direito e das prerrogativas profissionais dos advogados.<\/p>\n<p>O Instituto \u00e9 uma associa\u00e7\u00e3o sem fins lucrativos, composta por advogados, ju\u00edzes, promotores, desembargadores, doutores, mestres e bachar\u00e9is em Direito que tem como finalidade: o estudo do Direito, \u00e0 difus\u00e3o dos conhecimentos jur\u00eddicos, e ao culto da justi\u00e7a; \u00e0 colabora\u00e7\u00e3o com os poderes p\u00fablicos no aperfei\u00e7oamento da ordem jur\u00eddica; \u00e0 defesa do estado democr\u00e1tico de direito, dos direitos humanos, da dignidade e do prest\u00edgio dos juristas de modo geral; quando necess\u00e1rio, oferece assist\u00eancia jur\u00eddica \u00e0 coletividade contra atos ou omiss\u00f5es de autoridades; devota-se, tamb\u00e9m, \u00e0 promo\u00e7\u00e3o da defesa do meio ambiente, da ecologia em geral, do consumidor, do patrim\u00f4nio hist\u00f3rico, art\u00edstico, est\u00e9tico, tur\u00edstico, paisag\u00edstico e cultural; e bem assim, ao aperfei\u00e7oamento do exerc\u00edcio profissional das carreiras jur\u00eddicas.<\/p>\n<p>A diretoria executiva vigente do IASC \u00e9 composta por: Gilberto Lopes Teixeira (Presidente), Cesar Luiz Pasold (Vice-Presidente), Raphael Atherino (Secret\u00e1rio Geral), Susana dos Reis Machado Pretto (Diretora Social e de Divulga\u00e7\u00e3o) Marina Zipser Granzotto (Tesoureira) Cassio Biffi (Orador), Fernanda Silveira dos Santos (Secret\u00e1ria Adjunta), Janaina Guesser Prazeres (Coordenadora das Comiss\u00f5es) e Bruna Niemeyer de Andrade (estagi\u00e1ria).<\/p>\n<p>O IASC possui diversas Comiss\u00f5es tem\u00e1ticas das quais elencamos: comiss\u00e3o de direito de fam\u00edlia e sucess\u00f5es, comiss\u00e3o de direito do trabalho, comiss\u00e3o de direito imobili\u00e1rio, comiss\u00e3o de direito ambiental, comiss\u00e3o de direito empresarial, comiss\u00e3o de direito banc\u00e1rio, comiss\u00e3o de direito tribut\u00e1rio, comiss\u00e3o de direito penal, comiss\u00e3o de direitos humanos, comiss\u00e3o de bio\u00e9tica, comiss\u00e3o de direito previdenci\u00e1rio, comiss\u00e3o de direito processual civil, comiss\u00e3o de media\u00e7\u00e3o e arbitragem, comiss\u00e3o de expans\u00e3o estadual, comiss\u00e3o de educa\u00e7\u00e3o jur\u00eddica, comiss\u00e3o defesa dos direitos das pessoas com defici\u00eancia, comiss\u00e3o de direito e tecnologia, comiss\u00e3o de defesa de igualdade de g\u00eanero, comiss\u00e3o de empreendedorismo jur\u00eddico, comiss\u00e3o de direito constitucional.<\/p>\n<p>Nas palavras do nosso Ex-Presidente, Dr Ricardo Jos\u00e9 da Rosa, vimos \u201csacudir os acomodados e despertar os adormecidos\u201d, ou ainda parafraseando nosso Vice-presidente Professor Dr Cesar Luiz Pasold \u201co IASC \u00e9 o bra\u00e7o cultural da advocacia Catarinense\u201d.<\/p>\n","protected":false},"excerpt":{"rendered":"<p>A MH C\u00e1lculos, empresa consolidada no mercado de c\u00e1lculos judiciais, respons\u00e1vel pelos projetos Escola de C\u00e1lculos, Calculadora MH e blog Ineg\u00e1vel L\u00f3gica dos C\u00e1lculos Judiciais, firma acordo de parceria com o Instituto dos Advogados de Santa Catarina (IASC). A partir do m\u00eas de outubro o espa\u00e7o de not\u00edcias divulgar\u00e1 conte\u00fados, not\u00edcias, artigos e colunas, dos [&hellip;]<\/p>\n","protected":false},"author":3063,"featured_media":1413,"comment_status":"open","ping_status":"open","sticky":false,"template":"","format":"standard","meta":{"footnotes":""},"categories":[111],"tags":[231,58],"class_list":{"0":"post-1411","1":"post","2":"type-post","3":"status-publish","4":"format-standard","5":"has-post-thumbnail","7":"category-colunas","8":"tag-iasc","9":"tag-mh-calculos"},"yoast_head":"<!-- This site is optimized with the Yoast SEO plugin v27.2 - https:\/\/yoast.com\/product\/yoast-seo-wordpress\/ -->\n<title>MH C\u00e1lculos divulga acordo de parceira com Instituto dos Advogados de Santa Catarina | Portal de Not\u00edcias<\/title>\n<meta name=\"robots\" content=\"index, follow, max-snippet:-1, max-image-preview:large, max-video-preview:-1\" \/>\n<link rel=\"canonical\" href=\"https:\/\/mhcalculos.com.br\/noticias\/colunas\/mh-calculos-divulga-acordo-de-parceira-com-instituto-dos-advogados-de-santa-catarina.html\" \/>\n<meta property=\"og:locale\" content=\"pt_BR\" \/>\n<meta property=\"og:type\" content=\"article\" \/>\n<meta property=\"og:title\" content=\"MH C\u00e1lculos divulga acordo de parceira com Instituto dos Advogados de Santa Catarina | Portal de Not\u00edcias\" \/>\n<meta property=\"og:description\" content=\"A MH C\u00e1lculos, empresa consolidada no mercado de c\u00e1lculos judiciais, respons\u00e1vel pelos projetos Escola de C\u00e1lculos, Calculadora MH e blog Ineg\u00e1vel L\u00f3gica dos C\u00e1lculos Judiciais, firma acordo de parceria com o Instituto dos Advogados de Santa Catarina (IASC). A partir do m\u00eas de outubro o espa\u00e7o de not\u00edcias divulgar\u00e1 conte\u00fados, not\u00edcias, artigos e colunas, dos [&hellip;]\" \/>\n<meta property=\"og:url\" content=\"https:\/\/mhcalculos.com.br\/noticias\/colunas\/mh-calculos-divulga-acordo-de-parceira-com-instituto-dos-advogados-de-santa-catarina.html\" \/>\n<meta property=\"og:site_name\" content=\"Portal de Not\u00edcias\" \/>\n<meta property=\"article:published_time\" content=\"2018-05-17T13:54:44+00:00\" \/>\n<meta property=\"article:modified_time\" content=\"2021-07-28T17:34:57+00:00\" \/>\n<meta property=\"og:image\" content=\"https:\/\/mhcalculos.com.br\/noticias\/wp-content\/uploads\/sites\/2\/2018\/05\/Dropbox_judiciario-0011.jpg\" \/>\n\t<meta property=\"og:image:width\" content=\"2000\" \/>\n\t<meta property=\"og:image:height\" content=\"800\" \/>\n\t<meta property=\"og:image:type\" content=\"image\/jpeg\" \/>\n<meta name=\"author\" content=\"Equipe MH\" \/>\n<meta name=\"twitter:card\" content=\"summary_large_image\" \/>\n<meta name=\"twitter:label1\" content=\"Escrito por\" \/>\n\t<meta name=\"twitter:data1\" content=\"Equipe MH\" \/>\n\t<meta name=\"twitter:label2\" content=\"Est. tempo de leitura\" \/>\n\t<meta name=\"twitter:data2\" content=\"3 minutos\" \/>\n<script type=\"application\/ld+json\" class=\"yoast-schema-graph\">{\"@context\":\"https:\/\/schema.org\",\"@graph\":[{\"@type\":\"Article\",\"@id\":\"https:\/\/mhcalculos.com.br\/noticias\/colunas\/mh-calculos-divulga-acordo-de-parceira-com-instituto-dos-advogados-de-santa-catarina.html#article\",\"isPartOf\":{\"@id\":\"https:\/\/mhcalculos.com.br\/noticias\/colunas\/mh-calculos-divulga-acordo-de-parceira-com-instituto-dos-advogados-de-santa-catarina.html\"},\"author\":{\"name\":\"Equipe MH\",\"@id\":\"https:\/\/mhcalculos.com.br\/noticias\/#\/schema\/person\/88d1c34bf72dc779ea14a5a6b8e0ae8d\"},\"headline\":\"MH C\u00e1lculos divulga acordo de parceira com Instituto dos Advogados de Santa Catarina\",\"datePublished\":\"2018-05-17T13:54:44+00:00\",\"dateModified\":\"2021-07-28T17:34:57+00:00\",\"mainEntityOfPage\":{\"@id\":\"https:\/\/mhcalculos.com.br\/noticias\/colunas\/mh-calculos-divulga-acordo-de-parceira-com-instituto-dos-advogados-de-santa-catarina.html\"},\"wordCount\":604,\"commentCount\":0,\"image\":{\"@id\":\"https:\/\/mhcalculos.com.br\/noticias\/colunas\/mh-calculos-divulga-acordo-de-parceira-com-instituto-dos-advogados-de-santa-catarina.html#primaryimage\"},\"thumbnailUrl\":\"https:\/\/mhcalculos.com.br\/noticias\/wp-content\/uploads\/sites\/2\/2018\/05\/Dropbox_judiciario-0011.jpg\",\"keywords\":[\"IASC\",\"mh c\u00e1lculos\"],\"articleSection\":[\"Colunas\"],\"inLanguage\":\"pt-BR\",\"potentialAction\":[{\"@type\":\"CommentAction\",\"name\":\"Comment\",\"target\":[\"https:\/\/mhcalculos.com.br\/noticias\/colunas\/mh-calculos-divulga-acordo-de-parceira-com-instituto-dos-advogados-de-santa-catarina.html#respond\"]}]},{\"@type\":\"WebPage\",\"@id\":\"https:\/\/mhcalculos.com.br\/noticias\/colunas\/mh-calculos-divulga-acordo-de-parceira-com-instituto-dos-advogados-de-santa-catarina.html\",\"url\":\"https:\/\/mhcalculos.com.br\/noticias\/colunas\/mh-calculos-divulga-acordo-de-parceira-com-instituto-dos-advogados-de-santa-catarina.html\",\"name\":\"MH C\u00e1lculos divulga acordo de parceira com Instituto dos Advogados de Santa Catarina | Portal de Not\u00edcias\",\"isPartOf\":{\"@id\":\"https:\/\/mhcalculos.com.br\/noticias\/#website\"},\"primaryImageOfPage\":{\"@id\":\"https:\/\/mhcalculos.com.br\/noticias\/colunas\/mh-calculos-divulga-acordo-de-parceira-com-instituto-dos-advogados-de-santa-catarina.html#primaryimage\"},\"image\":{\"@id\":\"https:\/\/mhcalculos.com.br\/noticias\/colunas\/mh-calculos-divulga-acordo-de-parceira-com-instituto-dos-advogados-de-santa-catarina.html#primaryimage\"},\"thumbnailUrl\":\"https:\/\/mhcalculos.com.br\/noticias\/wp-content\/uploads\/sites\/2\/2018\/05\/Dropbox_judiciario-0011.jpg\",\"datePublished\":\"2018-05-17T13:54:44+00:00\",\"dateModified\":\"2021-07-28T17:34:57+00:00\",\"author\":{\"@id\":\"https:\/\/mhcalculos.com.br\/noticias\/#\/schema\/person\/88d1c34bf72dc779ea14a5a6b8e0ae8d\"},\"breadcrumb\":{\"@id\":\"https:\/\/mhcalculos.com.br\/noticias\/colunas\/mh-calculos-divulga-acordo-de-parceira-com-instituto-dos-advogados-de-santa-catarina.html#breadcrumb\"},\"inLanguage\":\"pt-BR\",\"potentialAction\":[{\"@type\":\"ReadAction\",\"target\":[\"https:\/\/mhcalculos.com.br\/noticias\/colunas\/mh-calculos-divulga-acordo-de-parceira-com-instituto-dos-advogados-de-santa-catarina.html\"]}]},{\"@type\":\"ImageObject\",\"inLanguage\":\"pt-BR\",\"@id\":\"https:\/\/mhcalculos.com.br\/noticias\/colunas\/mh-calculos-divulga-acordo-de-parceira-com-instituto-dos-advogados-de-santa-catarina.html#primaryimage\",\"url\":\"https:\/\/mhcalculos.com.br\/noticias\/wp-content\/uploads\/sites\/2\/2018\/05\/Dropbox_judiciario-0011.jpg\",\"contentUrl\":\"https:\/\/mhcalculos.com.br\/noticias\/wp-content\/uploads\/sites\/2\/2018\/05\/Dropbox_judiciario-0011.jpg\",\"width\":2000,\"height\":800},{\"@type\":\"BreadcrumbList\",\"@id\":\"https:\/\/mhcalculos.com.br\/noticias\/colunas\/mh-calculos-divulga-acordo-de-parceira-com-instituto-dos-advogados-de-santa-catarina.html#breadcrumb\",\"itemListElement\":[{\"@type\":\"ListItem\",\"position\":1,\"name\":\"In\u00edcio\",\"item\":\"https:\/\/mhcalculos.com.br\/noticias\/\"},{\"@type\":\"ListItem\",\"position\":2,\"name\":\"MH C\u00e1lculos divulga acordo de parceira com Instituto dos Advogados de Santa Catarina\"}]},{\"@type\":\"WebSite\",\"@id\":\"https:\/\/mhcalculos.com.br\/noticias\/#website\",\"url\":\"https:\/\/mhcalculos.com.br\/noticias\/\",\"name\":\"Portal de Not\u00edcias\",\"description\":\"Not\u00edcias e Jurisprud\u00eancia\",\"potentialAction\":[{\"@type\":\"SearchAction\",\"target\":{\"@type\":\"EntryPoint\",\"urlTemplate\":\"https:\/\/mhcalculos.com.br\/noticias\/?s={search_term_string}\"},\"query-input\":{\"@type\":\"PropertyValueSpecification\",\"valueRequired\":true,\"valueName\":\"search_term_string\"}}],\"inLanguage\":\"pt-BR\"},{\"@type\":\"Person\",\"@id\":\"https:\/\/mhcalculos.com.br\/noticias\/#\/schema\/person\/88d1c34bf72dc779ea14a5a6b8e0ae8d\",\"name\":\"Equipe MH\",\"image\":{\"@type\":\"ImageObject\",\"inLanguage\":\"pt-BR\",\"@id\":\"https:\/\/secure.gravatar.com\/avatar\/de1c686c2ecc9c5a3f327e3431d819eb39f8f05d4e1045f5a1caad6daaba987f?s=96&d=mm&r=g\",\"url\":\"https:\/\/secure.gravatar.com\/avatar\/de1c686c2ecc9c5a3f327e3431d819eb39f8f05d4e1045f5a1caad6daaba987f?s=96&d=mm&r=g\",\"contentUrl\":\"https:\/\/secure.gravatar.com\/avatar\/de1c686c2ecc9c5a3f327e3431d819eb39f8f05d4e1045f5a1caad6daaba987f?s=96&d=mm&r=g\",\"caption\":\"Equipe MH\"}}]}<\/script>\n<!-- \/ Yoast SEO plugin. -->","yoast_head_json":{"title":"MH C\u00e1lculos divulga acordo de parceira com Instituto dos Advogados de Santa Catarina | Portal de Not\u00edcias","robots":{"index":"index","follow":"follow","max-snippet":"max-snippet:-1","max-image-preview":"max-image-preview:large","max-video-preview":"max-video-preview:-1"},"canonical":"https:\/\/mhcalculos.com.br\/noticias\/colunas\/mh-calculos-divulga-acordo-de-parceira-com-instituto-dos-advogados-de-santa-catarina.html","og_locale":"pt_BR","og_type":"article","og_title":"MH C\u00e1lculos divulga acordo de parceira com Instituto dos Advogados de Santa Catarina | Portal de Not\u00edcias","og_description":"A MH C\u00e1lculos, empresa consolidada no mercado de c\u00e1lculos judiciais, respons\u00e1vel pelos projetos Escola de C\u00e1lculos, Calculadora MH e blog Ineg\u00e1vel L\u00f3gica dos C\u00e1lculos Judiciais, firma acordo de parceria com o Instituto dos Advogados de Santa Catarina (IASC). A partir do m\u00eas de outubro o espa\u00e7o de not\u00edcias divulgar\u00e1 conte\u00fados, not\u00edcias, artigos e colunas, dos [&hellip;]","og_url":"https:\/\/mhcalculos.com.br\/noticias\/colunas\/mh-calculos-divulga-acordo-de-parceira-com-instituto-dos-advogados-de-santa-catarina.html","og_site_name":"Portal de Not\u00edcias","article_published_time":"2018-05-17T13:54:44+00:00","article_modified_time":"2021-07-28T17:34:57+00:00","og_image":[{"width":2000,"height":800,"url":"https:\/\/mhcalculos.com.br\/noticias\/wp-content\/uploads\/sites\/2\/2018\/05\/Dropbox_judiciario-0011.jpg","type":"image\/jpeg"}],"author":"Equipe MH","twitter_card":"summary_large_image","twitter_misc":{"Escrito por":"Equipe MH","Est. tempo de leitura":"3 minutos"},"schema":{"@context":"https:\/\/schema.org","@graph":[{"@type":"Article","@id":"https:\/\/mhcalculos.com.br\/noticias\/colunas\/mh-calculos-divulga-acordo-de-parceira-com-instituto-dos-advogados-de-santa-catarina.html#article","isPartOf":{"@id":"https:\/\/mhcalculos.com.br\/noticias\/colunas\/mh-calculos-divulga-acordo-de-parceira-com-instituto-dos-advogados-de-santa-catarina.html"},"author":{"name":"Equipe MH","@id":"https:\/\/mhcalculos.com.br\/noticias\/#\/schema\/person\/88d1c34bf72dc779ea14a5a6b8e0ae8d"},"headline":"MH C\u00e1lculos divulga acordo de parceira com Instituto dos Advogados de Santa Catarina","datePublished":"2018-05-17T13:54:44+00:00","dateModified":"2021-07-28T17:34:57+00:00","mainEntityOfPage":{"@id":"https:\/\/mhcalculos.com.br\/noticias\/colunas\/mh-calculos-divulga-acordo-de-parceira-com-instituto-dos-advogados-de-santa-catarina.html"},"wordCount":604,"commentCount":0,"image":{"@id":"https:\/\/mhcalculos.com.br\/noticias\/colunas\/mh-calculos-divulga-acordo-de-parceira-com-instituto-dos-advogados-de-santa-catarina.html#primaryimage"},"thumbnailUrl":"https:\/\/mhcalculos.com.br\/noticias\/wp-content\/uploads\/sites\/2\/2018\/05\/Dropbox_judiciario-0011.jpg","keywords":["IASC","mh c\u00e1lculos"],"articleSection":["Colunas"],"inLanguage":"pt-BR","potentialAction":[{"@type":"CommentAction","name":"Comment","target":["https:\/\/mhcalculos.com.br\/noticias\/colunas\/mh-calculos-divulga-acordo-de-parceira-com-instituto-dos-advogados-de-santa-catarina.html#respond"]}]},{"@type":"WebPage","@id":"https:\/\/mhcalculos.com.br\/noticias\/colunas\/mh-calculos-divulga-acordo-de-parceira-com-instituto-dos-advogados-de-santa-catarina.html","url":"https:\/\/mhcalculos.com.br\/noticias\/colunas\/mh-calculos-divulga-acordo-de-parceira-com-instituto-dos-advogados-de-santa-catarina.html","name":"MH C\u00e1lculos divulga acordo de parceira com Instituto dos Advogados de Santa Catarina | Portal de Not\u00edcias","isPartOf":{"@id":"https:\/\/mhcalculos.com.br\/noticias\/#website"},"primaryImageOfPage":{"@id":"https:\/\/mhcalculos.com.br\/noticias\/colunas\/mh-calculos-divulga-acordo-de-parceira-com-instituto-dos-advogados-de-santa-catarina.html#primaryimage"},"image":{"@id":"https:\/\/mhcalculos.com.br\/noticias\/colunas\/mh-calculos-divulga-acordo-de-parceira-com-instituto-dos-advogados-de-santa-catarina.html#primaryimage"},"thumbnailUrl":"https:\/\/mhcalculos.com.br\/noticias\/wp-content\/uploads\/sites\/2\/2018\/05\/Dropbox_judiciario-0011.jpg","datePublished":"2018-05-17T13:54:44+00:00","dateModified":"2021-07-28T17:34:57+00:00","author":{"@id":"https:\/\/mhcalculos.com.br\/noticias\/#\/schema\/person\/88d1c34bf72dc779ea14a5a6b8e0ae8d"},"breadcrumb":{"@id":"https:\/\/mhcalculos.com.br\/noticias\/colunas\/mh-calculos-divulga-acordo-de-parceira-com-instituto-dos-advogados-de-santa-catarina.html#breadcrumb"},"inLanguage":"pt-BR","potentialAction":[{"@type":"ReadAction","target":["https:\/\/mhcalculos.com.br\/noticias\/colunas\/mh-calculos-divulga-acordo-de-parceira-com-instituto-dos-advogados-de-santa-catarina.html"]}]},{"@type":"ImageObject","inLanguage":"pt-BR","@id":"https:\/\/mhcalculos.com.br\/noticias\/colunas\/mh-calculos-divulga-acordo-de-parceira-com-instituto-dos-advogados-de-santa-catarina.html#primaryimage","url":"https:\/\/mhcalculos.com.br\/noticias\/wp-content\/uploads\/sites\/2\/2018\/05\/Dropbox_judiciario-0011.jpg","contentUrl":"https:\/\/mhcalculos.com.br\/noticias\/wp-content\/uploads\/sites\/2\/2018\/05\/Dropbox_judiciario-0011.jpg","width":2000,"height":800},{"@type":"BreadcrumbList","@id":"https:\/\/mhcalculos.com.br\/noticias\/colunas\/mh-calculos-divulga-acordo-de-parceira-com-instituto-dos-advogados-de-santa-catarina.html#breadcrumb","itemListElement":[{"@type":"ListItem","position":1,"name":"In\u00edcio","item":"https:\/\/mhcalculos.com.br\/noticias\/"},{"@type":"ListItem","position":2,"name":"MH C\u00e1lculos divulga acordo de parceira com Instituto dos Advogados de Santa Catarina"}]},{"@type":"WebSite","@id":"https:\/\/mhcalculos.com.br\/noticias\/#website","url":"https:\/\/mhcalculos.com.br\/noticias\/","name":"Portal de Not\u00edcias","description":"Not\u00edcias e Jurisprud\u00eancia","potentialAction":[{"@type":"SearchAction","target":{"@type":"EntryPoint","urlTemplate":"https:\/\/mhcalculos.com.br\/noticias\/?s={search_term_string}"},"query-input":{"@type":"PropertyValueSpecification","valueRequired":true,"valueName":"search_term_string"}}],"inLanguage":"pt-BR"},{"@type":"Person","@id":"https:\/\/mhcalculos.com.br\/noticias\/#\/schema\/person\/88d1c34bf72dc779ea14a5a6b8e0ae8d","name":"Equipe MH","image":{"@type":"ImageObject","inLanguage":"pt-BR","@id":"https:\/\/secure.gravatar.com\/avatar\/de1c686c2ecc9c5a3f327e3431d819eb39f8f05d4e1045f5a1caad6daaba987f?s=96&d=mm&r=g","url":"https:\/\/secure.gravatar.com\/avatar\/de1c686c2ecc9c5a3f327e3431d819eb39f8f05d4e1045f5a1caad6daaba987f?s=96&d=mm&r=g","contentUrl":"https:\/\/secure.gravatar.com\/avatar\/de1c686c2ecc9c5a3f327e3431d819eb39f8f05d4e1045f5a1caad6daaba987f?s=96&d=mm&r=g","caption":"Equipe MH"}}]}},"_links":{"self":[{"href":"https:\/\/mhcalculos.com.br\/noticias\/wp-json\/wp\/v2\/posts\/1411","targetHints":{"allow":["GET"]}}],"collection":[{"href":"https:\/\/mhcalculos.com.br\/noticias\/wp-json\/wp\/v2\/posts"}],"about":[{"href":"https:\/\/mhcalculos.com.br\/noticias\/wp-json\/wp\/v2\/types\/post"}],"author":[{"embeddable":true,"href":"https:\/\/mhcalculos.com.br\/noticias\/wp-json\/wp\/v2\/users\/3063"}],"replies":[{"embeddable":true,"href":"https:\/\/mhcalculos.com.br\/noticias\/wp-json\/wp\/v2\/comments?post=1411"}],"version-history":[{"count":1,"href":"https:\/\/mhcalculos.com.br\/noticias\/wp-json\/wp\/v2\/posts\/1411\/revisions"}],"predecessor-version":[{"id":1414,"href":"https:\/\/mhcalculos.com.br\/noticias\/wp-json\/wp\/v2\/posts\/1411\/revisions\/1414"}],"wp:featuredmedia":[{"embeddable":true,"href":"https:\/\/mhcalculos.com.br\/noticias\/wp-json\/wp\/v2\/media\/1413"}],"wp:attachment":[{"href":"https:\/\/mhcalculos.com.br\/noticias\/wp-json\/wp\/v2\/media?parent=1411"}],"wp:term":[{"taxonomy":"category","embeddable":true,"href":"https:\/\/mhcalculos.com.br\/noticias\/wp-json\/wp\/v2\/categories?post=1411"},{"taxonomy":"post_tag","embeddable":true,"href":"https:\/\/mhcalculos.com.br\/noticias\/wp-json\/wp\/v2\/tags?post=1411"}],"curies":[{"name":"wp","href":"https:\/\/api.w.org\/{rel}","templated":true}]}}