{"id":13827,"date":"2025-04-28T10:05:05","date_gmt":"2025-04-28T13:05:05","guid":{"rendered":"https:\/\/mhcalculos.com.br\/noticias\/cidadania\/asid-brasil-e-reconhecida-no-premio-curitiba-mais-criativa.html"},"modified":"2025-04-28T10:05:05","modified_gmt":"2025-04-28T13:05:05","slug":"asid-brasil-e-reconhecida-no-premio-curitiba-mais-criativa","status":"publish","type":"post","link":"https:\/\/mhcalculos.com.br\/noticias\/cidadania\/asid-brasil-e-reconhecida-no-premio-curitiba-mais-criativa.html","title":{"rendered":"ASID Brasil \u00e9 reconhecida no Pr\u00eamio Curitiba Mais Criativa"},"content":{"rendered":"<p> <br \/>\n<\/p>\n<div data-elementor-type=\"wp-post\" data-elementor-id=\"26656\" class=\"elementor elementor-26656\">\n<div class=\"elementor-element elementor-element-34da6aae she-header-yes e-flex e-con-boxed wpr-particle-no wpr-jarallax-no wpr-parallax-no wpr-sticky-section-no e-con e-parent\" data-id=\"34da6aae\" data-element_type=\"container\" data-settings=\"{&quot;background_background&quot;:&quot;classic&quot;,&quot;transparent&quot;:&quot;yes&quot;,&quot;scroll_distance&quot;:{&quot;unit&quot;:&quot;px&quot;,&quot;size&quot;:&quot;&quot;,&quot;sizes&quot;:[]},&quot;transparent_on&quot;:[&quot;desktop&quot;,&quot;tablet&quot;,&quot;mobile&quot;],&quot;scroll_distance_tablet&quot;:{&quot;unit&quot;:&quot;px&quot;,&quot;size&quot;:&quot;&quot;,&quot;sizes&quot;:[]},&quot;scroll_distance_mobile&quot;:{&quot;unit&quot;:&quot;px&quot;,&quot;size&quot;:&quot;&quot;,&quot;sizes&quot;:[]},&quot;she_offset_top&quot;:{&quot;unit&quot;:&quot;px&quot;,&quot;size&quot;:0,&quot;sizes&quot;:[]},&quot;she_offset_top_tablet&quot;:{&quot;unit&quot;:&quot;px&quot;,&quot;size&quot;:&quot;&quot;,&quot;sizes&quot;:[]},&quot;she_offset_top_mobile&quot;:{&quot;unit&quot;:&quot;px&quot;,&quot;size&quot;:&quot;&quot;,&quot;sizes&quot;:[]},&quot;she_width&quot;:{&quot;unit&quot;:&quot;%&quot;,&quot;size&quot;:100,&quot;sizes&quot;:[]},&quot;she_width_tablet&quot;:{&quot;unit&quot;:&quot;px&quot;,&quot;size&quot;:&quot;&quot;,&quot;sizes&quot;:[]},&quot;she_width_mobile&quot;:{&quot;unit&quot;:&quot;px&quot;,&quot;size&quot;:&quot;&quot;,&quot;sizes&quot;:[]},&quot;she_padding&quot;:{&quot;unit&quot;:&quot;px&quot;,&quot;top&quot;:0,&quot;right&quot;:&quot;&quot;,&quot;bottom&quot;:0,&quot;left&quot;:&quot;&quot;,&quot;isLinked&quot;:true},&quot;she_padding_tablet&quot;:{&quot;unit&quot;:&quot;px&quot;,&quot;top&quot;:&quot;&quot;,&quot;right&quot;:&quot;&quot;,&quot;bottom&quot;:&quot;&quot;,&quot;left&quot;:&quot;&quot;,&quot;isLinked&quot;:true},&quot;she_padding_mobile&quot;:{&quot;unit&quot;:&quot;px&quot;,&quot;top&quot;:&quot;&quot;,&quot;right&quot;:&quot;&quot;,&quot;bottom&quot;:&quot;&quot;,&quot;left&quot;:&quot;&quot;,&quot;isLinked&quot;:true}}\">\n<div class=\"e-con-inner\">\n<div class=\"elementor-element elementor-element-55e64444 e-flex e-con-boxed wpr-particle-no wpr-jarallax-no wpr-parallax-no wpr-sticky-section-no e-con e-child\" data-id=\"55e64444\" data-element_type=\"container\">\n<div class=\"e-con-inner\">\n<div class=\"elementor-element elementor-element-74d44d88 e-con-full e-flex wpr-particle-no wpr-jarallax-no wpr-parallax-no wpr-sticky-section-no e-con e-child\" data-id=\"74d44d88\" data-element_type=\"container\">\n<div class=\"elementor-element elementor-element-1a3ef691 elementor-widget__width-auto elementor-widget elementor-widget-image\" data-id=\"1a3ef691\" data-element_type=\"widget\" data-widget_type=\"image.default\">\n<div class=\"elementor-widget-container\">\n\t\t\t\t\t\t\t\t\t\t\t\t\t\t\t\t<a href=\"https:\/\/85r.df2.myftpupload.com\/\"><br \/>\n\t\t\t\t\t\t\t\t\t\t\t\t\t\t\t<\/a>\n\t\t\t\t\t\t\t\t\t\t\t\t\t\t\t<\/div>\n<\/p><\/div>\n<\/p><\/div>\n<div class=\"elementor-element elementor-element-260eb4cf e-con-full e-flex wpr-particle-no wpr-jarallax-no wpr-parallax-no wpr-sticky-section-no e-con e-child\" data-id=\"260eb4cf\" data-element_type=\"container\">\n<div class=\"elementor-element elementor-element-62639424 elementor-widget__width-auto elementor-widget elementor-widget-ekit-nav-menu\" data-id=\"62639424\" data-element_type=\"widget\" data-widget_type=\"ekit-nav-menu.default\">\n<div class=\"elementor-widget-container\">\n<nav class=\"ekit-wid-con ekit_menu_responsive_tablet\" data-hamburger-icon=\"icon icon-menu-button-of-three-horizontal-lines\" data-hamburger-icon-type=\"icon\" data-responsive-breakpoint=\"1024\">\n\t\t\t            <button class=\"elementskit-menu-hamburger elementskit-menu-toggler\" type=\"button\" aria-label=\"hamburger-icon\"><br \/>\n                <i aria-hidden=\"true\" class=\"ekit-menu-icon icon icon-menu-button-of-three-horizontal-lines\"><\/i>            <\/button><\/p>\n<div id=\"ekit-megamenu-principal\" class=\"elementskit-menu-container elementskit-menu-offcanvas-elements elementskit-navbar-nav-default ekit-nav-menu-one-page- ekit-nav-dropdown-hover\">\n<ul id=\"menu-principal\" class=\"elementskit-navbar-nav elementskit-menu-po-right submenu-click-on-icon\">\n<li id=\"menu-item-22763\" class=\"menu-item menu-item-type-post_type menu-item-object-page menu-item-home menu-item-has-children menu-item-22763 nav-item elementskit-dropdown-has relative_position elementskit-dropdown-menu-default_width elementskit-mobile-builder-content\" data-vertical-menu=\"750px\"><a href=\"https:\/\/asidbrasil.org.br\/\" class=\"ekit-menu-nav-link ekit-menu-dropdown-toggle\">In\u00edcio<i aria-hidden=\"true\" class=\"icon icon-plus elementskit-submenu-indicator\"><\/i><\/a>\n<ul class=\"elementskit-dropdown elementskit-submenu-panel\">\n<li id=\"menu-item-23128\" class=\"menu-item menu-item-type-custom menu-item-object-custom menu-item-home menu-item-23128 nav-item elementskit-mobile-builder-content\" data-vertical-menu=\"750px\"><a href=\"https:\/\/asidbrasil.org.br\/#sobre-nos\" class=\" dropdown-item\">Sobre N\u00f3s<\/a>\n<li id=\"menu-item-23130\" class=\"menu-item menu-item-type-custom menu-item-object-custom menu-item-home menu-item-23130 nav-item elementskit-mobile-builder-content\" data-vertical-menu=\"750px\"><a href=\"https:\/\/asidbrasil.org.br\/#historia\" class=\" dropdown-item\">Hist\u00f3ria<\/a>\n<li id=\"menu-item-23132\" class=\"menu-item menu-item-type-custom menu-item-object-custom menu-item-home menu-item-23132 nav-item elementskit-mobile-builder-content\" data-vertical-menu=\"750px\"><a href=\"https:\/\/asidbrasil.org.br\/#pilares\" class=\" dropdown-item\">Pilares<\/a>\n<li id=\"menu-item-23133\" class=\"menu-item menu-item-type-custom menu-item-object-custom menu-item-home menu-item-23133 nav-item elementskit-mobile-builder-content\" data-vertical-menu=\"750px\"><a href=\"https:\/\/asidbrasil.org.br\/#atuacao\" class=\" dropdown-item\">Atua\u00e7\u00e3o<\/a>\n<li id=\"menu-item-23134\" class=\"menu-item menu-item-type-custom menu-item-object-custom menu-item-home menu-item-23134 nav-item elementskit-mobile-builder-content\" data-vertical-menu=\"750px\"><a href=\"https:\/\/asidbrasil.org.br\/#reconhecimentos\" class=\" dropdown-item\">Reconhecimentos<\/a><\/ul>\n<\/li>\n<li id=\"menu-item-451\" class=\"menu-item menu-item-type-post_type menu-item-object-page menu-item-has-children menu-item-451 nav-item elementskit-dropdown-has relative_position elementskit-dropdown-menu-default_width elementskit-mobile-builder-content\" data-vertical-menu=\"750px\"><a href=\"https:\/\/asidbrasil.org.br\/solucoes\/\" class=\"ekit-menu-nav-link ekit-menu-dropdown-toggle\">Solu\u00e7\u00f5es<i aria-hidden=\"true\" class=\"icon icon-plus elementskit-submenu-indicator\"><\/i><\/a>\n<ul class=\"elementskit-dropdown elementskit-submenu-panel\">\n<li id=\"menu-item-23147\" class=\"menu-item menu-item-type-custom menu-item-object-custom menu-item-23147 nav-item elementskit-mobile-builder-content\" data-vertical-menu=\"750px\"><a href=\"https:\/\/asidbrasil.org.br\/solucoes\/#como-atuamos-solucoes\" class=\" dropdown-item\">Como Atuamos<\/a>\n<li id=\"menu-item-23148\" class=\"menu-item menu-item-type-custom menu-item-object-custom menu-item-23148 nav-item elementskit-mobile-builder-content\" data-vertical-menu=\"750px\"><a href=\"https:\/\/asidbrasil.org.br\/solucoes\/#nossas-solucoes\" class=\" dropdown-item\">Nossas Solu\u00e7\u00f5es<\/a><\/ul>\n<\/li>\n<li id=\"menu-item-22125\" class=\"menu-item menu-item-type-post_type menu-item-object-page menu-item-has-children menu-item-22125 nav-item elementskit-dropdown-has relative_position elementskit-dropdown-menu-default_width elementskit-mobile-builder-content\" data-vertical-menu=\"750px\"><a href=\"https:\/\/asidbrasil.org.br\/para-empresas\/\" class=\"ekit-menu-nav-link ekit-menu-dropdown-toggle\">Empresas<i aria-hidden=\"true\" class=\"icon icon-plus elementskit-submenu-indicator\"><\/i><\/a>\n<ul class=\"elementskit-dropdown elementskit-submenu-panel\">\n<li id=\"menu-item-23135\" class=\"menu-item menu-item-type-custom menu-item-object-custom menu-item-23135 nav-item elementskit-mobile-builder-content\" data-vertical-menu=\"750px\"><a href=\"https:\/\/asidbrasil.org.br\/para-empresas\/#como-atuamos\" class=\" dropdown-item\">Como Atuamos<\/a>\n<li id=\"menu-item-23136\" class=\"menu-item menu-item-type-custom menu-item-object-custom menu-item-23136 nav-item elementskit-mobile-builder-content\" data-vertical-menu=\"750px\"><a href=\"https:\/\/asidbrasil.org.br\/para-empresas\/#investimento-social-privado\" class=\" dropdown-item\">Investimento Social Privado<\/a>\n<li id=\"menu-item-23139\" class=\"menu-item menu-item-type-custom menu-item-object-custom menu-item-23139 nav-item elementskit-mobile-builder-content\" data-vertical-menu=\"750px\"><a href=\"https:\/\/asidbrasil.org.br\/para-empresas\/#licenciamento\" class=\" dropdown-item\">Licenciamento<\/a>\n<li id=\"menu-item-23140\" class=\"menu-item menu-item-type-custom menu-item-object-custom menu-item-23140 nav-item elementskit-mobile-builder-content\" data-vertical-menu=\"750px\"><a href=\"https:\/\/asidbrasil.org.br\/para-empresas\/#clube-do-emprego\" class=\" dropdown-item\">Clube do Emprego<\/a>\n<li id=\"menu-item-23141\" class=\"menu-item menu-item-type-custom menu-item-object-custom menu-item-23141 nav-item elementskit-mobile-builder-content\" data-vertical-menu=\"750px\"><a href=\"https:\/\/asidbrasil.org.br\/para-empresas\/#selos\" class=\" dropdown-item\">Selos<\/a><\/ul>\n<\/li>\n<li id=\"menu-item-21956\" class=\"menu-item menu-item-type-post_type menu-item-object-page menu-item-21956 nav-item elementskit-mobile-builder-content\" data-vertical-menu=\"750px\"><a href=\"https:\/\/asidbrasil.org.br\/comunidades-asid\/\" class=\"ekit-menu-nav-link\">Comunidades<\/a><\/li>\n<li id=\"menu-item-22348\" class=\"menu-item menu-item-type-post_type menu-item-object-page menu-item-has-children menu-item-22348 nav-item elementskit-dropdown-has relative_position elementskit-dropdown-menu-default_width elementskit-mobile-builder-content\" data-vertical-menu=\"750px\"><a href=\"https:\/\/asidbrasil.org.br\/para-pessoa-com-deficiencia\/\" class=\"ekit-menu-nav-link ekit-menu-dropdown-toggle\">Pessoa com Defici\u00eancia<i aria-hidden=\"true\" class=\"icon icon-plus elementskit-submenu-indicator\"><\/i><\/a>\n<ul class=\"elementskit-dropdown elementskit-submenu-panel\">\n<li id=\"menu-item-23142\" class=\"menu-item menu-item-type-custom menu-item-object-custom menu-item-23142 nav-item elementskit-mobile-builder-content\" data-vertical-menu=\"750px\"><a href=\"https:\/\/asidbrasil.org.br\/para-pessoa-com-deficiencia\/#como-atuamos-pcd\" class=\" dropdown-item\">Como Atuamos<\/a>\n<li id=\"menu-item-23143\" class=\"menu-item menu-item-type-custom menu-item-object-custom menu-item-23143 nav-item elementskit-mobile-builder-content\" data-vertical-menu=\"750px\"><a href=\"https:\/\/asidbrasil.org.br\/para-pessoa-com-deficiencia\/#projetos\" class=\" dropdown-item\">Projetos<\/a>\n<li id=\"menu-item-23144\" class=\"menu-item menu-item-type-custom menu-item-object-custom menu-item-23144 nav-item elementskit-mobile-builder-content\" data-vertical-menu=\"750px\"><a href=\"https:\/\/asidbrasil.org.br\/para-pessoa-com-deficiencia\/#clube-do-emprego-pcd\" class=\" dropdown-item\">Clube do Emprego<\/a>\n<li id=\"menu-item-23145\" class=\"menu-item menu-item-type-custom menu-item-object-custom menu-item-23145 nav-item elementskit-mobile-builder-content\" data-vertical-menu=\"750px\"><a href=\"https:\/\/asidbrasil.org.br\/para-pessoa-com-deficiencia\/#comunidades\" class=\" dropdown-item\">Comunidades<\/a>\n<li id=\"menu-item-23146\" class=\"menu-item menu-item-type-custom menu-item-object-custom menu-item-23146 nav-item elementskit-mobile-builder-content\" data-vertical-menu=\"750px\"><a href=\"https:\/\/asidbrasil.org.br\/para-pessoa-com-deficiencia\/#conteudo\" class=\" dropdown-item\">Conte\u00fado<\/a><\/ul>\n<\/li>\n<li id=\"menu-item-22074\" class=\"menu-item menu-item-type-post_type menu-item-object-page menu-item-has-children menu-item-22074 nav-item elementskit-dropdown-has relative_position elementskit-dropdown-menu-default_width elementskit-mobile-builder-content\" data-vertical-menu=\"750px\"><a href=\"https:\/\/asidbrasil.org.br\/conteudo\/\" class=\"ekit-menu-nav-link ekit-menu-dropdown-toggle\">Conte\u00fado<i aria-hidden=\"true\" class=\"icon icon-plus elementskit-submenu-indicator\"><\/i><\/a>\n<ul class=\"elementskit-dropdown elementskit-submenu-panel\">\n<li id=\"menu-item-22691\" class=\"menu-item menu-item-type-post_type menu-item-object-page menu-item-22691 nav-item elementskit-mobile-builder-content\" data-vertical-menu=\"750px\"><a href=\"https:\/\/asidbrasil.org.br\/blog\/\" class=\" dropdown-item\">Blog<\/a>\n<li id=\"menu-item-23149\" class=\"menu-item menu-item-type-custom menu-item-object-custom menu-item-23149 nav-item elementskit-mobile-builder-content\" data-vertical-menu=\"750px\"><a href=\"https:\/\/asidbrasil.org.br\/conteudo\/#biblioteca-digital\" class=\" dropdown-item\">Biblioteca Digital<\/a>\n<li id=\"menu-item-22711\" class=\"menu-item menu-item-type-custom menu-item-object-custom menu-item-22711 nav-item elementskit-mobile-builder-content\" data-vertical-menu=\"750px\"><a href=\"https:\/\/asidbrasil.org.br\/conteudo\/#relatorios-de-impacto\" class=\" dropdown-item\">Relat\u00f3rios de Impacto<\/a>\n<li id=\"menu-item-22712\" class=\"menu-item menu-item-type-custom menu-item-object-custom menu-item-22712 nav-item elementskit-mobile-builder-content\" data-vertical-menu=\"750px\"><a href=\"https:\/\/asidbrasil.org.br\/conteudo\/#transparencia\" class=\" dropdown-item\">Transpar\u00eancia<\/a><\/ul>\n<\/li>\n<\/ul>\n<div class=\"elementskit-nav-identity-panel\"><a class=\"elementskit-nav-logo\" href=\"https:\/\/asidbrasil.org.br\" target=\"\" rel=\"\"><img decoding=\"async\" data-src=\"https:\/\/85r.df2.myftpupload.com\/novo.asidbrasil.org.br\/wp-content\/uploads\/2022\/11\/Logo_principal_colorida.png\" title=\"Logo ASID Brasil\" alt=\"Logo ASID Brasil\" src=\"data:image\/svg+xml;base64,PHN2ZyB3aWR0aD0iMSIgaGVpZ2h0PSIxIiB4bWxucz0iaHR0cDovL3d3dy53My5vcmcvMjAwMC9zdmciPjwvc3ZnPg==\" class=\"lazyload\" \/><\/a><button class=\"elementskit-menu-close elementskit-menu-toggler\" type=\"button\">X<\/button><\/div>\n<\/div>\n<div class=\"elementskit-menu-overlay elementskit-menu-offcanvas-elements elementskit-menu-toggler ekit-nav-menu--overlay\"><\/div>\n<\/nav><\/div>\n<\/p><\/div>\n<\/p><\/div>\n<\/p><\/div>\n<\/p><\/div>\n<\/p><\/div>\n<\/p><\/div>\n<div class=\"elementor-element elementor-element-523f19b e-flex e-con-boxed wpr-particle-no wpr-jarallax-no wpr-parallax-no wpr-sticky-section-no e-con e-parent\" data-id=\"523f19b\" data-element_type=\"container\">\n<div class=\"e-con-inner\">\n<div class=\"elementor-element elementor-element-531fcc5 e-con-full e-flex wpr-particle-no wpr-jarallax-no wpr-parallax-no wpr-sticky-section-no e-con e-child\" data-id=\"531fcc5\" data-element_type=\"container\">\n<div class=\"elementor-element elementor-element-4d565b2 elementor-widget elementor-widget-image\" data-id=\"4d565b2\" data-element_type=\"widget\" data-widget_type=\"image.default\">\n<div class=\"elementor-widget-container\">\n\t\t\t\t\t\t\t\t\t\t\t\t\t\t\t<img decoding=\"async\" width=\"1920\" height=\"1080\" data-src=\"https:\/\/asidbrasil.org.br\/wp-content\/uploads\/2025\/04\/PREMIO-BLOG.jpg\" class=\"attachment-full size-full wp-image-26658 lazyload\" alt=\"Trof\u00e9u &quot;Curitiba mais criativa&quot;.\" src=\"data:image\/svg+xml;base64,PHN2ZyB3aWR0aD0iMSIgaGVpZ2h0PSIxIiB4bWxucz0iaHR0cDovL3d3dy53My5vcmcvMjAwMC9zdmciPjwvc3ZnPg==\" style=\"--smush-placeholder-width: 1920px; --smush-placeholder-aspect-ratio: 1920\/1080;\" \/>\t\t\t\t\t\t\t\t\t\t\t\t\t\t\t<\/div>\n<\/p><\/div>\n<div class=\"elementor-element elementor-element-a52fec8 elementor-widget elementor-widget-heading\" data-id=\"a52fec8\" data-element_type=\"widget\" data-widget_type=\"heading.default\">\n<div class=\"elementor-widget-container\">\n<h1 class=\"elementor-heading-title elementor-size-default\">ASID Brasil \u00e9 reconhecida no Pr\u00eamio Curitiba Mais Criativa<\/h1>\n<\/p><\/div>\n<\/p><\/div>\n<div class=\"elementor-element elementor-element-e38f4f8 elementor-widget elementor-widget-text-editor\" data-id=\"e38f4f8\" data-element_type=\"widget\" data-widget_type=\"text-editor.default\">\n<div class=\"elementor-widget-container\">\n<p><span style=\"font-weight: 400\">O <\/span><span style=\"font-weight: 400\">World Creativity Day \u00e9 o maior festival colaborativo de criatividade do mundo. Ele aconteceu nos dias 21, 22 e 23 de Abril em Curitiba. Foram momentos que expressaram bem como o empreendedorismo de Curitiba carrega criatividade no DNA dela. A ASID Brasil esteve presente no evento com uma oficina sobre criatividade empregada em projetos de inclus\u00e3o socioecon\u00f4mica. <\/span><b>Al\u00e9m disso, o Programa Habilita da ASID Brasil foi contemplado no Pr\u00eamio Curitiba Mais Criativa.<\/b><\/p>\n<\/p><\/div>\n<\/p><\/div>\n<div class=\"elementor-element elementor-element-8cce9a3 elementor-widget elementor-widget-text-editor\" data-id=\"8cce9a3\" data-element_type=\"widget\" data-widget_type=\"text-editor.default\">\n<div class=\"elementor-widget-container\">\n<p><span style=\"font-weight: 400\">Curitiba, uma eterna pot\u00eancia empreendedora!<\/span><\/p>\n<\/p><\/div>\n<\/p><\/div>\n<div class=\"elementor-element elementor-element-7d31e98 elementor-widget elementor-widget-text-editor\" data-id=\"7d31e98\" data-element_type=\"widget\" data-widget_type=\"text-editor.default\">\n<div class=\"elementor-widget-container\">\n<p><span style=\"font-weight: 400\">O <\/span><span style=\"font-weight: 400\">World Creativity Day combinou talentos, neg\u00f3cios e tecnologias para impulsionar a inova\u00e7\u00e3o. O Festival ganhou forma em Curitiba, sob a lideran\u00e7a local de <a href=\"https:\/\/www.instagram.com\/p\/C_d9l4AR2jL\/\">Raphaella Ca\u00e7apava<\/a>, jornalista e estrategista de marca e<a href=\"https:\/\/www.instagram.com\/eugenio_calixto\/\"> Eug\u00eanio Calixto<\/a>, Estrategista de Marca.<\/span><\/p>\n<p><span style=\"font-weight: 400\"><br \/>O prop\u00f3sito do World Creativity Day foi celebrar o Dia Mundial da Criatividade com muita arte, m\u00fasica, debate de ideias, empreendedorismo e inova\u00e7\u00e3o social. Foram criados espa\u00e7os em 3 locais de Curitiba, para aplica\u00e7\u00e3o de oficinas e palestras. Foram mais de 58 atividades realizadas, al\u00e9m da Premia\u00e7\u00e3o Curitiba Mais Criativa.<\/span><\/p>\n<\/p><\/div>\n<\/p><\/div>\n<div class=\"elementor-element elementor-element-4dc5e5d elementor-widget elementor-widget-text-editor\" data-id=\"4dc5e5d\" data-element_type=\"widget\" data-widget_type=\"text-editor.default\">\n<div class=\"elementor-widget-container\">\n<p><span style=\"font-weight: 400\">Quanta criatividade existe para a inclus\u00e3o?<\/span><\/p>\n<\/p><\/div>\n<\/p><\/div>\n<div class=\"elementor-element elementor-element-eeca5e4 elementor-widget elementor-widget-text-editor\" data-id=\"eeca5e4\" data-element_type=\"widget\" data-widget_type=\"text-editor.default\">\n<div class=\"elementor-widget-container\">\n<p><span style=\"font-weight: 400\">Dentro desse contexto todo, a ASID Brasil n\u00e3o poderia deixar de estar presente.<\/span><span style=\"font-weight: 400\"> Edilayne Ribeiro (Especialista em Diversidade) e Gabriela Bonet (L\u00edder de Comunica\u00e7\u00e3o) realizaram a Oficina \u201cCriatividade como ferramenta para a inclus\u00e3o\u201d.<\/span><\/p>\n<p><span style=\"font-weight: 400\">O momento refor\u00e7ou o valor institucional \u201ccriatividade\u201d da ASID. Afinal, a inclus\u00e3o social demanda de muitos saberes criativos para:<\/span><\/p>\n<ul>\n<li style=\"font-weight: 400\"><span style=\"font-weight: 400\">Causar impacto na vida de pessoas com defici\u00eancia;<\/span><\/li>\n<li style=\"font-weight: 400\"><span style=\"font-weight: 400\">Envolver times e equipes em torno de um mesmo prop\u00f3sito;<\/span><\/li>\n<li style=\"font-weight: 400\"><span style=\"font-weight: 400\">Combinar ideias de forma inovadora e diferenciada.<\/span><\/li>\n<\/ul>\n<p><span style=\"font-weight: 400\">A oficina ocorreu em 22 de Abril de 2025 no Centro Universit\u00e1rio UniOpet, em Curitiba. Apresentamos reflex\u00f5es dos estere\u00f3tipos de pessoas com defici\u00eancia; exemplos de Inova\u00e7\u00e3o Social para os desafios apresentados e provocamos a criatividade em a\u00e7\u00e3o com uma atividade manual para fixar conhecimentos.\u00a0<br \/><\/span><\/p>\n<\/p><\/div>\n<\/p><\/div>\n<div class=\"elementor-element elementor-element-bac76c6 elementor-widget elementor-widget-text-editor\" data-id=\"bac76c6\" data-element_type=\"widget\" data-widget_type=\"text-editor.default\">\n<div class=\"elementor-widget-container\">\n<p><span style=\"font-weight: 400\">Reconhecer estrat\u00e9gias de inova\u00e7\u00e3o para gerar mudan\u00e7as sociais<\/span><\/p>\n<\/p><\/div>\n<\/p><\/div>\n<div class=\"elementor-element elementor-element-1abb8d0 elementor-widget elementor-widget-text-editor\" data-id=\"1abb8d0\" data-element_type=\"widget\" data-widget_type=\"text-editor.default\">\n<div class=\"elementor-widget-container\">\n<p class=\"ember-view reader-text-block__heading-3\"><span style=\"font-weight: 400\">Al\u00e9m disso, o Pr\u00eamio Curitiba Mais Criativa mobilizou iniciativas Curitibanas em mais de 14 categorias. Ficamos entre os finalistas com a <\/span><a href=\"https:\/\/asidbrasil.org.br\/2025\/04\/24\/conheca-o-programa-habilita-uma-inovacao-a-servico-do-protagonismo-das-pessoas-com-deficiencia\/\"><span style=\"font-weight: 400\">Plataforma Habilita<\/span><\/a><span style=\"font-weight: 400\"> , que \u00e9 pioneira em Curitiba a oferecer cursos livres e gratuitos de tecnologia sob medida para o p\u00fablico com defici\u00eancia.<\/span><span style=\"font-weight: 400\"><br \/><\/span><span style=\"font-weight: 400\"><br \/><\/span><b>O Habilita conquistou o Primeiro Lugar na \u201cInova\u00e7\u00e3o Social e Impacto Comunit\u00e1rio\u201d.\u00a0<\/b><\/p>\n<p><span style=\"font-weight: 400\">A conquista desse pr\u00eamio trouxe visibilidade para a causa da inclus\u00e3o e o protagonismo da pessoa com defici\u00eancia em nossa cidade natal. O Habilita \u00e9 um grande sonho de escalabilidade do impacto pela ASID: uma plataforma de cursos de tecnologia voltada a fomentar o desenvolvimento profissional e a empregabilidade de pessoas com defici\u00eancia.\u00a0<\/span><\/p>\n<p><span style=\"font-weight: 400\">O Habilita \u00e9 a resposta \u00e0 falta de acessibilidade comunicacional e metodol\u00f3gica na educa\u00e7\u00e3o profissional. Sem solu\u00e7\u00f5es acess\u00edveis no ciclo de aprendizagem, pessoas com defici\u00eancia enfrentam barreiras. S\u00e3o consequ\u00eancias da presen\u00e7a dessas barreiras:<\/span><\/p>\n<ul>\n<li style=\"font-weight: 400\"><span style=\"font-weight: 400\">Exclus\u00e3o no mercado formal;<\/span><\/li>\n<li style=\"font-weight: 400\"><span style=\"font-weight: 400\">Afastamento do acesso \u00e0 renda;<\/span><\/li>\n<li style=\"font-weight: 400\"><span style=\"font-weight: 400\">Perda do protagonismo na profiss\u00e3o;<\/span><\/li>\n<li style=\"font-weight: 400\"><span style=\"font-weight: 400\">Falta de oportunidades econ\u00f4micas.<\/span><span style=\"font-weight: 400\"><br \/><\/span><\/li>\n<\/ul>\n<p><span style=\"font-weight: 400\">Ter essa iniciativa reconhecida, em t\u00e3o pouco tempo de exist\u00eancia (o lan\u00e7amento da plataforma digital ocorreu em mar\u00e7o de 2025) impulsiona o compromisso da ASID em gerar inova\u00e7\u00e3o social e escalar seu impacto comunit\u00e1rio. <\/span><a href=\"https:\/\/asidbrasil.org.br\/2025\/04\/24\/conheca-o-programa-habilita-uma-inovacao-a-servico-do-protagonismo-das-pessoas-com-deficiencia\/\"><span style=\"font-weight: 400\">Confira mais sobre o programa.<\/span><\/a><\/p>\n<p><span style=\"font-weight: 400\">A cerim\u00f4nia de premia\u00e7\u00e3o aconteceu em 23 de abril no Hard Rock Caf\u00e9, em Curitiba. Junto da ASID Brasil, mais iniciativas e organiza\u00e7\u00f5es sociais foram contempladas na premia\u00e7\u00e3o em variadas categorias: Incanto, Instituto Supera, SustentHabilidade, Projeto Ler e Pensar, Festival Cultural da Vila Torres, Passos da Crian\u00e7a.\u00a0<\/span><\/p>\n<p><a href=\"https:\/\/www.instagram.com\/p\/DIz5qK8xp9n\/?img_index=1\"><span style=\"font-weight: 400\">Confira esse momento nas nossas redes sociais<\/span><\/a><\/p>\n<\/p><\/div>\n<\/p><\/div>\n<div class=\"elementor-element elementor-element-10225c7 elementor-widget-divider--view-line elementor-widget elementor-widget-divider\" data-id=\"10225c7\" data-element_type=\"widget\" data-widget_type=\"divider.default\">\n<div class=\"elementor-widget-container\">\n<div class=\"elementor-divider\">\n\t\t\t<span class=\"elementor-divider-separator\"><br \/>\n\t\t\t\t\t\t<\/span>\n\t\t<\/div>\n<\/p><\/div>\n<\/p><\/div>\n<div class=\"elementor-element elementor-element-dce04ef elementor-widget__width-initial elementor-widget elementor-widget-image\" data-id=\"dce04ef\" data-element_type=\"widget\" data-widget_type=\"image.default\">\n<div class=\"elementor-widget-container\">\n\t\t\t\t\t\t\t\t\t\t\t\t\t\t\t<img decoding=\"async\" width=\"525\" height=\"217\" data-src=\"https:\/\/asidbrasil.org.br\/wp-content\/uploads\/2022\/11\/Logo_principal_colorida-e1680558935183-1024x424.png\" class=\"attachment-large size-large wp-image-148 lazyload\" alt=\"Logo ASID Brasil\" src=\"data:image\/svg+xml;base64,PHN2ZyB3aWR0aD0iMSIgaGVpZ2h0PSIxIiB4bWxucz0iaHR0cDovL3d3dy53My5vcmcvMjAwMC9zdmciPjwvc3ZnPg==\" style=\"--smush-placeholder-width: 525px; --smush-placeholder-aspect-ratio: 525\/217;\" \/>\t\t\t\t\t\t\t\t\t\t\t\t\t\t\t<\/div>\n<\/p><\/div>\n<div class=\"elementor-element elementor-element-141698a7 elementor-widget elementor-widget-elementskit-social-media\" data-id=\"141698a7\" data-element_type=\"widget\" data-widget_type=\"elementskit-social-media.default\">\n<div class=\"elementor-widget-container\">\n<div class=\"ekit-wid-con\">\n<ul class=\"ekit_social_media\">\n<li class=\"elementor-repeater-item-1399011\">\n\t\t\t\t\t    <a href=\"https:\/\/www.instagram.com\/asidbrasil\/\" aria-label=\"Instagram\" class=\"instagram\"><\/p>\n<p>\t\t\t\t\t\t\t<i aria-hidden=\"true\" class=\"fab fa-instagram\"><\/i><br \/>\n                                                                                                            <\/a>\n                    <\/li>\n<li class=\"elementor-repeater-item-c8596be\">\n\t\t\t\t\t    <a href=\"https:\/\/www.youtube.com\/c\/ASIDBrasil\" aria-label=\"YouTube\" class=\"youtube\"><\/p>\n<p>\t\t\t\t\t\t\t<i aria-hidden=\"true\" class=\"fab fa-youtube\"><\/i><br \/>\n                                                                                                            <\/a>\n                    <\/li>\n<li class=\"elementor-repeater-item-048c536\">\n\t\t\t\t\t    <a href=\"https:\/\/www.linkedin.com\/company\/asidbrasil\/\" aria-label=\"Linkedin\" class=\"in\"><\/p>\n<p>\t\t\t\t\t\t\t<i aria-hidden=\"true\" class=\"fab fa-linkedin-in\"><\/i><br \/>\n                                                                                                            <\/a>\n                    <\/li>\n<li class=\"elementor-repeater-item-da8f4de\">\n\t\t\t\t\t    <a href=\"https:\/\/www.facebook.com\/asidbrasil\" aria-label=\"Facebook\" class=\"f\"><\/p>\n<p>\t\t\t\t\t\t\t<i aria-hidden=\"true\" class=\"fab fa-facebook-f\"><\/i><br \/>\n                                                                                                            <\/a>\n                    <\/li>\n<\/ul><\/div>\n<\/p><\/div>\n<\/p><\/div>\n<\/p><\/div>\n<div class=\"elementor-element elementor-element-31a278f e-flex e-con-boxed wpr-particle-no wpr-jarallax-no wpr-parallax-no wpr-sticky-section-no e-con e-child\" data-id=\"31a278f\" data-element_type=\"container\">\n<div class=\"e-con-inner\">\n<div class=\"elementor-element elementor-element-e195419 elementor-widget elementor-widget-sidebar\" data-id=\"e195419\" data-element_type=\"widget\" data-widget_type=\"sidebar.default\">\n<div class=\"elementor-widget-container\">\n<section id=\"recent-posts-2\" class=\"widget widget_recent_entries\">\n<h2 class=\"widget-title\">Posts recentes<\/h2>\n<nav aria-label=\"Posts recentes\">\n<ul>\n<li>\n\t\t\t\t\t<a href=\"https:\/\/asidbrasil.org.br\/2025\/04\/28\/asid-brasil-e-reconhecida-no-premio-curitiba-mais-criativa\/\">ASID Brasil \u00e9 reconhecida no Pr\u00eamio Curitiba Mais Criativa<\/a>\n\t\t\t\t\t\t\t\t\t<\/li>\n<li>\n\t\t\t\t\t<a href=\"https:\/\/asidbrasil.org.br\/2025\/04\/24\/conheca-o-programa-habilita-uma-inovacao-a-servico-do-protagonismo-das-pessoas-com-deficiencia\/\">Conhe\u00e7a o Programa Habilita: uma inova\u00e7\u00e3o \u00e0 servi\u00e7o do protagonismo das pessoas com defici\u00eancia<\/a>\n\t\t\t\t\t\t\t\t\t<\/li>\n<li>\n\t\t\t\t\t<a href=\"https:\/\/asidbrasil.org.br\/2025\/04\/08\/conheca-o-impact-journey-que-desenvolve-liderancas-de-organizacoes-sociais-2\/\">Conhe\u00e7a o Impact Journey que desenvolve lideran\u00e7as de organiza\u00e7\u00f5es sociais<\/a>\n\t\t\t\t\t\t\t\t\t<\/li>\n<\/ul>\n<\/nav>\n<\/section><\/div>\n<\/p><\/div>\n<\/p><\/div>\n<\/p><\/div>\n<\/p><\/div>\n<\/p><\/div>\n<div class=\"elementor-element elementor-element-b636e13 e-flex e-con-boxed wpr-particle-no wpr-jarallax-no wpr-parallax-no wpr-sticky-section-no e-con e-parent\" data-id=\"b636e13\" data-element_type=\"container\">\n<div class=\"e-con-inner\">\n<div class=\"elementor-element elementor-element-26b192c wpr-comment-reply-separate wpr-comment-reply-align-right elementor-widget elementor-widget-wpr-post-comments\" data-id=\"26b192c\" data-element_type=\"widget\" data-widget_type=\"wpr-post-comments.default\">\n<div class=\"elementor-widget-container\">\n<div class=\"wpr-comments-wrap\" id=\"comments\">\n<div id=\"respond\" class=\"comment-respond\">\n<h3 id=\"wpr-reply-title\" class=\"wpr-comment-reply-title\">Deixe seu Coment\u00e1rio <small><a rel=\"nofollow\" id=\"cancel-comment-reply-link\" href=\"\/feed\/#respond\">Cancelar resposta<\/a><\/small><\/h3>\n<p class=\"comment-notes\"><span id=\"email-notes\">O seu endere\u00e7o de e-mail n\u00e3o ser\u00e1 publicado.<\/span> <span class=\"required-field-message\">Campos obrigat\u00f3rios s\u00e3o marcados com <span class=\"required\">*<\/span><\/span><\/p>\n<div class=\"wpr-comment-form-text\"><label>Message<span>*<\/span><\/label><textarea name=\"comment\" cols=\"45\" rows=\"8\"><\/textarea><\/div>\n<div class=\"wpr-comment-form-fields\">\n<div class=\"wpr-comment-form-author\"><label>Name<span>*<\/span><\/label><\/div>\n<div class=\"wpr-comment-form-email\"><label>Email<span>*<\/span><\/label><\/div>\n<\/div>\n<p class=\"form-submit\">\n<\/p>\n<p class=\"akismet-fields-container\" data-prefix=\"ak_\"><label>&#916;<textarea name=\"ak_hp_textarea\" cols=\"45\" rows=\"8\"><\/textarea><\/label>document.getElementById( &#8220;ak_js_1&#8221; ).setAttribute( &#8220;value&#8221;, ( new Date() ).getTime() );<\/p>\n<\/p><\/div>\n<p><!-- #respond -->\n\t<\/div>\n<\/p><\/div>\n<\/p><\/div>\n<\/p><\/div>\n<\/p><\/div>\n<div class=\"elementor-element elementor-element-2574eb9a e-flex e-con-boxed wpr-particle-no wpr-jarallax-no wpr-parallax-no wpr-sticky-section-no e-con e-parent\" data-id=\"2574eb9a\" data-element_type=\"container\" data-settings=\"{&quot;background_background&quot;:&quot;classic&quot;}\">\n<div class=\"e-con-inner\">\n<div class=\"elementor-element elementor-element-7b10195a e-flex e-con-boxed wpr-particle-no wpr-jarallax-no wpr-parallax-no wpr-sticky-section-no e-con e-child\" data-id=\"7b10195a\" data-element_type=\"container\">\n<div class=\"e-con-inner\">\n<div class=\"elementor-element elementor-element-2d6e9636 e-con-full e-flex wpr-particle-no wpr-jarallax-no wpr-parallax-no wpr-sticky-section-no e-con e-child\" data-id=\"2d6e9636\" data-element_type=\"container\">\n<div class=\"elementor-element elementor-element-5ca7db2c e-con-full e-flex wpr-particle-no wpr-jarallax-no wpr-parallax-no wpr-sticky-section-no e-con e-child\" data-id=\"5ca7db2c\" data-element_type=\"container\">\n<div class=\"elementor-element elementor-element-7f7d2eea elementor-widget-tablet__width-initial elementor-widget elementor-widget-image\" data-id=\"7f7d2eea\" data-element_type=\"widget\" data-widget_type=\"image.default\">\n<div class=\"elementor-widget-container\">\n\t\t\t\t\t\t\t\t\t\t\t\t\t\t\t<img decoding=\"async\" width=\"1600\" height=\"648\" data-src=\"https:\/\/asidbrasil.org.br\/wp-content\/uploads\/2022\/11\/Logo_principal_branca-e-azul-e1668114261953.png\" class=\"attachment-full size-full wp-image-145 lazyload\" alt=\"Logo ASID Brasil\" src=\"data:image\/svg+xml;base64,PHN2ZyB3aWR0aD0iMSIgaGVpZ2h0PSIxIiB4bWxucz0iaHR0cDovL3d3dy53My5vcmcvMjAwMC9zdmciPjwvc3ZnPg==\" style=\"--smush-placeholder-width: 1600px; --smush-placeholder-aspect-ratio: 1600\/648;\" \/>\t\t\t\t\t\t\t\t\t\t\t\t\t\t\t<\/div>\n<\/p><\/div>\n<div class=\"elementor-element elementor-element-3f49179 elementor-widget elementor-widget-elementskit-social-media\" data-id=\"3f49179\" data-element_type=\"widget\" data-widget_type=\"elementskit-social-media.default\">\n<div class=\"elementor-widget-container\">\n<div class=\"ekit-wid-con\">\n<ul class=\"ekit_social_media\">\n<li class=\"elementor-repeater-item-1399011\">\n\t\t\t\t\t    <a href=\"https:\/\/www.instagram.com\/asidbrasil\/\" aria-label=\"Instagram\" class=\"instagram\"><\/p>\n<p>\t\t\t\t\t\t\t<i aria-hidden=\"true\" class=\"fab fa-instagram\"><\/i><br \/>\n                                                                                                            <\/a>\n                    <\/li>\n<li class=\"elementor-repeater-item-c8596be\">\n\t\t\t\t\t    <a href=\"https:\/\/www.youtube.com\/c\/ASIDBrasil\" aria-label=\"YouTube\" class=\"youtube\"><\/p>\n<p>\t\t\t\t\t\t\t<i aria-hidden=\"true\" class=\"fab fa-youtube\"><\/i><br \/>\n                                                                                                            <\/a>\n                    <\/li>\n<li class=\"elementor-repeater-item-048c536\">\n\t\t\t\t\t    <a href=\"https:\/\/www.linkedin.com\/company\/asidbrasil\/\" aria-label=\"Linkedin\" class=\"in\"><\/p>\n<p>\t\t\t\t\t\t\t<i aria-hidden=\"true\" class=\"fab fa-linkedin-in\"><\/i><br \/>\n                                                                                                            <\/a>\n                    <\/li>\n<li class=\"elementor-repeater-item-da8f4de\">\n\t\t\t\t\t    <a href=\"https:\/\/www.facebook.com\/asidbrasil\" aria-label=\"Facebook\" class=\"f\"><\/p>\n<p>\t\t\t\t\t\t\t<i aria-hidden=\"true\" class=\"fab fa-facebook-f\"><\/i><br \/>\n                                                                                                            <\/a>\n                    <\/li>\n<\/ul><\/div>\n<\/p><\/div>\n<\/p><\/div>\n<div class=\"elementor-element elementor-element-bd923d1 elementor-widget elementor-widget-heading\" data-id=\"bd923d1\" data-element_type=\"widget\" data-widget_type=\"heading.default\">\n<div class=\"elementor-widget-container\">\n<h2 class=\"elementor-heading-title elementor-size-default\">Contato<\/h2>\n<\/p><\/div>\n<\/p><\/div>\n<div class=\"elementor-element elementor-element-5bd55d13 elementor-widget elementor-widget-heading\" data-id=\"5bd55d13\" data-element_type=\"widget\" data-widget_type=\"heading.default\">\n<div class=\"elementor-widget-container\">\n<h3 class=\"elementor-heading-title elementor-size-default\"><a href=\"mailto:contato@asid.org.br\" target=\"_blank\">E-mail: <span style=\"color: #00ffff\"><a style=\"color: #00ffff\" href=\"mailto:contato@85r.df2.myftpupload.com\">contato@asid.org.br<\/a><\/span><\/a><\/h3>\n<\/p><\/div>\n<\/p><\/div>\n<\/p><\/div>\n<div class=\"elementor-element elementor-element-31c35d3c e-con-full e-flex wpr-particle-no wpr-jarallax-no wpr-parallax-no wpr-sticky-section-no e-con e-child\" data-id=\"31c35d3c\" data-element_type=\"container\">\n<div class=\"elementor-element elementor-element-378308bf elementor-widget elementor-widget-heading\" data-id=\"378308bf\" data-element_type=\"widget\" data-widget_type=\"heading.default\">\n<div class=\"elementor-widget-container\">\n<h2 class=\"elementor-heading-title elementor-size-default\">Nossa Miss\u00e3o<\/h2>\n<\/p><\/div>\n<\/p><\/div>\n<div class=\"elementor-element elementor-element-4691822 elementor-widget elementor-widget-text-editor\" data-id=\"4691822\" data-element_type=\"widget\" data-widget_type=\"text-editor.default\">\n<div class=\"elementor-widget-container\">\n<p>Existimos para quebrar as barreiras socioecon\u00f4micas que excluem a pessoa com defici\u00eancia.<\/p>\n<\/p><\/div>\n<\/p><\/div>\n<div class=\"elementor-element elementor-element-71c32d75 elementor-widget elementor-widget-image\" data-id=\"71c32d75\" data-element_type=\"widget\" data-widget_type=\"image.default\">\n<div class=\"elementor-widget-container\">\n\t\t\t\t\t\t\t\t\t\t\t\t\t\t\t<img decoding=\"async\" data-src=\"https:\/\/asidbrasil.org.br\/wp-content\/uploads\/elementor\/thumbs\/selo-amigo-do-surdo-branco-redondo-hugo-120x120-1-qg2mdnpquye6ntj53bkrdi85vh94b5tvnnifrpn36w.png\" title=\"selo-amigo-do-surdo-branco-redondo-hugo-120&#215;120\" alt=\"Selo Amigo Do Surdo Branco Redondo Hugo\" src=\"data:image\/svg+xml;base64,PHN2ZyB3aWR0aD0iMSIgaGVpZ2h0PSIxIiB4bWxucz0iaHR0cDovL3d3dy53My5vcmcvMjAwMC9zdmciPjwvc3ZnPg==\" class=\"lazyload\" \/>\t\t\t\t\t\t\t\t\t\t\t\t\t\t\t<\/div>\n<\/p><\/div>\n<\/p><\/div>\n<div class=\"elementor-element elementor-element-724a9d9b e-con-full e-flex wpr-particle-no wpr-jarallax-no wpr-parallax-no wpr-sticky-section-no e-con e-child\" data-id=\"724a9d9b\" data-element_type=\"container\">\n<div class=\"elementor-element elementor-element-6f46d276 elementor-widget elementor-widget-heading\" data-id=\"6f46d276\" data-element_type=\"widget\" data-widget_type=\"heading.default\">\n<div class=\"elementor-widget-container\">\n<h2 class=\"elementor-heading-title elementor-size-default\">LGPD<\/h2>\n<\/p><\/div>\n<\/p><\/div>\n<div class=\"elementor-element elementor-element-633ef78c elementor-widget elementor-widget-text-editor\" data-id=\"633ef78c\" data-element_type=\"widget\" data-widget_type=\"text-editor.default\">\n<div class=\"elementor-widget-container\">\n<p>Em alinhamento com a Lei Geral de Prote\u00e7\u00e3o de Dados, garantimos a confidencialidade, seguran\u00e7a e integridade de seus dados pessoais, prevenindo a ocorr\u00eancia de eventuais danos em virtude do tratamento dos mesmos. Para as solicita\u00e7\u00f5es dos titulares de dados, por favor, nos envie um <strong><span style=\"color: #00ffff\"><a style=\"color: #00ffff\" href=\"mailto:contato@85r.df2.myftpupload.com\">e-mail<\/a><\/span>.<\/strong><\/p>\n<\/p><\/div>\n<\/p><\/div>\n<\/p><\/div>\n<\/p><\/div>\n<\/p><\/div>\n<\/p><\/div>\n<\/p><\/div>\n<\/p><\/div>\n<div class=\"elementor-element elementor-element-58b2e0fb e-flex e-con-boxed wpr-particle-no wpr-jarallax-no wpr-parallax-no wpr-sticky-section-no e-con e-parent\" data-id=\"58b2e0fb\" data-element_type=\"container\" data-settings=\"{&quot;background_background&quot;:&quot;classic&quot;}\">\n<div class=\"e-con-inner\">\n<div class=\"elementor-element elementor-element-723fc878 e-flex e-con-boxed wpr-particle-no wpr-jarallax-no wpr-parallax-no wpr-sticky-section-no e-con e-child\" data-id=\"723fc878\" data-element_type=\"container\">\n<div class=\"e-con-inner\">\n<div class=\"elementor-element elementor-element-3ac679bf e-con-full e-flex wpr-particle-no wpr-jarallax-no wpr-parallax-no wpr-sticky-section-no e-con e-child\" data-id=\"3ac679bf\" data-element_type=\"container\">\n<div class=\"elementor-element elementor-element-25b34a86 e-con-full e-flex wpr-particle-no wpr-jarallax-no wpr-parallax-no wpr-sticky-section-no e-con e-child\" data-id=\"25b34a86\" data-element_type=\"container\">\n<div class=\"elementor-element elementor-element-73f17b9 elementor-widget__width-auto elementor-widget elementor-widget-elementskit-heading\" data-id=\"73f17b9\" data-element_type=\"widget\" data-widget_type=\"elementskit-heading.default\">\n<div class=\"elementor-widget-container\">\n<div class=\"ekit-wid-con\">\n<div class=\"ekit-heading elementskit-section-title-wraper text_center   ekit_heading_tablet-   ekit_heading_mobile-text_center\">\n<p class=\"ekit-heading--title elementskit-section-title \">\u00a9 2022 ASID Brasil | Desenvolvido por <i class=\"fa fa-heart-o\"><\/i> <a href=\"http:\/\/www.double2.com.br\"> Double2 Comunica\u00e7\u00e3o<\/a><\/p>\n<\/div>\n<\/div><\/div>\n<\/p><\/div>\n<\/p><\/div>\n<\/p><\/div>\n<\/p><\/div>\n<\/p><\/div>\n<\/p><\/div>\n<\/p><\/div>\n<\/p><\/div>\n<p>O post <a href=\"https:\/\/asidbrasil.org.br\/2025\/04\/28\/asid-brasil-e-reconhecida-no-premio-curitiba-mais-criativa\/\">ASID Brasil \u00e9 reconhecida no Pr\u00eamio Curitiba Mais Criativa<\/a> apareceu primeiro em <a href=\"https:\/\/asidbrasil.org.br\">ASID Brasil<\/a>.<\/p>\n<p><script async src=\"\/\/www.instagram.com\/embed.js\"><\/script><br \/>\n<i>Visite o site <a href=\"https:\/\/asidbrasil.org.br\/\">asidbrasil.org.br<\/a> e conhe\u00e7a mais sobre a ASID Brasil.<\/i><br \/>\n<br \/><a href=\"https:\/\/asidbrasil.org.br\/2025\/04\/28\/asid-brasil-e-reconhecida-no-premio-curitiba-mais-criativa\/\">Fonte<\/a><br \/>\n<br \/><\/p>\n","protected":false},"excerpt":{"rendered":"<p>In\u00edcio Sobre N\u00f3s Hist\u00f3ria Pilares Atua\u00e7\u00e3o Reconhecimentos Solu\u00e7\u00f5es Como Atuamos Nossas Solu\u00e7\u00f5es Empresas Como Atuamos Investimento Social Privado Licenciamento Clube do Emprego Selos Comunidades Pessoa com Defici\u00eancia Como Atuamos Projetos Clube do Emprego Comunidades Conte\u00fado Conte\u00fado Blog Biblioteca Digital Relat\u00f3rios de Impacto Transpar\u00eancia X ASID Brasil \u00e9 reconhecida no Pr\u00eamio Curitiba Mais Criativa O World [&hellip;]<\/p>\n","protected":false},"author":3063,"featured_media":13828,"comment_status":"open","ping_status":"open","sticky":false,"template":"","format":"standard","meta":{"footnotes":""},"categories":[113],"tags":[158,157,163,162,164,161,160,159],"class_list":{"0":"post-13827","1":"post","2":"type-post","3":"status-publish","4":"format-standard","5":"has-post-thumbnail","7":"category-cidadania","8":"tag-asid","9":"tag-cidadania","10":"tag-desenvolvimento-institucional","11":"tag-diversidade","12":"tag-impacto-social","13":"tag-inclusao","14":"tag-voluntariado","15":"tag-voluntario"},"yoast_head":"<!-- This site is optimized with the Yoast SEO plugin v27.2 - https:\/\/yoast.com\/product\/yoast-seo-wordpress\/ -->\n<title>ASID Brasil \u00e9 reconhecida no Pr\u00eamio Curitiba Mais Criativa | Portal de Not\u00edcias<\/title>\n<meta name=\"robots\" content=\"index, follow, max-snippet:-1, max-image-preview:large, max-video-preview:-1\" \/>\n<link rel=\"canonical\" href=\"https:\/\/asidbrasil.org.br\/2025\/04\/28\/asid-brasil-e-reconhecida-no-premio-curitiba-mais-criativa\/\" \/>\n<meta property=\"og:locale\" content=\"pt_BR\" \/>\n<meta property=\"og:type\" content=\"article\" \/>\n<meta property=\"og:title\" content=\"ASID Brasil \u00e9 reconhecida no Pr\u00eamio Curitiba Mais Criativa | Portal de Not\u00edcias\" \/>\n<meta property=\"og:description\" content=\"In\u00edcio Sobre N\u00f3s Hist\u00f3ria Pilares Atua\u00e7\u00e3o Reconhecimentos Solu\u00e7\u00f5es Como Atuamos Nossas Solu\u00e7\u00f5es Empresas Como Atuamos Investimento Social Privado Licenciamento Clube do Emprego Selos Comunidades Pessoa com Defici\u00eancia Como Atuamos Projetos Clube do Emprego Comunidades Conte\u00fado Conte\u00fado Blog Biblioteca Digital Relat\u00f3rios de Impacto Transpar\u00eancia X ASID Brasil \u00e9 reconhecida no Pr\u00eamio Curitiba Mais Criativa O World [&hellip;]\" \/>\n<meta property=\"og:url\" content=\"https:\/\/asidbrasil.org.br\/2025\/04\/28\/asid-brasil-e-reconhecida-no-premio-curitiba-mais-criativa\/\" \/>\n<meta property=\"og:site_name\" content=\"Portal de Not\u00edcias\" \/>\n<meta property=\"article:published_time\" content=\"2025-04-28T13:05:05+00:00\" \/>\n<meta property=\"og:image\" content=\"https:\/\/mhcalculos.com.br\/noticias\/wp-content\/uploads\/sites\/2\/2025\/04\/PREMIO-BLOG.jpg\" \/>\n\t<meta property=\"og:image:width\" content=\"1920\" \/>\n\t<meta property=\"og:image:height\" content=\"1080\" \/>\n\t<meta property=\"og:image:type\" content=\"image\/jpeg\" \/>\n<meta name=\"author\" content=\"Equipe MH\" \/>\n<meta name=\"twitter:card\" content=\"summary_large_image\" \/>\n<meta name=\"twitter:label1\" content=\"Escrito por\" \/>\n\t<meta name=\"twitter:data1\" content=\"Equipe MH\" \/>\n\t<meta name=\"twitter:label2\" content=\"Est. tempo de leitura\" \/>\n\t<meta name=\"twitter:data2\" content=\"4 minutos\" \/>\n<script type=\"application\/ld+json\" class=\"yoast-schema-graph\">{\"@context\":\"https:\/\/schema.org\",\"@graph\":[{\"@type\":\"Article\",\"@id\":\"https:\/\/asidbrasil.org.br\/2025\/04\/28\/asid-brasil-e-reconhecida-no-premio-curitiba-mais-criativa\/#article\",\"isPartOf\":{\"@id\":\"https:\/\/mhcalculos.com.br\/noticias\/cidadania\/asid-brasil-e-reconhecida-no-premio-curitiba-mais-criativa.html\"},\"author\":{\"name\":\"Equipe MH\",\"@id\":\"https:\/\/mhcalculos.com.br\/noticias\/#\/schema\/person\/88d1c34bf72dc779ea14a5a6b8e0ae8d\"},\"headline\":\"ASID Brasil \u00e9 reconhecida no Pr\u00eamio Curitiba Mais Criativa\",\"datePublished\":\"2025-04-28T13:05:05+00:00\",\"mainEntityOfPage\":{\"@id\":\"https:\/\/mhcalculos.com.br\/noticias\/cidadania\/asid-brasil-e-reconhecida-no-premio-curitiba-mais-criativa.html\"},\"wordCount\":865,\"commentCount\":0,\"image\":{\"@id\":\"https:\/\/asidbrasil.org.br\/2025\/04\/28\/asid-brasil-e-reconhecida-no-premio-curitiba-mais-criativa\/#primaryimage\"},\"thumbnailUrl\":\"https:\/\/mhcalculos.com.br\/noticias\/wp-content\/uploads\/sites\/2\/2025\/04\/PREMIO-BLOG.jpg\",\"keywords\":[\"asid\",\"cidadania\",\"desenvolvimento institucional\",\"diversidade\",\"impacto social\",\"inclus\u00e3o\",\"voluntariado\",\"volunt\u00e1rio\"],\"articleSection\":[\"Cidadania\"],\"inLanguage\":\"pt-BR\",\"potentialAction\":[{\"@type\":\"CommentAction\",\"name\":\"Comment\",\"target\":[\"https:\/\/asidbrasil.org.br\/2025\/04\/28\/asid-brasil-e-reconhecida-no-premio-curitiba-mais-criativa\/#respond\"]}]},{\"@type\":\"WebPage\",\"@id\":\"https:\/\/mhcalculos.com.br\/noticias\/cidadania\/asid-brasil-e-reconhecida-no-premio-curitiba-mais-criativa.html\",\"url\":\"https:\/\/asidbrasil.org.br\/2025\/04\/28\/asid-brasil-e-reconhecida-no-premio-curitiba-mais-criativa\/\",\"name\":\"ASID Brasil \u00e9 reconhecida no Pr\u00eamio Curitiba Mais Criativa | Portal de Not\u00edcias\",\"isPartOf\":{\"@id\":\"https:\/\/mhcalculos.com.br\/noticias\/#website\"},\"primaryImageOfPage\":{\"@id\":\"https:\/\/asidbrasil.org.br\/2025\/04\/28\/asid-brasil-e-reconhecida-no-premio-curitiba-mais-criativa\/#primaryimage\"},\"image\":{\"@id\":\"https:\/\/asidbrasil.org.br\/2025\/04\/28\/asid-brasil-e-reconhecida-no-premio-curitiba-mais-criativa\/#primaryimage\"},\"thumbnailUrl\":\"https:\/\/mhcalculos.com.br\/noticias\/wp-content\/uploads\/sites\/2\/2025\/04\/PREMIO-BLOG.jpg\",\"datePublished\":\"2025-04-28T13:05:05+00:00\",\"author\":{\"@id\":\"https:\/\/mhcalculos.com.br\/noticias\/#\/schema\/person\/88d1c34bf72dc779ea14a5a6b8e0ae8d\"},\"breadcrumb\":{\"@id\":\"https:\/\/asidbrasil.org.br\/2025\/04\/28\/asid-brasil-e-reconhecida-no-premio-curitiba-mais-criativa\/#breadcrumb\"},\"inLanguage\":\"pt-BR\",\"potentialAction\":[{\"@type\":\"ReadAction\",\"target\":[\"https:\/\/asidbrasil.org.br\/2025\/04\/28\/asid-brasil-e-reconhecida-no-premio-curitiba-mais-criativa\/\"]}]},{\"@type\":\"ImageObject\",\"inLanguage\":\"pt-BR\",\"@id\":\"https:\/\/asidbrasil.org.br\/2025\/04\/28\/asid-brasil-e-reconhecida-no-premio-curitiba-mais-criativa\/#primaryimage\",\"url\":\"https:\/\/mhcalculos.com.br\/noticias\/wp-content\/uploads\/sites\/2\/2025\/04\/PREMIO-BLOG.jpg\",\"contentUrl\":\"https:\/\/mhcalculos.com.br\/noticias\/wp-content\/uploads\/sites\/2\/2025\/04\/PREMIO-BLOG.jpg\",\"width\":1920,\"height\":1080},{\"@type\":\"BreadcrumbList\",\"@id\":\"https:\/\/asidbrasil.org.br\/2025\/04\/28\/asid-brasil-e-reconhecida-no-premio-curitiba-mais-criativa\/#breadcrumb\",\"itemListElement\":[{\"@type\":\"ListItem\",\"position\":1,\"name\":\"In\u00edcio\",\"item\":\"https:\/\/mhcalculos.com.br\/noticias\/\"},{\"@type\":\"ListItem\",\"position\":2,\"name\":\"ASID Brasil \u00e9 reconhecida no Pr\u00eamio Curitiba Mais Criativa\"}]},{\"@type\":\"WebSite\",\"@id\":\"https:\/\/mhcalculos.com.br\/noticias\/#website\",\"url\":\"https:\/\/mhcalculos.com.br\/noticias\/\",\"name\":\"Portal de Not\u00edcias\",\"description\":\"Not\u00edcias e Jurisprud\u00eancia\",\"potentialAction\":[{\"@type\":\"SearchAction\",\"target\":{\"@type\":\"EntryPoint\",\"urlTemplate\":\"https:\/\/mhcalculos.com.br\/noticias\/?s={search_term_string}\"},\"query-input\":{\"@type\":\"PropertyValueSpecification\",\"valueRequired\":true,\"valueName\":\"search_term_string\"}}],\"inLanguage\":\"pt-BR\"},{\"@type\":\"Person\",\"@id\":\"https:\/\/mhcalculos.com.br\/noticias\/#\/schema\/person\/88d1c34bf72dc779ea14a5a6b8e0ae8d\",\"name\":\"Equipe MH\",\"image\":{\"@type\":\"ImageObject\",\"inLanguage\":\"pt-BR\",\"@id\":\"https:\/\/secure.gravatar.com\/avatar\/de1c686c2ecc9c5a3f327e3431d819eb39f8f05d4e1045f5a1caad6daaba987f?s=96&d=mm&r=g\",\"url\":\"https:\/\/secure.gravatar.com\/avatar\/de1c686c2ecc9c5a3f327e3431d819eb39f8f05d4e1045f5a1caad6daaba987f?s=96&d=mm&r=g\",\"contentUrl\":\"https:\/\/secure.gravatar.com\/avatar\/de1c686c2ecc9c5a3f327e3431d819eb39f8f05d4e1045f5a1caad6daaba987f?s=96&d=mm&r=g\",\"caption\":\"Equipe MH\"}}]}<\/script>\n<!-- \/ Yoast SEO plugin. -->","yoast_head_json":{"title":"ASID Brasil \u00e9 reconhecida no Pr\u00eamio Curitiba Mais Criativa | Portal de Not\u00edcias","robots":{"index":"index","follow":"follow","max-snippet":"max-snippet:-1","max-image-preview":"max-image-preview:large","max-video-preview":"max-video-preview:-1"},"canonical":"https:\/\/asidbrasil.org.br\/2025\/04\/28\/asid-brasil-e-reconhecida-no-premio-curitiba-mais-criativa\/","og_locale":"pt_BR","og_type":"article","og_title":"ASID Brasil \u00e9 reconhecida no Pr\u00eamio Curitiba Mais Criativa | Portal de Not\u00edcias","og_description":"In\u00edcio Sobre N\u00f3s Hist\u00f3ria Pilares Atua\u00e7\u00e3o Reconhecimentos Solu\u00e7\u00f5es Como Atuamos Nossas Solu\u00e7\u00f5es Empresas Como Atuamos Investimento Social Privado Licenciamento Clube do Emprego Selos Comunidades Pessoa com Defici\u00eancia Como Atuamos Projetos Clube do Emprego Comunidades Conte\u00fado Conte\u00fado Blog Biblioteca Digital Relat\u00f3rios de Impacto Transpar\u00eancia X ASID Brasil \u00e9 reconhecida no Pr\u00eamio Curitiba Mais Criativa O World [&hellip;]","og_url":"https:\/\/asidbrasil.org.br\/2025\/04\/28\/asid-brasil-e-reconhecida-no-premio-curitiba-mais-criativa\/","og_site_name":"Portal de Not\u00edcias","article_published_time":"2025-04-28T13:05:05+00:00","og_image":[{"width":1920,"height":1080,"url":"https:\/\/mhcalculos.com.br\/noticias\/wp-content\/uploads\/sites\/2\/2025\/04\/PREMIO-BLOG.jpg","type":"image\/jpeg"}],"author":"Equipe MH","twitter_card":"summary_large_image","twitter_misc":{"Escrito por":"Equipe MH","Est. tempo de leitura":"4 minutos"},"schema":{"@context":"https:\/\/schema.org","@graph":[{"@type":"Article","@id":"https:\/\/asidbrasil.org.br\/2025\/04\/28\/asid-brasil-e-reconhecida-no-premio-curitiba-mais-criativa\/#article","isPartOf":{"@id":"https:\/\/mhcalculos.com.br\/noticias\/cidadania\/asid-brasil-e-reconhecida-no-premio-curitiba-mais-criativa.html"},"author":{"name":"Equipe MH","@id":"https:\/\/mhcalculos.com.br\/noticias\/#\/schema\/person\/88d1c34bf72dc779ea14a5a6b8e0ae8d"},"headline":"ASID Brasil \u00e9 reconhecida no Pr\u00eamio Curitiba Mais Criativa","datePublished":"2025-04-28T13:05:05+00:00","mainEntityOfPage":{"@id":"https:\/\/mhcalculos.com.br\/noticias\/cidadania\/asid-brasil-e-reconhecida-no-premio-curitiba-mais-criativa.html"},"wordCount":865,"commentCount":0,"image":{"@id":"https:\/\/asidbrasil.org.br\/2025\/04\/28\/asid-brasil-e-reconhecida-no-premio-curitiba-mais-criativa\/#primaryimage"},"thumbnailUrl":"https:\/\/mhcalculos.com.br\/noticias\/wp-content\/uploads\/sites\/2\/2025\/04\/PREMIO-BLOG.jpg","keywords":["asid","cidadania","desenvolvimento institucional","diversidade","impacto social","inclus\u00e3o","voluntariado","volunt\u00e1rio"],"articleSection":["Cidadania"],"inLanguage":"pt-BR","potentialAction":[{"@type":"CommentAction","name":"Comment","target":["https:\/\/asidbrasil.org.br\/2025\/04\/28\/asid-brasil-e-reconhecida-no-premio-curitiba-mais-criativa\/#respond"]}]},{"@type":"WebPage","@id":"https:\/\/mhcalculos.com.br\/noticias\/cidadania\/asid-brasil-e-reconhecida-no-premio-curitiba-mais-criativa.html","url":"https:\/\/asidbrasil.org.br\/2025\/04\/28\/asid-brasil-e-reconhecida-no-premio-curitiba-mais-criativa\/","name":"ASID Brasil \u00e9 reconhecida no Pr\u00eamio Curitiba Mais Criativa | Portal de Not\u00edcias","isPartOf":{"@id":"https:\/\/mhcalculos.com.br\/noticias\/#website"},"primaryImageOfPage":{"@id":"https:\/\/asidbrasil.org.br\/2025\/04\/28\/asid-brasil-e-reconhecida-no-premio-curitiba-mais-criativa\/#primaryimage"},"image":{"@id":"https:\/\/asidbrasil.org.br\/2025\/04\/28\/asid-brasil-e-reconhecida-no-premio-curitiba-mais-criativa\/#primaryimage"},"thumbnailUrl":"https:\/\/mhcalculos.com.br\/noticias\/wp-content\/uploads\/sites\/2\/2025\/04\/PREMIO-BLOG.jpg","datePublished":"2025-04-28T13:05:05+00:00","author":{"@id":"https:\/\/mhcalculos.com.br\/noticias\/#\/schema\/person\/88d1c34bf72dc779ea14a5a6b8e0ae8d"},"breadcrumb":{"@id":"https:\/\/asidbrasil.org.br\/2025\/04\/28\/asid-brasil-e-reconhecida-no-premio-curitiba-mais-criativa\/#breadcrumb"},"inLanguage":"pt-BR","potentialAction":[{"@type":"ReadAction","target":["https:\/\/asidbrasil.org.br\/2025\/04\/28\/asid-brasil-e-reconhecida-no-premio-curitiba-mais-criativa\/"]}]},{"@type":"ImageObject","inLanguage":"pt-BR","@id":"https:\/\/asidbrasil.org.br\/2025\/04\/28\/asid-brasil-e-reconhecida-no-premio-curitiba-mais-criativa\/#primaryimage","url":"https:\/\/mhcalculos.com.br\/noticias\/wp-content\/uploads\/sites\/2\/2025\/04\/PREMIO-BLOG.jpg","contentUrl":"https:\/\/mhcalculos.com.br\/noticias\/wp-content\/uploads\/sites\/2\/2025\/04\/PREMIO-BLOG.jpg","width":1920,"height":1080},{"@type":"BreadcrumbList","@id":"https:\/\/asidbrasil.org.br\/2025\/04\/28\/asid-brasil-e-reconhecida-no-premio-curitiba-mais-criativa\/#breadcrumb","itemListElement":[{"@type":"ListItem","position":1,"name":"In\u00edcio","item":"https:\/\/mhcalculos.com.br\/noticias\/"},{"@type":"ListItem","position":2,"name":"ASID Brasil \u00e9 reconhecida no Pr\u00eamio Curitiba Mais Criativa"}]},{"@type":"WebSite","@id":"https:\/\/mhcalculos.com.br\/noticias\/#website","url":"https:\/\/mhcalculos.com.br\/noticias\/","name":"Portal de Not\u00edcias","description":"Not\u00edcias e Jurisprud\u00eancia","potentialAction":[{"@type":"SearchAction","target":{"@type":"EntryPoint","urlTemplate":"https:\/\/mhcalculos.com.br\/noticias\/?s={search_term_string}"},"query-input":{"@type":"PropertyValueSpecification","valueRequired":true,"valueName":"search_term_string"}}],"inLanguage":"pt-BR"},{"@type":"Person","@id":"https:\/\/mhcalculos.com.br\/noticias\/#\/schema\/person\/88d1c34bf72dc779ea14a5a6b8e0ae8d","name":"Equipe MH","image":{"@type":"ImageObject","inLanguage":"pt-BR","@id":"https:\/\/secure.gravatar.com\/avatar\/de1c686c2ecc9c5a3f327e3431d819eb39f8f05d4e1045f5a1caad6daaba987f?s=96&d=mm&r=g","url":"https:\/\/secure.gravatar.com\/avatar\/de1c686c2ecc9c5a3f327e3431d819eb39f8f05d4e1045f5a1caad6daaba987f?s=96&d=mm&r=g","contentUrl":"https:\/\/secure.gravatar.com\/avatar\/de1c686c2ecc9c5a3f327e3431d819eb39f8f05d4e1045f5a1caad6daaba987f?s=96&d=mm&r=g","caption":"Equipe MH"}}]}},"_links":{"self":[{"href":"https:\/\/mhcalculos.com.br\/noticias\/wp-json\/wp\/v2\/posts\/13827","targetHints":{"allow":["GET"]}}],"collection":[{"href":"https:\/\/mhcalculos.com.br\/noticias\/wp-json\/wp\/v2\/posts"}],"about":[{"href":"https:\/\/mhcalculos.com.br\/noticias\/wp-json\/wp\/v2\/types\/post"}],"author":[{"embeddable":true,"href":"https:\/\/mhcalculos.com.br\/noticias\/wp-json\/wp\/v2\/users\/3063"}],"replies":[{"embeddable":true,"href":"https:\/\/mhcalculos.com.br\/noticias\/wp-json\/wp\/v2\/comments?post=13827"}],"version-history":[{"count":0,"href":"https:\/\/mhcalculos.com.br\/noticias\/wp-json\/wp\/v2\/posts\/13827\/revisions"}],"wp:featuredmedia":[{"embeddable":true,"href":"https:\/\/mhcalculos.com.br\/noticias\/wp-json\/wp\/v2\/media\/13828"}],"wp:attachment":[{"href":"https:\/\/mhcalculos.com.br\/noticias\/wp-json\/wp\/v2\/media?parent=13827"}],"wp:term":[{"taxonomy":"category","embeddable":true,"href":"https:\/\/mhcalculos.com.br\/noticias\/wp-json\/wp\/v2\/categories?post=13827"},{"taxonomy":"post_tag","embeddable":true,"href":"https:\/\/mhcalculos.com.br\/noticias\/wp-json\/wp\/v2\/tags?post=13827"}],"curies":[{"name":"wp","href":"https:\/\/api.w.org\/{rel}","templated":true}]}}