{"id":13387,"date":"2024-10-17T16:05:08","date_gmt":"2024-10-17T19:05:08","guid":{"rendered":"https:\/\/mhcalculos.com.br\/noticias\/cidadania\/boletim-trimestral-asid-brasil-novidades-de-julho-a-setembro.html"},"modified":"2024-10-17T16:05:08","modified_gmt":"2024-10-17T19:05:08","slug":"boletim-trimestral-asid-brasil-novidades-de-julho-a-setembro","status":"publish","type":"post","link":"https:\/\/mhcalculos.com.br\/noticias\/cidadania\/boletim-trimestral-asid-brasil-novidades-de-julho-a-setembro.html","title":{"rendered":"Boletim Trimestral ASID Brasil: Novidades de Julho a Setembro"},"content":{"rendered":"<p> <br \/>\n<\/p>\n<div data-elementor-type=\"wp-post\" data-elementor-id=\"26354\" class=\"elementor elementor-26354\">\n<div class=\"elementor-element elementor-element-34da6aae she-header-yes e-flex e-con-boxed wpr-particle-no wpr-jarallax-no wpr-parallax-no wpr-sticky-section-no e-con e-parent\" data-id=\"34da6aae\" data-element_type=\"container\" data-settings=\"{&quot;background_background&quot;:&quot;classic&quot;,&quot;transparent&quot;:&quot;yes&quot;,&quot;scroll_distance&quot;:{&quot;unit&quot;:&quot;px&quot;,&quot;size&quot;:&quot;&quot;,&quot;sizes&quot;:[]},&quot;transparent_on&quot;:[&quot;desktop&quot;,&quot;tablet&quot;,&quot;mobile&quot;],&quot;scroll_distance_tablet&quot;:{&quot;unit&quot;:&quot;px&quot;,&quot;size&quot;:&quot;&quot;,&quot;sizes&quot;:[]},&quot;scroll_distance_mobile&quot;:{&quot;unit&quot;:&quot;px&quot;,&quot;size&quot;:&quot;&quot;,&quot;sizes&quot;:[]}}\">\n<div class=\"e-con-inner\">\n<div class=\"elementor-element elementor-element-55e64444 e-flex e-con-boxed wpr-particle-no wpr-jarallax-no wpr-parallax-no wpr-sticky-section-no e-con e-child\" data-id=\"55e64444\" data-element_type=\"container\">\n<div class=\"e-con-inner\">\n<div class=\"elementor-element elementor-element-74d44d88 e-con-full e-flex wpr-particle-no wpr-jarallax-no wpr-parallax-no wpr-sticky-section-no e-con e-child\" data-id=\"74d44d88\" data-element_type=\"container\">\n<div class=\"elementor-element elementor-element-1a3ef691 elementor-widget__width-auto elementor-widget elementor-widget-image\" data-id=\"1a3ef691\" data-element_type=\"widget\" data-widget_type=\"image.default\">\n<div class=\"elementor-widget-container\">\n\t\t\t\t\t\t\t\t\t\t\t\t\t\t<a href=\"https:\/\/85r.df2.myftpupload.com\/\"><br \/>\n\t\t\t\t\t\t\t\t\t\t\t\t\t\t\t<\/a>\n\t\t\t\t\t\t\t\t\t\t\t\t\t<\/div>\n<\/p><\/div>\n<\/p><\/div>\n<div class=\"elementor-element elementor-element-260eb4cf e-con-full e-flex wpr-particle-no wpr-jarallax-no wpr-parallax-no wpr-sticky-section-no e-con e-child\" data-id=\"260eb4cf\" data-element_type=\"container\">\n<div class=\"elementor-element elementor-element-62639424 elementor-widget__width-auto elementor-widget elementor-widget-ekit-nav-menu\" data-id=\"62639424\" data-element_type=\"widget\" data-widget_type=\"ekit-nav-menu.default\">\n<div class=\"elementor-widget-container\">\n<div class=\"ekit-wid-con ekit_menu_responsive_tablet\" data-hamburger-icon=\"icon icon-menu-button-of-three-horizontal-lines\" data-hamburger-icon-type=\"icon\" data-responsive-breakpoint=\"1024\">\n\t\t\t            <button class=\"elementskit-menu-hamburger elementskit-menu-toggler\" type=\"button\" aria-label=\"hamburger-icon\"><br \/>\n                <i aria-hidden=\"true\" class=\"ekit-menu-icon icon icon-menu-button-of-three-horizontal-lines\"><\/i>            <\/button><\/p>\n<div id=\"ekit-megamenu-principal\" class=\"elementskit-menu-container elementskit-menu-offcanvas-elements elementskit-navbar-nav-default ekit-nav-menu-one-page- ekit-nav-dropdown-hover\">\n<ul id=\"menu-principal\" class=\"elementskit-navbar-nav elementskit-menu-po-right submenu-click-on-icon\">\n<li id=\"menu-item-22763\" class=\"menu-item menu-item-type-post_type menu-item-object-page menu-item-home menu-item-has-children menu-item-22763 nav-item elementskit-dropdown-has relative_position elementskit-dropdown-menu-default_width elementskit-mobile-builder-content\" data-vertical-menu=\"750px\"><a href=\"https:\/\/asidbrasil.org.br\/\" class=\"ekit-menu-nav-link ekit-menu-dropdown-toggle\">In\u00edcio<i aria-hidden=\"true\" class=\"icon icon-plus elementskit-submenu-indicator\"><\/i><\/a>\n<ul class=\"elementskit-dropdown elementskit-submenu-panel\">\n<li id=\"menu-item-23128\" class=\"menu-item menu-item-type-custom menu-item-object-custom menu-item-home menu-item-23128 nav-item elementskit-mobile-builder-content\" data-vertical-menu=\"750px\"><a href=\"https:\/\/asidbrasil.org.br\/#sobre-nos\" class=\" dropdown-item\">Sobre N\u00f3s<\/a>\n<li id=\"menu-item-23130\" class=\"menu-item menu-item-type-custom menu-item-object-custom menu-item-home menu-item-23130 nav-item elementskit-mobile-builder-content\" data-vertical-menu=\"750px\"><a href=\"https:\/\/asidbrasil.org.br\/#historia\" class=\" dropdown-item\">Hist\u00f3ria<\/a>\n<li id=\"menu-item-23132\" class=\"menu-item menu-item-type-custom menu-item-object-custom menu-item-home menu-item-23132 nav-item elementskit-mobile-builder-content\" data-vertical-menu=\"750px\"><a href=\"https:\/\/asidbrasil.org.br\/#pilares\" class=\" dropdown-item\">Pilares<\/a>\n<li id=\"menu-item-23133\" class=\"menu-item menu-item-type-custom menu-item-object-custom menu-item-home menu-item-23133 nav-item elementskit-mobile-builder-content\" data-vertical-menu=\"750px\"><a href=\"https:\/\/asidbrasil.org.br\/#atuacao\" class=\" dropdown-item\">Atua\u00e7\u00e3o<\/a>\n<li id=\"menu-item-23134\" class=\"menu-item menu-item-type-custom menu-item-object-custom menu-item-home menu-item-23134 nav-item elementskit-mobile-builder-content\" data-vertical-menu=\"750px\"><a href=\"https:\/\/asidbrasil.org.br\/#reconhecimentos\" class=\" dropdown-item\">Reconhecimentos<\/a><\/ul>\n<\/li>\n<li id=\"menu-item-451\" class=\"menu-item menu-item-type-post_type menu-item-object-page menu-item-has-children menu-item-451 nav-item elementskit-dropdown-has relative_position elementskit-dropdown-menu-default_width elementskit-mobile-builder-content\" data-vertical-menu=\"750px\"><a href=\"https:\/\/asidbrasil.org.br\/solucoes\/\" class=\"ekit-menu-nav-link ekit-menu-dropdown-toggle\">Solu\u00e7\u00f5es<i aria-hidden=\"true\" class=\"icon icon-plus elementskit-submenu-indicator\"><\/i><\/a>\n<ul class=\"elementskit-dropdown elementskit-submenu-panel\">\n<li id=\"menu-item-23147\" class=\"menu-item menu-item-type-custom menu-item-object-custom menu-item-23147 nav-item elementskit-mobile-builder-content\" data-vertical-menu=\"750px\"><a href=\"https:\/\/asidbrasil.org.br\/solucoes\/#como-atuamos-solucoes\" class=\" dropdown-item\">Como Atuamos<\/a>\n<li id=\"menu-item-23148\" class=\"menu-item menu-item-type-custom menu-item-object-custom menu-item-23148 nav-item elementskit-mobile-builder-content\" data-vertical-menu=\"750px\"><a href=\"https:\/\/asidbrasil.org.br\/solucoes\/#nossas-solucoes\" class=\" dropdown-item\">Nossas Solu\u00e7\u00f5es<\/a><\/ul>\n<\/li>\n<li id=\"menu-item-22125\" class=\"menu-item menu-item-type-post_type menu-item-object-page menu-item-has-children menu-item-22125 nav-item elementskit-dropdown-has relative_position elementskit-dropdown-menu-default_width elementskit-mobile-builder-content\" data-vertical-menu=\"750px\"><a href=\"https:\/\/asidbrasil.org.br\/para-empresas\/\" class=\"ekit-menu-nav-link ekit-menu-dropdown-toggle\">Empresas<i aria-hidden=\"true\" class=\"icon icon-plus elementskit-submenu-indicator\"><\/i><\/a>\n<ul class=\"elementskit-dropdown elementskit-submenu-panel\">\n<li id=\"menu-item-23135\" class=\"menu-item menu-item-type-custom menu-item-object-custom menu-item-23135 nav-item elementskit-mobile-builder-content\" data-vertical-menu=\"750px\"><a href=\"https:\/\/asidbrasil.org.br\/para-empresas\/#como-atuamos\" class=\" dropdown-item\">Como Atuamos<\/a>\n<li id=\"menu-item-23136\" class=\"menu-item menu-item-type-custom menu-item-object-custom menu-item-23136 nav-item elementskit-mobile-builder-content\" data-vertical-menu=\"750px\"><a href=\"https:\/\/asidbrasil.org.br\/para-empresas\/#investimento-social-privado\" class=\" dropdown-item\">Investimento Social Privado<\/a>\n<li id=\"menu-item-23139\" class=\"menu-item menu-item-type-custom menu-item-object-custom menu-item-23139 nav-item elementskit-mobile-builder-content\" data-vertical-menu=\"750px\"><a href=\"https:\/\/asidbrasil.org.br\/para-empresas\/#licenciamento\" class=\" dropdown-item\">Licenciamento<\/a>\n<li id=\"menu-item-23140\" class=\"menu-item menu-item-type-custom menu-item-object-custom menu-item-23140 nav-item elementskit-mobile-builder-content\" data-vertical-menu=\"750px\"><a href=\"https:\/\/asidbrasil.org.br\/para-empresas\/#clube-do-emprego\" class=\" dropdown-item\">Clube do Emprego<\/a>\n<li id=\"menu-item-23141\" class=\"menu-item menu-item-type-custom menu-item-object-custom menu-item-23141 nav-item elementskit-mobile-builder-content\" data-vertical-menu=\"750px\"><a href=\"https:\/\/asidbrasil.org.br\/para-empresas\/#selos\" class=\" dropdown-item\">Selos<\/a><\/ul>\n<\/li>\n<li id=\"menu-item-21956\" class=\"menu-item menu-item-type-post_type menu-item-object-page menu-item-21956 nav-item elementskit-mobile-builder-content\" data-vertical-menu=\"750px\"><a href=\"https:\/\/asidbrasil.org.br\/comunidades-asid\/\" class=\"ekit-menu-nav-link\">Comunidades<\/a><\/li>\n<li id=\"menu-item-22348\" class=\"menu-item menu-item-type-post_type menu-item-object-page menu-item-has-children menu-item-22348 nav-item elementskit-dropdown-has relative_position elementskit-dropdown-menu-default_width elementskit-mobile-builder-content\" data-vertical-menu=\"750px\"><a href=\"https:\/\/asidbrasil.org.br\/para-pessoa-com-deficiencia\/\" class=\"ekit-menu-nav-link ekit-menu-dropdown-toggle\">Pessoa com Defici\u00eancia<i aria-hidden=\"true\" class=\"icon icon-plus elementskit-submenu-indicator\"><\/i><\/a>\n<ul class=\"elementskit-dropdown elementskit-submenu-panel\">\n<li id=\"menu-item-23142\" class=\"menu-item menu-item-type-custom menu-item-object-custom menu-item-23142 nav-item elementskit-mobile-builder-content\" data-vertical-menu=\"750px\"><a href=\"https:\/\/asidbrasil.org.br\/para-pessoa-com-deficiencia\/#como-atuamos-pcd\" class=\" dropdown-item\">Como Atuamos<\/a>\n<li id=\"menu-item-23143\" class=\"menu-item menu-item-type-custom menu-item-object-custom menu-item-23143 nav-item elementskit-mobile-builder-content\" data-vertical-menu=\"750px\"><a href=\"https:\/\/asidbrasil.org.br\/para-pessoa-com-deficiencia\/#projetos\" class=\" dropdown-item\">Projetos<\/a>\n<li id=\"menu-item-23144\" class=\"menu-item menu-item-type-custom menu-item-object-custom menu-item-23144 nav-item elementskit-mobile-builder-content\" data-vertical-menu=\"750px\"><a href=\"https:\/\/asidbrasil.org.br\/para-pessoa-com-deficiencia\/#clube-do-emprego-pcd\" class=\" dropdown-item\">Clube do Emprego<\/a>\n<li id=\"menu-item-23145\" class=\"menu-item menu-item-type-custom menu-item-object-custom menu-item-23145 nav-item elementskit-mobile-builder-content\" data-vertical-menu=\"750px\"><a href=\"https:\/\/asidbrasil.org.br\/para-pessoa-com-deficiencia\/#comunidades\" class=\" dropdown-item\">Comunidades<\/a>\n<li id=\"menu-item-23146\" class=\"menu-item menu-item-type-custom menu-item-object-custom menu-item-23146 nav-item elementskit-mobile-builder-content\" data-vertical-menu=\"750px\"><a href=\"https:\/\/asidbrasil.org.br\/para-pessoa-com-deficiencia\/#conteudo\" class=\" dropdown-item\">Conte\u00fado<\/a><\/ul>\n<\/li>\n<li id=\"menu-item-22074\" class=\"menu-item menu-item-type-post_type menu-item-object-page menu-item-has-children menu-item-22074 nav-item elementskit-dropdown-has relative_position elementskit-dropdown-menu-default_width elementskit-mobile-builder-content\" data-vertical-menu=\"750px\"><a href=\"https:\/\/asidbrasil.org.br\/conteudo\/\" class=\"ekit-menu-nav-link ekit-menu-dropdown-toggle\">Conte\u00fado<i aria-hidden=\"true\" class=\"icon icon-plus elementskit-submenu-indicator\"><\/i><\/a>\n<ul class=\"elementskit-dropdown elementskit-submenu-panel\">\n<li id=\"menu-item-22691\" class=\"menu-item menu-item-type-post_type menu-item-object-page menu-item-22691 nav-item elementskit-mobile-builder-content\" data-vertical-menu=\"750px\"><a href=\"https:\/\/asidbrasil.org.br\/blog\/\" class=\" dropdown-item\">Blog<\/a>\n<li id=\"menu-item-23149\" class=\"menu-item menu-item-type-custom menu-item-object-custom menu-item-23149 nav-item elementskit-mobile-builder-content\" data-vertical-menu=\"750px\"><a href=\"https:\/\/asidbrasil.org.br\/conteudo\/#biblioteca-digital\" class=\" dropdown-item\">Biblioteca Digital<\/a>\n<li id=\"menu-item-22711\" class=\"menu-item menu-item-type-custom menu-item-object-custom menu-item-22711 nav-item elementskit-mobile-builder-content\" data-vertical-menu=\"750px\"><a href=\"https:\/\/asidbrasil.org.br\/conteudo\/#relatorios-de-impacto\" class=\" dropdown-item\">Relat\u00f3rios de Impacto<\/a>\n<li id=\"menu-item-22712\" class=\"menu-item menu-item-type-custom menu-item-object-custom menu-item-22712 nav-item elementskit-mobile-builder-content\" data-vertical-menu=\"750px\"><a href=\"https:\/\/asidbrasil.org.br\/conteudo\/#transparencia\" class=\" dropdown-item\">Transpar\u00eancia<\/a><\/ul>\n<\/li>\n<\/ul>\n<div class=\"elementskit-nav-identity-panel\">\n<div class=\"elementskit-site-title\">\n\t\t\t\t\t<a class=\"elementskit-nav-logo\" href=\"https:\/\/asidbrasil.org.br\" target=\"_self\" rel=\"noopener\"><br \/>\n\t\t\t\t\t\t<img decoding=\"async\" width=\"1600\" height=\"662\" data-src=\"https:\/\/asidbrasil.org.br\/wp-content\/uploads\/2022\/11\/Logo_principal_colorida-e1680558935183.png\" class=\"attachment-full size-full lazyload\" alt=\"Logo ASID Brasil\" src=\"data:image\/svg+xml;base64,PHN2ZyB3aWR0aD0iMSIgaGVpZ2h0PSIxIiB4bWxucz0iaHR0cDovL3d3dy53My5vcmcvMjAwMC9zdmciPjwvc3ZnPg==\" style=\"--smush-placeholder-width: 1600px; --smush-placeholder-aspect-ratio: 1600\/662;\" \/><br \/>\n\t\t\t\t\t<\/a>\n\t\t\t\t<\/div>\n<p><button class=\"elementskit-menu-close elementskit-menu-toggler\" type=\"button\">X<\/button><\/div>\n<\/div>\n<div class=\"elementskit-menu-overlay elementskit-menu-offcanvas-elements elementskit-menu-toggler ekit-nav-menu--overlay\"><\/div>\n<\/p><\/div>\n<\/p><\/div>\n<\/p><\/div>\n<\/p><\/div>\n<\/p><\/div>\n<\/p><\/div>\n<\/p><\/div>\n<\/p><\/div>\n<div class=\"elementor-element elementor-element-523f19b e-flex e-con-boxed wpr-particle-no wpr-jarallax-no wpr-parallax-no wpr-sticky-section-no e-con e-parent\" data-id=\"523f19b\" data-element_type=\"container\">\n<div class=\"e-con-inner\">\n<div class=\"elementor-element elementor-element-531fcc5 e-con-full e-flex wpr-particle-no wpr-jarallax-no wpr-parallax-no wpr-sticky-section-no e-con e-child\" data-id=\"531fcc5\" data-element_type=\"container\">\n<div class=\"elementor-element elementor-element-4d565b2 elementor-widget elementor-widget-image\" data-id=\"4d565b2\" data-element_type=\"widget\" data-widget_type=\"image.default\">\n<div class=\"elementor-widget-container\">\n\t\t\t\t\t\t\t\t\t\t\t\t\t<img decoding=\"async\" width=\"1200\" height=\"627\" data-src=\"https:\/\/asidbrasil.org.br\/wp-content\/uploads\/2024\/10\/NEWS-BOLETIM-TRIMESTRAL.jpg\" class=\"attachment-full size-full wp-image-26357 lazyload\" alt=\"Mulher negra com uma camisa branca com a frase &quot;boletim trimestral ASID Brasil&quot;.\" src=\"data:image\/svg+xml;base64,PHN2ZyB3aWR0aD0iMSIgaGVpZ2h0PSIxIiB4bWxucz0iaHR0cDovL3d3dy53My5vcmcvMjAwMC9zdmciPjwvc3ZnPg==\" style=\"--smush-placeholder-width: 1200px; --smush-placeholder-aspect-ratio: 1200\/627;\" \/>\t\t\t\t\t\t\t\t\t\t\t\t\t<\/div>\n<\/p><\/div>\n<div class=\"elementor-element elementor-element-a52fec8 elementor-widget elementor-widget-heading\" data-id=\"a52fec8\" data-element_type=\"widget\" data-widget_type=\"heading.default\">\n<div class=\"elementor-widget-container\">\n<h1 class=\"elementor-heading-title elementor-size-default\"> Boletim Trimestral ASID Brasil: Novidades de Julho a Setembro<\/h1>\n<\/p><\/div>\n<\/p><\/div>\n<div class=\"elementor-element elementor-element-e38f4f8 elementor-widget elementor-widget-text-editor\" data-id=\"e38f4f8\" data-element_type=\"widget\" data-widget_type=\"text-editor.default\">\n<div class=\"elementor-widget-container\">\n<p><b>Ol\u00e1, comunidade ASID!<\/b><\/p>\n<p><span style=\"font-weight: 400\">Estamos animados em compartilhar as \u00faltimas novidades da ASID Brasil! Fique por dentro dos nossos projetos, eventos e a\u00e7\u00f5es que impactaram o ecossistema de inclus\u00e3o nos \u00faltimos trimestre.<\/span><\/p>\n<p>\u00a0<\/p>\n<\/p><\/div>\n<\/p><\/div>\n<div class=\"elementor-element elementor-element-8cce9a3 elementor-widget elementor-widget-text-editor\" data-id=\"8cce9a3\" data-element_type=\"widget\" data-widget_type=\"text-editor.default\">\n<div class=\"elementor-widget-container\">\n<p><b>ASID Intelig\u00eancia coletiva<\/b><\/p>\n<\/p><\/div>\n<\/p><\/div>\n<div class=\"elementor-element elementor-element-7d31e98 elementor-widget elementor-widget-text-editor\" data-id=\"7d31e98\" data-element_type=\"widget\" data-widget_type=\"text-editor.default\">\n<div class=\"elementor-widget-container\">\n<p><b>Cria\u00e7\u00e3o do Conselho de Tecnologia e Acessibilidade da ASID: <\/b><span style=\"font-weight: 400\">a ASID agora conta com Conselheiros Especialistas em Tecnologia.<\/span> <span style=\"font-weight: 400\">Gabriel Silva, Marinalva Silva e Pietro Sanchini fortalecem a governan\u00e7a do Programa Habilita da ASID. Em 2023, Gabriel, Marinalva e Pietro fizeram parte do Jornada de Impacto. Hoje, o trio fortalece as boas pr\u00e1ticas em metodologias inovadoras ligadas a tecnologia da nossa organiza\u00e7\u00e3o. <\/span><a href=\"https:\/\/www.linkedin.com\/feed\/update\/urn:li:ugcPost:7216141015215198208\/?actorCompanyId=3290817\"><b>Conecte-se com o Conselho no Linkedin<\/b><\/a><b>.<\/b><\/p>\n<p><b>Autonomia em foco no Setembro Verde:<\/b><span style=\"font-weight: 400\"> no m\u00eas de luta da pessoa com defici\u00eancia, lan\u00e7amos junto da Funda\u00e7\u00e3o FEAC, reflex\u00f5es sobre autonomia e planos de vida de pessoas com defici\u00eancia. Em formato de texto e v\u00eddeo trouxemos depoimentos participantes da Edi\u00e7\u00e3o ASAS em Campinas. Confira mais no <\/span><a href=\"https:\/\/asidbrasil.org.br\/2024\/09\/23\/criar-asas-para-uma-vida-autonoma\/\"><span style=\"font-weight: 400\">texto do blog<\/span><\/a><span style=\"font-weight: 400\"> e no <\/span><a href=\"https:\/\/www.youtube.com\/watch?v=OlHRUJfhVzQ&amp;list=PL1yOJ2yhWGBASZA7zmTIr-Sik1vXeAkbW\"><span style=\"font-weight: 400\">v\u00eddeo<\/span><\/a><span style=\"font-weight: 400\">.<\/span><\/p>\n<p><b>Informa\u00e7\u00e3o e inclus\u00e3o:<\/b><span style=\"font-weight: 400\"> ainda no m\u00eas de luta da pessoa com defici\u00eancia, navegamos pelas especialidades ASID e trouxemos tem\u00e1ticas relevantes em artigos completos:<\/span><\/p>\n<p><b>&#8211; <\/b><a href=\"https:\/\/www.linkedin.com\/pulse\/poderosas-reflex%C3%B5es-da-asid-brasil-sobre-os-jogos-paral%C3%ADmpicos-fcb5f\/?trackingId=8LKWhdyrQZacBsYgp%2BDiOA%3D%3D\"><b>Poderosas reflex\u00f5es da ASID Brasil sobre os Jogos Paral\u00edmpicos 2024<\/b><b><br \/><\/b><\/a><b>&#8211; <\/b><a href=\"https:\/\/www.linkedin.com\/pulse\/copy-como-seria-se-pessoas-com-defici%C3%AAncia-fossem-verdadeiramente-yaywf\/?trackingId=0FHSpck2RzuBjA%2Fkxw9bkQ%3D%3D\"><b>Como seria se pessoas com defici\u00eancia fossem verdadeiramente retratadas nos cinemas?<\/b><b><br \/><\/b><\/a><b>&#8211; <\/b><a href=\"https:\/\/www.linkedin.com\/pulse\/o-que-interseccionalidade-tem-ver-com-pessoas-defici%C3%AAncia-q12uf\/?trackingId=X3ZKp1MDTsWNFQXP%2FETv%2Fw%3D%3D\"><b>O que a interseccionalidade tem a ver com as pessoas com defici\u00eancia?<\/b><\/a><\/p>\n<\/p><\/div>\n<\/p><\/div>\n<div class=\"elementor-element elementor-element-6e5bde0 elementor-widget elementor-widget-text-editor\" data-id=\"6e5bde0\" data-element_type=\"widget\" data-widget_type=\"text-editor.default\">\n<div class=\"elementor-widget-container\">\n<h2><b>ASID Especialista<\/b><\/h2>\n<\/p><\/div>\n<\/p><\/div>\n<div class=\"elementor-element elementor-element-59c7a0f elementor-widget elementor-widget-text-editor\" data-id=\"59c7a0f\" data-element_type=\"widget\" data-widget_type=\"text-editor.default\">\n<div class=\"elementor-widget-container\">\n<p><b>Presen\u00e7a no Pr\u00eamio Aplaude:<\/b><span style=\"font-weight: 400\"> representada por Isabela Jardim Bonet, CEO da ASID, participamos da banca avaliadora no Pr\u00eamio Aplaude 2024. O Pr\u00eamio reconhece a\u00e7\u00f5es volunt\u00e1rias focadas em ESG, ODS e princ\u00edpios da ONU sobre Direitos Humanos.<\/span><\/p>\n<p><b>Comprometimento com o micro empreendedorismo: <\/b><span style=\"font-weight: 400\">Isabela Bonet tamb\u00e9m participou do F\u00f3rum de Micro Empreendedorismo da Alian\u00e7a Empreendedora, um evento focado na inclus\u00e3o socioprodutiva e na conex\u00e3o entre l\u00edderes, institui\u00e7\u00f5es e autoridades. Dessa forma, a ASID esteve no painel <\/span><span style=\"font-weight: 400\">\u201cVozes da Base para o Congresso: recomenda\u00e7\u00f5es e rea\u00e7\u00f5es dos parlamentares\u201d. O prop\u00f3sito do painel foi defender em plen\u00e1ria a inclus\u00e3o da pessoa com defici\u00eancia em projetos de impacto social como benefici\u00e1ria ou colaboradora atuante. A ASID recomendou a ades\u00e3o ao \u201cpacto pela acessibilidade no impacto social\u201d para que as lideran\u00e7as possam construir solu\u00e7\u00f5es sociais acess\u00edveis e permitir que pessoas com defici\u00eancia acessem oportunidades de desenvolvimento inclusivas. <\/span><a href=\"https:\/\/www.instagram.com\/p\/C8eogTOP92c\/?fbclid=IwY2xjawF91G5leHRuA2FlbQIxMAABHaXEL9blcUpZvru9vXFWHj87i2KTYgWN_fwP5fOi_n3am9qmQWUjcuxR5w_aem_VSz8zUxkQxlP2GLnA6PXpA\"><b>Melhores momentos aqui<\/b><\/a><b>.<\/b><\/p>\n<p><b>4\u00ba F\u00f3rum ESG: <\/b><span style=\"font-weight: 400\">Pedro Ivo Toscano, L\u00edder de novos neg\u00f3cios da ASID, palestrar\u00e1 no 4\u00ba F\u00f3rum ESG da Dialogia em 21\/10\/2024 com o tema &#8220;Novas perspectivas para a inclus\u00e3o produtiva de pessoas com defici\u00eancia&#8221;. Destacamos projetos de inclus\u00e3o e metodologias de preven\u00e7\u00e3o desenvolvidas pela ASID, al\u00e9m de cases como o Desenvolver, Emprego Apoiado e o Jornada Tech. <\/span>Fa\u00e7a sua inscri\u00e7\u00e3o <a href=\"https:\/\/www.sympla.com.br\/evento\/4o-esg-forum\/2622598?referrer=www.google.com&amp;referrer=www.google.com\">aqui<\/a>.<b><br \/><\/b><\/p>\n<p><b>Educa\u00e7\u00e3o em pauta: <\/b><span style=\"font-weight: 400\">Edilayne Ribeiro, colunista e especialista em diversidade e inclus\u00e3o da ASID, foi convidada pelo <\/span><span style=\"font-weight: 400\">Canal do Professor &#8211; Forma\u00e7\u00e3o continuada SEED PR e<\/span><span style=\"font-weight: 400\"> falou sobre os Os Direitos das Pessoas com Defici\u00eancia F\u00edsica. Em conversa mediada pelas professoras<\/span><span style=\"font-weight: 400\"> Luciane Mocki e Roseli o bate-papo passou pela trajet\u00f3ria escolar de Edi, sua carreira acad\u00eamica, os desafios em ambientes corporativos e muito mais! Acesse o <\/span><a href=\"https:\/\/www.youtube.com\/live\/qcdz4ZUAtNU\"><span style=\"font-weight: 400\">v\u00eddeo<\/span><\/a><span style=\"font-weight: 400\">.<\/span><\/p>\n<\/p><\/div>\n<\/p><\/div>\n<div class=\"elementor-element elementor-element-142f3c6 elementor-widget elementor-widget-text-editor\" data-id=\"142f3c6\" data-element_type=\"widget\" data-widget_type=\"text-editor.default\">\n<div class=\"elementor-widget-container\">\n<h3><b>ASID Aliada da pessoa com defici\u00eancia<\/b><\/h3>\n<\/p><\/div>\n<\/p><\/div>\n<div class=\"elementor-element elementor-element-13cabac elementor-widget elementor-widget-text-editor\" data-id=\"13cabac\" data-element_type=\"widget\" data-widget_type=\"text-editor.default\">\n<div class=\"elementor-widget-container\">\n<p><b>Vitrine Virtual com novidades! <\/b>Um e<span style=\"font-weight: 400\">s<\/span><b><span style=\"font-weight: 400\">pa\u00e7o digital que divulga neg\u00f3cios de pessoas com defici\u00eancia e familiares que passaram por forma\u00e7\u00f5es do Empreenda. A Vitrine Virtual traz visibilidade aos empreendedores, conectando produtos e servi\u00e7os incr\u00edveis.<\/span> Ative a Economia Inclusiva: conhe\u00e7a a <a href=\"https:\/\/conteudo.asidbrasil.org.br\/vitrine-virtual-empreenda\">Vitrine Virtual<\/a> da ASID Brasil.<\/b><\/p>\n<p><b>Empreendedorismo em comunidade: <\/b><span style=\"font-weight: 400\">\u00a0Iniciaram as aulas do projeto Empreenda com foco em apoiar pessoas com defici\u00eancia e familiares a desenvolver modelos de neg\u00f3cios. No fim, os participantes poder\u00e3o amadurecer os modelos de neg\u00f3cios participando da Comunidade Empreenda.<\/span><\/p>\n<p><b>Jornada de Impacto:<\/b><span style=\"font-weight: 400\"> estamos atuando em 5 cidades brasileiras com a metodologia da ASID que prepara profissionais com defici\u00eancia para o mercado de trabalho. Junto a grandes empresas, vamos transformar territ\u00f3rios e apoiar pessoas com defici\u00eancia na aquisi\u00e7\u00e3o de habilidades valiosas para o mercado de trabalho.<\/span><\/p>\n<p><b>Vem a\u00ed o 1\u00ba Manual Anticapacitista da ASID: <\/b><span style=\"font-weight: 400\">juntamos nossas Comunidades, especialistas da ASID e pessoas com defici\u00eancia para formatar uma literatura que re\u00fane conceitos sobre o anticapacitismo e contribui\u00e7\u00f5es in\u00e9ditas do ecossistema inclusivo.<\/span><\/p>\n<p><b>Nossas equipes est\u00e3o muito empenhadas em transformar o ecossistema de inclus\u00e3o socioecon\u00f4mica.<\/b> <span style=\"font-weight: 400\">N\u00e3o deixe de acompanhar os nossos insights!<\/span><\/p>\n<p><span style=\"font-weight: 400\">Assine nossa <a href=\"https:\/\/www.linkedin.com\/newsletters\/news-asid-brasil-7044297724719947776\/\">newsletter<\/a> no Linkedin.<\/span><span style=\"font-weight: 400\"><br \/><\/span><span style=\"font-weight: 400\">inscreva-se no nosso <\/span><a href=\"https:\/\/conteudo.asidbrasil.org.br\/newsletter-asid-brasil\"><span style=\"font-weight: 400\">Mailing<\/span><\/a><span style=\"font-weight: 400\"> e receba todas as novidades<\/span><\/p>\n<\/p><\/div>\n<\/p><\/div>\n<div class=\"elementor-element elementor-element-45fdda8 elementor-widget-divider--view-line elementor-widget elementor-widget-divider\" data-id=\"45fdda8\" data-element_type=\"widget\" data-widget_type=\"divider.default\">\n<div class=\"elementor-widget-container\">\n<div class=\"elementor-divider\">\n\t\t\t<span class=\"elementor-divider-separator\"><br \/>\n\t\t\t\t\t\t<\/span>\n\t\t<\/div>\n<\/p><\/div>\n<\/p><\/div>\n<div class=\"elementor-element elementor-element-dce04ef elementor-widget__width-initial elementor-widget elementor-widget-image\" data-id=\"dce04ef\" data-element_type=\"widget\" data-widget_type=\"image.default\">\n<div class=\"elementor-widget-container\">\n\t\t\t\t\t\t\t\t\t\t\t\t\t<img decoding=\"async\" width=\"525\" height=\"217\" data-src=\"https:\/\/asidbrasil.org.br\/wp-content\/uploads\/2022\/11\/Logo_principal_colorida-e1680558935183-1024x424.png\" class=\"attachment-large size-large wp-image-148 lazyload\" alt=\"Logo ASID Brasil\" src=\"data:image\/svg+xml;base64,PHN2ZyB3aWR0aD0iMSIgaGVpZ2h0PSIxIiB4bWxucz0iaHR0cDovL3d3dy53My5vcmcvMjAwMC9zdmciPjwvc3ZnPg==\" style=\"--smush-placeholder-width: 525px; --smush-placeholder-aspect-ratio: 525\/217;\" \/>\t\t\t\t\t\t\t\t\t\t\t\t\t<\/div>\n<\/p><\/div>\n<div class=\"elementor-element elementor-element-141698a7 elementor-widget elementor-widget-elementskit-social-media\" data-id=\"141698a7\" data-element_type=\"widget\" data-widget_type=\"elementskit-social-media.default\">\n<div class=\"elementor-widget-container\">\n<div class=\"ekit-wid-con\">\n<ul class=\"ekit_social_media\">\n<li class=\"elementor-repeater-item-1399011\">\n\t\t\t\t\t    <a href=\"https:\/\/www.instagram.com\/asidbrasil\/\" aria-label=\"Instagram\" class=\"instagram\"><\/p>\n<p>\t\t\t\t\t\t\t<i aria-hidden=\"true\" class=\"fab fa-instagram\"><\/i><br \/>\n                                                                                                            <\/a>\n                    <\/li>\n<li class=\"elementor-repeater-item-c8596be\">\n\t\t\t\t\t    <a href=\"https:\/\/www.youtube.com\/c\/ASIDBrasil\" aria-label=\"YouTube\" class=\"youtube\"><\/p>\n<p>\t\t\t\t\t\t\t<i aria-hidden=\"true\" class=\"fab fa-youtube\"><\/i><br \/>\n                                                                                                            <\/a>\n                    <\/li>\n<li class=\"elementor-repeater-item-048c536\">\n\t\t\t\t\t    <a href=\"https:\/\/www.linkedin.com\/company\/asidbrasil\/\" aria-label=\"Linkedin\" class=\"in\"><\/p>\n<p>\t\t\t\t\t\t\t<i aria-hidden=\"true\" class=\"fab fa-linkedin-in\"><\/i><br \/>\n                                                                                                            <\/a>\n                    <\/li>\n<li class=\"elementor-repeater-item-da8f4de\">\n\t\t\t\t\t    <a href=\"https:\/\/www.facebook.com\/asidbrasil\" aria-label=\"Facebook\" class=\"f\"><\/p>\n<p>\t\t\t\t\t\t\t<i aria-hidden=\"true\" class=\"fab fa-facebook-f\"><\/i><br \/>\n                                                                                                            <\/a>\n                    <\/li>\n<\/ul><\/div>\n<\/p><\/div>\n<\/p><\/div>\n<\/p><\/div>\n<div class=\"elementor-element elementor-element-31a278f e-flex e-con-boxed wpr-particle-no wpr-jarallax-no wpr-parallax-no wpr-sticky-section-no e-con e-child\" data-id=\"31a278f\" data-element_type=\"container\">\n<div class=\"e-con-inner\">\n<div class=\"elementor-element elementor-element-e195419 elementor-widget elementor-widget-sidebar\" data-id=\"e195419\" data-element_type=\"widget\" data-widget_type=\"sidebar.default\">\n<div class=\"elementor-widget-container\">\n<section id=\"recent-posts-2\" class=\"widget widget_recent_entries\">\n<h2 class=\"widget-title\">Posts recentes<\/h2>\n<nav aria-label=\"Posts recentes\">\n<ul>\n<li>\n\t\t\t\t\t<a href=\"https:\/\/asidbrasil.org.br\/2024\/10\/17\/boletim-trimestral-asid-brasil-novidades-de-julho-a-setembro\/\">Boletim Trimestral ASID Brasil: Novidades de Julho a Setembro<\/a>\n\t\t\t\t\t\t\t\t\t<\/li>\n<li>\n\t\t\t\t\t<a href=\"https:\/\/asidbrasil.org.br\/2024\/10\/16\/outubro-rosa-e-empreendedorismo-feminino-cuidar-de-si-para-cuidar-dos-negocios\/\">Outubro Rosa e Empreendedorismo Feminino: cuidar de si para cuidar dos neg\u00f3cios<\/a>\n\t\t\t\t\t\t\t\t\t<\/li>\n<li>\n\t\t\t\t\t<a href=\"https:\/\/asidbrasil.org.br\/2024\/10\/11\/vitrine-virtual-economia-inclusiva\/\">Ative a Economia Inclusiva: Conhe\u00e7a a Vitrine Virtual da ASID Brasil<\/a>\n\t\t\t\t\t\t\t\t\t<\/li>\n<\/ul>\n<\/nav>\n<\/section><\/div>\n<\/p><\/div>\n<\/p><\/div>\n<\/p><\/div>\n<\/p><\/div>\n<\/p><\/div>\n<div class=\"elementor-element elementor-element-b636e13 e-flex e-con-boxed wpr-particle-no wpr-jarallax-no wpr-parallax-no wpr-sticky-section-no e-con e-parent\" data-id=\"b636e13\" data-element_type=\"container\">\n<div class=\"e-con-inner\">\n<div class=\"elementor-element elementor-element-26b192c wpr-comment-reply-separate wpr-comment-reply-align-right elementor-widget elementor-widget-wpr-post-comments\" data-id=\"26b192c\" data-element_type=\"widget\" data-widget_type=\"wpr-post-comments.default\">\n<div class=\"elementor-widget-container\">\n<div class=\"wpr-comments-wrap\" id=\"comments\">\n<div id=\"respond\" class=\"comment-respond\">\n<h3 id=\"wpr-reply-title\" class=\"wpr-comment-reply-title\">Deixe seu Coment\u00e1rio <small><a rel=\"nofollow\" id=\"cancel-comment-reply-link\" href=\"\/feed\/#respond\">Cancelar resposta<\/a><\/small><\/h3>\n<p class=\"comment-notes\"><span id=\"email-notes\">O seu endere\u00e7o de e-mail n\u00e3o ser\u00e1 publicado.<\/span> <span class=\"required-field-message\">Campos obrigat\u00f3rios s\u00e3o marcados com <span class=\"required\">*<\/span><\/span><\/p>\n<div class=\"wpr-comment-form-text\"><label>Message<span>*<\/span><\/label><textarea name=\"comment\" cols=\"45\" rows=\"8\"><\/textarea><\/div>\n<div class=\"wpr-comment-form-fields\">\n<div class=\"wpr-comment-form-author\"><label>Name<span>*<\/span><\/label><\/div>\n<div class=\"wpr-comment-form-email\"><label>Email<span>*<\/span><\/label><\/div>\n<\/div>\n<p class=\"form-submit\">\n<\/p>\n<p class=\"akismet-fields-container\" data-prefix=\"ak_\"><label>&#916;<textarea name=\"ak_hp_textarea\" cols=\"45\" rows=\"8\"><\/textarea><\/label>document.getElementById( &#8220;ak_js_1&#8221; ).setAttribute( &#8220;value&#8221;, ( new Date() ).getTime() );<\/p>\n<\/p><\/div>\n<p><!-- #respond -->\n\t<\/div>\n<\/p><\/div>\n<\/p><\/div>\n<\/p><\/div>\n<\/p><\/div>\n<div class=\"elementor-element elementor-element-2574eb9a e-flex e-con-boxed wpr-particle-no wpr-jarallax-no wpr-parallax-no wpr-sticky-section-no e-con e-parent\" data-id=\"2574eb9a\" data-element_type=\"container\" data-settings=\"{&quot;background_background&quot;:&quot;classic&quot;}\">\n<div class=\"e-con-inner\">\n<div class=\"elementor-element elementor-element-7b10195a e-flex e-con-boxed wpr-particle-no wpr-jarallax-no wpr-parallax-no wpr-sticky-section-no e-con e-child\" data-id=\"7b10195a\" data-element_type=\"container\">\n<div class=\"e-con-inner\">\n<div class=\"elementor-element elementor-element-2d6e9636 e-con-full e-flex wpr-particle-no wpr-jarallax-no wpr-parallax-no wpr-sticky-section-no e-con e-child\" data-id=\"2d6e9636\" data-element_type=\"container\">\n<div class=\"elementor-element elementor-element-5ca7db2c e-con-full e-flex wpr-particle-no wpr-jarallax-no wpr-parallax-no wpr-sticky-section-no e-con e-child\" data-id=\"5ca7db2c\" data-element_type=\"container\">\n<div class=\"elementor-element elementor-element-7f7d2eea elementor-widget-tablet__width-initial elementor-widget elementor-widget-image\" data-id=\"7f7d2eea\" data-element_type=\"widget\" data-widget_type=\"image.default\">\n<div class=\"elementor-widget-container\">\n\t\t\t\t\t\t\t\t\t\t\t\t\t<img decoding=\"async\" width=\"1600\" height=\"648\" data-src=\"https:\/\/asidbrasil.org.br\/wp-content\/uploads\/2022\/11\/Logo_principal_branca-e-azul-e1668114261953.png\" class=\"attachment-full size-full wp-image-145 lazyload\" alt=\"Logo ASID Brasil\" src=\"data:image\/svg+xml;base64,PHN2ZyB3aWR0aD0iMSIgaGVpZ2h0PSIxIiB4bWxucz0iaHR0cDovL3d3dy53My5vcmcvMjAwMC9zdmciPjwvc3ZnPg==\" style=\"--smush-placeholder-width: 1600px; --smush-placeholder-aspect-ratio: 1600\/648;\" \/>\t\t\t\t\t\t\t\t\t\t\t\t\t<\/div>\n<\/p><\/div>\n<div class=\"elementor-element elementor-element-3f49179 elementor-widget elementor-widget-elementskit-social-media\" data-id=\"3f49179\" data-element_type=\"widget\" data-widget_type=\"elementskit-social-media.default\">\n<div class=\"elementor-widget-container\">\n<div class=\"ekit-wid-con\">\n<ul class=\"ekit_social_media\">\n<li class=\"elementor-repeater-item-1399011\">\n\t\t\t\t\t    <a href=\"https:\/\/www.instagram.com\/asidbrasil\/\" aria-label=\"Instagram\" class=\"instagram\"><\/p>\n<p>\t\t\t\t\t\t\t<i aria-hidden=\"true\" class=\"fab fa-instagram\"><\/i><br \/>\n                                                                                                            <\/a>\n                    <\/li>\n<li class=\"elementor-repeater-item-c8596be\">\n\t\t\t\t\t    <a href=\"https:\/\/www.youtube.com\/c\/ASIDBrasil\" aria-label=\"YouTube\" class=\"youtube\"><\/p>\n<p>\t\t\t\t\t\t\t<i aria-hidden=\"true\" class=\"fab fa-youtube\"><\/i><br \/>\n                                                                                                            <\/a>\n                    <\/li>\n<li class=\"elementor-repeater-item-048c536\">\n\t\t\t\t\t    <a href=\"https:\/\/www.linkedin.com\/company\/asidbrasil\/\" aria-label=\"Linkedin\" class=\"in\"><\/p>\n<p>\t\t\t\t\t\t\t<i aria-hidden=\"true\" class=\"fab fa-linkedin-in\"><\/i><br \/>\n                                                                                                            <\/a>\n                    <\/li>\n<li class=\"elementor-repeater-item-da8f4de\">\n\t\t\t\t\t    <a href=\"https:\/\/www.facebook.com\/asidbrasil\" aria-label=\"Facebook\" class=\"f\"><\/p>\n<p>\t\t\t\t\t\t\t<i aria-hidden=\"true\" class=\"fab fa-facebook-f\"><\/i><br \/>\n                                                                                                            <\/a>\n                    <\/li>\n<\/ul><\/div>\n<\/p><\/div>\n<\/p><\/div>\n<div class=\"elementor-element elementor-element-bd923d1 elementor-widget elementor-widget-heading\" data-id=\"bd923d1\" data-element_type=\"widget\" data-widget_type=\"heading.default\">\n<div class=\"elementor-widget-container\">\n<h2 class=\"elementor-heading-title elementor-size-default\">Contato<\/h2>\n<\/p><\/div>\n<\/p><\/div>\n<div class=\"elementor-element elementor-element-5bd55d13 elementor-widget elementor-widget-heading\" data-id=\"5bd55d13\" data-element_type=\"widget\" data-widget_type=\"heading.default\">\n<div class=\"elementor-widget-container\">\n<h3 class=\"elementor-heading-title elementor-size-default\"><a href=\"mailto:contato@asid.org.br\" target=\"_blank\" rel=\"noopener\">E-mail: <span style=\"color: #00ffff\"><a style=\"color: #00ffff\" href=\"mailto:contato@85r.df2.myftpupload.com\">contato@asid.org.br<\/a><\/span><\/a><\/h3>\n<\/p><\/div>\n<\/p><\/div>\n<\/p><\/div>\n<div class=\"elementor-element elementor-element-31c35d3c e-con-full e-flex wpr-particle-no wpr-jarallax-no wpr-parallax-no wpr-sticky-section-no e-con e-child\" data-id=\"31c35d3c\" data-element_type=\"container\">\n<div class=\"elementor-element elementor-element-378308bf elementor-widget elementor-widget-heading\" data-id=\"378308bf\" data-element_type=\"widget\" data-widget_type=\"heading.default\">\n<div class=\"elementor-widget-container\">\n<h2 class=\"elementor-heading-title elementor-size-default\">Nossa Miss\u00e3o<\/h2>\n<\/p><\/div>\n<\/p><\/div>\n<div class=\"elementor-element elementor-element-4691822 elementor-widget elementor-widget-text-editor\" data-id=\"4691822\" data-element_type=\"widget\" data-widget_type=\"text-editor.default\">\n<div class=\"elementor-widget-container\">\n<p>Existimos para quebrar as barreiras socioecon\u00f4micas que excluem a pessoa com defici\u00eancia.<\/p>\n<\/p><\/div>\n<\/p><\/div>\n<div class=\"elementor-element elementor-element-71c32d75 elementor-widget elementor-widget-image\" data-id=\"71c32d75\" data-element_type=\"widget\" data-widget_type=\"image.default\">\n<div class=\"elementor-widget-container\">\n\t\t\t\t\t\t\t\t\t\t\t\t\t<img decoding=\"async\" data-src=\"https:\/\/asidbrasil.org.br\/wp-content\/uploads\/elementor\/thumbs\/selo-amigo-do-surdo-branco-redondo-hugo-120x120-1-qg2mdnpquye6ntj53bkrdi85vh94b5tvnnifrpn36w.png\" title=\"selo-amigo-do-surdo-branco-redondo-hugo-120&#215;120\" alt=\"Selo Amigo Do Surdo Branco Redondo Hugo\" src=\"data:image\/svg+xml;base64,PHN2ZyB3aWR0aD0iMSIgaGVpZ2h0PSIxIiB4bWxucz0iaHR0cDovL3d3dy53My5vcmcvMjAwMC9zdmciPjwvc3ZnPg==\" class=\"lazyload\" \/>\t\t\t\t\t\t\t\t\t\t\t\t\t<\/div>\n<\/p><\/div>\n<\/p><\/div>\n<div class=\"elementor-element elementor-element-724a9d9b e-con-full e-flex wpr-particle-no wpr-jarallax-no wpr-parallax-no wpr-sticky-section-no e-con e-child\" data-id=\"724a9d9b\" data-element_type=\"container\">\n<div class=\"elementor-element elementor-element-6f46d276 elementor-widget elementor-widget-heading\" data-id=\"6f46d276\" data-element_type=\"widget\" data-widget_type=\"heading.default\">\n<div class=\"elementor-widget-container\">\n<h2 class=\"elementor-heading-title elementor-size-default\">LGPD<\/h2>\n<\/p><\/div>\n<\/p><\/div>\n<div class=\"elementor-element elementor-element-633ef78c elementor-widget elementor-widget-text-editor\" data-id=\"633ef78c\" data-element_type=\"widget\" data-widget_type=\"text-editor.default\">\n<div class=\"elementor-widget-container\">\n<p>Em alinhamento com a Lei Geral de Prote\u00e7\u00e3o de Dados, garantimos a confidencialidade, seguran\u00e7a e integridade de seus dados pessoais, prevenindo a ocorr\u00eancia de eventuais danos em virtude do tratamento dos mesmos. Para as solicita\u00e7\u00f5es dos titulares de dados, por favor, nos envie um <strong><span style=\"color: #00ffff\"><a style=\"color: #00ffff\" href=\"mailto:contato@85r.df2.myftpupload.com\">e-mail<\/a><\/span>.<\/strong><\/p>\n<\/p><\/div>\n<\/p><\/div>\n<\/p><\/div>\n<\/p><\/div>\n<\/p><\/div>\n<\/p><\/div>\n<\/p><\/div>\n<\/p><\/div>\n<div class=\"elementor-element elementor-element-58b2e0fb e-flex e-con-boxed wpr-particle-no wpr-jarallax-no wpr-parallax-no wpr-sticky-section-no e-con e-parent\" data-id=\"58b2e0fb\" data-element_type=\"container\" data-settings=\"{&quot;background_background&quot;:&quot;classic&quot;}\">\n<div class=\"e-con-inner\">\n<div class=\"elementor-element elementor-element-723fc878 e-flex e-con-boxed wpr-particle-no wpr-jarallax-no wpr-parallax-no wpr-sticky-section-no e-con e-child\" data-id=\"723fc878\" data-element_type=\"container\">\n<div class=\"e-con-inner\">\n<div class=\"elementor-element elementor-element-3ac679bf e-con-full e-flex wpr-particle-no wpr-jarallax-no wpr-parallax-no wpr-sticky-section-no e-con e-child\" data-id=\"3ac679bf\" data-element_type=\"container\">\n<div class=\"elementor-element elementor-element-25b34a86 e-con-full e-flex wpr-particle-no wpr-jarallax-no wpr-parallax-no wpr-sticky-section-no e-con e-child\" data-id=\"25b34a86\" data-element_type=\"container\">\n<div class=\"elementor-element elementor-element-73f17b9 elementor-widget__width-auto elementor-widget elementor-widget-elementskit-heading\" data-id=\"73f17b9\" data-element_type=\"widget\" data-widget_type=\"elementskit-heading.default\">\n<div class=\"elementor-widget-container\">\n<div class=\"ekit-wid-con\">\n<div class=\"ekit-heading elementskit-section-title-wraper text_center   ekit_heading_tablet-   ekit_heading_mobile-text_center\">\n<p class=\"ekit-heading--title elementskit-section-title \">\u00a9 2022 ASID Brasil | Desenvolvido por <i class=\"fa fa-heart-o\"><\/i> <a href=\"http:\/\/www.double2.com.br\"> Double2 Comunica\u00e7\u00e3o<\/a><\/p>\n<\/div>\n<\/div><\/div>\n<\/p><\/div>\n<\/p><\/div>\n<\/p><\/div>\n<\/p><\/div>\n<\/p><\/div>\n<\/p><\/div>\n<\/p><\/div>\n<\/p><\/div>\n<p>O post <a href=\"https:\/\/asidbrasil.org.br\/2024\/10\/17\/boletim-trimestral-asid-brasil-novidades-de-julho-a-setembro\/\">Boletim Trimestral ASID Brasil: Novidades de Julho a Setembro<\/a> apareceu primeiro em <a href=\"https:\/\/asidbrasil.org.br\">ASID Brasil<\/a>.<\/p>\n<p><script async src=\"\/\/www.instagram.com\/embed.js\"><\/script><br \/>\n<i>Visite o site <a href=\"https:\/\/asidbrasil.org.br\/\">asidbrasil.org.br<\/a> e conhe\u00e7a mais sobre a ASID Brasil.<\/i><br \/>\n<br \/><a href=\"https:\/\/asidbrasil.org.br\/2024\/10\/17\/boletim-trimestral-asid-brasil-novidades-de-julho-a-setembro\/\">Fonte<\/a><br \/>\n<br \/><\/p>\n","protected":false},"excerpt":{"rendered":"<p>In\u00edcio Sobre N\u00f3s Hist\u00f3ria Pilares Atua\u00e7\u00e3o Reconhecimentos Solu\u00e7\u00f5es Como Atuamos Nossas Solu\u00e7\u00f5es Empresas Como Atuamos Investimento Social Privado Licenciamento Clube do Emprego Selos Comunidades Pessoa com Defici\u00eancia Como Atuamos Projetos Clube do Emprego Comunidades Conte\u00fado Conte\u00fado Blog Biblioteca Digital Relat\u00f3rios de Impacto Transpar\u00eancia X Boletim Trimestral ASID Brasil: Novidades de Julho a Setembro Ol\u00e1, comunidade [&hellip;]<\/p>\n","protected":false},"author":3063,"featured_media":13388,"comment_status":"open","ping_status":"open","sticky":false,"template":"","format":"standard","meta":{"footnotes":""},"categories":[113],"tags":[158,157,163,162,164,161,160,159],"class_list":{"0":"post-13387","1":"post","2":"type-post","3":"status-publish","4":"format-standard","5":"has-post-thumbnail","7":"category-cidadania","8":"tag-asid","9":"tag-cidadania","10":"tag-desenvolvimento-institucional","11":"tag-diversidade","12":"tag-impacto-social","13":"tag-inclusao","14":"tag-voluntariado","15":"tag-voluntario"},"yoast_head":"<!-- This site is optimized with the Yoast SEO plugin v27.2 - https:\/\/yoast.com\/product\/yoast-seo-wordpress\/ -->\n<title>Boletim Trimestral ASID Brasil: Novidades de Julho a Setembro | Portal de Not\u00edcias<\/title>\n<meta name=\"robots\" content=\"index, follow, max-snippet:-1, max-image-preview:large, max-video-preview:-1\" \/>\n<link rel=\"canonical\" href=\"https:\/\/asidbrasil.org.br\/2024\/10\/17\/boletim-trimestral-asid-brasil-novidades-de-julho-a-setembro\/\" \/>\n<meta property=\"og:locale\" content=\"pt_BR\" \/>\n<meta property=\"og:type\" content=\"article\" \/>\n<meta property=\"og:title\" content=\"Boletim Trimestral ASID Brasil: Novidades de Julho a Setembro | Portal de Not\u00edcias\" \/>\n<meta property=\"og:description\" content=\"In\u00edcio Sobre N\u00f3s Hist\u00f3ria Pilares Atua\u00e7\u00e3o Reconhecimentos Solu\u00e7\u00f5es Como Atuamos Nossas Solu\u00e7\u00f5es Empresas Como Atuamos Investimento Social Privado Licenciamento Clube do Emprego Selos Comunidades Pessoa com Defici\u00eancia Como Atuamos Projetos Clube do Emprego Comunidades Conte\u00fado Conte\u00fado Blog Biblioteca Digital Relat\u00f3rios de Impacto Transpar\u00eancia X Boletim Trimestral ASID Brasil: Novidades de Julho a Setembro Ol\u00e1, comunidade [&hellip;]\" \/>\n<meta property=\"og:url\" content=\"https:\/\/asidbrasil.org.br\/2024\/10\/17\/boletim-trimestral-asid-brasil-novidades-de-julho-a-setembro\/\" \/>\n<meta property=\"og:site_name\" content=\"Portal de Not\u00edcias\" \/>\n<meta property=\"article:published_time\" content=\"2024-10-17T19:05:08+00:00\" \/>\n<meta property=\"og:image\" content=\"https:\/\/mhcalculos.com.br\/noticias\/wp-content\/uploads\/sites\/2\/2024\/10\/NEWS-BOLETIM-TRIMESTRAL.jpg\" \/>\n\t<meta property=\"og:image:width\" content=\"1200\" \/>\n\t<meta property=\"og:image:height\" content=\"627\" \/>\n\t<meta property=\"og:image:type\" content=\"image\/jpeg\" \/>\n<meta name=\"author\" content=\"Equipe MH\" \/>\n<meta name=\"twitter:card\" content=\"summary_large_image\" \/>\n<meta name=\"twitter:label1\" content=\"Escrito por\" \/>\n\t<meta name=\"twitter:data1\" content=\"Equipe MH\" \/>\n\t<meta name=\"twitter:label2\" content=\"Est. tempo de leitura\" \/>\n\t<meta name=\"twitter:data2\" content=\"5 minutos\" \/>\n<script type=\"application\/ld+json\" class=\"yoast-schema-graph\">{\"@context\":\"https:\/\/schema.org\",\"@graph\":[{\"@type\":\"Article\",\"@id\":\"https:\/\/asidbrasil.org.br\/2024\/10\/17\/boletim-trimestral-asid-brasil-novidades-de-julho-a-setembro\/#article\",\"isPartOf\":{\"@id\":\"https:\/\/mhcalculos.com.br\/noticias\/cidadania\/boletim-trimestral-asid-brasil-novidades-de-julho-a-setembro.html\"},\"author\":{\"name\":\"Equipe MH\",\"@id\":\"https:\/\/mhcalculos.com.br\/noticias\/#\/schema\/person\/88d1c34bf72dc779ea14a5a6b8e0ae8d\"},\"headline\":\"Boletim Trimestral ASID Brasil: Novidades de Julho a Setembro\",\"datePublished\":\"2024-10-17T19:05:08+00:00\",\"mainEntityOfPage\":{\"@id\":\"https:\/\/mhcalculos.com.br\/noticias\/cidadania\/boletim-trimestral-asid-brasil-novidades-de-julho-a-setembro.html\"},\"wordCount\":1028,\"commentCount\":0,\"image\":{\"@id\":\"https:\/\/asidbrasil.org.br\/2024\/10\/17\/boletim-trimestral-asid-brasil-novidades-de-julho-a-setembro\/#primaryimage\"},\"thumbnailUrl\":\"https:\/\/mhcalculos.com.br\/noticias\/wp-content\/uploads\/sites\/2\/2024\/10\/NEWS-BOLETIM-TRIMESTRAL.jpg\",\"keywords\":[\"asid\",\"cidadania\",\"desenvolvimento institucional\",\"diversidade\",\"impacto social\",\"inclus\u00e3o\",\"voluntariado\",\"volunt\u00e1rio\"],\"articleSection\":[\"Cidadania\"],\"inLanguage\":\"pt-BR\",\"potentialAction\":[{\"@type\":\"CommentAction\",\"name\":\"Comment\",\"target\":[\"https:\/\/asidbrasil.org.br\/2024\/10\/17\/boletim-trimestral-asid-brasil-novidades-de-julho-a-setembro\/#respond\"]}]},{\"@type\":\"WebPage\",\"@id\":\"https:\/\/mhcalculos.com.br\/noticias\/cidadania\/boletim-trimestral-asid-brasil-novidades-de-julho-a-setembro.html\",\"url\":\"https:\/\/asidbrasil.org.br\/2024\/10\/17\/boletim-trimestral-asid-brasil-novidades-de-julho-a-setembro\/\",\"name\":\"Boletim Trimestral ASID Brasil: Novidades de Julho a Setembro | Portal de Not\u00edcias\",\"isPartOf\":{\"@id\":\"https:\/\/mhcalculos.com.br\/noticias\/#website\"},\"primaryImageOfPage\":{\"@id\":\"https:\/\/asidbrasil.org.br\/2024\/10\/17\/boletim-trimestral-asid-brasil-novidades-de-julho-a-setembro\/#primaryimage\"},\"image\":{\"@id\":\"https:\/\/asidbrasil.org.br\/2024\/10\/17\/boletim-trimestral-asid-brasil-novidades-de-julho-a-setembro\/#primaryimage\"},\"thumbnailUrl\":\"https:\/\/mhcalculos.com.br\/noticias\/wp-content\/uploads\/sites\/2\/2024\/10\/NEWS-BOLETIM-TRIMESTRAL.jpg\",\"datePublished\":\"2024-10-17T19:05:08+00:00\",\"author\":{\"@id\":\"https:\/\/mhcalculos.com.br\/noticias\/#\/schema\/person\/88d1c34bf72dc779ea14a5a6b8e0ae8d\"},\"breadcrumb\":{\"@id\":\"https:\/\/asidbrasil.org.br\/2024\/10\/17\/boletim-trimestral-asid-brasil-novidades-de-julho-a-setembro\/#breadcrumb\"},\"inLanguage\":\"pt-BR\",\"potentialAction\":[{\"@type\":\"ReadAction\",\"target\":[\"https:\/\/asidbrasil.org.br\/2024\/10\/17\/boletim-trimestral-asid-brasil-novidades-de-julho-a-setembro\/\"]}]},{\"@type\":\"ImageObject\",\"inLanguage\":\"pt-BR\",\"@id\":\"https:\/\/asidbrasil.org.br\/2024\/10\/17\/boletim-trimestral-asid-brasil-novidades-de-julho-a-setembro\/#primaryimage\",\"url\":\"https:\/\/mhcalculos.com.br\/noticias\/wp-content\/uploads\/sites\/2\/2024\/10\/NEWS-BOLETIM-TRIMESTRAL.jpg\",\"contentUrl\":\"https:\/\/mhcalculos.com.br\/noticias\/wp-content\/uploads\/sites\/2\/2024\/10\/NEWS-BOLETIM-TRIMESTRAL.jpg\",\"width\":1200,\"height\":627},{\"@type\":\"BreadcrumbList\",\"@id\":\"https:\/\/asidbrasil.org.br\/2024\/10\/17\/boletim-trimestral-asid-brasil-novidades-de-julho-a-setembro\/#breadcrumb\",\"itemListElement\":[{\"@type\":\"ListItem\",\"position\":1,\"name\":\"In\u00edcio\",\"item\":\"https:\/\/mhcalculos.com.br\/noticias\/\"},{\"@type\":\"ListItem\",\"position\":2,\"name\":\"Boletim Trimestral ASID Brasil: Novidades de Julho a Setembro\"}]},{\"@type\":\"WebSite\",\"@id\":\"https:\/\/mhcalculos.com.br\/noticias\/#website\",\"url\":\"https:\/\/mhcalculos.com.br\/noticias\/\",\"name\":\"Portal de Not\u00edcias\",\"description\":\"Not\u00edcias e Jurisprud\u00eancia\",\"potentialAction\":[{\"@type\":\"SearchAction\",\"target\":{\"@type\":\"EntryPoint\",\"urlTemplate\":\"https:\/\/mhcalculos.com.br\/noticias\/?s={search_term_string}\"},\"query-input\":{\"@type\":\"PropertyValueSpecification\",\"valueRequired\":true,\"valueName\":\"search_term_string\"}}],\"inLanguage\":\"pt-BR\"},{\"@type\":\"Person\",\"@id\":\"https:\/\/mhcalculos.com.br\/noticias\/#\/schema\/person\/88d1c34bf72dc779ea14a5a6b8e0ae8d\",\"name\":\"Equipe MH\",\"image\":{\"@type\":\"ImageObject\",\"inLanguage\":\"pt-BR\",\"@id\":\"https:\/\/secure.gravatar.com\/avatar\/de1c686c2ecc9c5a3f327e3431d819eb39f8f05d4e1045f5a1caad6daaba987f?s=96&d=mm&r=g\",\"url\":\"https:\/\/secure.gravatar.com\/avatar\/de1c686c2ecc9c5a3f327e3431d819eb39f8f05d4e1045f5a1caad6daaba987f?s=96&d=mm&r=g\",\"contentUrl\":\"https:\/\/secure.gravatar.com\/avatar\/de1c686c2ecc9c5a3f327e3431d819eb39f8f05d4e1045f5a1caad6daaba987f?s=96&d=mm&r=g\",\"caption\":\"Equipe MH\"}}]}<\/script>\n<!-- \/ Yoast SEO plugin. -->","yoast_head_json":{"title":"Boletim Trimestral ASID Brasil: Novidades de Julho a Setembro | Portal de Not\u00edcias","robots":{"index":"index","follow":"follow","max-snippet":"max-snippet:-1","max-image-preview":"max-image-preview:large","max-video-preview":"max-video-preview:-1"},"canonical":"https:\/\/asidbrasil.org.br\/2024\/10\/17\/boletim-trimestral-asid-brasil-novidades-de-julho-a-setembro\/","og_locale":"pt_BR","og_type":"article","og_title":"Boletim Trimestral ASID Brasil: Novidades de Julho a Setembro | Portal de Not\u00edcias","og_description":"In\u00edcio Sobre N\u00f3s Hist\u00f3ria Pilares Atua\u00e7\u00e3o Reconhecimentos Solu\u00e7\u00f5es Como Atuamos Nossas Solu\u00e7\u00f5es Empresas Como Atuamos Investimento Social Privado Licenciamento Clube do Emprego Selos Comunidades Pessoa com Defici\u00eancia Como Atuamos Projetos Clube do Emprego Comunidades Conte\u00fado Conte\u00fado Blog Biblioteca Digital Relat\u00f3rios de Impacto Transpar\u00eancia X Boletim Trimestral ASID Brasil: Novidades de Julho a Setembro Ol\u00e1, comunidade [&hellip;]","og_url":"https:\/\/asidbrasil.org.br\/2024\/10\/17\/boletim-trimestral-asid-brasil-novidades-de-julho-a-setembro\/","og_site_name":"Portal de Not\u00edcias","article_published_time":"2024-10-17T19:05:08+00:00","og_image":[{"width":1200,"height":627,"url":"https:\/\/mhcalculos.com.br\/noticias\/wp-content\/uploads\/sites\/2\/2024\/10\/NEWS-BOLETIM-TRIMESTRAL.jpg","type":"image\/jpeg"}],"author":"Equipe MH","twitter_card":"summary_large_image","twitter_misc":{"Escrito por":"Equipe MH","Est. tempo de leitura":"5 minutos"},"schema":{"@context":"https:\/\/schema.org","@graph":[{"@type":"Article","@id":"https:\/\/asidbrasil.org.br\/2024\/10\/17\/boletim-trimestral-asid-brasil-novidades-de-julho-a-setembro\/#article","isPartOf":{"@id":"https:\/\/mhcalculos.com.br\/noticias\/cidadania\/boletim-trimestral-asid-brasil-novidades-de-julho-a-setembro.html"},"author":{"name":"Equipe MH","@id":"https:\/\/mhcalculos.com.br\/noticias\/#\/schema\/person\/88d1c34bf72dc779ea14a5a6b8e0ae8d"},"headline":"Boletim Trimestral ASID Brasil: Novidades de Julho a Setembro","datePublished":"2024-10-17T19:05:08+00:00","mainEntityOfPage":{"@id":"https:\/\/mhcalculos.com.br\/noticias\/cidadania\/boletim-trimestral-asid-brasil-novidades-de-julho-a-setembro.html"},"wordCount":1028,"commentCount":0,"image":{"@id":"https:\/\/asidbrasil.org.br\/2024\/10\/17\/boletim-trimestral-asid-brasil-novidades-de-julho-a-setembro\/#primaryimage"},"thumbnailUrl":"https:\/\/mhcalculos.com.br\/noticias\/wp-content\/uploads\/sites\/2\/2024\/10\/NEWS-BOLETIM-TRIMESTRAL.jpg","keywords":["asid","cidadania","desenvolvimento institucional","diversidade","impacto social","inclus\u00e3o","voluntariado","volunt\u00e1rio"],"articleSection":["Cidadania"],"inLanguage":"pt-BR","potentialAction":[{"@type":"CommentAction","name":"Comment","target":["https:\/\/asidbrasil.org.br\/2024\/10\/17\/boletim-trimestral-asid-brasil-novidades-de-julho-a-setembro\/#respond"]}]},{"@type":"WebPage","@id":"https:\/\/mhcalculos.com.br\/noticias\/cidadania\/boletim-trimestral-asid-brasil-novidades-de-julho-a-setembro.html","url":"https:\/\/asidbrasil.org.br\/2024\/10\/17\/boletim-trimestral-asid-brasil-novidades-de-julho-a-setembro\/","name":"Boletim Trimestral ASID Brasil: Novidades de Julho a Setembro | Portal de Not\u00edcias","isPartOf":{"@id":"https:\/\/mhcalculos.com.br\/noticias\/#website"},"primaryImageOfPage":{"@id":"https:\/\/asidbrasil.org.br\/2024\/10\/17\/boletim-trimestral-asid-brasil-novidades-de-julho-a-setembro\/#primaryimage"},"image":{"@id":"https:\/\/asidbrasil.org.br\/2024\/10\/17\/boletim-trimestral-asid-brasil-novidades-de-julho-a-setembro\/#primaryimage"},"thumbnailUrl":"https:\/\/mhcalculos.com.br\/noticias\/wp-content\/uploads\/sites\/2\/2024\/10\/NEWS-BOLETIM-TRIMESTRAL.jpg","datePublished":"2024-10-17T19:05:08+00:00","author":{"@id":"https:\/\/mhcalculos.com.br\/noticias\/#\/schema\/person\/88d1c34bf72dc779ea14a5a6b8e0ae8d"},"breadcrumb":{"@id":"https:\/\/asidbrasil.org.br\/2024\/10\/17\/boletim-trimestral-asid-brasil-novidades-de-julho-a-setembro\/#breadcrumb"},"inLanguage":"pt-BR","potentialAction":[{"@type":"ReadAction","target":["https:\/\/asidbrasil.org.br\/2024\/10\/17\/boletim-trimestral-asid-brasil-novidades-de-julho-a-setembro\/"]}]},{"@type":"ImageObject","inLanguage":"pt-BR","@id":"https:\/\/asidbrasil.org.br\/2024\/10\/17\/boletim-trimestral-asid-brasil-novidades-de-julho-a-setembro\/#primaryimage","url":"https:\/\/mhcalculos.com.br\/noticias\/wp-content\/uploads\/sites\/2\/2024\/10\/NEWS-BOLETIM-TRIMESTRAL.jpg","contentUrl":"https:\/\/mhcalculos.com.br\/noticias\/wp-content\/uploads\/sites\/2\/2024\/10\/NEWS-BOLETIM-TRIMESTRAL.jpg","width":1200,"height":627},{"@type":"BreadcrumbList","@id":"https:\/\/asidbrasil.org.br\/2024\/10\/17\/boletim-trimestral-asid-brasil-novidades-de-julho-a-setembro\/#breadcrumb","itemListElement":[{"@type":"ListItem","position":1,"name":"In\u00edcio","item":"https:\/\/mhcalculos.com.br\/noticias\/"},{"@type":"ListItem","position":2,"name":"Boletim Trimestral ASID Brasil: Novidades de Julho a Setembro"}]},{"@type":"WebSite","@id":"https:\/\/mhcalculos.com.br\/noticias\/#website","url":"https:\/\/mhcalculos.com.br\/noticias\/","name":"Portal de Not\u00edcias","description":"Not\u00edcias e Jurisprud\u00eancia","potentialAction":[{"@type":"SearchAction","target":{"@type":"EntryPoint","urlTemplate":"https:\/\/mhcalculos.com.br\/noticias\/?s={search_term_string}"},"query-input":{"@type":"PropertyValueSpecification","valueRequired":true,"valueName":"search_term_string"}}],"inLanguage":"pt-BR"},{"@type":"Person","@id":"https:\/\/mhcalculos.com.br\/noticias\/#\/schema\/person\/88d1c34bf72dc779ea14a5a6b8e0ae8d","name":"Equipe MH","image":{"@type":"ImageObject","inLanguage":"pt-BR","@id":"https:\/\/secure.gravatar.com\/avatar\/de1c686c2ecc9c5a3f327e3431d819eb39f8f05d4e1045f5a1caad6daaba987f?s=96&d=mm&r=g","url":"https:\/\/secure.gravatar.com\/avatar\/de1c686c2ecc9c5a3f327e3431d819eb39f8f05d4e1045f5a1caad6daaba987f?s=96&d=mm&r=g","contentUrl":"https:\/\/secure.gravatar.com\/avatar\/de1c686c2ecc9c5a3f327e3431d819eb39f8f05d4e1045f5a1caad6daaba987f?s=96&d=mm&r=g","caption":"Equipe MH"}}]}},"_links":{"self":[{"href":"https:\/\/mhcalculos.com.br\/noticias\/wp-json\/wp\/v2\/posts\/13387","targetHints":{"allow":["GET"]}}],"collection":[{"href":"https:\/\/mhcalculos.com.br\/noticias\/wp-json\/wp\/v2\/posts"}],"about":[{"href":"https:\/\/mhcalculos.com.br\/noticias\/wp-json\/wp\/v2\/types\/post"}],"author":[{"embeddable":true,"href":"https:\/\/mhcalculos.com.br\/noticias\/wp-json\/wp\/v2\/users\/3063"}],"replies":[{"embeddable":true,"href":"https:\/\/mhcalculos.com.br\/noticias\/wp-json\/wp\/v2\/comments?post=13387"}],"version-history":[{"count":0,"href":"https:\/\/mhcalculos.com.br\/noticias\/wp-json\/wp\/v2\/posts\/13387\/revisions"}],"wp:featuredmedia":[{"embeddable":true,"href":"https:\/\/mhcalculos.com.br\/noticias\/wp-json\/wp\/v2\/media\/13388"}],"wp:attachment":[{"href":"https:\/\/mhcalculos.com.br\/noticias\/wp-json\/wp\/v2\/media?parent=13387"}],"wp:term":[{"taxonomy":"category","embeddable":true,"href":"https:\/\/mhcalculos.com.br\/noticias\/wp-json\/wp\/v2\/categories?post=13387"},{"taxonomy":"post_tag","embeddable":true,"href":"https:\/\/mhcalculos.com.br\/noticias\/wp-json\/wp\/v2\/tags?post=13387"}],"curies":[{"name":"wp","href":"https:\/\/api.w.org\/{rel}","templated":true}]}}