{"id":13183,"date":"2024-01-16T18:20:00","date_gmt":"2024-01-16T21:20:00","guid":{"rendered":"https:\/\/mhcalculos.com.br\/noticias\/area\/trabalhista\/tst-empresa-tera-de-fornecer-protese-a-empregado-que-teve-mao-amputada-em-acidente.html"},"modified":"2025-04-09T09:46:10","modified_gmt":"2025-04-09T12:46:10","slug":"tst-empresa-tera-de-fornecer-protese-a-empregado-que-teve-mao-amputada-em-acidente","status":"publish","type":"post","link":"https:\/\/mhcalculos.com.br\/noticias\/area\/trabalhista\/tst-empresa-tera-de-fornecer-protese-a-empregado-que-teve-mao-amputada-em-acidente.html","title":{"rendered":"TST: Empresa ter\u00e1 de fornecer pr\u00f3tese a empregado que teve m\u00e3o amputada em acidente"},"content":{"rendered":"\n<p>Para a 3\u00aa Turma, as despesas s\u00e3o inerentes \u00e0 responsabilidade civil do empregador<\/p>\n<p>A Terceira Turma do Tribunal Superior do Trabalho condenou uma microempresa em Salto (SP) a custear o tratamento de um operador de produ\u00e7\u00e3o que ter\u00e1 de implantar uma pr\u00f3tese mec\u00e2nica ap\u00f3s ter a m\u00e3o amputada em acidente de trabalho. A indeniza\u00e7\u00e3o consiste em pagar as despesas com tratamento, \u00a0aquisi\u00e7\u00e3o, manuten\u00e7\u00e3o e substitui\u00e7\u00e3o peri\u00f3dicas de pr\u00f3teses.<\/p>\n<h4>Cilindro<\/h4>\n<p>A empresa produz compostos de borracha e, segundo o empregado, sua fun\u00e7\u00e3o era inserir uma folha de borracha numa m\u00e1quina de cilindros &#8211; semelhante \u00e0 m\u00e1quina de moer cana, mas em escala muito maior. O material era inserido e reinserido enquanto o cilindro girava v\u00e1rias vezes, e, durante esse processo, sua m\u00e3o ficou pressa e foi puxada junto com a borracha para dentro do cilindro, causando esmagamento de alguns dedos e o desprendimento da pele.<\/p>\n<h4>Abalo<\/h4>\n<p>Na reclama\u00e7\u00e3o trabalhista, o empregado disse que usava luvas inadequadas para a atividade e que n\u00e3o tinha sido capacitado para operar a m\u00e1quina. Ele pediu indeniza\u00e7\u00f5es por dano material e est\u00e9tico, alegando que a amputa\u00e7\u00e3o causou abalos emocionais para ele e para a fam\u00edlia.<\/p>\n<h4>Desaten\u00e7\u00e3o<\/h4>\n<p>A empresa alegou que a culpa seria toda do trabalhador, que teria desrespeitado as orienta\u00e7\u00f5es dadas nos treinamentos de integra\u00e7\u00e3o. Sustentou, ainda, que o acidente decorrera de pressa e desaten\u00e7\u00e3o no manuseio da m\u00e1quina diante da possibilidade de sa\u00edda antecipada do servi\u00e7o.<\/p>\n<h4>Indeniza\u00e7\u00e3o<\/h4>\n<p>A Vara de Trabalho de Salto condenou a microempresa a pagar pens\u00e3o mensal vital\u00edcia, indeniza\u00e7\u00e3o por danos morais e est\u00e9ticos de R$ 70 mil e indeniza\u00e7\u00f5es \u00e0 mulher e ao filho do empregado. Contudo, negou o pedido de custeio da pr\u00f3tese.<\/p>\n<h4>Laudo pericial<\/h4>\n<p>O TRT da 15\u00aa Regi\u00e3o (Campinas-SP) manteve a senten\u00e7a. A decis\u00e3o levou em conta a informa\u00e7\u00e3o do laudo pericial de que a utiliza\u00e7\u00e3o e a escolha de pr\u00f3teses exigem um estudo sobre a adequa\u00e7\u00e3o do material. Ainda segundo o TRT, o INSS havia deferido benef\u00edcio acident\u00e1rio mas, no momento da per\u00edcia, o operador n\u00e3o havia se direcionado ao setor de reabilita\u00e7\u00e3o e teve o benef\u00edcio cessado.<\/p>\n<h4>Dever de restituir<\/h4>\n<p>J\u00e1 no TST, o relator do recurso do empregado, ministro Mauricio Godinho Delgado, votou pela condena\u00e7\u00e3o da empresa a custear as despesas m\u00e9dicas com o tratamento para implanta\u00e7\u00e3o da pr\u00f3tese mec\u00e2nica, que dever\u00e3o ser oportunamente comprovadas nos autos. Segundo ele, a medida integra o dever de restituir integralmente as despesas com tratamento m\u00e9dico e \u00e9 inerente \u00e0 responsabilidade civil.<\/p>\n<h4>Natureza distinta<\/h4>\n<p>O ministro ressaltou que a indeniza\u00e7\u00e3o por danos materiais (que resulta de doen\u00e7a ocupacional e envolve a culpa do empregador) \u00a0n\u00e3o se confunde com o benef\u00edcio previdenci\u00e1rio do INSS, que tem natureza distinta porque decorre do dever de presta\u00e7\u00e3o assistencial pelo Estado de forma ampla. Assim, as parcelas s\u00e3o cumul\u00e1veis. De acordo com o relator, o acesso ao servi\u00e7o p\u00fablico de sa\u00fade n\u00e3o desonera o empregador de sua responsabilidade, sobretudo diante da not\u00f3ria precariedade do atendimento.<\/p>\n<p>(Ricardo Reis\/CF)<\/p>\n<p>Processo: <a href=\"https:\/\/consultaprocessual.tst.jus.br\/consultaProcessual\/consultaTstNumUnica.do?consulta=Consultar&amp;conscsjt=&amp;numeroTst=11252&amp;digitoTst=96&amp;anoTst=2020&amp;orgaoTst=5&amp;tribunalTst=15&amp;varaTst=0085&amp;submit=Consultar\" target=\"_blank\" rel=\"noopener\">RRAg-11252-96.2020.5.15.0085<\/a><\/p>\n<p><em>Esta mat\u00e9ria \u00e9 meramente informativa.<br \/>\nPermitida a reprodu\u00e7\u00e3o mediante cita\u00e7\u00e3o da fonte.<br \/>\nSecretaria de Comunica\u00e7\u00e3o Social<br \/>\n<a href=\"http:\/\/www.tst.jus.br\" target=\"_blank\" rel=\"noopener\">Tribunal Superior do Trabalho<\/a><br \/>\nTel. (61) 3043-4907<br \/>\n<a href=\"mailto:secom@tst.jus.br\u00a0\" target=\"\" rel=\"noopener\">secom@tst.jus.br\u00a0<\/a><\/em><\/p>\n<p><i>Com informa\u00e7\u00f5es da assessoria de imprensa do TST.<\/i><\/p>\n<p><a href=\"https:\/\/www.tst.jus.br\/web\/guest\/noticias?p_p_id=89Dk&amp;p_p_lifecycle=0&amp;refererPlid=10730&amp;_89Dk_groupId=10157&amp;_89Dk_articleId=32712806\">Fonte<\/a><\/p>\n\n","protected":false},"excerpt":{"rendered":"<p>Para a 3\u00aa Turma, as despesas s\u00e3o inerentes \u00e0 responsabilidade civil do empregador A Terceira Turma do Tribunal Superior do Trabalho condenou uma microempresa em Salto (SP) a custear o tratamento de um operador de produ\u00e7\u00e3o que ter\u00e1 de implantar uma pr\u00f3tese mec\u00e2nica ap\u00f3s ter a m\u00e3o amputada em acidente de trabalho. A indeniza\u00e7\u00e3o consiste [&hellip;]<\/p>\n","protected":false},"author":3063,"featured_media":13184,"comment_status":"open","ping_status":"open","sticky":false,"template":"","format":"standard","meta":{"footnotes":""},"categories":[3,21],"tags":[33,216,9,12,217,215],"class_list":{"0":"post-13183","1":"post","2":"type-post","3":"status-publish","4":"format-standard","5":"has-post-thumbnail","7":"category-trabalhista","8":"category-tst","9":"tag-calculos-trabalhistas","10":"tag-direito-trabalhista","11":"tag-pericia","12":"tag-perito","13":"tag-trabalho","14":"tag-tst"},"yoast_head":"<!-- This site is optimized with the Yoast SEO plugin v27.2 - https:\/\/yoast.com\/product\/yoast-seo-wordpress\/ -->\n<title>TST: Empresa ter\u00e1 de fornecer pr\u00f3tese a empregado que teve m\u00e3o amputada em acidente | Portal de Not\u00edcias<\/title>\n<meta name=\"robots\" content=\"index, follow, max-snippet:-1, max-image-preview:large, max-video-preview:-1\" \/>\n<link rel=\"canonical\" href=\"https:\/\/mhcalculos.com.br\/noticias\/area\/trabalhista\/tst-empresa-tera-de-fornecer-protese-a-empregado-que-teve-mao-amputada-em-acidente.html\" \/>\n<meta property=\"og:locale\" content=\"pt_BR\" \/>\n<meta property=\"og:type\" content=\"article\" \/>\n<meta property=\"og:title\" content=\"TST: Empresa ter\u00e1 de fornecer pr\u00f3tese a empregado que teve m\u00e3o amputada em acidente | Portal de Not\u00edcias\" \/>\n<meta property=\"og:description\" content=\"Para a 3\u00aa Turma, as despesas s\u00e3o inerentes \u00e0 responsabilidade civil do empregador A Terceira Turma do Tribunal Superior do Trabalho condenou uma microempresa em Salto (SP) a custear o tratamento de um operador de produ\u00e7\u00e3o que ter\u00e1 de implantar uma pr\u00f3tese mec\u00e2nica ap\u00f3s ter a m\u00e3o amputada em acidente de trabalho. A indeniza\u00e7\u00e3o consiste [&hellip;]\" \/>\n<meta property=\"og:url\" content=\"https:\/\/mhcalculos.com.br\/noticias\/area\/trabalhista\/tst-empresa-tera-de-fornecer-protese-a-empregado-que-teve-mao-amputada-em-acidente.html\" \/>\n<meta property=\"og:site_name\" content=\"Portal de Not\u00edcias\" \/>\n<meta property=\"article:published_time\" content=\"2024-01-16T21:20:00+00:00\" \/>\n<meta property=\"article:modified_time\" content=\"2025-04-09T12:46:10+00:00\" \/>\n<meta property=\"og:image\" content=\"https:\/\/mhcalculos.com.br\/noticias\/wp-content\/uploads\/sites\/2\/2024\/01\/trabalhista-0051.jpg\" \/>\n\t<meta property=\"og:image:width\" content=\"2000\" \/>\n\t<meta property=\"og:image:height\" content=\"800\" \/>\n\t<meta property=\"og:image:type\" content=\"image\/jpeg\" \/>\n<meta name=\"author\" content=\"Equipe MH\" \/>\n<meta name=\"twitter:card\" content=\"summary_large_image\" \/>\n<meta name=\"twitter:label1\" content=\"Escrito por\" \/>\n\t<meta name=\"twitter:data1\" content=\"Equipe MH\" \/>\n\t<meta name=\"twitter:label2\" content=\"Est. tempo de leitura\" \/>\n\t<meta name=\"twitter:data2\" content=\"4 minutos\" \/>\n<script type=\"application\/ld+json\" class=\"yoast-schema-graph\">{\"@context\":\"https:\/\/schema.org\",\"@graph\":[{\"@type\":\"Article\",\"@id\":\"https:\/\/mhcalculos.com.br\/noticias\/area\/trabalhista\/tst-empresa-tera-de-fornecer-protese-a-empregado-que-teve-mao-amputada-em-acidente.html#article\",\"isPartOf\":{\"@id\":\"https:\/\/mhcalculos.com.br\/noticias\/area\/trabalhista\/tst-empresa-tera-de-fornecer-protese-a-empregado-que-teve-mao-amputada-em-acidente.html\"},\"author\":{\"name\":\"Equipe MH\",\"@id\":\"https:\/\/mhcalculos.com.br\/noticias\/#\/schema\/person\/88d1c34bf72dc779ea14a5a6b8e0ae8d\"},\"headline\":\"TST: Empresa ter\u00e1 de fornecer pr\u00f3tese a empregado que teve m\u00e3o amputada em acidente\",\"datePublished\":\"2024-01-16T21:20:00+00:00\",\"dateModified\":\"2025-04-09T12:46:10+00:00\",\"mainEntityOfPage\":{\"@id\":\"https:\/\/mhcalculos.com.br\/noticias\/area\/trabalhista\/tst-empresa-tera-de-fornecer-protese-a-empregado-que-teve-mao-amputada-em-acidente.html\"},\"wordCount\":608,\"commentCount\":0,\"image\":{\"@id\":\"https:\/\/mhcalculos.com.br\/noticias\/area\/trabalhista\/tst-empresa-tera-de-fornecer-protese-a-empregado-que-teve-mao-amputada-em-acidente.html#primaryimage\"},\"thumbnailUrl\":\"https:\/\/mhcalculos.com.br\/noticias\/wp-content\/uploads\/sites\/2\/2024\/01\/trabalhista-0051.jpg\",\"keywords\":[\"c\u00e1lculos trabalhistas\",\"direito trabalhista\",\"per\u00edcia\",\"perito\",\"trabalho\",\"TST\"],\"articleSection\":[\"Direito Trabalhista\",\"TST\"],\"inLanguage\":\"pt-BR\",\"potentialAction\":[{\"@type\":\"CommentAction\",\"name\":\"Comment\",\"target\":[\"https:\/\/mhcalculos.com.br\/noticias\/area\/trabalhista\/tst-empresa-tera-de-fornecer-protese-a-empregado-que-teve-mao-amputada-em-acidente.html#respond\"]}]},{\"@type\":\"WebPage\",\"@id\":\"https:\/\/mhcalculos.com.br\/noticias\/area\/trabalhista\/tst-empresa-tera-de-fornecer-protese-a-empregado-que-teve-mao-amputada-em-acidente.html\",\"url\":\"https:\/\/mhcalculos.com.br\/noticias\/area\/trabalhista\/tst-empresa-tera-de-fornecer-protese-a-empregado-que-teve-mao-amputada-em-acidente.html\",\"name\":\"TST: Empresa ter\u00e1 de fornecer pr\u00f3tese a empregado que teve m\u00e3o amputada em acidente | Portal de Not\u00edcias\",\"isPartOf\":{\"@id\":\"https:\/\/mhcalculos.com.br\/noticias\/#website\"},\"primaryImageOfPage\":{\"@id\":\"https:\/\/mhcalculos.com.br\/noticias\/area\/trabalhista\/tst-empresa-tera-de-fornecer-protese-a-empregado-que-teve-mao-amputada-em-acidente.html#primaryimage\"},\"image\":{\"@id\":\"https:\/\/mhcalculos.com.br\/noticias\/area\/trabalhista\/tst-empresa-tera-de-fornecer-protese-a-empregado-que-teve-mao-amputada-em-acidente.html#primaryimage\"},\"thumbnailUrl\":\"https:\/\/mhcalculos.com.br\/noticias\/wp-content\/uploads\/sites\/2\/2024\/01\/trabalhista-0051.jpg\",\"datePublished\":\"2024-01-16T21:20:00+00:00\",\"dateModified\":\"2025-04-09T12:46:10+00:00\",\"author\":{\"@id\":\"https:\/\/mhcalculos.com.br\/noticias\/#\/schema\/person\/88d1c34bf72dc779ea14a5a6b8e0ae8d\"},\"breadcrumb\":{\"@id\":\"https:\/\/mhcalculos.com.br\/noticias\/area\/trabalhista\/tst-empresa-tera-de-fornecer-protese-a-empregado-que-teve-mao-amputada-em-acidente.html#breadcrumb\"},\"inLanguage\":\"pt-BR\",\"potentialAction\":[{\"@type\":\"ReadAction\",\"target\":[\"https:\/\/mhcalculos.com.br\/noticias\/area\/trabalhista\/tst-empresa-tera-de-fornecer-protese-a-empregado-que-teve-mao-amputada-em-acidente.html\"]}]},{\"@type\":\"ImageObject\",\"inLanguage\":\"pt-BR\",\"@id\":\"https:\/\/mhcalculos.com.br\/noticias\/area\/trabalhista\/tst-empresa-tera-de-fornecer-protese-a-empregado-que-teve-mao-amputada-em-acidente.html#primaryimage\",\"url\":\"https:\/\/mhcalculos.com.br\/noticias\/wp-content\/uploads\/sites\/2\/2024\/01\/trabalhista-0051.jpg\",\"contentUrl\":\"https:\/\/mhcalculos.com.br\/noticias\/wp-content\/uploads\/sites\/2\/2024\/01\/trabalhista-0051.jpg\",\"width\":2000,\"height\":800},{\"@type\":\"BreadcrumbList\",\"@id\":\"https:\/\/mhcalculos.com.br\/noticias\/area\/trabalhista\/tst-empresa-tera-de-fornecer-protese-a-empregado-que-teve-mao-amputada-em-acidente.html#breadcrumb\",\"itemListElement\":[{\"@type\":\"ListItem\",\"position\":1,\"name\":\"In\u00edcio\",\"item\":\"https:\/\/mhcalculos.com.br\/noticias\/\"},{\"@type\":\"ListItem\",\"position\":2,\"name\":\"TST: Empresa ter\u00e1 de fornecer pr\u00f3tese a empregado que teve m\u00e3o amputada em acidente\"}]},{\"@type\":\"WebSite\",\"@id\":\"https:\/\/mhcalculos.com.br\/noticias\/#website\",\"url\":\"https:\/\/mhcalculos.com.br\/noticias\/\",\"name\":\"Portal de Not\u00edcias\",\"description\":\"Not\u00edcias e Jurisprud\u00eancia\",\"potentialAction\":[{\"@type\":\"SearchAction\",\"target\":{\"@type\":\"EntryPoint\",\"urlTemplate\":\"https:\/\/mhcalculos.com.br\/noticias\/?s={search_term_string}\"},\"query-input\":{\"@type\":\"PropertyValueSpecification\",\"valueRequired\":true,\"valueName\":\"search_term_string\"}}],\"inLanguage\":\"pt-BR\"},{\"@type\":\"Person\",\"@id\":\"https:\/\/mhcalculos.com.br\/noticias\/#\/schema\/person\/88d1c34bf72dc779ea14a5a6b8e0ae8d\",\"name\":\"Equipe MH\",\"image\":{\"@type\":\"ImageObject\",\"inLanguage\":\"pt-BR\",\"@id\":\"https:\/\/secure.gravatar.com\/avatar\/de1c686c2ecc9c5a3f327e3431d819eb39f8f05d4e1045f5a1caad6daaba987f?s=96&d=mm&r=g\",\"url\":\"https:\/\/secure.gravatar.com\/avatar\/de1c686c2ecc9c5a3f327e3431d819eb39f8f05d4e1045f5a1caad6daaba987f?s=96&d=mm&r=g\",\"contentUrl\":\"https:\/\/secure.gravatar.com\/avatar\/de1c686c2ecc9c5a3f327e3431d819eb39f8f05d4e1045f5a1caad6daaba987f?s=96&d=mm&r=g\",\"caption\":\"Equipe MH\"}}]}<\/script>\n<!-- \/ Yoast SEO plugin. -->","yoast_head_json":{"title":"TST: Empresa ter\u00e1 de fornecer pr\u00f3tese a empregado que teve m\u00e3o amputada em acidente | Portal de Not\u00edcias","robots":{"index":"index","follow":"follow","max-snippet":"max-snippet:-1","max-image-preview":"max-image-preview:large","max-video-preview":"max-video-preview:-1"},"canonical":"https:\/\/mhcalculos.com.br\/noticias\/area\/trabalhista\/tst-empresa-tera-de-fornecer-protese-a-empregado-que-teve-mao-amputada-em-acidente.html","og_locale":"pt_BR","og_type":"article","og_title":"TST: Empresa ter\u00e1 de fornecer pr\u00f3tese a empregado que teve m\u00e3o amputada em acidente | Portal de Not\u00edcias","og_description":"Para a 3\u00aa Turma, as despesas s\u00e3o inerentes \u00e0 responsabilidade civil do empregador A Terceira Turma do Tribunal Superior do Trabalho condenou uma microempresa em Salto (SP) a custear o tratamento de um operador de produ\u00e7\u00e3o que ter\u00e1 de implantar uma pr\u00f3tese mec\u00e2nica ap\u00f3s ter a m\u00e3o amputada em acidente de trabalho. A indeniza\u00e7\u00e3o consiste [&hellip;]","og_url":"https:\/\/mhcalculos.com.br\/noticias\/area\/trabalhista\/tst-empresa-tera-de-fornecer-protese-a-empregado-que-teve-mao-amputada-em-acidente.html","og_site_name":"Portal de Not\u00edcias","article_published_time":"2024-01-16T21:20:00+00:00","article_modified_time":"2025-04-09T12:46:10+00:00","og_image":[{"width":2000,"height":800,"url":"https:\/\/mhcalculos.com.br\/noticias\/wp-content\/uploads\/sites\/2\/2024\/01\/trabalhista-0051.jpg","type":"image\/jpeg"}],"author":"Equipe MH","twitter_card":"summary_large_image","twitter_misc":{"Escrito por":"Equipe MH","Est. tempo de leitura":"4 minutos"},"schema":{"@context":"https:\/\/schema.org","@graph":[{"@type":"Article","@id":"https:\/\/mhcalculos.com.br\/noticias\/area\/trabalhista\/tst-empresa-tera-de-fornecer-protese-a-empregado-que-teve-mao-amputada-em-acidente.html#article","isPartOf":{"@id":"https:\/\/mhcalculos.com.br\/noticias\/area\/trabalhista\/tst-empresa-tera-de-fornecer-protese-a-empregado-que-teve-mao-amputada-em-acidente.html"},"author":{"name":"Equipe MH","@id":"https:\/\/mhcalculos.com.br\/noticias\/#\/schema\/person\/88d1c34bf72dc779ea14a5a6b8e0ae8d"},"headline":"TST: Empresa ter\u00e1 de fornecer pr\u00f3tese a empregado que teve m\u00e3o amputada em acidente","datePublished":"2024-01-16T21:20:00+00:00","dateModified":"2025-04-09T12:46:10+00:00","mainEntityOfPage":{"@id":"https:\/\/mhcalculos.com.br\/noticias\/area\/trabalhista\/tst-empresa-tera-de-fornecer-protese-a-empregado-que-teve-mao-amputada-em-acidente.html"},"wordCount":608,"commentCount":0,"image":{"@id":"https:\/\/mhcalculos.com.br\/noticias\/area\/trabalhista\/tst-empresa-tera-de-fornecer-protese-a-empregado-que-teve-mao-amputada-em-acidente.html#primaryimage"},"thumbnailUrl":"https:\/\/mhcalculos.com.br\/noticias\/wp-content\/uploads\/sites\/2\/2024\/01\/trabalhista-0051.jpg","keywords":["c\u00e1lculos trabalhistas","direito trabalhista","per\u00edcia","perito","trabalho","TST"],"articleSection":["Direito Trabalhista","TST"],"inLanguage":"pt-BR","potentialAction":[{"@type":"CommentAction","name":"Comment","target":["https:\/\/mhcalculos.com.br\/noticias\/area\/trabalhista\/tst-empresa-tera-de-fornecer-protese-a-empregado-que-teve-mao-amputada-em-acidente.html#respond"]}]},{"@type":"WebPage","@id":"https:\/\/mhcalculos.com.br\/noticias\/area\/trabalhista\/tst-empresa-tera-de-fornecer-protese-a-empregado-que-teve-mao-amputada-em-acidente.html","url":"https:\/\/mhcalculos.com.br\/noticias\/area\/trabalhista\/tst-empresa-tera-de-fornecer-protese-a-empregado-que-teve-mao-amputada-em-acidente.html","name":"TST: Empresa ter\u00e1 de fornecer pr\u00f3tese a empregado que teve m\u00e3o amputada em acidente | Portal de Not\u00edcias","isPartOf":{"@id":"https:\/\/mhcalculos.com.br\/noticias\/#website"},"primaryImageOfPage":{"@id":"https:\/\/mhcalculos.com.br\/noticias\/area\/trabalhista\/tst-empresa-tera-de-fornecer-protese-a-empregado-que-teve-mao-amputada-em-acidente.html#primaryimage"},"image":{"@id":"https:\/\/mhcalculos.com.br\/noticias\/area\/trabalhista\/tst-empresa-tera-de-fornecer-protese-a-empregado-que-teve-mao-amputada-em-acidente.html#primaryimage"},"thumbnailUrl":"https:\/\/mhcalculos.com.br\/noticias\/wp-content\/uploads\/sites\/2\/2024\/01\/trabalhista-0051.jpg","datePublished":"2024-01-16T21:20:00+00:00","dateModified":"2025-04-09T12:46:10+00:00","author":{"@id":"https:\/\/mhcalculos.com.br\/noticias\/#\/schema\/person\/88d1c34bf72dc779ea14a5a6b8e0ae8d"},"breadcrumb":{"@id":"https:\/\/mhcalculos.com.br\/noticias\/area\/trabalhista\/tst-empresa-tera-de-fornecer-protese-a-empregado-que-teve-mao-amputada-em-acidente.html#breadcrumb"},"inLanguage":"pt-BR","potentialAction":[{"@type":"ReadAction","target":["https:\/\/mhcalculos.com.br\/noticias\/area\/trabalhista\/tst-empresa-tera-de-fornecer-protese-a-empregado-que-teve-mao-amputada-em-acidente.html"]}]},{"@type":"ImageObject","inLanguage":"pt-BR","@id":"https:\/\/mhcalculos.com.br\/noticias\/area\/trabalhista\/tst-empresa-tera-de-fornecer-protese-a-empregado-que-teve-mao-amputada-em-acidente.html#primaryimage","url":"https:\/\/mhcalculos.com.br\/noticias\/wp-content\/uploads\/sites\/2\/2024\/01\/trabalhista-0051.jpg","contentUrl":"https:\/\/mhcalculos.com.br\/noticias\/wp-content\/uploads\/sites\/2\/2024\/01\/trabalhista-0051.jpg","width":2000,"height":800},{"@type":"BreadcrumbList","@id":"https:\/\/mhcalculos.com.br\/noticias\/area\/trabalhista\/tst-empresa-tera-de-fornecer-protese-a-empregado-que-teve-mao-amputada-em-acidente.html#breadcrumb","itemListElement":[{"@type":"ListItem","position":1,"name":"In\u00edcio","item":"https:\/\/mhcalculos.com.br\/noticias\/"},{"@type":"ListItem","position":2,"name":"TST: Empresa ter\u00e1 de fornecer pr\u00f3tese a empregado que teve m\u00e3o amputada em acidente"}]},{"@type":"WebSite","@id":"https:\/\/mhcalculos.com.br\/noticias\/#website","url":"https:\/\/mhcalculos.com.br\/noticias\/","name":"Portal de Not\u00edcias","description":"Not\u00edcias e Jurisprud\u00eancia","potentialAction":[{"@type":"SearchAction","target":{"@type":"EntryPoint","urlTemplate":"https:\/\/mhcalculos.com.br\/noticias\/?s={search_term_string}"},"query-input":{"@type":"PropertyValueSpecification","valueRequired":true,"valueName":"search_term_string"}}],"inLanguage":"pt-BR"},{"@type":"Person","@id":"https:\/\/mhcalculos.com.br\/noticias\/#\/schema\/person\/88d1c34bf72dc779ea14a5a6b8e0ae8d","name":"Equipe MH","image":{"@type":"ImageObject","inLanguage":"pt-BR","@id":"https:\/\/secure.gravatar.com\/avatar\/de1c686c2ecc9c5a3f327e3431d819eb39f8f05d4e1045f5a1caad6daaba987f?s=96&d=mm&r=g","url":"https:\/\/secure.gravatar.com\/avatar\/de1c686c2ecc9c5a3f327e3431d819eb39f8f05d4e1045f5a1caad6daaba987f?s=96&d=mm&r=g","contentUrl":"https:\/\/secure.gravatar.com\/avatar\/de1c686c2ecc9c5a3f327e3431d819eb39f8f05d4e1045f5a1caad6daaba987f?s=96&d=mm&r=g","caption":"Equipe MH"}}]}},"_links":{"self":[{"href":"https:\/\/mhcalculos.com.br\/noticias\/wp-json\/wp\/v2\/posts\/13183","targetHints":{"allow":["GET"]}}],"collection":[{"href":"https:\/\/mhcalculos.com.br\/noticias\/wp-json\/wp\/v2\/posts"}],"about":[{"href":"https:\/\/mhcalculos.com.br\/noticias\/wp-json\/wp\/v2\/types\/post"}],"author":[{"embeddable":true,"href":"https:\/\/mhcalculos.com.br\/noticias\/wp-json\/wp\/v2\/users\/3063"}],"replies":[{"embeddable":true,"href":"https:\/\/mhcalculos.com.br\/noticias\/wp-json\/wp\/v2\/comments?post=13183"}],"version-history":[{"count":2,"href":"https:\/\/mhcalculos.com.br\/noticias\/wp-json\/wp\/v2\/posts\/13183\/revisions"}],"predecessor-version":[{"id":13436,"href":"https:\/\/mhcalculos.com.br\/noticias\/wp-json\/wp\/v2\/posts\/13183\/revisions\/13436"}],"wp:featuredmedia":[{"embeddable":true,"href":"https:\/\/mhcalculos.com.br\/noticias\/wp-json\/wp\/v2\/media\/13184"}],"wp:attachment":[{"href":"https:\/\/mhcalculos.com.br\/noticias\/wp-json\/wp\/v2\/media?parent=13183"}],"wp:term":[{"taxonomy":"category","embeddable":true,"href":"https:\/\/mhcalculos.com.br\/noticias\/wp-json\/wp\/v2\/categories?post=13183"},{"taxonomy":"post_tag","embeddable":true,"href":"https:\/\/mhcalculos.com.br\/noticias\/wp-json\/wp\/v2\/tags?post=13183"}],"curies":[{"name":"wp","href":"https:\/\/api.w.org\/{rel}","templated":true}]}}