{"id":13181,"date":"2024-01-16T10:10:00","date_gmt":"2024-01-16T13:10:00","guid":{"rendered":"https:\/\/mhcalculos.com.br\/noticias\/area\/trabalhista\/tst-norma-coletiva-que-ampliou-tempo-sem-remuneracao-para-troca-de-uniformes-e-invalidada-tribunal-na-voz-do-brasil.html"},"modified":"2024-01-16T10:10:00","modified_gmt":"2024-01-16T13:10:00","slug":"tst-norma-coletiva-que-ampliou-tempo-sem-remuneracao-para-troca-de-uniformes-e-invalidada-tribunal-na-voz-do-brasil","status":"publish","type":"post","link":"https:\/\/mhcalculos.com.br\/noticias\/area\/trabalhista\/tst-norma-coletiva-que-ampliou-tempo-sem-remuneracao-para-troca-de-uniformes-e-invalidada-tribunal-na-voz-do-brasil.html","title":{"rendered":"TST: Norma coletiva que ampliou tempo sem remunera\u00e7\u00e3o para troca de uniformes \u00e9 invalidada | Tribunal&nbsp;na Voz do Brasil"},"content":{"rendered":"<p><br \/>\n<br \/>\n<audio controls=\"\" id=\"demo\" preload=\"none\" src=\"https:\/\/www.tst.jus.br\/documents\/10157\/32696090\/12-01-24_-_A_VOZ_DO_BRASIL.mp3\/5b9b5eb8-c3ba-b36c-2d62-45b328226c28?t=1705410558453\">&nbsp;<\/audio><br \/>\n&nbsp;&nbsp;&nbsp;&nbsp;&nbsp;&nbsp;&nbsp;&nbsp; &nbsp;&nbsp;&nbsp;&nbsp;&nbsp;&nbsp;&nbsp;&nbsp; &nbsp;&nbsp;&nbsp;&nbsp;&nbsp;&nbsp; <a href=\"https:\/\/www.tst.jus.br\/documents\/10157\/32696090\/12-01-24_-_A_VOZ_DO_BRASIL.mp3\/5b9b5eb8-c3ba-b36c-2d62-45b328226c28?t=1705410558453\"> Baixe o \u00e1udio <\/a><\/p>\n<p><button>Reproduzir o \u00e1udio<\/button>&nbsp;&nbsp;<button>Pausar o \u00e1udio<\/button>&nbsp;&nbsp;<button>Aumentar o volume<\/button>&nbsp;&nbsp;<button>Diminuir o volume<\/button><\/p>\n<p>&nbsp;<\/p>\n<p>15\/01\/2024 &#8211; A Terceira Turma do Tribunal Superior do Trabalho considerou inv\u00e1lida norma coletiva que permitia que empregados da f\u00e1brica da BRF S.A. em Rio Verde (GO) ficassem mais de cinco minutos antes e depois da jornada para troca de uniforme sem remunera\u00e7\u00e3o extra, ao contr\u00e1rio do que prev\u00ea a CLT. Os ministros aplicaram entendimento do Supremo Tribunal Federal de que norma coletiva n\u00e3o pode flexibilizar o limite de 5 minutos na entrada e na sa\u00edda, totalizando 10 minutos di\u00e1rios, nos termos do artigo 58, par\u00e1grafo 1\u00ba, da CLT.&nbsp;<\/p>\n<p>Saiba os detalhes com o&nbsp;rep\u00f3rter Anderson Conrado.<\/p>\n<p>Processo:&nbsp;<a href=\"https:\/\/consultaprocessual.tst.jus.br\/consultaProcessual\/consultaTstNumUnica.do?consulta=Consultar&amp;conscsjt=&amp;numeroTst=11113&amp;digitoTst=88&amp;anoTst=2015&amp;orgaoTst=5&amp;tribunalTst=18&amp;varaTst=0101&amp;submit=Consultar\" target=\"_blank\" rel=\"noopener\">TST-RRAg-11113-88.2015.5.18.0101<\/a><\/p>\n<p><i>Com informa\u00e7\u00f5es da assessoria de imprensa do TST.<\/i><br \/>\n<br \/><a href=\"https:\/\/www.tst.jus.br\/web\/guest\/noticias?p_p_id=89Dk&#038;p_p_lifecycle=0&#038;refererPlid=10730&#038;_89Dk_groupId=10157&#038;_89Dk_articleId=32711886\">Fonte<\/a><br \/>\n<br \/><\/p>\n","protected":false},"excerpt":{"rendered":"<p>&nbsp; &nbsp;&nbsp;&nbsp;&nbsp;&nbsp;&nbsp;&nbsp;&nbsp; &nbsp;&nbsp;&nbsp;&nbsp;&nbsp;&nbsp;&nbsp;&nbsp; &nbsp;&nbsp;&nbsp;&nbsp;&nbsp;&nbsp; Baixe o \u00e1udio Reproduzir o \u00e1udio&nbsp;&nbsp;Pausar o \u00e1udio&nbsp;&nbsp;Aumentar o volume&nbsp;&nbsp;Diminuir o volume &nbsp; 15\/01\/2024 &#8211; A Terceira Turma do Tribunal Superior do Trabalho considerou inv\u00e1lida norma coletiva que permitia que empregados da f\u00e1brica da BRF S.A. em Rio Verde (GO) ficassem mais de cinco minutos antes e depois da jornada para [&hellip;]<\/p>\n","protected":false},"author":3063,"featured_media":13182,"comment_status":"open","ping_status":"open","sticky":false,"template":"","format":"standard","meta":{"footnotes":""},"categories":[3,21],"tags":[33,216,9,12,217,215],"class_list":{"0":"post-13181","1":"post","2":"type-post","3":"status-publish","4":"format-standard","5":"has-post-thumbnail","7":"category-trabalhista","8":"category-tst","9":"tag-calculos-trabalhistas","10":"tag-direito-trabalhista","11":"tag-pericia","12":"tag-perito","13":"tag-trabalho","14":"tag-tst"},"yoast_head":"<!-- This site is optimized with the Yoast SEO plugin v27.2 - https:\/\/yoast.com\/product\/yoast-seo-wordpress\/ -->\n<title>TST: Norma coletiva que ampliou tempo sem remunera\u00e7\u00e3o para troca de uniformes \u00e9 invalidada | Tribunal&nbsp;na Voz do Brasil | Portal de Not\u00edcias<\/title>\n<meta name=\"robots\" content=\"index, follow, max-snippet:-1, max-image-preview:large, max-video-preview:-1\" \/>\n<link rel=\"canonical\" href=\"https:\/\/mhcalculos.com.br\/noticias\/area\/trabalhista\/tst-norma-coletiva-que-ampliou-tempo-sem-remuneracao-para-troca-de-uniformes-e-invalidada-tribunal-na-voz-do-brasil.html\" \/>\n<meta property=\"og:locale\" content=\"pt_BR\" \/>\n<meta property=\"og:type\" content=\"article\" \/>\n<meta property=\"og:title\" content=\"TST: Norma coletiva que ampliou tempo sem remunera\u00e7\u00e3o para troca de uniformes \u00e9 invalidada | Tribunal&nbsp;na Voz do Brasil | Portal de Not\u00edcias\" \/>\n<meta property=\"og:description\" content=\"&nbsp; &nbsp;&nbsp;&nbsp;&nbsp;&nbsp;&nbsp;&nbsp;&nbsp; &nbsp;&nbsp;&nbsp;&nbsp;&nbsp;&nbsp;&nbsp;&nbsp; &nbsp;&nbsp;&nbsp;&nbsp;&nbsp;&nbsp; Baixe o \u00e1udio Reproduzir o \u00e1udio&nbsp;&nbsp;Pausar o \u00e1udio&nbsp;&nbsp;Aumentar o volume&nbsp;&nbsp;Diminuir o volume &nbsp; 15\/01\/2024 &#8211; A Terceira Turma do Tribunal Superior do Trabalho considerou inv\u00e1lida norma coletiva que permitia que empregados da f\u00e1brica da BRF S.A. em Rio Verde (GO) ficassem mais de cinco minutos antes e depois da jornada para [&hellip;]\" \/>\n<meta property=\"og:url\" content=\"https:\/\/mhcalculos.com.br\/noticias\/area\/trabalhista\/tst-norma-coletiva-que-ampliou-tempo-sem-remuneracao-para-troca-de-uniformes-e-invalidada-tribunal-na-voz-do-brasil.html\" \/>\n<meta property=\"og:site_name\" content=\"Portal de Not\u00edcias\" \/>\n<meta property=\"article:published_time\" content=\"2024-01-16T13:10:00+00:00\" \/>\n<meta property=\"og:image\" content=\"https:\/\/mhcalculos.com.br\/noticias\/wp-content\/uploads\/sites\/2\/2024\/01\/trabalhista-0025.jpg\" \/>\n\t<meta property=\"og:image:width\" content=\"2000\" \/>\n\t<meta property=\"og:image:height\" content=\"800\" \/>\n\t<meta property=\"og:image:type\" content=\"image\/jpeg\" \/>\n<meta name=\"author\" content=\"Equipe MH\" \/>\n<meta name=\"twitter:card\" content=\"summary_large_image\" \/>\n<meta name=\"twitter:label1\" content=\"Escrito por\" \/>\n\t<meta name=\"twitter:data1\" content=\"Equipe MH\" \/>\n\t<meta name=\"twitter:label2\" content=\"Est. tempo de leitura\" \/>\n\t<meta name=\"twitter:data2\" content=\"1 minuto\" \/>\n<script type=\"application\/ld+json\" class=\"yoast-schema-graph\">{\"@context\":\"https:\/\/schema.org\",\"@graph\":[{\"@type\":\"Article\",\"@id\":\"https:\/\/mhcalculos.com.br\/noticias\/area\/trabalhista\/tst-norma-coletiva-que-ampliou-tempo-sem-remuneracao-para-troca-de-uniformes-e-invalidada-tribunal-na-voz-do-brasil.html#article\",\"isPartOf\":{\"@id\":\"https:\/\/mhcalculos.com.br\/noticias\/area\/trabalhista\/tst-norma-coletiva-que-ampliou-tempo-sem-remuneracao-para-troca-de-uniformes-e-invalidada-tribunal-na-voz-do-brasil.html\"},\"author\":{\"name\":\"Equipe MH\",\"@id\":\"https:\/\/mhcalculos.com.br\/noticias\/#\/schema\/person\/88d1c34bf72dc779ea14a5a6b8e0ae8d\"},\"headline\":\"TST: Norma coletiva que ampliou tempo sem remunera\u00e7\u00e3o para troca de uniformes \u00e9 invalidada | Tribunal&nbsp;na Voz do Brasil\",\"datePublished\":\"2024-01-16T13:10:00+00:00\",\"mainEntityOfPage\":{\"@id\":\"https:\/\/mhcalculos.com.br\/noticias\/area\/trabalhista\/tst-norma-coletiva-que-ampliou-tempo-sem-remuneracao-para-troca-de-uniformes-e-invalidada-tribunal-na-voz-do-brasil.html\"},\"wordCount\":185,\"commentCount\":0,\"image\":{\"@id\":\"https:\/\/mhcalculos.com.br\/noticias\/area\/trabalhista\/tst-norma-coletiva-que-ampliou-tempo-sem-remuneracao-para-troca-de-uniformes-e-invalidada-tribunal-na-voz-do-brasil.html#primaryimage\"},\"thumbnailUrl\":\"https:\/\/mhcalculos.com.br\/noticias\/wp-content\/uploads\/sites\/2\/2024\/01\/trabalhista-0025.jpg\",\"keywords\":[\"c\u00e1lculos trabalhistas\",\"direito trabalhista\",\"per\u00edcia\",\"perito\",\"trabalho\",\"TST\"],\"articleSection\":[\"Direito Trabalhista\",\"TST\"],\"inLanguage\":\"pt-BR\",\"potentialAction\":[{\"@type\":\"CommentAction\",\"name\":\"Comment\",\"target\":[\"https:\/\/mhcalculos.com.br\/noticias\/area\/trabalhista\/tst-norma-coletiva-que-ampliou-tempo-sem-remuneracao-para-troca-de-uniformes-e-invalidada-tribunal-na-voz-do-brasil.html#respond\"]}]},{\"@type\":\"WebPage\",\"@id\":\"https:\/\/mhcalculos.com.br\/noticias\/area\/trabalhista\/tst-norma-coletiva-que-ampliou-tempo-sem-remuneracao-para-troca-de-uniformes-e-invalidada-tribunal-na-voz-do-brasil.html\",\"url\":\"https:\/\/mhcalculos.com.br\/noticias\/area\/trabalhista\/tst-norma-coletiva-que-ampliou-tempo-sem-remuneracao-para-troca-de-uniformes-e-invalidada-tribunal-na-voz-do-brasil.html\",\"name\":\"TST: Norma coletiva que ampliou tempo sem remunera\u00e7\u00e3o para troca de uniformes \u00e9 invalidada | Tribunal&nbsp;na Voz do Brasil | Portal de Not\u00edcias\",\"isPartOf\":{\"@id\":\"https:\/\/mhcalculos.com.br\/noticias\/#website\"},\"primaryImageOfPage\":{\"@id\":\"https:\/\/mhcalculos.com.br\/noticias\/area\/trabalhista\/tst-norma-coletiva-que-ampliou-tempo-sem-remuneracao-para-troca-de-uniformes-e-invalidada-tribunal-na-voz-do-brasil.html#primaryimage\"},\"image\":{\"@id\":\"https:\/\/mhcalculos.com.br\/noticias\/area\/trabalhista\/tst-norma-coletiva-que-ampliou-tempo-sem-remuneracao-para-troca-de-uniformes-e-invalidada-tribunal-na-voz-do-brasil.html#primaryimage\"},\"thumbnailUrl\":\"https:\/\/mhcalculos.com.br\/noticias\/wp-content\/uploads\/sites\/2\/2024\/01\/trabalhista-0025.jpg\",\"datePublished\":\"2024-01-16T13:10:00+00:00\",\"author\":{\"@id\":\"https:\/\/mhcalculos.com.br\/noticias\/#\/schema\/person\/88d1c34bf72dc779ea14a5a6b8e0ae8d\"},\"breadcrumb\":{\"@id\":\"https:\/\/mhcalculos.com.br\/noticias\/area\/trabalhista\/tst-norma-coletiva-que-ampliou-tempo-sem-remuneracao-para-troca-de-uniformes-e-invalidada-tribunal-na-voz-do-brasil.html#breadcrumb\"},\"inLanguage\":\"pt-BR\",\"potentialAction\":[{\"@type\":\"ReadAction\",\"target\":[\"https:\/\/mhcalculos.com.br\/noticias\/area\/trabalhista\/tst-norma-coletiva-que-ampliou-tempo-sem-remuneracao-para-troca-de-uniformes-e-invalidada-tribunal-na-voz-do-brasil.html\"]}]},{\"@type\":\"ImageObject\",\"inLanguage\":\"pt-BR\",\"@id\":\"https:\/\/mhcalculos.com.br\/noticias\/area\/trabalhista\/tst-norma-coletiva-que-ampliou-tempo-sem-remuneracao-para-troca-de-uniformes-e-invalidada-tribunal-na-voz-do-brasil.html#primaryimage\",\"url\":\"https:\/\/mhcalculos.com.br\/noticias\/wp-content\/uploads\/sites\/2\/2024\/01\/trabalhista-0025.jpg\",\"contentUrl\":\"https:\/\/mhcalculos.com.br\/noticias\/wp-content\/uploads\/sites\/2\/2024\/01\/trabalhista-0025.jpg\",\"width\":2000,\"height\":800},{\"@type\":\"BreadcrumbList\",\"@id\":\"https:\/\/mhcalculos.com.br\/noticias\/area\/trabalhista\/tst-norma-coletiva-que-ampliou-tempo-sem-remuneracao-para-troca-de-uniformes-e-invalidada-tribunal-na-voz-do-brasil.html#breadcrumb\",\"itemListElement\":[{\"@type\":\"ListItem\",\"position\":1,\"name\":\"In\u00edcio\",\"item\":\"https:\/\/mhcalculos.com.br\/noticias\/\"},{\"@type\":\"ListItem\",\"position\":2,\"name\":\"TST: Norma coletiva que ampliou tempo sem remunera\u00e7\u00e3o para troca de uniformes \u00e9 invalidada | Tribunal&nbsp;na Voz do Brasil\"}]},{\"@type\":\"WebSite\",\"@id\":\"https:\/\/mhcalculos.com.br\/noticias\/#website\",\"url\":\"https:\/\/mhcalculos.com.br\/noticias\/\",\"name\":\"Portal de Not\u00edcias\",\"description\":\"Not\u00edcias e Jurisprud\u00eancia\",\"potentialAction\":[{\"@type\":\"SearchAction\",\"target\":{\"@type\":\"EntryPoint\",\"urlTemplate\":\"https:\/\/mhcalculos.com.br\/noticias\/?s={search_term_string}\"},\"query-input\":{\"@type\":\"PropertyValueSpecification\",\"valueRequired\":true,\"valueName\":\"search_term_string\"}}],\"inLanguage\":\"pt-BR\"},{\"@type\":\"Person\",\"@id\":\"https:\/\/mhcalculos.com.br\/noticias\/#\/schema\/person\/88d1c34bf72dc779ea14a5a6b8e0ae8d\",\"name\":\"Equipe MH\",\"image\":{\"@type\":\"ImageObject\",\"inLanguage\":\"pt-BR\",\"@id\":\"https:\/\/secure.gravatar.com\/avatar\/de1c686c2ecc9c5a3f327e3431d819eb39f8f05d4e1045f5a1caad6daaba987f?s=96&d=mm&r=g\",\"url\":\"https:\/\/secure.gravatar.com\/avatar\/de1c686c2ecc9c5a3f327e3431d819eb39f8f05d4e1045f5a1caad6daaba987f?s=96&d=mm&r=g\",\"contentUrl\":\"https:\/\/secure.gravatar.com\/avatar\/de1c686c2ecc9c5a3f327e3431d819eb39f8f05d4e1045f5a1caad6daaba987f?s=96&d=mm&r=g\",\"caption\":\"Equipe MH\"}}]}<\/script>\n<!-- \/ Yoast SEO plugin. -->","yoast_head_json":{"title":"TST: Norma coletiva que ampliou tempo sem remunera\u00e7\u00e3o para troca de uniformes \u00e9 invalidada | Tribunal&nbsp;na Voz do Brasil | Portal de Not\u00edcias","robots":{"index":"index","follow":"follow","max-snippet":"max-snippet:-1","max-image-preview":"max-image-preview:large","max-video-preview":"max-video-preview:-1"},"canonical":"https:\/\/mhcalculos.com.br\/noticias\/area\/trabalhista\/tst-norma-coletiva-que-ampliou-tempo-sem-remuneracao-para-troca-de-uniformes-e-invalidada-tribunal-na-voz-do-brasil.html","og_locale":"pt_BR","og_type":"article","og_title":"TST: Norma coletiva que ampliou tempo sem remunera\u00e7\u00e3o para troca de uniformes \u00e9 invalidada | Tribunal&nbsp;na Voz do Brasil | Portal de Not\u00edcias","og_description":"&nbsp; &nbsp;&nbsp;&nbsp;&nbsp;&nbsp;&nbsp;&nbsp;&nbsp; &nbsp;&nbsp;&nbsp;&nbsp;&nbsp;&nbsp;&nbsp;&nbsp; &nbsp;&nbsp;&nbsp;&nbsp;&nbsp;&nbsp; Baixe o \u00e1udio Reproduzir o \u00e1udio&nbsp;&nbsp;Pausar o \u00e1udio&nbsp;&nbsp;Aumentar o volume&nbsp;&nbsp;Diminuir o volume &nbsp; 15\/01\/2024 &#8211; A Terceira Turma do Tribunal Superior do Trabalho considerou inv\u00e1lida norma coletiva que permitia que empregados da f\u00e1brica da BRF S.A. em Rio Verde (GO) ficassem mais de cinco minutos antes e depois da jornada para [&hellip;]","og_url":"https:\/\/mhcalculos.com.br\/noticias\/area\/trabalhista\/tst-norma-coletiva-que-ampliou-tempo-sem-remuneracao-para-troca-de-uniformes-e-invalidada-tribunal-na-voz-do-brasil.html","og_site_name":"Portal de Not\u00edcias","article_published_time":"2024-01-16T13:10:00+00:00","og_image":[{"width":2000,"height":800,"url":"https:\/\/mhcalculos.com.br\/noticias\/wp-content\/uploads\/sites\/2\/2024\/01\/trabalhista-0025.jpg","type":"image\/jpeg"}],"author":"Equipe MH","twitter_card":"summary_large_image","twitter_misc":{"Escrito por":"Equipe MH","Est. tempo de leitura":"1 minuto"},"schema":{"@context":"https:\/\/schema.org","@graph":[{"@type":"Article","@id":"https:\/\/mhcalculos.com.br\/noticias\/area\/trabalhista\/tst-norma-coletiva-que-ampliou-tempo-sem-remuneracao-para-troca-de-uniformes-e-invalidada-tribunal-na-voz-do-brasil.html#article","isPartOf":{"@id":"https:\/\/mhcalculos.com.br\/noticias\/area\/trabalhista\/tst-norma-coletiva-que-ampliou-tempo-sem-remuneracao-para-troca-de-uniformes-e-invalidada-tribunal-na-voz-do-brasil.html"},"author":{"name":"Equipe MH","@id":"https:\/\/mhcalculos.com.br\/noticias\/#\/schema\/person\/88d1c34bf72dc779ea14a5a6b8e0ae8d"},"headline":"TST: Norma coletiva que ampliou tempo sem remunera\u00e7\u00e3o para troca de uniformes \u00e9 invalidada | Tribunal&nbsp;na Voz do Brasil","datePublished":"2024-01-16T13:10:00+00:00","mainEntityOfPage":{"@id":"https:\/\/mhcalculos.com.br\/noticias\/area\/trabalhista\/tst-norma-coletiva-que-ampliou-tempo-sem-remuneracao-para-troca-de-uniformes-e-invalidada-tribunal-na-voz-do-brasil.html"},"wordCount":185,"commentCount":0,"image":{"@id":"https:\/\/mhcalculos.com.br\/noticias\/area\/trabalhista\/tst-norma-coletiva-que-ampliou-tempo-sem-remuneracao-para-troca-de-uniformes-e-invalidada-tribunal-na-voz-do-brasil.html#primaryimage"},"thumbnailUrl":"https:\/\/mhcalculos.com.br\/noticias\/wp-content\/uploads\/sites\/2\/2024\/01\/trabalhista-0025.jpg","keywords":["c\u00e1lculos trabalhistas","direito trabalhista","per\u00edcia","perito","trabalho","TST"],"articleSection":["Direito Trabalhista","TST"],"inLanguage":"pt-BR","potentialAction":[{"@type":"CommentAction","name":"Comment","target":["https:\/\/mhcalculos.com.br\/noticias\/area\/trabalhista\/tst-norma-coletiva-que-ampliou-tempo-sem-remuneracao-para-troca-de-uniformes-e-invalidada-tribunal-na-voz-do-brasil.html#respond"]}]},{"@type":"WebPage","@id":"https:\/\/mhcalculos.com.br\/noticias\/area\/trabalhista\/tst-norma-coletiva-que-ampliou-tempo-sem-remuneracao-para-troca-de-uniformes-e-invalidada-tribunal-na-voz-do-brasil.html","url":"https:\/\/mhcalculos.com.br\/noticias\/area\/trabalhista\/tst-norma-coletiva-que-ampliou-tempo-sem-remuneracao-para-troca-de-uniformes-e-invalidada-tribunal-na-voz-do-brasil.html","name":"TST: Norma coletiva que ampliou tempo sem remunera\u00e7\u00e3o para troca de uniformes \u00e9 invalidada | Tribunal&nbsp;na Voz do Brasil | Portal de Not\u00edcias","isPartOf":{"@id":"https:\/\/mhcalculos.com.br\/noticias\/#website"},"primaryImageOfPage":{"@id":"https:\/\/mhcalculos.com.br\/noticias\/area\/trabalhista\/tst-norma-coletiva-que-ampliou-tempo-sem-remuneracao-para-troca-de-uniformes-e-invalidada-tribunal-na-voz-do-brasil.html#primaryimage"},"image":{"@id":"https:\/\/mhcalculos.com.br\/noticias\/area\/trabalhista\/tst-norma-coletiva-que-ampliou-tempo-sem-remuneracao-para-troca-de-uniformes-e-invalidada-tribunal-na-voz-do-brasil.html#primaryimage"},"thumbnailUrl":"https:\/\/mhcalculos.com.br\/noticias\/wp-content\/uploads\/sites\/2\/2024\/01\/trabalhista-0025.jpg","datePublished":"2024-01-16T13:10:00+00:00","author":{"@id":"https:\/\/mhcalculos.com.br\/noticias\/#\/schema\/person\/88d1c34bf72dc779ea14a5a6b8e0ae8d"},"breadcrumb":{"@id":"https:\/\/mhcalculos.com.br\/noticias\/area\/trabalhista\/tst-norma-coletiva-que-ampliou-tempo-sem-remuneracao-para-troca-de-uniformes-e-invalidada-tribunal-na-voz-do-brasil.html#breadcrumb"},"inLanguage":"pt-BR","potentialAction":[{"@type":"ReadAction","target":["https:\/\/mhcalculos.com.br\/noticias\/area\/trabalhista\/tst-norma-coletiva-que-ampliou-tempo-sem-remuneracao-para-troca-de-uniformes-e-invalidada-tribunal-na-voz-do-brasil.html"]}]},{"@type":"ImageObject","inLanguage":"pt-BR","@id":"https:\/\/mhcalculos.com.br\/noticias\/area\/trabalhista\/tst-norma-coletiva-que-ampliou-tempo-sem-remuneracao-para-troca-de-uniformes-e-invalidada-tribunal-na-voz-do-brasil.html#primaryimage","url":"https:\/\/mhcalculos.com.br\/noticias\/wp-content\/uploads\/sites\/2\/2024\/01\/trabalhista-0025.jpg","contentUrl":"https:\/\/mhcalculos.com.br\/noticias\/wp-content\/uploads\/sites\/2\/2024\/01\/trabalhista-0025.jpg","width":2000,"height":800},{"@type":"BreadcrumbList","@id":"https:\/\/mhcalculos.com.br\/noticias\/area\/trabalhista\/tst-norma-coletiva-que-ampliou-tempo-sem-remuneracao-para-troca-de-uniformes-e-invalidada-tribunal-na-voz-do-brasil.html#breadcrumb","itemListElement":[{"@type":"ListItem","position":1,"name":"In\u00edcio","item":"https:\/\/mhcalculos.com.br\/noticias\/"},{"@type":"ListItem","position":2,"name":"TST: Norma coletiva que ampliou tempo sem remunera\u00e7\u00e3o para troca de uniformes \u00e9 invalidada | Tribunal&nbsp;na Voz do Brasil"}]},{"@type":"WebSite","@id":"https:\/\/mhcalculos.com.br\/noticias\/#website","url":"https:\/\/mhcalculos.com.br\/noticias\/","name":"Portal de Not\u00edcias","description":"Not\u00edcias e Jurisprud\u00eancia","potentialAction":[{"@type":"SearchAction","target":{"@type":"EntryPoint","urlTemplate":"https:\/\/mhcalculos.com.br\/noticias\/?s={search_term_string}"},"query-input":{"@type":"PropertyValueSpecification","valueRequired":true,"valueName":"search_term_string"}}],"inLanguage":"pt-BR"},{"@type":"Person","@id":"https:\/\/mhcalculos.com.br\/noticias\/#\/schema\/person\/88d1c34bf72dc779ea14a5a6b8e0ae8d","name":"Equipe MH","image":{"@type":"ImageObject","inLanguage":"pt-BR","@id":"https:\/\/secure.gravatar.com\/avatar\/de1c686c2ecc9c5a3f327e3431d819eb39f8f05d4e1045f5a1caad6daaba987f?s=96&d=mm&r=g","url":"https:\/\/secure.gravatar.com\/avatar\/de1c686c2ecc9c5a3f327e3431d819eb39f8f05d4e1045f5a1caad6daaba987f?s=96&d=mm&r=g","contentUrl":"https:\/\/secure.gravatar.com\/avatar\/de1c686c2ecc9c5a3f327e3431d819eb39f8f05d4e1045f5a1caad6daaba987f?s=96&d=mm&r=g","caption":"Equipe MH"}}]}},"_links":{"self":[{"href":"https:\/\/mhcalculos.com.br\/noticias\/wp-json\/wp\/v2\/posts\/13181","targetHints":{"allow":["GET"]}}],"collection":[{"href":"https:\/\/mhcalculos.com.br\/noticias\/wp-json\/wp\/v2\/posts"}],"about":[{"href":"https:\/\/mhcalculos.com.br\/noticias\/wp-json\/wp\/v2\/types\/post"}],"author":[{"embeddable":true,"href":"https:\/\/mhcalculos.com.br\/noticias\/wp-json\/wp\/v2\/users\/3063"}],"replies":[{"embeddable":true,"href":"https:\/\/mhcalculos.com.br\/noticias\/wp-json\/wp\/v2\/comments?post=13181"}],"version-history":[{"count":0,"href":"https:\/\/mhcalculos.com.br\/noticias\/wp-json\/wp\/v2\/posts\/13181\/revisions"}],"wp:featuredmedia":[{"embeddable":true,"href":"https:\/\/mhcalculos.com.br\/noticias\/wp-json\/wp\/v2\/media\/13182"}],"wp:attachment":[{"href":"https:\/\/mhcalculos.com.br\/noticias\/wp-json\/wp\/v2\/media?parent=13181"}],"wp:term":[{"taxonomy":"category","embeddable":true,"href":"https:\/\/mhcalculos.com.br\/noticias\/wp-json\/wp\/v2\/categories?post=13181"},{"taxonomy":"post_tag","embeddable":true,"href":"https:\/\/mhcalculos.com.br\/noticias\/wp-json\/wp\/v2\/tags?post=13181"}],"curies":[{"name":"wp","href":"https:\/\/api.w.org\/{rel}","templated":true}]}}