{"id":13135,"date":"2023-12-16T09:05:04","date_gmt":"2023-12-16T12:05:04","guid":{"rendered":"https:\/\/mhcalculos.com.br\/noticias\/cidadania\/a-ciencia-da-inclusao-02-coluna-de-felipe-gruetzmacher.html"},"modified":"2023-12-16T09:05:04","modified_gmt":"2023-12-16T12:05:04","slug":"a-ciencia-da-inclusao-02-coluna-de-felipe-gruetzmacher","status":"publish","type":"post","link":"https:\/\/mhcalculos.com.br\/noticias\/cidadania\/a-ciencia-da-inclusao-02-coluna-de-felipe-gruetzmacher.html","title":{"rendered":"A ci\u00eancia da inclus\u00e3o #02 \u2013 Coluna de Felipe Gruetzmacher"},"content":{"rendered":"<p> <br \/>\n<\/p>\n<div data-elementor-type=\"wp-post\" data-elementor-id=\"24436\" class=\"elementor elementor-24436\">\n<div class=\"elementor-element elementor-element-34da6aae she-header-yes e-flex e-con-boxed wpr-particle-no wpr-jarallax-no wpr-parallax-no wpr-sticky-section-no e-con e-parent\" data-id=\"34da6aae\" data-element_type=\"container\" data-settings=\"{&quot;background_background&quot;:&quot;classic&quot;,&quot;transparent&quot;:&quot;yes&quot;,&quot;scroll_distance&quot;:{&quot;unit&quot;:&quot;px&quot;,&quot;size&quot;:&quot;&quot;,&quot;sizes&quot;:[]},&quot;content_width&quot;:&quot;boxed&quot;,&quot;transparent_on&quot;:[&quot;desktop&quot;,&quot;tablet&quot;,&quot;mobile&quot;],&quot;scroll_distance_tablet&quot;:{&quot;unit&quot;:&quot;px&quot;,&quot;size&quot;:&quot;&quot;,&quot;sizes&quot;:[]},&quot;scroll_distance_mobile&quot;:{&quot;unit&quot;:&quot;px&quot;,&quot;size&quot;:&quot;&quot;,&quot;sizes&quot;:[]}}\" data-core-v316-plus=\"true\">\n<div class=\"e-con-inner\">\n<div class=\"elementor-element elementor-element-55e64444 e-flex e-con-boxed wpr-particle-no wpr-jarallax-no wpr-parallax-no wpr-sticky-section-no e-con e-child\" data-id=\"55e64444\" data-element_type=\"container\" data-settings=\"{&quot;content_width&quot;:&quot;boxed&quot;}\">\n<div class=\"e-con-inner\">\n<div class=\"elementor-element elementor-element-74d44d88 e-con-full e-flex wpr-particle-no wpr-jarallax-no wpr-parallax-no wpr-sticky-section-no e-con e-child\" data-id=\"74d44d88\" data-element_type=\"container\" data-settings=\"{&quot;content_width&quot;:&quot;full&quot;}\">\n<div class=\"elementor-element elementor-element-1a3ef691 elementor-widget__width-auto elementor-widget elementor-widget-image\" data-id=\"1a3ef691\" data-element_type=\"widget\" data-widget_type=\"image.default\">\n<div class=\"elementor-widget-container\">\n\t\t\t\/*! elementor &#8211; v3.18.0 &#8211; 08-12-2023 *\/<br \/>\n.elementor-widget-image{text-align:center}.elementor-widget-image a{display:inline-block}.elementor-widget-image a img[src$=&#8221;.svg&#8221;]{width:48px}.elementor-widget-image img{vertical-align:middle;display:inline-block}\t\t\t\t\t\t\t\t\t\t\t\t\t<a href=\"https:\/\/85r.df2.myftpupload.com\/\"><br \/>\n\t\t\t\t\t\t\t\t\t\t\t\t\t\t\t<\/a>\n\t\t\t\t\t\t\t\t\t\t\t\t\t\t\t<\/div>\n<\/p><\/div>\n<\/p><\/div>\n<div class=\"elementor-element elementor-element-260eb4cf e-con-full e-flex wpr-particle-no wpr-jarallax-no wpr-parallax-no wpr-sticky-section-no e-con e-child\" data-id=\"260eb4cf\" data-element_type=\"container\" data-settings=\"{&quot;content_width&quot;:&quot;full&quot;}\">\n<div class=\"elementor-element elementor-element-62639424 elementor-widget__width-auto elementor-widget elementor-widget-ekit-nav-menu\" data-id=\"62639424\" data-element_type=\"widget\" data-widget_type=\"ekit-nav-menu.default\">\n<div class=\"elementor-widget-container\">\n<div class=\"ekit-wid-con ekit_menu_responsive_tablet\" data-hamburger-icon=\"icon icon-menu-button-of-three-horizontal-lines\" data-hamburger-icon-type=\"icon\" data-responsive-breakpoint=\"1024\">            <button class=\"elementskit-menu-hamburger elementskit-menu-toggler\" type=\"button\" aria-label=\"hamburger-icon\"><br \/>\n                <i aria-hidden=\"true\" class=\"ekit-menu-icon icon icon-menu-button-of-three-horizontal-lines\"><\/i>            <\/button><\/p>\n<div id=\"ekit-megamenu-principal\" class=\"elementskit-menu-container elementskit-menu-offcanvas-elements elementskit-navbar-nav-default ekit-nav-menu-one-page- ekit-nav-dropdown-hover\">\n<ul id=\"menu-principal\" class=\"elementskit-navbar-nav elementskit-menu-po-right submenu-click-on-icon\">\n<li id=\"menu-item-22763\" class=\"menu-item menu-item-type-post_type menu-item-object-page menu-item-home menu-item-has-children menu-item-22763 nav-item elementskit-dropdown-has relative_position elementskit-dropdown-menu-default_width elementskit-mobile-builder-content\" data-vertical-menu=\"750px\"><a href=\"https:\/\/asidbrasil.org.br\/\" class=\"ekit-menu-nav-link ekit-menu-dropdown-toggle\">In\u00edcio<i aria-hidden=\"true\" class=\"icon icon-plus elementskit-submenu-indicator\"><\/i><\/a>\n<ul class=\"elementskit-dropdown elementskit-submenu-panel\">\n<li id=\"menu-item-23128\" class=\"menu-item menu-item-type-custom menu-item-object-custom menu-item-home menu-item-23128 nav-item elementskit-mobile-builder-content\" data-vertical-menu=\"750px\"><a href=\"https:\/\/asidbrasil.org.br\/#sobre-nos\" class=\" dropdown-item\">Sobre N\u00f3s<\/a>\n<li id=\"menu-item-23130\" class=\"menu-item menu-item-type-custom menu-item-object-custom menu-item-home menu-item-23130 nav-item elementskit-mobile-builder-content\" data-vertical-menu=\"750px\"><a href=\"https:\/\/asidbrasil.org.br\/#historia\" class=\" dropdown-item\">Hist\u00f3ria<\/a>\n<li id=\"menu-item-23132\" class=\"menu-item menu-item-type-custom menu-item-object-custom menu-item-home menu-item-23132 nav-item elementskit-mobile-builder-content\" data-vertical-menu=\"750px\"><a href=\"https:\/\/asidbrasil.org.br\/#pilares\" class=\" dropdown-item\">Pilares<\/a>\n<li id=\"menu-item-23133\" class=\"menu-item menu-item-type-custom menu-item-object-custom menu-item-home menu-item-23133 nav-item elementskit-mobile-builder-content\" data-vertical-menu=\"750px\"><a href=\"https:\/\/asidbrasil.org.br\/#atuacao\" class=\" dropdown-item\">Atua\u00e7\u00e3o<\/a>\n<li id=\"menu-item-23134\" class=\"menu-item menu-item-type-custom menu-item-object-custom menu-item-home menu-item-23134 nav-item elementskit-mobile-builder-content\" data-vertical-menu=\"750px\"><a href=\"https:\/\/asidbrasil.org.br\/#reconhecimentos\" class=\" dropdown-item\">Reconhecimentos<\/a><\/ul>\n<\/li>\n<li id=\"menu-item-451\" class=\"menu-item menu-item-type-post_type menu-item-object-page menu-item-has-children menu-item-451 nav-item elementskit-dropdown-has relative_position elementskit-dropdown-menu-default_width elementskit-mobile-builder-content\" data-vertical-menu=\"750px\"><a href=\"https:\/\/asidbrasil.org.br\/solucoes\/\" class=\"ekit-menu-nav-link ekit-menu-dropdown-toggle\">Solu\u00e7\u00f5es<i aria-hidden=\"true\" class=\"icon icon-plus elementskit-submenu-indicator\"><\/i><\/a>\n<ul class=\"elementskit-dropdown elementskit-submenu-panel\">\n<li id=\"menu-item-23147\" class=\"menu-item menu-item-type-custom menu-item-object-custom menu-item-23147 nav-item elementskit-mobile-builder-content\" data-vertical-menu=\"750px\"><a href=\"https:\/\/asidbrasil.org.br\/solucoes\/#como-atuamos-solucoes\" class=\" dropdown-item\">Como Atuamos<\/a>\n<li id=\"menu-item-23148\" class=\"menu-item menu-item-type-custom menu-item-object-custom menu-item-23148 nav-item elementskit-mobile-builder-content\" data-vertical-menu=\"750px\"><a href=\"https:\/\/asidbrasil.org.br\/solucoes\/#nossas-solucoes\" class=\" dropdown-item\">Nossas Solu\u00e7\u00f5es<\/a><\/ul>\n<\/li>\n<li id=\"menu-item-22125\" class=\"menu-item menu-item-type-post_type menu-item-object-page menu-item-has-children menu-item-22125 nav-item elementskit-dropdown-has relative_position elementskit-dropdown-menu-default_width elementskit-mobile-builder-content\" data-vertical-menu=\"750px\"><a href=\"https:\/\/asidbrasil.org.br\/para-empresas\/\" class=\"ekit-menu-nav-link ekit-menu-dropdown-toggle\">Empresas<i aria-hidden=\"true\" class=\"icon icon-plus elementskit-submenu-indicator\"><\/i><\/a>\n<ul class=\"elementskit-dropdown elementskit-submenu-panel\">\n<li id=\"menu-item-23135\" class=\"menu-item menu-item-type-custom menu-item-object-custom menu-item-23135 nav-item elementskit-mobile-builder-content\" data-vertical-menu=\"750px\"><a href=\"https:\/\/asidbrasil.org.br\/para-empresas\/#como-atuamos\" class=\" dropdown-item\">Como Atuamos<\/a>\n<li id=\"menu-item-23136\" class=\"menu-item menu-item-type-custom menu-item-object-custom menu-item-23136 nav-item elementskit-mobile-builder-content\" data-vertical-menu=\"750px\"><a href=\"https:\/\/asidbrasil.org.br\/para-empresas\/#investimento-social-privado\" class=\" dropdown-item\">Investimento Social Privado<\/a>\n<li id=\"menu-item-23139\" class=\"menu-item menu-item-type-custom menu-item-object-custom menu-item-23139 nav-item elementskit-mobile-builder-content\" data-vertical-menu=\"750px\"><a href=\"https:\/\/asidbrasil.org.br\/para-empresas\/#licenciamento\" class=\" dropdown-item\">Licenciamento<\/a>\n<li id=\"menu-item-23140\" class=\"menu-item menu-item-type-custom menu-item-object-custom menu-item-23140 nav-item elementskit-mobile-builder-content\" data-vertical-menu=\"750px\"><a href=\"https:\/\/asidbrasil.org.br\/para-empresas\/#clube-do-emprego\" class=\" dropdown-item\">Clube do Emprego<\/a>\n<li id=\"menu-item-23141\" class=\"menu-item menu-item-type-custom menu-item-object-custom menu-item-23141 nav-item elementskit-mobile-builder-content\" data-vertical-menu=\"750px\"><a href=\"https:\/\/asidbrasil.org.br\/para-empresas\/#selos\" class=\" dropdown-item\">Selos<\/a><\/ul>\n<\/li>\n<li id=\"menu-item-21956\" class=\"menu-item menu-item-type-post_type menu-item-object-page menu-item-21956 nav-item elementskit-mobile-builder-content\" data-vertical-menu=\"750px\"><a href=\"https:\/\/asidbrasil.org.br\/para-organizacoes\/\" class=\"ekit-menu-nav-link\">Organiza\u00e7\u00f5es<\/a><\/li>\n<li id=\"menu-item-22348\" class=\"menu-item menu-item-type-post_type menu-item-object-page menu-item-has-children menu-item-22348 nav-item elementskit-dropdown-has relative_position elementskit-dropdown-menu-default_width elementskit-mobile-builder-content\" data-vertical-menu=\"750px\"><a href=\"https:\/\/asidbrasil.org.br\/para-pessoa-com-deficiencia\/\" class=\"ekit-menu-nav-link ekit-menu-dropdown-toggle\">Pessoa com Defici\u00eancia<i aria-hidden=\"true\" class=\"icon icon-plus elementskit-submenu-indicator\"><\/i><\/a>\n<ul class=\"elementskit-dropdown elementskit-submenu-panel\">\n<li id=\"menu-item-23142\" class=\"menu-item menu-item-type-custom menu-item-object-custom menu-item-23142 nav-item elementskit-mobile-builder-content\" data-vertical-menu=\"750px\"><a href=\"https:\/\/asidbrasil.org.br\/para-pessoa-com-deficiencia\/#como-atuamos-pcd\" class=\" dropdown-item\">Como Atuamos<\/a>\n<li id=\"menu-item-23143\" class=\"menu-item menu-item-type-custom menu-item-object-custom menu-item-23143 nav-item elementskit-mobile-builder-content\" data-vertical-menu=\"750px\"><a href=\"https:\/\/asidbrasil.org.br\/para-pessoa-com-deficiencia\/#projetos\" class=\" dropdown-item\">Projetos<\/a>\n<li id=\"menu-item-23144\" class=\"menu-item menu-item-type-custom menu-item-object-custom menu-item-23144 nav-item elementskit-mobile-builder-content\" data-vertical-menu=\"750px\"><a href=\"https:\/\/asidbrasil.org.br\/para-pessoa-com-deficiencia\/#clube-do-emprego-pcd\" class=\" dropdown-item\">Clube do Emprego<\/a>\n<li id=\"menu-item-23145\" class=\"menu-item menu-item-type-custom menu-item-object-custom menu-item-23145 nav-item elementskit-mobile-builder-content\" data-vertical-menu=\"750px\"><a href=\"https:\/\/asidbrasil.org.br\/para-pessoa-com-deficiencia\/#comunidades\" class=\" dropdown-item\">Comunidades<\/a>\n<li id=\"menu-item-23146\" class=\"menu-item menu-item-type-custom menu-item-object-custom menu-item-23146 nav-item elementskit-mobile-builder-content\" data-vertical-menu=\"750px\"><a href=\"https:\/\/asidbrasil.org.br\/para-pessoa-com-deficiencia\/#conteudo\" class=\" dropdown-item\">Conte\u00fado<\/a><\/ul>\n<\/li>\n<li id=\"menu-item-22074\" class=\"menu-item menu-item-type-post_type menu-item-object-page menu-item-has-children menu-item-22074 nav-item elementskit-dropdown-has relative_position elementskit-dropdown-menu-default_width elementskit-mobile-builder-content\" data-vertical-menu=\"750px\"><a href=\"https:\/\/asidbrasil.org.br\/conteudo\/\" class=\"ekit-menu-nav-link ekit-menu-dropdown-toggle\">Conte\u00fado<i aria-hidden=\"true\" class=\"icon icon-plus elementskit-submenu-indicator\"><\/i><\/a>\n<ul class=\"elementskit-dropdown elementskit-submenu-panel\">\n<li id=\"menu-item-22691\" class=\"menu-item menu-item-type-post_type menu-item-object-page menu-item-22691 nav-item elementskit-mobile-builder-content\" data-vertical-menu=\"750px\"><a href=\"https:\/\/asidbrasil.org.br\/blog\/\" class=\" dropdown-item\">Blog<\/a>\n<li id=\"menu-item-23149\" class=\"menu-item menu-item-type-custom menu-item-object-custom menu-item-23149 nav-item elementskit-mobile-builder-content\" data-vertical-menu=\"750px\"><a href=\"https:\/\/asidbrasil.org.br\/conteudo\/#biblioteca-digital\" class=\" dropdown-item\">Biblioteca Digital<\/a>\n<li id=\"menu-item-22711\" class=\"menu-item menu-item-type-custom menu-item-object-custom menu-item-22711 nav-item elementskit-mobile-builder-content\" data-vertical-menu=\"750px\"><a href=\"https:\/\/asidbrasil.org.br\/conteudo\/#relatorios-de-impacto\" class=\" dropdown-item\">Relat\u00f3rios de Impacto<\/a>\n<li id=\"menu-item-22712\" class=\"menu-item menu-item-type-custom menu-item-object-custom menu-item-22712 nav-item elementskit-mobile-builder-content\" data-vertical-menu=\"750px\"><a href=\"https:\/\/asidbrasil.org.br\/conteudo\/#transparencia\" class=\" dropdown-item\">Transpar\u00eancia<\/a><\/ul>\n<\/li>\n<\/ul>\n<div class=\"elementskit-nav-identity-panel\">\n<div class=\"elementskit-site-title\">\n\t\t\t\t\t<a class=\"elementskit-nav-logo\" href=\"https:\/\/asidbrasil.org.br\" target=\"_self\" rel=\"noopener\"><br \/>\n\t\t\t\t\t\t<img decoding=\"async\" width=\"1600\" height=\"662\" data-src=\"https:\/\/asidbrasil.org.br\/wp-content\/uploads\/2022\/11\/Logo_principal_colorida-e1680558935183.png\" class=\"attachment-full size-full lazyload\" alt=\"Logo ASID Brasil\" src=\"data:image\/svg+xml;base64,PHN2ZyB3aWR0aD0iMSIgaGVpZ2h0PSIxIiB4bWxucz0iaHR0cDovL3d3dy53My5vcmcvMjAwMC9zdmciPjwvc3ZnPg==\" style=\"--smush-placeholder-width: 1600px; --smush-placeholder-aspect-ratio: 1600\/662;\" \/><br \/>\n\t\t\t\t\t<\/a>\n\t\t\t\t<\/div>\n<p><button class=\"elementskit-menu-close elementskit-menu-toggler\" type=\"button\">X<\/button><\/div>\n<\/div>\n<div class=\"elementskit-menu-overlay elementskit-menu-offcanvas-elements elementskit-menu-toggler ekit-nav-menu--overlay\"><\/div>\n<\/div><\/div>\n<\/p><\/div>\n<\/p><\/div>\n<\/p><\/div>\n<\/p><\/div>\n<\/p><\/div>\n<\/p><\/div>\n<div class=\"elementor-element elementor-element-523f19b e-flex e-con-boxed wpr-particle-no wpr-jarallax-no wpr-parallax-no wpr-sticky-section-no e-con e-parent\" data-id=\"523f19b\" data-element_type=\"container\" data-settings=\"{&quot;content_width&quot;:&quot;boxed&quot;}\" data-core-v316-plus=\"true\">\n<div class=\"e-con-inner\">\n<div class=\"elementor-element elementor-element-531fcc5 e-con-full e-flex wpr-particle-no wpr-jarallax-no wpr-parallax-no wpr-sticky-section-no e-con e-child\" data-id=\"531fcc5\" data-element_type=\"container\" data-settings=\"{&quot;content_width&quot;:&quot;full&quot;}\">\n<div class=\"elementor-element elementor-element-4d565b2 elementor-widget elementor-widget-image\" data-id=\"4d565b2\" data-element_type=\"widget\" data-widget_type=\"image.default\">\n<div class=\"elementor-widget-container\">\n\t\t\t\t\t\t\t\t\t\t\t\t\t\t\t<img decoding=\"async\" width=\"1200\" height=\"627\" data-src=\"https:\/\/asidbrasil.org.br\/wp-content\/uploads\/2023\/11\/4.png\" class=\"attachment-full size-full wp-image-24310 lazyload\" alt=\"\" src=\"data:image\/svg+xml;base64,PHN2ZyB3aWR0aD0iMSIgaGVpZ2h0PSIxIiB4bWxucz0iaHR0cDovL3d3dy53My5vcmcvMjAwMC9zdmciPjwvc3ZnPg==\" style=\"--smush-placeholder-width: 1200px; --smush-placeholder-aspect-ratio: 1200\/627;\" \/>\t\t\t\t\t\t\t\t\t\t\t\t\t\t\t<\/div>\n<\/p><\/div>\n<div class=\"elementor-element elementor-element-a52fec8 elementor-widget elementor-widget-heading\" data-id=\"a52fec8\" data-element_type=\"widget\" data-widget_type=\"heading.default\">\n<div class=\"elementor-widget-container\">\n\t\t\t\/*! elementor &#8211; v3.18.0 &#8211; 08-12-2023 *\/<br \/>\n.elementor-heading-title{padding:0;margin:0;line-height:1}.elementor-widget-heading .elementor-heading-title[class*=elementor-size-]&gt;a{color:inherit;font-size:inherit;line-height:inherit}.elementor-widget-heading .elementor-heading-title.elementor-size-small{font-size:15px}.elementor-widget-heading .elementor-heading-title.elementor-size-medium{font-size:19px}.elementor-widget-heading .elementor-heading-title.elementor-size-large{font-size:29px}.elementor-widget-heading .elementor-heading-title.elementor-size-xl{font-size:39px}.elementor-widget-heading .elementor-heading-title.elementor-size-xxl{font-size:59px}<\/p>\n<h1 class=\"elementor-heading-title elementor-size-default\">A ci\u00eancia da inclus\u00e3o<br \/>\n#02 &#8211; Coluna de Felipe Gruetzmacher  <\/h1>\n<\/p><\/div>\n<\/p><\/div>\n<div class=\"elementor-element elementor-element-8cce9a3 elementor-widget elementor-widget-text-editor\" data-id=\"8cce9a3\" data-element_type=\"widget\" data-widget_type=\"text-editor.default\">\n<div class=\"elementor-widget-container\">\n\t\t\t\/*! elementor &#8211; v3.18.0 &#8211; 08-12-2023 *\/<br \/>\n.elementor-widget-text-editor.elementor-drop-cap-view-stacked .elementor-drop-cap{background-color:#69727d;color:#fff}.elementor-widget-text-editor.elementor-drop-cap-view-framed .elementor-drop-cap{color:#69727d;border:3px solid;background-color:transparent}.elementor-widget-text-editor:not(.elementor-drop-cap-view-default) .elementor-drop-cap{margin-top:8px}.elementor-widget-text-editor:not(.elementor-drop-cap-view-default) .elementor-drop-cap-letter{width:1em;height:1em}.elementor-widget-text-editor .elementor-drop-cap{float:left;text-align:center;line-height:1;font-size:50px}.elementor-widget-text-editor .elementor-drop-cap-letter{display:inline-block}\t\t\t\t<\/p>\n<p><span class=\"selectable-text copyable-text\"><span style=\"font-weight: 400\">O que a ci\u00eancia diz sobre si mesma?<\/span><\/span><\/p>\n<h3 style=\"line-height: var( --e-global-typography-fb4052d-line-height );padding-top: 0px;font-size: var( --e-global-typography-fb4052d-font-size );font-weight: var( --e-global-typography-fb4052d-font-weight );font-family: Asap, sans-serif;letter-spacing: normal\"><span style=\"font-weight: 400\">Como a produtividade da ci\u00eancia \u00e9 medida?<\/span><\/h3>\n<\/p><\/div>\n<\/p><\/div>\n<div class=\"elementor-element elementor-element-e38f4f8 elementor-widget elementor-widget-text-editor\" data-id=\"e38f4f8\" data-element_type=\"widget\" data-widget_type=\"text-editor.default\">\n<div class=\"elementor-widget-container\">\n<p><span style=\"font-weight: 400\">Este texto foi escrito com o intuito de resumir os principais pontos do artigo \u201cA avalia\u00e7\u00e3o da produtividade cient\u00edfica\u201d<\/span><span style=\"font-weight: 400\">. Os autores s\u00e3o Marcos Ant\u00f4nio Mattedi e Maiko Rafael Spiess.<\/span><\/p>\n<p><span style=\"font-weight: 400\">\u00a0<\/span><\/p>\n<p><span style=\"font-weight: 400\">Essas principais informa\u00e7\u00f5es cient\u00edficas ser\u00e3o reunidas num pitch corporativo. O prop\u00f3sito \u00e9 reescrever a ci\u00eancia com palavras empresariais para atrair a aten\u00e7\u00e3o da intelectualidade, empreendedores e a pauta da pessoa com defici\u00eancia. <strong>Entender como a atividade cient\u00edfica \u00e9 mensurada pode fornecer bons insights sobre a posi\u00e7\u00e3o dela no contexto do ecossistema de inclus\u00e3o.<\/strong><\/span><\/p>\n<\/p><\/div>\n<\/p><\/div>\n<div class=\"elementor-element elementor-element-7d31e98 elementor-widget elementor-widget-text-editor\" data-id=\"7d31e98\" data-element_type=\"widget\" data-widget_type=\"text-editor.default\">\n<div class=\"elementor-widget-container\">\n<p><span style=\"font-weight: 400\">O artigo \u201ca avalia\u00e7\u00e3o da produtividade cient\u00edfica\u201d traz muitas respostas para a pergunta acima. Cientistas divulgam pesquisas atrav\u00e9s da escrita de artigos cient\u00edficos. Assim, eles publicam os mesmos em revistas acad\u00eamicas. Algumas revistas s\u00e3o mais prestigiadas e reconhecidas do que outras. Logo, o prop\u00f3sito do cientista \u00e9 publicar uma certa quantidade de artigos em revistas de enorme relev\u00e2ncia e numa certa quantidade por ano.<\/span><\/p>\n<p><span style=\"font-weight: 400\">Ent\u00e3o, o artigo cient\u00edfico ocupa um lugar central para mensurar a produtividade dos cientistas, por exemplo. Se a revista que citou algum estudo \u00e9 relevante e reconhecida, maior \u00e9 o impacto do mesmo estudo, assim como maior produtividade do cientista.<\/span><span style=\"font-weight: 400\">\u00a0<\/span><\/p>\n<p><span style=\"font-weight: 400\">Al\u00e9m disso, o pesquisador almeja que seu estudo seja citado em artigos de outros cientistas, o que agrega para a produtividade dele. O cientista bem avaliado pode acessar recursos como: financiamento, bolsas, recrutar outros pesquisadores, ganhar pr\u00eamios e alcan\u00e7ar maiores n\u00edveis na carreira.<\/span><\/p>\n<p><span style=\"font-weight: 400\">\u00a0Logo, a primeira quest\u00e3o \u00e9: <\/span><b>Esse jeito de mensurar o desempenho dos cientistas pode refor\u00e7ar monop\u00f3lios de recursos.<\/b><span style=\"font-weight: 400\"> Afinal, cientistas que t\u00eam acesso a esses recursos podem avan\u00e7ar na carreira acad\u00eamica com maior rapidez e velocidade do que os demais. Agora, como fazer ci\u00eancia sem acesso a recursos estrat\u00e9gicos? Infelizmente, na maioria dos casos, todo o esfor\u00e7o do cientista est\u00e1 centrado na escrita do artigo.<\/span><\/p>\n<p><span style=\"font-weight: 400\">Este &#8220;produto final&#8221; \u00e9 o item mais valorizado na pesquisa cient\u00edfica, o que &#8220;apaga&#8221; todo o contexto anterior vivenciado pelo cientista no dia a dia.<\/span><\/p>\n<p><span style=\"font-weight: 400\">Essa valoriza\u00e7\u00e3o do artigo cient\u00edfico levanta uma outra quest\u00e3o: <\/span><b>como estimular e valorizar todas as formas de pesquisa cient\u00edfica?<\/b><\/p>\n<p><span style=\"font-weight: 400\">Estudiosos e cientistas poderiam ser amplamente beneficiados por uma nova forma de avaliar o trabalho deles. Para tanto, essa nova forma<\/span><span style=\"font-weight: 400\"> deve promover a investiga\u00e7\u00e3o das situa\u00e7\u00f5es em que cientistas trabalham e n\u00e3o s\u00f3 o produto final, o artigo. \u00c9 entender o contexto completo.<\/span><\/p>\n<p><span style=\"font-weight: 400\">Exemplos desse novo tipo de avalia\u00e7\u00e3o podem ser citados:<\/span><\/p>\n<p>\u00a0<\/p>\n<ul>\n<li style=\"font-weight: 400\"><span style=\"font-weight: 400\">Cientistas de renome e amadores podem atuar em equipe, analisando um mesmo problema;\n<p><\/span><\/li>\n<li style=\"font-weight: 400\"><span style=\"font-weight: 400\">Organiza\u00e7\u00f5es de pacientes podem atuar como \u201cespecialistas leigos\u201d, fornecendo sabedoria pr\u00e1tica sobre doen\u00e7as, o que gera insights in\u00e9ditos para m\u00e9dicos. Todo esse trabalho envolve muita colabora\u00e7\u00e3o.<\/span><\/li>\n<\/ul>\n<p><span style=\"font-weight: 400\">Enfim, a agenda de pesquisa cient\u00edfica deve englobar mais partes interessadas na produ\u00e7\u00e3o cient\u00edfica, redefinindo o trabalho dos cientistas, assim como a fun\u00e7\u00e3o do artigo como m\u00e9todo de divulga\u00e7\u00e3o. Isso tudo envolve levar em considera\u00e7\u00e3o o cotidiano, o contexto e as partes interessadas na ci\u00eancia na avalia\u00e7\u00e3o do trabalho cient\u00edfico e n\u00e3o s\u00f3 o resultado final.\u00a0<\/span><\/p>\n<\/p><\/div>\n<\/p><\/div>\n<div class=\"elementor-element elementor-element-37d9653 elementor-widget elementor-widget-text-editor\" data-id=\"37d9653\" data-element_type=\"widget\" data-widget_type=\"text-editor.default\">\n<div class=\"elementor-widget-container\">\n<p><span class=\"selectable-text copyable-text\">Ponto de conex\u00e3o<br \/><\/span><\/p>\n<h3 style=\"line-height: var( --e-global-typography-fb4052d-line-height );padding-top: 0px;font-size: var( --e-global-typography-fb4052d-font-size );font-weight: var( --e-global-typography-fb4052d-font-weight );font-family: Asap, sans-serif;letter-spacing: normal\"><span style=\"font-weight: 400\">A conex\u00e3o entre o terceiro setor e o pitch<\/span><\/h3>\n<\/p><\/div>\n<\/p><\/div>\n<div class=\"elementor-element elementor-element-90f3725 elementor-widget elementor-widget-text-editor\" data-id=\"90f3725\" data-element_type=\"widget\" data-widget_type=\"text-editor.default\">\n<div class=\"elementor-widget-container\">\n<p><span style=\"font-size: 1rem\"><span style=\"font-weight: 400\">Em muitos contextos, projetos de inclus\u00e3o do terceiro setor focam muito mais em n\u00fameros e indicadores. Cabe perguntar: esses indicadores refletem a transforma\u00e7\u00e3o entregue para a vida das pessoas com defici\u00eancia? Como mensurar essa transforma\u00e7\u00e3o, j\u00e1 que \u00e9 algo mais qualitativo? <\/span><span style=\"font-weight: 400\">O terceiro setor pode colaborar com cientistas para a realiza\u00e7\u00e3o de estudos que embasam projetos de inclus\u00e3o.<br \/><\/span><\/span><\/p>\n<p><span style=\"font-weight: 400\">Com isso, o trabalho dos acad\u00eamicos ganharia credibilidade por trazer benef\u00edcios mais tang\u00edveis para a causa da pessoa com defici\u00eancia. O crit\u00e9rio cient\u00edfico poderia trazer boas ideias para mensurar a transforma\u00e7\u00e3o entregue.<\/span><\/p>\n<p><span style=\"font-weight: 400\">Al\u00e9m disso, o empresariado poderia investir em projetos do terceiro setor, pois ele seria amparado pela comunidade cient\u00edfica. Esse quadro representaria o alcance de resultados sociais ainda mais robustos e facilidade para captar investimento para a ci\u00eancia e os projetos de inclus\u00e3o. Assim, seria muito mais f\u00e1cil democratizar recursos para estudos acad\u00eamicos e valorizar variados perfis de pesquisa cient\u00edfica, garantindo acesso e equidade.<\/span><\/p>\n<p><span style=\"font-weight: 400\">\u00a0Ci\u00eancia mais valorizada significa mais conex\u00e3o com o mercado, o que pode facilitar o atendimento do ODS 8 (trabalho decente e crescimento econ\u00f4mico).\u00a0 At\u00e9 porque, geralmente, cientistas trabalham em Universidades. Ensino superior valorizado significa cria\u00e7\u00e3o de novas tecnologias, oferta de m\u00e3o de obra especializada e facilidade para conectar oferta e demanda num mercado de trabalho.<\/span><\/p>\n<p><span style=\"font-weight: 400\">\u00a0Como sugest\u00e3o e direcionamentos, caberia desenvolver essa reflex\u00e3o sobre como mensurar o impacto de projetos de inclus\u00e3o e a produtividade da ci\u00eancia. A discuss\u00e3o n\u00e3o se encerra aqui! Novas ideias precisam ser estudadas para aprofundar o debate.<\/span><\/p>\n<p>\u00a0<\/p>\n<p><span style=\"color: var( --e-global-color-text );background-color: var( --e-global-color-867780e )\"><br \/>Felipe Emilio Gruetzmacher\u00a0<br \/><\/span><b style=\"color: var( --e-global-color-text );background-color: var( --e-global-color-867780e )\">ASID Brasil &#8211; 2023<\/b><\/p>\n<\/p><\/div>\n<\/p><\/div>\n<div class=\"elementor-element elementor-element-403ae9b elementor-widget elementor-widget-text-editor\" data-id=\"403ae9b\" data-element_type=\"widget\" data-widget_type=\"text-editor.default\">\n<div class=\"elementor-widget-container\">\n<p>Refer\u00eancias:<\/p>\n<p><span style=\"color: var( --e-global-color-text );background-color: var( --e-global-color-867780e )\">\u00b9 <span style=\"font-weight: 400\">MATTEDI, Marcos Ant\u00f4nio; SPIESS, Maiko Rafael. A avalia\u00e7\u00e3o da produtividade cient\u00edfica. <\/span><b>Hist\u00f3ria, Ci\u00eancia, Sa\u00fade-Moranguinhos,<\/b><span style=\"font-weight: 400\"> Rio de Janeiro, ano 24, n. 3, Jul-Sep. 2017<\/span><\/span><br \/>Dispon\u00edvel em: <a href=\"https:\/\/www.scielo.br\/j\/hcsm\/a\/sCRMkkBq6fy9WmgkgqR53Xy\/?lang=pt#\">https:\/\/www.scielo.br\/j\/hcsm\/a\/sCRMkkBq6fy9WmgkgqR53Xy\/?lang=pt#<\/a><\/p>\n<p><span style=\"font-weight: bold\">\u00a0<\/span><\/p>\n<\/p><\/div>\n<\/p><\/div>\n<div class=\"elementor-element elementor-element-9c5b4db elementor-widget elementor-widget-text-editor\" data-id=\"9c5b4db\" data-element_type=\"widget\" data-widget_type=\"text-editor.default\">\n<div class=\"elementor-widget-container\">\n<p><strong>Sobre o autor:<\/strong><\/p>\n<p>Felipe Gruetzmacher \u00e9 um escritor que acredita muito no potencial de combinar ci\u00eancia, esfor\u00e7os empresariais e projetos sociais. Tem interesse em estudar como essas tr\u00eas partes podem colaborar entre si.<br \/>Se voc\u00ea \u00e9 algum empres\u00e1rio, organiza\u00e7\u00e3o do terceiro setor ou cientista e quer cocriar conosco, deixe seu coment\u00e1rio!<\/p>\n<p><span style=\"font-weight: bold\">\u00a0<\/span><\/p>\n<p><strong>Sobre a ASID Brasil:<\/strong><\/p>\n<p>A ASID Brasil \u00e9 uma ONG que promove a inclus\u00e3o socioecon\u00f4mica da popula\u00e7\u00e3o com defici\u00eancia.\u00a0<span style=\"font-size: 1rem\">Atrav\u00e9s dos pitches e pesquisas, a ASID Brasil entende melhor o cen\u00e1rio para oferecer sempre uma solu\u00e7\u00e3o bem segmentada e focada nas dores dos benefici\u00e1rios.\u00a0<\/span><span style=\"font-size: 1rem\">Nossa literatura \u00e9 uma forma de inova\u00e7\u00e3o social e bom uso de informa\u00e7\u00f5es e dados para impactar o ecossistema de inclus\u00e3o.\u00a0<\/span><span style=\"font-size: 1rem\">Somos agentes empreendedores que alcan\u00e7am a excel\u00eancia realizando mudan\u00e7as sociais movido a metodologias, estudos e intelig\u00eancia plural.<\/span><\/p>\n<\/p><\/div>\n<\/p><\/div>\n<div class=\"elementor-element elementor-element-dce04ef elementor-widget__width-initial elementor-widget elementor-widget-image\" data-id=\"dce04ef\" data-element_type=\"widget\" data-widget_type=\"image.default\">\n<div class=\"elementor-widget-container\">\n\t\t\t\t\t\t\t\t\t\t\t\t\t\t\t<img decoding=\"async\" width=\"525\" height=\"217\" data-src=\"https:\/\/asidbrasil.org.br\/wp-content\/uploads\/2022\/11\/Logo_principal_colorida-e1680558935183-1024x424.png\" class=\"attachment-large size-large wp-image-148 lazyload\" alt=\"Logo ASID Brasil\" src=\"data:image\/svg+xml;base64,PHN2ZyB3aWR0aD0iMSIgaGVpZ2h0PSIxIiB4bWxucz0iaHR0cDovL3d3dy53My5vcmcvMjAwMC9zdmciPjwvc3ZnPg==\" style=\"--smush-placeholder-width: 525px; --smush-placeholder-aspect-ratio: 525\/217;\" \/>\t\t\t\t\t\t\t\t\t\t\t\t\t\t\t<\/div>\n<\/p><\/div>\n<div class=\"elementor-element elementor-element-141698a7 elementor-widget elementor-widget-elementskit-social-media\" data-id=\"141698a7\" data-element_type=\"widget\" data-widget_type=\"elementskit-social-media.default\">\n<div class=\"elementor-widget-container\">\n<div class=\"ekit-wid-con\">\n<ul class=\"ekit_social_media\">\n<li class=\"elementor-repeater-item-1399011\">\n\t\t\t\t\t    <a href=\"https:\/\/www.instagram.com\/asidbrasil\/\" aria-label=\"Instagram\" class=\"instagram\"><\/p>\n<p>\t\t\t\t\t\t\t<i aria-hidden=\"true\" class=\"fab fa-instagram\"><\/i><br \/>\n                                                                                                            <\/a>\n                    <\/li>\n<li class=\"elementor-repeater-item-c8596be\">\n\t\t\t\t\t    <a href=\"https:\/\/www.youtube.com\/c\/ASIDBrasil\" aria-label=\"YouTube\" class=\"youtube\"><\/p>\n<p>\t\t\t\t\t\t\t<i aria-hidden=\"true\" class=\"fab fa-youtube\"><\/i><br \/>\n                                                                                                            <\/a>\n                    <\/li>\n<li class=\"elementor-repeater-item-048c536\">\n\t\t\t\t\t    <a href=\"https:\/\/www.linkedin.com\/company\/asidbrasil\/\" aria-label=\"Linkedin\" class=\"in\"><\/p>\n<p>\t\t\t\t\t\t\t<i aria-hidden=\"true\" class=\"fab fa-linkedin-in\"><\/i><br \/>\n                                                                                                            <\/a>\n                    <\/li>\n<li class=\"elementor-repeater-item-da8f4de\">\n\t\t\t\t\t    <a href=\"https:\/\/www.facebook.com\/asidbrasil\" aria-label=\"Facebook\" class=\"f\"><\/p>\n<p>\t\t\t\t\t\t\t<i aria-hidden=\"true\" class=\"fab fa-facebook-f\"><\/i><br \/>\n                                                                                                            <\/a>\n                    <\/li>\n<\/ul><\/div>\n<\/p><\/div>\n<\/p><\/div>\n<\/p><\/div>\n<div class=\"elementor-element elementor-element-31a278f e-flex e-con-boxed wpr-particle-no wpr-jarallax-no wpr-parallax-no wpr-sticky-section-no e-con e-child\" data-id=\"31a278f\" data-element_type=\"container\" data-settings=\"{&quot;content_width&quot;:&quot;boxed&quot;}\">\n<div class=\"e-con-inner\">\n<div class=\"elementor-element elementor-element-e195419 elementor-widget elementor-widget-sidebar\" data-id=\"e195419\" data-element_type=\"widget\" data-widget_type=\"sidebar.default\">\n<div class=\"elementor-widget-container\">\n<section id=\"recent-posts-2\" class=\"widget widget_recent_entries\">\n<h2 class=\"widget-title\">Posts recentes<\/h2>\n<nav aria-label=\"Posts recentes\">\n<ul>\n<li>\n\t\t\t\t\t<a href=\"https:\/\/asidbrasil.org.br\/2023\/12\/15\/a-ciencia-da-inclusao-02-coluna-de-felipe-gruetzmacher\/\">A ci\u00eancia da inclus\u00e3o #02 &#8211; Coluna de Felipe Gruetzmacher<\/a>\n\t\t\t\t\t\t\t\t\t<\/li>\n<li>\n\t\t\t\t\t<a href=\"https:\/\/asidbrasil.org.br\/2023\/12\/15\/diversidade-e-literatura-02-coluna-de-edilayne-ribeiro\/\">Diversidade e Literatura #02 &#8211; Coluna de Edilayne Ribeiro<\/a>\n\t\t\t\t\t\t\t\t\t<\/li>\n<li>\n\t\t\t\t\t<a href=\"https:\/\/asidbrasil.org.br\/2023\/12\/15\/inovacao-social-02-coluna-de-leonardo-mesquita\/\">Inova\u00e7\u00e3o Social #02 &#8211; Coluna de Leonardo Mesquita<\/a>\n\t\t\t\t\t\t\t\t\t<\/li>\n<\/ul>\n<\/nav>\n<\/section><\/div>\n<\/p><\/div>\n<\/p><\/div>\n<\/p><\/div>\n<\/p><\/div>\n<\/p><\/div>\n<div class=\"elementor-element elementor-element-b636e13 e-flex e-con-boxed wpr-particle-no wpr-jarallax-no wpr-parallax-no wpr-sticky-section-no e-con e-parent\" data-id=\"b636e13\" data-element_type=\"container\" data-settings=\"{&quot;content_width&quot;:&quot;boxed&quot;}\" data-core-v316-plus=\"true\">\n<div class=\"e-con-inner\">\n<div class=\"elementor-element elementor-element-26b192c wpr-comment-reply-separate wpr-comment-reply-align-right elementor-widget elementor-widget-wpr-post-comments\" data-id=\"26b192c\" data-element_type=\"widget\" data-widget_type=\"wpr-post-comments.default\">\n<div class=\"elementor-widget-container\">\n<div class=\"wpr-comments-wrap\" id=\"comments\">\n<div id=\"respond\" class=\"comment-respond\">\n<h3 id=\"wpr-reply-title\" class=\"wpr-comment-reply-title\">Deixe seu Coment\u00e1rio <small><a rel=\"nofollow\" id=\"cancel-comment-reply-link\" href=\"\/feed\/#respond\">Cancelar resposta<\/a><\/small><\/h3>\n<p class=\"comment-notes\"><span id=\"email-notes\">O seu endere\u00e7o de e-mail n\u00e3o ser\u00e1 publicado.<\/span> <span class=\"required-field-message\">Campos obrigat\u00f3rios s\u00e3o marcados com <span class=\"required\">*<\/span><\/span><\/p>\n<div class=\"wpr-comment-form-text\"><label>Message<span>*<\/span><\/label><textarea name=\"comment\" cols=\"45\" rows=\"8\"><\/textarea><\/div>\n<div class=\"wpr-comment-form-fields\">\n<div class=\"wpr-comment-form-author\"><label>Name<span>*<\/span><\/label><\/div>\n<div class=\"wpr-comment-form-email\"><label>Email<span>*<\/span><\/label><\/div>\n<\/div>\n<p class=\"form-submit\">\n<\/p>\n<p><label>&#916;<textarea name=\"ak_hp_textarea\" cols=\"45\" rows=\"8\"><\/textarea><\/label>document.getElementById( &#8220;ak_js_1&#8221; ).setAttribute( &#8220;value&#8221;, ( new Date() ).getTime() );<\/p>\n<\/p><\/div>\n<p><!-- #respond -->\n\t<\/div>\n<\/p><\/div>\n<\/p><\/div>\n<\/p><\/div>\n<\/p><\/div>\n<div class=\"elementor-element elementor-element-2574eb9a e-flex e-con-boxed wpr-particle-no wpr-jarallax-no wpr-parallax-no wpr-sticky-section-no e-con e-parent\" data-id=\"2574eb9a\" data-element_type=\"container\" data-settings=\"{&quot;background_background&quot;:&quot;classic&quot;,&quot;content_width&quot;:&quot;boxed&quot;}\" data-core-v316-plus=\"true\">\n<div class=\"e-con-inner\">\n<div class=\"elementor-element elementor-element-7b10195a e-flex e-con-boxed wpr-particle-no wpr-jarallax-no wpr-parallax-no wpr-sticky-section-no e-con e-child\" data-id=\"7b10195a\" data-element_type=\"container\" data-settings=\"{&quot;content_width&quot;:&quot;boxed&quot;}\">\n<div class=\"e-con-inner\">\n<div class=\"elementor-element elementor-element-2d6e9636 e-con-full e-flex wpr-particle-no wpr-jarallax-no wpr-parallax-no wpr-sticky-section-no e-con e-child\" data-id=\"2d6e9636\" data-element_type=\"container\" data-settings=\"{&quot;content_width&quot;:&quot;full&quot;}\">\n<div class=\"elementor-element elementor-element-5ca7db2c e-con-full e-flex wpr-particle-no wpr-jarallax-no wpr-parallax-no wpr-sticky-section-no e-con e-child\" data-id=\"5ca7db2c\" data-element_type=\"container\" data-settings=\"{&quot;content_width&quot;:&quot;full&quot;}\">\n<div class=\"elementor-element elementor-element-7f7d2eea elementor-widget-tablet__width-initial elementor-widget elementor-widget-image\" data-id=\"7f7d2eea\" data-element_type=\"widget\" data-widget_type=\"image.default\">\n<div class=\"elementor-widget-container\">\n\t\t\t\t\t\t\t\t\t\t\t\t\t\t\t<img decoding=\"async\" width=\"1600\" height=\"648\" data-src=\"https:\/\/asidbrasil.org.br\/wp-content\/uploads\/2022\/11\/Logo_principal_branca-e-azul-e1668114261953.png\" class=\"attachment-full size-full wp-image-145 lazyload\" alt=\"Logo ASID Brasil\" src=\"data:image\/svg+xml;base64,PHN2ZyB3aWR0aD0iMSIgaGVpZ2h0PSIxIiB4bWxucz0iaHR0cDovL3d3dy53My5vcmcvMjAwMC9zdmciPjwvc3ZnPg==\" style=\"--smush-placeholder-width: 1600px; --smush-placeholder-aspect-ratio: 1600\/648;\" \/>\t\t\t\t\t\t\t\t\t\t\t\t\t\t\t<\/div>\n<\/p><\/div>\n<div class=\"elementor-element elementor-element-3f49179 elementor-widget elementor-widget-elementskit-social-media\" data-id=\"3f49179\" data-element_type=\"widget\" data-widget_type=\"elementskit-social-media.default\">\n<div class=\"elementor-widget-container\">\n<div class=\"ekit-wid-con\">\n<ul class=\"ekit_social_media\">\n<li class=\"elementor-repeater-item-1399011\">\n\t\t\t\t\t    <a href=\"https:\/\/www.instagram.com\/asidbrasil\/\" aria-label=\"Instagram\" class=\"instagram\"><\/p>\n<p>\t\t\t\t\t\t\t<i aria-hidden=\"true\" class=\"fab fa-instagram\"><\/i><br \/>\n                                                                                                            <\/a>\n                    <\/li>\n<li class=\"elementor-repeater-item-c8596be\">\n\t\t\t\t\t    <a href=\"https:\/\/www.youtube.com\/c\/ASIDBrasil\" aria-label=\"YouTube\" class=\"youtube\"><\/p>\n<p>\t\t\t\t\t\t\t<i aria-hidden=\"true\" class=\"fab fa-youtube\"><\/i><br \/>\n                                                                                                            <\/a>\n                    <\/li>\n<li class=\"elementor-repeater-item-048c536\">\n\t\t\t\t\t    <a href=\"https:\/\/www.linkedin.com\/company\/asidbrasil\/\" aria-label=\"Linkedin\" class=\"in\"><\/p>\n<p>\t\t\t\t\t\t\t<i aria-hidden=\"true\" class=\"fab fa-linkedin-in\"><\/i><br \/>\n                                                                                                            <\/a>\n                    <\/li>\n<li class=\"elementor-repeater-item-da8f4de\">\n\t\t\t\t\t    <a href=\"https:\/\/www.facebook.com\/asidbrasil\" aria-label=\"Facebook\" class=\"f\"><\/p>\n<p>\t\t\t\t\t\t\t<i aria-hidden=\"true\" class=\"fab fa-facebook-f\"><\/i><br \/>\n                                                                                                            <\/a>\n                    <\/li>\n<\/ul><\/div>\n<\/p><\/div>\n<\/p><\/div>\n<div class=\"elementor-element elementor-element-bd923d1 elementor-widget elementor-widget-heading\" data-id=\"bd923d1\" data-element_type=\"widget\" data-widget_type=\"heading.default\">\n<div class=\"elementor-widget-container\">\n<h2 class=\"elementor-heading-title elementor-size-default\">Contato<\/h2>\n<\/p><\/div>\n<\/p><\/div>\n<div class=\"elementor-element elementor-element-5bd55d13 elementor-widget elementor-widget-heading\" data-id=\"5bd55d13\" data-element_type=\"widget\" data-widget_type=\"heading.default\">\n<div class=\"elementor-widget-container\">\n<h3 class=\"elementor-heading-title elementor-size-default\"><a href=\"mailto:contato@asid.org.br\" target=\"_blank\" rel=\"noopener\">E-mail: <span style=\"color: #00ffff\"><a style=\"color: #00ffff\" href=\"mailto:contato@85r.df2.myftpupload.com\">contato@asid.org.br<\/a><\/span><\/a><\/h3>\n<\/p><\/div>\n<\/p><\/div>\n<\/p><\/div>\n<div class=\"elementor-element elementor-element-31c35d3c e-con-full e-flex wpr-particle-no wpr-jarallax-no wpr-parallax-no wpr-sticky-section-no e-con e-child\" data-id=\"31c35d3c\" data-element_type=\"container\" data-settings=\"{&quot;content_width&quot;:&quot;full&quot;}\">\n<div class=\"elementor-element elementor-element-378308bf elementor-widget elementor-widget-heading\" data-id=\"378308bf\" data-element_type=\"widget\" data-widget_type=\"heading.default\">\n<div class=\"elementor-widget-container\">\n<h2 class=\"elementor-heading-title elementor-size-default\">Nossa Miss\u00e3o<\/h2>\n<\/p><\/div>\n<\/p><\/div>\n<div class=\"elementor-element elementor-element-4691822 elementor-widget elementor-widget-text-editor\" data-id=\"4691822\" data-element_type=\"widget\" data-widget_type=\"text-editor.default\">\n<div class=\"elementor-widget-container\">\n<p>Existimos para quebrar as barreiras socioecon\u00f4micas que excluem a pessoa com defici\u00eancia.<\/p>\n<\/p><\/div>\n<\/p><\/div>\n<div class=\"elementor-element elementor-element-71c32d75 elementor-widget elementor-widget-image\" data-id=\"71c32d75\" data-element_type=\"widget\" data-widget_type=\"image.default\">\n<div class=\"elementor-widget-container\">\n\t\t\t\t\t\t\t\t\t\t\t\t\t\t\t<img decoding=\"async\" data-src=\"https:\/\/asidbrasil.org.br\/wp-content\/uploads\/elementor\/thumbs\/selo-amigo-do-surdo-branco-redondo-hugo-120x120-1-qg2mdnpquye6ntj53bkrdi85vh94b5tvnnifrpn36w.png\" title=\"selo-amigo-do-surdo-branco-redondo-hugo-120&#215;120\" alt=\"Selo Amigo Do Surdo Branco Redondo Hugo\" src=\"data:image\/svg+xml;base64,PHN2ZyB3aWR0aD0iMSIgaGVpZ2h0PSIxIiB4bWxucz0iaHR0cDovL3d3dy53My5vcmcvMjAwMC9zdmciPjwvc3ZnPg==\" class=\"lazyload\" \/>\t\t\t\t\t\t\t\t\t\t\t\t\t\t\t<\/div>\n<\/p><\/div>\n<\/p><\/div>\n<div class=\"elementor-element elementor-element-724a9d9b e-con-full e-flex wpr-particle-no wpr-jarallax-no wpr-parallax-no wpr-sticky-section-no e-con e-child\" data-id=\"724a9d9b\" data-element_type=\"container\" data-settings=\"{&quot;content_width&quot;:&quot;full&quot;}\">\n<div class=\"elementor-element elementor-element-6f46d276 elementor-widget elementor-widget-heading\" data-id=\"6f46d276\" data-element_type=\"widget\" data-widget_type=\"heading.default\">\n<div class=\"elementor-widget-container\">\n<h2 class=\"elementor-heading-title elementor-size-default\">LGPD<\/h2>\n<\/p><\/div>\n<\/p><\/div>\n<div class=\"elementor-element elementor-element-633ef78c elementor-widget elementor-widget-text-editor\" data-id=\"633ef78c\" data-element_type=\"widget\" data-widget_type=\"text-editor.default\">\n<div class=\"elementor-widget-container\">\n<p>Em alinhamento com a Lei Geral de Prote\u00e7\u00e3o de Dados, garantimos a confidencialidade, seguran\u00e7a e integridade de seus dados pessoais, prevenindo a ocorr\u00eancia de eventuais danos em virtude do tratamento dos mesmos. Para as solicita\u00e7\u00f5es dos titulares de dados, por favor, nos envie um <strong><span style=\"color: #00ffff\"><a style=\"color: #00ffff\" href=\"mailto:contato@85r.df2.myftpupload.com\">e-mail<\/a><\/span>.<\/strong><\/p>\n<\/p><\/div>\n<\/p><\/div>\n<\/p><\/div>\n<\/p><\/div>\n<\/p><\/div>\n<\/p><\/div>\n<\/p><\/div>\n<\/p><\/div>\n<div class=\"elementor-element elementor-element-58b2e0fb e-flex e-con-boxed wpr-particle-no wpr-jarallax-no wpr-parallax-no wpr-sticky-section-no e-con e-parent\" data-id=\"58b2e0fb\" data-element_type=\"container\" data-settings=\"{&quot;background_background&quot;:&quot;classic&quot;,&quot;content_width&quot;:&quot;boxed&quot;}\" data-core-v316-plus=\"true\">\n<div class=\"e-con-inner\">\n<div class=\"elementor-element elementor-element-723fc878 e-flex e-con-boxed wpr-particle-no wpr-jarallax-no wpr-parallax-no wpr-sticky-section-no e-con e-child\" data-id=\"723fc878\" data-element_type=\"container\" data-settings=\"{&quot;content_width&quot;:&quot;boxed&quot;}\">\n<div class=\"e-con-inner\">\n<div class=\"elementor-element elementor-element-3ac679bf e-con-full e-flex wpr-particle-no wpr-jarallax-no wpr-parallax-no wpr-sticky-section-no e-con e-child\" data-id=\"3ac679bf\" data-element_type=\"container\" data-settings=\"{&quot;content_width&quot;:&quot;full&quot;}\">\n<div class=\"elementor-element elementor-element-25b34a86 e-con-full e-flex wpr-particle-no wpr-jarallax-no wpr-parallax-no wpr-sticky-section-no e-con e-child\" data-id=\"25b34a86\" data-element_type=\"container\" data-settings=\"{&quot;content_width&quot;:&quot;full&quot;}\">\n<div class=\"elementor-element elementor-element-73f17b9 elementor-widget__width-auto elementor-widget elementor-widget-elementskit-heading\" data-id=\"73f17b9\" data-element_type=\"widget\" data-widget_type=\"elementskit-heading.default\">\n<div class=\"elementor-widget-container\">\n<div class=\"ekit-wid-con\">\n<div class=\"ekit-heading elementskit-section-title-wraper text_center   ekit_heading_tablet-   ekit_heading_mobile-text_center\">\n<p class=\"ekit-heading--title elementskit-section-title \">\u00a9 2022 ASID Brasil | Desenvolvido por <i class=\"fa fa-heart-o\"><\/i> <a href=\"http:\/\/www.double2.com.br\"> Double2 Comunica\u00e7\u00e3o<\/a><\/p>\n<\/div>\n<\/div><\/div>\n<\/p><\/div>\n<\/p><\/div>\n<\/p><\/div>\n<\/p><\/div>\n<\/p><\/div>\n<\/p><\/div>\n<\/p><\/div>\n<div class=\"elementor-element elementor-element-fbb11b8 e-flex e-con-boxed wpr-particle-no wpr-jarallax-no wpr-parallax-no wpr-sticky-section-no e-con e-parent\" data-id=\"fbb11b8\" data-element_type=\"container\" data-settings=\"{&quot;content_width&quot;:&quot;boxed&quot;}\" data-core-v316-plus=\"true\">\n<div class=\"e-con-inner\">\n<div class=\"elementor-element elementor-element-5acb812 elementor-widget elementor-widget-button\" data-id=\"5acb812\" data-element_type=\"widget\" data-widget_type=\"button.default\">\n<div class=\"elementor-widget-container\">\n<div class=\"elementor-button-wrapper\">\n\t\t\t<a class=\"elementor-button elementor-button-link elementor-size-sm\" href=\"#\"><br \/>\n\t\t\t\t\t\t<span class=\"elementor-button-content-wrapper\"><br \/>\n\t\t\t\t\t\t<span class=\"elementor-button-text\">Clique aqui<\/span><br \/>\n\t\t<\/span><br \/>\n\t\t\t\t\t<\/a>\n\t\t<\/div>\n<\/p><\/div>\n<\/p><\/div>\n<\/p><\/div>\n<\/p><\/div>\n<\/p><\/div>\n<p>O post <a href=\"https:\/\/asidbrasil.org.br\/2023\/12\/15\/a-ciencia-da-inclusao-02-coluna-de-felipe-gruetzmacher\/\">A ci\u00eancia da inclus\u00e3o #02 &#8211; Coluna de Felipe Gruetzmacher<\/a> apareceu primeiro em <a href=\"https:\/\/asidbrasil.org.br\">ASID Brasil<\/a>.<\/p>\n<p><script async src=\"\/\/www.instagram.com\/embed.js\"><\/script><br \/>\n<i>Visite o site <a href=\"https:\/\/asidbrasil.org.br\/\">asidbrasil.org.br<\/a> e conhe\u00e7a mais sobre a ASID Brasil.<\/i><br \/>\n<br \/><a href=\"https:\/\/asidbrasil.org.br\/2023\/12\/15\/a-ciencia-da-inclusao-02-coluna-de-felipe-gruetzmacher\/\">Fonte<\/a><br \/>\n<br \/><\/p>\n","protected":false},"excerpt":{"rendered":"<p>\/*! elementor &#8211; v3.18.0 &#8211; 08-12-2023 *\/ .elementor-widget-image{text-align:center}.elementor-widget-image a{display:inline-block}.elementor-widget-image a img[src$=&#8221;.svg&#8221;]{width:48px}.elementor-widget-image img{vertical-align:middle;display:inline-block} In\u00edcio Sobre N\u00f3s Hist\u00f3ria Pilares Atua\u00e7\u00e3o Reconhecimentos Solu\u00e7\u00f5es Como Atuamos Nossas Solu\u00e7\u00f5es Empresas Como Atuamos Investimento Social Privado Licenciamento Clube do Emprego Selos Organiza\u00e7\u00f5es Pessoa com Defici\u00eancia Como Atuamos Projetos Clube do Emprego Comunidades Conte\u00fado Conte\u00fado Blog Biblioteca Digital Relat\u00f3rios de Impacto Transpar\u00eancia [&hellip;]<\/p>\n","protected":false},"author":3063,"featured_media":13136,"comment_status":"open","ping_status":"open","sticky":false,"template":"","format":"standard","meta":{"footnotes":""},"categories":[113],"tags":[158,157,163,162,164,161,160,159],"class_list":{"0":"post-13135","1":"post","2":"type-post","3":"status-publish","4":"format-standard","5":"has-post-thumbnail","7":"category-cidadania","8":"tag-asid","9":"tag-cidadania","10":"tag-desenvolvimento-institucional","11":"tag-diversidade","12":"tag-impacto-social","13":"tag-inclusao","14":"tag-voluntariado","15":"tag-voluntario"},"yoast_head":"<!-- This site is optimized with the Yoast SEO plugin v27.2 - https:\/\/yoast.com\/product\/yoast-seo-wordpress\/ -->\n<title>A ci\u00eancia da inclus\u00e3o #02 \u2013 Coluna de Felipe Gruetzmacher | Portal de Not\u00edcias<\/title>\n<meta name=\"robots\" content=\"index, follow, max-snippet:-1, max-image-preview:large, max-video-preview:-1\" \/>\n<link rel=\"canonical\" href=\"https:\/\/asidbrasil.org.br\/2023\/12\/15\/a-ciencia-da-inclusao-02-coluna-de-felipe-gruetzmacher\/\" \/>\n<meta property=\"og:locale\" content=\"pt_BR\" \/>\n<meta property=\"og:type\" content=\"article\" \/>\n<meta property=\"og:title\" content=\"A ci\u00eancia da inclus\u00e3o #02 \u2013 Coluna de Felipe Gruetzmacher | Portal de Not\u00edcias\" \/>\n<meta property=\"og:description\" content=\"\/*! elementor &#8211; v3.18.0 &#8211; 08-12-2023 *\/ .elementor-widget-image{text-align:center}.elementor-widget-image a{display:inline-block}.elementor-widget-image a img[src$=&#8221;.svg&#8221;]{width:48px}.elementor-widget-image img{vertical-align:middle;display:inline-block} In\u00edcio Sobre N\u00f3s Hist\u00f3ria Pilares Atua\u00e7\u00e3o Reconhecimentos Solu\u00e7\u00f5es Como Atuamos Nossas Solu\u00e7\u00f5es Empresas Como Atuamos Investimento Social Privado Licenciamento Clube do Emprego Selos Organiza\u00e7\u00f5es Pessoa com Defici\u00eancia Como Atuamos Projetos Clube do Emprego Comunidades Conte\u00fado Conte\u00fado Blog Biblioteca Digital Relat\u00f3rios de Impacto Transpar\u00eancia [&hellip;]\" \/>\n<meta property=\"og:url\" content=\"https:\/\/asidbrasil.org.br\/2023\/12\/15\/a-ciencia-da-inclusao-02-coluna-de-felipe-gruetzmacher\/\" \/>\n<meta property=\"og:site_name\" content=\"Portal de Not\u00edcias\" \/>\n<meta property=\"article:published_time\" content=\"2023-12-16T12:05:04+00:00\" \/>\n<meta property=\"og:image\" content=\"https:\/\/mhcalculos.com.br\/noticias\/wp-content\/uploads\/sites\/2\/2023\/12\/1702728306_4.png\" \/>\n\t<meta property=\"og:image:width\" content=\"1200\" \/>\n\t<meta property=\"og:image:height\" content=\"627\" \/>\n\t<meta property=\"og:image:type\" content=\"image\/png\" \/>\n<meta name=\"author\" content=\"Equipe MH\" \/>\n<meta name=\"twitter:card\" content=\"summary_large_image\" \/>\n<meta name=\"twitter:label1\" content=\"Escrito por\" \/>\n\t<meta name=\"twitter:data1\" content=\"Equipe MH\" \/>\n\t<meta name=\"twitter:label2\" content=\"Est. tempo de leitura\" \/>\n\t<meta name=\"twitter:data2\" content=\"7 minutos\" \/>\n<script type=\"application\/ld+json\" class=\"yoast-schema-graph\">{\"@context\":\"https:\/\/schema.org\",\"@graph\":[{\"@type\":\"Article\",\"@id\":\"https:\/\/asidbrasil.org.br\/2023\/12\/15\/a-ciencia-da-inclusao-02-coluna-de-felipe-gruetzmacher\/#article\",\"isPartOf\":{\"@id\":\"https:\/\/mhcalculos.com.br\/noticias\/cidadania\/a-ciencia-da-inclusao-02-coluna-de-felipe-gruetzmacher.html\"},\"author\":{\"name\":\"Equipe MH\",\"@id\":\"https:\/\/mhcalculos.com.br\/noticias\/#\/schema\/person\/88d1c34bf72dc779ea14a5a6b8e0ae8d\"},\"headline\":\"A ci\u00eancia da inclus\u00e3o #02 \u2013 Coluna de Felipe Gruetzmacher\",\"datePublished\":\"2023-12-16T12:05:04+00:00\",\"mainEntityOfPage\":{\"@id\":\"https:\/\/mhcalculos.com.br\/noticias\/cidadania\/a-ciencia-da-inclusao-02-coluna-de-felipe-gruetzmacher.html\"},\"wordCount\":1422,\"commentCount\":0,\"image\":{\"@id\":\"https:\/\/asidbrasil.org.br\/2023\/12\/15\/a-ciencia-da-inclusao-02-coluna-de-felipe-gruetzmacher\/#primaryimage\"},\"thumbnailUrl\":\"https:\/\/mhcalculos.com.br\/noticias\/wp-content\/uploads\/sites\/2\/2023\/12\/1702728306_4.png\",\"keywords\":[\"asid\",\"cidadania\",\"desenvolvimento institucional\",\"diversidade\",\"impacto social\",\"inclus\u00e3o\",\"voluntariado\",\"volunt\u00e1rio\"],\"articleSection\":[\"Cidadania\"],\"inLanguage\":\"pt-BR\",\"potentialAction\":[{\"@type\":\"CommentAction\",\"name\":\"Comment\",\"target\":[\"https:\/\/asidbrasil.org.br\/2023\/12\/15\/a-ciencia-da-inclusao-02-coluna-de-felipe-gruetzmacher\/#respond\"]}]},{\"@type\":\"WebPage\",\"@id\":\"https:\/\/mhcalculos.com.br\/noticias\/cidadania\/a-ciencia-da-inclusao-02-coluna-de-felipe-gruetzmacher.html\",\"url\":\"https:\/\/asidbrasil.org.br\/2023\/12\/15\/a-ciencia-da-inclusao-02-coluna-de-felipe-gruetzmacher\/\",\"name\":\"A ci\u00eancia da inclus\u00e3o #02 \u2013 Coluna de Felipe Gruetzmacher | Portal de Not\u00edcias\",\"isPartOf\":{\"@id\":\"https:\/\/mhcalculos.com.br\/noticias\/#website\"},\"primaryImageOfPage\":{\"@id\":\"https:\/\/asidbrasil.org.br\/2023\/12\/15\/a-ciencia-da-inclusao-02-coluna-de-felipe-gruetzmacher\/#primaryimage\"},\"image\":{\"@id\":\"https:\/\/asidbrasil.org.br\/2023\/12\/15\/a-ciencia-da-inclusao-02-coluna-de-felipe-gruetzmacher\/#primaryimage\"},\"thumbnailUrl\":\"https:\/\/mhcalculos.com.br\/noticias\/wp-content\/uploads\/sites\/2\/2023\/12\/1702728306_4.png\",\"datePublished\":\"2023-12-16T12:05:04+00:00\",\"author\":{\"@id\":\"https:\/\/mhcalculos.com.br\/noticias\/#\/schema\/person\/88d1c34bf72dc779ea14a5a6b8e0ae8d\"},\"breadcrumb\":{\"@id\":\"https:\/\/asidbrasil.org.br\/2023\/12\/15\/a-ciencia-da-inclusao-02-coluna-de-felipe-gruetzmacher\/#breadcrumb\"},\"inLanguage\":\"pt-BR\",\"potentialAction\":[{\"@type\":\"ReadAction\",\"target\":[\"https:\/\/asidbrasil.org.br\/2023\/12\/15\/a-ciencia-da-inclusao-02-coluna-de-felipe-gruetzmacher\/\"]}]},{\"@type\":\"ImageObject\",\"inLanguage\":\"pt-BR\",\"@id\":\"https:\/\/asidbrasil.org.br\/2023\/12\/15\/a-ciencia-da-inclusao-02-coluna-de-felipe-gruetzmacher\/#primaryimage\",\"url\":\"https:\/\/mhcalculos.com.br\/noticias\/wp-content\/uploads\/sites\/2\/2023\/12\/1702728306_4.png\",\"contentUrl\":\"https:\/\/mhcalculos.com.br\/noticias\/wp-content\/uploads\/sites\/2\/2023\/12\/1702728306_4.png\",\"width\":1200,\"height\":627},{\"@type\":\"BreadcrumbList\",\"@id\":\"https:\/\/asidbrasil.org.br\/2023\/12\/15\/a-ciencia-da-inclusao-02-coluna-de-felipe-gruetzmacher\/#breadcrumb\",\"itemListElement\":[{\"@type\":\"ListItem\",\"position\":1,\"name\":\"In\u00edcio\",\"item\":\"https:\/\/mhcalculos.com.br\/noticias\/\"},{\"@type\":\"ListItem\",\"position\":2,\"name\":\"A ci\u00eancia da inclus\u00e3o #02 \u2013 Coluna de Felipe Gruetzmacher\"}]},{\"@type\":\"WebSite\",\"@id\":\"https:\/\/mhcalculos.com.br\/noticias\/#website\",\"url\":\"https:\/\/mhcalculos.com.br\/noticias\/\",\"name\":\"Portal de Not\u00edcias\",\"description\":\"Not\u00edcias e Jurisprud\u00eancia\",\"potentialAction\":[{\"@type\":\"SearchAction\",\"target\":{\"@type\":\"EntryPoint\",\"urlTemplate\":\"https:\/\/mhcalculos.com.br\/noticias\/?s={search_term_string}\"},\"query-input\":{\"@type\":\"PropertyValueSpecification\",\"valueRequired\":true,\"valueName\":\"search_term_string\"}}],\"inLanguage\":\"pt-BR\"},{\"@type\":\"Person\",\"@id\":\"https:\/\/mhcalculos.com.br\/noticias\/#\/schema\/person\/88d1c34bf72dc779ea14a5a6b8e0ae8d\",\"name\":\"Equipe MH\",\"image\":{\"@type\":\"ImageObject\",\"inLanguage\":\"pt-BR\",\"@id\":\"https:\/\/secure.gravatar.com\/avatar\/de1c686c2ecc9c5a3f327e3431d819eb39f8f05d4e1045f5a1caad6daaba987f?s=96&d=mm&r=g\",\"url\":\"https:\/\/secure.gravatar.com\/avatar\/de1c686c2ecc9c5a3f327e3431d819eb39f8f05d4e1045f5a1caad6daaba987f?s=96&d=mm&r=g\",\"contentUrl\":\"https:\/\/secure.gravatar.com\/avatar\/de1c686c2ecc9c5a3f327e3431d819eb39f8f05d4e1045f5a1caad6daaba987f?s=96&d=mm&r=g\",\"caption\":\"Equipe MH\"}}]}<\/script>\n<!-- \/ Yoast SEO plugin. -->","yoast_head_json":{"title":"A ci\u00eancia da inclus\u00e3o #02 \u2013 Coluna de Felipe Gruetzmacher | Portal de Not\u00edcias","robots":{"index":"index","follow":"follow","max-snippet":"max-snippet:-1","max-image-preview":"max-image-preview:large","max-video-preview":"max-video-preview:-1"},"canonical":"https:\/\/asidbrasil.org.br\/2023\/12\/15\/a-ciencia-da-inclusao-02-coluna-de-felipe-gruetzmacher\/","og_locale":"pt_BR","og_type":"article","og_title":"A ci\u00eancia da inclus\u00e3o #02 \u2013 Coluna de Felipe Gruetzmacher | Portal de Not\u00edcias","og_description":"\/*! elementor &#8211; v3.18.0 &#8211; 08-12-2023 *\/ .elementor-widget-image{text-align:center}.elementor-widget-image a{display:inline-block}.elementor-widget-image a img[src$=&#8221;.svg&#8221;]{width:48px}.elementor-widget-image img{vertical-align:middle;display:inline-block} In\u00edcio Sobre N\u00f3s Hist\u00f3ria Pilares Atua\u00e7\u00e3o Reconhecimentos Solu\u00e7\u00f5es Como Atuamos Nossas Solu\u00e7\u00f5es Empresas Como Atuamos Investimento Social Privado Licenciamento Clube do Emprego Selos Organiza\u00e7\u00f5es Pessoa com Defici\u00eancia Como Atuamos Projetos Clube do Emprego Comunidades Conte\u00fado Conte\u00fado Blog Biblioteca Digital Relat\u00f3rios de Impacto Transpar\u00eancia [&hellip;]","og_url":"https:\/\/asidbrasil.org.br\/2023\/12\/15\/a-ciencia-da-inclusao-02-coluna-de-felipe-gruetzmacher\/","og_site_name":"Portal de Not\u00edcias","article_published_time":"2023-12-16T12:05:04+00:00","og_image":[{"width":1200,"height":627,"url":"https:\/\/mhcalculos.com.br\/noticias\/wp-content\/uploads\/sites\/2\/2023\/12\/1702728306_4.png","type":"image\/png"}],"author":"Equipe MH","twitter_card":"summary_large_image","twitter_misc":{"Escrito por":"Equipe MH","Est. tempo de leitura":"7 minutos"},"schema":{"@context":"https:\/\/schema.org","@graph":[{"@type":"Article","@id":"https:\/\/asidbrasil.org.br\/2023\/12\/15\/a-ciencia-da-inclusao-02-coluna-de-felipe-gruetzmacher\/#article","isPartOf":{"@id":"https:\/\/mhcalculos.com.br\/noticias\/cidadania\/a-ciencia-da-inclusao-02-coluna-de-felipe-gruetzmacher.html"},"author":{"name":"Equipe MH","@id":"https:\/\/mhcalculos.com.br\/noticias\/#\/schema\/person\/88d1c34bf72dc779ea14a5a6b8e0ae8d"},"headline":"A ci\u00eancia da inclus\u00e3o #02 \u2013 Coluna de Felipe Gruetzmacher","datePublished":"2023-12-16T12:05:04+00:00","mainEntityOfPage":{"@id":"https:\/\/mhcalculos.com.br\/noticias\/cidadania\/a-ciencia-da-inclusao-02-coluna-de-felipe-gruetzmacher.html"},"wordCount":1422,"commentCount":0,"image":{"@id":"https:\/\/asidbrasil.org.br\/2023\/12\/15\/a-ciencia-da-inclusao-02-coluna-de-felipe-gruetzmacher\/#primaryimage"},"thumbnailUrl":"https:\/\/mhcalculos.com.br\/noticias\/wp-content\/uploads\/sites\/2\/2023\/12\/1702728306_4.png","keywords":["asid","cidadania","desenvolvimento institucional","diversidade","impacto social","inclus\u00e3o","voluntariado","volunt\u00e1rio"],"articleSection":["Cidadania"],"inLanguage":"pt-BR","potentialAction":[{"@type":"CommentAction","name":"Comment","target":["https:\/\/asidbrasil.org.br\/2023\/12\/15\/a-ciencia-da-inclusao-02-coluna-de-felipe-gruetzmacher\/#respond"]}]},{"@type":"WebPage","@id":"https:\/\/mhcalculos.com.br\/noticias\/cidadania\/a-ciencia-da-inclusao-02-coluna-de-felipe-gruetzmacher.html","url":"https:\/\/asidbrasil.org.br\/2023\/12\/15\/a-ciencia-da-inclusao-02-coluna-de-felipe-gruetzmacher\/","name":"A ci\u00eancia da inclus\u00e3o #02 \u2013 Coluna de Felipe Gruetzmacher | Portal de Not\u00edcias","isPartOf":{"@id":"https:\/\/mhcalculos.com.br\/noticias\/#website"},"primaryImageOfPage":{"@id":"https:\/\/asidbrasil.org.br\/2023\/12\/15\/a-ciencia-da-inclusao-02-coluna-de-felipe-gruetzmacher\/#primaryimage"},"image":{"@id":"https:\/\/asidbrasil.org.br\/2023\/12\/15\/a-ciencia-da-inclusao-02-coluna-de-felipe-gruetzmacher\/#primaryimage"},"thumbnailUrl":"https:\/\/mhcalculos.com.br\/noticias\/wp-content\/uploads\/sites\/2\/2023\/12\/1702728306_4.png","datePublished":"2023-12-16T12:05:04+00:00","author":{"@id":"https:\/\/mhcalculos.com.br\/noticias\/#\/schema\/person\/88d1c34bf72dc779ea14a5a6b8e0ae8d"},"breadcrumb":{"@id":"https:\/\/asidbrasil.org.br\/2023\/12\/15\/a-ciencia-da-inclusao-02-coluna-de-felipe-gruetzmacher\/#breadcrumb"},"inLanguage":"pt-BR","potentialAction":[{"@type":"ReadAction","target":["https:\/\/asidbrasil.org.br\/2023\/12\/15\/a-ciencia-da-inclusao-02-coluna-de-felipe-gruetzmacher\/"]}]},{"@type":"ImageObject","inLanguage":"pt-BR","@id":"https:\/\/asidbrasil.org.br\/2023\/12\/15\/a-ciencia-da-inclusao-02-coluna-de-felipe-gruetzmacher\/#primaryimage","url":"https:\/\/mhcalculos.com.br\/noticias\/wp-content\/uploads\/sites\/2\/2023\/12\/1702728306_4.png","contentUrl":"https:\/\/mhcalculos.com.br\/noticias\/wp-content\/uploads\/sites\/2\/2023\/12\/1702728306_4.png","width":1200,"height":627},{"@type":"BreadcrumbList","@id":"https:\/\/asidbrasil.org.br\/2023\/12\/15\/a-ciencia-da-inclusao-02-coluna-de-felipe-gruetzmacher\/#breadcrumb","itemListElement":[{"@type":"ListItem","position":1,"name":"In\u00edcio","item":"https:\/\/mhcalculos.com.br\/noticias\/"},{"@type":"ListItem","position":2,"name":"A ci\u00eancia da inclus\u00e3o #02 \u2013 Coluna de Felipe Gruetzmacher"}]},{"@type":"WebSite","@id":"https:\/\/mhcalculos.com.br\/noticias\/#website","url":"https:\/\/mhcalculos.com.br\/noticias\/","name":"Portal de Not\u00edcias","description":"Not\u00edcias e Jurisprud\u00eancia","potentialAction":[{"@type":"SearchAction","target":{"@type":"EntryPoint","urlTemplate":"https:\/\/mhcalculos.com.br\/noticias\/?s={search_term_string}"},"query-input":{"@type":"PropertyValueSpecification","valueRequired":true,"valueName":"search_term_string"}}],"inLanguage":"pt-BR"},{"@type":"Person","@id":"https:\/\/mhcalculos.com.br\/noticias\/#\/schema\/person\/88d1c34bf72dc779ea14a5a6b8e0ae8d","name":"Equipe MH","image":{"@type":"ImageObject","inLanguage":"pt-BR","@id":"https:\/\/secure.gravatar.com\/avatar\/de1c686c2ecc9c5a3f327e3431d819eb39f8f05d4e1045f5a1caad6daaba987f?s=96&d=mm&r=g","url":"https:\/\/secure.gravatar.com\/avatar\/de1c686c2ecc9c5a3f327e3431d819eb39f8f05d4e1045f5a1caad6daaba987f?s=96&d=mm&r=g","contentUrl":"https:\/\/secure.gravatar.com\/avatar\/de1c686c2ecc9c5a3f327e3431d819eb39f8f05d4e1045f5a1caad6daaba987f?s=96&d=mm&r=g","caption":"Equipe MH"}}]}},"_links":{"self":[{"href":"https:\/\/mhcalculos.com.br\/noticias\/wp-json\/wp\/v2\/posts\/13135","targetHints":{"allow":["GET"]}}],"collection":[{"href":"https:\/\/mhcalculos.com.br\/noticias\/wp-json\/wp\/v2\/posts"}],"about":[{"href":"https:\/\/mhcalculos.com.br\/noticias\/wp-json\/wp\/v2\/types\/post"}],"author":[{"embeddable":true,"href":"https:\/\/mhcalculos.com.br\/noticias\/wp-json\/wp\/v2\/users\/3063"}],"replies":[{"embeddable":true,"href":"https:\/\/mhcalculos.com.br\/noticias\/wp-json\/wp\/v2\/comments?post=13135"}],"version-history":[{"count":0,"href":"https:\/\/mhcalculos.com.br\/noticias\/wp-json\/wp\/v2\/posts\/13135\/revisions"}],"wp:featuredmedia":[{"embeddable":true,"href":"https:\/\/mhcalculos.com.br\/noticias\/wp-json\/wp\/v2\/media\/13136"}],"wp:attachment":[{"href":"https:\/\/mhcalculos.com.br\/noticias\/wp-json\/wp\/v2\/media?parent=13135"}],"wp:term":[{"taxonomy":"category","embeddable":true,"href":"https:\/\/mhcalculos.com.br\/noticias\/wp-json\/wp\/v2\/categories?post=13135"},{"taxonomy":"post_tag","embeddable":true,"href":"https:\/\/mhcalculos.com.br\/noticias\/wp-json\/wp\/v2\/tags?post=13135"}],"curies":[{"name":"wp","href":"https:\/\/api.w.org\/{rel}","templated":true}]}}