{"id":13058,"date":"2023-12-01T09:05:04","date_gmt":"2023-12-01T12:05:04","guid":{"rendered":"https:\/\/mhcalculos.com.br\/noticias\/cidadania\/solucao-asas-pelo-sul-do-brasil.html"},"modified":"2023-12-01T09:05:04","modified_gmt":"2023-12-01T12:05:04","slug":"solucao-asas-pelo-sul-do-brasil","status":"publish","type":"post","link":"https:\/\/mhcalculos.com.br\/noticias\/cidadania\/solucao-asas-pelo-sul-do-brasil.html","title":{"rendered":"Solu\u00e7\u00e3o ASAS pelo Sul do Brasil"},"content":{"rendered":"<p> <br \/>\n<\/p>\n<div data-elementor-type=\"wp-post\" data-elementor-id=\"24122\" class=\"elementor elementor-24122\">\n<div class=\"elementor-element elementor-element-34da6aae she-header-yes e-flex e-con-boxed wpr-particle-no wpr-jarallax-no wpr-parallax-no wpr-sticky-section-no e-con e-parent\" data-id=\"34da6aae\" data-element_type=\"container\" data-settings=\"{&quot;background_background&quot;:&quot;classic&quot;,&quot;transparent&quot;:&quot;yes&quot;,&quot;scroll_distance&quot;:{&quot;unit&quot;:&quot;px&quot;,&quot;size&quot;:&quot;&quot;,&quot;sizes&quot;:[]},&quot;content_width&quot;:&quot;boxed&quot;,&quot;transparent_on&quot;:[&quot;desktop&quot;,&quot;tablet&quot;,&quot;mobile&quot;],&quot;scroll_distance_tablet&quot;:{&quot;unit&quot;:&quot;px&quot;,&quot;size&quot;:&quot;&quot;,&quot;sizes&quot;:[]},&quot;scroll_distance_mobile&quot;:{&quot;unit&quot;:&quot;px&quot;,&quot;size&quot;:&quot;&quot;,&quot;sizes&quot;:[]}}\" data-core-v316-plus=\"true\">\n<div class=\"e-con-inner\">\n<div class=\"elementor-element elementor-element-55e64444 e-flex e-con-boxed wpr-particle-no wpr-jarallax-no wpr-parallax-no wpr-sticky-section-no e-con e-child\" data-id=\"55e64444\" data-element_type=\"container\" data-settings=\"{&quot;content_width&quot;:&quot;boxed&quot;}\">\n<div class=\"e-con-inner\">\n<div class=\"elementor-element elementor-element-74d44d88 e-con-full e-flex wpr-particle-no wpr-jarallax-no wpr-parallax-no wpr-sticky-section-no e-con e-child\" data-id=\"74d44d88\" data-element_type=\"container\" data-settings=\"{&quot;content_width&quot;:&quot;full&quot;}\">\n<div class=\"elementor-element elementor-element-1a3ef691 elementor-widget__width-auto elementor-widget elementor-widget-image\" data-id=\"1a3ef691\" data-element_type=\"widget\" data-widget_type=\"image.default\">\n<div class=\"elementor-widget-container\">\n\t\t\t\t\t\t\t\t\t\t\t\t\t\t\t\t<a href=\"https:\/\/85r.df2.myftpupload.com\/\"><br \/>\n\t\t\t\t\t\t\t\t\t\t\t\t\t\t\t<\/a>\n\t\t\t\t\t\t\t\t\t\t\t\t\t\t\t<\/div>\n<\/p><\/div>\n<\/p><\/div>\n<div class=\"elementor-element elementor-element-260eb4cf e-con-full e-flex wpr-particle-no wpr-jarallax-no wpr-parallax-no wpr-sticky-section-no e-con e-child\" data-id=\"260eb4cf\" data-element_type=\"container\" data-settings=\"{&quot;content_width&quot;:&quot;full&quot;}\">\n<div class=\"elementor-element elementor-element-62639424 elementor-widget__width-auto elementor-widget elementor-widget-ekit-nav-menu\" data-id=\"62639424\" data-element_type=\"widget\" data-widget_type=\"ekit-nav-menu.default\">\n<div class=\"elementor-widget-container\">\n<div class=\"ekit-wid-con ekit_menu_responsive_tablet\" data-hamburger-icon=\"icon icon-menu-button-of-three-horizontal-lines\" data-hamburger-icon-type=\"icon\" data-responsive-breakpoint=\"1024\">            <button class=\"elementskit-menu-hamburger elementskit-menu-toggler\" type=\"button\" aria-label=\"hamburger-icon\"><br \/>\n                <i aria-hidden=\"true\" class=\"ekit-menu-icon icon icon-menu-button-of-three-horizontal-lines\"><\/i>            <\/button><\/p>\n<div id=\"ekit-megamenu-principal\" class=\"elementskit-menu-container elementskit-menu-offcanvas-elements elementskit-navbar-nav-default ekit-nav-menu-one-page- ekit-nav-dropdown-hover\">\n<ul id=\"menu-principal-4\" class=\"elementskit-navbar-nav elementskit-menu-po-right submenu-click-on-icon\">\n<li class=\"menu-item menu-item-type-post_type menu-item-object-page menu-item-home menu-item-has-children menu-item-22763 nav-item elementskit-dropdown-has relative_position elementskit-dropdown-menu-default_width elementskit-mobile-builder-content\" data-vertical-menu=\"750px\"><a href=\"https:\/\/asidbrasil.org.br\/\" class=\"ekit-menu-nav-link ekit-menu-dropdown-toggle\">In\u00edcio<i aria-hidden=\"true\" class=\"icon icon-plus elementskit-submenu-indicator\"><\/i><\/a>\n<ul class=\"elementskit-dropdown elementskit-submenu-panel\">\n<li class=\"menu-item menu-item-type-custom menu-item-object-custom menu-item-home menu-item-23128 nav-item elementskit-mobile-builder-content\" data-vertical-menu=\"750px\"><a href=\"https:\/\/asidbrasil.org.br\/#sobre-nos\" class=\" dropdown-item\">Sobre N\u00f3s<\/a>\n<li class=\"menu-item menu-item-type-custom menu-item-object-custom menu-item-home menu-item-23130 nav-item elementskit-mobile-builder-content\" data-vertical-menu=\"750px\"><a href=\"https:\/\/asidbrasil.org.br\/#historia\" class=\" dropdown-item\">Hist\u00f3ria<\/a>\n<li class=\"menu-item menu-item-type-custom menu-item-object-custom menu-item-home menu-item-23132 nav-item elementskit-mobile-builder-content\" data-vertical-menu=\"750px\"><a href=\"https:\/\/asidbrasil.org.br\/#pilares\" class=\" dropdown-item\">Pilares<\/a>\n<li class=\"menu-item menu-item-type-custom menu-item-object-custom menu-item-home menu-item-23133 nav-item elementskit-mobile-builder-content\" data-vertical-menu=\"750px\"><a href=\"https:\/\/asidbrasil.org.br\/#atuacao\" class=\" dropdown-item\">Atua\u00e7\u00e3o<\/a>\n<li class=\"menu-item menu-item-type-custom menu-item-object-custom menu-item-home menu-item-23134 nav-item elementskit-mobile-builder-content\" data-vertical-menu=\"750px\"><a href=\"https:\/\/asidbrasil.org.br\/#reconhecimentos\" class=\" dropdown-item\">Reconhecimentos<\/a><\/ul>\n<\/li>\n<li class=\"menu-item menu-item-type-post_type menu-item-object-page menu-item-has-children menu-item-451 nav-item elementskit-dropdown-has relative_position elementskit-dropdown-menu-default_width elementskit-mobile-builder-content\" data-vertical-menu=\"750px\"><a href=\"https:\/\/asidbrasil.org.br\/solucoes\/\" class=\"ekit-menu-nav-link ekit-menu-dropdown-toggle\">Solu\u00e7\u00f5es<i aria-hidden=\"true\" class=\"icon icon-plus elementskit-submenu-indicator\"><\/i><\/a>\n<ul class=\"elementskit-dropdown elementskit-submenu-panel\">\n<li class=\"menu-item menu-item-type-custom menu-item-object-custom menu-item-23147 nav-item elementskit-mobile-builder-content\" data-vertical-menu=\"750px\"><a href=\"https:\/\/asidbrasil.org.br\/solucoes\/#como-atuamos-solucoes\" class=\" dropdown-item\">Como Atuamos<\/a>\n<li class=\"menu-item menu-item-type-custom menu-item-object-custom menu-item-23148 nav-item elementskit-mobile-builder-content\" data-vertical-menu=\"750px\"><a href=\"https:\/\/asidbrasil.org.br\/solucoes\/#nossas-solucoes\" class=\" dropdown-item\">Nossas Solu\u00e7\u00f5es<\/a><\/ul>\n<\/li>\n<li class=\"menu-item menu-item-type-post_type menu-item-object-page menu-item-has-children menu-item-22125 nav-item elementskit-dropdown-has relative_position elementskit-dropdown-menu-default_width elementskit-mobile-builder-content\" data-vertical-menu=\"750px\"><a href=\"https:\/\/asidbrasil.org.br\/para-empresas\/\" class=\"ekit-menu-nav-link ekit-menu-dropdown-toggle\">Empresas<i aria-hidden=\"true\" class=\"icon icon-plus elementskit-submenu-indicator\"><\/i><\/a>\n<ul class=\"elementskit-dropdown elementskit-submenu-panel\">\n<li class=\"menu-item menu-item-type-custom menu-item-object-custom menu-item-23135 nav-item elementskit-mobile-builder-content\" data-vertical-menu=\"750px\"><a href=\"https:\/\/asidbrasil.org.br\/para-empresas\/#como-atuamos\" class=\" dropdown-item\">Como Atuamos<\/a>\n<li class=\"menu-item menu-item-type-custom menu-item-object-custom menu-item-23136 nav-item elementskit-mobile-builder-content\" data-vertical-menu=\"750px\"><a href=\"https:\/\/asidbrasil.org.br\/para-empresas\/#investimento-social-privado\" class=\" dropdown-item\">Investimento Social Privado<\/a>\n<li class=\"menu-item menu-item-type-custom menu-item-object-custom menu-item-23139 nav-item elementskit-mobile-builder-content\" data-vertical-menu=\"750px\"><a href=\"https:\/\/asidbrasil.org.br\/para-empresas\/#licenciamento\" class=\" dropdown-item\">Licenciamento<\/a>\n<li class=\"menu-item menu-item-type-custom menu-item-object-custom menu-item-23140 nav-item elementskit-mobile-builder-content\" data-vertical-menu=\"750px\"><a href=\"https:\/\/asidbrasil.org.br\/para-empresas\/#clube-do-emprego\" class=\" dropdown-item\">Clube do Emprego<\/a>\n<li class=\"menu-item menu-item-type-custom menu-item-object-custom menu-item-23141 nav-item elementskit-mobile-builder-content\" data-vertical-menu=\"750px\"><a href=\"https:\/\/asidbrasil.org.br\/para-empresas\/#selos\" class=\" dropdown-item\">Selos<\/a><\/ul>\n<\/li>\n<li class=\"menu-item menu-item-type-post_type menu-item-object-page menu-item-21956 nav-item elementskit-mobile-builder-content\" data-vertical-menu=\"750px\"><a href=\"https:\/\/asidbrasil.org.br\/para-organizacoes\/\" class=\"ekit-menu-nav-link\">Organiza\u00e7\u00f5es<\/a><\/li>\n<li class=\"menu-item menu-item-type-post_type menu-item-object-page menu-item-has-children menu-item-22348 nav-item elementskit-dropdown-has relative_position elementskit-dropdown-menu-default_width elementskit-mobile-builder-content\" data-vertical-menu=\"750px\"><a href=\"https:\/\/asidbrasil.org.br\/para-pessoa-com-deficiencia\/\" class=\"ekit-menu-nav-link ekit-menu-dropdown-toggle\">Pessoa com Defici\u00eancia<i aria-hidden=\"true\" class=\"icon icon-plus elementskit-submenu-indicator\"><\/i><\/a>\n<ul class=\"elementskit-dropdown elementskit-submenu-panel\">\n<li class=\"menu-item menu-item-type-custom menu-item-object-custom menu-item-23142 nav-item elementskit-mobile-builder-content\" data-vertical-menu=\"750px\"><a href=\"https:\/\/asidbrasil.org.br\/para-pessoa-com-deficiencia\/#como-atuamos-pcd\" class=\" dropdown-item\">Como Atuamos<\/a>\n<li class=\"menu-item menu-item-type-custom menu-item-object-custom menu-item-23143 nav-item elementskit-mobile-builder-content\" data-vertical-menu=\"750px\"><a href=\"https:\/\/asidbrasil.org.br\/para-pessoa-com-deficiencia\/#projetos\" class=\" dropdown-item\">Projetos<\/a>\n<li class=\"menu-item menu-item-type-custom menu-item-object-custom menu-item-23144 nav-item elementskit-mobile-builder-content\" data-vertical-menu=\"750px\"><a href=\"https:\/\/asidbrasil.org.br\/para-pessoa-com-deficiencia\/#clube-do-emprego-pcd\" class=\" dropdown-item\">Clube do Emprego<\/a>\n<li class=\"menu-item menu-item-type-custom menu-item-object-custom menu-item-23145 nav-item elementskit-mobile-builder-content\" data-vertical-menu=\"750px\"><a href=\"https:\/\/asidbrasil.org.br\/para-pessoa-com-deficiencia\/#comunidades\" class=\" dropdown-item\">Comunidades<\/a>\n<li class=\"menu-item menu-item-type-custom menu-item-object-custom menu-item-23146 nav-item elementskit-mobile-builder-content\" data-vertical-menu=\"750px\"><a href=\"https:\/\/asidbrasil.org.br\/para-pessoa-com-deficiencia\/#conteudo\" class=\" dropdown-item\">Conte\u00fado<\/a><\/ul>\n<\/li>\n<li class=\"menu-item menu-item-type-post_type menu-item-object-page menu-item-has-children menu-item-22074 nav-item elementskit-dropdown-has relative_position elementskit-dropdown-menu-default_width elementskit-mobile-builder-content\" data-vertical-menu=\"750px\"><a href=\"https:\/\/asidbrasil.org.br\/conteudo\/\" class=\"ekit-menu-nav-link ekit-menu-dropdown-toggle\">Conte\u00fado<i aria-hidden=\"true\" class=\"icon icon-plus elementskit-submenu-indicator\"><\/i><\/a>\n<ul class=\"elementskit-dropdown elementskit-submenu-panel\">\n<li class=\"menu-item menu-item-type-post_type menu-item-object-page menu-item-22691 nav-item elementskit-mobile-builder-content\" data-vertical-menu=\"750px\"><a href=\"https:\/\/asidbrasil.org.br\/blog\/\" class=\" dropdown-item\">Blog<\/a>\n<li class=\"menu-item menu-item-type-custom menu-item-object-custom menu-item-23149 nav-item elementskit-mobile-builder-content\" data-vertical-menu=\"750px\"><a href=\"https:\/\/asidbrasil.org.br\/conteudo\/#biblioteca-digital\" class=\" dropdown-item\">Biblioteca Digital<\/a>\n<li class=\"menu-item menu-item-type-custom menu-item-object-custom menu-item-22711 nav-item elementskit-mobile-builder-content\" data-vertical-menu=\"750px\"><a href=\"https:\/\/asidbrasil.org.br\/conteudo\/#relatorios-de-impacto\" class=\" dropdown-item\">Relat\u00f3rios de Impacto<\/a>\n<li class=\"menu-item menu-item-type-custom menu-item-object-custom menu-item-22712 nav-item elementskit-mobile-builder-content\" data-vertical-menu=\"750px\"><a href=\"https:\/\/asidbrasil.org.br\/conteudo\/#transparencia\" class=\" dropdown-item\">Transpar\u00eancia<\/a><\/ul>\n<\/li>\n<\/ul>\n<div class=\"elementskit-nav-identity-panel\">\n<div class=\"elementskit-site-title\">\n\t\t\t\t\t<a class=\"elementskit-nav-logo\" href=\"https:\/\/asidbrasil.org.br\" target=\"_self\" rel=\"noopener\"><br \/>\n\t\t\t\t\t\t<img decoding=\"async\" width=\"1600\" height=\"662\" data-src=\"https:\/\/asidbrasil.org.br\/wp-content\/uploads\/2022\/11\/Logo_principal_colorida-e1680558935183.png\" class=\"attachment-full size-full lazyload\" alt=\"Logo ASID Brasil\" src=\"data:image\/svg+xml;base64,PHN2ZyB3aWR0aD0iMSIgaGVpZ2h0PSIxIiB4bWxucz0iaHR0cDovL3d3dy53My5vcmcvMjAwMC9zdmciPjwvc3ZnPg==\" style=\"--smush-placeholder-width: 1600px; --smush-placeholder-aspect-ratio: 1600\/662;\" \/><br \/>\n\t\t\t\t\t<\/a>\n\t\t\t\t<\/div>\n<p><button class=\"elementskit-menu-close elementskit-menu-toggler\" type=\"button\">X<\/button><\/div>\n<\/div>\n<div class=\"elementskit-menu-overlay elementskit-menu-offcanvas-elements elementskit-menu-toggler ekit-nav-menu--overlay\"><\/div>\n<\/div><\/div>\n<\/p><\/div>\n<\/p><\/div>\n<\/p><\/div>\n<\/p><\/div>\n<\/p><\/div>\n<\/p><\/div>\n<div class=\"elementor-element elementor-element-523f19b e-flex e-con-boxed wpr-particle-no wpr-jarallax-no wpr-parallax-no wpr-sticky-section-no e-con e-parent\" data-id=\"523f19b\" data-element_type=\"container\" data-settings=\"{&quot;content_width&quot;:&quot;boxed&quot;}\" data-core-v316-plus=\"true\">\n<div class=\"e-con-inner\">\n<div class=\"elementor-element elementor-element-531fcc5 e-con-full e-flex wpr-particle-no wpr-jarallax-no wpr-parallax-no wpr-sticky-section-no e-con e-child\" data-id=\"531fcc5\" data-element_type=\"container\" data-settings=\"{&quot;content_width&quot;:&quot;full&quot;}\">\n<div class=\"elementor-element elementor-element-4d565b2 elementor-widget elementor-widget-image\" data-id=\"4d565b2\" data-element_type=\"widget\" data-widget_type=\"image.default\">\n<div class=\"elementor-widget-container\">\n\t\t\t\t\t\t\t\t\t\t\t\t\t\t\t<img decoding=\"async\" width=\"1280\" height=\"720\" data-src=\"https:\/\/asidbrasil.org.br\/wp-content\/uploads\/2023\/10\/CAPA-NEWS-LINKEDIN-EMKT-1280-x-720-px-2.png\" class=\"attachment-full size-full wp-image-24127 lazyload\" alt=\"Capa de post Solu\u00e7\u00e3o ASAS promovendo impacto no Sul do Brasil!\" src=\"data:image\/svg+xml;base64,PHN2ZyB3aWR0aD0iMSIgaGVpZ2h0PSIxIiB4bWxucz0iaHR0cDovL3d3dy53My5vcmcvMjAwMC9zdmciPjwvc3ZnPg==\" style=\"--smush-placeholder-width: 1280px; --smush-placeholder-aspect-ratio: 1280\/720;\" \/>\t\t\t\t\t\t\t\t\t\t\t\t\t\t\t<\/div>\n<\/p><\/div>\n<div class=\"elementor-element elementor-element-a52fec8 elementor-widget elementor-widget-heading\" data-id=\"a52fec8\" data-element_type=\"widget\" data-widget_type=\"heading.default\">\n<div class=\"elementor-widget-container\">\n<h1 class=\"elementor-heading-title elementor-size-default\">Solu\u00e7\u00e3o ASAS pelo Sul do Brasil<\/h1>\n<\/p><\/div>\n<\/p><\/div>\n<div class=\"elementor-element elementor-element-e38f4f8 elementor-widget elementor-widget-text-editor\" data-id=\"e38f4f8\" data-element_type=\"widget\" data-widget_type=\"text-editor.default\">\n<div class=\"elementor-widget-container\">\n<p><span style=\"font-weight: 400\">Nos \u00faltimos tempos, a ASID Brasil executou um conjunto de a\u00e7\u00f5es in\u00e9ditas. Foi uma intensa mobiliza\u00e7\u00e3o pelo territ\u00f3rio brasileiro em busca de avan\u00e7ar nas discuss\u00f5es sobre a qualidade de vida das pessoas com defici\u00eancia.<\/span><\/p>\n<\/p>\n<p><span style=\"font-weight: 400\">Levamos a ASID Brasil levou a metodologia ASAS ao centro do debate: estivemos presente em cidades do Sul do Brasil, trazendo reflex\u00f5es que estimulam o protagonismo e a cria\u00e7\u00e3o de uma hist\u00f3ria de vida mais aut\u00f4noma para jovens e adultos com defici\u00eancia.&nbsp;<\/span><span style=\"color: var( --e-global-color-text );background-color: var( --e-global-color-867780e )\">O prop\u00f3sito da Solu\u00e7\u00e3o ASAS \u00e9 apoiar as pessoas com defici\u00eancia na conquista de uma maior independ\u00eancia. Os benefici\u00e1rios contam com suporte espec\u00edfico para <\/span><b style=\"color: var( --e-global-color-text );background-color: var( --e-global-color-867780e )\">criar um plano de vida<\/b><span style=\"color: var( --e-global-color-text );background-color: var( --e-global-color-867780e )\"> centrado no perfil, potencialidades e habilidades.&nbsp;<\/span><span style=\"color: var( --e-global-color-text );background-color: var( --e-global-color-867780e )\">O resultado esperado \u00e9 que as pessoas com defici\u00eancia e sua rede de apoio possam adquirir mais liberdade de escolha e um futuro cheio de possibilidades!&nbsp;<\/span><span style=\"color: var( --e-global-color-text );background-color: var( --e-global-color-867780e )\">Assim, as pessoas com defici\u00eancia beneficiadas conseguem ampliar o repert\u00f3rio de habilidades sociais, criar rotinas e redes de suporte. J\u00e1 o plano de vida serve para realizar escolhas aut\u00f4nomas na idade adulta e velhice. At\u00e9 porque o cuidador n\u00e3o estar\u00e1 para sempre ao lado da pessoa com defici\u00eancia. Essa metodologia \u00e9 inspirada em estrat\u00e9gias do canadense Plan Institute e adaptada para a realidade brasileira. Em 2020 executamos a primeira vers\u00e3o do ASAS no formato piloto e desde ent\u00e3o procuramos expandir nossa metodologia!<\/span><\/p>\n<p><strong>Quer saber como e onde levamos o ASAS?&nbsp;<\/strong><\/p>\n<p><span style=\"font-weight: 400\">Acompanhe o post e saiba mais das a\u00e7\u00f5es voltadas \u00e0 autonomia da pessoa com defici\u00eancia executadas pela ASID nos \u00faltimos meses.<\/span><\/p>\n<\/p><\/div>\n<\/p><\/div>\n<div class=\"elementor-element elementor-element-8cce9a3 elementor-widget elementor-widget-text-editor\" data-id=\"8cce9a3\" data-element_type=\"widget\" data-widget_type=\"text-editor.default\">\n<div class=\"elementor-widget-container\">\n<p><span style=\"font-weight: 400\">Debates sobre autonomia da pessoa com defici\u00eancia em Conc\u00f3rdia no Paran\u00e1<\/span><\/p>\n<\/p><\/div>\n<\/p><\/div>\n<div class=\"elementor-element elementor-element-7d31e98 elementor-widget elementor-widget-text-editor\" data-id=\"7d31e98\" data-element_type=\"widget\" data-widget_type=\"text-editor.default\">\n<div class=\"elementor-widget-container\">\n<p><span style=\"font-weight: 400\">A Prefeitura de Conc\u00f3rdia, Conselho Municipal dos Direitos das Pessoas com Defici\u00eancia e Sicoob Crediauc promoveram a palestra \u201cCaminhos para a independ\u00eancia e autonomia das pessoas com defici\u00eancia\u201d como parte da agenda de atividades da <\/span><b>Semana de Inclus\u00e3o.\u00a0 <\/b><span style=\"font-weight: 400\">O objetivo central foi sensibilizar as comunidades locais sobre a import\u00e2ncia de acolher e integrar a diversidade em todos os \u00e2mbitos da sociedade.<\/span><\/p>\n<p><span style=\"font-weight: 400\">O L\u00edder de Inova\u00e7\u00e3o da ASID Brasil Leonardo Mesquita e a vice-presidente do Sicoob Neudi Miranda compartilharam conhecimentos e saberes sobre a inclus\u00e3o nos dias atuais.\u00a0 <\/span><span style=\"font-weight: 400\">Na ocasi\u00e3o, Leonardo pontuou sobre diversas a\u00e7\u00f5es necess\u00e1rias para que a aceita\u00e7\u00e3o das diferen\u00e7as seja feita de forma efetiva e tamb\u00e9m apresentou a Solu\u00e7\u00e3o ASAS como um poss\u00edvel caminho para uma sociedade mais inclusiva.<\/span><\/p>\n<p><span style=\"font-weight: 400\">A palestra foi not\u00edcia e voc\u00ea pode acompanhar mais detalhes <\/span><a href=\"https:\/\/atualfm.com.br\/palestra-aborda-a-importancia-da-inclusao-das-pessoas-com-algum-tipo-de-deficiencia\/\"><span style=\"font-weight: 400\">aqui.<\/span><\/a> <span style=\"font-weight: 400\">e <\/span><a href=\"https:\/\/radioalianca.com.br\/concordia\/semana-da-inclusao-reune-grande-publico-em-evento-no-sicoob-crediauc\"><span style=\"font-weight: 400\">aqui.<\/span><\/a><\/p>\n<\/p><\/div>\n<\/p><\/div>\n<div class=\"elementor-element elementor-element-638030b elementor-widget elementor-widget-text-editor\" data-id=\"638030b\" data-element_type=\"widget\" data-widget_type=\"text-editor.default\">\n<div class=\"elementor-widget-container\">\n<p><span style=\"font-weight: 400\">Solu\u00e7\u00e3o ASAS em Itaja\u00ed, Santa Catarina<\/span><\/p>\n<\/p><\/div>\n<\/p><\/div>\n<div class=\"elementor-element elementor-element-a606ee1 elementor-widget elementor-widget-text-editor\" data-id=\"a606ee1\" data-element_type=\"widget\" data-widget_type=\"text-editor.default\">\n<div class=\"elementor-widget-container\">\n<p><span style=\"font-weight: 400\">A comiss\u00e3o de <\/span><b>Defesa dos Direitos das Pessoas com Defici\u00eancia da Assembl\u00e9ia Geral<\/b><span style=\"font-weight: 400\"> e a entidade <\/span><b>Amor pra Down<\/b><span style=\"font-weight: 400\"> realizaram o IV Semin\u00e1rio Regional de Atualiza\u00e7\u00e3o sobre S\u00edndrome de Down.<\/span><\/p>\n<p><span style=\"font-weight: 400\">Palestraram Fl\u00e1via Poppe do Instituto JNG, Leila Castro do Instituto J\u00f4 Clemente, J\u00e9ssica do Amor Pra Down, Karla Garcia Luiz da Universidade UFSC e Instituto Cau\u00ea.\u00a0 <\/span><span style=\"font-weight: 400\">Os temas das palestras e di\u00e1logos enfatizaram temas da vida adulta da pessoa com defici\u00eancia como envelhecimento, emancipa\u00e7\u00e3o familiar, empregabilidade, sexualidade e moradia. <\/span><span style=\"font-weight: 400\">Al\u00e9m desses palestrantes, o evento contou com a presen\u00e7a da ASID representada por Pedro Ivo Toscano, L\u00edder de Novos Neg\u00f3cios na ASID. Ele refor\u00e7ou a import\u00e2ncia da autonomia na vida das pessoas com defici\u00eancia, apresentando dados atualizados, a necessidade social, a Metodologia ASAS e resultados dos ASAS j\u00e1 executados.<\/span><\/p>\n<p><span style=\"font-weight: 400\">Voc\u00ea confere um pouco mais desse dia no instagram do <\/span><span style=\"font-weight: 400\">I<\/span><a href=\"https:\/\/www.instagram.com\/institutojng\/\"><span style=\"font-weight: 400\">nstituto Jng<\/span><\/a> <a href=\"https:\/\/www.instagram.com\/p\/Cxgxo66phnm\/\"><span style=\"font-weight: 400\">aqui.<\/span><\/a><\/p>\n<\/p><\/div>\n<\/p><\/div>\n<div class=\"elementor-element elementor-element-e6b1566 elementor-widget elementor-widget-text-editor\" data-id=\"e6b1566\" data-element_type=\"widget\" data-widget_type=\"text-editor.default\">\n<div class=\"elementor-widget-container\">\n<p><span style=\"font-weight: 400\">ASAS constru\u00eddo com muita solidariedade!<\/span><\/p>\n<\/p><\/div>\n<\/p><\/div>\n<div class=\"elementor-element elementor-element-cfd0850 elementor-widget elementor-widget-text-editor\" data-id=\"cfd0850\" data-element_type=\"widget\" data-widget_type=\"text-editor.default\">\n<div class=\"elementor-widget-container\">\n<p><span style=\"font-weight: 400\">Todos os anos a <\/span><b>Padaria Requinte<\/b><span style=\"font-weight: 400\"> promove o Morango Fest: um evento gastron\u00f4mico que oferece doces feitos com morango. Dentro desse festival do morango, um<\/span><b> produto solid\u00e1rio <\/b><span style=\"font-weight: 400\">\u00e9 lan\u00e7ado em prol de reverter os lucros para uma causa social! <\/span><span style=\"font-weight: 400\">Em 2023, pudemos contar com o apoio social para a Solu\u00e7\u00e3o ASAS. Toda venda do bolo \u201cPavlova\u201d foi revertida ao projeto <\/span><span style=\"font-weight: 400\">ASAS. <\/span><span style=\"font-size: 1rem\">Temos a certeza de que esses modelos de parcerias ampliam o poder de transforma\u00e7\u00e3o dos projetos ASID Brasil!<\/span><\/p>\n<p><span style=\"font-weight: 400\"><br \/><\/span><span style=\"font-weight: 400\">Acompanhe aqui a entrega da <\/span><a href=\"https:\/\/www.instagram.com\/p\/CygG5dhLA4N\/\"><span style=\"font-weight: 400\">doa\u00e7\u00e3o.<\/span><\/a><\/p>\n<\/p><\/div>\n<\/p><\/div>\n<div class=\"elementor-element elementor-element-c600951 elementor-widget elementor-widget-text-editor\" data-id=\"c600951\" data-element_type=\"widget\" data-widget_type=\"text-editor.default\">\n<div class=\"elementor-widget-container\">\n<p><span style=\"font-weight: 400\">Como ser\u00e1 o amanh\u00e3 da pessoa com defici\u00eancia?<\/span><\/p>\n<\/p><\/div>\n<\/p><\/div>\n<div class=\"elementor-element elementor-element-45e5cc0 elementor-widget elementor-widget-text-editor\" data-id=\"45e5cc0\" data-element_type=\"widget\" data-widget_type=\"text-editor.default\">\n<div class=\"elementor-widget-container\">\n<p><span style=\"font-weight: 400\">A solu\u00e7\u00e3o ASAS est\u00e1 se aperfei\u00e7oando cada vez mais. Cada palestra, di\u00e1logo, ou a\u00e7\u00e3o promovidas entre institui\u00e7\u00f5es sociais e privadas refor\u00e7am a pauta da autonomia da pessoa com defici\u00eancia levantada pelo projeto.<\/span><\/p>\n<p><span style=\"font-weight: 400\">Todos esses movimentos estrat\u00e9gicos fazem com que o ASAS alcance voos cada vez mais altos! <\/span><span style=\"font-weight: 400\">Afinal, a pauta da inclus\u00e3o e do amadurecimento saud\u00e1vel s\u00e3o de interesse p\u00fablico. <\/span><span style=\"font-weight: 400\">Todos n\u00f3s, indiv\u00edduos, empreendedores, institui\u00e7\u00f5es do terceiro setor e servi\u00e7o p\u00fablico somos respons\u00e1veis por construir uma sociedade cada vez mais inclusiva!\u00a0<\/span><\/p>\n<p><b>Quer conhecer mais sobre a nossa Solu\u00e7\u00e3o ASAS?\u00a0<\/b><span style=\"font-weight: 400\"><br \/><\/span><\/p>\n<p><span style=\"font-weight: 400\"><br \/><\/span><span style=\"font-weight: 400\">Acesse aqui o formul\u00e1rio e se inscreva para receber conte\u00fados sobre futuras edi\u00e7\u00f5es!<\/span><\/p>\n<\/p><\/div>\n<\/p><\/div>\n<div class=\"elementor-element elementor-element-bb26c07 elementor-widget elementor-widget-button\" data-id=\"bb26c07\" data-element_type=\"widget\" data-widget_type=\"button.default\">\n<div class=\"elementor-widget-container\">\n<div class=\"elementor-button-wrapper\">\n\t\t\t<a class=\"elementor-button elementor-button-link elementor-size-sm\" href=\"https:\/\/docs.google.com\/forms\/d\/e\/1FAIpQLSdIZ_ZiE2odtp2ieq5fA0pzwWCgOIy99zVjsWNrMX6uReiufA\/viewform\" target=\"_blank\" rel=\"noopener\"><br \/>\n\t\t\t\t\t\t<span class=\"elementor-button-content-wrapper\"><br \/>\n\t\t\t\t\t\t<span class=\"elementor-button-text\">Fa\u00e7a sua inscri\u00e7\u00e3o.<\/span><br \/>\n\t\t<\/span><br \/>\n\t\t\t\t\t<\/a>\n\t\t<\/div>\n<\/p><\/div>\n<\/p><\/div>\n<div class=\"elementor-element elementor-element-3af8085 elementor-widget elementor-widget-text-editor\" data-id=\"3af8085\" data-element_type=\"widget\" data-widget_type=\"text-editor.default\">\n<div class=\"elementor-widget-container\">\n<p><span style=\"font-weight: 400\">E mais \u2026<\/span><\/p>\n<p><span style=\"font-weight: 400\">Assista ao v\u00eddeo ASAS que conta sobre essa metodologia! <\/span><\/p>\n<\/p><\/div>\n<\/p><\/div>\n<div class=\"elementor-element elementor-element-aa80b6b elementor-widget elementor-widget-button\" data-id=\"aa80b6b\" data-element_type=\"widget\" data-widget_type=\"button.default\">\n<div class=\"elementor-widget-container\">\n<div class=\"elementor-button-wrapper\">\n\t\t\t<a class=\"elementor-button elementor-button-link elementor-size-sm\" href=\"https:\/\/www.youtube.com\/watch?v=JcDw2wLAQyo\" target=\"_blank\" rel=\"noopener\"><br \/>\n\t\t\t\t\t\t<span class=\"elementor-button-content-wrapper\"><br \/>\n\t\t\t\t\t\t<span class=\"elementor-button-text\">Acesse o v\u00eddeo<\/span><br \/>\n\t\t<\/span><br \/>\n\t\t\t\t\t<\/a>\n\t\t<\/div>\n<\/p><\/div>\n<\/p><\/div>\n<div class=\"elementor-element elementor-element-dce04ef elementor-widget__width-initial elementor-widget elementor-widget-image\" data-id=\"dce04ef\" data-element_type=\"widget\" data-widget_type=\"image.default\">\n<div class=\"elementor-widget-container\">\n\t\t\t\t\t\t\t\t\t\t\t\t\t\t\t<img decoding=\"async\" width=\"525\" height=\"217\" data-src=\"https:\/\/asidbrasil.org.br\/wp-content\/uploads\/2022\/11\/Logo_principal_colorida-e1680558935183-1024x424.png\" class=\"attachment-large size-large wp-image-148 lazyload\" alt=\"Logo ASID Brasil\" src=\"data:image\/svg+xml;base64,PHN2ZyB3aWR0aD0iMSIgaGVpZ2h0PSIxIiB4bWxucz0iaHR0cDovL3d3dy53My5vcmcvMjAwMC9zdmciPjwvc3ZnPg==\" style=\"--smush-placeholder-width: 525px; --smush-placeholder-aspect-ratio: 525\/217;\" \/>\t\t\t\t\t\t\t\t\t\t\t\t\t\t\t<\/div>\n<\/p><\/div>\n<div class=\"elementor-element elementor-element-141698a7 elementor-widget elementor-widget-elementskit-social-media\" data-id=\"141698a7\" data-element_type=\"widget\" data-widget_type=\"elementskit-social-media.default\">\n<div class=\"elementor-widget-container\">\n<div class=\"ekit-wid-con\">\n<ul class=\"ekit_social_media\">\n<li class=\"elementor-repeater-item-1399011\">\n\t\t\t\t\t    <a href=\"https:\/\/www.instagram.com\/asidbrasil\/\" aria-label=\"Instagram\" class=\"instagram\"><\/p>\n<p>\t\t\t\t\t\t\t<i aria-hidden=\"true\" class=\"fab fa-instagram\"><\/i><br \/>\n                                                                                                            <\/a>\n                    <\/li>\n<li class=\"elementor-repeater-item-c8596be\">\n\t\t\t\t\t    <a href=\"https:\/\/www.youtube.com\/c\/ASIDBrasil\" aria-label=\"YouTube\" class=\"youtube\"><\/p>\n<p>\t\t\t\t\t\t\t<i aria-hidden=\"true\" class=\"fab fa-youtube\"><\/i><br \/>\n                                                                                                            <\/a>\n                    <\/li>\n<li class=\"elementor-repeater-item-048c536\">\n\t\t\t\t\t    <a href=\"https:\/\/www.linkedin.com\/company\/asidbrasil\/\" aria-label=\"Linkedin\" class=\"in\"><\/p>\n<p>\t\t\t\t\t\t\t<i aria-hidden=\"true\" class=\"fab fa-linkedin-in\"><\/i><br \/>\n                                                                                                            <\/a>\n                    <\/li>\n<li class=\"elementor-repeater-item-da8f4de\">\n\t\t\t\t\t    <a href=\"https:\/\/www.facebook.com\/asidbrasil\" aria-label=\"Facebook\" class=\"f\"><\/p>\n<p>\t\t\t\t\t\t\t<i aria-hidden=\"true\" class=\"fab fa-facebook-f\"><\/i><br \/>\n                                                                                                            <\/a>\n                    <\/li>\n<\/ul><\/div>\n<\/p><\/div>\n<\/p><\/div>\n<\/p><\/div>\n<div class=\"elementor-element elementor-element-31a278f e-flex e-con-boxed wpr-particle-no wpr-jarallax-no wpr-parallax-no wpr-sticky-section-no e-con e-child\" data-id=\"31a278f\" data-element_type=\"container\" data-settings=\"{&quot;content_width&quot;:&quot;boxed&quot;}\">\n<div class=\"e-con-inner\">\n<div class=\"elementor-element elementor-element-e195419 elementor-widget elementor-widget-sidebar\" data-id=\"e195419\" data-element_type=\"widget\" data-widget_type=\"sidebar.default\">\n<div class=\"elementor-widget-container\">\n<section id=\"recent-posts-2\" class=\"widget widget_recent_entries\">\n<h2 class=\"widget-title\">Posts recentes<\/h2>\n<nav aria-label=\"Posts recentes\">\n<ul>\n<li>\n\t\t\t\t\t<a href=\"https:\/\/asidbrasil.org.br\/2023\/11\/21\/encontro-empresas-aliadas-da-inclusao\/\">Encontro Empresas Aliadas da Inclus\u00e3o<\/a>\n\t\t\t\t\t\t\t\t\t<\/li>\n<li>\n\t\t\t\t\t<a href=\"https:\/\/asidbrasil.org.br\/2023\/11\/20\/diversidade-e-literatura-01-coluna-de-edilayne-ribeiro\/\">Diversidade e Literatura #01 &#8211; Coluna de Edilayne Ribeiro<\/a>\n\t\t\t\t\t\t\t\t\t<\/li>\n<li>\n\t\t\t\t\t<a href=\"https:\/\/asidbrasil.org.br\/2023\/11\/17\/a-ciencia-da-inclusao-01-coluna-de-felipe-gruetzmacher\/\">A ci\u00eancia da inclus\u00e3o #01 &#8211; Coluna de Felipe Gruetzmacher<\/a>\n\t\t\t\t\t\t\t\t\t<\/li>\n<\/ul>\n<\/nav>\n<\/section><\/div>\n<\/p><\/div>\n<\/p><\/div>\n<\/p><\/div>\n<\/p><\/div>\n<\/p><\/div>\n<div class=\"elementor-element elementor-element-b636e13 e-flex e-con-boxed wpr-particle-no wpr-jarallax-no wpr-parallax-no wpr-sticky-section-no e-con e-parent\" data-id=\"b636e13\" data-element_type=\"container\" data-settings=\"{&quot;content_width&quot;:&quot;boxed&quot;}\" data-core-v316-plus=\"true\">\n<div class=\"e-con-inner\">\n\t\t\t\t\t<\/div>\n<\/p><\/div>\n<div class=\"elementor-element elementor-element-2574eb9a e-flex e-con-boxed wpr-particle-no wpr-jarallax-no wpr-parallax-no wpr-sticky-section-no e-con e-parent\" data-id=\"2574eb9a\" data-element_type=\"container\" data-settings=\"{&quot;background_background&quot;:&quot;classic&quot;,&quot;content_width&quot;:&quot;boxed&quot;}\" data-core-v316-plus=\"true\">\n<div class=\"e-con-inner\">\n<div class=\"elementor-element elementor-element-7b10195a e-flex e-con-boxed wpr-particle-no wpr-jarallax-no wpr-parallax-no wpr-sticky-section-no e-con e-child\" data-id=\"7b10195a\" data-element_type=\"container\" data-settings=\"{&quot;content_width&quot;:&quot;boxed&quot;}\">\n<div class=\"e-con-inner\">\n<div class=\"elementor-element elementor-element-2d6e9636 e-con-full e-flex wpr-particle-no wpr-jarallax-no wpr-parallax-no wpr-sticky-section-no e-con e-child\" data-id=\"2d6e9636\" data-element_type=\"container\" data-settings=\"{&quot;content_width&quot;:&quot;full&quot;}\">\n<div class=\"elementor-element elementor-element-5ca7db2c e-con-full e-flex wpr-particle-no wpr-jarallax-no wpr-parallax-no wpr-sticky-section-no e-con e-child\" data-id=\"5ca7db2c\" data-element_type=\"container\" data-settings=\"{&quot;content_width&quot;:&quot;full&quot;}\">\n<div class=\"elementor-element elementor-element-7f7d2eea elementor-widget-tablet__width-initial elementor-widget elementor-widget-image\" data-id=\"7f7d2eea\" data-element_type=\"widget\" data-widget_type=\"image.default\">\n<div class=\"elementor-widget-container\">\n\t\t\t\t\t\t\t\t\t\t\t\t\t\t\t<img decoding=\"async\" width=\"1600\" height=\"648\" data-src=\"https:\/\/asidbrasil.org.br\/wp-content\/uploads\/2022\/11\/Logo_principal_branca-e-azul-e1668114261953.png\" class=\"attachment-full size-full wp-image-145 lazyload\" alt=\"Logo ASID Brasil\" src=\"data:image\/svg+xml;base64,PHN2ZyB3aWR0aD0iMSIgaGVpZ2h0PSIxIiB4bWxucz0iaHR0cDovL3d3dy53My5vcmcvMjAwMC9zdmciPjwvc3ZnPg==\" style=\"--smush-placeholder-width: 1600px; --smush-placeholder-aspect-ratio: 1600\/648;\" \/>\t\t\t\t\t\t\t\t\t\t\t\t\t\t\t<\/div>\n<\/p><\/div>\n<div class=\"elementor-element elementor-element-3f49179 elementor-widget elementor-widget-elementskit-social-media\" data-id=\"3f49179\" data-element_type=\"widget\" data-widget_type=\"elementskit-social-media.default\">\n<div class=\"elementor-widget-container\">\n<div class=\"ekit-wid-con\">\n<ul class=\"ekit_social_media\">\n<li class=\"elementor-repeater-item-1399011\">\n\t\t\t\t\t    <a href=\"https:\/\/www.instagram.com\/asidbrasil\/\" aria-label=\"Instagram\" class=\"instagram\"><\/p>\n<p>\t\t\t\t\t\t\t<i aria-hidden=\"true\" class=\"fab fa-instagram\"><\/i><br \/>\n                                                                                                            <\/a>\n                    <\/li>\n<li class=\"elementor-repeater-item-c8596be\">\n\t\t\t\t\t    <a href=\"https:\/\/www.youtube.com\/c\/ASIDBrasil\" aria-label=\"YouTube\" class=\"youtube\"><\/p>\n<p>\t\t\t\t\t\t\t<i aria-hidden=\"true\" class=\"fab fa-youtube\"><\/i><br \/>\n                                                                                                            <\/a>\n                    <\/li>\n<li class=\"elementor-repeater-item-048c536\">\n\t\t\t\t\t    <a href=\"https:\/\/www.linkedin.com\/company\/asidbrasil\/\" aria-label=\"Linkedin\" class=\"in\"><\/p>\n<p>\t\t\t\t\t\t\t<i aria-hidden=\"true\" class=\"fab fa-linkedin-in\"><\/i><br \/>\n                                                                                                            <\/a>\n                    <\/li>\n<li class=\"elementor-repeater-item-da8f4de\">\n\t\t\t\t\t    <a href=\"https:\/\/www.facebook.com\/asidbrasil\" aria-label=\"Facebook\" class=\"f\"><\/p>\n<p>\t\t\t\t\t\t\t<i aria-hidden=\"true\" class=\"fab fa-facebook-f\"><\/i><br \/>\n                                                                                                            <\/a>\n                    <\/li>\n<\/ul><\/div>\n<\/p><\/div>\n<\/p><\/div>\n<div class=\"elementor-element elementor-element-bd923d1 elementor-widget elementor-widget-heading\" data-id=\"bd923d1\" data-element_type=\"widget\" data-widget_type=\"heading.default\">\n<div class=\"elementor-widget-container\">\n<h2 class=\"elementor-heading-title elementor-size-default\">Contato<\/h2>\n<\/p><\/div>\n<\/p><\/div>\n<div class=\"elementor-element elementor-element-5bd55d13 elementor-widget elementor-widget-heading\" data-id=\"5bd55d13\" data-element_type=\"widget\" data-widget_type=\"heading.default\">\n<div class=\"elementor-widget-container\">\n<h3 class=\"elementor-heading-title elementor-size-default\"><a href=\"mailto:contato@asid.org.br\" target=\"_blank\" rel=\"noopener\">E-mail: <span style=\"color: #00ffff\"><a style=\"color: #00ffff\" href=\"mailto:contato@85r.df2.myftpupload.com\">contato@asid.org.br<\/a><\/span><\/a><\/h3>\n<\/p><\/div>\n<\/p><\/div>\n<\/p><\/div>\n<div class=\"elementor-element elementor-element-31c35d3c e-con-full e-flex wpr-particle-no wpr-jarallax-no wpr-parallax-no wpr-sticky-section-no e-con e-child\" data-id=\"31c35d3c\" data-element_type=\"container\" data-settings=\"{&quot;content_width&quot;:&quot;full&quot;}\">\n<div class=\"elementor-element elementor-element-378308bf elementor-widget elementor-widget-heading\" data-id=\"378308bf\" data-element_type=\"widget\" data-widget_type=\"heading.default\">\n<div class=\"elementor-widget-container\">\n<h2 class=\"elementor-heading-title elementor-size-default\">Nossa Miss\u00e3o<\/h2>\n<\/p><\/div>\n<\/p><\/div>\n<div class=\"elementor-element elementor-element-4691822 elementor-widget elementor-widget-text-editor\" data-id=\"4691822\" data-element_type=\"widget\" data-widget_type=\"text-editor.default\">\n<div class=\"elementor-widget-container\">\n<p>Existimos para quebrar as barreiras socioecon\u00f4micas que excluem a pessoa com defici\u00eancia.<\/p>\n<\/p><\/div>\n<\/p><\/div>\n<div class=\"elementor-element elementor-element-71c32d75 elementor-widget elementor-widget-image\" data-id=\"71c32d75\" data-element_type=\"widget\" data-widget_type=\"image.default\">\n<div class=\"elementor-widget-container\">\n\t\t\t\t\t\t\t\t\t\t\t\t\t\t\t<img decoding=\"async\" data-src=\"https:\/\/asidbrasil.org.br\/wp-content\/uploads\/elementor\/thumbs\/selo-amigo-do-surdo-branco-redondo-hugo-120x120-1-qg2mdnpquye6ntj53bkrdi85vh94b5tvnnifrpn36w.png\" title=\"selo-amigo-do-surdo-branco-redondo-hugo-120&#215;120\" alt=\"Selo Amigo Do Surdo Branco Redondo Hugo\" src=\"data:image\/svg+xml;base64,PHN2ZyB3aWR0aD0iMSIgaGVpZ2h0PSIxIiB4bWxucz0iaHR0cDovL3d3dy53My5vcmcvMjAwMC9zdmciPjwvc3ZnPg==\" class=\"lazyload\" \/>\t\t\t\t\t\t\t\t\t\t\t\t\t\t\t<\/div>\n<\/p><\/div>\n<\/p><\/div>\n<div class=\"elementor-element elementor-element-724a9d9b e-con-full e-flex wpr-particle-no wpr-jarallax-no wpr-parallax-no wpr-sticky-section-no e-con e-child\" data-id=\"724a9d9b\" data-element_type=\"container\" data-settings=\"{&quot;content_width&quot;:&quot;full&quot;}\">\n<div class=\"elementor-element elementor-element-6f46d276 elementor-widget elementor-widget-heading\" data-id=\"6f46d276\" data-element_type=\"widget\" data-widget_type=\"heading.default\">\n<div class=\"elementor-widget-container\">\n<h2 class=\"elementor-heading-title elementor-size-default\">LGPD<\/h2>\n<\/p><\/div>\n<\/p><\/div>\n<div class=\"elementor-element elementor-element-633ef78c elementor-widget elementor-widget-text-editor\" data-id=\"633ef78c\" data-element_type=\"widget\" data-widget_type=\"text-editor.default\">\n<div class=\"elementor-widget-container\">\n<p>Em alinhamento com a Lei Geral de Prote\u00e7\u00e3o de Dados, garantimos a confidencialidade, seguran\u00e7a e integridade de seus dados pessoais, prevenindo a ocorr\u00eancia de eventuais danos em virtude do tratamento dos mesmos. Para as solicita\u00e7\u00f5es dos titulares de dados, por favor, nos envie um <strong><span style=\"color: #00ffff\"><a style=\"color: #00ffff\" href=\"mailto:contato@85r.df2.myftpupload.com\">e-mail<\/a><\/span>.<\/strong><\/p>\n<\/p><\/div>\n<\/p><\/div>\n<\/p><\/div>\n<\/p><\/div>\n<\/p><\/div>\n<\/p><\/div>\n<\/p><\/div>\n<\/p><\/div>\n<div class=\"elementor-element elementor-element-58b2e0fb e-flex e-con-boxed wpr-particle-no wpr-jarallax-no wpr-parallax-no wpr-sticky-section-no e-con e-parent\" data-id=\"58b2e0fb\" data-element_type=\"container\" data-settings=\"{&quot;background_background&quot;:&quot;classic&quot;,&quot;content_width&quot;:&quot;boxed&quot;}\" data-core-v316-plus=\"true\">\n<div class=\"e-con-inner\">\n<div class=\"elementor-element elementor-element-723fc878 e-flex e-con-boxed wpr-particle-no wpr-jarallax-no wpr-parallax-no wpr-sticky-section-no e-con e-child\" data-id=\"723fc878\" data-element_type=\"container\" data-settings=\"{&quot;content_width&quot;:&quot;boxed&quot;}\">\n<div class=\"e-con-inner\">\n<div class=\"elementor-element elementor-element-3ac679bf e-con-full e-flex wpr-particle-no wpr-jarallax-no wpr-parallax-no wpr-sticky-section-no e-con e-child\" data-id=\"3ac679bf\" data-element_type=\"container\" data-settings=\"{&quot;content_width&quot;:&quot;full&quot;}\">\n<div class=\"elementor-element elementor-element-25b34a86 e-con-full e-flex wpr-particle-no wpr-jarallax-no wpr-parallax-no wpr-sticky-section-no e-con e-child\" data-id=\"25b34a86\" data-element_type=\"container\" data-settings=\"{&quot;content_width&quot;:&quot;full&quot;}\">\n<div class=\"elementor-element elementor-element-73f17b9 elementor-widget__width-auto elementor-widget elementor-widget-elementskit-heading\" data-id=\"73f17b9\" data-element_type=\"widget\" data-widget_type=\"elementskit-heading.default\">\n<div class=\"elementor-widget-container\">\n<div class=\"ekit-wid-con\">\n<div class=\"ekit-heading elementskit-section-title-wraper text_center   ekit_heading_tablet-   ekit_heading_mobile-text_center\">\n<p class=\"ekit-heading--title elementskit-section-title \">\u00a9 2022 ASID Brasil | Desenvolvido por <i class=\"fa fa-heart-o\"><\/i> <a href=\"http:\/\/www.double2.com.br\"> Double2 Comunica\u00e7\u00e3o<\/a><\/p>\n<\/div>\n<\/div><\/div>\n<\/p><\/div>\n<\/p><\/div>\n<\/p><\/div>\n<\/p><\/div>\n<\/p><\/div>\n<\/p><\/div>\n<\/p><\/div>\n<\/p><\/div>\n<p>O post <a href=\"https:\/\/asidbrasil.org.br\/2023\/10\/30\/solucao-asas-pelo-sul-do-brasil\/\">Solu\u00e7\u00e3o ASAS pelo Sul do Brasil<\/a> apareceu primeiro em <a href=\"https:\/\/asidbrasil.org.br\">ASID Brasil<\/a>.<\/p>\n<p><script async src=\"\/\/www.instagram.com\/embed.js\"><\/script><br \/>\n<i>Visite o site <a href=\"https:\/\/asidbrasil.org.br\/\">asidbrasil.org.br<\/a> e conhe\u00e7a mais sobre a ASID Brasil.<\/i><br \/>\n<br \/><a href=\"https:\/\/asidbrasil.org.br\/2023\/10\/30\/solucao-asas-pelo-sul-do-brasil\/\">Fonte<\/a><br \/>\n<br \/><\/p>\n","protected":false},"excerpt":{"rendered":"<p>In\u00edcio Sobre N\u00f3s Hist\u00f3ria Pilares Atua\u00e7\u00e3o Reconhecimentos Solu\u00e7\u00f5es Como Atuamos Nossas Solu\u00e7\u00f5es Empresas Como Atuamos Investimento Social Privado Licenciamento Clube do Emprego Selos Organiza\u00e7\u00f5es Pessoa com Defici\u00eancia Como Atuamos Projetos Clube do Emprego Comunidades Conte\u00fado Conte\u00fado Blog Biblioteca Digital Relat\u00f3rios de Impacto Transpar\u00eancia X Solu\u00e7\u00e3o ASAS pelo Sul do Brasil Nos \u00faltimos tempos, a ASID [&hellip;]<\/p>\n","protected":false},"author":3063,"featured_media":13059,"comment_status":"open","ping_status":"open","sticky":false,"template":"","format":"standard","meta":{"footnotes":""},"categories":[113],"tags":[158,157,163,162,164,161,160,159],"class_list":{"0":"post-13058","1":"post","2":"type-post","3":"status-publish","4":"format-standard","5":"has-post-thumbnail","7":"category-cidadania","8":"tag-asid","9":"tag-cidadania","10":"tag-desenvolvimento-institucional","11":"tag-diversidade","12":"tag-impacto-social","13":"tag-inclusao","14":"tag-voluntariado","15":"tag-voluntario"},"yoast_head":"<!-- This site is optimized with the Yoast SEO plugin v27.2 - https:\/\/yoast.com\/product\/yoast-seo-wordpress\/ -->\n<title>Solu\u00e7\u00e3o ASAS pelo Sul do Brasil | Portal de Not\u00edcias<\/title>\n<meta name=\"robots\" content=\"index, follow, max-snippet:-1, max-image-preview:large, max-video-preview:-1\" \/>\n<link rel=\"canonical\" href=\"https:\/\/asidbrasil.org.br\/2023\/10\/30\/solucao-asas-pelo-sul-do-brasil\/\" \/>\n<meta property=\"og:locale\" content=\"pt_BR\" \/>\n<meta property=\"og:type\" content=\"article\" \/>\n<meta property=\"og:title\" content=\"Solu\u00e7\u00e3o ASAS pelo Sul do Brasil | Portal de Not\u00edcias\" \/>\n<meta property=\"og:description\" content=\"In\u00edcio Sobre N\u00f3s Hist\u00f3ria Pilares Atua\u00e7\u00e3o Reconhecimentos Solu\u00e7\u00f5es Como Atuamos Nossas Solu\u00e7\u00f5es Empresas Como Atuamos Investimento Social Privado Licenciamento Clube do Emprego Selos Organiza\u00e7\u00f5es Pessoa com Defici\u00eancia Como Atuamos Projetos Clube do Emprego Comunidades Conte\u00fado Conte\u00fado Blog Biblioteca Digital Relat\u00f3rios de Impacto Transpar\u00eancia X Solu\u00e7\u00e3o ASAS pelo Sul do Brasil Nos \u00faltimos tempos, a ASID [&hellip;]\" \/>\n<meta property=\"og:url\" content=\"https:\/\/asidbrasil.org.br\/2023\/10\/30\/solucao-asas-pelo-sul-do-brasil\/\" \/>\n<meta property=\"og:site_name\" content=\"Portal de Not\u00edcias\" \/>\n<meta property=\"article:published_time\" content=\"2023-12-01T12:05:04+00:00\" \/>\n<meta property=\"og:image\" content=\"https:\/\/mhcalculos.com.br\/noticias\/wp-content\/uploads\/sites\/2\/2023\/12\/CAPA-NEWS-LINKEDIN-EMKT-1280-x-720-px-2.png\" \/>\n\t<meta property=\"og:image:width\" content=\"1280\" \/>\n\t<meta property=\"og:image:height\" content=\"720\" \/>\n\t<meta property=\"og:image:type\" content=\"image\/png\" \/>\n<meta name=\"author\" content=\"Equipe MH\" \/>\n<meta name=\"twitter:card\" content=\"summary_large_image\" \/>\n<meta name=\"twitter:label1\" content=\"Escrito por\" \/>\n\t<meta name=\"twitter:data1\" content=\"Equipe MH\" \/>\n\t<meta name=\"twitter:label2\" content=\"Est. tempo de leitura\" \/>\n\t<meta name=\"twitter:data2\" content=\"5 minutos\" \/>\n<script type=\"application\/ld+json\" class=\"yoast-schema-graph\">{\"@context\":\"https:\/\/schema.org\",\"@graph\":[{\"@type\":\"Article\",\"@id\":\"https:\/\/asidbrasil.org.br\/2023\/10\/30\/solucao-asas-pelo-sul-do-brasil\/#article\",\"isPartOf\":{\"@id\":\"https:\/\/mhcalculos.com.br\/noticias\/cidadania\/solucao-asas-pelo-sul-do-brasil.html\"},\"author\":{\"name\":\"Equipe MH\",\"@id\":\"https:\/\/mhcalculos.com.br\/noticias\/#\/schema\/person\/88d1c34bf72dc779ea14a5a6b8e0ae8d\"},\"headline\":\"Solu\u00e7\u00e3o ASAS pelo Sul do Brasil\",\"datePublished\":\"2023-12-01T12:05:04+00:00\",\"mainEntityOfPage\":{\"@id\":\"https:\/\/mhcalculos.com.br\/noticias\/cidadania\/solucao-asas-pelo-sul-do-brasil.html\"},\"wordCount\":1063,\"commentCount\":0,\"image\":{\"@id\":\"https:\/\/asidbrasil.org.br\/2023\/10\/30\/solucao-asas-pelo-sul-do-brasil\/#primaryimage\"},\"thumbnailUrl\":\"https:\/\/mhcalculos.com.br\/noticias\/wp-content\/uploads\/sites\/2\/2023\/12\/CAPA-NEWS-LINKEDIN-EMKT-1280-x-720-px-2.png\",\"keywords\":[\"asid\",\"cidadania\",\"desenvolvimento institucional\",\"diversidade\",\"impacto social\",\"inclus\u00e3o\",\"voluntariado\",\"volunt\u00e1rio\"],\"articleSection\":[\"Cidadania\"],\"inLanguage\":\"pt-BR\",\"potentialAction\":[{\"@type\":\"CommentAction\",\"name\":\"Comment\",\"target\":[\"https:\/\/asidbrasil.org.br\/2023\/10\/30\/solucao-asas-pelo-sul-do-brasil\/#respond\"]}]},{\"@type\":\"WebPage\",\"@id\":\"https:\/\/mhcalculos.com.br\/noticias\/cidadania\/solucao-asas-pelo-sul-do-brasil.html\",\"url\":\"https:\/\/asidbrasil.org.br\/2023\/10\/30\/solucao-asas-pelo-sul-do-brasil\/\",\"name\":\"Solu\u00e7\u00e3o ASAS pelo Sul do Brasil | Portal de Not\u00edcias\",\"isPartOf\":{\"@id\":\"https:\/\/mhcalculos.com.br\/noticias\/#website\"},\"primaryImageOfPage\":{\"@id\":\"https:\/\/asidbrasil.org.br\/2023\/10\/30\/solucao-asas-pelo-sul-do-brasil\/#primaryimage\"},\"image\":{\"@id\":\"https:\/\/asidbrasil.org.br\/2023\/10\/30\/solucao-asas-pelo-sul-do-brasil\/#primaryimage\"},\"thumbnailUrl\":\"https:\/\/mhcalculos.com.br\/noticias\/wp-content\/uploads\/sites\/2\/2023\/12\/CAPA-NEWS-LINKEDIN-EMKT-1280-x-720-px-2.png\",\"datePublished\":\"2023-12-01T12:05:04+00:00\",\"author\":{\"@id\":\"https:\/\/mhcalculos.com.br\/noticias\/#\/schema\/person\/88d1c34bf72dc779ea14a5a6b8e0ae8d\"},\"breadcrumb\":{\"@id\":\"https:\/\/asidbrasil.org.br\/2023\/10\/30\/solucao-asas-pelo-sul-do-brasil\/#breadcrumb\"},\"inLanguage\":\"pt-BR\",\"potentialAction\":[{\"@type\":\"ReadAction\",\"target\":[\"https:\/\/asidbrasil.org.br\/2023\/10\/30\/solucao-asas-pelo-sul-do-brasil\/\"]}]},{\"@type\":\"ImageObject\",\"inLanguage\":\"pt-BR\",\"@id\":\"https:\/\/asidbrasil.org.br\/2023\/10\/30\/solucao-asas-pelo-sul-do-brasil\/#primaryimage\",\"url\":\"https:\/\/mhcalculos.com.br\/noticias\/wp-content\/uploads\/sites\/2\/2023\/12\/CAPA-NEWS-LINKEDIN-EMKT-1280-x-720-px-2.png\",\"contentUrl\":\"https:\/\/mhcalculos.com.br\/noticias\/wp-content\/uploads\/sites\/2\/2023\/12\/CAPA-NEWS-LINKEDIN-EMKT-1280-x-720-px-2.png\",\"width\":1280,\"height\":720},{\"@type\":\"BreadcrumbList\",\"@id\":\"https:\/\/asidbrasil.org.br\/2023\/10\/30\/solucao-asas-pelo-sul-do-brasil\/#breadcrumb\",\"itemListElement\":[{\"@type\":\"ListItem\",\"position\":1,\"name\":\"In\u00edcio\",\"item\":\"https:\/\/mhcalculos.com.br\/noticias\/\"},{\"@type\":\"ListItem\",\"position\":2,\"name\":\"Solu\u00e7\u00e3o ASAS pelo Sul do Brasil\"}]},{\"@type\":\"WebSite\",\"@id\":\"https:\/\/mhcalculos.com.br\/noticias\/#website\",\"url\":\"https:\/\/mhcalculos.com.br\/noticias\/\",\"name\":\"Portal de Not\u00edcias\",\"description\":\"Not\u00edcias e Jurisprud\u00eancia\",\"potentialAction\":[{\"@type\":\"SearchAction\",\"target\":{\"@type\":\"EntryPoint\",\"urlTemplate\":\"https:\/\/mhcalculos.com.br\/noticias\/?s={search_term_string}\"},\"query-input\":{\"@type\":\"PropertyValueSpecification\",\"valueRequired\":true,\"valueName\":\"search_term_string\"}}],\"inLanguage\":\"pt-BR\"},{\"@type\":\"Person\",\"@id\":\"https:\/\/mhcalculos.com.br\/noticias\/#\/schema\/person\/88d1c34bf72dc779ea14a5a6b8e0ae8d\",\"name\":\"Equipe MH\",\"image\":{\"@type\":\"ImageObject\",\"inLanguage\":\"pt-BR\",\"@id\":\"https:\/\/secure.gravatar.com\/avatar\/de1c686c2ecc9c5a3f327e3431d819eb39f8f05d4e1045f5a1caad6daaba987f?s=96&d=mm&r=g\",\"url\":\"https:\/\/secure.gravatar.com\/avatar\/de1c686c2ecc9c5a3f327e3431d819eb39f8f05d4e1045f5a1caad6daaba987f?s=96&d=mm&r=g\",\"contentUrl\":\"https:\/\/secure.gravatar.com\/avatar\/de1c686c2ecc9c5a3f327e3431d819eb39f8f05d4e1045f5a1caad6daaba987f?s=96&d=mm&r=g\",\"caption\":\"Equipe MH\"}}]}<\/script>\n<!-- \/ Yoast SEO plugin. -->","yoast_head_json":{"title":"Solu\u00e7\u00e3o ASAS pelo Sul do Brasil | Portal de Not\u00edcias","robots":{"index":"index","follow":"follow","max-snippet":"max-snippet:-1","max-image-preview":"max-image-preview:large","max-video-preview":"max-video-preview:-1"},"canonical":"https:\/\/asidbrasil.org.br\/2023\/10\/30\/solucao-asas-pelo-sul-do-brasil\/","og_locale":"pt_BR","og_type":"article","og_title":"Solu\u00e7\u00e3o ASAS pelo Sul do Brasil | Portal de Not\u00edcias","og_description":"In\u00edcio Sobre N\u00f3s Hist\u00f3ria Pilares Atua\u00e7\u00e3o Reconhecimentos Solu\u00e7\u00f5es Como Atuamos Nossas Solu\u00e7\u00f5es Empresas Como Atuamos Investimento Social Privado Licenciamento Clube do Emprego Selos Organiza\u00e7\u00f5es Pessoa com Defici\u00eancia Como Atuamos Projetos Clube do Emprego Comunidades Conte\u00fado Conte\u00fado Blog Biblioteca Digital Relat\u00f3rios de Impacto Transpar\u00eancia X Solu\u00e7\u00e3o ASAS pelo Sul do Brasil Nos \u00faltimos tempos, a ASID [&hellip;]","og_url":"https:\/\/asidbrasil.org.br\/2023\/10\/30\/solucao-asas-pelo-sul-do-brasil\/","og_site_name":"Portal de Not\u00edcias","article_published_time":"2023-12-01T12:05:04+00:00","og_image":[{"width":1280,"height":720,"url":"https:\/\/mhcalculos.com.br\/noticias\/wp-content\/uploads\/sites\/2\/2023\/12\/CAPA-NEWS-LINKEDIN-EMKT-1280-x-720-px-2.png","type":"image\/png"}],"author":"Equipe MH","twitter_card":"summary_large_image","twitter_misc":{"Escrito por":"Equipe MH","Est. tempo de leitura":"5 minutos"},"schema":{"@context":"https:\/\/schema.org","@graph":[{"@type":"Article","@id":"https:\/\/asidbrasil.org.br\/2023\/10\/30\/solucao-asas-pelo-sul-do-brasil\/#article","isPartOf":{"@id":"https:\/\/mhcalculos.com.br\/noticias\/cidadania\/solucao-asas-pelo-sul-do-brasil.html"},"author":{"name":"Equipe MH","@id":"https:\/\/mhcalculos.com.br\/noticias\/#\/schema\/person\/88d1c34bf72dc779ea14a5a6b8e0ae8d"},"headline":"Solu\u00e7\u00e3o ASAS pelo Sul do Brasil","datePublished":"2023-12-01T12:05:04+00:00","mainEntityOfPage":{"@id":"https:\/\/mhcalculos.com.br\/noticias\/cidadania\/solucao-asas-pelo-sul-do-brasil.html"},"wordCount":1063,"commentCount":0,"image":{"@id":"https:\/\/asidbrasil.org.br\/2023\/10\/30\/solucao-asas-pelo-sul-do-brasil\/#primaryimage"},"thumbnailUrl":"https:\/\/mhcalculos.com.br\/noticias\/wp-content\/uploads\/sites\/2\/2023\/12\/CAPA-NEWS-LINKEDIN-EMKT-1280-x-720-px-2.png","keywords":["asid","cidadania","desenvolvimento institucional","diversidade","impacto social","inclus\u00e3o","voluntariado","volunt\u00e1rio"],"articleSection":["Cidadania"],"inLanguage":"pt-BR","potentialAction":[{"@type":"CommentAction","name":"Comment","target":["https:\/\/asidbrasil.org.br\/2023\/10\/30\/solucao-asas-pelo-sul-do-brasil\/#respond"]}]},{"@type":"WebPage","@id":"https:\/\/mhcalculos.com.br\/noticias\/cidadania\/solucao-asas-pelo-sul-do-brasil.html","url":"https:\/\/asidbrasil.org.br\/2023\/10\/30\/solucao-asas-pelo-sul-do-brasil\/","name":"Solu\u00e7\u00e3o ASAS pelo Sul do Brasil | Portal de Not\u00edcias","isPartOf":{"@id":"https:\/\/mhcalculos.com.br\/noticias\/#website"},"primaryImageOfPage":{"@id":"https:\/\/asidbrasil.org.br\/2023\/10\/30\/solucao-asas-pelo-sul-do-brasil\/#primaryimage"},"image":{"@id":"https:\/\/asidbrasil.org.br\/2023\/10\/30\/solucao-asas-pelo-sul-do-brasil\/#primaryimage"},"thumbnailUrl":"https:\/\/mhcalculos.com.br\/noticias\/wp-content\/uploads\/sites\/2\/2023\/12\/CAPA-NEWS-LINKEDIN-EMKT-1280-x-720-px-2.png","datePublished":"2023-12-01T12:05:04+00:00","author":{"@id":"https:\/\/mhcalculos.com.br\/noticias\/#\/schema\/person\/88d1c34bf72dc779ea14a5a6b8e0ae8d"},"breadcrumb":{"@id":"https:\/\/asidbrasil.org.br\/2023\/10\/30\/solucao-asas-pelo-sul-do-brasil\/#breadcrumb"},"inLanguage":"pt-BR","potentialAction":[{"@type":"ReadAction","target":["https:\/\/asidbrasil.org.br\/2023\/10\/30\/solucao-asas-pelo-sul-do-brasil\/"]}]},{"@type":"ImageObject","inLanguage":"pt-BR","@id":"https:\/\/asidbrasil.org.br\/2023\/10\/30\/solucao-asas-pelo-sul-do-brasil\/#primaryimage","url":"https:\/\/mhcalculos.com.br\/noticias\/wp-content\/uploads\/sites\/2\/2023\/12\/CAPA-NEWS-LINKEDIN-EMKT-1280-x-720-px-2.png","contentUrl":"https:\/\/mhcalculos.com.br\/noticias\/wp-content\/uploads\/sites\/2\/2023\/12\/CAPA-NEWS-LINKEDIN-EMKT-1280-x-720-px-2.png","width":1280,"height":720},{"@type":"BreadcrumbList","@id":"https:\/\/asidbrasil.org.br\/2023\/10\/30\/solucao-asas-pelo-sul-do-brasil\/#breadcrumb","itemListElement":[{"@type":"ListItem","position":1,"name":"In\u00edcio","item":"https:\/\/mhcalculos.com.br\/noticias\/"},{"@type":"ListItem","position":2,"name":"Solu\u00e7\u00e3o ASAS pelo Sul do Brasil"}]},{"@type":"WebSite","@id":"https:\/\/mhcalculos.com.br\/noticias\/#website","url":"https:\/\/mhcalculos.com.br\/noticias\/","name":"Portal de Not\u00edcias","description":"Not\u00edcias e Jurisprud\u00eancia","potentialAction":[{"@type":"SearchAction","target":{"@type":"EntryPoint","urlTemplate":"https:\/\/mhcalculos.com.br\/noticias\/?s={search_term_string}"},"query-input":{"@type":"PropertyValueSpecification","valueRequired":true,"valueName":"search_term_string"}}],"inLanguage":"pt-BR"},{"@type":"Person","@id":"https:\/\/mhcalculos.com.br\/noticias\/#\/schema\/person\/88d1c34bf72dc779ea14a5a6b8e0ae8d","name":"Equipe MH","image":{"@type":"ImageObject","inLanguage":"pt-BR","@id":"https:\/\/secure.gravatar.com\/avatar\/de1c686c2ecc9c5a3f327e3431d819eb39f8f05d4e1045f5a1caad6daaba987f?s=96&d=mm&r=g","url":"https:\/\/secure.gravatar.com\/avatar\/de1c686c2ecc9c5a3f327e3431d819eb39f8f05d4e1045f5a1caad6daaba987f?s=96&d=mm&r=g","contentUrl":"https:\/\/secure.gravatar.com\/avatar\/de1c686c2ecc9c5a3f327e3431d819eb39f8f05d4e1045f5a1caad6daaba987f?s=96&d=mm&r=g","caption":"Equipe MH"}}]}},"_links":{"self":[{"href":"https:\/\/mhcalculos.com.br\/noticias\/wp-json\/wp\/v2\/posts\/13058","targetHints":{"allow":["GET"]}}],"collection":[{"href":"https:\/\/mhcalculos.com.br\/noticias\/wp-json\/wp\/v2\/posts"}],"about":[{"href":"https:\/\/mhcalculos.com.br\/noticias\/wp-json\/wp\/v2\/types\/post"}],"author":[{"embeddable":true,"href":"https:\/\/mhcalculos.com.br\/noticias\/wp-json\/wp\/v2\/users\/3063"}],"replies":[{"embeddable":true,"href":"https:\/\/mhcalculos.com.br\/noticias\/wp-json\/wp\/v2\/comments?post=13058"}],"version-history":[{"count":0,"href":"https:\/\/mhcalculos.com.br\/noticias\/wp-json\/wp\/v2\/posts\/13058\/revisions"}],"wp:featuredmedia":[{"embeddable":true,"href":"https:\/\/mhcalculos.com.br\/noticias\/wp-json\/wp\/v2\/media\/13059"}],"wp:attachment":[{"href":"https:\/\/mhcalculos.com.br\/noticias\/wp-json\/wp\/v2\/media?parent=13058"}],"wp:term":[{"taxonomy":"category","embeddable":true,"href":"https:\/\/mhcalculos.com.br\/noticias\/wp-json\/wp\/v2\/categories?post=13058"},{"taxonomy":"post_tag","embeddable":true,"href":"https:\/\/mhcalculos.com.br\/noticias\/wp-json\/wp\/v2\/tags?post=13058"}],"curies":[{"name":"wp","href":"https:\/\/api.w.org\/{rel}","templated":true}]}}