{"id":12942,"date":"2023-10-18T20:10:00","date_gmt":"2023-10-18T23:10:00","guid":{"rendered":"https:\/\/mhcalculos.com.br\/noticias\/area\/trabalhista\/tst-justica-do-trabalho-lanca-programa-de-enfrentamento-ao-trabalho-escravo-trafico-de-pessoas-e-protecao-ao-trabalho-do-migrante.html"},"modified":"2025-04-09T10:15:39","modified_gmt":"2025-04-09T13:15:39","slug":"tst-justica-do-trabalho-lanca-programa-de-enfrentamento-ao-trabalho-escravo-trafico-de-pessoas-e-protecao-ao-trabalho-do-migrante","status":"publish","type":"post","link":"https:\/\/mhcalculos.com.br\/noticias\/area\/trabalhista\/tst-justica-do-trabalho-lanca-programa-de-enfrentamento-ao-trabalho-escravo-trafico-de-pessoas-e-protecao-ao-trabalho-do-migrante.html","title":{"rendered":"TST: Justi\u00e7a do Trabalho lan\u00e7a Programa de Enfrentamento ao Trabalho Escravo, Tr\u00e1fico de Pessoas e Prote\u00e7\u00e3o ao Trabalho do Migrante"},"content":{"rendered":"\n<p>A a\u00e7\u00e3o faz parte da Pol\u00edtica Judici\u00e1ria Nacional de Trabalho Decente<\/p>\n<p>&nbsp;<\/p>\n<p>18\/10\/23 &#8211;\u00a0Complementando as a\u00e7\u00f5es previstas na Pol\u00edtica Judici\u00e1ria Nacional de Trabalho Decente, institu\u00edda em agosto de 2023, a Justi\u00e7a do Trabalho lan\u00e7ou, nesta quarta-feira (18), o Programa de Enfrentamento ao Trabalho Escravo, ao Tr\u00e1fico de Pessoas e de Prote\u00e7\u00e3o ao Trabalho do Migrante. O objetivo \u00e9 desenvolver a\u00e7\u00f5es permanentes para a erradica\u00e7\u00e3o do trabalho escravo e do tr\u00e1fico de pessoas e para a prote\u00e7\u00e3o do trabalho de migrantes.<\/p>\n<h3>Dignidade humana<\/h3>\n<p>Na cerim\u00f4nia de lan\u00e7amento, o presidente do Tribunal Superior do Trabalho (TST) e do Conselho Superior da Justi\u00e7a do Trabalho (CSJT), ministro Lelio Bentes Corr\u00eaa, destacou que ainda hoje h\u00e1 decis\u00f5es judiciais que naturalizam condi\u00e7\u00f5es de trabalho degradantes, como a falta de instala\u00e7\u00f5es sanit\u00e1rias dignas, especialmente no trabalho rural, sob o argumento de que se trata de quest\u00f5es culturais. Segundo ele, com esse programa, a Justi\u00e7a do Trabalho reitera seu papel de garantidora da cidadania e do trabalho decente, com a\u00e7\u00f5es concretas e eficazes.<\/p>\n<p>\u201cAo estado brasileiro, que historicamente vem investindo no sequestro, no tr\u00e1fico, na escraviza\u00e7\u00e3o e no genoc\u00eddio da popula\u00e7\u00e3o negra, cabe a formula\u00e7\u00e3o urgente e priorit\u00e1ria de pol\u00edticas p\u00fablicas eficazes de repara\u00e7\u00e3o, garantindo efetivamente cidadania e trabalho decente para essas pessoas., defendeu.<\/p>\n<h3>Cidadania<\/h3>\n<p>O ministro Augusto C\u00e9sar, coordenador do programa, comentou que a escravid\u00e3o contempor\u00e2nea, \u201cant\u00edtese da justi\u00e7a social\u201d, e o tr\u00e1fico de pessoas est\u00e3o entre as mais graves viola\u00e7\u00f5es \u00e0 dignidade humana. \u201cAs v\u00edtimas preferenciais dessas viol\u00eancias s\u00e3o pessoas em condi\u00e7\u00f5es de extrema vulnerabilidade, como \u00e9 o caso da popula\u00e7\u00e3o migrante, a quem se imp\u00f5e o constante desafio de acesso ao trabalho decente\u201d, observou. \u00a0\u201cO programa que hoje lan\u00e7amos une esfor\u00e7os a outras iniciativas j\u00e1 existentes e constituir\u00e1 um marco para a consolida\u00e7\u00e3o do direito ao trabalho digno para todas as pessoas.<\/p>\n<h3>Princ\u00edpios<\/h3>\n<p>As a\u00e7\u00f5es do programa \u201cEnfrentamento ao Trabalho Escravo, ao Tr\u00e1fico de Pessoas e de Prote\u00e7\u00e3o ao Trabalho do Migrante\u201d ser\u00e3o orientadas pelos seguintes princ\u00edpios, entre outros:<\/p>\n<ul>\n<li>igualdade de tratamento e solu\u00e7\u00f5es dialogadas para os conflitos no trabalho;<\/li>\n<li>respeito \u00e0 diversidade;<\/li>\n<li>garantia de um ambiente \u00a0de trabalho sadio e seguro;<\/li>\n<li>progressividade dos direitos sociais.<\/li>\n<\/ul>\n<h3>Resgates<\/h3>\n<p>Segundo dados do Observat\u00f3rio da Erradica\u00e7\u00e3o do Trabalho Escravo e do Tr\u00e1fico de Pessoas no Brasil, \u00a0entre 2015 e 2022, 57.772 pessoas foram resgatadas de condi\u00e7\u00f5es de trabalho an\u00e1logas \u00e0 escravid\u00e3o no Brasil, \u00a0o que representa uma m\u00e9dia de \u00a02.063 pessoas por ano.<\/p>\n<p>A maior \u00a0parte das v\u00edtimas s\u00e3o homens com idade entre 18 e 29 anos, e o Estado do Par\u00e1 \u00e9 a unidade da federa\u00e7\u00e3o que apresenta a situa\u00e7\u00e3o mais grave, com 13.384 v\u00edtimas, o que representa 23% de todas as pessoas resgatadas no pa\u00eds.<\/p>\n<p>(Andrea Magalh\u00e3es\/CF)<\/p>\n<p><i>Com informa\u00e7\u00f5es da assessoria de imprensa do TST.<\/i><\/p>\n<p><a href=\"https:\/\/www.tst.jus.br\/web\/guest\/noticias?p_p_id=89Dk&amp;p_p_lifecycle=0&amp;refererPlid=10730&amp;_89Dk_groupId=10157&amp;_89Dk_articleId=32396596\">Fonte<\/a><\/p>\n\n","protected":false},"excerpt":{"rendered":"<p>A a\u00e7\u00e3o faz parte da Pol\u00edtica Judici\u00e1ria Nacional de Trabalho Decente &nbsp; 18\/10\/23 &#8211;\u00a0Complementando as a\u00e7\u00f5es previstas na Pol\u00edtica Judici\u00e1ria Nacional de Trabalho Decente, institu\u00edda em agosto de 2023, a Justi\u00e7a do Trabalho lan\u00e7ou, nesta quarta-feira (18), o Programa de Enfrentamento ao Trabalho Escravo, ao Tr\u00e1fico de Pessoas e de Prote\u00e7\u00e3o ao Trabalho do Migrante. [&hellip;]<\/p>\n","protected":false},"author":3063,"featured_media":12943,"comment_status":"open","ping_status":"open","sticky":false,"template":"","format":"standard","meta":{"footnotes":""},"categories":[3,21],"tags":[33,216,9,12,217,215],"class_list":{"0":"post-12942","1":"post","2":"type-post","3":"status-publish","4":"format-standard","5":"has-post-thumbnail","7":"category-trabalhista","8":"category-tst","9":"tag-calculos-trabalhistas","10":"tag-direito-trabalhista","11":"tag-pericia","12":"tag-perito","13":"tag-trabalho","14":"tag-tst"},"yoast_head":"<!-- This site is optimized with the Yoast SEO plugin v27.2 - https:\/\/yoast.com\/product\/yoast-seo-wordpress\/ -->\n<title>TST: Justi\u00e7a do Trabalho lan\u00e7a Programa de Enfrentamento ao Trabalho Escravo, Tr\u00e1fico de Pessoas e Prote\u00e7\u00e3o ao Trabalho do Migrante | Portal de Not\u00edcias<\/title>\n<meta name=\"robots\" content=\"index, follow, max-snippet:-1, max-image-preview:large, max-video-preview:-1\" \/>\n<link rel=\"canonical\" href=\"https:\/\/mhcalculos.com.br\/noticias\/area\/trabalhista\/tst-justica-do-trabalho-lanca-programa-de-enfrentamento-ao-trabalho-escravo-trafico-de-pessoas-e-protecao-ao-trabalho-do-migrante.html\" \/>\n<meta property=\"og:locale\" content=\"pt_BR\" \/>\n<meta property=\"og:type\" content=\"article\" \/>\n<meta property=\"og:title\" content=\"TST: Justi\u00e7a do Trabalho lan\u00e7a Programa de Enfrentamento ao Trabalho Escravo, Tr\u00e1fico de Pessoas e Prote\u00e7\u00e3o ao Trabalho do Migrante | Portal de Not\u00edcias\" \/>\n<meta property=\"og:description\" content=\"A a\u00e7\u00e3o faz parte da Pol\u00edtica Judici\u00e1ria Nacional de Trabalho Decente &nbsp; 18\/10\/23 &#8211;\u00a0Complementando as a\u00e7\u00f5es previstas na Pol\u00edtica Judici\u00e1ria Nacional de Trabalho Decente, institu\u00edda em agosto de 2023, a Justi\u00e7a do Trabalho lan\u00e7ou, nesta quarta-feira (18), o Programa de Enfrentamento ao Trabalho Escravo, ao Tr\u00e1fico de Pessoas e de Prote\u00e7\u00e3o ao Trabalho do Migrante. [&hellip;]\" \/>\n<meta property=\"og:url\" content=\"https:\/\/mhcalculos.com.br\/noticias\/area\/trabalhista\/tst-justica-do-trabalho-lanca-programa-de-enfrentamento-ao-trabalho-escravo-trafico-de-pessoas-e-protecao-ao-trabalho-do-migrante.html\" \/>\n<meta property=\"og:site_name\" content=\"Portal de Not\u00edcias\" \/>\n<meta property=\"article:published_time\" content=\"2023-10-18T23:10:00+00:00\" \/>\n<meta property=\"article:modified_time\" content=\"2025-04-09T13:15:39+00:00\" \/>\n<meta property=\"og:image\" content=\"https:\/\/mhcalculos.com.br\/noticias\/wp-content\/uploads\/sites\/2\/2023\/10\/1697771113_judiciario-0009.jpg\" \/>\n\t<meta property=\"og:image:width\" content=\"2000\" \/>\n\t<meta property=\"og:image:height\" content=\"800\" \/>\n\t<meta property=\"og:image:type\" content=\"image\/jpeg\" \/>\n<meta name=\"author\" content=\"Equipe MH\" \/>\n<meta name=\"twitter:card\" content=\"summary_large_image\" \/>\n<meta name=\"twitter:label1\" content=\"Escrito por\" \/>\n\t<meta name=\"twitter:data1\" content=\"Equipe MH\" \/>\n\t<meta name=\"twitter:label2\" content=\"Est. tempo de leitura\" \/>\n\t<meta name=\"twitter:data2\" content=\"3 minutos\" \/>\n<script type=\"application\/ld+json\" class=\"yoast-schema-graph\">{\"@context\":\"https:\/\/schema.org\",\"@graph\":[{\"@type\":\"Article\",\"@id\":\"https:\/\/mhcalculos.com.br\/noticias\/area\/trabalhista\/tst-justica-do-trabalho-lanca-programa-de-enfrentamento-ao-trabalho-escravo-trafico-de-pessoas-e-protecao-ao-trabalho-do-migrante.html#article\",\"isPartOf\":{\"@id\":\"https:\/\/mhcalculos.com.br\/noticias\/area\/trabalhista\/tst-justica-do-trabalho-lanca-programa-de-enfrentamento-ao-trabalho-escravo-trafico-de-pessoas-e-protecao-ao-trabalho-do-migrante.html\"},\"author\":{\"name\":\"Equipe MH\",\"@id\":\"https:\/\/mhcalculos.com.br\/noticias\/#\/schema\/person\/88d1c34bf72dc779ea14a5a6b8e0ae8d\"},\"headline\":\"TST: Justi\u00e7a do Trabalho lan\u00e7a Programa de Enfrentamento ao Trabalho Escravo, Tr\u00e1fico de Pessoas e Prote\u00e7\u00e3o ao Trabalho do Migrante\",\"datePublished\":\"2023-10-18T23:10:00+00:00\",\"dateModified\":\"2025-04-09T13:15:39+00:00\",\"mainEntityOfPage\":{\"@id\":\"https:\/\/mhcalculos.com.br\/noticias\/area\/trabalhista\/tst-justica-do-trabalho-lanca-programa-de-enfrentamento-ao-trabalho-escravo-trafico-de-pessoas-e-protecao-ao-trabalho-do-migrante.html\"},\"wordCount\":536,\"commentCount\":0,\"image\":{\"@id\":\"https:\/\/mhcalculos.com.br\/noticias\/area\/trabalhista\/tst-justica-do-trabalho-lanca-programa-de-enfrentamento-ao-trabalho-escravo-trafico-de-pessoas-e-protecao-ao-trabalho-do-migrante.html#primaryimage\"},\"thumbnailUrl\":\"https:\/\/mhcalculos.com.br\/noticias\/wp-content\/uploads\/sites\/2\/2023\/10\/1697771113_judiciario-0009.jpg\",\"keywords\":[\"c\u00e1lculos trabalhistas\",\"direito trabalhista\",\"per\u00edcia\",\"perito\",\"trabalho\",\"TST\"],\"articleSection\":[\"Direito Trabalhista\",\"TST\"],\"inLanguage\":\"pt-BR\",\"potentialAction\":[{\"@type\":\"CommentAction\",\"name\":\"Comment\",\"target\":[\"https:\/\/mhcalculos.com.br\/noticias\/area\/trabalhista\/tst-justica-do-trabalho-lanca-programa-de-enfrentamento-ao-trabalho-escravo-trafico-de-pessoas-e-protecao-ao-trabalho-do-migrante.html#respond\"]}]},{\"@type\":\"WebPage\",\"@id\":\"https:\/\/mhcalculos.com.br\/noticias\/area\/trabalhista\/tst-justica-do-trabalho-lanca-programa-de-enfrentamento-ao-trabalho-escravo-trafico-de-pessoas-e-protecao-ao-trabalho-do-migrante.html\",\"url\":\"https:\/\/mhcalculos.com.br\/noticias\/area\/trabalhista\/tst-justica-do-trabalho-lanca-programa-de-enfrentamento-ao-trabalho-escravo-trafico-de-pessoas-e-protecao-ao-trabalho-do-migrante.html\",\"name\":\"TST: Justi\u00e7a do Trabalho lan\u00e7a Programa de Enfrentamento ao Trabalho Escravo, Tr\u00e1fico de Pessoas e Prote\u00e7\u00e3o ao Trabalho do Migrante | Portal de Not\u00edcias\",\"isPartOf\":{\"@id\":\"https:\/\/mhcalculos.com.br\/noticias\/#website\"},\"primaryImageOfPage\":{\"@id\":\"https:\/\/mhcalculos.com.br\/noticias\/area\/trabalhista\/tst-justica-do-trabalho-lanca-programa-de-enfrentamento-ao-trabalho-escravo-trafico-de-pessoas-e-protecao-ao-trabalho-do-migrante.html#primaryimage\"},\"image\":{\"@id\":\"https:\/\/mhcalculos.com.br\/noticias\/area\/trabalhista\/tst-justica-do-trabalho-lanca-programa-de-enfrentamento-ao-trabalho-escravo-trafico-de-pessoas-e-protecao-ao-trabalho-do-migrante.html#primaryimage\"},\"thumbnailUrl\":\"https:\/\/mhcalculos.com.br\/noticias\/wp-content\/uploads\/sites\/2\/2023\/10\/1697771113_judiciario-0009.jpg\",\"datePublished\":\"2023-10-18T23:10:00+00:00\",\"dateModified\":\"2025-04-09T13:15:39+00:00\",\"author\":{\"@id\":\"https:\/\/mhcalculos.com.br\/noticias\/#\/schema\/person\/88d1c34bf72dc779ea14a5a6b8e0ae8d\"},\"breadcrumb\":{\"@id\":\"https:\/\/mhcalculos.com.br\/noticias\/area\/trabalhista\/tst-justica-do-trabalho-lanca-programa-de-enfrentamento-ao-trabalho-escravo-trafico-de-pessoas-e-protecao-ao-trabalho-do-migrante.html#breadcrumb\"},\"inLanguage\":\"pt-BR\",\"potentialAction\":[{\"@type\":\"ReadAction\",\"target\":[\"https:\/\/mhcalculos.com.br\/noticias\/area\/trabalhista\/tst-justica-do-trabalho-lanca-programa-de-enfrentamento-ao-trabalho-escravo-trafico-de-pessoas-e-protecao-ao-trabalho-do-migrante.html\"]}]},{\"@type\":\"ImageObject\",\"inLanguage\":\"pt-BR\",\"@id\":\"https:\/\/mhcalculos.com.br\/noticias\/area\/trabalhista\/tst-justica-do-trabalho-lanca-programa-de-enfrentamento-ao-trabalho-escravo-trafico-de-pessoas-e-protecao-ao-trabalho-do-migrante.html#primaryimage\",\"url\":\"https:\/\/mhcalculos.com.br\/noticias\/wp-content\/uploads\/sites\/2\/2023\/10\/1697771113_judiciario-0009.jpg\",\"contentUrl\":\"https:\/\/mhcalculos.com.br\/noticias\/wp-content\/uploads\/sites\/2\/2023\/10\/1697771113_judiciario-0009.jpg\",\"width\":2000,\"height\":800},{\"@type\":\"BreadcrumbList\",\"@id\":\"https:\/\/mhcalculos.com.br\/noticias\/area\/trabalhista\/tst-justica-do-trabalho-lanca-programa-de-enfrentamento-ao-trabalho-escravo-trafico-de-pessoas-e-protecao-ao-trabalho-do-migrante.html#breadcrumb\",\"itemListElement\":[{\"@type\":\"ListItem\",\"position\":1,\"name\":\"In\u00edcio\",\"item\":\"https:\/\/mhcalculos.com.br\/noticias\/\"},{\"@type\":\"ListItem\",\"position\":2,\"name\":\"TST: Justi\u00e7a do Trabalho lan\u00e7a Programa de Enfrentamento ao Trabalho Escravo, Tr\u00e1fico de Pessoas e Prote\u00e7\u00e3o ao Trabalho do Migrante\"}]},{\"@type\":\"WebSite\",\"@id\":\"https:\/\/mhcalculos.com.br\/noticias\/#website\",\"url\":\"https:\/\/mhcalculos.com.br\/noticias\/\",\"name\":\"Portal de Not\u00edcias\",\"description\":\"Not\u00edcias e Jurisprud\u00eancia\",\"potentialAction\":[{\"@type\":\"SearchAction\",\"target\":{\"@type\":\"EntryPoint\",\"urlTemplate\":\"https:\/\/mhcalculos.com.br\/noticias\/?s={search_term_string}\"},\"query-input\":{\"@type\":\"PropertyValueSpecification\",\"valueRequired\":true,\"valueName\":\"search_term_string\"}}],\"inLanguage\":\"pt-BR\"},{\"@type\":\"Person\",\"@id\":\"https:\/\/mhcalculos.com.br\/noticias\/#\/schema\/person\/88d1c34bf72dc779ea14a5a6b8e0ae8d\",\"name\":\"Equipe MH\",\"image\":{\"@type\":\"ImageObject\",\"inLanguage\":\"pt-BR\",\"@id\":\"https:\/\/secure.gravatar.com\/avatar\/de1c686c2ecc9c5a3f327e3431d819eb39f8f05d4e1045f5a1caad6daaba987f?s=96&d=mm&r=g\",\"url\":\"https:\/\/secure.gravatar.com\/avatar\/de1c686c2ecc9c5a3f327e3431d819eb39f8f05d4e1045f5a1caad6daaba987f?s=96&d=mm&r=g\",\"contentUrl\":\"https:\/\/secure.gravatar.com\/avatar\/de1c686c2ecc9c5a3f327e3431d819eb39f8f05d4e1045f5a1caad6daaba987f?s=96&d=mm&r=g\",\"caption\":\"Equipe MH\"}}]}<\/script>\n<!-- \/ Yoast SEO plugin. -->","yoast_head_json":{"title":"TST: Justi\u00e7a do Trabalho lan\u00e7a Programa de Enfrentamento ao Trabalho Escravo, Tr\u00e1fico de Pessoas e Prote\u00e7\u00e3o ao Trabalho do Migrante | Portal de Not\u00edcias","robots":{"index":"index","follow":"follow","max-snippet":"max-snippet:-1","max-image-preview":"max-image-preview:large","max-video-preview":"max-video-preview:-1"},"canonical":"https:\/\/mhcalculos.com.br\/noticias\/area\/trabalhista\/tst-justica-do-trabalho-lanca-programa-de-enfrentamento-ao-trabalho-escravo-trafico-de-pessoas-e-protecao-ao-trabalho-do-migrante.html","og_locale":"pt_BR","og_type":"article","og_title":"TST: Justi\u00e7a do Trabalho lan\u00e7a Programa de Enfrentamento ao Trabalho Escravo, Tr\u00e1fico de Pessoas e Prote\u00e7\u00e3o ao Trabalho do Migrante | Portal de Not\u00edcias","og_description":"A a\u00e7\u00e3o faz parte da Pol\u00edtica Judici\u00e1ria Nacional de Trabalho Decente &nbsp; 18\/10\/23 &#8211;\u00a0Complementando as a\u00e7\u00f5es previstas na Pol\u00edtica Judici\u00e1ria Nacional de Trabalho Decente, institu\u00edda em agosto de 2023, a Justi\u00e7a do Trabalho lan\u00e7ou, nesta quarta-feira (18), o Programa de Enfrentamento ao Trabalho Escravo, ao Tr\u00e1fico de Pessoas e de Prote\u00e7\u00e3o ao Trabalho do Migrante. [&hellip;]","og_url":"https:\/\/mhcalculos.com.br\/noticias\/area\/trabalhista\/tst-justica-do-trabalho-lanca-programa-de-enfrentamento-ao-trabalho-escravo-trafico-de-pessoas-e-protecao-ao-trabalho-do-migrante.html","og_site_name":"Portal de Not\u00edcias","article_published_time":"2023-10-18T23:10:00+00:00","article_modified_time":"2025-04-09T13:15:39+00:00","og_image":[{"width":2000,"height":800,"url":"https:\/\/mhcalculos.com.br\/noticias\/wp-content\/uploads\/sites\/2\/2023\/10\/1697771113_judiciario-0009.jpg","type":"image\/jpeg"}],"author":"Equipe MH","twitter_card":"summary_large_image","twitter_misc":{"Escrito por":"Equipe MH","Est. tempo de leitura":"3 minutos"},"schema":{"@context":"https:\/\/schema.org","@graph":[{"@type":"Article","@id":"https:\/\/mhcalculos.com.br\/noticias\/area\/trabalhista\/tst-justica-do-trabalho-lanca-programa-de-enfrentamento-ao-trabalho-escravo-trafico-de-pessoas-e-protecao-ao-trabalho-do-migrante.html#article","isPartOf":{"@id":"https:\/\/mhcalculos.com.br\/noticias\/area\/trabalhista\/tst-justica-do-trabalho-lanca-programa-de-enfrentamento-ao-trabalho-escravo-trafico-de-pessoas-e-protecao-ao-trabalho-do-migrante.html"},"author":{"name":"Equipe MH","@id":"https:\/\/mhcalculos.com.br\/noticias\/#\/schema\/person\/88d1c34bf72dc779ea14a5a6b8e0ae8d"},"headline":"TST: Justi\u00e7a do Trabalho lan\u00e7a Programa de Enfrentamento ao Trabalho Escravo, Tr\u00e1fico de Pessoas e Prote\u00e7\u00e3o ao Trabalho do Migrante","datePublished":"2023-10-18T23:10:00+00:00","dateModified":"2025-04-09T13:15:39+00:00","mainEntityOfPage":{"@id":"https:\/\/mhcalculos.com.br\/noticias\/area\/trabalhista\/tst-justica-do-trabalho-lanca-programa-de-enfrentamento-ao-trabalho-escravo-trafico-de-pessoas-e-protecao-ao-trabalho-do-migrante.html"},"wordCount":536,"commentCount":0,"image":{"@id":"https:\/\/mhcalculos.com.br\/noticias\/area\/trabalhista\/tst-justica-do-trabalho-lanca-programa-de-enfrentamento-ao-trabalho-escravo-trafico-de-pessoas-e-protecao-ao-trabalho-do-migrante.html#primaryimage"},"thumbnailUrl":"https:\/\/mhcalculos.com.br\/noticias\/wp-content\/uploads\/sites\/2\/2023\/10\/1697771113_judiciario-0009.jpg","keywords":["c\u00e1lculos trabalhistas","direito trabalhista","per\u00edcia","perito","trabalho","TST"],"articleSection":["Direito Trabalhista","TST"],"inLanguage":"pt-BR","potentialAction":[{"@type":"CommentAction","name":"Comment","target":["https:\/\/mhcalculos.com.br\/noticias\/area\/trabalhista\/tst-justica-do-trabalho-lanca-programa-de-enfrentamento-ao-trabalho-escravo-trafico-de-pessoas-e-protecao-ao-trabalho-do-migrante.html#respond"]}]},{"@type":"WebPage","@id":"https:\/\/mhcalculos.com.br\/noticias\/area\/trabalhista\/tst-justica-do-trabalho-lanca-programa-de-enfrentamento-ao-trabalho-escravo-trafico-de-pessoas-e-protecao-ao-trabalho-do-migrante.html","url":"https:\/\/mhcalculos.com.br\/noticias\/area\/trabalhista\/tst-justica-do-trabalho-lanca-programa-de-enfrentamento-ao-trabalho-escravo-trafico-de-pessoas-e-protecao-ao-trabalho-do-migrante.html","name":"TST: Justi\u00e7a do Trabalho lan\u00e7a Programa de Enfrentamento ao Trabalho Escravo, Tr\u00e1fico de Pessoas e Prote\u00e7\u00e3o ao Trabalho do Migrante | Portal de Not\u00edcias","isPartOf":{"@id":"https:\/\/mhcalculos.com.br\/noticias\/#website"},"primaryImageOfPage":{"@id":"https:\/\/mhcalculos.com.br\/noticias\/area\/trabalhista\/tst-justica-do-trabalho-lanca-programa-de-enfrentamento-ao-trabalho-escravo-trafico-de-pessoas-e-protecao-ao-trabalho-do-migrante.html#primaryimage"},"image":{"@id":"https:\/\/mhcalculos.com.br\/noticias\/area\/trabalhista\/tst-justica-do-trabalho-lanca-programa-de-enfrentamento-ao-trabalho-escravo-trafico-de-pessoas-e-protecao-ao-trabalho-do-migrante.html#primaryimage"},"thumbnailUrl":"https:\/\/mhcalculos.com.br\/noticias\/wp-content\/uploads\/sites\/2\/2023\/10\/1697771113_judiciario-0009.jpg","datePublished":"2023-10-18T23:10:00+00:00","dateModified":"2025-04-09T13:15:39+00:00","author":{"@id":"https:\/\/mhcalculos.com.br\/noticias\/#\/schema\/person\/88d1c34bf72dc779ea14a5a6b8e0ae8d"},"breadcrumb":{"@id":"https:\/\/mhcalculos.com.br\/noticias\/area\/trabalhista\/tst-justica-do-trabalho-lanca-programa-de-enfrentamento-ao-trabalho-escravo-trafico-de-pessoas-e-protecao-ao-trabalho-do-migrante.html#breadcrumb"},"inLanguage":"pt-BR","potentialAction":[{"@type":"ReadAction","target":["https:\/\/mhcalculos.com.br\/noticias\/area\/trabalhista\/tst-justica-do-trabalho-lanca-programa-de-enfrentamento-ao-trabalho-escravo-trafico-de-pessoas-e-protecao-ao-trabalho-do-migrante.html"]}]},{"@type":"ImageObject","inLanguage":"pt-BR","@id":"https:\/\/mhcalculos.com.br\/noticias\/area\/trabalhista\/tst-justica-do-trabalho-lanca-programa-de-enfrentamento-ao-trabalho-escravo-trafico-de-pessoas-e-protecao-ao-trabalho-do-migrante.html#primaryimage","url":"https:\/\/mhcalculos.com.br\/noticias\/wp-content\/uploads\/sites\/2\/2023\/10\/1697771113_judiciario-0009.jpg","contentUrl":"https:\/\/mhcalculos.com.br\/noticias\/wp-content\/uploads\/sites\/2\/2023\/10\/1697771113_judiciario-0009.jpg","width":2000,"height":800},{"@type":"BreadcrumbList","@id":"https:\/\/mhcalculos.com.br\/noticias\/area\/trabalhista\/tst-justica-do-trabalho-lanca-programa-de-enfrentamento-ao-trabalho-escravo-trafico-de-pessoas-e-protecao-ao-trabalho-do-migrante.html#breadcrumb","itemListElement":[{"@type":"ListItem","position":1,"name":"In\u00edcio","item":"https:\/\/mhcalculos.com.br\/noticias\/"},{"@type":"ListItem","position":2,"name":"TST: Justi\u00e7a do Trabalho lan\u00e7a Programa de Enfrentamento ao Trabalho Escravo, Tr\u00e1fico de Pessoas e Prote\u00e7\u00e3o ao Trabalho do Migrante"}]},{"@type":"WebSite","@id":"https:\/\/mhcalculos.com.br\/noticias\/#website","url":"https:\/\/mhcalculos.com.br\/noticias\/","name":"Portal de Not\u00edcias","description":"Not\u00edcias e Jurisprud\u00eancia","potentialAction":[{"@type":"SearchAction","target":{"@type":"EntryPoint","urlTemplate":"https:\/\/mhcalculos.com.br\/noticias\/?s={search_term_string}"},"query-input":{"@type":"PropertyValueSpecification","valueRequired":true,"valueName":"search_term_string"}}],"inLanguage":"pt-BR"},{"@type":"Person","@id":"https:\/\/mhcalculos.com.br\/noticias\/#\/schema\/person\/88d1c34bf72dc779ea14a5a6b8e0ae8d","name":"Equipe MH","image":{"@type":"ImageObject","inLanguage":"pt-BR","@id":"https:\/\/secure.gravatar.com\/avatar\/de1c686c2ecc9c5a3f327e3431d819eb39f8f05d4e1045f5a1caad6daaba987f?s=96&d=mm&r=g","url":"https:\/\/secure.gravatar.com\/avatar\/de1c686c2ecc9c5a3f327e3431d819eb39f8f05d4e1045f5a1caad6daaba987f?s=96&d=mm&r=g","contentUrl":"https:\/\/secure.gravatar.com\/avatar\/de1c686c2ecc9c5a3f327e3431d819eb39f8f05d4e1045f5a1caad6daaba987f?s=96&d=mm&r=g","caption":"Equipe MH"}}]}},"_links":{"self":[{"href":"https:\/\/mhcalculos.com.br\/noticias\/wp-json\/wp\/v2\/posts\/12942","targetHints":{"allow":["GET"]}}],"collection":[{"href":"https:\/\/mhcalculos.com.br\/noticias\/wp-json\/wp\/v2\/posts"}],"about":[{"href":"https:\/\/mhcalculos.com.br\/noticias\/wp-json\/wp\/v2\/types\/post"}],"author":[{"embeddable":true,"href":"https:\/\/mhcalculos.com.br\/noticias\/wp-json\/wp\/v2\/users\/3063"}],"replies":[{"embeddable":true,"href":"https:\/\/mhcalculos.com.br\/noticias\/wp-json\/wp\/v2\/comments?post=12942"}],"version-history":[{"count":2,"href":"https:\/\/mhcalculos.com.br\/noticias\/wp-json\/wp\/v2\/posts\/12942\/revisions"}],"predecessor-version":[{"id":13501,"href":"https:\/\/mhcalculos.com.br\/noticias\/wp-json\/wp\/v2\/posts\/12942\/revisions\/13501"}],"wp:featuredmedia":[{"embeddable":true,"href":"https:\/\/mhcalculos.com.br\/noticias\/wp-json\/wp\/v2\/media\/12943"}],"wp:attachment":[{"href":"https:\/\/mhcalculos.com.br\/noticias\/wp-json\/wp\/v2\/media?parent=12942"}],"wp:term":[{"taxonomy":"category","embeddable":true,"href":"https:\/\/mhcalculos.com.br\/noticias\/wp-json\/wp\/v2\/categories?post=12942"},{"taxonomy":"post_tag","embeddable":true,"href":"https:\/\/mhcalculos.com.br\/noticias\/wp-json\/wp\/v2\/tags?post=12942"}],"curies":[{"name":"wp","href":"https:\/\/api.w.org\/{rel}","templated":true}]}}