{"id":12932,"date":"2023-10-16T13:30:00","date_gmt":"2023-10-16T16:30:00","guid":{"rendered":"https:\/\/mhcalculos.com.br\/noticias\/area\/trabalhista\/tst-empresa-de-carros-fortes-deve-responder-por-disparo-involuntario-de-arma-que-feriu-seguranca.html"},"modified":"2025-04-09T10:16:35","modified_gmt":"2025-04-09T13:16:35","slug":"tst-empresa-de-carros-fortes-deve-responder-por-disparo-involuntario-de-arma-que-feriu-seguranca","status":"publish","type":"post","link":"https:\/\/mhcalculos.com.br\/noticias\/area\/trabalhista\/tst-empresa-de-carros-fortes-deve-responder-por-disparo-involuntario-de-arma-que-feriu-seguranca.html","title":{"rendered":"TST: Empresa de carros-fortes deve responder por disparo involunt\u00e1rio de arma que feriu seguran\u00e7a"},"content":{"rendered":"\n<p>A decis\u00e3o leva em conta que a atividade de seguran\u00e7a armada \u00e9 de risco<\/p>\n<p>16\/10\/23 &#8211;\u00a0A Prosegur Brasil S.A &#8211; Transportadora de Valores e Seguran\u00e7a ter\u00e1 de responder por um acidente involunt\u00e1rio ocorrido com um seguran\u00e7a de Aracaju (SE), baleado na pr\u00f3pria perna ap\u00f3s sua arma ficar presa na porta do carro forte. A decis\u00e3o \u00e9 da Sexta Turma do Tribunal Superior do Trabalho, que aplicou ao caso a teoria da responsabilidade objetiva, baseada no risco da atividade.<\/p>\n<h4>Disparo<\/h4>\n<p>Na reclama\u00e7\u00e3o trabalhista, o seguran\u00e7a relatou que o acidente ocorreu quando o carro forte fazia uma coleta em um shopping da cidade. Ao descer do ve\u00edculo para retirar o ticket e liberar a cancela, sua arma, que estava no coldre, ficou presa no trinco da porta e disparou. O tiro atingiu sua perna e, em raz\u00e3o do ferimento, teve de ficar afastado por mais de um ano.<\/p>\n<h4>Sem nexo causal<\/h4>\n<p>Para a Prosegur, o acidente n\u00e3o teve nenhuma liga\u00e7\u00e3o com o exerc\u00edcio da fun\u00e7\u00e3o de seguran\u00e7a. Segundo a empresa, o reconhecimento como acidente de trabalho pela legisla\u00e7\u00e3o previdenci\u00e1ria n\u00e3o \u00e9 suficiente para responsabiliz\u00e1-la, pois o fato teria sido provocado pelo pr\u00f3prio empregado.<\/p>\n<h4>Culpa exclusiva<\/h4>\n<p>O ju\u00edzo da 6\u00aa Vara do Trabalho de Aracaju e o Tribunal Regional do Trabalho da 20\u00aa Regi\u00e3o (SE) consideraram que o trabalhador foi o \u00fanico respons\u00e1vel pelo acidente e negaram o pedido de indeniza\u00e7\u00e3o. \u201cA Prosegur n\u00e3o concorreu para a ocorr\u00eancia do acidente, restando clara a culpa exclusiva do empregado\u201d, diz a decis\u00e3o.<\/p>\n<h4>Risco<\/h4>\n<p>O relator do recurso de revista do seguran\u00e7a, desembargador Jos\u00e9 Pedro de Camargo, lembrou que o que define o risco n\u00e3o \u00e9 a atividade econ\u00f4mica desenvolvida pela empresa, mas a efetiva atividade executada pelo trabalhador. \u201cSe o trabalho \u00e9 perigoso \u2013 em fun\u00e7\u00e3o do seu intr\u00ednseco risco excepcional &#8211; n\u00e3o h\u00e1 por que se cogitar de culpa (exclusiva e concorrente) do trabalhador no disparo acidental da arma de fogo\u201d, ressaltou.<\/p>\n<h4>Fortuito interno<\/h4>\n<p>De acordo com o relator, trata-se de caso fortuito interno, ligado \u00e0 pr\u00f3pria atividade de risco exacerbado. \u201cO ato de disparo acidental ao movimentar-se dentro do carro forte \u00e9 \u00ednsito da atividade de vigil\u00e2ncia armada em transporte de valores\u201d, assinalou.<\/p>\n<h4>Jurisprud\u00eancia<\/h4>\n<p>Segundo ele, a jurisprud\u00eancia do TST vem se posicionando no sentido de que, diante da periculosidade da atividade exercida &#8211; e mesmo diante da conclus\u00e3o de que o empregado tenha atuado com culpa -, a empresa deve ser responsabilizada concorrentemente.<\/p>\n<p>Com o reconhecimento da responsabilidade objetiva, o processo dever\u00e1 voltar \u00e0 Vara do Trabalho para novo julgamento.<\/p>\n<p>(Ricardo Reis\/CF)<\/p>\n<p>Processo: <a href=\"https:\/\/consultaprocessual.tst.jus.br\/consultaProcessual\/consultaTstNumUnica.do?consulta=Consultar&amp;conscsjt=&amp;numeroTst=901&amp;digitoTst=35&amp;anoTst=2021&amp;orgaoTst=5&amp;tribunalTst=20&amp;varaTst=0006&amp;submit=Consultar\" target=\"_blank\" rel=\"noopener\">RR-901-35.2021.5.20.0006<\/a><\/p>\n<p><em>Esta mat\u00e9ria \u00e9 meramente informativa.<br \/>\nPermitida a reprodu\u00e7\u00e3o mediante cita\u00e7\u00e3o da fonte.<br \/>\nSecretaria de Comunica\u00e7\u00e3o Social<br \/>\n<a href=\"http:\/\/www.tst.jus.br\" target=\"_blank\" rel=\"noopener\">Tribunal Superior do Trabalho<\/a><br \/>\nTel. (61) 3043-4907<br \/>\n<a href=\"mailto:secom@tst.jus.br\" target=\"\" rel=\"noopener\">secom@tst.jus.br<\/a><\/em><\/p>\n<p><i>Com informa\u00e7\u00f5es da assessoria de imprensa do TST.<\/i><\/p>\n<p><a href=\"https:\/\/www.tst.jus.br\/web\/guest\/noticias?p_p_id=89Dk&amp;p_p_lifecycle=0&amp;refererPlid=10730&amp;_89Dk_groupId=10157&amp;_89Dk_articleId=32389405\">Fonte<\/a><\/p>\n\n","protected":false},"excerpt":{"rendered":"<p>A decis\u00e3o leva em conta que a atividade de seguran\u00e7a armada \u00e9 de risco 16\/10\/23 &#8211;\u00a0A Prosegur Brasil S.A &#8211; Transportadora de Valores e Seguran\u00e7a ter\u00e1 de responder por um acidente involunt\u00e1rio ocorrido com um seguran\u00e7a de Aracaju (SE), baleado na pr\u00f3pria perna ap\u00f3s sua arma ficar presa na porta do carro forte. A decis\u00e3o [&hellip;]<\/p>\n","protected":false},"author":3063,"featured_media":12933,"comment_status":"open","ping_status":"open","sticky":false,"template":"","format":"standard","meta":{"footnotes":""},"categories":[3,21],"tags":[33,216,9,12,217,215],"class_list":{"0":"post-12932","1":"post","2":"type-post","3":"status-publish","4":"format-standard","5":"has-post-thumbnail","7":"category-trabalhista","8":"category-tst","9":"tag-calculos-trabalhistas","10":"tag-direito-trabalhista","11":"tag-pericia","12":"tag-perito","13":"tag-trabalho","14":"tag-tst"},"yoast_head":"<!-- This site is optimized with the Yoast SEO plugin v27.2 - https:\/\/yoast.com\/product\/yoast-seo-wordpress\/ -->\n<title>TST: Empresa de carros-fortes deve responder por disparo involunt\u00e1rio de arma que feriu seguran\u00e7a | Portal de Not\u00edcias<\/title>\n<meta name=\"robots\" content=\"index, follow, max-snippet:-1, max-image-preview:large, max-video-preview:-1\" \/>\n<link rel=\"canonical\" href=\"https:\/\/mhcalculos.com.br\/noticias\/area\/trabalhista\/tst-empresa-de-carros-fortes-deve-responder-por-disparo-involuntario-de-arma-que-feriu-seguranca.html\" \/>\n<meta property=\"og:locale\" content=\"pt_BR\" \/>\n<meta property=\"og:type\" content=\"article\" \/>\n<meta property=\"og:title\" content=\"TST: Empresa de carros-fortes deve responder por disparo involunt\u00e1rio de arma que feriu seguran\u00e7a | Portal de Not\u00edcias\" \/>\n<meta property=\"og:description\" content=\"A decis\u00e3o leva em conta que a atividade de seguran\u00e7a armada \u00e9 de risco 16\/10\/23 &#8211;\u00a0A Prosegur Brasil S.A &#8211; Transportadora de Valores e Seguran\u00e7a ter\u00e1 de responder por um acidente involunt\u00e1rio ocorrido com um seguran\u00e7a de Aracaju (SE), baleado na pr\u00f3pria perna ap\u00f3s sua arma ficar presa na porta do carro forte. A decis\u00e3o [&hellip;]\" \/>\n<meta property=\"og:url\" content=\"https:\/\/mhcalculos.com.br\/noticias\/area\/trabalhista\/tst-empresa-de-carros-fortes-deve-responder-por-disparo-involuntario-de-arma-que-feriu-seguranca.html\" \/>\n<meta property=\"og:site_name\" content=\"Portal de Not\u00edcias\" \/>\n<meta property=\"article:published_time\" content=\"2023-10-16T16:30:00+00:00\" \/>\n<meta property=\"article:modified_time\" content=\"2025-04-09T13:16:35+00:00\" \/>\n<meta property=\"og:image\" content=\"https:\/\/mhcalculos.com.br\/noticias\/wp-content\/uploads\/sites\/2\/2023\/10\/trabalhista-0016.jpg\" \/>\n\t<meta property=\"og:image:width\" content=\"2000\" \/>\n\t<meta property=\"og:image:height\" content=\"800\" \/>\n\t<meta property=\"og:image:type\" content=\"image\/jpeg\" \/>\n<meta name=\"author\" content=\"Equipe MH\" \/>\n<meta name=\"twitter:card\" content=\"summary_large_image\" \/>\n<meta name=\"twitter:label1\" content=\"Escrito por\" \/>\n\t<meta name=\"twitter:data1\" content=\"Equipe MH\" \/>\n\t<meta name=\"twitter:label2\" content=\"Est. tempo de leitura\" \/>\n\t<meta name=\"twitter:data2\" content=\"3 minutos\" \/>\n<script type=\"application\/ld+json\" class=\"yoast-schema-graph\">{\"@context\":\"https:\/\/schema.org\",\"@graph\":[{\"@type\":\"Article\",\"@id\":\"https:\/\/mhcalculos.com.br\/noticias\/area\/trabalhista\/tst-empresa-de-carros-fortes-deve-responder-por-disparo-involuntario-de-arma-que-feriu-seguranca.html#article\",\"isPartOf\":{\"@id\":\"https:\/\/mhcalculos.com.br\/noticias\/area\/trabalhista\/tst-empresa-de-carros-fortes-deve-responder-por-disparo-involuntario-de-arma-que-feriu-seguranca.html\"},\"author\":{\"name\":\"Equipe MH\",\"@id\":\"https:\/\/mhcalculos.com.br\/noticias\/#\/schema\/person\/88d1c34bf72dc779ea14a5a6b8e0ae8d\"},\"headline\":\"TST: Empresa de carros-fortes deve responder por disparo involunt\u00e1rio de arma que feriu seguran\u00e7a\",\"datePublished\":\"2023-10-16T16:30:00+00:00\",\"dateModified\":\"2025-04-09T13:16:35+00:00\",\"mainEntityOfPage\":{\"@id\":\"https:\/\/mhcalculos.com.br\/noticias\/area\/trabalhista\/tst-empresa-de-carros-fortes-deve-responder-por-disparo-involuntario-de-arma-que-feriu-seguranca.html\"},\"wordCount\":511,\"commentCount\":0,\"image\":{\"@id\":\"https:\/\/mhcalculos.com.br\/noticias\/area\/trabalhista\/tst-empresa-de-carros-fortes-deve-responder-por-disparo-involuntario-de-arma-que-feriu-seguranca.html#primaryimage\"},\"thumbnailUrl\":\"https:\/\/mhcalculos.com.br\/noticias\/wp-content\/uploads\/sites\/2\/2023\/10\/trabalhista-0016.jpg\",\"keywords\":[\"c\u00e1lculos trabalhistas\",\"direito trabalhista\",\"per\u00edcia\",\"perito\",\"trabalho\",\"TST\"],\"articleSection\":[\"Direito Trabalhista\",\"TST\"],\"inLanguage\":\"pt-BR\",\"potentialAction\":[{\"@type\":\"CommentAction\",\"name\":\"Comment\",\"target\":[\"https:\/\/mhcalculos.com.br\/noticias\/area\/trabalhista\/tst-empresa-de-carros-fortes-deve-responder-por-disparo-involuntario-de-arma-que-feriu-seguranca.html#respond\"]}]},{\"@type\":\"WebPage\",\"@id\":\"https:\/\/mhcalculos.com.br\/noticias\/area\/trabalhista\/tst-empresa-de-carros-fortes-deve-responder-por-disparo-involuntario-de-arma-que-feriu-seguranca.html\",\"url\":\"https:\/\/mhcalculos.com.br\/noticias\/area\/trabalhista\/tst-empresa-de-carros-fortes-deve-responder-por-disparo-involuntario-de-arma-que-feriu-seguranca.html\",\"name\":\"TST: Empresa de carros-fortes deve responder por disparo involunt\u00e1rio de arma que feriu seguran\u00e7a | Portal de Not\u00edcias\",\"isPartOf\":{\"@id\":\"https:\/\/mhcalculos.com.br\/noticias\/#website\"},\"primaryImageOfPage\":{\"@id\":\"https:\/\/mhcalculos.com.br\/noticias\/area\/trabalhista\/tst-empresa-de-carros-fortes-deve-responder-por-disparo-involuntario-de-arma-que-feriu-seguranca.html#primaryimage\"},\"image\":{\"@id\":\"https:\/\/mhcalculos.com.br\/noticias\/area\/trabalhista\/tst-empresa-de-carros-fortes-deve-responder-por-disparo-involuntario-de-arma-que-feriu-seguranca.html#primaryimage\"},\"thumbnailUrl\":\"https:\/\/mhcalculos.com.br\/noticias\/wp-content\/uploads\/sites\/2\/2023\/10\/trabalhista-0016.jpg\",\"datePublished\":\"2023-10-16T16:30:00+00:00\",\"dateModified\":\"2025-04-09T13:16:35+00:00\",\"author\":{\"@id\":\"https:\/\/mhcalculos.com.br\/noticias\/#\/schema\/person\/88d1c34bf72dc779ea14a5a6b8e0ae8d\"},\"breadcrumb\":{\"@id\":\"https:\/\/mhcalculos.com.br\/noticias\/area\/trabalhista\/tst-empresa-de-carros-fortes-deve-responder-por-disparo-involuntario-de-arma-que-feriu-seguranca.html#breadcrumb\"},\"inLanguage\":\"pt-BR\",\"potentialAction\":[{\"@type\":\"ReadAction\",\"target\":[\"https:\/\/mhcalculos.com.br\/noticias\/area\/trabalhista\/tst-empresa-de-carros-fortes-deve-responder-por-disparo-involuntario-de-arma-que-feriu-seguranca.html\"]}]},{\"@type\":\"ImageObject\",\"inLanguage\":\"pt-BR\",\"@id\":\"https:\/\/mhcalculos.com.br\/noticias\/area\/trabalhista\/tst-empresa-de-carros-fortes-deve-responder-por-disparo-involuntario-de-arma-que-feriu-seguranca.html#primaryimage\",\"url\":\"https:\/\/mhcalculos.com.br\/noticias\/wp-content\/uploads\/sites\/2\/2023\/10\/trabalhista-0016.jpg\",\"contentUrl\":\"https:\/\/mhcalculos.com.br\/noticias\/wp-content\/uploads\/sites\/2\/2023\/10\/trabalhista-0016.jpg\",\"width\":2000,\"height\":800},{\"@type\":\"BreadcrumbList\",\"@id\":\"https:\/\/mhcalculos.com.br\/noticias\/area\/trabalhista\/tst-empresa-de-carros-fortes-deve-responder-por-disparo-involuntario-de-arma-que-feriu-seguranca.html#breadcrumb\",\"itemListElement\":[{\"@type\":\"ListItem\",\"position\":1,\"name\":\"In\u00edcio\",\"item\":\"https:\/\/mhcalculos.com.br\/noticias\/\"},{\"@type\":\"ListItem\",\"position\":2,\"name\":\"TST: Empresa de carros-fortes deve responder por disparo involunt\u00e1rio de arma que feriu seguran\u00e7a\"}]},{\"@type\":\"WebSite\",\"@id\":\"https:\/\/mhcalculos.com.br\/noticias\/#website\",\"url\":\"https:\/\/mhcalculos.com.br\/noticias\/\",\"name\":\"Portal de Not\u00edcias\",\"description\":\"Not\u00edcias e Jurisprud\u00eancia\",\"potentialAction\":[{\"@type\":\"SearchAction\",\"target\":{\"@type\":\"EntryPoint\",\"urlTemplate\":\"https:\/\/mhcalculos.com.br\/noticias\/?s={search_term_string}\"},\"query-input\":{\"@type\":\"PropertyValueSpecification\",\"valueRequired\":true,\"valueName\":\"search_term_string\"}}],\"inLanguage\":\"pt-BR\"},{\"@type\":\"Person\",\"@id\":\"https:\/\/mhcalculos.com.br\/noticias\/#\/schema\/person\/88d1c34bf72dc779ea14a5a6b8e0ae8d\",\"name\":\"Equipe MH\",\"image\":{\"@type\":\"ImageObject\",\"inLanguage\":\"pt-BR\",\"@id\":\"https:\/\/secure.gravatar.com\/avatar\/de1c686c2ecc9c5a3f327e3431d819eb39f8f05d4e1045f5a1caad6daaba987f?s=96&d=mm&r=g\",\"url\":\"https:\/\/secure.gravatar.com\/avatar\/de1c686c2ecc9c5a3f327e3431d819eb39f8f05d4e1045f5a1caad6daaba987f?s=96&d=mm&r=g\",\"contentUrl\":\"https:\/\/secure.gravatar.com\/avatar\/de1c686c2ecc9c5a3f327e3431d819eb39f8f05d4e1045f5a1caad6daaba987f?s=96&d=mm&r=g\",\"caption\":\"Equipe MH\"}}]}<\/script>\n<!-- \/ Yoast SEO plugin. -->","yoast_head_json":{"title":"TST: Empresa de carros-fortes deve responder por disparo involunt\u00e1rio de arma que feriu seguran\u00e7a | Portal de Not\u00edcias","robots":{"index":"index","follow":"follow","max-snippet":"max-snippet:-1","max-image-preview":"max-image-preview:large","max-video-preview":"max-video-preview:-1"},"canonical":"https:\/\/mhcalculos.com.br\/noticias\/area\/trabalhista\/tst-empresa-de-carros-fortes-deve-responder-por-disparo-involuntario-de-arma-que-feriu-seguranca.html","og_locale":"pt_BR","og_type":"article","og_title":"TST: Empresa de carros-fortes deve responder por disparo involunt\u00e1rio de arma que feriu seguran\u00e7a | Portal de Not\u00edcias","og_description":"A decis\u00e3o leva em conta que a atividade de seguran\u00e7a armada \u00e9 de risco 16\/10\/23 &#8211;\u00a0A Prosegur Brasil S.A &#8211; Transportadora de Valores e Seguran\u00e7a ter\u00e1 de responder por um acidente involunt\u00e1rio ocorrido com um seguran\u00e7a de Aracaju (SE), baleado na pr\u00f3pria perna ap\u00f3s sua arma ficar presa na porta do carro forte. A decis\u00e3o [&hellip;]","og_url":"https:\/\/mhcalculos.com.br\/noticias\/area\/trabalhista\/tst-empresa-de-carros-fortes-deve-responder-por-disparo-involuntario-de-arma-que-feriu-seguranca.html","og_site_name":"Portal de Not\u00edcias","article_published_time":"2023-10-16T16:30:00+00:00","article_modified_time":"2025-04-09T13:16:35+00:00","og_image":[{"width":2000,"height":800,"url":"https:\/\/mhcalculos.com.br\/noticias\/wp-content\/uploads\/sites\/2\/2023\/10\/trabalhista-0016.jpg","type":"image\/jpeg"}],"author":"Equipe MH","twitter_card":"summary_large_image","twitter_misc":{"Escrito por":"Equipe MH","Est. tempo de leitura":"3 minutos"},"schema":{"@context":"https:\/\/schema.org","@graph":[{"@type":"Article","@id":"https:\/\/mhcalculos.com.br\/noticias\/area\/trabalhista\/tst-empresa-de-carros-fortes-deve-responder-por-disparo-involuntario-de-arma-que-feriu-seguranca.html#article","isPartOf":{"@id":"https:\/\/mhcalculos.com.br\/noticias\/area\/trabalhista\/tst-empresa-de-carros-fortes-deve-responder-por-disparo-involuntario-de-arma-que-feriu-seguranca.html"},"author":{"name":"Equipe MH","@id":"https:\/\/mhcalculos.com.br\/noticias\/#\/schema\/person\/88d1c34bf72dc779ea14a5a6b8e0ae8d"},"headline":"TST: Empresa de carros-fortes deve responder por disparo involunt\u00e1rio de arma que feriu seguran\u00e7a","datePublished":"2023-10-16T16:30:00+00:00","dateModified":"2025-04-09T13:16:35+00:00","mainEntityOfPage":{"@id":"https:\/\/mhcalculos.com.br\/noticias\/area\/trabalhista\/tst-empresa-de-carros-fortes-deve-responder-por-disparo-involuntario-de-arma-que-feriu-seguranca.html"},"wordCount":511,"commentCount":0,"image":{"@id":"https:\/\/mhcalculos.com.br\/noticias\/area\/trabalhista\/tst-empresa-de-carros-fortes-deve-responder-por-disparo-involuntario-de-arma-que-feriu-seguranca.html#primaryimage"},"thumbnailUrl":"https:\/\/mhcalculos.com.br\/noticias\/wp-content\/uploads\/sites\/2\/2023\/10\/trabalhista-0016.jpg","keywords":["c\u00e1lculos trabalhistas","direito trabalhista","per\u00edcia","perito","trabalho","TST"],"articleSection":["Direito Trabalhista","TST"],"inLanguage":"pt-BR","potentialAction":[{"@type":"CommentAction","name":"Comment","target":["https:\/\/mhcalculos.com.br\/noticias\/area\/trabalhista\/tst-empresa-de-carros-fortes-deve-responder-por-disparo-involuntario-de-arma-que-feriu-seguranca.html#respond"]}]},{"@type":"WebPage","@id":"https:\/\/mhcalculos.com.br\/noticias\/area\/trabalhista\/tst-empresa-de-carros-fortes-deve-responder-por-disparo-involuntario-de-arma-que-feriu-seguranca.html","url":"https:\/\/mhcalculos.com.br\/noticias\/area\/trabalhista\/tst-empresa-de-carros-fortes-deve-responder-por-disparo-involuntario-de-arma-que-feriu-seguranca.html","name":"TST: Empresa de carros-fortes deve responder por disparo involunt\u00e1rio de arma que feriu seguran\u00e7a | Portal de Not\u00edcias","isPartOf":{"@id":"https:\/\/mhcalculos.com.br\/noticias\/#website"},"primaryImageOfPage":{"@id":"https:\/\/mhcalculos.com.br\/noticias\/area\/trabalhista\/tst-empresa-de-carros-fortes-deve-responder-por-disparo-involuntario-de-arma-que-feriu-seguranca.html#primaryimage"},"image":{"@id":"https:\/\/mhcalculos.com.br\/noticias\/area\/trabalhista\/tst-empresa-de-carros-fortes-deve-responder-por-disparo-involuntario-de-arma-que-feriu-seguranca.html#primaryimage"},"thumbnailUrl":"https:\/\/mhcalculos.com.br\/noticias\/wp-content\/uploads\/sites\/2\/2023\/10\/trabalhista-0016.jpg","datePublished":"2023-10-16T16:30:00+00:00","dateModified":"2025-04-09T13:16:35+00:00","author":{"@id":"https:\/\/mhcalculos.com.br\/noticias\/#\/schema\/person\/88d1c34bf72dc779ea14a5a6b8e0ae8d"},"breadcrumb":{"@id":"https:\/\/mhcalculos.com.br\/noticias\/area\/trabalhista\/tst-empresa-de-carros-fortes-deve-responder-por-disparo-involuntario-de-arma-que-feriu-seguranca.html#breadcrumb"},"inLanguage":"pt-BR","potentialAction":[{"@type":"ReadAction","target":["https:\/\/mhcalculos.com.br\/noticias\/area\/trabalhista\/tst-empresa-de-carros-fortes-deve-responder-por-disparo-involuntario-de-arma-que-feriu-seguranca.html"]}]},{"@type":"ImageObject","inLanguage":"pt-BR","@id":"https:\/\/mhcalculos.com.br\/noticias\/area\/trabalhista\/tst-empresa-de-carros-fortes-deve-responder-por-disparo-involuntario-de-arma-que-feriu-seguranca.html#primaryimage","url":"https:\/\/mhcalculos.com.br\/noticias\/wp-content\/uploads\/sites\/2\/2023\/10\/trabalhista-0016.jpg","contentUrl":"https:\/\/mhcalculos.com.br\/noticias\/wp-content\/uploads\/sites\/2\/2023\/10\/trabalhista-0016.jpg","width":2000,"height":800},{"@type":"BreadcrumbList","@id":"https:\/\/mhcalculos.com.br\/noticias\/area\/trabalhista\/tst-empresa-de-carros-fortes-deve-responder-por-disparo-involuntario-de-arma-que-feriu-seguranca.html#breadcrumb","itemListElement":[{"@type":"ListItem","position":1,"name":"In\u00edcio","item":"https:\/\/mhcalculos.com.br\/noticias\/"},{"@type":"ListItem","position":2,"name":"TST: Empresa de carros-fortes deve responder por disparo involunt\u00e1rio de arma que feriu seguran\u00e7a"}]},{"@type":"WebSite","@id":"https:\/\/mhcalculos.com.br\/noticias\/#website","url":"https:\/\/mhcalculos.com.br\/noticias\/","name":"Portal de Not\u00edcias","description":"Not\u00edcias e Jurisprud\u00eancia","potentialAction":[{"@type":"SearchAction","target":{"@type":"EntryPoint","urlTemplate":"https:\/\/mhcalculos.com.br\/noticias\/?s={search_term_string}"},"query-input":{"@type":"PropertyValueSpecification","valueRequired":true,"valueName":"search_term_string"}}],"inLanguage":"pt-BR"},{"@type":"Person","@id":"https:\/\/mhcalculos.com.br\/noticias\/#\/schema\/person\/88d1c34bf72dc779ea14a5a6b8e0ae8d","name":"Equipe MH","image":{"@type":"ImageObject","inLanguage":"pt-BR","@id":"https:\/\/secure.gravatar.com\/avatar\/de1c686c2ecc9c5a3f327e3431d819eb39f8f05d4e1045f5a1caad6daaba987f?s=96&d=mm&r=g","url":"https:\/\/secure.gravatar.com\/avatar\/de1c686c2ecc9c5a3f327e3431d819eb39f8f05d4e1045f5a1caad6daaba987f?s=96&d=mm&r=g","contentUrl":"https:\/\/secure.gravatar.com\/avatar\/de1c686c2ecc9c5a3f327e3431d819eb39f8f05d4e1045f5a1caad6daaba987f?s=96&d=mm&r=g","caption":"Equipe MH"}}]}},"_links":{"self":[{"href":"https:\/\/mhcalculos.com.br\/noticias\/wp-json\/wp\/v2\/posts\/12932","targetHints":{"allow":["GET"]}}],"collection":[{"href":"https:\/\/mhcalculos.com.br\/noticias\/wp-json\/wp\/v2\/posts"}],"about":[{"href":"https:\/\/mhcalculos.com.br\/noticias\/wp-json\/wp\/v2\/types\/post"}],"author":[{"embeddable":true,"href":"https:\/\/mhcalculos.com.br\/noticias\/wp-json\/wp\/v2\/users\/3063"}],"replies":[{"embeddable":true,"href":"https:\/\/mhcalculos.com.br\/noticias\/wp-json\/wp\/v2\/comments?post=12932"}],"version-history":[{"count":2,"href":"https:\/\/mhcalculos.com.br\/noticias\/wp-json\/wp\/v2\/posts\/12932\/revisions"}],"predecessor-version":[{"id":13507,"href":"https:\/\/mhcalculos.com.br\/noticias\/wp-json\/wp\/v2\/posts\/12932\/revisions\/13507"}],"wp:featuredmedia":[{"embeddable":true,"href":"https:\/\/mhcalculos.com.br\/noticias\/wp-json\/wp\/v2\/media\/12933"}],"wp:attachment":[{"href":"https:\/\/mhcalculos.com.br\/noticias\/wp-json\/wp\/v2\/media?parent=12932"}],"wp:term":[{"taxonomy":"category","embeddable":true,"href":"https:\/\/mhcalculos.com.br\/noticias\/wp-json\/wp\/v2\/categories?post=12932"},{"taxonomy":"post_tag","embeddable":true,"href":"https:\/\/mhcalculos.com.br\/noticias\/wp-json\/wp\/v2\/tags?post=12932"}],"curies":[{"name":"wp","href":"https:\/\/api.w.org\/{rel}","templated":true}]}}