{"id":12831,"date":"2023-09-22T17:09:00","date_gmt":"2023-09-22T20:09:00","guid":{"rendered":"https:\/\/mhcalculos.com.br\/noticias\/area\/trabalhista\/tst-tribunal-reforca-combate-a-exploracao-sexual-e-ao-trafico-de-mulheres-e-criancas.html"},"modified":"2025-04-09T10:33:57","modified_gmt":"2025-04-09T13:33:57","slug":"tst-tribunal-reforca-combate-a-exploracao-sexual-e-ao-trafico-de-mulheres-e-criancas","status":"publish","type":"post","link":"https:\/\/mhcalculos.com.br\/noticias\/area\/trabalhista\/tst-tribunal-reforca-combate-a-exploracao-sexual-e-ao-trafico-de-mulheres-e-criancas.html","title":{"rendered":"TST: Tribunal&nbsp;refor\u00e7a combate \u00e0 explora\u00e7\u00e3o sexual e ao tr\u00e1fico de mulheres e crian\u00e7as"},"content":{"rendered":"\n<p>Grupo de Trabalho e Pol\u00edtica Judici\u00e1ria Nacional de Trabalho Decente est\u00e3o entre as a\u00e7\u00f5es<\/p>\n<p>22\/09\/23 &#8211;\u00a0O dia 23 de setembro marca o Dia Internacional contra a Explora\u00e7\u00e3o Sexual e o Tr\u00e1fico de Mulheres e Crian\u00e7as. A data \u00e9 um momento de reflex\u00e3o e de a\u00e7\u00e3o global, chamando a aten\u00e7\u00e3o para quest\u00f5es profundamente preocupantes que afetam milh\u00f5es de pessoas em todo o mundo.<\/p>\n<p>A explora\u00e7\u00e3o sexual e o tr\u00e1fico humano s\u00e3o viola\u00e7\u00f5es alarmantes dos direitos humanos, com consequ\u00eancias devastadoras para as v\u00edtimas. Mulheres e crian\u00e7as s\u00e3o frequentemente as mais vulner\u00e1veis a essas pr\u00e1ticas, na maioria dos casos sofrendo explora\u00e7\u00e3o \u00a0escravid\u00e3o sexual e outros abusos.<\/p>\n<h4>Ant\u00edtese da dignidade<\/h4>\n<p>Para o presidente do TST, ministro Lelio Bentes Corr\u00eaa, o tr\u00e1fico de mulheres e crian\u00e7as para explora\u00e7\u00e3o sexual \u00e9 a ant\u00edtese do respeito \u00e0 dignidade da pessoa humana. \u201cInfelizmente, o fen\u00f4meno ainda \u00e9 frequente em todos os continentes\u201d, afirmou.<\/p>\n<p>Segundo ele, 79% das v\u00edtimas do tr\u00e1fico de pessoas s\u00e3o exploradas sexualmente. \u201cA paz e a justi\u00e7a social n\u00e3o ser\u00e3o poss\u00edveis enquanto algu\u00e9m, em qualquer lugar, ainda for v\u00edtima desse crime nefasto\u201d.<\/p>\n<h4>Aumento<\/h4>\n<p>Em 2020 e 2021, a Central de Atendimento \u00e0 Mulher (Disque 180) identificou que mais de 70% das den\u00fancias de tr\u00e1fico nacional e internacional de pessoas envolveram mulheres, crian\u00e7as ou adolescentes. Os n\u00fameros aumentaram em 2022 e no primeiro semestre de 2023, passando para 80% dos casos. \u00a0Os dados fazem parte do Painel de dados da Ouvidoria Nacional de Direitos Humanos.<\/p>\n<p>De acordo com o \u00faltimo Relat\u00f3rio Global sobre Tr\u00e1fico de Pessoas do Escrit\u00f3rio das Na\u00e7\u00f5es Unidas sobre Drogas e Crime (UNODC), mulheres e meninas continuam sendo as principais v\u00edtimas da pr\u00e1tica (65%). A finalidade de explora\u00e7\u00e3o sexual, que envolve fundamentalmente v\u00edtimas femininas (92%), representa 50% dos casos.<\/p>\n<h4>Piores formas de trabalho infantil<\/h4>\n<p>O tr\u00e1fico de crian\u00e7as e a utiliza\u00e7\u00e3o, a demanda e a oferta de crian\u00e7as para fins de prostitui\u00e7\u00e3o, produ\u00e7\u00e3o de pornografia ou atua\u00e7\u00f5es pornogr\u00e1ficas foi classificado pela Conven\u00e7\u00e3o 182 da Organiza\u00e7\u00e3o Internacional do Trabalho como uma das piores formas de trabalho infantil, juntamente com a escravid\u00e3o e o trabalho for\u00e7ado. O documento estabelece uma s\u00e9rie de obriga\u00e7\u00f5es aos Estados signat\u00e1rios para erradicar a presen\u00e7a de crian\u00e7as em conflitos armados, prostitui\u00e7\u00e3o, pornografia infantil e atividades il\u00edcitas, como tr\u00e1fico de drogas.<\/p>\n<h4>Atua\u00e7\u00e3o da Justi\u00e7a do Trabalho<\/h4>\n<p>Em janeiro de 2023, o TST criou um Grupo de Trabalho que vai propor um programa institucional de enfrentamento ao trabalho em condi\u00e7\u00f5es an\u00e1logas \u00e0 escravid\u00e3o e ao tr\u00e1fico de pessoas no \u00e2mbito do TST e do Conselho Superior da Justi\u00e7a do Trabalho (CSJT).<\/p>\n<p>J\u00e1 em outubro deste ano, o TST lan\u00e7ou a Pol\u00edtica Judici\u00e1ria Nacional de Trabalho Decente, com o objetivo de uniformizar, racionalizar e automatizar procedimentos e processos necess\u00e1rios ao aprimoramento da Justi\u00e7a do Trabalho e ampliar o acesso \u00e0 justi\u00e7a. A Pol\u00edtica \u00e9 composta de quatro programas: \u201cEnfrentamento ao Trabalho Escravo, ao Tr\u00e1fico de Pessoas e de Prote\u00e7\u00e3o ao Trabalho do Migrante\u201d, \u201cCombate ao Trabalho Infantil e Est\u00edmulo \u00e0 Aprendizagem\u201d, \u201cEquidade de Ra\u00e7a, G\u00eanero e Diversidade\u201d e \u201cTrabalho Seguro\u201d.<\/p>\n<h4>Data<\/h4>\n<p>A data de 23 de setembro como o Dia Internacional Contra a Explora\u00e7\u00e3o Sexual e o Tr\u00e1fico de Mulheres e Crian\u00e7as foi proposta em 1999 pelos pa\u00edses participantes da Confer\u00eancia Mundial de Coliga\u00e7\u00e3o contra o Tr\u00e1fico de Mulheres. A inspira\u00e7\u00e3o veio da Argentina, que, h\u00e1 110 anos, no dia 23 de setembro de 1913, promulgou a Lei Pal\u00e1cios, para punir quem promovesse ou facilitasse a prostitui\u00e7\u00e3o e a corrup\u00e7\u00e3o de crian\u00e7as e adolescentes.<\/p>\n<p>(Nathalia Valente\/\/CF)<\/p>\n<p><i>Com informa\u00e7\u00f5es da assessoria de imprensa do TST.<\/i><\/p>\n<p><a href=\"https:\/\/www.tst.jus.br\/web\/guest\/noticias?p_p_id=89Dk&amp;p_p_lifecycle=0&amp;refererPlid=10730&amp;_89Dk_groupId=10157&amp;_89Dk_articleId=32203631\">Fonte<\/a><\/p>\n\n","protected":false},"excerpt":{"rendered":"<p>Grupo de Trabalho e Pol\u00edtica Judici\u00e1ria Nacional de Trabalho Decente est\u00e3o entre as a\u00e7\u00f5es 22\/09\/23 &#8211;\u00a0O dia 23 de setembro marca o Dia Internacional contra a Explora\u00e7\u00e3o Sexual e o Tr\u00e1fico de Mulheres e Crian\u00e7as. A data \u00e9 um momento de reflex\u00e3o e de a\u00e7\u00e3o global, chamando a aten\u00e7\u00e3o para quest\u00f5es profundamente preocupantes que afetam [&hellip;]<\/p>\n","protected":false},"author":3063,"featured_media":12832,"comment_status":"open","ping_status":"open","sticky":false,"template":"","format":"standard","meta":{"footnotes":""},"categories":[3,21],"tags":[33,216,9,12,217,215],"class_list":{"0":"post-12831","1":"post","2":"type-post","3":"status-publish","4":"format-standard","5":"has-post-thumbnail","7":"category-trabalhista","8":"category-tst","9":"tag-calculos-trabalhistas","10":"tag-direito-trabalhista","11":"tag-pericia","12":"tag-perito","13":"tag-trabalho","14":"tag-tst"},"yoast_head":"<!-- This site is optimized with the Yoast SEO plugin v27.2 - https:\/\/yoast.com\/product\/yoast-seo-wordpress\/ -->\n<title>TST: Tribunal&nbsp;refor\u00e7a combate \u00e0 explora\u00e7\u00e3o sexual e ao tr\u00e1fico de mulheres e crian\u00e7as | Portal de Not\u00edcias<\/title>\n<meta name=\"robots\" content=\"index, follow, max-snippet:-1, max-image-preview:large, max-video-preview:-1\" \/>\n<link rel=\"canonical\" href=\"https:\/\/mhcalculos.com.br\/noticias\/area\/trabalhista\/tst-tribunal-reforca-combate-a-exploracao-sexual-e-ao-trafico-de-mulheres-e-criancas.html\" \/>\n<meta property=\"og:locale\" content=\"pt_BR\" \/>\n<meta property=\"og:type\" content=\"article\" \/>\n<meta property=\"og:title\" content=\"TST: Tribunal&nbsp;refor\u00e7a combate \u00e0 explora\u00e7\u00e3o sexual e ao tr\u00e1fico de mulheres e crian\u00e7as | Portal de Not\u00edcias\" \/>\n<meta property=\"og:description\" content=\"Grupo de Trabalho e Pol\u00edtica Judici\u00e1ria Nacional de Trabalho Decente est\u00e3o entre as a\u00e7\u00f5es 22\/09\/23 &#8211;\u00a0O dia 23 de setembro marca o Dia Internacional contra a Explora\u00e7\u00e3o Sexual e o Tr\u00e1fico de Mulheres e Crian\u00e7as. A data \u00e9 um momento de reflex\u00e3o e de a\u00e7\u00e3o global, chamando a aten\u00e7\u00e3o para quest\u00f5es profundamente preocupantes que afetam [&hellip;]\" \/>\n<meta property=\"og:url\" content=\"https:\/\/mhcalculos.com.br\/noticias\/area\/trabalhista\/tst-tribunal-reforca-combate-a-exploracao-sexual-e-ao-trafico-de-mulheres-e-criancas.html\" \/>\n<meta property=\"og:site_name\" content=\"Portal de Not\u00edcias\" \/>\n<meta property=\"article:published_time\" content=\"2023-09-22T20:09:00+00:00\" \/>\n<meta property=\"article:modified_time\" content=\"2025-04-09T13:33:57+00:00\" \/>\n<meta property=\"og:image\" content=\"https:\/\/mhcalculos.com.br\/noticias\/wp-content\/uploads\/sites\/2\/2023\/09\/trabalhista-0021.jpg\" \/>\n\t<meta property=\"og:image:width\" content=\"2000\" \/>\n\t<meta property=\"og:image:height\" content=\"800\" \/>\n\t<meta property=\"og:image:type\" content=\"image\/jpeg\" \/>\n<meta name=\"author\" content=\"Equipe MH\" \/>\n<meta name=\"twitter:card\" content=\"summary_large_image\" \/>\n<meta name=\"twitter:label1\" content=\"Escrito por\" \/>\n\t<meta name=\"twitter:data1\" content=\"Equipe MH\" \/>\n\t<meta name=\"twitter:label2\" content=\"Est. tempo de leitura\" \/>\n\t<meta name=\"twitter:data2\" content=\"4 minutos\" \/>\n<script type=\"application\/ld+json\" class=\"yoast-schema-graph\">{\"@context\":\"https:\/\/schema.org\",\"@graph\":[{\"@type\":\"Article\",\"@id\":\"https:\/\/mhcalculos.com.br\/noticias\/area\/trabalhista\/tst-tribunal-reforca-combate-a-exploracao-sexual-e-ao-trafico-de-mulheres-e-criancas.html#article\",\"isPartOf\":{\"@id\":\"https:\/\/mhcalculos.com.br\/noticias\/area\/trabalhista\/tst-tribunal-reforca-combate-a-exploracao-sexual-e-ao-trafico-de-mulheres-e-criancas.html\"},\"author\":{\"name\":\"Equipe MH\",\"@id\":\"https:\/\/mhcalculos.com.br\/noticias\/#\/schema\/person\/88d1c34bf72dc779ea14a5a6b8e0ae8d\"},\"headline\":\"TST: Tribunal&nbsp;refor\u00e7a combate \u00e0 explora\u00e7\u00e3o sexual e ao tr\u00e1fico de mulheres e crian\u00e7as\",\"datePublished\":\"2023-09-22T20:09:00+00:00\",\"dateModified\":\"2025-04-09T13:33:57+00:00\",\"mainEntityOfPage\":{\"@id\":\"https:\/\/mhcalculos.com.br\/noticias\/area\/trabalhista\/tst-tribunal-reforca-combate-a-exploracao-sexual-e-ao-trafico-de-mulheres-e-criancas.html\"},\"wordCount\":679,\"commentCount\":0,\"image\":{\"@id\":\"https:\/\/mhcalculos.com.br\/noticias\/area\/trabalhista\/tst-tribunal-reforca-combate-a-exploracao-sexual-e-ao-trafico-de-mulheres-e-criancas.html#primaryimage\"},\"thumbnailUrl\":\"https:\/\/mhcalculos.com.br\/noticias\/wp-content\/uploads\/sites\/2\/2023\/09\/trabalhista-0021.jpg\",\"keywords\":[\"c\u00e1lculos trabalhistas\",\"direito trabalhista\",\"per\u00edcia\",\"perito\",\"trabalho\",\"TST\"],\"articleSection\":[\"Direito Trabalhista\",\"TST\"],\"inLanguage\":\"pt-BR\",\"potentialAction\":[{\"@type\":\"CommentAction\",\"name\":\"Comment\",\"target\":[\"https:\/\/mhcalculos.com.br\/noticias\/area\/trabalhista\/tst-tribunal-reforca-combate-a-exploracao-sexual-e-ao-trafico-de-mulheres-e-criancas.html#respond\"]}]},{\"@type\":\"WebPage\",\"@id\":\"https:\/\/mhcalculos.com.br\/noticias\/area\/trabalhista\/tst-tribunal-reforca-combate-a-exploracao-sexual-e-ao-trafico-de-mulheres-e-criancas.html\",\"url\":\"https:\/\/mhcalculos.com.br\/noticias\/area\/trabalhista\/tst-tribunal-reforca-combate-a-exploracao-sexual-e-ao-trafico-de-mulheres-e-criancas.html\",\"name\":\"TST: Tribunal&nbsp;refor\u00e7a combate \u00e0 explora\u00e7\u00e3o sexual e ao tr\u00e1fico de mulheres e crian\u00e7as | Portal de Not\u00edcias\",\"isPartOf\":{\"@id\":\"https:\/\/mhcalculos.com.br\/noticias\/#website\"},\"primaryImageOfPage\":{\"@id\":\"https:\/\/mhcalculos.com.br\/noticias\/area\/trabalhista\/tst-tribunal-reforca-combate-a-exploracao-sexual-e-ao-trafico-de-mulheres-e-criancas.html#primaryimage\"},\"image\":{\"@id\":\"https:\/\/mhcalculos.com.br\/noticias\/area\/trabalhista\/tst-tribunal-reforca-combate-a-exploracao-sexual-e-ao-trafico-de-mulheres-e-criancas.html#primaryimage\"},\"thumbnailUrl\":\"https:\/\/mhcalculos.com.br\/noticias\/wp-content\/uploads\/sites\/2\/2023\/09\/trabalhista-0021.jpg\",\"datePublished\":\"2023-09-22T20:09:00+00:00\",\"dateModified\":\"2025-04-09T13:33:57+00:00\",\"author\":{\"@id\":\"https:\/\/mhcalculos.com.br\/noticias\/#\/schema\/person\/88d1c34bf72dc779ea14a5a6b8e0ae8d\"},\"breadcrumb\":{\"@id\":\"https:\/\/mhcalculos.com.br\/noticias\/area\/trabalhista\/tst-tribunal-reforca-combate-a-exploracao-sexual-e-ao-trafico-de-mulheres-e-criancas.html#breadcrumb\"},\"inLanguage\":\"pt-BR\",\"potentialAction\":[{\"@type\":\"ReadAction\",\"target\":[\"https:\/\/mhcalculos.com.br\/noticias\/area\/trabalhista\/tst-tribunal-reforca-combate-a-exploracao-sexual-e-ao-trafico-de-mulheres-e-criancas.html\"]}]},{\"@type\":\"ImageObject\",\"inLanguage\":\"pt-BR\",\"@id\":\"https:\/\/mhcalculos.com.br\/noticias\/area\/trabalhista\/tst-tribunal-reforca-combate-a-exploracao-sexual-e-ao-trafico-de-mulheres-e-criancas.html#primaryimage\",\"url\":\"https:\/\/mhcalculos.com.br\/noticias\/wp-content\/uploads\/sites\/2\/2023\/09\/trabalhista-0021.jpg\",\"contentUrl\":\"https:\/\/mhcalculos.com.br\/noticias\/wp-content\/uploads\/sites\/2\/2023\/09\/trabalhista-0021.jpg\",\"width\":2000,\"height\":800},{\"@type\":\"BreadcrumbList\",\"@id\":\"https:\/\/mhcalculos.com.br\/noticias\/area\/trabalhista\/tst-tribunal-reforca-combate-a-exploracao-sexual-e-ao-trafico-de-mulheres-e-criancas.html#breadcrumb\",\"itemListElement\":[{\"@type\":\"ListItem\",\"position\":1,\"name\":\"In\u00edcio\",\"item\":\"https:\/\/mhcalculos.com.br\/noticias\/\"},{\"@type\":\"ListItem\",\"position\":2,\"name\":\"TST: Tribunal&nbsp;refor\u00e7a combate \u00e0 explora\u00e7\u00e3o sexual e ao tr\u00e1fico de mulheres e crian\u00e7as\"}]},{\"@type\":\"WebSite\",\"@id\":\"https:\/\/mhcalculos.com.br\/noticias\/#website\",\"url\":\"https:\/\/mhcalculos.com.br\/noticias\/\",\"name\":\"Portal de Not\u00edcias\",\"description\":\"Not\u00edcias e Jurisprud\u00eancia\",\"potentialAction\":[{\"@type\":\"SearchAction\",\"target\":{\"@type\":\"EntryPoint\",\"urlTemplate\":\"https:\/\/mhcalculos.com.br\/noticias\/?s={search_term_string}\"},\"query-input\":{\"@type\":\"PropertyValueSpecification\",\"valueRequired\":true,\"valueName\":\"search_term_string\"}}],\"inLanguage\":\"pt-BR\"},{\"@type\":\"Person\",\"@id\":\"https:\/\/mhcalculos.com.br\/noticias\/#\/schema\/person\/88d1c34bf72dc779ea14a5a6b8e0ae8d\",\"name\":\"Equipe MH\",\"image\":{\"@type\":\"ImageObject\",\"inLanguage\":\"pt-BR\",\"@id\":\"https:\/\/secure.gravatar.com\/avatar\/de1c686c2ecc9c5a3f327e3431d819eb39f8f05d4e1045f5a1caad6daaba987f?s=96&d=mm&r=g\",\"url\":\"https:\/\/secure.gravatar.com\/avatar\/de1c686c2ecc9c5a3f327e3431d819eb39f8f05d4e1045f5a1caad6daaba987f?s=96&d=mm&r=g\",\"contentUrl\":\"https:\/\/secure.gravatar.com\/avatar\/de1c686c2ecc9c5a3f327e3431d819eb39f8f05d4e1045f5a1caad6daaba987f?s=96&d=mm&r=g\",\"caption\":\"Equipe MH\"}}]}<\/script>\n<!-- \/ Yoast SEO plugin. -->","yoast_head_json":{"title":"TST: Tribunal&nbsp;refor\u00e7a combate \u00e0 explora\u00e7\u00e3o sexual e ao tr\u00e1fico de mulheres e crian\u00e7as | Portal de Not\u00edcias","robots":{"index":"index","follow":"follow","max-snippet":"max-snippet:-1","max-image-preview":"max-image-preview:large","max-video-preview":"max-video-preview:-1"},"canonical":"https:\/\/mhcalculos.com.br\/noticias\/area\/trabalhista\/tst-tribunal-reforca-combate-a-exploracao-sexual-e-ao-trafico-de-mulheres-e-criancas.html","og_locale":"pt_BR","og_type":"article","og_title":"TST: Tribunal&nbsp;refor\u00e7a combate \u00e0 explora\u00e7\u00e3o sexual e ao tr\u00e1fico de mulheres e crian\u00e7as | Portal de Not\u00edcias","og_description":"Grupo de Trabalho e Pol\u00edtica Judici\u00e1ria Nacional de Trabalho Decente est\u00e3o entre as a\u00e7\u00f5es 22\/09\/23 &#8211;\u00a0O dia 23 de setembro marca o Dia Internacional contra a Explora\u00e7\u00e3o Sexual e o Tr\u00e1fico de Mulheres e Crian\u00e7as. A data \u00e9 um momento de reflex\u00e3o e de a\u00e7\u00e3o global, chamando a aten\u00e7\u00e3o para quest\u00f5es profundamente preocupantes que afetam [&hellip;]","og_url":"https:\/\/mhcalculos.com.br\/noticias\/area\/trabalhista\/tst-tribunal-reforca-combate-a-exploracao-sexual-e-ao-trafico-de-mulheres-e-criancas.html","og_site_name":"Portal de Not\u00edcias","article_published_time":"2023-09-22T20:09:00+00:00","article_modified_time":"2025-04-09T13:33:57+00:00","og_image":[{"width":2000,"height":800,"url":"https:\/\/mhcalculos.com.br\/noticias\/wp-content\/uploads\/sites\/2\/2023\/09\/trabalhista-0021.jpg","type":"image\/jpeg"}],"author":"Equipe MH","twitter_card":"summary_large_image","twitter_misc":{"Escrito por":"Equipe MH","Est. tempo de leitura":"4 minutos"},"schema":{"@context":"https:\/\/schema.org","@graph":[{"@type":"Article","@id":"https:\/\/mhcalculos.com.br\/noticias\/area\/trabalhista\/tst-tribunal-reforca-combate-a-exploracao-sexual-e-ao-trafico-de-mulheres-e-criancas.html#article","isPartOf":{"@id":"https:\/\/mhcalculos.com.br\/noticias\/area\/trabalhista\/tst-tribunal-reforca-combate-a-exploracao-sexual-e-ao-trafico-de-mulheres-e-criancas.html"},"author":{"name":"Equipe MH","@id":"https:\/\/mhcalculos.com.br\/noticias\/#\/schema\/person\/88d1c34bf72dc779ea14a5a6b8e0ae8d"},"headline":"TST: Tribunal&nbsp;refor\u00e7a combate \u00e0 explora\u00e7\u00e3o sexual e ao tr\u00e1fico de mulheres e crian\u00e7as","datePublished":"2023-09-22T20:09:00+00:00","dateModified":"2025-04-09T13:33:57+00:00","mainEntityOfPage":{"@id":"https:\/\/mhcalculos.com.br\/noticias\/area\/trabalhista\/tst-tribunal-reforca-combate-a-exploracao-sexual-e-ao-trafico-de-mulheres-e-criancas.html"},"wordCount":679,"commentCount":0,"image":{"@id":"https:\/\/mhcalculos.com.br\/noticias\/area\/trabalhista\/tst-tribunal-reforca-combate-a-exploracao-sexual-e-ao-trafico-de-mulheres-e-criancas.html#primaryimage"},"thumbnailUrl":"https:\/\/mhcalculos.com.br\/noticias\/wp-content\/uploads\/sites\/2\/2023\/09\/trabalhista-0021.jpg","keywords":["c\u00e1lculos trabalhistas","direito trabalhista","per\u00edcia","perito","trabalho","TST"],"articleSection":["Direito Trabalhista","TST"],"inLanguage":"pt-BR","potentialAction":[{"@type":"CommentAction","name":"Comment","target":["https:\/\/mhcalculos.com.br\/noticias\/area\/trabalhista\/tst-tribunal-reforca-combate-a-exploracao-sexual-e-ao-trafico-de-mulheres-e-criancas.html#respond"]}]},{"@type":"WebPage","@id":"https:\/\/mhcalculos.com.br\/noticias\/area\/trabalhista\/tst-tribunal-reforca-combate-a-exploracao-sexual-e-ao-trafico-de-mulheres-e-criancas.html","url":"https:\/\/mhcalculos.com.br\/noticias\/area\/trabalhista\/tst-tribunal-reforca-combate-a-exploracao-sexual-e-ao-trafico-de-mulheres-e-criancas.html","name":"TST: Tribunal&nbsp;refor\u00e7a combate \u00e0 explora\u00e7\u00e3o sexual e ao tr\u00e1fico de mulheres e crian\u00e7as | Portal de Not\u00edcias","isPartOf":{"@id":"https:\/\/mhcalculos.com.br\/noticias\/#website"},"primaryImageOfPage":{"@id":"https:\/\/mhcalculos.com.br\/noticias\/area\/trabalhista\/tst-tribunal-reforca-combate-a-exploracao-sexual-e-ao-trafico-de-mulheres-e-criancas.html#primaryimage"},"image":{"@id":"https:\/\/mhcalculos.com.br\/noticias\/area\/trabalhista\/tst-tribunal-reforca-combate-a-exploracao-sexual-e-ao-trafico-de-mulheres-e-criancas.html#primaryimage"},"thumbnailUrl":"https:\/\/mhcalculos.com.br\/noticias\/wp-content\/uploads\/sites\/2\/2023\/09\/trabalhista-0021.jpg","datePublished":"2023-09-22T20:09:00+00:00","dateModified":"2025-04-09T13:33:57+00:00","author":{"@id":"https:\/\/mhcalculos.com.br\/noticias\/#\/schema\/person\/88d1c34bf72dc779ea14a5a6b8e0ae8d"},"breadcrumb":{"@id":"https:\/\/mhcalculos.com.br\/noticias\/area\/trabalhista\/tst-tribunal-reforca-combate-a-exploracao-sexual-e-ao-trafico-de-mulheres-e-criancas.html#breadcrumb"},"inLanguage":"pt-BR","potentialAction":[{"@type":"ReadAction","target":["https:\/\/mhcalculos.com.br\/noticias\/area\/trabalhista\/tst-tribunal-reforca-combate-a-exploracao-sexual-e-ao-trafico-de-mulheres-e-criancas.html"]}]},{"@type":"ImageObject","inLanguage":"pt-BR","@id":"https:\/\/mhcalculos.com.br\/noticias\/area\/trabalhista\/tst-tribunal-reforca-combate-a-exploracao-sexual-e-ao-trafico-de-mulheres-e-criancas.html#primaryimage","url":"https:\/\/mhcalculos.com.br\/noticias\/wp-content\/uploads\/sites\/2\/2023\/09\/trabalhista-0021.jpg","contentUrl":"https:\/\/mhcalculos.com.br\/noticias\/wp-content\/uploads\/sites\/2\/2023\/09\/trabalhista-0021.jpg","width":2000,"height":800},{"@type":"BreadcrumbList","@id":"https:\/\/mhcalculos.com.br\/noticias\/area\/trabalhista\/tst-tribunal-reforca-combate-a-exploracao-sexual-e-ao-trafico-de-mulheres-e-criancas.html#breadcrumb","itemListElement":[{"@type":"ListItem","position":1,"name":"In\u00edcio","item":"https:\/\/mhcalculos.com.br\/noticias\/"},{"@type":"ListItem","position":2,"name":"TST: Tribunal&nbsp;refor\u00e7a combate \u00e0 explora\u00e7\u00e3o sexual e ao tr\u00e1fico de mulheres e crian\u00e7as"}]},{"@type":"WebSite","@id":"https:\/\/mhcalculos.com.br\/noticias\/#website","url":"https:\/\/mhcalculos.com.br\/noticias\/","name":"Portal de Not\u00edcias","description":"Not\u00edcias e Jurisprud\u00eancia","potentialAction":[{"@type":"SearchAction","target":{"@type":"EntryPoint","urlTemplate":"https:\/\/mhcalculos.com.br\/noticias\/?s={search_term_string}"},"query-input":{"@type":"PropertyValueSpecification","valueRequired":true,"valueName":"search_term_string"}}],"inLanguage":"pt-BR"},{"@type":"Person","@id":"https:\/\/mhcalculos.com.br\/noticias\/#\/schema\/person\/88d1c34bf72dc779ea14a5a6b8e0ae8d","name":"Equipe MH","image":{"@type":"ImageObject","inLanguage":"pt-BR","@id":"https:\/\/secure.gravatar.com\/avatar\/de1c686c2ecc9c5a3f327e3431d819eb39f8f05d4e1045f5a1caad6daaba987f?s=96&d=mm&r=g","url":"https:\/\/secure.gravatar.com\/avatar\/de1c686c2ecc9c5a3f327e3431d819eb39f8f05d4e1045f5a1caad6daaba987f?s=96&d=mm&r=g","contentUrl":"https:\/\/secure.gravatar.com\/avatar\/de1c686c2ecc9c5a3f327e3431d819eb39f8f05d4e1045f5a1caad6daaba987f?s=96&d=mm&r=g","caption":"Equipe MH"}}]}},"_links":{"self":[{"href":"https:\/\/mhcalculos.com.br\/noticias\/wp-json\/wp\/v2\/posts\/12831","targetHints":{"allow":["GET"]}}],"collection":[{"href":"https:\/\/mhcalculos.com.br\/noticias\/wp-json\/wp\/v2\/posts"}],"about":[{"href":"https:\/\/mhcalculos.com.br\/noticias\/wp-json\/wp\/v2\/types\/post"}],"author":[{"embeddable":true,"href":"https:\/\/mhcalculos.com.br\/noticias\/wp-json\/wp\/v2\/users\/3063"}],"replies":[{"embeddable":true,"href":"https:\/\/mhcalculos.com.br\/noticias\/wp-json\/wp\/v2\/comments?post=12831"}],"version-history":[{"count":2,"href":"https:\/\/mhcalculos.com.br\/noticias\/wp-json\/wp\/v2\/posts\/12831\/revisions"}],"predecessor-version":[{"id":13545,"href":"https:\/\/mhcalculos.com.br\/noticias\/wp-json\/wp\/v2\/posts\/12831\/revisions\/13545"}],"wp:featuredmedia":[{"embeddable":true,"href":"https:\/\/mhcalculos.com.br\/noticias\/wp-json\/wp\/v2\/media\/12832"}],"wp:attachment":[{"href":"https:\/\/mhcalculos.com.br\/noticias\/wp-json\/wp\/v2\/media?parent=12831"}],"wp:term":[{"taxonomy":"category","embeddable":true,"href":"https:\/\/mhcalculos.com.br\/noticias\/wp-json\/wp\/v2\/categories?post=12831"},{"taxonomy":"post_tag","embeddable":true,"href":"https:\/\/mhcalculos.com.br\/noticias\/wp-json\/wp\/v2\/tags?post=12831"}],"curies":[{"name":"wp","href":"https:\/\/api.w.org\/{rel}","templated":true}]}}