{"id":12819,"date":"2023-09-22T09:05:08","date_gmt":"2023-09-22T12:05:08","guid":{"rendered":"https:\/\/mhcalculos.com.br\/noticias\/cidadania\/semana-luta-das-pessoas-com-deficiencia.html"},"modified":"2023-09-22T09:05:08","modified_gmt":"2023-09-22T12:05:08","slug":"semana-luta-das-pessoas-com-deficiencia","status":"publish","type":"post","link":"https:\/\/mhcalculos.com.br\/noticias\/cidadania\/semana-luta-das-pessoas-com-deficiencia.html","title":{"rendered":"Semana luta das pessoas com defici\u00eancia"},"content":{"rendered":"<p> <br \/>\n<\/p>\n<div data-elementor-type=\"wp-post\" data-elementor-id=\"23744\" class=\"elementor elementor-23744\">\n<div class=\"elementor-element elementor-element-34da6aae she-header-yes e-flex e-con-boxed wpr-particle-no wpr-jarallax-no wpr-parallax-no wpr-sticky-section-no e-con e-parent\" data-id=\"34da6aae\" data-element_type=\"container\" data-settings=\"{&quot;background_background&quot;:&quot;classic&quot;,&quot;transparent&quot;:&quot;yes&quot;,&quot;scroll_distance&quot;:{&quot;unit&quot;:&quot;px&quot;,&quot;size&quot;:&quot;&quot;,&quot;sizes&quot;:[]},&quot;content_width&quot;:&quot;boxed&quot;,&quot;transparent_on&quot;:[&quot;desktop&quot;,&quot;tablet&quot;,&quot;mobile&quot;],&quot;scroll_distance_tablet&quot;:{&quot;unit&quot;:&quot;px&quot;,&quot;size&quot;:&quot;&quot;,&quot;sizes&quot;:[]},&quot;scroll_distance_mobile&quot;:{&quot;unit&quot;:&quot;px&quot;,&quot;size&quot;:&quot;&quot;,&quot;sizes&quot;:[]}}\" data-core-v316-plus=\"true\">\n<div class=\"e-con-inner\">\n<div class=\"elementor-element elementor-element-55e64444 e-flex e-con-boxed wpr-particle-no wpr-jarallax-no wpr-parallax-no wpr-sticky-section-no e-con e-child\" data-id=\"55e64444\" data-element_type=\"container\" data-settings=\"{&quot;content_width&quot;:&quot;boxed&quot;}\">\n<div class=\"e-con-inner\">\n<div class=\"elementor-element elementor-element-74d44d88 e-con-full e-flex wpr-particle-no wpr-jarallax-no wpr-parallax-no wpr-sticky-section-no e-con e-child\" data-id=\"74d44d88\" data-element_type=\"container\" data-settings=\"{&quot;content_width&quot;:&quot;full&quot;}\">\n<div class=\"elementor-element elementor-element-1a3ef691 elementor-widget__width-auto elementor-widget elementor-widget-image\" data-id=\"1a3ef691\" data-element_type=\"widget\" data-widget_type=\"image.default\">\n<div class=\"elementor-widget-container\">\n\t\t\t\/*! elementor &#8211; v3.16.0 &#8211; 12-09-2023 *\/<br \/>\n.elementor-widget-image{text-align:center}.elementor-widget-image a{display:inline-block}.elementor-widget-image a img[src$=&#8221;.svg&#8221;]{width:48px}.elementor-widget-image img{vertical-align:middle;display:inline-block}\t\t\t\t\t\t\t\t\t\t\t\t\t<a href=\"http:\/\/www.asidbrasil.org.br\/\"><br \/>\n\t\t\t\t\t\t\t\t\t\t\t\t\t\t\t<\/a>\n\t\t\t\t\t\t\t\t\t\t\t\t\t\t\t<\/div>\n<\/p><\/div>\n<\/p><\/div>\n<div class=\"elementor-element elementor-element-260eb4cf e-con-full e-flex wpr-particle-no wpr-jarallax-no wpr-parallax-no wpr-sticky-section-no e-con e-child\" data-id=\"260eb4cf\" data-element_type=\"container\" data-settings=\"{&quot;content_width&quot;:&quot;full&quot;}\">\n<div class=\"elementor-element elementor-element-62639424 elementor-widget__width-auto elementor-widget elementor-widget-ekit-nav-menu\" data-id=\"62639424\" data-element_type=\"widget\" data-widget_type=\"ekit-nav-menu.default\">\n<div class=\"elementor-widget-container\">\n<div class=\"ekit-wid-con ekit_menu_responsive_tablet\" data-hamburger-icon=\"icon icon-menu-button-of-three-horizontal-lines\" data-hamburger-icon-type=\"icon\" data-responsive-breakpoint=\"1024\">            <button class=\"elementskit-menu-hamburger elementskit-menu-toggler\" type=\"button\" aria-label=\"hamburger-icon\"><br \/>\n                <i aria-hidden=\"true\" class=\"ekit-menu-icon icon icon-menu-button-of-three-horizontal-lines\"><\/i>            <\/button><\/p>\n<div id=\"ekit-megamenu-principal\" class=\"elementskit-menu-container elementskit-menu-offcanvas-elements elementskit-navbar-nav-default elementskit_plus_icon ekit-nav-menu-one-page- ekit-nav-dropdown-hover\">\n<ul id=\"menu-principal\" class=\"elementskit-navbar-nav elementskit-menu-po-right submenu-click-on-icon\">\n<li id=\"menu-item-22763\" class=\"menu-item menu-item-type-post_type menu-item-object-page menu-item-home menu-item-has-children menu-item-22763 nav-item elementskit-dropdown-has relative_position elementskit-dropdown-menu-default_width elementskit-mobile-builder-content\" data-vertical-menu=\"750px\"><a href=\"https:\/\/www.asidbrasil.org.br\/\" class=\"ekit-menu-nav-link ekit-menu-dropdown-toggle\">In\u00edcio<i class=\"icon icon-down-arrow1 elementskit-submenu-indicator\"><\/i><\/a>\n<ul class=\"elementskit-dropdown elementskit-submenu-panel\">\n<li id=\"menu-item-23128\" class=\"menu-item menu-item-type-custom menu-item-object-custom menu-item-home menu-item-23128 nav-item elementskit-mobile-builder-content\" data-vertical-menu=\"750px\"><a href=\"https:\/\/www.asidbrasil.org.br\/#sobre-nos\" class=\" dropdown-item\">Sobre N\u00f3s<\/a>\n<li id=\"menu-item-23130\" class=\"menu-item menu-item-type-custom menu-item-object-custom menu-item-home menu-item-23130 nav-item elementskit-mobile-builder-content\" data-vertical-menu=\"750px\"><a href=\"https:\/\/www.asidbrasil.org.br\/#historia\" class=\" dropdown-item\">Hist\u00f3ria<\/a>\n<li id=\"menu-item-23132\" class=\"menu-item menu-item-type-custom menu-item-object-custom menu-item-home menu-item-23132 nav-item elementskit-mobile-builder-content\" data-vertical-menu=\"750px\"><a href=\"https:\/\/www.asidbrasil.org.br\/#pilares\" class=\" dropdown-item\">Pilares<\/a>\n<li id=\"menu-item-23133\" class=\"menu-item menu-item-type-custom menu-item-object-custom menu-item-home menu-item-23133 nav-item elementskit-mobile-builder-content\" data-vertical-menu=\"750px\"><a href=\"https:\/\/www.asidbrasil.org.br\/#atuacao\" class=\" dropdown-item\">Atua\u00e7\u00e3o<\/a>\n<li id=\"menu-item-23134\" class=\"menu-item menu-item-type-custom menu-item-object-custom menu-item-home menu-item-23134 nav-item elementskit-mobile-builder-content\" data-vertical-menu=\"750px\"><a href=\"https:\/\/www.asidbrasil.org.br\/#reconhecimentos\" class=\" dropdown-item\">Reconhecimentos<\/a><\/ul>\n<\/li>\n<li id=\"menu-item-451\" class=\"menu-item menu-item-type-post_type menu-item-object-page menu-item-has-children menu-item-451 nav-item elementskit-dropdown-has relative_position elementskit-dropdown-menu-default_width elementskit-mobile-builder-content\" data-vertical-menu=\"750px\"><a href=\"https:\/\/www.asidbrasil.org.br\/solucoes\/\" class=\"ekit-menu-nav-link ekit-menu-dropdown-toggle\">Solu\u00e7\u00f5es<i class=\"icon icon-down-arrow1 elementskit-submenu-indicator\"><\/i><\/a>\n<ul class=\"elementskit-dropdown elementskit-submenu-panel\">\n<li id=\"menu-item-23147\" class=\"menu-item menu-item-type-custom menu-item-object-custom menu-item-23147 nav-item elementskit-mobile-builder-content\" data-vertical-menu=\"750px\"><a href=\"https:\/\/www.asidbrasil.org.br\/solucoes\/#como-atuamos-solucoes\" class=\" dropdown-item\">Como Atuamos<\/a>\n<li id=\"menu-item-23148\" class=\"menu-item menu-item-type-custom menu-item-object-custom menu-item-23148 nav-item elementskit-mobile-builder-content\" data-vertical-menu=\"750px\"><a href=\"https:\/\/www.asidbrasil.org.br\/solucoes\/#nossas-solucoes\" class=\" dropdown-item\">Nossas Solu\u00e7\u00f5es<\/a><\/ul>\n<\/li>\n<li id=\"menu-item-22125\" class=\"menu-item menu-item-type-post_type menu-item-object-page menu-item-has-children menu-item-22125 nav-item elementskit-dropdown-has relative_position elementskit-dropdown-menu-default_width elementskit-mobile-builder-content\" data-vertical-menu=\"750px\"><a href=\"https:\/\/www.asidbrasil.org.br\/para-empresas\/\" class=\"ekit-menu-nav-link ekit-menu-dropdown-toggle\">Empresas<i class=\"icon icon-down-arrow1 elementskit-submenu-indicator\"><\/i><\/a>\n<ul class=\"elementskit-dropdown elementskit-submenu-panel\">\n<li id=\"menu-item-23135\" class=\"menu-item menu-item-type-custom menu-item-object-custom menu-item-23135 nav-item elementskit-mobile-builder-content\" data-vertical-menu=\"750px\"><a href=\"https:\/\/www.asidbrasil.org.br\/para-empresas\/#como-atuamos\" class=\" dropdown-item\">Como Atuamos<\/a>\n<li id=\"menu-item-23136\" class=\"menu-item menu-item-type-custom menu-item-object-custom menu-item-23136 nav-item elementskit-mobile-builder-content\" data-vertical-menu=\"750px\"><a href=\"https:\/\/www.asidbrasil.org.br\/para-empresas\/#investimento-social-privado\" class=\" dropdown-item\">Investimento Social Privado<\/a>\n<li id=\"menu-item-23139\" class=\"menu-item menu-item-type-custom menu-item-object-custom menu-item-23139 nav-item elementskit-mobile-builder-content\" data-vertical-menu=\"750px\"><a href=\"https:\/\/www.asidbrasil.org.br\/para-empresas\/#licenciamento\" class=\" dropdown-item\">Licenciamento<\/a>\n<li id=\"menu-item-23140\" class=\"menu-item menu-item-type-custom menu-item-object-custom menu-item-23140 nav-item elementskit-mobile-builder-content\" data-vertical-menu=\"750px\"><a href=\"https:\/\/www.asidbrasil.org.br\/para-empresas\/#clube-do-emprego\" class=\" dropdown-item\">Clube do Emprego<\/a>\n<li id=\"menu-item-23141\" class=\"menu-item menu-item-type-custom menu-item-object-custom menu-item-23141 nav-item elementskit-mobile-builder-content\" data-vertical-menu=\"750px\"><a href=\"https:\/\/www.asidbrasil.org.br\/para-empresas\/#selos\" class=\" dropdown-item\">Selos<\/a><\/ul>\n<\/li>\n<li id=\"menu-item-21956\" class=\"menu-item menu-item-type-post_type menu-item-object-page menu-item-21956 nav-item elementskit-mobile-builder-content\" data-vertical-menu=\"750px\"><a href=\"https:\/\/www.asidbrasil.org.br\/para-organizacoes\/\" class=\"ekit-menu-nav-link\">Organiza\u00e7\u00f5es<\/a><\/li>\n<li id=\"menu-item-22348\" class=\"menu-item menu-item-type-post_type menu-item-object-page menu-item-has-children menu-item-22348 nav-item elementskit-dropdown-has relative_position elementskit-dropdown-menu-default_width elementskit-mobile-builder-content\" data-vertical-menu=\"750px\"><a href=\"https:\/\/www.asidbrasil.org.br\/para-pessoa-com-deficiencia\/\" class=\"ekit-menu-nav-link ekit-menu-dropdown-toggle\">Pessoa com Defici\u00eancia<i class=\"icon icon-down-arrow1 elementskit-submenu-indicator\"><\/i><\/a>\n<ul class=\"elementskit-dropdown elementskit-submenu-panel\">\n<li id=\"menu-item-23142\" class=\"menu-item menu-item-type-custom menu-item-object-custom menu-item-23142 nav-item elementskit-mobile-builder-content\" data-vertical-menu=\"750px\"><a href=\"https:\/\/www.asidbrasil.org.br\/para-pessoa-com-deficiencia\/#como-atuamos-pcd\" class=\" dropdown-item\">Como Atuamos<\/a>\n<li id=\"menu-item-23143\" class=\"menu-item menu-item-type-custom menu-item-object-custom menu-item-23143 nav-item elementskit-mobile-builder-content\" data-vertical-menu=\"750px\"><a href=\"https:\/\/www.asidbrasil.org.br\/para-pessoa-com-deficiencia\/#projetos\" class=\" dropdown-item\">Projetos<\/a>\n<li id=\"menu-item-23144\" class=\"menu-item menu-item-type-custom menu-item-object-custom menu-item-23144 nav-item elementskit-mobile-builder-content\" data-vertical-menu=\"750px\"><a href=\"https:\/\/www.asidbrasil.org.br\/para-pessoa-com-deficiencia\/#clube-do-emprego-pcd\" class=\" dropdown-item\">Clube do Emprego<\/a>\n<li id=\"menu-item-23145\" class=\"menu-item menu-item-type-custom menu-item-object-custom menu-item-23145 nav-item elementskit-mobile-builder-content\" data-vertical-menu=\"750px\"><a href=\"https:\/\/www.asidbrasil.org.br\/para-pessoa-com-deficiencia\/#comunidades\" class=\" dropdown-item\">Comunidades<\/a>\n<li id=\"menu-item-23146\" class=\"menu-item menu-item-type-custom menu-item-object-custom menu-item-23146 nav-item elementskit-mobile-builder-content\" data-vertical-menu=\"750px\"><a href=\"https:\/\/www.asidbrasil.org.br\/para-pessoa-com-deficiencia\/#conteudo\" class=\" dropdown-item\">Conte\u00fado<\/a><\/ul>\n<\/li>\n<li id=\"menu-item-22074\" class=\"menu-item menu-item-type-post_type menu-item-object-page menu-item-has-children menu-item-22074 nav-item elementskit-dropdown-has relative_position elementskit-dropdown-menu-default_width elementskit-mobile-builder-content\" data-vertical-menu=\"750px\"><a href=\"https:\/\/www.asidbrasil.org.br\/conteudo\/\" class=\"ekit-menu-nav-link ekit-menu-dropdown-toggle\">Conte\u00fado<i class=\"icon icon-down-arrow1 elementskit-submenu-indicator\"><\/i><\/a>\n<ul class=\"elementskit-dropdown elementskit-submenu-panel\">\n<li id=\"menu-item-22691\" class=\"menu-item menu-item-type-post_type menu-item-object-page menu-item-22691 nav-item elementskit-mobile-builder-content\" data-vertical-menu=\"750px\"><a href=\"https:\/\/www.asidbrasil.org.br\/blog\/\" class=\" dropdown-item\">Blog<\/a>\n<li id=\"menu-item-23149\" class=\"menu-item menu-item-type-custom menu-item-object-custom menu-item-23149 nav-item elementskit-mobile-builder-content\" data-vertical-menu=\"750px\"><a href=\"http:\/\/www.asidbrasil.org.br\/conteudo\/#biblioteca-digital\" class=\" dropdown-item\">Biblioteca Digital<\/a>\n<li id=\"menu-item-22711\" class=\"menu-item menu-item-type-custom menu-item-object-custom menu-item-22711 nav-item elementskit-mobile-builder-content\" data-vertical-menu=\"750px\"><a href=\"http:\/\/www.asidbrasil.org.br\/conteudo\/#relatorios-de-impacto\" class=\" dropdown-item\">Relat\u00f3rios de Impacto<\/a>\n<li id=\"menu-item-22712\" class=\"menu-item menu-item-type-custom menu-item-object-custom menu-item-22712 nav-item elementskit-mobile-builder-content\" data-vertical-menu=\"750px\"><a href=\"http:\/\/www.asidbrasil.org.br\/conteudo\/#transparencia\" class=\" dropdown-item\">Transpar\u00eancia<\/a><\/ul>\n<\/li>\n<\/ul>\n<div class=\"elementskit-nav-identity-panel\">\n<div class=\"elementskit-site-title\">\n\t\t\t\t\t<a class=\"elementskit-nav-logo\" href=\"https:\/\/www.asidbrasil.org.br\" target=\"_self\" rel=\"noopener\"><br \/>\n\t\t\t\t\t\t<img decoding=\"async\" width=\"1831\" height=\"758\" data-src=\"https:\/\/www.asidbrasil.org.br\/wp-content\/uploads\/2022\/11\/Logo_principal_colorida-e1680558935183.png\" class=\"attachment-full size-full lazyload\" alt=\"Logo ASID Brasil\" src=\"data:image\/svg+xml;base64,PHN2ZyB3aWR0aD0iMSIgaGVpZ2h0PSIxIiB4bWxucz0iaHR0cDovL3d3dy53My5vcmcvMjAwMC9zdmciPjwvc3ZnPg==\" style=\"--smush-placeholder-width: 1831px; --smush-placeholder-aspect-ratio: 1831\/758;\" \/><br \/>\n\t\t\t\t\t<\/a>\n\t\t\t\t<\/div>\n<p><button class=\"elementskit-menu-close elementskit-menu-toggler\" type=\"button\">X<\/button><\/div>\n<\/div>\n<div class=\"elementskit-menu-overlay elementskit-menu-offcanvas-elements elementskit-menu-toggler ekit-nav-menu--overlay\"><\/div>\n<\/div><\/div>\n<\/p><\/div>\n<\/p><\/div>\n<\/p><\/div>\n<\/p><\/div>\n<\/p><\/div>\n<\/p><\/div>\n<div class=\"elementor-element elementor-element-523f19b e-flex e-con-boxed wpr-particle-no wpr-jarallax-no wpr-parallax-no wpr-sticky-section-no e-con e-parent\" data-id=\"523f19b\" data-element_type=\"container\" data-settings=\"{&quot;content_width&quot;:&quot;boxed&quot;}\" data-core-v316-plus=\"true\">\n<div class=\"e-con-inner\">\n<div class=\"elementor-element elementor-element-531fcc5 e-con-full e-flex wpr-particle-no wpr-jarallax-no wpr-parallax-no wpr-sticky-section-no e-con e-child\" data-id=\"531fcc5\" data-element_type=\"container\" data-settings=\"{&quot;content_width&quot;:&quot;full&quot;}\">\n<div class=\"elementor-element elementor-element-4d565b2 elementor-widget elementor-widget-image\" data-id=\"4d565b2\" data-element_type=\"widget\" data-widget_type=\"image.default\">\n<div class=\"elementor-widget-container\">\n\t\t\t\t\t\t\t\t\t\t\t\t\t\t\t<img decoding=\"async\" width=\"1200\" height=\"675\" data-src=\"https:\/\/www.asidbrasil.org.br\/wp-content\/uploads\/2023\/09\/CAPA-BLOG.jpg\" class=\"attachment-full size-full wp-image-23762 lazyload\" alt=\"Setembro verde\" src=\"data:image\/svg+xml;base64,PHN2ZyB3aWR0aD0iMSIgaGVpZ2h0PSIxIiB4bWxucz0iaHR0cDovL3d3dy53My5vcmcvMjAwMC9zdmciPjwvc3ZnPg==\" style=\"--smush-placeholder-width: 1200px; --smush-placeholder-aspect-ratio: 1200\/675;\" \/>\t\t\t\t\t\t\t\t\t\t\t\t\t\t\t<\/div>\n<\/p><\/div>\n<div class=\"elementor-element elementor-element-a52fec8 elementor-widget elementor-widget-heading\" data-id=\"a52fec8\" data-element_type=\"widget\" data-widget_type=\"heading.default\">\n<div class=\"elementor-widget-container\">\n\t\t\t\/*! elementor &#8211; v3.16.0 &#8211; 12-09-2023 *\/<br \/>\n.elementor-heading-title{padding:0;margin:0;line-height:1}.elementor-widget-heading .elementor-heading-title[class*=elementor-size-]&gt;a{color:inherit;font-size:inherit;line-height:inherit}.elementor-widget-heading .elementor-heading-title.elementor-size-small{font-size:15px}.elementor-widget-heading .elementor-heading-title.elementor-size-medium{font-size:19px}.elementor-widget-heading .elementor-heading-title.elementor-size-large{font-size:29px}.elementor-widget-heading .elementor-heading-title.elementor-size-xl{font-size:39px}.elementor-widget-heading .elementor-heading-title.elementor-size-xxl{font-size:59px}<\/p>\n<h1 class=\"elementor-heading-title elementor-size-default\">M\u00eas de luta pela inclus\u00e3o das pessoas com defici\u00eancia.<\/h1>\n<\/p><\/div>\n<\/p><\/div>\n<div class=\"elementor-element elementor-element-e38f4f8 elementor-widget elementor-widget-text-editor\" data-id=\"e38f4f8\" data-element_type=\"widget\" data-widget_type=\"text-editor.default\">\n<div class=\"elementor-widget-container\">\n\t\t\t\/*! elementor &#8211; v3.16.0 &#8211; 12-09-2023 *\/<br \/>\n.elementor-widget-text-editor.elementor-drop-cap-view-stacked .elementor-drop-cap{background-color:#69727d;color:#fff}.elementor-widget-text-editor.elementor-drop-cap-view-framed .elementor-drop-cap{color:#69727d;border:3px solid;background-color:transparent}.elementor-widget-text-editor:not(.elementor-drop-cap-view-default) .elementor-drop-cap{margin-top:8px}.elementor-widget-text-editor:not(.elementor-drop-cap-view-default) .elementor-drop-cap-letter{width:1em;height:1em}.elementor-widget-text-editor .elementor-drop-cap{float:left;text-align:center;line-height:1;font-size:50px}.elementor-widget-text-editor .elementor-drop-cap-letter{display:inline-block}\t\t\t\t<\/p>\n<p><span style=\"font-weight: 400\">Qual \u00e9 o significado do setembro verde? O m\u00eas marca o in\u00edcio da Primavera e est\u00e1 associado ao florescimento.\u00a0 Por isso, a Setembro tem uma liga\u00e7\u00e3o muito forte com a cor verde. Ela representa a esperan\u00e7a, o florescimento, renova\u00e7\u00e3o e dias melhores. <\/span><\/p>\n<p>\u00a0<\/p>\n<p><span style=\"font-weight: 400\">Al\u00e9m disso, Setembro estimula reflex\u00f5es sobre a inclus\u00e3o das pessoas com defici\u00eancia. <\/span><span style=\"font-weight: 400\"><br \/><\/span> <span style=\"font-weight: 400\">Por que essa conex\u00e3o t\u00e3o forte entre inclus\u00e3o e o m\u00eas de Setembro? Acompanhe a leitura para descobrir!<\/span><\/p>\n<\/p><\/div>\n<\/p><\/div>\n<div class=\"elementor-element elementor-element-8cce9a3 elementor-widget elementor-widget-text-editor\" data-id=\"8cce9a3\" data-element_type=\"widget\" data-widget_type=\"text-editor.default\">\n<div class=\"elementor-widget-container\">\n<p><span style=\"font-weight: 400\">Um m\u00eas para renovar a esperan\u00e7a em dias melhores!<\/span><\/p>\n<\/p><\/div>\n<\/p><\/div>\n<div class=\"elementor-element elementor-element-7d31e98 elementor-widget elementor-widget-text-editor\" data-id=\"7d31e98\" data-element_type=\"widget\" data-widget_type=\"text-editor.default\">\n<div class=\"elementor-widget-container\">\n<p><span style=\"font-weight: 400\">Setembro marca a campanha focada em inclus\u00e3o iniciada em 2015 pela parceria entre Federa\u00e7\u00e3o das Apaes do Estado de S\u00e3o Paulo (FEAPAES-SEP) e Apae de Valinhos (SP).<\/span><\/p>\n<p><span style=\"font-weight: 400\">O prop\u00f3sito \u00e9 apresentar setembro como refer\u00eancia na luta pelos direitos e inclus\u00e3o social das pessoas com defici\u00eancia. Isso acontece porque 21 de setembro \u00e9 o dia nacional da luta da pessoa com defici\u00eancia.<\/span><\/p>\n<\/p><\/div>\n<\/p><\/div>\n<div class=\"elementor-element elementor-element-133bafb elementor-widget elementor-widget-text-editor\" data-id=\"133bafb\" data-element_type=\"widget\" data-widget_type=\"text-editor.default\">\n<div class=\"elementor-widget-container\">\n<p><span style=\"font-weight: 400\">Um dia para recordar nossas lutas.<\/span><\/p>\n<\/p><\/div>\n<\/p><\/div>\n<div class=\"elementor-element elementor-element-def9350 elementor-widget elementor-widget-text-editor\" data-id=\"def9350\" data-element_type=\"widget\" data-widget_type=\"text-editor.default\">\n<div class=\"elementor-widget-container\">\n<p><span style=\"font-weight: 400\">J\u00e1 o dia 21 de setembro \u00e9 associado \u00e0 luta nacional da luta da pessoa com defici\u00eancia por motivos ainda mais antigos.<\/span><span style=\"font-weight: 400\"><br \/><\/span> <span style=\"font-weight: 400\">A data foi oficializada em 1982 pela Lei 11.133\/2005 por um esfor\u00e7o coletivo de movimentos sociais.<\/span><\/p>\n<p><span style=\"font-weight: 400\">Logo, a data representa uma diversidade de causas como:<\/span><\/p>\n<ul>\n<li style=\"font-weight: 400\"><b>Educa\u00e7\u00e3o inclusiva:<\/b><span style=\"font-weight: 400\">\u00a0 foco na inova\u00e7\u00e3o pedag\u00f3gica e acolhimento dos alunos com defici\u00eancia;<\/span><span style=\"font-weight: 400\"><br \/><\/span><span style=\"font-weight: 400\">\u00a0<\/span><\/li>\n<li style=\"font-weight: 400\"><b>Independ\u00eancia financeira:<\/b><span style=\"font-weight: 400\"> fortalecimento de pequenos neg\u00f3cios;<\/span><span style=\"font-weight: 400\"><br \/><\/span><span style=\"font-weight: 400\">\u00a0<\/span><\/li>\n<li style=\"font-weight: 400\"><b>Crescimento profissional:<\/b><span style=\"font-weight: 400\"> acesso a qualifica\u00e7\u00e3o espec\u00edfica para estar no controle da carreira;<\/span><span style=\"font-weight: 400\"><br \/><\/span><span style=\"font-weight: 400\">\u00a0<\/span><\/li>\n<li style=\"font-weight: 400\"><b>Autonomia e tomada de decis\u00e3o:<\/b><span style=\"font-weight: 400\"> trilhar caminhos pr\u00f3prios e exercer a tomada de decis\u00f5es.<\/span><\/li>\n<\/ul>\n<p><span style=\"font-weight: 400\">Cada experi\u00eancia de vida demanda recursos e tipos apropriados de acessibilidade.<\/span><\/p>\n<\/p><\/div>\n<\/p><\/div>\n<div class=\"elementor-element elementor-element-2e4e88b elementor-widget elementor-widget-text-editor\" data-id=\"2e4e88b\" data-element_type=\"widget\" data-widget_type=\"text-editor.default\">\n<div class=\"elementor-widget-container\">\n<p><span style=\"font-weight: 400\">As solu\u00e7\u00f5es ASID Brasil:<\/span><\/p>\n<\/p><\/div>\n<\/p><\/div>\n<div class=\"elementor-element elementor-element-5a85772 elementor-widget elementor-widget-text-editor\" data-id=\"5a85772\" data-element_type=\"widget\" data-widget_type=\"text-editor.default\">\n<div class=\"elementor-widget-container\">\n<p><span style=\"font-weight: 400\">A ASID Brasil luta pela quebra de barreiras e a naturaliza\u00e7\u00e3o das diferen\u00e7as. \u00c9 a partir desse posicionamento que impulsionamos a inclus\u00e3o socioecon\u00f4mica da pessoa com defici\u00eancia. Assim, um dos nossos focos \u00e9 a distribui\u00e7\u00e3o de conte\u00fado nas redes sociais sobre essa combina\u00e7\u00e3o de causas.\u00a0<\/span><\/p>\n<p><span style=\"font-weight: 400\">Nesse contexto, a ASID Brasil criou um \u201cUm chamado para a a\u00e7\u00e3o\u201d, um texto que convida toda a sociedade a pensar a respeito do tema inclus\u00e3o e enfatiza pontos fundamentais da aceita\u00e7\u00e3o da diversidade. Esse chamado sintetiza aspectos como:<\/span><\/p>\n<p>\u00a0<\/p>\n<ul>\n<li style=\"font-weight: 400\"><span style=\"font-weight: 400\">a busca da mudan\u00e7a pela combina\u00e7\u00e3o de esfor\u00e7os coletivos;<\/span><\/li>\n<li style=\"font-weight: 400\"><span style=\"font-weight: 400\">enfatizar \u201cnada sem n\u00f3s sobre n\u00f3s\u201d. \u00c9 uma escuta ativa para entender as perspectivas das pessoas com defici\u00eancia sobre as pr\u00f3prias barreiras;<\/span><\/li>\n<li style=\"font-weight: 400\"><span style=\"font-weight: 400\">Vida ativa, protagonismo, gera\u00e7\u00e3o de renda, oportunidades de trabalho e desenvolvimento inclusivo.\u00a0\u00a0<\/span><\/li>\n<\/ul>\n<p>\u00a0<\/p>\n<p><b>Acesse o documento \u201cUm chamado para a\u00e7\u00e3o\u201d clicando no bot\u00e3o abaixo:<\/b><\/p>\n<\/p><\/div>\n<\/p><\/div>\n<div class=\"elementor-element elementor-element-bb26c07 elementor-widget elementor-widget-button\" data-id=\"bb26c07\" data-element_type=\"widget\" data-widget_type=\"button.default\">\n<div class=\"elementor-widget-container\">\n<div class=\"elementor-button-wrapper\">\n\t\t\t<a class=\"elementor-button elementor-button-link elementor-size-sm\" href=\"https:\/\/conteudo.asidbrasil.org.br\/setembro-verde\" target=\"_blank\" rel=\"noopener\"><br \/>\n\t\t\t\t\t\t<span class=\"elementor-button-content-wrapper\"><br \/>\n\t\t\t\t\t\t<span class=\"elementor-button-text\">Um Chamado para Agir<\/span><br \/>\n\t\t<\/span><br \/>\n\t\t\t\t\t<\/a>\n\t\t<\/div>\n<\/p><\/div>\n<\/p><\/div>\n<div class=\"elementor-element elementor-element-2c1f80b elementor-widget elementor-widget-text-editor\" data-id=\"2c1f80b\" data-element_type=\"widget\" data-widget_type=\"text-editor.default\">\n<div class=\"elementor-widget-container\">\n<p><span style=\"font-weight: 400\">Em pontos mais espec\u00edficos, a ASID Brasil entrega impacto social atrav\u00e9s de projetos como:<\/span><\/p>\n<p><b>&#8220;Mais educa\u00e7\u00e3o&#8221;<\/b><span style=\"font-weight: 400\"> atende a demanda por educa\u00e7\u00e3o inclusiva\u00a0 a partir da dissemina\u00e7\u00e3o de boas pr\u00e1ticas de inclus\u00e3o.<\/span><\/p>\n<p><b>&#8220;Empreenda&#8221;<\/b><span style=\"font-weight: 400\"> fomenta o empreendedorismo da diversidade com apoio para tirar ideias do papel e fortalecer neg\u00f3cios j\u00e1 existentes.<\/span><\/p>\n<p><b>&#8220;Jornada tech&#8221; <\/b><span style=\"font-weight: 400\">fornece conte\u00fados t\u00e9cnicos e comportamentais, pr\u00e1ticas e viv\u00eancias.\u00a0 O benefici\u00e1rio assume maior protagonismo na carreira a partir do contato com esses conte\u00fados.<\/span><\/p>\n<p><b>&#8220;Projeto Asas&#8221; <\/b><span style=\"font-weight: 400\">estimula a cria\u00e7\u00e3o de um plano de vida personalizado para que os benefici\u00e1rios consigam usufruir de uma maior qualidade de vida.\u00a0 Eles acessam uma rotina adulta e terceira idade, com redes de apoio, seguran\u00e7a financeira e realiza\u00e7\u00e3o do que o faz feliz.<\/span><\/p>\n<\/p><\/div>\n<\/p><\/div>\n<div class=\"elementor-element elementor-element-5eb514d elementor-widget elementor-widget-text-editor\" data-id=\"5eb514d\" data-element_type=\"widget\" data-widget_type=\"text-editor.default\">\n<div class=\"elementor-widget-container\">\n<p><span style=\"font-weight: 400\">Falas memor\u00e1veis e que merecem reflex\u00e3o:<\/span><\/p>\n<\/p><\/div>\n<\/p><\/div>\n<div class=\"elementor-element elementor-element-1895155 elementor-widget elementor-widget-text-editor\" data-id=\"1895155\" data-element_type=\"widget\" data-widget_type=\"text-editor.default\">\n<div class=\"elementor-widget-container\">\n<p><span style=\"font-weight: 400\">A luta coletiva engloba, por exemplo, a busca por uma qualidade de vida melhor para pessoas com s\u00edndrome de Down. Sobre esse fato, o Embaixador ASID Brasil Claudio Aleoni Arruda menciona:<\/span><\/p>\n<p>\u00a0<\/p>\n<p><span style=\"font-weight: 400\">&#8220;<\/span><span style=\"font-weight: 400\">Trazer outro olhar sobre a pessoa com defici\u00eancia.<\/span><\/p>\n<p><span style=\"font-weight: 400\">Para sermos protagonistas da nossa hist\u00f3ria.<\/span><\/p>\n<p><span style=\"font-weight: 400\">Queremos mostrar a import\u00e2ncia da pessoa com s\u00edndrome de down.<\/span><\/p>\n<p><span style=\"font-weight: 400\">Podemos ter metas de vida.<\/span><\/p>\n<p><span style=\"font-weight: 400\">As leis devem ser cumpridas para termos oportunidades garantidas.<\/span><\/p>\n<p><span style=\"font-weight: 400\">Todas as pessoas com defici\u00eancias t\u00eam direitos e deveres!\u201d<\/span><\/p>\n<p>\u00a0<\/p>\n<p><span style=\"font-weight: 400\">O movimento das pessoas com defici\u00eancia com s\u00edndrome de Down faz parte de uma causa maior que \u00e9 a luta das pessoas com defici\u00eancia. S\u00e3o a\u00e7\u00f5es colaborativas que geram um resultado muito relevante.\u00a0<\/span><\/p>\n<\/p><\/div>\n<\/p><\/div>\n<div class=\"elementor-element elementor-element-9fc69b7 elementor-widget elementor-widget-text-editor\" data-id=\"9fc69b7\" data-element_type=\"widget\" data-widget_type=\"text-editor.default\">\n<div class=\"elementor-widget-container\">\n<p><span style=\"font-weight: 400\">ASID Brasil quer construir conhecimento sobre inclus\u00e3o:<\/span><\/p>\n<\/p><\/div>\n<\/p><\/div>\n<div class=\"elementor-element elementor-element-738596b elementor-widget elementor-widget-text-editor\" data-id=\"738596b\" data-element_type=\"widget\" data-widget_type=\"text-editor.default\">\n<div class=\"elementor-widget-container\">\n<p><span style=\"font-weight: 400\">Em 2022, as equipes Asiders passaram por um treinamento interno. O objetivo era conhecer mais a respeito do hist\u00f3rico da pessoa com defici\u00eancia, capacitismo, vieses inconscientes, leis, terminologias e a evolu\u00e7\u00e3o nos modos de realizar censos governamentais.<\/span><\/p>\n<p><span style=\"font-weight: 400\">A partir desse treinamento, as equipes Asiders resumiram todos os conceitos trabalhados e analisados num e-book chamado\u00a0 \u201cDiversidade e Inclus\u00e3o 2023\u201d.<\/span><\/p>\n<p><span style=\"font-weight: 400\">Muitas ideias foram compartilhadas para consolidar um conhecimento robusto e disseminar conceitos fundamentais sobre inclus\u00e3o.\u00a0<\/span><\/p>\n<p><span style=\"font-weight: 400\">Dessa forma, a ASID Brasil se posiciona como uma marca especialista.\u00a0<\/span><\/p>\n<p>\u00a0<\/p>\n<p><b>Em breve, a ASID disponibilizar\u00e1 o E-book. Acompanhe o nosso conte\u00fado!<\/b><\/p>\n<\/p><\/div>\n<\/p><\/div>\n<div class=\"elementor-element elementor-element-45fdda8 elementor-widget-divider--view-line elementor-widget elementor-widget-divider\" data-id=\"45fdda8\" data-element_type=\"widget\" data-widget_type=\"divider.default\">\n<div class=\"elementor-widget-container\">\n\t\t\t\/*! elementor &#8211; v3.16.0 &#8211; 12-09-2023 *\/<br \/>\n.elementor-widget-divider{&#8211;divider-border-style:none;&#8211;divider-border-width:1px;&#8211;divider-color:#0c0d0e;&#8211;divider-icon-size:20px;&#8211;divider-element-spacing:10px;&#8211;divider-pattern-height:24px;&#8211;divider-pattern-size:20px;&#8211;divider-pattern-url:none;&#8211;divider-pattern-repeat:repeat-x}.elementor-widget-divider .elementor-divider{display:flex}.elementor-widget-divider .elementor-divider__text{font-size:15px;line-height:1;max-width:95%}.elementor-widget-divider .elementor-divider__element{margin:0 var(&#8211;divider-element-spacing);flex-shrink:0}.elementor-widget-divider .elementor-icon{font-size:var(&#8211;divider-icon-size)}.elementor-widget-divider .elementor-divider-separator{display:flex;margin:0;direction:ltr}.elementor-widget-divider&#8211;view-line_icon .elementor-divider-separator,.elementor-widget-divider&#8211;view-line_text .elementor-divider-separator{align-items:center}.elementor-widget-divider&#8211;view-line_icon .elementor-divider-separator:after,.elementor-widget-divider&#8211;view-line_icon .elementor-divider-separator:before,.elementor-widget-divider&#8211;view-line_text .elementor-divider-separator:after,.elementor-widget-divider&#8211;view-line_text .elementor-divider-separator:before{display:block;content:&#8221;&#8221;;border-bottom:0;flex-grow:1;border-top:var(&#8211;divider-border-width) var(&#8211;divider-border-style) var(&#8211;divider-color)}.elementor-widget-divider&#8211;element-align-left .elementor-divider .elementor-divider-separator&gt;.elementor-divider__svg:first-of-type{flex-grow:0;flex-shrink:100}.elementor-widget-divider&#8211;element-align-left .elementor-divider-separator:before{content:none}.elementor-widget-divider&#8211;element-align-left .elementor-divider__element{margin-left:0}.elementor-widget-divider&#8211;element-align-right .elementor-divider .elementor-divider-separator&gt;.elementor-divider__svg:last-of-type{flex-grow:0;flex-shrink:100}.elementor-widget-divider&#8211;element-align-right .elementor-divider-separator:after{content:none}.elementor-widget-divider&#8211;element-align-right .elementor-divider__element{margin-right:0}.elementor-widget-divider:not(.elementor-widget-divider&#8211;view-line_text):not(.elementor-widget-divider&#8211;view-line_icon) .elementor-divider-separator{border-top:var(&#8211;divider-border-width) var(&#8211;divider-border-style) var(&#8211;divider-color)}.elementor-widget-divider&#8211;separator-type-pattern{&#8211;divider-border-style:none}.elementor-widget-divider&#8211;separator-type-pattern.elementor-widget-divider&#8211;view-line .elementor-divider-separator,.elementor-widget-divider&#8211;separator-type-pattern:not(.elementor-widget-divider&#8211;view-line) .elementor-divider-separator:after,.elementor-widget-divider&#8211;separator-type-pattern:not(.elementor-widget-divider&#8211;view-line) .elementor-divider-separator:before,.elementor-widget-divider&#8211;separator-type-pattern:not([class*=elementor-widget-divider&#8211;view]) .elementor-divider-separator{width:100%;min-height:var(&#8211;divider-pattern-height);-webkit-mask-size:var(&#8211;divider-pattern-size) 100%;mask-size:var(&#8211;divider-pattern-size) 100%;-webkit-mask-repeat:var(&#8211;divider-pattern-repeat);mask-repeat:var(&#8211;divider-pattern-repeat);background-color:var(&#8211;divider-color);-webkit-mask-image:var(&#8211;divider-pattern-url);mask-image:var(&#8211;divider-pattern-url)}.elementor-widget-divider&#8211;no-spacing{&#8211;divider-pattern-size:auto}.elementor-widget-divider&#8211;bg-round{&#8211;divider-pattern-repeat:round}.rtl .elementor-widget-divider .elementor-divider__text{direction:rtl}.e-con-inner&gt;.elementor-widget-divider,.e-con&gt;.elementor-widget-divider{width:var(&#8211;container-widget-width,100%);&#8211;flex-grow:var(&#8211;container-widget-flex-grow)}\t\t<\/p>\n<div class=\"elementor-divider\">\n\t\t\t<span class=\"elementor-divider-separator\"><br \/>\n\t\t\t\t\t\t<\/span>\n\t\t<\/div>\n<\/p><\/div>\n<\/p><\/div>\n<div class=\"elementor-element elementor-element-dce04ef elementor-widget__width-initial elementor-widget elementor-widget-image\" data-id=\"dce04ef\" data-element_type=\"widget\" data-widget_type=\"image.default\">\n<div class=\"elementor-widget-container\">\n\t\t\t\t\t\t\t\t\t\t\t\t\t\t\t<img decoding=\"async\" width=\"525\" height=\"217\" data-src=\"https:\/\/www.asidbrasil.org.br\/wp-content\/uploads\/2022\/11\/Logo_principal_colorida-e1680558935183-1024x424.png\" class=\"attachment-large size-large wp-image-148 lazyload\" alt=\"Logo ASID Brasil\" src=\"data:image\/svg+xml;base64,PHN2ZyB3aWR0aD0iMSIgaGVpZ2h0PSIxIiB4bWxucz0iaHR0cDovL3d3dy53My5vcmcvMjAwMC9zdmciPjwvc3ZnPg==\" style=\"--smush-placeholder-width: 525px; --smush-placeholder-aspect-ratio: 525\/217;\" \/>\t\t\t\t\t\t\t\t\t\t\t\t\t\t\t<\/div>\n<\/p><\/div>\n<div class=\"elementor-element elementor-element-141698a7 elementor-widget elementor-widget-elementskit-social-media\" data-id=\"141698a7\" data-element_type=\"widget\" data-widget_type=\"elementskit-social-media.default\">\n<div class=\"elementor-widget-container\">\n<div class=\"ekit-wid-con\">\n<ul class=\"ekit_social_media\">\n<li class=\"elementor-repeater-item-1399011\">\n\t\t\t\t\t    <a href=\"https:\/\/www.instagram.com\/asidbrasil\/\" aria-label=\"Instagram\" class=\"instagram\"><\/p>\n<p>\t\t\t\t\t\t\t<i aria-hidden=\"true\" class=\"fab fa-instagram\"><\/i><br \/>\n                                                                                                            <\/a>\n                    <\/li>\n<li class=\"elementor-repeater-item-c8596be\">\n\t\t\t\t\t    <a href=\"https:\/\/www.youtube.com\/c\/ASIDBrasil\" aria-label=\"YouTube\" class=\"youtube\"><\/p>\n<p>\t\t\t\t\t\t\t<i aria-hidden=\"true\" class=\"fab fa-youtube\"><\/i><br \/>\n                                                                                                            <\/a>\n                    <\/li>\n<li class=\"elementor-repeater-item-048c536\">\n\t\t\t\t\t    <a href=\"https:\/\/www.linkedin.com\/company\/asidbrasil\/\" aria-label=\"Linkedin\" class=\"in\"><\/p>\n<p>\t\t\t\t\t\t\t<i aria-hidden=\"true\" class=\"fab fa-linkedin-in\"><\/i><br \/>\n                                                                                                            <\/a>\n                    <\/li>\n<li class=\"elementor-repeater-item-da8f4de\">\n\t\t\t\t\t    <a href=\"https:\/\/www.facebook.com\/asidbrasil\" aria-label=\"Facebook\" class=\"f\"><\/p>\n<p>\t\t\t\t\t\t\t<i aria-hidden=\"true\" class=\"fab fa-facebook-f\"><\/i><br \/>\n                                                                                                            <\/a>\n                    <\/li>\n<\/ul><\/div>\n<\/p><\/div>\n<\/p><\/div>\n<\/p><\/div>\n<div class=\"elementor-element elementor-element-31a278f e-flex e-con-boxed wpr-particle-no wpr-jarallax-no wpr-parallax-no wpr-sticky-section-no e-con e-child\" data-id=\"31a278f\" data-element_type=\"container\" data-settings=\"{&quot;content_width&quot;:&quot;boxed&quot;}\">\n<div class=\"e-con-inner\">\n<div class=\"elementor-element elementor-element-e195419 elementor-widget elementor-widget-sidebar\" data-id=\"e195419\" data-element_type=\"widget\" data-widget_type=\"sidebar.default\">\n<div class=\"elementor-widget-container\">\n<section id=\"recent-posts-2\" class=\"widget widget_recent_entries\">\n<h2 class=\"widget-title\">Posts recentes<\/h2>\n<nav aria-label=\"Posts recentes\">\n<ul>\n<li>\n\t\t\t\t\t<a href=\"https:\/\/www.asidbrasil.org.br\/2023\/09\/20\/semana-luta-das-pessoas-com-deficiencia\/\">Semana luta das pessoas com defici\u00eancia<\/a>\n\t\t\t\t\t\t\t\t\t<\/li>\n<li>\n\t\t\t\t\t<a href=\"https:\/\/www.asidbrasil.org.br\/2023\/09\/19\/impact-journey\/\">ASID Brasil e SAP lan\u00e7am edital para acelerar organiza\u00e7\u00f5es que atuam na causa da pessoa com defici\u00eancia<\/a>\n\t\t\t\t\t\t\t\t\t<\/li>\n<li>\n\t\t\t\t\t<a href=\"https:\/\/www.asidbrasil.org.br\/2023\/09\/07\/faca-parte-faca-a-diferenca-no-voluntariado\/\">Fa\u00e7a parte, fa\u00e7a a diferen\u00e7a no voluntariado.<\/a>\n\t\t\t\t\t\t\t\t\t<\/li>\n<\/ul>\n<\/nav>\n<\/section><\/div>\n<\/p><\/div>\n<\/p><\/div>\n<\/p><\/div>\n<\/p><\/div>\n<\/p><\/div>\n<div class=\"elementor-element elementor-element-b636e13 e-flex e-con-boxed wpr-particle-no wpr-jarallax-no wpr-parallax-no wpr-sticky-section-no e-con e-parent\" data-id=\"b636e13\" data-element_type=\"container\" data-settings=\"{&quot;content_width&quot;:&quot;boxed&quot;}\" data-core-v316-plus=\"true\">\n<div class=\"e-con-inner\">\n<div class=\"elementor-element elementor-element-26b192c wpr-comment-reply-separate wpr-comment-reply-align-right elementor-widget elementor-widget-wpr-post-comments\" data-id=\"26b192c\" data-element_type=\"widget\" data-widget_type=\"wpr-post-comments.default\">\n<div class=\"elementor-widget-container\">\n<div class=\"wpr-comments-wrap\" id=\"comments\">\n<div id=\"respond\" class=\"comment-respond\">\n<h3 id=\"wpr-reply-title\" class=\"wpr-comment-reply-title\">Deixe seu Coment\u00e1rio <small><a rel=\"nofollow\" id=\"cancel-comment-reply-link\" href=\"\/feed\/#respond\">Cancelar resposta<\/a><\/small><\/h3>\n<p class=\"comment-notes\"><span id=\"email-notes\">O seu endere\u00e7o de e-mail n\u00e3o ser\u00e1 publicado.<\/span> <span class=\"required-field-message\">Campos obrigat\u00f3rios s\u00e3o marcados com <span class=\"required\">*<\/span><\/span><\/p>\n<div class=\"wpr-comment-form-text\"><label>Message<span>*<\/span><\/label><textarea name=\"comment\" cols=\"45\" rows=\"8\"><\/textarea><\/div>\n<div class=\"wpr-comment-form-fields\">\n<div class=\"wpr-comment-form-author\"><label>Name<span>*<\/span><\/label><\/div>\n<div class=\"wpr-comment-form-email\"><label>Email<span>*<\/span><\/label><\/div>\n<\/div>\n<p class=\"form-submit\">\n<\/p>\n<p><label>&#916;<textarea name=\"ak_hp_textarea\" cols=\"45\" rows=\"8\"><\/textarea><\/label>document.getElementById( &#8220;ak_js_1&#8221; ).setAttribute( &#8220;value&#8221;, ( new Date() ).getTime() );<\/p>\n<\/p><\/div>\n<p><!-- #respond -->\n\t<\/div>\n<\/p><\/div>\n<\/p><\/div>\n<\/p><\/div>\n<\/p><\/div>\n<div class=\"elementor-element elementor-element-2574eb9a e-flex e-con-boxed wpr-particle-no wpr-jarallax-no wpr-parallax-no wpr-sticky-section-no e-con e-parent\" data-id=\"2574eb9a\" data-element_type=\"container\" data-settings=\"{&quot;background_background&quot;:&quot;classic&quot;,&quot;content_width&quot;:&quot;boxed&quot;}\" data-core-v316-plus=\"true\">\n<div class=\"e-con-inner\">\n<div class=\"elementor-element elementor-element-7b10195a e-flex e-con-boxed wpr-particle-no wpr-jarallax-no wpr-parallax-no wpr-sticky-section-no e-con e-child\" data-id=\"7b10195a\" data-element_type=\"container\" data-settings=\"{&quot;content_width&quot;:&quot;boxed&quot;}\">\n<div class=\"e-con-inner\">\n<div class=\"elementor-element elementor-element-2d6e9636 e-con-full e-flex wpr-particle-no wpr-jarallax-no wpr-parallax-no wpr-sticky-section-no e-con e-child\" data-id=\"2d6e9636\" data-element_type=\"container\" data-settings=\"{&quot;content_width&quot;:&quot;full&quot;}\">\n<div class=\"elementor-element elementor-element-5ca7db2c e-con-full e-flex wpr-particle-no wpr-jarallax-no wpr-parallax-no wpr-sticky-section-no e-con e-child\" data-id=\"5ca7db2c\" data-element_type=\"container\" data-settings=\"{&quot;content_width&quot;:&quot;full&quot;}\">\n<div class=\"elementor-element elementor-element-7f7d2eea elementor-widget-tablet__width-initial elementor-widget elementor-widget-image\" data-id=\"7f7d2eea\" data-element_type=\"widget\" data-widget_type=\"image.default\">\n<div class=\"elementor-widget-container\">\n\t\t\t\t\t\t\t\t\t\t\t\t\t\t\t<img decoding=\"async\" width=\"1815\" height=\"735\" data-src=\"https:\/\/www.asidbrasil.org.br\/wp-content\/uploads\/2022\/11\/Logo_principal_branca-e-azul-e1668114261953.png\" class=\"attachment-full size-full wp-image-145 lazyload\" alt=\"Logo ASID Brasil\" src=\"data:image\/svg+xml;base64,PHN2ZyB3aWR0aD0iMSIgaGVpZ2h0PSIxIiB4bWxucz0iaHR0cDovL3d3dy53My5vcmcvMjAwMC9zdmciPjwvc3ZnPg==\" style=\"--smush-placeholder-width: 1815px; --smush-placeholder-aspect-ratio: 1815\/735;\" \/>\t\t\t\t\t\t\t\t\t\t\t\t\t\t\t<\/div>\n<\/p><\/div>\n<div class=\"elementor-element elementor-element-3f49179 elementor-widget elementor-widget-elementskit-social-media\" data-id=\"3f49179\" data-element_type=\"widget\" data-widget_type=\"elementskit-social-media.default\">\n<div class=\"elementor-widget-container\">\n<div class=\"ekit-wid-con\">\n<ul class=\"ekit_social_media\">\n<li class=\"elementor-repeater-item-1399011\">\n\t\t\t\t\t    <a href=\"https:\/\/www.instagram.com\/asidbrasil\/\" aria-label=\"Instagram\" class=\"instagram\"><\/p>\n<p>\t\t\t\t\t\t\t<i aria-hidden=\"true\" class=\"fab fa-instagram\"><\/i><br \/>\n                                                                                                            <\/a>\n                    <\/li>\n<li class=\"elementor-repeater-item-c8596be\">\n\t\t\t\t\t    <a href=\"https:\/\/www.youtube.com\/c\/ASIDBrasil\" aria-label=\"YouTube\" class=\"youtube\"><\/p>\n<p>\t\t\t\t\t\t\t<i aria-hidden=\"true\" class=\"fab fa-youtube\"><\/i><br \/>\n                                                                                                            <\/a>\n                    <\/li>\n<li class=\"elementor-repeater-item-048c536\">\n\t\t\t\t\t    <a href=\"https:\/\/www.linkedin.com\/company\/asidbrasil\/\" aria-label=\"Linkedin\" class=\"in\"><\/p>\n<p>\t\t\t\t\t\t\t<i aria-hidden=\"true\" class=\"fab fa-linkedin-in\"><\/i><br \/>\n                                                                                                            <\/a>\n                    <\/li>\n<li class=\"elementor-repeater-item-da8f4de\">\n\t\t\t\t\t    <a href=\"https:\/\/www.facebook.com\/asidbrasil\" aria-label=\"Facebook\" class=\"f\"><\/p>\n<p>\t\t\t\t\t\t\t<i aria-hidden=\"true\" class=\"fab fa-facebook-f\"><\/i><br \/>\n                                                                                                            <\/a>\n                    <\/li>\n<\/ul><\/div>\n<\/p><\/div>\n<\/p><\/div>\n<div class=\"elementor-element elementor-element-bd923d1 elementor-widget elementor-widget-heading\" data-id=\"bd923d1\" data-element_type=\"widget\" data-widget_type=\"heading.default\">\n<div class=\"elementor-widget-container\">\n<h2 class=\"elementor-heading-title elementor-size-default\">Contato<\/h2>\n<\/p><\/div>\n<\/p><\/div>\n<div class=\"elementor-element elementor-element-5bd55d13 elementor-widget elementor-widget-heading\" data-id=\"5bd55d13\" data-element_type=\"widget\" data-widget_type=\"heading.default\">\n<div class=\"elementor-widget-container\">\n<h3 class=\"elementor-heading-title elementor-size-default\"><a href=\"mailto:contato@asid.org.br\" target=\"_blank\" rel=\"noopener\">E-mail: <span style=\"color: #00ffff\"><a style=\"color: #00ffff\" href=\"mailto:contato@asidbrasil.org.br\">contato@asid.org.br<\/a><\/span><\/a><\/h3>\n<\/p><\/div>\n<\/p><\/div>\n<\/p><\/div>\n<div class=\"elementor-element elementor-element-31c35d3c e-con-full e-flex wpr-particle-no wpr-jarallax-no wpr-parallax-no wpr-sticky-section-no e-con e-child\" data-id=\"31c35d3c\" data-element_type=\"container\" data-settings=\"{&quot;content_width&quot;:&quot;full&quot;}\">\n<div class=\"elementor-element elementor-element-378308bf elementor-widget elementor-widget-heading\" data-id=\"378308bf\" data-element_type=\"widget\" data-widget_type=\"heading.default\">\n<div class=\"elementor-widget-container\">\n<h2 class=\"elementor-heading-title elementor-size-default\">Nossa Miss\u00e3o<\/h2>\n<\/p><\/div>\n<\/p><\/div>\n<div class=\"elementor-element elementor-element-4691822 elementor-widget elementor-widget-text-editor\" data-id=\"4691822\" data-element_type=\"widget\" data-widget_type=\"text-editor.default\">\n<div class=\"elementor-widget-container\">\n<p>Existimos para quebrar as barreiras socioecon\u00f4micas que excluem a pessoa com defici\u00eancia.<\/p>\n<\/p><\/div>\n<\/p><\/div>\n<div class=\"elementor-element elementor-element-71c32d75 elementor-widget elementor-widget-image\" data-id=\"71c32d75\" data-element_type=\"widget\" data-widget_type=\"image.default\">\n<div class=\"elementor-widget-container\">\n\t\t\t\t\t\t\t\t\t\t\t\t\t\t\t<img decoding=\"async\" data-src=\"https:\/\/www.asidbrasil.org.br\/wp-content\/uploads\/2022\/11\/selo-amigo-do-surdo-branco-redondo-hugo-120x120-1.png\" title=\"selo-amigo-do-surdo-branco-redondo-hugo-120&#215;120\" alt=\"Selo Amigo Do Surdo Branco Redondo Hugo\" src=\"data:image\/svg+xml;base64,PHN2ZyB3aWR0aD0iMSIgaGVpZ2h0PSIxIiB4bWxucz0iaHR0cDovL3d3dy53My5vcmcvMjAwMC9zdmciPjwvc3ZnPg==\" class=\"lazyload\" \/>\t\t\t\t\t\t\t\t\t\t\t\t\t\t\t<\/div>\n<\/p><\/div>\n<\/p><\/div>\n<div class=\"elementor-element elementor-element-724a9d9b e-con-full e-flex wpr-particle-no wpr-jarallax-no wpr-parallax-no wpr-sticky-section-no e-con e-child\" data-id=\"724a9d9b\" data-element_type=\"container\" data-settings=\"{&quot;content_width&quot;:&quot;full&quot;}\">\n<div class=\"elementor-element elementor-element-6f46d276 elementor-widget elementor-widget-heading\" data-id=\"6f46d276\" data-element_type=\"widget\" data-widget_type=\"heading.default\">\n<div class=\"elementor-widget-container\">\n<h2 class=\"elementor-heading-title elementor-size-default\">LGPD<\/h2>\n<\/p><\/div>\n<\/p><\/div>\n<div class=\"elementor-element elementor-element-633ef78c elementor-widget elementor-widget-text-editor\" data-id=\"633ef78c\" data-element_type=\"widget\" data-widget_type=\"text-editor.default\">\n<div class=\"elementor-widget-container\">\n<p>Em alinhamento com a Lei Geral de Prote\u00e7\u00e3o de Dados, garantimos a confidencialidade, seguran\u00e7a e integridade de seus dados pessoais, prevenindo a ocorr\u00eancia de eventuais danos em virtude do tratamento dos mesmos. Para as solicita\u00e7\u00f5es dos titulares de dados, por favor, nos envie um <strong><span style=\"color: #00ffff\"><a style=\"color: #00ffff\" href=\"mailto:contato@asidbrasil.org.br\">e-mail<\/a><\/span>.<\/strong><\/p>\n<\/p><\/div>\n<\/p><\/div>\n<\/p><\/div>\n<\/p><\/div>\n<\/p><\/div>\n<\/p><\/div>\n<\/p><\/div>\n<\/p><\/div>\n<div class=\"elementor-element elementor-element-58b2e0fb e-flex e-con-boxed wpr-particle-no wpr-jarallax-no wpr-parallax-no wpr-sticky-section-no e-con e-parent\" data-id=\"58b2e0fb\" data-element_type=\"container\" data-settings=\"{&quot;background_background&quot;:&quot;classic&quot;,&quot;content_width&quot;:&quot;boxed&quot;}\" data-core-v316-plus=\"true\">\n<div class=\"e-con-inner\">\n<div class=\"elementor-element elementor-element-723fc878 e-flex e-con-boxed wpr-particle-no wpr-jarallax-no wpr-parallax-no wpr-sticky-section-no e-con e-child\" data-id=\"723fc878\" data-element_type=\"container\" data-settings=\"{&quot;content_width&quot;:&quot;boxed&quot;}\">\n<div class=\"e-con-inner\">\n<div class=\"elementor-element elementor-element-3ac679bf e-con-full e-flex wpr-particle-no wpr-jarallax-no wpr-parallax-no wpr-sticky-section-no e-con e-child\" data-id=\"3ac679bf\" data-element_type=\"container\" data-settings=\"{&quot;content_width&quot;:&quot;full&quot;}\">\n<div class=\"elementor-element elementor-element-25b34a86 e-con-full e-flex wpr-particle-no wpr-jarallax-no wpr-parallax-no wpr-sticky-section-no e-con e-child\" data-id=\"25b34a86\" data-element_type=\"container\" data-settings=\"{&quot;content_width&quot;:&quot;full&quot;}\">\n<div class=\"elementor-element elementor-element-73f17b9 elementor-widget__width-auto elementor-widget elementor-widget-elementskit-heading\" data-id=\"73f17b9\" data-element_type=\"widget\" data-widget_type=\"elementskit-heading.default\">\n<div class=\"elementor-widget-container\">\n<div class=\"ekit-wid-con\">\n<div class=\"ekit-heading elementskit-section-title-wraper text_center   ekit_heading_tablet-   ekit_heading_mobile-text_center\">\n<p class=\"ekit-heading--title elementskit-section-title \">\u00a9 2022 ASID Brasil | Desenvolvido por <i class=\"fa fa-heart-o\"><\/i> <a href=\"http:\/\/www.double2.com.br\"> Double2 Comunica\u00e7\u00e3o<\/a><\/p>\n<\/div>\n<\/div><\/div>\n<\/p><\/div>\n<\/p><\/div>\n<\/p><\/div>\n<\/p><\/div>\n<\/p><\/div>\n<\/p><\/div>\n<\/p><\/div>\n<\/p><\/div>\n<p>O post <a rel=\"nofollow\" href=\"https:\/\/www.asidbrasil.org.br\/2023\/09\/20\/semana-luta-das-pessoas-com-deficiencia\/\">Semana luta das pessoas com defici\u00eancia<\/a> apareceu primeiro em <a rel=\"nofollow\" href=\"https:\/\/www.asidbrasil.org.br\">ASID Brasil<\/a>.<\/p>\n<p><script async defer src=\"https:\/\/platform.instagram.com\/en_US\/embeds.js\"><\/script><br \/>\n<i>Visite o site <a href=\"https:\/\/asidbrasil.org.br\/\">asidbrasil.org.br<\/a> e conhe\u00e7a mais sobre a ASID Brasil.<\/i><br \/>\n<br \/><a href=\"https:\/\/www.asidbrasil.org.br\/2023\/09\/20\/semana-luta-das-pessoas-com-deficiencia\/\">Fonte<\/a><br \/>\n<br \/><\/p>\n","protected":false},"excerpt":{"rendered":"<p>\/*! elementor &#8211; v3.16.0 &#8211; 12-09-2023 *\/ .elementor-widget-image{text-align:center}.elementor-widget-image a{display:inline-block}.elementor-widget-image a img[src$=&#8221;.svg&#8221;]{width:48px}.elementor-widget-image img{vertical-align:middle;display:inline-block} In\u00edcio Sobre N\u00f3s Hist\u00f3ria Pilares Atua\u00e7\u00e3o Reconhecimentos Solu\u00e7\u00f5es Como Atuamos Nossas Solu\u00e7\u00f5es Empresas Como Atuamos Investimento Social Privado Licenciamento Clube do Emprego Selos Organiza\u00e7\u00f5es Pessoa com Defici\u00eancia Como Atuamos Projetos Clube do Emprego Comunidades Conte\u00fado Conte\u00fado Blog Biblioteca Digital Relat\u00f3rios de Impacto Transpar\u00eancia [&hellip;]<\/p>\n","protected":false},"author":3063,"featured_media":12820,"comment_status":"open","ping_status":"open","sticky":false,"template":"","format":"standard","meta":{"footnotes":""},"categories":[113],"tags":[158,157,163,162,164,161,160,159],"class_list":{"0":"post-12819","1":"post","2":"type-post","3":"status-publish","4":"format-standard","5":"has-post-thumbnail","7":"category-cidadania","8":"tag-asid","9":"tag-cidadania","10":"tag-desenvolvimento-institucional","11":"tag-diversidade","12":"tag-impacto-social","13":"tag-inclusao","14":"tag-voluntariado","15":"tag-voluntario"},"yoast_head":"<!-- This site is optimized with the Yoast SEO plugin v27.2 - https:\/\/yoast.com\/product\/yoast-seo-wordpress\/ -->\n<title>Semana luta das pessoas com defici\u00eancia | Portal de Not\u00edcias<\/title>\n<meta name=\"robots\" content=\"index, follow, max-snippet:-1, max-image-preview:large, max-video-preview:-1\" \/>\n<link rel=\"canonical\" href=\"https:\/\/www.asidbrasil.org.br\/2023\/09\/20\/semana-luta-das-pessoas-com-deficiencia\/\" \/>\n<meta property=\"og:locale\" content=\"pt_BR\" \/>\n<meta property=\"og:type\" content=\"article\" \/>\n<meta property=\"og:title\" content=\"Semana luta das pessoas com defici\u00eancia | Portal de Not\u00edcias\" \/>\n<meta property=\"og:description\" content=\"\/*! elementor &#8211; v3.16.0 &#8211; 12-09-2023 *\/ .elementor-widget-image{text-align:center}.elementor-widget-image a{display:inline-block}.elementor-widget-image a img[src$=&#8221;.svg&#8221;]{width:48px}.elementor-widget-image img{vertical-align:middle;display:inline-block} In\u00edcio Sobre N\u00f3s Hist\u00f3ria Pilares Atua\u00e7\u00e3o Reconhecimentos Solu\u00e7\u00f5es Como Atuamos Nossas Solu\u00e7\u00f5es Empresas Como Atuamos Investimento Social Privado Licenciamento Clube do Emprego Selos Organiza\u00e7\u00f5es Pessoa com Defici\u00eancia Como Atuamos Projetos Clube do Emprego Comunidades Conte\u00fado Conte\u00fado Blog Biblioteca Digital Relat\u00f3rios de Impacto Transpar\u00eancia [&hellip;]\" \/>\n<meta property=\"og:url\" content=\"https:\/\/www.asidbrasil.org.br\/2023\/09\/20\/semana-luta-das-pessoas-com-deficiencia\/\" \/>\n<meta property=\"og:site_name\" content=\"Portal de Not\u00edcias\" \/>\n<meta property=\"article:published_time\" content=\"2023-09-22T12:05:08+00:00\" \/>\n<meta property=\"og:image\" content=\"https:\/\/mhcalculos.com.br\/noticias\/wp-content\/uploads\/sites\/2\/2023\/09\/CAPA-BLOG.jpg\" \/>\n\t<meta property=\"og:image:width\" content=\"1200\" \/>\n\t<meta property=\"og:image:height\" content=\"675\" \/>\n\t<meta property=\"og:image:type\" content=\"image\/jpeg\" \/>\n<meta name=\"author\" content=\"Equipe MH\" \/>\n<meta name=\"twitter:card\" content=\"summary_large_image\" \/>\n<meta name=\"twitter:label1\" content=\"Escrito por\" \/>\n\t<meta name=\"twitter:data1\" content=\"Equipe MH\" \/>\n\t<meta name=\"twitter:label2\" content=\"Est. tempo de leitura\" \/>\n\t<meta name=\"twitter:data2\" content=\"7 minutos\" \/>\n<script type=\"application\/ld+json\" class=\"yoast-schema-graph\">{\"@context\":\"https:\/\/schema.org\",\"@graph\":[{\"@type\":\"Article\",\"@id\":\"https:\/\/www.asidbrasil.org.br\/2023\/09\/20\/semana-luta-das-pessoas-com-deficiencia\/#article\",\"isPartOf\":{\"@id\":\"https:\/\/mhcalculos.com.br\/noticias\/cidadania\/semana-luta-das-pessoas-com-deficiencia.html\"},\"author\":{\"name\":\"Equipe MH\",\"@id\":\"https:\/\/mhcalculos.com.br\/noticias\/#\/schema\/person\/88d1c34bf72dc779ea14a5a6b8e0ae8d\"},\"headline\":\"Semana luta das pessoas com defici\u00eancia\",\"datePublished\":\"2023-09-22T12:05:08+00:00\",\"mainEntityOfPage\":{\"@id\":\"https:\/\/mhcalculos.com.br\/noticias\/cidadania\/semana-luta-das-pessoas-com-deficiencia.html\"},\"wordCount\":1411,\"commentCount\":0,\"image\":{\"@id\":\"https:\/\/www.asidbrasil.org.br\/2023\/09\/20\/semana-luta-das-pessoas-com-deficiencia\/#primaryimage\"},\"thumbnailUrl\":\"https:\/\/mhcalculos.com.br\/noticias\/wp-content\/uploads\/sites\/2\/2023\/09\/CAPA-BLOG.jpg\",\"keywords\":[\"asid\",\"cidadania\",\"desenvolvimento institucional\",\"diversidade\",\"impacto social\",\"inclus\u00e3o\",\"voluntariado\",\"volunt\u00e1rio\"],\"articleSection\":[\"Cidadania\"],\"inLanguage\":\"pt-BR\",\"potentialAction\":[{\"@type\":\"CommentAction\",\"name\":\"Comment\",\"target\":[\"https:\/\/www.asidbrasil.org.br\/2023\/09\/20\/semana-luta-das-pessoas-com-deficiencia\/#respond\"]}]},{\"@type\":\"WebPage\",\"@id\":\"https:\/\/mhcalculos.com.br\/noticias\/cidadania\/semana-luta-das-pessoas-com-deficiencia.html\",\"url\":\"https:\/\/www.asidbrasil.org.br\/2023\/09\/20\/semana-luta-das-pessoas-com-deficiencia\/\",\"name\":\"Semana luta das pessoas com defici\u00eancia | Portal de Not\u00edcias\",\"isPartOf\":{\"@id\":\"https:\/\/mhcalculos.com.br\/noticias\/#website\"},\"primaryImageOfPage\":{\"@id\":\"https:\/\/www.asidbrasil.org.br\/2023\/09\/20\/semana-luta-das-pessoas-com-deficiencia\/#primaryimage\"},\"image\":{\"@id\":\"https:\/\/www.asidbrasil.org.br\/2023\/09\/20\/semana-luta-das-pessoas-com-deficiencia\/#primaryimage\"},\"thumbnailUrl\":\"https:\/\/mhcalculos.com.br\/noticias\/wp-content\/uploads\/sites\/2\/2023\/09\/CAPA-BLOG.jpg\",\"datePublished\":\"2023-09-22T12:05:08+00:00\",\"author\":{\"@id\":\"https:\/\/mhcalculos.com.br\/noticias\/#\/schema\/person\/88d1c34bf72dc779ea14a5a6b8e0ae8d\"},\"breadcrumb\":{\"@id\":\"https:\/\/www.asidbrasil.org.br\/2023\/09\/20\/semana-luta-das-pessoas-com-deficiencia\/#breadcrumb\"},\"inLanguage\":\"pt-BR\",\"potentialAction\":[{\"@type\":\"ReadAction\",\"target\":[\"https:\/\/www.asidbrasil.org.br\/2023\/09\/20\/semana-luta-das-pessoas-com-deficiencia\/\"]}]},{\"@type\":\"ImageObject\",\"inLanguage\":\"pt-BR\",\"@id\":\"https:\/\/www.asidbrasil.org.br\/2023\/09\/20\/semana-luta-das-pessoas-com-deficiencia\/#primaryimage\",\"url\":\"https:\/\/mhcalculos.com.br\/noticias\/wp-content\/uploads\/sites\/2\/2023\/09\/CAPA-BLOG.jpg\",\"contentUrl\":\"https:\/\/mhcalculos.com.br\/noticias\/wp-content\/uploads\/sites\/2\/2023\/09\/CAPA-BLOG.jpg\",\"width\":1200,\"height\":675},{\"@type\":\"BreadcrumbList\",\"@id\":\"https:\/\/www.asidbrasil.org.br\/2023\/09\/20\/semana-luta-das-pessoas-com-deficiencia\/#breadcrumb\",\"itemListElement\":[{\"@type\":\"ListItem\",\"position\":1,\"name\":\"In\u00edcio\",\"item\":\"https:\/\/mhcalculos.com.br\/noticias\/\"},{\"@type\":\"ListItem\",\"position\":2,\"name\":\"Semana luta das pessoas com defici\u00eancia\"}]},{\"@type\":\"WebSite\",\"@id\":\"https:\/\/mhcalculos.com.br\/noticias\/#website\",\"url\":\"https:\/\/mhcalculos.com.br\/noticias\/\",\"name\":\"Portal de Not\u00edcias\",\"description\":\"Not\u00edcias e Jurisprud\u00eancia\",\"potentialAction\":[{\"@type\":\"SearchAction\",\"target\":{\"@type\":\"EntryPoint\",\"urlTemplate\":\"https:\/\/mhcalculos.com.br\/noticias\/?s={search_term_string}\"},\"query-input\":{\"@type\":\"PropertyValueSpecification\",\"valueRequired\":true,\"valueName\":\"search_term_string\"}}],\"inLanguage\":\"pt-BR\"},{\"@type\":\"Person\",\"@id\":\"https:\/\/mhcalculos.com.br\/noticias\/#\/schema\/person\/88d1c34bf72dc779ea14a5a6b8e0ae8d\",\"name\":\"Equipe MH\",\"image\":{\"@type\":\"ImageObject\",\"inLanguage\":\"pt-BR\",\"@id\":\"https:\/\/secure.gravatar.com\/avatar\/de1c686c2ecc9c5a3f327e3431d819eb39f8f05d4e1045f5a1caad6daaba987f?s=96&d=mm&r=g\",\"url\":\"https:\/\/secure.gravatar.com\/avatar\/de1c686c2ecc9c5a3f327e3431d819eb39f8f05d4e1045f5a1caad6daaba987f?s=96&d=mm&r=g\",\"contentUrl\":\"https:\/\/secure.gravatar.com\/avatar\/de1c686c2ecc9c5a3f327e3431d819eb39f8f05d4e1045f5a1caad6daaba987f?s=96&d=mm&r=g\",\"caption\":\"Equipe MH\"}}]}<\/script>\n<!-- \/ Yoast SEO plugin. -->","yoast_head_json":{"title":"Semana luta das pessoas com defici\u00eancia | Portal de Not\u00edcias","robots":{"index":"index","follow":"follow","max-snippet":"max-snippet:-1","max-image-preview":"max-image-preview:large","max-video-preview":"max-video-preview:-1"},"canonical":"https:\/\/www.asidbrasil.org.br\/2023\/09\/20\/semana-luta-das-pessoas-com-deficiencia\/","og_locale":"pt_BR","og_type":"article","og_title":"Semana luta das pessoas com defici\u00eancia | Portal de Not\u00edcias","og_description":"\/*! elementor &#8211; v3.16.0 &#8211; 12-09-2023 *\/ .elementor-widget-image{text-align:center}.elementor-widget-image a{display:inline-block}.elementor-widget-image a img[src$=&#8221;.svg&#8221;]{width:48px}.elementor-widget-image img{vertical-align:middle;display:inline-block} In\u00edcio Sobre N\u00f3s Hist\u00f3ria Pilares Atua\u00e7\u00e3o Reconhecimentos Solu\u00e7\u00f5es Como Atuamos Nossas Solu\u00e7\u00f5es Empresas Como Atuamos Investimento Social Privado Licenciamento Clube do Emprego Selos Organiza\u00e7\u00f5es Pessoa com Defici\u00eancia Como Atuamos Projetos Clube do Emprego Comunidades Conte\u00fado Conte\u00fado Blog Biblioteca Digital Relat\u00f3rios de Impacto Transpar\u00eancia [&hellip;]","og_url":"https:\/\/www.asidbrasil.org.br\/2023\/09\/20\/semana-luta-das-pessoas-com-deficiencia\/","og_site_name":"Portal de Not\u00edcias","article_published_time":"2023-09-22T12:05:08+00:00","og_image":[{"width":1200,"height":675,"url":"https:\/\/mhcalculos.com.br\/noticias\/wp-content\/uploads\/sites\/2\/2023\/09\/CAPA-BLOG.jpg","type":"image\/jpeg"}],"author":"Equipe MH","twitter_card":"summary_large_image","twitter_misc":{"Escrito por":"Equipe MH","Est. tempo de leitura":"7 minutos"},"schema":{"@context":"https:\/\/schema.org","@graph":[{"@type":"Article","@id":"https:\/\/www.asidbrasil.org.br\/2023\/09\/20\/semana-luta-das-pessoas-com-deficiencia\/#article","isPartOf":{"@id":"https:\/\/mhcalculos.com.br\/noticias\/cidadania\/semana-luta-das-pessoas-com-deficiencia.html"},"author":{"name":"Equipe MH","@id":"https:\/\/mhcalculos.com.br\/noticias\/#\/schema\/person\/88d1c34bf72dc779ea14a5a6b8e0ae8d"},"headline":"Semana luta das pessoas com defici\u00eancia","datePublished":"2023-09-22T12:05:08+00:00","mainEntityOfPage":{"@id":"https:\/\/mhcalculos.com.br\/noticias\/cidadania\/semana-luta-das-pessoas-com-deficiencia.html"},"wordCount":1411,"commentCount":0,"image":{"@id":"https:\/\/www.asidbrasil.org.br\/2023\/09\/20\/semana-luta-das-pessoas-com-deficiencia\/#primaryimage"},"thumbnailUrl":"https:\/\/mhcalculos.com.br\/noticias\/wp-content\/uploads\/sites\/2\/2023\/09\/CAPA-BLOG.jpg","keywords":["asid","cidadania","desenvolvimento institucional","diversidade","impacto social","inclus\u00e3o","voluntariado","volunt\u00e1rio"],"articleSection":["Cidadania"],"inLanguage":"pt-BR","potentialAction":[{"@type":"CommentAction","name":"Comment","target":["https:\/\/www.asidbrasil.org.br\/2023\/09\/20\/semana-luta-das-pessoas-com-deficiencia\/#respond"]}]},{"@type":"WebPage","@id":"https:\/\/mhcalculos.com.br\/noticias\/cidadania\/semana-luta-das-pessoas-com-deficiencia.html","url":"https:\/\/www.asidbrasil.org.br\/2023\/09\/20\/semana-luta-das-pessoas-com-deficiencia\/","name":"Semana luta das pessoas com defici\u00eancia | Portal de Not\u00edcias","isPartOf":{"@id":"https:\/\/mhcalculos.com.br\/noticias\/#website"},"primaryImageOfPage":{"@id":"https:\/\/www.asidbrasil.org.br\/2023\/09\/20\/semana-luta-das-pessoas-com-deficiencia\/#primaryimage"},"image":{"@id":"https:\/\/www.asidbrasil.org.br\/2023\/09\/20\/semana-luta-das-pessoas-com-deficiencia\/#primaryimage"},"thumbnailUrl":"https:\/\/mhcalculos.com.br\/noticias\/wp-content\/uploads\/sites\/2\/2023\/09\/CAPA-BLOG.jpg","datePublished":"2023-09-22T12:05:08+00:00","author":{"@id":"https:\/\/mhcalculos.com.br\/noticias\/#\/schema\/person\/88d1c34bf72dc779ea14a5a6b8e0ae8d"},"breadcrumb":{"@id":"https:\/\/www.asidbrasil.org.br\/2023\/09\/20\/semana-luta-das-pessoas-com-deficiencia\/#breadcrumb"},"inLanguage":"pt-BR","potentialAction":[{"@type":"ReadAction","target":["https:\/\/www.asidbrasil.org.br\/2023\/09\/20\/semana-luta-das-pessoas-com-deficiencia\/"]}]},{"@type":"ImageObject","inLanguage":"pt-BR","@id":"https:\/\/www.asidbrasil.org.br\/2023\/09\/20\/semana-luta-das-pessoas-com-deficiencia\/#primaryimage","url":"https:\/\/mhcalculos.com.br\/noticias\/wp-content\/uploads\/sites\/2\/2023\/09\/CAPA-BLOG.jpg","contentUrl":"https:\/\/mhcalculos.com.br\/noticias\/wp-content\/uploads\/sites\/2\/2023\/09\/CAPA-BLOG.jpg","width":1200,"height":675},{"@type":"BreadcrumbList","@id":"https:\/\/www.asidbrasil.org.br\/2023\/09\/20\/semana-luta-das-pessoas-com-deficiencia\/#breadcrumb","itemListElement":[{"@type":"ListItem","position":1,"name":"In\u00edcio","item":"https:\/\/mhcalculos.com.br\/noticias\/"},{"@type":"ListItem","position":2,"name":"Semana luta das pessoas com defici\u00eancia"}]},{"@type":"WebSite","@id":"https:\/\/mhcalculos.com.br\/noticias\/#website","url":"https:\/\/mhcalculos.com.br\/noticias\/","name":"Portal de Not\u00edcias","description":"Not\u00edcias e Jurisprud\u00eancia","potentialAction":[{"@type":"SearchAction","target":{"@type":"EntryPoint","urlTemplate":"https:\/\/mhcalculos.com.br\/noticias\/?s={search_term_string}"},"query-input":{"@type":"PropertyValueSpecification","valueRequired":true,"valueName":"search_term_string"}}],"inLanguage":"pt-BR"},{"@type":"Person","@id":"https:\/\/mhcalculos.com.br\/noticias\/#\/schema\/person\/88d1c34bf72dc779ea14a5a6b8e0ae8d","name":"Equipe MH","image":{"@type":"ImageObject","inLanguage":"pt-BR","@id":"https:\/\/secure.gravatar.com\/avatar\/de1c686c2ecc9c5a3f327e3431d819eb39f8f05d4e1045f5a1caad6daaba987f?s=96&d=mm&r=g","url":"https:\/\/secure.gravatar.com\/avatar\/de1c686c2ecc9c5a3f327e3431d819eb39f8f05d4e1045f5a1caad6daaba987f?s=96&d=mm&r=g","contentUrl":"https:\/\/secure.gravatar.com\/avatar\/de1c686c2ecc9c5a3f327e3431d819eb39f8f05d4e1045f5a1caad6daaba987f?s=96&d=mm&r=g","caption":"Equipe MH"}}]}},"_links":{"self":[{"href":"https:\/\/mhcalculos.com.br\/noticias\/wp-json\/wp\/v2\/posts\/12819","targetHints":{"allow":["GET"]}}],"collection":[{"href":"https:\/\/mhcalculos.com.br\/noticias\/wp-json\/wp\/v2\/posts"}],"about":[{"href":"https:\/\/mhcalculos.com.br\/noticias\/wp-json\/wp\/v2\/types\/post"}],"author":[{"embeddable":true,"href":"https:\/\/mhcalculos.com.br\/noticias\/wp-json\/wp\/v2\/users\/3063"}],"replies":[{"embeddable":true,"href":"https:\/\/mhcalculos.com.br\/noticias\/wp-json\/wp\/v2\/comments?post=12819"}],"version-history":[{"count":0,"href":"https:\/\/mhcalculos.com.br\/noticias\/wp-json\/wp\/v2\/posts\/12819\/revisions"}],"wp:featuredmedia":[{"embeddable":true,"href":"https:\/\/mhcalculos.com.br\/noticias\/wp-json\/wp\/v2\/media\/12820"}],"wp:attachment":[{"href":"https:\/\/mhcalculos.com.br\/noticias\/wp-json\/wp\/v2\/media?parent=12819"}],"wp:term":[{"taxonomy":"category","embeddable":true,"href":"https:\/\/mhcalculos.com.br\/noticias\/wp-json\/wp\/v2\/categories?post=12819"},{"taxonomy":"post_tag","embeddable":true,"href":"https:\/\/mhcalculos.com.br\/noticias\/wp-json\/wp\/v2\/tags?post=12819"}],"curies":[{"name":"wp","href":"https:\/\/api.w.org\/{rel}","templated":true}]}}