{"id":12726,"date":"2023-08-31T16:57:00","date_gmt":"2023-08-31T19:57:00","guid":{"rendered":"https:\/\/mhcalculos.com.br\/noticias\/area\/trabalhista\/tst-tribunal-considera-valido-acordo-que-reduziu-salarios-de-motoristas-do-grupo-de-risco-da-covid-19.html"},"modified":"2025-04-09T10:43:51","modified_gmt":"2025-04-09T13:43:51","slug":"tst-tribunal-considera-valido-acordo-que-reduziu-salarios-de-motoristas-do-grupo-de-risco-da-covid-19","status":"publish","type":"post","link":"https:\/\/mhcalculos.com.br\/noticias\/area\/trabalhista\/tst-tribunal-considera-valido-acordo-que-reduziu-salarios-de-motoristas-do-grupo-de-risco-da-covid-19.html","title":{"rendered":"TST: Tribunal&nbsp;considera v\u00e1lido acordo que reduziu sal\u00e1rios de motoristas do grupo de risco da covid-19"},"content":{"rendered":"\n<p>A redu\u00e7\u00e3o foi excepcional e tempor\u00e1ria, para fazer frente \u00e0 pandemia<\/p>\n<p>31\/08\/23 &#8211;\u00a0A Se\u00e7\u00e3o Especializada em Diss\u00eddios Coletivos (SDC) do Tribunal Superior do Trabalho considerou v\u00e1lida cl\u00e1usula da conven\u00e7\u00e3o coletiva de 2020\/2022 do setor de transporte coletivo de Porto Alegre (RS) que previa redu\u00e7\u00e3o dos sal\u00e1rios de motoristas e cobradores do grupo de risco da covid-19. Ao rejeitar recurso do Minist\u00e9rio P\u00fablico do Trabalho (MPT), o colegiado destacou que a medida foi pactuada num contexto excepcional e tempor\u00e1rio, visando \u00e0 manuten\u00e7\u00e3o do trabalho e da renda.<\/p>\n<p>O acordo foi firmado entre o Sindicato das Empresas de \u00d4nibus de Porto Alegre e o Sindicato dos Trabalhadores em Empresas de Transportes Coletivos e Seletivos Urbanos de Passageiros da Cidade de Porto Alegre. Conforme a norma coletiva, os empregados do grupo de risco (com comorbidades) que tivessem direito ao aux\u00edlio emergencial durante a pandemia receberiam sal\u00e1rio mensal equivalente a 30% do sal\u00e1rio-base enquanto estivessem impedidos de trabalhar.<\/p>\n<h4>A\u00e7\u00e3o anulat\u00f3ria<\/h4>\n<p>Em a\u00e7\u00e3o anulat\u00f3ria, o MPT defendeu a manuten\u00e7\u00e3o da remunera\u00e7\u00e3o integral e argumentou que a cl\u00e1usula afrontava direitos assegurados pela Constitui\u00e7\u00e3o Federal, pelo Direito Internacional e pela legisla\u00e7\u00e3o e discriminava os trabalhadores do grupo de risco.<\/p>\n<h4>Vacina\u00e7\u00e3o<\/h4>\n<p>O Tribunal Regional do Trabalho da 4\u00aa Regi\u00e3o (RS) julgou improcedente o pedido. Entre outros aspectos, o TRT considerou \u00a0que a a\u00e7\u00e3o foi apresentada somente em mar\u00e7o de 2021, j\u00e1 na vig\u00eancia da Lei 14.010\/2020, que permitia a redu\u00e7\u00e3o salarial. Nessa \u00e9poca, a vacina\u00e7\u00e3o do grupo de risco j\u00e1 tinha sido iniciada e, quando os sindicatos foram citados, j\u00e1 n\u00e3o havia trabalhadores afastados.<\/p>\n<h4>Impacto<\/h4>\n<p>A relatora do recurso do MPT, ministra Maria Cristina Peduzzi, destacou que a conven\u00e7\u00e3o coletiva foi celebrada para disciplinar uma atividade que exige o trabalho presencial. Ela lembrou que o setor de transporte coletivo foi um dos que mais sofreram com a pandemia, em raz\u00e3o das restri\u00e7\u00f5es de circula\u00e7\u00e3o de pessoas, e n\u00e3o \u00e9 poss\u00edvel desconsiderar esses impactos financeiros no exame da validade da cl\u00e1usula.<\/p>\n<p>Segundo a ministra, diante da necessidade de preservar empregos e renda e de manter a atividade econ\u00f4mica, foram promovidos diversos ajustes normativos. Entre eles est\u00e1 a <a href=\"https:\/\/www.planalto.gov.br\/ccivil_03\/_ato2019-2022\/2020\/lei\/l14010.htm\" target=\"_blank\" rel=\"noopener\">Lei 14.020\/2020<\/a>, que criou o Programa Emergencial de Manuten\u00e7\u00e3o do Emprego e da Renda e o aux\u00edlio emergencial e autorizou a redu\u00e7\u00e3o dos sal\u00e1rios por negocia\u00e7\u00e3o coletiva no per\u00edodo da pandemia. Destacou, tamb\u00e9m, que a Constitui\u00e7\u00e3o autoriza a negocia\u00e7\u00e3o nesse sentido, o que j\u00e1 seria suficiente para reconhecer a validade da cl\u00e1usula.<\/p>\n<h4>Medida excepcional e tempor\u00e1ria<\/h4>\n<p>Ainda no entendimento da relatora, num contexto de preju\u00edzos financeiros decorrentes da pandemia, a alternativa das empresas seria a dispensa dos trabalhadores impedidos de prestar servi\u00e7os. A redu\u00e7\u00e3o do sal\u00e1rio foi excepcional e tempor\u00e1ria e aprovada pela categoria em assembleia e, al\u00e9m disso, n\u00e3o colocou os trabalhadores em situa\u00e7\u00e3o de vulnerabilidade.<\/p>\n<p>A decis\u00e3o foi un\u00e2nime.<\/p>\n<p>(Lourdes Tavares\/CF)<\/p>\n<p>Processo: <a href=\"https:\/\/consultaprocessual.tst.jus.br\/consultaProcessual\/consultaTstNumUnica.do;jsessionid=nVhgPdzbsUCye7HyfHMywPPzX5oS-AuUz1KhDX2S.consultaprocessual-24-qpjcn?conscsjt=&amp;numeroTst=21607&amp;digitoTst=04&amp;anoTst=2021&amp;orgaoTst=5&amp;tribunalTst=&amp;varaTst=&amp;consulta=Consultar\" target=\"_blank\" rel=\"noopener\">ROT-21607-04.2021.5.04.0000<\/a><\/p>\n<p><em>Esta mat\u00e9ria \u00e9 \u00a0meramente informativa.<br \/>\nPermitida a reprodu\u00e7\u00e3o mediante cita\u00e7\u00e3o da fonte.<br \/>\nSecretaria de Comunica\u00e7\u00e3o Social<br \/>\n<a href=\"http:\/\/www.tst.jus.br\" target=\"_blank\" rel=\"noopener\">Tribunal Superior do Trabalho<\/a><br \/>\nTel. (61) 3043-4907<br \/>\n<a href=\"mailto:secom@tst.jus.br\" target=\"\" rel=\"noopener\">secom@tst.jus.br<\/a><\/em><\/p>\n<p><i>Com informa\u00e7\u00f5es da assessoria de imprensa do TST.<\/i><\/p>\n<p><a href=\"https:\/\/www.tst.jus.br\/web\/guest\/noticias?p_p_id=89Dk&amp;p_p_lifecycle=0&amp;refererPlid=10730&amp;_89Dk_groupId=10157&amp;_89Dk_articleId=32020951\">Fonte<\/a><\/p>\n\n","protected":false},"excerpt":{"rendered":"<p>A redu\u00e7\u00e3o foi excepcional e tempor\u00e1ria, para fazer frente \u00e0 pandemia 31\/08\/23 &#8211;\u00a0A Se\u00e7\u00e3o Especializada em Diss\u00eddios Coletivos (SDC) do Tribunal Superior do Trabalho considerou v\u00e1lida cl\u00e1usula da conven\u00e7\u00e3o coletiva de 2020\/2022 do setor de transporte coletivo de Porto Alegre (RS) que previa redu\u00e7\u00e3o dos sal\u00e1rios de motoristas e cobradores do grupo de risco da [&hellip;]<\/p>\n","protected":false},"author":3063,"featured_media":12727,"comment_status":"open","ping_status":"open","sticky":false,"template":"","format":"standard","meta":{"footnotes":""},"categories":[3,21],"tags":[33,216,9,12,217,215],"class_list":{"0":"post-12726","1":"post","2":"type-post","3":"status-publish","4":"format-standard","5":"has-post-thumbnail","7":"category-trabalhista","8":"category-tst","9":"tag-calculos-trabalhistas","10":"tag-direito-trabalhista","11":"tag-pericia","12":"tag-perito","13":"tag-trabalho","14":"tag-tst"},"yoast_head":"<!-- This site is optimized with the Yoast SEO plugin v27.2 - https:\/\/yoast.com\/product\/yoast-seo-wordpress\/ -->\n<title>TST: Tribunal&nbsp;considera v\u00e1lido acordo que reduziu sal\u00e1rios de motoristas do grupo de risco da covid-19 | Portal de Not\u00edcias<\/title>\n<meta name=\"robots\" content=\"index, follow, max-snippet:-1, max-image-preview:large, max-video-preview:-1\" \/>\n<link rel=\"canonical\" href=\"https:\/\/mhcalculos.com.br\/noticias\/area\/trabalhista\/tst-tribunal-considera-valido-acordo-que-reduziu-salarios-de-motoristas-do-grupo-de-risco-da-covid-19.html\" \/>\n<meta property=\"og:locale\" content=\"pt_BR\" \/>\n<meta property=\"og:type\" content=\"article\" \/>\n<meta property=\"og:title\" content=\"TST: Tribunal&nbsp;considera v\u00e1lido acordo que reduziu sal\u00e1rios de motoristas do grupo de risco da covid-19 | Portal de Not\u00edcias\" \/>\n<meta property=\"og:description\" content=\"A redu\u00e7\u00e3o foi excepcional e tempor\u00e1ria, para fazer frente \u00e0 pandemia 31\/08\/23 &#8211;\u00a0A Se\u00e7\u00e3o Especializada em Diss\u00eddios Coletivos (SDC) do Tribunal Superior do Trabalho considerou v\u00e1lida cl\u00e1usula da conven\u00e7\u00e3o coletiva de 2020\/2022 do setor de transporte coletivo de Porto Alegre (RS) que previa redu\u00e7\u00e3o dos sal\u00e1rios de motoristas e cobradores do grupo de risco da [&hellip;]\" \/>\n<meta property=\"og:url\" content=\"https:\/\/mhcalculos.com.br\/noticias\/area\/trabalhista\/tst-tribunal-considera-valido-acordo-que-reduziu-salarios-de-motoristas-do-grupo-de-risco-da-covid-19.html\" \/>\n<meta property=\"og:site_name\" content=\"Portal de Not\u00edcias\" \/>\n<meta property=\"article:published_time\" content=\"2023-08-31T19:57:00+00:00\" \/>\n<meta property=\"article:modified_time\" content=\"2025-04-09T13:43:51+00:00\" \/>\n<meta property=\"og:image\" content=\"https:\/\/mhcalculos.com.br\/noticias\/wp-content\/uploads\/sites\/2\/2023\/09\/judiciario-0020.jpg\" \/>\n\t<meta property=\"og:image:width\" content=\"2000\" \/>\n\t<meta property=\"og:image:height\" content=\"800\" \/>\n\t<meta property=\"og:image:type\" content=\"image\/jpeg\" \/>\n<meta name=\"author\" content=\"Equipe MH\" \/>\n<meta name=\"twitter:card\" content=\"summary_large_image\" \/>\n<meta name=\"twitter:label1\" content=\"Escrito por\" \/>\n\t<meta name=\"twitter:data1\" content=\"Equipe MH\" \/>\n\t<meta name=\"twitter:label2\" content=\"Est. tempo de leitura\" \/>\n\t<meta name=\"twitter:data2\" content=\"4 minutos\" \/>\n<script type=\"application\/ld+json\" class=\"yoast-schema-graph\">{\"@context\":\"https:\/\/schema.org\",\"@graph\":[{\"@type\":\"Article\",\"@id\":\"https:\/\/mhcalculos.com.br\/noticias\/area\/trabalhista\/tst-tribunal-considera-valido-acordo-que-reduziu-salarios-de-motoristas-do-grupo-de-risco-da-covid-19.html#article\",\"isPartOf\":{\"@id\":\"https:\/\/mhcalculos.com.br\/noticias\/area\/trabalhista\/tst-tribunal-considera-valido-acordo-que-reduziu-salarios-de-motoristas-do-grupo-de-risco-da-covid-19.html\"},\"author\":{\"name\":\"Equipe MH\",\"@id\":\"https:\/\/mhcalculos.com.br\/noticias\/#\/schema\/person\/88d1c34bf72dc779ea14a5a6b8e0ae8d\"},\"headline\":\"TST: Tribunal&nbsp;considera v\u00e1lido acordo que reduziu sal\u00e1rios de motoristas do grupo de risco da covid-19\",\"datePublished\":\"2023-08-31T19:57:00+00:00\",\"dateModified\":\"2025-04-09T13:43:51+00:00\",\"mainEntityOfPage\":{\"@id\":\"https:\/\/mhcalculos.com.br\/noticias\/area\/trabalhista\/tst-tribunal-considera-valido-acordo-que-reduziu-salarios-de-motoristas-do-grupo-de-risco-da-covid-19.html\"},\"wordCount\":578,\"commentCount\":0,\"image\":{\"@id\":\"https:\/\/mhcalculos.com.br\/noticias\/area\/trabalhista\/tst-tribunal-considera-valido-acordo-que-reduziu-salarios-de-motoristas-do-grupo-de-risco-da-covid-19.html#primaryimage\"},\"thumbnailUrl\":\"https:\/\/mhcalculos.com.br\/noticias\/wp-content\/uploads\/sites\/2\/2023\/09\/judiciario-0020.jpg\",\"keywords\":[\"c\u00e1lculos trabalhistas\",\"direito trabalhista\",\"per\u00edcia\",\"perito\",\"trabalho\",\"TST\"],\"articleSection\":[\"Direito Trabalhista\",\"TST\"],\"inLanguage\":\"pt-BR\",\"potentialAction\":[{\"@type\":\"CommentAction\",\"name\":\"Comment\",\"target\":[\"https:\/\/mhcalculos.com.br\/noticias\/area\/trabalhista\/tst-tribunal-considera-valido-acordo-que-reduziu-salarios-de-motoristas-do-grupo-de-risco-da-covid-19.html#respond\"]}]},{\"@type\":\"WebPage\",\"@id\":\"https:\/\/mhcalculos.com.br\/noticias\/area\/trabalhista\/tst-tribunal-considera-valido-acordo-que-reduziu-salarios-de-motoristas-do-grupo-de-risco-da-covid-19.html\",\"url\":\"https:\/\/mhcalculos.com.br\/noticias\/area\/trabalhista\/tst-tribunal-considera-valido-acordo-que-reduziu-salarios-de-motoristas-do-grupo-de-risco-da-covid-19.html\",\"name\":\"TST: Tribunal&nbsp;considera v\u00e1lido acordo que reduziu sal\u00e1rios de motoristas do grupo de risco da covid-19 | Portal de Not\u00edcias\",\"isPartOf\":{\"@id\":\"https:\/\/mhcalculos.com.br\/noticias\/#website\"},\"primaryImageOfPage\":{\"@id\":\"https:\/\/mhcalculos.com.br\/noticias\/area\/trabalhista\/tst-tribunal-considera-valido-acordo-que-reduziu-salarios-de-motoristas-do-grupo-de-risco-da-covid-19.html#primaryimage\"},\"image\":{\"@id\":\"https:\/\/mhcalculos.com.br\/noticias\/area\/trabalhista\/tst-tribunal-considera-valido-acordo-que-reduziu-salarios-de-motoristas-do-grupo-de-risco-da-covid-19.html#primaryimage\"},\"thumbnailUrl\":\"https:\/\/mhcalculos.com.br\/noticias\/wp-content\/uploads\/sites\/2\/2023\/09\/judiciario-0020.jpg\",\"datePublished\":\"2023-08-31T19:57:00+00:00\",\"dateModified\":\"2025-04-09T13:43:51+00:00\",\"author\":{\"@id\":\"https:\/\/mhcalculos.com.br\/noticias\/#\/schema\/person\/88d1c34bf72dc779ea14a5a6b8e0ae8d\"},\"breadcrumb\":{\"@id\":\"https:\/\/mhcalculos.com.br\/noticias\/area\/trabalhista\/tst-tribunal-considera-valido-acordo-que-reduziu-salarios-de-motoristas-do-grupo-de-risco-da-covid-19.html#breadcrumb\"},\"inLanguage\":\"pt-BR\",\"potentialAction\":[{\"@type\":\"ReadAction\",\"target\":[\"https:\/\/mhcalculos.com.br\/noticias\/area\/trabalhista\/tst-tribunal-considera-valido-acordo-que-reduziu-salarios-de-motoristas-do-grupo-de-risco-da-covid-19.html\"]}]},{\"@type\":\"ImageObject\",\"inLanguage\":\"pt-BR\",\"@id\":\"https:\/\/mhcalculos.com.br\/noticias\/area\/trabalhista\/tst-tribunal-considera-valido-acordo-que-reduziu-salarios-de-motoristas-do-grupo-de-risco-da-covid-19.html#primaryimage\",\"url\":\"https:\/\/mhcalculos.com.br\/noticias\/wp-content\/uploads\/sites\/2\/2023\/09\/judiciario-0020.jpg\",\"contentUrl\":\"https:\/\/mhcalculos.com.br\/noticias\/wp-content\/uploads\/sites\/2\/2023\/09\/judiciario-0020.jpg\",\"width\":2000,\"height\":800},{\"@type\":\"BreadcrumbList\",\"@id\":\"https:\/\/mhcalculos.com.br\/noticias\/area\/trabalhista\/tst-tribunal-considera-valido-acordo-que-reduziu-salarios-de-motoristas-do-grupo-de-risco-da-covid-19.html#breadcrumb\",\"itemListElement\":[{\"@type\":\"ListItem\",\"position\":1,\"name\":\"In\u00edcio\",\"item\":\"https:\/\/mhcalculos.com.br\/noticias\/\"},{\"@type\":\"ListItem\",\"position\":2,\"name\":\"TST: Tribunal&nbsp;considera v\u00e1lido acordo que reduziu sal\u00e1rios de motoristas do grupo de risco da covid-19\"}]},{\"@type\":\"WebSite\",\"@id\":\"https:\/\/mhcalculos.com.br\/noticias\/#website\",\"url\":\"https:\/\/mhcalculos.com.br\/noticias\/\",\"name\":\"Portal de Not\u00edcias\",\"description\":\"Not\u00edcias e Jurisprud\u00eancia\",\"potentialAction\":[{\"@type\":\"SearchAction\",\"target\":{\"@type\":\"EntryPoint\",\"urlTemplate\":\"https:\/\/mhcalculos.com.br\/noticias\/?s={search_term_string}\"},\"query-input\":{\"@type\":\"PropertyValueSpecification\",\"valueRequired\":true,\"valueName\":\"search_term_string\"}}],\"inLanguage\":\"pt-BR\"},{\"@type\":\"Person\",\"@id\":\"https:\/\/mhcalculos.com.br\/noticias\/#\/schema\/person\/88d1c34bf72dc779ea14a5a6b8e0ae8d\",\"name\":\"Equipe MH\",\"image\":{\"@type\":\"ImageObject\",\"inLanguage\":\"pt-BR\",\"@id\":\"https:\/\/secure.gravatar.com\/avatar\/de1c686c2ecc9c5a3f327e3431d819eb39f8f05d4e1045f5a1caad6daaba987f?s=96&d=mm&r=g\",\"url\":\"https:\/\/secure.gravatar.com\/avatar\/de1c686c2ecc9c5a3f327e3431d819eb39f8f05d4e1045f5a1caad6daaba987f?s=96&d=mm&r=g\",\"contentUrl\":\"https:\/\/secure.gravatar.com\/avatar\/de1c686c2ecc9c5a3f327e3431d819eb39f8f05d4e1045f5a1caad6daaba987f?s=96&d=mm&r=g\",\"caption\":\"Equipe MH\"}}]}<\/script>\n<!-- \/ Yoast SEO plugin. -->","yoast_head_json":{"title":"TST: Tribunal&nbsp;considera v\u00e1lido acordo que reduziu sal\u00e1rios de motoristas do grupo de risco da covid-19 | Portal de Not\u00edcias","robots":{"index":"index","follow":"follow","max-snippet":"max-snippet:-1","max-image-preview":"max-image-preview:large","max-video-preview":"max-video-preview:-1"},"canonical":"https:\/\/mhcalculos.com.br\/noticias\/area\/trabalhista\/tst-tribunal-considera-valido-acordo-que-reduziu-salarios-de-motoristas-do-grupo-de-risco-da-covid-19.html","og_locale":"pt_BR","og_type":"article","og_title":"TST: Tribunal&nbsp;considera v\u00e1lido acordo que reduziu sal\u00e1rios de motoristas do grupo de risco da covid-19 | Portal de Not\u00edcias","og_description":"A redu\u00e7\u00e3o foi excepcional e tempor\u00e1ria, para fazer frente \u00e0 pandemia 31\/08\/23 &#8211;\u00a0A Se\u00e7\u00e3o Especializada em Diss\u00eddios Coletivos (SDC) do Tribunal Superior do Trabalho considerou v\u00e1lida cl\u00e1usula da conven\u00e7\u00e3o coletiva de 2020\/2022 do setor de transporte coletivo de Porto Alegre (RS) que previa redu\u00e7\u00e3o dos sal\u00e1rios de motoristas e cobradores do grupo de risco da [&hellip;]","og_url":"https:\/\/mhcalculos.com.br\/noticias\/area\/trabalhista\/tst-tribunal-considera-valido-acordo-que-reduziu-salarios-de-motoristas-do-grupo-de-risco-da-covid-19.html","og_site_name":"Portal de Not\u00edcias","article_published_time":"2023-08-31T19:57:00+00:00","article_modified_time":"2025-04-09T13:43:51+00:00","og_image":[{"width":2000,"height":800,"url":"https:\/\/mhcalculos.com.br\/noticias\/wp-content\/uploads\/sites\/2\/2023\/09\/judiciario-0020.jpg","type":"image\/jpeg"}],"author":"Equipe MH","twitter_card":"summary_large_image","twitter_misc":{"Escrito por":"Equipe MH","Est. tempo de leitura":"4 minutos"},"schema":{"@context":"https:\/\/schema.org","@graph":[{"@type":"Article","@id":"https:\/\/mhcalculos.com.br\/noticias\/area\/trabalhista\/tst-tribunal-considera-valido-acordo-que-reduziu-salarios-de-motoristas-do-grupo-de-risco-da-covid-19.html#article","isPartOf":{"@id":"https:\/\/mhcalculos.com.br\/noticias\/area\/trabalhista\/tst-tribunal-considera-valido-acordo-que-reduziu-salarios-de-motoristas-do-grupo-de-risco-da-covid-19.html"},"author":{"name":"Equipe MH","@id":"https:\/\/mhcalculos.com.br\/noticias\/#\/schema\/person\/88d1c34bf72dc779ea14a5a6b8e0ae8d"},"headline":"TST: Tribunal&nbsp;considera v\u00e1lido acordo que reduziu sal\u00e1rios de motoristas do grupo de risco da covid-19","datePublished":"2023-08-31T19:57:00+00:00","dateModified":"2025-04-09T13:43:51+00:00","mainEntityOfPage":{"@id":"https:\/\/mhcalculos.com.br\/noticias\/area\/trabalhista\/tst-tribunal-considera-valido-acordo-que-reduziu-salarios-de-motoristas-do-grupo-de-risco-da-covid-19.html"},"wordCount":578,"commentCount":0,"image":{"@id":"https:\/\/mhcalculos.com.br\/noticias\/area\/trabalhista\/tst-tribunal-considera-valido-acordo-que-reduziu-salarios-de-motoristas-do-grupo-de-risco-da-covid-19.html#primaryimage"},"thumbnailUrl":"https:\/\/mhcalculos.com.br\/noticias\/wp-content\/uploads\/sites\/2\/2023\/09\/judiciario-0020.jpg","keywords":["c\u00e1lculos trabalhistas","direito trabalhista","per\u00edcia","perito","trabalho","TST"],"articleSection":["Direito Trabalhista","TST"],"inLanguage":"pt-BR","potentialAction":[{"@type":"CommentAction","name":"Comment","target":["https:\/\/mhcalculos.com.br\/noticias\/area\/trabalhista\/tst-tribunal-considera-valido-acordo-que-reduziu-salarios-de-motoristas-do-grupo-de-risco-da-covid-19.html#respond"]}]},{"@type":"WebPage","@id":"https:\/\/mhcalculos.com.br\/noticias\/area\/trabalhista\/tst-tribunal-considera-valido-acordo-que-reduziu-salarios-de-motoristas-do-grupo-de-risco-da-covid-19.html","url":"https:\/\/mhcalculos.com.br\/noticias\/area\/trabalhista\/tst-tribunal-considera-valido-acordo-que-reduziu-salarios-de-motoristas-do-grupo-de-risco-da-covid-19.html","name":"TST: Tribunal&nbsp;considera v\u00e1lido acordo que reduziu sal\u00e1rios de motoristas do grupo de risco da covid-19 | Portal de Not\u00edcias","isPartOf":{"@id":"https:\/\/mhcalculos.com.br\/noticias\/#website"},"primaryImageOfPage":{"@id":"https:\/\/mhcalculos.com.br\/noticias\/area\/trabalhista\/tst-tribunal-considera-valido-acordo-que-reduziu-salarios-de-motoristas-do-grupo-de-risco-da-covid-19.html#primaryimage"},"image":{"@id":"https:\/\/mhcalculos.com.br\/noticias\/area\/trabalhista\/tst-tribunal-considera-valido-acordo-que-reduziu-salarios-de-motoristas-do-grupo-de-risco-da-covid-19.html#primaryimage"},"thumbnailUrl":"https:\/\/mhcalculos.com.br\/noticias\/wp-content\/uploads\/sites\/2\/2023\/09\/judiciario-0020.jpg","datePublished":"2023-08-31T19:57:00+00:00","dateModified":"2025-04-09T13:43:51+00:00","author":{"@id":"https:\/\/mhcalculos.com.br\/noticias\/#\/schema\/person\/88d1c34bf72dc779ea14a5a6b8e0ae8d"},"breadcrumb":{"@id":"https:\/\/mhcalculos.com.br\/noticias\/area\/trabalhista\/tst-tribunal-considera-valido-acordo-que-reduziu-salarios-de-motoristas-do-grupo-de-risco-da-covid-19.html#breadcrumb"},"inLanguage":"pt-BR","potentialAction":[{"@type":"ReadAction","target":["https:\/\/mhcalculos.com.br\/noticias\/area\/trabalhista\/tst-tribunal-considera-valido-acordo-que-reduziu-salarios-de-motoristas-do-grupo-de-risco-da-covid-19.html"]}]},{"@type":"ImageObject","inLanguage":"pt-BR","@id":"https:\/\/mhcalculos.com.br\/noticias\/area\/trabalhista\/tst-tribunal-considera-valido-acordo-que-reduziu-salarios-de-motoristas-do-grupo-de-risco-da-covid-19.html#primaryimage","url":"https:\/\/mhcalculos.com.br\/noticias\/wp-content\/uploads\/sites\/2\/2023\/09\/judiciario-0020.jpg","contentUrl":"https:\/\/mhcalculos.com.br\/noticias\/wp-content\/uploads\/sites\/2\/2023\/09\/judiciario-0020.jpg","width":2000,"height":800},{"@type":"BreadcrumbList","@id":"https:\/\/mhcalculos.com.br\/noticias\/area\/trabalhista\/tst-tribunal-considera-valido-acordo-que-reduziu-salarios-de-motoristas-do-grupo-de-risco-da-covid-19.html#breadcrumb","itemListElement":[{"@type":"ListItem","position":1,"name":"In\u00edcio","item":"https:\/\/mhcalculos.com.br\/noticias\/"},{"@type":"ListItem","position":2,"name":"TST: Tribunal&nbsp;considera v\u00e1lido acordo que reduziu sal\u00e1rios de motoristas do grupo de risco da covid-19"}]},{"@type":"WebSite","@id":"https:\/\/mhcalculos.com.br\/noticias\/#website","url":"https:\/\/mhcalculos.com.br\/noticias\/","name":"Portal de Not\u00edcias","description":"Not\u00edcias e Jurisprud\u00eancia","potentialAction":[{"@type":"SearchAction","target":{"@type":"EntryPoint","urlTemplate":"https:\/\/mhcalculos.com.br\/noticias\/?s={search_term_string}"},"query-input":{"@type":"PropertyValueSpecification","valueRequired":true,"valueName":"search_term_string"}}],"inLanguage":"pt-BR"},{"@type":"Person","@id":"https:\/\/mhcalculos.com.br\/noticias\/#\/schema\/person\/88d1c34bf72dc779ea14a5a6b8e0ae8d","name":"Equipe MH","image":{"@type":"ImageObject","inLanguage":"pt-BR","@id":"https:\/\/secure.gravatar.com\/avatar\/de1c686c2ecc9c5a3f327e3431d819eb39f8f05d4e1045f5a1caad6daaba987f?s=96&d=mm&r=g","url":"https:\/\/secure.gravatar.com\/avatar\/de1c686c2ecc9c5a3f327e3431d819eb39f8f05d4e1045f5a1caad6daaba987f?s=96&d=mm&r=g","contentUrl":"https:\/\/secure.gravatar.com\/avatar\/de1c686c2ecc9c5a3f327e3431d819eb39f8f05d4e1045f5a1caad6daaba987f?s=96&d=mm&r=g","caption":"Equipe MH"}}]}},"_links":{"self":[{"href":"https:\/\/mhcalculos.com.br\/noticias\/wp-json\/wp\/v2\/posts\/12726","targetHints":{"allow":["GET"]}}],"collection":[{"href":"https:\/\/mhcalculos.com.br\/noticias\/wp-json\/wp\/v2\/posts"}],"about":[{"href":"https:\/\/mhcalculos.com.br\/noticias\/wp-json\/wp\/v2\/types\/post"}],"author":[{"embeddable":true,"href":"https:\/\/mhcalculos.com.br\/noticias\/wp-json\/wp\/v2\/users\/3063"}],"replies":[{"embeddable":true,"href":"https:\/\/mhcalculos.com.br\/noticias\/wp-json\/wp\/v2\/comments?post=12726"}],"version-history":[{"count":1,"href":"https:\/\/mhcalculos.com.br\/noticias\/wp-json\/wp\/v2\/posts\/12726\/revisions"}],"predecessor-version":[{"id":13566,"href":"https:\/\/mhcalculos.com.br\/noticias\/wp-json\/wp\/v2\/posts\/12726\/revisions\/13566"}],"wp:featuredmedia":[{"embeddable":true,"href":"https:\/\/mhcalculos.com.br\/noticias\/wp-json\/wp\/v2\/media\/12727"}],"wp:attachment":[{"href":"https:\/\/mhcalculos.com.br\/noticias\/wp-json\/wp\/v2\/media?parent=12726"}],"wp:term":[{"taxonomy":"category","embeddable":true,"href":"https:\/\/mhcalculos.com.br\/noticias\/wp-json\/wp\/v2\/categories?post=12726"},{"taxonomy":"post_tag","embeddable":true,"href":"https:\/\/mhcalculos.com.br\/noticias\/wp-json\/wp\/v2\/tags?post=12726"}],"curies":[{"name":"wp","href":"https:\/\/api.w.org\/{rel}","templated":true}]}}