{"id":12680,"date":"2023-08-18T17:41:00","date_gmt":"2023-08-18T20:41:00","guid":{"rendered":"https:\/\/mhcalculos.com.br\/noticias\/area\/trabalhista\/tst-justica-do-trabalho-cria-comite-de-prevencao-e-enfrentamento-do-assedio-moral-do-assedio-sexual-e-da-discriminacao.html"},"modified":"2025-04-09T10:49:53","modified_gmt":"2025-04-09T13:49:53","slug":"tst-justica-do-trabalho-cria-comite-de-prevencao-e-enfrentamento-do-assedio-moral-do-assedio-sexual-e-da-discriminacao","status":"publish","type":"post","link":"https:\/\/mhcalculos.com.br\/noticias\/area\/trabalhista\/tst-justica-do-trabalho-cria-comite-de-prevencao-e-enfrentamento-do-assedio-moral-do-assedio-sexual-e-da-discriminacao.html","title":{"rendered":"TST: Justi\u00e7a do Trabalho cria Comit\u00ea de Preven\u00e7\u00e3o e Enfrentamento do Ass\u00e9dio Moral, do Ass\u00e9dio Sexual e da Discrimina\u00e7\u00e3o\u00a0"},"content":{"rendered":"\n<p>Segundo o ministro Lelio Bentes Corr\u00eaa, Tribunal tem se empenhado em promover um ambiente de trabalho mais saud\u00e1vel e digno ao p\u00fablico interno<\/p>\n<p>21\/08\/23 &#8211; O presidente do TST, ministro Lelio Bentes Corr\u00eaa, assinou nesta sexta-feira (18) o <a href=\"https:\/\/portalextranet.tst.jus.br\/documents\/895486\/896885\/Ato+Conjunto+48.pdf\/970c6c62-b19e-41d6-c884-3d31ab2ed195?t=1692387939974\" target=\"_blank\" rel=\"noopener\">Ato Conjunto TST.CSJT.GP 48<\/a>, que cria o Comit\u00ea de Preven\u00e7\u00e3o e Enfrentamento do Ass\u00e9dio Moral, do Ass\u00e9dio Sexual e da Discrimina\u00e7\u00e3o. A iniciativa refor\u00e7a o compromisso do Tribunal com o combate a toda forma de discrimina\u00e7\u00e3o e de ass\u00e9dio moral, organizacional e sexual.<\/p>\n<p>O grupo atuar\u00e1 no \u00e2mbito do TST e do Conselho Superior do Justi\u00e7a do Trabalho (CSJT) e ir\u00e1 monitorar, avaliar e fiscalizar a ado\u00e7\u00e3o da Pol\u00edtica de Preven\u00e7\u00e3o e Enfrentamento, al\u00e9m de sugerir medidas de preven\u00e7\u00e3o e apurar den\u00fancias.<\/p>\n<h4>TRTs<\/h4>\n<p>O ato tamb\u00e9m prev\u00ea que os Tribunais Regionais do Trabalho (TRTs) criem seus pr\u00f3prios comit\u00eas, observando os crit\u00e9rios da Resolu\u00e7\u00e3o 351 do Conselho Nacional de Justi\u00e7a (CNJ)<\/p>\n<h4>Mensagem<\/h4>\n<p>Em mensagem destinada a todos as pessoas que trabalham no TST e no CSJT, o ministro Lelio Bentes Corr\u00eaa tamb\u00e9m reafirmou o compromisso das institui\u00e7\u00f5es com o enfrentamento a qualquer forma de ass\u00e9dio e viol\u00eancia no ambiente organizacional.<\/p>\n<h4>Campanha<\/h4>\n<p>Em julho, o TST iniciou a campanha \u201c\u00c9 ass\u00e9dio!\u201d, com a publica\u00e7\u00e3o de informa\u00e7\u00f5es e alertas nos seus canais internos e externos de comunica\u00e7\u00e3o.<\/p>\n<p>Nos perfis do TST nas redes sociais, foram publicados conte\u00fados que explicitaram situa\u00e7\u00f5es de ass\u00e9dio no ambiente corporativo e incentivaram os usu\u00e1rios a compartilh\u00e1-los com a hashtag #ChegaDeAss\u00e9dio.<\/p>\n<p>Cada uma das quatro postagens (uma por semana) alcan\u00e7ou, em m\u00e9dia, 61,7 mil usu\u00e1rios no Instagram, 11,9 mil no Facebook e 9,4 mil no X (antigo Twitter). Al\u00e9m disso, foram registradas 34,2 mil intera\u00e7\u00f5es. Para se ter uma ideia, somente o primeiro post chegou a 100 mil pessoas.<\/p>\n<p>As informa\u00e7\u00f5es tamb\u00e9m foram reproduzidas por outras contas e por ve\u00edculos de imprensa.<\/p>\n<p>(Juliane Sacerdote\/CF)<\/p>\n<p>Leia mais:<\/p>\n<p>7\/7\/23 &#8211; <a href=\"https:\/\/www.tst.jus.br\/web\/guest\/institucional?p_p_id=com_liferay_portal_search_web_portlet_SearchPortlet&amp;p_p_lifecycle=0&amp;p_p_state=maximized&amp;p_p_mode=view&amp;_com_liferay_portal_search_web_portlet_SearchPortlet_mvcPath=%2Fview_content.jsp&amp;_com_liferay_portal_search_web_portlet_SearchPortlet_redirect=https%3A%2F%2Fwww.tst.jus.br%3A443%2Fweb%2Fguest%2Finstitucional%3Fp_p_id%3Dcom_liferay_portal_search_web_portlet_SearchPortlet%26p_p_lifecycle%3D0%26p_p_state%3Dmaximized%26p_p_mode%3Dview%26_com_liferay_portal_search_web_portlet_SearchPortlet_redirect%3Dhttps%253A%252F%252Fwww.tst.jus.br%253A443%252Fweb%252Fguest%252Finstitucional%253Fp_p_id%253Dcom_liferay_portal_search_web_portlet_SearchPortlet%2526p_p_lifecycle%253D0%2526p_p_state%253Dnormal%2526p_p_mode%253Dview%26_com_liferay_portal_search_web_portlet_SearchPortlet_mvcPath%3D%252Fsearch.jsp%26_com_liferay_portal_search_web_portlet_SearchPortlet_keywords%3Dass%25C3%25A9dio%26_com_liferay_portal_search_web_portlet_SearchPortlet_formDate%3D1692381370012%26_com_liferay_portal_search_web_portlet_SearchPortlet_scope%3Dthis-site&amp;_com_liferay_portal_search_web_portlet_SearchPortlet_assetEntryId=31947089&amp;_com_liferay_portal_search_web_portlet_SearchPortlet_type=content\" target=\"_blank\" rel=\"noopener\">Justi\u00e7a do Trabalho recebe mensalmente cerca de seis mil a\u00e7\u00f5es por ass\u00e9dio moral\u00a0<\/a><\/p>\n<p>28\/7\/23 &#8211; <a href=\"https:\/\/www.tst.jus.br\/web\/guest\/institucional?p_p_id=com_liferay_portal_search_web_portlet_SearchPortlet&amp;p_p_lifecycle=0&amp;p_p_state=maximized&amp;p_p_mode=view&amp;_com_liferay_portal_search_web_portlet_SearchPortlet_mvcPath=%2Fview_content.jsp&amp;_com_liferay_portal_search_web_portlet_SearchPortlet_redirect=https%3A%2F%2Fwww.tst.jus.br%3A443%2Fweb%2Fguest%2Finstitucional%3Fp_p_id%3Dcom_liferay_portal_search_web_portlet_SearchPortlet%26p_p_lifecycle%3D0%26p_p_state%3Dmaximized%26p_p_mode%3Dview%26_com_liferay_portal_search_web_portlet_SearchPortlet_redirect%3Dhttps%253A%252F%252Fwww.tst.jus.br%253A443%252Fweb%252Fguest%252Finstitucional%253Fp_p_id%253Dcom_liferay_portal_search_web_portlet_SearchPortlet%2526p_p_lifecycle%253D0%2526p_p_state%253Dnormal%2526p_p_mode%253Dview%26_com_liferay_portal_search_web_portlet_SearchPortlet_mvcPath%3D%252Fsearch.jsp%26_com_liferay_portal_search_web_portlet_SearchPortlet_keywords%3Dass%25C3%25A9dio%26_com_liferay_portal_search_web_portlet_SearchPortlet_formDate%3D1692381370012%26_com_liferay_portal_search_web_portlet_SearchPortlet_scope%3Dthis-site&amp;_com_liferay_portal_search_web_portlet_SearchPortlet_assetEntryId=31964073&amp;_com_liferay_portal_search_web_portlet_SearchPortlet_type=content\" target=\"_blank\" rel=\"noopener\">Saiba como identificar casos de ass\u00e9dio no trabalho<\/a><\/p>\n<p><i>Com informa\u00e7\u00f5es da assessoria de imprensa do TST.<\/i><\/p>\n<p><a href=\"https:\/\/www.tst.jus.br\/web\/guest\/noticias?p_p_id=89Dk&amp;p_p_lifecycle=0&amp;refererPlid=10730&amp;_89Dk_groupId=10157&amp;_89Dk_articleId=31989713\">Fonte<\/a><\/p>\n\n","protected":false},"excerpt":{"rendered":"<p>Segundo o ministro Lelio Bentes Corr\u00eaa, Tribunal tem se empenhado em promover um ambiente de trabalho mais saud\u00e1vel e digno ao p\u00fablico interno 21\/08\/23 &#8211; O presidente do TST, ministro Lelio Bentes Corr\u00eaa, assinou nesta sexta-feira (18) o Ato Conjunto TST.CSJT.GP 48, que cria o Comit\u00ea de Preven\u00e7\u00e3o e Enfrentamento do Ass\u00e9dio Moral, do Ass\u00e9dio [&hellip;]<\/p>\n","protected":false},"author":3063,"featured_media":12681,"comment_status":"open","ping_status":"open","sticky":false,"template":"","format":"standard","meta":{"footnotes":""},"categories":[3,21],"tags":[33,216,9,12,217,215],"class_list":{"0":"post-12680","1":"post","2":"type-post","3":"status-publish","4":"format-standard","5":"has-post-thumbnail","7":"category-trabalhista","8":"category-tst","9":"tag-calculos-trabalhistas","10":"tag-direito-trabalhista","11":"tag-pericia","12":"tag-perito","13":"tag-trabalho","14":"tag-tst"},"yoast_head":"<!-- This site is optimized with the Yoast SEO plugin v27.2 - https:\/\/yoast.com\/product\/yoast-seo-wordpress\/ -->\n<title>TST: Justi\u00e7a do Trabalho cria Comit\u00ea de Preven\u00e7\u00e3o e Enfrentamento do Ass\u00e9dio Moral, do Ass\u00e9dio Sexual e da Discrimina\u00e7\u00e3o\u00a0 | Portal de Not\u00edcias<\/title>\n<meta name=\"robots\" content=\"index, follow, max-snippet:-1, max-image-preview:large, max-video-preview:-1\" \/>\n<link rel=\"canonical\" href=\"https:\/\/mhcalculos.com.br\/noticias\/area\/trabalhista\/tst-justica-do-trabalho-cria-comite-de-prevencao-e-enfrentamento-do-assedio-moral-do-assedio-sexual-e-da-discriminacao.html\" \/>\n<meta property=\"og:locale\" content=\"pt_BR\" \/>\n<meta property=\"og:type\" content=\"article\" \/>\n<meta property=\"og:title\" content=\"TST: Justi\u00e7a do Trabalho cria Comit\u00ea de Preven\u00e7\u00e3o e Enfrentamento do Ass\u00e9dio Moral, do Ass\u00e9dio Sexual e da Discrimina\u00e7\u00e3o\u00a0 | Portal de Not\u00edcias\" \/>\n<meta property=\"og:description\" content=\"Segundo o ministro Lelio Bentes Corr\u00eaa, Tribunal tem se empenhado em promover um ambiente de trabalho mais saud\u00e1vel e digno ao p\u00fablico interno 21\/08\/23 &#8211; O presidente do TST, ministro Lelio Bentes Corr\u00eaa, assinou nesta sexta-feira (18) o Ato Conjunto TST.CSJT.GP 48, que cria o Comit\u00ea de Preven\u00e7\u00e3o e Enfrentamento do Ass\u00e9dio Moral, do Ass\u00e9dio [&hellip;]\" \/>\n<meta property=\"og:url\" content=\"https:\/\/mhcalculos.com.br\/noticias\/area\/trabalhista\/tst-justica-do-trabalho-cria-comite-de-prevencao-e-enfrentamento-do-assedio-moral-do-assedio-sexual-e-da-discriminacao.html\" \/>\n<meta property=\"og:site_name\" content=\"Portal de Not\u00edcias\" \/>\n<meta property=\"article:published_time\" content=\"2023-08-18T20:41:00+00:00\" \/>\n<meta property=\"article:modified_time\" content=\"2025-04-09T13:49:53+00:00\" \/>\n<meta property=\"og:image\" content=\"https:\/\/mhcalculos.com.br\/noticias\/wp-content\/uploads\/sites\/2\/2023\/08\/1692669914_trabalhista-0049.jpg\" \/>\n\t<meta property=\"og:image:width\" content=\"2000\" \/>\n\t<meta property=\"og:image:height\" content=\"800\" \/>\n\t<meta property=\"og:image:type\" content=\"image\/jpeg\" \/>\n<meta name=\"author\" content=\"Equipe MH\" \/>\n<meta name=\"twitter:card\" content=\"summary_large_image\" \/>\n<meta name=\"twitter:label1\" content=\"Escrito por\" \/>\n\t<meta name=\"twitter:data1\" content=\"Equipe MH\" \/>\n\t<meta name=\"twitter:label2\" content=\"Est. tempo de leitura\" \/>\n\t<meta name=\"twitter:data2\" content=\"3 minutos\" \/>\n<script type=\"application\/ld+json\" class=\"yoast-schema-graph\">{\"@context\":\"https:\/\/schema.org\",\"@graph\":[{\"@type\":\"Article\",\"@id\":\"https:\/\/mhcalculos.com.br\/noticias\/area\/trabalhista\/tst-justica-do-trabalho-cria-comite-de-prevencao-e-enfrentamento-do-assedio-moral-do-assedio-sexual-e-da-discriminacao.html#article\",\"isPartOf\":{\"@id\":\"https:\/\/mhcalculos.com.br\/noticias\/area\/trabalhista\/tst-justica-do-trabalho-cria-comite-de-prevencao-e-enfrentamento-do-assedio-moral-do-assedio-sexual-e-da-discriminacao.html\"},\"author\":{\"name\":\"Equipe MH\",\"@id\":\"https:\/\/mhcalculos.com.br\/noticias\/#\/schema\/person\/88d1c34bf72dc779ea14a5a6b8e0ae8d\"},\"headline\":\"TST: Justi\u00e7a do Trabalho cria Comit\u00ea de Preven\u00e7\u00e3o e Enfrentamento do Ass\u00e9dio Moral, do Ass\u00e9dio Sexual e da Discrimina\u00e7\u00e3o\u00a0\",\"datePublished\":\"2023-08-18T20:41:00+00:00\",\"dateModified\":\"2025-04-09T13:49:53+00:00\",\"mainEntityOfPage\":{\"@id\":\"https:\/\/mhcalculos.com.br\/noticias\/area\/trabalhista\/tst-justica-do-trabalho-cria-comite-de-prevencao-e-enfrentamento-do-assedio-moral-do-assedio-sexual-e-da-discriminacao.html\"},\"wordCount\":408,\"commentCount\":0,\"image\":{\"@id\":\"https:\/\/mhcalculos.com.br\/noticias\/area\/trabalhista\/tst-justica-do-trabalho-cria-comite-de-prevencao-e-enfrentamento-do-assedio-moral-do-assedio-sexual-e-da-discriminacao.html#primaryimage\"},\"thumbnailUrl\":\"https:\/\/mhcalculos.com.br\/noticias\/wp-content\/uploads\/sites\/2\/2023\/08\/1692669914_trabalhista-0049.jpg\",\"keywords\":[\"c\u00e1lculos trabalhistas\",\"direito trabalhista\",\"per\u00edcia\",\"perito\",\"trabalho\",\"TST\"],\"articleSection\":[\"Direito Trabalhista\",\"TST\"],\"inLanguage\":\"pt-BR\",\"potentialAction\":[{\"@type\":\"CommentAction\",\"name\":\"Comment\",\"target\":[\"https:\/\/mhcalculos.com.br\/noticias\/area\/trabalhista\/tst-justica-do-trabalho-cria-comite-de-prevencao-e-enfrentamento-do-assedio-moral-do-assedio-sexual-e-da-discriminacao.html#respond\"]}]},{\"@type\":\"WebPage\",\"@id\":\"https:\/\/mhcalculos.com.br\/noticias\/area\/trabalhista\/tst-justica-do-trabalho-cria-comite-de-prevencao-e-enfrentamento-do-assedio-moral-do-assedio-sexual-e-da-discriminacao.html\",\"url\":\"https:\/\/mhcalculos.com.br\/noticias\/area\/trabalhista\/tst-justica-do-trabalho-cria-comite-de-prevencao-e-enfrentamento-do-assedio-moral-do-assedio-sexual-e-da-discriminacao.html\",\"name\":\"TST: Justi\u00e7a do Trabalho cria Comit\u00ea de Preven\u00e7\u00e3o e Enfrentamento do Ass\u00e9dio Moral, do Ass\u00e9dio Sexual e da Discrimina\u00e7\u00e3o\u00a0 | Portal de Not\u00edcias\",\"isPartOf\":{\"@id\":\"https:\/\/mhcalculos.com.br\/noticias\/#website\"},\"primaryImageOfPage\":{\"@id\":\"https:\/\/mhcalculos.com.br\/noticias\/area\/trabalhista\/tst-justica-do-trabalho-cria-comite-de-prevencao-e-enfrentamento-do-assedio-moral-do-assedio-sexual-e-da-discriminacao.html#primaryimage\"},\"image\":{\"@id\":\"https:\/\/mhcalculos.com.br\/noticias\/area\/trabalhista\/tst-justica-do-trabalho-cria-comite-de-prevencao-e-enfrentamento-do-assedio-moral-do-assedio-sexual-e-da-discriminacao.html#primaryimage\"},\"thumbnailUrl\":\"https:\/\/mhcalculos.com.br\/noticias\/wp-content\/uploads\/sites\/2\/2023\/08\/1692669914_trabalhista-0049.jpg\",\"datePublished\":\"2023-08-18T20:41:00+00:00\",\"dateModified\":\"2025-04-09T13:49:53+00:00\",\"author\":{\"@id\":\"https:\/\/mhcalculos.com.br\/noticias\/#\/schema\/person\/88d1c34bf72dc779ea14a5a6b8e0ae8d\"},\"breadcrumb\":{\"@id\":\"https:\/\/mhcalculos.com.br\/noticias\/area\/trabalhista\/tst-justica-do-trabalho-cria-comite-de-prevencao-e-enfrentamento-do-assedio-moral-do-assedio-sexual-e-da-discriminacao.html#breadcrumb\"},\"inLanguage\":\"pt-BR\",\"potentialAction\":[{\"@type\":\"ReadAction\",\"target\":[\"https:\/\/mhcalculos.com.br\/noticias\/area\/trabalhista\/tst-justica-do-trabalho-cria-comite-de-prevencao-e-enfrentamento-do-assedio-moral-do-assedio-sexual-e-da-discriminacao.html\"]}]},{\"@type\":\"ImageObject\",\"inLanguage\":\"pt-BR\",\"@id\":\"https:\/\/mhcalculos.com.br\/noticias\/area\/trabalhista\/tst-justica-do-trabalho-cria-comite-de-prevencao-e-enfrentamento-do-assedio-moral-do-assedio-sexual-e-da-discriminacao.html#primaryimage\",\"url\":\"https:\/\/mhcalculos.com.br\/noticias\/wp-content\/uploads\/sites\/2\/2023\/08\/1692669914_trabalhista-0049.jpg\",\"contentUrl\":\"https:\/\/mhcalculos.com.br\/noticias\/wp-content\/uploads\/sites\/2\/2023\/08\/1692669914_trabalhista-0049.jpg\",\"width\":2000,\"height\":800},{\"@type\":\"BreadcrumbList\",\"@id\":\"https:\/\/mhcalculos.com.br\/noticias\/area\/trabalhista\/tst-justica-do-trabalho-cria-comite-de-prevencao-e-enfrentamento-do-assedio-moral-do-assedio-sexual-e-da-discriminacao.html#breadcrumb\",\"itemListElement\":[{\"@type\":\"ListItem\",\"position\":1,\"name\":\"In\u00edcio\",\"item\":\"https:\/\/mhcalculos.com.br\/noticias\/\"},{\"@type\":\"ListItem\",\"position\":2,\"name\":\"TST: Justi\u00e7a do Trabalho cria Comit\u00ea de Preven\u00e7\u00e3o e Enfrentamento do Ass\u00e9dio Moral, do Ass\u00e9dio Sexual e da Discrimina\u00e7\u00e3o\u00a0\"}]},{\"@type\":\"WebSite\",\"@id\":\"https:\/\/mhcalculos.com.br\/noticias\/#website\",\"url\":\"https:\/\/mhcalculos.com.br\/noticias\/\",\"name\":\"Portal de Not\u00edcias\",\"description\":\"Not\u00edcias e Jurisprud\u00eancia\",\"potentialAction\":[{\"@type\":\"SearchAction\",\"target\":{\"@type\":\"EntryPoint\",\"urlTemplate\":\"https:\/\/mhcalculos.com.br\/noticias\/?s={search_term_string}\"},\"query-input\":{\"@type\":\"PropertyValueSpecification\",\"valueRequired\":true,\"valueName\":\"search_term_string\"}}],\"inLanguage\":\"pt-BR\"},{\"@type\":\"Person\",\"@id\":\"https:\/\/mhcalculos.com.br\/noticias\/#\/schema\/person\/88d1c34bf72dc779ea14a5a6b8e0ae8d\",\"name\":\"Equipe MH\",\"image\":{\"@type\":\"ImageObject\",\"inLanguage\":\"pt-BR\",\"@id\":\"https:\/\/secure.gravatar.com\/avatar\/de1c686c2ecc9c5a3f327e3431d819eb39f8f05d4e1045f5a1caad6daaba987f?s=96&d=mm&r=g\",\"url\":\"https:\/\/secure.gravatar.com\/avatar\/de1c686c2ecc9c5a3f327e3431d819eb39f8f05d4e1045f5a1caad6daaba987f?s=96&d=mm&r=g\",\"contentUrl\":\"https:\/\/secure.gravatar.com\/avatar\/de1c686c2ecc9c5a3f327e3431d819eb39f8f05d4e1045f5a1caad6daaba987f?s=96&d=mm&r=g\",\"caption\":\"Equipe MH\"}}]}<\/script>\n<!-- \/ Yoast SEO plugin. -->","yoast_head_json":{"title":"TST: Justi\u00e7a do Trabalho cria Comit\u00ea de Preven\u00e7\u00e3o e Enfrentamento do Ass\u00e9dio Moral, do Ass\u00e9dio Sexual e da Discrimina\u00e7\u00e3o\u00a0 | Portal de Not\u00edcias","robots":{"index":"index","follow":"follow","max-snippet":"max-snippet:-1","max-image-preview":"max-image-preview:large","max-video-preview":"max-video-preview:-1"},"canonical":"https:\/\/mhcalculos.com.br\/noticias\/area\/trabalhista\/tst-justica-do-trabalho-cria-comite-de-prevencao-e-enfrentamento-do-assedio-moral-do-assedio-sexual-e-da-discriminacao.html","og_locale":"pt_BR","og_type":"article","og_title":"TST: Justi\u00e7a do Trabalho cria Comit\u00ea de Preven\u00e7\u00e3o e Enfrentamento do Ass\u00e9dio Moral, do Ass\u00e9dio Sexual e da Discrimina\u00e7\u00e3o\u00a0 | Portal de Not\u00edcias","og_description":"Segundo o ministro Lelio Bentes Corr\u00eaa, Tribunal tem se empenhado em promover um ambiente de trabalho mais saud\u00e1vel e digno ao p\u00fablico interno 21\/08\/23 &#8211; O presidente do TST, ministro Lelio Bentes Corr\u00eaa, assinou nesta sexta-feira (18) o Ato Conjunto TST.CSJT.GP 48, que cria o Comit\u00ea de Preven\u00e7\u00e3o e Enfrentamento do Ass\u00e9dio Moral, do Ass\u00e9dio [&hellip;]","og_url":"https:\/\/mhcalculos.com.br\/noticias\/area\/trabalhista\/tst-justica-do-trabalho-cria-comite-de-prevencao-e-enfrentamento-do-assedio-moral-do-assedio-sexual-e-da-discriminacao.html","og_site_name":"Portal de Not\u00edcias","article_published_time":"2023-08-18T20:41:00+00:00","article_modified_time":"2025-04-09T13:49:53+00:00","og_image":[{"width":2000,"height":800,"url":"https:\/\/mhcalculos.com.br\/noticias\/wp-content\/uploads\/sites\/2\/2023\/08\/1692669914_trabalhista-0049.jpg","type":"image\/jpeg"}],"author":"Equipe MH","twitter_card":"summary_large_image","twitter_misc":{"Escrito por":"Equipe MH","Est. tempo de leitura":"3 minutos"},"schema":{"@context":"https:\/\/schema.org","@graph":[{"@type":"Article","@id":"https:\/\/mhcalculos.com.br\/noticias\/area\/trabalhista\/tst-justica-do-trabalho-cria-comite-de-prevencao-e-enfrentamento-do-assedio-moral-do-assedio-sexual-e-da-discriminacao.html#article","isPartOf":{"@id":"https:\/\/mhcalculos.com.br\/noticias\/area\/trabalhista\/tst-justica-do-trabalho-cria-comite-de-prevencao-e-enfrentamento-do-assedio-moral-do-assedio-sexual-e-da-discriminacao.html"},"author":{"name":"Equipe MH","@id":"https:\/\/mhcalculos.com.br\/noticias\/#\/schema\/person\/88d1c34bf72dc779ea14a5a6b8e0ae8d"},"headline":"TST: Justi\u00e7a do Trabalho cria Comit\u00ea de Preven\u00e7\u00e3o e Enfrentamento do Ass\u00e9dio Moral, do Ass\u00e9dio Sexual e da Discrimina\u00e7\u00e3o\u00a0","datePublished":"2023-08-18T20:41:00+00:00","dateModified":"2025-04-09T13:49:53+00:00","mainEntityOfPage":{"@id":"https:\/\/mhcalculos.com.br\/noticias\/area\/trabalhista\/tst-justica-do-trabalho-cria-comite-de-prevencao-e-enfrentamento-do-assedio-moral-do-assedio-sexual-e-da-discriminacao.html"},"wordCount":408,"commentCount":0,"image":{"@id":"https:\/\/mhcalculos.com.br\/noticias\/area\/trabalhista\/tst-justica-do-trabalho-cria-comite-de-prevencao-e-enfrentamento-do-assedio-moral-do-assedio-sexual-e-da-discriminacao.html#primaryimage"},"thumbnailUrl":"https:\/\/mhcalculos.com.br\/noticias\/wp-content\/uploads\/sites\/2\/2023\/08\/1692669914_trabalhista-0049.jpg","keywords":["c\u00e1lculos trabalhistas","direito trabalhista","per\u00edcia","perito","trabalho","TST"],"articleSection":["Direito Trabalhista","TST"],"inLanguage":"pt-BR","potentialAction":[{"@type":"CommentAction","name":"Comment","target":["https:\/\/mhcalculos.com.br\/noticias\/area\/trabalhista\/tst-justica-do-trabalho-cria-comite-de-prevencao-e-enfrentamento-do-assedio-moral-do-assedio-sexual-e-da-discriminacao.html#respond"]}]},{"@type":"WebPage","@id":"https:\/\/mhcalculos.com.br\/noticias\/area\/trabalhista\/tst-justica-do-trabalho-cria-comite-de-prevencao-e-enfrentamento-do-assedio-moral-do-assedio-sexual-e-da-discriminacao.html","url":"https:\/\/mhcalculos.com.br\/noticias\/area\/trabalhista\/tst-justica-do-trabalho-cria-comite-de-prevencao-e-enfrentamento-do-assedio-moral-do-assedio-sexual-e-da-discriminacao.html","name":"TST: Justi\u00e7a do Trabalho cria Comit\u00ea de Preven\u00e7\u00e3o e Enfrentamento do Ass\u00e9dio Moral, do Ass\u00e9dio Sexual e da Discrimina\u00e7\u00e3o\u00a0 | Portal de Not\u00edcias","isPartOf":{"@id":"https:\/\/mhcalculos.com.br\/noticias\/#website"},"primaryImageOfPage":{"@id":"https:\/\/mhcalculos.com.br\/noticias\/area\/trabalhista\/tst-justica-do-trabalho-cria-comite-de-prevencao-e-enfrentamento-do-assedio-moral-do-assedio-sexual-e-da-discriminacao.html#primaryimage"},"image":{"@id":"https:\/\/mhcalculos.com.br\/noticias\/area\/trabalhista\/tst-justica-do-trabalho-cria-comite-de-prevencao-e-enfrentamento-do-assedio-moral-do-assedio-sexual-e-da-discriminacao.html#primaryimage"},"thumbnailUrl":"https:\/\/mhcalculos.com.br\/noticias\/wp-content\/uploads\/sites\/2\/2023\/08\/1692669914_trabalhista-0049.jpg","datePublished":"2023-08-18T20:41:00+00:00","dateModified":"2025-04-09T13:49:53+00:00","author":{"@id":"https:\/\/mhcalculos.com.br\/noticias\/#\/schema\/person\/88d1c34bf72dc779ea14a5a6b8e0ae8d"},"breadcrumb":{"@id":"https:\/\/mhcalculos.com.br\/noticias\/area\/trabalhista\/tst-justica-do-trabalho-cria-comite-de-prevencao-e-enfrentamento-do-assedio-moral-do-assedio-sexual-e-da-discriminacao.html#breadcrumb"},"inLanguage":"pt-BR","potentialAction":[{"@type":"ReadAction","target":["https:\/\/mhcalculos.com.br\/noticias\/area\/trabalhista\/tst-justica-do-trabalho-cria-comite-de-prevencao-e-enfrentamento-do-assedio-moral-do-assedio-sexual-e-da-discriminacao.html"]}]},{"@type":"ImageObject","inLanguage":"pt-BR","@id":"https:\/\/mhcalculos.com.br\/noticias\/area\/trabalhista\/tst-justica-do-trabalho-cria-comite-de-prevencao-e-enfrentamento-do-assedio-moral-do-assedio-sexual-e-da-discriminacao.html#primaryimage","url":"https:\/\/mhcalculos.com.br\/noticias\/wp-content\/uploads\/sites\/2\/2023\/08\/1692669914_trabalhista-0049.jpg","contentUrl":"https:\/\/mhcalculos.com.br\/noticias\/wp-content\/uploads\/sites\/2\/2023\/08\/1692669914_trabalhista-0049.jpg","width":2000,"height":800},{"@type":"BreadcrumbList","@id":"https:\/\/mhcalculos.com.br\/noticias\/area\/trabalhista\/tst-justica-do-trabalho-cria-comite-de-prevencao-e-enfrentamento-do-assedio-moral-do-assedio-sexual-e-da-discriminacao.html#breadcrumb","itemListElement":[{"@type":"ListItem","position":1,"name":"In\u00edcio","item":"https:\/\/mhcalculos.com.br\/noticias\/"},{"@type":"ListItem","position":2,"name":"TST: Justi\u00e7a do Trabalho cria Comit\u00ea de Preven\u00e7\u00e3o e Enfrentamento do Ass\u00e9dio Moral, do Ass\u00e9dio Sexual e da Discrimina\u00e7\u00e3o\u00a0"}]},{"@type":"WebSite","@id":"https:\/\/mhcalculos.com.br\/noticias\/#website","url":"https:\/\/mhcalculos.com.br\/noticias\/","name":"Portal de Not\u00edcias","description":"Not\u00edcias e Jurisprud\u00eancia","potentialAction":[{"@type":"SearchAction","target":{"@type":"EntryPoint","urlTemplate":"https:\/\/mhcalculos.com.br\/noticias\/?s={search_term_string}"},"query-input":{"@type":"PropertyValueSpecification","valueRequired":true,"valueName":"search_term_string"}}],"inLanguage":"pt-BR"},{"@type":"Person","@id":"https:\/\/mhcalculos.com.br\/noticias\/#\/schema\/person\/88d1c34bf72dc779ea14a5a6b8e0ae8d","name":"Equipe MH","image":{"@type":"ImageObject","inLanguage":"pt-BR","@id":"https:\/\/secure.gravatar.com\/avatar\/de1c686c2ecc9c5a3f327e3431d819eb39f8f05d4e1045f5a1caad6daaba987f?s=96&d=mm&r=g","url":"https:\/\/secure.gravatar.com\/avatar\/de1c686c2ecc9c5a3f327e3431d819eb39f8f05d4e1045f5a1caad6daaba987f?s=96&d=mm&r=g","contentUrl":"https:\/\/secure.gravatar.com\/avatar\/de1c686c2ecc9c5a3f327e3431d819eb39f8f05d4e1045f5a1caad6daaba987f?s=96&d=mm&r=g","caption":"Equipe MH"}}]}},"_links":{"self":[{"href":"https:\/\/mhcalculos.com.br\/noticias\/wp-json\/wp\/v2\/posts\/12680","targetHints":{"allow":["GET"]}}],"collection":[{"href":"https:\/\/mhcalculos.com.br\/noticias\/wp-json\/wp\/v2\/posts"}],"about":[{"href":"https:\/\/mhcalculos.com.br\/noticias\/wp-json\/wp\/v2\/types\/post"}],"author":[{"embeddable":true,"href":"https:\/\/mhcalculos.com.br\/noticias\/wp-json\/wp\/v2\/users\/3063"}],"replies":[{"embeddable":true,"href":"https:\/\/mhcalculos.com.br\/noticias\/wp-json\/wp\/v2\/comments?post=12680"}],"version-history":[{"count":2,"href":"https:\/\/mhcalculos.com.br\/noticias\/wp-json\/wp\/v2\/posts\/12680\/revisions"}],"predecessor-version":[{"id":13586,"href":"https:\/\/mhcalculos.com.br\/noticias\/wp-json\/wp\/v2\/posts\/12680\/revisions\/13586"}],"wp:featuredmedia":[{"embeddable":true,"href":"https:\/\/mhcalculos.com.br\/noticias\/wp-json\/wp\/v2\/media\/12681"}],"wp:attachment":[{"href":"https:\/\/mhcalculos.com.br\/noticias\/wp-json\/wp\/v2\/media?parent=12680"}],"wp:term":[{"taxonomy":"category","embeddable":true,"href":"https:\/\/mhcalculos.com.br\/noticias\/wp-json\/wp\/v2\/categories?post=12680"},{"taxonomy":"post_tag","embeddable":true,"href":"https:\/\/mhcalculos.com.br\/noticias\/wp-json\/wp\/v2\/tags?post=12680"}],"curies":[{"name":"wp","href":"https:\/\/api.w.org\/{rel}","templated":true}]}}