{"id":12632,"date":"2023-08-08T18:53:00","date_gmt":"2023-08-08T21:53:00","guid":{"rendered":"https:\/\/mhcalculos.com.br\/noticias\/area\/trabalhista\/tst-tribunal-promove-curso-sobre-letramento-racial.html"},"modified":"2025-04-09T10:56:20","modified_gmt":"2025-04-09T13:56:20","slug":"tst-tribunal-promove-curso-sobre-letramento-racial","status":"publish","type":"post","link":"https:\/\/mhcalculos.com.br\/noticias\/area\/trabalhista\/tst-tribunal-promove-curso-sobre-letramento-racial.html","title":{"rendered":"TST: Tribunal&nbsp;promove curso sobre letramento racial"},"content":{"rendered":"\n<p>Palestra de Rafa Rafuagi abriu curso, que visa conscientizar p\u00fablico interno sobre racismo e branquitude<\/p>\n<p>08\/08\/23 \u2013 O Tribunal Superior do Trabalho iniciou, nesta ter\u00e7a-feira (8), o curso \u201cLetramento racial: reeducar para construir\u201d, que, at\u00e9 novembro, promover\u00e1 mesas redondas com palestrantes negros para discutir temas como colonialismo, filosofia africana, sa\u00fade mental, sistema de justi\u00e7a e a\u00e7\u00f5es afirmativas.<\/p>\n<p>O curso \u00e9 voltado para o p\u00fablico interno (integrantes da magistratura, servidores, prestadores de servi\u00e7os, estagi\u00e1rios e menores aprendizes do TST e de outros \u00f3rg\u00e3os). O objetivo \u00e9 estimular o combate a\u00a0atitudes racistas. \u00a0O curso foi idealizado pelo Centro de Forma\u00e7\u00e3o de Assessores e Servidores do TST (Cefast), em parceria com a Escola Nacional de Forma\u00e7\u00e3o e Aperfei\u00e7oamento de Magistrados do Trabalho (Enamat).<\/p>\n<h4>Sonhos e projetos<\/h4>\n<p>\u201cPor que o negro incomoda tanto?\u201d questionou Simone Diniz na abertura do curso. Simone tem atuado na defesa dos direitos das mulheres negras desde que <a href=\"https:\/\/www.tst.jus.br\/web\/guest\/institucional?p_p_id=com_liferay_portal_search_web_portlet_SearchPortlet&amp;p_p_lifecycle=0&amp;p_p_state=maximized&amp;p_p_mode=view&amp;_com_liferay_portal_search_web_portlet_SearchPortlet_mvcPath=%2Fview_content.jsp&amp;_com_liferay_portal_search_web_portlet_SearchPortlet_redirect=https%3A%2F%2Fwww.tst.jus.br%3A443%2Fweb%2Fguest%2Finstitucional%3Fp_p_id%3Dcom_liferay_portal_search_web_portlet_SearchPortlet%26p_p_lifecycle%3D0%26p_p_state%3Dmaximized%26p_p_mode%3Dview%26_com_liferay_portal_search_web_portlet_SearchPortlet_redirect%3Dhttps%253A%252F%252Fwww.tst.jus.br%253A443%252Fweb%252Fguest%252Finstitucional%253Fp_p_id%253Dcom_liferay_portal_search_web_portlet_SearchPortlet%2526p_p_lifecycle%253D0%2526p_p_state%253Dnormal%2526p_p_mode%253Dview%26_com_liferay_portal_search_web_portlet_SearchPortlet_mvcPath%3D%252Fsearch.jsp%26_com_liferay_portal_search_web_portlet_SearchPortlet_keywords%3Dsimone%2Bdiniz%26_com_liferay_portal_search_web_portlet_SearchPortlet_formDate%3D1691523466863%26_com_liferay_portal_search_web_portlet_SearchPortlet_scope%3Dthis-site&amp;_com_liferay_portal_search_web_portlet_SearchPortlet_assetEntryId=31344515&amp;_com_liferay_portal_search_web_portlet_SearchPortlet_type=content\" target=\"_blank\" rel=\"noopener\">sofreu discrimina\u00e7\u00e3o quando trabalhava como empregada dom\u00e9stica<\/a>, ao se deparar com um an\u00fancio de jornal que exigia que a candidata \u00e0 vaga fosse branca.<\/p>\n<p>Ap\u00f3s ter sido rejeitada para o trabalho, ela denunciou o caso \u00e0 Ordem dos Advogados do Brasil em S\u00e3o Paulo (OAB\/SP) e \u00e0 Delegacia de Crimes Raciais. Em abril de 1997, a Justi\u00e7a determinou o arquivamento do processo, mas, no mesmo ano, o caso foi levado \u00e0 Corte Interamericana de Direitos Humanos<\/p>\n<p>Mesmo depois de anos de luta, Simone diz que a sociedade continua extremamente preconceituosa. \u201cOs negros t\u00eam sonhos e projetos, mas seguem sendo julgados quando almejam cargos ou posi\u00e7\u00f5es. Por que o negro incomoda tanto? Por que ele \u00e9 julgado incapaz ou \u00e9 alvo de tanto deboche?\u201d, perguntou \u00e0 plateia.<\/p>\n<h4>Continuidade<\/h4>\n<p>Para o ativista cultural e militante do movimento negro Rafa Rafuagi, que fez a primeira palestra do curso, a iniciativa do TST de capacitar seu p\u00fablico sobre a tem\u00e1tica \u00e9 essencial, mas a a\u00e7\u00e3o n\u00e3o deve ser pontual. \u201cA cada ciclo, se renovam servidores e magistrados. \u00c9 preciso que esses temas sejam discutidos de forma permanente para chegar a todos\u201d, defendeu.<\/p>\n<p>Rafa considera muito importante saber a origem de express\u00f5es racistas, como \u201cmulata\u201d, e n\u00e3o mais utiliz\u00e1-las, al\u00e9m de\u00a0agir de forma mais ativa contra o racismo. \u201cEsses termos s\u00e3o humilhantes, racistas, excludentes e violentos. \u00c9 melhor pensar antes de falar e de ofender o outro\u201d, orientou.<\/p>\n<h4>Pioneirismo<\/h4>\n<p>O presidente do TST, ministro Lelio Bentes Corr\u00eaa, destacou o pioneirismo da iniciativa de capacita\u00e7\u00e3o e forma\u00e7\u00e3o do p\u00fablico interno do Tribunal num assunto t\u00e3o necess\u00e1rio para \u201cavan\u00e7ar no patamar civilizat\u00f3rio\u201d. \u201cEsse evento nos d\u00e1 a oportunidade de trocar experi\u00eancias e saberes. Temos muito a aprender, e esse processo de instru\u00e7\u00e3o n\u00e3o \u00e9 f\u00e1cil e, muitas vezes, \u00e9 doloroso\u201d, afirmou.<\/p>\n<h4>Projeto Simone<\/h4>\n<p>O ministro aproveitou a ocasi\u00e3o para anunciar o lan\u00e7amento do Projeto Simone Diniz, que promover\u00e1 a\u00e7\u00f5es de capacita\u00e7\u00e3o permanentes no \u00e2mbito da Justi\u00e7a do Trabalho contra o racismo e o sexismo nas rela\u00e7\u00f5es de trabalho, com \u00eanfase no trabalho dom\u00e9stico. O projeto tamb\u00e9m pretende criar uma rede interinstitucional com \u00f3rg\u00e3os da administra\u00e7\u00e3o p\u00fablica, entidades da sociedade civil, organismos internacionais e pa\u00edses de l\u00edngua portuguesa para compartilhamento de informa\u00e7\u00f5es.<\/p>\n<p>(Juliane Sacerdote\/ CF)<\/p>\n<p>Leia mais:<\/p>\n<p>20\/11\/2022 &#8211; <a href=\"https:\/\/www.tst.jus.br\/web\/guest\/institucional?p_p_id=com_liferay_portal_search_web_portlet_SearchPortlet&amp;p_p_lifecycle=0&amp;p_p_state=maximized&amp;p_p_mode=view&amp;_com_liferay_portal_search_web_portlet_SearchPortlet_mvcPath=%2Fview_content.jsp&amp;_com_liferay_portal_search_web_portlet_SearchPortlet_redirect=https%3A%2F%2Fwww.tst.jus.br%3A443%2Fweb%2Fguest%2Finstitucional%3Fp_p_id%3Dcom_liferay_portal_search_web_portlet_SearchPortlet%26p_p_lifecycle%3D0%26p_p_state%3Dmaximized%26p_p_mode%3Dview%26_com_liferay_portal_search_web_portlet_SearchPortlet_redirect%3Dhttps%253A%252F%252Fwww.tst.jus.br%253A443%252Fweb%252Fguest%252Finstitucional%253Fp_p_id%253Dcom_liferay_portal_search_web_portlet_SearchPortlet%2526p_p_lifecycle%253D0%2526p_p_state%253Dnormal%2526p_p_mode%253Dview%26_com_liferay_portal_search_web_portlet_SearchPortlet_mvcPath%3D%252Fsearch.jsp%26_com_liferay_portal_search_web_portlet_SearchPortlet_keywords%3Dsimone%2Bdiniz%26_com_liferay_portal_search_web_portlet_SearchPortlet_formDate%3D1691523466863%26_com_liferay_portal_search_web_portlet_SearchPortlet_scope%3Dthis-site&amp;_com_liferay_portal_search_web_portlet_SearchPortlet_assetEntryId=31344515&amp;_com_liferay_portal_search_web_portlet_SearchPortlet_type=content\" target=\"_blank\" rel=\"noopener\">Racismo institucional: o que o Brasil aprendeu com o caso Simone Diniz<\/a><\/p>\n<p><i>Com informa\u00e7\u00f5es da assessoria de imprensa do TST.<\/i><\/p>\n<p><a href=\"https:\/\/www.tst.jus.br\/web\/guest\/noticias?p_p_id=89Dk&amp;p_p_lifecycle=0&amp;refererPlid=10730&amp;_89Dk_groupId=10157&amp;_89Dk_articleId=31976268\">Fonte<\/a><\/p>\n\n","protected":false},"excerpt":{"rendered":"<p>Palestra de Rafa Rafuagi abriu curso, que visa conscientizar p\u00fablico interno sobre racismo e branquitude 08\/08\/23 \u2013 O Tribunal Superior do Trabalho iniciou, nesta ter\u00e7a-feira (8), o curso \u201cLetramento racial: reeducar para construir\u201d, que, at\u00e9 novembro, promover\u00e1 mesas redondas com palestrantes negros para discutir temas como colonialismo, filosofia africana, sa\u00fade mental, sistema de justi\u00e7a e [&hellip;]<\/p>\n","protected":false},"author":3063,"featured_media":12633,"comment_status":"open","ping_status":"open","sticky":false,"template":"","format":"standard","meta":{"footnotes":""},"categories":[3,21],"tags":[33,216,9,12,217,215],"class_list":{"0":"post-12632","1":"post","2":"type-post","3":"status-publish","4":"format-standard","5":"has-post-thumbnail","7":"category-trabalhista","8":"category-tst","9":"tag-calculos-trabalhistas","10":"tag-direito-trabalhista","11":"tag-pericia","12":"tag-perito","13":"tag-trabalho","14":"tag-tst"},"yoast_head":"<!-- This site is optimized with the Yoast SEO plugin v27.2 - https:\/\/yoast.com\/product\/yoast-seo-wordpress\/ -->\n<title>TST: Tribunal&nbsp;promove curso sobre letramento racial | Portal de Not\u00edcias<\/title>\n<meta name=\"robots\" content=\"index, follow, max-snippet:-1, max-image-preview:large, max-video-preview:-1\" \/>\n<link rel=\"canonical\" href=\"https:\/\/mhcalculos.com.br\/noticias\/area\/trabalhista\/tst-tribunal-promove-curso-sobre-letramento-racial.html\" \/>\n<meta property=\"og:locale\" content=\"pt_BR\" \/>\n<meta property=\"og:type\" content=\"article\" \/>\n<meta property=\"og:title\" content=\"TST: Tribunal&nbsp;promove curso sobre letramento racial | Portal de Not\u00edcias\" \/>\n<meta property=\"og:description\" content=\"Palestra de Rafa Rafuagi abriu curso, que visa conscientizar p\u00fablico interno sobre racismo e branquitude 08\/08\/23 \u2013 O Tribunal Superior do Trabalho iniciou, nesta ter\u00e7a-feira (8), o curso \u201cLetramento racial: reeducar para construir\u201d, que, at\u00e9 novembro, promover\u00e1 mesas redondas com palestrantes negros para discutir temas como colonialismo, filosofia africana, sa\u00fade mental, sistema de justi\u00e7a e [&hellip;]\" \/>\n<meta property=\"og:url\" content=\"https:\/\/mhcalculos.com.br\/noticias\/area\/trabalhista\/tst-tribunal-promove-curso-sobre-letramento-racial.html\" \/>\n<meta property=\"og:site_name\" content=\"Portal de Not\u00edcias\" \/>\n<meta property=\"article:published_time\" content=\"2023-08-08T21:53:00+00:00\" \/>\n<meta property=\"article:modified_time\" content=\"2025-04-09T13:56:20+00:00\" \/>\n<meta property=\"og:image\" content=\"https:\/\/mhcalculos.com.br\/noticias\/wp-content\/uploads\/sites\/2\/2023\/08\/judiciario-0037.jpg\" \/>\n\t<meta property=\"og:image:width\" content=\"2000\" \/>\n\t<meta property=\"og:image:height\" content=\"800\" \/>\n\t<meta property=\"og:image:type\" content=\"image\/jpeg\" \/>\n<meta name=\"author\" content=\"Equipe MH\" \/>\n<meta name=\"twitter:card\" content=\"summary_large_image\" \/>\n<meta name=\"twitter:label1\" content=\"Escrito por\" \/>\n\t<meta name=\"twitter:data1\" content=\"Equipe MH\" \/>\n\t<meta name=\"twitter:label2\" content=\"Est. tempo de leitura\" \/>\n\t<meta name=\"twitter:data2\" content=\"4 minutos\" \/>\n<script type=\"application\/ld+json\" class=\"yoast-schema-graph\">{\"@context\":\"https:\/\/schema.org\",\"@graph\":[{\"@type\":\"Article\",\"@id\":\"https:\/\/mhcalculos.com.br\/noticias\/area\/trabalhista\/tst-tribunal-promove-curso-sobre-letramento-racial.html#article\",\"isPartOf\":{\"@id\":\"https:\/\/mhcalculos.com.br\/noticias\/area\/trabalhista\/tst-tribunal-promove-curso-sobre-letramento-racial.html\"},\"author\":{\"name\":\"Equipe MH\",\"@id\":\"https:\/\/mhcalculos.com.br\/noticias\/#\/schema\/person\/88d1c34bf72dc779ea14a5a6b8e0ae8d\"},\"headline\":\"TST: Tribunal&nbsp;promove curso sobre letramento racial\",\"datePublished\":\"2023-08-08T21:53:00+00:00\",\"dateModified\":\"2025-04-09T13:56:20+00:00\",\"mainEntityOfPage\":{\"@id\":\"https:\/\/mhcalculos.com.br\/noticias\/area\/trabalhista\/tst-tribunal-promove-curso-sobre-letramento-racial.html\"},\"wordCount\":590,\"commentCount\":0,\"image\":{\"@id\":\"https:\/\/mhcalculos.com.br\/noticias\/area\/trabalhista\/tst-tribunal-promove-curso-sobre-letramento-racial.html#primaryimage\"},\"thumbnailUrl\":\"https:\/\/mhcalculos.com.br\/noticias\/wp-content\/uploads\/sites\/2\/2023\/08\/judiciario-0037.jpg\",\"keywords\":[\"c\u00e1lculos trabalhistas\",\"direito trabalhista\",\"per\u00edcia\",\"perito\",\"trabalho\",\"TST\"],\"articleSection\":[\"Direito Trabalhista\",\"TST\"],\"inLanguage\":\"pt-BR\",\"potentialAction\":[{\"@type\":\"CommentAction\",\"name\":\"Comment\",\"target\":[\"https:\/\/mhcalculos.com.br\/noticias\/area\/trabalhista\/tst-tribunal-promove-curso-sobre-letramento-racial.html#respond\"]}]},{\"@type\":\"WebPage\",\"@id\":\"https:\/\/mhcalculos.com.br\/noticias\/area\/trabalhista\/tst-tribunal-promove-curso-sobre-letramento-racial.html\",\"url\":\"https:\/\/mhcalculos.com.br\/noticias\/area\/trabalhista\/tst-tribunal-promove-curso-sobre-letramento-racial.html\",\"name\":\"TST: Tribunal&nbsp;promove curso sobre letramento racial | Portal de Not\u00edcias\",\"isPartOf\":{\"@id\":\"https:\/\/mhcalculos.com.br\/noticias\/#website\"},\"primaryImageOfPage\":{\"@id\":\"https:\/\/mhcalculos.com.br\/noticias\/area\/trabalhista\/tst-tribunal-promove-curso-sobre-letramento-racial.html#primaryimage\"},\"image\":{\"@id\":\"https:\/\/mhcalculos.com.br\/noticias\/area\/trabalhista\/tst-tribunal-promove-curso-sobre-letramento-racial.html#primaryimage\"},\"thumbnailUrl\":\"https:\/\/mhcalculos.com.br\/noticias\/wp-content\/uploads\/sites\/2\/2023\/08\/judiciario-0037.jpg\",\"datePublished\":\"2023-08-08T21:53:00+00:00\",\"dateModified\":\"2025-04-09T13:56:20+00:00\",\"author\":{\"@id\":\"https:\/\/mhcalculos.com.br\/noticias\/#\/schema\/person\/88d1c34bf72dc779ea14a5a6b8e0ae8d\"},\"breadcrumb\":{\"@id\":\"https:\/\/mhcalculos.com.br\/noticias\/area\/trabalhista\/tst-tribunal-promove-curso-sobre-letramento-racial.html#breadcrumb\"},\"inLanguage\":\"pt-BR\",\"potentialAction\":[{\"@type\":\"ReadAction\",\"target\":[\"https:\/\/mhcalculos.com.br\/noticias\/area\/trabalhista\/tst-tribunal-promove-curso-sobre-letramento-racial.html\"]}]},{\"@type\":\"ImageObject\",\"inLanguage\":\"pt-BR\",\"@id\":\"https:\/\/mhcalculos.com.br\/noticias\/area\/trabalhista\/tst-tribunal-promove-curso-sobre-letramento-racial.html#primaryimage\",\"url\":\"https:\/\/mhcalculos.com.br\/noticias\/wp-content\/uploads\/sites\/2\/2023\/08\/judiciario-0037.jpg\",\"contentUrl\":\"https:\/\/mhcalculos.com.br\/noticias\/wp-content\/uploads\/sites\/2\/2023\/08\/judiciario-0037.jpg\",\"width\":2000,\"height\":800},{\"@type\":\"BreadcrumbList\",\"@id\":\"https:\/\/mhcalculos.com.br\/noticias\/area\/trabalhista\/tst-tribunal-promove-curso-sobre-letramento-racial.html#breadcrumb\",\"itemListElement\":[{\"@type\":\"ListItem\",\"position\":1,\"name\":\"In\u00edcio\",\"item\":\"https:\/\/mhcalculos.com.br\/noticias\/\"},{\"@type\":\"ListItem\",\"position\":2,\"name\":\"TST: Tribunal&nbsp;promove curso sobre letramento racial\"}]},{\"@type\":\"WebSite\",\"@id\":\"https:\/\/mhcalculos.com.br\/noticias\/#website\",\"url\":\"https:\/\/mhcalculos.com.br\/noticias\/\",\"name\":\"Portal de Not\u00edcias\",\"description\":\"Not\u00edcias e Jurisprud\u00eancia\",\"potentialAction\":[{\"@type\":\"SearchAction\",\"target\":{\"@type\":\"EntryPoint\",\"urlTemplate\":\"https:\/\/mhcalculos.com.br\/noticias\/?s={search_term_string}\"},\"query-input\":{\"@type\":\"PropertyValueSpecification\",\"valueRequired\":true,\"valueName\":\"search_term_string\"}}],\"inLanguage\":\"pt-BR\"},{\"@type\":\"Person\",\"@id\":\"https:\/\/mhcalculos.com.br\/noticias\/#\/schema\/person\/88d1c34bf72dc779ea14a5a6b8e0ae8d\",\"name\":\"Equipe MH\",\"image\":{\"@type\":\"ImageObject\",\"inLanguage\":\"pt-BR\",\"@id\":\"https:\/\/secure.gravatar.com\/avatar\/de1c686c2ecc9c5a3f327e3431d819eb39f8f05d4e1045f5a1caad6daaba987f?s=96&d=mm&r=g\",\"url\":\"https:\/\/secure.gravatar.com\/avatar\/de1c686c2ecc9c5a3f327e3431d819eb39f8f05d4e1045f5a1caad6daaba987f?s=96&d=mm&r=g\",\"contentUrl\":\"https:\/\/secure.gravatar.com\/avatar\/de1c686c2ecc9c5a3f327e3431d819eb39f8f05d4e1045f5a1caad6daaba987f?s=96&d=mm&r=g\",\"caption\":\"Equipe MH\"}}]}<\/script>\n<!-- \/ Yoast SEO plugin. -->","yoast_head_json":{"title":"TST: Tribunal&nbsp;promove curso sobre letramento racial | Portal de Not\u00edcias","robots":{"index":"index","follow":"follow","max-snippet":"max-snippet:-1","max-image-preview":"max-image-preview:large","max-video-preview":"max-video-preview:-1"},"canonical":"https:\/\/mhcalculos.com.br\/noticias\/area\/trabalhista\/tst-tribunal-promove-curso-sobre-letramento-racial.html","og_locale":"pt_BR","og_type":"article","og_title":"TST: Tribunal&nbsp;promove curso sobre letramento racial | Portal de Not\u00edcias","og_description":"Palestra de Rafa Rafuagi abriu curso, que visa conscientizar p\u00fablico interno sobre racismo e branquitude 08\/08\/23 \u2013 O Tribunal Superior do Trabalho iniciou, nesta ter\u00e7a-feira (8), o curso \u201cLetramento racial: reeducar para construir\u201d, que, at\u00e9 novembro, promover\u00e1 mesas redondas com palestrantes negros para discutir temas como colonialismo, filosofia africana, sa\u00fade mental, sistema de justi\u00e7a e [&hellip;]","og_url":"https:\/\/mhcalculos.com.br\/noticias\/area\/trabalhista\/tst-tribunal-promove-curso-sobre-letramento-racial.html","og_site_name":"Portal de Not\u00edcias","article_published_time":"2023-08-08T21:53:00+00:00","article_modified_time":"2025-04-09T13:56:20+00:00","og_image":[{"width":2000,"height":800,"url":"https:\/\/mhcalculos.com.br\/noticias\/wp-content\/uploads\/sites\/2\/2023\/08\/judiciario-0037.jpg","type":"image\/jpeg"}],"author":"Equipe MH","twitter_card":"summary_large_image","twitter_misc":{"Escrito por":"Equipe MH","Est. tempo de leitura":"4 minutos"},"schema":{"@context":"https:\/\/schema.org","@graph":[{"@type":"Article","@id":"https:\/\/mhcalculos.com.br\/noticias\/area\/trabalhista\/tst-tribunal-promove-curso-sobre-letramento-racial.html#article","isPartOf":{"@id":"https:\/\/mhcalculos.com.br\/noticias\/area\/trabalhista\/tst-tribunal-promove-curso-sobre-letramento-racial.html"},"author":{"name":"Equipe MH","@id":"https:\/\/mhcalculos.com.br\/noticias\/#\/schema\/person\/88d1c34bf72dc779ea14a5a6b8e0ae8d"},"headline":"TST: Tribunal&nbsp;promove curso sobre letramento racial","datePublished":"2023-08-08T21:53:00+00:00","dateModified":"2025-04-09T13:56:20+00:00","mainEntityOfPage":{"@id":"https:\/\/mhcalculos.com.br\/noticias\/area\/trabalhista\/tst-tribunal-promove-curso-sobre-letramento-racial.html"},"wordCount":590,"commentCount":0,"image":{"@id":"https:\/\/mhcalculos.com.br\/noticias\/area\/trabalhista\/tst-tribunal-promove-curso-sobre-letramento-racial.html#primaryimage"},"thumbnailUrl":"https:\/\/mhcalculos.com.br\/noticias\/wp-content\/uploads\/sites\/2\/2023\/08\/judiciario-0037.jpg","keywords":["c\u00e1lculos trabalhistas","direito trabalhista","per\u00edcia","perito","trabalho","TST"],"articleSection":["Direito Trabalhista","TST"],"inLanguage":"pt-BR","potentialAction":[{"@type":"CommentAction","name":"Comment","target":["https:\/\/mhcalculos.com.br\/noticias\/area\/trabalhista\/tst-tribunal-promove-curso-sobre-letramento-racial.html#respond"]}]},{"@type":"WebPage","@id":"https:\/\/mhcalculos.com.br\/noticias\/area\/trabalhista\/tst-tribunal-promove-curso-sobre-letramento-racial.html","url":"https:\/\/mhcalculos.com.br\/noticias\/area\/trabalhista\/tst-tribunal-promove-curso-sobre-letramento-racial.html","name":"TST: Tribunal&nbsp;promove curso sobre letramento racial | Portal de Not\u00edcias","isPartOf":{"@id":"https:\/\/mhcalculos.com.br\/noticias\/#website"},"primaryImageOfPage":{"@id":"https:\/\/mhcalculos.com.br\/noticias\/area\/trabalhista\/tst-tribunal-promove-curso-sobre-letramento-racial.html#primaryimage"},"image":{"@id":"https:\/\/mhcalculos.com.br\/noticias\/area\/trabalhista\/tst-tribunal-promove-curso-sobre-letramento-racial.html#primaryimage"},"thumbnailUrl":"https:\/\/mhcalculos.com.br\/noticias\/wp-content\/uploads\/sites\/2\/2023\/08\/judiciario-0037.jpg","datePublished":"2023-08-08T21:53:00+00:00","dateModified":"2025-04-09T13:56:20+00:00","author":{"@id":"https:\/\/mhcalculos.com.br\/noticias\/#\/schema\/person\/88d1c34bf72dc779ea14a5a6b8e0ae8d"},"breadcrumb":{"@id":"https:\/\/mhcalculos.com.br\/noticias\/area\/trabalhista\/tst-tribunal-promove-curso-sobre-letramento-racial.html#breadcrumb"},"inLanguage":"pt-BR","potentialAction":[{"@type":"ReadAction","target":["https:\/\/mhcalculos.com.br\/noticias\/area\/trabalhista\/tst-tribunal-promove-curso-sobre-letramento-racial.html"]}]},{"@type":"ImageObject","inLanguage":"pt-BR","@id":"https:\/\/mhcalculos.com.br\/noticias\/area\/trabalhista\/tst-tribunal-promove-curso-sobre-letramento-racial.html#primaryimage","url":"https:\/\/mhcalculos.com.br\/noticias\/wp-content\/uploads\/sites\/2\/2023\/08\/judiciario-0037.jpg","contentUrl":"https:\/\/mhcalculos.com.br\/noticias\/wp-content\/uploads\/sites\/2\/2023\/08\/judiciario-0037.jpg","width":2000,"height":800},{"@type":"BreadcrumbList","@id":"https:\/\/mhcalculos.com.br\/noticias\/area\/trabalhista\/tst-tribunal-promove-curso-sobre-letramento-racial.html#breadcrumb","itemListElement":[{"@type":"ListItem","position":1,"name":"In\u00edcio","item":"https:\/\/mhcalculos.com.br\/noticias\/"},{"@type":"ListItem","position":2,"name":"TST: Tribunal&nbsp;promove curso sobre letramento racial"}]},{"@type":"WebSite","@id":"https:\/\/mhcalculos.com.br\/noticias\/#website","url":"https:\/\/mhcalculos.com.br\/noticias\/","name":"Portal de Not\u00edcias","description":"Not\u00edcias e Jurisprud\u00eancia","potentialAction":[{"@type":"SearchAction","target":{"@type":"EntryPoint","urlTemplate":"https:\/\/mhcalculos.com.br\/noticias\/?s={search_term_string}"},"query-input":{"@type":"PropertyValueSpecification","valueRequired":true,"valueName":"search_term_string"}}],"inLanguage":"pt-BR"},{"@type":"Person","@id":"https:\/\/mhcalculos.com.br\/noticias\/#\/schema\/person\/88d1c34bf72dc779ea14a5a6b8e0ae8d","name":"Equipe MH","image":{"@type":"ImageObject","inLanguage":"pt-BR","@id":"https:\/\/secure.gravatar.com\/avatar\/de1c686c2ecc9c5a3f327e3431d819eb39f8f05d4e1045f5a1caad6daaba987f?s=96&d=mm&r=g","url":"https:\/\/secure.gravatar.com\/avatar\/de1c686c2ecc9c5a3f327e3431d819eb39f8f05d4e1045f5a1caad6daaba987f?s=96&d=mm&r=g","contentUrl":"https:\/\/secure.gravatar.com\/avatar\/de1c686c2ecc9c5a3f327e3431d819eb39f8f05d4e1045f5a1caad6daaba987f?s=96&d=mm&r=g","caption":"Equipe MH"}}]}},"_links":{"self":[{"href":"https:\/\/mhcalculos.com.br\/noticias\/wp-json\/wp\/v2\/posts\/12632","targetHints":{"allow":["GET"]}}],"collection":[{"href":"https:\/\/mhcalculos.com.br\/noticias\/wp-json\/wp\/v2\/posts"}],"about":[{"href":"https:\/\/mhcalculos.com.br\/noticias\/wp-json\/wp\/v2\/types\/post"}],"author":[{"embeddable":true,"href":"https:\/\/mhcalculos.com.br\/noticias\/wp-json\/wp\/v2\/users\/3063"}],"replies":[{"embeddable":true,"href":"https:\/\/mhcalculos.com.br\/noticias\/wp-json\/wp\/v2\/comments?post=12632"}],"version-history":[{"count":2,"href":"https:\/\/mhcalculos.com.br\/noticias\/wp-json\/wp\/v2\/posts\/12632\/revisions"}],"predecessor-version":[{"id":13599,"href":"https:\/\/mhcalculos.com.br\/noticias\/wp-json\/wp\/v2\/posts\/12632\/revisions\/13599"}],"wp:featuredmedia":[{"embeddable":true,"href":"https:\/\/mhcalculos.com.br\/noticias\/wp-json\/wp\/v2\/media\/12633"}],"wp:attachment":[{"href":"https:\/\/mhcalculos.com.br\/noticias\/wp-json\/wp\/v2\/media?parent=12632"}],"wp:term":[{"taxonomy":"category","embeddable":true,"href":"https:\/\/mhcalculos.com.br\/noticias\/wp-json\/wp\/v2\/categories?post=12632"},{"taxonomy":"post_tag","embeddable":true,"href":"https:\/\/mhcalculos.com.br\/noticias\/wp-json\/wp\/v2\/tags?post=12632"}],"curies":[{"name":"wp","href":"https:\/\/api.w.org\/{rel}","templated":true}]}}