{"id":12616,"date":"2023-08-04T12:49:00","date_gmt":"2023-08-04T15:49:00","guid":{"rendered":"https:\/\/mhcalculos.com.br\/noticias\/area\/trabalhista\/tst-carteiro-que-sofreu-acidente-de-moto-no-trabalho-recebera-indenizacao.html"},"modified":"2025-04-09T10:59:16","modified_gmt":"2025-04-09T13:59:16","slug":"tst-carteiro-que-sofreu-acidente-de-moto-no-trabalho-recebera-indenizacao","status":"publish","type":"post","link":"https:\/\/mhcalculos.com.br\/noticias\/area\/trabalhista\/tst-carteiro-que-sofreu-acidente-de-moto-no-trabalho-recebera-indenizacao.html","title":{"rendered":"TST: Carteiro que sofreu acidente de moto no trabalho receber\u00e1 indeniza\u00e7\u00e3o"},"content":{"rendered":"\n<p>A atividade foi considerada de risco pelos julgadores.<\/p>\n<p>04\/08\/23 &#8211;\u00a0A Terceira Turma do Tribunal Superior do Trabalho condenou a Empresa Brasileira de Correios e Tel\u00e9grafos (ECT) a pagar R$ 40 mil de indeniza\u00e7\u00e3o a um carteiro motociclista de Mag\u00e9 (RJ) por acidente de trabalho. Segundo o colegiado, trata-se de atividade de risco, acarretando a responsabilidade civil da empregadora sem que a culpa precise ser comprovada.<\/p>\n<h4>Interven\u00e7\u00e3o cir\u00fargica<\/h4>\n<p>O acidente ocorreu quando o empregado retornava ao local de trabalho ap\u00f3s fazer uma entrega domiciliar e teve sua moto atingida por um ve\u00edculo que cruzou a pista. Ele contou na a\u00e7\u00e3o trabalhista que teve de passar por interven\u00e7\u00e3o cir\u00fargica para reconstru\u00e7\u00e3o de ligamento, ficando 60 dias com a perna e o bra\u00e7o imobilizados. O acidente o deixou inapto para o trabalho.<\/p>\n<h4>Sem culpa<\/h4>\n<p>A ECT argumentou que o dano ocorrera fora do ambiente controlado da empresa, no deslocamento entre dois munic\u00edpios, e seria necess\u00e1rio comprovar sua conduta culposa para deferir a indeniza\u00e7\u00e3o.<\/p>\n<h4>Indeniza\u00e7\u00e3o<\/h4>\n<p>Em agosto de 2018, a 69\u00aa Vara do Trabalho do Rio de Janeiro condenou a ECT por danos morais e materiais no valor de R$ 40 mil por entender que o acidente era decorrente do exerc\u00edcio do trabalho, que demandava entrega de correspond\u00eancia com a utiliza\u00e7\u00e3o de ve\u00edculo de propriedade dos Correios.<\/p>\n<h4>Responsabilidade<\/h4>\n<p>Contudo, a senten\u00e7a foi reformada pelo Tribunal Regional do Trabalho da 1\u00aa Regi\u00e3o (RJ), que aplicou ao caso a responsabilidade subjetiva (na qual deve ser comprovada a culpa da empresa). Segundo o TRT a aplica\u00e7\u00e3o da responsabilidade objetiva no campo das rela\u00e7\u00f5es de trabalho, com a amplia\u00e7\u00e3o exacerbada do risco do neg\u00f3cio, acabaria por inviabilizar o pr\u00f3prio exerc\u00edcio da atividade empresarial.<\/p>\n<h4>Riscos acentuados<\/h4>\n<p>No TST, o entendimento foi outro. De acordo com o ministro Mauricio Godinho Delgado, relator do recurso do carteiro, a situa\u00e7\u00e3o autoriza a responsabiliza\u00e7\u00e3o objetiva da empresa com base na teoria do risco, em que o dono do neg\u00f3cio responde pelos riscos ou pelos perigos que a atividade promova.<\/p>\n<p>Segundo ele, n\u00e3o h\u00e1 d\u00favida de que a atividade desenvolvida por meio de motocicleta exp\u00f5e o trabalhador a riscos mais acentuados do que aquele a que se submete a coletividade. \u201cEm tais atividades, o empregado desloca-se de um ponto a outro pelas ruas da cidade, o que potencializa o risco de acidentes provenientes do tr\u00e2nsito\u201d, acrescentou.<\/p>\n<p>A decis\u00e3o foi un\u00e2nime.<\/p>\n<p>(Ricardo Reis\/CF)<\/p>\n<p>Processo: <a href=\"https:\/\/consultaprocessual.tst.jus.br\/consultaProcessual\/consultaTstNumUnica.do?consulta=Consultar&amp;conscsjt=&amp;numeroTst=100098&amp;digitoTst=35&amp;anoTst=2017&amp;orgaoTst=5&amp;tribunalTst=01&amp;varaTst=0069&amp;submit=Consultar\" target=\"_blank\" rel=\"noopener\">RR-100098-35.2017.5.01.0069<\/a><\/p>\n<p><em>Esta mat\u00e9ria \u00e9 meramente informativa.<br \/>\nPermitida a reprodu\u00e7\u00e3o mediante cita\u00e7\u00e3o da fonte.<br \/>\nSecretaria de Comunica\u00e7\u00e3o Social<br \/>\n<a href=\"http:\/\/www.tst.jus.br\" target=\"_blank\" rel=\"noopener\">Tribunal Superior do Trabalho<\/a><br \/>\nTel. (61) 3043-4907<br \/>\n<a href=\"mailto:secom@tst.jus.br\u00a0\" target=\"\" rel=\"noopener\">secom@tst.jus.br\u00a0<\/a><\/em><\/p>\n<p><i>Com informa\u00e7\u00f5es da assessoria de imprensa do TST.<\/i><\/p>\n<p><a href=\"https:\/\/www.tst.jus.br\/web\/guest\/noticias?p_p_id=89Dk&amp;p_p_lifecycle=0&amp;refererPlid=10730&amp;_89Dk_groupId=10157&amp;_89Dk_articleId=31971502\">Fonte<\/a><\/p>\n\n","protected":false},"excerpt":{"rendered":"<p>A atividade foi considerada de risco pelos julgadores. 04\/08\/23 &#8211;\u00a0A Terceira Turma do Tribunal Superior do Trabalho condenou a Empresa Brasileira de Correios e Tel\u00e9grafos (ECT) a pagar R$ 40 mil de indeniza\u00e7\u00e3o a um carteiro motociclista de Mag\u00e9 (RJ) por acidente de trabalho. Segundo o colegiado, trata-se de atividade de risco, acarretando a responsabilidade [&hellip;]<\/p>\n","protected":false},"author":3063,"featured_media":12617,"comment_status":"open","ping_status":"open","sticky":false,"template":"","format":"standard","meta":{"footnotes":""},"categories":[3,21],"tags":[33,216,9,12,217,215],"class_list":{"0":"post-12616","1":"post","2":"type-post","3":"status-publish","4":"format-standard","5":"has-post-thumbnail","7":"category-trabalhista","8":"category-tst","9":"tag-calculos-trabalhistas","10":"tag-direito-trabalhista","11":"tag-pericia","12":"tag-perito","13":"tag-trabalho","14":"tag-tst"},"yoast_head":"<!-- This site is optimized with the Yoast SEO plugin v27.2 - https:\/\/yoast.com\/product\/yoast-seo-wordpress\/ -->\n<title>TST: Carteiro que sofreu acidente de moto no trabalho receber\u00e1 indeniza\u00e7\u00e3o | Portal de Not\u00edcias<\/title>\n<meta name=\"robots\" content=\"index, follow, max-snippet:-1, max-image-preview:large, max-video-preview:-1\" \/>\n<link rel=\"canonical\" href=\"https:\/\/mhcalculos.com.br\/noticias\/area\/trabalhista\/tst-carteiro-que-sofreu-acidente-de-moto-no-trabalho-recebera-indenizacao.html\" \/>\n<meta property=\"og:locale\" content=\"pt_BR\" \/>\n<meta property=\"og:type\" content=\"article\" \/>\n<meta property=\"og:title\" content=\"TST: Carteiro que sofreu acidente de moto no trabalho receber\u00e1 indeniza\u00e7\u00e3o | Portal de Not\u00edcias\" \/>\n<meta property=\"og:description\" content=\"A atividade foi considerada de risco pelos julgadores. 04\/08\/23 &#8211;\u00a0A Terceira Turma do Tribunal Superior do Trabalho condenou a Empresa Brasileira de Correios e Tel\u00e9grafos (ECT) a pagar R$ 40 mil de indeniza\u00e7\u00e3o a um carteiro motociclista de Mag\u00e9 (RJ) por acidente de trabalho. Segundo o colegiado, trata-se de atividade de risco, acarretando a responsabilidade [&hellip;]\" \/>\n<meta property=\"og:url\" content=\"https:\/\/mhcalculos.com.br\/noticias\/area\/trabalhista\/tst-carteiro-que-sofreu-acidente-de-moto-no-trabalho-recebera-indenizacao.html\" \/>\n<meta property=\"og:site_name\" content=\"Portal de Not\u00edcias\" \/>\n<meta property=\"article:published_time\" content=\"2023-08-04T15:49:00+00:00\" \/>\n<meta property=\"article:modified_time\" content=\"2025-04-09T13:59:16+00:00\" \/>\n<meta property=\"og:image\" content=\"https:\/\/mhcalculos.com.br\/noticias\/wp-content\/uploads\/sites\/2\/2023\/08\/trabalhista-0050.jpg\" \/>\n\t<meta property=\"og:image:width\" content=\"2000\" \/>\n\t<meta property=\"og:image:height\" content=\"800\" \/>\n\t<meta property=\"og:image:type\" content=\"image\/jpeg\" \/>\n<meta name=\"author\" content=\"Equipe MH\" \/>\n<meta name=\"twitter:card\" content=\"summary_large_image\" \/>\n<meta name=\"twitter:label1\" content=\"Escrito por\" \/>\n\t<meta name=\"twitter:data1\" content=\"Equipe MH\" \/>\n\t<meta name=\"twitter:label2\" content=\"Est. tempo de leitura\" \/>\n\t<meta name=\"twitter:data2\" content=\"3 minutos\" \/>\n<script type=\"application\/ld+json\" class=\"yoast-schema-graph\">{\"@context\":\"https:\/\/schema.org\",\"@graph\":[{\"@type\":\"Article\",\"@id\":\"https:\/\/mhcalculos.com.br\/noticias\/area\/trabalhista\/tst-carteiro-que-sofreu-acidente-de-moto-no-trabalho-recebera-indenizacao.html#article\",\"isPartOf\":{\"@id\":\"https:\/\/mhcalculos.com.br\/noticias\/area\/trabalhista\/tst-carteiro-que-sofreu-acidente-de-moto-no-trabalho-recebera-indenizacao.html\"},\"author\":{\"name\":\"Equipe MH\",\"@id\":\"https:\/\/mhcalculos.com.br\/noticias\/#\/schema\/person\/88d1c34bf72dc779ea14a5a6b8e0ae8d\"},\"headline\":\"TST: Carteiro que sofreu acidente de moto no trabalho receber\u00e1 indeniza\u00e7\u00e3o\",\"datePublished\":\"2023-08-04T15:49:00+00:00\",\"dateModified\":\"2025-04-09T13:59:16+00:00\",\"mainEntityOfPage\":{\"@id\":\"https:\/\/mhcalculos.com.br\/noticias\/area\/trabalhista\/tst-carteiro-que-sofreu-acidente-de-moto-no-trabalho-recebera-indenizacao.html\"},\"wordCount\":475,\"commentCount\":0,\"image\":{\"@id\":\"https:\/\/mhcalculos.com.br\/noticias\/area\/trabalhista\/tst-carteiro-que-sofreu-acidente-de-moto-no-trabalho-recebera-indenizacao.html#primaryimage\"},\"thumbnailUrl\":\"https:\/\/mhcalculos.com.br\/noticias\/wp-content\/uploads\/sites\/2\/2023\/08\/trabalhista-0050.jpg\",\"keywords\":[\"c\u00e1lculos trabalhistas\",\"direito trabalhista\",\"per\u00edcia\",\"perito\",\"trabalho\",\"TST\"],\"articleSection\":[\"Direito Trabalhista\",\"TST\"],\"inLanguage\":\"pt-BR\",\"potentialAction\":[{\"@type\":\"CommentAction\",\"name\":\"Comment\",\"target\":[\"https:\/\/mhcalculos.com.br\/noticias\/area\/trabalhista\/tst-carteiro-que-sofreu-acidente-de-moto-no-trabalho-recebera-indenizacao.html#respond\"]}]},{\"@type\":\"WebPage\",\"@id\":\"https:\/\/mhcalculos.com.br\/noticias\/area\/trabalhista\/tst-carteiro-que-sofreu-acidente-de-moto-no-trabalho-recebera-indenizacao.html\",\"url\":\"https:\/\/mhcalculos.com.br\/noticias\/area\/trabalhista\/tst-carteiro-que-sofreu-acidente-de-moto-no-trabalho-recebera-indenizacao.html\",\"name\":\"TST: Carteiro que sofreu acidente de moto no trabalho receber\u00e1 indeniza\u00e7\u00e3o | Portal de Not\u00edcias\",\"isPartOf\":{\"@id\":\"https:\/\/mhcalculos.com.br\/noticias\/#website\"},\"primaryImageOfPage\":{\"@id\":\"https:\/\/mhcalculos.com.br\/noticias\/area\/trabalhista\/tst-carteiro-que-sofreu-acidente-de-moto-no-trabalho-recebera-indenizacao.html#primaryimage\"},\"image\":{\"@id\":\"https:\/\/mhcalculos.com.br\/noticias\/area\/trabalhista\/tst-carteiro-que-sofreu-acidente-de-moto-no-trabalho-recebera-indenizacao.html#primaryimage\"},\"thumbnailUrl\":\"https:\/\/mhcalculos.com.br\/noticias\/wp-content\/uploads\/sites\/2\/2023\/08\/trabalhista-0050.jpg\",\"datePublished\":\"2023-08-04T15:49:00+00:00\",\"dateModified\":\"2025-04-09T13:59:16+00:00\",\"author\":{\"@id\":\"https:\/\/mhcalculos.com.br\/noticias\/#\/schema\/person\/88d1c34bf72dc779ea14a5a6b8e0ae8d\"},\"breadcrumb\":{\"@id\":\"https:\/\/mhcalculos.com.br\/noticias\/area\/trabalhista\/tst-carteiro-que-sofreu-acidente-de-moto-no-trabalho-recebera-indenizacao.html#breadcrumb\"},\"inLanguage\":\"pt-BR\",\"potentialAction\":[{\"@type\":\"ReadAction\",\"target\":[\"https:\/\/mhcalculos.com.br\/noticias\/area\/trabalhista\/tst-carteiro-que-sofreu-acidente-de-moto-no-trabalho-recebera-indenizacao.html\"]}]},{\"@type\":\"ImageObject\",\"inLanguage\":\"pt-BR\",\"@id\":\"https:\/\/mhcalculos.com.br\/noticias\/area\/trabalhista\/tst-carteiro-que-sofreu-acidente-de-moto-no-trabalho-recebera-indenizacao.html#primaryimage\",\"url\":\"https:\/\/mhcalculos.com.br\/noticias\/wp-content\/uploads\/sites\/2\/2023\/08\/trabalhista-0050.jpg\",\"contentUrl\":\"https:\/\/mhcalculos.com.br\/noticias\/wp-content\/uploads\/sites\/2\/2023\/08\/trabalhista-0050.jpg\",\"width\":2000,\"height\":800},{\"@type\":\"BreadcrumbList\",\"@id\":\"https:\/\/mhcalculos.com.br\/noticias\/area\/trabalhista\/tst-carteiro-que-sofreu-acidente-de-moto-no-trabalho-recebera-indenizacao.html#breadcrumb\",\"itemListElement\":[{\"@type\":\"ListItem\",\"position\":1,\"name\":\"In\u00edcio\",\"item\":\"https:\/\/mhcalculos.com.br\/noticias\/\"},{\"@type\":\"ListItem\",\"position\":2,\"name\":\"TST: Carteiro que sofreu acidente de moto no trabalho receber\u00e1 indeniza\u00e7\u00e3o\"}]},{\"@type\":\"WebSite\",\"@id\":\"https:\/\/mhcalculos.com.br\/noticias\/#website\",\"url\":\"https:\/\/mhcalculos.com.br\/noticias\/\",\"name\":\"Portal de Not\u00edcias\",\"description\":\"Not\u00edcias e Jurisprud\u00eancia\",\"potentialAction\":[{\"@type\":\"SearchAction\",\"target\":{\"@type\":\"EntryPoint\",\"urlTemplate\":\"https:\/\/mhcalculos.com.br\/noticias\/?s={search_term_string}\"},\"query-input\":{\"@type\":\"PropertyValueSpecification\",\"valueRequired\":true,\"valueName\":\"search_term_string\"}}],\"inLanguage\":\"pt-BR\"},{\"@type\":\"Person\",\"@id\":\"https:\/\/mhcalculos.com.br\/noticias\/#\/schema\/person\/88d1c34bf72dc779ea14a5a6b8e0ae8d\",\"name\":\"Equipe MH\",\"image\":{\"@type\":\"ImageObject\",\"inLanguage\":\"pt-BR\",\"@id\":\"https:\/\/secure.gravatar.com\/avatar\/de1c686c2ecc9c5a3f327e3431d819eb39f8f05d4e1045f5a1caad6daaba987f?s=96&d=mm&r=g\",\"url\":\"https:\/\/secure.gravatar.com\/avatar\/de1c686c2ecc9c5a3f327e3431d819eb39f8f05d4e1045f5a1caad6daaba987f?s=96&d=mm&r=g\",\"contentUrl\":\"https:\/\/secure.gravatar.com\/avatar\/de1c686c2ecc9c5a3f327e3431d819eb39f8f05d4e1045f5a1caad6daaba987f?s=96&d=mm&r=g\",\"caption\":\"Equipe MH\"}}]}<\/script>\n<!-- \/ Yoast SEO plugin. -->","yoast_head_json":{"title":"TST: Carteiro que sofreu acidente de moto no trabalho receber\u00e1 indeniza\u00e7\u00e3o | Portal de Not\u00edcias","robots":{"index":"index","follow":"follow","max-snippet":"max-snippet:-1","max-image-preview":"max-image-preview:large","max-video-preview":"max-video-preview:-1"},"canonical":"https:\/\/mhcalculos.com.br\/noticias\/area\/trabalhista\/tst-carteiro-que-sofreu-acidente-de-moto-no-trabalho-recebera-indenizacao.html","og_locale":"pt_BR","og_type":"article","og_title":"TST: Carteiro que sofreu acidente de moto no trabalho receber\u00e1 indeniza\u00e7\u00e3o | Portal de Not\u00edcias","og_description":"A atividade foi considerada de risco pelos julgadores. 04\/08\/23 &#8211;\u00a0A Terceira Turma do Tribunal Superior do Trabalho condenou a Empresa Brasileira de Correios e Tel\u00e9grafos (ECT) a pagar R$ 40 mil de indeniza\u00e7\u00e3o a um carteiro motociclista de Mag\u00e9 (RJ) por acidente de trabalho. Segundo o colegiado, trata-se de atividade de risco, acarretando a responsabilidade [&hellip;]","og_url":"https:\/\/mhcalculos.com.br\/noticias\/area\/trabalhista\/tst-carteiro-que-sofreu-acidente-de-moto-no-trabalho-recebera-indenizacao.html","og_site_name":"Portal de Not\u00edcias","article_published_time":"2023-08-04T15:49:00+00:00","article_modified_time":"2025-04-09T13:59:16+00:00","og_image":[{"width":2000,"height":800,"url":"https:\/\/mhcalculos.com.br\/noticias\/wp-content\/uploads\/sites\/2\/2023\/08\/trabalhista-0050.jpg","type":"image\/jpeg"}],"author":"Equipe MH","twitter_card":"summary_large_image","twitter_misc":{"Escrito por":"Equipe MH","Est. tempo de leitura":"3 minutos"},"schema":{"@context":"https:\/\/schema.org","@graph":[{"@type":"Article","@id":"https:\/\/mhcalculos.com.br\/noticias\/area\/trabalhista\/tst-carteiro-que-sofreu-acidente-de-moto-no-trabalho-recebera-indenizacao.html#article","isPartOf":{"@id":"https:\/\/mhcalculos.com.br\/noticias\/area\/trabalhista\/tst-carteiro-que-sofreu-acidente-de-moto-no-trabalho-recebera-indenizacao.html"},"author":{"name":"Equipe MH","@id":"https:\/\/mhcalculos.com.br\/noticias\/#\/schema\/person\/88d1c34bf72dc779ea14a5a6b8e0ae8d"},"headline":"TST: Carteiro que sofreu acidente de moto no trabalho receber\u00e1 indeniza\u00e7\u00e3o","datePublished":"2023-08-04T15:49:00+00:00","dateModified":"2025-04-09T13:59:16+00:00","mainEntityOfPage":{"@id":"https:\/\/mhcalculos.com.br\/noticias\/area\/trabalhista\/tst-carteiro-que-sofreu-acidente-de-moto-no-trabalho-recebera-indenizacao.html"},"wordCount":475,"commentCount":0,"image":{"@id":"https:\/\/mhcalculos.com.br\/noticias\/area\/trabalhista\/tst-carteiro-que-sofreu-acidente-de-moto-no-trabalho-recebera-indenizacao.html#primaryimage"},"thumbnailUrl":"https:\/\/mhcalculos.com.br\/noticias\/wp-content\/uploads\/sites\/2\/2023\/08\/trabalhista-0050.jpg","keywords":["c\u00e1lculos trabalhistas","direito trabalhista","per\u00edcia","perito","trabalho","TST"],"articleSection":["Direito Trabalhista","TST"],"inLanguage":"pt-BR","potentialAction":[{"@type":"CommentAction","name":"Comment","target":["https:\/\/mhcalculos.com.br\/noticias\/area\/trabalhista\/tst-carteiro-que-sofreu-acidente-de-moto-no-trabalho-recebera-indenizacao.html#respond"]}]},{"@type":"WebPage","@id":"https:\/\/mhcalculos.com.br\/noticias\/area\/trabalhista\/tst-carteiro-que-sofreu-acidente-de-moto-no-trabalho-recebera-indenizacao.html","url":"https:\/\/mhcalculos.com.br\/noticias\/area\/trabalhista\/tst-carteiro-que-sofreu-acidente-de-moto-no-trabalho-recebera-indenizacao.html","name":"TST: Carteiro que sofreu acidente de moto no trabalho receber\u00e1 indeniza\u00e7\u00e3o | Portal de Not\u00edcias","isPartOf":{"@id":"https:\/\/mhcalculos.com.br\/noticias\/#website"},"primaryImageOfPage":{"@id":"https:\/\/mhcalculos.com.br\/noticias\/area\/trabalhista\/tst-carteiro-que-sofreu-acidente-de-moto-no-trabalho-recebera-indenizacao.html#primaryimage"},"image":{"@id":"https:\/\/mhcalculos.com.br\/noticias\/area\/trabalhista\/tst-carteiro-que-sofreu-acidente-de-moto-no-trabalho-recebera-indenizacao.html#primaryimage"},"thumbnailUrl":"https:\/\/mhcalculos.com.br\/noticias\/wp-content\/uploads\/sites\/2\/2023\/08\/trabalhista-0050.jpg","datePublished":"2023-08-04T15:49:00+00:00","dateModified":"2025-04-09T13:59:16+00:00","author":{"@id":"https:\/\/mhcalculos.com.br\/noticias\/#\/schema\/person\/88d1c34bf72dc779ea14a5a6b8e0ae8d"},"breadcrumb":{"@id":"https:\/\/mhcalculos.com.br\/noticias\/area\/trabalhista\/tst-carteiro-que-sofreu-acidente-de-moto-no-trabalho-recebera-indenizacao.html#breadcrumb"},"inLanguage":"pt-BR","potentialAction":[{"@type":"ReadAction","target":["https:\/\/mhcalculos.com.br\/noticias\/area\/trabalhista\/tst-carteiro-que-sofreu-acidente-de-moto-no-trabalho-recebera-indenizacao.html"]}]},{"@type":"ImageObject","inLanguage":"pt-BR","@id":"https:\/\/mhcalculos.com.br\/noticias\/area\/trabalhista\/tst-carteiro-que-sofreu-acidente-de-moto-no-trabalho-recebera-indenizacao.html#primaryimage","url":"https:\/\/mhcalculos.com.br\/noticias\/wp-content\/uploads\/sites\/2\/2023\/08\/trabalhista-0050.jpg","contentUrl":"https:\/\/mhcalculos.com.br\/noticias\/wp-content\/uploads\/sites\/2\/2023\/08\/trabalhista-0050.jpg","width":2000,"height":800},{"@type":"BreadcrumbList","@id":"https:\/\/mhcalculos.com.br\/noticias\/area\/trabalhista\/tst-carteiro-que-sofreu-acidente-de-moto-no-trabalho-recebera-indenizacao.html#breadcrumb","itemListElement":[{"@type":"ListItem","position":1,"name":"In\u00edcio","item":"https:\/\/mhcalculos.com.br\/noticias\/"},{"@type":"ListItem","position":2,"name":"TST: Carteiro que sofreu acidente de moto no trabalho receber\u00e1 indeniza\u00e7\u00e3o"}]},{"@type":"WebSite","@id":"https:\/\/mhcalculos.com.br\/noticias\/#website","url":"https:\/\/mhcalculos.com.br\/noticias\/","name":"Portal de Not\u00edcias","description":"Not\u00edcias e Jurisprud\u00eancia","potentialAction":[{"@type":"SearchAction","target":{"@type":"EntryPoint","urlTemplate":"https:\/\/mhcalculos.com.br\/noticias\/?s={search_term_string}"},"query-input":{"@type":"PropertyValueSpecification","valueRequired":true,"valueName":"search_term_string"}}],"inLanguage":"pt-BR"},{"@type":"Person","@id":"https:\/\/mhcalculos.com.br\/noticias\/#\/schema\/person\/88d1c34bf72dc779ea14a5a6b8e0ae8d","name":"Equipe MH","image":{"@type":"ImageObject","inLanguage":"pt-BR","@id":"https:\/\/secure.gravatar.com\/avatar\/de1c686c2ecc9c5a3f327e3431d819eb39f8f05d4e1045f5a1caad6daaba987f?s=96&d=mm&r=g","url":"https:\/\/secure.gravatar.com\/avatar\/de1c686c2ecc9c5a3f327e3431d819eb39f8f05d4e1045f5a1caad6daaba987f?s=96&d=mm&r=g","contentUrl":"https:\/\/secure.gravatar.com\/avatar\/de1c686c2ecc9c5a3f327e3431d819eb39f8f05d4e1045f5a1caad6daaba987f?s=96&d=mm&r=g","caption":"Equipe MH"}}]}},"_links":{"self":[{"href":"https:\/\/mhcalculos.com.br\/noticias\/wp-json\/wp\/v2\/posts\/12616","targetHints":{"allow":["GET"]}}],"collection":[{"href":"https:\/\/mhcalculos.com.br\/noticias\/wp-json\/wp\/v2\/posts"}],"about":[{"href":"https:\/\/mhcalculos.com.br\/noticias\/wp-json\/wp\/v2\/types\/post"}],"author":[{"embeddable":true,"href":"https:\/\/mhcalculos.com.br\/noticias\/wp-json\/wp\/v2\/users\/3063"}],"replies":[{"embeddable":true,"href":"https:\/\/mhcalculos.com.br\/noticias\/wp-json\/wp\/v2\/comments?post=12616"}],"version-history":[{"count":2,"href":"https:\/\/mhcalculos.com.br\/noticias\/wp-json\/wp\/v2\/posts\/12616\/revisions"}],"predecessor-version":[{"id":13607,"href":"https:\/\/mhcalculos.com.br\/noticias\/wp-json\/wp\/v2\/posts\/12616\/revisions\/13607"}],"wp:featuredmedia":[{"embeddable":true,"href":"https:\/\/mhcalculos.com.br\/noticias\/wp-json\/wp\/v2\/media\/12617"}],"wp:attachment":[{"href":"https:\/\/mhcalculos.com.br\/noticias\/wp-json\/wp\/v2\/media?parent=12616"}],"wp:term":[{"taxonomy":"category","embeddable":true,"href":"https:\/\/mhcalculos.com.br\/noticias\/wp-json\/wp\/v2\/categories?post=12616"},{"taxonomy":"post_tag","embeddable":true,"href":"https:\/\/mhcalculos.com.br\/noticias\/wp-json\/wp\/v2\/tags?post=12616"}],"curies":[{"name":"wp","href":"https:\/\/api.w.org\/{rel}","templated":true}]}}