{"id":12463,"date":"2023-06-30T07:52:00","date_gmt":"2023-06-30T10:52:00","guid":{"rendered":"https:\/\/mhcalculos.com.br\/noticias\/area\/trabalhista\/tst-ex-prefeito-de-tamandare-pe-e-esposa-do-caso-do-menino-miguel-sao-condenados-por-danos-morais-coletivos.html"},"modified":"2025-04-09T11:24:56","modified_gmt":"2025-04-09T14:24:56","slug":"tst-ex-prefeito-de-tamandare-pe-e-esposa-do-caso-do-menino-miguel-sao-condenados-por-danos-morais-coletivos","status":"publish","type":"post","link":"https:\/\/mhcalculos.com.br\/noticias\/area\/trabalhista\/tst-ex-prefeito-de-tamandare-pe-e-esposa-do-caso-do-menino-miguel-sao-condenados-por-danos-morais-coletivos.html","title":{"rendered":"TST: Ex-prefeito de Tamandar\u00e9 (PE) e esposa, do caso do menino Miguel, s\u00e3o condenados por danos morais coletivos"},"content":{"rendered":"\n<p>Protocolo para Julgamento com Perspectiva de G\u00eanero, patrimonialismo e racismo estrutural foram temas tratados no julgamento<\/p>\n<p>30\/06\/23 \u2013 A Terceira Turma do Tribunal Superior do Trabalho confirmou a condena\u00e7\u00e3o do ex-prefeito de Tamandar\u00e9 (PE), S\u00e9rgio Hacker, e sua esposa, Sari Corte Real, ao pagamento de R$ 386 mil de indeniza\u00e7\u00e3o por danos morais coletivos. O casal era empregador da m\u00e3e e da av\u00f3 do menino Miguel Ot\u00e1vio, que, em junho de 2020, morreu ao cair de um pr\u00e9dio no Recife, depois de ser deixado sozinho no elevador pela patroa.<\/p>\n<p>O colegiado concluiu que o casal reproduziu padr\u00e3o social discriminat\u00f3rio e racista em rela\u00e7\u00e3o \u00e0s trabalhadoras dom\u00e9sticas, cuja contrata\u00e7\u00e3o foi fraudulenta e paga indevidamente pelos cofres p\u00fablicos. Al\u00e9m disso, a exig\u00eancia de trabalho durante a quarentena da covid-19 e a neglig\u00eancia quanto \u00e0s normas de seguran\u00e7a do trabalho, que resultou na morte do menino, foram consideradas grav\u00edssimas viola\u00e7\u00f5es humanit\u00e1rias trabalhistas que agrediram drasticamente o patrim\u00f4nio imaterial de toda a sociedade brasileira.<\/p>\n<h4>Caso Miguel<\/h4>\n<p>O caso ocorreu em 2 de junho de 2020. Em raz\u00e3o da pandemia, a m\u00e3e de Miguel n\u00e3o podia deix\u00e1-lo em escola ou creche e teve de lev\u00e1-lo para o trabalho, no quinto andar do condom\u00ednio P\u00eder Maur\u00edcio de Nassau. As imagens de uma c\u00e2mera de seguran\u00e7a mostraram a propriet\u00e1ria do apartamento apertando um bot\u00e3o do elevador, indo embora e deixando a porta se fechar com o menino, que sa\u00edra para buscar a m\u00e3e (que havia levado o cachorro da fam\u00edlia para passear). No nono andar, ele subiu num parapeito de alum\u00ednio que n\u00e3o resistiu ao seu peso e caiu de uma altura de 35 metros.<\/p>\n<h4>A\u00e7\u00e3o civil p\u00fablica<\/h4>\n<p>A partir das not\u00edcias sobre o caso, o Minist\u00e9rio P\u00fablico do Trabalho (MPT) abriu investiga\u00e7\u00e3o, ouviu pessoas que trabalhavam no condom\u00ednio e constatou diversas irregularidades na situa\u00e7\u00e3o das tr\u00eas empregadas dom\u00e9sticas da casa. Al\u00e9m de exigir que elas trabalhassem durante a pandemia, mesmo quando havia pessoas contaminadas no apartamento, os patr\u00f5es pagavam os sal\u00e1rios com recursos da Prefeitura de Tamandar\u00e9, mas n\u00e3o recolhiam as contribui\u00e7\u00f5es previdenci\u00e1rias, n\u00e3o pagavam o 13\u00ba nem horas extras nem concediam direito a f\u00e9rias.<\/p>\n<p>Com base nas apura\u00e7\u00f5es, o MPT ajuizou uma a\u00e7\u00e3o civil p\u00fablica, sustentando que as empregadas trabalhavam h\u00e1 anos sem ter seus direitos trabalhistas b\u00e1sicos garantidos e eram mantidas em atividade em total contrariedade a regras de sa\u00fade p\u00fablica, com risco \u00e0 sua sa\u00fade e \u00e0 de seus familiares. Por esses e por diversos outros aspectos, pedia a condena\u00e7\u00e3o do casal ao cumprimento de diversas obriga\u00e7\u00f5es e ao pagamento de indeniza\u00e7\u00e3o de R$ 2 milh\u00f5es.<\/p>\n<p>O ju\u00edzo de primeiro grau arbitrou a indeniza\u00e7\u00e3o em R$ 386 mil, e a senten\u00e7a foi mantida pelo Tribunal Regional do Trabalho da 6\u00aa Regi\u00e3o (PE).<\/p>\n<h4>Grave viola\u00e7\u00e3o humanit\u00e1ria trabalhista<\/h4>\n<p>O ministro Alberto Bastos Balazeiro, relator do recurso de revista dos empregadores, ressaltou que, no momento em que caiu do novo andar, Miguel estava sob a tutela jur\u00eddica tempor\u00e1ria da patroa. O caso, a seu ver, trata de viol\u00eancia inequ\u00edvoca \u00e0 integridade ps\u00edquico-social das trabalhadoras, cujo efeito danoso (a morte da crian\u00e7a) \u201cvai de encontro aos interesses sociais e aos valores jur\u00eddicos mais b\u00e1sicos de todo Estado Democr\u00e1tico de Direito, os direitos \u00e0 vida, \u00e0 inf\u00e2ncia protegida e a um ambiente de trabalho digno e protegido\u201d.<\/p>\n<h4>Racismo estrutural<\/h4>\n<p>O ministro assinalou que, de acordo com o TRT, o caso revela uma din\u00e2mica de trabalho permeada por atos \u201cestruturalmente discriminat\u00f3rios\u201d, que \u201cgira em torno da cor da pele, do g\u00eanero e da situa\u00e7\u00e3o socioecon\u00f4mica\u201d das trabalhadoras dom\u00e9sticas. Essa conclus\u00e3o, a seu ver, est\u00e1 ancorada em muitas outras premissas f\u00e1ticas que revelam o padr\u00e3o e discrimina\u00e7\u00e3o com que elas eram tratadas.<\/p>\n<p>De acordo com Balazeiro, esse padr\u00e3o tem por escopo o racismo que estrutura o trabalho dom\u00e9stico e permeia as rela\u00e7\u00f5es sociais brasileiras. \u201c\u00c9 de interesse de toda a sociedade a extirpa\u00e7\u00e3o de condutas racistas, a partir das quais s\u00e3o reproduzidos padr\u00f5es de comportamento que perpetuam a l\u00f3gica esmagadoramente excludente do passado escravocrata do Brasil\u201d, afirmou.<\/p>\n<p>No mesmo sentido, o ministro Mauricio Godinho Delgado classificou o caso como chocante e desumano. \u201cLamentavelmente, as elites brasileiras, mesmo ap\u00f3s quase 400 anos de escravid\u00e3o, n\u00e3o retiraram a escravid\u00e3o dos seus cora\u00e7\u00f5es e das suas mentes e, por isso, reproduzem o racismo estrutural nas institui\u00e7\u00f5es, nas pr\u00e1ticas cotidianas e na sociedade civil\u201d.<\/p>\n<h4>Naturaliza\u00e7\u00e3o da fraude<\/h4>\n<p>No caso concreto, o relator observou que os registros do TRT revelam alguns dos benef\u00edcios obtidos pelos empregadores &#8211; entre eles, a naturaliza\u00e7\u00e3o da fraude contratual envolvendo mulheres negras que, formalmente, eram empregadas do Munic\u00edpio de Tamandar\u00e9, embora prestassem servi\u00e7os dom\u00e9sticos. \u201cDiante desse cen\u00e1rio, eles se beneficiaram do uso indevido do dinheiro p\u00fablico e da manuten\u00e7\u00e3o de uma l\u00f3gica excludente e precarizante das trabalhadoras dom\u00e9sticas\u201d.<\/p>\n<h4>Perspectiva de G\u00eanero<\/h4>\n<p>O relator analisou o processo a partir das balizas do Protocolo para Julgamento com Perspectiva de G\u00eanero do Conselho Nacional de Justi\u00e7a (CNJ), aplic\u00e1vel aos casos que discutam desigualdades estruturais e seus efeitos sobre a sociedade e a Justi\u00e7a. \u201cA an\u00e1lise das particularidades que envolvem as rela\u00e7\u00f5es de trabalho dom\u00e9stico no Brasil, a partir das lentes oferecidas pelo Protocolo, concretiza-se como um dos caminhos para a justi\u00e7a social\u201d, explicou.<\/p>\n<p>O ministro Jos\u00e9 Roberto Freire Pimenta se associou \u00e0 fundamenta\u00e7\u00e3o do relator, destacando que a decis\u00e3o \u00e9 pioneira na Turma quanto \u00e0 utiliza\u00e7\u00e3o do protocolo, cujo objetivo \u00e9 avan\u00e7ar na justi\u00e7a social por meio da ado\u00e7\u00e3o de medidas que possibilitem um ambiente de trabalho decente.<\/p>\n<h4>Exemplo para a sociedade<\/h4>\n<p>O ministro Freire Pimenta tamb\u00e9m criticou a conduta patrimonialista dos empregadores, pr\u00f3pria do per\u00edodo colonial brasileiro, em raz\u00e3o de as empregadas negras terem sido contratadas pela prefeitura e prestarem servi\u00e7os dom\u00e9sticos pessoais na resid\u00eancia da fam\u00edlia do prefeito. \u201cesse caso que vai reproduzir para toda a sociedade um exemplo de resposta jurisdicional firme, equilibrada, mas justa contra aqueles que est\u00e3o praticando atos que n\u00e3o podem mais serem considerados normais na sociedade brasileira no seu atual estado de civiliza\u00e7\u00e3o\u201d, ressaltou.<\/p>\n<h4>Car\u00e1ter civilizat\u00f3rio da decis\u00e3o<\/h4>\n<p>Os ministros encerraram o julgamento ressaltando o car\u00e1ter civilizat\u00f3rio da decis\u00e3o e mantiveram o valor da condena\u00e7\u00e3o, ante a aus\u00eancia de recurso do Minist\u00e9rio P\u00fablico do Trabalho nesse sentido.<\/p>\n<p>A decis\u00e3o foi un\u00e2nime.<\/p>\n<p>(Bruno Vilar e Carmem Feij\u00f3\/CF)<\/p>\n<p>Processo: \u00a0<a href=\"http:\/\/aplicacao4.tst.jus.br\/consultaProcessual\/resumoForm.do?consulta=1&amp;numeroInt=373984&amp;anoInt=2022\" target=\"_blank\" rel=\"noopener\">RRAg-597-15.2020.5.06.0021\u00a0<\/a><\/p>\n<p><em>Esta mat\u00e9ria \u00e9 meramente informativa.<br \/>\nPermitida a reprodu\u00e7\u00e3o mediante cita\u00e7\u00e3o da fonte.<br \/>\nSecretaria de Comunica\u00e7\u00e3o Social<br \/>\n<a href=\"http:\/\/www.tst.jus.br\" target=\"_blank\" rel=\"noopener\">Tribunal Superior do Trabalho<\/a><br \/>\nTel. (61) 3043-4907<br \/>\n<a href=\"mailto:secom@tst.jus.br\u00a0\" target=\"\" rel=\"noopener\">secom@tst.jus.br\u00a0<\/a><\/em><\/p>\n<p><i>Com informa\u00e7\u00f5es da assessoria de imprensa do TST.<\/i><\/p>\n<p><a href=\"https:\/\/www.tst.jus.br\/web\/guest\/noticias?p_p_id=89Dk&amp;p_p_lifecycle=0&amp;refererPlid=10730&amp;_89Dk_groupId=10157&amp;_89Dk_articleId=31939746\">Fonte<\/a><\/p>\n\n","protected":false},"excerpt":{"rendered":"<p>Protocolo para Julgamento com Perspectiva de G\u00eanero, patrimonialismo e racismo estrutural foram temas tratados no julgamento 30\/06\/23 \u2013 A Terceira Turma do Tribunal Superior do Trabalho confirmou a condena\u00e7\u00e3o do ex-prefeito de Tamandar\u00e9 (PE), S\u00e9rgio Hacker, e sua esposa, Sari Corte Real, ao pagamento de R$ 386 mil de indeniza\u00e7\u00e3o por danos morais coletivos. O [&hellip;]<\/p>\n","protected":false},"author":3063,"featured_media":12464,"comment_status":"open","ping_status":"open","sticky":false,"template":"","format":"standard","meta":{"footnotes":""},"categories":[3,21],"tags":[33,216,9,12,217,215],"class_list":{"0":"post-12463","1":"post","2":"type-post","3":"status-publish","4":"format-standard","5":"has-post-thumbnail","7":"category-trabalhista","8":"category-tst","9":"tag-calculos-trabalhistas","10":"tag-direito-trabalhista","11":"tag-pericia","12":"tag-perito","13":"tag-trabalho","14":"tag-tst"},"yoast_head":"<!-- This site is optimized with the Yoast SEO plugin v27.2 - https:\/\/yoast.com\/product\/yoast-seo-wordpress\/ -->\n<title>TST: Ex-prefeito de Tamandar\u00e9 (PE) e esposa, do caso do menino Miguel, s\u00e3o condenados por danos morais coletivos | Portal de Not\u00edcias<\/title>\n<meta name=\"robots\" content=\"index, follow, max-snippet:-1, max-image-preview:large, max-video-preview:-1\" \/>\n<link rel=\"canonical\" href=\"https:\/\/mhcalculos.com.br\/noticias\/area\/trabalhista\/tst-ex-prefeito-de-tamandare-pe-e-esposa-do-caso-do-menino-miguel-sao-condenados-por-danos-morais-coletivos.html\" \/>\n<meta property=\"og:locale\" content=\"pt_BR\" \/>\n<meta property=\"og:type\" content=\"article\" \/>\n<meta property=\"og:title\" content=\"TST: Ex-prefeito de Tamandar\u00e9 (PE) e esposa, do caso do menino Miguel, s\u00e3o condenados por danos morais coletivos | Portal de Not\u00edcias\" \/>\n<meta property=\"og:description\" content=\"Protocolo para Julgamento com Perspectiva de G\u00eanero, patrimonialismo e racismo estrutural foram temas tratados no julgamento 30\/06\/23 \u2013 A Terceira Turma do Tribunal Superior do Trabalho confirmou a condena\u00e7\u00e3o do ex-prefeito de Tamandar\u00e9 (PE), S\u00e9rgio Hacker, e sua esposa, Sari Corte Real, ao pagamento de R$ 386 mil de indeniza\u00e7\u00e3o por danos morais coletivos. O [&hellip;]\" \/>\n<meta property=\"og:url\" content=\"https:\/\/mhcalculos.com.br\/noticias\/area\/trabalhista\/tst-ex-prefeito-de-tamandare-pe-e-esposa-do-caso-do-menino-miguel-sao-condenados-por-danos-morais-coletivos.html\" \/>\n<meta property=\"og:site_name\" content=\"Portal de Not\u00edcias\" \/>\n<meta property=\"article:published_time\" content=\"2023-06-30T10:52:00+00:00\" \/>\n<meta property=\"article:modified_time\" content=\"2025-04-09T14:24:56+00:00\" \/>\n<meta property=\"og:image\" content=\"https:\/\/mhcalculos.com.br\/noticias\/wp-content\/uploads\/sites\/2\/2023\/06\/trabalhista-0048.jpg\" \/>\n\t<meta property=\"og:image:width\" content=\"2000\" \/>\n\t<meta property=\"og:image:height\" content=\"800\" \/>\n\t<meta property=\"og:image:type\" content=\"image\/jpeg\" \/>\n<meta name=\"author\" content=\"Equipe MH\" \/>\n<meta name=\"twitter:card\" content=\"summary_large_image\" \/>\n<meta name=\"twitter:label1\" content=\"Escrito por\" \/>\n\t<meta name=\"twitter:data1\" content=\"Equipe MH\" \/>\n\t<meta name=\"twitter:label2\" content=\"Est. tempo de leitura\" \/>\n\t<meta name=\"twitter:data2\" content=\"7 minutos\" \/>\n<script type=\"application\/ld+json\" class=\"yoast-schema-graph\">{\"@context\":\"https:\/\/schema.org\",\"@graph\":[{\"@type\":\"Article\",\"@id\":\"https:\/\/mhcalculos.com.br\/noticias\/area\/trabalhista\/tst-ex-prefeito-de-tamandare-pe-e-esposa-do-caso-do-menino-miguel-sao-condenados-por-danos-morais-coletivos.html#article\",\"isPartOf\":{\"@id\":\"https:\/\/mhcalculos.com.br\/noticias\/area\/trabalhista\/tst-ex-prefeito-de-tamandare-pe-e-esposa-do-caso-do-menino-miguel-sao-condenados-por-danos-morais-coletivos.html\"},\"author\":{\"name\":\"Equipe MH\",\"@id\":\"https:\/\/mhcalculos.com.br\/noticias\/#\/schema\/person\/88d1c34bf72dc779ea14a5a6b8e0ae8d\"},\"headline\":\"TST: Ex-prefeito de Tamandar\u00e9 (PE) e esposa, do caso do menino Miguel, s\u00e3o condenados por danos morais coletivos\",\"datePublished\":\"2023-06-30T10:52:00+00:00\",\"dateModified\":\"2025-04-09T14:24:56+00:00\",\"mainEntityOfPage\":{\"@id\":\"https:\/\/mhcalculos.com.br\/noticias\/area\/trabalhista\/tst-ex-prefeito-de-tamandare-pe-e-esposa-do-caso-do-menino-miguel-sao-condenados-por-danos-morais-coletivos.html\"},\"wordCount\":1218,\"commentCount\":0,\"image\":{\"@id\":\"https:\/\/mhcalculos.com.br\/noticias\/area\/trabalhista\/tst-ex-prefeito-de-tamandare-pe-e-esposa-do-caso-do-menino-miguel-sao-condenados-por-danos-morais-coletivos.html#primaryimage\"},\"thumbnailUrl\":\"https:\/\/mhcalculos.com.br\/noticias\/wp-content\/uploads\/sites\/2\/2023\/06\/trabalhista-0048.jpg\",\"keywords\":[\"c\u00e1lculos trabalhistas\",\"direito trabalhista\",\"per\u00edcia\",\"perito\",\"trabalho\",\"TST\"],\"articleSection\":[\"Direito Trabalhista\",\"TST\"],\"inLanguage\":\"pt-BR\",\"potentialAction\":[{\"@type\":\"CommentAction\",\"name\":\"Comment\",\"target\":[\"https:\/\/mhcalculos.com.br\/noticias\/area\/trabalhista\/tst-ex-prefeito-de-tamandare-pe-e-esposa-do-caso-do-menino-miguel-sao-condenados-por-danos-morais-coletivos.html#respond\"]}]},{\"@type\":\"WebPage\",\"@id\":\"https:\/\/mhcalculos.com.br\/noticias\/area\/trabalhista\/tst-ex-prefeito-de-tamandare-pe-e-esposa-do-caso-do-menino-miguel-sao-condenados-por-danos-morais-coletivos.html\",\"url\":\"https:\/\/mhcalculos.com.br\/noticias\/area\/trabalhista\/tst-ex-prefeito-de-tamandare-pe-e-esposa-do-caso-do-menino-miguel-sao-condenados-por-danos-morais-coletivos.html\",\"name\":\"TST: Ex-prefeito de Tamandar\u00e9 (PE) e esposa, do caso do menino Miguel, s\u00e3o condenados por danos morais coletivos | Portal de Not\u00edcias\",\"isPartOf\":{\"@id\":\"https:\/\/mhcalculos.com.br\/noticias\/#website\"},\"primaryImageOfPage\":{\"@id\":\"https:\/\/mhcalculos.com.br\/noticias\/area\/trabalhista\/tst-ex-prefeito-de-tamandare-pe-e-esposa-do-caso-do-menino-miguel-sao-condenados-por-danos-morais-coletivos.html#primaryimage\"},\"image\":{\"@id\":\"https:\/\/mhcalculos.com.br\/noticias\/area\/trabalhista\/tst-ex-prefeito-de-tamandare-pe-e-esposa-do-caso-do-menino-miguel-sao-condenados-por-danos-morais-coletivos.html#primaryimage\"},\"thumbnailUrl\":\"https:\/\/mhcalculos.com.br\/noticias\/wp-content\/uploads\/sites\/2\/2023\/06\/trabalhista-0048.jpg\",\"datePublished\":\"2023-06-30T10:52:00+00:00\",\"dateModified\":\"2025-04-09T14:24:56+00:00\",\"author\":{\"@id\":\"https:\/\/mhcalculos.com.br\/noticias\/#\/schema\/person\/88d1c34bf72dc779ea14a5a6b8e0ae8d\"},\"breadcrumb\":{\"@id\":\"https:\/\/mhcalculos.com.br\/noticias\/area\/trabalhista\/tst-ex-prefeito-de-tamandare-pe-e-esposa-do-caso-do-menino-miguel-sao-condenados-por-danos-morais-coletivos.html#breadcrumb\"},\"inLanguage\":\"pt-BR\",\"potentialAction\":[{\"@type\":\"ReadAction\",\"target\":[\"https:\/\/mhcalculos.com.br\/noticias\/area\/trabalhista\/tst-ex-prefeito-de-tamandare-pe-e-esposa-do-caso-do-menino-miguel-sao-condenados-por-danos-morais-coletivos.html\"]}]},{\"@type\":\"ImageObject\",\"inLanguage\":\"pt-BR\",\"@id\":\"https:\/\/mhcalculos.com.br\/noticias\/area\/trabalhista\/tst-ex-prefeito-de-tamandare-pe-e-esposa-do-caso-do-menino-miguel-sao-condenados-por-danos-morais-coletivos.html#primaryimage\",\"url\":\"https:\/\/mhcalculos.com.br\/noticias\/wp-content\/uploads\/sites\/2\/2023\/06\/trabalhista-0048.jpg\",\"contentUrl\":\"https:\/\/mhcalculos.com.br\/noticias\/wp-content\/uploads\/sites\/2\/2023\/06\/trabalhista-0048.jpg\",\"width\":2000,\"height\":800},{\"@type\":\"BreadcrumbList\",\"@id\":\"https:\/\/mhcalculos.com.br\/noticias\/area\/trabalhista\/tst-ex-prefeito-de-tamandare-pe-e-esposa-do-caso-do-menino-miguel-sao-condenados-por-danos-morais-coletivos.html#breadcrumb\",\"itemListElement\":[{\"@type\":\"ListItem\",\"position\":1,\"name\":\"In\u00edcio\",\"item\":\"https:\/\/mhcalculos.com.br\/noticias\/\"},{\"@type\":\"ListItem\",\"position\":2,\"name\":\"TST: Ex-prefeito de Tamandar\u00e9 (PE) e esposa, do caso do menino Miguel, s\u00e3o condenados por danos morais coletivos\"}]},{\"@type\":\"WebSite\",\"@id\":\"https:\/\/mhcalculos.com.br\/noticias\/#website\",\"url\":\"https:\/\/mhcalculos.com.br\/noticias\/\",\"name\":\"Portal de Not\u00edcias\",\"description\":\"Not\u00edcias e Jurisprud\u00eancia\",\"potentialAction\":[{\"@type\":\"SearchAction\",\"target\":{\"@type\":\"EntryPoint\",\"urlTemplate\":\"https:\/\/mhcalculos.com.br\/noticias\/?s={search_term_string}\"},\"query-input\":{\"@type\":\"PropertyValueSpecification\",\"valueRequired\":true,\"valueName\":\"search_term_string\"}}],\"inLanguage\":\"pt-BR\"},{\"@type\":\"Person\",\"@id\":\"https:\/\/mhcalculos.com.br\/noticias\/#\/schema\/person\/88d1c34bf72dc779ea14a5a6b8e0ae8d\",\"name\":\"Equipe MH\",\"image\":{\"@type\":\"ImageObject\",\"inLanguage\":\"pt-BR\",\"@id\":\"https:\/\/secure.gravatar.com\/avatar\/de1c686c2ecc9c5a3f327e3431d819eb39f8f05d4e1045f5a1caad6daaba987f?s=96&d=mm&r=g\",\"url\":\"https:\/\/secure.gravatar.com\/avatar\/de1c686c2ecc9c5a3f327e3431d819eb39f8f05d4e1045f5a1caad6daaba987f?s=96&d=mm&r=g\",\"contentUrl\":\"https:\/\/secure.gravatar.com\/avatar\/de1c686c2ecc9c5a3f327e3431d819eb39f8f05d4e1045f5a1caad6daaba987f?s=96&d=mm&r=g\",\"caption\":\"Equipe MH\"}}]}<\/script>\n<!-- \/ Yoast SEO plugin. -->","yoast_head_json":{"title":"TST: Ex-prefeito de Tamandar\u00e9 (PE) e esposa, do caso do menino Miguel, s\u00e3o condenados por danos morais coletivos | Portal de Not\u00edcias","robots":{"index":"index","follow":"follow","max-snippet":"max-snippet:-1","max-image-preview":"max-image-preview:large","max-video-preview":"max-video-preview:-1"},"canonical":"https:\/\/mhcalculos.com.br\/noticias\/area\/trabalhista\/tst-ex-prefeito-de-tamandare-pe-e-esposa-do-caso-do-menino-miguel-sao-condenados-por-danos-morais-coletivos.html","og_locale":"pt_BR","og_type":"article","og_title":"TST: Ex-prefeito de Tamandar\u00e9 (PE) e esposa, do caso do menino Miguel, s\u00e3o condenados por danos morais coletivos | Portal de Not\u00edcias","og_description":"Protocolo para Julgamento com Perspectiva de G\u00eanero, patrimonialismo e racismo estrutural foram temas tratados no julgamento 30\/06\/23 \u2013 A Terceira Turma do Tribunal Superior do Trabalho confirmou a condena\u00e7\u00e3o do ex-prefeito de Tamandar\u00e9 (PE), S\u00e9rgio Hacker, e sua esposa, Sari Corte Real, ao pagamento de R$ 386 mil de indeniza\u00e7\u00e3o por danos morais coletivos. O [&hellip;]","og_url":"https:\/\/mhcalculos.com.br\/noticias\/area\/trabalhista\/tst-ex-prefeito-de-tamandare-pe-e-esposa-do-caso-do-menino-miguel-sao-condenados-por-danos-morais-coletivos.html","og_site_name":"Portal de Not\u00edcias","article_published_time":"2023-06-30T10:52:00+00:00","article_modified_time":"2025-04-09T14:24:56+00:00","og_image":[{"width":2000,"height":800,"url":"https:\/\/mhcalculos.com.br\/noticias\/wp-content\/uploads\/sites\/2\/2023\/06\/trabalhista-0048.jpg","type":"image\/jpeg"}],"author":"Equipe MH","twitter_card":"summary_large_image","twitter_misc":{"Escrito por":"Equipe MH","Est. tempo de leitura":"7 minutos"},"schema":{"@context":"https:\/\/schema.org","@graph":[{"@type":"Article","@id":"https:\/\/mhcalculos.com.br\/noticias\/area\/trabalhista\/tst-ex-prefeito-de-tamandare-pe-e-esposa-do-caso-do-menino-miguel-sao-condenados-por-danos-morais-coletivos.html#article","isPartOf":{"@id":"https:\/\/mhcalculos.com.br\/noticias\/area\/trabalhista\/tst-ex-prefeito-de-tamandare-pe-e-esposa-do-caso-do-menino-miguel-sao-condenados-por-danos-morais-coletivos.html"},"author":{"name":"Equipe MH","@id":"https:\/\/mhcalculos.com.br\/noticias\/#\/schema\/person\/88d1c34bf72dc779ea14a5a6b8e0ae8d"},"headline":"TST: Ex-prefeito de Tamandar\u00e9 (PE) e esposa, do caso do menino Miguel, s\u00e3o condenados por danos morais coletivos","datePublished":"2023-06-30T10:52:00+00:00","dateModified":"2025-04-09T14:24:56+00:00","mainEntityOfPage":{"@id":"https:\/\/mhcalculos.com.br\/noticias\/area\/trabalhista\/tst-ex-prefeito-de-tamandare-pe-e-esposa-do-caso-do-menino-miguel-sao-condenados-por-danos-morais-coletivos.html"},"wordCount":1218,"commentCount":0,"image":{"@id":"https:\/\/mhcalculos.com.br\/noticias\/area\/trabalhista\/tst-ex-prefeito-de-tamandare-pe-e-esposa-do-caso-do-menino-miguel-sao-condenados-por-danos-morais-coletivos.html#primaryimage"},"thumbnailUrl":"https:\/\/mhcalculos.com.br\/noticias\/wp-content\/uploads\/sites\/2\/2023\/06\/trabalhista-0048.jpg","keywords":["c\u00e1lculos trabalhistas","direito trabalhista","per\u00edcia","perito","trabalho","TST"],"articleSection":["Direito Trabalhista","TST"],"inLanguage":"pt-BR","potentialAction":[{"@type":"CommentAction","name":"Comment","target":["https:\/\/mhcalculos.com.br\/noticias\/area\/trabalhista\/tst-ex-prefeito-de-tamandare-pe-e-esposa-do-caso-do-menino-miguel-sao-condenados-por-danos-morais-coletivos.html#respond"]}]},{"@type":"WebPage","@id":"https:\/\/mhcalculos.com.br\/noticias\/area\/trabalhista\/tst-ex-prefeito-de-tamandare-pe-e-esposa-do-caso-do-menino-miguel-sao-condenados-por-danos-morais-coletivos.html","url":"https:\/\/mhcalculos.com.br\/noticias\/area\/trabalhista\/tst-ex-prefeito-de-tamandare-pe-e-esposa-do-caso-do-menino-miguel-sao-condenados-por-danos-morais-coletivos.html","name":"TST: Ex-prefeito de Tamandar\u00e9 (PE) e esposa, do caso do menino Miguel, s\u00e3o condenados por danos morais coletivos | Portal de Not\u00edcias","isPartOf":{"@id":"https:\/\/mhcalculos.com.br\/noticias\/#website"},"primaryImageOfPage":{"@id":"https:\/\/mhcalculos.com.br\/noticias\/area\/trabalhista\/tst-ex-prefeito-de-tamandare-pe-e-esposa-do-caso-do-menino-miguel-sao-condenados-por-danos-morais-coletivos.html#primaryimage"},"image":{"@id":"https:\/\/mhcalculos.com.br\/noticias\/area\/trabalhista\/tst-ex-prefeito-de-tamandare-pe-e-esposa-do-caso-do-menino-miguel-sao-condenados-por-danos-morais-coletivos.html#primaryimage"},"thumbnailUrl":"https:\/\/mhcalculos.com.br\/noticias\/wp-content\/uploads\/sites\/2\/2023\/06\/trabalhista-0048.jpg","datePublished":"2023-06-30T10:52:00+00:00","dateModified":"2025-04-09T14:24:56+00:00","author":{"@id":"https:\/\/mhcalculos.com.br\/noticias\/#\/schema\/person\/88d1c34bf72dc779ea14a5a6b8e0ae8d"},"breadcrumb":{"@id":"https:\/\/mhcalculos.com.br\/noticias\/area\/trabalhista\/tst-ex-prefeito-de-tamandare-pe-e-esposa-do-caso-do-menino-miguel-sao-condenados-por-danos-morais-coletivos.html#breadcrumb"},"inLanguage":"pt-BR","potentialAction":[{"@type":"ReadAction","target":["https:\/\/mhcalculos.com.br\/noticias\/area\/trabalhista\/tst-ex-prefeito-de-tamandare-pe-e-esposa-do-caso-do-menino-miguel-sao-condenados-por-danos-morais-coletivos.html"]}]},{"@type":"ImageObject","inLanguage":"pt-BR","@id":"https:\/\/mhcalculos.com.br\/noticias\/area\/trabalhista\/tst-ex-prefeito-de-tamandare-pe-e-esposa-do-caso-do-menino-miguel-sao-condenados-por-danos-morais-coletivos.html#primaryimage","url":"https:\/\/mhcalculos.com.br\/noticias\/wp-content\/uploads\/sites\/2\/2023\/06\/trabalhista-0048.jpg","contentUrl":"https:\/\/mhcalculos.com.br\/noticias\/wp-content\/uploads\/sites\/2\/2023\/06\/trabalhista-0048.jpg","width":2000,"height":800},{"@type":"BreadcrumbList","@id":"https:\/\/mhcalculos.com.br\/noticias\/area\/trabalhista\/tst-ex-prefeito-de-tamandare-pe-e-esposa-do-caso-do-menino-miguel-sao-condenados-por-danos-morais-coletivos.html#breadcrumb","itemListElement":[{"@type":"ListItem","position":1,"name":"In\u00edcio","item":"https:\/\/mhcalculos.com.br\/noticias\/"},{"@type":"ListItem","position":2,"name":"TST: Ex-prefeito de Tamandar\u00e9 (PE) e esposa, do caso do menino Miguel, s\u00e3o condenados por danos morais coletivos"}]},{"@type":"WebSite","@id":"https:\/\/mhcalculos.com.br\/noticias\/#website","url":"https:\/\/mhcalculos.com.br\/noticias\/","name":"Portal de Not\u00edcias","description":"Not\u00edcias e Jurisprud\u00eancia","potentialAction":[{"@type":"SearchAction","target":{"@type":"EntryPoint","urlTemplate":"https:\/\/mhcalculos.com.br\/noticias\/?s={search_term_string}"},"query-input":{"@type":"PropertyValueSpecification","valueRequired":true,"valueName":"search_term_string"}}],"inLanguage":"pt-BR"},{"@type":"Person","@id":"https:\/\/mhcalculos.com.br\/noticias\/#\/schema\/person\/88d1c34bf72dc779ea14a5a6b8e0ae8d","name":"Equipe MH","image":{"@type":"ImageObject","inLanguage":"pt-BR","@id":"https:\/\/secure.gravatar.com\/avatar\/de1c686c2ecc9c5a3f327e3431d819eb39f8f05d4e1045f5a1caad6daaba987f?s=96&d=mm&r=g","url":"https:\/\/secure.gravatar.com\/avatar\/de1c686c2ecc9c5a3f327e3431d819eb39f8f05d4e1045f5a1caad6daaba987f?s=96&d=mm&r=g","contentUrl":"https:\/\/secure.gravatar.com\/avatar\/de1c686c2ecc9c5a3f327e3431d819eb39f8f05d4e1045f5a1caad6daaba987f?s=96&d=mm&r=g","caption":"Equipe MH"}}]}},"_links":{"self":[{"href":"https:\/\/mhcalculos.com.br\/noticias\/wp-json\/wp\/v2\/posts\/12463","targetHints":{"allow":["GET"]}}],"collection":[{"href":"https:\/\/mhcalculos.com.br\/noticias\/wp-json\/wp\/v2\/posts"}],"about":[{"href":"https:\/\/mhcalculos.com.br\/noticias\/wp-json\/wp\/v2\/types\/post"}],"author":[{"embeddable":true,"href":"https:\/\/mhcalculos.com.br\/noticias\/wp-json\/wp\/v2\/users\/3063"}],"replies":[{"embeddable":true,"href":"https:\/\/mhcalculos.com.br\/noticias\/wp-json\/wp\/v2\/comments?post=12463"}],"version-history":[{"count":1,"href":"https:\/\/mhcalculos.com.br\/noticias\/wp-json\/wp\/v2\/posts\/12463\/revisions"}],"predecessor-version":[{"id":13682,"href":"https:\/\/mhcalculos.com.br\/noticias\/wp-json\/wp\/v2\/posts\/12463\/revisions\/13682"}],"wp:featuredmedia":[{"embeddable":true,"href":"https:\/\/mhcalculos.com.br\/noticias\/wp-json\/wp\/v2\/media\/12464"}],"wp:attachment":[{"href":"https:\/\/mhcalculos.com.br\/noticias\/wp-json\/wp\/v2\/media?parent=12463"}],"wp:term":[{"taxonomy":"category","embeddable":true,"href":"https:\/\/mhcalculos.com.br\/noticias\/wp-json\/wp\/v2\/categories?post=12463"},{"taxonomy":"post_tag","embeddable":true,"href":"https:\/\/mhcalculos.com.br\/noticias\/wp-json\/wp\/v2\/tags?post=12463"}],"curies":[{"name":"wp","href":"https:\/\/api.w.org\/{rel}","templated":true}]}}