{"id":12413,"date":"2023-06-22T19:05:07","date_gmt":"2023-06-22T22:05:07","guid":{"rendered":"https:\/\/mhcalculos.com.br\/noticias\/cidadania\/projeto-asas-auxilia-pessoa-com-deficiencia-a-envelhecer-com-autonomia-e-qualidade-de-vida.html"},"modified":"2023-06-22T19:05:07","modified_gmt":"2023-06-22T22:05:07","slug":"projeto-asas-auxilia-pessoa-com-deficiencia-a-envelhecer-com-autonomia-e-qualidade-de-vida","status":"publish","type":"post","link":"https:\/\/mhcalculos.com.br\/noticias\/cidadania\/projeto-asas-auxilia-pessoa-com-deficiencia-a-envelhecer-com-autonomia-e-qualidade-de-vida.html","title":{"rendered":"Projeto Asas auxilia pessoa com defici\u00eancia a envelhecer com autonomia e qualidade de vida"},"content":{"rendered":"<p> <br \/>\n<\/p>\n<div data-elementor-type=\"wp-post\" data-elementor-id=\"22656\" class=\"elementor elementor-22656\">\n<div class=\"elementor-element elementor-element-6a43c7f0 she-header-yes e-flex e-con-boxed wpr-particle-no wpr-jarallax-no wpr-parallax-no e-con\" data-id=\"6a43c7f0\" data-element_type=\"container\" data-settings=\"{&quot;background_background&quot;:&quot;classic&quot;,&quot;transparent&quot;:&quot;yes&quot;,&quot;scroll_distance&quot;:{&quot;unit&quot;:&quot;px&quot;,&quot;size&quot;:&quot;&quot;,&quot;sizes&quot;:[]},&quot;content_width&quot;:&quot;boxed&quot;,&quot;transparent_on&quot;:[&quot;desktop&quot;,&quot;tablet&quot;,&quot;mobile&quot;],&quot;scroll_distance_tablet&quot;:{&quot;unit&quot;:&quot;px&quot;,&quot;size&quot;:&quot;&quot;,&quot;sizes&quot;:[]},&quot;scroll_distance_mobile&quot;:{&quot;unit&quot;:&quot;px&quot;,&quot;size&quot;:&quot;&quot;,&quot;sizes&quot;:[]}}\">\n<div class=\"e-con-inner\">\n<div class=\"elementor-element elementor-element-5d1b5546 e-flex e-con-boxed wpr-particle-no wpr-jarallax-no wpr-parallax-no e-con\" data-id=\"5d1b5546\" data-element_type=\"container\" data-settings=\"{&quot;content_width&quot;:&quot;boxed&quot;}\">\n<div class=\"e-con-inner\">\n<div class=\"elementor-element elementor-element-625e19bb e-con-full e-flex wpr-particle-no wpr-jarallax-no wpr-parallax-no e-con\" data-id=\"625e19bb\" data-element_type=\"container\" data-settings=\"{&quot;content_width&quot;:&quot;full&quot;}\">\n<div class=\"elementor-element elementor-element-1c610e8 elementor-widget__width-auto elementor-widget elementor-widget-image\" data-id=\"1c610e8\" data-element_type=\"widget\" data-widget_type=\"image.default\">\n<div class=\"elementor-widget-container\">\n\t\t\t\t\t\t\t\t\t\t\t\t\t\t\t\t<a href=\"http:\/\/www.asidbrasil.org.br\/\"><br \/>\n\t\t\t\t\t\t\t\t\t\t\t\t\t\t\t<\/a>\n\t\t\t\t\t\t\t\t\t\t\t\t\t\t\t<\/div>\n<\/p><\/div>\n<\/p><\/div>\n<div class=\"elementor-element elementor-element-3b8ee1ab e-con-full e-flex wpr-particle-no wpr-jarallax-no wpr-parallax-no e-con\" data-id=\"3b8ee1ab\" data-element_type=\"container\" data-settings=\"{&quot;content_width&quot;:&quot;full&quot;}\">\n<div class=\"elementor-element elementor-element-1d4c539 elementor-widget__width-auto elementor-widget elementor-widget-ekit-nav-menu\" data-id=\"1d4c539\" data-element_type=\"widget\" data-widget_type=\"ekit-nav-menu.default\">\n<div class=\"elementor-widget-container\">\n<div class=\"ekit-wid-con ekit_menu_responsive_tablet\" data-hamburger-icon=\"icon icon-menu-button-of-three-horizontal-lines\" data-hamburger-icon-type=\"icon\" data-responsive-breakpoint=\"1024\">            <button class=\"elementskit-menu-hamburger elementskit-menu-toggler\" type=\"button\" aria-label=\"hamburger-icon\"><br \/>\n                <i aria-hidden=\"true\" class=\"ekit-menu-icon icon icon-menu-button-of-three-horizontal-lines\"><\/i>            <\/button><\/p>\n<div id=\"ekit-megamenu-principal\" class=\"elementskit-menu-container elementskit-menu-offcanvas-elements elementskit-navbar-nav-default elementskit_plus_icon ekit-nav-menu-one-page- ekit-nav-dropdown-hover\">\n<ul id=\"menu-principal-7\" class=\"elementskit-navbar-nav elementskit-menu-po-right submenu-click-on-icon\">\n<li class=\"menu-item menu-item-type-post_type menu-item-object-page menu-item-home menu-item-has-children menu-item-22763 nav-item elementskit-dropdown-has relative_position elementskit-dropdown-menu-default_width elementskit-mobile-builder-content\" data-vertical-menu=\"750px\"><a href=\"https:\/\/www.asidbrasil.org.br\/\" class=\"ekit-menu-nav-link ekit-menu-dropdown-toggle\">In\u00edcio<i class=\"icon icon-down-arrow1 elementskit-submenu-indicator\"><\/i><\/a>\n<ul class=\"elementskit-dropdown elementskit-submenu-panel\">\n<li class=\"menu-item menu-item-type-custom menu-item-object-custom menu-item-home menu-item-23128 nav-item elementskit-mobile-builder-content\" data-vertical-menu=\"750px\"><a href=\"https:\/\/www.asidbrasil.org.br\/#sobre-nos\" class=\" dropdown-item\">Sobre N\u00f3s<\/a>\n<li class=\"menu-item menu-item-type-custom menu-item-object-custom menu-item-home menu-item-23130 nav-item elementskit-mobile-builder-content\" data-vertical-menu=\"750px\"><a href=\"https:\/\/www.asidbrasil.org.br\/#historia\" class=\" dropdown-item\">Hist\u00f3ria<\/a>\n<li class=\"menu-item menu-item-type-custom menu-item-object-custom menu-item-home menu-item-23131 nav-item elementskit-mobile-builder-content\" data-vertical-menu=\"750px\"><a href=\"https:\/\/www.asidbrasil.org.br\/#equipe\" class=\" dropdown-item\">Equipe<\/a>\n<li class=\"menu-item menu-item-type-custom menu-item-object-custom menu-item-home menu-item-23132 nav-item elementskit-mobile-builder-content\" data-vertical-menu=\"750px\"><a href=\"https:\/\/www.asidbrasil.org.br\/#pilares\" class=\" dropdown-item\">Pilares<\/a>\n<li class=\"menu-item menu-item-type-custom menu-item-object-custom menu-item-home menu-item-23133 nav-item elementskit-mobile-builder-content\" data-vertical-menu=\"750px\"><a href=\"https:\/\/www.asidbrasil.org.br\/#atuacao\" class=\" dropdown-item\">Atua\u00e7\u00e3o<\/a>\n<li class=\"menu-item menu-item-type-custom menu-item-object-custom menu-item-home menu-item-23134 nav-item elementskit-mobile-builder-content\" data-vertical-menu=\"750px\"><a href=\"https:\/\/www.asidbrasil.org.br\/#reconhecimentos\" class=\" dropdown-item\">Reconhecimentos<\/a><\/ul>\n<\/li>\n<li class=\"menu-item menu-item-type-post_type menu-item-object-page menu-item-21956 nav-item elementskit-mobile-builder-content\" data-vertical-menu=\"750px\"><a href=\"https:\/\/www.asidbrasil.org.br\/para-organizacoes\/\" class=\"ekit-menu-nav-link\">Organiza\u00e7\u00f5es<\/a><\/li>\n<li class=\"menu-item menu-item-type-post_type menu-item-object-page menu-item-has-children menu-item-22125 nav-item elementskit-dropdown-has relative_position elementskit-dropdown-menu-default_width elementskit-mobile-builder-content\" data-vertical-menu=\"750px\"><a href=\"https:\/\/www.asidbrasil.org.br\/para-empresas\/\" class=\"ekit-menu-nav-link ekit-menu-dropdown-toggle\">Empresas<i class=\"icon icon-down-arrow1 elementskit-submenu-indicator\"><\/i><\/a>\n<ul class=\"elementskit-dropdown elementskit-submenu-panel\">\n<li class=\"menu-item menu-item-type-custom menu-item-object-custom menu-item-23135 nav-item elementskit-mobile-builder-content\" data-vertical-menu=\"750px\"><a href=\"https:\/\/www.asidbrasil.org.br\/para-empresas\/#como-atuamos\" class=\" dropdown-item\">Como Atuamos<\/a>\n<li class=\"menu-item menu-item-type-custom menu-item-object-custom menu-item-23136 nav-item elementskit-mobile-builder-content\" data-vertical-menu=\"750px\"><a href=\"https:\/\/www.asidbrasil.org.br\/para-empresas\/#investimento-social-privado\" class=\" dropdown-item\">Investimento Social Privado<\/a>\n<li class=\"menu-item menu-item-type-custom menu-item-object-custom menu-item-23139 nav-item elementskit-mobile-builder-content\" data-vertical-menu=\"750px\"><a href=\"https:\/\/www.asidbrasil.org.br\/para-empresas\/#licenciamento\" class=\" dropdown-item\">Licenciamento<\/a>\n<li class=\"menu-item menu-item-type-custom menu-item-object-custom menu-item-23140 nav-item elementskit-mobile-builder-content\" data-vertical-menu=\"750px\"><a href=\"https:\/\/www.asidbrasil.org.br\/para-empresas\/#clube-do-emprego\" class=\" dropdown-item\">Clube do Emprego<\/a>\n<li class=\"menu-item menu-item-type-custom menu-item-object-custom menu-item-23141 nav-item elementskit-mobile-builder-content\" data-vertical-menu=\"750px\"><a href=\"https:\/\/www.asidbrasil.org.br\/para-empresas\/#selos\" class=\" dropdown-item\">Selos<\/a><\/ul>\n<\/li>\n<li class=\"menu-item menu-item-type-post_type menu-item-object-page menu-item-has-children menu-item-22348 nav-item elementskit-dropdown-has relative_position elementskit-dropdown-menu-default_width elementskit-mobile-builder-content\" data-vertical-menu=\"750px\"><a href=\"https:\/\/www.asidbrasil.org.br\/para-pessoa-com-deficiencia\/\" class=\"ekit-menu-nav-link ekit-menu-dropdown-toggle\">Pessoa com Defici\u00eancia<i class=\"icon icon-down-arrow1 elementskit-submenu-indicator\"><\/i><\/a>\n<ul class=\"elementskit-dropdown elementskit-submenu-panel\">\n<li class=\"menu-item menu-item-type-custom menu-item-object-custom menu-item-23142 nav-item elementskit-mobile-builder-content\" data-vertical-menu=\"750px\"><a href=\"https:\/\/www.asidbrasil.org.br\/para-pessoa-com-deficiencia\/#como-atuamos-pcd\" class=\" dropdown-item\">Como Atuamos<\/a>\n<li class=\"menu-item menu-item-type-custom menu-item-object-custom menu-item-23143 nav-item elementskit-mobile-builder-content\" data-vertical-menu=\"750px\"><a href=\"https:\/\/www.asidbrasil.org.br\/para-pessoa-com-deficiencia\/#projetos\" class=\" dropdown-item\">Projetos<\/a>\n<li class=\"menu-item menu-item-type-custom menu-item-object-custom menu-item-23144 nav-item elementskit-mobile-builder-content\" data-vertical-menu=\"750px\"><a href=\"https:\/\/www.asidbrasil.org.br\/para-pessoa-com-deficiencia\/#clube-do-emprego-pcd\" class=\" dropdown-item\">Clube do Emprego<\/a>\n<li class=\"menu-item menu-item-type-custom menu-item-object-custom menu-item-23145 nav-item elementskit-mobile-builder-content\" data-vertical-menu=\"750px\"><a href=\"https:\/\/www.asidbrasil.org.br\/para-pessoa-com-deficiencia\/#comunidades\" class=\" dropdown-item\">Comunidades<\/a>\n<li class=\"menu-item menu-item-type-custom menu-item-object-custom menu-item-23146 nav-item elementskit-mobile-builder-content\" data-vertical-menu=\"750px\"><a href=\"https:\/\/www.asidbrasil.org.br\/para-pessoa-com-deficiencia\/#conteudo\" class=\" dropdown-item\">Conte\u00fado<\/a><\/ul>\n<\/li>\n<li class=\"menu-item menu-item-type-post_type menu-item-object-page menu-item-has-children menu-item-451 nav-item elementskit-dropdown-has relative_position elementskit-dropdown-menu-default_width elementskit-mobile-builder-content\" data-vertical-menu=\"750px\"><a href=\"https:\/\/www.asidbrasil.org.br\/solucoes\/\" class=\"ekit-menu-nav-link ekit-menu-dropdown-toggle\">Solu\u00e7\u00f5es<i class=\"icon icon-down-arrow1 elementskit-submenu-indicator\"><\/i><\/a>\n<ul class=\"elementskit-dropdown elementskit-submenu-panel\">\n<li class=\"menu-item menu-item-type-custom menu-item-object-custom menu-item-23147 nav-item elementskit-mobile-builder-content\" data-vertical-menu=\"750px\"><a href=\"https:\/\/www.asidbrasil.org.br\/solucoes\/#como-atuamos-solucoes\" class=\" dropdown-item\">Como Atuamos<\/a>\n<li class=\"menu-item menu-item-type-custom menu-item-object-custom menu-item-23148 nav-item elementskit-mobile-builder-content\" data-vertical-menu=\"750px\"><a href=\"https:\/\/www.asidbrasil.org.br\/solucoes\/#nossas-solucoes\" class=\" dropdown-item\">Nossas Solu\u00e7\u00f5es<\/a><\/ul>\n<\/li>\n<li class=\"menu-item menu-item-type-post_type menu-item-object-page menu-item-has-children menu-item-22074 nav-item elementskit-dropdown-has relative_position elementskit-dropdown-menu-default_width elementskit-mobile-builder-content\" data-vertical-menu=\"750px\"><a href=\"https:\/\/www.asidbrasil.org.br\/conteudo\/\" class=\"ekit-menu-nav-link ekit-menu-dropdown-toggle\">Conte\u00fado<i class=\"icon icon-down-arrow1 elementskit-submenu-indicator\"><\/i><\/a>\n<ul class=\"elementskit-dropdown elementskit-submenu-panel\">\n<li class=\"menu-item menu-item-type-post_type menu-item-object-page menu-item-22691 nav-item elementskit-mobile-builder-content\" data-vertical-menu=\"750px\"><a href=\"https:\/\/www.asidbrasil.org.br\/blog\/\" class=\" dropdown-item\">Blog<\/a>\n<li class=\"menu-item menu-item-type-custom menu-item-object-custom menu-item-23149 nav-item elementskit-mobile-builder-content\" data-vertical-menu=\"750px\"><a href=\"http:\/\/www.asidbrasil.org.br\/conteudo\/#biblioteca-digital\" class=\" dropdown-item\">Biblioteca Digital<\/a>\n<li class=\"menu-item menu-item-type-custom menu-item-object-custom menu-item-22711 nav-item elementskit-mobile-builder-content\" data-vertical-menu=\"750px\"><a href=\"http:\/\/www.asidbrasil.org.br\/conteudo\/#relatorios-de-impacto\" class=\" dropdown-item\">Relat\u00f3rios de Impacto<\/a>\n<li class=\"menu-item menu-item-type-custom menu-item-object-custom menu-item-22712 nav-item elementskit-mobile-builder-content\" data-vertical-menu=\"750px\"><a href=\"http:\/\/www.asidbrasil.org.br\/conteudo\/#transparencia\" class=\" dropdown-item\">Transpar\u00eancia<\/a><\/ul>\n<\/li>\n<\/ul>\n<div class=\"elementskit-nav-identity-panel\">\n<div class=\"elementskit-site-title\">\n\t\t\t\t\t<a class=\"elementskit-nav-logo\" href=\"https:\/\/www.asidbrasil.org.br\" target=\"_self\" rel=\"noopener\"><br \/>\n\t\t\t\t\t\t<img decoding=\"async\" width=\"1831\" height=\"758\" data-src=\"https:\/\/www.asidbrasil.org.br\/wp-content\/uploads\/2022\/11\/Logo_principal_colorida-e1680558935183.png\" class=\"attachment-full size-full lazyload\" alt=\"Logo ASID Brasil\" src=\"data:image\/svg+xml;base64,PHN2ZyB3aWR0aD0iMSIgaGVpZ2h0PSIxIiB4bWxucz0iaHR0cDovL3d3dy53My5vcmcvMjAwMC9zdmciPjwvc3ZnPg==\" style=\"--smush-placeholder-width: 1831px; --smush-placeholder-aspect-ratio: 1831\/758;\" \/><br \/>\n\t\t\t\t\t<\/a>\n\t\t\t\t<\/div>\n<p><button class=\"elementskit-menu-close elementskit-menu-toggler\" type=\"button\">X<\/button><\/div>\n<\/div>\n<div class=\"elementskit-menu-overlay elementskit-menu-offcanvas-elements elementskit-menu-toggler ekit-nav-menu--overlay\"><\/div>\n<\/div><\/div>\n<\/p><\/div>\n<\/p><\/div>\n<\/p><\/div>\n<\/p><\/div>\n<\/p><\/div>\n<\/p><\/div>\n<div class=\"elementor-element elementor-element-523f19b e-flex e-con-boxed wpr-particle-no wpr-jarallax-no wpr-parallax-no e-con\" data-id=\"523f19b\" data-element_type=\"container\" data-settings=\"{&quot;content_width&quot;:&quot;boxed&quot;}\">\n<div class=\"e-con-inner\">\n<div class=\"elementor-element elementor-element-531fcc5 e-con-full e-flex wpr-particle-no wpr-jarallax-no wpr-parallax-no e-con\" data-id=\"531fcc5\" data-element_type=\"container\" data-settings=\"{&quot;content_width&quot;:&quot;full&quot;}\">\n<div class=\"elementor-element elementor-element-4d565b2 elementor-widget elementor-widget-image\" data-id=\"4d565b2\" data-element_type=\"widget\" data-widget_type=\"image.default\">\n<div class=\"elementor-widget-container\">\n\t\t\t\t\t\t\t\t\t\t\t\t\t\t\t<img decoding=\"async\" width=\"1170\" height=\"658\" data-src=\"https:\/\/www.asidbrasil.org.br\/wp-content\/uploads\/2022\/06\/claudio7-1170x658-1.png\" class=\"attachment-full size-full wp-image-22662 lazyload\" alt=\"Foto de Cl\u00e1udio e Lisabeth.\" src=\"data:image\/svg+xml;base64,PHN2ZyB3aWR0aD0iMSIgaGVpZ2h0PSIxIiB4bWxucz0iaHR0cDovL3d3dy53My5vcmcvMjAwMC9zdmciPjwvc3ZnPg==\" style=\"--smush-placeholder-width: 1170px; --smush-placeholder-aspect-ratio: 1170\/658;\" \/>\t\t\t\t\t\t\t\t\t\t\t\t\t\t\t<\/div>\n<\/p><\/div>\n<div class=\"elementor-element elementor-element-a52fec8 elementor-widget elementor-widget-heading\" data-id=\"a52fec8\" data-element_type=\"widget\" data-widget_type=\"heading.default\">\n<div class=\"elementor-widget-container\">\n<h1 class=\"elementor-heading-title elementor-size-default\">Projeto Asas auxilia pessoa com defici\u00eancia a envelhecer com autonomia e qualidade de vida<\/h1>\n<\/p><\/div>\n<\/p><\/div>\n<div class=\"elementor-element elementor-element-0f7d031 elementor-widget elementor-widget-image\" data-id=\"0f7d031\" data-element_type=\"widget\" data-widget_type=\"image.default\">\n<div class=\"elementor-widget-container\">\n\t\t\t\t\t\t\t\t\t\t\t\t\t\t\t<img decoding=\"async\" width=\"300\" height=\"94\" data-src=\"https:\/\/www.asidbrasil.org.br\/wp-content\/uploads\/2023\/03\/logo-asas-e1679950150908-300x94.png\" class=\"attachment-medium size-medium wp-image-21833 lazyload\" alt=\"Logo Projeto ASAS\" src=\"data:image\/svg+xml;base64,PHN2ZyB3aWR0aD0iMSIgaGVpZ2h0PSIxIiB4bWxucz0iaHR0cDovL3d3dy53My5vcmcvMjAwMC9zdmciPjwvc3ZnPg==\" style=\"--smush-placeholder-width: 300px; --smush-placeholder-aspect-ratio: 300\/94;\" \/>\t\t\t\t\t\t\t\t\t\t\t\t\t\t\t<\/div>\n<\/p><\/div>\n<div class=\"elementor-element elementor-element-e38f4f8 elementor-widget elementor-widget-text-editor\" data-id=\"e38f4f8\" data-element_type=\"widget\" data-widget_type=\"text-editor.default\">\n<div class=\"elementor-widget-container\">\n<p>Quem cuidar\u00e1 do meu filho com defici\u00eancia no futuro? Esta \u00e9 uma preocupa\u00e7\u00e3o compartilhada por muitos pais e m\u00e3es e foi a partir dela que nasceu o\u00a0<strong>projeto Asas,\u00a0<\/strong>um m\u00e9todo que se prop\u00f5e a criar, fortalecer e ampliar a rede de apoio para pessoas com defici\u00eancia, visando que elas possam envelhecer com maior autonomia e qualidade de vida.<\/p>\n<p>\u201cSe, em uma fam\u00edlia, s\u00f3 a m\u00e3e \u00e9 respons\u00e1vel pelo cuidado do filho com defici\u00eancia, o que vai acontecer quando ela n\u00e3o estiver mais aqui? Se o filho n\u00e3o tiver uma rede de apoio, se ele n\u00e3o tiver amigos, se n\u00e3o fizer parte de mais nenhum grupo, com quem poder\u00e1 contar?\u201d, questiona Viviane Machado, l\u00edder do\u00a0<a href=\"https:\/\/asidbrasil.org.br\/br\/\" target=\"_blank\" rel=\"noreferrer noopener\">Programa Mobiliza\u00e7\u00e3o pela Autonomia<\/a>, da FEAC.<\/p>\n<p>A metodologia do projeto Asas foi desenvolvida no Canad\u00e1 h\u00e1 mais de 20 anos, pelo\u00a0<em>Plan Institute<\/em>, e \u00e9 aplicada em diversos pa\u00edses. Em 2020, a\u00a0<a href=\"https:\/\/asidbrasil.org.br\/br\/\" target=\"_blank\" rel=\"noreferrer noopener\">Asid \u2013 A\u00e7\u00e3o Social para Igualdade das Diferen\u00e7as<\/a>\u00a0foi respons\u00e1vel por traz\u00ea-la ao Brasil, por meio de um projeto-piloto realizado via plataforma on-line, com 105 fam\u00edlias de S\u00e3o Paulo (SP) e Curitiba (PR).<\/p>\n<p>Agora, chegou a hora de trabalhar em rede e multiplicar impactos: a partir de maio de 2022, a Asid vai capacitar dez Organiza\u00e7\u00f5es da Sociedade Civil (OSC) de Campinas, parceiras da FEAC, que atuam com a inclus\u00e3o da pessoa com defici\u00eancia. O objetivo \u00e9 repassar a metodologia Asas e auxiliar essas organiza\u00e7\u00f5es a aplic\u00e1-la aos seus beneficiados.<\/p>\n<h4><strong>Plano de vida e rede de apoio<\/strong><\/h4>\n<p>\u201cA assist\u00eancia social, as escolas ou organiza\u00e7\u00f5es sociais trabalham no \u2018agora\u2019 da pessoa com defici\u00eancia, mas pensam muito pouco no futuro\u201d, avalia Pedro Ivo Toscano, l\u00edder de Novos Neg\u00f3cios da Asid.<\/p>\n<p>Em uma das atividades do projeto, por exemplo, o familiar \u00e9 convidado a escrever uma \u201ccarta para o futuro\u201d, expressando como gostaria que as pessoas tratem seu familiar com defici\u00eancia, quando ele n\u00e3o puder estar presente.<\/p>\n<p>Al\u00e9m de fomentar reflex\u00f5es sobre o futuro, o Asas promove a cria\u00e7\u00e3o de um plano de vida individual para a pessoa com defici\u00eancia, visando estimular o seu \u201cvoo\u201d. Para isso, \u00e9 fundamental trabalhar para o fortalecimento de uma rede de apoio, com quem a pessoa possa contar na aus\u00eancia de seus pais.<\/p>\n<p>\u201cNossos filhos v\u00e3o ter que passar pela perda de familiares, mais cedo ou mais tarde. Para n\u00f3s, falar sobre isso nunca foi um problema, mas durante o projeto eu vi que, em muitas fam\u00edlias, esse assunto nunca veio \u00e0 tona\u201d, relata Lisabeth Aleoni Arruda, que participou do projeto-piloto. Ela \u00e9 m\u00e3e de Cl\u00e1udio Aleoni Arruda, 37 anos, que tem s\u00edndrome de Down.<\/p>\n<p>Ao todo, s\u00e3o 20 horas de oficina, onde a pessoa com defici\u00eancia e um familiar participam. O projeto \u00e9 voltado para qualquer defici\u00eancia, mas 90% dos participantes do projeto-piloto eram pessoas com defici\u00eancia intelectual.<\/p>\n<h4><strong>Isolamento da pessoa com defici\u00eancia<\/strong><\/h4>\n<p>No Brasil, apenas 7% das sete milh\u00f5es de pessoas com defici\u00eancia aptas para o mercado de trabalho est\u00e3o empregadas, segundo dados de 2018 da\u00a0<a href=\"http:\/\/www.rais.gov.br\/sitio\/index.jsf\" target=\"_blank\" rel=\"nofollow noopener\">Rela\u00e7\u00e3o Anual de Informa\u00e7\u00f5es Sociais (Rais)<\/a>. \u201cNa nossa sociedade, tudo tende a fazer com que a pessoa com defici\u00eancia n\u00e3o esteja preparada para o envelhecimento: com frequ\u00eancia, elas s\u00e3o exclu\u00eddas da escola e do mercado de trabalho, por exemplo, o que cria muitas barreiras para a rotina social\u201d, afirma Pedro, da Asid.<\/p>\n<p>O projeto Asas busca mudar esse cen\u00e1rio, estimulando a pessoa com defici\u00eancia a ir al\u00e9m do n\u00facleo familiar, formando novas conex\u00f5es. \u201cA rede de apoio \u00e9 importante para qualquer pessoa, independentemente de ter ou n\u00e3o defici\u00eancia. Para a pessoa com defici\u00eancia, ela triplica o peso, porque s\u00e3o pessoas que, apesar de terem autonomia em v\u00e1rios setores, precisam de apoios\u201d, avalia Lisabeth.<\/p>\n<p>No caso do seu filho Cl\u00e1udio, ela o auxilia na locomo\u00e7\u00e3o pela cidade, levando-o at\u00e9 os locais, contratando um motorista ou chamando um carro pelo aplicativo. H\u00e1 dois anos, eles vivem em Piracicaba (SP), cidade da fam\u00edlia de Lisabeth. Antes, moravam em S\u00e3o Paulo.<\/p>\n<p>Em uma das atividades do Asas, os participantes realizam um mapeamento da rede de apoio, identificando poss\u00edveis parentes ou amigos para fortalecer la\u00e7os. A fam\u00edlia, ent\u00e3o, entra em contato com essas pessoas para checar se h\u00e1 reciprocidade.<\/p>\n<p>Durante essa atividade, Lisabeth descobriu que seu filho Cl\u00e1udio gostaria de morar com uma prima, quando os pais n\u00e3o estiverem mais aqui. \u201cNa conversa que tivemos, ela se mostrou totalmente aberta. Em rela\u00e7\u00e3o \u00e0 rede de apoio, eu posso ficar tranquila. Cl\u00e1udio \u00e9 uma pessoa com tanto empoderamento de sua vida, que n\u00e3o vai ser um peso para ningu\u00e9m.\u201d<\/p>\n<h4><strong>Futuros poss\u00edveis<\/strong><\/h4>\n<p>Ros\u00e2ngela Biano, assistente social e facilitadora do projeto-piloto, conta que, com o passar dos encontros, o projeto despertou novas possibilidades de futuro, acalmando o \u201csusto inicial\u201d dos pais ao pensar na problem\u00e1tica levantada. \u201cSe amanh\u00e3 eu n\u00e3o estiver aqui, o que posso j\u00e1 preparar hoje para meu filho? Eu vejo que esse \u00e9 o maior impacto do projeto: os familiares enxergarem que existe uma sa\u00edda\u201d, diz.<\/p>\n<p>Aos poucos, a possibilidade de uma vida mais aut\u00f4noma come\u00e7a a ganhar forma. \u201c\u00c9 maravilhoso quando percebemos que, apesar daquela limita\u00e7\u00e3o, a pessoa com defici\u00eancia pode vivenciar experi\u00eancias como qualquer outra\u201d, analisa Ros\u00e2ngela.<\/p>\n<p>O projeto-piloto atingiu as expectativas: segundo a avalia\u00e7\u00e3o, 65% das fam\u00edlias conclu\u00edram o plano de a\u00e7\u00e3o familiar durante as oficinas. As demais iniciaram o processo durante os encontros.<\/p>\n<p>Os planos de a\u00e7\u00e3o desenvolvidos contemplaram diversas \u00e1reas da vida e incluem metas como: aprender a ler e escrever, iniciar um curso de p\u00f3s-gradua\u00e7\u00e3o, come\u00e7ar a trabalhar, iniciar aula de nata\u00e7\u00e3o, casar-se, tirar carteira de motorista, conhecer um grupo de ciclistas, come\u00e7ar trabalho volunt\u00e1rio, entre outras.<\/p>\n<h4><strong>As conquistas de Cl\u00e1udio<\/strong><\/h4>\n<p>O participante Cl\u00e1udio j\u00e1 soma diversas conquistas em sua vida: movido por sua paix\u00e3o pelos cavalos da fazenda dos av\u00f3s, ele come\u00e7ou a fazer aulas de equita\u00e7\u00e3o na Sociedade H\u00edpica Paulista aos 15 anos, sendo o primeiro aluno do clube de hipismo com s\u00edndrome de Down. O que come\u00e7ou como um hobby, tornou-se uma carreira, tamanha foi a sua dedica\u00e7\u00e3o.<\/p>\n<p>Na h\u00edpica, Cl\u00e1udio se destacou e se tornou assistente de equita\u00e7\u00e3o para crian\u00e7as. \u201cEu ajudava crian\u00e7as a montar. Trabalhei l\u00e1 por 10 anos. Como cavalheiro, fiquei por 20 anos\u201d, conta Cl\u00e1udio, que participou de competi\u00e7\u00f5es e conquistou t\u00edtulos, tornando-se vice-campe\u00e3o paulista de hipismo em 2009, saltando 0,6 metro.<\/p>\n<p>Durante o projeto Asas, Cl\u00e1udio e sua m\u00e3e descobriram que ainda h\u00e1 muitas conquistas por vir.<\/p>\n<\/p><\/div>\n<\/p><\/div>\n<div class=\"elementor-element elementor-element-8cce9a3 elementor-widget elementor-widget-text-editor\" data-id=\"8cce9a3\" data-element_type=\"widget\" data-widget_type=\"text-editor.default\">\n<div class=\"elementor-widget-container\">\n<p><em>&#8220;O projeto Asas trouxe tudo para mim. Foi importante para o meu projeto de vida e metas. Ele at\u00e9 transformou minha meta\u201d, Claudio Aleoni Arruda&#8221;<\/em><\/p>\n<\/p><\/div>\n<\/p><\/div>\n<div class=\"elementor-element elementor-element-a96e24f elementor-widget elementor-widget-text-editor\" data-id=\"a96e24f\" data-element_type=\"widget\" data-widget_type=\"text-editor.default\">\n<div class=\"elementor-widget-container\">\n<p>Devido ao alto custo de abrir um centro de equoterapia, Cl\u00e1udio decidiu deixar essa meta para o futuro e, no momento, investe em dar palestras para empresas e organiza\u00e7\u00f5es. Nas palestras, o rapaz conta como a inclus\u00e3o pelo esporte mudou a sua vida, mostrando que \u00e9 poss\u00edvel, sim, uma pessoa com s\u00edndrome de Down ter autonomia e construir uma carreira.<\/p>\n<p>Outras metas foram tra\u00e7adas durante o Asas, como realizar uma capacita\u00e7\u00e3o para o mercado de trabalho, fazer curso de ingl\u00eas e se casar com a sua atual namorada. \u201cEu quero fazer coisas diferentes e estar sempre em movimento. E vou continuar dando palestras\u201d, diz Cl\u00e1udio.<\/p>\n<\/p><\/div>\n<\/p><\/div>\n<div class=\"elementor-element elementor-element-45fdda8 elementor-widget-divider--view-line elementor-widget elementor-widget-divider\" data-id=\"45fdda8\" data-element_type=\"widget\" data-widget_type=\"divider.default\">\n<div class=\"elementor-widget-container\">\n<div class=\"elementor-divider\">\n\t\t\t<span class=\"elementor-divider-separator\"><br \/>\n\t\t\t\t\t\t<\/span>\n\t\t<\/div>\n<\/p><\/div>\n<\/p><\/div>\n<div class=\"elementor-element elementor-element-dce04ef elementor-widget__width-initial elementor-widget elementor-widget-image\" data-id=\"dce04ef\" data-element_type=\"widget\" data-widget_type=\"image.default\">\n<div class=\"elementor-widget-container\">\n\t\t\t\t\t\t\t\t\t\t\t\t\t\t\t<img decoding=\"async\" width=\"525\" height=\"217\" data-src=\"https:\/\/www.asidbrasil.org.br\/wp-content\/uploads\/2022\/11\/Logo_principal_colorida-e1680558935183-1024x424.png\" class=\"attachment-large size-large wp-image-148 lazyload\" alt=\"Logo ASID Brasil\" src=\"data:image\/svg+xml;base64,PHN2ZyB3aWR0aD0iMSIgaGVpZ2h0PSIxIiB4bWxucz0iaHR0cDovL3d3dy53My5vcmcvMjAwMC9zdmciPjwvc3ZnPg==\" style=\"--smush-placeholder-width: 525px; --smush-placeholder-aspect-ratio: 525\/217;\" \/>\t\t\t\t\t\t\t\t\t\t\t\t\t\t\t<\/div>\n<\/p><\/div>\n<div class=\"elementor-element elementor-element-141698a7 elementor-widget elementor-widget-elementskit-social-media\" data-id=\"141698a7\" data-element_type=\"widget\" data-widget_type=\"elementskit-social-media.default\">\n<div class=\"elementor-widget-container\">\n<div class=\"ekit-wid-con\">\n<ul class=\"ekit_social_media\">\n<li class=\"elementor-repeater-item-1399011\">\n\t\t\t\t\t    <a href=\"https:\/\/www.instagram.com\/asidbrasil\/\" aria-label=\"Instagram\" class=\"instagram\"><\/p>\n<p>\t\t\t\t\t\t\t<i aria-hidden=\"true\" class=\"fab fa-instagram\"><\/i><br \/>\n                                                                                                            <\/a>\n                    <\/li>\n<li class=\"elementor-repeater-item-c8596be\">\n\t\t\t\t\t    <a href=\"https:\/\/www.youtube.com\/c\/ASIDBrasil\" aria-label=\"YouTube\" class=\"youtube\"><\/p>\n<p>\t\t\t\t\t\t\t<i aria-hidden=\"true\" class=\"fab fa-youtube\"><\/i><br \/>\n                                                                                                            <\/a>\n                    <\/li>\n<li class=\"elementor-repeater-item-048c536\">\n\t\t\t\t\t    <a href=\"https:\/\/www.linkedin.com\/company\/asidbrasil\/\" aria-label=\"Linkedin\" class=\"in\"><\/p>\n<p>\t\t\t\t\t\t\t<i aria-hidden=\"true\" class=\"fab fa-linkedin-in\"><\/i><br \/>\n                                                                                                            <\/a>\n                    <\/li>\n<li class=\"elementor-repeater-item-da8f4de\">\n\t\t\t\t\t    <a href=\"https:\/\/www.facebook.com\/asidbrasil\" aria-label=\"Facebook\" class=\"f\"><\/p>\n<p>\t\t\t\t\t\t\t<i aria-hidden=\"true\" class=\"fab fa-facebook-f\"><\/i><br \/>\n                                                                                                            <\/a>\n                    <\/li>\n<\/ul><\/div>\n<\/p><\/div>\n<\/p><\/div>\n<\/p><\/div>\n<div class=\"elementor-element elementor-element-31a278f e-flex e-con-boxed wpr-particle-no wpr-jarallax-no wpr-parallax-no e-con\" data-id=\"31a278f\" data-element_type=\"container\" data-settings=\"{&quot;content_width&quot;:&quot;boxed&quot;}\">\n<div class=\"e-con-inner\">\n<div class=\"elementor-element elementor-element-e195419 elementor-widget elementor-widget-sidebar\" data-id=\"e195419\" data-element_type=\"widget\" data-widget_type=\"sidebar.default\">\n<div class=\"elementor-widget-container\">\n<section id=\"recent-posts-2\" class=\"widget widget_recent_entries\">\n<h2 class=\"widget-title\">Posts recentes<\/h2>\n<nav aria-label=\"Posts recentes\">\n<ul>\n<li>\n\t\t\t\t\t<a href=\"https:\/\/www.asidbrasil.org.br\/2023\/06\/20\/relatorio-de-impacto-asid-brasil-2022-um-compilado-dos-nossos-resultados-sociais\/\">Relat\u00f3rio de Impacto ASID Brasil 2022: um compilado dos nossos resultados sociais.<\/a>\n\t\t\t\t\t\t\t\t\t<\/li>\n<li>\n\t\t\t\t\t<a href=\"https:\/\/www.asidbrasil.org.br\/2023\/06\/20\/projeto-da-asid-brasil-aparece-no-estadao-2\/\">Dia dos Namorados e a Pessoa com Defici\u00eancia &#8211; Saiba mais<\/a>\n\t\t\t\t\t\t\t\t\t<\/li>\n<li>\n\t\t\t\t\t<a href=\"https:\/\/www.asidbrasil.org.br\/2022\/12\/14\/projeto-da-asid-brasil-aparece-no-estadao\/\">Projeto da ASID Brasil aparece no Estad\u00e3o!<\/a>\n\t\t\t\t\t\t\t\t\t<\/li>\n<\/ul>\n<\/nav>\n<\/section><\/div>\n<\/p><\/div>\n<\/p><\/div>\n<\/p><\/div>\n<\/p><\/div>\n<\/p><\/div>\n<div class=\"elementor-element elementor-element-b636e13 e-flex e-con-boxed wpr-particle-no wpr-jarallax-no wpr-parallax-no e-con\" data-id=\"b636e13\" data-element_type=\"container\" data-settings=\"{&quot;content_width&quot;:&quot;boxed&quot;}\">\n<div class=\"e-con-inner\">\n<div class=\"elementor-element elementor-element-26b192c wpr-comment-reply-separate wpr-comment-reply-align-right elementor-widget elementor-widget-wpr-post-comments\" data-id=\"26b192c\" data-element_type=\"widget\" data-widget_type=\"wpr-post-comments.default\">\n<div class=\"elementor-widget-container\">\n<div class=\"wpr-comments-wrap\" id=\"comments\">\n<div id=\"respond\" class=\"comment-respond\">\n<h3 id=\"wpr-reply-title\" class=\"wpr-comment-reply-title\">Deixe seu Coment\u00e1rio <small><a rel=\"nofollow\" id=\"cancel-comment-reply-link\" href=\"\/feed\/#respond\">Cancelar resposta<\/a><\/small><\/h3>\n<p class=\"comment-notes\"><span id=\"email-notes\">O seu endere\u00e7o de e-mail n\u00e3o ser\u00e1 publicado.<\/span> <span class=\"required-field-message\">Campos obrigat\u00f3rios s\u00e3o marcados com <span class=\"required\">*<\/span><\/span><\/p>\n<div class=\"wpr-comment-form-text\"><label>Message<span>*<\/span><\/label><textarea name=\"comment\" cols=\"45\" rows=\"8\"><\/textarea><\/div>\n<div class=\"wpr-comment-form-fields\">\n<div class=\"wpr-comment-form-author\"><label>Name<span>*<\/span><\/label><\/div>\n<div class=\"wpr-comment-form-email\"><label>Email<span>*<\/span><\/label><\/div>\n<\/div>\n<p class=\"form-submit\">\n<\/p><\/div>\n<p><!-- #respond -->\n\t<\/div>\n<\/p><\/div>\n<\/p><\/div>\n<\/p><\/div>\n<\/p><\/div>\n<div class=\"elementor-element elementor-element-3b14061b e-flex e-con-boxed wpr-particle-no wpr-jarallax-no wpr-parallax-no e-con\" data-id=\"3b14061b\" data-element_type=\"container\" data-settings=\"{&quot;background_background&quot;:&quot;classic&quot;,&quot;content_width&quot;:&quot;boxed&quot;}\">\n<div class=\"e-con-inner\">\n<div class=\"elementor-element elementor-element-6d2e6eb1 e-flex e-con-boxed wpr-particle-no wpr-jarallax-no wpr-parallax-no e-con\" data-id=\"6d2e6eb1\" data-element_type=\"container\" data-settings=\"{&quot;content_width&quot;:&quot;boxed&quot;}\">\n<div class=\"e-con-inner\">\n<div class=\"elementor-element elementor-element-1607d2a9 e-con-full e-flex wpr-particle-no wpr-jarallax-no wpr-parallax-no e-con\" data-id=\"1607d2a9\" data-element_type=\"container\" data-settings=\"{&quot;content_width&quot;:&quot;full&quot;}\">\n<div class=\"elementor-element elementor-element-4396c736 e-con-full e-flex wpr-particle-no wpr-jarallax-no wpr-parallax-no e-con\" data-id=\"4396c736\" data-element_type=\"container\" data-settings=\"{&quot;content_width&quot;:&quot;full&quot;}\">\n<div class=\"elementor-element elementor-element-4f1c08e4 elementor-widget-tablet__width-initial elementor-widget elementor-widget-image\" data-id=\"4f1c08e4\" data-element_type=\"widget\" data-widget_type=\"image.default\">\n<div class=\"elementor-widget-container\">\n\t\t\t\t\t\t\t\t\t\t\t\t\t\t\t<img decoding=\"async\" width=\"1815\" height=\"735\" data-src=\"https:\/\/www.asidbrasil.org.br\/wp-content\/uploads\/2022\/11\/Logo_principal_branca-e-azul-e1668114261953.png\" class=\"attachment-full size-full wp-image-145 lazyload\" alt=\"Logo ASID Brasil\" src=\"data:image\/svg+xml;base64,PHN2ZyB3aWR0aD0iMSIgaGVpZ2h0PSIxIiB4bWxucz0iaHR0cDovL3d3dy53My5vcmcvMjAwMC9zdmciPjwvc3ZnPg==\" style=\"--smush-placeholder-width: 1815px; --smush-placeholder-aspect-ratio: 1815\/735;\" \/>\t\t\t\t\t\t\t\t\t\t\t\t\t\t\t<\/div>\n<\/p><\/div>\n<div class=\"elementor-element elementor-element-52084aad elementor-widget elementor-widget-elementskit-social-media\" data-id=\"52084aad\" data-element_type=\"widget\" data-widget_type=\"elementskit-social-media.default\">\n<div class=\"elementor-widget-container\">\n<div class=\"ekit-wid-con\">\n<ul class=\"ekit_social_media\">\n<li class=\"elementor-repeater-item-1399011\">\n\t\t\t\t\t    <a href=\"https:\/\/www.instagram.com\/asidbrasil\/\" aria-label=\"Instagram\" class=\"instagram\"><\/p>\n<p>\t\t\t\t\t\t\t<i aria-hidden=\"true\" class=\"fab fa-instagram\"><\/i><br \/>\n                                                                                                            <\/a>\n                    <\/li>\n<li class=\"elementor-repeater-item-c8596be\">\n\t\t\t\t\t    <a href=\"https:\/\/www.youtube.com\/c\/ASIDBrasil\" aria-label=\"YouTube\" class=\"youtube\"><\/p>\n<p>\t\t\t\t\t\t\t<i aria-hidden=\"true\" class=\"fab fa-youtube\"><\/i><br \/>\n                                                                                                            <\/a>\n                    <\/li>\n<li class=\"elementor-repeater-item-048c536\">\n\t\t\t\t\t    <a href=\"https:\/\/www.linkedin.com\/company\/asidbrasil\/\" aria-label=\"Linkedin\" class=\"in\"><\/p>\n<p>\t\t\t\t\t\t\t<i aria-hidden=\"true\" class=\"fab fa-linkedin-in\"><\/i><br \/>\n                                                                                                            <\/a>\n                    <\/li>\n<li class=\"elementor-repeater-item-da8f4de\">\n\t\t\t\t\t    <a href=\"https:\/\/www.facebook.com\/asidbrasil\" aria-label=\"Facebook\" class=\"f\"><\/p>\n<p>\t\t\t\t\t\t\t<i aria-hidden=\"true\" class=\"fab fa-facebook-f\"><\/i><br \/>\n                                                                                                            <\/a>\n                    <\/li>\n<\/ul><\/div>\n<\/p><\/div>\n<\/p><\/div>\n<div class=\"elementor-element elementor-element-6768e5b1 elementor-widget elementor-widget-heading\" data-id=\"6768e5b1\" data-element_type=\"widget\" data-widget_type=\"heading.default\">\n<div class=\"elementor-widget-container\">\n<h2 class=\"elementor-heading-title elementor-size-default\">Contato<\/h2>\n<\/p><\/div>\n<\/p><\/div>\n<div class=\"elementor-element elementor-element-334a6faa elementor-widget elementor-widget-heading\" data-id=\"334a6faa\" data-element_type=\"widget\" data-widget_type=\"heading.default\">\n<div class=\"elementor-widget-container\">\n<h3 class=\"elementor-heading-title elementor-size-default\"><a href=\"mailto:contato@asid.org.br\" target=\"_blank\" rel=\"noopener\">E-mail: <span style=\"color: #00ffff\"><a style=\"color: #00ffff\" href=\"mailto:contato@asidbrasil.org.br\">contato@asid.org.br<\/a><\/span><\/a><\/h3>\n<\/p><\/div>\n<\/p><\/div>\n<\/p><\/div>\n<div class=\"elementor-element elementor-element-6829d9bf e-con-full e-flex wpr-particle-no wpr-jarallax-no wpr-parallax-no e-con\" data-id=\"6829d9bf\" data-element_type=\"container\" data-settings=\"{&quot;content_width&quot;:&quot;full&quot;}\">\n<div class=\"elementor-element elementor-element-7a3033cb elementor-widget elementor-widget-heading\" data-id=\"7a3033cb\" data-element_type=\"widget\" data-widget_type=\"heading.default\">\n<div class=\"elementor-widget-container\">\n<h2 class=\"elementor-heading-title elementor-size-default\">Nossa Miss\u00e3o<\/h2>\n<\/p><\/div>\n<\/p><\/div>\n<div class=\"elementor-element elementor-element-6812fe18 elementor-widget elementor-widget-text-editor\" data-id=\"6812fe18\" data-element_type=\"widget\" data-widget_type=\"text-editor.default\">\n<div class=\"elementor-widget-container\">\n<p>Existimos para quebrar as barreiras socioecon\u00f4micas que excluem a pessoa com defici\u00eancia.<\/p>\n<\/p><\/div>\n<\/p><\/div>\n<div class=\"elementor-element elementor-element-2ebd03b0 elementor-widget elementor-widget-image\" data-id=\"2ebd03b0\" data-element_type=\"widget\" data-widget_type=\"image.default\">\n<div class=\"elementor-widget-container\">\n\t\t\t\t\t\t\t\t\t\t\t\t\t\t\t<img decoding=\"async\" data-src=\"https:\/\/www.asidbrasil.org.br\/wp-content\/uploads\/2022\/11\/selo-amigo-do-surdo-branco-redondo-hugo-120x120-1.png\" title=\"selo-amigo-do-surdo-branco-redondo-hugo-120&#215;120\" alt=\"Selo Amigo Do Surdo Branco Redondo Hugo\" src=\"data:image\/svg+xml;base64,PHN2ZyB3aWR0aD0iMSIgaGVpZ2h0PSIxIiB4bWxucz0iaHR0cDovL3d3dy53My5vcmcvMjAwMC9zdmciPjwvc3ZnPg==\" class=\"lazyload\" \/>\t\t\t\t\t\t\t\t\t\t\t\t\t\t\t<\/div>\n<\/p><\/div>\n<\/p><\/div>\n<div class=\"elementor-element elementor-element-106b5ca8 e-con-full e-flex wpr-particle-no wpr-jarallax-no wpr-parallax-no e-con\" data-id=\"106b5ca8\" data-element_type=\"container\" data-settings=\"{&quot;content_width&quot;:&quot;full&quot;}\">\n<div class=\"elementor-element elementor-element-4e86547c elementor-widget elementor-widget-heading\" data-id=\"4e86547c\" data-element_type=\"widget\" data-widget_type=\"heading.default\">\n<div class=\"elementor-widget-container\">\n<h2 class=\"elementor-heading-title elementor-size-default\">LGPD<\/h2>\n<\/p><\/div>\n<\/p><\/div>\n<div class=\"elementor-element elementor-element-5bf56461 elementor-widget elementor-widget-text-editor\" data-id=\"5bf56461\" data-element_type=\"widget\" data-widget_type=\"text-editor.default\">\n<div class=\"elementor-widget-container\">\n<p>Em alinhamento com a Lei Geral de Prote\u00e7\u00e3o de Dados, garantimos a confidencialidade, seguran\u00e7a e integridade de seus dados pessoais, prevenindo a ocorr\u00eancia de eventuais danos em virtude do tratamento dos mesmos. Para as solicita\u00e7\u00f5es dos titulares de dados, por favor, nos envie um <strong><span style=\"color: #00ffff\"><a style=\"color: #00ffff\" href=\"mailto:contato@asidbrasil.org.br\">e-mail<\/a><\/span>.<\/strong><\/p>\n<\/p><\/div>\n<\/p><\/div>\n<\/p><\/div>\n<\/p><\/div>\n<\/p><\/div>\n<\/p><\/div>\n<\/p><\/div>\n<\/p><\/div>\n<div class=\"elementor-element elementor-element-4700fbfa e-flex e-con-boxed wpr-particle-no wpr-jarallax-no wpr-parallax-no e-con\" data-id=\"4700fbfa\" data-element_type=\"container\" data-settings=\"{&quot;background_background&quot;:&quot;classic&quot;,&quot;content_width&quot;:&quot;boxed&quot;}\">\n<div class=\"e-con-inner\">\n<div class=\"elementor-element elementor-element-731f302b e-flex e-con-boxed wpr-particle-no wpr-jarallax-no wpr-parallax-no e-con\" data-id=\"731f302b\" data-element_type=\"container\" data-settings=\"{&quot;content_width&quot;:&quot;boxed&quot;}\">\n<div class=\"e-con-inner\">\n<div class=\"elementor-element elementor-element-6bf033c8 e-con-full e-flex wpr-particle-no wpr-jarallax-no wpr-parallax-no e-con\" data-id=\"6bf033c8\" data-element_type=\"container\" data-settings=\"{&quot;content_width&quot;:&quot;full&quot;}\">\n<div class=\"elementor-element elementor-element-28c3581c e-con-full e-flex wpr-particle-no wpr-jarallax-no wpr-parallax-no e-con\" data-id=\"28c3581c\" data-element_type=\"container\" data-settings=\"{&quot;content_width&quot;:&quot;full&quot;}\">\n<div class=\"elementor-element elementor-element-5c906a1e elementor-widget__width-auto elementor-widget elementor-widget-elementskit-heading\" data-id=\"5c906a1e\" data-element_type=\"widget\" data-widget_type=\"elementskit-heading.default\">\n<div class=\"elementor-widget-container\">\n<div class=\"ekit-wid-con\">\n<div class=\"ekit-heading elementskit-section-title-wraper text_center   ekit_heading_tablet-   ekit_heading_mobile-text_center\">\n<p class=\"ekit-heading--title elementskit-section-title \">\u00a9 2022 ASID Brasil | Desenvolvido por <i class=\"fa fa-heart-o\"><\/i> <a href=\"http:\/\/www.double2.com.br\"> Double2 Comunica\u00e7\u00e3o<\/a><\/p>\n<\/div>\n<\/div><\/div>\n<\/p><\/div>\n<\/p><\/div>\n<\/p><\/div>\n<\/p><\/div>\n<\/p><\/div>\n<\/p><\/div>\n<\/p><\/div>\n<\/p><\/div>\n<p>O post <a rel=\"nofollow\" href=\"https:\/\/www.asidbrasil.org.br\/2022\/06\/07\/projeto-asas-auxilia-pessoa-com-deficiencia-a-envelhecer-com-autonomia-e-qualidade-de-vida\/\">Projeto Asas auxilia pessoa com defici\u00eancia a envelhecer com autonomia e qualidade de vida<\/a> apareceu primeiro em <a rel=\"nofollow\" href=\"https:\/\/www.asidbrasil.org.br\">ASID Brasil<\/a>.<\/p>\n<p><script async defer src=\"https:\/\/platform.instagram.com\/en_US\/embeds.js\"><\/script><br \/>\n<i>Visite o site <a href=\"https:\/\/asidbrasil.org.br\/\">asidbrasil.org.br<\/a> e conhe\u00e7a mais sobre a ASID Brasil.<\/i><br \/>\n<br \/><a href=\"https:\/\/www.asidbrasil.org.br\/2022\/06\/07\/projeto-asas-auxilia-pessoa-com-deficiencia-a-envelhecer-com-autonomia-e-qualidade-de-vida\/\">Fonte<\/a><br \/>\n<br \/><\/p>\n","protected":false},"excerpt":{"rendered":"<p>In\u00edcio Sobre N\u00f3s Hist\u00f3ria Equipe Pilares Atua\u00e7\u00e3o Reconhecimentos Organiza\u00e7\u00f5es Empresas Como Atuamos Investimento Social Privado Licenciamento Clube do Emprego Selos Pessoa com Defici\u00eancia Como Atuamos Projetos Clube do Emprego Comunidades Conte\u00fado Solu\u00e7\u00f5es Como Atuamos Nossas Solu\u00e7\u00f5es Conte\u00fado Blog Biblioteca Digital Relat\u00f3rios de Impacto Transpar\u00eancia X Projeto Asas auxilia pessoa com defici\u00eancia a envelhecer com autonomia [&hellip;]<\/p>\n","protected":false},"author":3063,"featured_media":12414,"comment_status":"open","ping_status":"open","sticky":false,"template":"","format":"standard","meta":{"footnotes":""},"categories":[113],"tags":[158,157,163,162,164,161,160,159],"class_list":{"0":"post-12413","1":"post","2":"type-post","3":"status-publish","4":"format-standard","5":"has-post-thumbnail","7":"category-cidadania","8":"tag-asid","9":"tag-cidadania","10":"tag-desenvolvimento-institucional","11":"tag-diversidade","12":"tag-impacto-social","13":"tag-inclusao","14":"tag-voluntariado","15":"tag-voluntario"},"yoast_head":"<!-- This site is optimized with the Yoast SEO plugin v27.2 - https:\/\/yoast.com\/product\/yoast-seo-wordpress\/ -->\n<title>Projeto Asas auxilia pessoa com defici\u00eancia a envelhecer com autonomia e qualidade de vida | Portal de Not\u00edcias<\/title>\n<meta name=\"robots\" content=\"index, follow, max-snippet:-1, max-image-preview:large, max-video-preview:-1\" \/>\n<link rel=\"canonical\" href=\"https:\/\/www.asidbrasil.org.br\/2022\/06\/07\/projeto-asas-auxilia-pessoa-com-deficiencia-a-envelhecer-com-autonomia-e-qualidade-de-vida\/\" \/>\n<meta property=\"og:locale\" content=\"pt_BR\" \/>\n<meta property=\"og:type\" content=\"article\" \/>\n<meta property=\"og:title\" content=\"Projeto Asas auxilia pessoa com defici\u00eancia a envelhecer com autonomia e qualidade de vida | Portal de Not\u00edcias\" \/>\n<meta property=\"og:description\" content=\"In\u00edcio Sobre N\u00f3s Hist\u00f3ria Equipe Pilares Atua\u00e7\u00e3o Reconhecimentos Organiza\u00e7\u00f5es Empresas Como Atuamos Investimento Social Privado Licenciamento Clube do Emprego Selos Pessoa com Defici\u00eancia Como Atuamos Projetos Clube do Emprego Comunidades Conte\u00fado Solu\u00e7\u00f5es Como Atuamos Nossas Solu\u00e7\u00f5es Conte\u00fado Blog Biblioteca Digital Relat\u00f3rios de Impacto Transpar\u00eancia X Projeto Asas auxilia pessoa com defici\u00eancia a envelhecer com autonomia [&hellip;]\" \/>\n<meta property=\"og:url\" content=\"https:\/\/www.asidbrasil.org.br\/2022\/06\/07\/projeto-asas-auxilia-pessoa-com-deficiencia-a-envelhecer-com-autonomia-e-qualidade-de-vida\/\" \/>\n<meta property=\"og:site_name\" content=\"Portal de Not\u00edcias\" \/>\n<meta property=\"article:published_time\" content=\"2023-06-22T22:05:07+00:00\" \/>\n<meta property=\"og:image\" content=\"https:\/\/mhcalculos.com.br\/noticias\/wp-content\/uploads\/sites\/2\/2023\/06\/claudio7-1170x658-1.png\" \/>\n\t<meta property=\"og:image:width\" content=\"1170\" \/>\n\t<meta property=\"og:image:height\" content=\"658\" \/>\n\t<meta property=\"og:image:type\" content=\"image\/png\" \/>\n<meta name=\"author\" content=\"Equipe MH\" \/>\n<meta name=\"twitter:card\" content=\"summary_large_image\" \/>\n<meta name=\"twitter:label1\" content=\"Escrito por\" \/>\n\t<meta name=\"twitter:data1\" content=\"Equipe MH\" \/>\n\t<meta name=\"twitter:label2\" content=\"Est. tempo de leitura\" \/>\n\t<meta name=\"twitter:data2\" content=\"8 minutos\" \/>\n<script type=\"application\/ld+json\" class=\"yoast-schema-graph\">{\"@context\":\"https:\/\/schema.org\",\"@graph\":[{\"@type\":\"Article\",\"@id\":\"https:\/\/www.asidbrasil.org.br\/2022\/06\/07\/projeto-asas-auxilia-pessoa-com-deficiencia-a-envelhecer-com-autonomia-e-qualidade-de-vida\/#article\",\"isPartOf\":{\"@id\":\"https:\/\/mhcalculos.com.br\/noticias\/cidadania\/projeto-asas-auxilia-pessoa-com-deficiencia-a-envelhecer-com-autonomia-e-qualidade-de-vida.html\"},\"author\":{\"name\":\"Equipe MH\",\"@id\":\"https:\/\/mhcalculos.com.br\/noticias\/#\/schema\/person\/88d1c34bf72dc779ea14a5a6b8e0ae8d\"},\"headline\":\"Projeto Asas auxilia pessoa com defici\u00eancia a envelhecer com autonomia e qualidade de vida\",\"datePublished\":\"2023-06-22T22:05:07+00:00\",\"mainEntityOfPage\":{\"@id\":\"https:\/\/mhcalculos.com.br\/noticias\/cidadania\/projeto-asas-auxilia-pessoa-com-deficiencia-a-envelhecer-com-autonomia-e-qualidade-de-vida.html\"},\"wordCount\":1545,\"commentCount\":0,\"image\":{\"@id\":\"https:\/\/www.asidbrasil.org.br\/2022\/06\/07\/projeto-asas-auxilia-pessoa-com-deficiencia-a-envelhecer-com-autonomia-e-qualidade-de-vida\/#primaryimage\"},\"thumbnailUrl\":\"https:\/\/mhcalculos.com.br\/noticias\/wp-content\/uploads\/sites\/2\/2023\/06\/claudio7-1170x658-1.png\",\"keywords\":[\"asid\",\"cidadania\",\"desenvolvimento institucional\",\"diversidade\",\"impacto social\",\"inclus\u00e3o\",\"voluntariado\",\"volunt\u00e1rio\"],\"articleSection\":[\"Cidadania\"],\"inLanguage\":\"pt-BR\",\"potentialAction\":[{\"@type\":\"CommentAction\",\"name\":\"Comment\",\"target\":[\"https:\/\/www.asidbrasil.org.br\/2022\/06\/07\/projeto-asas-auxilia-pessoa-com-deficiencia-a-envelhecer-com-autonomia-e-qualidade-de-vida\/#respond\"]}]},{\"@type\":\"WebPage\",\"@id\":\"https:\/\/mhcalculos.com.br\/noticias\/cidadania\/projeto-asas-auxilia-pessoa-com-deficiencia-a-envelhecer-com-autonomia-e-qualidade-de-vida.html\",\"url\":\"https:\/\/www.asidbrasil.org.br\/2022\/06\/07\/projeto-asas-auxilia-pessoa-com-deficiencia-a-envelhecer-com-autonomia-e-qualidade-de-vida\/\",\"name\":\"Projeto Asas auxilia pessoa com defici\u00eancia a envelhecer com autonomia e qualidade de vida | Portal de Not\u00edcias\",\"isPartOf\":{\"@id\":\"https:\/\/mhcalculos.com.br\/noticias\/#website\"},\"primaryImageOfPage\":{\"@id\":\"https:\/\/www.asidbrasil.org.br\/2022\/06\/07\/projeto-asas-auxilia-pessoa-com-deficiencia-a-envelhecer-com-autonomia-e-qualidade-de-vida\/#primaryimage\"},\"image\":{\"@id\":\"https:\/\/www.asidbrasil.org.br\/2022\/06\/07\/projeto-asas-auxilia-pessoa-com-deficiencia-a-envelhecer-com-autonomia-e-qualidade-de-vida\/#primaryimage\"},\"thumbnailUrl\":\"https:\/\/mhcalculos.com.br\/noticias\/wp-content\/uploads\/sites\/2\/2023\/06\/claudio7-1170x658-1.png\",\"datePublished\":\"2023-06-22T22:05:07+00:00\",\"author\":{\"@id\":\"https:\/\/mhcalculos.com.br\/noticias\/#\/schema\/person\/88d1c34bf72dc779ea14a5a6b8e0ae8d\"},\"breadcrumb\":{\"@id\":\"https:\/\/www.asidbrasil.org.br\/2022\/06\/07\/projeto-asas-auxilia-pessoa-com-deficiencia-a-envelhecer-com-autonomia-e-qualidade-de-vida\/#breadcrumb\"},\"inLanguage\":\"pt-BR\",\"potentialAction\":[{\"@type\":\"ReadAction\",\"target\":[\"https:\/\/www.asidbrasil.org.br\/2022\/06\/07\/projeto-asas-auxilia-pessoa-com-deficiencia-a-envelhecer-com-autonomia-e-qualidade-de-vida\/\"]}]},{\"@type\":\"ImageObject\",\"inLanguage\":\"pt-BR\",\"@id\":\"https:\/\/www.asidbrasil.org.br\/2022\/06\/07\/projeto-asas-auxilia-pessoa-com-deficiencia-a-envelhecer-com-autonomia-e-qualidade-de-vida\/#primaryimage\",\"url\":\"https:\/\/mhcalculos.com.br\/noticias\/wp-content\/uploads\/sites\/2\/2023\/06\/claudio7-1170x658-1.png\",\"contentUrl\":\"https:\/\/mhcalculos.com.br\/noticias\/wp-content\/uploads\/sites\/2\/2023\/06\/claudio7-1170x658-1.png\",\"width\":1170,\"height\":658},{\"@type\":\"BreadcrumbList\",\"@id\":\"https:\/\/www.asidbrasil.org.br\/2022\/06\/07\/projeto-asas-auxilia-pessoa-com-deficiencia-a-envelhecer-com-autonomia-e-qualidade-de-vida\/#breadcrumb\",\"itemListElement\":[{\"@type\":\"ListItem\",\"position\":1,\"name\":\"In\u00edcio\",\"item\":\"https:\/\/mhcalculos.com.br\/noticias\/\"},{\"@type\":\"ListItem\",\"position\":2,\"name\":\"Projeto Asas auxilia pessoa com defici\u00eancia a envelhecer com autonomia e qualidade de vida\"}]},{\"@type\":\"WebSite\",\"@id\":\"https:\/\/mhcalculos.com.br\/noticias\/#website\",\"url\":\"https:\/\/mhcalculos.com.br\/noticias\/\",\"name\":\"Portal de Not\u00edcias\",\"description\":\"Not\u00edcias e Jurisprud\u00eancia\",\"potentialAction\":[{\"@type\":\"SearchAction\",\"target\":{\"@type\":\"EntryPoint\",\"urlTemplate\":\"https:\/\/mhcalculos.com.br\/noticias\/?s={search_term_string}\"},\"query-input\":{\"@type\":\"PropertyValueSpecification\",\"valueRequired\":true,\"valueName\":\"search_term_string\"}}],\"inLanguage\":\"pt-BR\"},{\"@type\":\"Person\",\"@id\":\"https:\/\/mhcalculos.com.br\/noticias\/#\/schema\/person\/88d1c34bf72dc779ea14a5a6b8e0ae8d\",\"name\":\"Equipe MH\",\"image\":{\"@type\":\"ImageObject\",\"inLanguage\":\"pt-BR\",\"@id\":\"https:\/\/secure.gravatar.com\/avatar\/de1c686c2ecc9c5a3f327e3431d819eb39f8f05d4e1045f5a1caad6daaba987f?s=96&d=mm&r=g\",\"url\":\"https:\/\/secure.gravatar.com\/avatar\/de1c686c2ecc9c5a3f327e3431d819eb39f8f05d4e1045f5a1caad6daaba987f?s=96&d=mm&r=g\",\"contentUrl\":\"https:\/\/secure.gravatar.com\/avatar\/de1c686c2ecc9c5a3f327e3431d819eb39f8f05d4e1045f5a1caad6daaba987f?s=96&d=mm&r=g\",\"caption\":\"Equipe MH\"}}]}<\/script>\n<!-- \/ Yoast SEO plugin. -->","yoast_head_json":{"title":"Projeto Asas auxilia pessoa com defici\u00eancia a envelhecer com autonomia e qualidade de vida | Portal de Not\u00edcias","robots":{"index":"index","follow":"follow","max-snippet":"max-snippet:-1","max-image-preview":"max-image-preview:large","max-video-preview":"max-video-preview:-1"},"canonical":"https:\/\/www.asidbrasil.org.br\/2022\/06\/07\/projeto-asas-auxilia-pessoa-com-deficiencia-a-envelhecer-com-autonomia-e-qualidade-de-vida\/","og_locale":"pt_BR","og_type":"article","og_title":"Projeto Asas auxilia pessoa com defici\u00eancia a envelhecer com autonomia e qualidade de vida | Portal de Not\u00edcias","og_description":"In\u00edcio Sobre N\u00f3s Hist\u00f3ria Equipe Pilares Atua\u00e7\u00e3o Reconhecimentos Organiza\u00e7\u00f5es Empresas Como Atuamos Investimento Social Privado Licenciamento Clube do Emprego Selos Pessoa com Defici\u00eancia Como Atuamos Projetos Clube do Emprego Comunidades Conte\u00fado Solu\u00e7\u00f5es Como Atuamos Nossas Solu\u00e7\u00f5es Conte\u00fado Blog Biblioteca Digital Relat\u00f3rios de Impacto Transpar\u00eancia X Projeto Asas auxilia pessoa com defici\u00eancia a envelhecer com autonomia [&hellip;]","og_url":"https:\/\/www.asidbrasil.org.br\/2022\/06\/07\/projeto-asas-auxilia-pessoa-com-deficiencia-a-envelhecer-com-autonomia-e-qualidade-de-vida\/","og_site_name":"Portal de Not\u00edcias","article_published_time":"2023-06-22T22:05:07+00:00","og_image":[{"width":1170,"height":658,"url":"https:\/\/mhcalculos.com.br\/noticias\/wp-content\/uploads\/sites\/2\/2023\/06\/claudio7-1170x658-1.png","type":"image\/png"}],"author":"Equipe MH","twitter_card":"summary_large_image","twitter_misc":{"Escrito por":"Equipe MH","Est. tempo de leitura":"8 minutos"},"schema":{"@context":"https:\/\/schema.org","@graph":[{"@type":"Article","@id":"https:\/\/www.asidbrasil.org.br\/2022\/06\/07\/projeto-asas-auxilia-pessoa-com-deficiencia-a-envelhecer-com-autonomia-e-qualidade-de-vida\/#article","isPartOf":{"@id":"https:\/\/mhcalculos.com.br\/noticias\/cidadania\/projeto-asas-auxilia-pessoa-com-deficiencia-a-envelhecer-com-autonomia-e-qualidade-de-vida.html"},"author":{"name":"Equipe MH","@id":"https:\/\/mhcalculos.com.br\/noticias\/#\/schema\/person\/88d1c34bf72dc779ea14a5a6b8e0ae8d"},"headline":"Projeto Asas auxilia pessoa com defici\u00eancia a envelhecer com autonomia e qualidade de vida","datePublished":"2023-06-22T22:05:07+00:00","mainEntityOfPage":{"@id":"https:\/\/mhcalculos.com.br\/noticias\/cidadania\/projeto-asas-auxilia-pessoa-com-deficiencia-a-envelhecer-com-autonomia-e-qualidade-de-vida.html"},"wordCount":1545,"commentCount":0,"image":{"@id":"https:\/\/www.asidbrasil.org.br\/2022\/06\/07\/projeto-asas-auxilia-pessoa-com-deficiencia-a-envelhecer-com-autonomia-e-qualidade-de-vida\/#primaryimage"},"thumbnailUrl":"https:\/\/mhcalculos.com.br\/noticias\/wp-content\/uploads\/sites\/2\/2023\/06\/claudio7-1170x658-1.png","keywords":["asid","cidadania","desenvolvimento institucional","diversidade","impacto social","inclus\u00e3o","voluntariado","volunt\u00e1rio"],"articleSection":["Cidadania"],"inLanguage":"pt-BR","potentialAction":[{"@type":"CommentAction","name":"Comment","target":["https:\/\/www.asidbrasil.org.br\/2022\/06\/07\/projeto-asas-auxilia-pessoa-com-deficiencia-a-envelhecer-com-autonomia-e-qualidade-de-vida\/#respond"]}]},{"@type":"WebPage","@id":"https:\/\/mhcalculos.com.br\/noticias\/cidadania\/projeto-asas-auxilia-pessoa-com-deficiencia-a-envelhecer-com-autonomia-e-qualidade-de-vida.html","url":"https:\/\/www.asidbrasil.org.br\/2022\/06\/07\/projeto-asas-auxilia-pessoa-com-deficiencia-a-envelhecer-com-autonomia-e-qualidade-de-vida\/","name":"Projeto Asas auxilia pessoa com defici\u00eancia a envelhecer com autonomia e qualidade de vida | Portal de Not\u00edcias","isPartOf":{"@id":"https:\/\/mhcalculos.com.br\/noticias\/#website"},"primaryImageOfPage":{"@id":"https:\/\/www.asidbrasil.org.br\/2022\/06\/07\/projeto-asas-auxilia-pessoa-com-deficiencia-a-envelhecer-com-autonomia-e-qualidade-de-vida\/#primaryimage"},"image":{"@id":"https:\/\/www.asidbrasil.org.br\/2022\/06\/07\/projeto-asas-auxilia-pessoa-com-deficiencia-a-envelhecer-com-autonomia-e-qualidade-de-vida\/#primaryimage"},"thumbnailUrl":"https:\/\/mhcalculos.com.br\/noticias\/wp-content\/uploads\/sites\/2\/2023\/06\/claudio7-1170x658-1.png","datePublished":"2023-06-22T22:05:07+00:00","author":{"@id":"https:\/\/mhcalculos.com.br\/noticias\/#\/schema\/person\/88d1c34bf72dc779ea14a5a6b8e0ae8d"},"breadcrumb":{"@id":"https:\/\/www.asidbrasil.org.br\/2022\/06\/07\/projeto-asas-auxilia-pessoa-com-deficiencia-a-envelhecer-com-autonomia-e-qualidade-de-vida\/#breadcrumb"},"inLanguage":"pt-BR","potentialAction":[{"@type":"ReadAction","target":["https:\/\/www.asidbrasil.org.br\/2022\/06\/07\/projeto-asas-auxilia-pessoa-com-deficiencia-a-envelhecer-com-autonomia-e-qualidade-de-vida\/"]}]},{"@type":"ImageObject","inLanguage":"pt-BR","@id":"https:\/\/www.asidbrasil.org.br\/2022\/06\/07\/projeto-asas-auxilia-pessoa-com-deficiencia-a-envelhecer-com-autonomia-e-qualidade-de-vida\/#primaryimage","url":"https:\/\/mhcalculos.com.br\/noticias\/wp-content\/uploads\/sites\/2\/2023\/06\/claudio7-1170x658-1.png","contentUrl":"https:\/\/mhcalculos.com.br\/noticias\/wp-content\/uploads\/sites\/2\/2023\/06\/claudio7-1170x658-1.png","width":1170,"height":658},{"@type":"BreadcrumbList","@id":"https:\/\/www.asidbrasil.org.br\/2022\/06\/07\/projeto-asas-auxilia-pessoa-com-deficiencia-a-envelhecer-com-autonomia-e-qualidade-de-vida\/#breadcrumb","itemListElement":[{"@type":"ListItem","position":1,"name":"In\u00edcio","item":"https:\/\/mhcalculos.com.br\/noticias\/"},{"@type":"ListItem","position":2,"name":"Projeto Asas auxilia pessoa com defici\u00eancia a envelhecer com autonomia e qualidade de vida"}]},{"@type":"WebSite","@id":"https:\/\/mhcalculos.com.br\/noticias\/#website","url":"https:\/\/mhcalculos.com.br\/noticias\/","name":"Portal de Not\u00edcias","description":"Not\u00edcias e Jurisprud\u00eancia","potentialAction":[{"@type":"SearchAction","target":{"@type":"EntryPoint","urlTemplate":"https:\/\/mhcalculos.com.br\/noticias\/?s={search_term_string}"},"query-input":{"@type":"PropertyValueSpecification","valueRequired":true,"valueName":"search_term_string"}}],"inLanguage":"pt-BR"},{"@type":"Person","@id":"https:\/\/mhcalculos.com.br\/noticias\/#\/schema\/person\/88d1c34bf72dc779ea14a5a6b8e0ae8d","name":"Equipe MH","image":{"@type":"ImageObject","inLanguage":"pt-BR","@id":"https:\/\/secure.gravatar.com\/avatar\/de1c686c2ecc9c5a3f327e3431d819eb39f8f05d4e1045f5a1caad6daaba987f?s=96&d=mm&r=g","url":"https:\/\/secure.gravatar.com\/avatar\/de1c686c2ecc9c5a3f327e3431d819eb39f8f05d4e1045f5a1caad6daaba987f?s=96&d=mm&r=g","contentUrl":"https:\/\/secure.gravatar.com\/avatar\/de1c686c2ecc9c5a3f327e3431d819eb39f8f05d4e1045f5a1caad6daaba987f?s=96&d=mm&r=g","caption":"Equipe MH"}}]}},"_links":{"self":[{"href":"https:\/\/mhcalculos.com.br\/noticias\/wp-json\/wp\/v2\/posts\/12413","targetHints":{"allow":["GET"]}}],"collection":[{"href":"https:\/\/mhcalculos.com.br\/noticias\/wp-json\/wp\/v2\/posts"}],"about":[{"href":"https:\/\/mhcalculos.com.br\/noticias\/wp-json\/wp\/v2\/types\/post"}],"author":[{"embeddable":true,"href":"https:\/\/mhcalculos.com.br\/noticias\/wp-json\/wp\/v2\/users\/3063"}],"replies":[{"embeddable":true,"href":"https:\/\/mhcalculos.com.br\/noticias\/wp-json\/wp\/v2\/comments?post=12413"}],"version-history":[{"count":0,"href":"https:\/\/mhcalculos.com.br\/noticias\/wp-json\/wp\/v2\/posts\/12413\/revisions"}],"wp:featuredmedia":[{"embeddable":true,"href":"https:\/\/mhcalculos.com.br\/noticias\/wp-json\/wp\/v2\/media\/12414"}],"wp:attachment":[{"href":"https:\/\/mhcalculos.com.br\/noticias\/wp-json\/wp\/v2\/media?parent=12413"}],"wp:term":[{"taxonomy":"category","embeddable":true,"href":"https:\/\/mhcalculos.com.br\/noticias\/wp-json\/wp\/v2\/categories?post=12413"},{"taxonomy":"post_tag","embeddable":true,"href":"https:\/\/mhcalculos.com.br\/noticias\/wp-json\/wp\/v2\/tags?post=12413"}],"curies":[{"name":"wp","href":"https:\/\/api.w.org\/{rel}","templated":true}]}}