{"id":12403,"date":"2023-06-19T18:44:00","date_gmt":"2023-06-19T21:44:00","guid":{"rendered":"https:\/\/mhcalculos.com.br\/noticias\/area\/trabalhista\/tst-sessao-publica-vai-analisar-recursos-contra-prova-objetiva-do-concurso-nacional-unificado-nesta-terca-20.html"},"modified":"2025-04-09T11:30:04","modified_gmt":"2025-04-09T14:30:04","slug":"tst-sessao-publica-vai-analisar-recursos-contra-prova-objetiva-do-concurso-nacional-unificado-nesta-terca-20","status":"publish","type":"post","link":"https:\/\/mhcalculos.com.br\/noticias\/area\/trabalhista\/tst-sessao-publica-vai-analisar-recursos-contra-prova-objetiva-do-concurso-nacional-unificado-nesta-terca-20.html","title":{"rendered":"TST: Sess\u00e3o p\u00fablica vai analisar recursos contra prova objetiva do Concurso Nacional Unificado nesta ter\u00e7a (20)"},"content":{"rendered":"\n<p>A sess\u00e3o est\u00e1 prevista para as 14h, com transmiss\u00e3o ao vivo pelo canal do CSJT no YouTube.<\/p>\n<p>19\/06\/23 &#8211; A Comiss\u00e3o Examinadora da Prova Objetiva Seletiva do <a href=\"http:\/\/www.csjt.jus.br\/web\/csjt\/cnu\" target=\"_blank\" rel=\"noopener\">2\u00ba Concurso P\u00fablico Nacional Unificado para ingresso na carreira da Magistratura do Trabalho <\/a>realiza, nesta ter\u00e7a-feira (20), sess\u00e3o p\u00fablica de julgamento dos recursos interpostos contra a prova. A sess\u00e3o ser\u00e1 presidida pelo ministro Hugo Scheuermann, presidente da Comiss\u00e3o Executiva Nacional do certame.<\/p>\n<p>A sess\u00e3o est\u00e1 prevista para as 14h, no Tribunal Superior do Trabalho (Audit\u00f3rio Ministro Mozart Victor Russomano, Bloco B, 5\u00ba andar). A presen\u00e7a de candidatos e candidatas \u00e9 facultativa, e todos poder\u00e3o acompanhar a transmiss\u00e3o, ao vivo, pelo Canal do Conselho Superior da Justi\u00e7a do Trabalho no YouTube.<\/p>\n<h4>Divulga\u00e7\u00e3o<\/h4>\n<p>O resultado dos recursos ser\u00e1 divulgado no <a href=\"https:\/\/conhecimento.fgv.br\/concursos\/csjt23\" target=\"_blank\" rel=\"noopener\">portal da Funda\u00e7\u00e3o Get\u00falio Vargas<\/a>, na quinta-feira (22). Mais de 8,7 mil pessoas realizaram a prova objetiva em 14 de maio.<\/p>\n<p>(Secom\/TST)<\/p>\n<p>Saiba mais:<\/p>\n<p>14\/5\/2023 &#8211; <a href=\"https:\/\/www.csjt.jus.br\/web\/csjt\/-\/prova-objetiva-do-2%C2%BA-concurso-nacional-da-magistratura-do-trabalho-foi-realizada-neste-domingo-14-\" target=\"_blank\" rel=\"noopener\">Prova objetiva do 2\u00ba Concurso Nacional da Magistratura do Trabalho foi realizada neste domingo (14)<\/a><\/p>\n<p><i>Com informa\u00e7\u00f5es da assessoria de imprensa do TST.<\/i><\/p>\n<p><a href=\"https:\/\/www.tst.jus.br\/web\/guest\/noticias?p_p_id=89Dk&amp;p_p_lifecycle=0&amp;refererPlid=10730&amp;_89Dk_groupId=10157&amp;_89Dk_articleId=31926056\">Fonte<\/a><\/p>\n\n","protected":false},"excerpt":{"rendered":"<p>A sess\u00e3o est\u00e1 prevista para as 14h, com transmiss\u00e3o ao vivo pelo canal do CSJT no YouTube. 19\/06\/23 &#8211; A Comiss\u00e3o Examinadora da Prova Objetiva Seletiva do 2\u00ba Concurso P\u00fablico Nacional Unificado para ingresso na carreira da Magistratura do Trabalho realiza, nesta ter\u00e7a-feira (20), sess\u00e3o p\u00fablica de julgamento dos recursos interpostos contra a prova. A [&hellip;]<\/p>\n","protected":false},"author":3063,"featured_media":12404,"comment_status":"open","ping_status":"open","sticky":false,"template":"","format":"standard","meta":{"footnotes":""},"categories":[3,21],"tags":[33,216,9,12,217,215],"class_list":{"0":"post-12403","1":"post","2":"type-post","3":"status-publish","4":"format-standard","5":"has-post-thumbnail","7":"category-trabalhista","8":"category-tst","9":"tag-calculos-trabalhistas","10":"tag-direito-trabalhista","11":"tag-pericia","12":"tag-perito","13":"tag-trabalho","14":"tag-tst"},"yoast_head":"<!-- This site is optimized with the Yoast SEO plugin v27.2 - https:\/\/yoast.com\/product\/yoast-seo-wordpress\/ -->\n<title>TST: Sess\u00e3o p\u00fablica vai analisar recursos contra prova objetiva do Concurso Nacional Unificado nesta ter\u00e7a (20) | Portal de Not\u00edcias<\/title>\n<meta name=\"robots\" content=\"index, follow, max-snippet:-1, max-image-preview:large, max-video-preview:-1\" \/>\n<link rel=\"canonical\" href=\"https:\/\/mhcalculos.com.br\/noticias\/area\/trabalhista\/tst-sessao-publica-vai-analisar-recursos-contra-prova-objetiva-do-concurso-nacional-unificado-nesta-terca-20.html\" \/>\n<meta property=\"og:locale\" content=\"pt_BR\" \/>\n<meta property=\"og:type\" content=\"article\" \/>\n<meta property=\"og:title\" content=\"TST: Sess\u00e3o p\u00fablica vai analisar recursos contra prova objetiva do Concurso Nacional Unificado nesta ter\u00e7a (20) | Portal de Not\u00edcias\" \/>\n<meta property=\"og:description\" content=\"A sess\u00e3o est\u00e1 prevista para as 14h, com transmiss\u00e3o ao vivo pelo canal do CSJT no YouTube. 19\/06\/23 &#8211; A Comiss\u00e3o Examinadora da Prova Objetiva Seletiva do 2\u00ba Concurso P\u00fablico Nacional Unificado para ingresso na carreira da Magistratura do Trabalho realiza, nesta ter\u00e7a-feira (20), sess\u00e3o p\u00fablica de julgamento dos recursos interpostos contra a prova. A [&hellip;]\" \/>\n<meta property=\"og:url\" content=\"https:\/\/mhcalculos.com.br\/noticias\/area\/trabalhista\/tst-sessao-publica-vai-analisar-recursos-contra-prova-objetiva-do-concurso-nacional-unificado-nesta-terca-20.html\" \/>\n<meta property=\"og:site_name\" content=\"Portal de Not\u00edcias\" \/>\n<meta property=\"article:published_time\" content=\"2023-06-19T21:44:00+00:00\" \/>\n<meta property=\"article:modified_time\" content=\"2025-04-09T14:30:04+00:00\" \/>\n<meta property=\"og:image\" content=\"https:\/\/mhcalculos.com.br\/noticias\/wp-content\/uploads\/sites\/2\/2023\/06\/judiciario-0010.jpg\" \/>\n\t<meta property=\"og:image:width\" content=\"2000\" \/>\n\t<meta property=\"og:image:height\" content=\"800\" \/>\n\t<meta property=\"og:image:type\" content=\"image\/jpeg\" \/>\n<meta name=\"author\" content=\"Equipe MH\" \/>\n<meta name=\"twitter:card\" content=\"summary_large_image\" \/>\n<meta name=\"twitter:label1\" content=\"Escrito por\" \/>\n\t<meta name=\"twitter:data1\" content=\"Equipe MH\" \/>\n\t<meta name=\"twitter:label2\" content=\"Est. tempo de leitura\" \/>\n\t<meta name=\"twitter:data2\" content=\"2 minutos\" \/>\n<script type=\"application\/ld+json\" class=\"yoast-schema-graph\">{\"@context\":\"https:\/\/schema.org\",\"@graph\":[{\"@type\":\"Article\",\"@id\":\"https:\/\/mhcalculos.com.br\/noticias\/area\/trabalhista\/tst-sessao-publica-vai-analisar-recursos-contra-prova-objetiva-do-concurso-nacional-unificado-nesta-terca-20.html#article\",\"isPartOf\":{\"@id\":\"https:\/\/mhcalculos.com.br\/noticias\/area\/trabalhista\/tst-sessao-publica-vai-analisar-recursos-contra-prova-objetiva-do-concurso-nacional-unificado-nesta-terca-20.html\"},\"author\":{\"name\":\"Equipe MH\",\"@id\":\"https:\/\/mhcalculos.com.br\/noticias\/#\/schema\/person\/88d1c34bf72dc779ea14a5a6b8e0ae8d\"},\"headline\":\"TST: Sess\u00e3o p\u00fablica vai analisar recursos contra prova objetiva do Concurso Nacional Unificado nesta ter\u00e7a (20)\",\"datePublished\":\"2023-06-19T21:44:00+00:00\",\"dateModified\":\"2025-04-09T14:30:04+00:00\",\"mainEntityOfPage\":{\"@id\":\"https:\/\/mhcalculos.com.br\/noticias\/area\/trabalhista\/tst-sessao-publica-vai-analisar-recursos-contra-prova-objetiva-do-concurso-nacional-unificado-nesta-terca-20.html\"},\"wordCount\":204,\"commentCount\":0,\"image\":{\"@id\":\"https:\/\/mhcalculos.com.br\/noticias\/area\/trabalhista\/tst-sessao-publica-vai-analisar-recursos-contra-prova-objetiva-do-concurso-nacional-unificado-nesta-terca-20.html#primaryimage\"},\"thumbnailUrl\":\"https:\/\/mhcalculos.com.br\/noticias\/wp-content\/uploads\/sites\/2\/2023\/06\/judiciario-0010.jpg\",\"keywords\":[\"c\u00e1lculos trabalhistas\",\"direito trabalhista\",\"per\u00edcia\",\"perito\",\"trabalho\",\"TST\"],\"articleSection\":[\"Direito Trabalhista\",\"TST\"],\"inLanguage\":\"pt-BR\",\"potentialAction\":[{\"@type\":\"CommentAction\",\"name\":\"Comment\",\"target\":[\"https:\/\/mhcalculos.com.br\/noticias\/area\/trabalhista\/tst-sessao-publica-vai-analisar-recursos-contra-prova-objetiva-do-concurso-nacional-unificado-nesta-terca-20.html#respond\"]}]},{\"@type\":\"WebPage\",\"@id\":\"https:\/\/mhcalculos.com.br\/noticias\/area\/trabalhista\/tst-sessao-publica-vai-analisar-recursos-contra-prova-objetiva-do-concurso-nacional-unificado-nesta-terca-20.html\",\"url\":\"https:\/\/mhcalculos.com.br\/noticias\/area\/trabalhista\/tst-sessao-publica-vai-analisar-recursos-contra-prova-objetiva-do-concurso-nacional-unificado-nesta-terca-20.html\",\"name\":\"TST: Sess\u00e3o p\u00fablica vai analisar recursos contra prova objetiva do Concurso Nacional Unificado nesta ter\u00e7a (20) | Portal de Not\u00edcias\",\"isPartOf\":{\"@id\":\"https:\/\/mhcalculos.com.br\/noticias\/#website\"},\"primaryImageOfPage\":{\"@id\":\"https:\/\/mhcalculos.com.br\/noticias\/area\/trabalhista\/tst-sessao-publica-vai-analisar-recursos-contra-prova-objetiva-do-concurso-nacional-unificado-nesta-terca-20.html#primaryimage\"},\"image\":{\"@id\":\"https:\/\/mhcalculos.com.br\/noticias\/area\/trabalhista\/tst-sessao-publica-vai-analisar-recursos-contra-prova-objetiva-do-concurso-nacional-unificado-nesta-terca-20.html#primaryimage\"},\"thumbnailUrl\":\"https:\/\/mhcalculos.com.br\/noticias\/wp-content\/uploads\/sites\/2\/2023\/06\/judiciario-0010.jpg\",\"datePublished\":\"2023-06-19T21:44:00+00:00\",\"dateModified\":\"2025-04-09T14:30:04+00:00\",\"author\":{\"@id\":\"https:\/\/mhcalculos.com.br\/noticias\/#\/schema\/person\/88d1c34bf72dc779ea14a5a6b8e0ae8d\"},\"breadcrumb\":{\"@id\":\"https:\/\/mhcalculos.com.br\/noticias\/area\/trabalhista\/tst-sessao-publica-vai-analisar-recursos-contra-prova-objetiva-do-concurso-nacional-unificado-nesta-terca-20.html#breadcrumb\"},\"inLanguage\":\"pt-BR\",\"potentialAction\":[{\"@type\":\"ReadAction\",\"target\":[\"https:\/\/mhcalculos.com.br\/noticias\/area\/trabalhista\/tst-sessao-publica-vai-analisar-recursos-contra-prova-objetiva-do-concurso-nacional-unificado-nesta-terca-20.html\"]}]},{\"@type\":\"ImageObject\",\"inLanguage\":\"pt-BR\",\"@id\":\"https:\/\/mhcalculos.com.br\/noticias\/area\/trabalhista\/tst-sessao-publica-vai-analisar-recursos-contra-prova-objetiva-do-concurso-nacional-unificado-nesta-terca-20.html#primaryimage\",\"url\":\"https:\/\/mhcalculos.com.br\/noticias\/wp-content\/uploads\/sites\/2\/2023\/06\/judiciario-0010.jpg\",\"contentUrl\":\"https:\/\/mhcalculos.com.br\/noticias\/wp-content\/uploads\/sites\/2\/2023\/06\/judiciario-0010.jpg\",\"width\":2000,\"height\":800},{\"@type\":\"BreadcrumbList\",\"@id\":\"https:\/\/mhcalculos.com.br\/noticias\/area\/trabalhista\/tst-sessao-publica-vai-analisar-recursos-contra-prova-objetiva-do-concurso-nacional-unificado-nesta-terca-20.html#breadcrumb\",\"itemListElement\":[{\"@type\":\"ListItem\",\"position\":1,\"name\":\"In\u00edcio\",\"item\":\"https:\/\/mhcalculos.com.br\/noticias\/\"},{\"@type\":\"ListItem\",\"position\":2,\"name\":\"TST: Sess\u00e3o p\u00fablica vai analisar recursos contra prova objetiva do Concurso Nacional Unificado nesta ter\u00e7a (20)\"}]},{\"@type\":\"WebSite\",\"@id\":\"https:\/\/mhcalculos.com.br\/noticias\/#website\",\"url\":\"https:\/\/mhcalculos.com.br\/noticias\/\",\"name\":\"Portal de Not\u00edcias\",\"description\":\"Not\u00edcias e Jurisprud\u00eancia\",\"potentialAction\":[{\"@type\":\"SearchAction\",\"target\":{\"@type\":\"EntryPoint\",\"urlTemplate\":\"https:\/\/mhcalculos.com.br\/noticias\/?s={search_term_string}\"},\"query-input\":{\"@type\":\"PropertyValueSpecification\",\"valueRequired\":true,\"valueName\":\"search_term_string\"}}],\"inLanguage\":\"pt-BR\"},{\"@type\":\"Person\",\"@id\":\"https:\/\/mhcalculos.com.br\/noticias\/#\/schema\/person\/88d1c34bf72dc779ea14a5a6b8e0ae8d\",\"name\":\"Equipe MH\",\"image\":{\"@type\":\"ImageObject\",\"inLanguage\":\"pt-BR\",\"@id\":\"https:\/\/secure.gravatar.com\/avatar\/de1c686c2ecc9c5a3f327e3431d819eb39f8f05d4e1045f5a1caad6daaba987f?s=96&d=mm&r=g\",\"url\":\"https:\/\/secure.gravatar.com\/avatar\/de1c686c2ecc9c5a3f327e3431d819eb39f8f05d4e1045f5a1caad6daaba987f?s=96&d=mm&r=g\",\"contentUrl\":\"https:\/\/secure.gravatar.com\/avatar\/de1c686c2ecc9c5a3f327e3431d819eb39f8f05d4e1045f5a1caad6daaba987f?s=96&d=mm&r=g\",\"caption\":\"Equipe MH\"}}]}<\/script>\n<!-- \/ Yoast SEO plugin. -->","yoast_head_json":{"title":"TST: Sess\u00e3o p\u00fablica vai analisar recursos contra prova objetiva do Concurso Nacional Unificado nesta ter\u00e7a (20) | Portal de Not\u00edcias","robots":{"index":"index","follow":"follow","max-snippet":"max-snippet:-1","max-image-preview":"max-image-preview:large","max-video-preview":"max-video-preview:-1"},"canonical":"https:\/\/mhcalculos.com.br\/noticias\/area\/trabalhista\/tst-sessao-publica-vai-analisar-recursos-contra-prova-objetiva-do-concurso-nacional-unificado-nesta-terca-20.html","og_locale":"pt_BR","og_type":"article","og_title":"TST: Sess\u00e3o p\u00fablica vai analisar recursos contra prova objetiva do Concurso Nacional Unificado nesta ter\u00e7a (20) | Portal de Not\u00edcias","og_description":"A sess\u00e3o est\u00e1 prevista para as 14h, com transmiss\u00e3o ao vivo pelo canal do CSJT no YouTube. 19\/06\/23 &#8211; A Comiss\u00e3o Examinadora da Prova Objetiva Seletiva do 2\u00ba Concurso P\u00fablico Nacional Unificado para ingresso na carreira da Magistratura do Trabalho realiza, nesta ter\u00e7a-feira (20), sess\u00e3o p\u00fablica de julgamento dos recursos interpostos contra a prova. A [&hellip;]","og_url":"https:\/\/mhcalculos.com.br\/noticias\/area\/trabalhista\/tst-sessao-publica-vai-analisar-recursos-contra-prova-objetiva-do-concurso-nacional-unificado-nesta-terca-20.html","og_site_name":"Portal de Not\u00edcias","article_published_time":"2023-06-19T21:44:00+00:00","article_modified_time":"2025-04-09T14:30:04+00:00","og_image":[{"width":2000,"height":800,"url":"https:\/\/mhcalculos.com.br\/noticias\/wp-content\/uploads\/sites\/2\/2023\/06\/judiciario-0010.jpg","type":"image\/jpeg"}],"author":"Equipe MH","twitter_card":"summary_large_image","twitter_misc":{"Escrito por":"Equipe MH","Est. tempo de leitura":"2 minutos"},"schema":{"@context":"https:\/\/schema.org","@graph":[{"@type":"Article","@id":"https:\/\/mhcalculos.com.br\/noticias\/area\/trabalhista\/tst-sessao-publica-vai-analisar-recursos-contra-prova-objetiva-do-concurso-nacional-unificado-nesta-terca-20.html#article","isPartOf":{"@id":"https:\/\/mhcalculos.com.br\/noticias\/area\/trabalhista\/tst-sessao-publica-vai-analisar-recursos-contra-prova-objetiva-do-concurso-nacional-unificado-nesta-terca-20.html"},"author":{"name":"Equipe MH","@id":"https:\/\/mhcalculos.com.br\/noticias\/#\/schema\/person\/88d1c34bf72dc779ea14a5a6b8e0ae8d"},"headline":"TST: Sess\u00e3o p\u00fablica vai analisar recursos contra prova objetiva do Concurso Nacional Unificado nesta ter\u00e7a (20)","datePublished":"2023-06-19T21:44:00+00:00","dateModified":"2025-04-09T14:30:04+00:00","mainEntityOfPage":{"@id":"https:\/\/mhcalculos.com.br\/noticias\/area\/trabalhista\/tst-sessao-publica-vai-analisar-recursos-contra-prova-objetiva-do-concurso-nacional-unificado-nesta-terca-20.html"},"wordCount":204,"commentCount":0,"image":{"@id":"https:\/\/mhcalculos.com.br\/noticias\/area\/trabalhista\/tst-sessao-publica-vai-analisar-recursos-contra-prova-objetiva-do-concurso-nacional-unificado-nesta-terca-20.html#primaryimage"},"thumbnailUrl":"https:\/\/mhcalculos.com.br\/noticias\/wp-content\/uploads\/sites\/2\/2023\/06\/judiciario-0010.jpg","keywords":["c\u00e1lculos trabalhistas","direito trabalhista","per\u00edcia","perito","trabalho","TST"],"articleSection":["Direito Trabalhista","TST"],"inLanguage":"pt-BR","potentialAction":[{"@type":"CommentAction","name":"Comment","target":["https:\/\/mhcalculos.com.br\/noticias\/area\/trabalhista\/tst-sessao-publica-vai-analisar-recursos-contra-prova-objetiva-do-concurso-nacional-unificado-nesta-terca-20.html#respond"]}]},{"@type":"WebPage","@id":"https:\/\/mhcalculos.com.br\/noticias\/area\/trabalhista\/tst-sessao-publica-vai-analisar-recursos-contra-prova-objetiva-do-concurso-nacional-unificado-nesta-terca-20.html","url":"https:\/\/mhcalculos.com.br\/noticias\/area\/trabalhista\/tst-sessao-publica-vai-analisar-recursos-contra-prova-objetiva-do-concurso-nacional-unificado-nesta-terca-20.html","name":"TST: Sess\u00e3o p\u00fablica vai analisar recursos contra prova objetiva do Concurso Nacional Unificado nesta ter\u00e7a (20) | Portal de Not\u00edcias","isPartOf":{"@id":"https:\/\/mhcalculos.com.br\/noticias\/#website"},"primaryImageOfPage":{"@id":"https:\/\/mhcalculos.com.br\/noticias\/area\/trabalhista\/tst-sessao-publica-vai-analisar-recursos-contra-prova-objetiva-do-concurso-nacional-unificado-nesta-terca-20.html#primaryimage"},"image":{"@id":"https:\/\/mhcalculos.com.br\/noticias\/area\/trabalhista\/tst-sessao-publica-vai-analisar-recursos-contra-prova-objetiva-do-concurso-nacional-unificado-nesta-terca-20.html#primaryimage"},"thumbnailUrl":"https:\/\/mhcalculos.com.br\/noticias\/wp-content\/uploads\/sites\/2\/2023\/06\/judiciario-0010.jpg","datePublished":"2023-06-19T21:44:00+00:00","dateModified":"2025-04-09T14:30:04+00:00","author":{"@id":"https:\/\/mhcalculos.com.br\/noticias\/#\/schema\/person\/88d1c34bf72dc779ea14a5a6b8e0ae8d"},"breadcrumb":{"@id":"https:\/\/mhcalculos.com.br\/noticias\/area\/trabalhista\/tst-sessao-publica-vai-analisar-recursos-contra-prova-objetiva-do-concurso-nacional-unificado-nesta-terca-20.html#breadcrumb"},"inLanguage":"pt-BR","potentialAction":[{"@type":"ReadAction","target":["https:\/\/mhcalculos.com.br\/noticias\/area\/trabalhista\/tst-sessao-publica-vai-analisar-recursos-contra-prova-objetiva-do-concurso-nacional-unificado-nesta-terca-20.html"]}]},{"@type":"ImageObject","inLanguage":"pt-BR","@id":"https:\/\/mhcalculos.com.br\/noticias\/area\/trabalhista\/tst-sessao-publica-vai-analisar-recursos-contra-prova-objetiva-do-concurso-nacional-unificado-nesta-terca-20.html#primaryimage","url":"https:\/\/mhcalculos.com.br\/noticias\/wp-content\/uploads\/sites\/2\/2023\/06\/judiciario-0010.jpg","contentUrl":"https:\/\/mhcalculos.com.br\/noticias\/wp-content\/uploads\/sites\/2\/2023\/06\/judiciario-0010.jpg","width":2000,"height":800},{"@type":"BreadcrumbList","@id":"https:\/\/mhcalculos.com.br\/noticias\/area\/trabalhista\/tst-sessao-publica-vai-analisar-recursos-contra-prova-objetiva-do-concurso-nacional-unificado-nesta-terca-20.html#breadcrumb","itemListElement":[{"@type":"ListItem","position":1,"name":"In\u00edcio","item":"https:\/\/mhcalculos.com.br\/noticias\/"},{"@type":"ListItem","position":2,"name":"TST: Sess\u00e3o p\u00fablica vai analisar recursos contra prova objetiva do Concurso Nacional Unificado nesta ter\u00e7a (20)"}]},{"@type":"WebSite","@id":"https:\/\/mhcalculos.com.br\/noticias\/#website","url":"https:\/\/mhcalculos.com.br\/noticias\/","name":"Portal de Not\u00edcias","description":"Not\u00edcias e Jurisprud\u00eancia","potentialAction":[{"@type":"SearchAction","target":{"@type":"EntryPoint","urlTemplate":"https:\/\/mhcalculos.com.br\/noticias\/?s={search_term_string}"},"query-input":{"@type":"PropertyValueSpecification","valueRequired":true,"valueName":"search_term_string"}}],"inLanguage":"pt-BR"},{"@type":"Person","@id":"https:\/\/mhcalculos.com.br\/noticias\/#\/schema\/person\/88d1c34bf72dc779ea14a5a6b8e0ae8d","name":"Equipe MH","image":{"@type":"ImageObject","inLanguage":"pt-BR","@id":"https:\/\/secure.gravatar.com\/avatar\/de1c686c2ecc9c5a3f327e3431d819eb39f8f05d4e1045f5a1caad6daaba987f?s=96&d=mm&r=g","url":"https:\/\/secure.gravatar.com\/avatar\/de1c686c2ecc9c5a3f327e3431d819eb39f8f05d4e1045f5a1caad6daaba987f?s=96&d=mm&r=g","contentUrl":"https:\/\/secure.gravatar.com\/avatar\/de1c686c2ecc9c5a3f327e3431d819eb39f8f05d4e1045f5a1caad6daaba987f?s=96&d=mm&r=g","caption":"Equipe MH"}}]}},"_links":{"self":[{"href":"https:\/\/mhcalculos.com.br\/noticias\/wp-json\/wp\/v2\/posts\/12403","targetHints":{"allow":["GET"]}}],"collection":[{"href":"https:\/\/mhcalculos.com.br\/noticias\/wp-json\/wp\/v2\/posts"}],"about":[{"href":"https:\/\/mhcalculos.com.br\/noticias\/wp-json\/wp\/v2\/types\/post"}],"author":[{"embeddable":true,"href":"https:\/\/mhcalculos.com.br\/noticias\/wp-json\/wp\/v2\/users\/3063"}],"replies":[{"embeddable":true,"href":"https:\/\/mhcalculos.com.br\/noticias\/wp-json\/wp\/v2\/comments?post=12403"}],"version-history":[{"count":2,"href":"https:\/\/mhcalculos.com.br\/noticias\/wp-json\/wp\/v2\/posts\/12403\/revisions"}],"predecessor-version":[{"id":13691,"href":"https:\/\/mhcalculos.com.br\/noticias\/wp-json\/wp\/v2\/posts\/12403\/revisions\/13691"}],"wp:featuredmedia":[{"embeddable":true,"href":"https:\/\/mhcalculos.com.br\/noticias\/wp-json\/wp\/v2\/media\/12404"}],"wp:attachment":[{"href":"https:\/\/mhcalculos.com.br\/noticias\/wp-json\/wp\/v2\/media?parent=12403"}],"wp:term":[{"taxonomy":"category","embeddable":true,"href":"https:\/\/mhcalculos.com.br\/noticias\/wp-json\/wp\/v2\/categories?post=12403"},{"taxonomy":"post_tag","embeddable":true,"href":"https:\/\/mhcalculos.com.br\/noticias\/wp-json\/wp\/v2\/tags?post=12403"}],"curies":[{"name":"wp","href":"https:\/\/api.w.org\/{rel}","templated":true}]}}