{"id":12377,"date":"2023-06-13T20:05:00","date_gmt":"2023-06-13T23:05:00","guid":{"rendered":"https:\/\/mhcalculos.com.br\/noticias\/area\/trabalhista\/tst-trabalho-infantil-ministros-do-tribunal-se-reunem-com-nobel-da-paz-em-genebra.html"},"modified":"2025-04-09T11:34:26","modified_gmt":"2025-04-09T14:34:26","slug":"tst-trabalho-infantil-ministros-do-tribunal-se-reunem-com-nobel-da-paz-em-genebra","status":"publish","type":"post","link":"https:\/\/mhcalculos.com.br\/noticias\/area\/trabalhista\/tst-trabalho-infantil-ministros-do-tribunal-se-reunem-com-nobel-da-paz-em-genebra.html","title":{"rendered":"TST: Trabalho infantil: ministros do Tribunal&nbsp;se re\u00fanem com Nobel da Paz em Genebra"},"content":{"rendered":"\n<p>Kailash Satyarthi discursou na 111\u00aa Confer\u00eancia Internacional do Trabalho<\/p>\n<p>13\/06\/23 &#8211;\u00a0O presidente do Tribunal Superior do Trabalho, ministro Lelio Bentes Corr\u00eaa, e os ministros Alberto Balazeiro e Evandro Valad\u00e3o\u00a0se encontraram, nesta segunda-feira (12), com o indiano Kailash Satyarthi, Pr\u00eamio Nobel da Paz de 2014. No Dia Mundial de combate ao Trabalho Infantil, Satyarthi, em discurso na 111\u00aa Confer\u00eancia Internacional do Trabalho (CIT), Genebra, na Su\u00ed\u00e7a, fez um apelo \u00e0 import\u00e2ncia desse combate como uma das balizas para se alcan\u00e7ar a justi\u00e7a social \u2014 principal pilar da confer\u00eancia deste ano, conforme defendido pelo atual diretor-geral da Organiza\u00e7\u00e3o Internacional do Trabalho (OIT), Gilbert F. Houngbo.<\/p>\n<p>O ativista indiano est\u00e1 \u00e0 frente do combate ao trabalho e \u00e0 escravid\u00e3o infantil desde 1980, quando fundou o Movimento Salve a Inf\u00e2ncia, que ajudou a libertar da explora\u00e7\u00e3o mais de 85 mil crian\u00e7as na \u00cdndia, por meio da educa\u00e7\u00e3o e da reabilita\u00e7\u00e3o. Os tr\u00eas ministros do TST comp\u00f5em a delega\u00e7\u00e3o brasileira na CIT.<\/p>\n<p>(Carmem Feij\u00f3)<\/p>\n<p><i>Com informa\u00e7\u00f5es da assessoria de imprensa do TST.<\/i><\/p>\n<p><a href=\"https:\/\/www.tst.jus.br\/web\/guest\/noticias?p_p_id=89Dk&amp;p_p_lifecycle=0&amp;refererPlid=10730&amp;_89Dk_groupId=10157&amp;_89Dk_articleId=31919528\">Fonte<\/a><\/p>\n\n","protected":false},"excerpt":{"rendered":"<p>Kailash Satyarthi discursou na 111\u00aa Confer\u00eancia Internacional do Trabalho 13\/06\/23 &#8211;\u00a0O presidente do Tribunal Superior do Trabalho, ministro Lelio Bentes Corr\u00eaa, e os ministros Alberto Balazeiro e Evandro Valad\u00e3o\u00a0se encontraram, nesta segunda-feira (12), com o indiano Kailash Satyarthi, Pr\u00eamio Nobel da Paz de 2014. No Dia Mundial de combate ao Trabalho Infantil, Satyarthi, em discurso [&hellip;]<\/p>\n","protected":false},"author":3063,"featured_media":12378,"comment_status":"open","ping_status":"open","sticky":false,"template":"","format":"standard","meta":{"footnotes":""},"categories":[3,21],"tags":[33,216,9,12,217,215],"class_list":{"0":"post-12377","1":"post","2":"type-post","3":"status-publish","4":"format-standard","5":"has-post-thumbnail","7":"category-trabalhista","8":"category-tst","9":"tag-calculos-trabalhistas","10":"tag-direito-trabalhista","11":"tag-pericia","12":"tag-perito","13":"tag-trabalho","14":"tag-tst"},"yoast_head":"<!-- This site is optimized with the Yoast SEO plugin v27.2 - https:\/\/yoast.com\/product\/yoast-seo-wordpress\/ -->\n<title>TST: Trabalho infantil: ministros do Tribunal&nbsp;se re\u00fanem com Nobel da Paz em Genebra | Portal de Not\u00edcias<\/title>\n<meta name=\"robots\" content=\"index, follow, max-snippet:-1, max-image-preview:large, max-video-preview:-1\" \/>\n<link rel=\"canonical\" href=\"https:\/\/mhcalculos.com.br\/noticias\/area\/trabalhista\/tst-trabalho-infantil-ministros-do-tribunal-se-reunem-com-nobel-da-paz-em-genebra.html\" \/>\n<meta property=\"og:locale\" content=\"pt_BR\" \/>\n<meta property=\"og:type\" content=\"article\" \/>\n<meta property=\"og:title\" content=\"TST: Trabalho infantil: ministros do Tribunal&nbsp;se re\u00fanem com Nobel da Paz em Genebra | Portal de Not\u00edcias\" \/>\n<meta property=\"og:description\" content=\"Kailash Satyarthi discursou na 111\u00aa Confer\u00eancia Internacional do Trabalho 13\/06\/23 &#8211;\u00a0O presidente do Tribunal Superior do Trabalho, ministro Lelio Bentes Corr\u00eaa, e os ministros Alberto Balazeiro e Evandro Valad\u00e3o\u00a0se encontraram, nesta segunda-feira (12), com o indiano Kailash Satyarthi, Pr\u00eamio Nobel da Paz de 2014. No Dia Mundial de combate ao Trabalho Infantil, Satyarthi, em discurso [&hellip;]\" \/>\n<meta property=\"og:url\" content=\"https:\/\/mhcalculos.com.br\/noticias\/area\/trabalhista\/tst-trabalho-infantil-ministros-do-tribunal-se-reunem-com-nobel-da-paz-em-genebra.html\" \/>\n<meta property=\"og:site_name\" content=\"Portal de Not\u00edcias\" \/>\n<meta property=\"article:published_time\" content=\"2023-06-13T23:05:00+00:00\" \/>\n<meta property=\"article:modified_time\" content=\"2025-04-09T14:34:26+00:00\" \/>\n<meta property=\"og:image\" content=\"https:\/\/mhcalculos.com.br\/noticias\/wp-content\/uploads\/sites\/2\/2023\/06\/judiciario-0026.jpg\" \/>\n\t<meta property=\"og:image:width\" content=\"2000\" \/>\n\t<meta property=\"og:image:height\" content=\"800\" \/>\n\t<meta property=\"og:image:type\" content=\"image\/jpeg\" \/>\n<meta name=\"author\" content=\"Equipe MH\" \/>\n<meta name=\"twitter:card\" content=\"summary_large_image\" \/>\n<meta name=\"twitter:label1\" content=\"Escrito por\" \/>\n\t<meta name=\"twitter:data1\" content=\"Equipe MH\" \/>\n\t<meta name=\"twitter:label2\" content=\"Est. tempo de leitura\" \/>\n\t<meta name=\"twitter:data2\" content=\"2 minutos\" \/>\n<script type=\"application\/ld+json\" class=\"yoast-schema-graph\">{\"@context\":\"https:\/\/schema.org\",\"@graph\":[{\"@type\":\"Article\",\"@id\":\"https:\/\/mhcalculos.com.br\/noticias\/area\/trabalhista\/tst-trabalho-infantil-ministros-do-tribunal-se-reunem-com-nobel-da-paz-em-genebra.html#article\",\"isPartOf\":{\"@id\":\"https:\/\/mhcalculos.com.br\/noticias\/area\/trabalhista\/tst-trabalho-infantil-ministros-do-tribunal-se-reunem-com-nobel-da-paz-em-genebra.html\"},\"author\":{\"name\":\"Equipe MH\",\"@id\":\"https:\/\/mhcalculos.com.br\/noticias\/#\/schema\/person\/88d1c34bf72dc779ea14a5a6b8e0ae8d\"},\"headline\":\"TST: Trabalho infantil: ministros do Tribunal&nbsp;se re\u00fanem com Nobel da Paz em Genebra\",\"datePublished\":\"2023-06-13T23:05:00+00:00\",\"dateModified\":\"2025-04-09T14:34:26+00:00\",\"mainEntityOfPage\":{\"@id\":\"https:\/\/mhcalculos.com.br\/noticias\/area\/trabalhista\/tst-trabalho-infantil-ministros-do-tribunal-se-reunem-com-nobel-da-paz-em-genebra.html\"},\"wordCount\":198,\"commentCount\":0,\"image\":{\"@id\":\"https:\/\/mhcalculos.com.br\/noticias\/area\/trabalhista\/tst-trabalho-infantil-ministros-do-tribunal-se-reunem-com-nobel-da-paz-em-genebra.html#primaryimage\"},\"thumbnailUrl\":\"https:\/\/mhcalculos.com.br\/noticias\/wp-content\/uploads\/sites\/2\/2023\/06\/judiciario-0026.jpg\",\"keywords\":[\"c\u00e1lculos trabalhistas\",\"direito trabalhista\",\"per\u00edcia\",\"perito\",\"trabalho\",\"TST\"],\"articleSection\":[\"Direito Trabalhista\",\"TST\"],\"inLanguage\":\"pt-BR\",\"potentialAction\":[{\"@type\":\"CommentAction\",\"name\":\"Comment\",\"target\":[\"https:\/\/mhcalculos.com.br\/noticias\/area\/trabalhista\/tst-trabalho-infantil-ministros-do-tribunal-se-reunem-com-nobel-da-paz-em-genebra.html#respond\"]}]},{\"@type\":\"WebPage\",\"@id\":\"https:\/\/mhcalculos.com.br\/noticias\/area\/trabalhista\/tst-trabalho-infantil-ministros-do-tribunal-se-reunem-com-nobel-da-paz-em-genebra.html\",\"url\":\"https:\/\/mhcalculos.com.br\/noticias\/area\/trabalhista\/tst-trabalho-infantil-ministros-do-tribunal-se-reunem-com-nobel-da-paz-em-genebra.html\",\"name\":\"TST: Trabalho infantil: ministros do Tribunal&nbsp;se re\u00fanem com Nobel da Paz em Genebra | Portal de Not\u00edcias\",\"isPartOf\":{\"@id\":\"https:\/\/mhcalculos.com.br\/noticias\/#website\"},\"primaryImageOfPage\":{\"@id\":\"https:\/\/mhcalculos.com.br\/noticias\/area\/trabalhista\/tst-trabalho-infantil-ministros-do-tribunal-se-reunem-com-nobel-da-paz-em-genebra.html#primaryimage\"},\"image\":{\"@id\":\"https:\/\/mhcalculos.com.br\/noticias\/area\/trabalhista\/tst-trabalho-infantil-ministros-do-tribunal-se-reunem-com-nobel-da-paz-em-genebra.html#primaryimage\"},\"thumbnailUrl\":\"https:\/\/mhcalculos.com.br\/noticias\/wp-content\/uploads\/sites\/2\/2023\/06\/judiciario-0026.jpg\",\"datePublished\":\"2023-06-13T23:05:00+00:00\",\"dateModified\":\"2025-04-09T14:34:26+00:00\",\"author\":{\"@id\":\"https:\/\/mhcalculos.com.br\/noticias\/#\/schema\/person\/88d1c34bf72dc779ea14a5a6b8e0ae8d\"},\"breadcrumb\":{\"@id\":\"https:\/\/mhcalculos.com.br\/noticias\/area\/trabalhista\/tst-trabalho-infantil-ministros-do-tribunal-se-reunem-com-nobel-da-paz-em-genebra.html#breadcrumb\"},\"inLanguage\":\"pt-BR\",\"potentialAction\":[{\"@type\":\"ReadAction\",\"target\":[\"https:\/\/mhcalculos.com.br\/noticias\/area\/trabalhista\/tst-trabalho-infantil-ministros-do-tribunal-se-reunem-com-nobel-da-paz-em-genebra.html\"]}]},{\"@type\":\"ImageObject\",\"inLanguage\":\"pt-BR\",\"@id\":\"https:\/\/mhcalculos.com.br\/noticias\/area\/trabalhista\/tst-trabalho-infantil-ministros-do-tribunal-se-reunem-com-nobel-da-paz-em-genebra.html#primaryimage\",\"url\":\"https:\/\/mhcalculos.com.br\/noticias\/wp-content\/uploads\/sites\/2\/2023\/06\/judiciario-0026.jpg\",\"contentUrl\":\"https:\/\/mhcalculos.com.br\/noticias\/wp-content\/uploads\/sites\/2\/2023\/06\/judiciario-0026.jpg\",\"width\":2000,\"height\":800},{\"@type\":\"BreadcrumbList\",\"@id\":\"https:\/\/mhcalculos.com.br\/noticias\/area\/trabalhista\/tst-trabalho-infantil-ministros-do-tribunal-se-reunem-com-nobel-da-paz-em-genebra.html#breadcrumb\",\"itemListElement\":[{\"@type\":\"ListItem\",\"position\":1,\"name\":\"In\u00edcio\",\"item\":\"https:\/\/mhcalculos.com.br\/noticias\/\"},{\"@type\":\"ListItem\",\"position\":2,\"name\":\"TST: Trabalho infantil: ministros do Tribunal&nbsp;se re\u00fanem com Nobel da Paz em Genebra\"}]},{\"@type\":\"WebSite\",\"@id\":\"https:\/\/mhcalculos.com.br\/noticias\/#website\",\"url\":\"https:\/\/mhcalculos.com.br\/noticias\/\",\"name\":\"Portal de Not\u00edcias\",\"description\":\"Not\u00edcias e Jurisprud\u00eancia\",\"potentialAction\":[{\"@type\":\"SearchAction\",\"target\":{\"@type\":\"EntryPoint\",\"urlTemplate\":\"https:\/\/mhcalculos.com.br\/noticias\/?s={search_term_string}\"},\"query-input\":{\"@type\":\"PropertyValueSpecification\",\"valueRequired\":true,\"valueName\":\"search_term_string\"}}],\"inLanguage\":\"pt-BR\"},{\"@type\":\"Person\",\"@id\":\"https:\/\/mhcalculos.com.br\/noticias\/#\/schema\/person\/88d1c34bf72dc779ea14a5a6b8e0ae8d\",\"name\":\"Equipe MH\",\"image\":{\"@type\":\"ImageObject\",\"inLanguage\":\"pt-BR\",\"@id\":\"https:\/\/secure.gravatar.com\/avatar\/de1c686c2ecc9c5a3f327e3431d819eb39f8f05d4e1045f5a1caad6daaba987f?s=96&d=mm&r=g\",\"url\":\"https:\/\/secure.gravatar.com\/avatar\/de1c686c2ecc9c5a3f327e3431d819eb39f8f05d4e1045f5a1caad6daaba987f?s=96&d=mm&r=g\",\"contentUrl\":\"https:\/\/secure.gravatar.com\/avatar\/de1c686c2ecc9c5a3f327e3431d819eb39f8f05d4e1045f5a1caad6daaba987f?s=96&d=mm&r=g\",\"caption\":\"Equipe MH\"}}]}<\/script>\n<!-- \/ Yoast SEO plugin. -->","yoast_head_json":{"title":"TST: Trabalho infantil: ministros do Tribunal&nbsp;se re\u00fanem com Nobel da Paz em Genebra | Portal de Not\u00edcias","robots":{"index":"index","follow":"follow","max-snippet":"max-snippet:-1","max-image-preview":"max-image-preview:large","max-video-preview":"max-video-preview:-1"},"canonical":"https:\/\/mhcalculos.com.br\/noticias\/area\/trabalhista\/tst-trabalho-infantil-ministros-do-tribunal-se-reunem-com-nobel-da-paz-em-genebra.html","og_locale":"pt_BR","og_type":"article","og_title":"TST: Trabalho infantil: ministros do Tribunal&nbsp;se re\u00fanem com Nobel da Paz em Genebra | Portal de Not\u00edcias","og_description":"Kailash Satyarthi discursou na 111\u00aa Confer\u00eancia Internacional do Trabalho 13\/06\/23 &#8211;\u00a0O presidente do Tribunal Superior do Trabalho, ministro Lelio Bentes Corr\u00eaa, e os ministros Alberto Balazeiro e Evandro Valad\u00e3o\u00a0se encontraram, nesta segunda-feira (12), com o indiano Kailash Satyarthi, Pr\u00eamio Nobel da Paz de 2014. No Dia Mundial de combate ao Trabalho Infantil, Satyarthi, em discurso [&hellip;]","og_url":"https:\/\/mhcalculos.com.br\/noticias\/area\/trabalhista\/tst-trabalho-infantil-ministros-do-tribunal-se-reunem-com-nobel-da-paz-em-genebra.html","og_site_name":"Portal de Not\u00edcias","article_published_time":"2023-06-13T23:05:00+00:00","article_modified_time":"2025-04-09T14:34:26+00:00","og_image":[{"width":2000,"height":800,"url":"https:\/\/mhcalculos.com.br\/noticias\/wp-content\/uploads\/sites\/2\/2023\/06\/judiciario-0026.jpg","type":"image\/jpeg"}],"author":"Equipe MH","twitter_card":"summary_large_image","twitter_misc":{"Escrito por":"Equipe MH","Est. tempo de leitura":"2 minutos"},"schema":{"@context":"https:\/\/schema.org","@graph":[{"@type":"Article","@id":"https:\/\/mhcalculos.com.br\/noticias\/area\/trabalhista\/tst-trabalho-infantil-ministros-do-tribunal-se-reunem-com-nobel-da-paz-em-genebra.html#article","isPartOf":{"@id":"https:\/\/mhcalculos.com.br\/noticias\/area\/trabalhista\/tst-trabalho-infantil-ministros-do-tribunal-se-reunem-com-nobel-da-paz-em-genebra.html"},"author":{"name":"Equipe MH","@id":"https:\/\/mhcalculos.com.br\/noticias\/#\/schema\/person\/88d1c34bf72dc779ea14a5a6b8e0ae8d"},"headline":"TST: Trabalho infantil: ministros do Tribunal&nbsp;se re\u00fanem com Nobel da Paz em Genebra","datePublished":"2023-06-13T23:05:00+00:00","dateModified":"2025-04-09T14:34:26+00:00","mainEntityOfPage":{"@id":"https:\/\/mhcalculos.com.br\/noticias\/area\/trabalhista\/tst-trabalho-infantil-ministros-do-tribunal-se-reunem-com-nobel-da-paz-em-genebra.html"},"wordCount":198,"commentCount":0,"image":{"@id":"https:\/\/mhcalculos.com.br\/noticias\/area\/trabalhista\/tst-trabalho-infantil-ministros-do-tribunal-se-reunem-com-nobel-da-paz-em-genebra.html#primaryimage"},"thumbnailUrl":"https:\/\/mhcalculos.com.br\/noticias\/wp-content\/uploads\/sites\/2\/2023\/06\/judiciario-0026.jpg","keywords":["c\u00e1lculos trabalhistas","direito trabalhista","per\u00edcia","perito","trabalho","TST"],"articleSection":["Direito Trabalhista","TST"],"inLanguage":"pt-BR","potentialAction":[{"@type":"CommentAction","name":"Comment","target":["https:\/\/mhcalculos.com.br\/noticias\/area\/trabalhista\/tst-trabalho-infantil-ministros-do-tribunal-se-reunem-com-nobel-da-paz-em-genebra.html#respond"]}]},{"@type":"WebPage","@id":"https:\/\/mhcalculos.com.br\/noticias\/area\/trabalhista\/tst-trabalho-infantil-ministros-do-tribunal-se-reunem-com-nobel-da-paz-em-genebra.html","url":"https:\/\/mhcalculos.com.br\/noticias\/area\/trabalhista\/tst-trabalho-infantil-ministros-do-tribunal-se-reunem-com-nobel-da-paz-em-genebra.html","name":"TST: Trabalho infantil: ministros do Tribunal&nbsp;se re\u00fanem com Nobel da Paz em Genebra | Portal de Not\u00edcias","isPartOf":{"@id":"https:\/\/mhcalculos.com.br\/noticias\/#website"},"primaryImageOfPage":{"@id":"https:\/\/mhcalculos.com.br\/noticias\/area\/trabalhista\/tst-trabalho-infantil-ministros-do-tribunal-se-reunem-com-nobel-da-paz-em-genebra.html#primaryimage"},"image":{"@id":"https:\/\/mhcalculos.com.br\/noticias\/area\/trabalhista\/tst-trabalho-infantil-ministros-do-tribunal-se-reunem-com-nobel-da-paz-em-genebra.html#primaryimage"},"thumbnailUrl":"https:\/\/mhcalculos.com.br\/noticias\/wp-content\/uploads\/sites\/2\/2023\/06\/judiciario-0026.jpg","datePublished":"2023-06-13T23:05:00+00:00","dateModified":"2025-04-09T14:34:26+00:00","author":{"@id":"https:\/\/mhcalculos.com.br\/noticias\/#\/schema\/person\/88d1c34bf72dc779ea14a5a6b8e0ae8d"},"breadcrumb":{"@id":"https:\/\/mhcalculos.com.br\/noticias\/area\/trabalhista\/tst-trabalho-infantil-ministros-do-tribunal-se-reunem-com-nobel-da-paz-em-genebra.html#breadcrumb"},"inLanguage":"pt-BR","potentialAction":[{"@type":"ReadAction","target":["https:\/\/mhcalculos.com.br\/noticias\/area\/trabalhista\/tst-trabalho-infantil-ministros-do-tribunal-se-reunem-com-nobel-da-paz-em-genebra.html"]}]},{"@type":"ImageObject","inLanguage":"pt-BR","@id":"https:\/\/mhcalculos.com.br\/noticias\/area\/trabalhista\/tst-trabalho-infantil-ministros-do-tribunal-se-reunem-com-nobel-da-paz-em-genebra.html#primaryimage","url":"https:\/\/mhcalculos.com.br\/noticias\/wp-content\/uploads\/sites\/2\/2023\/06\/judiciario-0026.jpg","contentUrl":"https:\/\/mhcalculos.com.br\/noticias\/wp-content\/uploads\/sites\/2\/2023\/06\/judiciario-0026.jpg","width":2000,"height":800},{"@type":"BreadcrumbList","@id":"https:\/\/mhcalculos.com.br\/noticias\/area\/trabalhista\/tst-trabalho-infantil-ministros-do-tribunal-se-reunem-com-nobel-da-paz-em-genebra.html#breadcrumb","itemListElement":[{"@type":"ListItem","position":1,"name":"In\u00edcio","item":"https:\/\/mhcalculos.com.br\/noticias\/"},{"@type":"ListItem","position":2,"name":"TST: Trabalho infantil: ministros do Tribunal&nbsp;se re\u00fanem com Nobel da Paz em Genebra"}]},{"@type":"WebSite","@id":"https:\/\/mhcalculos.com.br\/noticias\/#website","url":"https:\/\/mhcalculos.com.br\/noticias\/","name":"Portal de Not\u00edcias","description":"Not\u00edcias e Jurisprud\u00eancia","potentialAction":[{"@type":"SearchAction","target":{"@type":"EntryPoint","urlTemplate":"https:\/\/mhcalculos.com.br\/noticias\/?s={search_term_string}"},"query-input":{"@type":"PropertyValueSpecification","valueRequired":true,"valueName":"search_term_string"}}],"inLanguage":"pt-BR"},{"@type":"Person","@id":"https:\/\/mhcalculos.com.br\/noticias\/#\/schema\/person\/88d1c34bf72dc779ea14a5a6b8e0ae8d","name":"Equipe MH","image":{"@type":"ImageObject","inLanguage":"pt-BR","@id":"https:\/\/secure.gravatar.com\/avatar\/de1c686c2ecc9c5a3f327e3431d819eb39f8f05d4e1045f5a1caad6daaba987f?s=96&d=mm&r=g","url":"https:\/\/secure.gravatar.com\/avatar\/de1c686c2ecc9c5a3f327e3431d819eb39f8f05d4e1045f5a1caad6daaba987f?s=96&d=mm&r=g","contentUrl":"https:\/\/secure.gravatar.com\/avatar\/de1c686c2ecc9c5a3f327e3431d819eb39f8f05d4e1045f5a1caad6daaba987f?s=96&d=mm&r=g","caption":"Equipe MH"}}]}},"_links":{"self":[{"href":"https:\/\/mhcalculos.com.br\/noticias\/wp-json\/wp\/v2\/posts\/12377","targetHints":{"allow":["GET"]}}],"collection":[{"href":"https:\/\/mhcalculos.com.br\/noticias\/wp-json\/wp\/v2\/posts"}],"about":[{"href":"https:\/\/mhcalculos.com.br\/noticias\/wp-json\/wp\/v2\/types\/post"}],"author":[{"embeddable":true,"href":"https:\/\/mhcalculos.com.br\/noticias\/wp-json\/wp\/v2\/users\/3063"}],"replies":[{"embeddable":true,"href":"https:\/\/mhcalculos.com.br\/noticias\/wp-json\/wp\/v2\/comments?post=12377"}],"version-history":[{"count":2,"href":"https:\/\/mhcalculos.com.br\/noticias\/wp-json\/wp\/v2\/posts\/12377\/revisions"}],"predecessor-version":[{"id":13710,"href":"https:\/\/mhcalculos.com.br\/noticias\/wp-json\/wp\/v2\/posts\/12377\/revisions\/13710"}],"wp:featuredmedia":[{"embeddable":true,"href":"https:\/\/mhcalculos.com.br\/noticias\/wp-json\/wp\/v2\/media\/12378"}],"wp:attachment":[{"href":"https:\/\/mhcalculos.com.br\/noticias\/wp-json\/wp\/v2\/media?parent=12377"}],"wp:term":[{"taxonomy":"category","embeddable":true,"href":"https:\/\/mhcalculos.com.br\/noticias\/wp-json\/wp\/v2\/categories?post=12377"},{"taxonomy":"post_tag","embeddable":true,"href":"https:\/\/mhcalculos.com.br\/noticias\/wp-json\/wp\/v2\/tags?post=12377"}],"curies":[{"name":"wp","href":"https:\/\/api.w.org\/{rel}","templated":true}]}}