{"id":12203,"date":"2023-04-28T18:47:00","date_gmt":"2023-04-28T21:47:00","guid":{"rendered":"https:\/\/mhcalculos.com.br\/noticias\/area\/trabalhista\/tst-linha-do-tempo-80-anos-da-clt.html"},"modified":"2025-04-09T11:53:44","modified_gmt":"2025-04-09T14:53:44","slug":"tst-linha-do-tempo-80-anos-da-clt","status":"publish","type":"post","link":"https:\/\/mhcalculos.com.br\/noticias\/area\/trabalhista\/tst-linha-do-tempo-80-anos-da-clt.html","title":{"rendered":"TST: Linha do Tempo: 80 anos da CLT"},"content":{"rendered":"\n<p>&nbsp;<\/p>\n<p><strong>Linha do tempo<\/strong><\/p>\n<p>Linha do tempo da Justi\u00e7a do Trabalho disposta em 3 pain\u00e9is de metal adesivos medindo 2 metros por 6 metros, aproximadamente. Apresenta uma s\u00e9rie de detalhes coloridos com as cores vermelho, amarelo e verde, al\u00e9m de v\u00e1rios escritos de \u201cCLT\u201d nas bordas; na parte de cima, o logotipo do evento \u201cCLT 80 anos\u201d nas mesmas cores dos detalhes. Este painel tra\u00e7a um caminho desde 1917 com a primeira greve da hist\u00f3ria do Brasil, passando pela cria\u00e7\u00e3o da Organiza\u00e7\u00e3o Internacional do Trabalho (OIT), cria\u00e7\u00e3o do Conselho Nacional do Trabalho (CNT), da carteira de trabalho, entre outros. Cada um dos marcos temporais est\u00e3o acompanhados de imagens. Primeiramente o primeiro quadro apresenta uma foto da greve, com v\u00e1rias pessoas marchando na rua e protestando. Em seguida h\u00e1 um logotipo da OIT, uma foto dos primeiros representantes do CNT no dia em que ele foi criado e o decreto de cria\u00e7\u00e3o assinado. Em 1925 um recorte de jornal acerca da Lei de F\u00e9rias que foi aprovada neste ano. Em seguida, uma foto de crian\u00e7as trabalhando em f\u00e1bricas para representar o c\u00f3digo de menores aprovado por Washington Lu\u00eds, que proibia trabalho para menores de 12 anos e instituiu carga hor\u00e1ria m\u00e1xima para menores de 14.<\/p>\n<p>Em 1930 Get\u00falio Vargas chega ao poder e coloca a frente do Minist\u00e9rio do Trabalho Lindolfo Collor, que promove mudan\u00e7as no tratamento dado \u00e0s quest\u00f5es trabalhistas, representado por uma foto da posse de Vargas. Em seguida temos um recorte de jornal sobre a constitui\u00e7\u00e3o de 1934 e a esperan\u00e7a de promulga\u00e7\u00e3o constitucional da justi\u00e7a do trabalho nesse documento. Contudo em seguida j\u00e1 \u00e9 apresentada a constitui\u00e7\u00e3o autorit\u00e1ria de 1937, institu\u00edda por meio da instaura\u00e7\u00e3o do Estado Novo por Vargas, mas que manteve em seu texto o dispositivo de cria\u00e7\u00e3o da Justi\u00e7a do Trabalho, acompanha uma foto da Constitui\u00e7\u00e3o de 1937.<\/p>\n<p>Em 1939 h\u00e1 um recorte de jornal falando sobre a organiza\u00e7\u00e3o da Justi\u00e7a do Trabalho por meio de um Decreto-Lei. Em 1941 ela \u00e9 oficialmente instalada ap\u00f3s esse tempo de organiza\u00e7\u00e3o, representada aqui por meio de um recorte de jornal descrevendo o an\u00fancio feito por Vargas em S\u00e3o Janu\u00e1rio no Dia do Trabalhador. Em 1943 \u00e9 promulgada a CLT, evento representado aqui por um recorte de jornal da Comiss\u00e3o da CLT reunida e depois por uma foto dos respons\u00e1veis entregando a CLT para o Ministro Alexandre Marcondes Filho. Em 1964 aconteceu o golpe militar que \u00e9 representado aqui por uma foto de carros do ex\u00e9rcito na frente do Congresso Nacional, evento que marca a supress\u00e3o de diversos direitos individuais e trabalhistas por um per\u00edodo de mais de 20 anos.<\/p>\n<p>Em 1988 \u00e9 promulgada a constitui\u00e7\u00e3o de 1988, apresentada na foto em quest\u00e3o. Esse documento, que passou a ser chamado de \u201cConstitui\u00e7\u00e3o cidad\u00e3\u201d, foi respons\u00e1vel por dar status constitucional a v\u00e1rios pontos da CLT, fortalecendo os direitos e garantias trabalhistas e fazendo uma real \u201cconsolida\u00e7\u00e3o\u201d ap\u00f3s o per\u00edodo ditatorial. Os \u00faltimos dois quadros tratam sobre 2004, quando houve uma tentativa de extin\u00e7\u00e3o da Justi\u00e7a do Trabalho em busca de um alinhamento com a agenda Neo-Liberal, e sobre 2017 quando houve mudan\u00e7as que impactaram drasticamente a aplica\u00e7\u00e3o da Legisla\u00e7\u00e3o trabalhista e as rela\u00e7\u00f5es entre empregado-empregador mais recentemente.<\/p>\n<p><i>Com informa\u00e7\u00f5es da assessoria de imprensa do TST.<\/i><\/p>\n<p><a href=\"https:\/\/www.tst.jus.br\/web\/guest\/noticias?p_p_id=89Dk&amp;p_p_lifecycle=0&amp;refererPlid=10730&amp;_89Dk_groupId=10157&amp;_89Dk_articleId=31751459\">Fonte<\/a><\/p>\n\n","protected":false},"excerpt":{"rendered":"<p>&nbsp; Linha do tempo Linha do tempo da Justi\u00e7a do Trabalho disposta em 3 pain\u00e9is de metal adesivos medindo 2 metros por 6 metros, aproximadamente. Apresenta uma s\u00e9rie de detalhes coloridos com as cores vermelho, amarelo e verde, al\u00e9m de v\u00e1rios escritos de \u201cCLT\u201d nas bordas; na parte de cima, o logotipo do evento \u201cCLT [&hellip;]<\/p>\n","protected":false},"author":3063,"featured_media":12204,"comment_status":"open","ping_status":"open","sticky":false,"template":"","format":"standard","meta":{"footnotes":""},"categories":[3,21],"tags":[33,216,9,12,217,215],"class_list":{"0":"post-12203","1":"post","2":"type-post","3":"status-publish","4":"format-standard","5":"has-post-thumbnail","7":"category-trabalhista","8":"category-tst","9":"tag-calculos-trabalhistas","10":"tag-direito-trabalhista","11":"tag-pericia","12":"tag-perito","13":"tag-trabalho","14":"tag-tst"},"yoast_head":"<!-- This site is optimized with the Yoast SEO plugin v27.2 - https:\/\/yoast.com\/product\/yoast-seo-wordpress\/ -->\n<title>TST: Linha do Tempo: 80 anos da CLT | Portal de Not\u00edcias<\/title>\n<meta name=\"robots\" content=\"index, follow, max-snippet:-1, max-image-preview:large, max-video-preview:-1\" \/>\n<link rel=\"canonical\" href=\"https:\/\/mhcalculos.com.br\/noticias\/area\/trabalhista\/tst-linha-do-tempo-80-anos-da-clt.html\" \/>\n<meta property=\"og:locale\" content=\"pt_BR\" \/>\n<meta property=\"og:type\" content=\"article\" \/>\n<meta property=\"og:title\" content=\"TST: Linha do Tempo: 80 anos da CLT | Portal de Not\u00edcias\" \/>\n<meta property=\"og:description\" content=\"&nbsp; Linha do tempo Linha do tempo da Justi\u00e7a do Trabalho disposta em 3 pain\u00e9is de metal adesivos medindo 2 metros por 6 metros, aproximadamente. Apresenta uma s\u00e9rie de detalhes coloridos com as cores vermelho, amarelo e verde, al\u00e9m de v\u00e1rios escritos de \u201cCLT\u201d nas bordas; na parte de cima, o logotipo do evento \u201cCLT [&hellip;]\" \/>\n<meta property=\"og:url\" content=\"https:\/\/mhcalculos.com.br\/noticias\/area\/trabalhista\/tst-linha-do-tempo-80-anos-da-clt.html\" \/>\n<meta property=\"og:site_name\" content=\"Portal de Not\u00edcias\" \/>\n<meta property=\"article:published_time\" content=\"2023-04-28T21:47:00+00:00\" \/>\n<meta property=\"article:modified_time\" content=\"2025-04-09T14:53:44+00:00\" \/>\n<meta property=\"og:image\" content=\"https:\/\/mhcalculos.com.br\/noticias\/wp-content\/uploads\/sites\/2\/2023\/05\/trabalhista-0049.jpg\" \/>\n\t<meta property=\"og:image:width\" content=\"2000\" \/>\n\t<meta property=\"og:image:height\" content=\"800\" \/>\n\t<meta property=\"og:image:type\" content=\"image\/jpeg\" \/>\n<meta name=\"author\" content=\"Equipe MH\" \/>\n<meta name=\"twitter:card\" content=\"summary_large_image\" \/>\n<meta name=\"twitter:label1\" content=\"Escrito por\" \/>\n\t<meta name=\"twitter:data1\" content=\"Equipe MH\" \/>\n\t<meta name=\"twitter:label2\" content=\"Est. tempo de leitura\" \/>\n\t<meta name=\"twitter:data2\" content=\"4 minutos\" \/>\n<script type=\"application\/ld+json\" class=\"yoast-schema-graph\">{\"@context\":\"https:\/\/schema.org\",\"@graph\":[{\"@type\":\"Article\",\"@id\":\"https:\/\/mhcalculos.com.br\/noticias\/area\/trabalhista\/tst-linha-do-tempo-80-anos-da-clt.html#article\",\"isPartOf\":{\"@id\":\"https:\/\/mhcalculos.com.br\/noticias\/area\/trabalhista\/tst-linha-do-tempo-80-anos-da-clt.html\"},\"author\":{\"name\":\"Equipe MH\",\"@id\":\"https:\/\/mhcalculos.com.br\/noticias\/#\/schema\/person\/88d1c34bf72dc779ea14a5a6b8e0ae8d\"},\"headline\":\"TST: Linha do Tempo: 80 anos da CLT\",\"datePublished\":\"2023-04-28T21:47:00+00:00\",\"dateModified\":\"2025-04-09T14:53:44+00:00\",\"mainEntityOfPage\":{\"@id\":\"https:\/\/mhcalculos.com.br\/noticias\/area\/trabalhista\/tst-linha-do-tempo-80-anos-da-clt.html\"},\"wordCount\":583,\"commentCount\":0,\"image\":{\"@id\":\"https:\/\/mhcalculos.com.br\/noticias\/area\/trabalhista\/tst-linha-do-tempo-80-anos-da-clt.html#primaryimage\"},\"thumbnailUrl\":\"https:\/\/mhcalculos.com.br\/noticias\/wp-content\/uploads\/sites\/2\/2023\/05\/trabalhista-0049.jpg\",\"keywords\":[\"c\u00e1lculos trabalhistas\",\"direito trabalhista\",\"per\u00edcia\",\"perito\",\"trabalho\",\"TST\"],\"articleSection\":[\"Direito Trabalhista\",\"TST\"],\"inLanguage\":\"pt-BR\",\"potentialAction\":[{\"@type\":\"CommentAction\",\"name\":\"Comment\",\"target\":[\"https:\/\/mhcalculos.com.br\/noticias\/area\/trabalhista\/tst-linha-do-tempo-80-anos-da-clt.html#respond\"]}]},{\"@type\":\"WebPage\",\"@id\":\"https:\/\/mhcalculos.com.br\/noticias\/area\/trabalhista\/tst-linha-do-tempo-80-anos-da-clt.html\",\"url\":\"https:\/\/mhcalculos.com.br\/noticias\/area\/trabalhista\/tst-linha-do-tempo-80-anos-da-clt.html\",\"name\":\"TST: Linha do Tempo: 80 anos da CLT | Portal de Not\u00edcias\",\"isPartOf\":{\"@id\":\"https:\/\/mhcalculos.com.br\/noticias\/#website\"},\"primaryImageOfPage\":{\"@id\":\"https:\/\/mhcalculos.com.br\/noticias\/area\/trabalhista\/tst-linha-do-tempo-80-anos-da-clt.html#primaryimage\"},\"image\":{\"@id\":\"https:\/\/mhcalculos.com.br\/noticias\/area\/trabalhista\/tst-linha-do-tempo-80-anos-da-clt.html#primaryimage\"},\"thumbnailUrl\":\"https:\/\/mhcalculos.com.br\/noticias\/wp-content\/uploads\/sites\/2\/2023\/05\/trabalhista-0049.jpg\",\"datePublished\":\"2023-04-28T21:47:00+00:00\",\"dateModified\":\"2025-04-09T14:53:44+00:00\",\"author\":{\"@id\":\"https:\/\/mhcalculos.com.br\/noticias\/#\/schema\/person\/88d1c34bf72dc779ea14a5a6b8e0ae8d\"},\"breadcrumb\":{\"@id\":\"https:\/\/mhcalculos.com.br\/noticias\/area\/trabalhista\/tst-linha-do-tempo-80-anos-da-clt.html#breadcrumb\"},\"inLanguage\":\"pt-BR\",\"potentialAction\":[{\"@type\":\"ReadAction\",\"target\":[\"https:\/\/mhcalculos.com.br\/noticias\/area\/trabalhista\/tst-linha-do-tempo-80-anos-da-clt.html\"]}]},{\"@type\":\"ImageObject\",\"inLanguage\":\"pt-BR\",\"@id\":\"https:\/\/mhcalculos.com.br\/noticias\/area\/trabalhista\/tst-linha-do-tempo-80-anos-da-clt.html#primaryimage\",\"url\":\"https:\/\/mhcalculos.com.br\/noticias\/wp-content\/uploads\/sites\/2\/2023\/05\/trabalhista-0049.jpg\",\"contentUrl\":\"https:\/\/mhcalculos.com.br\/noticias\/wp-content\/uploads\/sites\/2\/2023\/05\/trabalhista-0049.jpg\",\"width\":2000,\"height\":800},{\"@type\":\"BreadcrumbList\",\"@id\":\"https:\/\/mhcalculos.com.br\/noticias\/area\/trabalhista\/tst-linha-do-tempo-80-anos-da-clt.html#breadcrumb\",\"itemListElement\":[{\"@type\":\"ListItem\",\"position\":1,\"name\":\"In\u00edcio\",\"item\":\"https:\/\/mhcalculos.com.br\/noticias\/\"},{\"@type\":\"ListItem\",\"position\":2,\"name\":\"TST: Linha do Tempo: 80 anos da CLT\"}]},{\"@type\":\"WebSite\",\"@id\":\"https:\/\/mhcalculos.com.br\/noticias\/#website\",\"url\":\"https:\/\/mhcalculos.com.br\/noticias\/\",\"name\":\"Portal de Not\u00edcias\",\"description\":\"Not\u00edcias e Jurisprud\u00eancia\",\"potentialAction\":[{\"@type\":\"SearchAction\",\"target\":{\"@type\":\"EntryPoint\",\"urlTemplate\":\"https:\/\/mhcalculos.com.br\/noticias\/?s={search_term_string}\"},\"query-input\":{\"@type\":\"PropertyValueSpecification\",\"valueRequired\":true,\"valueName\":\"search_term_string\"}}],\"inLanguage\":\"pt-BR\"},{\"@type\":\"Person\",\"@id\":\"https:\/\/mhcalculos.com.br\/noticias\/#\/schema\/person\/88d1c34bf72dc779ea14a5a6b8e0ae8d\",\"name\":\"Equipe MH\",\"image\":{\"@type\":\"ImageObject\",\"inLanguage\":\"pt-BR\",\"@id\":\"https:\/\/secure.gravatar.com\/avatar\/de1c686c2ecc9c5a3f327e3431d819eb39f8f05d4e1045f5a1caad6daaba987f?s=96&d=mm&r=g\",\"url\":\"https:\/\/secure.gravatar.com\/avatar\/de1c686c2ecc9c5a3f327e3431d819eb39f8f05d4e1045f5a1caad6daaba987f?s=96&d=mm&r=g\",\"contentUrl\":\"https:\/\/secure.gravatar.com\/avatar\/de1c686c2ecc9c5a3f327e3431d819eb39f8f05d4e1045f5a1caad6daaba987f?s=96&d=mm&r=g\",\"caption\":\"Equipe MH\"}}]}<\/script>\n<!-- \/ Yoast SEO plugin. -->","yoast_head_json":{"title":"TST: Linha do Tempo: 80 anos da CLT | Portal de Not\u00edcias","robots":{"index":"index","follow":"follow","max-snippet":"max-snippet:-1","max-image-preview":"max-image-preview:large","max-video-preview":"max-video-preview:-1"},"canonical":"https:\/\/mhcalculos.com.br\/noticias\/area\/trabalhista\/tst-linha-do-tempo-80-anos-da-clt.html","og_locale":"pt_BR","og_type":"article","og_title":"TST: Linha do Tempo: 80 anos da CLT | Portal de Not\u00edcias","og_description":"&nbsp; Linha do tempo Linha do tempo da Justi\u00e7a do Trabalho disposta em 3 pain\u00e9is de metal adesivos medindo 2 metros por 6 metros, aproximadamente. Apresenta uma s\u00e9rie de detalhes coloridos com as cores vermelho, amarelo e verde, al\u00e9m de v\u00e1rios escritos de \u201cCLT\u201d nas bordas; na parte de cima, o logotipo do evento \u201cCLT [&hellip;]","og_url":"https:\/\/mhcalculos.com.br\/noticias\/area\/trabalhista\/tst-linha-do-tempo-80-anos-da-clt.html","og_site_name":"Portal de Not\u00edcias","article_published_time":"2023-04-28T21:47:00+00:00","article_modified_time":"2025-04-09T14:53:44+00:00","og_image":[{"width":2000,"height":800,"url":"https:\/\/mhcalculos.com.br\/noticias\/wp-content\/uploads\/sites\/2\/2023\/05\/trabalhista-0049.jpg","type":"image\/jpeg"}],"author":"Equipe MH","twitter_card":"summary_large_image","twitter_misc":{"Escrito por":"Equipe MH","Est. tempo de leitura":"4 minutos"},"schema":{"@context":"https:\/\/schema.org","@graph":[{"@type":"Article","@id":"https:\/\/mhcalculos.com.br\/noticias\/area\/trabalhista\/tst-linha-do-tempo-80-anos-da-clt.html#article","isPartOf":{"@id":"https:\/\/mhcalculos.com.br\/noticias\/area\/trabalhista\/tst-linha-do-tempo-80-anos-da-clt.html"},"author":{"name":"Equipe MH","@id":"https:\/\/mhcalculos.com.br\/noticias\/#\/schema\/person\/88d1c34bf72dc779ea14a5a6b8e0ae8d"},"headline":"TST: Linha do Tempo: 80 anos da CLT","datePublished":"2023-04-28T21:47:00+00:00","dateModified":"2025-04-09T14:53:44+00:00","mainEntityOfPage":{"@id":"https:\/\/mhcalculos.com.br\/noticias\/area\/trabalhista\/tst-linha-do-tempo-80-anos-da-clt.html"},"wordCount":583,"commentCount":0,"image":{"@id":"https:\/\/mhcalculos.com.br\/noticias\/area\/trabalhista\/tst-linha-do-tempo-80-anos-da-clt.html#primaryimage"},"thumbnailUrl":"https:\/\/mhcalculos.com.br\/noticias\/wp-content\/uploads\/sites\/2\/2023\/05\/trabalhista-0049.jpg","keywords":["c\u00e1lculos trabalhistas","direito trabalhista","per\u00edcia","perito","trabalho","TST"],"articleSection":["Direito Trabalhista","TST"],"inLanguage":"pt-BR","potentialAction":[{"@type":"CommentAction","name":"Comment","target":["https:\/\/mhcalculos.com.br\/noticias\/area\/trabalhista\/tst-linha-do-tempo-80-anos-da-clt.html#respond"]}]},{"@type":"WebPage","@id":"https:\/\/mhcalculos.com.br\/noticias\/area\/trabalhista\/tst-linha-do-tempo-80-anos-da-clt.html","url":"https:\/\/mhcalculos.com.br\/noticias\/area\/trabalhista\/tst-linha-do-tempo-80-anos-da-clt.html","name":"TST: Linha do Tempo: 80 anos da CLT | Portal de Not\u00edcias","isPartOf":{"@id":"https:\/\/mhcalculos.com.br\/noticias\/#website"},"primaryImageOfPage":{"@id":"https:\/\/mhcalculos.com.br\/noticias\/area\/trabalhista\/tst-linha-do-tempo-80-anos-da-clt.html#primaryimage"},"image":{"@id":"https:\/\/mhcalculos.com.br\/noticias\/area\/trabalhista\/tst-linha-do-tempo-80-anos-da-clt.html#primaryimage"},"thumbnailUrl":"https:\/\/mhcalculos.com.br\/noticias\/wp-content\/uploads\/sites\/2\/2023\/05\/trabalhista-0049.jpg","datePublished":"2023-04-28T21:47:00+00:00","dateModified":"2025-04-09T14:53:44+00:00","author":{"@id":"https:\/\/mhcalculos.com.br\/noticias\/#\/schema\/person\/88d1c34bf72dc779ea14a5a6b8e0ae8d"},"breadcrumb":{"@id":"https:\/\/mhcalculos.com.br\/noticias\/area\/trabalhista\/tst-linha-do-tempo-80-anos-da-clt.html#breadcrumb"},"inLanguage":"pt-BR","potentialAction":[{"@type":"ReadAction","target":["https:\/\/mhcalculos.com.br\/noticias\/area\/trabalhista\/tst-linha-do-tempo-80-anos-da-clt.html"]}]},{"@type":"ImageObject","inLanguage":"pt-BR","@id":"https:\/\/mhcalculos.com.br\/noticias\/area\/trabalhista\/tst-linha-do-tempo-80-anos-da-clt.html#primaryimage","url":"https:\/\/mhcalculos.com.br\/noticias\/wp-content\/uploads\/sites\/2\/2023\/05\/trabalhista-0049.jpg","contentUrl":"https:\/\/mhcalculos.com.br\/noticias\/wp-content\/uploads\/sites\/2\/2023\/05\/trabalhista-0049.jpg","width":2000,"height":800},{"@type":"BreadcrumbList","@id":"https:\/\/mhcalculos.com.br\/noticias\/area\/trabalhista\/tst-linha-do-tempo-80-anos-da-clt.html#breadcrumb","itemListElement":[{"@type":"ListItem","position":1,"name":"In\u00edcio","item":"https:\/\/mhcalculos.com.br\/noticias\/"},{"@type":"ListItem","position":2,"name":"TST: Linha do Tempo: 80 anos da CLT"}]},{"@type":"WebSite","@id":"https:\/\/mhcalculos.com.br\/noticias\/#website","url":"https:\/\/mhcalculos.com.br\/noticias\/","name":"Portal de Not\u00edcias","description":"Not\u00edcias e Jurisprud\u00eancia","potentialAction":[{"@type":"SearchAction","target":{"@type":"EntryPoint","urlTemplate":"https:\/\/mhcalculos.com.br\/noticias\/?s={search_term_string}"},"query-input":{"@type":"PropertyValueSpecification","valueRequired":true,"valueName":"search_term_string"}}],"inLanguage":"pt-BR"},{"@type":"Person","@id":"https:\/\/mhcalculos.com.br\/noticias\/#\/schema\/person\/88d1c34bf72dc779ea14a5a6b8e0ae8d","name":"Equipe MH","image":{"@type":"ImageObject","inLanguage":"pt-BR","@id":"https:\/\/secure.gravatar.com\/avatar\/de1c686c2ecc9c5a3f327e3431d819eb39f8f05d4e1045f5a1caad6daaba987f?s=96&d=mm&r=g","url":"https:\/\/secure.gravatar.com\/avatar\/de1c686c2ecc9c5a3f327e3431d819eb39f8f05d4e1045f5a1caad6daaba987f?s=96&d=mm&r=g","contentUrl":"https:\/\/secure.gravatar.com\/avatar\/de1c686c2ecc9c5a3f327e3431d819eb39f8f05d4e1045f5a1caad6daaba987f?s=96&d=mm&r=g","caption":"Equipe MH"}}]}},"_links":{"self":[{"href":"https:\/\/mhcalculos.com.br\/noticias\/wp-json\/wp\/v2\/posts\/12203","targetHints":{"allow":["GET"]}}],"collection":[{"href":"https:\/\/mhcalculos.com.br\/noticias\/wp-json\/wp\/v2\/posts"}],"about":[{"href":"https:\/\/mhcalculos.com.br\/noticias\/wp-json\/wp\/v2\/types\/post"}],"author":[{"embeddable":true,"href":"https:\/\/mhcalculos.com.br\/noticias\/wp-json\/wp\/v2\/users\/3063"}],"replies":[{"embeddable":true,"href":"https:\/\/mhcalculos.com.br\/noticias\/wp-json\/wp\/v2\/comments?post=12203"}],"version-history":[{"count":2,"href":"https:\/\/mhcalculos.com.br\/noticias\/wp-json\/wp\/v2\/posts\/12203\/revisions"}],"predecessor-version":[{"id":13753,"href":"https:\/\/mhcalculos.com.br\/noticias\/wp-json\/wp\/v2\/posts\/12203\/revisions\/13753"}],"wp:featuredmedia":[{"embeddable":true,"href":"https:\/\/mhcalculos.com.br\/noticias\/wp-json\/wp\/v2\/media\/12204"}],"wp:attachment":[{"href":"https:\/\/mhcalculos.com.br\/noticias\/wp-json\/wp\/v2\/media?parent=12203"}],"wp:term":[{"taxonomy":"category","embeddable":true,"href":"https:\/\/mhcalculos.com.br\/noticias\/wp-json\/wp\/v2\/categories?post=12203"},{"taxonomy":"post_tag","embeddable":true,"href":"https:\/\/mhcalculos.com.br\/noticias\/wp-json\/wp\/v2\/tags?post=12203"}],"curies":[{"name":"wp","href":"https:\/\/api.w.org\/{rel}","templated":true}]}}