{"id":12201,"date":"2023-04-28T18:40:00","date_gmt":"2023-04-28T21:40:00","guid":{"rendered":"https:\/\/mhcalculos.com.br\/noticias\/area\/trabalhista\/tst-sala-do-ministro-arnaldo-lopes-sussekind.html"},"modified":"2025-04-09T11:53:31","modified_gmt":"2025-04-09T14:53:31","slug":"tst-sala-do-ministro-arnaldo-lopes-sussekind","status":"publish","type":"post","link":"https:\/\/mhcalculos.com.br\/noticias\/area\/trabalhista\/tst-sala-do-ministro-arnaldo-lopes-sussekind.html","title":{"rendered":"TST: Sala do Ministro Arnaldo Lopes S\u00fcssekind"},"content":{"rendered":"\n<p>&nbsp;<\/p>\n<p><strong>Sala do Ministro Arnaldo Lopes S\u00fcssekind<\/strong><\/p>\n<p>Neste espa\u00e7o h\u00e1 2 pain\u00e9is de 2 metros por 2 metros cada, um deles mostra uma estante de livros com o objetivo de transportar o observador para a sala do Ministro Arnaldo Lopes S\u00fcssekind, um dos respons\u00e1veis pela reda\u00e7\u00e3o original da CLT e ex-Ministro do Tribunal Superior do Trabalho. A frente desta estante, uma foto do Ministro em tamanho real, sentado a frente de uma pasta, como se estivesse trabalhando. Na foto o Ministro veste um terno cinza, gravata azul e blusa branca, olha para frente como se estivesse olhando diretamente para a pessoa que o observa, como se estivessem numa reuni\u00e3o.<\/p>\n<p>Os pain\u00e9is que acompanham este cen\u00e1rio apresentam uma fala de Arnaldo S\u00fcssekind sobre a import\u00e2ncia da CLT e as inspira\u00e7\u00f5es dos juristas ao redigi-la. Esse painel apresenta uma borda com o logotipo do evento repetido v\u00e1rias vezes para gerar um efeito est\u00e9tico, tem o logo no in\u00edcio do texto com \u201c80 anos\u201d escrito embaixo dele. Os pain\u00e9is seguintes apresentam um breve panorama sobre a equipe respons\u00e1vel pela elabora\u00e7\u00e3o da CLT e sobre seu contexto hist\u00f3rico. Ao final, uma foto colorida da comiss\u00e3o organizadora da CLT entregando ao Ministro do Trabalho, Alexandre Marcondes Filho, o projeto finalizado. Nesta foto \u00e9 poss\u00edvel ver (da esquerda para direita) Arnaldo S\u00fcssekind, Jos\u00e9 Segadas Vianna, ao centro Alexandre Marcondes Filho, em seguida Oscar Saraiva e por \u00faltimo Dorval Lacerda. Todos vestem ternos bege, com exce\u00e7\u00e3o de Segadas Vianna, que veste um terno preto.<\/p>\n<p>&nbsp;<\/p>\n<p><i>Com informa\u00e7\u00f5es da assessoria de imprensa do TST.<\/i><\/p>\n<p><a href=\"https:\/\/www.tst.jus.br\/web\/guest\/noticias?p_p_id=89Dk&amp;p_p_lifecycle=0&amp;refererPlid=10730&amp;_89Dk_groupId=10157&amp;_89Dk_articleId=31751314\">Fonte<\/a><\/p>\n\n","protected":false},"excerpt":{"rendered":"<p>&nbsp; Sala do Ministro Arnaldo Lopes S\u00fcssekind Neste espa\u00e7o h\u00e1 2 pain\u00e9is de 2 metros por 2 metros cada, um deles mostra uma estante de livros com o objetivo de transportar o observador para a sala do Ministro Arnaldo Lopes S\u00fcssekind, um dos respons\u00e1veis pela reda\u00e7\u00e3o original da CLT e ex-Ministro do Tribunal Superior do [&hellip;]<\/p>\n","protected":false},"author":3063,"featured_media":12202,"comment_status":"open","ping_status":"open","sticky":false,"template":"","format":"standard","meta":{"footnotes":""},"categories":[3,21],"tags":[33,216,9,12,217,215],"class_list":{"0":"post-12201","1":"post","2":"type-post","3":"status-publish","4":"format-standard","5":"has-post-thumbnail","7":"category-trabalhista","8":"category-tst","9":"tag-calculos-trabalhistas","10":"tag-direito-trabalhista","11":"tag-pericia","12":"tag-perito","13":"tag-trabalho","14":"tag-tst"},"yoast_head":"<!-- This site is optimized with the Yoast SEO plugin v27.2 - https:\/\/yoast.com\/product\/yoast-seo-wordpress\/ -->\n<title>TST: Sala do Ministro Arnaldo Lopes S\u00fcssekind | Portal de Not\u00edcias<\/title>\n<meta name=\"robots\" content=\"index, follow, max-snippet:-1, max-image-preview:large, max-video-preview:-1\" \/>\n<link rel=\"canonical\" href=\"https:\/\/mhcalculos.com.br\/noticias\/area\/trabalhista\/tst-sala-do-ministro-arnaldo-lopes-sussekind.html\" \/>\n<meta property=\"og:locale\" content=\"pt_BR\" \/>\n<meta property=\"og:type\" content=\"article\" \/>\n<meta property=\"og:title\" content=\"TST: Sala do Ministro Arnaldo Lopes S\u00fcssekind | Portal de Not\u00edcias\" \/>\n<meta property=\"og:description\" content=\"&nbsp; Sala do Ministro Arnaldo Lopes S\u00fcssekind Neste espa\u00e7o h\u00e1 2 pain\u00e9is de 2 metros por 2 metros cada, um deles mostra uma estante de livros com o objetivo de transportar o observador para a sala do Ministro Arnaldo Lopes S\u00fcssekind, um dos respons\u00e1veis pela reda\u00e7\u00e3o original da CLT e ex-Ministro do Tribunal Superior do [&hellip;]\" \/>\n<meta property=\"og:url\" content=\"https:\/\/mhcalculos.com.br\/noticias\/area\/trabalhista\/tst-sala-do-ministro-arnaldo-lopes-sussekind.html\" \/>\n<meta property=\"og:site_name\" content=\"Portal de Not\u00edcias\" \/>\n<meta property=\"article:published_time\" content=\"2023-04-28T21:40:00+00:00\" \/>\n<meta property=\"article:modified_time\" content=\"2025-04-09T14:53:31+00:00\" \/>\n<meta property=\"og:image\" content=\"https:\/\/mhcalculos.com.br\/noticias\/wp-content\/uploads\/sites\/2\/2023\/05\/trabalhista-0012.jpg\" \/>\n\t<meta property=\"og:image:width\" content=\"2000\" \/>\n\t<meta property=\"og:image:height\" content=\"800\" \/>\n\t<meta property=\"og:image:type\" content=\"image\/jpeg\" \/>\n<meta name=\"author\" content=\"Equipe MH\" \/>\n<meta name=\"twitter:card\" content=\"summary_large_image\" \/>\n<meta name=\"twitter:label1\" content=\"Escrito por\" \/>\n\t<meta name=\"twitter:data1\" content=\"Equipe MH\" \/>\n\t<meta name=\"twitter:label2\" content=\"Est. tempo de leitura\" \/>\n\t<meta name=\"twitter:data2\" content=\"2 minutos\" \/>\n<script type=\"application\/ld+json\" class=\"yoast-schema-graph\">{\"@context\":\"https:\/\/schema.org\",\"@graph\":[{\"@type\":\"Article\",\"@id\":\"https:\/\/mhcalculos.com.br\/noticias\/area\/trabalhista\/tst-sala-do-ministro-arnaldo-lopes-sussekind.html#article\",\"isPartOf\":{\"@id\":\"https:\/\/mhcalculos.com.br\/noticias\/area\/trabalhista\/tst-sala-do-ministro-arnaldo-lopes-sussekind.html\"},\"author\":{\"name\":\"Equipe MH\",\"@id\":\"https:\/\/mhcalculos.com.br\/noticias\/#\/schema\/person\/88d1c34bf72dc779ea14a5a6b8e0ae8d\"},\"headline\":\"TST: Sala do Ministro Arnaldo Lopes S\u00fcssekind\",\"datePublished\":\"2023-04-28T21:40:00+00:00\",\"dateModified\":\"2025-04-09T14:53:31+00:00\",\"mainEntityOfPage\":{\"@id\":\"https:\/\/mhcalculos.com.br\/noticias\/area\/trabalhista\/tst-sala-do-ministro-arnaldo-lopes-sussekind.html\"},\"wordCount\":286,\"commentCount\":0,\"image\":{\"@id\":\"https:\/\/mhcalculos.com.br\/noticias\/area\/trabalhista\/tst-sala-do-ministro-arnaldo-lopes-sussekind.html#primaryimage\"},\"thumbnailUrl\":\"https:\/\/mhcalculos.com.br\/noticias\/wp-content\/uploads\/sites\/2\/2023\/05\/trabalhista-0012.jpg\",\"keywords\":[\"c\u00e1lculos trabalhistas\",\"direito trabalhista\",\"per\u00edcia\",\"perito\",\"trabalho\",\"TST\"],\"articleSection\":[\"Direito Trabalhista\",\"TST\"],\"inLanguage\":\"pt-BR\",\"potentialAction\":[{\"@type\":\"CommentAction\",\"name\":\"Comment\",\"target\":[\"https:\/\/mhcalculos.com.br\/noticias\/area\/trabalhista\/tst-sala-do-ministro-arnaldo-lopes-sussekind.html#respond\"]}]},{\"@type\":\"WebPage\",\"@id\":\"https:\/\/mhcalculos.com.br\/noticias\/area\/trabalhista\/tst-sala-do-ministro-arnaldo-lopes-sussekind.html\",\"url\":\"https:\/\/mhcalculos.com.br\/noticias\/area\/trabalhista\/tst-sala-do-ministro-arnaldo-lopes-sussekind.html\",\"name\":\"TST: Sala do Ministro Arnaldo Lopes S\u00fcssekind | Portal de Not\u00edcias\",\"isPartOf\":{\"@id\":\"https:\/\/mhcalculos.com.br\/noticias\/#website\"},\"primaryImageOfPage\":{\"@id\":\"https:\/\/mhcalculos.com.br\/noticias\/area\/trabalhista\/tst-sala-do-ministro-arnaldo-lopes-sussekind.html#primaryimage\"},\"image\":{\"@id\":\"https:\/\/mhcalculos.com.br\/noticias\/area\/trabalhista\/tst-sala-do-ministro-arnaldo-lopes-sussekind.html#primaryimage\"},\"thumbnailUrl\":\"https:\/\/mhcalculos.com.br\/noticias\/wp-content\/uploads\/sites\/2\/2023\/05\/trabalhista-0012.jpg\",\"datePublished\":\"2023-04-28T21:40:00+00:00\",\"dateModified\":\"2025-04-09T14:53:31+00:00\",\"author\":{\"@id\":\"https:\/\/mhcalculos.com.br\/noticias\/#\/schema\/person\/88d1c34bf72dc779ea14a5a6b8e0ae8d\"},\"breadcrumb\":{\"@id\":\"https:\/\/mhcalculos.com.br\/noticias\/area\/trabalhista\/tst-sala-do-ministro-arnaldo-lopes-sussekind.html#breadcrumb\"},\"inLanguage\":\"pt-BR\",\"potentialAction\":[{\"@type\":\"ReadAction\",\"target\":[\"https:\/\/mhcalculos.com.br\/noticias\/area\/trabalhista\/tst-sala-do-ministro-arnaldo-lopes-sussekind.html\"]}]},{\"@type\":\"ImageObject\",\"inLanguage\":\"pt-BR\",\"@id\":\"https:\/\/mhcalculos.com.br\/noticias\/area\/trabalhista\/tst-sala-do-ministro-arnaldo-lopes-sussekind.html#primaryimage\",\"url\":\"https:\/\/mhcalculos.com.br\/noticias\/wp-content\/uploads\/sites\/2\/2023\/05\/trabalhista-0012.jpg\",\"contentUrl\":\"https:\/\/mhcalculos.com.br\/noticias\/wp-content\/uploads\/sites\/2\/2023\/05\/trabalhista-0012.jpg\",\"width\":2000,\"height\":800},{\"@type\":\"BreadcrumbList\",\"@id\":\"https:\/\/mhcalculos.com.br\/noticias\/area\/trabalhista\/tst-sala-do-ministro-arnaldo-lopes-sussekind.html#breadcrumb\",\"itemListElement\":[{\"@type\":\"ListItem\",\"position\":1,\"name\":\"In\u00edcio\",\"item\":\"https:\/\/mhcalculos.com.br\/noticias\/\"},{\"@type\":\"ListItem\",\"position\":2,\"name\":\"TST: Sala do Ministro Arnaldo Lopes S\u00fcssekind\"}]},{\"@type\":\"WebSite\",\"@id\":\"https:\/\/mhcalculos.com.br\/noticias\/#website\",\"url\":\"https:\/\/mhcalculos.com.br\/noticias\/\",\"name\":\"Portal de Not\u00edcias\",\"description\":\"Not\u00edcias e Jurisprud\u00eancia\",\"potentialAction\":[{\"@type\":\"SearchAction\",\"target\":{\"@type\":\"EntryPoint\",\"urlTemplate\":\"https:\/\/mhcalculos.com.br\/noticias\/?s={search_term_string}\"},\"query-input\":{\"@type\":\"PropertyValueSpecification\",\"valueRequired\":true,\"valueName\":\"search_term_string\"}}],\"inLanguage\":\"pt-BR\"},{\"@type\":\"Person\",\"@id\":\"https:\/\/mhcalculos.com.br\/noticias\/#\/schema\/person\/88d1c34bf72dc779ea14a5a6b8e0ae8d\",\"name\":\"Equipe MH\",\"image\":{\"@type\":\"ImageObject\",\"inLanguage\":\"pt-BR\",\"@id\":\"https:\/\/secure.gravatar.com\/avatar\/de1c686c2ecc9c5a3f327e3431d819eb39f8f05d4e1045f5a1caad6daaba987f?s=96&d=mm&r=g\",\"url\":\"https:\/\/secure.gravatar.com\/avatar\/de1c686c2ecc9c5a3f327e3431d819eb39f8f05d4e1045f5a1caad6daaba987f?s=96&d=mm&r=g\",\"contentUrl\":\"https:\/\/secure.gravatar.com\/avatar\/de1c686c2ecc9c5a3f327e3431d819eb39f8f05d4e1045f5a1caad6daaba987f?s=96&d=mm&r=g\",\"caption\":\"Equipe MH\"}}]}<\/script>\n<!-- \/ Yoast SEO plugin. -->","yoast_head_json":{"title":"TST: Sala do Ministro Arnaldo Lopes S\u00fcssekind | Portal de Not\u00edcias","robots":{"index":"index","follow":"follow","max-snippet":"max-snippet:-1","max-image-preview":"max-image-preview:large","max-video-preview":"max-video-preview:-1"},"canonical":"https:\/\/mhcalculos.com.br\/noticias\/area\/trabalhista\/tst-sala-do-ministro-arnaldo-lopes-sussekind.html","og_locale":"pt_BR","og_type":"article","og_title":"TST: Sala do Ministro Arnaldo Lopes S\u00fcssekind | Portal de Not\u00edcias","og_description":"&nbsp; Sala do Ministro Arnaldo Lopes S\u00fcssekind Neste espa\u00e7o h\u00e1 2 pain\u00e9is de 2 metros por 2 metros cada, um deles mostra uma estante de livros com o objetivo de transportar o observador para a sala do Ministro Arnaldo Lopes S\u00fcssekind, um dos respons\u00e1veis pela reda\u00e7\u00e3o original da CLT e ex-Ministro do Tribunal Superior do [&hellip;]","og_url":"https:\/\/mhcalculos.com.br\/noticias\/area\/trabalhista\/tst-sala-do-ministro-arnaldo-lopes-sussekind.html","og_site_name":"Portal de Not\u00edcias","article_published_time":"2023-04-28T21:40:00+00:00","article_modified_time":"2025-04-09T14:53:31+00:00","og_image":[{"width":2000,"height":800,"url":"https:\/\/mhcalculos.com.br\/noticias\/wp-content\/uploads\/sites\/2\/2023\/05\/trabalhista-0012.jpg","type":"image\/jpeg"}],"author":"Equipe MH","twitter_card":"summary_large_image","twitter_misc":{"Escrito por":"Equipe MH","Est. tempo de leitura":"2 minutos"},"schema":{"@context":"https:\/\/schema.org","@graph":[{"@type":"Article","@id":"https:\/\/mhcalculos.com.br\/noticias\/area\/trabalhista\/tst-sala-do-ministro-arnaldo-lopes-sussekind.html#article","isPartOf":{"@id":"https:\/\/mhcalculos.com.br\/noticias\/area\/trabalhista\/tst-sala-do-ministro-arnaldo-lopes-sussekind.html"},"author":{"name":"Equipe MH","@id":"https:\/\/mhcalculos.com.br\/noticias\/#\/schema\/person\/88d1c34bf72dc779ea14a5a6b8e0ae8d"},"headline":"TST: Sala do Ministro Arnaldo Lopes S\u00fcssekind","datePublished":"2023-04-28T21:40:00+00:00","dateModified":"2025-04-09T14:53:31+00:00","mainEntityOfPage":{"@id":"https:\/\/mhcalculos.com.br\/noticias\/area\/trabalhista\/tst-sala-do-ministro-arnaldo-lopes-sussekind.html"},"wordCount":286,"commentCount":0,"image":{"@id":"https:\/\/mhcalculos.com.br\/noticias\/area\/trabalhista\/tst-sala-do-ministro-arnaldo-lopes-sussekind.html#primaryimage"},"thumbnailUrl":"https:\/\/mhcalculos.com.br\/noticias\/wp-content\/uploads\/sites\/2\/2023\/05\/trabalhista-0012.jpg","keywords":["c\u00e1lculos trabalhistas","direito trabalhista","per\u00edcia","perito","trabalho","TST"],"articleSection":["Direito Trabalhista","TST"],"inLanguage":"pt-BR","potentialAction":[{"@type":"CommentAction","name":"Comment","target":["https:\/\/mhcalculos.com.br\/noticias\/area\/trabalhista\/tst-sala-do-ministro-arnaldo-lopes-sussekind.html#respond"]}]},{"@type":"WebPage","@id":"https:\/\/mhcalculos.com.br\/noticias\/area\/trabalhista\/tst-sala-do-ministro-arnaldo-lopes-sussekind.html","url":"https:\/\/mhcalculos.com.br\/noticias\/area\/trabalhista\/tst-sala-do-ministro-arnaldo-lopes-sussekind.html","name":"TST: Sala do Ministro Arnaldo Lopes S\u00fcssekind | Portal de Not\u00edcias","isPartOf":{"@id":"https:\/\/mhcalculos.com.br\/noticias\/#website"},"primaryImageOfPage":{"@id":"https:\/\/mhcalculos.com.br\/noticias\/area\/trabalhista\/tst-sala-do-ministro-arnaldo-lopes-sussekind.html#primaryimage"},"image":{"@id":"https:\/\/mhcalculos.com.br\/noticias\/area\/trabalhista\/tst-sala-do-ministro-arnaldo-lopes-sussekind.html#primaryimage"},"thumbnailUrl":"https:\/\/mhcalculos.com.br\/noticias\/wp-content\/uploads\/sites\/2\/2023\/05\/trabalhista-0012.jpg","datePublished":"2023-04-28T21:40:00+00:00","dateModified":"2025-04-09T14:53:31+00:00","author":{"@id":"https:\/\/mhcalculos.com.br\/noticias\/#\/schema\/person\/88d1c34bf72dc779ea14a5a6b8e0ae8d"},"breadcrumb":{"@id":"https:\/\/mhcalculos.com.br\/noticias\/area\/trabalhista\/tst-sala-do-ministro-arnaldo-lopes-sussekind.html#breadcrumb"},"inLanguage":"pt-BR","potentialAction":[{"@type":"ReadAction","target":["https:\/\/mhcalculos.com.br\/noticias\/area\/trabalhista\/tst-sala-do-ministro-arnaldo-lopes-sussekind.html"]}]},{"@type":"ImageObject","inLanguage":"pt-BR","@id":"https:\/\/mhcalculos.com.br\/noticias\/area\/trabalhista\/tst-sala-do-ministro-arnaldo-lopes-sussekind.html#primaryimage","url":"https:\/\/mhcalculos.com.br\/noticias\/wp-content\/uploads\/sites\/2\/2023\/05\/trabalhista-0012.jpg","contentUrl":"https:\/\/mhcalculos.com.br\/noticias\/wp-content\/uploads\/sites\/2\/2023\/05\/trabalhista-0012.jpg","width":2000,"height":800},{"@type":"BreadcrumbList","@id":"https:\/\/mhcalculos.com.br\/noticias\/area\/trabalhista\/tst-sala-do-ministro-arnaldo-lopes-sussekind.html#breadcrumb","itemListElement":[{"@type":"ListItem","position":1,"name":"In\u00edcio","item":"https:\/\/mhcalculos.com.br\/noticias\/"},{"@type":"ListItem","position":2,"name":"TST: Sala do Ministro Arnaldo Lopes S\u00fcssekind"}]},{"@type":"WebSite","@id":"https:\/\/mhcalculos.com.br\/noticias\/#website","url":"https:\/\/mhcalculos.com.br\/noticias\/","name":"Portal de Not\u00edcias","description":"Not\u00edcias e Jurisprud\u00eancia","potentialAction":[{"@type":"SearchAction","target":{"@type":"EntryPoint","urlTemplate":"https:\/\/mhcalculos.com.br\/noticias\/?s={search_term_string}"},"query-input":{"@type":"PropertyValueSpecification","valueRequired":true,"valueName":"search_term_string"}}],"inLanguage":"pt-BR"},{"@type":"Person","@id":"https:\/\/mhcalculos.com.br\/noticias\/#\/schema\/person\/88d1c34bf72dc779ea14a5a6b8e0ae8d","name":"Equipe MH","image":{"@type":"ImageObject","inLanguage":"pt-BR","@id":"https:\/\/secure.gravatar.com\/avatar\/de1c686c2ecc9c5a3f327e3431d819eb39f8f05d4e1045f5a1caad6daaba987f?s=96&d=mm&r=g","url":"https:\/\/secure.gravatar.com\/avatar\/de1c686c2ecc9c5a3f327e3431d819eb39f8f05d4e1045f5a1caad6daaba987f?s=96&d=mm&r=g","contentUrl":"https:\/\/secure.gravatar.com\/avatar\/de1c686c2ecc9c5a3f327e3431d819eb39f8f05d4e1045f5a1caad6daaba987f?s=96&d=mm&r=g","caption":"Equipe MH"}}]}},"_links":{"self":[{"href":"https:\/\/mhcalculos.com.br\/noticias\/wp-json\/wp\/v2\/posts\/12201","targetHints":{"allow":["GET"]}}],"collection":[{"href":"https:\/\/mhcalculos.com.br\/noticias\/wp-json\/wp\/v2\/posts"}],"about":[{"href":"https:\/\/mhcalculos.com.br\/noticias\/wp-json\/wp\/v2\/types\/post"}],"author":[{"embeddable":true,"href":"https:\/\/mhcalculos.com.br\/noticias\/wp-json\/wp\/v2\/users\/3063"}],"replies":[{"embeddable":true,"href":"https:\/\/mhcalculos.com.br\/noticias\/wp-json\/wp\/v2\/comments?post=12201"}],"version-history":[{"count":2,"href":"https:\/\/mhcalculos.com.br\/noticias\/wp-json\/wp\/v2\/posts\/12201\/revisions"}],"predecessor-version":[{"id":13751,"href":"https:\/\/mhcalculos.com.br\/noticias\/wp-json\/wp\/v2\/posts\/12201\/revisions\/13751"}],"wp:featuredmedia":[{"embeddable":true,"href":"https:\/\/mhcalculos.com.br\/noticias\/wp-json\/wp\/v2\/media\/12202"}],"wp:attachment":[{"href":"https:\/\/mhcalculos.com.br\/noticias\/wp-json\/wp\/v2\/media?parent=12201"}],"wp:term":[{"taxonomy":"category","embeddable":true,"href":"https:\/\/mhcalculos.com.br\/noticias\/wp-json\/wp\/v2\/categories?post=12201"},{"taxonomy":"post_tag","embeddable":true,"href":"https:\/\/mhcalculos.com.br\/noticias\/wp-json\/wp\/v2\/tags?post=12201"}],"curies":[{"name":"wp","href":"https:\/\/api.w.org\/{rel}","templated":true}]}}