{"id":12197,"date":"2023-04-28T18:24:00","date_gmt":"2023-04-28T21:24:00","guid":{"rendered":"https:\/\/mhcalculos.com.br\/noticias\/area\/trabalhista\/tst-livro-clt-conquistas-trabalhistas-ao-longo-dos-80-anos-da-clt.html"},"modified":"2025-04-09T11:53:07","modified_gmt":"2025-04-09T14:53:07","slug":"tst-livro-clt-conquistas-trabalhistas-ao-longo-dos-80-anos-da-clt","status":"publish","type":"post","link":"https:\/\/mhcalculos.com.br\/noticias\/area\/trabalhista\/tst-livro-clt-conquistas-trabalhistas-ao-longo-dos-80-anos-da-clt.html","title":{"rendered":"TST: Livro CLT :\u201cConquistas trabalhistas ao longo dos 80 anos da CLT\u201d"},"content":{"rendered":"\n<p>&nbsp;<\/p>\n<p><strong>Livro Gigante: \u201cConquistas trabalhistas ao longo dos 80 anos da CLT\u201d<\/strong><\/p>\n<p>Como parte da comemora\u00e7\u00e3o dos 80 anos da CLT, neste espa\u00e7o est\u00e1 exposto um livro gigante, tamanho 2 metros por 2 metros. Cada p\u00e1gina do livro mede 1,5 metros por 0,9 metro e s\u00e3o feitas com grandes placas de PVC adesivadas com as informa\u00e7\u00f5es necess\u00e1rias para a composi\u00e7\u00e3o. Neste livro est\u00e3o expostos em formato de texto algumas das conquistas trabalhistas que foram alcan\u00e7adas durante esse per\u00edodo tais como: a prote\u00e7\u00e3o \u00e0 maternidade de 1943, a lei do aviso pr\u00e9vio de 1951, a lei do FGTS e mudan\u00e7as nas lei da estabilidade de 1966, al\u00e9m de v\u00e1rias outras, principalmente com o advento da constitui\u00e7\u00e3o de 1988, reconhecida como a constitui\u00e7\u00e3o cidad\u00e3, que constitucionalizou uma s\u00e9rie de marcos trabalhistas, consolidando-os ainda mais na legisla\u00e7\u00e3o brasileira e nas rela\u00e7\u00f5es trabalhistas. Na capa deste livro encontra-se um logotipo da exposi\u00e7\u00e3o que \u00e9 o nome \u201cCLT\u201d, sendo o C azul, o L amarelo e o T verde em um fundo vermelho com o t\u00edtulo \u201c80 anos\u201d abaixo. O t\u00edtulo do livro \u00e9 \u201cConquistas trabalhistas ao longo dos 80 anos da CLT\u201d, em um fundo azul e vermelho. Na borda das p\u00e1ginas e na parte de baixo, o logotipo do evento se repete v\u00e1rias vezes, gerando um efeito est\u00e9tico interessante.<\/p>\n<p><i>Com informa\u00e7\u00f5es da assessoria de imprensa do TST.<\/i><\/p>\n<p><a href=\"https:\/\/www.tst.jus.br\/web\/guest\/noticias?p_p_id=89Dk&amp;p_p_lifecycle=0&amp;refererPlid=10730&amp;_89Dk_groupId=10157&amp;_89Dk_articleId=31751168\">Fonte<\/a><\/p>\n\n","protected":false},"excerpt":{"rendered":"<p>&nbsp; Livro Gigante: \u201cConquistas trabalhistas ao longo dos 80 anos da CLT\u201d Como parte da comemora\u00e7\u00e3o dos 80 anos da CLT, neste espa\u00e7o est\u00e1 exposto um livro gigante, tamanho 2 metros por 2 metros. Cada p\u00e1gina do livro mede 1,5 metros por 0,9 metro e s\u00e3o feitas com grandes placas de PVC adesivadas com as [&hellip;]<\/p>\n","protected":false},"author":3063,"featured_media":12198,"comment_status":"open","ping_status":"open","sticky":false,"template":"","format":"standard","meta":{"footnotes":""},"categories":[3,21],"tags":[33,216,9,12,217,215],"class_list":{"0":"post-12197","1":"post","2":"type-post","3":"status-publish","4":"format-standard","5":"has-post-thumbnail","7":"category-trabalhista","8":"category-tst","9":"tag-calculos-trabalhistas","10":"tag-direito-trabalhista","11":"tag-pericia","12":"tag-perito","13":"tag-trabalho","14":"tag-tst"},"yoast_head":"<!-- This site is optimized with the Yoast SEO plugin v27.2 - https:\/\/yoast.com\/product\/yoast-seo-wordpress\/ -->\n<title>TST: Livro CLT :\u201cConquistas trabalhistas ao longo dos 80 anos da CLT\u201d | Portal de Not\u00edcias<\/title>\n<meta name=\"robots\" content=\"index, follow, max-snippet:-1, max-image-preview:large, max-video-preview:-1\" \/>\n<link rel=\"canonical\" href=\"https:\/\/mhcalculos.com.br\/noticias\/area\/trabalhista\/tst-livro-clt-conquistas-trabalhistas-ao-longo-dos-80-anos-da-clt.html\" \/>\n<meta property=\"og:locale\" content=\"pt_BR\" \/>\n<meta property=\"og:type\" content=\"article\" \/>\n<meta property=\"og:title\" content=\"TST: Livro CLT :\u201cConquistas trabalhistas ao longo dos 80 anos da CLT\u201d | Portal de Not\u00edcias\" \/>\n<meta property=\"og:description\" content=\"&nbsp; Livro Gigante: \u201cConquistas trabalhistas ao longo dos 80 anos da CLT\u201d Como parte da comemora\u00e7\u00e3o dos 80 anos da CLT, neste espa\u00e7o est\u00e1 exposto um livro gigante, tamanho 2 metros por 2 metros. Cada p\u00e1gina do livro mede 1,5 metros por 0,9 metro e s\u00e3o feitas com grandes placas de PVC adesivadas com as [&hellip;]\" \/>\n<meta property=\"og:url\" content=\"https:\/\/mhcalculos.com.br\/noticias\/area\/trabalhista\/tst-livro-clt-conquistas-trabalhistas-ao-longo-dos-80-anos-da-clt.html\" \/>\n<meta property=\"og:site_name\" content=\"Portal de Not\u00edcias\" \/>\n<meta property=\"article:published_time\" content=\"2023-04-28T21:24:00+00:00\" \/>\n<meta property=\"article:modified_time\" content=\"2025-04-09T14:53:07+00:00\" \/>\n<meta property=\"og:image\" content=\"https:\/\/mhcalculos.com.br\/noticias\/wp-content\/uploads\/sites\/2\/2023\/04\/1682899512_judiciario-0004.jpg\" \/>\n\t<meta property=\"og:image:width\" content=\"2000\" \/>\n\t<meta property=\"og:image:height\" content=\"800\" \/>\n\t<meta property=\"og:image:type\" content=\"image\/jpeg\" \/>\n<meta name=\"author\" content=\"Equipe MH\" \/>\n<meta name=\"twitter:card\" content=\"summary_large_image\" \/>\n<meta name=\"twitter:label1\" content=\"Escrito por\" \/>\n\t<meta name=\"twitter:data1\" content=\"Equipe MH\" \/>\n\t<meta name=\"twitter:label2\" content=\"Est. tempo de leitura\" \/>\n\t<meta name=\"twitter:data2\" content=\"2 minutos\" \/>\n<script type=\"application\/ld+json\" class=\"yoast-schema-graph\">{\"@context\":\"https:\/\/schema.org\",\"@graph\":[{\"@type\":\"Article\",\"@id\":\"https:\/\/mhcalculos.com.br\/noticias\/area\/trabalhista\/tst-livro-clt-conquistas-trabalhistas-ao-longo-dos-80-anos-da-clt.html#article\",\"isPartOf\":{\"@id\":\"https:\/\/mhcalculos.com.br\/noticias\/area\/trabalhista\/tst-livro-clt-conquistas-trabalhistas-ao-longo-dos-80-anos-da-clt.html\"},\"author\":{\"name\":\"Equipe MH\",\"@id\":\"https:\/\/mhcalculos.com.br\/noticias\/#\/schema\/person\/88d1c34bf72dc779ea14a5a6b8e0ae8d\"},\"headline\":\"TST: Livro CLT :\u201cConquistas trabalhistas ao longo dos 80 anos da CLT\u201d\",\"datePublished\":\"2023-04-28T21:24:00+00:00\",\"dateModified\":\"2025-04-09T14:53:07+00:00\",\"mainEntityOfPage\":{\"@id\":\"https:\/\/mhcalculos.com.br\/noticias\/area\/trabalhista\/tst-livro-clt-conquistas-trabalhistas-ao-longo-dos-80-anos-da-clt.html\"},\"wordCount\":250,\"commentCount\":0,\"image\":{\"@id\":\"https:\/\/mhcalculos.com.br\/noticias\/area\/trabalhista\/tst-livro-clt-conquistas-trabalhistas-ao-longo-dos-80-anos-da-clt.html#primaryimage\"},\"thumbnailUrl\":\"https:\/\/mhcalculos.com.br\/noticias\/wp-content\/uploads\/sites\/2\/2023\/04\/1682899512_judiciario-0004.jpg\",\"keywords\":[\"c\u00e1lculos trabalhistas\",\"direito trabalhista\",\"per\u00edcia\",\"perito\",\"trabalho\",\"TST\"],\"articleSection\":[\"Direito Trabalhista\",\"TST\"],\"inLanguage\":\"pt-BR\",\"potentialAction\":[{\"@type\":\"CommentAction\",\"name\":\"Comment\",\"target\":[\"https:\/\/mhcalculos.com.br\/noticias\/area\/trabalhista\/tst-livro-clt-conquistas-trabalhistas-ao-longo-dos-80-anos-da-clt.html#respond\"]}]},{\"@type\":\"WebPage\",\"@id\":\"https:\/\/mhcalculos.com.br\/noticias\/area\/trabalhista\/tst-livro-clt-conquistas-trabalhistas-ao-longo-dos-80-anos-da-clt.html\",\"url\":\"https:\/\/mhcalculos.com.br\/noticias\/area\/trabalhista\/tst-livro-clt-conquistas-trabalhistas-ao-longo-dos-80-anos-da-clt.html\",\"name\":\"TST: Livro CLT :\u201cConquistas trabalhistas ao longo dos 80 anos da CLT\u201d | Portal de Not\u00edcias\",\"isPartOf\":{\"@id\":\"https:\/\/mhcalculos.com.br\/noticias\/#website\"},\"primaryImageOfPage\":{\"@id\":\"https:\/\/mhcalculos.com.br\/noticias\/area\/trabalhista\/tst-livro-clt-conquistas-trabalhistas-ao-longo-dos-80-anos-da-clt.html#primaryimage\"},\"image\":{\"@id\":\"https:\/\/mhcalculos.com.br\/noticias\/area\/trabalhista\/tst-livro-clt-conquistas-trabalhistas-ao-longo-dos-80-anos-da-clt.html#primaryimage\"},\"thumbnailUrl\":\"https:\/\/mhcalculos.com.br\/noticias\/wp-content\/uploads\/sites\/2\/2023\/04\/1682899512_judiciario-0004.jpg\",\"datePublished\":\"2023-04-28T21:24:00+00:00\",\"dateModified\":\"2025-04-09T14:53:07+00:00\",\"author\":{\"@id\":\"https:\/\/mhcalculos.com.br\/noticias\/#\/schema\/person\/88d1c34bf72dc779ea14a5a6b8e0ae8d\"},\"breadcrumb\":{\"@id\":\"https:\/\/mhcalculos.com.br\/noticias\/area\/trabalhista\/tst-livro-clt-conquistas-trabalhistas-ao-longo-dos-80-anos-da-clt.html#breadcrumb\"},\"inLanguage\":\"pt-BR\",\"potentialAction\":[{\"@type\":\"ReadAction\",\"target\":[\"https:\/\/mhcalculos.com.br\/noticias\/area\/trabalhista\/tst-livro-clt-conquistas-trabalhistas-ao-longo-dos-80-anos-da-clt.html\"]}]},{\"@type\":\"ImageObject\",\"inLanguage\":\"pt-BR\",\"@id\":\"https:\/\/mhcalculos.com.br\/noticias\/area\/trabalhista\/tst-livro-clt-conquistas-trabalhistas-ao-longo-dos-80-anos-da-clt.html#primaryimage\",\"url\":\"https:\/\/mhcalculos.com.br\/noticias\/wp-content\/uploads\/sites\/2\/2023\/04\/1682899512_judiciario-0004.jpg\",\"contentUrl\":\"https:\/\/mhcalculos.com.br\/noticias\/wp-content\/uploads\/sites\/2\/2023\/04\/1682899512_judiciario-0004.jpg\",\"width\":2000,\"height\":800},{\"@type\":\"BreadcrumbList\",\"@id\":\"https:\/\/mhcalculos.com.br\/noticias\/area\/trabalhista\/tst-livro-clt-conquistas-trabalhistas-ao-longo-dos-80-anos-da-clt.html#breadcrumb\",\"itemListElement\":[{\"@type\":\"ListItem\",\"position\":1,\"name\":\"In\u00edcio\",\"item\":\"https:\/\/mhcalculos.com.br\/noticias\/\"},{\"@type\":\"ListItem\",\"position\":2,\"name\":\"TST: Livro CLT :\u201cConquistas trabalhistas ao longo dos 80 anos da CLT\u201d\"}]},{\"@type\":\"WebSite\",\"@id\":\"https:\/\/mhcalculos.com.br\/noticias\/#website\",\"url\":\"https:\/\/mhcalculos.com.br\/noticias\/\",\"name\":\"Portal de Not\u00edcias\",\"description\":\"Not\u00edcias e Jurisprud\u00eancia\",\"potentialAction\":[{\"@type\":\"SearchAction\",\"target\":{\"@type\":\"EntryPoint\",\"urlTemplate\":\"https:\/\/mhcalculos.com.br\/noticias\/?s={search_term_string}\"},\"query-input\":{\"@type\":\"PropertyValueSpecification\",\"valueRequired\":true,\"valueName\":\"search_term_string\"}}],\"inLanguage\":\"pt-BR\"},{\"@type\":\"Person\",\"@id\":\"https:\/\/mhcalculos.com.br\/noticias\/#\/schema\/person\/88d1c34bf72dc779ea14a5a6b8e0ae8d\",\"name\":\"Equipe MH\",\"image\":{\"@type\":\"ImageObject\",\"inLanguage\":\"pt-BR\",\"@id\":\"https:\/\/secure.gravatar.com\/avatar\/de1c686c2ecc9c5a3f327e3431d819eb39f8f05d4e1045f5a1caad6daaba987f?s=96&d=mm&r=g\",\"url\":\"https:\/\/secure.gravatar.com\/avatar\/de1c686c2ecc9c5a3f327e3431d819eb39f8f05d4e1045f5a1caad6daaba987f?s=96&d=mm&r=g\",\"contentUrl\":\"https:\/\/secure.gravatar.com\/avatar\/de1c686c2ecc9c5a3f327e3431d819eb39f8f05d4e1045f5a1caad6daaba987f?s=96&d=mm&r=g\",\"caption\":\"Equipe MH\"}}]}<\/script>\n<!-- \/ Yoast SEO plugin. -->","yoast_head_json":{"title":"TST: Livro CLT :\u201cConquistas trabalhistas ao longo dos 80 anos da CLT\u201d | Portal de Not\u00edcias","robots":{"index":"index","follow":"follow","max-snippet":"max-snippet:-1","max-image-preview":"max-image-preview:large","max-video-preview":"max-video-preview:-1"},"canonical":"https:\/\/mhcalculos.com.br\/noticias\/area\/trabalhista\/tst-livro-clt-conquistas-trabalhistas-ao-longo-dos-80-anos-da-clt.html","og_locale":"pt_BR","og_type":"article","og_title":"TST: Livro CLT :\u201cConquistas trabalhistas ao longo dos 80 anos da CLT\u201d | Portal de Not\u00edcias","og_description":"&nbsp; Livro Gigante: \u201cConquistas trabalhistas ao longo dos 80 anos da CLT\u201d Como parte da comemora\u00e7\u00e3o dos 80 anos da CLT, neste espa\u00e7o est\u00e1 exposto um livro gigante, tamanho 2 metros por 2 metros. Cada p\u00e1gina do livro mede 1,5 metros por 0,9 metro e s\u00e3o feitas com grandes placas de PVC adesivadas com as [&hellip;]","og_url":"https:\/\/mhcalculos.com.br\/noticias\/area\/trabalhista\/tst-livro-clt-conquistas-trabalhistas-ao-longo-dos-80-anos-da-clt.html","og_site_name":"Portal de Not\u00edcias","article_published_time":"2023-04-28T21:24:00+00:00","article_modified_time":"2025-04-09T14:53:07+00:00","og_image":[{"width":2000,"height":800,"url":"https:\/\/mhcalculos.com.br\/noticias\/wp-content\/uploads\/sites\/2\/2023\/04\/1682899512_judiciario-0004.jpg","type":"image\/jpeg"}],"author":"Equipe MH","twitter_card":"summary_large_image","twitter_misc":{"Escrito por":"Equipe MH","Est. tempo de leitura":"2 minutos"},"schema":{"@context":"https:\/\/schema.org","@graph":[{"@type":"Article","@id":"https:\/\/mhcalculos.com.br\/noticias\/area\/trabalhista\/tst-livro-clt-conquistas-trabalhistas-ao-longo-dos-80-anos-da-clt.html#article","isPartOf":{"@id":"https:\/\/mhcalculos.com.br\/noticias\/area\/trabalhista\/tst-livro-clt-conquistas-trabalhistas-ao-longo-dos-80-anos-da-clt.html"},"author":{"name":"Equipe MH","@id":"https:\/\/mhcalculos.com.br\/noticias\/#\/schema\/person\/88d1c34bf72dc779ea14a5a6b8e0ae8d"},"headline":"TST: Livro CLT :\u201cConquistas trabalhistas ao longo dos 80 anos da CLT\u201d","datePublished":"2023-04-28T21:24:00+00:00","dateModified":"2025-04-09T14:53:07+00:00","mainEntityOfPage":{"@id":"https:\/\/mhcalculos.com.br\/noticias\/area\/trabalhista\/tst-livro-clt-conquistas-trabalhistas-ao-longo-dos-80-anos-da-clt.html"},"wordCount":250,"commentCount":0,"image":{"@id":"https:\/\/mhcalculos.com.br\/noticias\/area\/trabalhista\/tst-livro-clt-conquistas-trabalhistas-ao-longo-dos-80-anos-da-clt.html#primaryimage"},"thumbnailUrl":"https:\/\/mhcalculos.com.br\/noticias\/wp-content\/uploads\/sites\/2\/2023\/04\/1682899512_judiciario-0004.jpg","keywords":["c\u00e1lculos trabalhistas","direito trabalhista","per\u00edcia","perito","trabalho","TST"],"articleSection":["Direito Trabalhista","TST"],"inLanguage":"pt-BR","potentialAction":[{"@type":"CommentAction","name":"Comment","target":["https:\/\/mhcalculos.com.br\/noticias\/area\/trabalhista\/tst-livro-clt-conquistas-trabalhistas-ao-longo-dos-80-anos-da-clt.html#respond"]}]},{"@type":"WebPage","@id":"https:\/\/mhcalculos.com.br\/noticias\/area\/trabalhista\/tst-livro-clt-conquistas-trabalhistas-ao-longo-dos-80-anos-da-clt.html","url":"https:\/\/mhcalculos.com.br\/noticias\/area\/trabalhista\/tst-livro-clt-conquistas-trabalhistas-ao-longo-dos-80-anos-da-clt.html","name":"TST: Livro CLT :\u201cConquistas trabalhistas ao longo dos 80 anos da CLT\u201d | Portal de Not\u00edcias","isPartOf":{"@id":"https:\/\/mhcalculos.com.br\/noticias\/#website"},"primaryImageOfPage":{"@id":"https:\/\/mhcalculos.com.br\/noticias\/area\/trabalhista\/tst-livro-clt-conquistas-trabalhistas-ao-longo-dos-80-anos-da-clt.html#primaryimage"},"image":{"@id":"https:\/\/mhcalculos.com.br\/noticias\/area\/trabalhista\/tst-livro-clt-conquistas-trabalhistas-ao-longo-dos-80-anos-da-clt.html#primaryimage"},"thumbnailUrl":"https:\/\/mhcalculos.com.br\/noticias\/wp-content\/uploads\/sites\/2\/2023\/04\/1682899512_judiciario-0004.jpg","datePublished":"2023-04-28T21:24:00+00:00","dateModified":"2025-04-09T14:53:07+00:00","author":{"@id":"https:\/\/mhcalculos.com.br\/noticias\/#\/schema\/person\/88d1c34bf72dc779ea14a5a6b8e0ae8d"},"breadcrumb":{"@id":"https:\/\/mhcalculos.com.br\/noticias\/area\/trabalhista\/tst-livro-clt-conquistas-trabalhistas-ao-longo-dos-80-anos-da-clt.html#breadcrumb"},"inLanguage":"pt-BR","potentialAction":[{"@type":"ReadAction","target":["https:\/\/mhcalculos.com.br\/noticias\/area\/trabalhista\/tst-livro-clt-conquistas-trabalhistas-ao-longo-dos-80-anos-da-clt.html"]}]},{"@type":"ImageObject","inLanguage":"pt-BR","@id":"https:\/\/mhcalculos.com.br\/noticias\/area\/trabalhista\/tst-livro-clt-conquistas-trabalhistas-ao-longo-dos-80-anos-da-clt.html#primaryimage","url":"https:\/\/mhcalculos.com.br\/noticias\/wp-content\/uploads\/sites\/2\/2023\/04\/1682899512_judiciario-0004.jpg","contentUrl":"https:\/\/mhcalculos.com.br\/noticias\/wp-content\/uploads\/sites\/2\/2023\/04\/1682899512_judiciario-0004.jpg","width":2000,"height":800},{"@type":"BreadcrumbList","@id":"https:\/\/mhcalculos.com.br\/noticias\/area\/trabalhista\/tst-livro-clt-conquistas-trabalhistas-ao-longo-dos-80-anos-da-clt.html#breadcrumb","itemListElement":[{"@type":"ListItem","position":1,"name":"In\u00edcio","item":"https:\/\/mhcalculos.com.br\/noticias\/"},{"@type":"ListItem","position":2,"name":"TST: Livro CLT :\u201cConquistas trabalhistas ao longo dos 80 anos da CLT\u201d"}]},{"@type":"WebSite","@id":"https:\/\/mhcalculos.com.br\/noticias\/#website","url":"https:\/\/mhcalculos.com.br\/noticias\/","name":"Portal de Not\u00edcias","description":"Not\u00edcias e Jurisprud\u00eancia","potentialAction":[{"@type":"SearchAction","target":{"@type":"EntryPoint","urlTemplate":"https:\/\/mhcalculos.com.br\/noticias\/?s={search_term_string}"},"query-input":{"@type":"PropertyValueSpecification","valueRequired":true,"valueName":"search_term_string"}}],"inLanguage":"pt-BR"},{"@type":"Person","@id":"https:\/\/mhcalculos.com.br\/noticias\/#\/schema\/person\/88d1c34bf72dc779ea14a5a6b8e0ae8d","name":"Equipe MH","image":{"@type":"ImageObject","inLanguage":"pt-BR","@id":"https:\/\/secure.gravatar.com\/avatar\/de1c686c2ecc9c5a3f327e3431d819eb39f8f05d4e1045f5a1caad6daaba987f?s=96&d=mm&r=g","url":"https:\/\/secure.gravatar.com\/avatar\/de1c686c2ecc9c5a3f327e3431d819eb39f8f05d4e1045f5a1caad6daaba987f?s=96&d=mm&r=g","contentUrl":"https:\/\/secure.gravatar.com\/avatar\/de1c686c2ecc9c5a3f327e3431d819eb39f8f05d4e1045f5a1caad6daaba987f?s=96&d=mm&r=g","caption":"Equipe MH"}}]}},"_links":{"self":[{"href":"https:\/\/mhcalculos.com.br\/noticias\/wp-json\/wp\/v2\/posts\/12197","targetHints":{"allow":["GET"]}}],"collection":[{"href":"https:\/\/mhcalculos.com.br\/noticias\/wp-json\/wp\/v2\/posts"}],"about":[{"href":"https:\/\/mhcalculos.com.br\/noticias\/wp-json\/wp\/v2\/types\/post"}],"author":[{"embeddable":true,"href":"https:\/\/mhcalculos.com.br\/noticias\/wp-json\/wp\/v2\/users\/3063"}],"replies":[{"embeddable":true,"href":"https:\/\/mhcalculos.com.br\/noticias\/wp-json\/wp\/v2\/comments?post=12197"}],"version-history":[{"count":2,"href":"https:\/\/mhcalculos.com.br\/noticias\/wp-json\/wp\/v2\/posts\/12197\/revisions"}],"predecessor-version":[{"id":13748,"href":"https:\/\/mhcalculos.com.br\/noticias\/wp-json\/wp\/v2\/posts\/12197\/revisions\/13748"}],"wp:featuredmedia":[{"embeddable":true,"href":"https:\/\/mhcalculos.com.br\/noticias\/wp-json\/wp\/v2\/media\/12198"}],"wp:attachment":[{"href":"https:\/\/mhcalculos.com.br\/noticias\/wp-json\/wp\/v2\/media?parent=12197"}],"wp:term":[{"taxonomy":"category","embeddable":true,"href":"https:\/\/mhcalculos.com.br\/noticias\/wp-json\/wp\/v2\/categories?post=12197"},{"taxonomy":"post_tag","embeddable":true,"href":"https:\/\/mhcalculos.com.br\/noticias\/wp-json\/wp\/v2\/tags?post=12197"}],"curies":[{"name":"wp","href":"https:\/\/api.w.org\/{rel}","templated":true}]}}