{"id":12044,"date":"2023-03-22T13:27:00","date_gmt":"2023-03-22T16:27:00","guid":{"rendered":"https:\/\/mhcalculos.com.br\/noticias\/area\/trabalhista\/tst-integracao-de-horas-extras-habituais-no-repouso-semanal-repercute-nas-demais-parcelas-salariais.html"},"modified":"2025-04-09T12:09:08","modified_gmt":"2025-04-09T15:09:08","slug":"tst-integracao-de-horas-extras-habituais-no-repouso-semanal-repercute-nas-demais-parcelas-salariais","status":"publish","type":"post","link":"https:\/\/mhcalculos.com.br\/noticias\/area\/trabalhista\/tst-integracao-de-horas-extras-habituais-no-repouso-semanal-repercute-nas-demais-parcelas-salariais.html","title":{"rendered":"TST: Integra\u00e7\u00e3o de horas extras habituais no repouso semanal repercute nas demais parcelas salariais"},"content":{"rendered":"\n<p>A decis\u00e3o foi tomada em incidente de recurso repetitivo (IRR)<\/p>\n<p>22\/03\/23 &#8211; O Tribunal Superior do Trabalho decidiu que o valor do descanso semanal remunerado majorado pelo pagamento habitual de horas extras deve repercutir, tamb\u00e9m, sobre outras parcelas salariais, como f\u00e9rias, 13\u00ba sal\u00e1rio, aviso pr\u00e9vio e FGTS. O novo entendimento, definido no julgamento de incidente de recurso repetitivo (IRR), dever\u00e1 ser aplicado \u00e0s horas extras prestadas a partir de 20\/3\/23.<\/p>\n<h4>OJ 394<\/h4>\n<p>O caso chegou ao Tribunal Pleno a partir de decis\u00e3o da Sexta Turma do TST, que verificou confronto entre os conte\u00fados da S\u00famula 19 do Tribunal Regional do Trabalho da 5\u00aa Regi\u00e3o e da Orienta\u00e7\u00e3o Jurisprudencial (OJ) 394 da Subse\u00e7\u00e3o I Especializada em Diss\u00eddios Individuais (SDI-1) do TST e decidiu submeter o tema \u00e0 sistem\u00e1tica dos recursos repetitivos, que viabiliza a defini\u00e7\u00e3o de teses jur\u00eddicas sobre temas recorrentes nos recursos de revista a serem aplicadas a todos os casos semelhantes.<\/p>\n<p>A Subse\u00e7\u00e3o I Especializada em Diss\u00eddios Individuais (SDI-1) do TST, no julgamento dos embargos repetitivos, aprovou, por ampla maioria, tese jur\u00eddica contr\u00e1ria \u00e0 OJ 394. Aprovada em 2010, o verbete previa que a majora\u00e7\u00e3o do repouso semanal remunerado (RSR), em raz\u00e3o da integra\u00e7\u00e3o das horas extras habitualmente prestadas, n\u00e3o repercutiria sobre essas parcelas, pois isso representaria dupla incid\u00eancia (<em>bis in idem<\/em>).<\/p>\n<p>Com a confirma\u00e7\u00e3o dessa mudan\u00e7a de entendimento, a Comiss\u00e3o de Jurisprud\u00eancia e Precedentes Normativos do TST vai avaliar o cancelamento ou a altera\u00e7\u00e3o da OJ.<\/p>\n<h4>Quest\u00e3o aritm\u00e9tica<\/h4>\n<p>O relator do IRR, ministro Amaury Rodrigues (foto), explicou que, quando faz uma hora extra a mais durante a semana, o trabalhador recebe mais uma hora no dia do repouso, e essa hora a mais passar\u00e1 a ser computada nos c\u00e1lculos das f\u00e9rias, do 13\u00ba sal\u00e1rio, do aviso-pr\u00e9vio e do FGTS.\u00a0Para ele,\u00a0 a quest\u00e3o \u00e9 aritm\u00e9tica. As horas extras habituais e as respectivas diferen\u00e7as de RSR s\u00e3o parcelas aut\u00f4nomas que formam o espectro remunerat\u00f3rio do trabalhador. Por isso, as duas devem ser consideradas no c\u00e1lculo de parcelas que t\u00eam como base a remunera\u00e7\u00e3o.<\/p>\n<p>\u201cO c\u00e1lculo das horas extras \u00e9 elaborado mediante a utiliza\u00e7\u00e3o de um divisor que isola o valor do sal\u00e1rio-hora, excluindo de sua g\u00eanese qualquer influ\u00eancia do repouso semanal remunerado pelo sal\u00e1rio mensal, de modo que est\u00e3o aritmeticamente separados os valores das horas extras e das diferen\u00e7as de RSR apuradas em decorr\u00eancia dos reflexos daquelas horas extras (c\u00e1lculos elaborados separada e individualmente)\u201d, afirmou.<\/p>\n<h4>Modula\u00e7\u00e3o<\/h4>\n<p>Prevaleceu, no julgamento, a proposta de que a decis\u00e3o tenha efic\u00e1cia a partir da data do julgamento (20\/3\/2023). O relator prop\u00f4s a inser\u00e7\u00e3o dessa data na nova reda\u00e7\u00e3o da OJ, para facilitar sua aplica\u00e7\u00e3o correta por empresas, ju\u00edzes e tribunais regionais e, consequentemente, reduzir a gama de recursos a respeito da mat\u00e9ria.<\/p>\n<h4>Tese jur\u00eddica<\/h4>\n<p>A tese jur\u00eddica aprovada para o Tema Repetitivo 9, que orientar\u00e1 a nova reda\u00e7\u00e3o da OJ 394, foi a seguinte:<\/p>\n<p>REPOUSO SEMANAL REMUNERADO. INTEGRA\u00c7\u00c3O DAS HORAS EXTRAS. REPERCUSS\u00c3O NO C\u00c1LCULO DAS F\u00c9RIAS, D\u00c9CIMO TERCEIRO SAL\u00c1RIO, AVISO PR\u00c9VIO E DEP\u00d3SITOS DO FGTS.<br \/>\nI. A majora\u00e7\u00e3o do valor do repouso semanal remunerado decorrente da integra\u00e7\u00e3o das horas extras habituais deve repercutir no c\u00e1lculo, efetuado pelo empregador, das demais parcelas que t\u00eam como base de c\u00e1lculo o sal\u00e1rio, n\u00e3o se cogitando de bis in idem por sua incid\u00eancia no c\u00e1lculo das f\u00e9rias, da gratifica\u00e7\u00e3o natalina, do aviso pr\u00e9vio e do FGTS.<br \/>\nII. O item I ser\u00e1 aplicado \u00e0s horas extras trabalhadas a partir de 20.03.2023.<\/p>\n<p>Ficaram vencidos os ministros Ives Gandra, Maria Cristina Peduzzi, Sergio Pinto Martins e Dora Maria da Costa, que mantinham a reda\u00e7\u00e3o original da OJ 394.<\/p>\n<p>Julgado o incidente, o processo retornar\u00e1 \u00e0 SDI-1 para que prossiga o julgamento dos embargos interpostos pela Mix Ideal Atacado e Distribuidora de Alimentos Ltda. na reclama\u00e7\u00e3o ajuizada por um carregador, contratado pela empresa em Salvador (BA).<\/p>\n<p>(Lourdes Tavares e Carmem Feij\u00f3)<\/p>\n<p><i>Com informa\u00e7\u00f5es da assessoria de imprensa do TST.<\/i><\/p>\n<p><a href=\"https:\/\/www.tst.jus.br\/web\/guest\/noticias?p_p_id=89Dk&amp;p_p_lifecycle=0&amp;refererPlid=10730&amp;_89Dk_groupId=10157&amp;_89Dk_articleId=31632544\">Fonte<\/a><\/p>\n\n","protected":false},"excerpt":{"rendered":"<p>A decis\u00e3o foi tomada em incidente de recurso repetitivo (IRR) 22\/03\/23 &#8211; O Tribunal Superior do Trabalho decidiu que o valor do descanso semanal remunerado majorado pelo pagamento habitual de horas extras deve repercutir, tamb\u00e9m, sobre outras parcelas salariais, como f\u00e9rias, 13\u00ba sal\u00e1rio, aviso pr\u00e9vio e FGTS. O novo entendimento, definido no julgamento de incidente [&hellip;]<\/p>\n","protected":false},"author":3063,"featured_media":12045,"comment_status":"open","ping_status":"open","sticky":false,"template":"","format":"standard","meta":{"footnotes":""},"categories":[3,21],"tags":[33,216,9,12,217,215],"class_list":{"0":"post-12044","1":"post","2":"type-post","3":"status-publish","4":"format-standard","5":"has-post-thumbnail","7":"category-trabalhista","8":"category-tst","9":"tag-calculos-trabalhistas","10":"tag-direito-trabalhista","11":"tag-pericia","12":"tag-perito","13":"tag-trabalho","14":"tag-tst"},"yoast_head":"<!-- This site is optimized with the Yoast SEO plugin v27.2 - https:\/\/yoast.com\/product\/yoast-seo-wordpress\/ -->\n<title>TST: Integra\u00e7\u00e3o de horas extras habituais no repouso semanal repercute nas demais parcelas salariais | Portal de Not\u00edcias<\/title>\n<meta name=\"robots\" content=\"index, follow, max-snippet:-1, max-image-preview:large, max-video-preview:-1\" \/>\n<link rel=\"canonical\" href=\"https:\/\/mhcalculos.com.br\/noticias\/area\/trabalhista\/tst-integracao-de-horas-extras-habituais-no-repouso-semanal-repercute-nas-demais-parcelas-salariais.html\" \/>\n<meta property=\"og:locale\" content=\"pt_BR\" \/>\n<meta property=\"og:type\" content=\"article\" \/>\n<meta property=\"og:title\" content=\"TST: Integra\u00e7\u00e3o de horas extras habituais no repouso semanal repercute nas demais parcelas salariais | Portal de Not\u00edcias\" \/>\n<meta property=\"og:description\" content=\"A decis\u00e3o foi tomada em incidente de recurso repetitivo (IRR) 22\/03\/23 &#8211; O Tribunal Superior do Trabalho decidiu que o valor do descanso semanal remunerado majorado pelo pagamento habitual de horas extras deve repercutir, tamb\u00e9m, sobre outras parcelas salariais, como f\u00e9rias, 13\u00ba sal\u00e1rio, aviso pr\u00e9vio e FGTS. O novo entendimento, definido no julgamento de incidente [&hellip;]\" \/>\n<meta property=\"og:url\" content=\"https:\/\/mhcalculos.com.br\/noticias\/area\/trabalhista\/tst-integracao-de-horas-extras-habituais-no-repouso-semanal-repercute-nas-demais-parcelas-salariais.html\" \/>\n<meta property=\"og:site_name\" content=\"Portal de Not\u00edcias\" \/>\n<meta property=\"article:published_time\" content=\"2023-03-22T16:27:00+00:00\" \/>\n<meta property=\"article:modified_time\" content=\"2025-04-09T15:09:08+00:00\" \/>\n<meta property=\"og:image\" content=\"https:\/\/mhcalculos.com.br\/noticias\/wp-content\/uploads\/sites\/2\/2023\/03\/trabalhista-0033.jpg\" \/>\n\t<meta property=\"og:image:width\" content=\"2000\" \/>\n\t<meta property=\"og:image:height\" content=\"800\" \/>\n\t<meta property=\"og:image:type\" content=\"image\/jpeg\" \/>\n<meta name=\"author\" content=\"Equipe MH\" \/>\n<meta name=\"twitter:card\" content=\"summary_large_image\" \/>\n<meta name=\"twitter:label1\" content=\"Escrito por\" \/>\n\t<meta name=\"twitter:data1\" content=\"Equipe MH\" \/>\n\t<meta name=\"twitter:label2\" content=\"Est. tempo de leitura\" \/>\n\t<meta name=\"twitter:data2\" content=\"4 minutos\" \/>\n<script type=\"application\/ld+json\" class=\"yoast-schema-graph\">{\"@context\":\"https:\/\/schema.org\",\"@graph\":[{\"@type\":\"Article\",\"@id\":\"https:\/\/mhcalculos.com.br\/noticias\/area\/trabalhista\/tst-integracao-de-horas-extras-habituais-no-repouso-semanal-repercute-nas-demais-parcelas-salariais.html#article\",\"isPartOf\":{\"@id\":\"https:\/\/mhcalculos.com.br\/noticias\/area\/trabalhista\/tst-integracao-de-horas-extras-habituais-no-repouso-semanal-repercute-nas-demais-parcelas-salariais.html\"},\"author\":{\"name\":\"Equipe MH\",\"@id\":\"https:\/\/mhcalculos.com.br\/noticias\/#\/schema\/person\/88d1c34bf72dc779ea14a5a6b8e0ae8d\"},\"headline\":\"TST: Integra\u00e7\u00e3o de horas extras habituais no repouso semanal repercute nas demais parcelas salariais\",\"datePublished\":\"2023-03-22T16:27:00+00:00\",\"dateModified\":\"2025-04-09T15:09:08+00:00\",\"mainEntityOfPage\":{\"@id\":\"https:\/\/mhcalculos.com.br\/noticias\/area\/trabalhista\/tst-integracao-de-horas-extras-habituais-no-repouso-semanal-repercute-nas-demais-parcelas-salariais.html\"},\"wordCount\":725,\"commentCount\":0,\"image\":{\"@id\":\"https:\/\/mhcalculos.com.br\/noticias\/area\/trabalhista\/tst-integracao-de-horas-extras-habituais-no-repouso-semanal-repercute-nas-demais-parcelas-salariais.html#primaryimage\"},\"thumbnailUrl\":\"https:\/\/mhcalculos.com.br\/noticias\/wp-content\/uploads\/sites\/2\/2023\/03\/trabalhista-0033.jpg\",\"keywords\":[\"c\u00e1lculos trabalhistas\",\"direito trabalhista\",\"per\u00edcia\",\"perito\",\"trabalho\",\"TST\"],\"articleSection\":[\"Direito Trabalhista\",\"TST\"],\"inLanguage\":\"pt-BR\",\"potentialAction\":[{\"@type\":\"CommentAction\",\"name\":\"Comment\",\"target\":[\"https:\/\/mhcalculos.com.br\/noticias\/area\/trabalhista\/tst-integracao-de-horas-extras-habituais-no-repouso-semanal-repercute-nas-demais-parcelas-salariais.html#respond\"]}]},{\"@type\":\"WebPage\",\"@id\":\"https:\/\/mhcalculos.com.br\/noticias\/area\/trabalhista\/tst-integracao-de-horas-extras-habituais-no-repouso-semanal-repercute-nas-demais-parcelas-salariais.html\",\"url\":\"https:\/\/mhcalculos.com.br\/noticias\/area\/trabalhista\/tst-integracao-de-horas-extras-habituais-no-repouso-semanal-repercute-nas-demais-parcelas-salariais.html\",\"name\":\"TST: Integra\u00e7\u00e3o de horas extras habituais no repouso semanal repercute nas demais parcelas salariais | Portal de Not\u00edcias\",\"isPartOf\":{\"@id\":\"https:\/\/mhcalculos.com.br\/noticias\/#website\"},\"primaryImageOfPage\":{\"@id\":\"https:\/\/mhcalculos.com.br\/noticias\/area\/trabalhista\/tst-integracao-de-horas-extras-habituais-no-repouso-semanal-repercute-nas-demais-parcelas-salariais.html#primaryimage\"},\"image\":{\"@id\":\"https:\/\/mhcalculos.com.br\/noticias\/area\/trabalhista\/tst-integracao-de-horas-extras-habituais-no-repouso-semanal-repercute-nas-demais-parcelas-salariais.html#primaryimage\"},\"thumbnailUrl\":\"https:\/\/mhcalculos.com.br\/noticias\/wp-content\/uploads\/sites\/2\/2023\/03\/trabalhista-0033.jpg\",\"datePublished\":\"2023-03-22T16:27:00+00:00\",\"dateModified\":\"2025-04-09T15:09:08+00:00\",\"author\":{\"@id\":\"https:\/\/mhcalculos.com.br\/noticias\/#\/schema\/person\/88d1c34bf72dc779ea14a5a6b8e0ae8d\"},\"breadcrumb\":{\"@id\":\"https:\/\/mhcalculos.com.br\/noticias\/area\/trabalhista\/tst-integracao-de-horas-extras-habituais-no-repouso-semanal-repercute-nas-demais-parcelas-salariais.html#breadcrumb\"},\"inLanguage\":\"pt-BR\",\"potentialAction\":[{\"@type\":\"ReadAction\",\"target\":[\"https:\/\/mhcalculos.com.br\/noticias\/area\/trabalhista\/tst-integracao-de-horas-extras-habituais-no-repouso-semanal-repercute-nas-demais-parcelas-salariais.html\"]}]},{\"@type\":\"ImageObject\",\"inLanguage\":\"pt-BR\",\"@id\":\"https:\/\/mhcalculos.com.br\/noticias\/area\/trabalhista\/tst-integracao-de-horas-extras-habituais-no-repouso-semanal-repercute-nas-demais-parcelas-salariais.html#primaryimage\",\"url\":\"https:\/\/mhcalculos.com.br\/noticias\/wp-content\/uploads\/sites\/2\/2023\/03\/trabalhista-0033.jpg\",\"contentUrl\":\"https:\/\/mhcalculos.com.br\/noticias\/wp-content\/uploads\/sites\/2\/2023\/03\/trabalhista-0033.jpg\",\"width\":2000,\"height\":800},{\"@type\":\"BreadcrumbList\",\"@id\":\"https:\/\/mhcalculos.com.br\/noticias\/area\/trabalhista\/tst-integracao-de-horas-extras-habituais-no-repouso-semanal-repercute-nas-demais-parcelas-salariais.html#breadcrumb\",\"itemListElement\":[{\"@type\":\"ListItem\",\"position\":1,\"name\":\"In\u00edcio\",\"item\":\"https:\/\/mhcalculos.com.br\/noticias\/\"},{\"@type\":\"ListItem\",\"position\":2,\"name\":\"TST: Integra\u00e7\u00e3o de horas extras habituais no repouso semanal repercute nas demais parcelas salariais\"}]},{\"@type\":\"WebSite\",\"@id\":\"https:\/\/mhcalculos.com.br\/noticias\/#website\",\"url\":\"https:\/\/mhcalculos.com.br\/noticias\/\",\"name\":\"Portal de Not\u00edcias\",\"description\":\"Not\u00edcias e Jurisprud\u00eancia\",\"potentialAction\":[{\"@type\":\"SearchAction\",\"target\":{\"@type\":\"EntryPoint\",\"urlTemplate\":\"https:\/\/mhcalculos.com.br\/noticias\/?s={search_term_string}\"},\"query-input\":{\"@type\":\"PropertyValueSpecification\",\"valueRequired\":true,\"valueName\":\"search_term_string\"}}],\"inLanguage\":\"pt-BR\"},{\"@type\":\"Person\",\"@id\":\"https:\/\/mhcalculos.com.br\/noticias\/#\/schema\/person\/88d1c34bf72dc779ea14a5a6b8e0ae8d\",\"name\":\"Equipe MH\",\"image\":{\"@type\":\"ImageObject\",\"inLanguage\":\"pt-BR\",\"@id\":\"https:\/\/secure.gravatar.com\/avatar\/de1c686c2ecc9c5a3f327e3431d819eb39f8f05d4e1045f5a1caad6daaba987f?s=96&d=mm&r=g\",\"url\":\"https:\/\/secure.gravatar.com\/avatar\/de1c686c2ecc9c5a3f327e3431d819eb39f8f05d4e1045f5a1caad6daaba987f?s=96&d=mm&r=g\",\"contentUrl\":\"https:\/\/secure.gravatar.com\/avatar\/de1c686c2ecc9c5a3f327e3431d819eb39f8f05d4e1045f5a1caad6daaba987f?s=96&d=mm&r=g\",\"caption\":\"Equipe MH\"}}]}<\/script>\n<!-- \/ Yoast SEO plugin. -->","yoast_head_json":{"title":"TST: Integra\u00e7\u00e3o de horas extras habituais no repouso semanal repercute nas demais parcelas salariais | Portal de Not\u00edcias","robots":{"index":"index","follow":"follow","max-snippet":"max-snippet:-1","max-image-preview":"max-image-preview:large","max-video-preview":"max-video-preview:-1"},"canonical":"https:\/\/mhcalculos.com.br\/noticias\/area\/trabalhista\/tst-integracao-de-horas-extras-habituais-no-repouso-semanal-repercute-nas-demais-parcelas-salariais.html","og_locale":"pt_BR","og_type":"article","og_title":"TST: Integra\u00e7\u00e3o de horas extras habituais no repouso semanal repercute nas demais parcelas salariais | Portal de Not\u00edcias","og_description":"A decis\u00e3o foi tomada em incidente de recurso repetitivo (IRR) 22\/03\/23 &#8211; O Tribunal Superior do Trabalho decidiu que o valor do descanso semanal remunerado majorado pelo pagamento habitual de horas extras deve repercutir, tamb\u00e9m, sobre outras parcelas salariais, como f\u00e9rias, 13\u00ba sal\u00e1rio, aviso pr\u00e9vio e FGTS. O novo entendimento, definido no julgamento de incidente [&hellip;]","og_url":"https:\/\/mhcalculos.com.br\/noticias\/area\/trabalhista\/tst-integracao-de-horas-extras-habituais-no-repouso-semanal-repercute-nas-demais-parcelas-salariais.html","og_site_name":"Portal de Not\u00edcias","article_published_time":"2023-03-22T16:27:00+00:00","article_modified_time":"2025-04-09T15:09:08+00:00","og_image":[{"width":2000,"height":800,"url":"https:\/\/mhcalculos.com.br\/noticias\/wp-content\/uploads\/sites\/2\/2023\/03\/trabalhista-0033.jpg","type":"image\/jpeg"}],"author":"Equipe MH","twitter_card":"summary_large_image","twitter_misc":{"Escrito por":"Equipe MH","Est. tempo de leitura":"4 minutos"},"schema":{"@context":"https:\/\/schema.org","@graph":[{"@type":"Article","@id":"https:\/\/mhcalculos.com.br\/noticias\/area\/trabalhista\/tst-integracao-de-horas-extras-habituais-no-repouso-semanal-repercute-nas-demais-parcelas-salariais.html#article","isPartOf":{"@id":"https:\/\/mhcalculos.com.br\/noticias\/area\/trabalhista\/tst-integracao-de-horas-extras-habituais-no-repouso-semanal-repercute-nas-demais-parcelas-salariais.html"},"author":{"name":"Equipe MH","@id":"https:\/\/mhcalculos.com.br\/noticias\/#\/schema\/person\/88d1c34bf72dc779ea14a5a6b8e0ae8d"},"headline":"TST: Integra\u00e7\u00e3o de horas extras habituais no repouso semanal repercute nas demais parcelas salariais","datePublished":"2023-03-22T16:27:00+00:00","dateModified":"2025-04-09T15:09:08+00:00","mainEntityOfPage":{"@id":"https:\/\/mhcalculos.com.br\/noticias\/area\/trabalhista\/tst-integracao-de-horas-extras-habituais-no-repouso-semanal-repercute-nas-demais-parcelas-salariais.html"},"wordCount":725,"commentCount":0,"image":{"@id":"https:\/\/mhcalculos.com.br\/noticias\/area\/trabalhista\/tst-integracao-de-horas-extras-habituais-no-repouso-semanal-repercute-nas-demais-parcelas-salariais.html#primaryimage"},"thumbnailUrl":"https:\/\/mhcalculos.com.br\/noticias\/wp-content\/uploads\/sites\/2\/2023\/03\/trabalhista-0033.jpg","keywords":["c\u00e1lculos trabalhistas","direito trabalhista","per\u00edcia","perito","trabalho","TST"],"articleSection":["Direito Trabalhista","TST"],"inLanguage":"pt-BR","potentialAction":[{"@type":"CommentAction","name":"Comment","target":["https:\/\/mhcalculos.com.br\/noticias\/area\/trabalhista\/tst-integracao-de-horas-extras-habituais-no-repouso-semanal-repercute-nas-demais-parcelas-salariais.html#respond"]}]},{"@type":"WebPage","@id":"https:\/\/mhcalculos.com.br\/noticias\/area\/trabalhista\/tst-integracao-de-horas-extras-habituais-no-repouso-semanal-repercute-nas-demais-parcelas-salariais.html","url":"https:\/\/mhcalculos.com.br\/noticias\/area\/trabalhista\/tst-integracao-de-horas-extras-habituais-no-repouso-semanal-repercute-nas-demais-parcelas-salariais.html","name":"TST: Integra\u00e7\u00e3o de horas extras habituais no repouso semanal repercute nas demais parcelas salariais | Portal de Not\u00edcias","isPartOf":{"@id":"https:\/\/mhcalculos.com.br\/noticias\/#website"},"primaryImageOfPage":{"@id":"https:\/\/mhcalculos.com.br\/noticias\/area\/trabalhista\/tst-integracao-de-horas-extras-habituais-no-repouso-semanal-repercute-nas-demais-parcelas-salariais.html#primaryimage"},"image":{"@id":"https:\/\/mhcalculos.com.br\/noticias\/area\/trabalhista\/tst-integracao-de-horas-extras-habituais-no-repouso-semanal-repercute-nas-demais-parcelas-salariais.html#primaryimage"},"thumbnailUrl":"https:\/\/mhcalculos.com.br\/noticias\/wp-content\/uploads\/sites\/2\/2023\/03\/trabalhista-0033.jpg","datePublished":"2023-03-22T16:27:00+00:00","dateModified":"2025-04-09T15:09:08+00:00","author":{"@id":"https:\/\/mhcalculos.com.br\/noticias\/#\/schema\/person\/88d1c34bf72dc779ea14a5a6b8e0ae8d"},"breadcrumb":{"@id":"https:\/\/mhcalculos.com.br\/noticias\/area\/trabalhista\/tst-integracao-de-horas-extras-habituais-no-repouso-semanal-repercute-nas-demais-parcelas-salariais.html#breadcrumb"},"inLanguage":"pt-BR","potentialAction":[{"@type":"ReadAction","target":["https:\/\/mhcalculos.com.br\/noticias\/area\/trabalhista\/tst-integracao-de-horas-extras-habituais-no-repouso-semanal-repercute-nas-demais-parcelas-salariais.html"]}]},{"@type":"ImageObject","inLanguage":"pt-BR","@id":"https:\/\/mhcalculos.com.br\/noticias\/area\/trabalhista\/tst-integracao-de-horas-extras-habituais-no-repouso-semanal-repercute-nas-demais-parcelas-salariais.html#primaryimage","url":"https:\/\/mhcalculos.com.br\/noticias\/wp-content\/uploads\/sites\/2\/2023\/03\/trabalhista-0033.jpg","contentUrl":"https:\/\/mhcalculos.com.br\/noticias\/wp-content\/uploads\/sites\/2\/2023\/03\/trabalhista-0033.jpg","width":2000,"height":800},{"@type":"BreadcrumbList","@id":"https:\/\/mhcalculos.com.br\/noticias\/area\/trabalhista\/tst-integracao-de-horas-extras-habituais-no-repouso-semanal-repercute-nas-demais-parcelas-salariais.html#breadcrumb","itemListElement":[{"@type":"ListItem","position":1,"name":"In\u00edcio","item":"https:\/\/mhcalculos.com.br\/noticias\/"},{"@type":"ListItem","position":2,"name":"TST: Integra\u00e7\u00e3o de horas extras habituais no repouso semanal repercute nas demais parcelas salariais"}]},{"@type":"WebSite","@id":"https:\/\/mhcalculos.com.br\/noticias\/#website","url":"https:\/\/mhcalculos.com.br\/noticias\/","name":"Portal de Not\u00edcias","description":"Not\u00edcias e Jurisprud\u00eancia","potentialAction":[{"@type":"SearchAction","target":{"@type":"EntryPoint","urlTemplate":"https:\/\/mhcalculos.com.br\/noticias\/?s={search_term_string}"},"query-input":{"@type":"PropertyValueSpecification","valueRequired":true,"valueName":"search_term_string"}}],"inLanguage":"pt-BR"},{"@type":"Person","@id":"https:\/\/mhcalculos.com.br\/noticias\/#\/schema\/person\/88d1c34bf72dc779ea14a5a6b8e0ae8d","name":"Equipe MH","image":{"@type":"ImageObject","inLanguage":"pt-BR","@id":"https:\/\/secure.gravatar.com\/avatar\/de1c686c2ecc9c5a3f327e3431d819eb39f8f05d4e1045f5a1caad6daaba987f?s=96&d=mm&r=g","url":"https:\/\/secure.gravatar.com\/avatar\/de1c686c2ecc9c5a3f327e3431d819eb39f8f05d4e1045f5a1caad6daaba987f?s=96&d=mm&r=g","contentUrl":"https:\/\/secure.gravatar.com\/avatar\/de1c686c2ecc9c5a3f327e3431d819eb39f8f05d4e1045f5a1caad6daaba987f?s=96&d=mm&r=g","caption":"Equipe MH"}}]}},"_links":{"self":[{"href":"https:\/\/mhcalculos.com.br\/noticias\/wp-json\/wp\/v2\/posts\/12044","targetHints":{"allow":["GET"]}}],"collection":[{"href":"https:\/\/mhcalculos.com.br\/noticias\/wp-json\/wp\/v2\/posts"}],"about":[{"href":"https:\/\/mhcalculos.com.br\/noticias\/wp-json\/wp\/v2\/types\/post"}],"author":[{"embeddable":true,"href":"https:\/\/mhcalculos.com.br\/noticias\/wp-json\/wp\/v2\/users\/3063"}],"replies":[{"embeddable":true,"href":"https:\/\/mhcalculos.com.br\/noticias\/wp-json\/wp\/v2\/comments?post=12044"}],"version-history":[{"count":1,"href":"https:\/\/mhcalculos.com.br\/noticias\/wp-json\/wp\/v2\/posts\/12044\/revisions"}],"predecessor-version":[{"id":13778,"href":"https:\/\/mhcalculos.com.br\/noticias\/wp-json\/wp\/v2\/posts\/12044\/revisions\/13778"}],"wp:featuredmedia":[{"embeddable":true,"href":"https:\/\/mhcalculos.com.br\/noticias\/wp-json\/wp\/v2\/media\/12045"}],"wp:attachment":[{"href":"https:\/\/mhcalculos.com.br\/noticias\/wp-json\/wp\/v2\/media?parent=12044"}],"wp:term":[{"taxonomy":"category","embeddable":true,"href":"https:\/\/mhcalculos.com.br\/noticias\/wp-json\/wp\/v2\/categories?post=12044"},{"taxonomy":"post_tag","embeddable":true,"href":"https:\/\/mhcalculos.com.br\/noticias\/wp-json\/wp\/v2\/tags?post=12044"}],"curies":[{"name":"wp","href":"https:\/\/api.w.org\/{rel}","templated":true}]}}