{"id":12006,"date":"2023-03-09T19:51:00","date_gmt":"2023-03-09T22:51:00","guid":{"rendered":"https:\/\/mhcalculos.com.br\/noticias\/area\/trabalhista\/tst-integrantes-da-magistratura-do-trabalho-participam-de-evento-sobre-pesquisa-judiciaria.html"},"modified":"2025-04-09T12:18:56","modified_gmt":"2025-04-09T15:18:56","slug":"tst-integrantes-da-magistratura-do-trabalho-participam-de-evento-sobre-pesquisa-judiciaria","status":"publish","type":"post","link":"https:\/\/mhcalculos.com.br\/noticias\/area\/trabalhista\/tst-integrantes-da-magistratura-do-trabalho-participam-de-evento-sobre-pesquisa-judiciaria.html","title":{"rendered":"TST: Integrantes da magistratura do trabalho participam de evento sobre pesquisa judici\u00e1ria"},"content":{"rendered":"\n<p>O 2\u00ba Encontro da Rede de Pesquisas Judici\u00e1rias e Ci\u00eancia de Dados do Segmento da Justi\u00e7a do Trabalho est\u00e1 sendo realizado no TST, em Bras\u00edlia<\/p>\n<p>09\/03\/23 \u2013 Integrantes do quadro funcional e da magistratura do trabalho participam, nesta quinta e sexta-feira (9 e 10), do 2\u00ba Encontro da Rede de Pesquisas Judici\u00e1rias e Ci\u00eancia de Dados do Segmento da Justi\u00e7a do Trabalho. O evento foi realizado no edif\u00edcio-sede do TST, em Bras\u00edlia. O objetivo \u00e9 aprofundar o conhecimento sobre formas de pesquisa e instrumentos para organizar as buscas.<\/p>\n<p>A pesquisa judici\u00e1ria foi implantada no \u00e2mbito da Justi\u00e7a do Trabalho a partir da publica\u00e7\u00e3o da <a href=\"https:\/\/atos.cnj.jus.br\/files\/original1957532022060862a0ff41cae4d.pdf\" target=\"_blank\" rel=\"noopener\">Resolu\u00e7\u00e3o 462<\/a> do Conselho Nacional de Justi\u00e7a (CNJ), que criou a Rede de Pesquisas Judici\u00e1rias e os Grupos de Pesquisas Judici\u00e1rias. A inten\u00e7\u00e3o do CNJ \u00e9 integrar os tribunais brasileiros e promover uma gest\u00e3o colaborativa de dados, evitando a duplicidade de informa\u00e7\u00f5es.<\/p>\n<h4>Pioneirismo<\/h4>\n<p>De forma pioneira, o TST criou a Secretaria de Pesquisa Judici\u00e1ria e Ci\u00eancia de Dados (SEPJD) em maio de 2022. Desde ent\u00e3o, a unidade tem se organizado para gerir e organizar os dados produzidos no \u00e2mbito do tribunal. A Coordenadoria de Estat\u00edstica (Cestat) passou a integrar a estrutura da secretaria em fevereiro deste ano, a partir da publica\u00e7\u00e3o do <a href=\"https:\/\/juslaboris.tst.jus.br\/bitstream\/handle\/20.500.12178\/211536\/2023_ato0044.pdf?sequence=1&amp;isAllowed=y\" target=\"_blank\" rel=\"noopener\">Ato 44\/2023<\/a>.<\/p>\n<h4>Refer\u00eancia<\/h4>\n<p>Na abertura do evento, a coordenadora da Comiss\u00e3o Nacional de Pesquisa Judici\u00e1ria e Ci\u00eancia de Dados, ministra K\u00e1tia Arruda, destacou que o tema ainda \u00e9 novidade no Poder Judici\u00e1rio e que n\u00e3o \u00e9 comum \u00e0 justi\u00e7a trabalhar a partir de estat\u00edsticas. \u201cNa Justi\u00e7a do Trabalho, temos um papel ainda maior. Estamos na frente por j\u00e1 termos nossa secretaria nacional e por estarmos estruturando nossas redes em parceria com os 24 TRTs\u201d, disse. \u201cTenho certeza que podemos ser refer\u00eancia para o Brasil\u201d.<\/p>\n<p>Ainda de acordo com a ministra, entre as fun\u00e7\u00f5es da comiss\u00e3o nacional est\u00e3o monitorar e avaliar a gest\u00e3o e as \u00e1reas de pesquisa, al\u00e9m de formular propostas de aperfei\u00e7oamento em rela\u00e7\u00e3o \u00e0 governan\u00e7a do TST.<\/p>\n<h4>Dados concretos<\/h4>\n<p>Para o supervisor da Secretaria de Pesquisa Judici\u00e1ria e Ci\u00eancia de Dados do TST, juiz Leonardo Vieira Wandelli, a tem\u00e1tica \u00e9 essencial nos dias atuais para qualquer institui\u00e7\u00e3o. \u201cPrecisamos produzir um conhecimento qualificado que nos permita compreender as transforma\u00e7\u00f5es e as perman\u00eancias do mundo do trabalho, nesse mundo complexo e cheio de narrativas, nas quais muitas vezes n\u00e3o podemos confiar\u201d, pontuou.<\/p>\n<p>Assim, segundo o magistrado, ser\u00e1 poss\u00edvel aprimorar a gest\u00e3o e a capacidade de julgar do Poder Judici\u00e1rio e contribuir para a efetividade da justi\u00e7a social.<\/p>\n<h4>Programa\u00e7\u00e3o<\/h4>\n<p>O \u00a02\u00ba Encontro da Rede de Pesquisas Judici\u00e1rias e Ci\u00eancia de Dados do Segmento da Justi\u00e7a do Trabalho continua nesta sexta-feira (10). A partir das 9h30, os participantes acompanhar\u00e3o o painel sobre experi\u00eancias com ci\u00eancias de dados e sistemas de automa\u00e7\u00e3o j\u00e1 em uso, al\u00e9m de conhecer o trabalho em curso nos TRTs da 1\u00aa Regi\u00e3o (RJ) e da 18\u00aa Regi\u00e3o (GO).<\/p>\n<p>(Juliane Sacerdote\/AJ\/\/CF)<\/p>\n<p><i>Com informa\u00e7\u00f5es da assessoria de imprensa do TST.<\/i><\/p>\n<p><a href=\"https:\/\/www.tst.jus.br\/web\/guest\/noticias?p_p_id=89Dk&amp;p_p_lifecycle=0&amp;refererPlid=10730&amp;_89Dk_groupId=10157&amp;_89Dk_articleId=31599474\">Fonte<\/a><\/p>\n\n","protected":false},"excerpt":{"rendered":"<p>O 2\u00ba Encontro da Rede de Pesquisas Judici\u00e1rias e Ci\u00eancia de Dados do Segmento da Justi\u00e7a do Trabalho est\u00e1 sendo realizado no TST, em Bras\u00edlia 09\/03\/23 \u2013 Integrantes do quadro funcional e da magistratura do trabalho participam, nesta quinta e sexta-feira (9 e 10), do 2\u00ba Encontro da Rede de Pesquisas Judici\u00e1rias e Ci\u00eancia de [&hellip;]<\/p>\n","protected":false},"author":3063,"featured_media":12007,"comment_status":"open","ping_status":"open","sticky":false,"template":"","format":"standard","meta":{"footnotes":""},"categories":[3,21],"tags":[33,216,9,12,217,215],"class_list":{"0":"post-12006","1":"post","2":"type-post","3":"status-publish","4":"format-standard","5":"has-post-thumbnail","7":"category-trabalhista","8":"category-tst","9":"tag-calculos-trabalhistas","10":"tag-direito-trabalhista","11":"tag-pericia","12":"tag-perito","13":"tag-trabalho","14":"tag-tst"},"yoast_head":"<!-- This site is optimized with the Yoast SEO plugin v27.2 - https:\/\/yoast.com\/product\/yoast-seo-wordpress\/ -->\n<title>TST: Integrantes da magistratura do trabalho participam de evento sobre pesquisa judici\u00e1ria | Portal de Not\u00edcias<\/title>\n<meta name=\"robots\" content=\"index, follow, max-snippet:-1, max-image-preview:large, max-video-preview:-1\" \/>\n<link rel=\"canonical\" href=\"https:\/\/mhcalculos.com.br\/noticias\/area\/trabalhista\/tst-integrantes-da-magistratura-do-trabalho-participam-de-evento-sobre-pesquisa-judiciaria.html\" \/>\n<meta property=\"og:locale\" content=\"pt_BR\" \/>\n<meta property=\"og:type\" content=\"article\" \/>\n<meta property=\"og:title\" content=\"TST: Integrantes da magistratura do trabalho participam de evento sobre pesquisa judici\u00e1ria | Portal de Not\u00edcias\" \/>\n<meta property=\"og:description\" content=\"O 2\u00ba Encontro da Rede de Pesquisas Judici\u00e1rias e Ci\u00eancia de Dados do Segmento da Justi\u00e7a do Trabalho est\u00e1 sendo realizado no TST, em Bras\u00edlia 09\/03\/23 \u2013 Integrantes do quadro funcional e da magistratura do trabalho participam, nesta quinta e sexta-feira (9 e 10), do 2\u00ba Encontro da Rede de Pesquisas Judici\u00e1rias e Ci\u00eancia de [&hellip;]\" \/>\n<meta property=\"og:url\" content=\"https:\/\/mhcalculos.com.br\/noticias\/area\/trabalhista\/tst-integrantes-da-magistratura-do-trabalho-participam-de-evento-sobre-pesquisa-judiciaria.html\" \/>\n<meta property=\"og:site_name\" content=\"Portal de Not\u00edcias\" \/>\n<meta property=\"article:published_time\" content=\"2023-03-09T22:51:00+00:00\" \/>\n<meta property=\"article:modified_time\" content=\"2025-04-09T15:18:56+00:00\" \/>\n<meta property=\"og:image\" content=\"https:\/\/mhcalculos.com.br\/noticias\/wp-content\/uploads\/sites\/2\/2023\/03\/judiciario-0007.jpg\" \/>\n\t<meta property=\"og:image:width\" content=\"2000\" \/>\n\t<meta property=\"og:image:height\" content=\"800\" \/>\n\t<meta property=\"og:image:type\" content=\"image\/jpeg\" \/>\n<meta name=\"author\" content=\"Equipe MH\" \/>\n<meta name=\"twitter:card\" content=\"summary_large_image\" \/>\n<meta name=\"twitter:label1\" content=\"Escrito por\" \/>\n\t<meta name=\"twitter:data1\" content=\"Equipe MH\" \/>\n\t<meta name=\"twitter:label2\" content=\"Est. tempo de leitura\" \/>\n\t<meta name=\"twitter:data2\" content=\"4 minutos\" \/>\n<script type=\"application\/ld+json\" class=\"yoast-schema-graph\">{\"@context\":\"https:\/\/schema.org\",\"@graph\":[{\"@type\":\"Article\",\"@id\":\"https:\/\/mhcalculos.com.br\/noticias\/area\/trabalhista\/tst-integrantes-da-magistratura-do-trabalho-participam-de-evento-sobre-pesquisa-judiciaria.html#article\",\"isPartOf\":{\"@id\":\"https:\/\/mhcalculos.com.br\/noticias\/area\/trabalhista\/tst-integrantes-da-magistratura-do-trabalho-participam-de-evento-sobre-pesquisa-judiciaria.html\"},\"author\":{\"name\":\"Equipe MH\",\"@id\":\"https:\/\/mhcalculos.com.br\/noticias\/#\/schema\/person\/88d1c34bf72dc779ea14a5a6b8e0ae8d\"},\"headline\":\"TST: Integrantes da magistratura do trabalho participam de evento sobre pesquisa judici\u00e1ria\",\"datePublished\":\"2023-03-09T22:51:00+00:00\",\"dateModified\":\"2025-04-09T15:18:56+00:00\",\"mainEntityOfPage\":{\"@id\":\"https:\/\/mhcalculos.com.br\/noticias\/area\/trabalhista\/tst-integrantes-da-magistratura-do-trabalho-participam-de-evento-sobre-pesquisa-judiciaria.html\"},\"wordCount\":549,\"commentCount\":0,\"image\":{\"@id\":\"https:\/\/mhcalculos.com.br\/noticias\/area\/trabalhista\/tst-integrantes-da-magistratura-do-trabalho-participam-de-evento-sobre-pesquisa-judiciaria.html#primaryimage\"},\"thumbnailUrl\":\"https:\/\/mhcalculos.com.br\/noticias\/wp-content\/uploads\/sites\/2\/2023\/03\/judiciario-0007.jpg\",\"keywords\":[\"c\u00e1lculos trabalhistas\",\"direito trabalhista\",\"per\u00edcia\",\"perito\",\"trabalho\",\"TST\"],\"articleSection\":[\"Direito Trabalhista\",\"TST\"],\"inLanguage\":\"pt-BR\",\"potentialAction\":[{\"@type\":\"CommentAction\",\"name\":\"Comment\",\"target\":[\"https:\/\/mhcalculos.com.br\/noticias\/area\/trabalhista\/tst-integrantes-da-magistratura-do-trabalho-participam-de-evento-sobre-pesquisa-judiciaria.html#respond\"]}]},{\"@type\":\"WebPage\",\"@id\":\"https:\/\/mhcalculos.com.br\/noticias\/area\/trabalhista\/tst-integrantes-da-magistratura-do-trabalho-participam-de-evento-sobre-pesquisa-judiciaria.html\",\"url\":\"https:\/\/mhcalculos.com.br\/noticias\/area\/trabalhista\/tst-integrantes-da-magistratura-do-trabalho-participam-de-evento-sobre-pesquisa-judiciaria.html\",\"name\":\"TST: Integrantes da magistratura do trabalho participam de evento sobre pesquisa judici\u00e1ria | Portal de Not\u00edcias\",\"isPartOf\":{\"@id\":\"https:\/\/mhcalculos.com.br\/noticias\/#website\"},\"primaryImageOfPage\":{\"@id\":\"https:\/\/mhcalculos.com.br\/noticias\/area\/trabalhista\/tst-integrantes-da-magistratura-do-trabalho-participam-de-evento-sobre-pesquisa-judiciaria.html#primaryimage\"},\"image\":{\"@id\":\"https:\/\/mhcalculos.com.br\/noticias\/area\/trabalhista\/tst-integrantes-da-magistratura-do-trabalho-participam-de-evento-sobre-pesquisa-judiciaria.html#primaryimage\"},\"thumbnailUrl\":\"https:\/\/mhcalculos.com.br\/noticias\/wp-content\/uploads\/sites\/2\/2023\/03\/judiciario-0007.jpg\",\"datePublished\":\"2023-03-09T22:51:00+00:00\",\"dateModified\":\"2025-04-09T15:18:56+00:00\",\"author\":{\"@id\":\"https:\/\/mhcalculos.com.br\/noticias\/#\/schema\/person\/88d1c34bf72dc779ea14a5a6b8e0ae8d\"},\"breadcrumb\":{\"@id\":\"https:\/\/mhcalculos.com.br\/noticias\/area\/trabalhista\/tst-integrantes-da-magistratura-do-trabalho-participam-de-evento-sobre-pesquisa-judiciaria.html#breadcrumb\"},\"inLanguage\":\"pt-BR\",\"potentialAction\":[{\"@type\":\"ReadAction\",\"target\":[\"https:\/\/mhcalculos.com.br\/noticias\/area\/trabalhista\/tst-integrantes-da-magistratura-do-trabalho-participam-de-evento-sobre-pesquisa-judiciaria.html\"]}]},{\"@type\":\"ImageObject\",\"inLanguage\":\"pt-BR\",\"@id\":\"https:\/\/mhcalculos.com.br\/noticias\/area\/trabalhista\/tst-integrantes-da-magistratura-do-trabalho-participam-de-evento-sobre-pesquisa-judiciaria.html#primaryimage\",\"url\":\"https:\/\/mhcalculos.com.br\/noticias\/wp-content\/uploads\/sites\/2\/2023\/03\/judiciario-0007.jpg\",\"contentUrl\":\"https:\/\/mhcalculos.com.br\/noticias\/wp-content\/uploads\/sites\/2\/2023\/03\/judiciario-0007.jpg\",\"width\":2000,\"height\":800},{\"@type\":\"BreadcrumbList\",\"@id\":\"https:\/\/mhcalculos.com.br\/noticias\/area\/trabalhista\/tst-integrantes-da-magistratura-do-trabalho-participam-de-evento-sobre-pesquisa-judiciaria.html#breadcrumb\",\"itemListElement\":[{\"@type\":\"ListItem\",\"position\":1,\"name\":\"In\u00edcio\",\"item\":\"https:\/\/mhcalculos.com.br\/noticias\/\"},{\"@type\":\"ListItem\",\"position\":2,\"name\":\"TST: Integrantes da magistratura do trabalho participam de evento sobre pesquisa judici\u00e1ria\"}]},{\"@type\":\"WebSite\",\"@id\":\"https:\/\/mhcalculos.com.br\/noticias\/#website\",\"url\":\"https:\/\/mhcalculos.com.br\/noticias\/\",\"name\":\"Portal de Not\u00edcias\",\"description\":\"Not\u00edcias e Jurisprud\u00eancia\",\"potentialAction\":[{\"@type\":\"SearchAction\",\"target\":{\"@type\":\"EntryPoint\",\"urlTemplate\":\"https:\/\/mhcalculos.com.br\/noticias\/?s={search_term_string}\"},\"query-input\":{\"@type\":\"PropertyValueSpecification\",\"valueRequired\":true,\"valueName\":\"search_term_string\"}}],\"inLanguage\":\"pt-BR\"},{\"@type\":\"Person\",\"@id\":\"https:\/\/mhcalculos.com.br\/noticias\/#\/schema\/person\/88d1c34bf72dc779ea14a5a6b8e0ae8d\",\"name\":\"Equipe MH\",\"image\":{\"@type\":\"ImageObject\",\"inLanguage\":\"pt-BR\",\"@id\":\"https:\/\/secure.gravatar.com\/avatar\/de1c686c2ecc9c5a3f327e3431d819eb39f8f05d4e1045f5a1caad6daaba987f?s=96&d=mm&r=g\",\"url\":\"https:\/\/secure.gravatar.com\/avatar\/de1c686c2ecc9c5a3f327e3431d819eb39f8f05d4e1045f5a1caad6daaba987f?s=96&d=mm&r=g\",\"contentUrl\":\"https:\/\/secure.gravatar.com\/avatar\/de1c686c2ecc9c5a3f327e3431d819eb39f8f05d4e1045f5a1caad6daaba987f?s=96&d=mm&r=g\",\"caption\":\"Equipe MH\"}}]}<\/script>\n<!-- \/ Yoast SEO plugin. -->","yoast_head_json":{"title":"TST: Integrantes da magistratura do trabalho participam de evento sobre pesquisa judici\u00e1ria | Portal de Not\u00edcias","robots":{"index":"index","follow":"follow","max-snippet":"max-snippet:-1","max-image-preview":"max-image-preview:large","max-video-preview":"max-video-preview:-1"},"canonical":"https:\/\/mhcalculos.com.br\/noticias\/area\/trabalhista\/tst-integrantes-da-magistratura-do-trabalho-participam-de-evento-sobre-pesquisa-judiciaria.html","og_locale":"pt_BR","og_type":"article","og_title":"TST: Integrantes da magistratura do trabalho participam de evento sobre pesquisa judici\u00e1ria | Portal de Not\u00edcias","og_description":"O 2\u00ba Encontro da Rede de Pesquisas Judici\u00e1rias e Ci\u00eancia de Dados do Segmento da Justi\u00e7a do Trabalho est\u00e1 sendo realizado no TST, em Bras\u00edlia 09\/03\/23 \u2013 Integrantes do quadro funcional e da magistratura do trabalho participam, nesta quinta e sexta-feira (9 e 10), do 2\u00ba Encontro da Rede de Pesquisas Judici\u00e1rias e Ci\u00eancia de [&hellip;]","og_url":"https:\/\/mhcalculos.com.br\/noticias\/area\/trabalhista\/tst-integrantes-da-magistratura-do-trabalho-participam-de-evento-sobre-pesquisa-judiciaria.html","og_site_name":"Portal de Not\u00edcias","article_published_time":"2023-03-09T22:51:00+00:00","article_modified_time":"2025-04-09T15:18:56+00:00","og_image":[{"width":2000,"height":800,"url":"https:\/\/mhcalculos.com.br\/noticias\/wp-content\/uploads\/sites\/2\/2023\/03\/judiciario-0007.jpg","type":"image\/jpeg"}],"author":"Equipe MH","twitter_card":"summary_large_image","twitter_misc":{"Escrito por":"Equipe MH","Est. tempo de leitura":"4 minutos"},"schema":{"@context":"https:\/\/schema.org","@graph":[{"@type":"Article","@id":"https:\/\/mhcalculos.com.br\/noticias\/area\/trabalhista\/tst-integrantes-da-magistratura-do-trabalho-participam-de-evento-sobre-pesquisa-judiciaria.html#article","isPartOf":{"@id":"https:\/\/mhcalculos.com.br\/noticias\/area\/trabalhista\/tst-integrantes-da-magistratura-do-trabalho-participam-de-evento-sobre-pesquisa-judiciaria.html"},"author":{"name":"Equipe MH","@id":"https:\/\/mhcalculos.com.br\/noticias\/#\/schema\/person\/88d1c34bf72dc779ea14a5a6b8e0ae8d"},"headline":"TST: Integrantes da magistratura do trabalho participam de evento sobre pesquisa judici\u00e1ria","datePublished":"2023-03-09T22:51:00+00:00","dateModified":"2025-04-09T15:18:56+00:00","mainEntityOfPage":{"@id":"https:\/\/mhcalculos.com.br\/noticias\/area\/trabalhista\/tst-integrantes-da-magistratura-do-trabalho-participam-de-evento-sobre-pesquisa-judiciaria.html"},"wordCount":549,"commentCount":0,"image":{"@id":"https:\/\/mhcalculos.com.br\/noticias\/area\/trabalhista\/tst-integrantes-da-magistratura-do-trabalho-participam-de-evento-sobre-pesquisa-judiciaria.html#primaryimage"},"thumbnailUrl":"https:\/\/mhcalculos.com.br\/noticias\/wp-content\/uploads\/sites\/2\/2023\/03\/judiciario-0007.jpg","keywords":["c\u00e1lculos trabalhistas","direito trabalhista","per\u00edcia","perito","trabalho","TST"],"articleSection":["Direito Trabalhista","TST"],"inLanguage":"pt-BR","potentialAction":[{"@type":"CommentAction","name":"Comment","target":["https:\/\/mhcalculos.com.br\/noticias\/area\/trabalhista\/tst-integrantes-da-magistratura-do-trabalho-participam-de-evento-sobre-pesquisa-judiciaria.html#respond"]}]},{"@type":"WebPage","@id":"https:\/\/mhcalculos.com.br\/noticias\/area\/trabalhista\/tst-integrantes-da-magistratura-do-trabalho-participam-de-evento-sobre-pesquisa-judiciaria.html","url":"https:\/\/mhcalculos.com.br\/noticias\/area\/trabalhista\/tst-integrantes-da-magistratura-do-trabalho-participam-de-evento-sobre-pesquisa-judiciaria.html","name":"TST: Integrantes da magistratura do trabalho participam de evento sobre pesquisa judici\u00e1ria | Portal de Not\u00edcias","isPartOf":{"@id":"https:\/\/mhcalculos.com.br\/noticias\/#website"},"primaryImageOfPage":{"@id":"https:\/\/mhcalculos.com.br\/noticias\/area\/trabalhista\/tst-integrantes-da-magistratura-do-trabalho-participam-de-evento-sobre-pesquisa-judiciaria.html#primaryimage"},"image":{"@id":"https:\/\/mhcalculos.com.br\/noticias\/area\/trabalhista\/tst-integrantes-da-magistratura-do-trabalho-participam-de-evento-sobre-pesquisa-judiciaria.html#primaryimage"},"thumbnailUrl":"https:\/\/mhcalculos.com.br\/noticias\/wp-content\/uploads\/sites\/2\/2023\/03\/judiciario-0007.jpg","datePublished":"2023-03-09T22:51:00+00:00","dateModified":"2025-04-09T15:18:56+00:00","author":{"@id":"https:\/\/mhcalculos.com.br\/noticias\/#\/schema\/person\/88d1c34bf72dc779ea14a5a6b8e0ae8d"},"breadcrumb":{"@id":"https:\/\/mhcalculos.com.br\/noticias\/area\/trabalhista\/tst-integrantes-da-magistratura-do-trabalho-participam-de-evento-sobre-pesquisa-judiciaria.html#breadcrumb"},"inLanguage":"pt-BR","potentialAction":[{"@type":"ReadAction","target":["https:\/\/mhcalculos.com.br\/noticias\/area\/trabalhista\/tst-integrantes-da-magistratura-do-trabalho-participam-de-evento-sobre-pesquisa-judiciaria.html"]}]},{"@type":"ImageObject","inLanguage":"pt-BR","@id":"https:\/\/mhcalculos.com.br\/noticias\/area\/trabalhista\/tst-integrantes-da-magistratura-do-trabalho-participam-de-evento-sobre-pesquisa-judiciaria.html#primaryimage","url":"https:\/\/mhcalculos.com.br\/noticias\/wp-content\/uploads\/sites\/2\/2023\/03\/judiciario-0007.jpg","contentUrl":"https:\/\/mhcalculos.com.br\/noticias\/wp-content\/uploads\/sites\/2\/2023\/03\/judiciario-0007.jpg","width":2000,"height":800},{"@type":"BreadcrumbList","@id":"https:\/\/mhcalculos.com.br\/noticias\/area\/trabalhista\/tst-integrantes-da-magistratura-do-trabalho-participam-de-evento-sobre-pesquisa-judiciaria.html#breadcrumb","itemListElement":[{"@type":"ListItem","position":1,"name":"In\u00edcio","item":"https:\/\/mhcalculos.com.br\/noticias\/"},{"@type":"ListItem","position":2,"name":"TST: Integrantes da magistratura do trabalho participam de evento sobre pesquisa judici\u00e1ria"}]},{"@type":"WebSite","@id":"https:\/\/mhcalculos.com.br\/noticias\/#website","url":"https:\/\/mhcalculos.com.br\/noticias\/","name":"Portal de Not\u00edcias","description":"Not\u00edcias e Jurisprud\u00eancia","potentialAction":[{"@type":"SearchAction","target":{"@type":"EntryPoint","urlTemplate":"https:\/\/mhcalculos.com.br\/noticias\/?s={search_term_string}"},"query-input":{"@type":"PropertyValueSpecification","valueRequired":true,"valueName":"search_term_string"}}],"inLanguage":"pt-BR"},{"@type":"Person","@id":"https:\/\/mhcalculos.com.br\/noticias\/#\/schema\/person\/88d1c34bf72dc779ea14a5a6b8e0ae8d","name":"Equipe MH","image":{"@type":"ImageObject","inLanguage":"pt-BR","@id":"https:\/\/secure.gravatar.com\/avatar\/de1c686c2ecc9c5a3f327e3431d819eb39f8f05d4e1045f5a1caad6daaba987f?s=96&d=mm&r=g","url":"https:\/\/secure.gravatar.com\/avatar\/de1c686c2ecc9c5a3f327e3431d819eb39f8f05d4e1045f5a1caad6daaba987f?s=96&d=mm&r=g","contentUrl":"https:\/\/secure.gravatar.com\/avatar\/de1c686c2ecc9c5a3f327e3431d819eb39f8f05d4e1045f5a1caad6daaba987f?s=96&d=mm&r=g","caption":"Equipe MH"}}]}},"_links":{"self":[{"href":"https:\/\/mhcalculos.com.br\/noticias\/wp-json\/wp\/v2\/posts\/12006","targetHints":{"allow":["GET"]}}],"collection":[{"href":"https:\/\/mhcalculos.com.br\/noticias\/wp-json\/wp\/v2\/posts"}],"about":[{"href":"https:\/\/mhcalculos.com.br\/noticias\/wp-json\/wp\/v2\/types\/post"}],"author":[{"embeddable":true,"href":"https:\/\/mhcalculos.com.br\/noticias\/wp-json\/wp\/v2\/users\/3063"}],"replies":[{"embeddable":true,"href":"https:\/\/mhcalculos.com.br\/noticias\/wp-json\/wp\/v2\/comments?post=12006"}],"version-history":[{"count":2,"href":"https:\/\/mhcalculos.com.br\/noticias\/wp-json\/wp\/v2\/posts\/12006\/revisions"}],"predecessor-version":[{"id":13794,"href":"https:\/\/mhcalculos.com.br\/noticias\/wp-json\/wp\/v2\/posts\/12006\/revisions\/13794"}],"wp:featuredmedia":[{"embeddable":true,"href":"https:\/\/mhcalculos.com.br\/noticias\/wp-json\/wp\/v2\/media\/12007"}],"wp:attachment":[{"href":"https:\/\/mhcalculos.com.br\/noticias\/wp-json\/wp\/v2\/media?parent=12006"}],"wp:term":[{"taxonomy":"category","embeddable":true,"href":"https:\/\/mhcalculos.com.br\/noticias\/wp-json\/wp\/v2\/categories?post=12006"},{"taxonomy":"post_tag","embeddable":true,"href":"https:\/\/mhcalculos.com.br\/noticias\/wp-json\/wp\/v2\/tags?post=12006"}],"curies":[{"name":"wp","href":"https:\/\/api.w.org\/{rel}","templated":true}]}}