{"id":11992,"date":"2023-03-02T18:42:00","date_gmt":"2023-03-02T21:42:00","guid":{"rendered":"https:\/\/mhcalculos.com.br\/noticias\/area\/trabalhista\/tst-presidentes-do-stf-e-do-tribunal-ressaltam-importancia-da-efetividade-da-justica-social.html"},"modified":"2025-04-09T12:20:50","modified_gmt":"2025-04-09T15:20:50","slug":"tst-presidentes-do-stf-e-do-tribunal-ressaltam-importancia-da-efetividade-da-justica-social","status":"publish","type":"post","link":"https:\/\/mhcalculos.com.br\/noticias\/area\/trabalhista\/tst-presidentes-do-stf-e-do-tribunal-ressaltam-importancia-da-efetividade-da-justica-social.html","title":{"rendered":"TST: Presidentes do STF e do Tribunal&nbsp;ressaltam import\u00e2ncia da efetividade da justi\u00e7a social"},"content":{"rendered":"\n<p>Ministra Rosa Weber e ministro Lelio Bentes Corr\u00eaa abriram o \u201cSemin\u00e1rio Internacional sobre Direitos Constitucionais e Rela\u00e7\u00f5es de Trabalho: Caminhos das Cortes Superiores para a Efetividade da Justi\u00e7a Social\u201d, no STF<\/p>\n<p>02\/03\/23 &#8211; A presidente do Supremo Tribunal Federal, ministra Rosa Weber, e o presidente do Tribunal Superior do Trabalho, ministro Lelio Bentes Corr\u00eaa, conduziram, na manh\u00e3 desta quinta-feira (2), a abertura do \u201cSemin\u00e1rio Internacional sobre Direitos Constitucionais e Rela\u00e7\u00f5es de Trabalho: Caminhos das Cortes Superiores para a Efetividade da Justi\u00e7a Social\u201d. O evento est\u00e1 sendo realizado na Sala de Sess\u00f5es da 1\u00aa Turma do STF e pode ser acompanhado ao vivo pelos canais oficiais no YouTube do STF, do TST e da Enamat.<\/p>\n<h4>Converg\u00eancias<\/h4>\n<p>Ao dar as boas-vindas \u00e0 comunidade trabalhista, a ministra Rosa Weber, que integrou o TST antes de ser nomeada para o STF, convidou-a a trabalhar para dar efetividade \u00e0 justi\u00e7a social, com a converg\u00eancia entre direitos constitucionais e rela\u00e7\u00f5es de trabalho. \u201cA evoca\u00e7\u00e3o dessa busca de efetividade, mais do que alertar para a dilacerante dist\u00e2ncia em que ainda estamos desse objetivo, coloca em pauta a necessidade de prote\u00e7\u00e3o de conquistas j\u00e1 efetuadas, para que as dificuldades de avan\u00e7o n\u00e3o se agravem, com indesej\u00e1veis retrocessos\u201d, afirmou.<\/p>\n<h4>Fortalecimento do interc\u00e2mbio<\/h4>\n<p>Ela ressaltou que, no ataque do dia 8 de janeiro, a \u201cmaior virul\u00eancia destrutiva\u201d foi direcionada ao STF porque a institui\u00e7\u00e3o, ao fazer prevalecer a autoridade da Constitui\u00e7\u00e3o Federal, se contrap\u00f5e a pretens\u00f5es autocr\u00e1ticas. Ao alertar para o recrudescimento da intoler\u00e2ncia em rela\u00e7\u00e3o ao papel institucional do Poder Judici\u00e1rio, a presidente do STF destacou a import\u00e2ncia do fortalecimento do interc\u00e2mbio acad\u00eamico, como o proposto pelo semin\u00e1rio.<\/p>\n<h4>Desafios cr\u00f4nicos<\/h4>\n<p>O presidente do TST ressaltou que, pela primeira vez, em seus 81 anos, a Justi\u00e7a do Trabalho realiza um semin\u00e1rio com o Supremo. Lelio Bentes frisou que o Brasil ainda luta contra desafios cr\u00f4nicos, como o desemprego e a explora\u00e7\u00e3o do trabalho infantil, do trabalho for\u00e7ado e do trabalho dos migrantes, dentre outros. Nesse sentido, afirmou que o momento \u00e9 oportuno para celebrar os 35 anos da Constitui\u00e7\u00e3o de 1988 e os 80 anos da Consolida\u00e7\u00e3o das Leis do Trabalho (CLT), dois instrumentos que pautar\u00e3o as discuss\u00f5es que ser\u00e3o feitas no evento.<\/p>\n<h4>Garantia de estabilidade<\/h4>\n<p>Ele assinalou que, contra a cren\u00e7a de que Estados e governos deveriam reduzir sua interven\u00e7\u00e3o ou se abster de regular as atividades econ\u00f4micas e as rela\u00e7\u00f5es de trabalho, \u00e9 importante lembrar que a justi\u00e7a social n\u00e3o \u00e9 um \u201csuplemento espiritual para idealistas de bom cora\u00e7\u00e3o, mas uma garantia de estabilidade para pol\u00edticas realistas\u201d. Para Lelio Bentes, dispor de instrumentos para a realiza\u00e7\u00e3o da justi\u00e7a social \u00e9 indispens\u00e1vel para a concretiza\u00e7\u00e3o da concilia\u00e7\u00e3o e da harmoniza\u00e7\u00e3o sociais e para a supera\u00e7\u00e3o de conflitos.<\/p>\n<h4>Princ\u00edpios humanistas<\/h4>\n<p>O diretor da Escola Nacional de Forma\u00e7\u00e3o e Aperfei\u00e7oamento de Magistrados do Trabalho (Enamat), ministro Mauricio Godinho Delgado, do TST, afirmou que a Constitui\u00e7\u00e3o de 1988 foi a primeira, no Brasil, a se iniciar com princ\u00edpios humanistas e sociais, enfatizando a centralidade do ser humano tamb\u00e9m pelo trabalho, que \u00e9 o meio de o ser humano garantir a sua cidadania.<\/p>\n<p>O ministro do TST lembrou que, nos \u00faltimos dois meses, as institui\u00e7\u00f5es brasileiras foram \u201cafrontadas por um grupo de selvagens\u201d e que a ministra Rosa Weber emergiu dessa situa\u00e7\u00e3o com um \u201cpapel exemplar de lideran\u00e7a\u201d e como fonte de inspira\u00e7\u00e3o.<\/p>\n<p>Veja tamb\u00e9m:<\/p>\n<p>2\/3\/2023 \u2013\u00a0<a href=\"http:\/\/www.enamat.jus.br\/?p=22385\" target=\"_blank\" rel=\"noopener\"><strong>Presidentes do STF e TST abrem semin\u00e1rio sobre Direitos Constitucionais e Rela\u00e7\u00f5es de Trabalho<\/strong><\/a><\/p>\n<p>3\/3\/2023 \u2013\u00a0<a href=\"http:\/\/www.enamat.jus.br\/?p=22395\" target=\"_blank\" rel=\"noopener\"><strong>Justi\u00e7a Social \u00e9 destaque em \u00faltimo dia de semin\u00e1rio sobre Direitos Constitucionais e Rela\u00e7\u00f5es de Trabalho<\/strong><\/a><\/p>\n<p>Confira\u00a0mais fotos no <strong><a href=\"https:\/\/www.flickr.com\/photos\/tst_oficial\/albums\/72177720306412462\" target=\"\" rel=\"noopener\">Flickr<\/a>.<\/strong><\/p>\n<p>(Com informa\u00e7\u00f5es do STF\/CF)<\/p>\n<p><i>Com informa\u00e7\u00f5es da assessoria de imprensa do TST.<\/i><\/p>\n<p><a href=\"https:\/\/www.tst.jus.br\/web\/guest\/noticias?p_p_id=89Dk&amp;p_p_lifecycle=0&amp;refererPlid=10730&amp;_89Dk_groupId=10157&amp;_89Dk_articleId=31577205\">Fonte<\/a><\/p>\n\n","protected":false},"excerpt":{"rendered":"<p>Ministra Rosa Weber e ministro Lelio Bentes Corr\u00eaa abriram o \u201cSemin\u00e1rio Internacional sobre Direitos Constitucionais e Rela\u00e7\u00f5es de Trabalho: Caminhos das Cortes Superiores para a Efetividade da Justi\u00e7a Social\u201d, no STF 02\/03\/23 &#8211; A presidente do Supremo Tribunal Federal, ministra Rosa Weber, e o presidente do Tribunal Superior do Trabalho, ministro Lelio Bentes Corr\u00eaa, conduziram, [&hellip;]<\/p>\n","protected":false},"author":3063,"featured_media":11993,"comment_status":"open","ping_status":"open","sticky":false,"template":"","format":"standard","meta":{"footnotes":""},"categories":[3,21],"tags":[33,216,9,12,217,215],"class_list":{"0":"post-11992","1":"post","2":"type-post","3":"status-publish","4":"format-standard","5":"has-post-thumbnail","7":"category-trabalhista","8":"category-tst","9":"tag-calculos-trabalhistas","10":"tag-direito-trabalhista","11":"tag-pericia","12":"tag-perito","13":"tag-trabalho","14":"tag-tst"},"yoast_head":"<!-- This site is optimized with the Yoast SEO plugin v27.2 - https:\/\/yoast.com\/product\/yoast-seo-wordpress\/ -->\n<title>TST: Presidentes do STF e do Tribunal&nbsp;ressaltam import\u00e2ncia da efetividade da justi\u00e7a social | Portal de Not\u00edcias<\/title>\n<meta name=\"robots\" content=\"index, follow, max-snippet:-1, max-image-preview:large, max-video-preview:-1\" \/>\n<link rel=\"canonical\" href=\"https:\/\/mhcalculos.com.br\/noticias\/area\/trabalhista\/tst-presidentes-do-stf-e-do-tribunal-ressaltam-importancia-da-efetividade-da-justica-social.html\" \/>\n<meta property=\"og:locale\" content=\"pt_BR\" \/>\n<meta property=\"og:type\" content=\"article\" \/>\n<meta property=\"og:title\" content=\"TST: Presidentes do STF e do Tribunal&nbsp;ressaltam import\u00e2ncia da efetividade da justi\u00e7a social | Portal de Not\u00edcias\" \/>\n<meta property=\"og:description\" content=\"Ministra Rosa Weber e ministro Lelio Bentes Corr\u00eaa abriram o \u201cSemin\u00e1rio Internacional sobre Direitos Constitucionais e Rela\u00e7\u00f5es de Trabalho: Caminhos das Cortes Superiores para a Efetividade da Justi\u00e7a Social\u201d, no STF 02\/03\/23 &#8211; A presidente do Supremo Tribunal Federal, ministra Rosa Weber, e o presidente do Tribunal Superior do Trabalho, ministro Lelio Bentes Corr\u00eaa, conduziram, [&hellip;]\" \/>\n<meta property=\"og:url\" content=\"https:\/\/mhcalculos.com.br\/noticias\/area\/trabalhista\/tst-presidentes-do-stf-e-do-tribunal-ressaltam-importancia-da-efetividade-da-justica-social.html\" \/>\n<meta property=\"og:site_name\" content=\"Portal de Not\u00edcias\" \/>\n<meta property=\"article:published_time\" content=\"2023-03-02T21:42:00+00:00\" \/>\n<meta property=\"article:modified_time\" content=\"2025-04-09T15:20:50+00:00\" \/>\n<meta property=\"og:image\" content=\"https:\/\/mhcalculos.com.br\/noticias\/wp-content\/uploads\/sites\/2\/2023\/03\/1677974711_judiciario-0028.jpg\" \/>\n\t<meta property=\"og:image:width\" content=\"2000\" \/>\n\t<meta property=\"og:image:height\" content=\"800\" \/>\n\t<meta property=\"og:image:type\" content=\"image\/jpeg\" \/>\n<meta name=\"author\" content=\"Equipe MH\" \/>\n<meta name=\"twitter:card\" content=\"summary_large_image\" \/>\n<meta name=\"twitter:label1\" content=\"Escrito por\" \/>\n\t<meta name=\"twitter:data1\" content=\"Equipe MH\" \/>\n\t<meta name=\"twitter:label2\" content=\"Est. tempo de leitura\" \/>\n\t<meta name=\"twitter:data2\" content=\"4 minutos\" \/>\n<script type=\"application\/ld+json\" class=\"yoast-schema-graph\">{\"@context\":\"https:\/\/schema.org\",\"@graph\":[{\"@type\":\"Article\",\"@id\":\"https:\/\/mhcalculos.com.br\/noticias\/area\/trabalhista\/tst-presidentes-do-stf-e-do-tribunal-ressaltam-importancia-da-efetividade-da-justica-social.html#article\",\"isPartOf\":{\"@id\":\"https:\/\/mhcalculos.com.br\/noticias\/area\/trabalhista\/tst-presidentes-do-stf-e-do-tribunal-ressaltam-importancia-da-efetividade-da-justica-social.html\"},\"author\":{\"name\":\"Equipe MH\",\"@id\":\"https:\/\/mhcalculos.com.br\/noticias\/#\/schema\/person\/88d1c34bf72dc779ea14a5a6b8e0ae8d\"},\"headline\":\"TST: Presidentes do STF e do Tribunal&nbsp;ressaltam import\u00e2ncia da efetividade da justi\u00e7a social\",\"datePublished\":\"2023-03-02T21:42:00+00:00\",\"dateModified\":\"2025-04-09T15:20:50+00:00\",\"mainEntityOfPage\":{\"@id\":\"https:\/\/mhcalculos.com.br\/noticias\/area\/trabalhista\/tst-presidentes-do-stf-e-do-tribunal-ressaltam-importancia-da-efetividade-da-justica-social.html\"},\"wordCount\":680,\"commentCount\":0,\"image\":{\"@id\":\"https:\/\/mhcalculos.com.br\/noticias\/area\/trabalhista\/tst-presidentes-do-stf-e-do-tribunal-ressaltam-importancia-da-efetividade-da-justica-social.html#primaryimage\"},\"thumbnailUrl\":\"https:\/\/mhcalculos.com.br\/noticias\/wp-content\/uploads\/sites\/2\/2023\/03\/1677974711_judiciario-0028.jpg\",\"keywords\":[\"c\u00e1lculos trabalhistas\",\"direito trabalhista\",\"per\u00edcia\",\"perito\",\"trabalho\",\"TST\"],\"articleSection\":[\"Direito Trabalhista\",\"TST\"],\"inLanguage\":\"pt-BR\",\"potentialAction\":[{\"@type\":\"CommentAction\",\"name\":\"Comment\",\"target\":[\"https:\/\/mhcalculos.com.br\/noticias\/area\/trabalhista\/tst-presidentes-do-stf-e-do-tribunal-ressaltam-importancia-da-efetividade-da-justica-social.html#respond\"]}]},{\"@type\":\"WebPage\",\"@id\":\"https:\/\/mhcalculos.com.br\/noticias\/area\/trabalhista\/tst-presidentes-do-stf-e-do-tribunal-ressaltam-importancia-da-efetividade-da-justica-social.html\",\"url\":\"https:\/\/mhcalculos.com.br\/noticias\/area\/trabalhista\/tst-presidentes-do-stf-e-do-tribunal-ressaltam-importancia-da-efetividade-da-justica-social.html\",\"name\":\"TST: Presidentes do STF e do Tribunal&nbsp;ressaltam import\u00e2ncia da efetividade da justi\u00e7a social | Portal de Not\u00edcias\",\"isPartOf\":{\"@id\":\"https:\/\/mhcalculos.com.br\/noticias\/#website\"},\"primaryImageOfPage\":{\"@id\":\"https:\/\/mhcalculos.com.br\/noticias\/area\/trabalhista\/tst-presidentes-do-stf-e-do-tribunal-ressaltam-importancia-da-efetividade-da-justica-social.html#primaryimage\"},\"image\":{\"@id\":\"https:\/\/mhcalculos.com.br\/noticias\/area\/trabalhista\/tst-presidentes-do-stf-e-do-tribunal-ressaltam-importancia-da-efetividade-da-justica-social.html#primaryimage\"},\"thumbnailUrl\":\"https:\/\/mhcalculos.com.br\/noticias\/wp-content\/uploads\/sites\/2\/2023\/03\/1677974711_judiciario-0028.jpg\",\"datePublished\":\"2023-03-02T21:42:00+00:00\",\"dateModified\":\"2025-04-09T15:20:50+00:00\",\"author\":{\"@id\":\"https:\/\/mhcalculos.com.br\/noticias\/#\/schema\/person\/88d1c34bf72dc779ea14a5a6b8e0ae8d\"},\"breadcrumb\":{\"@id\":\"https:\/\/mhcalculos.com.br\/noticias\/area\/trabalhista\/tst-presidentes-do-stf-e-do-tribunal-ressaltam-importancia-da-efetividade-da-justica-social.html#breadcrumb\"},\"inLanguage\":\"pt-BR\",\"potentialAction\":[{\"@type\":\"ReadAction\",\"target\":[\"https:\/\/mhcalculos.com.br\/noticias\/area\/trabalhista\/tst-presidentes-do-stf-e-do-tribunal-ressaltam-importancia-da-efetividade-da-justica-social.html\"]}]},{\"@type\":\"ImageObject\",\"inLanguage\":\"pt-BR\",\"@id\":\"https:\/\/mhcalculos.com.br\/noticias\/area\/trabalhista\/tst-presidentes-do-stf-e-do-tribunal-ressaltam-importancia-da-efetividade-da-justica-social.html#primaryimage\",\"url\":\"https:\/\/mhcalculos.com.br\/noticias\/wp-content\/uploads\/sites\/2\/2023\/03\/1677974711_judiciario-0028.jpg\",\"contentUrl\":\"https:\/\/mhcalculos.com.br\/noticias\/wp-content\/uploads\/sites\/2\/2023\/03\/1677974711_judiciario-0028.jpg\",\"width\":2000,\"height\":800},{\"@type\":\"BreadcrumbList\",\"@id\":\"https:\/\/mhcalculos.com.br\/noticias\/area\/trabalhista\/tst-presidentes-do-stf-e-do-tribunal-ressaltam-importancia-da-efetividade-da-justica-social.html#breadcrumb\",\"itemListElement\":[{\"@type\":\"ListItem\",\"position\":1,\"name\":\"In\u00edcio\",\"item\":\"https:\/\/mhcalculos.com.br\/noticias\/\"},{\"@type\":\"ListItem\",\"position\":2,\"name\":\"TST: Presidentes do STF e do Tribunal&nbsp;ressaltam import\u00e2ncia da efetividade da justi\u00e7a social\"}]},{\"@type\":\"WebSite\",\"@id\":\"https:\/\/mhcalculos.com.br\/noticias\/#website\",\"url\":\"https:\/\/mhcalculos.com.br\/noticias\/\",\"name\":\"Portal de Not\u00edcias\",\"description\":\"Not\u00edcias e Jurisprud\u00eancia\",\"potentialAction\":[{\"@type\":\"SearchAction\",\"target\":{\"@type\":\"EntryPoint\",\"urlTemplate\":\"https:\/\/mhcalculos.com.br\/noticias\/?s={search_term_string}\"},\"query-input\":{\"@type\":\"PropertyValueSpecification\",\"valueRequired\":true,\"valueName\":\"search_term_string\"}}],\"inLanguage\":\"pt-BR\"},{\"@type\":\"Person\",\"@id\":\"https:\/\/mhcalculos.com.br\/noticias\/#\/schema\/person\/88d1c34bf72dc779ea14a5a6b8e0ae8d\",\"name\":\"Equipe MH\",\"image\":{\"@type\":\"ImageObject\",\"inLanguage\":\"pt-BR\",\"@id\":\"https:\/\/secure.gravatar.com\/avatar\/de1c686c2ecc9c5a3f327e3431d819eb39f8f05d4e1045f5a1caad6daaba987f?s=96&d=mm&r=g\",\"url\":\"https:\/\/secure.gravatar.com\/avatar\/de1c686c2ecc9c5a3f327e3431d819eb39f8f05d4e1045f5a1caad6daaba987f?s=96&d=mm&r=g\",\"contentUrl\":\"https:\/\/secure.gravatar.com\/avatar\/de1c686c2ecc9c5a3f327e3431d819eb39f8f05d4e1045f5a1caad6daaba987f?s=96&d=mm&r=g\",\"caption\":\"Equipe MH\"}}]}<\/script>\n<!-- \/ Yoast SEO plugin. -->","yoast_head_json":{"title":"TST: Presidentes do STF e do Tribunal&nbsp;ressaltam import\u00e2ncia da efetividade da justi\u00e7a social | Portal de Not\u00edcias","robots":{"index":"index","follow":"follow","max-snippet":"max-snippet:-1","max-image-preview":"max-image-preview:large","max-video-preview":"max-video-preview:-1"},"canonical":"https:\/\/mhcalculos.com.br\/noticias\/area\/trabalhista\/tst-presidentes-do-stf-e-do-tribunal-ressaltam-importancia-da-efetividade-da-justica-social.html","og_locale":"pt_BR","og_type":"article","og_title":"TST: Presidentes do STF e do Tribunal&nbsp;ressaltam import\u00e2ncia da efetividade da justi\u00e7a social | Portal de Not\u00edcias","og_description":"Ministra Rosa Weber e ministro Lelio Bentes Corr\u00eaa abriram o \u201cSemin\u00e1rio Internacional sobre Direitos Constitucionais e Rela\u00e7\u00f5es de Trabalho: Caminhos das Cortes Superiores para a Efetividade da Justi\u00e7a Social\u201d, no STF 02\/03\/23 &#8211; A presidente do Supremo Tribunal Federal, ministra Rosa Weber, e o presidente do Tribunal Superior do Trabalho, ministro Lelio Bentes Corr\u00eaa, conduziram, [&hellip;]","og_url":"https:\/\/mhcalculos.com.br\/noticias\/area\/trabalhista\/tst-presidentes-do-stf-e-do-tribunal-ressaltam-importancia-da-efetividade-da-justica-social.html","og_site_name":"Portal de Not\u00edcias","article_published_time":"2023-03-02T21:42:00+00:00","article_modified_time":"2025-04-09T15:20:50+00:00","og_image":[{"width":2000,"height":800,"url":"https:\/\/mhcalculos.com.br\/noticias\/wp-content\/uploads\/sites\/2\/2023\/03\/1677974711_judiciario-0028.jpg","type":"image\/jpeg"}],"author":"Equipe MH","twitter_card":"summary_large_image","twitter_misc":{"Escrito por":"Equipe MH","Est. tempo de leitura":"4 minutos"},"schema":{"@context":"https:\/\/schema.org","@graph":[{"@type":"Article","@id":"https:\/\/mhcalculos.com.br\/noticias\/area\/trabalhista\/tst-presidentes-do-stf-e-do-tribunal-ressaltam-importancia-da-efetividade-da-justica-social.html#article","isPartOf":{"@id":"https:\/\/mhcalculos.com.br\/noticias\/area\/trabalhista\/tst-presidentes-do-stf-e-do-tribunal-ressaltam-importancia-da-efetividade-da-justica-social.html"},"author":{"name":"Equipe MH","@id":"https:\/\/mhcalculos.com.br\/noticias\/#\/schema\/person\/88d1c34bf72dc779ea14a5a6b8e0ae8d"},"headline":"TST: Presidentes do STF e do Tribunal&nbsp;ressaltam import\u00e2ncia da efetividade da justi\u00e7a social","datePublished":"2023-03-02T21:42:00+00:00","dateModified":"2025-04-09T15:20:50+00:00","mainEntityOfPage":{"@id":"https:\/\/mhcalculos.com.br\/noticias\/area\/trabalhista\/tst-presidentes-do-stf-e-do-tribunal-ressaltam-importancia-da-efetividade-da-justica-social.html"},"wordCount":680,"commentCount":0,"image":{"@id":"https:\/\/mhcalculos.com.br\/noticias\/area\/trabalhista\/tst-presidentes-do-stf-e-do-tribunal-ressaltam-importancia-da-efetividade-da-justica-social.html#primaryimage"},"thumbnailUrl":"https:\/\/mhcalculos.com.br\/noticias\/wp-content\/uploads\/sites\/2\/2023\/03\/1677974711_judiciario-0028.jpg","keywords":["c\u00e1lculos trabalhistas","direito trabalhista","per\u00edcia","perito","trabalho","TST"],"articleSection":["Direito Trabalhista","TST"],"inLanguage":"pt-BR","potentialAction":[{"@type":"CommentAction","name":"Comment","target":["https:\/\/mhcalculos.com.br\/noticias\/area\/trabalhista\/tst-presidentes-do-stf-e-do-tribunal-ressaltam-importancia-da-efetividade-da-justica-social.html#respond"]}]},{"@type":"WebPage","@id":"https:\/\/mhcalculos.com.br\/noticias\/area\/trabalhista\/tst-presidentes-do-stf-e-do-tribunal-ressaltam-importancia-da-efetividade-da-justica-social.html","url":"https:\/\/mhcalculos.com.br\/noticias\/area\/trabalhista\/tst-presidentes-do-stf-e-do-tribunal-ressaltam-importancia-da-efetividade-da-justica-social.html","name":"TST: Presidentes do STF e do Tribunal&nbsp;ressaltam import\u00e2ncia da efetividade da justi\u00e7a social | Portal de Not\u00edcias","isPartOf":{"@id":"https:\/\/mhcalculos.com.br\/noticias\/#website"},"primaryImageOfPage":{"@id":"https:\/\/mhcalculos.com.br\/noticias\/area\/trabalhista\/tst-presidentes-do-stf-e-do-tribunal-ressaltam-importancia-da-efetividade-da-justica-social.html#primaryimage"},"image":{"@id":"https:\/\/mhcalculos.com.br\/noticias\/area\/trabalhista\/tst-presidentes-do-stf-e-do-tribunal-ressaltam-importancia-da-efetividade-da-justica-social.html#primaryimage"},"thumbnailUrl":"https:\/\/mhcalculos.com.br\/noticias\/wp-content\/uploads\/sites\/2\/2023\/03\/1677974711_judiciario-0028.jpg","datePublished":"2023-03-02T21:42:00+00:00","dateModified":"2025-04-09T15:20:50+00:00","author":{"@id":"https:\/\/mhcalculos.com.br\/noticias\/#\/schema\/person\/88d1c34bf72dc779ea14a5a6b8e0ae8d"},"breadcrumb":{"@id":"https:\/\/mhcalculos.com.br\/noticias\/area\/trabalhista\/tst-presidentes-do-stf-e-do-tribunal-ressaltam-importancia-da-efetividade-da-justica-social.html#breadcrumb"},"inLanguage":"pt-BR","potentialAction":[{"@type":"ReadAction","target":["https:\/\/mhcalculos.com.br\/noticias\/area\/trabalhista\/tst-presidentes-do-stf-e-do-tribunal-ressaltam-importancia-da-efetividade-da-justica-social.html"]}]},{"@type":"ImageObject","inLanguage":"pt-BR","@id":"https:\/\/mhcalculos.com.br\/noticias\/area\/trabalhista\/tst-presidentes-do-stf-e-do-tribunal-ressaltam-importancia-da-efetividade-da-justica-social.html#primaryimage","url":"https:\/\/mhcalculos.com.br\/noticias\/wp-content\/uploads\/sites\/2\/2023\/03\/1677974711_judiciario-0028.jpg","contentUrl":"https:\/\/mhcalculos.com.br\/noticias\/wp-content\/uploads\/sites\/2\/2023\/03\/1677974711_judiciario-0028.jpg","width":2000,"height":800},{"@type":"BreadcrumbList","@id":"https:\/\/mhcalculos.com.br\/noticias\/area\/trabalhista\/tst-presidentes-do-stf-e-do-tribunal-ressaltam-importancia-da-efetividade-da-justica-social.html#breadcrumb","itemListElement":[{"@type":"ListItem","position":1,"name":"In\u00edcio","item":"https:\/\/mhcalculos.com.br\/noticias\/"},{"@type":"ListItem","position":2,"name":"TST: Presidentes do STF e do Tribunal&nbsp;ressaltam import\u00e2ncia da efetividade da justi\u00e7a social"}]},{"@type":"WebSite","@id":"https:\/\/mhcalculos.com.br\/noticias\/#website","url":"https:\/\/mhcalculos.com.br\/noticias\/","name":"Portal de Not\u00edcias","description":"Not\u00edcias e Jurisprud\u00eancia","potentialAction":[{"@type":"SearchAction","target":{"@type":"EntryPoint","urlTemplate":"https:\/\/mhcalculos.com.br\/noticias\/?s={search_term_string}"},"query-input":{"@type":"PropertyValueSpecification","valueRequired":true,"valueName":"search_term_string"}}],"inLanguage":"pt-BR"},{"@type":"Person","@id":"https:\/\/mhcalculos.com.br\/noticias\/#\/schema\/person\/88d1c34bf72dc779ea14a5a6b8e0ae8d","name":"Equipe MH","image":{"@type":"ImageObject","inLanguage":"pt-BR","@id":"https:\/\/secure.gravatar.com\/avatar\/de1c686c2ecc9c5a3f327e3431d819eb39f8f05d4e1045f5a1caad6daaba987f?s=96&d=mm&r=g","url":"https:\/\/secure.gravatar.com\/avatar\/de1c686c2ecc9c5a3f327e3431d819eb39f8f05d4e1045f5a1caad6daaba987f?s=96&d=mm&r=g","contentUrl":"https:\/\/secure.gravatar.com\/avatar\/de1c686c2ecc9c5a3f327e3431d819eb39f8f05d4e1045f5a1caad6daaba987f?s=96&d=mm&r=g","caption":"Equipe MH"}}]}},"_links":{"self":[{"href":"https:\/\/mhcalculos.com.br\/noticias\/wp-json\/wp\/v2\/posts\/11992","targetHints":{"allow":["GET"]}}],"collection":[{"href":"https:\/\/mhcalculos.com.br\/noticias\/wp-json\/wp\/v2\/posts"}],"about":[{"href":"https:\/\/mhcalculos.com.br\/noticias\/wp-json\/wp\/v2\/types\/post"}],"author":[{"embeddable":true,"href":"https:\/\/mhcalculos.com.br\/noticias\/wp-json\/wp\/v2\/users\/3063"}],"replies":[{"embeddable":true,"href":"https:\/\/mhcalculos.com.br\/noticias\/wp-json\/wp\/v2\/comments?post=11992"}],"version-history":[{"count":1,"href":"https:\/\/mhcalculos.com.br\/noticias\/wp-json\/wp\/v2\/posts\/11992\/revisions"}],"predecessor-version":[{"id":13797,"href":"https:\/\/mhcalculos.com.br\/noticias\/wp-json\/wp\/v2\/posts\/11992\/revisions\/13797"}],"wp:featuredmedia":[{"embeddable":true,"href":"https:\/\/mhcalculos.com.br\/noticias\/wp-json\/wp\/v2\/media\/11993"}],"wp:attachment":[{"href":"https:\/\/mhcalculos.com.br\/noticias\/wp-json\/wp\/v2\/media?parent=11992"}],"wp:term":[{"taxonomy":"category","embeddable":true,"href":"https:\/\/mhcalculos.com.br\/noticias\/wp-json\/wp\/v2\/categories?post=11992"},{"taxonomy":"post_tag","embeddable":true,"href":"https:\/\/mhcalculos.com.br\/noticias\/wp-json\/wp\/v2\/tags?post=11992"}],"curies":[{"name":"wp","href":"https:\/\/api.w.org\/{rel}","templated":true}]}}