{"id":11962,"date":"2023-02-22T14:38:00","date_gmt":"2023-02-22T17:38:00","guid":{"rendered":"https:\/\/mhcalculos.com.br\/noticias\/area\/trabalhista\/tst-seminario-vai-abordar-direitos-constitucionais-e-relacoes-de-trabalho.html"},"modified":"2025-04-09T12:25:03","modified_gmt":"2025-04-09T15:25:03","slug":"tst-seminario-vai-abordar-direitos-constitucionais-e-relacoes-de-trabalho","status":"publish","type":"post","link":"https:\/\/mhcalculos.com.br\/noticias\/area\/trabalhista\/tst-seminario-vai-abordar-direitos-constitucionais-e-relacoes-de-trabalho.html","title":{"rendered":"TST: Semin\u00e1rio vai abordar Direitos Constitucionais e Rela\u00e7\u00f5es de Trabalho"},"content":{"rendered":"\n<p>O Semin\u00e1rio Internacional sobre Direitos Constitucionais e Rela\u00e7\u00f5es de Trabalho: Caminhos das Cortes Superiores para a Efetividade da Justi\u00e7a Social est\u00e1 sendo promovido pelo STF, TST e Enamat.<\/p>\n<p>17\/2\/2023\u00a0&#8211; O Supremo Tribunal Federal (STF), o Tribunal Superior do Trabalho (TST) e a Escola Nacional de Forma\u00e7\u00e3o e Aperfei\u00e7oamento de Magistrados do Trabalho (Enamat) promovem, nos dias 2 e 3 de mar\u00e7o, em Bras\u00edlia, um semin\u00e1rio com a tem\u00e1tica Direitos Constitucionais e Rela\u00e7\u00f5es de Trabalho. As\u00a0inscri\u00e7\u00f5es\u00a0devem ser feitas at\u00e9 24 de fevereiro de 2023.<\/p>\n<p>Com o objetivo de oferecer um ambiente para reflex\u00f5es e debates, o \u201cSemin\u00e1rio Internacional sobre Direitos Constitucionais e Rela\u00e7\u00f5es de Trabalho: Caminhos das Cortes Superiores para a Efetividade da Justi\u00e7a Social\u201d ser\u00e1 promovido de forma h\u00edbrida (presencial e telepresencial). As inscritas e inscritos que acompanharem o evento (presencial ou virtual) ganhar\u00e3o certificado com carga hor\u00e1ria de 16 horas.<\/p>\n<p>Confira a\u00a0<a href=\"https:\/\/sites.google.com\/enamat.jus.br\/seminario\/programa%C3%A7%C3%A3o?authuser=0&amp;pli=1\" target=\"\" rel=\"noopener\">programa\u00e7\u00e3o completa.<\/a> Ative o lembrete para acompanhar a transmiss\u00e3o.<\/p>\n<h4>Vagas limitadas<\/h4>\n<p>O evento ser\u00e1 realizado na sede do STF, em Bras\u00edlia, e a participa\u00e7\u00e3o \u00e9 limitada a 200 pessoas. No entanto, quem n\u00e3o conseguir vaga presencial, poder\u00e1 acompanh\u00e1-lo\u00a0na transmiss\u00e3o simultaneamente nos canais oficiais no YouTube do STF, do TST e da Enamat.<\/p>\n<p>Para maiores informa\u00e7\u00f5es, acesse o\u00a0site do evento\u00a0ou entre em contato pelo e-mail\u00a0<a href=\"mailto:enamat@enamat.jus.br\" target=\"\" rel=\"noopener\">enamat@enamat.jus.br<\/a>.<\/p>\n<h4>Servi\u00e7o<\/h4>\n<p>\u201cSemin\u00e1rio Internacional sobre Direitos Constitucionais e Rela\u00e7\u00f5es de Trabalho: Caminhos das Cortes Superiores para a Efetividade da Justi\u00e7a Social\u201d<br \/>\nData:\u00a02 e 3 de mar\u00e7o de 2023<br \/>\nLocal:\u00a0Sala de Sess\u00f5es da 1\u00aa Turma, 3\u00ba andar do Anexo II, Supremo Tribunal Federal &#8211; Bras\u00edlia.<br \/>\nTransmiss\u00e3o:\u00a0Canais oficiais no YouTube do STF, do TST e da Enamat.<\/p>\n<p>(Secom\/TST)<\/p>\n<p><i>Com informa\u00e7\u00f5es da assessoria de imprensa do TST.<\/i><\/p>\n<p><a href=\"https:\/\/www.tst.jus.br\/web\/guest\/noticias?p_p_id=89Dk&amp;p_p_lifecycle=0&amp;refererPlid=10730&amp;_89Dk_groupId=10157&amp;_89Dk_articleId=31552143\">Fonte<\/a><\/p>\n\n","protected":false},"excerpt":{"rendered":"<p>O Semin\u00e1rio Internacional sobre Direitos Constitucionais e Rela\u00e7\u00f5es de Trabalho: Caminhos das Cortes Superiores para a Efetividade da Justi\u00e7a Social est\u00e1 sendo promovido pelo STF, TST e Enamat. 17\/2\/2023\u00a0&#8211; O Supremo Tribunal Federal (STF), o Tribunal Superior do Trabalho (TST) e a Escola Nacional de Forma\u00e7\u00e3o e Aperfei\u00e7oamento de Magistrados do Trabalho (Enamat) promovem, nos [&hellip;]<\/p>\n","protected":false},"author":3063,"featured_media":11963,"comment_status":"open","ping_status":"open","sticky":false,"template":"","format":"standard","meta":{"footnotes":""},"categories":[3,21],"tags":[33,216,9,12,217,215],"class_list":{"0":"post-11962","1":"post","2":"type-post","3":"status-publish","4":"format-standard","5":"has-post-thumbnail","7":"category-trabalhista","8":"category-tst","9":"tag-calculos-trabalhistas","10":"tag-direito-trabalhista","11":"tag-pericia","12":"tag-perito","13":"tag-trabalho","14":"tag-tst"},"yoast_head":"<!-- This site is optimized with the Yoast SEO plugin v27.2 - https:\/\/yoast.com\/product\/yoast-seo-wordpress\/ -->\n<title>TST: Semin\u00e1rio vai abordar Direitos Constitucionais e Rela\u00e7\u00f5es de Trabalho | Portal de Not\u00edcias<\/title>\n<meta name=\"robots\" content=\"index, follow, max-snippet:-1, max-image-preview:large, max-video-preview:-1\" \/>\n<link rel=\"canonical\" href=\"https:\/\/mhcalculos.com.br\/noticias\/area\/trabalhista\/tst-seminario-vai-abordar-direitos-constitucionais-e-relacoes-de-trabalho.html\" \/>\n<meta property=\"og:locale\" content=\"pt_BR\" \/>\n<meta property=\"og:type\" content=\"article\" \/>\n<meta property=\"og:title\" content=\"TST: Semin\u00e1rio vai abordar Direitos Constitucionais e Rela\u00e7\u00f5es de Trabalho | Portal de Not\u00edcias\" \/>\n<meta property=\"og:description\" content=\"O Semin\u00e1rio Internacional sobre Direitos Constitucionais e Rela\u00e7\u00f5es de Trabalho: Caminhos das Cortes Superiores para a Efetividade da Justi\u00e7a Social est\u00e1 sendo promovido pelo STF, TST e Enamat. 17\/2\/2023\u00a0&#8211; O Supremo Tribunal Federal (STF), o Tribunal Superior do Trabalho (TST) e a Escola Nacional de Forma\u00e7\u00e3o e Aperfei\u00e7oamento de Magistrados do Trabalho (Enamat) promovem, nos [&hellip;]\" \/>\n<meta property=\"og:url\" content=\"https:\/\/mhcalculos.com.br\/noticias\/area\/trabalhista\/tst-seminario-vai-abordar-direitos-constitucionais-e-relacoes-de-trabalho.html\" \/>\n<meta property=\"og:site_name\" content=\"Portal de Not\u00edcias\" \/>\n<meta property=\"article:published_time\" content=\"2023-02-22T17:38:00+00:00\" \/>\n<meta property=\"article:modified_time\" content=\"2025-04-09T15:25:03+00:00\" \/>\n<meta property=\"og:image\" content=\"https:\/\/mhcalculos.com.br\/noticias\/wp-content\/uploads\/sites\/2\/2023\/02\/judiciario-0013.jpg\" \/>\n\t<meta property=\"og:image:width\" content=\"2000\" \/>\n\t<meta property=\"og:image:height\" content=\"800\" \/>\n\t<meta property=\"og:image:type\" content=\"image\/jpeg\" \/>\n<meta name=\"author\" content=\"Equipe MH\" \/>\n<meta name=\"twitter:card\" content=\"summary_large_image\" \/>\n<meta name=\"twitter:label1\" content=\"Escrito por\" \/>\n\t<meta name=\"twitter:data1\" content=\"Equipe MH\" \/>\n\t<meta name=\"twitter:label2\" content=\"Est. tempo de leitura\" \/>\n\t<meta name=\"twitter:data2\" content=\"2 minutos\" \/>\n<script type=\"application\/ld+json\" class=\"yoast-schema-graph\">{\"@context\":\"https:\/\/schema.org\",\"@graph\":[{\"@type\":\"Article\",\"@id\":\"https:\/\/mhcalculos.com.br\/noticias\/area\/trabalhista\/tst-seminario-vai-abordar-direitos-constitucionais-e-relacoes-de-trabalho.html#article\",\"isPartOf\":{\"@id\":\"https:\/\/mhcalculos.com.br\/noticias\/area\/trabalhista\/tst-seminario-vai-abordar-direitos-constitucionais-e-relacoes-de-trabalho.html\"},\"author\":{\"name\":\"Equipe MH\",\"@id\":\"https:\/\/mhcalculos.com.br\/noticias\/#\/schema\/person\/88d1c34bf72dc779ea14a5a6b8e0ae8d\"},\"headline\":\"TST: Semin\u00e1rio vai abordar Direitos Constitucionais e Rela\u00e7\u00f5es de Trabalho\",\"datePublished\":\"2023-02-22T17:38:00+00:00\",\"dateModified\":\"2025-04-09T15:25:03+00:00\",\"mainEntityOfPage\":{\"@id\":\"https:\/\/mhcalculos.com.br\/noticias\/area\/trabalhista\/tst-seminario-vai-abordar-direitos-constitucionais-e-relacoes-de-trabalho.html\"},\"wordCount\":321,\"commentCount\":0,\"image\":{\"@id\":\"https:\/\/mhcalculos.com.br\/noticias\/area\/trabalhista\/tst-seminario-vai-abordar-direitos-constitucionais-e-relacoes-de-trabalho.html#primaryimage\"},\"thumbnailUrl\":\"https:\/\/mhcalculos.com.br\/noticias\/wp-content\/uploads\/sites\/2\/2023\/02\/judiciario-0013.jpg\",\"keywords\":[\"c\u00e1lculos trabalhistas\",\"direito trabalhista\",\"per\u00edcia\",\"perito\",\"trabalho\",\"TST\"],\"articleSection\":[\"Direito Trabalhista\",\"TST\"],\"inLanguage\":\"pt-BR\",\"potentialAction\":[{\"@type\":\"CommentAction\",\"name\":\"Comment\",\"target\":[\"https:\/\/mhcalculos.com.br\/noticias\/area\/trabalhista\/tst-seminario-vai-abordar-direitos-constitucionais-e-relacoes-de-trabalho.html#respond\"]}]},{\"@type\":\"WebPage\",\"@id\":\"https:\/\/mhcalculos.com.br\/noticias\/area\/trabalhista\/tst-seminario-vai-abordar-direitos-constitucionais-e-relacoes-de-trabalho.html\",\"url\":\"https:\/\/mhcalculos.com.br\/noticias\/area\/trabalhista\/tst-seminario-vai-abordar-direitos-constitucionais-e-relacoes-de-trabalho.html\",\"name\":\"TST: Semin\u00e1rio vai abordar Direitos Constitucionais e Rela\u00e7\u00f5es de Trabalho | Portal de Not\u00edcias\",\"isPartOf\":{\"@id\":\"https:\/\/mhcalculos.com.br\/noticias\/#website\"},\"primaryImageOfPage\":{\"@id\":\"https:\/\/mhcalculos.com.br\/noticias\/area\/trabalhista\/tst-seminario-vai-abordar-direitos-constitucionais-e-relacoes-de-trabalho.html#primaryimage\"},\"image\":{\"@id\":\"https:\/\/mhcalculos.com.br\/noticias\/area\/trabalhista\/tst-seminario-vai-abordar-direitos-constitucionais-e-relacoes-de-trabalho.html#primaryimage\"},\"thumbnailUrl\":\"https:\/\/mhcalculos.com.br\/noticias\/wp-content\/uploads\/sites\/2\/2023\/02\/judiciario-0013.jpg\",\"datePublished\":\"2023-02-22T17:38:00+00:00\",\"dateModified\":\"2025-04-09T15:25:03+00:00\",\"author\":{\"@id\":\"https:\/\/mhcalculos.com.br\/noticias\/#\/schema\/person\/88d1c34bf72dc779ea14a5a6b8e0ae8d\"},\"breadcrumb\":{\"@id\":\"https:\/\/mhcalculos.com.br\/noticias\/area\/trabalhista\/tst-seminario-vai-abordar-direitos-constitucionais-e-relacoes-de-trabalho.html#breadcrumb\"},\"inLanguage\":\"pt-BR\",\"potentialAction\":[{\"@type\":\"ReadAction\",\"target\":[\"https:\/\/mhcalculos.com.br\/noticias\/area\/trabalhista\/tst-seminario-vai-abordar-direitos-constitucionais-e-relacoes-de-trabalho.html\"]}]},{\"@type\":\"ImageObject\",\"inLanguage\":\"pt-BR\",\"@id\":\"https:\/\/mhcalculos.com.br\/noticias\/area\/trabalhista\/tst-seminario-vai-abordar-direitos-constitucionais-e-relacoes-de-trabalho.html#primaryimage\",\"url\":\"https:\/\/mhcalculos.com.br\/noticias\/wp-content\/uploads\/sites\/2\/2023\/02\/judiciario-0013.jpg\",\"contentUrl\":\"https:\/\/mhcalculos.com.br\/noticias\/wp-content\/uploads\/sites\/2\/2023\/02\/judiciario-0013.jpg\",\"width\":2000,\"height\":800},{\"@type\":\"BreadcrumbList\",\"@id\":\"https:\/\/mhcalculos.com.br\/noticias\/area\/trabalhista\/tst-seminario-vai-abordar-direitos-constitucionais-e-relacoes-de-trabalho.html#breadcrumb\",\"itemListElement\":[{\"@type\":\"ListItem\",\"position\":1,\"name\":\"In\u00edcio\",\"item\":\"https:\/\/mhcalculos.com.br\/noticias\/\"},{\"@type\":\"ListItem\",\"position\":2,\"name\":\"TST: Semin\u00e1rio vai abordar Direitos Constitucionais e Rela\u00e7\u00f5es de Trabalho\"}]},{\"@type\":\"WebSite\",\"@id\":\"https:\/\/mhcalculos.com.br\/noticias\/#website\",\"url\":\"https:\/\/mhcalculos.com.br\/noticias\/\",\"name\":\"Portal de Not\u00edcias\",\"description\":\"Not\u00edcias e Jurisprud\u00eancia\",\"potentialAction\":[{\"@type\":\"SearchAction\",\"target\":{\"@type\":\"EntryPoint\",\"urlTemplate\":\"https:\/\/mhcalculos.com.br\/noticias\/?s={search_term_string}\"},\"query-input\":{\"@type\":\"PropertyValueSpecification\",\"valueRequired\":true,\"valueName\":\"search_term_string\"}}],\"inLanguage\":\"pt-BR\"},{\"@type\":\"Person\",\"@id\":\"https:\/\/mhcalculos.com.br\/noticias\/#\/schema\/person\/88d1c34bf72dc779ea14a5a6b8e0ae8d\",\"name\":\"Equipe MH\",\"image\":{\"@type\":\"ImageObject\",\"inLanguage\":\"pt-BR\",\"@id\":\"https:\/\/secure.gravatar.com\/avatar\/de1c686c2ecc9c5a3f327e3431d819eb39f8f05d4e1045f5a1caad6daaba987f?s=96&d=mm&r=g\",\"url\":\"https:\/\/secure.gravatar.com\/avatar\/de1c686c2ecc9c5a3f327e3431d819eb39f8f05d4e1045f5a1caad6daaba987f?s=96&d=mm&r=g\",\"contentUrl\":\"https:\/\/secure.gravatar.com\/avatar\/de1c686c2ecc9c5a3f327e3431d819eb39f8f05d4e1045f5a1caad6daaba987f?s=96&d=mm&r=g\",\"caption\":\"Equipe MH\"}}]}<\/script>\n<!-- \/ Yoast SEO plugin. -->","yoast_head_json":{"title":"TST: Semin\u00e1rio vai abordar Direitos Constitucionais e Rela\u00e7\u00f5es de Trabalho | Portal de Not\u00edcias","robots":{"index":"index","follow":"follow","max-snippet":"max-snippet:-1","max-image-preview":"max-image-preview:large","max-video-preview":"max-video-preview:-1"},"canonical":"https:\/\/mhcalculos.com.br\/noticias\/area\/trabalhista\/tst-seminario-vai-abordar-direitos-constitucionais-e-relacoes-de-trabalho.html","og_locale":"pt_BR","og_type":"article","og_title":"TST: Semin\u00e1rio vai abordar Direitos Constitucionais e Rela\u00e7\u00f5es de Trabalho | Portal de Not\u00edcias","og_description":"O Semin\u00e1rio Internacional sobre Direitos Constitucionais e Rela\u00e7\u00f5es de Trabalho: Caminhos das Cortes Superiores para a Efetividade da Justi\u00e7a Social est\u00e1 sendo promovido pelo STF, TST e Enamat. 17\/2\/2023\u00a0&#8211; O Supremo Tribunal Federal (STF), o Tribunal Superior do Trabalho (TST) e a Escola Nacional de Forma\u00e7\u00e3o e Aperfei\u00e7oamento de Magistrados do Trabalho (Enamat) promovem, nos [&hellip;]","og_url":"https:\/\/mhcalculos.com.br\/noticias\/area\/trabalhista\/tst-seminario-vai-abordar-direitos-constitucionais-e-relacoes-de-trabalho.html","og_site_name":"Portal de Not\u00edcias","article_published_time":"2023-02-22T17:38:00+00:00","article_modified_time":"2025-04-09T15:25:03+00:00","og_image":[{"width":2000,"height":800,"url":"https:\/\/mhcalculos.com.br\/noticias\/wp-content\/uploads\/sites\/2\/2023\/02\/judiciario-0013.jpg","type":"image\/jpeg"}],"author":"Equipe MH","twitter_card":"summary_large_image","twitter_misc":{"Escrito por":"Equipe MH","Est. tempo de leitura":"2 minutos"},"schema":{"@context":"https:\/\/schema.org","@graph":[{"@type":"Article","@id":"https:\/\/mhcalculos.com.br\/noticias\/area\/trabalhista\/tst-seminario-vai-abordar-direitos-constitucionais-e-relacoes-de-trabalho.html#article","isPartOf":{"@id":"https:\/\/mhcalculos.com.br\/noticias\/area\/trabalhista\/tst-seminario-vai-abordar-direitos-constitucionais-e-relacoes-de-trabalho.html"},"author":{"name":"Equipe MH","@id":"https:\/\/mhcalculos.com.br\/noticias\/#\/schema\/person\/88d1c34bf72dc779ea14a5a6b8e0ae8d"},"headline":"TST: Semin\u00e1rio vai abordar Direitos Constitucionais e Rela\u00e7\u00f5es de Trabalho","datePublished":"2023-02-22T17:38:00+00:00","dateModified":"2025-04-09T15:25:03+00:00","mainEntityOfPage":{"@id":"https:\/\/mhcalculos.com.br\/noticias\/area\/trabalhista\/tst-seminario-vai-abordar-direitos-constitucionais-e-relacoes-de-trabalho.html"},"wordCount":321,"commentCount":0,"image":{"@id":"https:\/\/mhcalculos.com.br\/noticias\/area\/trabalhista\/tst-seminario-vai-abordar-direitos-constitucionais-e-relacoes-de-trabalho.html#primaryimage"},"thumbnailUrl":"https:\/\/mhcalculos.com.br\/noticias\/wp-content\/uploads\/sites\/2\/2023\/02\/judiciario-0013.jpg","keywords":["c\u00e1lculos trabalhistas","direito trabalhista","per\u00edcia","perito","trabalho","TST"],"articleSection":["Direito Trabalhista","TST"],"inLanguage":"pt-BR","potentialAction":[{"@type":"CommentAction","name":"Comment","target":["https:\/\/mhcalculos.com.br\/noticias\/area\/trabalhista\/tst-seminario-vai-abordar-direitos-constitucionais-e-relacoes-de-trabalho.html#respond"]}]},{"@type":"WebPage","@id":"https:\/\/mhcalculos.com.br\/noticias\/area\/trabalhista\/tst-seminario-vai-abordar-direitos-constitucionais-e-relacoes-de-trabalho.html","url":"https:\/\/mhcalculos.com.br\/noticias\/area\/trabalhista\/tst-seminario-vai-abordar-direitos-constitucionais-e-relacoes-de-trabalho.html","name":"TST: Semin\u00e1rio vai abordar Direitos Constitucionais e Rela\u00e7\u00f5es de Trabalho | Portal de Not\u00edcias","isPartOf":{"@id":"https:\/\/mhcalculos.com.br\/noticias\/#website"},"primaryImageOfPage":{"@id":"https:\/\/mhcalculos.com.br\/noticias\/area\/trabalhista\/tst-seminario-vai-abordar-direitos-constitucionais-e-relacoes-de-trabalho.html#primaryimage"},"image":{"@id":"https:\/\/mhcalculos.com.br\/noticias\/area\/trabalhista\/tst-seminario-vai-abordar-direitos-constitucionais-e-relacoes-de-trabalho.html#primaryimage"},"thumbnailUrl":"https:\/\/mhcalculos.com.br\/noticias\/wp-content\/uploads\/sites\/2\/2023\/02\/judiciario-0013.jpg","datePublished":"2023-02-22T17:38:00+00:00","dateModified":"2025-04-09T15:25:03+00:00","author":{"@id":"https:\/\/mhcalculos.com.br\/noticias\/#\/schema\/person\/88d1c34bf72dc779ea14a5a6b8e0ae8d"},"breadcrumb":{"@id":"https:\/\/mhcalculos.com.br\/noticias\/area\/trabalhista\/tst-seminario-vai-abordar-direitos-constitucionais-e-relacoes-de-trabalho.html#breadcrumb"},"inLanguage":"pt-BR","potentialAction":[{"@type":"ReadAction","target":["https:\/\/mhcalculos.com.br\/noticias\/area\/trabalhista\/tst-seminario-vai-abordar-direitos-constitucionais-e-relacoes-de-trabalho.html"]}]},{"@type":"ImageObject","inLanguage":"pt-BR","@id":"https:\/\/mhcalculos.com.br\/noticias\/area\/trabalhista\/tst-seminario-vai-abordar-direitos-constitucionais-e-relacoes-de-trabalho.html#primaryimage","url":"https:\/\/mhcalculos.com.br\/noticias\/wp-content\/uploads\/sites\/2\/2023\/02\/judiciario-0013.jpg","contentUrl":"https:\/\/mhcalculos.com.br\/noticias\/wp-content\/uploads\/sites\/2\/2023\/02\/judiciario-0013.jpg","width":2000,"height":800},{"@type":"BreadcrumbList","@id":"https:\/\/mhcalculos.com.br\/noticias\/area\/trabalhista\/tst-seminario-vai-abordar-direitos-constitucionais-e-relacoes-de-trabalho.html#breadcrumb","itemListElement":[{"@type":"ListItem","position":1,"name":"In\u00edcio","item":"https:\/\/mhcalculos.com.br\/noticias\/"},{"@type":"ListItem","position":2,"name":"TST: Semin\u00e1rio vai abordar Direitos Constitucionais e Rela\u00e7\u00f5es de Trabalho"}]},{"@type":"WebSite","@id":"https:\/\/mhcalculos.com.br\/noticias\/#website","url":"https:\/\/mhcalculos.com.br\/noticias\/","name":"Portal de Not\u00edcias","description":"Not\u00edcias e Jurisprud\u00eancia","potentialAction":[{"@type":"SearchAction","target":{"@type":"EntryPoint","urlTemplate":"https:\/\/mhcalculos.com.br\/noticias\/?s={search_term_string}"},"query-input":{"@type":"PropertyValueSpecification","valueRequired":true,"valueName":"search_term_string"}}],"inLanguage":"pt-BR"},{"@type":"Person","@id":"https:\/\/mhcalculos.com.br\/noticias\/#\/schema\/person\/88d1c34bf72dc779ea14a5a6b8e0ae8d","name":"Equipe MH","image":{"@type":"ImageObject","inLanguage":"pt-BR","@id":"https:\/\/secure.gravatar.com\/avatar\/de1c686c2ecc9c5a3f327e3431d819eb39f8f05d4e1045f5a1caad6daaba987f?s=96&d=mm&r=g","url":"https:\/\/secure.gravatar.com\/avatar\/de1c686c2ecc9c5a3f327e3431d819eb39f8f05d4e1045f5a1caad6daaba987f?s=96&d=mm&r=g","contentUrl":"https:\/\/secure.gravatar.com\/avatar\/de1c686c2ecc9c5a3f327e3431d819eb39f8f05d4e1045f5a1caad6daaba987f?s=96&d=mm&r=g","caption":"Equipe MH"}}]}},"_links":{"self":[{"href":"https:\/\/mhcalculos.com.br\/noticias\/wp-json\/wp\/v2\/posts\/11962","targetHints":{"allow":["GET"]}}],"collection":[{"href":"https:\/\/mhcalculos.com.br\/noticias\/wp-json\/wp\/v2\/posts"}],"about":[{"href":"https:\/\/mhcalculos.com.br\/noticias\/wp-json\/wp\/v2\/types\/post"}],"author":[{"embeddable":true,"href":"https:\/\/mhcalculos.com.br\/noticias\/wp-json\/wp\/v2\/users\/3063"}],"replies":[{"embeddable":true,"href":"https:\/\/mhcalculos.com.br\/noticias\/wp-json\/wp\/v2\/comments?post=11962"}],"version-history":[{"count":1,"href":"https:\/\/mhcalculos.com.br\/noticias\/wp-json\/wp\/v2\/posts\/11962\/revisions"}],"predecessor-version":[{"id":13806,"href":"https:\/\/mhcalculos.com.br\/noticias\/wp-json\/wp\/v2\/posts\/11962\/revisions\/13806"}],"wp:featuredmedia":[{"embeddable":true,"href":"https:\/\/mhcalculos.com.br\/noticias\/wp-json\/wp\/v2\/media\/11963"}],"wp:attachment":[{"href":"https:\/\/mhcalculos.com.br\/noticias\/wp-json\/wp\/v2\/media?parent=11962"}],"wp:term":[{"taxonomy":"category","embeddable":true,"href":"https:\/\/mhcalculos.com.br\/noticias\/wp-json\/wp\/v2\/categories?post=11962"},{"taxonomy":"post_tag","embeddable":true,"href":"https:\/\/mhcalculos.com.br\/noticias\/wp-json\/wp\/v2\/tags?post=11962"}],"curies":[{"name":"wp","href":"https:\/\/api.w.org\/{rel}","templated":true}]}}