{"id":11960,"date":"2023-02-20T11:47:00","date_gmt":"2023-02-20T14:47:00","guid":{"rendered":"https:\/\/mhcalculos.com.br\/noticias\/area\/trabalhista\/tst-dia-mundial-da-justica-social-saiba-como-a-justica-do-trabalho-contribui-para-uma-sociedade-mais-justa.html"},"modified":"2025-04-09T12:25:18","modified_gmt":"2025-04-09T15:25:18","slug":"tst-dia-mundial-da-justica-social-saiba-como-a-justica-do-trabalho-contribui-para-uma-sociedade-mais-justa","status":"publish","type":"post","link":"https:\/\/mhcalculos.com.br\/noticias\/area\/trabalhista\/tst-dia-mundial-da-justica-social-saiba-como-a-justica-do-trabalho-contribui-para-uma-sociedade-mais-justa.html","title":{"rendered":"TST: Dia Mundial da Justi\u00e7a Social: saiba como a Justi\u00e7a do Trabalho contribui para uma sociedade mais justa"},"content":{"rendered":"\n<p>Al\u00e9m de buscar equil\u00edbrio nas rela\u00e7\u00f5es de trabalho, a atua\u00e7\u00e3o institucional fortalece informa\u00e7\u00e3o e debate p\u00fablico sobre temas relevantes<\/p>\n<p>20\/02\/23 &#8211; O Dia Mundial da Justi\u00e7a Social \u00e9 celebrado em 20 de fevereiro. A data foi definida pela Assembleia Geral da Organiza\u00e7\u00e3o das Na\u00e7\u00f5es Unidas, que reconheceu que justi\u00e7a social e desenvolvimento s\u00e3o requisitos para a paz e a seguran\u00e7a entre os Estados. A data instiga a reflex\u00e3o sobre o enfrentamento \u00e0 pobreza, \u00e0 discrimina\u00e7\u00e3o, ao desemprego e a qualquer outra forma de exclus\u00e3o ou marginaliza\u00e7\u00e3o.<\/p>\n<h4>Trabalho digno<\/h4>\n<p>O trabalho digno \u00e9 condi\u00e7\u00e3o b\u00e1sica para a promo\u00e7\u00e3o da justi\u00e7a social. Esse \u00e9 um conceito que compreende a ideia de uma sociedade justa, com igualdade de direitos, reconhecimento das diferen\u00e7as culturais, partilha de benef\u00edcios e acesso equitativo a recursos e oportunidades.<\/p>\n<p>Conforme a Organiza\u00e7\u00e3o Internacional do Trabalho (OIT), alcan\u00e7ar a justi\u00e7a social passa por permitir que trabalhadoras e trabalhadores possam reivindicar direitos livremente e acessar a justa parte da riqueza que ajudaram a gerar, com base na igualdade de condi\u00e7\u00f5es. Isso \u00e9 trabalho digno, que envolve, ainda, outros aspectos: seguran\u00e7a no local de trabalho e prote\u00e7\u00e3o social para as fam\u00edlias, melhores perspectivas de desenvolvimento pessoal e integra\u00e7\u00e3o social, liberdade para expressar preocupa\u00e7\u00f5es, organiza\u00e7\u00e3o e participa\u00e7\u00e3o nas decis\u00f5es que afetam a vida privada. Al\u00e9m disso, ele contribui para a pacifica\u00e7\u00e3o social.<\/p>\n<h4>Justo equil\u00edbrio<\/h4>\n<p>Historicamente, a Justi\u00e7a do Trabalho no Brasil tem sido identificada e reconhecida como promotora de justi\u00e7a social, pois ela interpreta e aplica as normas jur\u00eddicas criadas para garantir o trabalho digno e o justo equil\u00edbrio nas rela\u00e7\u00f5es entre empregados e empregadores.<\/p>\n<p>Em 2022, a Justi\u00e7a Trabalhista julgou mais de 2,6 milh\u00f5es de processos, e \u00a0foram homologadas cerca de 574 mil concilia\u00e7\u00f5es (em que as partes negociam, com a media\u00e7\u00e3o do Judici\u00e1rio, um acordo para resolu\u00e7\u00e3o mais r\u00e1pida dos casos). A partir desse trabalho, que busca assegurar os direitos previstos na Constitui\u00e7\u00e3o Federal e na CLT, cerca de R$ 10 bilh\u00f5es s\u00e3o restitu\u00eddos por ano aos trabalhadores.<\/p>\n<h4>TST<\/h4>\n<p>O Tribunal Superior do Trabalho, como inst\u00e2ncia m\u00e1xima dessa Justi\u00e7a especializada, atua para promover e buscar a pacifica\u00e7\u00e3o nas rela\u00e7\u00f5es de trabalho por meio de suas decis\u00f5es. Somente em 2022, foram julgados mais de 442 mil processos.<\/p>\n<p>Mas o seu impacto em favor da justi\u00e7a social tamb\u00e9m ocorre pela atua\u00e7\u00e3o institucional. O TST \u00e9 relevante ator pol\u00edtico e social, com a promo\u00e7\u00e3o de a\u00e7\u00f5es e projetos de conscientiza\u00e7\u00e3o da sociedade e com a participa\u00e7\u00e3o e o engajamento em debates atuais do mundo do trabalho. Entre os temas trabalhados junto a outros Poderes, entes federativos, organiza\u00e7\u00f5es p\u00fablicas e privadas e sociedade civil, bem como na administra\u00e7\u00e3o interna do tribunal, est\u00e3o a sustentabilidade, o combate ao trabalho infantil, a preven\u00e7\u00e3o ao ass\u00e9dio moral e sexual, a inclus\u00e3o social e a valoriza\u00e7\u00e3o da diversidade.<\/p>\n<p>O TST tamb\u00e9m est\u00e1 comprometido com a Agenda 2030 da Organiza\u00e7\u00e3o das Na\u00e7\u00f5es Unidas (ONU), que, por meio de 17 Objetivos do Desenvolvimento Sustent\u00e1vel, busca acabar com a pobreza, proteger o meio ambiente e o clima e garantir que as pessoas, em todos os lugares, possam desfrutar de paz e de prosperidade.<\/p>\n<p>Por essas raz\u00f5es, em 2022, o TST adotou o lema \u201cTribunal da Justi\u00e7a Social\u201d. \u00c9 uma forma de reafirmar o seu compromisso e fortalecer o seu papel perante a sociedade brasileira. O tema est\u00e1 detalhado na cartilha TST: O Tribunal da Justi\u00e7a Social<\/p>\n<h4>Novos desafios<\/h4>\n<p>Ano a ano, novos desafios s\u00e3o impostos pelas transforma\u00e7\u00f5es sociais, econ\u00f4micas e culturais, que refletem sobre as rela\u00e7\u00f5es de trabalho. Para responder a essas demandas, o TST e a Justi\u00e7a do Trabalho t\u00eam se modernizado, ampliado e aperfei\u00e7oado sua atua\u00e7\u00e3o e investido em tecnologia e em recursos humanos, com foco na promo\u00e7\u00e3o da garantia da seguran\u00e7a jur\u00eddica por meio de julgamentos c\u00e9leres, eficazes e uniformes.<\/p>\n<p>(Nat\u00e1lia Pianegonda\/CF)<\/p>\n<p>Veja aqui mat\u00e9ria produzida pela <a href=\"https:\/\/www.instagram.com\/reel\/Co4e8aWIAvt\/?igshid=MDJmNzVkMjY%3D\" target=\"\" rel=\"noopener\">R\u00e1dio TST<\/a> no Instagram<\/p>\n<p><i>Com informa\u00e7\u00f5es da assessoria de imprensa do TST.<\/i><\/p>\n<p><a href=\"https:\/\/www.tst.jus.br\/web\/guest\/noticias?p_p_id=89Dk&amp;p_p_lifecycle=0&amp;refererPlid=10730&amp;_89Dk_groupId=10157&amp;_89Dk_articleId=31548471\">Fonte<\/a><\/p>\n\n","protected":false},"excerpt":{"rendered":"<p>Al\u00e9m de buscar equil\u00edbrio nas rela\u00e7\u00f5es de trabalho, a atua\u00e7\u00e3o institucional fortalece informa\u00e7\u00e3o e debate p\u00fablico sobre temas relevantes 20\/02\/23 &#8211; O Dia Mundial da Justi\u00e7a Social \u00e9 celebrado em 20 de fevereiro. A data foi definida pela Assembleia Geral da Organiza\u00e7\u00e3o das Na\u00e7\u00f5es Unidas, que reconheceu que justi\u00e7a social e desenvolvimento s\u00e3o requisitos para [&hellip;]<\/p>\n","protected":false},"author":3063,"featured_media":11961,"comment_status":"open","ping_status":"open","sticky":false,"template":"","format":"standard","meta":{"footnotes":""},"categories":[3,21],"tags":[33,216,9,12,217,215],"class_list":{"0":"post-11960","1":"post","2":"type-post","3":"status-publish","4":"format-standard","5":"has-post-thumbnail","7":"category-trabalhista","8":"category-tst","9":"tag-calculos-trabalhistas","10":"tag-direito-trabalhista","11":"tag-pericia","12":"tag-perito","13":"tag-trabalho","14":"tag-tst"},"yoast_head":"<!-- This site is optimized with the Yoast SEO plugin v27.2 - https:\/\/yoast.com\/product\/yoast-seo-wordpress\/ -->\n<title>TST: Dia Mundial da Justi\u00e7a Social: saiba como a Justi\u00e7a do Trabalho contribui para uma sociedade mais justa | Portal de Not\u00edcias<\/title>\n<meta name=\"robots\" content=\"index, follow, max-snippet:-1, max-image-preview:large, max-video-preview:-1\" \/>\n<link rel=\"canonical\" href=\"https:\/\/mhcalculos.com.br\/noticias\/area\/trabalhista\/tst-dia-mundial-da-justica-social-saiba-como-a-justica-do-trabalho-contribui-para-uma-sociedade-mais-justa.html\" \/>\n<meta property=\"og:locale\" content=\"pt_BR\" \/>\n<meta property=\"og:type\" content=\"article\" \/>\n<meta property=\"og:title\" content=\"TST: Dia Mundial da Justi\u00e7a Social: saiba como a Justi\u00e7a do Trabalho contribui para uma sociedade mais justa | Portal de Not\u00edcias\" \/>\n<meta property=\"og:description\" content=\"Al\u00e9m de buscar equil\u00edbrio nas rela\u00e7\u00f5es de trabalho, a atua\u00e7\u00e3o institucional fortalece informa\u00e7\u00e3o e debate p\u00fablico sobre temas relevantes 20\/02\/23 &#8211; O Dia Mundial da Justi\u00e7a Social \u00e9 celebrado em 20 de fevereiro. A data foi definida pela Assembleia Geral da Organiza\u00e7\u00e3o das Na\u00e7\u00f5es Unidas, que reconheceu que justi\u00e7a social e desenvolvimento s\u00e3o requisitos para [&hellip;]\" \/>\n<meta property=\"og:url\" content=\"https:\/\/mhcalculos.com.br\/noticias\/area\/trabalhista\/tst-dia-mundial-da-justica-social-saiba-como-a-justica-do-trabalho-contribui-para-uma-sociedade-mais-justa.html\" \/>\n<meta property=\"og:site_name\" content=\"Portal de Not\u00edcias\" \/>\n<meta property=\"article:published_time\" content=\"2023-02-20T14:47:00+00:00\" \/>\n<meta property=\"article:modified_time\" content=\"2025-04-09T15:25:18+00:00\" \/>\n<meta property=\"og:image\" content=\"https:\/\/mhcalculos.com.br\/noticias\/wp-content\/uploads\/sites\/2\/2023\/02\/trabalhista-0006.jpg\" \/>\n\t<meta property=\"og:image:width\" content=\"2000\" \/>\n\t<meta property=\"og:image:height\" content=\"800\" \/>\n\t<meta property=\"og:image:type\" content=\"image\/jpeg\" \/>\n<meta name=\"author\" content=\"Equipe MH\" \/>\n<meta name=\"twitter:card\" content=\"summary_large_image\" \/>\n<meta name=\"twitter:label1\" content=\"Escrito por\" \/>\n\t<meta name=\"twitter:data1\" content=\"Equipe MH\" \/>\n\t<meta name=\"twitter:label2\" content=\"Est. tempo de leitura\" \/>\n\t<meta name=\"twitter:data2\" content=\"4 minutos\" \/>\n<script type=\"application\/ld+json\" class=\"yoast-schema-graph\">{\"@context\":\"https:\/\/schema.org\",\"@graph\":[{\"@type\":\"Article\",\"@id\":\"https:\/\/mhcalculos.com.br\/noticias\/area\/trabalhista\/tst-dia-mundial-da-justica-social-saiba-como-a-justica-do-trabalho-contribui-para-uma-sociedade-mais-justa.html#article\",\"isPartOf\":{\"@id\":\"https:\/\/mhcalculos.com.br\/noticias\/area\/trabalhista\/tst-dia-mundial-da-justica-social-saiba-como-a-justica-do-trabalho-contribui-para-uma-sociedade-mais-justa.html\"},\"author\":{\"name\":\"Equipe MH\",\"@id\":\"https:\/\/mhcalculos.com.br\/noticias\/#\/schema\/person\/88d1c34bf72dc779ea14a5a6b8e0ae8d\"},\"headline\":\"TST: Dia Mundial da Justi\u00e7a Social: saiba como a Justi\u00e7a do Trabalho contribui para uma sociedade mais justa\",\"datePublished\":\"2023-02-20T14:47:00+00:00\",\"dateModified\":\"2025-04-09T15:25:18+00:00\",\"mainEntityOfPage\":{\"@id\":\"https:\/\/mhcalculos.com.br\/noticias\/area\/trabalhista\/tst-dia-mundial-da-justica-social-saiba-como-a-justica-do-trabalho-contribui-para-uma-sociedade-mais-justa.html\"},\"wordCount\":743,\"commentCount\":0,\"image\":{\"@id\":\"https:\/\/mhcalculos.com.br\/noticias\/area\/trabalhista\/tst-dia-mundial-da-justica-social-saiba-como-a-justica-do-trabalho-contribui-para-uma-sociedade-mais-justa.html#primaryimage\"},\"thumbnailUrl\":\"https:\/\/mhcalculos.com.br\/noticias\/wp-content\/uploads\/sites\/2\/2023\/02\/trabalhista-0006.jpg\",\"keywords\":[\"c\u00e1lculos trabalhistas\",\"direito trabalhista\",\"per\u00edcia\",\"perito\",\"trabalho\",\"TST\"],\"articleSection\":[\"Direito Trabalhista\",\"TST\"],\"inLanguage\":\"pt-BR\",\"potentialAction\":[{\"@type\":\"CommentAction\",\"name\":\"Comment\",\"target\":[\"https:\/\/mhcalculos.com.br\/noticias\/area\/trabalhista\/tst-dia-mundial-da-justica-social-saiba-como-a-justica-do-trabalho-contribui-para-uma-sociedade-mais-justa.html#respond\"]}]},{\"@type\":\"WebPage\",\"@id\":\"https:\/\/mhcalculos.com.br\/noticias\/area\/trabalhista\/tst-dia-mundial-da-justica-social-saiba-como-a-justica-do-trabalho-contribui-para-uma-sociedade-mais-justa.html\",\"url\":\"https:\/\/mhcalculos.com.br\/noticias\/area\/trabalhista\/tst-dia-mundial-da-justica-social-saiba-como-a-justica-do-trabalho-contribui-para-uma-sociedade-mais-justa.html\",\"name\":\"TST: Dia Mundial da Justi\u00e7a Social: saiba como a Justi\u00e7a do Trabalho contribui para uma sociedade mais justa | Portal de Not\u00edcias\",\"isPartOf\":{\"@id\":\"https:\/\/mhcalculos.com.br\/noticias\/#website\"},\"primaryImageOfPage\":{\"@id\":\"https:\/\/mhcalculos.com.br\/noticias\/area\/trabalhista\/tst-dia-mundial-da-justica-social-saiba-como-a-justica-do-trabalho-contribui-para-uma-sociedade-mais-justa.html#primaryimage\"},\"image\":{\"@id\":\"https:\/\/mhcalculos.com.br\/noticias\/area\/trabalhista\/tst-dia-mundial-da-justica-social-saiba-como-a-justica-do-trabalho-contribui-para-uma-sociedade-mais-justa.html#primaryimage\"},\"thumbnailUrl\":\"https:\/\/mhcalculos.com.br\/noticias\/wp-content\/uploads\/sites\/2\/2023\/02\/trabalhista-0006.jpg\",\"datePublished\":\"2023-02-20T14:47:00+00:00\",\"dateModified\":\"2025-04-09T15:25:18+00:00\",\"author\":{\"@id\":\"https:\/\/mhcalculos.com.br\/noticias\/#\/schema\/person\/88d1c34bf72dc779ea14a5a6b8e0ae8d\"},\"breadcrumb\":{\"@id\":\"https:\/\/mhcalculos.com.br\/noticias\/area\/trabalhista\/tst-dia-mundial-da-justica-social-saiba-como-a-justica-do-trabalho-contribui-para-uma-sociedade-mais-justa.html#breadcrumb\"},\"inLanguage\":\"pt-BR\",\"potentialAction\":[{\"@type\":\"ReadAction\",\"target\":[\"https:\/\/mhcalculos.com.br\/noticias\/area\/trabalhista\/tst-dia-mundial-da-justica-social-saiba-como-a-justica-do-trabalho-contribui-para-uma-sociedade-mais-justa.html\"]}]},{\"@type\":\"ImageObject\",\"inLanguage\":\"pt-BR\",\"@id\":\"https:\/\/mhcalculos.com.br\/noticias\/area\/trabalhista\/tst-dia-mundial-da-justica-social-saiba-como-a-justica-do-trabalho-contribui-para-uma-sociedade-mais-justa.html#primaryimage\",\"url\":\"https:\/\/mhcalculos.com.br\/noticias\/wp-content\/uploads\/sites\/2\/2023\/02\/trabalhista-0006.jpg\",\"contentUrl\":\"https:\/\/mhcalculos.com.br\/noticias\/wp-content\/uploads\/sites\/2\/2023\/02\/trabalhista-0006.jpg\",\"width\":2000,\"height\":800},{\"@type\":\"BreadcrumbList\",\"@id\":\"https:\/\/mhcalculos.com.br\/noticias\/area\/trabalhista\/tst-dia-mundial-da-justica-social-saiba-como-a-justica-do-trabalho-contribui-para-uma-sociedade-mais-justa.html#breadcrumb\",\"itemListElement\":[{\"@type\":\"ListItem\",\"position\":1,\"name\":\"In\u00edcio\",\"item\":\"https:\/\/mhcalculos.com.br\/noticias\/\"},{\"@type\":\"ListItem\",\"position\":2,\"name\":\"TST: Dia Mundial da Justi\u00e7a Social: saiba como a Justi\u00e7a do Trabalho contribui para uma sociedade mais justa\"}]},{\"@type\":\"WebSite\",\"@id\":\"https:\/\/mhcalculos.com.br\/noticias\/#website\",\"url\":\"https:\/\/mhcalculos.com.br\/noticias\/\",\"name\":\"Portal de Not\u00edcias\",\"description\":\"Not\u00edcias e Jurisprud\u00eancia\",\"potentialAction\":[{\"@type\":\"SearchAction\",\"target\":{\"@type\":\"EntryPoint\",\"urlTemplate\":\"https:\/\/mhcalculos.com.br\/noticias\/?s={search_term_string}\"},\"query-input\":{\"@type\":\"PropertyValueSpecification\",\"valueRequired\":true,\"valueName\":\"search_term_string\"}}],\"inLanguage\":\"pt-BR\"},{\"@type\":\"Person\",\"@id\":\"https:\/\/mhcalculos.com.br\/noticias\/#\/schema\/person\/88d1c34bf72dc779ea14a5a6b8e0ae8d\",\"name\":\"Equipe MH\",\"image\":{\"@type\":\"ImageObject\",\"inLanguage\":\"pt-BR\",\"@id\":\"https:\/\/secure.gravatar.com\/avatar\/de1c686c2ecc9c5a3f327e3431d819eb39f8f05d4e1045f5a1caad6daaba987f?s=96&d=mm&r=g\",\"url\":\"https:\/\/secure.gravatar.com\/avatar\/de1c686c2ecc9c5a3f327e3431d819eb39f8f05d4e1045f5a1caad6daaba987f?s=96&d=mm&r=g\",\"contentUrl\":\"https:\/\/secure.gravatar.com\/avatar\/de1c686c2ecc9c5a3f327e3431d819eb39f8f05d4e1045f5a1caad6daaba987f?s=96&d=mm&r=g\",\"caption\":\"Equipe MH\"}}]}<\/script>\n<!-- \/ Yoast SEO plugin. -->","yoast_head_json":{"title":"TST: Dia Mundial da Justi\u00e7a Social: saiba como a Justi\u00e7a do Trabalho contribui para uma sociedade mais justa | Portal de Not\u00edcias","robots":{"index":"index","follow":"follow","max-snippet":"max-snippet:-1","max-image-preview":"max-image-preview:large","max-video-preview":"max-video-preview:-1"},"canonical":"https:\/\/mhcalculos.com.br\/noticias\/area\/trabalhista\/tst-dia-mundial-da-justica-social-saiba-como-a-justica-do-trabalho-contribui-para-uma-sociedade-mais-justa.html","og_locale":"pt_BR","og_type":"article","og_title":"TST: Dia Mundial da Justi\u00e7a Social: saiba como a Justi\u00e7a do Trabalho contribui para uma sociedade mais justa | Portal de Not\u00edcias","og_description":"Al\u00e9m de buscar equil\u00edbrio nas rela\u00e7\u00f5es de trabalho, a atua\u00e7\u00e3o institucional fortalece informa\u00e7\u00e3o e debate p\u00fablico sobre temas relevantes 20\/02\/23 &#8211; O Dia Mundial da Justi\u00e7a Social \u00e9 celebrado em 20 de fevereiro. A data foi definida pela Assembleia Geral da Organiza\u00e7\u00e3o das Na\u00e7\u00f5es Unidas, que reconheceu que justi\u00e7a social e desenvolvimento s\u00e3o requisitos para [&hellip;]","og_url":"https:\/\/mhcalculos.com.br\/noticias\/area\/trabalhista\/tst-dia-mundial-da-justica-social-saiba-como-a-justica-do-trabalho-contribui-para-uma-sociedade-mais-justa.html","og_site_name":"Portal de Not\u00edcias","article_published_time":"2023-02-20T14:47:00+00:00","article_modified_time":"2025-04-09T15:25:18+00:00","og_image":[{"width":2000,"height":800,"url":"https:\/\/mhcalculos.com.br\/noticias\/wp-content\/uploads\/sites\/2\/2023\/02\/trabalhista-0006.jpg","type":"image\/jpeg"}],"author":"Equipe MH","twitter_card":"summary_large_image","twitter_misc":{"Escrito por":"Equipe MH","Est. tempo de leitura":"4 minutos"},"schema":{"@context":"https:\/\/schema.org","@graph":[{"@type":"Article","@id":"https:\/\/mhcalculos.com.br\/noticias\/area\/trabalhista\/tst-dia-mundial-da-justica-social-saiba-como-a-justica-do-trabalho-contribui-para-uma-sociedade-mais-justa.html#article","isPartOf":{"@id":"https:\/\/mhcalculos.com.br\/noticias\/area\/trabalhista\/tst-dia-mundial-da-justica-social-saiba-como-a-justica-do-trabalho-contribui-para-uma-sociedade-mais-justa.html"},"author":{"name":"Equipe MH","@id":"https:\/\/mhcalculos.com.br\/noticias\/#\/schema\/person\/88d1c34bf72dc779ea14a5a6b8e0ae8d"},"headline":"TST: Dia Mundial da Justi\u00e7a Social: saiba como a Justi\u00e7a do Trabalho contribui para uma sociedade mais justa","datePublished":"2023-02-20T14:47:00+00:00","dateModified":"2025-04-09T15:25:18+00:00","mainEntityOfPage":{"@id":"https:\/\/mhcalculos.com.br\/noticias\/area\/trabalhista\/tst-dia-mundial-da-justica-social-saiba-como-a-justica-do-trabalho-contribui-para-uma-sociedade-mais-justa.html"},"wordCount":743,"commentCount":0,"image":{"@id":"https:\/\/mhcalculos.com.br\/noticias\/area\/trabalhista\/tst-dia-mundial-da-justica-social-saiba-como-a-justica-do-trabalho-contribui-para-uma-sociedade-mais-justa.html#primaryimage"},"thumbnailUrl":"https:\/\/mhcalculos.com.br\/noticias\/wp-content\/uploads\/sites\/2\/2023\/02\/trabalhista-0006.jpg","keywords":["c\u00e1lculos trabalhistas","direito trabalhista","per\u00edcia","perito","trabalho","TST"],"articleSection":["Direito Trabalhista","TST"],"inLanguage":"pt-BR","potentialAction":[{"@type":"CommentAction","name":"Comment","target":["https:\/\/mhcalculos.com.br\/noticias\/area\/trabalhista\/tst-dia-mundial-da-justica-social-saiba-como-a-justica-do-trabalho-contribui-para-uma-sociedade-mais-justa.html#respond"]}]},{"@type":"WebPage","@id":"https:\/\/mhcalculos.com.br\/noticias\/area\/trabalhista\/tst-dia-mundial-da-justica-social-saiba-como-a-justica-do-trabalho-contribui-para-uma-sociedade-mais-justa.html","url":"https:\/\/mhcalculos.com.br\/noticias\/area\/trabalhista\/tst-dia-mundial-da-justica-social-saiba-como-a-justica-do-trabalho-contribui-para-uma-sociedade-mais-justa.html","name":"TST: Dia Mundial da Justi\u00e7a Social: saiba como a Justi\u00e7a do Trabalho contribui para uma sociedade mais justa | Portal de Not\u00edcias","isPartOf":{"@id":"https:\/\/mhcalculos.com.br\/noticias\/#website"},"primaryImageOfPage":{"@id":"https:\/\/mhcalculos.com.br\/noticias\/area\/trabalhista\/tst-dia-mundial-da-justica-social-saiba-como-a-justica-do-trabalho-contribui-para-uma-sociedade-mais-justa.html#primaryimage"},"image":{"@id":"https:\/\/mhcalculos.com.br\/noticias\/area\/trabalhista\/tst-dia-mundial-da-justica-social-saiba-como-a-justica-do-trabalho-contribui-para-uma-sociedade-mais-justa.html#primaryimage"},"thumbnailUrl":"https:\/\/mhcalculos.com.br\/noticias\/wp-content\/uploads\/sites\/2\/2023\/02\/trabalhista-0006.jpg","datePublished":"2023-02-20T14:47:00+00:00","dateModified":"2025-04-09T15:25:18+00:00","author":{"@id":"https:\/\/mhcalculos.com.br\/noticias\/#\/schema\/person\/88d1c34bf72dc779ea14a5a6b8e0ae8d"},"breadcrumb":{"@id":"https:\/\/mhcalculos.com.br\/noticias\/area\/trabalhista\/tst-dia-mundial-da-justica-social-saiba-como-a-justica-do-trabalho-contribui-para-uma-sociedade-mais-justa.html#breadcrumb"},"inLanguage":"pt-BR","potentialAction":[{"@type":"ReadAction","target":["https:\/\/mhcalculos.com.br\/noticias\/area\/trabalhista\/tst-dia-mundial-da-justica-social-saiba-como-a-justica-do-trabalho-contribui-para-uma-sociedade-mais-justa.html"]}]},{"@type":"ImageObject","inLanguage":"pt-BR","@id":"https:\/\/mhcalculos.com.br\/noticias\/area\/trabalhista\/tst-dia-mundial-da-justica-social-saiba-como-a-justica-do-trabalho-contribui-para-uma-sociedade-mais-justa.html#primaryimage","url":"https:\/\/mhcalculos.com.br\/noticias\/wp-content\/uploads\/sites\/2\/2023\/02\/trabalhista-0006.jpg","contentUrl":"https:\/\/mhcalculos.com.br\/noticias\/wp-content\/uploads\/sites\/2\/2023\/02\/trabalhista-0006.jpg","width":2000,"height":800},{"@type":"BreadcrumbList","@id":"https:\/\/mhcalculos.com.br\/noticias\/area\/trabalhista\/tst-dia-mundial-da-justica-social-saiba-como-a-justica-do-trabalho-contribui-para-uma-sociedade-mais-justa.html#breadcrumb","itemListElement":[{"@type":"ListItem","position":1,"name":"In\u00edcio","item":"https:\/\/mhcalculos.com.br\/noticias\/"},{"@type":"ListItem","position":2,"name":"TST: Dia Mundial da Justi\u00e7a Social: saiba como a Justi\u00e7a do Trabalho contribui para uma sociedade mais justa"}]},{"@type":"WebSite","@id":"https:\/\/mhcalculos.com.br\/noticias\/#website","url":"https:\/\/mhcalculos.com.br\/noticias\/","name":"Portal de Not\u00edcias","description":"Not\u00edcias e Jurisprud\u00eancia","potentialAction":[{"@type":"SearchAction","target":{"@type":"EntryPoint","urlTemplate":"https:\/\/mhcalculos.com.br\/noticias\/?s={search_term_string}"},"query-input":{"@type":"PropertyValueSpecification","valueRequired":true,"valueName":"search_term_string"}}],"inLanguage":"pt-BR"},{"@type":"Person","@id":"https:\/\/mhcalculos.com.br\/noticias\/#\/schema\/person\/88d1c34bf72dc779ea14a5a6b8e0ae8d","name":"Equipe MH","image":{"@type":"ImageObject","inLanguage":"pt-BR","@id":"https:\/\/secure.gravatar.com\/avatar\/de1c686c2ecc9c5a3f327e3431d819eb39f8f05d4e1045f5a1caad6daaba987f?s=96&d=mm&r=g","url":"https:\/\/secure.gravatar.com\/avatar\/de1c686c2ecc9c5a3f327e3431d819eb39f8f05d4e1045f5a1caad6daaba987f?s=96&d=mm&r=g","contentUrl":"https:\/\/secure.gravatar.com\/avatar\/de1c686c2ecc9c5a3f327e3431d819eb39f8f05d4e1045f5a1caad6daaba987f?s=96&d=mm&r=g","caption":"Equipe MH"}}]}},"_links":{"self":[{"href":"https:\/\/mhcalculos.com.br\/noticias\/wp-json\/wp\/v2\/posts\/11960","targetHints":{"allow":["GET"]}}],"collection":[{"href":"https:\/\/mhcalculos.com.br\/noticias\/wp-json\/wp\/v2\/posts"}],"about":[{"href":"https:\/\/mhcalculos.com.br\/noticias\/wp-json\/wp\/v2\/types\/post"}],"author":[{"embeddable":true,"href":"https:\/\/mhcalculos.com.br\/noticias\/wp-json\/wp\/v2\/users\/3063"}],"replies":[{"embeddable":true,"href":"https:\/\/mhcalculos.com.br\/noticias\/wp-json\/wp\/v2\/comments?post=11960"}],"version-history":[{"count":1,"href":"https:\/\/mhcalculos.com.br\/noticias\/wp-json\/wp\/v2\/posts\/11960\/revisions"}],"predecessor-version":[{"id":13807,"href":"https:\/\/mhcalculos.com.br\/noticias\/wp-json\/wp\/v2\/posts\/11960\/revisions\/13807"}],"wp:featuredmedia":[{"embeddable":true,"href":"https:\/\/mhcalculos.com.br\/noticias\/wp-json\/wp\/v2\/media\/11961"}],"wp:attachment":[{"href":"https:\/\/mhcalculos.com.br\/noticias\/wp-json\/wp\/v2\/media?parent=11960"}],"wp:term":[{"taxonomy":"category","embeddable":true,"href":"https:\/\/mhcalculos.com.br\/noticias\/wp-json\/wp\/v2\/categories?post=11960"},{"taxonomy":"post_tag","embeddable":true,"href":"https:\/\/mhcalculos.com.br\/noticias\/wp-json\/wp\/v2\/tags?post=11960"}],"curies":[{"name":"wp","href":"https:\/\/api.w.org\/{rel}","templated":true}]}}