{"id":11958,"date":"2023-02-17T19:19:00","date_gmt":"2023-02-17T22:19:00","guid":{"rendered":"https:\/\/mhcalculos.com.br\/noticias\/area\/trabalhista\/tst-nova-gestao-da-enamat-amplia-a-valorizacao-de-questoes-sociais-e-igualitarias.html"},"modified":"2023-02-17T19:19:00","modified_gmt":"2023-02-17T22:19:00","slug":"tst-nova-gestao-da-enamat-amplia-a-valorizacao-de-questoes-sociais-e-igualitarias","status":"publish","type":"post","link":"https:\/\/mhcalculos.com.br\/noticias\/area\/trabalhista\/tst-nova-gestao-da-enamat-amplia-a-valorizacao-de-questoes-sociais-e-igualitarias.html","title":{"rendered":"TST: Nova gest\u00e3o da Enamat amplia a valoriza\u00e7\u00e3o de quest\u00f5es sociais e igualit\u00e1rias\u00a0"},"content":{"rendered":"<p><br \/>\n<\/p>\n<p><em><\/p>\n<p>A gest\u00e3o dos ministros Mauricio Godinho Delgado (diretor)&nbsp;e ministro Augusto C\u00e9sar&nbsp;(vice-diretor) come\u00e7ou no dia 17 de outubro de 2022 e, desde ent\u00e3o, tem buscado valorizar quest\u00f5es sociais e igualit\u00e1rias.<\/p>\n<p><\/em><\/p>\n<p>        <a class=\"share-facebook\" href=\"https:\/\/www.facebook.com\/sharer.php?u=https:\/\/www.tst.jus.br\/-\/nova-gest%C3%A3o-da-enamat-amplia-a-valoriza%C3%A7%C3%A3o-de-quest%C3%B5es-sociais-e-igualit%C3%A1rias%C2%A0\" target=\"_blank\" rel=\"noopener\"><\/a><br \/>\n        <a class=\"share-twitter\" href=\"http:\/\/twitter.com\/intent\/tweet?text=Nova gest\u00e3o da Enamat amplia a valoriza\u00e7\u00e3o de quest\u00f5es sociais e igualit\u00e1rias\u00a0%0AVeja%20mais%20em:&amp;url=https:\/\/www.tst.jus.br\/-\/nova-gest%C3%A3o-da-enamat-amplia-a-valoriza%C3%A7%C3%A3o-de-quest%C3%B5es-sociais-e-igualit%C3%A1rias%C2%A0\" target=\"_blank\" rel=\"noopener\"><\/a><br \/>\n        <a class=\"share-linkedin\" href=\"https:\/\/www.linkedin.com\/shareArticle?mini=true&amp;url=https:\/\/www.tst.jus.br\/-\/nova-gest%C3%A3o-da-enamat-amplia-a-valoriza%C3%A7%C3%A3o-de-quest%C3%B5es-sociais-e-igualit%C3%A1rias%C2%A0&amp;title=Nova gest\u00e3o da Enamat amplia a valoriza\u00e7\u00e3o de quest\u00f5es sociais e igualit\u00e1rias\u00a0\" target=\"_blank\" rel=\"noopener\"><\/a><br \/>\n        <a class=\"share-whatsapp\" href=\"https:\/\/web.whatsapp.com\/send?text=https:\/\/www.tst.jus.br\/-\/nova-gest%C3%A3o-da-enamat-amplia-a-valoriza%C3%A7%C3%A3o-de-quest%C3%B5es-sociais-e-igualit%C3%A1rias%C2%A0\" target=\"_blank\" rel=\"noopener\"><\/a><br \/>\n        <a class=\"share-googleplus\" href=\"https:\/\/plus.google.com\/share?url=https:\/\/www.tst.jus.br\/-\/nova-gest%C3%A3o-da-enamat-amplia-a-valoriza%C3%A7%C3%A3o-de-quest%C3%B5es-sociais-e-igualit%C3%A1rias%C2%A0\" target=\"_blank\" rel=\"noopener\"><\/a><\/p>\n<p>                <\/p>\n<p>Ministro Mauricio Godinho Delgado. (Foto: Fellipe Sampaio &#8211; Secom\/TST)<\/p>\n<p>                    <a class=\"share-facebook\" href=\"https:\/\/www.facebook.com\/sharer.php?u=https:\/\/www.tst.jus.br\/-\/nova-gest%C3%A3o-da-enamat-amplia-a-valoriza%C3%A7%C3%A3o-de-quest%C3%B5es-sociais-e-igualit%C3%A1rias%C2%A0\" target=\"_blank\" rel=\"noopener\"><\/a><br \/>\n                    <a class=\"share-twitter\" href=\"http:\/\/twitter.com\/intent\/tweet?text=Nova gest\u00e3o da Enamat amplia a valoriza\u00e7\u00e3o de quest\u00f5es sociais e igualit\u00e1rias\u00a0%0AVeja%20mais%20em:&amp;url=https:\/\/www.tst.jus.br\/-\/nova-gest%C3%A3o-da-enamat-amplia-a-valoriza%C3%A7%C3%A3o-de-quest%C3%B5es-sociais-e-igualit%C3%A1rias%C2%A0\" target=\"_blank\" rel=\"noopener\"><\/a><br \/>\n                    <a class=\"share-linkedin\" href=\"https:\/\/www.linkedin.com\/shareArticle?mini=true&amp;url=https:\/\/www.tst.jus.br\/-\/nova-gest%C3%A3o-da-enamat-amplia-a-valoriza%C3%A7%C3%A3o-de-quest%C3%B5es-sociais-e-igualit%C3%A1rias%C2%A0&amp;title=Nova gest\u00e3o da Enamat amplia a valoriza\u00e7\u00e3o de quest\u00f5es sociais e igualit\u00e1rias\u00a0\" target=\"_blank\" rel=\"noopener\"><\/a><br \/>\n                    <a class=\"share-whatsapp\" href=\"https:\/\/web.whatsapp.com\/send?text=https:\/\/www.tst.jus.br\/-\/nova-gest%C3%A3o-da-enamat-amplia-a-valoriza%C3%A7%C3%A3o-de-quest%C3%B5es-sociais-e-igualit%C3%A1rias%C2%A0\" target=\"_blank\" rel=\"noopener\"><\/a><br \/>\n                    <a class=\"share-googleplus\" href=\"https:\/\/plus.google.com\/share?url=https:\/\/www.tst.jus.br\/-\/nova-gest%C3%A3o-da-enamat-amplia-a-valoriza%C3%A7%C3%A3o-de-quest%C3%B5es-sociais-e-igualit%C3%A1rias%C2%A0\" target=\"_blank\" rel=\"noopener\"><\/a><\/p>\n<p><strong>17\/2\/2023<\/strong> &#8211; A gest\u00e3o do ministro Mauricio Godinho Delgado \u00e0 frente da dire\u00e7\u00e3o da Escola Nacional de Forma\u00e7\u00e3o e Aperfei\u00e7oamento de Magistrados do Trabalho (ENAMAT) completa, nesta sexta-feira (17), quatro meses. &nbsp;Nesse per\u00edodo, foram ampliadas a\u00e7\u00f5es formativas e de pesquisas relativas \u00e0s quest\u00f5es sociais, humanas, raciais, de g\u00eanero e igualit\u00e1rias.<\/p>\n<p>A <a href=\"http:\/\/www.enamat.jus.br\/?p=21839\" target=\"_blank\" rel=\"noopener\"><strong>dire\u00e7\u00e3o foi empossada em 17 de outubro de 2022<\/strong><\/a> e, desde ent\u00e3o, tem buscado, junto ao Conselho Consultivo da Escola, valorizar quest\u00f5es sociais e igualit\u00e1rias. Confira o que j\u00e1 foi feito e o que vem por a\u00ed.<\/p>\n<p><strong>Ra\u00e7a e g\u00eanero<\/strong><\/p>\n<p>Em novembro do ano passado, foram realizadas as primeiras reuni\u00f5es do Conselho Consultivo e do Sistema Integrado de Forma\u00e7\u00e3o de Magistrados (SIFMT). Uma das a\u00e7\u00f5es implementadas durante o encontro foi a institui\u00e7\u00e3o de uma comiss\u00e3o de estudos sobre quest\u00f5es de g\u00eanero, e outra para tratar de quest\u00f5es relacionadas \u00e0 ra\u00e7a no Direito Internacional, no Direito Brasileiro, na sociedade e na magistratura. As primeiras reuni\u00f5es dos comit\u00eas foram realizadas ainda em novembro.<\/p>\n<p>A Enamat tamb\u00e9m se comprometeu em promover a\u00e7\u00f5es formativas, em cumprimento a <a href=\"https:\/\/atos.cnj.jus.br\/atos\/detalhar\/151#:~:text=RESOLVE%3A-,Art.,assessoria%20da%20Presid%C3%AAncia%20do%20Tribunal.\" target=\"_blank\" rel=\"noopener\"><strong>Resolu\u00e7\u00e3o CNJ 128\/2022<\/strong><\/a>, do Conselho Nacional de Justi\u00e7a (CNJ), que estimula a ado\u00e7\u00e3o do &nbsp;Protocolo para Julgamento com Perspectiva de G\u00eanero, no \u00e2mbito do Poder Judici\u00e1rio.<\/p>\n<p><strong>Semin\u00e1rios&nbsp;<\/strong><\/p>\n<p>A Enamat foi uma das entidades apoiadoras na realiza\u00e7\u00e3o dos semin\u00e1rios \u201c<a href=\"https:\/\/www.tst.jus.br\/-\/caso-hist%C3%B3rico-de-discrimina%C3%A7%C3%A3o-gera-debate-in%C3%A9dito-contra-o-racismo%C2%A0\" target=\"_blank\" rel=\"noopener\"><strong>Simone Andr\u00e9 Diniz: justi\u00e7a, seguran\u00e7a p\u00fablica e antirracismo\u201d<\/strong><\/a> e <a href=\"http:\/\/www.enamat.jus.br\/?p=22074\" target=\"_blank\" rel=\"noopener\"><strong>\u201cDireitos Humanos Sociais e Rela\u00e7\u00f5es de Trabalho\u201d<\/strong><\/a>, realizados em novembro de 2022.<\/p>\n<p>Atualmente est\u00e3o em curso as provid\u00eancias para a realiza\u00e7\u00e3o dos eventos <a href=\"https:\/\/www.csjt.jus.br\/web\/csjt\/-\/semin%C3%A1rio-vai-abordar-direitos-constitucionais-e-rela%C3%A7%C3%B5es-de-trabalho\" target=\"_blank\" rel=\"noopener\"><strong>\u201cSemin\u00e1rio Internacional Direitos Constitucionais e Rela\u00e7\u00f5es de Trabalho: Caminhos das Cortes Superiores para a efetividade da Justi\u00e7a Social\u201d<\/strong><\/a>, em parceria com o Supremo Tribunal Federal (STF) e TST; al\u00e9m do \u201cSemin\u00e1rio Internacional (Re)pensando g\u00eanero a partir das conven\u00e7\u00f5es da OIT e decis\u00f5es da Corte Interamericana de Direitos Humanos\u201d. Ambos os eventos ser\u00e3o realizados em mar\u00e7o de 2023.<\/p>\n<p><strong>Parcerias e coopera\u00e7\u00e3o interinstitucional<\/strong><\/p>\n<p>Nesses quatros meses, foi formalizado um novo conv\u00eanio entre a Enamat e a Escola Nacional da Magistratura da Fran\u00e7a (ENMF) para a promo\u00e7\u00e3o e aperfei\u00e7oamento da forma\u00e7\u00e3o da magistratura dos dois pa\u00edses, &nbsp;por meio do interc\u00e2mbio de experi\u00eancias. Tamb\u00e9m foram prospectados projetos de pesquisas cient\u00edficas a serem realizados em parceria com o Instituto de Pesquisa Econ\u00f4mica Aplicada (IPEA) e com a Universidade Estadual de Campinas (Unicamp).<\/p>\n<p>A escola tamb\u00e9m formalizou um termo de coopera\u00e7\u00e3o com a Organiza\u00e7\u00e3o dos Estados Americanos (OEA) para a participa\u00e7\u00e3o em pain\u00e9is durante o \u201cI F\u00f3rum sobre os Desafios Atuais para o Poder Judici\u00e1rio e o Minist\u00e9rio P\u00fablico: o caso do Brasil\u201d, previsto para maio de 2023. Outra coopera\u00e7\u00e3o foi a firmada com o Tribunal Superior do Trabalho, por meio do <a href=\"https:\/\/juslaboris.tst.jus.br\/handle\/20.500.12178\/209842?locale-attribute=es\" target=\"_blank\" rel=\"noopener\"><strong>Ato Conjunto TST.CSJT.ENAMAT&nbsp;1\/2022<\/strong><\/a>, que estabelece mecanismos de coopera\u00e7\u00e3o entre a Secretaria de Pesquisa Judici\u00e1ria e Ci\u00eancia de Dados do TST e a Enamat.<\/p>\n<p>A Enamat tamb\u00e9m indicou ao Conselho Nacional de Justi\u00e7a (CNJ) o nome de magistradas e magistrados para integrarem grupo de trabalho destinado a elabora\u00e7\u00e3o de programa e desenvolvimento de conte\u00fado sobre a Pol\u00edtica de Preven\u00e7\u00e3o e Enfrentamento do Ass\u00e9dio Moral, do Ass\u00e9dio Sexual e da Discrimina\u00e7\u00e3o.<\/p>\n<p>Al\u00e9m do grupo de trabalho do CNJ, a escola tamb\u00e9m indicou 31 juizas e juizes do Trabalho para participar das atividades de capacita\u00e7\u00e3o nacional no \u201cIII Simp\u00f3sio Nacional e II Internacional Povos Ind\u00edgenas, Negros\/as, Quilombolas e Religiosos\/as de Matriz Africana e Afro-ind\u00edgena: Decolonialidade e D\u00edvidas hist\u00f3ricas do Estado Brasileiro no marco dos 200 anos da Independ\u00eancia\u201d e \u201dAtua\u00e7\u00e3o do Minist\u00e9rio P\u00fablico e do Judici\u00e1rio junto aos povos origin\u00e1rios e comunidades tradicionais\u201d. Ambas as &nbsp;atividades &nbsp;atendem \u00e0 <a href=\"https:\/\/www.cnmp.mp.br\/portal\/images\/CDDF\/Resoluo-n-230-2021.pdf\" target=\"_blank\" rel=\"noopener\"><strong>Resolu\u00e7\u00e3o CNMP 230\/2021<\/strong><\/a>, do Conselho Nacional do Minist\u00e9rio P\u00fablico, e a <a href=\"https:\/\/atos.cnj.jus.br\/files\/original174053202205036271692534e99.pdf\" target=\"_blank\" rel=\"noopener\"><strong>Resolu\u00e7\u00e3o CNJ 454\/2022<\/strong><\/a>.<\/p>\n<p><strong>Tr\u00e1fico de pessoas e Trabalho an\u00e1logo \u00e0 escravid\u00e3o<\/strong><\/p>\n<p>Com base no Termo de &nbsp;Coopera\u00e7\u00e3o firmado entre o Conselho Nacional de Justi\u00e7a (CNJ) e a Organiza\u00e7\u00e3o Internacional para as Migra\u00e7\u00f5es (OIM), a Enamat realizou, nos dias 15 e 16 de fevereiro, o Curso de Forma\u00e7\u00e3o de Formadores (CFF) com o tema <a href=\"http:\/\/www.enamat.jus.br\/?p=22255\" target=\"_blank\" rel=\"noopener\"><strong>\u201cPreven\u00e7\u00e3o e Persecu\u00e7\u00e3o do Tr\u00e1fico de Pessoas e Combate ao Trabalho Escravo na &nbsp;Justi\u00e7a do Trabalho\u201d<\/strong><\/a>.&nbsp;<\/p>\n<p>A capacita\u00e7\u00e3o foi destinada &nbsp;\u00e0s magistradas e magistrados, vinculados aos comit\u00eas estaduais do F\u00f3rum Nacional para Monitoramento e Solu\u00e7\u00e3o das Demandas de Explora\u00e7\u00e3o do Trabalho em Condi\u00e7\u00f5es An\u00e1logas a Escravo e de Tr\u00e1fico de Pessoas (Fontet). Tamb\u00e9m participaram da capacita\u00e7\u00e3o os integrantes do &nbsp;grupo de trabalho, criado no \u00e2mbito do TST e do CSJT, para elaborar a\u00e7\u00f5es de enfrentamento ao trabalho escravo &nbsp;e tr\u00e1fico de pessoas.<\/p>\n<p>(Andrea Magalh\u00e3es\/AJ)<\/p>\n<p>    $(&#8216;#lightbox-nrvp_ .slider-gallery-wrapper img&#8217;).hover(<br \/>\n    function() {<br \/>\n        const $text=$($($(this).parent()).next());<br \/>\n        $text.hasClass(&#8216;inside-description&#8217;) &amp;&amp; $text.fadeTo( &#8220;slow&#8221; , 0);<br \/>\n    }, function() {<br \/>\n        const $text=$($($(this).parent()).next());<br \/>\n        $text.hasClass(&#8216;inside-description&#8217;) &amp;&amp; $text.fadeTo( &#8220;slow&#8221; , 1);<br \/>\n    }<br \/>\n    );<br \/>\n    $(document).ready(function() {<br \/>\n        var nrvp_autoplaying=false;<br \/>\n        var nrvp_showingLightbox=false;<br \/>\n        const nrvp_playPauseControllers=&#8221;#slider-nrvp_-playpause, #slider-nrvp_-lightbox-playpause&#8221;;<br \/>\n        $(&#8220;#slider-nrvp_&#8221;).slick({<br \/>\n            slidesToShow: 1,<br \/>\n            slidesToScroll: 1,<br \/>\n            autoplay: nrvp_autoplaying,<br \/>\n            swipeToSlide: false,<br \/>\n            centerMode: false,<br \/>\n            autoplaySpeed: 3000,<br \/>\n            focusOnSelect: true,<br \/>\n            prevArrow:<br \/>\n            &#8221;,<br \/>\n            nextArrow:<br \/>\n            &#8221;,<br \/>\n            centerPadding: &#8220;60px&#8221;,<br \/>\n            responsive: [<br \/>\n                {<br \/>\n                    breakpoint: 767.98,<br \/>\n                    settings: {<br \/>\n                        slidesToShow: 3,<br \/>\n                        adaptiveHeight: true<br \/>\n                    }<br \/>\n                }<br \/>\n            ]<br \/>\n        });<br \/>\n        $(&#8220;#slider-nrvp_&#8221;).slickLightbox({<br \/>\n            src: &#8216;src&#8217;,<br \/>\n            itemSelector: &#8216;.galery-image .multimidia-wrapper img&#8217;,<br \/>\n            caption:&#8217;caption&#8217;<br \/>\n        });<br \/>\n    });<br \/>\n<script async src=\"https:\/\/platform.twitter.com\/widgets.js\" charset=\"utf-8\"><\/script><br \/>\n<br \/><i>Com informa\u00e7\u00f5es da assessoria de imprensa do TST.<\/i><br \/>\n<br \/><a href=\"https:\/\/www.tst.jus.br\/web\/guest\/noticias?p_p_id=89Dk&#038;p_p_lifecycle=0&#038;refererPlid=10730&#038;_89Dk_groupId=10157&#038;_89Dk_articleId=31544311\">Fonte<\/a><br \/>\n<br \/><\/p>\n","protected":false},"excerpt":{"rendered":"<p>A gest\u00e3o dos ministros Mauricio Godinho Delgado (diretor)&nbsp;e ministro Augusto C\u00e9sar&nbsp;(vice-diretor) come\u00e7ou no dia 17 de outubro de 2022 e, desde ent\u00e3o, tem buscado valorizar quest\u00f5es sociais e igualit\u00e1rias. Ministro Mauricio Godinho Delgado. (Foto: Fellipe Sampaio &#8211; Secom\/TST) 17\/2\/2023 &#8211; A gest\u00e3o do ministro Mauricio Godinho Delgado \u00e0 frente da dire\u00e7\u00e3o da Escola Nacional de [&hellip;]<\/p>\n","protected":false},"author":3063,"featured_media":11959,"comment_status":"open","ping_status":"open","sticky":false,"template":"","format":"standard","meta":{"footnotes":""},"categories":[3,21],"tags":[33,216,9,12,217,215],"class_list":{"0":"post-11958","1":"post","2":"type-post","3":"status-publish","4":"format-standard","5":"has-post-thumbnail","7":"category-trabalhista","8":"category-tst","9":"tag-calculos-trabalhistas","10":"tag-direito-trabalhista","11":"tag-pericia","12":"tag-perito","13":"tag-trabalho","14":"tag-tst"},"yoast_head":"<!-- This site is optimized with the Yoast SEO plugin v27.2 - https:\/\/yoast.com\/product\/yoast-seo-wordpress\/ -->\n<title>TST: Nova gest\u00e3o da Enamat amplia a valoriza\u00e7\u00e3o de quest\u00f5es sociais e igualit\u00e1rias\u00a0 | Portal de Not\u00edcias<\/title>\n<meta name=\"robots\" content=\"index, follow, max-snippet:-1, max-image-preview:large, max-video-preview:-1\" \/>\n<link rel=\"canonical\" href=\"https:\/\/mhcalculos.com.br\/noticias\/area\/trabalhista\/tst-nova-gestao-da-enamat-amplia-a-valorizacao-de-questoes-sociais-e-igualitarias.html\" \/>\n<meta property=\"og:locale\" content=\"pt_BR\" \/>\n<meta property=\"og:type\" content=\"article\" \/>\n<meta property=\"og:title\" content=\"TST: Nova gest\u00e3o da Enamat amplia a valoriza\u00e7\u00e3o de quest\u00f5es sociais e igualit\u00e1rias\u00a0 | Portal de Not\u00edcias\" \/>\n<meta property=\"og:description\" content=\"A gest\u00e3o dos ministros Mauricio Godinho Delgado (diretor)&nbsp;e ministro Augusto C\u00e9sar&nbsp;(vice-diretor) come\u00e7ou no dia 17 de outubro de 2022 e, desde ent\u00e3o, tem buscado valorizar quest\u00f5es sociais e igualit\u00e1rias. Ministro Mauricio Godinho Delgado. (Foto: Fellipe Sampaio &#8211; Secom\/TST) 17\/2\/2023 &#8211; A gest\u00e3o do ministro Mauricio Godinho Delgado \u00e0 frente da dire\u00e7\u00e3o da Escola Nacional de [&hellip;]\" \/>\n<meta property=\"og:url\" content=\"https:\/\/mhcalculos.com.br\/noticias\/area\/trabalhista\/tst-nova-gestao-da-enamat-amplia-a-valorizacao-de-questoes-sociais-e-igualitarias.html\" \/>\n<meta property=\"og:site_name\" content=\"Portal de Not\u00edcias\" \/>\n<meta property=\"article:published_time\" content=\"2023-02-17T22:19:00+00:00\" \/>\n<meta property=\"og:image\" content=\"https:\/\/mhcalculos.com.br\/noticias\/wp-content\/uploads\/sites\/2\/2023\/02\/1677067511_trabalhista-0026.jpg\" \/>\n\t<meta property=\"og:image:width\" content=\"2000\" \/>\n\t<meta property=\"og:image:height\" content=\"800\" \/>\n\t<meta property=\"og:image:type\" content=\"image\/jpeg\" \/>\n<meta name=\"author\" content=\"Equipe MH\" \/>\n<meta name=\"twitter:card\" content=\"summary_large_image\" \/>\n<meta name=\"twitter:label1\" content=\"Escrito por\" \/>\n\t<meta name=\"twitter:data1\" content=\"Equipe MH\" \/>\n\t<meta name=\"twitter:label2\" content=\"Est. tempo de leitura\" \/>\n\t<meta name=\"twitter:data2\" content=\"5 minutos\" \/>\n<script type=\"application\/ld+json\" class=\"yoast-schema-graph\">{\"@context\":\"https:\/\/schema.org\",\"@graph\":[{\"@type\":\"Article\",\"@id\":\"https:\/\/mhcalculos.com.br\/noticias\/area\/trabalhista\/tst-nova-gestao-da-enamat-amplia-a-valorizacao-de-questoes-sociais-e-igualitarias.html#article\",\"isPartOf\":{\"@id\":\"https:\/\/mhcalculos.com.br\/noticias\/area\/trabalhista\/tst-nova-gestao-da-enamat-amplia-a-valorizacao-de-questoes-sociais-e-igualitarias.html\"},\"author\":{\"name\":\"Equipe MH\",\"@id\":\"https:\/\/mhcalculos.com.br\/noticias\/#\/schema\/person\/88d1c34bf72dc779ea14a5a6b8e0ae8d\"},\"headline\":\"TST: Nova gest\u00e3o da Enamat amplia a valoriza\u00e7\u00e3o de quest\u00f5es sociais e igualit\u00e1rias\u00a0\",\"datePublished\":\"2023-02-17T22:19:00+00:00\",\"mainEntityOfPage\":{\"@id\":\"https:\/\/mhcalculos.com.br\/noticias\/area\/trabalhista\/tst-nova-gestao-da-enamat-amplia-a-valorizacao-de-questoes-sociais-e-igualitarias.html\"},\"wordCount\":1014,\"commentCount\":0,\"image\":{\"@id\":\"https:\/\/mhcalculos.com.br\/noticias\/area\/trabalhista\/tst-nova-gestao-da-enamat-amplia-a-valorizacao-de-questoes-sociais-e-igualitarias.html#primaryimage\"},\"thumbnailUrl\":\"https:\/\/mhcalculos.com.br\/noticias\/wp-content\/uploads\/sites\/2\/2023\/02\/1677067511_trabalhista-0026.jpg\",\"keywords\":[\"c\u00e1lculos trabalhistas\",\"direito trabalhista\",\"per\u00edcia\",\"perito\",\"trabalho\",\"TST\"],\"articleSection\":[\"Direito Trabalhista\",\"TST\"],\"inLanguage\":\"pt-BR\",\"potentialAction\":[{\"@type\":\"CommentAction\",\"name\":\"Comment\",\"target\":[\"https:\/\/mhcalculos.com.br\/noticias\/area\/trabalhista\/tst-nova-gestao-da-enamat-amplia-a-valorizacao-de-questoes-sociais-e-igualitarias.html#respond\"]}]},{\"@type\":\"WebPage\",\"@id\":\"https:\/\/mhcalculos.com.br\/noticias\/area\/trabalhista\/tst-nova-gestao-da-enamat-amplia-a-valorizacao-de-questoes-sociais-e-igualitarias.html\",\"url\":\"https:\/\/mhcalculos.com.br\/noticias\/area\/trabalhista\/tst-nova-gestao-da-enamat-amplia-a-valorizacao-de-questoes-sociais-e-igualitarias.html\",\"name\":\"TST: Nova gest\u00e3o da Enamat amplia a valoriza\u00e7\u00e3o de quest\u00f5es sociais e igualit\u00e1rias\u00a0 | Portal de Not\u00edcias\",\"isPartOf\":{\"@id\":\"https:\/\/mhcalculos.com.br\/noticias\/#website\"},\"primaryImageOfPage\":{\"@id\":\"https:\/\/mhcalculos.com.br\/noticias\/area\/trabalhista\/tst-nova-gestao-da-enamat-amplia-a-valorizacao-de-questoes-sociais-e-igualitarias.html#primaryimage\"},\"image\":{\"@id\":\"https:\/\/mhcalculos.com.br\/noticias\/area\/trabalhista\/tst-nova-gestao-da-enamat-amplia-a-valorizacao-de-questoes-sociais-e-igualitarias.html#primaryimage\"},\"thumbnailUrl\":\"https:\/\/mhcalculos.com.br\/noticias\/wp-content\/uploads\/sites\/2\/2023\/02\/1677067511_trabalhista-0026.jpg\",\"datePublished\":\"2023-02-17T22:19:00+00:00\",\"author\":{\"@id\":\"https:\/\/mhcalculos.com.br\/noticias\/#\/schema\/person\/88d1c34bf72dc779ea14a5a6b8e0ae8d\"},\"breadcrumb\":{\"@id\":\"https:\/\/mhcalculos.com.br\/noticias\/area\/trabalhista\/tst-nova-gestao-da-enamat-amplia-a-valorizacao-de-questoes-sociais-e-igualitarias.html#breadcrumb\"},\"inLanguage\":\"pt-BR\",\"potentialAction\":[{\"@type\":\"ReadAction\",\"target\":[\"https:\/\/mhcalculos.com.br\/noticias\/area\/trabalhista\/tst-nova-gestao-da-enamat-amplia-a-valorizacao-de-questoes-sociais-e-igualitarias.html\"]}]},{\"@type\":\"ImageObject\",\"inLanguage\":\"pt-BR\",\"@id\":\"https:\/\/mhcalculos.com.br\/noticias\/area\/trabalhista\/tst-nova-gestao-da-enamat-amplia-a-valorizacao-de-questoes-sociais-e-igualitarias.html#primaryimage\",\"url\":\"https:\/\/mhcalculos.com.br\/noticias\/wp-content\/uploads\/sites\/2\/2023\/02\/1677067511_trabalhista-0026.jpg\",\"contentUrl\":\"https:\/\/mhcalculos.com.br\/noticias\/wp-content\/uploads\/sites\/2\/2023\/02\/1677067511_trabalhista-0026.jpg\",\"width\":2000,\"height\":800},{\"@type\":\"BreadcrumbList\",\"@id\":\"https:\/\/mhcalculos.com.br\/noticias\/area\/trabalhista\/tst-nova-gestao-da-enamat-amplia-a-valorizacao-de-questoes-sociais-e-igualitarias.html#breadcrumb\",\"itemListElement\":[{\"@type\":\"ListItem\",\"position\":1,\"name\":\"In\u00edcio\",\"item\":\"https:\/\/mhcalculos.com.br\/noticias\/\"},{\"@type\":\"ListItem\",\"position\":2,\"name\":\"TST: Nova gest\u00e3o da Enamat amplia a valoriza\u00e7\u00e3o de quest\u00f5es sociais e igualit\u00e1rias\u00a0\"}]},{\"@type\":\"WebSite\",\"@id\":\"https:\/\/mhcalculos.com.br\/noticias\/#website\",\"url\":\"https:\/\/mhcalculos.com.br\/noticias\/\",\"name\":\"Portal de Not\u00edcias\",\"description\":\"Not\u00edcias e Jurisprud\u00eancia\",\"potentialAction\":[{\"@type\":\"SearchAction\",\"target\":{\"@type\":\"EntryPoint\",\"urlTemplate\":\"https:\/\/mhcalculos.com.br\/noticias\/?s={search_term_string}\"},\"query-input\":{\"@type\":\"PropertyValueSpecification\",\"valueRequired\":true,\"valueName\":\"search_term_string\"}}],\"inLanguage\":\"pt-BR\"},{\"@type\":\"Person\",\"@id\":\"https:\/\/mhcalculos.com.br\/noticias\/#\/schema\/person\/88d1c34bf72dc779ea14a5a6b8e0ae8d\",\"name\":\"Equipe MH\",\"image\":{\"@type\":\"ImageObject\",\"inLanguage\":\"pt-BR\",\"@id\":\"https:\/\/secure.gravatar.com\/avatar\/de1c686c2ecc9c5a3f327e3431d819eb39f8f05d4e1045f5a1caad6daaba987f?s=96&d=mm&r=g\",\"url\":\"https:\/\/secure.gravatar.com\/avatar\/de1c686c2ecc9c5a3f327e3431d819eb39f8f05d4e1045f5a1caad6daaba987f?s=96&d=mm&r=g\",\"contentUrl\":\"https:\/\/secure.gravatar.com\/avatar\/de1c686c2ecc9c5a3f327e3431d819eb39f8f05d4e1045f5a1caad6daaba987f?s=96&d=mm&r=g\",\"caption\":\"Equipe MH\"}}]}<\/script>\n<!-- \/ Yoast SEO plugin. -->","yoast_head_json":{"title":"TST: Nova gest\u00e3o da Enamat amplia a valoriza\u00e7\u00e3o de quest\u00f5es sociais e igualit\u00e1rias\u00a0 | Portal de Not\u00edcias","robots":{"index":"index","follow":"follow","max-snippet":"max-snippet:-1","max-image-preview":"max-image-preview:large","max-video-preview":"max-video-preview:-1"},"canonical":"https:\/\/mhcalculos.com.br\/noticias\/area\/trabalhista\/tst-nova-gestao-da-enamat-amplia-a-valorizacao-de-questoes-sociais-e-igualitarias.html","og_locale":"pt_BR","og_type":"article","og_title":"TST: Nova gest\u00e3o da Enamat amplia a valoriza\u00e7\u00e3o de quest\u00f5es sociais e igualit\u00e1rias\u00a0 | Portal de Not\u00edcias","og_description":"A gest\u00e3o dos ministros Mauricio Godinho Delgado (diretor)&nbsp;e ministro Augusto C\u00e9sar&nbsp;(vice-diretor) come\u00e7ou no dia 17 de outubro de 2022 e, desde ent\u00e3o, tem buscado valorizar quest\u00f5es sociais e igualit\u00e1rias. Ministro Mauricio Godinho Delgado. (Foto: Fellipe Sampaio &#8211; Secom\/TST) 17\/2\/2023 &#8211; A gest\u00e3o do ministro Mauricio Godinho Delgado \u00e0 frente da dire\u00e7\u00e3o da Escola Nacional de [&hellip;]","og_url":"https:\/\/mhcalculos.com.br\/noticias\/area\/trabalhista\/tst-nova-gestao-da-enamat-amplia-a-valorizacao-de-questoes-sociais-e-igualitarias.html","og_site_name":"Portal de Not\u00edcias","article_published_time":"2023-02-17T22:19:00+00:00","og_image":[{"width":2000,"height":800,"url":"https:\/\/mhcalculos.com.br\/noticias\/wp-content\/uploads\/sites\/2\/2023\/02\/1677067511_trabalhista-0026.jpg","type":"image\/jpeg"}],"author":"Equipe MH","twitter_card":"summary_large_image","twitter_misc":{"Escrito por":"Equipe MH","Est. tempo de leitura":"5 minutos"},"schema":{"@context":"https:\/\/schema.org","@graph":[{"@type":"Article","@id":"https:\/\/mhcalculos.com.br\/noticias\/area\/trabalhista\/tst-nova-gestao-da-enamat-amplia-a-valorizacao-de-questoes-sociais-e-igualitarias.html#article","isPartOf":{"@id":"https:\/\/mhcalculos.com.br\/noticias\/area\/trabalhista\/tst-nova-gestao-da-enamat-amplia-a-valorizacao-de-questoes-sociais-e-igualitarias.html"},"author":{"name":"Equipe MH","@id":"https:\/\/mhcalculos.com.br\/noticias\/#\/schema\/person\/88d1c34bf72dc779ea14a5a6b8e0ae8d"},"headline":"TST: Nova gest\u00e3o da Enamat amplia a valoriza\u00e7\u00e3o de quest\u00f5es sociais e igualit\u00e1rias\u00a0","datePublished":"2023-02-17T22:19:00+00:00","mainEntityOfPage":{"@id":"https:\/\/mhcalculos.com.br\/noticias\/area\/trabalhista\/tst-nova-gestao-da-enamat-amplia-a-valorizacao-de-questoes-sociais-e-igualitarias.html"},"wordCount":1014,"commentCount":0,"image":{"@id":"https:\/\/mhcalculos.com.br\/noticias\/area\/trabalhista\/tst-nova-gestao-da-enamat-amplia-a-valorizacao-de-questoes-sociais-e-igualitarias.html#primaryimage"},"thumbnailUrl":"https:\/\/mhcalculos.com.br\/noticias\/wp-content\/uploads\/sites\/2\/2023\/02\/1677067511_trabalhista-0026.jpg","keywords":["c\u00e1lculos trabalhistas","direito trabalhista","per\u00edcia","perito","trabalho","TST"],"articleSection":["Direito Trabalhista","TST"],"inLanguage":"pt-BR","potentialAction":[{"@type":"CommentAction","name":"Comment","target":["https:\/\/mhcalculos.com.br\/noticias\/area\/trabalhista\/tst-nova-gestao-da-enamat-amplia-a-valorizacao-de-questoes-sociais-e-igualitarias.html#respond"]}]},{"@type":"WebPage","@id":"https:\/\/mhcalculos.com.br\/noticias\/area\/trabalhista\/tst-nova-gestao-da-enamat-amplia-a-valorizacao-de-questoes-sociais-e-igualitarias.html","url":"https:\/\/mhcalculos.com.br\/noticias\/area\/trabalhista\/tst-nova-gestao-da-enamat-amplia-a-valorizacao-de-questoes-sociais-e-igualitarias.html","name":"TST: Nova gest\u00e3o da Enamat amplia a valoriza\u00e7\u00e3o de quest\u00f5es sociais e igualit\u00e1rias\u00a0 | Portal de Not\u00edcias","isPartOf":{"@id":"https:\/\/mhcalculos.com.br\/noticias\/#website"},"primaryImageOfPage":{"@id":"https:\/\/mhcalculos.com.br\/noticias\/area\/trabalhista\/tst-nova-gestao-da-enamat-amplia-a-valorizacao-de-questoes-sociais-e-igualitarias.html#primaryimage"},"image":{"@id":"https:\/\/mhcalculos.com.br\/noticias\/area\/trabalhista\/tst-nova-gestao-da-enamat-amplia-a-valorizacao-de-questoes-sociais-e-igualitarias.html#primaryimage"},"thumbnailUrl":"https:\/\/mhcalculos.com.br\/noticias\/wp-content\/uploads\/sites\/2\/2023\/02\/1677067511_trabalhista-0026.jpg","datePublished":"2023-02-17T22:19:00+00:00","author":{"@id":"https:\/\/mhcalculos.com.br\/noticias\/#\/schema\/person\/88d1c34bf72dc779ea14a5a6b8e0ae8d"},"breadcrumb":{"@id":"https:\/\/mhcalculos.com.br\/noticias\/area\/trabalhista\/tst-nova-gestao-da-enamat-amplia-a-valorizacao-de-questoes-sociais-e-igualitarias.html#breadcrumb"},"inLanguage":"pt-BR","potentialAction":[{"@type":"ReadAction","target":["https:\/\/mhcalculos.com.br\/noticias\/area\/trabalhista\/tst-nova-gestao-da-enamat-amplia-a-valorizacao-de-questoes-sociais-e-igualitarias.html"]}]},{"@type":"ImageObject","inLanguage":"pt-BR","@id":"https:\/\/mhcalculos.com.br\/noticias\/area\/trabalhista\/tst-nova-gestao-da-enamat-amplia-a-valorizacao-de-questoes-sociais-e-igualitarias.html#primaryimage","url":"https:\/\/mhcalculos.com.br\/noticias\/wp-content\/uploads\/sites\/2\/2023\/02\/1677067511_trabalhista-0026.jpg","contentUrl":"https:\/\/mhcalculos.com.br\/noticias\/wp-content\/uploads\/sites\/2\/2023\/02\/1677067511_trabalhista-0026.jpg","width":2000,"height":800},{"@type":"BreadcrumbList","@id":"https:\/\/mhcalculos.com.br\/noticias\/area\/trabalhista\/tst-nova-gestao-da-enamat-amplia-a-valorizacao-de-questoes-sociais-e-igualitarias.html#breadcrumb","itemListElement":[{"@type":"ListItem","position":1,"name":"In\u00edcio","item":"https:\/\/mhcalculos.com.br\/noticias\/"},{"@type":"ListItem","position":2,"name":"TST: Nova gest\u00e3o da Enamat amplia a valoriza\u00e7\u00e3o de quest\u00f5es sociais e igualit\u00e1rias\u00a0"}]},{"@type":"WebSite","@id":"https:\/\/mhcalculos.com.br\/noticias\/#website","url":"https:\/\/mhcalculos.com.br\/noticias\/","name":"Portal de Not\u00edcias","description":"Not\u00edcias e Jurisprud\u00eancia","potentialAction":[{"@type":"SearchAction","target":{"@type":"EntryPoint","urlTemplate":"https:\/\/mhcalculos.com.br\/noticias\/?s={search_term_string}"},"query-input":{"@type":"PropertyValueSpecification","valueRequired":true,"valueName":"search_term_string"}}],"inLanguage":"pt-BR"},{"@type":"Person","@id":"https:\/\/mhcalculos.com.br\/noticias\/#\/schema\/person\/88d1c34bf72dc779ea14a5a6b8e0ae8d","name":"Equipe MH","image":{"@type":"ImageObject","inLanguage":"pt-BR","@id":"https:\/\/secure.gravatar.com\/avatar\/de1c686c2ecc9c5a3f327e3431d819eb39f8f05d4e1045f5a1caad6daaba987f?s=96&d=mm&r=g","url":"https:\/\/secure.gravatar.com\/avatar\/de1c686c2ecc9c5a3f327e3431d819eb39f8f05d4e1045f5a1caad6daaba987f?s=96&d=mm&r=g","contentUrl":"https:\/\/secure.gravatar.com\/avatar\/de1c686c2ecc9c5a3f327e3431d819eb39f8f05d4e1045f5a1caad6daaba987f?s=96&d=mm&r=g","caption":"Equipe MH"}}]}},"_links":{"self":[{"href":"https:\/\/mhcalculos.com.br\/noticias\/wp-json\/wp\/v2\/posts\/11958","targetHints":{"allow":["GET"]}}],"collection":[{"href":"https:\/\/mhcalculos.com.br\/noticias\/wp-json\/wp\/v2\/posts"}],"about":[{"href":"https:\/\/mhcalculos.com.br\/noticias\/wp-json\/wp\/v2\/types\/post"}],"author":[{"embeddable":true,"href":"https:\/\/mhcalculos.com.br\/noticias\/wp-json\/wp\/v2\/users\/3063"}],"replies":[{"embeddable":true,"href":"https:\/\/mhcalculos.com.br\/noticias\/wp-json\/wp\/v2\/comments?post=11958"}],"version-history":[{"count":0,"href":"https:\/\/mhcalculos.com.br\/noticias\/wp-json\/wp\/v2\/posts\/11958\/revisions"}],"wp:featuredmedia":[{"embeddable":true,"href":"https:\/\/mhcalculos.com.br\/noticias\/wp-json\/wp\/v2\/media\/11959"}],"wp:attachment":[{"href":"https:\/\/mhcalculos.com.br\/noticias\/wp-json\/wp\/v2\/media?parent=11958"}],"wp:term":[{"taxonomy":"category","embeddable":true,"href":"https:\/\/mhcalculos.com.br\/noticias\/wp-json\/wp\/v2\/categories?post=11958"},{"taxonomy":"post_tag","embeddable":true,"href":"https:\/\/mhcalculos.com.br\/noticias\/wp-json\/wp\/v2\/tags?post=11958"}],"curies":[{"name":"wp","href":"https:\/\/api.w.org\/{rel}","templated":true}]}}