{"id":11956,"date":"2023-02-17T17:53:00","date_gmt":"2023-02-17T20:53:00","guid":{"rendered":"https:\/\/mhcalculos.com.br\/noticias\/area\/trabalhista\/tst-corregedoria-geral-do-trabalho-lanca-novo-leiaute-de-ata-correicional-ordinaria.html"},"modified":"2025-04-09T12:25:34","modified_gmt":"2025-04-09T15:25:34","slug":"tst-corregedoria-geral-do-trabalho-lanca-novo-leiaute-de-ata-correicional-ordinaria","status":"publish","type":"post","link":"https:\/\/mhcalculos.com.br\/noticias\/area\/trabalhista\/tst-corregedoria-geral-do-trabalho-lanca-novo-leiaute-de-ata-correicional-ordinaria.html","title":{"rendered":"TST: Corregedoria-Geral do Trabalho lan\u00e7a novo leiaute de ata correicional ordin\u00e1ria"},"content":{"rendered":"\n<p>A primeira ata elaborada foi da correi\u00e7\u00e3o do TRT da 14\u00aa Regi\u00e3o (RO\/AC) e ser\u00e1 lan\u00e7ada hoje<br \/>\n(17).<\/p>\n<p>17\/2\/2023 &#8211; A Ata da Correi\u00e7\u00e3o Ordin\u00e1ria da Corregedoria-Geral da Justi\u00e7a do Trabalho est\u00e1 de cara nova. Com um layout mais moderno, esteticamente atrativo, com textos mais objetivos e linguagem simplificada, a proposta \u00e9 deixar o processo de leitura mais din\u00e2mico e intuitivo. <a href=\"https:\/\/www.tst.jus.br\/documents\/24638414\/31246729\/Ata+TRT14.pdf\/a8ee1258-2c51-9920-3072-09f504ffc88e?t=1676663367509\" target=\"_blank\" rel=\"noopener\"><strong>A primeira ata elaborada foi da correi\u00e7\u00e3o do Tribunal Regional do Trabalho da 14\u00aa Regi\u00e3o (RO\/AC)<\/strong><\/a>, ocorrida na semana passada, e ser\u00e1 lan\u00e7ada hoje (17) na <strong><a href=\"https:\/\/www.tst.jus.br\/web\/corregedoria\" target=\"_blank\" rel=\"noopener\">p\u00e1gina da CGJT<\/a><\/strong>.<\/p>\n<p>O Novo modelo de ata de correi\u00e7\u00e3o adotou as fontes e cores da identidade visual da Justi\u00e7a do Trabalho, bem como as formas geom\u00e9tricas inspiradas no logo da JT. Ainda foram utilizados os recursos de QR CODES, que permitem maior interatividade e transpar\u00eancia das informa\u00e7\u00f5es constantes do documento. O documento contar\u00e1 com os recursos de \u201cvisual law\u201d, que permitem um visual moderno, limpo e esteticamente atrativo, com textos mais objetivos e com linguagem simplificada. Cont\u00e9m ainda novos t\u00f3picos para informar melhor sobre a realidade de cada TRT, como os \u201cDados Geogr\u00e1ficos e Populacionais\u201d, \u201cRetorno das Atividades Presenciais\u201d e \u201cAudi\u00eancia P\u00fablica\u201d.<\/p>\n<p>De acordo com o Diretor da Secretaria da Corregedoria-Geral da Justi\u00e7a do Trabalho, Marcelo Marques de Matos, a equipe reordenou os t\u00f3picos da ata, a fim de buscar total correla\u00e7\u00e3o como question\u00e1rio pr\u00e9vio enviado aos Tribunais Regionais do Trabalho, facilitando a busca e otimizando os trabalhos de elabora\u00e7\u00e3o do documento. \u201cO question\u00e1rio din\u00e2mico encaminhado previamente aos TRTs para a colheita de subs\u00eddios para as correi\u00e7\u00f5es ordin\u00e1rias foi simplificado, desonerando os \u00f3rg\u00e3os correicionados de prestarem in\u00fameras informa\u00e7\u00f5es que j\u00e1 existiam no sistema e-Gest\u00e3o\u201d, explicou.<\/p>\n<p>Matos ressaltou o empenho da equipe e o apoio e colabora\u00e7\u00e3o da ministra Dora Maria da Costa, Corregedora-Geral, nos dois meses de trabalho e reestrutura\u00e7\u00e3o das atividades ligadas \u00e0s correi\u00e7\u00f5es ordin\u00e1rias. \u201cEla aceitou esperar at\u00e9 fevereiro para fazer a primeira correi\u00e7\u00e3o e, assim, dar tempo \u00e0 equipe para trabalhar na nova ata\u201d, concluiu.<\/p>\n<p>(Nathalia Valente-RR)<\/p>\n<p><i>Com informa\u00e7\u00f5es da assessoria de imprensa do TST.<\/i><\/p>\n<p><a href=\"https:\/\/www.tst.jus.br\/web\/guest\/noticias?p_p_id=89Dk&amp;p_p_lifecycle=0&amp;refererPlid=10730&amp;_89Dk_groupId=10157&amp;_89Dk_articleId=31543891\">Fonte<\/a><\/p>\n\n","protected":false},"excerpt":{"rendered":"<p>A primeira ata elaborada foi da correi\u00e7\u00e3o do TRT da 14\u00aa Regi\u00e3o (RO\/AC) e ser\u00e1 lan\u00e7ada hoje (17). 17\/2\/2023 &#8211; A Ata da Correi\u00e7\u00e3o Ordin\u00e1ria da Corregedoria-Geral da Justi\u00e7a do Trabalho est\u00e1 de cara nova. Com um layout mais moderno, esteticamente atrativo, com textos mais objetivos e linguagem simplificada, a proposta \u00e9 deixar o processo [&hellip;]<\/p>\n","protected":false},"author":3063,"featured_media":11957,"comment_status":"open","ping_status":"open","sticky":false,"template":"","format":"standard","meta":{"footnotes":""},"categories":[3,21],"tags":[33,216,9,12,217,215],"class_list":{"0":"post-11956","1":"post","2":"type-post","3":"status-publish","4":"format-standard","5":"has-post-thumbnail","7":"category-trabalhista","8":"category-tst","9":"tag-calculos-trabalhistas","10":"tag-direito-trabalhista","11":"tag-pericia","12":"tag-perito","13":"tag-trabalho","14":"tag-tst"},"yoast_head":"<!-- This site is optimized with the Yoast SEO plugin v27.2 - https:\/\/yoast.com\/product\/yoast-seo-wordpress\/ -->\n<title>TST: Corregedoria-Geral do Trabalho lan\u00e7a novo leiaute de ata correicional ordin\u00e1ria | Portal de Not\u00edcias<\/title>\n<meta name=\"robots\" content=\"index, follow, max-snippet:-1, max-image-preview:large, max-video-preview:-1\" \/>\n<link rel=\"canonical\" href=\"https:\/\/mhcalculos.com.br\/noticias\/area\/trabalhista\/tst-corregedoria-geral-do-trabalho-lanca-novo-leiaute-de-ata-correicional-ordinaria.html\" \/>\n<meta property=\"og:locale\" content=\"pt_BR\" \/>\n<meta property=\"og:type\" content=\"article\" \/>\n<meta property=\"og:title\" content=\"TST: Corregedoria-Geral do Trabalho lan\u00e7a novo leiaute de ata correicional ordin\u00e1ria | Portal de Not\u00edcias\" \/>\n<meta property=\"og:description\" content=\"A primeira ata elaborada foi da correi\u00e7\u00e3o do TRT da 14\u00aa Regi\u00e3o (RO\/AC) e ser\u00e1 lan\u00e7ada hoje (17). 17\/2\/2023 &#8211; A Ata da Correi\u00e7\u00e3o Ordin\u00e1ria da Corregedoria-Geral da Justi\u00e7a do Trabalho est\u00e1 de cara nova. Com um layout mais moderno, esteticamente atrativo, com textos mais objetivos e linguagem simplificada, a proposta \u00e9 deixar o processo [&hellip;]\" \/>\n<meta property=\"og:url\" content=\"https:\/\/mhcalculos.com.br\/noticias\/area\/trabalhista\/tst-corregedoria-geral-do-trabalho-lanca-novo-leiaute-de-ata-correicional-ordinaria.html\" \/>\n<meta property=\"og:site_name\" content=\"Portal de Not\u00edcias\" \/>\n<meta property=\"article:published_time\" content=\"2023-02-17T20:53:00+00:00\" \/>\n<meta property=\"article:modified_time\" content=\"2025-04-09T15:25:34+00:00\" \/>\n<meta property=\"og:image\" content=\"https:\/\/mhcalculos.com.br\/noticias\/wp-content\/uploads\/sites\/2\/2023\/02\/trabalhista-0050.jpg\" \/>\n\t<meta property=\"og:image:width\" content=\"2000\" \/>\n\t<meta property=\"og:image:height\" content=\"800\" \/>\n\t<meta property=\"og:image:type\" content=\"image\/jpeg\" \/>\n<meta name=\"author\" content=\"Equipe MH\" \/>\n<meta name=\"twitter:card\" content=\"summary_large_image\" \/>\n<meta name=\"twitter:label1\" content=\"Escrito por\" \/>\n\t<meta name=\"twitter:data1\" content=\"Equipe MH\" \/>\n\t<meta name=\"twitter:label2\" content=\"Est. tempo de leitura\" \/>\n\t<meta name=\"twitter:data2\" content=\"3 minutos\" \/>\n<script type=\"application\/ld+json\" class=\"yoast-schema-graph\">{\"@context\":\"https:\/\/schema.org\",\"@graph\":[{\"@type\":\"Article\",\"@id\":\"https:\/\/mhcalculos.com.br\/noticias\/area\/trabalhista\/tst-corregedoria-geral-do-trabalho-lanca-novo-leiaute-de-ata-correicional-ordinaria.html#article\",\"isPartOf\":{\"@id\":\"https:\/\/mhcalculos.com.br\/noticias\/area\/trabalhista\/tst-corregedoria-geral-do-trabalho-lanca-novo-leiaute-de-ata-correicional-ordinaria.html\"},\"author\":{\"name\":\"Equipe MH\",\"@id\":\"https:\/\/mhcalculos.com.br\/noticias\/#\/schema\/person\/88d1c34bf72dc779ea14a5a6b8e0ae8d\"},\"headline\":\"TST: Corregedoria-Geral do Trabalho lan\u00e7a novo leiaute de ata correicional ordin\u00e1ria\",\"datePublished\":\"2023-02-17T20:53:00+00:00\",\"dateModified\":\"2025-04-09T15:25:34+00:00\",\"mainEntityOfPage\":{\"@id\":\"https:\/\/mhcalculos.com.br\/noticias\/area\/trabalhista\/tst-corregedoria-geral-do-trabalho-lanca-novo-leiaute-de-ata-correicional-ordinaria.html\"},\"wordCount\":389,\"commentCount\":0,\"image\":{\"@id\":\"https:\/\/mhcalculos.com.br\/noticias\/area\/trabalhista\/tst-corregedoria-geral-do-trabalho-lanca-novo-leiaute-de-ata-correicional-ordinaria.html#primaryimage\"},\"thumbnailUrl\":\"https:\/\/mhcalculos.com.br\/noticias\/wp-content\/uploads\/sites\/2\/2023\/02\/trabalhista-0050.jpg\",\"keywords\":[\"c\u00e1lculos trabalhistas\",\"direito trabalhista\",\"per\u00edcia\",\"perito\",\"trabalho\",\"TST\"],\"articleSection\":[\"Direito Trabalhista\",\"TST\"],\"inLanguage\":\"pt-BR\",\"potentialAction\":[{\"@type\":\"CommentAction\",\"name\":\"Comment\",\"target\":[\"https:\/\/mhcalculos.com.br\/noticias\/area\/trabalhista\/tst-corregedoria-geral-do-trabalho-lanca-novo-leiaute-de-ata-correicional-ordinaria.html#respond\"]}]},{\"@type\":\"WebPage\",\"@id\":\"https:\/\/mhcalculos.com.br\/noticias\/area\/trabalhista\/tst-corregedoria-geral-do-trabalho-lanca-novo-leiaute-de-ata-correicional-ordinaria.html\",\"url\":\"https:\/\/mhcalculos.com.br\/noticias\/area\/trabalhista\/tst-corregedoria-geral-do-trabalho-lanca-novo-leiaute-de-ata-correicional-ordinaria.html\",\"name\":\"TST: Corregedoria-Geral do Trabalho lan\u00e7a novo leiaute de ata correicional ordin\u00e1ria | Portal de Not\u00edcias\",\"isPartOf\":{\"@id\":\"https:\/\/mhcalculos.com.br\/noticias\/#website\"},\"primaryImageOfPage\":{\"@id\":\"https:\/\/mhcalculos.com.br\/noticias\/area\/trabalhista\/tst-corregedoria-geral-do-trabalho-lanca-novo-leiaute-de-ata-correicional-ordinaria.html#primaryimage\"},\"image\":{\"@id\":\"https:\/\/mhcalculos.com.br\/noticias\/area\/trabalhista\/tst-corregedoria-geral-do-trabalho-lanca-novo-leiaute-de-ata-correicional-ordinaria.html#primaryimage\"},\"thumbnailUrl\":\"https:\/\/mhcalculos.com.br\/noticias\/wp-content\/uploads\/sites\/2\/2023\/02\/trabalhista-0050.jpg\",\"datePublished\":\"2023-02-17T20:53:00+00:00\",\"dateModified\":\"2025-04-09T15:25:34+00:00\",\"author\":{\"@id\":\"https:\/\/mhcalculos.com.br\/noticias\/#\/schema\/person\/88d1c34bf72dc779ea14a5a6b8e0ae8d\"},\"breadcrumb\":{\"@id\":\"https:\/\/mhcalculos.com.br\/noticias\/area\/trabalhista\/tst-corregedoria-geral-do-trabalho-lanca-novo-leiaute-de-ata-correicional-ordinaria.html#breadcrumb\"},\"inLanguage\":\"pt-BR\",\"potentialAction\":[{\"@type\":\"ReadAction\",\"target\":[\"https:\/\/mhcalculos.com.br\/noticias\/area\/trabalhista\/tst-corregedoria-geral-do-trabalho-lanca-novo-leiaute-de-ata-correicional-ordinaria.html\"]}]},{\"@type\":\"ImageObject\",\"inLanguage\":\"pt-BR\",\"@id\":\"https:\/\/mhcalculos.com.br\/noticias\/area\/trabalhista\/tst-corregedoria-geral-do-trabalho-lanca-novo-leiaute-de-ata-correicional-ordinaria.html#primaryimage\",\"url\":\"https:\/\/mhcalculos.com.br\/noticias\/wp-content\/uploads\/sites\/2\/2023\/02\/trabalhista-0050.jpg\",\"contentUrl\":\"https:\/\/mhcalculos.com.br\/noticias\/wp-content\/uploads\/sites\/2\/2023\/02\/trabalhista-0050.jpg\",\"width\":2000,\"height\":800},{\"@type\":\"BreadcrumbList\",\"@id\":\"https:\/\/mhcalculos.com.br\/noticias\/area\/trabalhista\/tst-corregedoria-geral-do-trabalho-lanca-novo-leiaute-de-ata-correicional-ordinaria.html#breadcrumb\",\"itemListElement\":[{\"@type\":\"ListItem\",\"position\":1,\"name\":\"In\u00edcio\",\"item\":\"https:\/\/mhcalculos.com.br\/noticias\/\"},{\"@type\":\"ListItem\",\"position\":2,\"name\":\"TST: Corregedoria-Geral do Trabalho lan\u00e7a novo leiaute de ata correicional ordin\u00e1ria\"}]},{\"@type\":\"WebSite\",\"@id\":\"https:\/\/mhcalculos.com.br\/noticias\/#website\",\"url\":\"https:\/\/mhcalculos.com.br\/noticias\/\",\"name\":\"Portal de Not\u00edcias\",\"description\":\"Not\u00edcias e Jurisprud\u00eancia\",\"potentialAction\":[{\"@type\":\"SearchAction\",\"target\":{\"@type\":\"EntryPoint\",\"urlTemplate\":\"https:\/\/mhcalculos.com.br\/noticias\/?s={search_term_string}\"},\"query-input\":{\"@type\":\"PropertyValueSpecification\",\"valueRequired\":true,\"valueName\":\"search_term_string\"}}],\"inLanguage\":\"pt-BR\"},{\"@type\":\"Person\",\"@id\":\"https:\/\/mhcalculos.com.br\/noticias\/#\/schema\/person\/88d1c34bf72dc779ea14a5a6b8e0ae8d\",\"name\":\"Equipe MH\",\"image\":{\"@type\":\"ImageObject\",\"inLanguage\":\"pt-BR\",\"@id\":\"https:\/\/secure.gravatar.com\/avatar\/de1c686c2ecc9c5a3f327e3431d819eb39f8f05d4e1045f5a1caad6daaba987f?s=96&d=mm&r=g\",\"url\":\"https:\/\/secure.gravatar.com\/avatar\/de1c686c2ecc9c5a3f327e3431d819eb39f8f05d4e1045f5a1caad6daaba987f?s=96&d=mm&r=g\",\"contentUrl\":\"https:\/\/secure.gravatar.com\/avatar\/de1c686c2ecc9c5a3f327e3431d819eb39f8f05d4e1045f5a1caad6daaba987f?s=96&d=mm&r=g\",\"caption\":\"Equipe MH\"}}]}<\/script>\n<!-- \/ Yoast SEO plugin. -->","yoast_head_json":{"title":"TST: Corregedoria-Geral do Trabalho lan\u00e7a novo leiaute de ata correicional ordin\u00e1ria | Portal de Not\u00edcias","robots":{"index":"index","follow":"follow","max-snippet":"max-snippet:-1","max-image-preview":"max-image-preview:large","max-video-preview":"max-video-preview:-1"},"canonical":"https:\/\/mhcalculos.com.br\/noticias\/area\/trabalhista\/tst-corregedoria-geral-do-trabalho-lanca-novo-leiaute-de-ata-correicional-ordinaria.html","og_locale":"pt_BR","og_type":"article","og_title":"TST: Corregedoria-Geral do Trabalho lan\u00e7a novo leiaute de ata correicional ordin\u00e1ria | Portal de Not\u00edcias","og_description":"A primeira ata elaborada foi da correi\u00e7\u00e3o do TRT da 14\u00aa Regi\u00e3o (RO\/AC) e ser\u00e1 lan\u00e7ada hoje (17). 17\/2\/2023 &#8211; A Ata da Correi\u00e7\u00e3o Ordin\u00e1ria da Corregedoria-Geral da Justi\u00e7a do Trabalho est\u00e1 de cara nova. Com um layout mais moderno, esteticamente atrativo, com textos mais objetivos e linguagem simplificada, a proposta \u00e9 deixar o processo [&hellip;]","og_url":"https:\/\/mhcalculos.com.br\/noticias\/area\/trabalhista\/tst-corregedoria-geral-do-trabalho-lanca-novo-leiaute-de-ata-correicional-ordinaria.html","og_site_name":"Portal de Not\u00edcias","article_published_time":"2023-02-17T20:53:00+00:00","article_modified_time":"2025-04-09T15:25:34+00:00","og_image":[{"width":2000,"height":800,"url":"https:\/\/mhcalculos.com.br\/noticias\/wp-content\/uploads\/sites\/2\/2023\/02\/trabalhista-0050.jpg","type":"image\/jpeg"}],"author":"Equipe MH","twitter_card":"summary_large_image","twitter_misc":{"Escrito por":"Equipe MH","Est. tempo de leitura":"3 minutos"},"schema":{"@context":"https:\/\/schema.org","@graph":[{"@type":"Article","@id":"https:\/\/mhcalculos.com.br\/noticias\/area\/trabalhista\/tst-corregedoria-geral-do-trabalho-lanca-novo-leiaute-de-ata-correicional-ordinaria.html#article","isPartOf":{"@id":"https:\/\/mhcalculos.com.br\/noticias\/area\/trabalhista\/tst-corregedoria-geral-do-trabalho-lanca-novo-leiaute-de-ata-correicional-ordinaria.html"},"author":{"name":"Equipe MH","@id":"https:\/\/mhcalculos.com.br\/noticias\/#\/schema\/person\/88d1c34bf72dc779ea14a5a6b8e0ae8d"},"headline":"TST: Corregedoria-Geral do Trabalho lan\u00e7a novo leiaute de ata correicional ordin\u00e1ria","datePublished":"2023-02-17T20:53:00+00:00","dateModified":"2025-04-09T15:25:34+00:00","mainEntityOfPage":{"@id":"https:\/\/mhcalculos.com.br\/noticias\/area\/trabalhista\/tst-corregedoria-geral-do-trabalho-lanca-novo-leiaute-de-ata-correicional-ordinaria.html"},"wordCount":389,"commentCount":0,"image":{"@id":"https:\/\/mhcalculos.com.br\/noticias\/area\/trabalhista\/tst-corregedoria-geral-do-trabalho-lanca-novo-leiaute-de-ata-correicional-ordinaria.html#primaryimage"},"thumbnailUrl":"https:\/\/mhcalculos.com.br\/noticias\/wp-content\/uploads\/sites\/2\/2023\/02\/trabalhista-0050.jpg","keywords":["c\u00e1lculos trabalhistas","direito trabalhista","per\u00edcia","perito","trabalho","TST"],"articleSection":["Direito Trabalhista","TST"],"inLanguage":"pt-BR","potentialAction":[{"@type":"CommentAction","name":"Comment","target":["https:\/\/mhcalculos.com.br\/noticias\/area\/trabalhista\/tst-corregedoria-geral-do-trabalho-lanca-novo-leiaute-de-ata-correicional-ordinaria.html#respond"]}]},{"@type":"WebPage","@id":"https:\/\/mhcalculos.com.br\/noticias\/area\/trabalhista\/tst-corregedoria-geral-do-trabalho-lanca-novo-leiaute-de-ata-correicional-ordinaria.html","url":"https:\/\/mhcalculos.com.br\/noticias\/area\/trabalhista\/tst-corregedoria-geral-do-trabalho-lanca-novo-leiaute-de-ata-correicional-ordinaria.html","name":"TST: Corregedoria-Geral do Trabalho lan\u00e7a novo leiaute de ata correicional ordin\u00e1ria | Portal de Not\u00edcias","isPartOf":{"@id":"https:\/\/mhcalculos.com.br\/noticias\/#website"},"primaryImageOfPage":{"@id":"https:\/\/mhcalculos.com.br\/noticias\/area\/trabalhista\/tst-corregedoria-geral-do-trabalho-lanca-novo-leiaute-de-ata-correicional-ordinaria.html#primaryimage"},"image":{"@id":"https:\/\/mhcalculos.com.br\/noticias\/area\/trabalhista\/tst-corregedoria-geral-do-trabalho-lanca-novo-leiaute-de-ata-correicional-ordinaria.html#primaryimage"},"thumbnailUrl":"https:\/\/mhcalculos.com.br\/noticias\/wp-content\/uploads\/sites\/2\/2023\/02\/trabalhista-0050.jpg","datePublished":"2023-02-17T20:53:00+00:00","dateModified":"2025-04-09T15:25:34+00:00","author":{"@id":"https:\/\/mhcalculos.com.br\/noticias\/#\/schema\/person\/88d1c34bf72dc779ea14a5a6b8e0ae8d"},"breadcrumb":{"@id":"https:\/\/mhcalculos.com.br\/noticias\/area\/trabalhista\/tst-corregedoria-geral-do-trabalho-lanca-novo-leiaute-de-ata-correicional-ordinaria.html#breadcrumb"},"inLanguage":"pt-BR","potentialAction":[{"@type":"ReadAction","target":["https:\/\/mhcalculos.com.br\/noticias\/area\/trabalhista\/tst-corregedoria-geral-do-trabalho-lanca-novo-leiaute-de-ata-correicional-ordinaria.html"]}]},{"@type":"ImageObject","inLanguage":"pt-BR","@id":"https:\/\/mhcalculos.com.br\/noticias\/area\/trabalhista\/tst-corregedoria-geral-do-trabalho-lanca-novo-leiaute-de-ata-correicional-ordinaria.html#primaryimage","url":"https:\/\/mhcalculos.com.br\/noticias\/wp-content\/uploads\/sites\/2\/2023\/02\/trabalhista-0050.jpg","contentUrl":"https:\/\/mhcalculos.com.br\/noticias\/wp-content\/uploads\/sites\/2\/2023\/02\/trabalhista-0050.jpg","width":2000,"height":800},{"@type":"BreadcrumbList","@id":"https:\/\/mhcalculos.com.br\/noticias\/area\/trabalhista\/tst-corregedoria-geral-do-trabalho-lanca-novo-leiaute-de-ata-correicional-ordinaria.html#breadcrumb","itemListElement":[{"@type":"ListItem","position":1,"name":"In\u00edcio","item":"https:\/\/mhcalculos.com.br\/noticias\/"},{"@type":"ListItem","position":2,"name":"TST: Corregedoria-Geral do Trabalho lan\u00e7a novo leiaute de ata correicional ordin\u00e1ria"}]},{"@type":"WebSite","@id":"https:\/\/mhcalculos.com.br\/noticias\/#website","url":"https:\/\/mhcalculos.com.br\/noticias\/","name":"Portal de Not\u00edcias","description":"Not\u00edcias e Jurisprud\u00eancia","potentialAction":[{"@type":"SearchAction","target":{"@type":"EntryPoint","urlTemplate":"https:\/\/mhcalculos.com.br\/noticias\/?s={search_term_string}"},"query-input":{"@type":"PropertyValueSpecification","valueRequired":true,"valueName":"search_term_string"}}],"inLanguage":"pt-BR"},{"@type":"Person","@id":"https:\/\/mhcalculos.com.br\/noticias\/#\/schema\/person\/88d1c34bf72dc779ea14a5a6b8e0ae8d","name":"Equipe MH","image":{"@type":"ImageObject","inLanguage":"pt-BR","@id":"https:\/\/secure.gravatar.com\/avatar\/de1c686c2ecc9c5a3f327e3431d819eb39f8f05d4e1045f5a1caad6daaba987f?s=96&d=mm&r=g","url":"https:\/\/secure.gravatar.com\/avatar\/de1c686c2ecc9c5a3f327e3431d819eb39f8f05d4e1045f5a1caad6daaba987f?s=96&d=mm&r=g","contentUrl":"https:\/\/secure.gravatar.com\/avatar\/de1c686c2ecc9c5a3f327e3431d819eb39f8f05d4e1045f5a1caad6daaba987f?s=96&d=mm&r=g","caption":"Equipe MH"}}]}},"_links":{"self":[{"href":"https:\/\/mhcalculos.com.br\/noticias\/wp-json\/wp\/v2\/posts\/11956","targetHints":{"allow":["GET"]}}],"collection":[{"href":"https:\/\/mhcalculos.com.br\/noticias\/wp-json\/wp\/v2\/posts"}],"about":[{"href":"https:\/\/mhcalculos.com.br\/noticias\/wp-json\/wp\/v2\/types\/post"}],"author":[{"embeddable":true,"href":"https:\/\/mhcalculos.com.br\/noticias\/wp-json\/wp\/v2\/users\/3063"}],"replies":[{"embeddable":true,"href":"https:\/\/mhcalculos.com.br\/noticias\/wp-json\/wp\/v2\/comments?post=11956"}],"version-history":[{"count":2,"href":"https:\/\/mhcalculos.com.br\/noticias\/wp-json\/wp\/v2\/posts\/11956\/revisions"}],"predecessor-version":[{"id":13809,"href":"https:\/\/mhcalculos.com.br\/noticias\/wp-json\/wp\/v2\/posts\/11956\/revisions\/13809"}],"wp:featuredmedia":[{"embeddable":true,"href":"https:\/\/mhcalculos.com.br\/noticias\/wp-json\/wp\/v2\/media\/11957"}],"wp:attachment":[{"href":"https:\/\/mhcalculos.com.br\/noticias\/wp-json\/wp\/v2\/media?parent=11956"}],"wp:term":[{"taxonomy":"category","embeddable":true,"href":"https:\/\/mhcalculos.com.br\/noticias\/wp-json\/wp\/v2\/categories?post=11956"},{"taxonomy":"post_tag","embeddable":true,"href":"https:\/\/mhcalculos.com.br\/noticias\/wp-json\/wp\/v2\/tags?post=11956"}],"curies":[{"name":"wp","href":"https:\/\/api.w.org\/{rel}","templated":true}]}}