{"id":11872,"date":"2023-01-19T14:17:00","date_gmt":"2023-01-19T17:17:00","guid":{"rendered":"https:\/\/mhcalculos.com.br\/noticias\/area\/trabalhista\/tst-eficacia-de-acordo-sobre-intervalo-intrajornada-e-limitada-ate-dia-anterior-a-reforma-trabalhista.html"},"modified":"2023-01-19T14:17:00","modified_gmt":"2023-01-19T17:17:00","slug":"tst-eficacia-de-acordo-sobre-intervalo-intrajornada-e-limitada-ate-dia-anterior-a-reforma-trabalhista","status":"publish","type":"post","link":"https:\/\/mhcalculos.com.br\/noticias\/area\/trabalhista\/tst-eficacia-de-acordo-sobre-intervalo-intrajornada-e-limitada-ate-dia-anterior-a-reforma-trabalhista.html","title":{"rendered":"TST: Efic\u00e1cia de acordo sobre intervalo intrajornada \u00e9 limitada at\u00e9 dia anterior \u00e0 Reforma Trabalhista\u00a0"},"content":{"rendered":"<p><br \/>\n<\/p>\n<p><em><\/p>\n<p>Na a\u00e7\u00e3o revisional, o colegiado considerou ser direito da empresa delimitar per\u00edodo de efic\u00e1cia do acordo com o Minist\u00e9rio P\u00fablico.&nbsp;<\/p>\n<p><\/em><\/p>\n<p>        <a class=\"share-facebook\" href=\"https:\/\/www.facebook.com\/sharer.php?u=https:\/\/www.tst.jus.br\/-\/efic%C3%A1cia-de-acordo-sobre-intervalo-intrajornada-%C3%A9-limitada-at%C3%A9-dia-anterior-%C3%A0-reforma-trabalhista%C2%A0\" target=\"_blank\" rel=\"noopener\"><\/a><br \/>\n        <a class=\"share-twitter\" href=\"http:\/\/twitter.com\/intent\/tweet?text=Efic\u00e1cia de acordo sobre intervalo intrajornada \u00e9 limitada at\u00e9 dia anterior \u00e0 Reforma Trabalhista\u00a0%0AVeja%20mais%20em:&amp;url=https:\/\/www.tst.jus.br\/-\/efic%C3%A1cia-de-acordo-sobre-intervalo-intrajornada-%C3%A9-limitada-at%C3%A9-dia-anterior-%C3%A0-reforma-trabalhista%C2%A0\" target=\"_blank\" rel=\"noopener\"><\/a><br \/>\n        <a class=\"share-linkedin\" href=\"https:\/\/www.linkedin.com\/shareArticle?mini=true&amp;url=https:\/\/www.tst.jus.br\/-\/efic%C3%A1cia-de-acordo-sobre-intervalo-intrajornada-%C3%A9-limitada-at%C3%A9-dia-anterior-%C3%A0-reforma-trabalhista%C2%A0&amp;title=Efic\u00e1cia de acordo sobre intervalo intrajornada \u00e9 limitada at\u00e9 dia anterior \u00e0 Reforma Trabalhista\u00a0\" target=\"_blank\" rel=\"noopener\"><\/a><br \/>\n        <a class=\"share-whatsapp\" href=\"https:\/\/web.whatsapp.com\/send?text=https:\/\/www.tst.jus.br\/-\/efic%C3%A1cia-de-acordo-sobre-intervalo-intrajornada-%C3%A9-limitada-at%C3%A9-dia-anterior-%C3%A0-reforma-trabalhista%C2%A0\" target=\"_blank\" rel=\"noopener\"><\/a><br \/>\n        <a class=\"share-googleplus\" href=\"https:\/\/plus.google.com\/share?url=https:\/\/www.tst.jus.br\/-\/efic%C3%A1cia-de-acordo-sobre-intervalo-intrajornada-%C3%A9-limitada-at%C3%A9-dia-anterior-%C3%A0-reforma-trabalhista%C2%A0\" target=\"_blank\" rel=\"noopener\"><\/a><\/p>\n<p>                <img decoding=\"async\" alt=\"Rel\u00f3gio de marca\u00e7\u00e3o de ponto\" data-src=\"\/documents\/10157\/63416\/GettyImages-451905153.jpg\/25f85425-7bd4-4de8-cfb0-3800e4afe2e5?t=1674148841670\" src=\"data:image\/svg+xml;base64,PHN2ZyB3aWR0aD0iMSIgaGVpZ2h0PSIxIiB4bWxucz0iaHR0cDovL3d3dy53My5vcmcvMjAwMC9zdmciPjwvc3ZnPg==\" class=\"lazyload\" \/><\/p>\n<p>Rel\u00f3gio de marca\u00e7\u00e3o de ponto<\/p>\n<p>                    <a class=\"share-facebook\" href=\"https:\/\/www.facebook.com\/sharer.php?u=https:\/\/www.tst.jus.br\/-\/efic%C3%A1cia-de-acordo-sobre-intervalo-intrajornada-%C3%A9-limitada-at%C3%A9-dia-anterior-%C3%A0-reforma-trabalhista%C2%A0\" target=\"_blank\" rel=\"noopener\"><\/a><br \/>\n                    <a class=\"share-twitter\" href=\"http:\/\/twitter.com\/intent\/tweet?text=Efic\u00e1cia de acordo sobre intervalo intrajornada \u00e9 limitada at\u00e9 dia anterior \u00e0 Reforma Trabalhista\u00a0%0AVeja%20mais%20em:&amp;url=https:\/\/www.tst.jus.br\/-\/efic%C3%A1cia-de-acordo-sobre-intervalo-intrajornada-%C3%A9-limitada-at%C3%A9-dia-anterior-%C3%A0-reforma-trabalhista%C2%A0\" target=\"_blank\" rel=\"noopener\"><\/a><br \/>\n                    <a class=\"share-linkedin\" href=\"https:\/\/www.linkedin.com\/shareArticle?mini=true&amp;url=https:\/\/www.tst.jus.br\/-\/efic%C3%A1cia-de-acordo-sobre-intervalo-intrajornada-%C3%A9-limitada-at%C3%A9-dia-anterior-%C3%A0-reforma-trabalhista%C2%A0&amp;title=Efic\u00e1cia de acordo sobre intervalo intrajornada \u00e9 limitada at\u00e9 dia anterior \u00e0 Reforma Trabalhista\u00a0\" target=\"_blank\" rel=\"noopener\"><\/a><br \/>\n                    <a class=\"share-whatsapp\" href=\"https:\/\/web.whatsapp.com\/send?text=https:\/\/www.tst.jus.br\/-\/efic%C3%A1cia-de-acordo-sobre-intervalo-intrajornada-%C3%A9-limitada-at%C3%A9-dia-anterior-%C3%A0-reforma-trabalhista%C2%A0\" target=\"_blank\" rel=\"noopener\"><\/a><br \/>\n                    <a class=\"share-googleplus\" href=\"https:\/\/plus.google.com\/share?url=https:\/\/www.tst.jus.br\/-\/efic%C3%A1cia-de-acordo-sobre-intervalo-intrajornada-%C3%A9-limitada-at%C3%A9-dia-anterior-%C3%A0-reforma-trabalhista%C2%A0\" target=\"_blank\" rel=\"noopener\"><\/a><\/p>\n<p >19\/1\/2023 &#8211; A Quinta Turma do Tribunal Superior do Trabalho delimitou at\u00e9 10\/11\/2017, dia imediatamente anterior \u00e0 entrada em vigor da Lei 13.467\/2017 (Reforma Trabalhista), a efic\u00e1cia de acordo judicial assinado, em 2015, entre o Minist\u00e9rio P\u00fablico do Trabalho e a Prosegur Brasil S.A. &#8211; Transportadora de Valores e Seguran\u00e7a, de Petrolina (PE), sobre intervalo intrajornada. Ap\u00f3s essa data, a empresa pode aplicar a nova legisla\u00e7\u00e3o aos contratos de trabalho em vigor ou vindouros, respeitadas as normas coletivas firmadas com a categoria. A decis\u00e3o ocorreu no julgamento de recurso referente a a\u00e7\u00e3o revisional proposta pela empresa.<\/p>\n<p ><strong>Obriga\u00e7\u00f5es e multa<\/strong><\/p>\n<p >O acordo foi homologado pela Justi\u00e7a do Trabalho em 27\/5\/2015, nos autos da a\u00e7\u00e3o civil p\u00fablica (ACP) ajuizada pelo MPT. Pela cl\u00e1usula \u201cb\u201d do ajuste, a empresa ficou obrigada a conceder intervalo intrajornada de, no m\u00ednimo, uma hora nos trabalhos cont\u00ednuos de jornada superior a seis horas e de 15 minutos nos trabalhos de dura\u00e7\u00e3o superior a quatro horas at\u00e9 o limite de seis horas, conforme o artigo 71, caput, e par\u00e1grafo 1\u00ba da CLT.&nbsp;<\/p>\n<p >Al\u00e9m disso, ficou estabelecido que a empresa deveria \u201ccumprir e permanecer cumprindo\u201d as obriga\u00e7\u00f5es previstas no acordo, sob pena de multa de R$ 10 mil por obriga\u00e7\u00e3o descumprida, acrescida de R$ 1 mil por trabalhador prejudicado.<br \/>\n&nbsp;<br \/>\n<strong>A\u00e7\u00e3o revisional<\/strong><\/p>\n<p >Para modificar o que foi ajustado no termo de concilia\u00e7\u00e3o firmado com o MPT, a Prosegur ajuizou a\u00e7\u00e3o revisional, a fim de adequar o acordo aos novos dispositivos legais celetistas vigentes a partir da <a href=\"https:\/\/www.planalto.gov.br\/ccivil_03\/_ato2015-2018\/2017\/lei\/l13467.htm\" target=\"_blank\" rel=\"noopener\">Lei 13.467\/17<\/a> (Reforma Trabalhista), em vigor desde 11\/11\/2017, a respeito da concess\u00e3o do intervalo m\u00ednimo intrajornada, bem como aos termos da Conven\u00e7\u00e3o Coletiva de Trabalho (CCT) 2018\/2019 da categoria.&nbsp;<\/p>\n<p >Essa CCT possibilita que o intervalo m\u00ednimo seja reduzido para meia hora, de acordo com a conveni\u00eancia da empresa. A norma coletiva prev\u00ea, quanto \u00e0 n\u00e3o concess\u00e3o ou concess\u00e3o parcial do intervalo intrajornada, que seja indenizado apenas o per\u00edodo suprimido com o acr\u00e9scimo de 50% sobre o valor da hora normal de trabalho.<\/p>\n<p ><strong>Revis\u00e3o indeferida<\/strong><\/p>\n<p >O Tribunal Regional do Trabalho da 6\u00aa Regi\u00e3o (PE) manteve a senten\u00e7a que indeferiu o pedido da a\u00e7\u00e3o revisional. Conforme o TRT, \u00e9 cab\u00edvel a\u00e7\u00e3o revisional no processo do trabalho, em rela\u00e7\u00f5es jur\u00eddicas continuativas, em face das quais sobrevier modifica\u00e7\u00e3o do estado de fato ou de direito, nos termos do artigo 505, do C\u00f3digo de Processo Civil (<a href=\"https:\/\/www.planalto.gov.br\/ccivil_03\/_ato2015-2018\/2015\/lei\/l13105.htm\" target=\"_blank\" rel=\"noopener\">CPC)<\/a>. Em outras palavras, quando h\u00e1 altera\u00e7\u00e3o do estado de fato ou de direito de determinada situa\u00e7\u00e3o jur\u00eddica garantida em senten\u00e7a judicial transitada em julgado, \u00e9 poss\u00edvel haver novo pronunciamento judicial para desconstituir tal decis\u00e3o, o que ocorre somente pelo ajuizamento de a\u00e7\u00e3o revisional.<\/p>\n<p >No entanto, o TRT considerou que, no caso, n\u00e3o haveria elementos para revisar o acordo, pois, apesar das altera\u00e7\u00f5es legislativas introduzidas pela Lei 13.467\/2017, o caput do artigo 71 da CLT permaneceria intacto, concluindo, ent\u00e3o, que o Judici\u00e1rio n\u00e3o poderia convalidar comportamento destoante da legisla\u00e7\u00e3o trabalhista e dos efeitos da coisa julgada.<\/p>\n<p >No recurso ao TST, a Prosegur sustentou que a n\u00e3o adequa\u00e7\u00e3o do acordo judicial importaria flagrante desrespeito \u00e0 legisla\u00e7\u00e3o \u201cque previu importantes altera\u00e7\u00f5es na forma de pagamento do intervalo intrajornada n\u00e3o usufru\u00eddo, possibilitando, ainda, a negocia\u00e7\u00e3o coletiva tendente a flexibilizar a parcela\u201d. Afirmou que isso foi aplicado pela empresa, no acordo coletivo de 2018\/2019, ao qual n\u00e3o pode dar cumprimento, sob pena de viola\u00e7\u00e3o do acordo judicial firmado nos autos da a\u00e7\u00e3o civil p\u00fablica.<\/p>\n<p ><strong>Flexibiliza\u00e7\u00e3o<\/strong><\/p>\n<p >O ministro Breno Medeiros, relator do recurso de revista da Prosegur, destacou que a quest\u00e3o diz respeito \u00e0 delimita\u00e7\u00e3o do alcance do acordo judicial anterior \u00e0 entrada em vigor da Reforma Trabalhista, \u201cnotadamente, no que se refere \u00e0 flexibiliza\u00e7\u00e3o operada pela nova legisla\u00e7\u00e3o no trato da mat\u00e9ria de negocia\u00e7\u00e3o coletiva tendente a tangenciar o intervalo intrajornada\u201d.&nbsp;<\/p>\n<p >Ele assinalou que o artigo 611-A, inciso III, da CLT passou a prever a possibilidade de flexibiliza\u00e7\u00e3o, via norma coletiva, do direito ao gozo de intervalo intrajornada, antes restrito aos termos fixados pelo caput do artigo 71 da CLT. Pontuou, tamb\u00e9m, que o par\u00e1grafo 4\u00ba desse artigo passou a adotar o entendimento de que o tempo suprimido do intervalo \u00e9 pago de forma simples e pela sua fra\u00e7\u00e3o residual, diferentemente da vers\u00e3o anterior do dispositivo.&nbsp;<\/p>\n<p ><strong>Limita\u00e7\u00e3o da efic\u00e1cia&nbsp;<\/strong><\/p>\n<p >Esses aspectos novos da legisla\u00e7\u00e3o em vigor, segundo o ministro Breno Medeiros, \u201cmodificaram o status jur\u00eddico do instituto, o que possibilita o ajuizamento da presente a\u00e7\u00e3o revisional\u201d. Para ele, \u201c\u00e9 direito da empresa, com base no novo cen\u00e1rio jur\u00eddico, delimitar a efic\u00e1cia do acordo judicial firmado com o Minist\u00e9rio P\u00fablico do Trabalho, de modo a lhe facultar o uso dos novos dispositivos em vigor em suas rela\u00e7\u00f5es laborais cotidianas, bem como os termos dos acordos coletivos firmados em \u00f3rbita sindical que contrastem com a aven\u00e7a firmada judicialmente\u201d.&nbsp;<\/p>\n<p >Para o relator, ficou caracterizada a transcend\u00eancia jur\u00eddica do recurso, pela natureza inovadora da causa em exame, que tem como causa de pedir a inser\u00e7\u00e3o de novos dispositivos \u00e0 CLT pela Lei 13.467\/2017, e considerando a ofensa ao artigo 505, inciso I, do CPC.<\/p>\n<p >O colegiado, por unanimidade, julgou procedentes os pedidos da a\u00e7\u00e3o revisional da Prosegur, delimitando a efic\u00e1cia da cl\u00e1usula &#8220;b&#8221; do acordo judicial at\u00e9 o dia imediatamente anterior \u00e0 entrada em vigor da Lei 13.467\/2017, ap\u00f3s o que \u00e9 facultado \u00e0 empresa a aplica\u00e7\u00e3o da nova legisla\u00e7\u00e3o trabalhista aos contratos de trabalho em vigor ou vindouros, respeitadas as normas coletivas firmadas com a categoria, tudo em conformidade com os pedidos da peti\u00e7\u00e3o inicial.<\/p>\n<p >(Lourdes Tavares\/GS)<\/p>\n<p >Processo: <a href=\"https:\/\/consultaprocessual.tst.jus.br\/consultaProcessual\/resumoForm.do?consulta=1&amp;numeroInt=56571&amp;anoInt=2020&amp;qtdAcesso=79883853\" target=\"_blank\" rel=\"noopener\">RR &#8211; 696-41.2018.5.06.0413<\/a><\/p>\n<p >O TST possui oito Turmas, cada uma composta de tr\u00eas ministros, com a atribui\u00e7\u00e3o de analisar recursos de revista, agravos, agravos de instrumento, agravos regimentais e recursos ordin\u00e1rios em a\u00e7\u00e3o cautelar. Das decis\u00f5es das Turmas, a parte ainda pode, em alguns casos, recorrer \u00e0 Subse\u00e7\u00e3o I Especializada em Diss\u00eddios Individuais (SBDI-1).<\/p>\n<p >Esta mat\u00e9ria tem cunho meramente informativo.<br \/>\nPermitida a reprodu\u00e7\u00e3o mediante cita\u00e7\u00e3o da fonte.<br \/>\nSecretaria de Comunica\u00e7\u00e3o Social<br \/>\nTribunal Superior do Trabalho<br \/>\nTel. (61) 3043-4907&nbsp;<br \/>\nsecom@tst.jus.br<\/p>\n<p>    $(&#8216;#lightbox-eqnv_ .slider-gallery-wrapper img&#8217;).hover(<br \/>\n    function() {<br \/>\n        const $text=$($($(this).parent()).next());<br \/>\n        $text.hasClass(&#8216;inside-description&#8217;) &amp;&amp; $text.fadeTo( &#8220;slow&#8221; , 0);<br \/>\n    }, function() {<br \/>\n        const $text=$($($(this).parent()).next());<br \/>\n        $text.hasClass(&#8216;inside-description&#8217;) &amp;&amp; $text.fadeTo( &#8220;slow&#8221; , 1);<br \/>\n    }<br \/>\n    );<br \/>\n    $(document).ready(function() {<br \/>\n        var eqnv_autoplaying=false;<br \/>\n        var eqnv_showingLightbox=false;<br \/>\n        const eqnv_playPauseControllers=&#8221;#slider-eqnv_-playpause, #slider-eqnv_-lightbox-playpause&#8221;;<br \/>\n        $(&#8220;#slider-eqnv_&#8221;).slick({<br \/>\n            slidesToShow: 1,<br \/>\n            slidesToScroll: 1,<br \/>\n            autoplay: eqnv_autoplaying,<br \/>\n            swipeToSlide: false,<br \/>\n            centerMode: false,<br \/>\n            autoplaySpeed: 3000,<br \/>\n            focusOnSelect: true,<br \/>\n            prevArrow:<br \/>\n            &#8221;,<br \/>\n            nextArrow:<br \/>\n            &#8221;,<br \/>\n            centerPadding: &#8220;60px&#8221;,<br \/>\n            responsive: [<br \/>\n                {<br \/>\n                    breakpoint: 767.98,<br \/>\n                    settings: {<br \/>\n                        slidesToShow: 3,<br \/>\n                        adaptiveHeight: true<br \/>\n                    }<br \/>\n                }<br \/>\n            ]<br \/>\n        });<br \/>\n        $(&#8220;#slider-eqnv_&#8221;).slickLightbox({<br \/>\n            src: &#8216;src&#8217;,<br \/>\n            itemSelector: &#8216;.galery-image .multimidia-wrapper img&#8217;,<br \/>\n            caption:&#8217;caption&#8217;<br \/>\n        });<br \/>\n    });<br \/>\n<script async src=\"https:\/\/platform.twitter.com\/widgets.js\" charset=\"utf-8\"><\/script><br \/>\n<br \/><i>Com informa\u00e7\u00f5es da assessoria de imprensa do TST.<\/i><br \/>\n<br \/><a href=\"https:\/\/www.tst.jus.br\/web\/guest\/noticias?p_p_id=89Dk&#038;p_p_lifecycle=0&#038;refererPlid=10730&#038;_89Dk_groupId=10157&#038;_89Dk_articleId=31470464\">Fonte<\/a><br \/>\n<br \/><\/p>\n","protected":false},"excerpt":{"rendered":"<p>Na a\u00e7\u00e3o revisional, o colegiado considerou ser direito da empresa delimitar per\u00edodo de efic\u00e1cia do acordo com o Minist\u00e9rio P\u00fablico.&nbsp; Rel\u00f3gio de marca\u00e7\u00e3o de ponto 19\/1\/2023 &#8211; A Quinta Turma do Tribunal Superior do Trabalho delimitou at\u00e9 10\/11\/2017, dia imediatamente anterior \u00e0 entrada em vigor da Lei 13.467\/2017 (Reforma Trabalhista), a efic\u00e1cia de acordo judicial [&hellip;]<\/p>\n","protected":false},"author":3063,"featured_media":0,"comment_status":"open","ping_status":"open","sticky":false,"template":"","format":"standard","meta":{"footnotes":""},"categories":[3,21],"tags":[33,216,9,12,217,215],"class_list":{"0":"post-11872","1":"post","2":"type-post","3":"status-publish","4":"format-standard","6":"category-trabalhista","7":"category-tst","8":"tag-calculos-trabalhistas","9":"tag-direito-trabalhista","10":"tag-pericia","11":"tag-perito","12":"tag-trabalho","13":"tag-tst"},"yoast_head":"<!-- This site is optimized with the Yoast SEO plugin v27.2 - https:\/\/yoast.com\/product\/yoast-seo-wordpress\/ -->\n<title>TST: Efic\u00e1cia de acordo sobre intervalo intrajornada \u00e9 limitada at\u00e9 dia anterior \u00e0 Reforma Trabalhista\u00a0 | Portal de Not\u00edcias<\/title>\n<meta name=\"robots\" content=\"index, follow, max-snippet:-1, max-image-preview:large, max-video-preview:-1\" \/>\n<link rel=\"canonical\" href=\"https:\/\/mhcalculos.com.br\/noticias\/area\/trabalhista\/tst-eficacia-de-acordo-sobre-intervalo-intrajornada-e-limitada-ate-dia-anterior-a-reforma-trabalhista.html\" \/>\n<meta property=\"og:locale\" content=\"pt_BR\" \/>\n<meta property=\"og:type\" content=\"article\" \/>\n<meta property=\"og:title\" content=\"TST: Efic\u00e1cia de acordo sobre intervalo intrajornada \u00e9 limitada at\u00e9 dia anterior \u00e0 Reforma Trabalhista\u00a0 | Portal de Not\u00edcias\" \/>\n<meta property=\"og:description\" content=\"Na a\u00e7\u00e3o revisional, o colegiado considerou ser direito da empresa delimitar per\u00edodo de efic\u00e1cia do acordo com o Minist\u00e9rio P\u00fablico.&nbsp; Rel\u00f3gio de marca\u00e7\u00e3o de ponto 19\/1\/2023 &#8211; A Quinta Turma do Tribunal Superior do Trabalho delimitou at\u00e9 10\/11\/2017, dia imediatamente anterior \u00e0 entrada em vigor da Lei 13.467\/2017 (Reforma Trabalhista), a efic\u00e1cia de acordo judicial [&hellip;]\" \/>\n<meta property=\"og:url\" content=\"https:\/\/mhcalculos.com.br\/noticias\/area\/trabalhista\/tst-eficacia-de-acordo-sobre-intervalo-intrajornada-e-limitada-ate-dia-anterior-a-reforma-trabalhista.html\" \/>\n<meta property=\"og:site_name\" content=\"Portal de Not\u00edcias\" \/>\n<meta property=\"article:published_time\" content=\"2023-01-19T17:17:00+00:00\" \/>\n<meta name=\"author\" content=\"Equipe MH\" \/>\n<meta name=\"twitter:card\" content=\"summary_large_image\" \/>\n<meta name=\"twitter:label1\" content=\"Escrito por\" \/>\n\t<meta name=\"twitter:data1\" content=\"Equipe MH\" \/>\n\t<meta name=\"twitter:label2\" content=\"Est. tempo de leitura\" \/>\n\t<meta name=\"twitter:data2\" content=\"6 minutos\" \/>\n<script type=\"application\/ld+json\" class=\"yoast-schema-graph\">{\"@context\":\"https:\/\/schema.org\",\"@graph\":[{\"@type\":\"Article\",\"@id\":\"https:\/\/mhcalculos.com.br\/noticias\/area\/trabalhista\/tst-eficacia-de-acordo-sobre-intervalo-intrajornada-e-limitada-ate-dia-anterior-a-reforma-trabalhista.html#article\",\"isPartOf\":{\"@id\":\"https:\/\/mhcalculos.com.br\/noticias\/area\/trabalhista\/tst-eficacia-de-acordo-sobre-intervalo-intrajornada-e-limitada-ate-dia-anterior-a-reforma-trabalhista.html\"},\"author\":{\"name\":\"Equipe MH\",\"@id\":\"https:\/\/mhcalculos.com.br\/noticias\/#\/schema\/person\/88d1c34bf72dc779ea14a5a6b8e0ae8d\"},\"headline\":\"TST: Efic\u00e1cia de acordo sobre intervalo intrajornada \u00e9 limitada at\u00e9 dia anterior \u00e0 Reforma Trabalhista\u00a0\",\"datePublished\":\"2023-01-19T17:17:00+00:00\",\"mainEntityOfPage\":{\"@id\":\"https:\/\/mhcalculos.com.br\/noticias\/area\/trabalhista\/tst-eficacia-de-acordo-sobre-intervalo-intrajornada-e-limitada-ate-dia-anterior-a-reforma-trabalhista.html\"},\"wordCount\":1205,\"commentCount\":0,\"keywords\":[\"c\u00e1lculos trabalhistas\",\"direito trabalhista\",\"per\u00edcia\",\"perito\",\"trabalho\",\"TST\"],\"articleSection\":[\"Direito Trabalhista\",\"TST\"],\"inLanguage\":\"pt-BR\",\"potentialAction\":[{\"@type\":\"CommentAction\",\"name\":\"Comment\",\"target\":[\"https:\/\/mhcalculos.com.br\/noticias\/area\/trabalhista\/tst-eficacia-de-acordo-sobre-intervalo-intrajornada-e-limitada-ate-dia-anterior-a-reforma-trabalhista.html#respond\"]}]},{\"@type\":\"WebPage\",\"@id\":\"https:\/\/mhcalculos.com.br\/noticias\/area\/trabalhista\/tst-eficacia-de-acordo-sobre-intervalo-intrajornada-e-limitada-ate-dia-anterior-a-reforma-trabalhista.html\",\"url\":\"https:\/\/mhcalculos.com.br\/noticias\/area\/trabalhista\/tst-eficacia-de-acordo-sobre-intervalo-intrajornada-e-limitada-ate-dia-anterior-a-reforma-trabalhista.html\",\"name\":\"TST: Efic\u00e1cia de acordo sobre intervalo intrajornada \u00e9 limitada at\u00e9 dia anterior \u00e0 Reforma Trabalhista\u00a0 | Portal de Not\u00edcias\",\"isPartOf\":{\"@id\":\"https:\/\/mhcalculos.com.br\/noticias\/#website\"},\"datePublished\":\"2023-01-19T17:17:00+00:00\",\"author\":{\"@id\":\"https:\/\/mhcalculos.com.br\/noticias\/#\/schema\/person\/88d1c34bf72dc779ea14a5a6b8e0ae8d\"},\"breadcrumb\":{\"@id\":\"https:\/\/mhcalculos.com.br\/noticias\/area\/trabalhista\/tst-eficacia-de-acordo-sobre-intervalo-intrajornada-e-limitada-ate-dia-anterior-a-reforma-trabalhista.html#breadcrumb\"},\"inLanguage\":\"pt-BR\",\"potentialAction\":[{\"@type\":\"ReadAction\",\"target\":[\"https:\/\/mhcalculos.com.br\/noticias\/area\/trabalhista\/tst-eficacia-de-acordo-sobre-intervalo-intrajornada-e-limitada-ate-dia-anterior-a-reforma-trabalhista.html\"]}]},{\"@type\":\"BreadcrumbList\",\"@id\":\"https:\/\/mhcalculos.com.br\/noticias\/area\/trabalhista\/tst-eficacia-de-acordo-sobre-intervalo-intrajornada-e-limitada-ate-dia-anterior-a-reforma-trabalhista.html#breadcrumb\",\"itemListElement\":[{\"@type\":\"ListItem\",\"position\":1,\"name\":\"In\u00edcio\",\"item\":\"https:\/\/mhcalculos.com.br\/noticias\/\"},{\"@type\":\"ListItem\",\"position\":2,\"name\":\"TST: Efic\u00e1cia de acordo sobre intervalo intrajornada \u00e9 limitada at\u00e9 dia anterior \u00e0 Reforma Trabalhista\u00a0\"}]},{\"@type\":\"WebSite\",\"@id\":\"https:\/\/mhcalculos.com.br\/noticias\/#website\",\"url\":\"https:\/\/mhcalculos.com.br\/noticias\/\",\"name\":\"Portal de Not\u00edcias\",\"description\":\"Not\u00edcias e Jurisprud\u00eancia\",\"potentialAction\":[{\"@type\":\"SearchAction\",\"target\":{\"@type\":\"EntryPoint\",\"urlTemplate\":\"https:\/\/mhcalculos.com.br\/noticias\/?s={search_term_string}\"},\"query-input\":{\"@type\":\"PropertyValueSpecification\",\"valueRequired\":true,\"valueName\":\"search_term_string\"}}],\"inLanguage\":\"pt-BR\"},{\"@type\":\"Person\",\"@id\":\"https:\/\/mhcalculos.com.br\/noticias\/#\/schema\/person\/88d1c34bf72dc779ea14a5a6b8e0ae8d\",\"name\":\"Equipe MH\",\"image\":{\"@type\":\"ImageObject\",\"inLanguage\":\"pt-BR\",\"@id\":\"https:\/\/secure.gravatar.com\/avatar\/de1c686c2ecc9c5a3f327e3431d819eb39f8f05d4e1045f5a1caad6daaba987f?s=96&d=mm&r=g\",\"url\":\"https:\/\/secure.gravatar.com\/avatar\/de1c686c2ecc9c5a3f327e3431d819eb39f8f05d4e1045f5a1caad6daaba987f?s=96&d=mm&r=g\",\"contentUrl\":\"https:\/\/secure.gravatar.com\/avatar\/de1c686c2ecc9c5a3f327e3431d819eb39f8f05d4e1045f5a1caad6daaba987f?s=96&d=mm&r=g\",\"caption\":\"Equipe MH\"}}]}<\/script>\n<!-- \/ Yoast SEO plugin. -->","yoast_head_json":{"title":"TST: Efic\u00e1cia de acordo sobre intervalo intrajornada \u00e9 limitada at\u00e9 dia anterior \u00e0 Reforma Trabalhista\u00a0 | Portal de Not\u00edcias","robots":{"index":"index","follow":"follow","max-snippet":"max-snippet:-1","max-image-preview":"max-image-preview:large","max-video-preview":"max-video-preview:-1"},"canonical":"https:\/\/mhcalculos.com.br\/noticias\/area\/trabalhista\/tst-eficacia-de-acordo-sobre-intervalo-intrajornada-e-limitada-ate-dia-anterior-a-reforma-trabalhista.html","og_locale":"pt_BR","og_type":"article","og_title":"TST: Efic\u00e1cia de acordo sobre intervalo intrajornada \u00e9 limitada at\u00e9 dia anterior \u00e0 Reforma Trabalhista\u00a0 | Portal de Not\u00edcias","og_description":"Na a\u00e7\u00e3o revisional, o colegiado considerou ser direito da empresa delimitar per\u00edodo de efic\u00e1cia do acordo com o Minist\u00e9rio P\u00fablico.&nbsp; Rel\u00f3gio de marca\u00e7\u00e3o de ponto 19\/1\/2023 &#8211; A Quinta Turma do Tribunal Superior do Trabalho delimitou at\u00e9 10\/11\/2017, dia imediatamente anterior \u00e0 entrada em vigor da Lei 13.467\/2017 (Reforma Trabalhista), a efic\u00e1cia de acordo judicial [&hellip;]","og_url":"https:\/\/mhcalculos.com.br\/noticias\/area\/trabalhista\/tst-eficacia-de-acordo-sobre-intervalo-intrajornada-e-limitada-ate-dia-anterior-a-reforma-trabalhista.html","og_site_name":"Portal de Not\u00edcias","article_published_time":"2023-01-19T17:17:00+00:00","author":"Equipe MH","twitter_card":"summary_large_image","twitter_misc":{"Escrito por":"Equipe MH","Est. tempo de leitura":"6 minutos"},"schema":{"@context":"https:\/\/schema.org","@graph":[{"@type":"Article","@id":"https:\/\/mhcalculos.com.br\/noticias\/area\/trabalhista\/tst-eficacia-de-acordo-sobre-intervalo-intrajornada-e-limitada-ate-dia-anterior-a-reforma-trabalhista.html#article","isPartOf":{"@id":"https:\/\/mhcalculos.com.br\/noticias\/area\/trabalhista\/tst-eficacia-de-acordo-sobre-intervalo-intrajornada-e-limitada-ate-dia-anterior-a-reforma-trabalhista.html"},"author":{"name":"Equipe MH","@id":"https:\/\/mhcalculos.com.br\/noticias\/#\/schema\/person\/88d1c34bf72dc779ea14a5a6b8e0ae8d"},"headline":"TST: Efic\u00e1cia de acordo sobre intervalo intrajornada \u00e9 limitada at\u00e9 dia anterior \u00e0 Reforma Trabalhista\u00a0","datePublished":"2023-01-19T17:17:00+00:00","mainEntityOfPage":{"@id":"https:\/\/mhcalculos.com.br\/noticias\/area\/trabalhista\/tst-eficacia-de-acordo-sobre-intervalo-intrajornada-e-limitada-ate-dia-anterior-a-reforma-trabalhista.html"},"wordCount":1205,"commentCount":0,"keywords":["c\u00e1lculos trabalhistas","direito trabalhista","per\u00edcia","perito","trabalho","TST"],"articleSection":["Direito Trabalhista","TST"],"inLanguage":"pt-BR","potentialAction":[{"@type":"CommentAction","name":"Comment","target":["https:\/\/mhcalculos.com.br\/noticias\/area\/trabalhista\/tst-eficacia-de-acordo-sobre-intervalo-intrajornada-e-limitada-ate-dia-anterior-a-reforma-trabalhista.html#respond"]}]},{"@type":"WebPage","@id":"https:\/\/mhcalculos.com.br\/noticias\/area\/trabalhista\/tst-eficacia-de-acordo-sobre-intervalo-intrajornada-e-limitada-ate-dia-anterior-a-reforma-trabalhista.html","url":"https:\/\/mhcalculos.com.br\/noticias\/area\/trabalhista\/tst-eficacia-de-acordo-sobre-intervalo-intrajornada-e-limitada-ate-dia-anterior-a-reforma-trabalhista.html","name":"TST: Efic\u00e1cia de acordo sobre intervalo intrajornada \u00e9 limitada at\u00e9 dia anterior \u00e0 Reforma Trabalhista\u00a0 | Portal de Not\u00edcias","isPartOf":{"@id":"https:\/\/mhcalculos.com.br\/noticias\/#website"},"datePublished":"2023-01-19T17:17:00+00:00","author":{"@id":"https:\/\/mhcalculos.com.br\/noticias\/#\/schema\/person\/88d1c34bf72dc779ea14a5a6b8e0ae8d"},"breadcrumb":{"@id":"https:\/\/mhcalculos.com.br\/noticias\/area\/trabalhista\/tst-eficacia-de-acordo-sobre-intervalo-intrajornada-e-limitada-ate-dia-anterior-a-reforma-trabalhista.html#breadcrumb"},"inLanguage":"pt-BR","potentialAction":[{"@type":"ReadAction","target":["https:\/\/mhcalculos.com.br\/noticias\/area\/trabalhista\/tst-eficacia-de-acordo-sobre-intervalo-intrajornada-e-limitada-ate-dia-anterior-a-reforma-trabalhista.html"]}]},{"@type":"BreadcrumbList","@id":"https:\/\/mhcalculos.com.br\/noticias\/area\/trabalhista\/tst-eficacia-de-acordo-sobre-intervalo-intrajornada-e-limitada-ate-dia-anterior-a-reforma-trabalhista.html#breadcrumb","itemListElement":[{"@type":"ListItem","position":1,"name":"In\u00edcio","item":"https:\/\/mhcalculos.com.br\/noticias\/"},{"@type":"ListItem","position":2,"name":"TST: Efic\u00e1cia de acordo sobre intervalo intrajornada \u00e9 limitada at\u00e9 dia anterior \u00e0 Reforma Trabalhista\u00a0"}]},{"@type":"WebSite","@id":"https:\/\/mhcalculos.com.br\/noticias\/#website","url":"https:\/\/mhcalculos.com.br\/noticias\/","name":"Portal de Not\u00edcias","description":"Not\u00edcias e Jurisprud\u00eancia","potentialAction":[{"@type":"SearchAction","target":{"@type":"EntryPoint","urlTemplate":"https:\/\/mhcalculos.com.br\/noticias\/?s={search_term_string}"},"query-input":{"@type":"PropertyValueSpecification","valueRequired":true,"valueName":"search_term_string"}}],"inLanguage":"pt-BR"},{"@type":"Person","@id":"https:\/\/mhcalculos.com.br\/noticias\/#\/schema\/person\/88d1c34bf72dc779ea14a5a6b8e0ae8d","name":"Equipe MH","image":{"@type":"ImageObject","inLanguage":"pt-BR","@id":"https:\/\/secure.gravatar.com\/avatar\/de1c686c2ecc9c5a3f327e3431d819eb39f8f05d4e1045f5a1caad6daaba987f?s=96&d=mm&r=g","url":"https:\/\/secure.gravatar.com\/avatar\/de1c686c2ecc9c5a3f327e3431d819eb39f8f05d4e1045f5a1caad6daaba987f?s=96&d=mm&r=g","contentUrl":"https:\/\/secure.gravatar.com\/avatar\/de1c686c2ecc9c5a3f327e3431d819eb39f8f05d4e1045f5a1caad6daaba987f?s=96&d=mm&r=g","caption":"Equipe MH"}}]}},"_links":{"self":[{"href":"https:\/\/mhcalculos.com.br\/noticias\/wp-json\/wp\/v2\/posts\/11872","targetHints":{"allow":["GET"]}}],"collection":[{"href":"https:\/\/mhcalculos.com.br\/noticias\/wp-json\/wp\/v2\/posts"}],"about":[{"href":"https:\/\/mhcalculos.com.br\/noticias\/wp-json\/wp\/v2\/types\/post"}],"author":[{"embeddable":true,"href":"https:\/\/mhcalculos.com.br\/noticias\/wp-json\/wp\/v2\/users\/3063"}],"replies":[{"embeddable":true,"href":"https:\/\/mhcalculos.com.br\/noticias\/wp-json\/wp\/v2\/comments?post=11872"}],"version-history":[{"count":0,"href":"https:\/\/mhcalculos.com.br\/noticias\/wp-json\/wp\/v2\/posts\/11872\/revisions"}],"wp:attachment":[{"href":"https:\/\/mhcalculos.com.br\/noticias\/wp-json\/wp\/v2\/media?parent=11872"}],"wp:term":[{"taxonomy":"category","embeddable":true,"href":"https:\/\/mhcalculos.com.br\/noticias\/wp-json\/wp\/v2\/categories?post=11872"},{"taxonomy":"post_tag","embeddable":true,"href":"https:\/\/mhcalculos.com.br\/noticias\/wp-json\/wp\/v2\/tags?post=11872"}],"curies":[{"name":"wp","href":"https:\/\/api.w.org\/{rel}","templated":true}]}}