{"id":11866,"date":"2023-01-18T13:47:00","date_gmt":"2023-01-18T16:47:00","guid":{"rendered":"https:\/\/mhcalculos.com.br\/noticias\/area\/trabalhista\/tst-justica-do-trabalho-vai-criar-programa-de-enfrentamento-ao-trabalho-escravo-trafico-de-pessoas-e-protecao-do-trabalho-de-imigrantes.html"},"modified":"2023-01-18T13:47:00","modified_gmt":"2023-01-18T16:47:00","slug":"tst-justica-do-trabalho-vai-criar-programa-de-enfrentamento-ao-trabalho-escravo-trafico-de-pessoas-e-protecao-do-trabalho-de-imigrantes","status":"publish","type":"post","link":"https:\/\/mhcalculos.com.br\/noticias\/area\/trabalhista\/tst-justica-do-trabalho-vai-criar-programa-de-enfrentamento-ao-trabalho-escravo-trafico-de-pessoas-e-protecao-do-trabalho-de-imigrantes.html","title":{"rendered":"TST: Justi\u00e7a do Trabalho vai criar programa de enfrentamento ao trabalho escravo, tr\u00e1fico de pessoas e prote\u00e7\u00e3o do trabalho de imigrantes"},"content":{"rendered":"<p><br \/>\n<\/p>\n<p><em><\/p>\n<p>A presid\u00eancia do TST e do CSJT instituiu um grupo de trabalho para estruturar o programa institucional. A equipe ter\u00e1 180 dias para a conclus\u00e3o do estudo.<\/p>\n<p><\/em><\/p>\n<p>        <a class=\"share-facebook\" href=\"https:\/\/www.facebook.com\/sharer.php?u=https:\/\/www.tst.jus.br\/-\/justi%C3%A7a-do-trabalho-vai-criar-programa-de-enfrentamento-ao-trabalho-escravo-tr%C3%A1fico-de-pessoas-e-prote%C3%A7%C3%A3o-do-trabalho-de-imigrantes\" target=\"_blank\" rel=\"noopener\"><\/a><br \/>\n        <a class=\"share-twitter\" href=\"http:\/\/twitter.com\/intent\/tweet?text=Justi\u00e7a do Trabalho vai criar programa de enfrentamento ao trabalho escravo, tr\u00e1fico de pessoas e prote\u00e7\u00e3o do trabalho de imigrantes%0AVeja%20mais%20em:&amp;url=https:\/\/www.tst.jus.br\/-\/justi%C3%A7a-do-trabalho-vai-criar-programa-de-enfrentamento-ao-trabalho-escravo-tr%C3%A1fico-de-pessoas-e-prote%C3%A7%C3%A3o-do-trabalho-de-imigrantes\" target=\"_blank\" rel=\"noopener\"><\/a><br \/>\n        <a class=\"share-linkedin\" href=\"https:\/\/www.linkedin.com\/shareArticle?mini=true&amp;url=https:\/\/www.tst.jus.br\/-\/justi%C3%A7a-do-trabalho-vai-criar-programa-de-enfrentamento-ao-trabalho-escravo-tr%C3%A1fico-de-pessoas-e-prote%C3%A7%C3%A3o-do-trabalho-de-imigrantes&amp;title=Justi\u00e7a do Trabalho vai criar programa de enfrentamento ao trabalho escravo, tr\u00e1fico de pessoas e prote\u00e7\u00e3o do trabalho de imigrantes\" target=\"_blank\" rel=\"noopener\"><\/a><br \/>\n        <a class=\"share-whatsapp\" href=\"https:\/\/web.whatsapp.com\/send?text=https:\/\/www.tst.jus.br\/-\/justi%C3%A7a-do-trabalho-vai-criar-programa-de-enfrentamento-ao-trabalho-escravo-tr%C3%A1fico-de-pessoas-e-prote%C3%A7%C3%A3o-do-trabalho-de-imigrantes\" target=\"_blank\" rel=\"noopener\"><\/a><br \/>\n        <a class=\"share-googleplus\" href=\"https:\/\/plus.google.com\/share?url=https:\/\/www.tst.jus.br\/-\/justi%C3%A7a-do-trabalho-vai-criar-programa-de-enfrentamento-ao-trabalho-escravo-tr%C3%A1fico-de-pessoas-e-prote%C3%A7%C3%A3o-do-trabalho-de-imigrantes\" target=\"_blank\" rel=\"noopener\"><\/a><\/p>\n<p>                <img decoding=\"async\" alt=\"M\u00e3os segurando alambrado.\" data-src=\"\/documents\/10157\/63416\/GettyImages-1144761456.jpg\/b40c639f-07b7-b0b0-7def-9d9dbcbfb121?t=1674149661043\" src=\"data:image\/svg+xml;base64,PHN2ZyB3aWR0aD0iMSIgaGVpZ2h0PSIxIiB4bWxucz0iaHR0cDovL3d3dy53My5vcmcvMjAwMC9zdmciPjwvc3ZnPg==\" class=\"lazyload\" \/><\/p>\n<p>M\u00e3os segurando alambrado.<\/p>\n<p>                    <a class=\"share-facebook\" href=\"https:\/\/www.facebook.com\/sharer.php?u=https:\/\/www.tst.jus.br\/-\/justi%C3%A7a-do-trabalho-vai-criar-programa-de-enfrentamento-ao-trabalho-escravo-tr%C3%A1fico-de-pessoas-e-prote%C3%A7%C3%A3o-do-trabalho-de-imigrantes\" target=\"_blank\" rel=\"noopener\"><\/a><br \/>\n                    <a class=\"share-twitter\" href=\"http:\/\/twitter.com\/intent\/tweet?text=Justi\u00e7a do Trabalho vai criar programa de enfrentamento ao trabalho escravo, tr\u00e1fico de pessoas e prote\u00e7\u00e3o do trabalho de imigrantes%0AVeja%20mais%20em:&amp;url=https:\/\/www.tst.jus.br\/-\/justi%C3%A7a-do-trabalho-vai-criar-programa-de-enfrentamento-ao-trabalho-escravo-tr%C3%A1fico-de-pessoas-e-prote%C3%A7%C3%A3o-do-trabalho-de-imigrantes\" target=\"_blank\" rel=\"noopener\"><\/a><br \/>\n                    <a class=\"share-linkedin\" href=\"https:\/\/www.linkedin.com\/shareArticle?mini=true&amp;url=https:\/\/www.tst.jus.br\/-\/justi%C3%A7a-do-trabalho-vai-criar-programa-de-enfrentamento-ao-trabalho-escravo-tr%C3%A1fico-de-pessoas-e-prote%C3%A7%C3%A3o-do-trabalho-de-imigrantes&amp;title=Justi\u00e7a do Trabalho vai criar programa de enfrentamento ao trabalho escravo, tr\u00e1fico de pessoas e prote\u00e7\u00e3o do trabalho de imigrantes\" target=\"_blank\" rel=\"noopener\"><\/a><br \/>\n                    <a class=\"share-whatsapp\" href=\"https:\/\/web.whatsapp.com\/send?text=https:\/\/www.tst.jus.br\/-\/justi%C3%A7a-do-trabalho-vai-criar-programa-de-enfrentamento-ao-trabalho-escravo-tr%C3%A1fico-de-pessoas-e-prote%C3%A7%C3%A3o-do-trabalho-de-imigrantes\" target=\"_blank\" rel=\"noopener\"><\/a><br \/>\n                    <a class=\"share-googleplus\" href=\"https:\/\/plus.google.com\/share?url=https:\/\/www.tst.jus.br\/-\/justi%C3%A7a-do-trabalho-vai-criar-programa-de-enfrentamento-ao-trabalho-escravo-tr%C3%A1fico-de-pessoas-e-prote%C3%A7%C3%A3o-do-trabalho-de-imigrantes\" target=\"_blank\" rel=\"noopener\"><\/a><\/p>\n<p><strong>17\/1\/2023<\/strong> &#8211; O presidente do Tribunal Superior do Trabalho (TST) e do Conselho Superior da Justi\u00e7a do Trabalho (CSJT), ministro Lelio Bentes Corr\u00eaa, &nbsp;institui um grupo de trabalho destinado a propor um &nbsp;programa institucional na Justi\u00e7a do Trabalho para &nbsp;o enfrentamento ao trabalho em condi\u00e7\u00f5es an\u00e1logas \u00e0 escravid\u00e3o e ao tr\u00e1fico de pessoas, bem como \u00e0 prote\u00e7\u00e3o ao trabalho das pessoas imigrantes.<\/p>\n<p>Institu\u00eddo pelo <a href=\"https:\/\/juslaboris.tst.jus.br\/handle\/20.500.12178\/210275\" target=\"_blank\" rel=\"noopener\"><strong>Ato Conjunto TST.CSJT.GP 01\/2023<\/strong><\/a>, a cria\u00e7\u00e3o do programa institucional leva em considera\u00e7\u00e3o a necessidade de assegurar os direitos e garantias fundamentais previstos na Constitui\u00e7\u00e3o Federal, al\u00e9m de \u00eanfase na dignidade da pessoa humana, no valor social do trabalho e na proibi\u00e7\u00e3o de todas as formas de discrimina\u00e7\u00e3o. , bem como a promo\u00e7\u00e3o do trabalho decente e sustentabilidade, objetivos da Justi\u00e7a do Trabalho previstos no &nbsp;Plano Estrat\u00e9gico &nbsp;2021-2026.<\/p>\n<p><strong>Atividades&nbsp;<\/strong><\/p>\n<p>Coordenado pelo ministro do TST Augusto C\u00e9sar Leite de Carvalho, o grupo \u00e9 formado pela ju\u00edzas Gabriela Lenz de Lacerda, magistrada auxiliar da presid\u00eancia do TST; Daniela Valle da Rocha Muller, do Tribunal Regional do Trabalho da 1\u00ba Regi\u00e3o (RJ); e Luciana Paula Conforti, do TRT-6 (PE); al\u00e9m do juiz J\u00f4natas dos Santos Andrade, do TRT-8 (PA\/AP).<\/p>\n<p>Tamb\u00e9m integram a equipe as procuradoras do Trabalho Andrea da Rocha Carvalho Gondim,&nbsp;coordenadora do Coordenadoria Nacional de Combate \u00e0s Irregularidades Trabalhistas na Administra\u00e7\u00e3o P\u00fablica (CONAP) e gerente do <a href=\"https:\/\/www.tst.jus.br\/-\/tst-adere-a-projeto-de-combate-ao-tr%C3%A1fico-de-pessoas-para-trabalho-escravo\" target=\"_blank\" rel=\"noopener\"><strong>projeto \u201cLiberdade no Ar\u201d<\/strong><\/a>;&nbsp;e Lys Sobral Cardoso,&nbsp;coordenadora do Coordenadoria Nacional de Erradica\u00e7\u00e3o do Trabalho Escravo (CONAETE), al\u00e9m dos pesquisadores Raissa Roussenq Alves e Ricardo Rezende Figueira e da assessora da presid\u00eancia do TST Helena Martins de Carvalho.<\/p>\n<p>Poder\u00e3o ser convidados pesquisadoras e pesquisadores, professores e professoras, representantes de entidades de classe e profissionais para discuss\u00e3o e obten\u00e7\u00e3o de dados estat\u00edsticos e informa\u00e7\u00f5es \u00fateis e necess\u00e1rias para o atendimento dos objetivos propostos.<\/p>\n<p>A equipe ter\u00e1 o prazo de 180 dias (prorrog\u00e1veis pelo mesmo per\u00edodo) para a conclus\u00e3o dos trabalhos.<\/p>\n<p>(Andrea Magalh\u00e3es\/AJ)<\/p>\n<p>    $(&#8216;#lightbox-pknb_ .slider-gallery-wrapper img&#8217;).hover(<br \/>\n    function() {<br \/>\n        const $text=$($($(this).parent()).next());<br \/>\n        $text.hasClass(&#8216;inside-description&#8217;) &amp;&amp; $text.fadeTo( &#8220;slow&#8221; , 0);<br \/>\n    }, function() {<br \/>\n        const $text=$($($(this).parent()).next());<br \/>\n        $text.hasClass(&#8216;inside-description&#8217;) &amp;&amp; $text.fadeTo( &#8220;slow&#8221; , 1);<br \/>\n    }<br \/>\n    );<br \/>\n    $(document).ready(function() {<br \/>\n        var pknb_autoplaying=false;<br \/>\n        var pknb_showingLightbox=false;<br \/>\n        const pknb_playPauseControllers=&#8221;#slider-pknb_-playpause, #slider-pknb_-lightbox-playpause&#8221;;<br \/>\n        $(&#8220;#slider-pknb_&#8221;).slick({<br \/>\n            slidesToShow: 1,<br \/>\n            slidesToScroll: 1,<br \/>\n            autoplay: pknb_autoplaying,<br \/>\n            swipeToSlide: false,<br \/>\n            centerMode: false,<br \/>\n            autoplaySpeed: 3000,<br \/>\n            focusOnSelect: true,<br \/>\n            prevArrow:<br \/>\n            &#8221;,<br \/>\n            nextArrow:<br \/>\n            &#8221;,<br \/>\n            centerPadding: &#8220;60px&#8221;,<br \/>\n            responsive: [<br \/>\n                {<br \/>\n                    breakpoint: 767.98,<br \/>\n                    settings: {<br \/>\n                        slidesToShow: 3,<br \/>\n                        adaptiveHeight: true<br \/>\n                    }<br \/>\n                }<br \/>\n            ]<br \/>\n        });<br \/>\n        $(&#8220;#slider-pknb_&#8221;).slickLightbox({<br \/>\n            src: &#8216;src&#8217;,<br \/>\n            itemSelector: &#8216;.galery-image .multimidia-wrapper img&#8217;,<br \/>\n            caption:&#8217;caption&#8217;<br \/>\n        });<br \/>\n    });<br \/>\n<script async src=\"https:\/\/platform.twitter.com\/widgets.js\" charset=\"utf-8\"><\/script><br \/>\n<br \/><i>Com informa\u00e7\u00f5es da assessoria de imprensa do TST.<\/i><br \/>\n<br \/><a href=\"https:\/\/www.tst.jus.br\/web\/guest\/noticias?p_p_id=89Dk&#038;p_p_lifecycle=0&#038;refererPlid=10730&#038;_89Dk_groupId=10157&#038;_89Dk_articleId=31468416\">Fonte<\/a><br \/>\n<br \/><\/p>\n","protected":false},"excerpt":{"rendered":"<p>A presid\u00eancia do TST e do CSJT instituiu um grupo de trabalho para estruturar o programa institucional. A equipe ter\u00e1 180 dias para a conclus\u00e3o do estudo. M\u00e3os segurando alambrado. 17\/1\/2023 &#8211; O presidente do Tribunal Superior do Trabalho (TST) e do Conselho Superior da Justi\u00e7a do Trabalho (CSJT), ministro Lelio Bentes Corr\u00eaa, &nbsp;institui um [&hellip;]<\/p>\n","protected":false},"author":3063,"featured_media":0,"comment_status":"open","ping_status":"open","sticky":false,"template":"","format":"standard","meta":{"footnotes":""},"categories":[3,21],"tags":[33,216,9,12,217,215],"class_list":{"0":"post-11866","1":"post","2":"type-post","3":"status-publish","4":"format-standard","6":"category-trabalhista","7":"category-tst","8":"tag-calculos-trabalhistas","9":"tag-direito-trabalhista","10":"tag-pericia","11":"tag-perito","12":"tag-trabalho","13":"tag-tst"},"yoast_head":"<!-- This site is optimized with the Yoast SEO plugin v27.2 - https:\/\/yoast.com\/product\/yoast-seo-wordpress\/ -->\n<title>TST: Justi\u00e7a do Trabalho vai criar programa de enfrentamento ao trabalho escravo, tr\u00e1fico de pessoas e prote\u00e7\u00e3o do trabalho de imigrantes | Portal de Not\u00edcias<\/title>\n<meta name=\"robots\" content=\"index, follow, max-snippet:-1, max-image-preview:large, max-video-preview:-1\" \/>\n<link rel=\"canonical\" href=\"https:\/\/mhcalculos.com.br\/noticias\/area\/trabalhista\/tst-justica-do-trabalho-vai-criar-programa-de-enfrentamento-ao-trabalho-escravo-trafico-de-pessoas-e-protecao-do-trabalho-de-imigrantes.html\" \/>\n<meta property=\"og:locale\" content=\"pt_BR\" \/>\n<meta property=\"og:type\" content=\"article\" \/>\n<meta property=\"og:title\" content=\"TST: Justi\u00e7a do Trabalho vai criar programa de enfrentamento ao trabalho escravo, tr\u00e1fico de pessoas e prote\u00e7\u00e3o do trabalho de imigrantes | Portal de Not\u00edcias\" \/>\n<meta property=\"og:description\" content=\"A presid\u00eancia do TST e do CSJT instituiu um grupo de trabalho para estruturar o programa institucional. A equipe ter\u00e1 180 dias para a conclus\u00e3o do estudo. M\u00e3os segurando alambrado. 17\/1\/2023 &#8211; O presidente do Tribunal Superior do Trabalho (TST) e do Conselho Superior da Justi\u00e7a do Trabalho (CSJT), ministro Lelio Bentes Corr\u00eaa, &nbsp;institui um [&hellip;]\" \/>\n<meta property=\"og:url\" content=\"https:\/\/mhcalculos.com.br\/noticias\/area\/trabalhista\/tst-justica-do-trabalho-vai-criar-programa-de-enfrentamento-ao-trabalho-escravo-trafico-de-pessoas-e-protecao-do-trabalho-de-imigrantes.html\" \/>\n<meta property=\"og:site_name\" content=\"Portal de Not\u00edcias\" \/>\n<meta property=\"article:published_time\" content=\"2023-01-18T16:47:00+00:00\" \/>\n<meta name=\"author\" content=\"Equipe MH\" \/>\n<meta name=\"twitter:card\" content=\"summary_large_image\" \/>\n<meta name=\"twitter:label1\" content=\"Escrito por\" \/>\n\t<meta name=\"twitter:data1\" content=\"Equipe MH\" \/>\n\t<meta name=\"twitter:label2\" content=\"Est. tempo de leitura\" \/>\n\t<meta name=\"twitter:data2\" content=\"2 minutos\" \/>\n<script type=\"application\/ld+json\" class=\"yoast-schema-graph\">{\"@context\":\"https:\/\/schema.org\",\"@graph\":[{\"@type\":\"Article\",\"@id\":\"https:\/\/mhcalculos.com.br\/noticias\/area\/trabalhista\/tst-justica-do-trabalho-vai-criar-programa-de-enfrentamento-ao-trabalho-escravo-trafico-de-pessoas-e-protecao-do-trabalho-de-imigrantes.html#article\",\"isPartOf\":{\"@id\":\"https:\/\/mhcalculos.com.br\/noticias\/area\/trabalhista\/tst-justica-do-trabalho-vai-criar-programa-de-enfrentamento-ao-trabalho-escravo-trafico-de-pessoas-e-protecao-do-trabalho-de-imigrantes.html\"},\"author\":{\"name\":\"Equipe MH\",\"@id\":\"https:\/\/mhcalculos.com.br\/noticias\/#\/schema\/person\/88d1c34bf72dc779ea14a5a6b8e0ae8d\"},\"headline\":\"TST: Justi\u00e7a do Trabalho vai criar programa de enfrentamento ao trabalho escravo, tr\u00e1fico de pessoas e prote\u00e7\u00e3o do trabalho de imigrantes\",\"datePublished\":\"2023-01-18T16:47:00+00:00\",\"mainEntityOfPage\":{\"@id\":\"https:\/\/mhcalculos.com.br\/noticias\/area\/trabalhista\/tst-justica-do-trabalho-vai-criar-programa-de-enfrentamento-ao-trabalho-escravo-trafico-de-pessoas-e-protecao-do-trabalho-de-imigrantes.html\"},\"wordCount\":507,\"commentCount\":0,\"keywords\":[\"c\u00e1lculos trabalhistas\",\"direito trabalhista\",\"per\u00edcia\",\"perito\",\"trabalho\",\"TST\"],\"articleSection\":[\"Direito Trabalhista\",\"TST\"],\"inLanguage\":\"pt-BR\",\"potentialAction\":[{\"@type\":\"CommentAction\",\"name\":\"Comment\",\"target\":[\"https:\/\/mhcalculos.com.br\/noticias\/area\/trabalhista\/tst-justica-do-trabalho-vai-criar-programa-de-enfrentamento-ao-trabalho-escravo-trafico-de-pessoas-e-protecao-do-trabalho-de-imigrantes.html#respond\"]}]},{\"@type\":\"WebPage\",\"@id\":\"https:\/\/mhcalculos.com.br\/noticias\/area\/trabalhista\/tst-justica-do-trabalho-vai-criar-programa-de-enfrentamento-ao-trabalho-escravo-trafico-de-pessoas-e-protecao-do-trabalho-de-imigrantes.html\",\"url\":\"https:\/\/mhcalculos.com.br\/noticias\/area\/trabalhista\/tst-justica-do-trabalho-vai-criar-programa-de-enfrentamento-ao-trabalho-escravo-trafico-de-pessoas-e-protecao-do-trabalho-de-imigrantes.html\",\"name\":\"TST: Justi\u00e7a do Trabalho vai criar programa de enfrentamento ao trabalho escravo, tr\u00e1fico de pessoas e prote\u00e7\u00e3o do trabalho de imigrantes | Portal de Not\u00edcias\",\"isPartOf\":{\"@id\":\"https:\/\/mhcalculos.com.br\/noticias\/#website\"},\"datePublished\":\"2023-01-18T16:47:00+00:00\",\"author\":{\"@id\":\"https:\/\/mhcalculos.com.br\/noticias\/#\/schema\/person\/88d1c34bf72dc779ea14a5a6b8e0ae8d\"},\"breadcrumb\":{\"@id\":\"https:\/\/mhcalculos.com.br\/noticias\/area\/trabalhista\/tst-justica-do-trabalho-vai-criar-programa-de-enfrentamento-ao-trabalho-escravo-trafico-de-pessoas-e-protecao-do-trabalho-de-imigrantes.html#breadcrumb\"},\"inLanguage\":\"pt-BR\",\"potentialAction\":[{\"@type\":\"ReadAction\",\"target\":[\"https:\/\/mhcalculos.com.br\/noticias\/area\/trabalhista\/tst-justica-do-trabalho-vai-criar-programa-de-enfrentamento-ao-trabalho-escravo-trafico-de-pessoas-e-protecao-do-trabalho-de-imigrantes.html\"]}]},{\"@type\":\"BreadcrumbList\",\"@id\":\"https:\/\/mhcalculos.com.br\/noticias\/area\/trabalhista\/tst-justica-do-trabalho-vai-criar-programa-de-enfrentamento-ao-trabalho-escravo-trafico-de-pessoas-e-protecao-do-trabalho-de-imigrantes.html#breadcrumb\",\"itemListElement\":[{\"@type\":\"ListItem\",\"position\":1,\"name\":\"In\u00edcio\",\"item\":\"https:\/\/mhcalculos.com.br\/noticias\/\"},{\"@type\":\"ListItem\",\"position\":2,\"name\":\"TST: Justi\u00e7a do Trabalho vai criar programa de enfrentamento ao trabalho escravo, tr\u00e1fico de pessoas e prote\u00e7\u00e3o do trabalho de imigrantes\"}]},{\"@type\":\"WebSite\",\"@id\":\"https:\/\/mhcalculos.com.br\/noticias\/#website\",\"url\":\"https:\/\/mhcalculos.com.br\/noticias\/\",\"name\":\"Portal de Not\u00edcias\",\"description\":\"Not\u00edcias e Jurisprud\u00eancia\",\"potentialAction\":[{\"@type\":\"SearchAction\",\"target\":{\"@type\":\"EntryPoint\",\"urlTemplate\":\"https:\/\/mhcalculos.com.br\/noticias\/?s={search_term_string}\"},\"query-input\":{\"@type\":\"PropertyValueSpecification\",\"valueRequired\":true,\"valueName\":\"search_term_string\"}}],\"inLanguage\":\"pt-BR\"},{\"@type\":\"Person\",\"@id\":\"https:\/\/mhcalculos.com.br\/noticias\/#\/schema\/person\/88d1c34bf72dc779ea14a5a6b8e0ae8d\",\"name\":\"Equipe MH\",\"image\":{\"@type\":\"ImageObject\",\"inLanguage\":\"pt-BR\",\"@id\":\"https:\/\/secure.gravatar.com\/avatar\/de1c686c2ecc9c5a3f327e3431d819eb39f8f05d4e1045f5a1caad6daaba987f?s=96&d=mm&r=g\",\"url\":\"https:\/\/secure.gravatar.com\/avatar\/de1c686c2ecc9c5a3f327e3431d819eb39f8f05d4e1045f5a1caad6daaba987f?s=96&d=mm&r=g\",\"contentUrl\":\"https:\/\/secure.gravatar.com\/avatar\/de1c686c2ecc9c5a3f327e3431d819eb39f8f05d4e1045f5a1caad6daaba987f?s=96&d=mm&r=g\",\"caption\":\"Equipe MH\"}}]}<\/script>\n<!-- \/ Yoast SEO plugin. -->","yoast_head_json":{"title":"TST: Justi\u00e7a do Trabalho vai criar programa de enfrentamento ao trabalho escravo, tr\u00e1fico de pessoas e prote\u00e7\u00e3o do trabalho de imigrantes | Portal de Not\u00edcias","robots":{"index":"index","follow":"follow","max-snippet":"max-snippet:-1","max-image-preview":"max-image-preview:large","max-video-preview":"max-video-preview:-1"},"canonical":"https:\/\/mhcalculos.com.br\/noticias\/area\/trabalhista\/tst-justica-do-trabalho-vai-criar-programa-de-enfrentamento-ao-trabalho-escravo-trafico-de-pessoas-e-protecao-do-trabalho-de-imigrantes.html","og_locale":"pt_BR","og_type":"article","og_title":"TST: Justi\u00e7a do Trabalho vai criar programa de enfrentamento ao trabalho escravo, tr\u00e1fico de pessoas e prote\u00e7\u00e3o do trabalho de imigrantes | Portal de Not\u00edcias","og_description":"A presid\u00eancia do TST e do CSJT instituiu um grupo de trabalho para estruturar o programa institucional. A equipe ter\u00e1 180 dias para a conclus\u00e3o do estudo. M\u00e3os segurando alambrado. 17\/1\/2023 &#8211; O presidente do Tribunal Superior do Trabalho (TST) e do Conselho Superior da Justi\u00e7a do Trabalho (CSJT), ministro Lelio Bentes Corr\u00eaa, &nbsp;institui um [&hellip;]","og_url":"https:\/\/mhcalculos.com.br\/noticias\/area\/trabalhista\/tst-justica-do-trabalho-vai-criar-programa-de-enfrentamento-ao-trabalho-escravo-trafico-de-pessoas-e-protecao-do-trabalho-de-imigrantes.html","og_site_name":"Portal de Not\u00edcias","article_published_time":"2023-01-18T16:47:00+00:00","author":"Equipe MH","twitter_card":"summary_large_image","twitter_misc":{"Escrito por":"Equipe MH","Est. tempo de leitura":"2 minutos"},"schema":{"@context":"https:\/\/schema.org","@graph":[{"@type":"Article","@id":"https:\/\/mhcalculos.com.br\/noticias\/area\/trabalhista\/tst-justica-do-trabalho-vai-criar-programa-de-enfrentamento-ao-trabalho-escravo-trafico-de-pessoas-e-protecao-do-trabalho-de-imigrantes.html#article","isPartOf":{"@id":"https:\/\/mhcalculos.com.br\/noticias\/area\/trabalhista\/tst-justica-do-trabalho-vai-criar-programa-de-enfrentamento-ao-trabalho-escravo-trafico-de-pessoas-e-protecao-do-trabalho-de-imigrantes.html"},"author":{"name":"Equipe MH","@id":"https:\/\/mhcalculos.com.br\/noticias\/#\/schema\/person\/88d1c34bf72dc779ea14a5a6b8e0ae8d"},"headline":"TST: Justi\u00e7a do Trabalho vai criar programa de enfrentamento ao trabalho escravo, tr\u00e1fico de pessoas e prote\u00e7\u00e3o do trabalho de imigrantes","datePublished":"2023-01-18T16:47:00+00:00","mainEntityOfPage":{"@id":"https:\/\/mhcalculos.com.br\/noticias\/area\/trabalhista\/tst-justica-do-trabalho-vai-criar-programa-de-enfrentamento-ao-trabalho-escravo-trafico-de-pessoas-e-protecao-do-trabalho-de-imigrantes.html"},"wordCount":507,"commentCount":0,"keywords":["c\u00e1lculos trabalhistas","direito trabalhista","per\u00edcia","perito","trabalho","TST"],"articleSection":["Direito Trabalhista","TST"],"inLanguage":"pt-BR","potentialAction":[{"@type":"CommentAction","name":"Comment","target":["https:\/\/mhcalculos.com.br\/noticias\/area\/trabalhista\/tst-justica-do-trabalho-vai-criar-programa-de-enfrentamento-ao-trabalho-escravo-trafico-de-pessoas-e-protecao-do-trabalho-de-imigrantes.html#respond"]}]},{"@type":"WebPage","@id":"https:\/\/mhcalculos.com.br\/noticias\/area\/trabalhista\/tst-justica-do-trabalho-vai-criar-programa-de-enfrentamento-ao-trabalho-escravo-trafico-de-pessoas-e-protecao-do-trabalho-de-imigrantes.html","url":"https:\/\/mhcalculos.com.br\/noticias\/area\/trabalhista\/tst-justica-do-trabalho-vai-criar-programa-de-enfrentamento-ao-trabalho-escravo-trafico-de-pessoas-e-protecao-do-trabalho-de-imigrantes.html","name":"TST: Justi\u00e7a do Trabalho vai criar programa de enfrentamento ao trabalho escravo, tr\u00e1fico de pessoas e prote\u00e7\u00e3o do trabalho de imigrantes | Portal de Not\u00edcias","isPartOf":{"@id":"https:\/\/mhcalculos.com.br\/noticias\/#website"},"datePublished":"2023-01-18T16:47:00+00:00","author":{"@id":"https:\/\/mhcalculos.com.br\/noticias\/#\/schema\/person\/88d1c34bf72dc779ea14a5a6b8e0ae8d"},"breadcrumb":{"@id":"https:\/\/mhcalculos.com.br\/noticias\/area\/trabalhista\/tst-justica-do-trabalho-vai-criar-programa-de-enfrentamento-ao-trabalho-escravo-trafico-de-pessoas-e-protecao-do-trabalho-de-imigrantes.html#breadcrumb"},"inLanguage":"pt-BR","potentialAction":[{"@type":"ReadAction","target":["https:\/\/mhcalculos.com.br\/noticias\/area\/trabalhista\/tst-justica-do-trabalho-vai-criar-programa-de-enfrentamento-ao-trabalho-escravo-trafico-de-pessoas-e-protecao-do-trabalho-de-imigrantes.html"]}]},{"@type":"BreadcrumbList","@id":"https:\/\/mhcalculos.com.br\/noticias\/area\/trabalhista\/tst-justica-do-trabalho-vai-criar-programa-de-enfrentamento-ao-trabalho-escravo-trafico-de-pessoas-e-protecao-do-trabalho-de-imigrantes.html#breadcrumb","itemListElement":[{"@type":"ListItem","position":1,"name":"In\u00edcio","item":"https:\/\/mhcalculos.com.br\/noticias\/"},{"@type":"ListItem","position":2,"name":"TST: Justi\u00e7a do Trabalho vai criar programa de enfrentamento ao trabalho escravo, tr\u00e1fico de pessoas e prote\u00e7\u00e3o do trabalho de imigrantes"}]},{"@type":"WebSite","@id":"https:\/\/mhcalculos.com.br\/noticias\/#website","url":"https:\/\/mhcalculos.com.br\/noticias\/","name":"Portal de Not\u00edcias","description":"Not\u00edcias e Jurisprud\u00eancia","potentialAction":[{"@type":"SearchAction","target":{"@type":"EntryPoint","urlTemplate":"https:\/\/mhcalculos.com.br\/noticias\/?s={search_term_string}"},"query-input":{"@type":"PropertyValueSpecification","valueRequired":true,"valueName":"search_term_string"}}],"inLanguage":"pt-BR"},{"@type":"Person","@id":"https:\/\/mhcalculos.com.br\/noticias\/#\/schema\/person\/88d1c34bf72dc779ea14a5a6b8e0ae8d","name":"Equipe MH","image":{"@type":"ImageObject","inLanguage":"pt-BR","@id":"https:\/\/secure.gravatar.com\/avatar\/de1c686c2ecc9c5a3f327e3431d819eb39f8f05d4e1045f5a1caad6daaba987f?s=96&d=mm&r=g","url":"https:\/\/secure.gravatar.com\/avatar\/de1c686c2ecc9c5a3f327e3431d819eb39f8f05d4e1045f5a1caad6daaba987f?s=96&d=mm&r=g","contentUrl":"https:\/\/secure.gravatar.com\/avatar\/de1c686c2ecc9c5a3f327e3431d819eb39f8f05d4e1045f5a1caad6daaba987f?s=96&d=mm&r=g","caption":"Equipe MH"}}]}},"_links":{"self":[{"href":"https:\/\/mhcalculos.com.br\/noticias\/wp-json\/wp\/v2\/posts\/11866","targetHints":{"allow":["GET"]}}],"collection":[{"href":"https:\/\/mhcalculos.com.br\/noticias\/wp-json\/wp\/v2\/posts"}],"about":[{"href":"https:\/\/mhcalculos.com.br\/noticias\/wp-json\/wp\/v2\/types\/post"}],"author":[{"embeddable":true,"href":"https:\/\/mhcalculos.com.br\/noticias\/wp-json\/wp\/v2\/users\/3063"}],"replies":[{"embeddable":true,"href":"https:\/\/mhcalculos.com.br\/noticias\/wp-json\/wp\/v2\/comments?post=11866"}],"version-history":[{"count":0,"href":"https:\/\/mhcalculos.com.br\/noticias\/wp-json\/wp\/v2\/posts\/11866\/revisions"}],"wp:attachment":[{"href":"https:\/\/mhcalculos.com.br\/noticias\/wp-json\/wp\/v2\/media?parent=11866"}],"wp:term":[{"taxonomy":"category","embeddable":true,"href":"https:\/\/mhcalculos.com.br\/noticias\/wp-json\/wp\/v2\/categories?post=11866"},{"taxonomy":"post_tag","embeddable":true,"href":"https:\/\/mhcalculos.com.br\/noticias\/wp-json\/wp\/v2\/tags?post=11866"}],"curies":[{"name":"wp","href":"https:\/\/api.w.org\/{rel}","templated":true}]}}