{"id":11714,"date":"2022-10-28T08:00:00","date_gmt":"2022-10-28T11:00:00","guid":{"rendered":"https:\/\/mhcalculos.com.br\/noticias\/area\/trabalhista\/tst-atendente-dispensada-quando-investigava-cancer-de-mama-deve-ser-reintegrada.html"},"modified":"2022-10-28T08:00:00","modified_gmt":"2022-10-28T11:00:00","slug":"tst-atendente-dispensada-quando-investigava-cancer-de-mama-deve-ser-reintegrada","status":"publish","type":"post","link":"https:\/\/mhcalculos.com.br\/noticias\/area\/trabalhista\/tst-atendente-dispensada-quando-investigava-cancer-de-mama-deve-ser-reintegrada.html","title":{"rendered":"TST: Atendente dispensada quando investigava c\u00e2ncer de mama deve ser reintegrada"},"content":{"rendered":"<p><br \/>\n<\/p>\n<p><em><\/p>\n<p>A dispensa foi considerada discriminat\u00f3ria<\/p>\n<p><\/em><\/p>\n<p>        <a class=\"share-facebook\" href=\"https:\/\/www.facebook.com\/sharer.php?u=https:\/\/www.tst.jus.br\/-\/atendente-dispensada-quando-investigava-c%C3%A2ncer-de-mama-deve-ser-reintegrada\" target=\"_blank\" rel=\"noopener\"><\/a><br \/>\n        <a class=\"share-twitter\" href=\"http:\/\/twitter.com\/intent\/tweet?text=Atendente dispensada quando investigava c\u00e2ncer de mama deve ser reintegrada%0AVeja%20mais%20em:&amp;url=https:\/\/www.tst.jus.br\/-\/atendente-dispensada-quando-investigava-c%C3%A2ncer-de-mama-deve-ser-reintegrada\" target=\"_blank\" rel=\"noopener\"><\/a><br \/>\n        <a class=\"share-linkedin\" href=\"https:\/\/www.linkedin.com\/shareArticle?mini=true&amp;url=https:\/\/www.tst.jus.br\/-\/atendente-dispensada-quando-investigava-c%C3%A2ncer-de-mama-deve-ser-reintegrada&amp;title=Atendente dispensada quando investigava c\u00e2ncer de mama deve ser reintegrada\" target=\"_blank\" rel=\"noopener\"><\/a><br \/>\n        <a class=\"share-whatsapp\" href=\"https:\/\/web.whatsapp.com\/send?text=https:\/\/www.tst.jus.br\/-\/atendente-dispensada-quando-investigava-c%C3%A2ncer-de-mama-deve-ser-reintegrada\" target=\"_blank\" rel=\"noopener\"><\/a><br \/>\n        <a class=\"share-googleplus\" href=\"https:\/\/plus.google.com\/share?url=https:\/\/www.tst.jus.br\/-\/atendente-dispensada-quando-investigava-c%C3%A2ncer-de-mama-deve-ser-reintegrada\" target=\"_blank\" rel=\"noopener\"><\/a><\/p>\n<p>                <img decoding=\"async\" alt=\"M\u00e9dica examinando mamografia\" data-src=\"\/documents\/10157\/2374827\/GettyImages-1171743466.jpg\/241502f1-cb60-4b44-1b3e-85a628685145?t=1666914208677\" src=\"data:image\/svg+xml;base64,PHN2ZyB3aWR0aD0iMSIgaGVpZ2h0PSIxIiB4bWxucz0iaHR0cDovL3d3dy53My5vcmcvMjAwMC9zdmciPjwvc3ZnPg==\" class=\"lazyload\" \/><\/p>\n<p>M\u00e9dica examinando mamografia<\/p>\n<p>                    <a class=\"share-facebook\" href=\"https:\/\/www.facebook.com\/sharer.php?u=https:\/\/www.tst.jus.br\/-\/atendente-dispensada-quando-investigava-c%C3%A2ncer-de-mama-deve-ser-reintegrada\" target=\"_blank\" rel=\"noopener\"><\/a><br \/>\n                    <a class=\"share-twitter\" href=\"http:\/\/twitter.com\/intent\/tweet?text=Atendente dispensada quando investigava c\u00e2ncer de mama deve ser reintegrada%0AVeja%20mais%20em:&amp;url=https:\/\/www.tst.jus.br\/-\/atendente-dispensada-quando-investigava-c%C3%A2ncer-de-mama-deve-ser-reintegrada\" target=\"_blank\" rel=\"noopener\"><\/a><br \/>\n                    <a class=\"share-linkedin\" href=\"https:\/\/www.linkedin.com\/shareArticle?mini=true&amp;url=https:\/\/www.tst.jus.br\/-\/atendente-dispensada-quando-investigava-c%C3%A2ncer-de-mama-deve-ser-reintegrada&amp;title=Atendente dispensada quando investigava c\u00e2ncer de mama deve ser reintegrada\" target=\"_blank\" rel=\"noopener\"><\/a><br \/>\n                    <a class=\"share-whatsapp\" href=\"https:\/\/web.whatsapp.com\/send?text=https:\/\/www.tst.jus.br\/-\/atendente-dispensada-quando-investigava-c%C3%A2ncer-de-mama-deve-ser-reintegrada\" target=\"_blank\" rel=\"noopener\"><\/a><br \/>\n                    <a class=\"share-googleplus\" href=\"https:\/\/plus.google.com\/share?url=https:\/\/www.tst.jus.br\/-\/atendente-dispensada-quando-investigava-c%C3%A2ncer-de-mama-deve-ser-reintegrada\" target=\"_blank\" rel=\"noopener\"><\/a><\/p>\n<p>28\/10\/22 &#8211;&nbsp;A Energisa Mato Grosso do Sul \u2013 Distribuidora de Energia S.A. ter\u00e1 de reintegrar uma atendente de Corumb\u00e1 que havia sido dispensada quando fazia tratamento para investigar a ocorr\u00eancia de c\u00e2ncer de mama. A Terceira Turma do Tribunal Superior do Trabalho rejeitou o recurso da empresa, por entender que as provas existentes no processo confirmaram que a doen\u00e7a motivara o desligamento.&nbsp;<\/p>\n<h4>Dispensa<\/h4>\n<p>Na a\u00e7\u00e3o, a atendente disse que fora contratada pela Energisa em janeiro de 2009 e foi dispensada em junho de 2019. Desde 2018, ela vinha se submetendo a investiga\u00e7\u00f5es sobre c\u00e2ncer de mama, doen\u00e7a que havia causado a morte de sua m\u00e3e, e, na \u00e9poca da dispensa, investigava um n\u00f3dulo.&nbsp;<\/p>\n<p>O diagn\u00f3stico acabou se confirmando, levando-a a requerer a nulidade da dispensa, a reintegra\u00e7\u00e3o e o restabelecimento do plano de sa\u00fade para que pudesse dar continuidade ao tratamento da doen\u00e7a. Pediu, ainda, o pagamento dos sal\u00e1rios do per\u00edodo em que ficara afastada e indeniza\u00e7\u00e3o por danos morais no valor de R$ &nbsp;105 mil. &nbsp;<\/p>\n<h4>Reorganiza\u00e7\u00e3o<\/h4>\n<p>A empresa, por sua vez, defendeu que a atendente fora dispensada em raz\u00e3o da reorganiza\u00e7\u00e3o do quadro empresarial, e n\u00e3o por discrimina\u00e7\u00e3o. Entre outros pontos, a Energisa alegou que a empregada n\u00e3o tinha sido afastada pelo INSS nem apresentado \u201cum simples atestado m\u00e9dico comprovando sua poss\u00edvel situa\u00e7\u00e3o\u201d. Ainda, de acordo com a empresa, no momento da demiss\u00e3o, o problema de sa\u00fade \u201cera hipot\u00e9tico\u201d e n\u00e3o tinha rela\u00e7\u00e3o com o contrato de trabalho.&nbsp;<\/p>\n<h4>Direito de demitir limitado<\/h4>\n<p>A ju\u00edza da Vara do Trabalho de Corumb\u00e1 (MS) reconheceu que a dispensa foi discriminat\u00f3ria e determinou a reintegra\u00e7\u00e3o imediata da atendente. Tamb\u00e9m condenou a Energisa a pagar R$ 10 mil a t\u00edtulo de repara\u00e7\u00e3o. A julgadora ressaltou que o poder de demitir do empregador n\u00e3o \u00e9 absoluto nem pode estar dissociado da fun\u00e7\u00e3o social do trabalho e do direito \u00e0 vida, \u00e0 dignidade da pessoa humana e \u00e0 n\u00e3o-discrimina\u00e7\u00e3o.&nbsp;<\/p>\n<p>O Tribunal Regional do Trabalho da 24\u00aa Regi\u00e3o (MS) seguiu na mesma linha por entender que a empresa n\u00e3o pode descartar uma empregada por motivo de doen\u00e7a depois de se beneficiar dos seus servi\u00e7os. O TRT constatou que a atendente era considerada \u00f3tima funcion\u00e1ria e que seu chefe imediato sabia da doen\u00e7a. Uma testemunha confirmou que somente ela havia sido dispensada no setor e que outra havia sido contratada para o seu lugar.<\/p>\n<h4>Legisla\u00e7\u00e3o protetiva<\/h4>\n<p>O relator do recurso de revista da Energisa, ministro Mauricio Godinho Delgado, lembrou que a legisla\u00e7\u00e3o em vigor veda pr\u00e1ticas discriminat\u00f3rias para acesso \u00e0 rela\u00e7\u00e3o de trabalho ou de sua manuten\u00e7\u00e3o (<a href=\"http:\/\/www.planalto.gov.br\/ccivil_03\/leis\/l9029.htm\" target=\"_blank\" rel=\"noopener\">Lei 9.029\/1995<\/a>). Em refor\u00e7o, o TST editou a <a href=\"https:\/\/www3.tst.jus.br\/jurisprudencia\/Sumulas_com_indice\/Sumulas_Ind_401_450.html#SUM-443\" target=\"_blank\" rel=\"noopener\">S\u00famula 443<\/a> que trata, justamente, da presun\u00e7\u00e3o da despedida discriminat\u00f3ria de empregado \u201cportador do v\u00edrus HIV ou outra doen\u00e7a grave que suscite estigma ou preconceito\u201d. Por isso a pessoa, nessas situa\u00e7\u00f5es, tem direito \u00e0 reintegra\u00e7\u00e3o ao emprego.<\/p>\n<p>Considerando as provas registradas pelo TRT, o relator destacou que elas corroboram as alega\u00e7\u00f5es da trabalhadora e que a empresa n\u00e3o conseguiu demonstrar motivos de ordem t\u00e9cnica, disciplinar ou financeira para a dispensa. &nbsp; &nbsp;&nbsp;<\/p>\n<p>A decis\u00e3o foi un\u00e2nime.<\/p>\n<p>(Lilian Fonseca\/CF)<\/p>\n<p>Processo: <a href=\"https:\/\/consultaprocessual.tst.jus.br\/consultaProcessual\/consultaTstNumUnica.do?consulta=Consultar&amp;conscsjt=&amp;numeroTst=24415&amp;digitoTst=66&amp;anoTst=2019&amp;orgaoTst=5&amp;tribunalTst=24&amp;varaTst=0041\" target=\"_blank\" rel=\"noopener\">Ag-AIRR-24415-66.2019.5.24.0041<\/a><\/p>\n<p>Esta mat\u00e9ria tem cunho meramente informativo.<br \/>\nPermitida a reprodu\u00e7\u00e3o mediante cita\u00e7\u00e3o da fonte.<br \/>\nSecretaria de Comunica\u00e7\u00e3o Social<br \/>\n<a href=\"http:\/\/www.tst.jus.br\" target=\"_blank\" rel=\"noopener\">Tribunal Superior do Trabalho<\/a><br \/>\nTel. (61) 3043-4907<br \/>\n<a href=\"mailto:secom@tst.jus.br\" target=\"\" rel=\"noopener\">secom@tst.jus.br<\/a><\/p>\n<p>    $(&#8216;#lightbox-hjdb_ .slider-gallery-wrapper img&#8217;).hover(<br \/>\n    function() {<br \/>\n        const $text=$($($(this).parent()).next());<br \/>\n        $text.hasClass(&#8216;inside-description&#8217;) &amp;&amp; $text.fadeTo( &#8220;slow&#8221; , 0);<br \/>\n    }, function() {<br \/>\n        const $text=$($($(this).parent()).next());<br \/>\n        $text.hasClass(&#8216;inside-description&#8217;) &amp;&amp; $text.fadeTo( &#8220;slow&#8221; , 1);<br \/>\n    }<br \/>\n    );<br \/>\n    $(document).ready(function() {<br \/>\n        var hjdb_autoplaying=false;<br \/>\n        var hjdb_showingLightbox=false;<br \/>\n        const hjdb_playPauseControllers=&#8221;#slider-hjdb_-playpause, #slider-hjdb_-lightbox-playpause&#8221;;<br \/>\n        $(&#8220;#slider-hjdb_&#8221;).slick({<br \/>\n            slidesToShow: 1,<br \/>\n            slidesToScroll: 1,<br \/>\n            autoplay: hjdb_autoplaying,<br \/>\n            swipeToSlide: false,<br \/>\n            centerMode: false,<br \/>\n            autoplaySpeed: 3000,<br \/>\n            focusOnSelect: true,<br \/>\n            prevArrow:<br \/>\n            &#8221;,<br \/>\n            nextArrow:<br \/>\n            &#8221;,<br \/>\n            centerPadding: &#8220;60px&#8221;,<br \/>\n            responsive: [<br \/>\n                {<br \/>\n                    breakpoint: 767.98,<br \/>\n                    settings: {<br \/>\n                        slidesToShow: 3,<br \/>\n                        adaptiveHeight: true<br \/>\n                    }<br \/>\n                }<br \/>\n            ]<br \/>\n        });<br \/>\n        $(&#8220;#slider-hjdb_&#8221;).slickLightbox({<br \/>\n            src: &#8216;src&#8217;,<br \/>\n            itemSelector: &#8216;.galery-image .multimidia-wrapper img&#8217;,<br \/>\n            caption:&#8217;caption&#8217;<br \/>\n        });<br \/>\n    });<br \/>\n<script async src=\"https:\/\/platform.twitter.com\/widgets.js\" charset=\"utf-8\"><\/script><br \/>\n<br \/><i>Com informa\u00e7\u00f5es da assessoria de imprensa do TST.<\/i><br \/>\n<br \/><a href=\"https:\/\/www.tst.jus.br\/web\/guest\/noticias?p_p_id=89Dk&#038;p_p_lifecycle=0&#038;refererPlid=10730&#038;_89Dk_groupId=10157&#038;_89Dk_articleId=31285609\">Fonte<\/a><br \/>\n<br \/><\/p>\n","protected":false},"excerpt":{"rendered":"<p>A dispensa foi considerada discriminat\u00f3ria M\u00e9dica examinando mamografia 28\/10\/22 &#8211;&nbsp;A Energisa Mato Grosso do Sul \u2013 Distribuidora de Energia S.A. ter\u00e1 de reintegrar uma atendente de Corumb\u00e1 que havia sido dispensada quando fazia tratamento para investigar a ocorr\u00eancia de c\u00e2ncer de mama. A Terceira Turma do Tribunal Superior do Trabalho rejeitou o recurso da empresa, [&hellip;]<\/p>\n","protected":false},"author":3063,"featured_media":0,"comment_status":"open","ping_status":"open","sticky":false,"template":"","format":"standard","meta":{"footnotes":""},"categories":[3,21],"tags":[33,216,9,12,217,215],"class_list":{"0":"post-11714","1":"post","2":"type-post","3":"status-publish","4":"format-standard","6":"category-trabalhista","7":"category-tst","8":"tag-calculos-trabalhistas","9":"tag-direito-trabalhista","10":"tag-pericia","11":"tag-perito","12":"tag-trabalho","13":"tag-tst"},"yoast_head":"<!-- This site is optimized with the Yoast SEO plugin v27.2 - https:\/\/yoast.com\/product\/yoast-seo-wordpress\/ -->\n<title>TST: Atendente dispensada quando investigava c\u00e2ncer de mama deve ser reintegrada | Portal de Not\u00edcias<\/title>\n<meta name=\"robots\" content=\"index, follow, max-snippet:-1, max-image-preview:large, max-video-preview:-1\" \/>\n<link rel=\"canonical\" href=\"https:\/\/mhcalculos.com.br\/noticias\/area\/trabalhista\/tst-atendente-dispensada-quando-investigava-cancer-de-mama-deve-ser-reintegrada.html\" \/>\n<meta property=\"og:locale\" content=\"pt_BR\" \/>\n<meta property=\"og:type\" content=\"article\" \/>\n<meta property=\"og:title\" content=\"TST: Atendente dispensada quando investigava c\u00e2ncer de mama deve ser reintegrada | Portal de Not\u00edcias\" \/>\n<meta property=\"og:description\" content=\"A dispensa foi considerada discriminat\u00f3ria M\u00e9dica examinando mamografia 28\/10\/22 &#8211;&nbsp;A Energisa Mato Grosso do Sul \u2013 Distribuidora de Energia S.A. ter\u00e1 de reintegrar uma atendente de Corumb\u00e1 que havia sido dispensada quando fazia tratamento para investigar a ocorr\u00eancia de c\u00e2ncer de mama. A Terceira Turma do Tribunal Superior do Trabalho rejeitou o recurso da empresa, [&hellip;]\" \/>\n<meta property=\"og:url\" content=\"https:\/\/mhcalculos.com.br\/noticias\/area\/trabalhista\/tst-atendente-dispensada-quando-investigava-cancer-de-mama-deve-ser-reintegrada.html\" \/>\n<meta property=\"og:site_name\" content=\"Portal de Not\u00edcias\" \/>\n<meta property=\"article:published_time\" content=\"2022-10-28T11:00:00+00:00\" \/>\n<meta name=\"author\" content=\"Equipe MH\" \/>\n<meta name=\"twitter:card\" content=\"summary_large_image\" \/>\n<meta name=\"twitter:label1\" content=\"Escrito por\" \/>\n\t<meta name=\"twitter:data1\" content=\"Equipe MH\" \/>\n\t<meta name=\"twitter:label2\" content=\"Est. tempo de leitura\" \/>\n\t<meta name=\"twitter:data2\" content=\"4 minutos\" \/>\n<script type=\"application\/ld+json\" class=\"yoast-schema-graph\">{\"@context\":\"https:\/\/schema.org\",\"@graph\":[{\"@type\":\"Article\",\"@id\":\"https:\/\/mhcalculos.com.br\/noticias\/area\/trabalhista\/tst-atendente-dispensada-quando-investigava-cancer-de-mama-deve-ser-reintegrada.html#article\",\"isPartOf\":{\"@id\":\"https:\/\/mhcalculos.com.br\/noticias\/area\/trabalhista\/tst-atendente-dispensada-quando-investigava-cancer-de-mama-deve-ser-reintegrada.html\"},\"author\":{\"name\":\"Equipe MH\",\"@id\":\"https:\/\/mhcalculos.com.br\/noticias\/#\/schema\/person\/88d1c34bf72dc779ea14a5a6b8e0ae8d\"},\"headline\":\"TST: Atendente dispensada quando investigava c\u00e2ncer de mama deve ser reintegrada\",\"datePublished\":\"2022-10-28T11:00:00+00:00\",\"mainEntityOfPage\":{\"@id\":\"https:\/\/mhcalculos.com.br\/noticias\/area\/trabalhista\/tst-atendente-dispensada-quando-investigava-cancer-de-mama-deve-ser-reintegrada.html\"},\"wordCount\":717,\"commentCount\":0,\"keywords\":[\"c\u00e1lculos trabalhistas\",\"direito trabalhista\",\"per\u00edcia\",\"perito\",\"trabalho\",\"TST\"],\"articleSection\":[\"Direito Trabalhista\",\"TST\"],\"inLanguage\":\"pt-BR\",\"potentialAction\":[{\"@type\":\"CommentAction\",\"name\":\"Comment\",\"target\":[\"https:\/\/mhcalculos.com.br\/noticias\/area\/trabalhista\/tst-atendente-dispensada-quando-investigava-cancer-de-mama-deve-ser-reintegrada.html#respond\"]}]},{\"@type\":\"WebPage\",\"@id\":\"https:\/\/mhcalculos.com.br\/noticias\/area\/trabalhista\/tst-atendente-dispensada-quando-investigava-cancer-de-mama-deve-ser-reintegrada.html\",\"url\":\"https:\/\/mhcalculos.com.br\/noticias\/area\/trabalhista\/tst-atendente-dispensada-quando-investigava-cancer-de-mama-deve-ser-reintegrada.html\",\"name\":\"TST: Atendente dispensada quando investigava c\u00e2ncer de mama deve ser reintegrada | Portal de Not\u00edcias\",\"isPartOf\":{\"@id\":\"https:\/\/mhcalculos.com.br\/noticias\/#website\"},\"datePublished\":\"2022-10-28T11:00:00+00:00\",\"author\":{\"@id\":\"https:\/\/mhcalculos.com.br\/noticias\/#\/schema\/person\/88d1c34bf72dc779ea14a5a6b8e0ae8d\"},\"breadcrumb\":{\"@id\":\"https:\/\/mhcalculos.com.br\/noticias\/area\/trabalhista\/tst-atendente-dispensada-quando-investigava-cancer-de-mama-deve-ser-reintegrada.html#breadcrumb\"},\"inLanguage\":\"pt-BR\",\"potentialAction\":[{\"@type\":\"ReadAction\",\"target\":[\"https:\/\/mhcalculos.com.br\/noticias\/area\/trabalhista\/tst-atendente-dispensada-quando-investigava-cancer-de-mama-deve-ser-reintegrada.html\"]}]},{\"@type\":\"BreadcrumbList\",\"@id\":\"https:\/\/mhcalculos.com.br\/noticias\/area\/trabalhista\/tst-atendente-dispensada-quando-investigava-cancer-de-mama-deve-ser-reintegrada.html#breadcrumb\",\"itemListElement\":[{\"@type\":\"ListItem\",\"position\":1,\"name\":\"In\u00edcio\",\"item\":\"https:\/\/mhcalculos.com.br\/noticias\/\"},{\"@type\":\"ListItem\",\"position\":2,\"name\":\"TST: Atendente dispensada quando investigava c\u00e2ncer de mama deve ser reintegrada\"}]},{\"@type\":\"WebSite\",\"@id\":\"https:\/\/mhcalculos.com.br\/noticias\/#website\",\"url\":\"https:\/\/mhcalculos.com.br\/noticias\/\",\"name\":\"Portal de Not\u00edcias\",\"description\":\"Not\u00edcias e Jurisprud\u00eancia\",\"potentialAction\":[{\"@type\":\"SearchAction\",\"target\":{\"@type\":\"EntryPoint\",\"urlTemplate\":\"https:\/\/mhcalculos.com.br\/noticias\/?s={search_term_string}\"},\"query-input\":{\"@type\":\"PropertyValueSpecification\",\"valueRequired\":true,\"valueName\":\"search_term_string\"}}],\"inLanguage\":\"pt-BR\"},{\"@type\":\"Person\",\"@id\":\"https:\/\/mhcalculos.com.br\/noticias\/#\/schema\/person\/88d1c34bf72dc779ea14a5a6b8e0ae8d\",\"name\":\"Equipe MH\",\"image\":{\"@type\":\"ImageObject\",\"inLanguage\":\"pt-BR\",\"@id\":\"https:\/\/secure.gravatar.com\/avatar\/de1c686c2ecc9c5a3f327e3431d819eb39f8f05d4e1045f5a1caad6daaba987f?s=96&d=mm&r=g\",\"url\":\"https:\/\/secure.gravatar.com\/avatar\/de1c686c2ecc9c5a3f327e3431d819eb39f8f05d4e1045f5a1caad6daaba987f?s=96&d=mm&r=g\",\"contentUrl\":\"https:\/\/secure.gravatar.com\/avatar\/de1c686c2ecc9c5a3f327e3431d819eb39f8f05d4e1045f5a1caad6daaba987f?s=96&d=mm&r=g\",\"caption\":\"Equipe MH\"}}]}<\/script>\n<!-- \/ Yoast SEO plugin. -->","yoast_head_json":{"title":"TST: Atendente dispensada quando investigava c\u00e2ncer de mama deve ser reintegrada | Portal de Not\u00edcias","robots":{"index":"index","follow":"follow","max-snippet":"max-snippet:-1","max-image-preview":"max-image-preview:large","max-video-preview":"max-video-preview:-1"},"canonical":"https:\/\/mhcalculos.com.br\/noticias\/area\/trabalhista\/tst-atendente-dispensada-quando-investigava-cancer-de-mama-deve-ser-reintegrada.html","og_locale":"pt_BR","og_type":"article","og_title":"TST: Atendente dispensada quando investigava c\u00e2ncer de mama deve ser reintegrada | Portal de Not\u00edcias","og_description":"A dispensa foi considerada discriminat\u00f3ria M\u00e9dica examinando mamografia 28\/10\/22 &#8211;&nbsp;A Energisa Mato Grosso do Sul \u2013 Distribuidora de Energia S.A. ter\u00e1 de reintegrar uma atendente de Corumb\u00e1 que havia sido dispensada quando fazia tratamento para investigar a ocorr\u00eancia de c\u00e2ncer de mama. A Terceira Turma do Tribunal Superior do Trabalho rejeitou o recurso da empresa, [&hellip;]","og_url":"https:\/\/mhcalculos.com.br\/noticias\/area\/trabalhista\/tst-atendente-dispensada-quando-investigava-cancer-de-mama-deve-ser-reintegrada.html","og_site_name":"Portal de Not\u00edcias","article_published_time":"2022-10-28T11:00:00+00:00","author":"Equipe MH","twitter_card":"summary_large_image","twitter_misc":{"Escrito por":"Equipe MH","Est. tempo de leitura":"4 minutos"},"schema":{"@context":"https:\/\/schema.org","@graph":[{"@type":"Article","@id":"https:\/\/mhcalculos.com.br\/noticias\/area\/trabalhista\/tst-atendente-dispensada-quando-investigava-cancer-de-mama-deve-ser-reintegrada.html#article","isPartOf":{"@id":"https:\/\/mhcalculos.com.br\/noticias\/area\/trabalhista\/tst-atendente-dispensada-quando-investigava-cancer-de-mama-deve-ser-reintegrada.html"},"author":{"name":"Equipe MH","@id":"https:\/\/mhcalculos.com.br\/noticias\/#\/schema\/person\/88d1c34bf72dc779ea14a5a6b8e0ae8d"},"headline":"TST: Atendente dispensada quando investigava c\u00e2ncer de mama deve ser reintegrada","datePublished":"2022-10-28T11:00:00+00:00","mainEntityOfPage":{"@id":"https:\/\/mhcalculos.com.br\/noticias\/area\/trabalhista\/tst-atendente-dispensada-quando-investigava-cancer-de-mama-deve-ser-reintegrada.html"},"wordCount":717,"commentCount":0,"keywords":["c\u00e1lculos trabalhistas","direito trabalhista","per\u00edcia","perito","trabalho","TST"],"articleSection":["Direito Trabalhista","TST"],"inLanguage":"pt-BR","potentialAction":[{"@type":"CommentAction","name":"Comment","target":["https:\/\/mhcalculos.com.br\/noticias\/area\/trabalhista\/tst-atendente-dispensada-quando-investigava-cancer-de-mama-deve-ser-reintegrada.html#respond"]}]},{"@type":"WebPage","@id":"https:\/\/mhcalculos.com.br\/noticias\/area\/trabalhista\/tst-atendente-dispensada-quando-investigava-cancer-de-mama-deve-ser-reintegrada.html","url":"https:\/\/mhcalculos.com.br\/noticias\/area\/trabalhista\/tst-atendente-dispensada-quando-investigava-cancer-de-mama-deve-ser-reintegrada.html","name":"TST: Atendente dispensada quando investigava c\u00e2ncer de mama deve ser reintegrada | Portal de Not\u00edcias","isPartOf":{"@id":"https:\/\/mhcalculos.com.br\/noticias\/#website"},"datePublished":"2022-10-28T11:00:00+00:00","author":{"@id":"https:\/\/mhcalculos.com.br\/noticias\/#\/schema\/person\/88d1c34bf72dc779ea14a5a6b8e0ae8d"},"breadcrumb":{"@id":"https:\/\/mhcalculos.com.br\/noticias\/area\/trabalhista\/tst-atendente-dispensada-quando-investigava-cancer-de-mama-deve-ser-reintegrada.html#breadcrumb"},"inLanguage":"pt-BR","potentialAction":[{"@type":"ReadAction","target":["https:\/\/mhcalculos.com.br\/noticias\/area\/trabalhista\/tst-atendente-dispensada-quando-investigava-cancer-de-mama-deve-ser-reintegrada.html"]}]},{"@type":"BreadcrumbList","@id":"https:\/\/mhcalculos.com.br\/noticias\/area\/trabalhista\/tst-atendente-dispensada-quando-investigava-cancer-de-mama-deve-ser-reintegrada.html#breadcrumb","itemListElement":[{"@type":"ListItem","position":1,"name":"In\u00edcio","item":"https:\/\/mhcalculos.com.br\/noticias\/"},{"@type":"ListItem","position":2,"name":"TST: Atendente dispensada quando investigava c\u00e2ncer de mama deve ser reintegrada"}]},{"@type":"WebSite","@id":"https:\/\/mhcalculos.com.br\/noticias\/#website","url":"https:\/\/mhcalculos.com.br\/noticias\/","name":"Portal de Not\u00edcias","description":"Not\u00edcias e Jurisprud\u00eancia","potentialAction":[{"@type":"SearchAction","target":{"@type":"EntryPoint","urlTemplate":"https:\/\/mhcalculos.com.br\/noticias\/?s={search_term_string}"},"query-input":{"@type":"PropertyValueSpecification","valueRequired":true,"valueName":"search_term_string"}}],"inLanguage":"pt-BR"},{"@type":"Person","@id":"https:\/\/mhcalculos.com.br\/noticias\/#\/schema\/person\/88d1c34bf72dc779ea14a5a6b8e0ae8d","name":"Equipe MH","image":{"@type":"ImageObject","inLanguage":"pt-BR","@id":"https:\/\/secure.gravatar.com\/avatar\/de1c686c2ecc9c5a3f327e3431d819eb39f8f05d4e1045f5a1caad6daaba987f?s=96&d=mm&r=g","url":"https:\/\/secure.gravatar.com\/avatar\/de1c686c2ecc9c5a3f327e3431d819eb39f8f05d4e1045f5a1caad6daaba987f?s=96&d=mm&r=g","contentUrl":"https:\/\/secure.gravatar.com\/avatar\/de1c686c2ecc9c5a3f327e3431d819eb39f8f05d4e1045f5a1caad6daaba987f?s=96&d=mm&r=g","caption":"Equipe MH"}}]}},"_links":{"self":[{"href":"https:\/\/mhcalculos.com.br\/noticias\/wp-json\/wp\/v2\/posts\/11714","targetHints":{"allow":["GET"]}}],"collection":[{"href":"https:\/\/mhcalculos.com.br\/noticias\/wp-json\/wp\/v2\/posts"}],"about":[{"href":"https:\/\/mhcalculos.com.br\/noticias\/wp-json\/wp\/v2\/types\/post"}],"author":[{"embeddable":true,"href":"https:\/\/mhcalculos.com.br\/noticias\/wp-json\/wp\/v2\/users\/3063"}],"replies":[{"embeddable":true,"href":"https:\/\/mhcalculos.com.br\/noticias\/wp-json\/wp\/v2\/comments?post=11714"}],"version-history":[{"count":0,"href":"https:\/\/mhcalculos.com.br\/noticias\/wp-json\/wp\/v2\/posts\/11714\/revisions"}],"wp:attachment":[{"href":"https:\/\/mhcalculos.com.br\/noticias\/wp-json\/wp\/v2\/media?parent=11714"}],"wp:term":[{"taxonomy":"category","embeddable":true,"href":"https:\/\/mhcalculos.com.br\/noticias\/wp-json\/wp\/v2\/categories?post=11714"},{"taxonomy":"post_tag","embeddable":true,"href":"https:\/\/mhcalculos.com.br\/noticias\/wp-json\/wp\/v2\/tags?post=11714"}],"curies":[{"name":"wp","href":"https:\/\/api.w.org\/{rel}","templated":true}]}}