{"id":11690,"date":"2022-10-17T07:51:00","date_gmt":"2022-10-17T10:51:00","guid":{"rendered":"https:\/\/mhcalculos.com.br\/noticias\/area\/trabalhista\/tst-justica-do-trabalho-vai-julgar-acao-de-motorista-contra-restricoes-de-aplicativo-de-passageiros.html"},"modified":"2022-10-17T07:51:00","modified_gmt":"2022-10-17T10:51:00","slug":"tst-justica-do-trabalho-vai-julgar-acao-de-motorista-contra-restricoes-de-aplicativo-de-passageiros","status":"publish","type":"post","link":"https:\/\/mhcalculos.com.br\/noticias\/area\/trabalhista\/tst-justica-do-trabalho-vai-julgar-acao-de-motorista-contra-restricoes-de-aplicativo-de-passageiros.html","title":{"rendered":"TST: Justi\u00e7a do Trabalho vai julgar a\u00e7\u00e3o de motorista contra restri\u00e7\u00f5es de aplicativo de passageiros"},"content":{"rendered":"<p><br \/>\n<\/p>\n<p><em><\/p>\n<p>Ele quer suspender bloqueios da Uber a corridas em determinadas regi\u00f5es<\/p>\n<p><\/em><\/p>\n<p>        <a class=\"share-facebook\" href=\"https:\/\/www.facebook.com\/sharer.php?u=https:\/\/www.tst.jus.br\/-\/justi%C3%A7a-do-trabalho-vai-julgar-a%C3%A7%C3%A3o-de-motorista-contra-restri%C3%A7%C3%B5es-de-aplicativo-de-passageiros\" target=\"_blank\" rel=\"noopener\"><\/a><br \/>\n        <a class=\"share-twitter\" href=\"http:\/\/twitter.com\/intent\/tweet?text=Justi\u00e7a do Trabalho vai julgar a\u00e7\u00e3o de motorista contra restri\u00e7\u00f5es de aplicativo de passageiros%0AVeja%20mais%20em:&amp;url=https:\/\/www.tst.jus.br\/-\/justi%C3%A7a-do-trabalho-vai-julgar-a%C3%A7%C3%A3o-de-motorista-contra-restri%C3%A7%C3%B5es-de-aplicativo-de-passageiros\" target=\"_blank\" rel=\"noopener\"><\/a><br \/>\n        <a class=\"share-linkedin\" href=\"https:\/\/www.linkedin.com\/shareArticle?mini=true&amp;url=https:\/\/www.tst.jus.br\/-\/justi%C3%A7a-do-trabalho-vai-julgar-a%C3%A7%C3%A3o-de-motorista-contra-restri%C3%A7%C3%B5es-de-aplicativo-de-passageiros&amp;title=Justi\u00e7a do Trabalho vai julgar a\u00e7\u00e3o de motorista contra restri\u00e7\u00f5es de aplicativo de passageiros\" target=\"_blank\" rel=\"noopener\"><\/a><br \/>\n        <a class=\"share-whatsapp\" href=\"https:\/\/web.whatsapp.com\/send?text=https:\/\/www.tst.jus.br\/-\/justi%C3%A7a-do-trabalho-vai-julgar-a%C3%A7%C3%A3o-de-motorista-contra-restri%C3%A7%C3%B5es-de-aplicativo-de-passageiros\" target=\"_blank\" rel=\"noopener\"><\/a><br \/>\n        <a class=\"share-googleplus\" href=\"https:\/\/plus.google.com\/share?url=https:\/\/www.tst.jus.br\/-\/justi%C3%A7a-do-trabalho-vai-julgar-a%C3%A7%C3%A3o-de-motorista-contra-restri%C3%A7%C3%B5es-de-aplicativo-de-passageiros\" target=\"_blank\" rel=\"noopener\"><\/a><\/p>\n<p>                <img decoding=\"async\" alt=\"Motorista com GPS de telefone celular\" data-src=\"\/documents\/25367803\/31253481\/GettyImages-1265690717.jpg\/b34f6c89-c2fa-9c77-37e8-6f0b3497f9d9?t=1666004218332\" src=\"data:image\/svg+xml;base64,PHN2ZyB3aWR0aD0iMSIgaGVpZ2h0PSIxIiB4bWxucz0iaHR0cDovL3d3dy53My5vcmcvMjAwMC9zdmciPjwvc3ZnPg==\" class=\"lazyload\" \/><\/p>\n<p>Motorista com GPS de telefone celular<\/p>\n<p>                    <a class=\"share-facebook\" href=\"https:\/\/www.facebook.com\/sharer.php?u=https:\/\/www.tst.jus.br\/-\/justi%C3%A7a-do-trabalho-vai-julgar-a%C3%A7%C3%A3o-de-motorista-contra-restri%C3%A7%C3%B5es-de-aplicativo-de-passageiros\" target=\"_blank\" rel=\"noopener\"><\/a><br \/>\n                    <a class=\"share-twitter\" href=\"http:\/\/twitter.com\/intent\/tweet?text=Justi\u00e7a do Trabalho vai julgar a\u00e7\u00e3o de motorista contra restri\u00e7\u00f5es de aplicativo de passageiros%0AVeja%20mais%20em:&amp;url=https:\/\/www.tst.jus.br\/-\/justi%C3%A7a-do-trabalho-vai-julgar-a%C3%A7%C3%A3o-de-motorista-contra-restri%C3%A7%C3%B5es-de-aplicativo-de-passageiros\" target=\"_blank\" rel=\"noopener\"><\/a><br \/>\n                    <a class=\"share-linkedin\" href=\"https:\/\/www.linkedin.com\/shareArticle?mini=true&amp;url=https:\/\/www.tst.jus.br\/-\/justi%C3%A7a-do-trabalho-vai-julgar-a%C3%A7%C3%A3o-de-motorista-contra-restri%C3%A7%C3%B5es-de-aplicativo-de-passageiros&amp;title=Justi\u00e7a do Trabalho vai julgar a\u00e7\u00e3o de motorista contra restri\u00e7\u00f5es de aplicativo de passageiros\" target=\"_blank\" rel=\"noopener\"><\/a><br \/>\n                    <a class=\"share-whatsapp\" href=\"https:\/\/web.whatsapp.com\/send?text=https:\/\/www.tst.jus.br\/-\/justi%C3%A7a-do-trabalho-vai-julgar-a%C3%A7%C3%A3o-de-motorista-contra-restri%C3%A7%C3%B5es-de-aplicativo-de-passageiros\" target=\"_blank\" rel=\"noopener\"><\/a><br \/>\n                    <a class=\"share-googleplus\" href=\"https:\/\/plus.google.com\/share?url=https:\/\/www.tst.jus.br\/-\/justi%C3%A7a-do-trabalho-vai-julgar-a%C3%A7%C3%A3o-de-motorista-contra-restri%C3%A7%C3%B5es-de-aplicativo-de-passageiros\" target=\"_blank\" rel=\"noopener\"><\/a><\/p>\n<p>17\/10\/22 &#8211;&nbsp;A Oitava Turma do Tribunal Superior reconheceu a compet\u00eancia da Justi\u00e7a do Trabalho para julgar a a\u00e7\u00e3o de um motorista de aplicativo contra as restri\u00e7\u00f5es territoriais impostas pela Uber do Brasil Tecnologia Ltda. por meio de seu sistema de intelig\u00eancia artificial. Segundo o colegiado, a demanda decorre de rela\u00e7\u00e3o de trabalho, ainda que aut\u00f4nomo. Com a decis\u00e3o, o pedido ser\u00e1 analisado pela primeira inst\u00e2ncia.<\/p>\n<h4>Bloqueios<\/h4>\n<p>Na a\u00e7\u00e3o, ajuizada em fevereiro de 2020, o motorista, que mora em Venda Nova, na Regi\u00e3o Metropolitana de Belo Horizonte (MG), disse que trabalhava com o aplicativo desde 2019 e que essa era sua principal fonte de renda. Contudo, reclamou que o algoritmo da plataforma estabelece bloqueios e restri\u00e7\u00f5es para&nbsp;receber e atender chamadas em certas regi\u00f5es, especialmente a do Aeroporto Internacional de Confins.<\/p>\n<p>Segundo ele, isso impede o aumento de sua receita e afeta o livre exerc\u00edcio de sua profiss\u00e3o e seu direito de escolher o local em que prefere atuar. Seu pedido n\u00e3o era de reconhecimento de v\u00ednculo, mas de suspens\u00e3o desses bloqueios territoriais.<\/p>\n<h4>Rela\u00e7\u00e3o comercial<\/h4>\n<p>A Uber, por sua vez, alegou que a Justi\u00e7a do Trabalho n\u00e3o tinha compet\u00eancia para julgar o caso, pois se trata de rela\u00e7\u00e3o de natureza comercial. \u201cO que existe \u00e9 uma presta\u00e7\u00e3o de servi\u00e7os pelo motorista, parceiro da Uber, ou, no sentido inverso, o mero fornecimento, mediante a cobran\u00e7a de uma taxa, do servi\u00e7o de intermedia\u00e7\u00e3o tecnol\u00f3gica\u201d, sustentou.&nbsp;<\/p>\n<h4>Economia compartilhada<\/h4>\n<p>O ju\u00edzo da 2\u00aa Vara do Trabalho de Belo Horizonte e o Tribunal Regional do Trabalho da 3\u00aa Regi\u00e3o (MG) afastaram a compet\u00eancia da Justi\u00e7a do Trabalho para julgar o pedido do motorista. Segundo o TRT, as ferramentas tecnol\u00f3gicas atuais permitem criar uma nova modalidade de intera\u00e7\u00e3o, a economia compartilhada (<em>sharing economy<\/em>), em que a presta\u00e7\u00e3o de servi\u00e7os por donos de ve\u00edculos particulares \u00e9 intermediada por aplicativos geridos por empresas de tecnologia. Trata-se, conforme a decis\u00e3o, de uma rela\u00e7\u00e3o que n\u00e3o decorre do contrato de trabalho.<\/p>\n<h4>Compet\u00eancia<\/h4>\n<p>O relator do recurso de revista do motorista, ministro Aloysio Corr\u00eaa da Veiga, explicou que a compet\u00eancia da Justi\u00e7a do Trabalho abrange as a\u00e7\u00f5es oriundas da rela\u00e7\u00e3o de trabalho, e n\u00e3o apenas de emprego. No caso, a finalidade do acesso irrestrito \u00e0 plataforma (o incremento da remunera\u00e7\u00e3o) est\u00e1 diretamente relacionada \u00e0s condi\u00e7\u00f5es de trabalho oferecidas pela Uber aos motoristas parceiros por meio de seu aplicativo.&nbsp;<\/p>\n<p>Para o ministro, a utiliza\u00e7\u00e3o de instrumentos tecnol\u00f3gicos para gerenciar a intera\u00e7\u00e3o entre usu\u00e1rios e prestadores de servi\u00e7o n\u00e3o descaracteriza a rela\u00e7\u00e3o de trabalho, pois \u00e9 a Uber quem remunera o motorista e estabelece as regras do contrato. \u201cEmbora o relacionamento seja intermediado pela plataforma que controla toda a presta\u00e7\u00e3o dos servi\u00e7os, n\u00e3o h\u00e1 como ignorar a v\u00ednculo de trabalho, aut\u00f4nomo, firmado entre eles\u201d, concluiu.<\/p>\n<p>A decis\u00e3o foi un\u00e2nime.<\/p>\n<p>(RR\/CF)<\/p>\n<p>Processo: <a href=\"https:\/\/consultaprocessual.tst.jus.br\/consultaProcessual\/consultaTstNumUnica.do?consulta=Consultar&amp;conscsjt=&amp;numeroTst=10141&amp;digitoTst=93&amp;anoTst=2021&amp;orgaoTst=5&amp;tribunalTst=03&amp;varaTst=0144&amp;submit=Consultar\" target=\"\" rel=\"noopener\">RR-10141-93.2021.5.03.0144<\/a><\/p>\n<p><em>Esta mat\u00e9ria tem cunho meramente informativo.<br \/>\nPermitida a reprodu\u00e7\u00e3o mediante cita\u00e7\u00e3o da fonte.<br \/>\nSecretaria de Comunica\u00e7\u00e3o Social<br \/>\n<a href=\"http:\/\/www.tst.jus.br\" target=\"_blank\" rel=\"noopener\">Tribunal Superior do Trabalho<\/a><br \/>\nTel. (61) 3043-4907<br \/>\nsecom@tst.jus.br<\/em><br \/>\n&nbsp;<\/p>\n<p>    $(&#8216;#lightbox-xjli_ .slider-gallery-wrapper img&#8217;).hover(<br \/>\n    function() {<br \/>\n        const $text=$($($(this).parent()).next());<br \/>\n        $text.hasClass(&#8216;inside-description&#8217;) &amp;&amp; $text.fadeTo( &#8220;slow&#8221; , 0);<br \/>\n    }, function() {<br \/>\n        const $text=$($($(this).parent()).next());<br \/>\n        $text.hasClass(&#8216;inside-description&#8217;) &amp;&amp; $text.fadeTo( &#8220;slow&#8221; , 1);<br \/>\n    }<br \/>\n    );<br \/>\n    $(document).ready(function() {<br \/>\n        var xjli_autoplaying=false;<br \/>\n        var xjli_showingLightbox=false;<br \/>\n        const xjli_playPauseControllers=&#8221;#slider-xjli_-playpause, #slider-xjli_-lightbox-playpause&#8221;;<br \/>\n        $(&#8220;#slider-xjli_&#8221;).slick({<br \/>\n            slidesToShow: 1,<br \/>\n            slidesToScroll: 1,<br \/>\n            autoplay: xjli_autoplaying,<br \/>\n            swipeToSlide: false,<br \/>\n            centerMode: false,<br \/>\n            autoplaySpeed: 3000,<br \/>\n            focusOnSelect: true,<br \/>\n            prevArrow:<br \/>\n            &#8221;,<br \/>\n            nextArrow:<br \/>\n            &#8221;,<br \/>\n            centerPadding: &#8220;60px&#8221;,<br \/>\n            responsive: [<br \/>\n                {<br \/>\n                    breakpoint: 767.98,<br \/>\n                    settings: {<br \/>\n                        slidesToShow: 3,<br \/>\n                        adaptiveHeight: true<br \/>\n                    }<br \/>\n                }<br \/>\n            ]<br \/>\n        });<br \/>\n        $(&#8220;#slider-xjli_&#8221;).slickLightbox({<br \/>\n            src: &#8216;src&#8217;,<br \/>\n            itemSelector: &#8216;.galery-image .multimidia-wrapper img&#8217;,<br \/>\n            caption:&#8217;caption&#8217;<br \/>\n        });<br \/>\n    });<br \/>\n<script async src=\"https:\/\/platform.twitter.com\/widgets.js\" charset=\"utf-8\"><\/script><br \/>\n<br \/><i>Com informa\u00e7\u00f5es da assessoria de imprensa do TST.<\/i><br \/>\n<br \/><a href=\"https:\/\/www.tst.jus.br\/web\/guest\/noticias?p_p_id=89Dk&#038;p_p_lifecycle=0&#038;refererPlid=10730&#038;_89Dk_groupId=10157&#038;_89Dk_articleId=31253478\">Fonte<\/a><br \/>\n<br \/><\/p>\n","protected":false},"excerpt":{"rendered":"<p>Ele quer suspender bloqueios da Uber a corridas em determinadas regi\u00f5es Motorista com GPS de telefone celular 17\/10\/22 &#8211;&nbsp;A Oitava Turma do Tribunal Superior reconheceu a compet\u00eancia da Justi\u00e7a do Trabalho para julgar a a\u00e7\u00e3o de um motorista de aplicativo contra as restri\u00e7\u00f5es territoriais impostas pela Uber do Brasil Tecnologia Ltda. por meio de seu [&hellip;]<\/p>\n","protected":false},"author":3063,"featured_media":0,"comment_status":"open","ping_status":"open","sticky":false,"template":"","format":"standard","meta":{"footnotes":""},"categories":[3,21],"tags":[33,216,9,12,217,215],"class_list":{"0":"post-11690","1":"post","2":"type-post","3":"status-publish","4":"format-standard","6":"category-trabalhista","7":"category-tst","8":"tag-calculos-trabalhistas","9":"tag-direito-trabalhista","10":"tag-pericia","11":"tag-perito","12":"tag-trabalho","13":"tag-tst"},"yoast_head":"<!-- This site is optimized with the Yoast SEO plugin v27.2 - https:\/\/yoast.com\/product\/yoast-seo-wordpress\/ -->\n<title>TST: Justi\u00e7a do Trabalho vai julgar a\u00e7\u00e3o de motorista contra restri\u00e7\u00f5es de aplicativo de passageiros | Portal de Not\u00edcias<\/title>\n<meta name=\"robots\" content=\"index, follow, max-snippet:-1, max-image-preview:large, max-video-preview:-1\" \/>\n<link rel=\"canonical\" href=\"https:\/\/mhcalculos.com.br\/noticias\/area\/trabalhista\/tst-justica-do-trabalho-vai-julgar-acao-de-motorista-contra-restricoes-de-aplicativo-de-passageiros.html\" \/>\n<meta property=\"og:locale\" content=\"pt_BR\" \/>\n<meta property=\"og:type\" content=\"article\" \/>\n<meta property=\"og:title\" content=\"TST: Justi\u00e7a do Trabalho vai julgar a\u00e7\u00e3o de motorista contra restri\u00e7\u00f5es de aplicativo de passageiros | Portal de Not\u00edcias\" \/>\n<meta property=\"og:description\" content=\"Ele quer suspender bloqueios da Uber a corridas em determinadas regi\u00f5es Motorista com GPS de telefone celular 17\/10\/22 &#8211;&nbsp;A Oitava Turma do Tribunal Superior reconheceu a compet\u00eancia da Justi\u00e7a do Trabalho para julgar a a\u00e7\u00e3o de um motorista de aplicativo contra as restri\u00e7\u00f5es territoriais impostas pela Uber do Brasil Tecnologia Ltda. por meio de seu [&hellip;]\" \/>\n<meta property=\"og:url\" content=\"https:\/\/mhcalculos.com.br\/noticias\/area\/trabalhista\/tst-justica-do-trabalho-vai-julgar-acao-de-motorista-contra-restricoes-de-aplicativo-de-passageiros.html\" \/>\n<meta property=\"og:site_name\" content=\"Portal de Not\u00edcias\" \/>\n<meta property=\"article:published_time\" content=\"2022-10-17T10:51:00+00:00\" \/>\n<meta name=\"author\" content=\"Equipe MH\" \/>\n<meta name=\"twitter:card\" content=\"summary_large_image\" \/>\n<meta name=\"twitter:label1\" content=\"Escrito por\" \/>\n\t<meta name=\"twitter:data1\" content=\"Equipe MH\" \/>\n\t<meta name=\"twitter:label2\" content=\"Est. tempo de leitura\" \/>\n\t<meta name=\"twitter:data2\" content=\"3 minutos\" \/>\n<script type=\"application\/ld+json\" class=\"yoast-schema-graph\">{\"@context\":\"https:\/\/schema.org\",\"@graph\":[{\"@type\":\"Article\",\"@id\":\"https:\/\/mhcalculos.com.br\/noticias\/area\/trabalhista\/tst-justica-do-trabalho-vai-julgar-acao-de-motorista-contra-restricoes-de-aplicativo-de-passageiros.html#article\",\"isPartOf\":{\"@id\":\"https:\/\/mhcalculos.com.br\/noticias\/area\/trabalhista\/tst-justica-do-trabalho-vai-julgar-acao-de-motorista-contra-restricoes-de-aplicativo-de-passageiros.html\"},\"author\":{\"name\":\"Equipe MH\",\"@id\":\"https:\/\/mhcalculos.com.br\/noticias\/#\/schema\/person\/88d1c34bf72dc779ea14a5a6b8e0ae8d\"},\"headline\":\"TST: Justi\u00e7a do Trabalho vai julgar a\u00e7\u00e3o de motorista contra restri\u00e7\u00f5es de aplicativo de passageiros\",\"datePublished\":\"2022-10-17T10:51:00+00:00\",\"mainEntityOfPage\":{\"@id\":\"https:\/\/mhcalculos.com.br\/noticias\/area\/trabalhista\/tst-justica-do-trabalho-vai-julgar-acao-de-motorista-contra-restricoes-de-aplicativo-de-passageiros.html\"},\"wordCount\":684,\"commentCount\":0,\"keywords\":[\"c\u00e1lculos trabalhistas\",\"direito trabalhista\",\"per\u00edcia\",\"perito\",\"trabalho\",\"TST\"],\"articleSection\":[\"Direito Trabalhista\",\"TST\"],\"inLanguage\":\"pt-BR\",\"potentialAction\":[{\"@type\":\"CommentAction\",\"name\":\"Comment\",\"target\":[\"https:\/\/mhcalculos.com.br\/noticias\/area\/trabalhista\/tst-justica-do-trabalho-vai-julgar-acao-de-motorista-contra-restricoes-de-aplicativo-de-passageiros.html#respond\"]}]},{\"@type\":\"WebPage\",\"@id\":\"https:\/\/mhcalculos.com.br\/noticias\/area\/trabalhista\/tst-justica-do-trabalho-vai-julgar-acao-de-motorista-contra-restricoes-de-aplicativo-de-passageiros.html\",\"url\":\"https:\/\/mhcalculos.com.br\/noticias\/area\/trabalhista\/tst-justica-do-trabalho-vai-julgar-acao-de-motorista-contra-restricoes-de-aplicativo-de-passageiros.html\",\"name\":\"TST: Justi\u00e7a do Trabalho vai julgar a\u00e7\u00e3o de motorista contra restri\u00e7\u00f5es de aplicativo de passageiros | Portal de Not\u00edcias\",\"isPartOf\":{\"@id\":\"https:\/\/mhcalculos.com.br\/noticias\/#website\"},\"datePublished\":\"2022-10-17T10:51:00+00:00\",\"author\":{\"@id\":\"https:\/\/mhcalculos.com.br\/noticias\/#\/schema\/person\/88d1c34bf72dc779ea14a5a6b8e0ae8d\"},\"breadcrumb\":{\"@id\":\"https:\/\/mhcalculos.com.br\/noticias\/area\/trabalhista\/tst-justica-do-trabalho-vai-julgar-acao-de-motorista-contra-restricoes-de-aplicativo-de-passageiros.html#breadcrumb\"},\"inLanguage\":\"pt-BR\",\"potentialAction\":[{\"@type\":\"ReadAction\",\"target\":[\"https:\/\/mhcalculos.com.br\/noticias\/area\/trabalhista\/tst-justica-do-trabalho-vai-julgar-acao-de-motorista-contra-restricoes-de-aplicativo-de-passageiros.html\"]}]},{\"@type\":\"BreadcrumbList\",\"@id\":\"https:\/\/mhcalculos.com.br\/noticias\/area\/trabalhista\/tst-justica-do-trabalho-vai-julgar-acao-de-motorista-contra-restricoes-de-aplicativo-de-passageiros.html#breadcrumb\",\"itemListElement\":[{\"@type\":\"ListItem\",\"position\":1,\"name\":\"In\u00edcio\",\"item\":\"https:\/\/mhcalculos.com.br\/noticias\/\"},{\"@type\":\"ListItem\",\"position\":2,\"name\":\"TST: Justi\u00e7a do Trabalho vai julgar a\u00e7\u00e3o de motorista contra restri\u00e7\u00f5es de aplicativo de passageiros\"}]},{\"@type\":\"WebSite\",\"@id\":\"https:\/\/mhcalculos.com.br\/noticias\/#website\",\"url\":\"https:\/\/mhcalculos.com.br\/noticias\/\",\"name\":\"Portal de Not\u00edcias\",\"description\":\"Not\u00edcias e Jurisprud\u00eancia\",\"potentialAction\":[{\"@type\":\"SearchAction\",\"target\":{\"@type\":\"EntryPoint\",\"urlTemplate\":\"https:\/\/mhcalculos.com.br\/noticias\/?s={search_term_string}\"},\"query-input\":{\"@type\":\"PropertyValueSpecification\",\"valueRequired\":true,\"valueName\":\"search_term_string\"}}],\"inLanguage\":\"pt-BR\"},{\"@type\":\"Person\",\"@id\":\"https:\/\/mhcalculos.com.br\/noticias\/#\/schema\/person\/88d1c34bf72dc779ea14a5a6b8e0ae8d\",\"name\":\"Equipe MH\",\"image\":{\"@type\":\"ImageObject\",\"inLanguage\":\"pt-BR\",\"@id\":\"https:\/\/secure.gravatar.com\/avatar\/de1c686c2ecc9c5a3f327e3431d819eb39f8f05d4e1045f5a1caad6daaba987f?s=96&d=mm&r=g\",\"url\":\"https:\/\/secure.gravatar.com\/avatar\/de1c686c2ecc9c5a3f327e3431d819eb39f8f05d4e1045f5a1caad6daaba987f?s=96&d=mm&r=g\",\"contentUrl\":\"https:\/\/secure.gravatar.com\/avatar\/de1c686c2ecc9c5a3f327e3431d819eb39f8f05d4e1045f5a1caad6daaba987f?s=96&d=mm&r=g\",\"caption\":\"Equipe MH\"}}]}<\/script>\n<!-- \/ Yoast SEO plugin. -->","yoast_head_json":{"title":"TST: Justi\u00e7a do Trabalho vai julgar a\u00e7\u00e3o de motorista contra restri\u00e7\u00f5es de aplicativo de passageiros | Portal de Not\u00edcias","robots":{"index":"index","follow":"follow","max-snippet":"max-snippet:-1","max-image-preview":"max-image-preview:large","max-video-preview":"max-video-preview:-1"},"canonical":"https:\/\/mhcalculos.com.br\/noticias\/area\/trabalhista\/tst-justica-do-trabalho-vai-julgar-acao-de-motorista-contra-restricoes-de-aplicativo-de-passageiros.html","og_locale":"pt_BR","og_type":"article","og_title":"TST: Justi\u00e7a do Trabalho vai julgar a\u00e7\u00e3o de motorista contra restri\u00e7\u00f5es de aplicativo de passageiros | Portal de Not\u00edcias","og_description":"Ele quer suspender bloqueios da Uber a corridas em determinadas regi\u00f5es Motorista com GPS de telefone celular 17\/10\/22 &#8211;&nbsp;A Oitava Turma do Tribunal Superior reconheceu a compet\u00eancia da Justi\u00e7a do Trabalho para julgar a a\u00e7\u00e3o de um motorista de aplicativo contra as restri\u00e7\u00f5es territoriais impostas pela Uber do Brasil Tecnologia Ltda. por meio de seu [&hellip;]","og_url":"https:\/\/mhcalculos.com.br\/noticias\/area\/trabalhista\/tst-justica-do-trabalho-vai-julgar-acao-de-motorista-contra-restricoes-de-aplicativo-de-passageiros.html","og_site_name":"Portal de Not\u00edcias","article_published_time":"2022-10-17T10:51:00+00:00","author":"Equipe MH","twitter_card":"summary_large_image","twitter_misc":{"Escrito por":"Equipe MH","Est. tempo de leitura":"3 minutos"},"schema":{"@context":"https:\/\/schema.org","@graph":[{"@type":"Article","@id":"https:\/\/mhcalculos.com.br\/noticias\/area\/trabalhista\/tst-justica-do-trabalho-vai-julgar-acao-de-motorista-contra-restricoes-de-aplicativo-de-passageiros.html#article","isPartOf":{"@id":"https:\/\/mhcalculos.com.br\/noticias\/area\/trabalhista\/tst-justica-do-trabalho-vai-julgar-acao-de-motorista-contra-restricoes-de-aplicativo-de-passageiros.html"},"author":{"name":"Equipe MH","@id":"https:\/\/mhcalculos.com.br\/noticias\/#\/schema\/person\/88d1c34bf72dc779ea14a5a6b8e0ae8d"},"headline":"TST: Justi\u00e7a do Trabalho vai julgar a\u00e7\u00e3o de motorista contra restri\u00e7\u00f5es de aplicativo de passageiros","datePublished":"2022-10-17T10:51:00+00:00","mainEntityOfPage":{"@id":"https:\/\/mhcalculos.com.br\/noticias\/area\/trabalhista\/tst-justica-do-trabalho-vai-julgar-acao-de-motorista-contra-restricoes-de-aplicativo-de-passageiros.html"},"wordCount":684,"commentCount":0,"keywords":["c\u00e1lculos trabalhistas","direito trabalhista","per\u00edcia","perito","trabalho","TST"],"articleSection":["Direito Trabalhista","TST"],"inLanguage":"pt-BR","potentialAction":[{"@type":"CommentAction","name":"Comment","target":["https:\/\/mhcalculos.com.br\/noticias\/area\/trabalhista\/tst-justica-do-trabalho-vai-julgar-acao-de-motorista-contra-restricoes-de-aplicativo-de-passageiros.html#respond"]}]},{"@type":"WebPage","@id":"https:\/\/mhcalculos.com.br\/noticias\/area\/trabalhista\/tst-justica-do-trabalho-vai-julgar-acao-de-motorista-contra-restricoes-de-aplicativo-de-passageiros.html","url":"https:\/\/mhcalculos.com.br\/noticias\/area\/trabalhista\/tst-justica-do-trabalho-vai-julgar-acao-de-motorista-contra-restricoes-de-aplicativo-de-passageiros.html","name":"TST: Justi\u00e7a do Trabalho vai julgar a\u00e7\u00e3o de motorista contra restri\u00e7\u00f5es de aplicativo de passageiros | Portal de Not\u00edcias","isPartOf":{"@id":"https:\/\/mhcalculos.com.br\/noticias\/#website"},"datePublished":"2022-10-17T10:51:00+00:00","author":{"@id":"https:\/\/mhcalculos.com.br\/noticias\/#\/schema\/person\/88d1c34bf72dc779ea14a5a6b8e0ae8d"},"breadcrumb":{"@id":"https:\/\/mhcalculos.com.br\/noticias\/area\/trabalhista\/tst-justica-do-trabalho-vai-julgar-acao-de-motorista-contra-restricoes-de-aplicativo-de-passageiros.html#breadcrumb"},"inLanguage":"pt-BR","potentialAction":[{"@type":"ReadAction","target":["https:\/\/mhcalculos.com.br\/noticias\/area\/trabalhista\/tst-justica-do-trabalho-vai-julgar-acao-de-motorista-contra-restricoes-de-aplicativo-de-passageiros.html"]}]},{"@type":"BreadcrumbList","@id":"https:\/\/mhcalculos.com.br\/noticias\/area\/trabalhista\/tst-justica-do-trabalho-vai-julgar-acao-de-motorista-contra-restricoes-de-aplicativo-de-passageiros.html#breadcrumb","itemListElement":[{"@type":"ListItem","position":1,"name":"In\u00edcio","item":"https:\/\/mhcalculos.com.br\/noticias\/"},{"@type":"ListItem","position":2,"name":"TST: Justi\u00e7a do Trabalho vai julgar a\u00e7\u00e3o de motorista contra restri\u00e7\u00f5es de aplicativo de passageiros"}]},{"@type":"WebSite","@id":"https:\/\/mhcalculos.com.br\/noticias\/#website","url":"https:\/\/mhcalculos.com.br\/noticias\/","name":"Portal de Not\u00edcias","description":"Not\u00edcias e Jurisprud\u00eancia","potentialAction":[{"@type":"SearchAction","target":{"@type":"EntryPoint","urlTemplate":"https:\/\/mhcalculos.com.br\/noticias\/?s={search_term_string}"},"query-input":{"@type":"PropertyValueSpecification","valueRequired":true,"valueName":"search_term_string"}}],"inLanguage":"pt-BR"},{"@type":"Person","@id":"https:\/\/mhcalculos.com.br\/noticias\/#\/schema\/person\/88d1c34bf72dc779ea14a5a6b8e0ae8d","name":"Equipe MH","image":{"@type":"ImageObject","inLanguage":"pt-BR","@id":"https:\/\/secure.gravatar.com\/avatar\/de1c686c2ecc9c5a3f327e3431d819eb39f8f05d4e1045f5a1caad6daaba987f?s=96&d=mm&r=g","url":"https:\/\/secure.gravatar.com\/avatar\/de1c686c2ecc9c5a3f327e3431d819eb39f8f05d4e1045f5a1caad6daaba987f?s=96&d=mm&r=g","contentUrl":"https:\/\/secure.gravatar.com\/avatar\/de1c686c2ecc9c5a3f327e3431d819eb39f8f05d4e1045f5a1caad6daaba987f?s=96&d=mm&r=g","caption":"Equipe MH"}}]}},"_links":{"self":[{"href":"https:\/\/mhcalculos.com.br\/noticias\/wp-json\/wp\/v2\/posts\/11690","targetHints":{"allow":["GET"]}}],"collection":[{"href":"https:\/\/mhcalculos.com.br\/noticias\/wp-json\/wp\/v2\/posts"}],"about":[{"href":"https:\/\/mhcalculos.com.br\/noticias\/wp-json\/wp\/v2\/types\/post"}],"author":[{"embeddable":true,"href":"https:\/\/mhcalculos.com.br\/noticias\/wp-json\/wp\/v2\/users\/3063"}],"replies":[{"embeddable":true,"href":"https:\/\/mhcalculos.com.br\/noticias\/wp-json\/wp\/v2\/comments?post=11690"}],"version-history":[{"count":0,"href":"https:\/\/mhcalculos.com.br\/noticias\/wp-json\/wp\/v2\/posts\/11690\/revisions"}],"wp:attachment":[{"href":"https:\/\/mhcalculos.com.br\/noticias\/wp-json\/wp\/v2\/media?parent=11690"}],"wp:term":[{"taxonomy":"category","embeddable":true,"href":"https:\/\/mhcalculos.com.br\/noticias\/wp-json\/wp\/v2\/categories?post=11690"},{"taxonomy":"post_tag","embeddable":true,"href":"https:\/\/mhcalculos.com.br\/noticias\/wp-json\/wp\/v2\/tags?post=11690"}],"curies":[{"name":"wp","href":"https:\/\/api.w.org\/{rel}","templated":true}]}}