{"id":11607,"date":"2022-08-31T20:15:00","date_gmt":"2022-08-31T23:15:00","guid":{"rendered":"https:\/\/mhcalculos.com.br\/noticias\/area\/trabalhista\/tst-fachada-do-tribunal-recebe-o-lema-tribunal-da-justica-social.html"},"modified":"2022-08-31T20:15:00","modified_gmt":"2022-08-31T23:15:00","slug":"tst-fachada-do-tribunal-recebe-o-lema-tribunal-da-justica-social","status":"publish","type":"post","link":"https:\/\/mhcalculos.com.br\/noticias\/area\/trabalhista\/tst-fachada-do-tribunal-recebe-o-lema-tribunal-da-justica-social.html","title":{"rendered":"TST: Fachada do Tribunal&nbsp;recebe o lema &quot;Tribunal da Justi\u00e7a Social&quot;"},"content":{"rendered":"<p><br \/>\n<\/p>\n<p><em><\/p>\n<p>O novo letreiro foi inaugurado nesta quarta-feira (31)<\/p>\n<p><\/em><\/p>\n<p>        <a class=\"share-facebook\" href=\"https:\/\/www.facebook.com\/sharer.php?u=https:\/\/www.tst.jus.br\/-\/fachada-do-tst-recebe-o-lema-tribunal-da-justi%C3%A7a-social-\" target=\"_blank\" rel=\"noopener\"><\/a><br \/>\n        <a class=\"share-twitter\" target=\"_blank\" rel=\"noopener\"><\/a><br \/>\n        <a class=\"share-linkedin\" target=\"_blank\" rel=\"noopener\"><\/a><br \/>\n        <a class=\"share-whatsapp\" href=\"https:\/\/web.whatsapp.com\/send?text=https:\/\/www.tst.jus.br\/-\/fachada-do-tst-recebe-o-lema-tribunal-da-justi%C3%A7a-social-\" target=\"_blank\" rel=\"noopener\"><\/a><br \/>\n        <a class=\"share-googleplus\" href=\"https:\/\/plus.google.com\/share?url=https:\/\/www.tst.jus.br\/-\/fachada-do-tst-recebe-o-lema-tribunal-da-justi%C3%A7a-social-\" target=\"_blank\" rel=\"noopener\"><\/a><\/p>\n<p>                <img decoding=\"async\" alt=\"Ministro Emmanoel Pereira e equipe \" data-src=\"\/documents\/10157\/2374827\/Inaugura%C3%A7%C3%A3o+fachada.jpg\/2eee888a-539a-2e91-b621-b69cb78d4640?t=1662077209713\" src=\"data:image\/svg+xml;base64,PHN2ZyB3aWR0aD0iMSIgaGVpZ2h0PSIxIiB4bWxucz0iaHR0cDovL3d3dy53My5vcmcvMjAwMC9zdmciPjwvc3ZnPg==\" class=\"lazyload\" \/><\/p>\n<p>Ministro Emmanoel Pereira e equipe <\/p>\n<p>                    <a class=\"share-facebook\" href=\"https:\/\/www.facebook.com\/sharer.php?u=https:\/\/www.tst.jus.br\/-\/fachada-do-tst-recebe-o-lema-tribunal-da-justi%C3%A7a-social-\" target=\"_blank\" rel=\"noopener\"><\/a><br \/>\n                    <a class=\"share-twitter\" target=\"_blank\" rel=\"noopener\"><\/a><br \/>\n                    <a class=\"share-linkedin\" target=\"_blank\" rel=\"noopener\"><\/a><br \/>\n                    <a class=\"share-whatsapp\" href=\"https:\/\/web.whatsapp.com\/send?text=https:\/\/www.tst.jus.br\/-\/fachada-do-tst-recebe-o-lema-tribunal-da-justi%C3%A7a-social-\" target=\"_blank\" rel=\"noopener\"><\/a><br \/>\n                    <a class=\"share-googleplus\" href=\"https:\/\/plus.google.com\/share?url=https:\/\/www.tst.jus.br\/-\/fachada-do-tst-recebe-o-lema-tribunal-da-justi%C3%A7a-social-\" target=\"_blank\" rel=\"noopener\"><\/a><\/p>\n<p>31\/08\/22 &#8211; O presidente do Tribunal Superior do Trabalho (TST), ministro Emmanoel Pereira, inaugurou oficialmente, nesta quarta-feira (31), o novo letreiro da fachada do edif\u00edcio-sede do Tribunal, que ganhou a frase \u2018O Tribunal da Justi\u00e7a Social\u2019.<\/p>\n<p><img decoding=\"async\" alt=\"Nova fachada do edif\u00edcio-sede do TST, com o slogan Tribunal da Justi\u00e7a Social\" data-fileentryid=\"31093636\" data-src=\"\/documents\/10157\/2374827\/1920x1080+%281%29.jpg\/d4ad5f77-05ac-d9a2-45d5-a36c546b94d9?t=1662077313033&amp;imagePreview=1\" src=\"data:image\/svg+xml;base64,PHN2ZyB3aWR0aD0iMSIgaGVpZ2h0PSIxIiB4bWxucz0iaHR0cDovL3d3dy53My5vcmcvMjAwMC9zdmciPjwvc3ZnPg==\" class=\"lazyload\" \/><\/p>\n<p>Segundo o ministro, a inten\u00e7\u00e3o \u00e9 ampliar a divulga\u00e7\u00e3o do lema para a sociedade, al\u00e9m de advogados, partes de processos e p\u00fablico em geral. \u201cEsse lema \u00e9 uma forma de dizer \u00e0s pessoas que s\u00e3o atendidas pelo TST, empresas ou trabalhadores, que estamos juntos em busca de um mesmo ideal, da promo\u00e7\u00e3o da paz e do equil\u00edbrio social\u201d, enfatizou. Os \u00f4nibus e os ve\u00edculos oficiais do Tribunal tamb\u00e9m receberam adesivos&nbsp;com o novo lema.&nbsp;<\/p>\n<p>(JS\/TG) &nbsp;<\/p>\n<p>    $(&#8216;#lightbox-vryb_ .slider-gallery-wrapper img&#8217;).hover(<br \/>\n    function() {<br \/>\n        const $text=$($($(this).parent()).next());<br \/>\n        $text.hasClass(&#8216;inside-description&#8217;) &amp;&amp; $text.fadeTo( &#8220;slow&#8221; , 0);<br \/>\n    }, function() {<br \/>\n        const $text=$($($(this).parent()).next());<br \/>\n        $text.hasClass(&#8216;inside-description&#8217;) &amp;&amp; $text.fadeTo( &#8220;slow&#8221; , 1);<br \/>\n    }<br \/>\n    );<br \/>\n    $(document).ready(function() {<br \/>\n        var vryb_autoplaying=false;<br \/>\n        var vryb_showingLightbox=false;<br \/>\n        const vryb_playPauseControllers=&#8221;#slider-vryb_-playpause, #slider-vryb_-lightbox-playpause&#8221;;<br \/>\n        $(&#8220;#slider-vryb_&#8221;).slick({<br \/>\n            slidesToShow: 1,<br \/>\n            slidesToScroll: 1,<br \/>\n            autoplay: vryb_autoplaying,<br \/>\n            swipeToSlide: false,<br \/>\n            centerMode: false,<br \/>\n            autoplaySpeed: 3000,<br \/>\n            focusOnSelect: true,<br \/>\n            prevArrow:<br \/>\n            &#8221;,<br \/>\n            nextArrow:<br \/>\n            &#8221;,<br \/>\n            centerPadding: &#8220;60px&#8221;,<br \/>\n            responsive: [<br \/>\n                {<br \/>\n                    breakpoint: 767.98,<br \/>\n                    settings: {<br \/>\n                        slidesToShow: 3,<br \/>\n                        adaptiveHeight: true<br \/>\n                    }<br \/>\n                }<br \/>\n            ]<br \/>\n        });<br \/>\n        $(&#8220;#slider-vryb_&#8221;).slickLightbox({<br \/>\n            src: &#8216;src&#8217;,<br \/>\n            itemSelector: &#8216;.galery-image .multimidia-wrapper img&#8217;,<br \/>\n            caption:&#8217;caption&#8217;<br \/>\n        });<br \/>\n    });<\/p>\n<p><i>Com informa\u00e7\u00f5es da assessoria de imprensa do TST.<\/i><br \/>\n<br \/><a href=\"https:\/\/www.tst.jus.br\/web\/guest\/noticias?p_p_id=89Dk&#038;p_p_lifecycle=0&#038;refererPlid=10730&#038;_89Dk_groupId=10157&#038;_89Dk_articleId=31090575\">Fonte<\/a><br \/>\n<br \/><\/p>\n","protected":false},"excerpt":{"rendered":"<p>O novo letreiro foi inaugurado nesta quarta-feira (31) Ministro Emmanoel Pereira e equipe 31\/08\/22 &#8211; O presidente do Tribunal Superior do Trabalho (TST), ministro Emmanoel Pereira, inaugurou oficialmente, nesta quarta-feira (31), o novo letreiro da fachada do edif\u00edcio-sede do Tribunal, que ganhou a frase \u2018O Tribunal da Justi\u00e7a Social\u2019. Segundo o ministro, a inten\u00e7\u00e3o \u00e9 [&hellip;]<\/p>\n","protected":false},"author":3063,"featured_media":0,"comment_status":"open","ping_status":"open","sticky":false,"template":"","format":"standard","meta":{"footnotes":""},"categories":[3,21],"tags":[33,216,9,12,217,215],"class_list":{"0":"post-11607","1":"post","2":"type-post","3":"status-publish","4":"format-standard","6":"category-trabalhista","7":"category-tst","8":"tag-calculos-trabalhistas","9":"tag-direito-trabalhista","10":"tag-pericia","11":"tag-perito","12":"tag-trabalho","13":"tag-tst"},"yoast_head":"<!-- This site is optimized with the Yoast SEO plugin v27.2 - https:\/\/yoast.com\/product\/yoast-seo-wordpress\/ -->\n<title>TST: Fachada do Tribunal&nbsp;recebe o lema &quot;Tribunal da Justi\u00e7a Social&quot; | Portal de Not\u00edcias<\/title>\n<meta name=\"robots\" content=\"index, follow, max-snippet:-1, max-image-preview:large, max-video-preview:-1\" \/>\n<link rel=\"canonical\" href=\"https:\/\/mhcalculos.com.br\/noticias\/area\/trabalhista\/tst-fachada-do-tribunal-recebe-o-lema-tribunal-da-justica-social.html\" \/>\n<meta property=\"og:locale\" content=\"pt_BR\" \/>\n<meta property=\"og:type\" content=\"article\" \/>\n<meta property=\"og:title\" content=\"TST: Fachada do Tribunal&nbsp;recebe o lema &quot;Tribunal da Justi\u00e7a Social&quot; | Portal de Not\u00edcias\" \/>\n<meta property=\"og:description\" content=\"O novo letreiro foi inaugurado nesta quarta-feira (31) Ministro Emmanoel Pereira e equipe 31\/08\/22 &#8211; O presidente do Tribunal Superior do Trabalho (TST), ministro Emmanoel Pereira, inaugurou oficialmente, nesta quarta-feira (31), o novo letreiro da fachada do edif\u00edcio-sede do Tribunal, que ganhou a frase \u2018O Tribunal da Justi\u00e7a Social\u2019. Segundo o ministro, a inten\u00e7\u00e3o \u00e9 [&hellip;]\" \/>\n<meta property=\"og:url\" content=\"https:\/\/mhcalculos.com.br\/noticias\/area\/trabalhista\/tst-fachada-do-tribunal-recebe-o-lema-tribunal-da-justica-social.html\" \/>\n<meta property=\"og:site_name\" content=\"Portal de Not\u00edcias\" \/>\n<meta property=\"article:published_time\" content=\"2022-08-31T23:15:00+00:00\" \/>\n<meta name=\"author\" content=\"Equipe MH\" \/>\n<meta name=\"twitter:card\" content=\"summary_large_image\" \/>\n<meta name=\"twitter:label1\" content=\"Escrito por\" \/>\n\t<meta name=\"twitter:data1\" content=\"Equipe MH\" \/>\n\t<meta name=\"twitter:label2\" content=\"Est. tempo de leitura\" \/>\n\t<meta name=\"twitter:data2\" content=\"1 minuto\" \/>\n<script type=\"application\/ld+json\" class=\"yoast-schema-graph\">{\"@context\":\"https:\/\/schema.org\",\"@graph\":[{\"@type\":\"Article\",\"@id\":\"https:\/\/mhcalculos.com.br\/noticias\/area\/trabalhista\/tst-fachada-do-tribunal-recebe-o-lema-tribunal-da-justica-social.html#article\",\"isPartOf\":{\"@id\":\"https:\/\/mhcalculos.com.br\/noticias\/area\/trabalhista\/tst-fachada-do-tribunal-recebe-o-lema-tribunal-da-justica-social.html\"},\"author\":{\"name\":\"Equipe MH\",\"@id\":\"https:\/\/mhcalculos.com.br\/noticias\/#\/schema\/person\/88d1c34bf72dc779ea14a5a6b8e0ae8d\"},\"headline\":\"TST: Fachada do Tribunal&nbsp;recebe o lema &quot;Tribunal da Justi\u00e7a Social&quot;\",\"datePublished\":\"2022-08-31T23:15:00+00:00\",\"mainEntityOfPage\":{\"@id\":\"https:\/\/mhcalculos.com.br\/noticias\/area\/trabalhista\/tst-fachada-do-tribunal-recebe-o-lema-tribunal-da-justica-social.html\"},\"wordCount\":245,\"commentCount\":0,\"keywords\":[\"c\u00e1lculos trabalhistas\",\"direito trabalhista\",\"per\u00edcia\",\"perito\",\"trabalho\",\"TST\"],\"articleSection\":[\"Direito Trabalhista\",\"TST\"],\"inLanguage\":\"pt-BR\",\"potentialAction\":[{\"@type\":\"CommentAction\",\"name\":\"Comment\",\"target\":[\"https:\/\/mhcalculos.com.br\/noticias\/area\/trabalhista\/tst-fachada-do-tribunal-recebe-o-lema-tribunal-da-justica-social.html#respond\"]}]},{\"@type\":\"WebPage\",\"@id\":\"https:\/\/mhcalculos.com.br\/noticias\/area\/trabalhista\/tst-fachada-do-tribunal-recebe-o-lema-tribunal-da-justica-social.html\",\"url\":\"https:\/\/mhcalculos.com.br\/noticias\/area\/trabalhista\/tst-fachada-do-tribunal-recebe-o-lema-tribunal-da-justica-social.html\",\"name\":\"TST: Fachada do Tribunal&nbsp;recebe o lema &quot;Tribunal da Justi\u00e7a Social&quot; | Portal de Not\u00edcias\",\"isPartOf\":{\"@id\":\"https:\/\/mhcalculos.com.br\/noticias\/#website\"},\"datePublished\":\"2022-08-31T23:15:00+00:00\",\"author\":{\"@id\":\"https:\/\/mhcalculos.com.br\/noticias\/#\/schema\/person\/88d1c34bf72dc779ea14a5a6b8e0ae8d\"},\"breadcrumb\":{\"@id\":\"https:\/\/mhcalculos.com.br\/noticias\/area\/trabalhista\/tst-fachada-do-tribunal-recebe-o-lema-tribunal-da-justica-social.html#breadcrumb\"},\"inLanguage\":\"pt-BR\",\"potentialAction\":[{\"@type\":\"ReadAction\",\"target\":[\"https:\/\/mhcalculos.com.br\/noticias\/area\/trabalhista\/tst-fachada-do-tribunal-recebe-o-lema-tribunal-da-justica-social.html\"]}]},{\"@type\":\"BreadcrumbList\",\"@id\":\"https:\/\/mhcalculos.com.br\/noticias\/area\/trabalhista\/tst-fachada-do-tribunal-recebe-o-lema-tribunal-da-justica-social.html#breadcrumb\",\"itemListElement\":[{\"@type\":\"ListItem\",\"position\":1,\"name\":\"In\u00edcio\",\"item\":\"https:\/\/mhcalculos.com.br\/noticias\/\"},{\"@type\":\"ListItem\",\"position\":2,\"name\":\"TST: Fachada do Tribunal&nbsp;recebe o lema &quot;Tribunal da Justi\u00e7a Social&quot;\"}]},{\"@type\":\"WebSite\",\"@id\":\"https:\/\/mhcalculos.com.br\/noticias\/#website\",\"url\":\"https:\/\/mhcalculos.com.br\/noticias\/\",\"name\":\"Portal de Not\u00edcias\",\"description\":\"Not\u00edcias e Jurisprud\u00eancia\",\"potentialAction\":[{\"@type\":\"SearchAction\",\"target\":{\"@type\":\"EntryPoint\",\"urlTemplate\":\"https:\/\/mhcalculos.com.br\/noticias\/?s={search_term_string}\"},\"query-input\":{\"@type\":\"PropertyValueSpecification\",\"valueRequired\":true,\"valueName\":\"search_term_string\"}}],\"inLanguage\":\"pt-BR\"},{\"@type\":\"Person\",\"@id\":\"https:\/\/mhcalculos.com.br\/noticias\/#\/schema\/person\/88d1c34bf72dc779ea14a5a6b8e0ae8d\",\"name\":\"Equipe MH\",\"image\":{\"@type\":\"ImageObject\",\"inLanguage\":\"pt-BR\",\"@id\":\"https:\/\/secure.gravatar.com\/avatar\/de1c686c2ecc9c5a3f327e3431d819eb39f8f05d4e1045f5a1caad6daaba987f?s=96&d=mm&r=g\",\"url\":\"https:\/\/secure.gravatar.com\/avatar\/de1c686c2ecc9c5a3f327e3431d819eb39f8f05d4e1045f5a1caad6daaba987f?s=96&d=mm&r=g\",\"contentUrl\":\"https:\/\/secure.gravatar.com\/avatar\/de1c686c2ecc9c5a3f327e3431d819eb39f8f05d4e1045f5a1caad6daaba987f?s=96&d=mm&r=g\",\"caption\":\"Equipe MH\"}}]}<\/script>\n<!-- \/ Yoast SEO plugin. -->","yoast_head_json":{"title":"TST: Fachada do Tribunal&nbsp;recebe o lema &quot;Tribunal da Justi\u00e7a Social&quot; | Portal de Not\u00edcias","robots":{"index":"index","follow":"follow","max-snippet":"max-snippet:-1","max-image-preview":"max-image-preview:large","max-video-preview":"max-video-preview:-1"},"canonical":"https:\/\/mhcalculos.com.br\/noticias\/area\/trabalhista\/tst-fachada-do-tribunal-recebe-o-lema-tribunal-da-justica-social.html","og_locale":"pt_BR","og_type":"article","og_title":"TST: Fachada do Tribunal&nbsp;recebe o lema &quot;Tribunal da Justi\u00e7a Social&quot; | Portal de Not\u00edcias","og_description":"O novo letreiro foi inaugurado nesta quarta-feira (31) Ministro Emmanoel Pereira e equipe 31\/08\/22 &#8211; O presidente do Tribunal Superior do Trabalho (TST), ministro Emmanoel Pereira, inaugurou oficialmente, nesta quarta-feira (31), o novo letreiro da fachada do edif\u00edcio-sede do Tribunal, que ganhou a frase \u2018O Tribunal da Justi\u00e7a Social\u2019. Segundo o ministro, a inten\u00e7\u00e3o \u00e9 [&hellip;]","og_url":"https:\/\/mhcalculos.com.br\/noticias\/area\/trabalhista\/tst-fachada-do-tribunal-recebe-o-lema-tribunal-da-justica-social.html","og_site_name":"Portal de Not\u00edcias","article_published_time":"2022-08-31T23:15:00+00:00","author":"Equipe MH","twitter_card":"summary_large_image","twitter_misc":{"Escrito por":"Equipe MH","Est. tempo de leitura":"1 minuto"},"schema":{"@context":"https:\/\/schema.org","@graph":[{"@type":"Article","@id":"https:\/\/mhcalculos.com.br\/noticias\/area\/trabalhista\/tst-fachada-do-tribunal-recebe-o-lema-tribunal-da-justica-social.html#article","isPartOf":{"@id":"https:\/\/mhcalculos.com.br\/noticias\/area\/trabalhista\/tst-fachada-do-tribunal-recebe-o-lema-tribunal-da-justica-social.html"},"author":{"name":"Equipe MH","@id":"https:\/\/mhcalculos.com.br\/noticias\/#\/schema\/person\/88d1c34bf72dc779ea14a5a6b8e0ae8d"},"headline":"TST: Fachada do Tribunal&nbsp;recebe o lema &quot;Tribunal da Justi\u00e7a Social&quot;","datePublished":"2022-08-31T23:15:00+00:00","mainEntityOfPage":{"@id":"https:\/\/mhcalculos.com.br\/noticias\/area\/trabalhista\/tst-fachada-do-tribunal-recebe-o-lema-tribunal-da-justica-social.html"},"wordCount":245,"commentCount":0,"keywords":["c\u00e1lculos trabalhistas","direito trabalhista","per\u00edcia","perito","trabalho","TST"],"articleSection":["Direito Trabalhista","TST"],"inLanguage":"pt-BR","potentialAction":[{"@type":"CommentAction","name":"Comment","target":["https:\/\/mhcalculos.com.br\/noticias\/area\/trabalhista\/tst-fachada-do-tribunal-recebe-o-lema-tribunal-da-justica-social.html#respond"]}]},{"@type":"WebPage","@id":"https:\/\/mhcalculos.com.br\/noticias\/area\/trabalhista\/tst-fachada-do-tribunal-recebe-o-lema-tribunal-da-justica-social.html","url":"https:\/\/mhcalculos.com.br\/noticias\/area\/trabalhista\/tst-fachada-do-tribunal-recebe-o-lema-tribunal-da-justica-social.html","name":"TST: Fachada do Tribunal&nbsp;recebe o lema &quot;Tribunal da Justi\u00e7a Social&quot; | Portal de Not\u00edcias","isPartOf":{"@id":"https:\/\/mhcalculos.com.br\/noticias\/#website"},"datePublished":"2022-08-31T23:15:00+00:00","author":{"@id":"https:\/\/mhcalculos.com.br\/noticias\/#\/schema\/person\/88d1c34bf72dc779ea14a5a6b8e0ae8d"},"breadcrumb":{"@id":"https:\/\/mhcalculos.com.br\/noticias\/area\/trabalhista\/tst-fachada-do-tribunal-recebe-o-lema-tribunal-da-justica-social.html#breadcrumb"},"inLanguage":"pt-BR","potentialAction":[{"@type":"ReadAction","target":["https:\/\/mhcalculos.com.br\/noticias\/area\/trabalhista\/tst-fachada-do-tribunal-recebe-o-lema-tribunal-da-justica-social.html"]}]},{"@type":"BreadcrumbList","@id":"https:\/\/mhcalculos.com.br\/noticias\/area\/trabalhista\/tst-fachada-do-tribunal-recebe-o-lema-tribunal-da-justica-social.html#breadcrumb","itemListElement":[{"@type":"ListItem","position":1,"name":"In\u00edcio","item":"https:\/\/mhcalculos.com.br\/noticias\/"},{"@type":"ListItem","position":2,"name":"TST: Fachada do Tribunal&nbsp;recebe o lema &quot;Tribunal da Justi\u00e7a Social&quot;"}]},{"@type":"WebSite","@id":"https:\/\/mhcalculos.com.br\/noticias\/#website","url":"https:\/\/mhcalculos.com.br\/noticias\/","name":"Portal de Not\u00edcias","description":"Not\u00edcias e Jurisprud\u00eancia","potentialAction":[{"@type":"SearchAction","target":{"@type":"EntryPoint","urlTemplate":"https:\/\/mhcalculos.com.br\/noticias\/?s={search_term_string}"},"query-input":{"@type":"PropertyValueSpecification","valueRequired":true,"valueName":"search_term_string"}}],"inLanguage":"pt-BR"},{"@type":"Person","@id":"https:\/\/mhcalculos.com.br\/noticias\/#\/schema\/person\/88d1c34bf72dc779ea14a5a6b8e0ae8d","name":"Equipe MH","image":{"@type":"ImageObject","inLanguage":"pt-BR","@id":"https:\/\/secure.gravatar.com\/avatar\/de1c686c2ecc9c5a3f327e3431d819eb39f8f05d4e1045f5a1caad6daaba987f?s=96&d=mm&r=g","url":"https:\/\/secure.gravatar.com\/avatar\/de1c686c2ecc9c5a3f327e3431d819eb39f8f05d4e1045f5a1caad6daaba987f?s=96&d=mm&r=g","contentUrl":"https:\/\/secure.gravatar.com\/avatar\/de1c686c2ecc9c5a3f327e3431d819eb39f8f05d4e1045f5a1caad6daaba987f?s=96&d=mm&r=g","caption":"Equipe MH"}}]}},"_links":{"self":[{"href":"https:\/\/mhcalculos.com.br\/noticias\/wp-json\/wp\/v2\/posts\/11607","targetHints":{"allow":["GET"]}}],"collection":[{"href":"https:\/\/mhcalculos.com.br\/noticias\/wp-json\/wp\/v2\/posts"}],"about":[{"href":"https:\/\/mhcalculos.com.br\/noticias\/wp-json\/wp\/v2\/types\/post"}],"author":[{"embeddable":true,"href":"https:\/\/mhcalculos.com.br\/noticias\/wp-json\/wp\/v2\/users\/3063"}],"replies":[{"embeddable":true,"href":"https:\/\/mhcalculos.com.br\/noticias\/wp-json\/wp\/v2\/comments?post=11607"}],"version-history":[{"count":0,"href":"https:\/\/mhcalculos.com.br\/noticias\/wp-json\/wp\/v2\/posts\/11607\/revisions"}],"wp:attachment":[{"href":"https:\/\/mhcalculos.com.br\/noticias\/wp-json\/wp\/v2\/media?parent=11607"}],"wp:term":[{"taxonomy":"category","embeddable":true,"href":"https:\/\/mhcalculos.com.br\/noticias\/wp-json\/wp\/v2\/categories?post=11607"},{"taxonomy":"post_tag","embeddable":true,"href":"https:\/\/mhcalculos.com.br\/noticias\/wp-json\/wp\/v2\/tags?post=11607"}],"curies":[{"name":"wp","href":"https:\/\/api.w.org\/{rel}","templated":true}]}}