{"id":11603,"date":"2022-08-30T15:17:00","date_gmt":"2022-08-30T18:17:00","guid":{"rendered":"https:\/\/mhcalculos.com.br\/noticias\/area\/trabalhista\/tst-associacao-e-condenada-por-nao-pagar-piso-salarial-nem-fornecer-cestas-basicas.html"},"modified":"2022-08-30T15:17:00","modified_gmt":"2022-08-30T18:17:00","slug":"tst-associacao-e-condenada-por-nao-pagar-piso-salarial-nem-fornecer-cestas-basicas","status":"publish","type":"post","link":"https:\/\/mhcalculos.com.br\/noticias\/area\/trabalhista\/tst-associacao-e-condenada-por-nao-pagar-piso-salarial-nem-fornecer-cestas-basicas.html","title":{"rendered":"TST: Associa\u00e7\u00e3o \u00e9 condenada por n\u00e3o pagar piso salarial nem fornecer cestas b\u00e1sicas"},"content":{"rendered":"<p><br \/>\n<\/p>\n<p><em><\/p>\n<p>O fato de a irregularidade ter sido corrigida n\u00e3o \u00e9 suficiente para afastar a condena\u00e7\u00e3o<\/p>\n<p><\/em><\/p>\n<p>        <a class=\"share-facebook\" href=\"https:\/\/www.facebook.com\/sharer.php?u=https:\/\/www.tst.jus.br\/-\/associa%C3%A7%C3%A3o-%C3%A9-condenada-por-n%C3%A3o-pagar-piso-salarial-nem-fornecer-cestas-b%C3%A1sicas\" target=\"_blank\" rel=\"noopener\"><\/a><br \/>\n        <a class=\"share-twitter\" href=\"http:\/\/twitter.com\/intent\/tweet?text=Associa\u00e7\u00e3o \u00e9 condenada por n\u00e3o pagar piso salarial nem fornecer cestas b\u00e1sicas%0AVeja%20mais%20em:&amp;url=https:\/\/www.tst.jus.br\/-\/associa%C3%A7%C3%A3o-%C3%A9-condenada-por-n%C3%A3o-pagar-piso-salarial-nem-fornecer-cestas-b%C3%A1sicas\" target=\"_blank\" rel=\"noopener\"><\/a><br \/>\n        <a class=\"share-linkedin\" href=\"https:\/\/www.linkedin.com\/shareArticle?mini=true&amp;url=https:\/\/www.tst.jus.br\/-\/associa%C3%A7%C3%A3o-%C3%A9-condenada-por-n%C3%A3o-pagar-piso-salarial-nem-fornecer-cestas-b%C3%A1sicas&amp;title=Associa\u00e7\u00e3o \u00e9 condenada por n\u00e3o pagar piso salarial nem fornecer cestas b\u00e1sicas\" target=\"_blank\" rel=\"noopener\"><\/a><br \/>\n        <a class=\"share-whatsapp\" href=\"https:\/\/web.whatsapp.com\/send?text=https:\/\/www.tst.jus.br\/-\/associa%C3%A7%C3%A3o-%C3%A9-condenada-por-n%C3%A3o-pagar-piso-salarial-nem-fornecer-cestas-b%C3%A1sicas\" target=\"_blank\" rel=\"noopener\"><\/a><br \/>\n        <a class=\"share-googleplus\" href=\"https:\/\/plus.google.com\/share?url=https:\/\/www.tst.jus.br\/-\/associa%C3%A7%C3%A3o-%C3%A9-condenada-por-n%C3%A3o-pagar-piso-salarial-nem-fornecer-cestas-b%C3%A1sicas\" target=\"_blank\" rel=\"noopener\"><\/a><\/p>\n<p>                <img decoding=\"async\" alt=\"Ministro Jos\u00e9 Roberto Pimenta\" data-src=\"\/documents\/10157\/2374827\/Jos%C3%A9+Roberto+Pimenta+2+%283%29.jpg\/a63439b9-d417-8ec8-b5be-2c283b850ce7?t=1661883619445\" src=\"data:image\/svg+xml;base64,PHN2ZyB3aWR0aD0iMSIgaGVpZ2h0PSIxIiB4bWxucz0iaHR0cDovL3d3dy53My5vcmcvMjAwMC9zdmciPjwvc3ZnPg==\" class=\"lazyload\" \/><\/p>\n<p>Ministro Jos\u00e9 Roberto Pimenta<\/p>\n<p>                    <a class=\"share-facebook\" href=\"https:\/\/www.facebook.com\/sharer.php?u=https:\/\/www.tst.jus.br\/-\/associa%C3%A7%C3%A3o-%C3%A9-condenada-por-n%C3%A3o-pagar-piso-salarial-nem-fornecer-cestas-b%C3%A1sicas\" target=\"_blank\" rel=\"noopener\"><\/a><br \/>\n                    <a class=\"share-twitter\" href=\"http:\/\/twitter.com\/intent\/tweet?text=Associa\u00e7\u00e3o \u00e9 condenada por n\u00e3o pagar piso salarial nem fornecer cestas b\u00e1sicas%0AVeja%20mais%20em:&amp;url=https:\/\/www.tst.jus.br\/-\/associa%C3%A7%C3%A3o-%C3%A9-condenada-por-n%C3%A3o-pagar-piso-salarial-nem-fornecer-cestas-b%C3%A1sicas\" target=\"_blank\" rel=\"noopener\"><\/a><br \/>\n                    <a class=\"share-linkedin\" href=\"https:\/\/www.linkedin.com\/shareArticle?mini=true&amp;url=https:\/\/www.tst.jus.br\/-\/associa%C3%A7%C3%A3o-%C3%A9-condenada-por-n%C3%A3o-pagar-piso-salarial-nem-fornecer-cestas-b%C3%A1sicas&amp;title=Associa\u00e7\u00e3o \u00e9 condenada por n\u00e3o pagar piso salarial nem fornecer cestas b\u00e1sicas\" target=\"_blank\" rel=\"noopener\"><\/a><br \/>\n                    <a class=\"share-whatsapp\" href=\"https:\/\/web.whatsapp.com\/send?text=https:\/\/www.tst.jus.br\/-\/associa%C3%A7%C3%A3o-%C3%A9-condenada-por-n%C3%A3o-pagar-piso-salarial-nem-fornecer-cestas-b%C3%A1sicas\" target=\"_blank\" rel=\"noopener\"><\/a><br \/>\n                    <a class=\"share-googleplus\" href=\"https:\/\/plus.google.com\/share?url=https:\/\/www.tst.jus.br\/-\/associa%C3%A7%C3%A3o-%C3%A9-condenada-por-n%C3%A3o-pagar-piso-salarial-nem-fornecer-cestas-b%C3%A1sicas\" target=\"_blank\" rel=\"noopener\"><\/a><\/p>\n<p>30\/08\/22 &#8211;&nbsp;A Terceira Turma do Tribunal Superior do Trabalho condenou a Associa\u00e7\u00e3o de Prote\u00e7\u00e3o e Assist\u00eancia \u00e0 Maternidade e \u00e0 Inf\u00e2ncia de Registro (Apamir), de Registro (SP), ao pagamento de R$ 50 mil de indeniza\u00e7\u00e3o por dano moral coletivo, em raz\u00e3o do desrespeito \u00e0 norma coletiva que previa o pagamento de piso salarial e fornecimento de cestas b\u00e1sicas. Para o colegiado, a repara\u00e7\u00e3o das irregularidades ap\u00f3s o ajuizamento de a\u00e7\u00e3o foi tardia e n\u00e3o afasta a les\u00e3o sofrida pela coletividade.<\/p>\n<h4>Bem estar social<\/h4>\n<p>A partir de den\u00fancia, o Minist\u00e9rio P\u00fablico do Trabalho (MPT) realizou dilig\u00eancias e entrevistou trabalhadores, concluindo que a Apamir, ao n\u00e3o cumprir com o pactuado em instrumento de negocia\u00e7\u00e3o coletiva, desrespeitava n\u00e3o s\u00f3 os direitos e as garantias de seus empregados a uma uma subsist\u00eancia digna, mas, tamb\u00e9m, a fun\u00e7\u00e3o social do sal\u00e1rio de alcan\u00e7ar o bem estar social. Essa atitude, segundo o MPT, acaba por prejudicar \u00e0 ordem econ\u00f4mica baseada na livre iniciativa e na livre concorr\u00eancia, pois a empresa que remunera seus empregados abaixo do piso m\u00ednimo da categoria tem um custo menor de m\u00e3o de obra em rela\u00e7\u00e3o \u00e0s concorrentes, o que, em \u00faltima an\u00e1lise, atinge o pre\u00e7o final de seus produtos ou servi\u00e7os.&nbsp;<\/p>\n<h4>Sonega\u00e7\u00e3o de direitos b\u00e1sicos<\/h4>\n<p>O ju\u00edzo de primeiro grau condenou a associa\u00e7\u00e3o por considerar que ela sonegava os direitos b\u00e1sicos de seus empregados e n\u00e3o demonstrava n\u00e3o ter o m\u00ednimo cuidado em zelar pela integridade moral desses trabalhadores. Para o ju\u00edzo, a Justi\u00e7a do Trabalho deve velar para que as responsabilidades sociais do empregador sejam ampliadas, de modo a prevenir, com a maior amplitude poss\u00edvel, a dignidade das pessoas envolvidas no contrato de trabalho.&nbsp;<\/p>\n<h4>Les\u00e3o \u00e0 coletividade<\/h4>\n<p>O Tribunal Regional do Trabalho da 15 Regi\u00e3o (Campinas), contudo, reformou a senten\u00e7a, levando em conta que a associa\u00e7\u00e3o, ap\u00f3s o ajuizamento da a\u00e7\u00e3o civil p\u00fablica, havia reparado as irregularidades. O TRT entendeu que n\u00e3o houve les\u00e3o \u00e0 coletividade pass\u00edvel de condena\u00e7\u00e3o ao pagamento de indeniza\u00e7\u00e3o por dano moral coletivo, uma vez que a repara\u00e7\u00e3o \u00e9 devida quando verificado, no cotidiano, viola\u00e7\u00e3o dos direitos fundamentais.<\/p>\n<h4>Condena\u00e7\u00e3o preventiva<\/h4>\n<p>O relator do recurso de revista, ministro Jos\u00e9 Roberto Pimenta, assinalou que o dano moral coletivo enseja muito mais uma condena\u00e7\u00e3o preventiva e inibit\u00f3ria do que propriamente uma tutela ressarcit\u00f3ria. As duas esferas, segundo ele, t\u00eam efeito exemplar, pois desencorajam outras entidades da pr\u00e1tica de conduta il\u00edcita.&nbsp;<\/p>\n<p>Para o relator, a associa\u00e7\u00e3o, ao descumprir as cl\u00e1usulas convencionais relativas ao piso salarial e ao fornecimento de cestas b\u00e1sicas, causou danos n\u00e3o apenas aos trabalhadores, mas tamb\u00e9m \u00e0 coletividade, o que acarreta a responsabiliza\u00e7\u00e3o. Por outro lado, o fato de as irregularidades terem sido corrigidas ap\u00f3s o ajuizamento da a\u00e7\u00e3o civil p\u00fablica n\u00e3o afasta os danos j\u00e1 experimentados pelos trabalhadores e pela coletividade.&nbsp;<\/p>\n<p>\u201cA resolu\u00e7\u00e3o do problema no \u00e2mbito do processo \u00e9 relevante na fixa\u00e7\u00e3o do valor da indeniza\u00e7\u00e3o, mas n\u00e3o \u00e9 fator excludente da condena\u00e7\u00e3o\u201d, afirmou o ministro. \u201cA postura, embora louv\u00e1vel, foi tardiamente tomada\u201d.<\/p>\n<p>O relator ressaltou que, apesar da instaura\u00e7\u00e3o de inqu\u00e9rito pelo MPT e a formaliza\u00e7\u00e3o de Termo de Ajuste de Conduta (TAC), a Apamir continuou desrespeitando as previs\u00f5es estipuladas nas normas coletivas e desconsiderou as solu\u00e7\u00f5es consensuais extrajudiciais.<\/p>\n<p>A decis\u00e3o foi un\u00e2nime.<\/p>\n<p>(NV\/CF)<\/p>\n<p>Processo:<a href=\"http:\/\/aplicacao4.tst.jus.br\/consultaProcessual\/consultaTstNumUnica.do?conscsjt=&amp;numeroTst=11376&amp;digitoTst=98&amp;anoTst=2018&amp;orgaoTst=5&amp;tribunalTst=15&amp;varaTst=0069&amp;consulta=Consultar\" target=\"_blank\" rel=\"noopener\"> RR-11376-98.2018.5.15.0069<\/a><\/p>\n<p><em>Esta mat\u00e9ria tem cunho meramente informativo.<br \/>\nPermitida a reprodu\u00e7\u00e3o mediante cita\u00e7\u00e3o da fonte.<br \/>\nSecretaria de Comunica\u00e7\u00e3o Social<br \/>\n<a href=\"http:\/\/www.tst.jus.br\" target=\"_blank\" rel=\"noopener\">Tribunal Superior do Trabalho<\/a><br \/>\nTel. (61) 3043-4907&nbsp;<br \/>\n<a href=\"mailto:secom@tst.jus.br\" target=\"\" rel=\"noopener\">secom@tst.jus.br<\/a><\/em><\/p>\n<p>    $(&#8216;#lightbox-ayjc_ .slider-gallery-wrapper img&#8217;).hover(<br \/>\n    function() {<br \/>\n        const $text=$($($(this).parent()).next());<br \/>\n        $text.hasClass(&#8216;inside-description&#8217;) &amp;&amp; $text.fadeTo( &#8220;slow&#8221; , 0);<br \/>\n    }, function() {<br \/>\n        const $text=$($($(this).parent()).next());<br \/>\n        $text.hasClass(&#8216;inside-description&#8217;) &amp;&amp; $text.fadeTo( &#8220;slow&#8221; , 1);<br \/>\n    }<br \/>\n    );<br \/>\n    $(document).ready(function() {<br \/>\n        var ayjc_autoplaying=false;<br \/>\n        var ayjc_showingLightbox=false;<br \/>\n        const ayjc_playPauseControllers=&#8221;#slider-ayjc_-playpause, #slider-ayjc_-lightbox-playpause&#8221;;<br \/>\n        $(&#8220;#slider-ayjc_&#8221;).slick({<br \/>\n            slidesToShow: 1,<br \/>\n            slidesToScroll: 1,<br \/>\n            autoplay: ayjc_autoplaying,<br \/>\n            swipeToSlide: false,<br \/>\n            centerMode: false,<br \/>\n            autoplaySpeed: 3000,<br \/>\n            focusOnSelect: true,<br \/>\n            prevArrow:<br \/>\n            &#8221;,<br \/>\n            nextArrow:<br \/>\n            &#8221;,<br \/>\n            centerPadding: &#8220;60px&#8221;,<br \/>\n            responsive: [<br \/>\n                {<br \/>\n                    breakpoint: 767.98,<br \/>\n                    settings: {<br \/>\n                        slidesToShow: 3,<br \/>\n                        adaptiveHeight: true<br \/>\n                    }<br \/>\n                }<br \/>\n            ]<br \/>\n        });<br \/>\n        $(&#8220;#slider-ayjc_&#8221;).slickLightbox({<br \/>\n            src: &#8216;src&#8217;,<br \/>\n            itemSelector: &#8216;.galery-image .multimidia-wrapper img&#8217;,<br \/>\n            caption:&#8217;caption&#8217;<br \/>\n        });<br \/>\n    });<br \/>\n<script async src=\"https:\/\/platform.twitter.com\/widgets.js\" charset=\"utf-8\"><\/script><br \/>\n<br \/><i>Com informa\u00e7\u00f5es da assessoria de imprensa do TST.<\/i><br \/>\n<br \/><a href=\"https:\/\/www.tst.jus.br\/web\/guest\/noticias?p_p_id=89Dk&#038;p_p_lifecycle=0&#038;refererPlid=10730&#038;_89Dk_groupId=10157&#038;_89Dk_articleId=31086605\">Fonte<\/a><br \/>\n<br \/><\/p>\n","protected":false},"excerpt":{"rendered":"<p>O fato de a irregularidade ter sido corrigida n\u00e3o \u00e9 suficiente para afastar a condena\u00e7\u00e3o Ministro Jos\u00e9 Roberto Pimenta 30\/08\/22 &#8211;&nbsp;A Terceira Turma do Tribunal Superior do Trabalho condenou a Associa\u00e7\u00e3o de Prote\u00e7\u00e3o e Assist\u00eancia \u00e0 Maternidade e \u00e0 Inf\u00e2ncia de Registro (Apamir), de Registro (SP), ao pagamento de R$ 50 mil de indeniza\u00e7\u00e3o por [&hellip;]<\/p>\n","protected":false},"author":3063,"featured_media":0,"comment_status":"open","ping_status":"open","sticky":false,"template":"","format":"standard","meta":{"footnotes":""},"categories":[3,21],"tags":[33,216,9,12,217,215],"class_list":{"0":"post-11603","1":"post","2":"type-post","3":"status-publish","4":"format-standard","6":"category-trabalhista","7":"category-tst","8":"tag-calculos-trabalhistas","9":"tag-direito-trabalhista","10":"tag-pericia","11":"tag-perito","12":"tag-trabalho","13":"tag-tst"},"yoast_head":"<!-- This site is optimized with the Yoast SEO plugin v27.2 - https:\/\/yoast.com\/product\/yoast-seo-wordpress\/ -->\n<title>TST: Associa\u00e7\u00e3o \u00e9 condenada por n\u00e3o pagar piso salarial nem fornecer cestas b\u00e1sicas | Portal de Not\u00edcias<\/title>\n<meta name=\"robots\" content=\"index, follow, max-snippet:-1, max-image-preview:large, max-video-preview:-1\" \/>\n<link rel=\"canonical\" href=\"https:\/\/mhcalculos.com.br\/noticias\/area\/trabalhista\/tst-associacao-e-condenada-por-nao-pagar-piso-salarial-nem-fornecer-cestas-basicas.html\" \/>\n<meta property=\"og:locale\" content=\"pt_BR\" \/>\n<meta property=\"og:type\" content=\"article\" \/>\n<meta property=\"og:title\" content=\"TST: Associa\u00e7\u00e3o \u00e9 condenada por n\u00e3o pagar piso salarial nem fornecer cestas b\u00e1sicas | Portal de Not\u00edcias\" \/>\n<meta property=\"og:description\" content=\"O fato de a irregularidade ter sido corrigida n\u00e3o \u00e9 suficiente para afastar a condena\u00e7\u00e3o Ministro Jos\u00e9 Roberto Pimenta 30\/08\/22 &#8211;&nbsp;A Terceira Turma do Tribunal Superior do Trabalho condenou a Associa\u00e7\u00e3o de Prote\u00e7\u00e3o e Assist\u00eancia \u00e0 Maternidade e \u00e0 Inf\u00e2ncia de Registro (Apamir), de Registro (SP), ao pagamento de R$ 50 mil de indeniza\u00e7\u00e3o por [&hellip;]\" \/>\n<meta property=\"og:url\" content=\"https:\/\/mhcalculos.com.br\/noticias\/area\/trabalhista\/tst-associacao-e-condenada-por-nao-pagar-piso-salarial-nem-fornecer-cestas-basicas.html\" \/>\n<meta property=\"og:site_name\" content=\"Portal de Not\u00edcias\" \/>\n<meta property=\"article:published_time\" content=\"2022-08-30T18:17:00+00:00\" \/>\n<meta name=\"author\" content=\"Equipe MH\" \/>\n<meta name=\"twitter:card\" content=\"summary_large_image\" \/>\n<meta name=\"twitter:label1\" content=\"Escrito por\" \/>\n\t<meta name=\"twitter:data1\" content=\"Equipe MH\" \/>\n\t<meta name=\"twitter:label2\" content=\"Est. tempo de leitura\" \/>\n\t<meta name=\"twitter:data2\" content=\"4 minutos\" \/>\n<script type=\"application\/ld+json\" class=\"yoast-schema-graph\">{\"@context\":\"https:\/\/schema.org\",\"@graph\":[{\"@type\":\"Article\",\"@id\":\"https:\/\/mhcalculos.com.br\/noticias\/area\/trabalhista\/tst-associacao-e-condenada-por-nao-pagar-piso-salarial-nem-fornecer-cestas-basicas.html#article\",\"isPartOf\":{\"@id\":\"https:\/\/mhcalculos.com.br\/noticias\/area\/trabalhista\/tst-associacao-e-condenada-por-nao-pagar-piso-salarial-nem-fornecer-cestas-basicas.html\"},\"author\":{\"name\":\"Equipe MH\",\"@id\":\"https:\/\/mhcalculos.com.br\/noticias\/#\/schema\/person\/88d1c34bf72dc779ea14a5a6b8e0ae8d\"},\"headline\":\"TST: Associa\u00e7\u00e3o \u00e9 condenada por n\u00e3o pagar piso salarial nem fornecer cestas b\u00e1sicas\",\"datePublished\":\"2022-08-30T18:17:00+00:00\",\"mainEntityOfPage\":{\"@id\":\"https:\/\/mhcalculos.com.br\/noticias\/area\/trabalhista\/tst-associacao-e-condenada-por-nao-pagar-piso-salarial-nem-fornecer-cestas-basicas.html\"},\"wordCount\":777,\"commentCount\":0,\"keywords\":[\"c\u00e1lculos trabalhistas\",\"direito trabalhista\",\"per\u00edcia\",\"perito\",\"trabalho\",\"TST\"],\"articleSection\":[\"Direito Trabalhista\",\"TST\"],\"inLanguage\":\"pt-BR\",\"potentialAction\":[{\"@type\":\"CommentAction\",\"name\":\"Comment\",\"target\":[\"https:\/\/mhcalculos.com.br\/noticias\/area\/trabalhista\/tst-associacao-e-condenada-por-nao-pagar-piso-salarial-nem-fornecer-cestas-basicas.html#respond\"]}]},{\"@type\":\"WebPage\",\"@id\":\"https:\/\/mhcalculos.com.br\/noticias\/area\/trabalhista\/tst-associacao-e-condenada-por-nao-pagar-piso-salarial-nem-fornecer-cestas-basicas.html\",\"url\":\"https:\/\/mhcalculos.com.br\/noticias\/area\/trabalhista\/tst-associacao-e-condenada-por-nao-pagar-piso-salarial-nem-fornecer-cestas-basicas.html\",\"name\":\"TST: Associa\u00e7\u00e3o \u00e9 condenada por n\u00e3o pagar piso salarial nem fornecer cestas b\u00e1sicas | Portal de Not\u00edcias\",\"isPartOf\":{\"@id\":\"https:\/\/mhcalculos.com.br\/noticias\/#website\"},\"datePublished\":\"2022-08-30T18:17:00+00:00\",\"author\":{\"@id\":\"https:\/\/mhcalculos.com.br\/noticias\/#\/schema\/person\/88d1c34bf72dc779ea14a5a6b8e0ae8d\"},\"breadcrumb\":{\"@id\":\"https:\/\/mhcalculos.com.br\/noticias\/area\/trabalhista\/tst-associacao-e-condenada-por-nao-pagar-piso-salarial-nem-fornecer-cestas-basicas.html#breadcrumb\"},\"inLanguage\":\"pt-BR\",\"potentialAction\":[{\"@type\":\"ReadAction\",\"target\":[\"https:\/\/mhcalculos.com.br\/noticias\/area\/trabalhista\/tst-associacao-e-condenada-por-nao-pagar-piso-salarial-nem-fornecer-cestas-basicas.html\"]}]},{\"@type\":\"BreadcrumbList\",\"@id\":\"https:\/\/mhcalculos.com.br\/noticias\/area\/trabalhista\/tst-associacao-e-condenada-por-nao-pagar-piso-salarial-nem-fornecer-cestas-basicas.html#breadcrumb\",\"itemListElement\":[{\"@type\":\"ListItem\",\"position\":1,\"name\":\"In\u00edcio\",\"item\":\"https:\/\/mhcalculos.com.br\/noticias\/\"},{\"@type\":\"ListItem\",\"position\":2,\"name\":\"TST: Associa\u00e7\u00e3o \u00e9 condenada por n\u00e3o pagar piso salarial nem fornecer cestas b\u00e1sicas\"}]},{\"@type\":\"WebSite\",\"@id\":\"https:\/\/mhcalculos.com.br\/noticias\/#website\",\"url\":\"https:\/\/mhcalculos.com.br\/noticias\/\",\"name\":\"Portal de Not\u00edcias\",\"description\":\"Not\u00edcias e Jurisprud\u00eancia\",\"potentialAction\":[{\"@type\":\"SearchAction\",\"target\":{\"@type\":\"EntryPoint\",\"urlTemplate\":\"https:\/\/mhcalculos.com.br\/noticias\/?s={search_term_string}\"},\"query-input\":{\"@type\":\"PropertyValueSpecification\",\"valueRequired\":true,\"valueName\":\"search_term_string\"}}],\"inLanguage\":\"pt-BR\"},{\"@type\":\"Person\",\"@id\":\"https:\/\/mhcalculos.com.br\/noticias\/#\/schema\/person\/88d1c34bf72dc779ea14a5a6b8e0ae8d\",\"name\":\"Equipe MH\",\"image\":{\"@type\":\"ImageObject\",\"inLanguage\":\"pt-BR\",\"@id\":\"https:\/\/secure.gravatar.com\/avatar\/de1c686c2ecc9c5a3f327e3431d819eb39f8f05d4e1045f5a1caad6daaba987f?s=96&d=mm&r=g\",\"url\":\"https:\/\/secure.gravatar.com\/avatar\/de1c686c2ecc9c5a3f327e3431d819eb39f8f05d4e1045f5a1caad6daaba987f?s=96&d=mm&r=g\",\"contentUrl\":\"https:\/\/secure.gravatar.com\/avatar\/de1c686c2ecc9c5a3f327e3431d819eb39f8f05d4e1045f5a1caad6daaba987f?s=96&d=mm&r=g\",\"caption\":\"Equipe MH\"}}]}<\/script>\n<!-- \/ Yoast SEO plugin. -->","yoast_head_json":{"title":"TST: Associa\u00e7\u00e3o \u00e9 condenada por n\u00e3o pagar piso salarial nem fornecer cestas b\u00e1sicas | Portal de Not\u00edcias","robots":{"index":"index","follow":"follow","max-snippet":"max-snippet:-1","max-image-preview":"max-image-preview:large","max-video-preview":"max-video-preview:-1"},"canonical":"https:\/\/mhcalculos.com.br\/noticias\/area\/trabalhista\/tst-associacao-e-condenada-por-nao-pagar-piso-salarial-nem-fornecer-cestas-basicas.html","og_locale":"pt_BR","og_type":"article","og_title":"TST: Associa\u00e7\u00e3o \u00e9 condenada por n\u00e3o pagar piso salarial nem fornecer cestas b\u00e1sicas | Portal de Not\u00edcias","og_description":"O fato de a irregularidade ter sido corrigida n\u00e3o \u00e9 suficiente para afastar a condena\u00e7\u00e3o Ministro Jos\u00e9 Roberto Pimenta 30\/08\/22 &#8211;&nbsp;A Terceira Turma do Tribunal Superior do Trabalho condenou a Associa\u00e7\u00e3o de Prote\u00e7\u00e3o e Assist\u00eancia \u00e0 Maternidade e \u00e0 Inf\u00e2ncia de Registro (Apamir), de Registro (SP), ao pagamento de R$ 50 mil de indeniza\u00e7\u00e3o por [&hellip;]","og_url":"https:\/\/mhcalculos.com.br\/noticias\/area\/trabalhista\/tst-associacao-e-condenada-por-nao-pagar-piso-salarial-nem-fornecer-cestas-basicas.html","og_site_name":"Portal de Not\u00edcias","article_published_time":"2022-08-30T18:17:00+00:00","author":"Equipe MH","twitter_card":"summary_large_image","twitter_misc":{"Escrito por":"Equipe MH","Est. tempo de leitura":"4 minutos"},"schema":{"@context":"https:\/\/schema.org","@graph":[{"@type":"Article","@id":"https:\/\/mhcalculos.com.br\/noticias\/area\/trabalhista\/tst-associacao-e-condenada-por-nao-pagar-piso-salarial-nem-fornecer-cestas-basicas.html#article","isPartOf":{"@id":"https:\/\/mhcalculos.com.br\/noticias\/area\/trabalhista\/tst-associacao-e-condenada-por-nao-pagar-piso-salarial-nem-fornecer-cestas-basicas.html"},"author":{"name":"Equipe MH","@id":"https:\/\/mhcalculos.com.br\/noticias\/#\/schema\/person\/88d1c34bf72dc779ea14a5a6b8e0ae8d"},"headline":"TST: Associa\u00e7\u00e3o \u00e9 condenada por n\u00e3o pagar piso salarial nem fornecer cestas b\u00e1sicas","datePublished":"2022-08-30T18:17:00+00:00","mainEntityOfPage":{"@id":"https:\/\/mhcalculos.com.br\/noticias\/area\/trabalhista\/tst-associacao-e-condenada-por-nao-pagar-piso-salarial-nem-fornecer-cestas-basicas.html"},"wordCount":777,"commentCount":0,"keywords":["c\u00e1lculos trabalhistas","direito trabalhista","per\u00edcia","perito","trabalho","TST"],"articleSection":["Direito Trabalhista","TST"],"inLanguage":"pt-BR","potentialAction":[{"@type":"CommentAction","name":"Comment","target":["https:\/\/mhcalculos.com.br\/noticias\/area\/trabalhista\/tst-associacao-e-condenada-por-nao-pagar-piso-salarial-nem-fornecer-cestas-basicas.html#respond"]}]},{"@type":"WebPage","@id":"https:\/\/mhcalculos.com.br\/noticias\/area\/trabalhista\/tst-associacao-e-condenada-por-nao-pagar-piso-salarial-nem-fornecer-cestas-basicas.html","url":"https:\/\/mhcalculos.com.br\/noticias\/area\/trabalhista\/tst-associacao-e-condenada-por-nao-pagar-piso-salarial-nem-fornecer-cestas-basicas.html","name":"TST: Associa\u00e7\u00e3o \u00e9 condenada por n\u00e3o pagar piso salarial nem fornecer cestas b\u00e1sicas | Portal de Not\u00edcias","isPartOf":{"@id":"https:\/\/mhcalculos.com.br\/noticias\/#website"},"datePublished":"2022-08-30T18:17:00+00:00","author":{"@id":"https:\/\/mhcalculos.com.br\/noticias\/#\/schema\/person\/88d1c34bf72dc779ea14a5a6b8e0ae8d"},"breadcrumb":{"@id":"https:\/\/mhcalculos.com.br\/noticias\/area\/trabalhista\/tst-associacao-e-condenada-por-nao-pagar-piso-salarial-nem-fornecer-cestas-basicas.html#breadcrumb"},"inLanguage":"pt-BR","potentialAction":[{"@type":"ReadAction","target":["https:\/\/mhcalculos.com.br\/noticias\/area\/trabalhista\/tst-associacao-e-condenada-por-nao-pagar-piso-salarial-nem-fornecer-cestas-basicas.html"]}]},{"@type":"BreadcrumbList","@id":"https:\/\/mhcalculos.com.br\/noticias\/area\/trabalhista\/tst-associacao-e-condenada-por-nao-pagar-piso-salarial-nem-fornecer-cestas-basicas.html#breadcrumb","itemListElement":[{"@type":"ListItem","position":1,"name":"In\u00edcio","item":"https:\/\/mhcalculos.com.br\/noticias\/"},{"@type":"ListItem","position":2,"name":"TST: Associa\u00e7\u00e3o \u00e9 condenada por n\u00e3o pagar piso salarial nem fornecer cestas b\u00e1sicas"}]},{"@type":"WebSite","@id":"https:\/\/mhcalculos.com.br\/noticias\/#website","url":"https:\/\/mhcalculos.com.br\/noticias\/","name":"Portal de Not\u00edcias","description":"Not\u00edcias e Jurisprud\u00eancia","potentialAction":[{"@type":"SearchAction","target":{"@type":"EntryPoint","urlTemplate":"https:\/\/mhcalculos.com.br\/noticias\/?s={search_term_string}"},"query-input":{"@type":"PropertyValueSpecification","valueRequired":true,"valueName":"search_term_string"}}],"inLanguage":"pt-BR"},{"@type":"Person","@id":"https:\/\/mhcalculos.com.br\/noticias\/#\/schema\/person\/88d1c34bf72dc779ea14a5a6b8e0ae8d","name":"Equipe MH","image":{"@type":"ImageObject","inLanguage":"pt-BR","@id":"https:\/\/secure.gravatar.com\/avatar\/de1c686c2ecc9c5a3f327e3431d819eb39f8f05d4e1045f5a1caad6daaba987f?s=96&d=mm&r=g","url":"https:\/\/secure.gravatar.com\/avatar\/de1c686c2ecc9c5a3f327e3431d819eb39f8f05d4e1045f5a1caad6daaba987f?s=96&d=mm&r=g","contentUrl":"https:\/\/secure.gravatar.com\/avatar\/de1c686c2ecc9c5a3f327e3431d819eb39f8f05d4e1045f5a1caad6daaba987f?s=96&d=mm&r=g","caption":"Equipe MH"}}]}},"_links":{"self":[{"href":"https:\/\/mhcalculos.com.br\/noticias\/wp-json\/wp\/v2\/posts\/11603","targetHints":{"allow":["GET"]}}],"collection":[{"href":"https:\/\/mhcalculos.com.br\/noticias\/wp-json\/wp\/v2\/posts"}],"about":[{"href":"https:\/\/mhcalculos.com.br\/noticias\/wp-json\/wp\/v2\/types\/post"}],"author":[{"embeddable":true,"href":"https:\/\/mhcalculos.com.br\/noticias\/wp-json\/wp\/v2\/users\/3063"}],"replies":[{"embeddable":true,"href":"https:\/\/mhcalculos.com.br\/noticias\/wp-json\/wp\/v2\/comments?post=11603"}],"version-history":[{"count":0,"href":"https:\/\/mhcalculos.com.br\/noticias\/wp-json\/wp\/v2\/posts\/11603\/revisions"}],"wp:attachment":[{"href":"https:\/\/mhcalculos.com.br\/noticias\/wp-json\/wp\/v2\/media?parent=11603"}],"wp:term":[{"taxonomy":"category","embeddable":true,"href":"https:\/\/mhcalculos.com.br\/noticias\/wp-json\/wp\/v2\/categories?post=11603"},{"taxonomy":"post_tag","embeddable":true,"href":"https:\/\/mhcalculos.com.br\/noticias\/wp-json\/wp\/v2\/tags?post=11603"}],"curies":[{"name":"wp","href":"https:\/\/api.w.org\/{rel}","templated":true}]}}