{"id":11567,"date":"2022-08-16T21:18:00","date_gmt":"2022-08-17T00:18:00","guid":{"rendered":"https:\/\/mhcalculos.com.br\/noticias\/area\/trabalhista\/tst-presidente-do-tribunal-participa-de-posse-da-nova-direcao-do-tse.html"},"modified":"2022-08-16T21:18:00","modified_gmt":"2022-08-17T00:18:00","slug":"tst-presidente-do-tribunal-participa-de-posse-da-nova-direcao-do-tse","status":"publish","type":"post","link":"https:\/\/mhcalculos.com.br\/noticias\/area\/trabalhista\/tst-presidente-do-tribunal-participa-de-posse-da-nova-direcao-do-tse.html","title":{"rendered":"TST: Presidente do Tribunal&nbsp;participa de posse da nova dire\u00e7\u00e3o do TSE"},"content":{"rendered":"<p><br \/>\n<\/p>\n<p><em><\/p>\n<p>Ministro Emmanoel Pereira acompanhou a cerim\u00f4nia nesta ter\u00e7a-feira (16)<\/p>\n<p><\/em><\/p>\n<p>        <a class=\"share-facebook\" href=\"https:\/\/www.facebook.com\/sharer.php?u=https:\/\/www.tst.jus.br\/-\/presidente-do-tst-participa-de-posse-da-nova-dire%C3%A7%C3%A3o-do-tse-1\" target=\"_blank\" rel=\"noopener\"><\/a><br \/>\n        <a class=\"share-twitter\" href=\"http:\/\/twitter.com\/intent\/tweet?text=Presidente do TST participa de posse da nova dire\u00e7\u00e3o do TSE%0AVeja%20mais%20em:&amp;url=https:\/\/www.tst.jus.br\/-\/presidente-do-tst-participa-de-posse-da-nova-dire%C3%A7%C3%A3o-do-tse-1\" target=\"_blank\" rel=\"noopener\"><\/a><br \/>\n        <a class=\"share-linkedin\" href=\"https:\/\/www.linkedin.com\/shareArticle?mini=true&amp;url=https:\/\/www.tst.jus.br\/-\/presidente-do-tst-participa-de-posse-da-nova-dire%C3%A7%C3%A3o-do-tse-1&amp;title=Presidente do TST participa de posse da nova dire\u00e7\u00e3o do TSE\" target=\"_blank\" rel=\"noopener\"><\/a><br \/>\n        <a class=\"share-whatsapp\" href=\"https:\/\/web.whatsapp.com\/send?text=https:\/\/www.tst.jus.br\/-\/presidente-do-tst-participa-de-posse-da-nova-dire%C3%A7%C3%A3o-do-tse-1\" target=\"_blank\" rel=\"noopener\"><\/a><br \/>\n        <a class=\"share-googleplus\" href=\"https:\/\/plus.google.com\/share?url=https:\/\/www.tst.jus.br\/-\/presidente-do-tst-participa-de-posse-da-nova-dire%C3%A7%C3%A3o-do-tse-1\" target=\"_blank\" rel=\"noopener\"><\/a><\/p>\n<p>                <\/p>\n<p>Posse da nova dire\u00e7\u00e3o do Tribunal Superior Eleitoral. Foto: Secom\/TSE<\/p>\n<p>                    <a class=\"share-facebook\" href=\"https:\/\/www.facebook.com\/sharer.php?u=https:\/\/www.tst.jus.br\/-\/presidente-do-tst-participa-de-posse-da-nova-dire%C3%A7%C3%A3o-do-tse-1\" target=\"_blank\" rel=\"noopener\"><\/a><br \/>\n                    <a class=\"share-twitter\" href=\"http:\/\/twitter.com\/intent\/tweet?text=Presidente do TST participa de posse da nova dire\u00e7\u00e3o do TSE%0AVeja%20mais%20em:&amp;url=https:\/\/www.tst.jus.br\/-\/presidente-do-tst-participa-de-posse-da-nova-dire%C3%A7%C3%A3o-do-tse-1\" target=\"_blank\" rel=\"noopener\"><\/a><br \/>\n                    <a class=\"share-linkedin\" href=\"https:\/\/www.linkedin.com\/shareArticle?mini=true&amp;url=https:\/\/www.tst.jus.br\/-\/presidente-do-tst-participa-de-posse-da-nova-dire%C3%A7%C3%A3o-do-tse-1&amp;title=Presidente do TST participa de posse da nova dire\u00e7\u00e3o do TSE\" target=\"_blank\" rel=\"noopener\"><\/a><br \/>\n                    <a class=\"share-whatsapp\" href=\"https:\/\/web.whatsapp.com\/send?text=https:\/\/www.tst.jus.br\/-\/presidente-do-tst-participa-de-posse-da-nova-dire%C3%A7%C3%A3o-do-tse-1\" target=\"_blank\" rel=\"noopener\"><\/a><br \/>\n                    <a class=\"share-googleplus\" href=\"https:\/\/plus.google.com\/share?url=https:\/\/www.tst.jus.br\/-\/presidente-do-tst-participa-de-posse-da-nova-dire%C3%A7%C3%A3o-do-tse-1\" target=\"_blank\" rel=\"noopener\"><\/a><\/p>\n<p>16\/08\/22 &#8211; O presidente do Tribunal Superior do Trabalho (TST), Emmanoel Pereira, acompanhou, nesta ter\u00e7a-feira (16), a posse dos novos dirigentes do Tribunal Superior Eleitoral (TSE). Foram empossados os ministros Alexandre de Moraes, como presidente, e Ricardo Lewandowski, como vice-presidente. Eles estar\u00e3o \u00e0 frente da organiza\u00e7\u00e3o das elei\u00e7\u00f5es majorit\u00e1rias brasileiras deste ano.&nbsp;<\/p>\n<h4>Defesa do sistema eleitoral<\/h4>\n<p>Ao ser empossado, o ministro Alexandre de Moraes, defendeu a agilidade e a confian\u00e7a no sistema eleitoral brasileiro e nas urnas eletr\u00f4nicas. &nbsp;\u201cSomos uma das maiores democracias do mundo em voto popular. Mas somos a \u00fanica que apura e divulga os resultados eleitorais no mesmo dia, com agilidade, seguran\u00e7a, compet\u00eancia e transpar\u00eancia. Isso \u00e9 motivo de orgulho nacional\u201d, afirmou.&nbsp;<\/p>\n<h4>Democracia como constru\u00e7\u00e3o coletiva<\/h4>\n<p>Para o novo presidente do TSE, a democracia \u201cn\u00e3o \u00e9 um caminho f\u00e1cil, exato ou previs\u00edvel, mas \u00e9 o \u00fanico caminho&#8221;. A democracia, segundo Alexandre de Moraes, \u00e9 uma constru\u00e7\u00e3o coletiva das pessoas que acreditam na liberdade, na paz, no desenvolvimento, na dignidade da pessoa humana, no pleno emprego, no fim da fome, na redu\u00e7\u00e3o das desigualdades, na preval\u00eancia da educa\u00e7\u00e3o e na garantia de sa\u00fade a toda sociedade brasileira e de todos os que acreditam na soberania popular. \u201cE mais do que isso, de todos os que acreditam e confiam na sabedoria popular. Viva a democracia!\u201d, concluiu.<\/p>\n<h4>Avalista da soberania<\/h4>\n<p>Presente \u00e0 cerim\u00f4nia, o presidente do TST parabenizou os integrantes da nova dire\u00e7\u00e3o da Corte eleitoral. \u201cO Tribunal Superior Eleitoral garantir\u00e1 a legitimidade, a lisura e a normalidade do pleito com dois juristas experientes, que conhecem a Justi\u00e7a brasileira e a import\u00e2ncia dos cargos que assumem\u201d, afirmou o ministro Emmanoel Pereira.&nbsp;<\/p>\n<p>\u201cCom a posse de hoje ganha a institui\u00e7\u00e3o, que representa a democracia e \u00e9 a guardi\u00e3 da autenticidade das elei\u00e7\u00f5es e avalista da soberania popular, da igualdade e da liberdade como garantia do exerc\u00edcio da cidadania\u201d, finalizou.<\/p>\n<p>Tamb\u00e9m participaram da cerim\u00f4nia o presidente da Rep\u00fablica, Jair Bolsonaro, os presidentes do Supremo Tribunal Federal (STF), ministro Luiz Fux, da C\u00e2mara dos Deputados, Arthur Lira, e do Senado Federal, Rodrigo Pacheco. O procurador-geral da Rep\u00fablica, Augusto Aras e o presidente do Conselho Federal da Ordem dos Advogados do Brasil, Beto Simonetti, tamb\u00e9m estavam presentes, entre outras autoridades.<\/p>\n<p>(JS\/TG\/CF)<\/p>\n<p>\n&nbsp;<\/p>\n<p>    $(&#8216;#lightbox-ofmq_ .slider-gallery-wrapper img&#8217;).hover(<br \/>\n    function() {<br \/>\n        const $text=$($($(this).parent()).next());<br \/>\n        $text.hasClass(&#8216;inside-description&#8217;) &amp;&amp; $text.fadeTo( &#8220;slow&#8221; , 0);<br \/>\n    }, function() {<br \/>\n        const $text=$($($(this).parent()).next());<br \/>\n        $text.hasClass(&#8216;inside-description&#8217;) &amp;&amp; $text.fadeTo( &#8220;slow&#8221; , 1);<br \/>\n    }<br \/>\n    );<br \/>\n    $(document).ready(function() {<br \/>\n        var ofmq_autoplaying=false;<br \/>\n        var ofmq_showingLightbox=false;<br \/>\n        const ofmq_playPauseControllers=&#8221;#slider-ofmq_-playpause, #slider-ofmq_-lightbox-playpause&#8221;;<br \/>\n        $(&#8220;#slider-ofmq_&#8221;).slick({<br \/>\n            slidesToShow: 1,<br \/>\n            slidesToScroll: 1,<br \/>\n            autoplay: ofmq_autoplaying,<br \/>\n            swipeToSlide: false,<br \/>\n            centerMode: false,<br \/>\n            autoplaySpeed: 3000,<br \/>\n            focusOnSelect: true,<br \/>\n            prevArrow:<br \/>\n            &#8221;,<br \/>\n            nextArrow:<br \/>\n            &#8221;,<br \/>\n            centerPadding: &#8220;60px&#8221;,<br \/>\n            responsive: [<br \/>\n                {<br \/>\n                    breakpoint: 767.98,<br \/>\n                    settings: {<br \/>\n                        slidesToShow: 3,<br \/>\n                        adaptiveHeight: true<br \/>\n                    }<br \/>\n                }<br \/>\n            ]<br \/>\n        });<br \/>\n        $(&#8220;#slider-ofmq_&#8221;).slickLightbox({<br \/>\n            src: &#8216;src&#8217;,<br \/>\n            itemSelector: &#8216;.galery-image .multimidia-wrapper img&#8217;,<br \/>\n            caption:&#8217;caption&#8217;<br \/>\n        });<br \/>\n    });<br \/>\n<script async src=\"https:\/\/platform.twitter.com\/widgets.js\" charset=\"utf-8\"><\/script><br \/>\n<br \/><i>Com informa\u00e7\u00f5es da assessoria de imprensa do TST.<\/i><br \/>\n<br \/><a href=\"https:\/\/www.tst.jus.br\/web\/guest\/noticias?p_p_id=89Dk&#038;p_p_lifecycle=0&#038;refererPlid=10730&#038;_89Dk_groupId=10157&#038;_89Dk_articleId=31049589\">Fonte<\/a><br \/>\n<br \/><\/p>\n","protected":false},"excerpt":{"rendered":"<p>Ministro Emmanoel Pereira acompanhou a cerim\u00f4nia nesta ter\u00e7a-feira (16) Posse da nova dire\u00e7\u00e3o do Tribunal Superior Eleitoral. Foto: Secom\/TSE 16\/08\/22 &#8211; O presidente do Tribunal Superior do Trabalho (TST), Emmanoel Pereira, acompanhou, nesta ter\u00e7a-feira (16), a posse dos novos dirigentes do Tribunal Superior Eleitoral (TSE). Foram empossados os ministros Alexandre de Moraes, como presidente, e [&hellip;]<\/p>\n","protected":false},"author":3063,"featured_media":11568,"comment_status":"open","ping_status":"open","sticky":false,"template":"","format":"standard","meta":{"footnotes":""},"categories":[3,21],"tags":[33,216,9,12,217,215],"class_list":{"0":"post-11567","1":"post","2":"type-post","3":"status-publish","4":"format-standard","5":"has-post-thumbnail","7":"category-trabalhista","8":"category-tst","9":"tag-calculos-trabalhistas","10":"tag-direito-trabalhista","11":"tag-pericia","12":"tag-perito","13":"tag-trabalho","14":"tag-tst"},"yoast_head":"<!-- This site is optimized with the Yoast SEO plugin v27.2 - https:\/\/yoast.com\/product\/yoast-seo-wordpress\/ -->\n<title>TST: Presidente do Tribunal&nbsp;participa de posse da nova dire\u00e7\u00e3o do TSE | Portal de Not\u00edcias<\/title>\n<meta name=\"robots\" content=\"index, follow, max-snippet:-1, max-image-preview:large, max-video-preview:-1\" \/>\n<link rel=\"canonical\" href=\"https:\/\/mhcalculos.com.br\/noticias\/area\/trabalhista\/tst-presidente-do-tribunal-participa-de-posse-da-nova-direcao-do-tse.html\" \/>\n<meta property=\"og:locale\" content=\"pt_BR\" \/>\n<meta property=\"og:type\" content=\"article\" \/>\n<meta property=\"og:title\" content=\"TST: Presidente do Tribunal&nbsp;participa de posse da nova dire\u00e7\u00e3o do TSE | Portal de Not\u00edcias\" \/>\n<meta property=\"og:description\" content=\"Ministro Emmanoel Pereira acompanhou a cerim\u00f4nia nesta ter\u00e7a-feira (16) Posse da nova dire\u00e7\u00e3o do Tribunal Superior Eleitoral. Foto: Secom\/TSE 16\/08\/22 &#8211; O presidente do Tribunal Superior do Trabalho (TST), Emmanoel Pereira, acompanhou, nesta ter\u00e7a-feira (16), a posse dos novos dirigentes do Tribunal Superior Eleitoral (TSE). Foram empossados os ministros Alexandre de Moraes, como presidente, e [&hellip;]\" \/>\n<meta property=\"og:url\" content=\"https:\/\/mhcalculos.com.br\/noticias\/area\/trabalhista\/tst-presidente-do-tribunal-participa-de-posse-da-nova-direcao-do-tse.html\" \/>\n<meta property=\"og:site_name\" content=\"Portal de Not\u00edcias\" \/>\n<meta property=\"article:published_time\" content=\"2022-08-17T00:18:00+00:00\" \/>\n<meta property=\"og:image\" content=\"https:\/\/mhcalculos.com.br\/noticias\/wp-content\/uploads\/sites\/2\/2022\/08\/judiciario-0005.jpg\" \/>\n\t<meta property=\"og:image:width\" content=\"2000\" \/>\n\t<meta property=\"og:image:height\" content=\"800\" \/>\n\t<meta property=\"og:image:type\" content=\"image\/jpeg\" \/>\n<meta name=\"author\" content=\"Equipe MH\" \/>\n<meta name=\"twitter:card\" content=\"summary_large_image\" \/>\n<meta name=\"twitter:label1\" content=\"Escrito por\" \/>\n\t<meta name=\"twitter:data1\" content=\"Equipe MH\" \/>\n\t<meta name=\"twitter:label2\" content=\"Est. tempo de leitura\" \/>\n\t<meta name=\"twitter:data2\" content=\"3 minutos\" \/>\n<script type=\"application\/ld+json\" class=\"yoast-schema-graph\">{\"@context\":\"https:\/\/schema.org\",\"@graph\":[{\"@type\":\"Article\",\"@id\":\"https:\/\/mhcalculos.com.br\/noticias\/area\/trabalhista\/tst-presidente-do-tribunal-participa-de-posse-da-nova-direcao-do-tse.html#article\",\"isPartOf\":{\"@id\":\"https:\/\/mhcalculos.com.br\/noticias\/area\/trabalhista\/tst-presidente-do-tribunal-participa-de-posse-da-nova-direcao-do-tse.html\"},\"author\":{\"name\":\"Equipe MH\",\"@id\":\"https:\/\/mhcalculos.com.br\/noticias\/#\/schema\/person\/88d1c34bf72dc779ea14a5a6b8e0ae8d\"},\"headline\":\"TST: Presidente do Tribunal&nbsp;participa de posse da nova dire\u00e7\u00e3o do TSE\",\"datePublished\":\"2022-08-17T00:18:00+00:00\",\"mainEntityOfPage\":{\"@id\":\"https:\/\/mhcalculos.com.br\/noticias\/area\/trabalhista\/tst-presidente-do-tribunal-participa-de-posse-da-nova-direcao-do-tse.html\"},\"wordCount\":529,\"commentCount\":0,\"image\":{\"@id\":\"https:\/\/mhcalculos.com.br\/noticias\/area\/trabalhista\/tst-presidente-do-tribunal-participa-de-posse-da-nova-direcao-do-tse.html#primaryimage\"},\"thumbnailUrl\":\"https:\/\/mhcalculos.com.br\/noticias\/wp-content\/uploads\/sites\/2\/2022\/08\/judiciario-0005.jpg\",\"keywords\":[\"c\u00e1lculos trabalhistas\",\"direito trabalhista\",\"per\u00edcia\",\"perito\",\"trabalho\",\"TST\"],\"articleSection\":[\"Direito Trabalhista\",\"TST\"],\"inLanguage\":\"pt-BR\",\"potentialAction\":[{\"@type\":\"CommentAction\",\"name\":\"Comment\",\"target\":[\"https:\/\/mhcalculos.com.br\/noticias\/area\/trabalhista\/tst-presidente-do-tribunal-participa-de-posse-da-nova-direcao-do-tse.html#respond\"]}]},{\"@type\":\"WebPage\",\"@id\":\"https:\/\/mhcalculos.com.br\/noticias\/area\/trabalhista\/tst-presidente-do-tribunal-participa-de-posse-da-nova-direcao-do-tse.html\",\"url\":\"https:\/\/mhcalculos.com.br\/noticias\/area\/trabalhista\/tst-presidente-do-tribunal-participa-de-posse-da-nova-direcao-do-tse.html\",\"name\":\"TST: Presidente do Tribunal&nbsp;participa de posse da nova dire\u00e7\u00e3o do TSE | Portal de Not\u00edcias\",\"isPartOf\":{\"@id\":\"https:\/\/mhcalculos.com.br\/noticias\/#website\"},\"primaryImageOfPage\":{\"@id\":\"https:\/\/mhcalculos.com.br\/noticias\/area\/trabalhista\/tst-presidente-do-tribunal-participa-de-posse-da-nova-direcao-do-tse.html#primaryimage\"},\"image\":{\"@id\":\"https:\/\/mhcalculos.com.br\/noticias\/area\/trabalhista\/tst-presidente-do-tribunal-participa-de-posse-da-nova-direcao-do-tse.html#primaryimage\"},\"thumbnailUrl\":\"https:\/\/mhcalculos.com.br\/noticias\/wp-content\/uploads\/sites\/2\/2022\/08\/judiciario-0005.jpg\",\"datePublished\":\"2022-08-17T00:18:00+00:00\",\"author\":{\"@id\":\"https:\/\/mhcalculos.com.br\/noticias\/#\/schema\/person\/88d1c34bf72dc779ea14a5a6b8e0ae8d\"},\"breadcrumb\":{\"@id\":\"https:\/\/mhcalculos.com.br\/noticias\/area\/trabalhista\/tst-presidente-do-tribunal-participa-de-posse-da-nova-direcao-do-tse.html#breadcrumb\"},\"inLanguage\":\"pt-BR\",\"potentialAction\":[{\"@type\":\"ReadAction\",\"target\":[\"https:\/\/mhcalculos.com.br\/noticias\/area\/trabalhista\/tst-presidente-do-tribunal-participa-de-posse-da-nova-direcao-do-tse.html\"]}]},{\"@type\":\"ImageObject\",\"inLanguage\":\"pt-BR\",\"@id\":\"https:\/\/mhcalculos.com.br\/noticias\/area\/trabalhista\/tst-presidente-do-tribunal-participa-de-posse-da-nova-direcao-do-tse.html#primaryimage\",\"url\":\"https:\/\/mhcalculos.com.br\/noticias\/wp-content\/uploads\/sites\/2\/2022\/08\/judiciario-0005.jpg\",\"contentUrl\":\"https:\/\/mhcalculos.com.br\/noticias\/wp-content\/uploads\/sites\/2\/2022\/08\/judiciario-0005.jpg\",\"width\":2000,\"height\":800},{\"@type\":\"BreadcrumbList\",\"@id\":\"https:\/\/mhcalculos.com.br\/noticias\/area\/trabalhista\/tst-presidente-do-tribunal-participa-de-posse-da-nova-direcao-do-tse.html#breadcrumb\",\"itemListElement\":[{\"@type\":\"ListItem\",\"position\":1,\"name\":\"In\u00edcio\",\"item\":\"https:\/\/mhcalculos.com.br\/noticias\/\"},{\"@type\":\"ListItem\",\"position\":2,\"name\":\"TST: Presidente do Tribunal&nbsp;participa de posse da nova dire\u00e7\u00e3o do TSE\"}]},{\"@type\":\"WebSite\",\"@id\":\"https:\/\/mhcalculos.com.br\/noticias\/#website\",\"url\":\"https:\/\/mhcalculos.com.br\/noticias\/\",\"name\":\"Portal de Not\u00edcias\",\"description\":\"Not\u00edcias e Jurisprud\u00eancia\",\"potentialAction\":[{\"@type\":\"SearchAction\",\"target\":{\"@type\":\"EntryPoint\",\"urlTemplate\":\"https:\/\/mhcalculos.com.br\/noticias\/?s={search_term_string}\"},\"query-input\":{\"@type\":\"PropertyValueSpecification\",\"valueRequired\":true,\"valueName\":\"search_term_string\"}}],\"inLanguage\":\"pt-BR\"},{\"@type\":\"Person\",\"@id\":\"https:\/\/mhcalculos.com.br\/noticias\/#\/schema\/person\/88d1c34bf72dc779ea14a5a6b8e0ae8d\",\"name\":\"Equipe MH\",\"image\":{\"@type\":\"ImageObject\",\"inLanguage\":\"pt-BR\",\"@id\":\"https:\/\/secure.gravatar.com\/avatar\/de1c686c2ecc9c5a3f327e3431d819eb39f8f05d4e1045f5a1caad6daaba987f?s=96&d=mm&r=g\",\"url\":\"https:\/\/secure.gravatar.com\/avatar\/de1c686c2ecc9c5a3f327e3431d819eb39f8f05d4e1045f5a1caad6daaba987f?s=96&d=mm&r=g\",\"contentUrl\":\"https:\/\/secure.gravatar.com\/avatar\/de1c686c2ecc9c5a3f327e3431d819eb39f8f05d4e1045f5a1caad6daaba987f?s=96&d=mm&r=g\",\"caption\":\"Equipe MH\"}}]}<\/script>\n<!-- \/ Yoast SEO plugin. -->","yoast_head_json":{"title":"TST: Presidente do Tribunal&nbsp;participa de posse da nova dire\u00e7\u00e3o do TSE | Portal de Not\u00edcias","robots":{"index":"index","follow":"follow","max-snippet":"max-snippet:-1","max-image-preview":"max-image-preview:large","max-video-preview":"max-video-preview:-1"},"canonical":"https:\/\/mhcalculos.com.br\/noticias\/area\/trabalhista\/tst-presidente-do-tribunal-participa-de-posse-da-nova-direcao-do-tse.html","og_locale":"pt_BR","og_type":"article","og_title":"TST: Presidente do Tribunal&nbsp;participa de posse da nova dire\u00e7\u00e3o do TSE | Portal de Not\u00edcias","og_description":"Ministro Emmanoel Pereira acompanhou a cerim\u00f4nia nesta ter\u00e7a-feira (16) Posse da nova dire\u00e7\u00e3o do Tribunal Superior Eleitoral. Foto: Secom\/TSE 16\/08\/22 &#8211; O presidente do Tribunal Superior do Trabalho (TST), Emmanoel Pereira, acompanhou, nesta ter\u00e7a-feira (16), a posse dos novos dirigentes do Tribunal Superior Eleitoral (TSE). Foram empossados os ministros Alexandre de Moraes, como presidente, e [&hellip;]","og_url":"https:\/\/mhcalculos.com.br\/noticias\/area\/trabalhista\/tst-presidente-do-tribunal-participa-de-posse-da-nova-direcao-do-tse.html","og_site_name":"Portal de Not\u00edcias","article_published_time":"2022-08-17T00:18:00+00:00","og_image":[{"width":2000,"height":800,"url":"https:\/\/mhcalculos.com.br\/noticias\/wp-content\/uploads\/sites\/2\/2022\/08\/judiciario-0005.jpg","type":"image\/jpeg"}],"author":"Equipe MH","twitter_card":"summary_large_image","twitter_misc":{"Escrito por":"Equipe MH","Est. tempo de leitura":"3 minutos"},"schema":{"@context":"https:\/\/schema.org","@graph":[{"@type":"Article","@id":"https:\/\/mhcalculos.com.br\/noticias\/area\/trabalhista\/tst-presidente-do-tribunal-participa-de-posse-da-nova-direcao-do-tse.html#article","isPartOf":{"@id":"https:\/\/mhcalculos.com.br\/noticias\/area\/trabalhista\/tst-presidente-do-tribunal-participa-de-posse-da-nova-direcao-do-tse.html"},"author":{"name":"Equipe MH","@id":"https:\/\/mhcalculos.com.br\/noticias\/#\/schema\/person\/88d1c34bf72dc779ea14a5a6b8e0ae8d"},"headline":"TST: Presidente do Tribunal&nbsp;participa de posse da nova dire\u00e7\u00e3o do TSE","datePublished":"2022-08-17T00:18:00+00:00","mainEntityOfPage":{"@id":"https:\/\/mhcalculos.com.br\/noticias\/area\/trabalhista\/tst-presidente-do-tribunal-participa-de-posse-da-nova-direcao-do-tse.html"},"wordCount":529,"commentCount":0,"image":{"@id":"https:\/\/mhcalculos.com.br\/noticias\/area\/trabalhista\/tst-presidente-do-tribunal-participa-de-posse-da-nova-direcao-do-tse.html#primaryimage"},"thumbnailUrl":"https:\/\/mhcalculos.com.br\/noticias\/wp-content\/uploads\/sites\/2\/2022\/08\/judiciario-0005.jpg","keywords":["c\u00e1lculos trabalhistas","direito trabalhista","per\u00edcia","perito","trabalho","TST"],"articleSection":["Direito Trabalhista","TST"],"inLanguage":"pt-BR","potentialAction":[{"@type":"CommentAction","name":"Comment","target":["https:\/\/mhcalculos.com.br\/noticias\/area\/trabalhista\/tst-presidente-do-tribunal-participa-de-posse-da-nova-direcao-do-tse.html#respond"]}]},{"@type":"WebPage","@id":"https:\/\/mhcalculos.com.br\/noticias\/area\/trabalhista\/tst-presidente-do-tribunal-participa-de-posse-da-nova-direcao-do-tse.html","url":"https:\/\/mhcalculos.com.br\/noticias\/area\/trabalhista\/tst-presidente-do-tribunal-participa-de-posse-da-nova-direcao-do-tse.html","name":"TST: Presidente do Tribunal&nbsp;participa de posse da nova dire\u00e7\u00e3o do TSE | Portal de Not\u00edcias","isPartOf":{"@id":"https:\/\/mhcalculos.com.br\/noticias\/#website"},"primaryImageOfPage":{"@id":"https:\/\/mhcalculos.com.br\/noticias\/area\/trabalhista\/tst-presidente-do-tribunal-participa-de-posse-da-nova-direcao-do-tse.html#primaryimage"},"image":{"@id":"https:\/\/mhcalculos.com.br\/noticias\/area\/trabalhista\/tst-presidente-do-tribunal-participa-de-posse-da-nova-direcao-do-tse.html#primaryimage"},"thumbnailUrl":"https:\/\/mhcalculos.com.br\/noticias\/wp-content\/uploads\/sites\/2\/2022\/08\/judiciario-0005.jpg","datePublished":"2022-08-17T00:18:00+00:00","author":{"@id":"https:\/\/mhcalculos.com.br\/noticias\/#\/schema\/person\/88d1c34bf72dc779ea14a5a6b8e0ae8d"},"breadcrumb":{"@id":"https:\/\/mhcalculos.com.br\/noticias\/area\/trabalhista\/tst-presidente-do-tribunal-participa-de-posse-da-nova-direcao-do-tse.html#breadcrumb"},"inLanguage":"pt-BR","potentialAction":[{"@type":"ReadAction","target":["https:\/\/mhcalculos.com.br\/noticias\/area\/trabalhista\/tst-presidente-do-tribunal-participa-de-posse-da-nova-direcao-do-tse.html"]}]},{"@type":"ImageObject","inLanguage":"pt-BR","@id":"https:\/\/mhcalculos.com.br\/noticias\/area\/trabalhista\/tst-presidente-do-tribunal-participa-de-posse-da-nova-direcao-do-tse.html#primaryimage","url":"https:\/\/mhcalculos.com.br\/noticias\/wp-content\/uploads\/sites\/2\/2022\/08\/judiciario-0005.jpg","contentUrl":"https:\/\/mhcalculos.com.br\/noticias\/wp-content\/uploads\/sites\/2\/2022\/08\/judiciario-0005.jpg","width":2000,"height":800},{"@type":"BreadcrumbList","@id":"https:\/\/mhcalculos.com.br\/noticias\/area\/trabalhista\/tst-presidente-do-tribunal-participa-de-posse-da-nova-direcao-do-tse.html#breadcrumb","itemListElement":[{"@type":"ListItem","position":1,"name":"In\u00edcio","item":"https:\/\/mhcalculos.com.br\/noticias\/"},{"@type":"ListItem","position":2,"name":"TST: Presidente do Tribunal&nbsp;participa de posse da nova dire\u00e7\u00e3o do TSE"}]},{"@type":"WebSite","@id":"https:\/\/mhcalculos.com.br\/noticias\/#website","url":"https:\/\/mhcalculos.com.br\/noticias\/","name":"Portal de Not\u00edcias","description":"Not\u00edcias e Jurisprud\u00eancia","potentialAction":[{"@type":"SearchAction","target":{"@type":"EntryPoint","urlTemplate":"https:\/\/mhcalculos.com.br\/noticias\/?s={search_term_string}"},"query-input":{"@type":"PropertyValueSpecification","valueRequired":true,"valueName":"search_term_string"}}],"inLanguage":"pt-BR"},{"@type":"Person","@id":"https:\/\/mhcalculos.com.br\/noticias\/#\/schema\/person\/88d1c34bf72dc779ea14a5a6b8e0ae8d","name":"Equipe MH","image":{"@type":"ImageObject","inLanguage":"pt-BR","@id":"https:\/\/secure.gravatar.com\/avatar\/de1c686c2ecc9c5a3f327e3431d819eb39f8f05d4e1045f5a1caad6daaba987f?s=96&d=mm&r=g","url":"https:\/\/secure.gravatar.com\/avatar\/de1c686c2ecc9c5a3f327e3431d819eb39f8f05d4e1045f5a1caad6daaba987f?s=96&d=mm&r=g","contentUrl":"https:\/\/secure.gravatar.com\/avatar\/de1c686c2ecc9c5a3f327e3431d819eb39f8f05d4e1045f5a1caad6daaba987f?s=96&d=mm&r=g","caption":"Equipe MH"}}]}},"_links":{"self":[{"href":"https:\/\/mhcalculos.com.br\/noticias\/wp-json\/wp\/v2\/posts\/11567","targetHints":{"allow":["GET"]}}],"collection":[{"href":"https:\/\/mhcalculos.com.br\/noticias\/wp-json\/wp\/v2\/posts"}],"about":[{"href":"https:\/\/mhcalculos.com.br\/noticias\/wp-json\/wp\/v2\/types\/post"}],"author":[{"embeddable":true,"href":"https:\/\/mhcalculos.com.br\/noticias\/wp-json\/wp\/v2\/users\/3063"}],"replies":[{"embeddable":true,"href":"https:\/\/mhcalculos.com.br\/noticias\/wp-json\/wp\/v2\/comments?post=11567"}],"version-history":[{"count":0,"href":"https:\/\/mhcalculos.com.br\/noticias\/wp-json\/wp\/v2\/posts\/11567\/revisions"}],"wp:featuredmedia":[{"embeddable":true,"href":"https:\/\/mhcalculos.com.br\/noticias\/wp-json\/wp\/v2\/media\/11568"}],"wp:attachment":[{"href":"https:\/\/mhcalculos.com.br\/noticias\/wp-json\/wp\/v2\/media?parent=11567"}],"wp:term":[{"taxonomy":"category","embeddable":true,"href":"https:\/\/mhcalculos.com.br\/noticias\/wp-json\/wp\/v2\/categories?post=11567"},{"taxonomy":"post_tag","embeddable":true,"href":"https:\/\/mhcalculos.com.br\/noticias\/wp-json\/wp\/v2\/tags?post=11567"}],"curies":[{"name":"wp","href":"https:\/\/api.w.org\/{rel}","templated":true}]}}